{"id":13513,"date":"2023-02-20T15:36:26","date_gmt":"2023-02-20T14:36:26","guid":{"rendered":"https:\/\/archiv.siov.sk\/?p=13513"},"modified":"2023-02-20T15:36:26","modified_gmt":"2023-02-20T14:36:26","slug":"februarovy-veltrh-a-kontraktacne-dni-cvicnych-firiem","status":"publish","type":"post","link":"https:\/\/archiv.siov.sk\/en\/februarovy-veltrh-a-kontraktacne-dni-cvicnych-firiem\/","title":{"rendered":"Febru\u00e1rov\u00fd ve\u013etrh a kontrakta\u010dn\u00e9 dni cvi\u010dn\u00fdch firiem"},"content":{"rendered":"<p style=\"text-align: center;\"><strong>Dvan\u00e1sty kontrakta\u010dn\u00fd de\u0148 cvi\u010dn\u00fdch firiem v \u0160ali<\/strong><\/p>\n<p><strong>&nbsp;<\/strong><\/p>\n<p style=\"text-align: justify;\">Kontrakta\u010dn\u00fd de\u0148 cvi\u010dn\u00fdch firiem v&nbsp;\u0160ali bol napl\u00e1novan\u00fd na 9. febru\u00e1r. Mal sa uskuto\u010dni\u0165 prezen\u010dnou formou, ale \u017eia\u013e n\u00edzky po\u010det prihl\u00e1sen\u00fdch cvi\u010dn\u00fdch firiem z&nbsp;d\u00f4vodu zv\u00fd\u0161enej chorobnosti det\u00ed n\u00e1s don\u00fatil t\u00fato akciu zru\u0161i\u0165.&nbsp; Materi\u00e1ly do s\u00fa\u0165a\u017en\u00fdch kateg\u00f3ri\u00ed \u201eLet\u00e1k\u201c, \u201eInstagram post\u201ca&nbsp; \u201eE-prezent\u00e1cia\u201c n\u00e1m poslalo \u0161estn\u00e1s\u0165 cvi\u010dn\u00fdch firiem a&nbsp;linky na &nbsp;\u201eWeb a e-shop\u201c dve firmy. Preto sme sa rozhodli vyhodnoti\u0165 aspo\u0148 tieto s\u00fa\u0165a\u017en\u00e9 discipl\u00edny. Odmeny v\u00fdhercom bud\u00fa zaslan\u00e9 po\u0161tou.<\/p>\n<p>S\u00fa\u0165a\u017en\u00e9 discipl\u00edny:<\/p>\n<p><strong>Let\u00e1k:<\/strong><\/p>\n<ol>\n<li><strong>3BE STAV , SO\u0160 Nitra<\/strong><\/li>\n<li><strong>SCOOBY- ps\u00ed hotel , SO\u0160 chemick\u00e1 , Hlohovec<\/strong><\/li>\n<li><strong>SYZYGY s.r.o., SO\u0160 hotelov\u00fdch slu\u017eieb a obchodu, Nov\u00e9 Z\u00e1mky<\/strong><\/li>\n<\/ol>\n<p><strong>&nbsp;<\/strong><strong>Instagram:<\/strong><\/p>\n<ol>\n<li><strong>SCOOBY- ps\u00ed hotel , SO\u0160 chemick\u00e1 , Hlohovec<\/strong><\/li>\n<li><strong>SweetRoad r.o.,OA Zlat\u00e9 Moravce<\/strong><\/li>\n<li><strong>WineTime s.r.o., OA Nitra<\/strong><\/li>\n<\/ol>\n<p><strong>&nbsp;<\/strong><strong>E-prezent\u00e1cia:<\/strong><\/p>\n<ol>\n<li><strong>Pr\u00edboryDoBru\u0161ka s.r.o.,OA Levice<\/strong><\/li>\n<li><strong>SCOOBY- ps\u00ed hotel , SO\u0160 chemick\u00e1 , Hlohovec<\/strong><\/li>\n<li><strong>3BE STAV , SO\u0160 Nitra<\/strong><\/li>\n<\/ol>\n<p><strong>&nbsp;<\/strong><strong>Web a e-shop<\/strong><strong>:<\/strong><\/p>\n<ol>\n<li><strong>PhotoHub, s.r.o.,S\u0160, o.z.: OA \u0160a\u013ea<\/strong><\/li>\n<li><strong>SweetRoad r.o.,OA Zlat\u00e9 Moravce<\/strong><\/li>\n<\/ol>\n<p><strong>&nbsp;<\/strong>V\u0161etk\u00fdm z\u00fa\u010dastnen\u00fdm firm\u00e1m \u010fakujeme za podporu a d\u00fafame, \u017ee bud\u00faci rok bude situ\u00e1cia lep\u0161ia a kontrakta\u010dn\u00fd de\u0148&nbsp;zrealizujeme.<\/p>\n<p>&nbsp;<\/p>\n<p style=\"text-align: center;\"><strong>P\u00e4tn\u00e1sty ro\u010dn\u00edk tradi\u010dn\u00e9ho ve\u013etrhu cvi\u010dn\u00fdch firiem na OA Vranov nad Top\u013eou<\/strong><\/p>\n<p>&nbsp;<\/p>\n<p>Obchodn\u00e1 akad\u00e9mia vo Vranove nad Top\u013eou usporiadala 10. febru\u00e1ra u\u017e 15. ro\u010dn\u00edk Tradi\u010dn\u00e9ho ve\u013etrhu cvi\u010dn\u00fdch firiem, ktor\u00fd bol spojen\u00fd s D\u0148om otvoren\u00fdch dver\u00ed.<\/p>\n<p style=\"text-align: justify;\">Na p\u00f4de \u0161koly prebehli otvoren\u00e9 vyu\u010dovacie hodiny, disemin\u00e1cia programu Erasmus+, beseda s \u00faspe\u0161n\u00fdmi absolventmi \u0161koly, predstavili sme du\u00e1lne vzdel\u00e1vanie a deviatakov previedli priestormi \u0161koly. Odborn\u00e9 predn\u00e1\u0161ky vzbudili ve\u013ek\u00fd z\u00e1ujem \u017eiakov stredn\u00fdch \u0161k\u00f4l i deviatakov zo z\u00e1kladn\u00fdch \u0161k\u00f4l vranovsk\u00e9ho okresu. Na ve\u013etrhu sa z\u00fa\u010dastnili aj hostia &#8211; Martin Men\u0161\u00edk (marketingov\u00fd mana\u017e\u00e9r spolo\u010dnosti Profesia), Dr. h. c. prof. RNDr. Michal Tk\u00e1\u010d, CSc. (dekan Podnikovohospod\u00e1rskej fakulty Ekonomickej univerzity v Bratislave so s\u00eddlom v Ko\u0161iciach) a Ing. Radek Maxa, Ph.D. (garant a koordin\u00e1tor projektu Metropolitn\u00ed univerzitn\u00ed banky, Katedra medzin\u00e1rodn\u00e9ho obchodu Metropolitnej univerzity v Prahe). Organiz\u00e1tori priv\u00edtali aj pedag\u00f3gov a \u017eiakov zo \u0161koly Zesp\u00f3\u0142 Szk\u00f3\u0142 nr 1 im. Karola Adamieckiego v po\u013eskom Sanoku.<\/p>\n<p>Cie\u013eom stretnutia bola podpora vz\u00e1jomnej spolupr\u00e1ce \u0161k\u00f4l v r\u00e1mci programu Erasmus+. S\u00fa\u010das\u0165ou ve\u013etrhu boli aj s\u00fa\u0165a\u017ee. Dvan\u00e1s\u0165 cvi\u010dn\u00fdch firiem s\u00fa\u0165a\u017eilo v kateg\u00f3ri\u00e1ch &#8211; TOP cvi\u010dn\u00e1 firma ve\u013etrhu, Najlep\u0161ia cvi\u010dn\u00e1 firma, Najlep\u0161\u00ed st\u00e1nok , Najlep\u0161ia elektronick\u00e1 prezent\u00e1cia, Najlep\u0161\u00ed katal\u00f3g, Najlep\u0161ie logo a slogan, Najlep\u0161\u00ed reprezentant\/tka.<\/p>\n<p>&nbsp;<\/p>\n<ol start=\"15\">\n<li>ro\u010dn\u00edk ve\u013etrhu u\u017e pozn\u00e1 svojich v\u00ed\u0165azov:<\/li>\n<\/ol>\n<p>&nbsp;<\/p>\n<ul>\n<li><strong>TOP cvi\u010dn\u00e1 firma ve\u013etrhu <\/strong>\u2013 EverGreen, s. r. o. \u2013 predmetom podnikania CF je pestovanie a predaj mikrozeleniny, pod odborn\u00fdm veden\u00edm Ing. Martiny Sirn\u00edkovej, OA Vranov nad Top\u013eou,<\/li>\n<li><strong>Najlep\u0161ia cvi\u010dn\u00e1 firma \u2013 1. miesto <\/strong>&#8211; CO&amp;COCOA, s. r. o. \u2013 predmetom podnikania CF je v\u00fdroba a predaj \u010dokol\u00e1dy a produktov z \u010dokol\u00e1dy, pod odborn\u00fdm veden\u00edm Ing. \u013dubice Smolejovej, OA Vranov nad Top\u013eou,<\/li>\n<li><strong>Najlep\u0161ia cvi\u010dn\u00e1 firma \u2013 2. miesto <\/strong>&#8211; EverGreen, s. r. o. \u2013 predmetom podnikania CF je pestovanie a predaj mikrozeleniny, pod odborn\u00fdm veden\u00edm Ing. Martiny Sirn\u00edkovej, OA Vranov nad Top\u013eou,<\/li>\n<li><strong>Najlep\u0161ia cvi\u010dn\u00e1 firma \u2013 3. miesto <\/strong>\u2013 Organic-Oil, s. r. o. \u2013 predmetom podnikania je v\u00fdroba a predaj lisovan\u00fdch olejov za studena, pod odborn\u00fdm veden\u00edm Ing. Daniely Sabolovej, OA Vranov nad Top\u013eou,<\/li>\n<li><strong>Najlep\u0161\u00ed st\u00e1nok <\/strong>&#8211; Organic-Oil, s. r. o., OA Vranov n. T.,<\/li>\n<li><strong>Najlep\u0161ia elektronick\u00e1 prezent\u00e1cia <\/strong>&#8211; EverGreen, s. r. o., OA Vranov n. T.,<\/li>\n<li><strong>Najlep\u0161\u00ed katal\u00f3g <\/strong>\u2013 SHAPE, s. r. o., OA Poprad,<\/li>\n<li><strong>Najlep\u0161ie logo a slogan <\/strong>\u2013 CARIA, s. r. o., SO\u0160 Giraltovce,<\/li>\n<li><strong>Najlep\u0161ia reprezentantka <\/strong>\u2013 Vikt\u00f3ria Kleinov\u00e1 \u2013 reprezentantka CF CO&amp;COCOA, s. r. o., OA Vranov n. Top\u013eou<strong>&nbsp; &nbsp; &nbsp; &nbsp; &nbsp; &nbsp; &nbsp; &nbsp; &nbsp; &nbsp; &nbsp; &nbsp;<\/strong><\/li>\n<\/ul>\n<p>&nbsp;<\/p>\n<p style=\"text-align: center;\"><strong>\u0160trn\u00e1sty kontrakta\u010dn\u00fd de\u0148 cvi\u010dn\u00fdch firiem Slovensko v\u00fdchod <\/strong><\/p>\n<p>Kontrakta\u010dn\u00fd de\u0148 cvi\u010dn\u00fdch firiem Slovensko v\u00fdchod, ktor\u00fd pripravila&nbsp; Obchodn\u00e1 akad\u00e9mia Murga\u0161ova, Poprad v partnerstve so \u0160t\u00e1tnym in\u0161tit\u00fatom odborn\u00e9ho vzdel\u00e1vania, Slovensk\u00fdm centrom cvi\u010dn\u00fdch firiem, sa uskuto\u010dnil 15. febru\u00e1ra a z\u00fa\u010dastnilo sa ho dvan\u00e1s\u0165 cvi\u010dn\u00fdch firiem:<\/p>\n<p>CF Minit, s. r. o., OA, Watsonova 61, Ko\u0161ice<\/p>\n<p>CF V\u010delia farma Slnovrat, s. r. o., OA Ro\u017e\u0148ava<\/p>\n<p>CF iSalt, s. r. o., OA Vranov nad Top\u013eou<\/p>\n<p>CF GOLDEN EYE, s. r. o., OA Levice<\/p>\n<p>CF YOJO, s. r. o., SO\u0160 automobilov\u00e1 a podnikania, Senec<\/p>\n<p>CF DENIM, s. r. o., SO\u0160 pre \u017eiakov so ZPI, Levo\u010da<\/p>\n<p>CF TOPFOTO, s. r. o., SO\u0160 slu\u017eieb Ko\u0161ice,<\/p>\n<p>&nbsp;4 CF z OA Poprad \u2013 TRIESKA, s. r. o., Styling and Selling, s. r. o., SHAPE, s. r. o., Speedy Gifts, s. r. o. a 1 \u0161tudentsk\u00e1 firma FIGO.<\/p>\n<p style=\"text-align: justify;\">Z\u00fa\u010dastnili sa ho aj v\u00fdznamn\u00ed hostia Ing. Peter Litavec, CSc. \u2013 riadite\u013e Region\u00e1lneho poradensk\u00e9ho a informa\u010dn\u00e9ho centra Poprad, Europe Direct Poprad, Ing. Rudolf \u0160er\u00fd, riadite\u013e Akad\u00e9mie vzdel\u00e1vania Poprad a Ing. Gabriela Horeck\u00e1, ved\u00faca odboru finan\u010dnej gramotnosti, SCCF a podpory smerovania ml\u00e1de\u017ee zo \u0160t\u00e1tneho in\u0161tit\u00fatu odborn\u00e9ho vzdel\u00e1vania Bratislava.<\/p>\n<p>Cvi\u010dn\u00e9 firmy sa v\u00fdborne pripravili. V\u00fdstavn\u00e9 st\u00e1nky, propaga\u010dn\u00e9 materi\u00e1ly, elektronick\u00e9 prezent\u00e1cie mali na vysokej \u00farovni a ve\u013emi dobre prezentovali svoju \u010dinnos\u0165 aj na s\u00fa\u0165a\u017eiach cvi\u010dn\u00fdch firiem v&nbsp;kateg\u00f3ri\u00e1ch:<\/p>\n<p>&nbsp;NAJ V\u00ddSTAVN\u00dd ST\u00c1NOK<\/p>\n<p>&nbsp;<\/p>\n<table>\n<tbody>\n<tr>\n<td width=\"83\">&nbsp;1.<\/td>\n<td width=\"423\">iSalt, s. r. o., Obchodn\u00e1 akad\u00e9mia, Daxnerova 88, Vranov nad Top\u013eou<\/td>\n<\/tr>\n<tr>\n<td width=\"83\">&nbsp;2.<\/td>\n<td width=\"423\">Styling and Selling, s. r. o., Obchodn\u00e1 akad\u00e9mia, Murga\u0161ova 94, Poprad<\/td>\n<\/tr>\n<tr>\n<td width=\"83\">&nbsp;3.<\/td>\n<td width=\"423\">SHAPE, s. r. o., Obchodn\u00e1 akad\u00e9mia, Murga\u0161ova 94, Poprad<\/td>\n<\/tr>\n<\/tbody>\n<\/table>\n<p>&nbsp;<\/p>\n<p>NAJ MANA\u017d\u00c9RSKY T\u00cdM<\/p>\n<p>&nbsp;<\/p>\n<table>\n<tbody>\n<tr>\n<td width=\"83\">&nbsp;1.<\/td>\n<td width=\"493\">Speedy Gifts, s. r. o., Obchodn\u00e1 akad\u00e9mia, Murga\u0161ova 94, Poprad<\/td>\n<\/tr>\n<tr>\n<td width=\"83\">&nbsp;2.<\/td>\n<td width=\"493\">V\u010delia farma Slnovrat, s. r. o., Obchodn\u00e1 akad\u00e9mia, Akademika Hronca 8, Ro\u017e\u0148ava<\/td>\n<\/tr>\n<tr>\n<td width=\"83\">&nbsp;3.<\/td>\n<td width=\"493\">iSalt, s. r. o., Obchodn\u00e1 akad\u00e9mia, Daxnerova 88, Vranov nad Top\u013eou<\/td>\n<\/tr>\n<\/tbody>\n<\/table>\n<p>&nbsp;<\/p>\n<p>NAJ KATAL\u00d3G<\/p>\n<p>&nbsp;<\/p>\n<table>\n<tbody>\n<tr>\n<td width=\"83\">&nbsp;1.<\/td>\n<td width=\"419\">YOJO, s. r. o., SO\u0160 automobilov\u00e1 a podnikania, Kysuck\u00e1 14, Senec<\/td>\n<\/tr>\n<tr>\n<td width=\"83\">&nbsp;2.<\/td>\n<td width=\"419\">SHAPE, s. r. o., Obchodn\u00e1 akad\u00e9mia, Murga\u0161ova 94, Poprad<\/td>\n<\/tr>\n<tr>\n<td width=\"83\">&nbsp;3.<\/td>\n<td width=\"419\">DENIM, s. r. o., SO\u0160 pre \u017eiakov so ZPI, N\u00e1m. \u0160tefana Kluberta 1, Levo\u010da<\/td>\n<\/tr>\n<\/tbody>\n<\/table>\n<p>&nbsp;<\/p>\n<p>NAJ ELEKTRONICK\u00c1 PREZENT\u00c1CIA<\/p>\n<p>&nbsp;<\/p>\n<table>\n<tbody>\n<tr>\n<td width=\"121\">&nbsp;1.<\/td>\n<td width=\"455\">GOLDEN EYE, s. r. o., Obchodn\u00e1 akad\u00e9mia, Ul. K\u00e1lm\u00e1na Kittenbergera 2, Levice<\/td>\n<\/tr>\n<tr>\n<td width=\"121\">2.<\/td>\n<td width=\"455\">V\u010delia farma Slnovrat, s. r. o., Obchodn\u00e1 akad\u00e9mia, Akademika Hronca 8, Ro\u017e\u0148ava<\/td>\n<\/tr>\n<tr>\n<td width=\"121\">3.<\/td>\n<td width=\"455\">SHAPE, s. r. o., Obchodn\u00e1 akad\u00e9mia, Murga\u0161ova 94, Poprad<\/td>\n<\/tr>\n<\/tbody>\n<\/table>\n<p>Mimoriadnu cenu \u2013 NAJ PREDAJCA, NAJ REPREZENTANT cvi\u010dnej firmy z\u00edskal:<\/p>\n<p>Kristi\u00e1n Kraj\u010d\u00edk z III. A triedy, CF Speedy Gifts, s. r. o., OA Poprad.<\/p>\n<p>&nbsp;<\/p>\n<p style=\"text-align: justify;\">Ako to na Obchodnej akad\u00e9mii v Poprade po\u010das Kontrakta\u010dn\u00e9ho d\u0148a cvi\u010dn\u00fdch firiem si m\u00f4\u017eete pozrie\u0165 <a href=\"https:\/\/www.youtube.com\/watch?v=B5JUp9YyG_I\">TU<\/a><\/p>\n<p style=\"text-align: justify;\">V\u0161etk\u00fdm z\u00fa\u010dastnen\u00fdm srde\u010dne gratulujeme a v\u00ed\u0165azn\u00fdm cvi\u010dn\u00fdm firm\u00e1m blaho\u017eel\u00e1me k dosiahnut\u00fdm v\u00fdsledkom, \u010fakujeme za vzorn\u00fa reprezent\u00e1ciu a prajeme ve\u013ea \u00faspechov.<\/p>\n<p>&nbsp;<\/p>","protected":false},"excerpt":{"rendered":"<p>Dvan\u00e1sty kontrakta\u010dn\u00fd de\u0148 cvi\u010dn\u00fdch firiem v \u0160ali &nbsp; Kontrakta\u010dn\u00fd de\u0148 cvi\u010dn\u00fdch firiem v&nbsp;\u0160ali bol napl\u00e1novan\u00fd na 9. febru\u00e1r. Mal sa uskuto\u010dni\u0165 prezen\u010dnou formou, ale \u017eia\u013e n\u00edzky po\u010det prihl\u00e1sen\u00fdch cvi\u010dn\u00fdch firiem z&nbsp;d\u00f4vodu zv\u00fd\u0161enej chorobnosti det\u00ed n\u00e1s don\u00fatil t\u00fato akciu zru\u0161i\u0165.&nbsp; Materi\u00e1ly do s\u00fa\u0165a\u017en\u00fdch kateg\u00f3ri\u00ed \u201eLet\u00e1k\u201c, \u201eInstagram post\u201ca&nbsp; \u201eE-prezent\u00e1cia\u201c n\u00e1m poslalo \u0161estn\u00e1s\u0165 cvi\u010dn\u00fdch firiem a&nbsp;linky na &nbsp;\u201eWeb [&hellip;]<\/p>\n","protected":false},"author":6,"featured_media":2331,"comment_status":"closed","ping_status":"closed","sticky":false,"template":"","format":"standard","meta":{"site-sidebar-layout":"default","site-content-layout":"default","ast-site-content-layout":"default","site-content-style":"default","site-sidebar-style":"default","ast-global-header-display":"","ast-banner-title-visibility":"","ast-main-header-display":"","ast-hfb-above-header-display":"","ast-hfb-below-header-display":"","ast-hfb-mobile-header-display":"","site-post-title":"","ast-breadcrumbs-content":"","ast-featured-img":"","footer-sml-layout":"","ast-disable-related-posts":"","theme-transparent-header-meta":"default","adv-header-id-meta":"","stick-header-meta":"","header-above-stick-meta":"","header-main-stick-meta":"","header-below-stick-meta":"","astra-migrate-meta-layouts":"default","ast-page-background-enabled":"default","ast-page-background-meta":{"desktop":{"background-color":"var(--ast-global-color-4)","background-image":"","background-repeat":"repeat","background-position":"center center","background-size":"auto","background-attachment":"scroll","background-type":"","background-media":"","overlay-type":"","overlay-color":"","overlay-opacity":"","overlay-gradient":""},"tablet":{"background-color":"","background-image":"","background-repeat":"repeat","background-position":"center center","background-size":"auto","background-attachment":"scroll","background-type":"","background-media":"","overlay-type":"","overlay-color":"","overlay-opacity":"","overlay-gradient":""},"mobile":{"background-color":"","background-image":"","background-repeat":"repeat","background-position":"center center","background-size":"auto","background-attachment":"scroll","background-type":"","background-media":"","overlay-type":"","overlay-color":"","overlay-opacity":"","overlay-gradient":""}},"ast-content-background-meta":{"desktop":{"background-color":"var(--ast-global-color-5)","background-image":"","background-repeat":"repeat","background-position":"center center","background-size":"auto","background-attachment":"scroll","background-type":"","background-media":"","overlay-type":"","overlay-color":"","overlay-opacity":"","overlay-gradient":""},"tablet":{"background-color":"var(--ast-global-color-5)","background-image":"","background-repeat":"repeat","background-position":"center center","background-size":"auto","background-attachment":"scroll","background-type":"","background-media":"","overlay-type":"","overlay-color":"","overlay-opacity":"","overlay-gradient":""},"mobile":{"background-color":"var(--ast-global-color-5)","background-image":"","background-repeat":"repeat","background-position":"center center","background-size":"auto","background-attachment":"scroll","background-type":"","background-media":"","overlay-type":"","overlay-color":"","overlay-opacity":"","overlay-gradient":""}},"footnotes":""},"categories":[1],"tags":[],"class_list":["post-13513","post","type-post","status-publish","format-standard","has-post-thumbnail","hentry","category-aktuality"],"yoast_head":"<!-- This site is optimized with the Yoast SEO plugin v27.5 - https:\/\/yoast.com\/product\/yoast-seo-wordpress\/ -->\n<title>Febru\u00e1rov\u00fd ve\u013etrh a kontrakta\u010dn\u00e9 dni cvi\u010dn\u00fdch firiem - \u0160IOV - \u0161t\u00e1tny in\u0161tit\u00fat odborn\u00e9ho vzdel\u00e1vania<\/title>\n<meta name=\"robots\" content=\"index, follow, max-snippet:-1, max-image-preview:large, max-video-preview:-1\" \/>\n<link rel=\"canonical\" href=\"https:\/\/archiv.siov.sk\/en\/februarovy-veltrh-a-kontraktacne-dni-cvicnych-firiem\/\" \/>\n<meta property=\"og:locale\" content=\"en_GB\" \/>\n<meta property=\"og:type\" content=\"article\" \/>\n<meta property=\"og:title\" content=\"Febru\u00e1rov\u00fd ve\u013etrh a kontrakta\u010dn\u00e9 dni cvi\u010dn\u00fdch firiem - \u0160IOV - \u0161t\u00e1tny in\u0161tit\u00fat odborn\u00e9ho vzdel\u00e1vania\" \/>\n<meta property=\"og:description\" content=\"Dvan\u00e1sty kontrakta\u010dn\u00fd de\u0148 cvi\u010dn\u00fdch firiem v \u0160ali &nbsp; Kontrakta\u010dn\u00fd de\u0148 cvi\u010dn\u00fdch firiem v&nbsp;\u0160ali bol napl\u00e1novan\u00fd na 9. febru\u00e1r. Mal sa uskuto\u010dni\u0165 prezen\u010dnou formou, ale \u017eia\u013e n\u00edzky po\u010det prihl\u00e1sen\u00fdch cvi\u010dn\u00fdch firiem z&nbsp;d\u00f4vodu zv\u00fd\u0161enej chorobnosti det\u00ed n\u00e1s don\u00fatil t\u00fato akciu zru\u0161i\u0165.&nbsp; Materi\u00e1ly do s\u00fa\u0165a\u017en\u00fdch kateg\u00f3ri\u00ed \u201eLet\u00e1k\u201c, \u201eInstagram post\u201ca&nbsp; \u201eE-prezent\u00e1cia\u201c n\u00e1m poslalo \u0161estn\u00e1s\u0165 cvi\u010dn\u00fdch firiem a&nbsp;linky na &nbsp;\u201eWeb [&hellip;]\" \/>\n<meta property=\"og:url\" content=\"https:\/\/archiv.siov.sk\/en\/februarovy-veltrh-a-kontraktacne-dni-cvicnych-firiem\/\" \/>\n<meta property=\"og:site_name\" content=\"\u0160IOV - \u0161t\u00e1tny in\u0161tit\u00fat odborn\u00e9ho vzdel\u00e1vania\" \/>\n<meta property=\"article:publisher\" content=\"https:\/\/www.facebook.com\/Statnyinstitutodbornehovzdelavania\" \/>\n<meta property=\"article:published_time\" content=\"2023-02-20T14:36:26+00:00\" \/>\n<meta property=\"og:image\" content=\"https:\/\/archiv.siov.sk\/wp-content\/uploads\/2019\/02\/top_cvicne.jpg\" \/>\n\t<meta property=\"og:image:width\" content=\"1100\" \/>\n\t<meta property=\"og:image:height\" content=\"445\" \/>\n\t<meta property=\"og:image:type\" content=\"image\/jpeg\" \/>\n<meta name=\"author\" content=\"Katar\u00edna Kov\u00e1\u010dov\u00e1\" \/>\n<meta name=\"twitter:card\" content=\"summary_large_image\" \/>\n<meta name=\"twitter:label1\" content=\"Written by\" \/>\n\t<meta name=\"twitter:data1\" content=\"Katar\u00edna Kov\u00e1\u010dov\u00e1\" \/>\n\t<meta name=\"twitter:label2\" content=\"Estimated reading time\" \/>\n\t<meta name=\"twitter:data2\" content=\"6 minutes\" \/>\n<script type=\"application\/ld+json\" class=\"yoast-schema-graph\">{\"@context\":\"https:\\\/\\\/schema.org\",\"@graph\":[{\"@type\":\"Article\",\"@id\":\"https:\\\/\\\/archiv.siov.sk\\\/februarovy-veltrh-a-kontraktacne-dni-cvicnych-firiem\\\/#article\",\"isPartOf\":{\"@id\":\"https:\\\/\\\/archiv.siov.sk\\\/februarovy-veltrh-a-kontraktacne-dni-cvicnych-firiem\\\/\"},\"author\":{\"name\":\"Katar\u00edna Kov\u00e1\u010dov\u00e1\",\"@id\":\"https:\\\/\\\/archiv.siov.sk\\\/#\\\/schema\\\/person\\\/e42d633fbd958c6a726e8834d8965e6c\"},\"headline\":\"Febru\u00e1rov\u00fd ve\u013etrh a kontrakta\u010dn\u00e9 dni cvi\u010dn\u00fdch firiem\",\"datePublished\":\"2023-02-20T14:36:26+00:00\",\"mainEntityOfPage\":{\"@id\":\"https:\\\/\\\/archiv.siov.sk\\\/februarovy-veltrh-a-kontraktacne-dni-cvicnych-firiem\\\/\"},\"wordCount\":1289,\"publisher\":{\"@id\":\"https:\\\/\\\/archiv.siov.sk\\\/#organization\"},\"image\":{\"@id\":\"https:\\\/\\\/archiv.siov.sk\\\/februarovy-veltrh-a-kontraktacne-dni-cvicnych-firiem\\\/#primaryimage\"},\"thumbnailUrl\":\"https:\\\/\\\/archiv.siov.sk\\\/wp-content\\\/uploads\\\/2019\\\/02\\\/top_cvicne.jpg\",\"articleSection\":[\"Aktuality\"],\"inLanguage\":\"en-GB\"},{\"@type\":\"WebPage\",\"@id\":\"https:\\\/\\\/archiv.siov.sk\\\/februarovy-veltrh-a-kontraktacne-dni-cvicnych-firiem\\\/\",\"url\":\"https:\\\/\\\/archiv.siov.sk\\\/februarovy-veltrh-a-kontraktacne-dni-cvicnych-firiem\\\/\",\"name\":\"Febru\u00e1rov\u00fd ve\u013etrh a kontrakta\u010dn\u00e9 dni cvi\u010dn\u00fdch firiem - \u0160IOV - \u0161t\u00e1tny in\u0161tit\u00fat odborn\u00e9ho vzdel\u00e1vania\",\"isPartOf\":{\"@id\":\"https:\\\/\\\/archiv.siov.sk\\\/#website\"},\"primaryImageOfPage\":{\"@id\":\"https:\\\/\\\/archiv.siov.sk\\\/februarovy-veltrh-a-kontraktacne-dni-cvicnych-firiem\\\/#primaryimage\"},\"image\":{\"@id\":\"https:\\\/\\\/archiv.siov.sk\\\/februarovy-veltrh-a-kontraktacne-dni-cvicnych-firiem\\\/#primaryimage\"},\"thumbnailUrl\":\"https:\\\/\\\/archiv.siov.sk\\\/wp-content\\\/uploads\\\/2019\\\/02\\\/top_cvicne.jpg\",\"datePublished\":\"2023-02-20T14:36:26+00:00\",\"breadcrumb\":{\"@id\":\"https:\\\/\\\/archiv.siov.sk\\\/februarovy-veltrh-a-kontraktacne-dni-cvicnych-firiem\\\/#breadcrumb\"},\"inLanguage\":\"en-GB\",\"potentialAction\":[{\"@type\":\"ReadAction\",\"target\":[\"https:\\\/\\\/archiv.siov.sk\\\/februarovy-veltrh-a-kontraktacne-dni-cvicnych-firiem\\\/\"]}]},{\"@type\":\"ImageObject\",\"inLanguage\":\"en-GB\",\"@id\":\"https:\\\/\\\/archiv.siov.sk\\\/februarovy-veltrh-a-kontraktacne-dni-cvicnych-firiem\\\/#primaryimage\",\"url\":\"https:\\\/\\\/archiv.siov.sk\\\/wp-content\\\/uploads\\\/2019\\\/02\\\/top_cvicne.jpg\",\"contentUrl\":\"https:\\\/\\\/archiv.siov.sk\\\/wp-content\\\/uploads\\\/2019\\\/02\\\/top_cvicne.jpg\",\"width\":1100,\"height\":445,\"caption\":\"Ve\u013etrh cvi\u010dn\u00fdch firiem prever\u00ed firmy zalo\u017een\u00e9 \u017eiakmi stredn\u00fdch \u0161k\u00f4l\"},{\"@type\":\"BreadcrumbList\",\"@id\":\"https:\\\/\\\/archiv.siov.sk\\\/februarovy-veltrh-a-kontraktacne-dni-cvicnych-firiem\\\/#breadcrumb\",\"itemListElement\":[{\"@type\":\"ListItem\",\"position\":1,\"name\":\"Home\",\"item\":\"https:\\\/\\\/archiv.siov.sk\\\/\"},{\"@type\":\"ListItem\",\"position\":2,\"name\":\"Febru\u00e1rov\u00fd ve\u013etrh a kontrakta\u010dn\u00e9 dni cvi\u010dn\u00fdch firiem\"}]},{\"@type\":\"WebSite\",\"@id\":\"https:\\\/\\\/archiv.siov.sk\\\/#website\",\"url\":\"https:\\\/\\\/archiv.siov.sk\\\/\",\"name\":\"\u0160IOV - \u0161t\u00e1tny in\u0161tit\u00fat odborn\u00e9ho vzdel\u00e1vania\",\"description\":\"\",\"publisher\":{\"@id\":\"https:\\\/\\\/archiv.siov.sk\\\/#organization\"},\"potentialAction\":[{\"@type\":\"SearchAction\",\"target\":{\"@type\":\"EntryPoint\",\"urlTemplate\":\"https:\\\/\\\/archiv.siov.sk\\\/?s={search_term_string}\"},\"query-input\":{\"@type\":\"PropertyValueSpecification\",\"valueRequired\":true,\"valueName\":\"search_term_string\"}}],\"inLanguage\":\"en-GB\"},{\"@type\":\"Organization\",\"@id\":\"https:\\\/\\\/archiv.siov.sk\\\/#organization\",\"name\":\"\u0160IOV - \u0161t\u00e1tny in\u0161tit\u00fat odborn\u00e9ho vzdel\u00e1vania\",\"url\":\"https:\\\/\\\/archiv.siov.sk\\\/\",\"logo\":{\"@type\":\"ImageObject\",\"inLanguage\":\"en-GB\",\"@id\":\"https:\\\/\\\/archiv.siov.sk\\\/#\\\/schema\\\/logo\\\/image\\\/\",\"url\":\"https:\\\/\\\/archiv.siov.sk\\\/wp-content\\\/uploads\\\/2024\\\/02\\\/logo-SIOV.png\",\"contentUrl\":\"https:\\\/\\\/archiv.siov.sk\\\/wp-content\\\/uploads\\\/2024\\\/02\\\/logo-SIOV.png\",\"width\":431,\"height\":143,\"caption\":\"\u0160IOV - \u0161t\u00e1tny in\u0161tit\u00fat odborn\u00e9ho vzdel\u00e1vania\"},\"image\":{\"@id\":\"https:\\\/\\\/archiv.siov.sk\\\/#\\\/schema\\\/logo\\\/image\\\/\"},\"sameAs\":[\"https:\\\/\\\/www.facebook.com\\\/Statnyinstitutodbornehovzdelavania\"]},{\"@type\":\"Person\",\"@id\":\"https:\\\/\\\/archiv.siov.sk\\\/#\\\/schema\\\/person\\\/e42d633fbd958c6a726e8834d8965e6c\",\"name\":\"Katar\u00edna Kov\u00e1\u010dov\u00e1\",\"url\":\"https:\\\/\\\/archiv.siov.sk\\\/en\\\/author\\\/katkakovacova\\\/\"}]}<\/script>\n<!-- \/ Yoast SEO plugin. -->","yoast_head_json":{"title":"Febru\u00e1rov\u00fd ve\u013etrh a kontrakta\u010dn\u00e9 dni cvi\u010dn\u00fdch firiem - \u0160IOV - \u0161t\u00e1tny in\u0161tit\u00fat odborn\u00e9ho vzdel\u00e1vania","robots":{"index":"index","follow":"follow","max-snippet":"max-snippet:-1","max-image-preview":"max-image-preview:large","max-video-preview":"max-video-preview:-1"},"canonical":"https:\/\/archiv.siov.sk\/en\/februarovy-veltrh-a-kontraktacne-dni-cvicnych-firiem\/","og_locale":"en_GB","og_type":"article","og_title":"Febru\u00e1rov\u00fd ve\u013etrh a kontrakta\u010dn\u00e9 dni cvi\u010dn\u00fdch firiem - \u0160IOV - \u0161t\u00e1tny in\u0161tit\u00fat odborn\u00e9ho vzdel\u00e1vania","og_description":"Dvan\u00e1sty kontrakta\u010dn\u00fd de\u0148 cvi\u010dn\u00fdch firiem v \u0160ali &nbsp; Kontrakta\u010dn\u00fd de\u0148 cvi\u010dn\u00fdch firiem v&nbsp;\u0160ali bol napl\u00e1novan\u00fd na 9. febru\u00e1r. Mal sa uskuto\u010dni\u0165 prezen\u010dnou formou, ale \u017eia\u013e n\u00edzky po\u010det prihl\u00e1sen\u00fdch cvi\u010dn\u00fdch firiem z&nbsp;d\u00f4vodu zv\u00fd\u0161enej chorobnosti det\u00ed n\u00e1s don\u00fatil t\u00fato akciu zru\u0161i\u0165.&nbsp; Materi\u00e1ly do s\u00fa\u0165a\u017en\u00fdch kateg\u00f3ri\u00ed \u201eLet\u00e1k\u201c, \u201eInstagram post\u201ca&nbsp; \u201eE-prezent\u00e1cia\u201c n\u00e1m poslalo \u0161estn\u00e1s\u0165 cvi\u010dn\u00fdch firiem a&nbsp;linky na &nbsp;\u201eWeb [&hellip;]","og_url":"https:\/\/archiv.siov.sk\/en\/februarovy-veltrh-a-kontraktacne-dni-cvicnych-firiem\/","og_site_name":"\u0160IOV - \u0161t\u00e1tny in\u0161tit\u00fat odborn\u00e9ho vzdel\u00e1vania","article_publisher":"https:\/\/www.facebook.com\/Statnyinstitutodbornehovzdelavania","article_published_time":"2023-02-20T14:36:26+00:00","og_image":[{"width":1100,"height":445,"url":"https:\/\/archiv.siov.sk\/wp-content\/uploads\/2019\/02\/top_cvicne.jpg","type":"image\/jpeg"}],"author":"Katar\u00edna Kov\u00e1\u010dov\u00e1","twitter_card":"summary_large_image","twitter_misc":{"Written by":"Katar\u00edna Kov\u00e1\u010dov\u00e1","Estimated reading time":"6 minutes"},"schema":{"@context":"https:\/\/schema.org","@graph":[{"@type":"Article","@id":"https:\/\/archiv.siov.sk\/februarovy-veltrh-a-kontraktacne-dni-cvicnych-firiem\/#article","isPartOf":{"@id":"https:\/\/archiv.siov.sk\/februarovy-veltrh-a-kontraktacne-dni-cvicnych-firiem\/"},"author":{"name":"Katar\u00edna Kov\u00e1\u010dov\u00e1","@id":"https:\/\/archiv.siov.sk\/#\/schema\/person\/e42d633fbd958c6a726e8834d8965e6c"},"headline":"Febru\u00e1rov\u00fd ve\u013etrh a kontrakta\u010dn\u00e9 dni cvi\u010dn\u00fdch firiem","datePublished":"2023-02-20T14:36:26+00:00","mainEntityOfPage":{"@id":"https:\/\/archiv.siov.sk\/februarovy-veltrh-a-kontraktacne-dni-cvicnych-firiem\/"},"wordCount":1289,"publisher":{"@id":"https:\/\/archiv.siov.sk\/#organization"},"image":{"@id":"https:\/\/archiv.siov.sk\/februarovy-veltrh-a-kontraktacne-dni-cvicnych-firiem\/#primaryimage"},"thumbnailUrl":"https:\/\/archiv.siov.sk\/wp-content\/uploads\/2019\/02\/top_cvicne.jpg","articleSection":["Aktuality"],"inLanguage":"en-GB"},{"@type":"WebPage","@id":"https:\/\/archiv.siov.sk\/februarovy-veltrh-a-kontraktacne-dni-cvicnych-firiem\/","url":"https:\/\/archiv.siov.sk\/februarovy-veltrh-a-kontraktacne-dni-cvicnych-firiem\/","name":"Febru\u00e1rov\u00fd ve\u013etrh a kontrakta\u010dn\u00e9 dni cvi\u010dn\u00fdch firiem - \u0160IOV - \u0161t\u00e1tny in\u0161tit\u00fat odborn\u00e9ho vzdel\u00e1vania","isPartOf":{"@id":"https:\/\/archiv.siov.sk\/#website"},"primaryImageOfPage":{"@id":"https:\/\/archiv.siov.sk\/februarovy-veltrh-a-kontraktacne-dni-cvicnych-firiem\/#primaryimage"},"image":{"@id":"https:\/\/archiv.siov.sk\/februarovy-veltrh-a-kontraktacne-dni-cvicnych-firiem\/#primaryimage"},"thumbnailUrl":"https:\/\/archiv.siov.sk\/wp-content\/uploads\/2019\/02\/top_cvicne.jpg","datePublished":"2023-02-20T14:36:26+00:00","breadcrumb":{"@id":"https:\/\/archiv.siov.sk\/februarovy-veltrh-a-kontraktacne-dni-cvicnych-firiem\/#breadcrumb"},"inLanguage":"en-GB","potentialAction":[{"@type":"ReadAction","target":["https:\/\/archiv.siov.sk\/februarovy-veltrh-a-kontraktacne-dni-cvicnych-firiem\/"]}]},{"@type":"ImageObject","inLanguage":"en-GB","@id":"https:\/\/archiv.siov.sk\/februarovy-veltrh-a-kontraktacne-dni-cvicnych-firiem\/#primaryimage","url":"https:\/\/archiv.siov.sk\/wp-content\/uploads\/2019\/02\/top_cvicne.jpg","contentUrl":"https:\/\/archiv.siov.sk\/wp-content\/uploads\/2019\/02\/top_cvicne.jpg","width":1100,"height":445,"caption":"Ve\u013etrh cvi\u010dn\u00fdch firiem prever\u00ed firmy zalo\u017een\u00e9 \u017eiakmi stredn\u00fdch \u0161k\u00f4l"},{"@type":"BreadcrumbList","@id":"https:\/\/archiv.siov.sk\/februarovy-veltrh-a-kontraktacne-dni-cvicnych-firiem\/#breadcrumb","itemListElement":[{"@type":"ListItem","position":1,"name":"Home","item":"https:\/\/archiv.siov.sk\/"},{"@type":"ListItem","position":2,"name":"Febru\u00e1rov\u00fd ve\u013etrh a kontrakta\u010dn\u00e9 dni cvi\u010dn\u00fdch firiem"}]},{"@type":"WebSite","@id":"https:\/\/archiv.siov.sk\/#website","url":"https:\/\/archiv.siov.sk\/","name":"\u0160IOV - \u0161t\u00e1tny in\u0161tit\u00fat odborn\u00e9ho vzdel\u00e1vania","description":"","publisher":{"@id":"https:\/\/archiv.siov.sk\/#organization"},"potentialAction":[{"@type":"SearchAction","target":{"@type":"EntryPoint","urlTemplate":"https:\/\/archiv.siov.sk\/?s={search_term_string}"},"query-input":{"@type":"PropertyValueSpecification","valueRequired":true,"valueName":"search_term_string"}}],"inLanguage":"en-GB"},{"@type":"Organization","@id":"https:\/\/archiv.siov.sk\/#organization","name":"\u0160IOV - \u0161t\u00e1tny in\u0161tit\u00fat odborn\u00e9ho vzdel\u00e1vania","url":"https:\/\/archiv.siov.sk\/","logo":{"@type":"ImageObject","inLanguage":"en-GB","@id":"https:\/\/archiv.siov.sk\/#\/schema\/logo\/image\/","url":"https:\/\/archiv.siov.sk\/wp-content\/uploads\/2024\/02\/logo-SIOV.png","contentUrl":"https:\/\/archiv.siov.sk\/wp-content\/uploads\/2024\/02\/logo-SIOV.png","width":431,"height":143,"caption":"\u0160IOV - \u0161t\u00e1tny in\u0161tit\u00fat odborn\u00e9ho vzdel\u00e1vania"},"image":{"@id":"https:\/\/archiv.siov.sk\/#\/schema\/logo\/image\/"},"sameAs":["https:\/\/www.facebook.com\/Statnyinstitutodbornehovzdelavania"]},{"@type":"Person","@id":"https:\/\/archiv.siov.sk\/#\/schema\/person\/e42d633fbd958c6a726e8834d8965e6c","name":"Katar\u00edna Kov\u00e1\u010dov\u00e1","url":"https:\/\/archiv.siov.sk\/en\/author\/katkakovacova\/"}]}},"_links":{"self":[{"href":"https:\/\/archiv.siov.sk\/en\/wp-json\/wp\/v2\/posts\/13513","targetHints":{"allow":["GET"]}}],"collection":[{"href":"https:\/\/archiv.siov.sk\/en\/wp-json\/wp\/v2\/posts"}],"about":[{"href":"https:\/\/archiv.siov.sk\/en\/wp-json\/wp\/v2\/types\/post"}],"author":[{"embeddable":true,"href":"https:\/\/archiv.siov.sk\/en\/wp-json\/wp\/v2\/users\/6"}],"replies":[{"embeddable":true,"href":"https:\/\/archiv.siov.sk\/en\/wp-json\/wp\/v2\/comments?post=13513"}],"version-history":[{"count":2,"href":"https:\/\/archiv.siov.sk\/en\/wp-json\/wp\/v2\/posts\/13513\/revisions"}],"predecessor-version":[{"id":13515,"href":"https:\/\/archiv.siov.sk\/en\/wp-json\/wp\/v2\/posts\/13513\/revisions\/13515"}],"wp:featuredmedia":[{"embeddable":true,"href":"https:\/\/archiv.siov.sk\/en\/wp-json\/wp\/v2\/media\/2331"}],"wp:attachment":[{"href":"https:\/\/archiv.siov.sk\/en\/wp-json\/wp\/v2\/media?parent=13513"}],"wp:term":[{"taxonomy":"category","embeddable":true,"href":"https:\/\/archiv.siov.sk\/en\/wp-json\/wp\/v2\/categories?post=13513"},{"taxonomy":"post_tag","embeddable":true,"href":"https:\/\/archiv.siov.sk\/en\/wp-json\/wp\/v2\/tags?post=13513"}],"curies":[{"name":"wp","href":"https:\/\/api.w.org\/{rel}","templated":true}]}}