{"id":13501,"date":"2023-02-14T10:01:24","date_gmt":"2023-02-14T09:01:24","guid":{"rendered":"https:\/\/archiv.siov.sk\/?p=13501"},"modified":"2025-07-03T14:12:55","modified_gmt":"2025-07-03T12:12:55","slug":"mesiac-kvality-odborneho-vzdelavania-a-pripravy-2023","status":"publish","type":"post","link":"https:\/\/archiv.siov.sk\/en\/mesiac-kvality-odborneho-vzdelavania-a-pripravy-2023\/","title":{"rendered":"MESIAC KVALITY ODBORN\u00c9HO VZDEL\u00c1VANIA A PR\u00cdPRAVY 2023"},"content":{"rendered":"<p style=\"text-align: justify;\">\u0160t\u00e1tny in\u0161tit\u00fat odborn\u00e9ho vzdel\u00e1vania, ktor\u00e9ho s\u00fa\u010das\u0165ou je aj Referen\u010dn\u00e9 miesto pre EQAVET, v\u00a0spolupr\u00e1ci s\u00a0Radou zamestn\u00e1vate\u013eov pre odborn\u00e9 vzdel\u00e1vanie a\u00a0pr\u00edpravu organizuje v apr\u00edli 2023 druh\u00fd ro\u010dn\u00edk <strong>Mesiaca kvality odborn\u00e9ho vzdel\u00e1vania a pr\u00edpravy<\/strong>. Nad Mesiacom kvality<strong> prebralo z\u00e1\u0161titu Ministerstvo \u0161kolstva, vedy, v\u00fdskumu a \u0161portu SR.<\/strong><\/p>\n<p style=\"text-align: justify;\"><strong>Po\u010das cel\u00e9ho mesiaca apr\u00edl <\/strong>budeme organizova\u0165 r\u00f4zne podujatia zameran\u00e9 na t\u00fato t\u00e9mu, aby sme tak podporili povedomie o v\u00fdzname budovania a zabezpe\u010dovania kvality a prezentovali dobr\u00fa prax v tejto oblasti na Slovensku. Okrem toho sa s\u00fastred\u00edme aj na t\u00e9mu zru\u010dnost\u00ed, nako\u013eko rok <strong>2023 je Eur\u00f3pskym rokom zru\u010dnost\u00ed.<\/strong> Cie\u013eom Mesiaca kvality je tie\u017e posilnenie motiv\u00e1cie pedag\u00f3gov a\u00a0\u010fal\u0161\u00edch zamestnancov v OVP, zvidite\u013enenie ich \u00fasilia, v\u00fdsledkov a zv\u00fd\u0161enie prest\u00ed\u017ee OVP.<\/p>\n<p style=\"text-align: justify;\">Vyhl\u00e1senie N\u00e1rodnej ceny kvality v\u00a0OVP prebehne <strong>online, d\u0148a 16.2.2023 o\u00a014:00 hod.<\/strong>, kde sa dozviete viac o jednotliv\u00fdch kateg\u00f3ri\u00e1ch N\u00e1rodnej ceny, podmienkach zapojenia sa do s\u00fa\u0165a\u017ee a tie\u017e bl\u00ed\u017eiacich sa podujatiach v r\u00e1mci Mesiaca kvality.<\/p>\n<p>V\u00a0tomto roku bude porota rozhodova\u0165 o\u00a0udelen\u00ed cien za zabezpe\u010dovanie kvality v\u00a0t\u00fdchto kateg\u00f3ri\u00e1ch:<\/p>\n<p><strong>&#8211;\u00a0\u00a0\u00a0\u00a0\u00a0\u00a0\u00a0\u00a0\u00a0\u00a0 Cena za v\u00fdnimo\u010dn\u00fd pr\u00edstup k rozvoju digit\u00e1lnych a zelen\u00fdch zru\u010dnost\u00ed, <\/strong><\/p>\n<p><strong>&#8211;\u00a0\u00a0\u00a0\u00a0\u00a0\u00a0\u00a0\u00a0\u00a0\u00a0 Cena za mimoriadnu podporu profesijn\u00e9ho rozvoja zamestnancov,<\/strong><\/p>\n<p><strong>&#8211;\u00a0\u00a0\u00a0\u00a0\u00a0\u00a0\u00a0\u00a0\u00a0\u00a0 Cena za presadzovanie celo\u017eivotn\u00e9ho pr\u00edstupu v OVP,<\/strong><\/p>\n<p><strong>&#8211;\u00a0\u00a0\u00a0\u00a0\u00a0\u00a0\u00a0\u00a0\u00a0\u00a0 Mimoriadna osobnos\u0165 v oblasti zabezpe\u010dovania kvality OVP.<\/strong><\/p>\n<p>&nbsp;<\/p>\n<p><strong>Pre registr\u00e1ciu kliknite <\/strong><strong><a href=\"https:\/\/forms.gle\/WHDUFc1SmDDKBQQY7\">tu<\/a><\/strong><strong>.<\/strong><\/p>\n<p><strong>Prihlasovac\u00ed link:<\/strong> <a href=\"https:\/\/teams.microsoft.com\/l\/meetup-join\/19%3ameeting_YjJjYjZmODAtZTUxMC00ZjBhLTg2YTEtNjljOTJkYWJkODI3%40thread.v2\/0?context=%7b%22Tid%22%3a%2272c5c4df-fc08-4c9b-b403-95bde9695ed4%22%2c%22Oid%22%3a%22fc1f31a2-9d86-489b-89fc-054c90e38efb%22%7d\">MS Teams<\/a><\/p>\n<p style=\"text-align: justify;\">Mesiac kvality OVP 2023 vyvrchol\u00ed konferenciou <strong>27. apr\u00edla 2023 v\u00a0Ko\u0161iciach<\/strong>. Okrem toho pripravujeme \u0161kolenie pre hodnotite\u013eov peer review, hodnotiacu n\u00e1v\u0161tevu peer review na SO\u0160 v\u00a0Trnave, cezhrani\u010dn\u00e9 stretnutie ur\u010den\u00e9 pre zamestnancov samospr\u00e1vnych krajov a pre pedagogick\u00fdch zamestnancov a workshop o\u00a0zabezpe\u010dovan\u00ed kvality a\u00a0kult\u00fary kvality v\u00a0Ko\u0161iciach.<\/p>\n<p>Viac inform\u00e1ci\u00ed o\u00a0Mesiaci kvality OVP a\u00a0jeho podujatiach n\u00e1jdete na <a href=\"http:\/\/www.okvalite.sk\">okvalite.sk<\/a> \u010di na <a href=\"https:\/\/siov.us19.list-manage.com\/track\/click?u=23a35310735333d932d08d4bb&amp;id=e795af35f7&amp;e=5a9542a881\">Celo\u017eivotn\u00e9 vzdel\u00e1vanie v SR | Facebook<\/a> a <a href=\"https:\/\/www.linkedin.com\/company\/%C5%A1t%C3%A1tny-in%C5%A1tit%C3%BAt-odborn%C3%A9ho-vzdel%C3%A1vania\/\">\u0160t\u00e1tny in\u0161tit\u00fat odborn\u00e9ho vzdel\u00e1vania | LinkedIn<\/a> .<\/p>\n<p>V\u00a0pr\u00edpade ot\u00e1zok n\u00e1s nev\u00e1hajte kontaktova\u0165 na <a href=\"mailto:eqavet@siov.sk\">eqavet@siov.sk<\/a> .<\/p>\n<figure id=\"attachment_19606\" aria-describedby=\"caption-attachment-19606\" style=\"width: 450px\" class=\"wp-caption aligncenter\"><img fetchpriority=\"high\" decoding=\"async\" class=\"wp-image-19606\" src=\"https:\/\/archiv.siov.sk\/wp-content\/uploads\/2025\/06\/spolufinancovane-EU-300x86.png\" alt=\"spolufinancovany EU logo\" width=\"450\" height=\"128\" srcset=\"https:\/\/archiv.siov.sk\/wp-content\/uploads\/2025\/06\/spolufinancovane-EU-300x86.png 300w, https:\/\/archiv.siov.sk\/wp-content\/uploads\/2025\/06\/spolufinancovane-EU-18x5.png 18w, https:\/\/archiv.siov.sk\/wp-content\/uploads\/2025\/06\/spolufinancovane-EU.png 600w\" sizes=\"(max-width: 450px) 100vw, 450px\" \/><figcaption id=\"caption-attachment-19606\" class=\"wp-caption-text\">Financovan\u00e9 Eur\u00f3pskou \u00faniou. Vyjadren\u00e9 n\u00e1zory a postoje s\u00fa n\u00e1zormi a vyhl\u00e1seniami autora a nemusia nevyhnutne odr\u00e1\u017ea\u0165 n\u00e1zory a stanovisk\u00e1 Eur\u00f3pskej \u00fanie alebo Eur\u00f3pskej v\u00fdkonnej agent\u00fary pre vzdel\u00e1vanie a kult\u00faru (EACEA). Eur\u00f3pska \u00fania ani EACEA za ne nepreberaj\u00fa \u017eiadnu zodpovednos\u0165.<\/figcaption><\/figure>","protected":false},"excerpt":{"rendered":"<p>\u0160t\u00e1tny in\u0161tit\u00fat odborn\u00e9ho vzdel\u00e1vania, ktor\u00e9ho s\u00fa\u010das\u0165ou je aj Referen\u010dn\u00e9 miesto pre EQAVET, v\u00a0spolupr\u00e1ci s\u00a0Radou zamestn\u00e1vate\u013eov pre odborn\u00e9 vzdel\u00e1vanie a\u00a0pr\u00edpravu organizuje v apr\u00edli 2023 druh\u00fd ro\u010dn\u00edk Mesiaca kvality odborn\u00e9ho vzdel\u00e1vania a pr\u00edpravy. Nad Mesiacom kvality prebralo z\u00e1\u0161titu Ministerstvo \u0161kolstva, vedy, v\u00fdskumu a \u0161portu SR. Po\u010das cel\u00e9ho mesiaca apr\u00edl budeme organizova\u0165 r\u00f4zne podujatia zameran\u00e9 na t\u00fato t\u00e9mu, [&hellip;]<\/p>\n","protected":false},"author":6,"featured_media":13503,"comment_status":"closed","ping_status":"closed","sticky":false,"template":"","format":"standard","meta":{"site-sidebar-layout":"default","site-content-layout":"default","ast-site-content-layout":"default","site-content-style":"default","site-sidebar-style":"default","ast-global-header-display":"","ast-banner-title-visibility":"","ast-main-header-display":"","ast-hfb-above-header-display":"","ast-hfb-below-header-display":"","ast-hfb-mobile-header-display":"","site-post-title":"","ast-breadcrumbs-content":"","ast-featured-img":"","footer-sml-layout":"","ast-disable-related-posts":"","theme-transparent-header-meta":"default","adv-header-id-meta":"","stick-header-meta":"default","header-above-stick-meta":"","header-main-stick-meta":"","header-below-stick-meta":"","astra-migrate-meta-layouts":"set","ast-page-background-enabled":"default","ast-page-background-meta":{"desktop":{"background-color":"var(--ast-global-color-4)","background-image":"","background-repeat":"repeat","background-position":"center center","background-size":"auto","background-attachment":"scroll","background-type":"","background-media":"","overlay-type":"","overlay-color":"","overlay-opacity":"","overlay-gradient":""},"tablet":{"background-color":"","background-image":"","background-repeat":"repeat","background-position":"center center","background-size":"auto","background-attachment":"scroll","background-type":"","background-media":"","overlay-type":"","overlay-color":"","overlay-opacity":"","overlay-gradient":""},"mobile":{"background-color":"","background-image":"","background-repeat":"repeat","background-position":"center center","background-size":"auto","background-attachment":"scroll","background-type":"","background-media":"","overlay-type":"","overlay-color":"","overlay-opacity":"","overlay-gradient":""}},"ast-content-background-meta":{"desktop":{"background-color":"var(--ast-global-color-5)","background-image":"","background-repeat":"repeat","background-position":"center center","background-size":"auto","background-attachment":"scroll","background-type":"","background-media":"","overlay-type":"","overlay-color":"","overlay-opacity":"","overlay-gradient":""},"tablet":{"background-color":"var(--ast-global-color-5)","background-image":"","background-repeat":"repeat","background-position":"center center","background-size":"auto","background-attachment":"scroll","background-type":"","background-media":"","overlay-type":"","overlay-color":"","overlay-opacity":"","overlay-gradient":""},"mobile":{"background-color":"var(--ast-global-color-5)","background-image":"","background-repeat":"repeat","background-position":"center center","background-size":"auto","background-attachment":"scroll","background-type":"","background-media":"","overlay-type":"","overlay-color":"","overlay-opacity":"","overlay-gradient":""}},"footnotes":""},"categories":[1],"tags":[],"class_list":["post-13501","post","type-post","status-publish","format-standard","has-post-thumbnail","hentry","category-aktuality"],"yoast_head":"<!-- This site is optimized with the Yoast SEO plugin v27.5 - https:\/\/yoast.com\/product\/yoast-seo-wordpress\/ -->\n<title>MESIAC KVALITY ODBORN\u00c9HO VZDEL\u00c1VANIA A PR\u00cdPRAVY 2023 - \u0160IOV - \u0161t\u00e1tny in\u0161tit\u00fat odborn\u00e9ho vzdel\u00e1vania<\/title>\n<meta name=\"robots\" content=\"index, follow, max-snippet:-1, max-image-preview:large, max-video-preview:-1\" \/>\n<link rel=\"canonical\" href=\"https:\/\/archiv.siov.sk\/en\/mesiac-kvality-odborneho-vzdelavania-a-pripravy-2023\/\" \/>\n<meta property=\"og:locale\" content=\"en_GB\" \/>\n<meta property=\"og:type\" content=\"article\" \/>\n<meta property=\"og:title\" content=\"MESIAC KVALITY ODBORN\u00c9HO VZDEL\u00c1VANIA A PR\u00cdPRAVY 2023 - \u0160IOV - \u0161t\u00e1tny in\u0161tit\u00fat odborn\u00e9ho vzdel\u00e1vania\" \/>\n<meta property=\"og:description\" content=\"\u0160t\u00e1tny in\u0161tit\u00fat odborn\u00e9ho vzdel\u00e1vania, ktor\u00e9ho s\u00fa\u010das\u0165ou je aj Referen\u010dn\u00e9 miesto pre EQAVET, v\u00a0spolupr\u00e1ci s\u00a0Radou zamestn\u00e1vate\u013eov pre odborn\u00e9 vzdel\u00e1vanie a\u00a0pr\u00edpravu organizuje v apr\u00edli 2023 druh\u00fd ro\u010dn\u00edk Mesiaca kvality odborn\u00e9ho vzdel\u00e1vania a pr\u00edpravy. Nad Mesiacom kvality prebralo z\u00e1\u0161titu Ministerstvo \u0161kolstva, vedy, v\u00fdskumu a \u0161portu SR. Po\u010das cel\u00e9ho mesiaca apr\u00edl budeme organizova\u0165 r\u00f4zne podujatia zameran\u00e9 na t\u00fato t\u00e9mu, [&hellip;]\" \/>\n<meta property=\"og:url\" content=\"https:\/\/archiv.siov.sk\/en\/mesiac-kvality-odborneho-vzdelavania-a-pripravy-2023\/\" \/>\n<meta property=\"og:site_name\" content=\"\u0160IOV - \u0161t\u00e1tny in\u0161tit\u00fat odborn\u00e9ho vzdel\u00e1vania\" \/>\n<meta property=\"article:publisher\" content=\"https:\/\/www.facebook.com\/Statnyinstitutodbornehovzdelavania\" \/>\n<meta property=\"article:published_time\" content=\"2023-02-14T09:01:24+00:00\" \/>\n<meta property=\"article:modified_time\" content=\"2025-07-03T12:12:55+00:00\" \/>\n<meta property=\"og:image\" content=\"https:\/\/archiv.siov.sk\/wp-content\/uploads\/2023\/02\/logo-narodna-cena.png\" \/>\n\t<meta property=\"og:image:width\" content=\"1113\" \/>\n\t<meta property=\"og:image:height\" content=\"335\" \/>\n\t<meta property=\"og:image:type\" content=\"image\/png\" \/>\n<meta name=\"author\" content=\"Katar\u00edna Kov\u00e1\u010dov\u00e1\" \/>\n<meta name=\"twitter:card\" content=\"summary_large_image\" \/>\n<meta name=\"twitter:label1\" content=\"Written by\" \/>\n\t<meta name=\"twitter:data1\" content=\"Katar\u00edna Kov\u00e1\u010dov\u00e1\" \/>\n\t<meta name=\"twitter:label2\" content=\"Estimated reading time\" \/>\n\t<meta name=\"twitter:data2\" content=\"2 minutes\" \/>\n<script type=\"application\/ld+json\" class=\"yoast-schema-graph\">{\"@context\":\"https:\\\/\\\/schema.org\",\"@graph\":[{\"@type\":\"Article\",\"@id\":\"https:\\\/\\\/archiv.siov.sk\\\/mesiac-kvality-odborneho-vzdelavania-a-pripravy-2023\\\/#article\",\"isPartOf\":{\"@id\":\"https:\\\/\\\/archiv.siov.sk\\\/mesiac-kvality-odborneho-vzdelavania-a-pripravy-2023\\\/\"},\"author\":{\"name\":\"Katar\u00edna Kov\u00e1\u010dov\u00e1\",\"@id\":\"https:\\\/\\\/archiv.siov.sk\\\/#\\\/schema\\\/person\\\/e42d633fbd958c6a726e8834d8965e6c\"},\"headline\":\"MESIAC KVALITY ODBORN\u00c9HO VZDEL\u00c1VANIA A PR\u00cdPRAVY 2023\",\"datePublished\":\"2023-02-14T09:01:24+00:00\",\"dateModified\":\"2025-07-03T12:12:55+00:00\",\"mainEntityOfPage\":{\"@id\":\"https:\\\/\\\/archiv.siov.sk\\\/mesiac-kvality-odborneho-vzdelavania-a-pripravy-2023\\\/\"},\"wordCount\":451,\"publisher\":{\"@id\":\"https:\\\/\\\/archiv.siov.sk\\\/#organization\"},\"image\":{\"@id\":\"https:\\\/\\\/archiv.siov.sk\\\/mesiac-kvality-odborneho-vzdelavania-a-pripravy-2023\\\/#primaryimage\"},\"thumbnailUrl\":\"https:\\\/\\\/archiv.siov.sk\\\/wp-content\\\/uploads\\\/2023\\\/02\\\/logo-narodna-cena.png\",\"articleSection\":[\"Aktuality\"],\"inLanguage\":\"en-GB\"},{\"@type\":\"WebPage\",\"@id\":\"https:\\\/\\\/archiv.siov.sk\\\/mesiac-kvality-odborneho-vzdelavania-a-pripravy-2023\\\/\",\"url\":\"https:\\\/\\\/archiv.siov.sk\\\/mesiac-kvality-odborneho-vzdelavania-a-pripravy-2023\\\/\",\"name\":\"MESIAC KVALITY ODBORN\u00c9HO VZDEL\u00c1VANIA A PR\u00cdPRAVY 2023 - \u0160IOV - \u0161t\u00e1tny in\u0161tit\u00fat odborn\u00e9ho vzdel\u00e1vania\",\"isPartOf\":{\"@id\":\"https:\\\/\\\/archiv.siov.sk\\\/#website\"},\"primaryImageOfPage\":{\"@id\":\"https:\\\/\\\/archiv.siov.sk\\\/mesiac-kvality-odborneho-vzdelavania-a-pripravy-2023\\\/#primaryimage\"},\"image\":{\"@id\":\"https:\\\/\\\/archiv.siov.sk\\\/mesiac-kvality-odborneho-vzdelavania-a-pripravy-2023\\\/#primaryimage\"},\"thumbnailUrl\":\"https:\\\/\\\/archiv.siov.sk\\\/wp-content\\\/uploads\\\/2023\\\/02\\\/logo-narodna-cena.png\",\"datePublished\":\"2023-02-14T09:01:24+00:00\",\"dateModified\":\"2025-07-03T12:12:55+00:00\",\"breadcrumb\":{\"@id\":\"https:\\\/\\\/archiv.siov.sk\\\/mesiac-kvality-odborneho-vzdelavania-a-pripravy-2023\\\/#breadcrumb\"},\"inLanguage\":\"en-GB\",\"potentialAction\":[{\"@type\":\"ReadAction\",\"target\":[\"https:\\\/\\\/archiv.siov.sk\\\/mesiac-kvality-odborneho-vzdelavania-a-pripravy-2023\\\/\"]}]},{\"@type\":\"ImageObject\",\"inLanguage\":\"en-GB\",\"@id\":\"https:\\\/\\\/archiv.siov.sk\\\/mesiac-kvality-odborneho-vzdelavania-a-pripravy-2023\\\/#primaryimage\",\"url\":\"https:\\\/\\\/archiv.siov.sk\\\/wp-content\\\/uploads\\\/2023\\\/02\\\/logo-narodna-cena.png\",\"contentUrl\":\"https:\\\/\\\/archiv.siov.sk\\\/wp-content\\\/uploads\\\/2023\\\/02\\\/logo-narodna-cena.png\",\"width\":1113,\"height\":335},{\"@type\":\"BreadcrumbList\",\"@id\":\"https:\\\/\\\/archiv.siov.sk\\\/mesiac-kvality-odborneho-vzdelavania-a-pripravy-2023\\\/#breadcrumb\",\"itemListElement\":[{\"@type\":\"ListItem\",\"position\":1,\"name\":\"Home\",\"item\":\"https:\\\/\\\/archiv.siov.sk\\\/\"},{\"@type\":\"ListItem\",\"position\":2,\"name\":\"MESIAC KVALITY ODBORN\u00c9HO VZDEL\u00c1VANIA A PR\u00cdPRAVY 2023\"}]},{\"@type\":\"WebSite\",\"@id\":\"https:\\\/\\\/archiv.siov.sk\\\/#website\",\"url\":\"https:\\\/\\\/archiv.siov.sk\\\/\",\"name\":\"\u0160IOV - \u0161t\u00e1tny in\u0161tit\u00fat odborn\u00e9ho vzdel\u00e1vania\",\"description\":\"\",\"publisher\":{\"@id\":\"https:\\\/\\\/archiv.siov.sk\\\/#organization\"},\"potentialAction\":[{\"@type\":\"SearchAction\",\"target\":{\"@type\":\"EntryPoint\",\"urlTemplate\":\"https:\\\/\\\/archiv.siov.sk\\\/?s={search_term_string}\"},\"query-input\":{\"@type\":\"PropertyValueSpecification\",\"valueRequired\":true,\"valueName\":\"search_term_string\"}}],\"inLanguage\":\"en-GB\"},{\"@type\":\"Organization\",\"@id\":\"https:\\\/\\\/archiv.siov.sk\\\/#organization\",\"name\":\"\u0160IOV - \u0161t\u00e1tny in\u0161tit\u00fat odborn\u00e9ho vzdel\u00e1vania\",\"url\":\"https:\\\/\\\/archiv.siov.sk\\\/\",\"logo\":{\"@type\":\"ImageObject\",\"inLanguage\":\"en-GB\",\"@id\":\"https:\\\/\\\/archiv.siov.sk\\\/#\\\/schema\\\/logo\\\/image\\\/\",\"url\":\"https:\\\/\\\/archiv.siov.sk\\\/wp-content\\\/uploads\\\/2024\\\/02\\\/logo-SIOV.png\",\"contentUrl\":\"https:\\\/\\\/archiv.siov.sk\\\/wp-content\\\/uploads\\\/2024\\\/02\\\/logo-SIOV.png\",\"width\":431,\"height\":143,\"caption\":\"\u0160IOV - \u0161t\u00e1tny in\u0161tit\u00fat odborn\u00e9ho vzdel\u00e1vania\"},\"image\":{\"@id\":\"https:\\\/\\\/archiv.siov.sk\\\/#\\\/schema\\\/logo\\\/image\\\/\"},\"sameAs\":[\"https:\\\/\\\/www.facebook.com\\\/Statnyinstitutodbornehovzdelavania\"]},{\"@type\":\"Person\",\"@id\":\"https:\\\/\\\/archiv.siov.sk\\\/#\\\/schema\\\/person\\\/e42d633fbd958c6a726e8834d8965e6c\",\"name\":\"Katar\u00edna Kov\u00e1\u010dov\u00e1\",\"url\":\"https:\\\/\\\/archiv.siov.sk\\\/en\\\/author\\\/katkakovacova\\\/\"}]}<\/script>\n<!-- \/ Yoast SEO plugin. -->","yoast_head_json":{"title":"MESIAC KVALITY ODBORN\u00c9HO VZDEL\u00c1VANIA A PR\u00cdPRAVY 2023 - \u0160IOV - \u0161t\u00e1tny in\u0161tit\u00fat odborn\u00e9ho vzdel\u00e1vania","robots":{"index":"index","follow":"follow","max-snippet":"max-snippet:-1","max-image-preview":"max-image-preview:large","max-video-preview":"max-video-preview:-1"},"canonical":"https:\/\/archiv.siov.sk\/en\/mesiac-kvality-odborneho-vzdelavania-a-pripravy-2023\/","og_locale":"en_GB","og_type":"article","og_title":"MESIAC KVALITY ODBORN\u00c9HO VZDEL\u00c1VANIA A PR\u00cdPRAVY 2023 - \u0160IOV - \u0161t\u00e1tny in\u0161tit\u00fat odborn\u00e9ho vzdel\u00e1vania","og_description":"\u0160t\u00e1tny in\u0161tit\u00fat odborn\u00e9ho vzdel\u00e1vania, ktor\u00e9ho s\u00fa\u010das\u0165ou je aj Referen\u010dn\u00e9 miesto pre EQAVET, v\u00a0spolupr\u00e1ci s\u00a0Radou zamestn\u00e1vate\u013eov pre odborn\u00e9 vzdel\u00e1vanie a\u00a0pr\u00edpravu organizuje v apr\u00edli 2023 druh\u00fd ro\u010dn\u00edk Mesiaca kvality odborn\u00e9ho vzdel\u00e1vania a pr\u00edpravy. Nad Mesiacom kvality prebralo z\u00e1\u0161titu Ministerstvo \u0161kolstva, vedy, v\u00fdskumu a \u0161portu SR. Po\u010das cel\u00e9ho mesiaca apr\u00edl budeme organizova\u0165 r\u00f4zne podujatia zameran\u00e9 na t\u00fato t\u00e9mu, [&hellip;]","og_url":"https:\/\/archiv.siov.sk\/en\/mesiac-kvality-odborneho-vzdelavania-a-pripravy-2023\/","og_site_name":"\u0160IOV - \u0161t\u00e1tny in\u0161tit\u00fat odborn\u00e9ho vzdel\u00e1vania","article_publisher":"https:\/\/www.facebook.com\/Statnyinstitutodbornehovzdelavania","article_published_time":"2023-02-14T09:01:24+00:00","article_modified_time":"2025-07-03T12:12:55+00:00","og_image":[{"width":1113,"height":335,"url":"https:\/\/archiv.siov.sk\/wp-content\/uploads\/2023\/02\/logo-narodna-cena.png","type":"image\/png"}],"author":"Katar\u00edna Kov\u00e1\u010dov\u00e1","twitter_card":"summary_large_image","twitter_misc":{"Written by":"Katar\u00edna Kov\u00e1\u010dov\u00e1","Estimated reading time":"2 minutes"},"schema":{"@context":"https:\/\/schema.org","@graph":[{"@type":"Article","@id":"https:\/\/archiv.siov.sk\/mesiac-kvality-odborneho-vzdelavania-a-pripravy-2023\/#article","isPartOf":{"@id":"https:\/\/archiv.siov.sk\/mesiac-kvality-odborneho-vzdelavania-a-pripravy-2023\/"},"author":{"name":"Katar\u00edna Kov\u00e1\u010dov\u00e1","@id":"https:\/\/archiv.siov.sk\/#\/schema\/person\/e42d633fbd958c6a726e8834d8965e6c"},"headline":"MESIAC KVALITY ODBORN\u00c9HO VZDEL\u00c1VANIA A PR\u00cdPRAVY 2023","datePublished":"2023-02-14T09:01:24+00:00","dateModified":"2025-07-03T12:12:55+00:00","mainEntityOfPage":{"@id":"https:\/\/archiv.siov.sk\/mesiac-kvality-odborneho-vzdelavania-a-pripravy-2023\/"},"wordCount":451,"publisher":{"@id":"https:\/\/archiv.siov.sk\/#organization"},"image":{"@id":"https:\/\/archiv.siov.sk\/mesiac-kvality-odborneho-vzdelavania-a-pripravy-2023\/#primaryimage"},"thumbnailUrl":"https:\/\/archiv.siov.sk\/wp-content\/uploads\/2023\/02\/logo-narodna-cena.png","articleSection":["Aktuality"],"inLanguage":"en-GB"},{"@type":"WebPage","@id":"https:\/\/archiv.siov.sk\/mesiac-kvality-odborneho-vzdelavania-a-pripravy-2023\/","url":"https:\/\/archiv.siov.sk\/mesiac-kvality-odborneho-vzdelavania-a-pripravy-2023\/","name":"MESIAC KVALITY ODBORN\u00c9HO VZDEL\u00c1VANIA A PR\u00cdPRAVY 2023 - \u0160IOV - \u0161t\u00e1tny in\u0161tit\u00fat odborn\u00e9ho vzdel\u00e1vania","isPartOf":{"@id":"https:\/\/archiv.siov.sk\/#website"},"primaryImageOfPage":{"@id":"https:\/\/archiv.siov.sk\/mesiac-kvality-odborneho-vzdelavania-a-pripravy-2023\/#primaryimage"},"image":{"@id":"https:\/\/archiv.siov.sk\/mesiac-kvality-odborneho-vzdelavania-a-pripravy-2023\/#primaryimage"},"thumbnailUrl":"https:\/\/archiv.siov.sk\/wp-content\/uploads\/2023\/02\/logo-narodna-cena.png","datePublished":"2023-02-14T09:01:24+00:00","dateModified":"2025-07-03T12:12:55+00:00","breadcrumb":{"@id":"https:\/\/archiv.siov.sk\/mesiac-kvality-odborneho-vzdelavania-a-pripravy-2023\/#breadcrumb"},"inLanguage":"en-GB","potentialAction":[{"@type":"ReadAction","target":["https:\/\/archiv.siov.sk\/mesiac-kvality-odborneho-vzdelavania-a-pripravy-2023\/"]}]},{"@type":"ImageObject","inLanguage":"en-GB","@id":"https:\/\/archiv.siov.sk\/mesiac-kvality-odborneho-vzdelavania-a-pripravy-2023\/#primaryimage","url":"https:\/\/archiv.siov.sk\/wp-content\/uploads\/2023\/02\/logo-narodna-cena.png","contentUrl":"https:\/\/archiv.siov.sk\/wp-content\/uploads\/2023\/02\/logo-narodna-cena.png","width":1113,"height":335},{"@type":"BreadcrumbList","@id":"https:\/\/archiv.siov.sk\/mesiac-kvality-odborneho-vzdelavania-a-pripravy-2023\/#breadcrumb","itemListElement":[{"@type":"ListItem","position":1,"name":"Home","item":"https:\/\/archiv.siov.sk\/"},{"@type":"ListItem","position":2,"name":"MESIAC KVALITY ODBORN\u00c9HO VZDEL\u00c1VANIA A PR\u00cdPRAVY 2023"}]},{"@type":"WebSite","@id":"https:\/\/archiv.siov.sk\/#website","url":"https:\/\/archiv.siov.sk\/","name":"\u0160IOV - \u0161t\u00e1tny in\u0161tit\u00fat odborn\u00e9ho vzdel\u00e1vania","description":"","publisher":{"@id":"https:\/\/archiv.siov.sk\/#organization"},"potentialAction":[{"@type":"SearchAction","target":{"@type":"EntryPoint","urlTemplate":"https:\/\/archiv.siov.sk\/?s={search_term_string}"},"query-input":{"@type":"PropertyValueSpecification","valueRequired":true,"valueName":"search_term_string"}}],"inLanguage":"en-GB"},{"@type":"Organization","@id":"https:\/\/archiv.siov.sk\/#organization","name":"\u0160IOV - \u0161t\u00e1tny in\u0161tit\u00fat odborn\u00e9ho vzdel\u00e1vania","url":"https:\/\/archiv.siov.sk\/","logo":{"@type":"ImageObject","inLanguage":"en-GB","@id":"https:\/\/archiv.siov.sk\/#\/schema\/logo\/image\/","url":"https:\/\/archiv.siov.sk\/wp-content\/uploads\/2024\/02\/logo-SIOV.png","contentUrl":"https:\/\/archiv.siov.sk\/wp-content\/uploads\/2024\/02\/logo-SIOV.png","width":431,"height":143,"caption":"\u0160IOV - \u0161t\u00e1tny in\u0161tit\u00fat odborn\u00e9ho vzdel\u00e1vania"},"image":{"@id":"https:\/\/archiv.siov.sk\/#\/schema\/logo\/image\/"},"sameAs":["https:\/\/www.facebook.com\/Statnyinstitutodbornehovzdelavania"]},{"@type":"Person","@id":"https:\/\/archiv.siov.sk\/#\/schema\/person\/e42d633fbd958c6a726e8834d8965e6c","name":"Katar\u00edna Kov\u00e1\u010dov\u00e1","url":"https:\/\/archiv.siov.sk\/en\/author\/katkakovacova\/"}]}},"_links":{"self":[{"href":"https:\/\/archiv.siov.sk\/en\/wp-json\/wp\/v2\/posts\/13501","targetHints":{"allow":["GET"]}}],"collection":[{"href":"https:\/\/archiv.siov.sk\/en\/wp-json\/wp\/v2\/posts"}],"about":[{"href":"https:\/\/archiv.siov.sk\/en\/wp-json\/wp\/v2\/types\/post"}],"author":[{"embeddable":true,"href":"https:\/\/archiv.siov.sk\/en\/wp-json\/wp\/v2\/users\/6"}],"replies":[{"embeddable":true,"href":"https:\/\/archiv.siov.sk\/en\/wp-json\/wp\/v2\/comments?post=13501"}],"version-history":[{"count":4,"href":"https:\/\/archiv.siov.sk\/en\/wp-json\/wp\/v2\/posts\/13501\/revisions"}],"predecessor-version":[{"id":19781,"href":"https:\/\/archiv.siov.sk\/en\/wp-json\/wp\/v2\/posts\/13501\/revisions\/19781"}],"wp:featuredmedia":[{"embeddable":true,"href":"https:\/\/archiv.siov.sk\/en\/wp-json\/wp\/v2\/media\/13503"}],"wp:attachment":[{"href":"https:\/\/archiv.siov.sk\/en\/wp-json\/wp\/v2\/media?parent=13501"}],"wp:term":[{"taxonomy":"category","embeddable":true,"href":"https:\/\/archiv.siov.sk\/en\/wp-json\/wp\/v2\/categories?post=13501"},{"taxonomy":"post_tag","embeddable":true,"href":"https:\/\/archiv.siov.sk\/en\/wp-json\/wp\/v2\/tags?post=13501"}],"curies":[{"name":"wp","href":"https:\/\/api.w.org\/{rel}","templated":true}]}}