{"id":13486,"date":"2023-02-09T16:11:34","date_gmt":"2023-02-09T15:11:34","guid":{"rendered":"https:\/\/archiv.siov.sk\/?p=13486"},"modified":"2023-02-10T10:04:54","modified_gmt":"2023-02-10T09:04:54","slug":"spustame-kampan-nikdy-nie-je-neskoro","status":"publish","type":"post","link":"https:\/\/archiv.siov.sk\/en\/spustame-kampan-nikdy-nie-je-neskoro\/","title":{"rendered":"Sp\u00fa\u0161\u0165ame kampa\u0148 Nikdy nie je neskoro!"},"content":{"rendered":"<p style=\"text-align: center;\"><strong>N\u00e1rodn\u00fd koordin\u00e1tor Eur\u00f3pskeho programu vo vzdel\u00e1van\u00ed dospel\u00fdch podporuje motiv\u00e1ciu vzdel\u00e1va\u0165 sa po\u010das cel\u00e9ho \u017eivota <\/strong><\/p>\n<p style=\"text-align: justify;\">N\u00e1rodn\u00fd koordin\u00e1tor Eur\u00f3pskeho programu vzdel\u00e1vania dospel\u00fdch p\u00f4sob\u00ed na \u0160t\u00e1tnom in\u0161tit\u00fate odborn\u00e9ho vzdel\u00e1vania od roku 2018. Jednou z \u00faloh aj snahou \u0160IOV-u je podporova\u0165 politiky v oblasti vzdel\u00e1vania dospel\u00fdch, sk\u00fama\u0165 vybran\u00e9 aspekty, prep\u00e1ja\u0165 akt\u00e9rov, rozv\u00edja\u0165 kapacity a spolupr\u00e1cu v tejto oblasti vzdel\u00e1vania.<\/p>\n<p style=\"text-align: justify;\">Zatia\u013e \u010do v minulosti sa \u0160IOV pomerne rozsiahlo venoval z\u00e1kladn\u00fdm zru\u010dnostiam u n\u00edzkokvalifikovan\u00fdch dospel\u00fdch, v minulom roku boli v centre na\u0161ej pozornosti zru\u010dnosti pre \u017eivot \u2013 s\u00fabor zru\u010dnost\u00ed, kompetenci\u00ed a postojov, ktor\u00e9 jednotlivci potrebuj\u00fa na zvl\u00e1dnutie v\u00fdziev a situ\u00e1ci\u00ed, ktor\u00fdm \u010delia po\u010das \u017eivota. Na\u0161e poznatky o tejto t\u00e9me \u010doskoro predstav\u00edme v Mapovacej spr\u00e1ve o podpore rozvoja zru\u010dnost\u00ed pre \u017eivot na Slovensku.<\/p>\n<p style=\"text-align: justify;\">V prvom polroku tohto roka \u0160IOV oslov\u00ed verejnos\u0165 kampa\u0148ou <strong>Nikdy nie je neskoro! <\/strong>Cie\u013eom kampane je zd\u00f4razni\u0165 d\u00f4le\u017eitos\u0165 celo\u017eivotn\u00e9ho vzdel\u00e1vania prostredn\u00edctvom v\u00fdpoved\u00ed a in\u0161pirat\u00edvnych pr\u00edbehov \u013eud\u00ed, pre ktor\u00fdch je u\u010denie sa samozrejmos\u0165ou aj z\u00e1\u013eubou, ktor\u00fdm vzdel\u00e1vanie prinieslo do \u017eivota z\u00e1sadn\u00fa zmenu, aj t\u00fdch, ktor\u00ed ho poskytuj\u00fa \u2013 r\u00f4znymi formami a v r\u00f4znych prostrediach.<\/p>\n<p style=\"text-align: justify;\">Kampa\u0148 je z\u00e1rove\u0148 pr\u00edspevkom k Eur\u00f3pskemu roku zru\u010dnost\u00ed 2023, ktor\u00fd vyhl\u00e1sila predsedn\u00ed\u010dka Eur\u00f3pskej komisie Ursula von der Leyen: \u201c<em>Mus\u00edme sa ove\u013ea viac zamera\u0165 na na\u0161e invest\u00edcie do odborn\u00e9ho vzdel\u00e1vania a zvy\u0161ovania \u00farovne zru\u010dnost\u00ed. Potrebujeme lep\u0161ie spolupracova\u0165 so spolo\u010dnos\u0165ami, ke\u010f\u017ee len ony najlep\u0161ie vedia, \u010do potrebuj\u00fa. Tieto potreby mus\u00edme zos\u00faladi\u0165 s amb\u00edciami \u013eud\u00ed.\u201d<\/em><\/p>\n<p style=\"text-align: justify;\">Naplnenie cie\u013eov Eur\u00f3pskeho roka zru\u010dnost\u00ed si bude vy\u017eadova\u0165 \u0161irok\u00fa spolupr\u00e1cu r\u00f4znych akt\u00e9rov na v\u0161etk\u00fdch \u00farovniach odborn\u00e9ho vzdel\u00e1vania a pr\u00edpravy, soci\u00e1lnych partnerov, slu\u017eieb zamestnanosti, zamestn\u00e1vate\u013eov a profesijn\u00fdch organiz\u00e1ci\u00ed, podnikov a \u010fal\u0161\u00edch.<\/p>\n<p style=\"text-align: justify;\">Na Slovensku bude \u00falohu koordin\u00e1tora aktiv\u00edt Eur\u00f3pskeho roka zru\u010dnost\u00ed plni\u0165 rezort \u0161kolstva prostredn\u00edctvom \u0161t\u00e1tneho tajomn\u00edka M\u0160VV\u0160 SR pre pre inkl\u00faziu, n\u00e1rodnostn\u00e9 \u0161kolstvo a celo\u017eivotn\u00e9 vzdel\u00e1vanie Stanislava Partilu.<\/p>\n<p><strong>Pre\u010do kampa\u0148 Nikdy nie je neskoro<\/strong><\/p>\n<p style=\"text-align: justify;\">Na Slovensku je potreba rozvoja vzdel\u00e1vania dospel\u00fdch naliehav\u00e1 najm\u00e4 v&nbsp;s\u00favislosti s&nbsp;n\u00edzkou \u00fa\u010das\u0165ou aj ochotou dospel\u00fdch&nbsp; vzdel\u00e1va\u0165&nbsp; sa &#8211; v roku 2021 bola \u00fa\u010das\u0165 na Slovensku s&nbsp;hodnotou 5 % jednou z&nbsp;troch najni\u017e\u0161\u00edch v&nbsp;E\u00da (priemer E\u00da: 10,8 %, Eurostat). Motiv\u00e1cia predstavuje d\u00f4le\u017eit\u00fd faktor k&nbsp;jeho \u010fal\u0161iemu rozvoju, spolu s&nbsp;adekv\u00e1tnou, dostupnou a&nbsp;kvalitnou ponukou, dostato\u010dn\u00fdmi inform\u00e1ciami o&nbsp;t\u00fdchto mo\u017enostiach a&nbsp;vytv\u00e1ran\u00edm podmienok a&nbsp;prostredia podporuj\u00facich u\u010denie sa (vr\u00e1tane financovania).<\/p>\n<p style=\"text-align: justify;\">Prostredn\u00edctvom kampane predstav\u00edme desa\u0165 dospel\u00fdch, ktor\u00ed pribl\u00ed\u017eia svoj poh\u013ead na s\u00fastavn\u00fa potrebu zdokona\u013eovania svojich zru\u010dnost\u00ed alebo rozvoja zru\u010dnost\u00ed in\u00fdch a na to, \u010do je pre nich hlavnou motiv\u00e1ciou. O svoje n\u00e1zory na t\u00fato t\u00e9mu sa podelia \u00fa\u010dastn\u00edci aj poskytovatelia vzdel\u00e1vania v r\u00f4znych oblastiach \u2013 napr. v podpore zru\u010dnost\u00ed v oblasti informa\u010dn\u00fdch technol\u00f3gi\u00ed, profesijnom rozvoji u\u010dite\u013eov, v oblasti z\u00edskavania a rozvoja z\u00e1kladn\u00fdch zru\u010dnost\u00ed, kritick\u00e9ho myslenia.<\/p>\n<p style=\"text-align: justify;\">Ver\u00edme, \u017ee tieto autentick\u00e9 v\u00fdpovede \u013eud\u00ed, pre ktor\u00fdch je vzdel\u00e1vanie srdcovou z\u00e1le\u017eitos\u0165ou potvrdia, \u017ee nikdy nie je neskoro na vzdel\u00e1vanie sa, a&nbsp;tie\u017e motivuj\u00fa k&nbsp;neprest\u00e1vaj\u00facemu naberaniu vedomost\u00ed a&nbsp;sk\u00fasenost\u00ed a&nbsp;rozvoju zru\u010dnost\u00ed, v&nbsp;akejko\u013evek oblasti p\u00f4sob\u00edme:<\/p>\n<p><em>Lenka Hlinkov\u00e1: \u201eVzdel\u00e1vame v\u0161etk\u00fdch, preto\u017ee n\u00e1m z\u00e1le\u017e\u00ed, aby sa uplatnili na trhu pr\u00e1ce a&nbsp;aby Slovensko bolo na tom lep\u0161ie.\u201c.<\/em><\/p>\n<p><em>Ingrid Ol\u00e1hov\u00e1: \u201eNajv\u00e4\u010d\u0161ia motiv\u00e1cia vzdel\u00e1va\u0165 sa bola snaha dosta\u0165 sa z&nbsp;chudoby a&nbsp;ma\u0165 lep\u0161ie podmienky pre seba, aj pre svoje deti.\u201c<\/em><\/p>\n<p>Kampa\u0148 bude prebieha\u0165 online a prostredn\u00edctvom vybran\u00fdch medi\u00ed od 10. 2. 2023.<\/p>\n<p>Vide\u00e1 si m\u00f4\u017eete pozrie\u0165 aj na: <a href=\"http:\/\/www.vzdelavaniedospelych.sk\">www.vzdelavaniedospelych.sk<\/a>, <a href=\"http:\/\/www.siov.sk\">www.siov.sk<\/a> a na na\u0161ich soci\u00e1lnych sie\u0165ach: <a href=\"https:\/\/www.facebook.com\/czvsr\">Celo\u017eivotn\u00e9 vzdel\u00e1vanie v SR &#8211; Facebook<\/a><\/p>\n<p><a href=\"https:\/\/www.youtube.com\/@celozivotnevzdelavanievsr9044\/videos\">Celo\u017eivotn\u00e9 vzdel\u00e1vanie v SR &#8211; YouTube<\/a><\/p>\n<p><strong>Z\u00e1\u0161titu nad kampa\u0148ou Nikdy nie je neskoro! prebralo Ministerstvo \u0161kolstva, vedy, v\u00fdskumu a \u0161portu SR<\/strong><\/p>\n<p><strong>&nbsp;<\/strong><strong>Partnerom je Zast\u00fapenie Eur\u00f3pskej komisie na Slovensku<\/strong><\/p>\n<p><strong>&nbsp;<\/strong><strong>Medi\u00e1lnym partnerom : <\/strong><\/p>\n<p><strong> <img decoding=\"async\" class=\"alignnone size-full wp-image-13488\" src=\"https:\/\/archiv.siov.sk\/wp-content\/uploads\/2023\/02\/med.partner.jpg\" alt=\"\" width=\"175\" height=\"28\" srcset=\"https:\/\/archiv.siov.sk\/wp-content\/uploads\/2023\/02\/med.partner.jpg 175w, https:\/\/archiv.siov.sk\/wp-content\/uploads\/2023\/02\/med.partner-18x3.jpg 18w\" sizes=\"(max-width: 175px) 100vw, 175px\" \/><\/strong><\/p>\n<p>&nbsp;<\/p>\n<p><strong>\u010eal\u0161ie aktivity v&nbsp;roku 2023:<\/strong><\/p>\n<ul>\n<li>Predstavenie Mapovacej spr\u00e1vy o&nbsp;stave zru\u010dnost\u00ed pre \u017eivot v&nbsp;SR (marec 2023)<\/li>\n<li>Vzdel\u00e1vac\u00ed kurz v&nbsp;oblasti z\u00e1kladn\u00fdch zru\u010dnost\u00ed pre tvorcov polit\u00edk a&nbsp;akt\u00e9rov podporuj\u00facich n\u00edzkokvalifikovan\u00fdch dospel\u00fdch (apr\u00edl &#8211; m\u00e1j 2023),<\/li>\n<li>Konferencia Zru\u010dnosti pre \u017eivot (Bratislava, 6. 6. 2023)<\/li>\n<li>\u0160tudijn\u00e9 n\u00e1v\u0161tevy vo vybran\u00fdch krajin\u00e1ch E\u00da (1. polrok 2023).<\/li>\n<\/ul>\n<p><strong>Kontakt na Slovensku:<\/strong><\/p>\n<p>\u0160IOV \u2013 \u00dasek celo\u017eivotn\u00e9ho vzdel\u00e1vania<\/p>\n<p>Stromov\u00e1 9<\/p>\n<p>81103 Bratislava<\/p>\n<p><a href=\"mailto:Alena.stefanikova@siov.sk\">Alena.stefanikova@siov.sk<\/a><\/p>\n<p><a href=\"mailto:Katarina.smalova@siov.sk\">Katarina.smalova@siov.sk<\/a><u>&nbsp; <\/u><\/p>\n<p><a href=\"http:\/\/www.vzdelavaniedospelych.sk\">www.vzdelavaniedospelych.sk<\/a><\/p>\n<p><img decoding=\"async\" class=\"alignnone size-full wp-image-13489\" src=\"https:\/\/archiv.siov.sk\/wp-content\/uploads\/2023\/02\/EU.jpg\" alt=\"\" width=\"300\" height=\"112\" srcset=\"https:\/\/archiv.siov.sk\/wp-content\/uploads\/2023\/02\/EU.jpg 300w, https:\/\/archiv.siov.sk\/wp-content\/uploads\/2023\/02\/EU-18x7.jpg 18w\" sizes=\"(max-width: 300px) 100vw, 300px\" \/><\/p>\n<p style=\"text-align: justify;\">\u00dasek celo\u017eivotn\u00e9ho vzdel\u00e1vania (\u0160IOV) realizuje v&nbsp;obdob\u00ed od 1. 1. 2022 \u2013 31. 12. &nbsp;2023 s&nbsp;finan\u010dnou podporou Eur\u00f3pskej komisie\/ERASMUS-EDU-2021-AL-AGENDA-IBA projekt s&nbsp;n\u00e1zvom AL \u2013 Agenda \u2013 N\u00e1rodn\u00fd koordin\u00e1tor Eur\u00f3pskeho programu vzdel\u00e1vania dospel\u00fdch. \u010c\u00edslo projektu: 01051504 \u2014 NC ALA SK.<\/p>","protected":false},"excerpt":{"rendered":"<p>N\u00e1rodn\u00fd koordin\u00e1tor Eur\u00f3pskeho programu vo vzdel\u00e1van\u00ed dospel\u00fdch podporuje motiv\u00e1ciu vzdel\u00e1va\u0165 sa po\u010das cel\u00e9ho \u017eivota N\u00e1rodn\u00fd koordin\u00e1tor Eur\u00f3pskeho programu vzdel\u00e1vania dospel\u00fdch p\u00f4sob\u00ed na \u0160t\u00e1tnom in\u0161tit\u00fate odborn\u00e9ho vzdel\u00e1vania od roku 2018. Jednou z \u00faloh aj snahou \u0160IOV-u je podporova\u0165 politiky v oblasti vzdel\u00e1vania dospel\u00fdch, sk\u00fama\u0165 vybran\u00e9 aspekty, prep\u00e1ja\u0165 akt\u00e9rov, rozv\u00edja\u0165 kapacity a spolupr\u00e1cu v tejto oblasti vzdel\u00e1vania. [&hellip;]<\/p>\n","protected":false},"author":6,"featured_media":3894,"comment_status":"closed","ping_status":"closed","sticky":false,"template":"","format":"standard","meta":{"site-sidebar-layout":"default","site-content-layout":"default","ast-site-content-layout":"default","site-content-style":"default","site-sidebar-style":"default","ast-global-header-display":"","ast-banner-title-visibility":"","ast-main-header-display":"","ast-hfb-above-header-display":"","ast-hfb-below-header-display":"","ast-hfb-mobile-header-display":"","site-post-title":"","ast-breadcrumbs-content":"","ast-featured-img":"","footer-sml-layout":"","ast-disable-related-posts":"","theme-transparent-header-meta":"default","adv-header-id-meta":"","stick-header-meta":"","header-above-stick-meta":"","header-main-stick-meta":"","header-below-stick-meta":"","astra-migrate-meta-layouts":"default","ast-page-background-enabled":"default","ast-page-background-meta":{"desktop":{"background-color":"var(--ast-global-color-4)","background-image":"","background-repeat":"repeat","background-position":"center center","background-size":"auto","background-attachment":"scroll","background-type":"","background-media":"","overlay-type":"","overlay-color":"","overlay-opacity":"","overlay-gradient":""},"tablet":{"background-color":"","background-image":"","background-repeat":"repeat","background-position":"center center","background-size":"auto","background-attachment":"scroll","background-type":"","background-media":"","overlay-type":"","overlay-color":"","overlay-opacity":"","overlay-gradient":""},"mobile":{"background-color":"","background-image":"","background-repeat":"repeat","background-position":"center center","background-size":"auto","background-attachment":"scroll","background-type":"","background-media":"","overlay-type":"","overlay-color":"","overlay-opacity":"","overlay-gradient":""}},"ast-content-background-meta":{"desktop":{"background-color":"var(--ast-global-color-5)","background-image":"","background-repeat":"repeat","background-position":"center center","background-size":"auto","background-attachment":"scroll","background-type":"","background-media":"","overlay-type":"","overlay-color":"","overlay-opacity":"","overlay-gradient":""},"tablet":{"background-color":"var(--ast-global-color-5)","background-image":"","background-repeat":"repeat","background-position":"center center","background-size":"auto","background-attachment":"scroll","background-type":"","background-media":"","overlay-type":"","overlay-color":"","overlay-opacity":"","overlay-gradient":""},"mobile":{"background-color":"var(--ast-global-color-5)","background-image":"","background-repeat":"repeat","background-position":"center center","background-size":"auto","background-attachment":"scroll","background-type":"","background-media":"","overlay-type":"","overlay-color":"","overlay-opacity":"","overlay-gradient":""}},"footnotes":""},"categories":[1],"tags":[],"class_list":["post-13486","post","type-post","status-publish","format-standard","has-post-thumbnail","hentry","category-aktuality"],"yoast_head":"<!-- This site is optimized with the Yoast SEO plugin v27.5 - https:\/\/yoast.com\/product\/yoast-seo-wordpress\/ -->\n<title>Sp\u00fa\u0161\u0165ame kampa\u0148 Nikdy nie je neskoro! - \u0160IOV - \u0161t\u00e1tny in\u0161tit\u00fat odborn\u00e9ho vzdel\u00e1vania<\/title>\n<meta name=\"robots\" content=\"index, follow, max-snippet:-1, max-image-preview:large, max-video-preview:-1\" \/>\n<link rel=\"canonical\" href=\"https:\/\/archiv.siov.sk\/en\/spustame-kampan-nikdy-nie-je-neskoro\/\" \/>\n<meta property=\"og:locale\" content=\"en_GB\" \/>\n<meta property=\"og:type\" content=\"article\" \/>\n<meta property=\"og:title\" content=\"Sp\u00fa\u0161\u0165ame kampa\u0148 Nikdy nie je neskoro! - \u0160IOV - \u0161t\u00e1tny in\u0161tit\u00fat odborn\u00e9ho vzdel\u00e1vania\" \/>\n<meta property=\"og:description\" content=\"N\u00e1rodn\u00fd koordin\u00e1tor Eur\u00f3pskeho programu vo vzdel\u00e1van\u00ed dospel\u00fdch podporuje motiv\u00e1ciu vzdel\u00e1va\u0165 sa po\u010das cel\u00e9ho \u017eivota N\u00e1rodn\u00fd koordin\u00e1tor Eur\u00f3pskeho programu vzdel\u00e1vania dospel\u00fdch p\u00f4sob\u00ed na \u0160t\u00e1tnom in\u0161tit\u00fate odborn\u00e9ho vzdel\u00e1vania od roku 2018. Jednou z \u00faloh aj snahou \u0160IOV-u je podporova\u0165 politiky v oblasti vzdel\u00e1vania dospel\u00fdch, sk\u00fama\u0165 vybran\u00e9 aspekty, prep\u00e1ja\u0165 akt\u00e9rov, rozv\u00edja\u0165 kapacity a spolupr\u00e1cu v tejto oblasti vzdel\u00e1vania. [&hellip;]\" \/>\n<meta property=\"og:url\" content=\"https:\/\/archiv.siov.sk\/en\/spustame-kampan-nikdy-nie-je-neskoro\/\" \/>\n<meta property=\"og:site_name\" content=\"\u0160IOV - \u0161t\u00e1tny in\u0161tit\u00fat odborn\u00e9ho vzdel\u00e1vania\" \/>\n<meta property=\"article:publisher\" content=\"https:\/\/www.facebook.com\/Statnyinstitutodbornehovzdelavania\" \/>\n<meta property=\"article:published_time\" content=\"2023-02-09T15:11:34+00:00\" \/>\n<meta property=\"article:modified_time\" content=\"2023-02-10T09:04:54+00:00\" \/>\n<meta property=\"og:image\" content=\"https:\/\/archiv.siov.sk\/wp-content\/uploads\/2019\/06\/top_news.jpg\" \/>\n\t<meta property=\"og:image:width\" content=\"1100\" \/>\n\t<meta property=\"og:image:height\" content=\"445\" \/>\n\t<meta property=\"og:image:type\" content=\"image\/jpeg\" \/>\n<meta name=\"author\" content=\"Katar\u00edna Kov\u00e1\u010dov\u00e1\" \/>\n<meta name=\"twitter:card\" content=\"summary_large_image\" \/>\n<meta name=\"twitter:label1\" content=\"Written by\" \/>\n\t<meta name=\"twitter:data1\" content=\"Katar\u00edna Kov\u00e1\u010dov\u00e1\" \/>\n\t<meta name=\"twitter:label2\" content=\"Estimated reading time\" \/>\n\t<meta name=\"twitter:data2\" content=\"4 minutes\" \/>\n<script type=\"application\/ld+json\" class=\"yoast-schema-graph\">{\"@context\":\"https:\\\/\\\/schema.org\",\"@graph\":[{\"@type\":\"Article\",\"@id\":\"https:\\\/\\\/archiv.siov.sk\\\/spustame-kampan-nikdy-nie-je-neskoro\\\/#article\",\"isPartOf\":{\"@id\":\"https:\\\/\\\/archiv.siov.sk\\\/spustame-kampan-nikdy-nie-je-neskoro\\\/\"},\"author\":{\"name\":\"Katar\u00edna Kov\u00e1\u010dov\u00e1\",\"@id\":\"https:\\\/\\\/archiv.siov.sk\\\/#\\\/schema\\\/person\\\/e42d633fbd958c6a726e8834d8965e6c\"},\"headline\":\"Sp\u00fa\u0161\u0165ame kampa\u0148 Nikdy nie je neskoro!\",\"datePublished\":\"2023-02-09T15:11:34+00:00\",\"dateModified\":\"2023-02-10T09:04:54+00:00\",\"mainEntityOfPage\":{\"@id\":\"https:\\\/\\\/archiv.siov.sk\\\/spustame-kampan-nikdy-nie-je-neskoro\\\/\"},\"wordCount\":942,\"publisher\":{\"@id\":\"https:\\\/\\\/archiv.siov.sk\\\/#organization\"},\"image\":{\"@id\":\"https:\\\/\\\/archiv.siov.sk\\\/spustame-kampan-nikdy-nie-je-neskoro\\\/#primaryimage\"},\"thumbnailUrl\":\"https:\\\/\\\/archiv.siov.sk\\\/wp-content\\\/uploads\\\/2019\\\/06\\\/top_news.jpg\",\"articleSection\":[\"Aktuality\"],\"inLanguage\":\"en-GB\"},{\"@type\":\"WebPage\",\"@id\":\"https:\\\/\\\/archiv.siov.sk\\\/spustame-kampan-nikdy-nie-je-neskoro\\\/\",\"url\":\"https:\\\/\\\/archiv.siov.sk\\\/spustame-kampan-nikdy-nie-je-neskoro\\\/\",\"name\":\"Sp\u00fa\u0161\u0165ame kampa\u0148 Nikdy nie je neskoro! - \u0160IOV - \u0161t\u00e1tny in\u0161tit\u00fat odborn\u00e9ho vzdel\u00e1vania\",\"isPartOf\":{\"@id\":\"https:\\\/\\\/archiv.siov.sk\\\/#website\"},\"primaryImageOfPage\":{\"@id\":\"https:\\\/\\\/archiv.siov.sk\\\/spustame-kampan-nikdy-nie-je-neskoro\\\/#primaryimage\"},\"image\":{\"@id\":\"https:\\\/\\\/archiv.siov.sk\\\/spustame-kampan-nikdy-nie-je-neskoro\\\/#primaryimage\"},\"thumbnailUrl\":\"https:\\\/\\\/archiv.siov.sk\\\/wp-content\\\/uploads\\\/2019\\\/06\\\/top_news.jpg\",\"datePublished\":\"2023-02-09T15:11:34+00:00\",\"dateModified\":\"2023-02-10T09:04:54+00:00\",\"breadcrumb\":{\"@id\":\"https:\\\/\\\/archiv.siov.sk\\\/spustame-kampan-nikdy-nie-je-neskoro\\\/#breadcrumb\"},\"inLanguage\":\"en-GB\",\"potentialAction\":[{\"@type\":\"ReadAction\",\"target\":[\"https:\\\/\\\/archiv.siov.sk\\\/spustame-kampan-nikdy-nie-je-neskoro\\\/\"]}]},{\"@type\":\"ImageObject\",\"inLanguage\":\"en-GB\",\"@id\":\"https:\\\/\\\/archiv.siov.sk\\\/spustame-kampan-nikdy-nie-je-neskoro\\\/#primaryimage\",\"url\":\"https:\\\/\\\/archiv.siov.sk\\\/wp-content\\\/uploads\\\/2019\\\/06\\\/top_news.jpg\",\"contentUrl\":\"https:\\\/\\\/archiv.siov.sk\\\/wp-content\\\/uploads\\\/2019\\\/06\\\/top_news.jpg\",\"width\":1100,\"height\":445},{\"@type\":\"BreadcrumbList\",\"@id\":\"https:\\\/\\\/archiv.siov.sk\\\/spustame-kampan-nikdy-nie-je-neskoro\\\/#breadcrumb\",\"itemListElement\":[{\"@type\":\"ListItem\",\"position\":1,\"name\":\"Home\",\"item\":\"https:\\\/\\\/archiv.siov.sk\\\/\"},{\"@type\":\"ListItem\",\"position\":2,\"name\":\"Sp\u00fa\u0161\u0165ame kampa\u0148 Nikdy nie je neskoro!\"}]},{\"@type\":\"WebSite\",\"@id\":\"https:\\\/\\\/archiv.siov.sk\\\/#website\",\"url\":\"https:\\\/\\\/archiv.siov.sk\\\/\",\"name\":\"\u0160IOV - \u0161t\u00e1tny in\u0161tit\u00fat odborn\u00e9ho vzdel\u00e1vania\",\"description\":\"\",\"publisher\":{\"@id\":\"https:\\\/\\\/archiv.siov.sk\\\/#organization\"},\"potentialAction\":[{\"@type\":\"SearchAction\",\"target\":{\"@type\":\"EntryPoint\",\"urlTemplate\":\"https:\\\/\\\/archiv.siov.sk\\\/?s={search_term_string}\"},\"query-input\":{\"@type\":\"PropertyValueSpecification\",\"valueRequired\":true,\"valueName\":\"search_term_string\"}}],\"inLanguage\":\"en-GB\"},{\"@type\":\"Organization\",\"@id\":\"https:\\\/\\\/archiv.siov.sk\\\/#organization\",\"name\":\"\u0160IOV - \u0161t\u00e1tny in\u0161tit\u00fat odborn\u00e9ho vzdel\u00e1vania\",\"url\":\"https:\\\/\\\/archiv.siov.sk\\\/\",\"logo\":{\"@type\":\"ImageObject\",\"inLanguage\":\"en-GB\",\"@id\":\"https:\\\/\\\/archiv.siov.sk\\\/#\\\/schema\\\/logo\\\/image\\\/\",\"url\":\"https:\\\/\\\/archiv.siov.sk\\\/wp-content\\\/uploads\\\/2024\\\/02\\\/logo-SIOV.png\",\"contentUrl\":\"https:\\\/\\\/archiv.siov.sk\\\/wp-content\\\/uploads\\\/2024\\\/02\\\/logo-SIOV.png\",\"width\":431,\"height\":143,\"caption\":\"\u0160IOV - \u0161t\u00e1tny in\u0161tit\u00fat odborn\u00e9ho vzdel\u00e1vania\"},\"image\":{\"@id\":\"https:\\\/\\\/archiv.siov.sk\\\/#\\\/schema\\\/logo\\\/image\\\/\"},\"sameAs\":[\"https:\\\/\\\/www.facebook.com\\\/Statnyinstitutodbornehovzdelavania\"]},{\"@type\":\"Person\",\"@id\":\"https:\\\/\\\/archiv.siov.sk\\\/#\\\/schema\\\/person\\\/e42d633fbd958c6a726e8834d8965e6c\",\"name\":\"Katar\u00edna Kov\u00e1\u010dov\u00e1\",\"url\":\"https:\\\/\\\/archiv.siov.sk\\\/en\\\/author\\\/katkakovacova\\\/\"}]}<\/script>\n<!-- \/ Yoast SEO plugin. -->","yoast_head_json":{"title":"Sp\u00fa\u0161\u0165ame kampa\u0148 Nikdy nie je neskoro! - \u0160IOV - \u0161t\u00e1tny in\u0161tit\u00fat odborn\u00e9ho vzdel\u00e1vania","robots":{"index":"index","follow":"follow","max-snippet":"max-snippet:-1","max-image-preview":"max-image-preview:large","max-video-preview":"max-video-preview:-1"},"canonical":"https:\/\/archiv.siov.sk\/en\/spustame-kampan-nikdy-nie-je-neskoro\/","og_locale":"en_GB","og_type":"article","og_title":"Sp\u00fa\u0161\u0165ame kampa\u0148 Nikdy nie je neskoro! - \u0160IOV - \u0161t\u00e1tny in\u0161tit\u00fat odborn\u00e9ho vzdel\u00e1vania","og_description":"N\u00e1rodn\u00fd koordin\u00e1tor Eur\u00f3pskeho programu vo vzdel\u00e1van\u00ed dospel\u00fdch podporuje motiv\u00e1ciu vzdel\u00e1va\u0165 sa po\u010das cel\u00e9ho \u017eivota N\u00e1rodn\u00fd koordin\u00e1tor Eur\u00f3pskeho programu vzdel\u00e1vania dospel\u00fdch p\u00f4sob\u00ed na \u0160t\u00e1tnom in\u0161tit\u00fate odborn\u00e9ho vzdel\u00e1vania od roku 2018. Jednou z \u00faloh aj snahou \u0160IOV-u je podporova\u0165 politiky v oblasti vzdel\u00e1vania dospel\u00fdch, sk\u00fama\u0165 vybran\u00e9 aspekty, prep\u00e1ja\u0165 akt\u00e9rov, rozv\u00edja\u0165 kapacity a spolupr\u00e1cu v tejto oblasti vzdel\u00e1vania. [&hellip;]","og_url":"https:\/\/archiv.siov.sk\/en\/spustame-kampan-nikdy-nie-je-neskoro\/","og_site_name":"\u0160IOV - \u0161t\u00e1tny in\u0161tit\u00fat odborn\u00e9ho vzdel\u00e1vania","article_publisher":"https:\/\/www.facebook.com\/Statnyinstitutodbornehovzdelavania","article_published_time":"2023-02-09T15:11:34+00:00","article_modified_time":"2023-02-10T09:04:54+00:00","og_image":[{"width":1100,"height":445,"url":"https:\/\/archiv.siov.sk\/wp-content\/uploads\/2019\/06\/top_news.jpg","type":"image\/jpeg"}],"author":"Katar\u00edna Kov\u00e1\u010dov\u00e1","twitter_card":"summary_large_image","twitter_misc":{"Written by":"Katar\u00edna Kov\u00e1\u010dov\u00e1","Estimated reading time":"4 minutes"},"schema":{"@context":"https:\/\/schema.org","@graph":[{"@type":"Article","@id":"https:\/\/archiv.siov.sk\/spustame-kampan-nikdy-nie-je-neskoro\/#article","isPartOf":{"@id":"https:\/\/archiv.siov.sk\/spustame-kampan-nikdy-nie-je-neskoro\/"},"author":{"name":"Katar\u00edna Kov\u00e1\u010dov\u00e1","@id":"https:\/\/archiv.siov.sk\/#\/schema\/person\/e42d633fbd958c6a726e8834d8965e6c"},"headline":"Sp\u00fa\u0161\u0165ame kampa\u0148 Nikdy nie je neskoro!","datePublished":"2023-02-09T15:11:34+00:00","dateModified":"2023-02-10T09:04:54+00:00","mainEntityOfPage":{"@id":"https:\/\/archiv.siov.sk\/spustame-kampan-nikdy-nie-je-neskoro\/"},"wordCount":942,"publisher":{"@id":"https:\/\/archiv.siov.sk\/#organization"},"image":{"@id":"https:\/\/archiv.siov.sk\/spustame-kampan-nikdy-nie-je-neskoro\/#primaryimage"},"thumbnailUrl":"https:\/\/archiv.siov.sk\/wp-content\/uploads\/2019\/06\/top_news.jpg","articleSection":["Aktuality"],"inLanguage":"en-GB"},{"@type":"WebPage","@id":"https:\/\/archiv.siov.sk\/spustame-kampan-nikdy-nie-je-neskoro\/","url":"https:\/\/archiv.siov.sk\/spustame-kampan-nikdy-nie-je-neskoro\/","name":"Sp\u00fa\u0161\u0165ame kampa\u0148 Nikdy nie je neskoro! - \u0160IOV - \u0161t\u00e1tny in\u0161tit\u00fat odborn\u00e9ho vzdel\u00e1vania","isPartOf":{"@id":"https:\/\/archiv.siov.sk\/#website"},"primaryImageOfPage":{"@id":"https:\/\/archiv.siov.sk\/spustame-kampan-nikdy-nie-je-neskoro\/#primaryimage"},"image":{"@id":"https:\/\/archiv.siov.sk\/spustame-kampan-nikdy-nie-je-neskoro\/#primaryimage"},"thumbnailUrl":"https:\/\/archiv.siov.sk\/wp-content\/uploads\/2019\/06\/top_news.jpg","datePublished":"2023-02-09T15:11:34+00:00","dateModified":"2023-02-10T09:04:54+00:00","breadcrumb":{"@id":"https:\/\/archiv.siov.sk\/spustame-kampan-nikdy-nie-je-neskoro\/#breadcrumb"},"inLanguage":"en-GB","potentialAction":[{"@type":"ReadAction","target":["https:\/\/archiv.siov.sk\/spustame-kampan-nikdy-nie-je-neskoro\/"]}]},{"@type":"ImageObject","inLanguage":"en-GB","@id":"https:\/\/archiv.siov.sk\/spustame-kampan-nikdy-nie-je-neskoro\/#primaryimage","url":"https:\/\/archiv.siov.sk\/wp-content\/uploads\/2019\/06\/top_news.jpg","contentUrl":"https:\/\/archiv.siov.sk\/wp-content\/uploads\/2019\/06\/top_news.jpg","width":1100,"height":445},{"@type":"BreadcrumbList","@id":"https:\/\/archiv.siov.sk\/spustame-kampan-nikdy-nie-je-neskoro\/#breadcrumb","itemListElement":[{"@type":"ListItem","position":1,"name":"Home","item":"https:\/\/archiv.siov.sk\/"},{"@type":"ListItem","position":2,"name":"Sp\u00fa\u0161\u0165ame kampa\u0148 Nikdy nie je neskoro!"}]},{"@type":"WebSite","@id":"https:\/\/archiv.siov.sk\/#website","url":"https:\/\/archiv.siov.sk\/","name":"\u0160IOV - \u0161t\u00e1tny in\u0161tit\u00fat odborn\u00e9ho vzdel\u00e1vania","description":"","publisher":{"@id":"https:\/\/archiv.siov.sk\/#organization"},"potentialAction":[{"@type":"SearchAction","target":{"@type":"EntryPoint","urlTemplate":"https:\/\/archiv.siov.sk\/?s={search_term_string}"},"query-input":{"@type":"PropertyValueSpecification","valueRequired":true,"valueName":"search_term_string"}}],"inLanguage":"en-GB"},{"@type":"Organization","@id":"https:\/\/archiv.siov.sk\/#organization","name":"\u0160IOV - \u0161t\u00e1tny in\u0161tit\u00fat odborn\u00e9ho vzdel\u00e1vania","url":"https:\/\/archiv.siov.sk\/","logo":{"@type":"ImageObject","inLanguage":"en-GB","@id":"https:\/\/archiv.siov.sk\/#\/schema\/logo\/image\/","url":"https:\/\/archiv.siov.sk\/wp-content\/uploads\/2024\/02\/logo-SIOV.png","contentUrl":"https:\/\/archiv.siov.sk\/wp-content\/uploads\/2024\/02\/logo-SIOV.png","width":431,"height":143,"caption":"\u0160IOV - \u0161t\u00e1tny in\u0161tit\u00fat odborn\u00e9ho vzdel\u00e1vania"},"image":{"@id":"https:\/\/archiv.siov.sk\/#\/schema\/logo\/image\/"},"sameAs":["https:\/\/www.facebook.com\/Statnyinstitutodbornehovzdelavania"]},{"@type":"Person","@id":"https:\/\/archiv.siov.sk\/#\/schema\/person\/e42d633fbd958c6a726e8834d8965e6c","name":"Katar\u00edna Kov\u00e1\u010dov\u00e1","url":"https:\/\/archiv.siov.sk\/en\/author\/katkakovacova\/"}]}},"_links":{"self":[{"href":"https:\/\/archiv.siov.sk\/en\/wp-json\/wp\/v2\/posts\/13486","targetHints":{"allow":["GET"]}}],"collection":[{"href":"https:\/\/archiv.siov.sk\/en\/wp-json\/wp\/v2\/posts"}],"about":[{"href":"https:\/\/archiv.siov.sk\/en\/wp-json\/wp\/v2\/types\/post"}],"author":[{"embeddable":true,"href":"https:\/\/archiv.siov.sk\/en\/wp-json\/wp\/v2\/users\/6"}],"replies":[{"embeddable":true,"href":"https:\/\/archiv.siov.sk\/en\/wp-json\/wp\/v2\/comments?post=13486"}],"version-history":[{"count":4,"href":"https:\/\/archiv.siov.sk\/en\/wp-json\/wp\/v2\/posts\/13486\/revisions"}],"predecessor-version":[{"id":13492,"href":"https:\/\/archiv.siov.sk\/en\/wp-json\/wp\/v2\/posts\/13486\/revisions\/13492"}],"wp:featuredmedia":[{"embeddable":true,"href":"https:\/\/archiv.siov.sk\/en\/wp-json\/wp\/v2\/media\/3894"}],"wp:attachment":[{"href":"https:\/\/archiv.siov.sk\/en\/wp-json\/wp\/v2\/media?parent=13486"}],"wp:term":[{"taxonomy":"category","embeddable":true,"href":"https:\/\/archiv.siov.sk\/en\/wp-json\/wp\/v2\/categories?post=13486"},{"taxonomy":"post_tag","embeddable":true,"href":"https:\/\/archiv.siov.sk\/en\/wp-json\/wp\/v2\/tags?post=13486"}],"curies":[{"name":"wp","href":"https:\/\/api.w.org\/{rel}","templated":true}]}}