{"id":13452,"date":"2023-02-07T14:19:04","date_gmt":"2023-02-07T13:19:04","guid":{"rendered":"https:\/\/archiv.siov.sk\/?p=13452"},"modified":"2025-07-03T14:14:29","modified_gmt":"2025-07-03T12:14:29","slug":"europsky-rok-zrucnosti-2023-podpora-konkurencieschopnosti-ucasti-a-talentu","status":"publish","type":"post","link":"https:\/\/archiv.siov.sk\/en\/europsky-rok-zrucnosti-2023-podpora-konkurencieschopnosti-ucasti-a-talentu\/","title":{"rendered":"Eur\u00f3psky rok zru\u010dnost\u00ed 2023 &#8211; podpora konkurencieschopnosti, \u00fa\u010dasti a talentu"},"content":{"rendered":"<p style=\"text-align: justify;\">V r\u00e1mci Eur\u00f3pskeho roka zru\u010dnost\u00ed 2023 Komisia v spolupr\u00e1ci s Eur\u00f3pskym parlamentom, \u010dlensk\u00fdmi \u0161t\u00e1tmi, soci\u00e1lnymi partnermi, verejn\u00fdmi a s\u00fakromn\u00fdmi slu\u017ebami zamestnanosti, obchodn\u00fdmi a priemyseln\u00fdmi komorami, poskytovate\u013emi vzdel\u00e1vania a odbornej pr\u00edpravy, pracovn\u00edkmi a podnikmi spolo\u010dne navrhuje da\u0165 celo\u017eivotn\u00e9mu vzdel\u00e1vaniu nov\u00fd impulz a\u00a0to cez:<\/p>\n<ul>\n<li>Podporu zv\u00fd\u0161en\u00fdch, \u00fa\u010dinnej\u0161\u00edch a inkluz\u00edvnej\u0161\u00edch <strong>invest\u00edci\u00ed do odbornej pr\u00edpravy a zvy\u0161ovania kvalifik\u00e1cie<\/strong>\u00a0s cie\u013eom plne vyu\u017ei\u0165 potenci\u00e1l eur\u00f3pskej pracovnej sily a podpori\u0165 \u013eud\u00ed pri zmene zamestnania.<\/li>\n<li>Zabezpe\u010denie, aby <strong>zru\u010dnosti zodpovedali potreb\u00e1m<\/strong>\u00a0trhu pr\u00e1ce, a to aj prostredn\u00edctvom spolupr\u00e1ce so soci\u00e1lnymi partnermi a podnikmi.<\/li>\n<li><strong>Zos\u00faladenie a\u0161pir\u00e1ci\u00ed a zru\u010dnost\u00ed \u013eud\u00ed s pr\u00edle\u017eitos\u0165ami na trhu pr\u00e1ce<\/strong>, najm\u00e4 v s\u00favislosti s ekologick\u00fdm a digit\u00e1lnym prechodom a hospod\u00e1rskym o\u017eiven\u00edm. Osobitn\u00fd d\u00f4raz sa bude kl\u00e1s\u0165 na aktiviz\u00e1ciu v\u00e4\u010d\u0161ieho po\u010dtu \u013eud\u00ed pre trh pr\u00e1ce, najm\u00e4 \u017eien a mlad\u00fdch \u013eud\u00ed, a najm\u00e4 t\u00fdch, ktor\u00ed nie s\u00fa v procese vzdel\u00e1vania, nie s\u00fa zamestnan\u00ed a ani sa nez\u00fa\u010dast\u0148uj\u00fa odbornej pr\u00edpravy.<\/li>\n<li><strong>Pril\u00e1kanie \u013eud\u00ed z tret\u00edch kraj\u00edn s kvalifik\u00e1ciou, ktor\u00fa E\u00da potrebuje<\/strong>, a to aj posilnen\u00edm mo\u017enost\u00ed vzdel\u00e1vania a mobility a u\u013eah\u010den\u00edm uzn\u00e1vania kvalifik\u00e1ci\u00ed.<\/li>\n<\/ul>\n<p style=\"text-align: justify;\">Cie\u013eom navrhovan\u00e9ho Eur\u00f3pskeho roka zru\u010dnost\u00ed je tie\u017e pom\u00f4c\u0165 \u010falej rozv\u00edja\u0165 n\u00e1stroje na z\u00edskavanie inform\u00e1ci\u00ed o zru\u010dnostiach a podporova\u0165 n\u00e1stroje a pom\u00f4cky na zv\u00fd\u0161enie transparentnosti a jednoduch\u0161ie uzn\u00e1vanie kvalifik\u00e1ci\u00ed, vr\u00e1tane kvalifik\u00e1ci\u00ed udelen\u00fdch mimo E\u00da.<\/p>\n<h5><strong>Webov\u00e1 str\u00e1nka Eur\u00f3pskeho roka zru\u010dnost\u00ed je dostupn\u00e1: <\/strong><a href=\"https:\/\/year-of-skills.europa.eu\/index_en\">Homepage (europa.eu)<\/a><\/h5>\n<p>&nbsp;<\/p>\n<p style=\"text-align: justify;\">Iniciat\u00edva N\u00e1rodn\u00fd koordin\u00e1tor Eur\u00f3pskeho programu vzdel\u00e1vania dospel\u00fdch, ktor\u00fa realizujeme na \u00daseku celo\u017eivotn\u00e9ho vzdel\u00e1vania, tie\u017e svojimi aktivitami prispieva k\u00a0podpore rozvoja odborn\u00fdch ale aj \u201em\u00e4kk\u00fdch\u201c zru\u010dnost\u00ed. Od febru\u00e1ra 2023 pl\u00e1nujeme v\u00a0tejto s\u00favislosti spusti\u0165 kampa\u0148 <strong>Nikdy nie je neskoro!<\/strong>, ktorej hlavn\u00fdm cie\u013eom bude motivova\u0165 k\u00a0neust\u00e1lemu zdokona\u013eovaniu zru\u010dnost\u00ed potrebn\u00fdch pre \u017eivot.<\/p>\n<p>Viac inform\u00e1ci\u00ed n\u00e1jdete: <a href=\"https:\/\/zakladnezrucnosti.sk\/\">www.vzdelavaniedospelych.sk<\/a><\/p>\n<figure id=\"attachment_19606\" aria-describedby=\"caption-attachment-19606\" style=\"width: 400px\" class=\"wp-caption aligncenter\"><img decoding=\"async\" class=\"wp-image-19606\" src=\"https:\/\/archiv.siov.sk\/wp-content\/uploads\/2025\/06\/spolufinancovane-EU-300x86.png\" alt=\"spolufinancovany EU logo\" width=\"400\" height=\"114\" srcset=\"https:\/\/archiv.siov.sk\/wp-content\/uploads\/2025\/06\/spolufinancovane-EU-300x86.png 300w, https:\/\/archiv.siov.sk\/wp-content\/uploads\/2025\/06\/spolufinancovane-EU-18x5.png 18w, https:\/\/archiv.siov.sk\/wp-content\/uploads\/2025\/06\/spolufinancovane-EU.png 600w\" sizes=\"(max-width: 400px) 100vw, 400px\" \/><figcaption id=\"caption-attachment-19606\" class=\"wp-caption-text\">Financovan\u00e9 Eur\u00f3pskou \u00faniou. Vyjadren\u00e9 n\u00e1zory a postoje s\u00fa n\u00e1zormi a vyhl\u00e1seniami autora a nemusia nevyhnutne odr\u00e1\u017ea\u0165 n\u00e1zory a stanovisk\u00e1 Eur\u00f3pskej \u00fanie alebo Eur\u00f3pskej v\u00fdkonnej agent\u00fary pre vzdel\u00e1vanie a kult\u00faru (EACEA). Eur\u00f3pska \u00fania ani EACEA za ne nepreberaj\u00fa \u017eiadnu zodpovednos\u0165.<\/figcaption><\/figure>","protected":false},"excerpt":{"rendered":"<p>V r\u00e1mci Eur\u00f3pskeho roka zru\u010dnost\u00ed 2023 Komisia v spolupr\u00e1ci s Eur\u00f3pskym parlamentom, \u010dlensk\u00fdmi \u0161t\u00e1tmi, soci\u00e1lnymi partnermi, verejn\u00fdmi a s\u00fakromn\u00fdmi slu\u017ebami zamestnanosti, obchodn\u00fdmi a priemyseln\u00fdmi komorami, poskytovate\u013emi vzdel\u00e1vania a odbornej pr\u00edpravy, pracovn\u00edkmi a podnikmi spolo\u010dne navrhuje da\u0165 celo\u017eivotn\u00e9mu vzdel\u00e1vaniu nov\u00fd impulz a\u00a0to cez: Podporu zv\u00fd\u0161en\u00fdch, \u00fa\u010dinnej\u0161\u00edch a inkluz\u00edvnej\u0161\u00edch invest\u00edci\u00ed do odbornej pr\u00edpravy a zvy\u0161ovania kvalifik\u00e1cie\u00a0s cie\u013eom [&hellip;]<\/p>\n","protected":false},"author":6,"featured_media":13454,"comment_status":"closed","ping_status":"closed","sticky":false,"template":"","format":"standard","meta":{"site-sidebar-layout":"default","site-content-layout":"default","ast-site-content-layout":"default","site-content-style":"default","site-sidebar-style":"default","ast-global-header-display":"","ast-banner-title-visibility":"","ast-main-header-display":"","ast-hfb-above-header-display":"","ast-hfb-below-header-display":"","ast-hfb-mobile-header-display":"","site-post-title":"","ast-breadcrumbs-content":"","ast-featured-img":"","footer-sml-layout":"","ast-disable-related-posts":"","theme-transparent-header-meta":"default","adv-header-id-meta":"","stick-header-meta":"default","header-above-stick-meta":"","header-main-stick-meta":"","header-below-stick-meta":"","astra-migrate-meta-layouts":"set","ast-page-background-enabled":"default","ast-page-background-meta":{"desktop":{"background-color":"var(--ast-global-color-4)","background-image":"","background-repeat":"repeat","background-position":"center center","background-size":"auto","background-attachment":"scroll","background-type":"","background-media":"","overlay-type":"","overlay-color":"","overlay-opacity":"","overlay-gradient":""},"tablet":{"background-color":"","background-image":"","background-repeat":"repeat","background-position":"center center","background-size":"auto","background-attachment":"scroll","background-type":"","background-media":"","overlay-type":"","overlay-color":"","overlay-opacity":"","overlay-gradient":""},"mobile":{"background-color":"","background-image":"","background-repeat":"repeat","background-position":"center center","background-size":"auto","background-attachment":"scroll","background-type":"","background-media":"","overlay-type":"","overlay-color":"","overlay-opacity":"","overlay-gradient":""}},"ast-content-background-meta":{"desktop":{"background-color":"var(--ast-global-color-5)","background-image":"","background-repeat":"repeat","background-position":"center center","background-size":"auto","background-attachment":"scroll","background-type":"","background-media":"","overlay-type":"","overlay-color":"","overlay-opacity":"","overlay-gradient":""},"tablet":{"background-color":"var(--ast-global-color-5)","background-image":"","background-repeat":"repeat","background-position":"center center","background-size":"auto","background-attachment":"scroll","background-type":"","background-media":"","overlay-type":"","overlay-color":"","overlay-opacity":"","overlay-gradient":""},"mobile":{"background-color":"var(--ast-global-color-5)","background-image":"","background-repeat":"repeat","background-position":"center center","background-size":"auto","background-attachment":"scroll","background-type":"","background-media":"","overlay-type":"","overlay-color":"","overlay-opacity":"","overlay-gradient":""}},"footnotes":""},"categories":[1],"tags":[],"class_list":["post-13452","post","type-post","status-publish","format-standard","has-post-thumbnail","hentry","category-aktuality"],"yoast_head":"<!-- This site is optimized with the Yoast SEO plugin v27.5 - https:\/\/yoast.com\/product\/yoast-seo-wordpress\/ -->\n<title>Eur\u00f3psky rok zru\u010dnost\u00ed 2023 - podpora konkurencieschopnosti, \u00fa\u010dasti a talentu - \u0160IOV - \u0161t\u00e1tny in\u0161tit\u00fat odborn\u00e9ho vzdel\u00e1vania<\/title>\n<meta name=\"robots\" content=\"index, follow, max-snippet:-1, max-image-preview:large, max-video-preview:-1\" \/>\n<link rel=\"canonical\" href=\"https:\/\/archiv.siov.sk\/en\/europsky-rok-zrucnosti-2023-podpora-konkurencieschopnosti-ucasti-a-talentu\/\" \/>\n<meta property=\"og:locale\" content=\"en_GB\" \/>\n<meta property=\"og:type\" content=\"article\" \/>\n<meta property=\"og:title\" content=\"Eur\u00f3psky rok zru\u010dnost\u00ed 2023 - podpora konkurencieschopnosti, \u00fa\u010dasti a talentu - \u0160IOV - \u0161t\u00e1tny in\u0161tit\u00fat odborn\u00e9ho vzdel\u00e1vania\" \/>\n<meta property=\"og:description\" content=\"V r\u00e1mci Eur\u00f3pskeho roka zru\u010dnost\u00ed 2023 Komisia v spolupr\u00e1ci s Eur\u00f3pskym parlamentom, \u010dlensk\u00fdmi \u0161t\u00e1tmi, soci\u00e1lnymi partnermi, verejn\u00fdmi a s\u00fakromn\u00fdmi slu\u017ebami zamestnanosti, obchodn\u00fdmi a priemyseln\u00fdmi komorami, poskytovate\u013emi vzdel\u00e1vania a odbornej pr\u00edpravy, pracovn\u00edkmi a podnikmi spolo\u010dne navrhuje da\u0165 celo\u017eivotn\u00e9mu vzdel\u00e1vaniu nov\u00fd impulz a\u00a0to cez: Podporu zv\u00fd\u0161en\u00fdch, \u00fa\u010dinnej\u0161\u00edch a inkluz\u00edvnej\u0161\u00edch invest\u00edci\u00ed do odbornej pr\u00edpravy a zvy\u0161ovania kvalifik\u00e1cie\u00a0s cie\u013eom [&hellip;]\" \/>\n<meta property=\"og:url\" content=\"https:\/\/archiv.siov.sk\/en\/europsky-rok-zrucnosti-2023-podpora-konkurencieschopnosti-ucasti-a-talentu\/\" \/>\n<meta property=\"og:site_name\" content=\"\u0160IOV - \u0161t\u00e1tny in\u0161tit\u00fat odborn\u00e9ho vzdel\u00e1vania\" \/>\n<meta property=\"article:publisher\" content=\"https:\/\/www.facebook.com\/Statnyinstitutodbornehovzdelavania\" \/>\n<meta property=\"article:published_time\" content=\"2023-02-07T13:19:04+00:00\" \/>\n<meta property=\"article:modified_time\" content=\"2025-07-03T12:14:29+00:00\" \/>\n<meta property=\"og:image\" content=\"https:\/\/archiv.siov.sk\/wp-content\/uploads\/2023\/02\/eys_logo_unofficial.png\" \/>\n\t<meta property=\"og:image:width\" content=\"991\" \/>\n\t<meta property=\"og:image:height\" content=\"649\" \/>\n\t<meta property=\"og:image:type\" content=\"image\/png\" \/>\n<meta name=\"author\" content=\"Katar\u00edna Kov\u00e1\u010dov\u00e1\" \/>\n<meta name=\"twitter:card\" content=\"summary_large_image\" \/>\n<meta name=\"twitter:label1\" content=\"Written by\" \/>\n\t<meta name=\"twitter:data1\" content=\"Katar\u00edna Kov\u00e1\u010dov\u00e1\" \/>\n\t<meta name=\"twitter:label2\" content=\"Estimated reading time\" \/>\n\t<meta name=\"twitter:data2\" content=\"2 minutes\" \/>\n<script type=\"application\/ld+json\" class=\"yoast-schema-graph\">{\"@context\":\"https:\\\/\\\/schema.org\",\"@graph\":[{\"@type\":\"Article\",\"@id\":\"https:\\\/\\\/archiv.siov.sk\\\/europsky-rok-zrucnosti-2023-podpora-konkurencieschopnosti-ucasti-a-talentu\\\/#article\",\"isPartOf\":{\"@id\":\"https:\\\/\\\/archiv.siov.sk\\\/europsky-rok-zrucnosti-2023-podpora-konkurencieschopnosti-ucasti-a-talentu\\\/\"},\"author\":{\"name\":\"Katar\u00edna Kov\u00e1\u010dov\u00e1\",\"@id\":\"https:\\\/\\\/archiv.siov.sk\\\/#\\\/schema\\\/person\\\/e42d633fbd958c6a726e8834d8965e6c\"},\"headline\":\"Eur\u00f3psky rok zru\u010dnost\u00ed 2023 &#8211; podpora konkurencieschopnosti, \u00fa\u010dasti a talentu\",\"datePublished\":\"2023-02-07T13:19:04+00:00\",\"dateModified\":\"2025-07-03T12:14:29+00:00\",\"mainEntityOfPage\":{\"@id\":\"https:\\\/\\\/archiv.siov.sk\\\/europsky-rok-zrucnosti-2023-podpora-konkurencieschopnosti-ucasti-a-talentu\\\/\"},\"wordCount\":459,\"publisher\":{\"@id\":\"https:\\\/\\\/archiv.siov.sk\\\/#organization\"},\"image\":{\"@id\":\"https:\\\/\\\/archiv.siov.sk\\\/europsky-rok-zrucnosti-2023-podpora-konkurencieschopnosti-ucasti-a-talentu\\\/#primaryimage\"},\"thumbnailUrl\":\"https:\\\/\\\/archiv.siov.sk\\\/wp-content\\\/uploads\\\/2023\\\/02\\\/eys_logo_unofficial.png\",\"articleSection\":[\"Aktuality\"],\"inLanguage\":\"en-GB\"},{\"@type\":\"WebPage\",\"@id\":\"https:\\\/\\\/archiv.siov.sk\\\/europsky-rok-zrucnosti-2023-podpora-konkurencieschopnosti-ucasti-a-talentu\\\/\",\"url\":\"https:\\\/\\\/archiv.siov.sk\\\/europsky-rok-zrucnosti-2023-podpora-konkurencieschopnosti-ucasti-a-talentu\\\/\",\"name\":\"Eur\u00f3psky rok zru\u010dnost\u00ed 2023 - podpora konkurencieschopnosti, \u00fa\u010dasti a talentu - \u0160IOV - \u0161t\u00e1tny in\u0161tit\u00fat odborn\u00e9ho vzdel\u00e1vania\",\"isPartOf\":{\"@id\":\"https:\\\/\\\/archiv.siov.sk\\\/#website\"},\"primaryImageOfPage\":{\"@id\":\"https:\\\/\\\/archiv.siov.sk\\\/europsky-rok-zrucnosti-2023-podpora-konkurencieschopnosti-ucasti-a-talentu\\\/#primaryimage\"},\"image\":{\"@id\":\"https:\\\/\\\/archiv.siov.sk\\\/europsky-rok-zrucnosti-2023-podpora-konkurencieschopnosti-ucasti-a-talentu\\\/#primaryimage\"},\"thumbnailUrl\":\"https:\\\/\\\/archiv.siov.sk\\\/wp-content\\\/uploads\\\/2023\\\/02\\\/eys_logo_unofficial.png\",\"datePublished\":\"2023-02-07T13:19:04+00:00\",\"dateModified\":\"2025-07-03T12:14:29+00:00\",\"breadcrumb\":{\"@id\":\"https:\\\/\\\/archiv.siov.sk\\\/europsky-rok-zrucnosti-2023-podpora-konkurencieschopnosti-ucasti-a-talentu\\\/#breadcrumb\"},\"inLanguage\":\"en-GB\",\"potentialAction\":[{\"@type\":\"ReadAction\",\"target\":[\"https:\\\/\\\/archiv.siov.sk\\\/europsky-rok-zrucnosti-2023-podpora-konkurencieschopnosti-ucasti-a-talentu\\\/\"]}]},{\"@type\":\"ImageObject\",\"inLanguage\":\"en-GB\",\"@id\":\"https:\\\/\\\/archiv.siov.sk\\\/europsky-rok-zrucnosti-2023-podpora-konkurencieschopnosti-ucasti-a-talentu\\\/#primaryimage\",\"url\":\"https:\\\/\\\/archiv.siov.sk\\\/wp-content\\\/uploads\\\/2023\\\/02\\\/eys_logo_unofficial.png\",\"contentUrl\":\"https:\\\/\\\/archiv.siov.sk\\\/wp-content\\\/uploads\\\/2023\\\/02\\\/eys_logo_unofficial.png\",\"width\":991,\"height\":649},{\"@type\":\"BreadcrumbList\",\"@id\":\"https:\\\/\\\/archiv.siov.sk\\\/europsky-rok-zrucnosti-2023-podpora-konkurencieschopnosti-ucasti-a-talentu\\\/#breadcrumb\",\"itemListElement\":[{\"@type\":\"ListItem\",\"position\":1,\"name\":\"Home\",\"item\":\"https:\\\/\\\/archiv.siov.sk\\\/\"},{\"@type\":\"ListItem\",\"position\":2,\"name\":\"Eur\u00f3psky rok zru\u010dnost\u00ed 2023 &#8211; podpora konkurencieschopnosti, \u00fa\u010dasti a talentu\"}]},{\"@type\":\"WebSite\",\"@id\":\"https:\\\/\\\/archiv.siov.sk\\\/#website\",\"url\":\"https:\\\/\\\/archiv.siov.sk\\\/\",\"name\":\"\u0160IOV - \u0161t\u00e1tny in\u0161tit\u00fat odborn\u00e9ho vzdel\u00e1vania\",\"description\":\"\",\"publisher\":{\"@id\":\"https:\\\/\\\/archiv.siov.sk\\\/#organization\"},\"potentialAction\":[{\"@type\":\"SearchAction\",\"target\":{\"@type\":\"EntryPoint\",\"urlTemplate\":\"https:\\\/\\\/archiv.siov.sk\\\/?s={search_term_string}\"},\"query-input\":{\"@type\":\"PropertyValueSpecification\",\"valueRequired\":true,\"valueName\":\"search_term_string\"}}],\"inLanguage\":\"en-GB\"},{\"@type\":\"Organization\",\"@id\":\"https:\\\/\\\/archiv.siov.sk\\\/#organization\",\"name\":\"\u0160IOV - \u0161t\u00e1tny in\u0161tit\u00fat odborn\u00e9ho vzdel\u00e1vania\",\"url\":\"https:\\\/\\\/archiv.siov.sk\\\/\",\"logo\":{\"@type\":\"ImageObject\",\"inLanguage\":\"en-GB\",\"@id\":\"https:\\\/\\\/archiv.siov.sk\\\/#\\\/schema\\\/logo\\\/image\\\/\",\"url\":\"https:\\\/\\\/archiv.siov.sk\\\/wp-content\\\/uploads\\\/2024\\\/02\\\/logo-SIOV.png\",\"contentUrl\":\"https:\\\/\\\/archiv.siov.sk\\\/wp-content\\\/uploads\\\/2024\\\/02\\\/logo-SIOV.png\",\"width\":431,\"height\":143,\"caption\":\"\u0160IOV - \u0161t\u00e1tny in\u0161tit\u00fat odborn\u00e9ho vzdel\u00e1vania\"},\"image\":{\"@id\":\"https:\\\/\\\/archiv.siov.sk\\\/#\\\/schema\\\/logo\\\/image\\\/\"},\"sameAs\":[\"https:\\\/\\\/www.facebook.com\\\/Statnyinstitutodbornehovzdelavania\"]},{\"@type\":\"Person\",\"@id\":\"https:\\\/\\\/archiv.siov.sk\\\/#\\\/schema\\\/person\\\/e42d633fbd958c6a726e8834d8965e6c\",\"name\":\"Katar\u00edna Kov\u00e1\u010dov\u00e1\",\"url\":\"https:\\\/\\\/archiv.siov.sk\\\/en\\\/author\\\/katkakovacova\\\/\"}]}<\/script>\n<!-- \/ Yoast SEO plugin. -->","yoast_head_json":{"title":"Eur\u00f3psky rok zru\u010dnost\u00ed 2023 - podpora konkurencieschopnosti, \u00fa\u010dasti a talentu - \u0160IOV - \u0161t\u00e1tny in\u0161tit\u00fat odborn\u00e9ho vzdel\u00e1vania","robots":{"index":"index","follow":"follow","max-snippet":"max-snippet:-1","max-image-preview":"max-image-preview:large","max-video-preview":"max-video-preview:-1"},"canonical":"https:\/\/archiv.siov.sk\/en\/europsky-rok-zrucnosti-2023-podpora-konkurencieschopnosti-ucasti-a-talentu\/","og_locale":"en_GB","og_type":"article","og_title":"Eur\u00f3psky rok zru\u010dnost\u00ed 2023 - podpora konkurencieschopnosti, \u00fa\u010dasti a talentu - \u0160IOV - \u0161t\u00e1tny in\u0161tit\u00fat odborn\u00e9ho vzdel\u00e1vania","og_description":"V r\u00e1mci Eur\u00f3pskeho roka zru\u010dnost\u00ed 2023 Komisia v spolupr\u00e1ci s Eur\u00f3pskym parlamentom, \u010dlensk\u00fdmi \u0161t\u00e1tmi, soci\u00e1lnymi partnermi, verejn\u00fdmi a s\u00fakromn\u00fdmi slu\u017ebami zamestnanosti, obchodn\u00fdmi a priemyseln\u00fdmi komorami, poskytovate\u013emi vzdel\u00e1vania a odbornej pr\u00edpravy, pracovn\u00edkmi a podnikmi spolo\u010dne navrhuje da\u0165 celo\u017eivotn\u00e9mu vzdel\u00e1vaniu nov\u00fd impulz a\u00a0to cez: Podporu zv\u00fd\u0161en\u00fdch, \u00fa\u010dinnej\u0161\u00edch a inkluz\u00edvnej\u0161\u00edch invest\u00edci\u00ed do odbornej pr\u00edpravy a zvy\u0161ovania kvalifik\u00e1cie\u00a0s cie\u013eom [&hellip;]","og_url":"https:\/\/archiv.siov.sk\/en\/europsky-rok-zrucnosti-2023-podpora-konkurencieschopnosti-ucasti-a-talentu\/","og_site_name":"\u0160IOV - \u0161t\u00e1tny in\u0161tit\u00fat odborn\u00e9ho vzdel\u00e1vania","article_publisher":"https:\/\/www.facebook.com\/Statnyinstitutodbornehovzdelavania","article_published_time":"2023-02-07T13:19:04+00:00","article_modified_time":"2025-07-03T12:14:29+00:00","og_image":[{"width":991,"height":649,"url":"https:\/\/archiv.siov.sk\/wp-content\/uploads\/2023\/02\/eys_logo_unofficial.png","type":"image\/png"}],"author":"Katar\u00edna Kov\u00e1\u010dov\u00e1","twitter_card":"summary_large_image","twitter_misc":{"Written by":"Katar\u00edna Kov\u00e1\u010dov\u00e1","Estimated reading time":"2 minutes"},"schema":{"@context":"https:\/\/schema.org","@graph":[{"@type":"Article","@id":"https:\/\/archiv.siov.sk\/europsky-rok-zrucnosti-2023-podpora-konkurencieschopnosti-ucasti-a-talentu\/#article","isPartOf":{"@id":"https:\/\/archiv.siov.sk\/europsky-rok-zrucnosti-2023-podpora-konkurencieschopnosti-ucasti-a-talentu\/"},"author":{"name":"Katar\u00edna Kov\u00e1\u010dov\u00e1","@id":"https:\/\/archiv.siov.sk\/#\/schema\/person\/e42d633fbd958c6a726e8834d8965e6c"},"headline":"Eur\u00f3psky rok zru\u010dnost\u00ed 2023 &#8211; podpora konkurencieschopnosti, \u00fa\u010dasti a talentu","datePublished":"2023-02-07T13:19:04+00:00","dateModified":"2025-07-03T12:14:29+00:00","mainEntityOfPage":{"@id":"https:\/\/archiv.siov.sk\/europsky-rok-zrucnosti-2023-podpora-konkurencieschopnosti-ucasti-a-talentu\/"},"wordCount":459,"publisher":{"@id":"https:\/\/archiv.siov.sk\/#organization"},"image":{"@id":"https:\/\/archiv.siov.sk\/europsky-rok-zrucnosti-2023-podpora-konkurencieschopnosti-ucasti-a-talentu\/#primaryimage"},"thumbnailUrl":"https:\/\/archiv.siov.sk\/wp-content\/uploads\/2023\/02\/eys_logo_unofficial.png","articleSection":["Aktuality"],"inLanguage":"en-GB"},{"@type":"WebPage","@id":"https:\/\/archiv.siov.sk\/europsky-rok-zrucnosti-2023-podpora-konkurencieschopnosti-ucasti-a-talentu\/","url":"https:\/\/archiv.siov.sk\/europsky-rok-zrucnosti-2023-podpora-konkurencieschopnosti-ucasti-a-talentu\/","name":"Eur\u00f3psky rok zru\u010dnost\u00ed 2023 - podpora konkurencieschopnosti, \u00fa\u010dasti a talentu - \u0160IOV - \u0161t\u00e1tny in\u0161tit\u00fat odborn\u00e9ho vzdel\u00e1vania","isPartOf":{"@id":"https:\/\/archiv.siov.sk\/#website"},"primaryImageOfPage":{"@id":"https:\/\/archiv.siov.sk\/europsky-rok-zrucnosti-2023-podpora-konkurencieschopnosti-ucasti-a-talentu\/#primaryimage"},"image":{"@id":"https:\/\/archiv.siov.sk\/europsky-rok-zrucnosti-2023-podpora-konkurencieschopnosti-ucasti-a-talentu\/#primaryimage"},"thumbnailUrl":"https:\/\/archiv.siov.sk\/wp-content\/uploads\/2023\/02\/eys_logo_unofficial.png","datePublished":"2023-02-07T13:19:04+00:00","dateModified":"2025-07-03T12:14:29+00:00","breadcrumb":{"@id":"https:\/\/archiv.siov.sk\/europsky-rok-zrucnosti-2023-podpora-konkurencieschopnosti-ucasti-a-talentu\/#breadcrumb"},"inLanguage":"en-GB","potentialAction":[{"@type":"ReadAction","target":["https:\/\/archiv.siov.sk\/europsky-rok-zrucnosti-2023-podpora-konkurencieschopnosti-ucasti-a-talentu\/"]}]},{"@type":"ImageObject","inLanguage":"en-GB","@id":"https:\/\/archiv.siov.sk\/europsky-rok-zrucnosti-2023-podpora-konkurencieschopnosti-ucasti-a-talentu\/#primaryimage","url":"https:\/\/archiv.siov.sk\/wp-content\/uploads\/2023\/02\/eys_logo_unofficial.png","contentUrl":"https:\/\/archiv.siov.sk\/wp-content\/uploads\/2023\/02\/eys_logo_unofficial.png","width":991,"height":649},{"@type":"BreadcrumbList","@id":"https:\/\/archiv.siov.sk\/europsky-rok-zrucnosti-2023-podpora-konkurencieschopnosti-ucasti-a-talentu\/#breadcrumb","itemListElement":[{"@type":"ListItem","position":1,"name":"Home","item":"https:\/\/archiv.siov.sk\/"},{"@type":"ListItem","position":2,"name":"Eur\u00f3psky rok zru\u010dnost\u00ed 2023 &#8211; podpora konkurencieschopnosti, \u00fa\u010dasti a talentu"}]},{"@type":"WebSite","@id":"https:\/\/archiv.siov.sk\/#website","url":"https:\/\/archiv.siov.sk\/","name":"\u0160IOV - \u0161t\u00e1tny in\u0161tit\u00fat odborn\u00e9ho vzdel\u00e1vania","description":"","publisher":{"@id":"https:\/\/archiv.siov.sk\/#organization"},"potentialAction":[{"@type":"SearchAction","target":{"@type":"EntryPoint","urlTemplate":"https:\/\/archiv.siov.sk\/?s={search_term_string}"},"query-input":{"@type":"PropertyValueSpecification","valueRequired":true,"valueName":"search_term_string"}}],"inLanguage":"en-GB"},{"@type":"Organization","@id":"https:\/\/archiv.siov.sk\/#organization","name":"\u0160IOV - \u0161t\u00e1tny in\u0161tit\u00fat odborn\u00e9ho vzdel\u00e1vania","url":"https:\/\/archiv.siov.sk\/","logo":{"@type":"ImageObject","inLanguage":"en-GB","@id":"https:\/\/archiv.siov.sk\/#\/schema\/logo\/image\/","url":"https:\/\/archiv.siov.sk\/wp-content\/uploads\/2024\/02\/logo-SIOV.png","contentUrl":"https:\/\/archiv.siov.sk\/wp-content\/uploads\/2024\/02\/logo-SIOV.png","width":431,"height":143,"caption":"\u0160IOV - \u0161t\u00e1tny in\u0161tit\u00fat odborn\u00e9ho vzdel\u00e1vania"},"image":{"@id":"https:\/\/archiv.siov.sk\/#\/schema\/logo\/image\/"},"sameAs":["https:\/\/www.facebook.com\/Statnyinstitutodbornehovzdelavania"]},{"@type":"Person","@id":"https:\/\/archiv.siov.sk\/#\/schema\/person\/e42d633fbd958c6a726e8834d8965e6c","name":"Katar\u00edna Kov\u00e1\u010dov\u00e1","url":"https:\/\/archiv.siov.sk\/en\/author\/katkakovacova\/"}]}},"_links":{"self":[{"href":"https:\/\/archiv.siov.sk\/en\/wp-json\/wp\/v2\/posts\/13452","targetHints":{"allow":["GET"]}}],"collection":[{"href":"https:\/\/archiv.siov.sk\/en\/wp-json\/wp\/v2\/posts"}],"about":[{"href":"https:\/\/archiv.siov.sk\/en\/wp-json\/wp\/v2\/types\/post"}],"author":[{"embeddable":true,"href":"https:\/\/archiv.siov.sk\/en\/wp-json\/wp\/v2\/users\/6"}],"replies":[{"embeddable":true,"href":"https:\/\/archiv.siov.sk\/en\/wp-json\/wp\/v2\/comments?post=13452"}],"version-history":[{"count":3,"href":"https:\/\/archiv.siov.sk\/en\/wp-json\/wp\/v2\/posts\/13452\/revisions"}],"predecessor-version":[{"id":19782,"href":"https:\/\/archiv.siov.sk\/en\/wp-json\/wp\/v2\/posts\/13452\/revisions\/19782"}],"wp:featuredmedia":[{"embeddable":true,"href":"https:\/\/archiv.siov.sk\/en\/wp-json\/wp\/v2\/media\/13454"}],"wp:attachment":[{"href":"https:\/\/archiv.siov.sk\/en\/wp-json\/wp\/v2\/media?parent=13452"}],"wp:term":[{"taxonomy":"category","embeddable":true,"href":"https:\/\/archiv.siov.sk\/en\/wp-json\/wp\/v2\/categories?post=13452"},{"taxonomy":"post_tag","embeddable":true,"href":"https:\/\/archiv.siov.sk\/en\/wp-json\/wp\/v2\/tags?post=13452"}],"curies":[{"name":"wp","href":"https:\/\/api.w.org\/{rel}","templated":true}]}}