{"id":13386,"date":"2023-02-03T09:00:33","date_gmt":"2023-02-03T08:00:33","guid":{"rendered":"https:\/\/archiv.siov.sk\/?p=13386"},"modified":"2023-02-03T09:00:46","modified_gmt":"2023-02-03T08:00:46","slug":"mikroosvedcenia-nie-su-mikrotema","status":"publish","type":"post","link":"https:\/\/archiv.siov.sk\/en\/mikroosvedcenia-nie-su-mikrotema\/","title":{"rendered":"Mikroosved\u010denia nie s\u00fa mikrot\u00e9ma"},"content":{"rendered":"<p style=\"text-align: justify;\">Mikroosved\u010denia (micro-credentials) s\u00fa aktu\u00e1lne najhor\u00facej\u0161ou t\u00e9mou odborn\u00e9ho vzdel\u00e1vania a pr\u00edpravy (OVP). Preklad stru\u010dnej spr\u00e1vy Cedefopu do sloven\u010diny prin\u00e1\u0161a v\u00fdborn\u00fa vstupn\u00fa orient\u00e1ciu k tejto t\u00e9me, k n\u00e1sledne publikovan\u00e9mu odpor\u00fa\u010daniu Rady a odborn\u00fdm \u0161t\u00fadi\u00e1m.<\/p>\n<p style=\"text-align: justify;\">Do konca roka 2023 maj\u00fa v\u0161etky \u010dlensk\u00e9 \u0161t\u00e1ty E\u00da reagova\u0165 na podnety&nbsp;<a href=\"https:\/\/eur-lex.europa.eu\/legal-content\/SK\/TXT\/PDF\/?uri=CELEX:32022H0627(02)&amp;from=SK\">odpor\u00fa\u010dania Rady zo 16. j\u00fana 2022<\/a>. Slovensko na problematiku mikroosved\u010den\u00ed zareagovalo s predstihom. V&nbsp;<a href=\"https:\/\/rokovania.gov.sk\/download.dat?id=3780C4AD4BCB4B1385BDB64A8E8FC582-1357FD8F6F9DD83445BA3BAB67963CB1\">Strat\u00e9gii celo\u017eivotn\u00e9ho vzdel\u00e1vania a poradenstva na roky 2021 \u2013 2030<\/a>, prijatej vl\u00e1dou u\u017e v novembri 2021, sa v \u010dasti 1.6. Zvy\u0161ovanie flexibility kvalifika\u010dn\u00e9ho syst\u00e9mu men\u0161\u00edmi kvalifik\u00e1ciami a mikrokvalifik\u00e1ciami (mikrocertifik\u00e1tmi) e\u0161te pod \u201estar\u00fdm\u201c n\u00e1zvom \u201emikrocertifik\u00e1t\u201c rozober\u00e1 potreba \u201ezoh\u013ead\u0148ova\u0165 aj mal\u00e9 zmeny v pracovnej sp\u00f4sobilosti, dokonca aj nadobudnutie alebo rozvinutie len jedinej konkr\u00e9tnej zru\u010dnosti, ak ide o pre trh relevantn\u00fa potrebu\u201c. Zahrani\u010dn\u00e9 sk\u00fasenosti ukazuj\u00fa, \u017ee dokladovanie kvalifik\u00e1ci\u00ed ako v\u00fdsledkov aj ve\u013emi kr\u00e1tkych kurzov (napr. trvaj\u00facich len 10 hod\u00edn) je u\u017eito\u010dn\u00e9&nbsp; pre zamestnancov aj pre zamestn\u00e1vate\u013eov. Ministerstvo \u0161kolstva, vedy, v\u00fdskumu a \u0161portu SR v nadv\u00e4znosti na t\u00fato strat\u00e9giu a jej <a href=\"https:\/\/rokovania.gov.sk\/download.dat?id=9F58D34F26254D3C9B5EC8AB23E3E885-995AF9709D412954A426AAA0D98BA3BB\">ak\u010dn\u00fd pl\u00e1n na roky 2022 \u2013 2024<\/a>&nbsp;pripravuje nov\u00fd z\u00e1kon o C\u017dV. V z\u00e1kone sa rie\u0161i aj problematika sflexibilnenia vzdel\u00e1vania a kvalifika\u010dn\u00e9ho syst\u00e9mu vr\u00e1tane defin\u00edcie zav\u00e1dzaj\u00facej pojem mikroosved\u010denie a mikrokvalifik\u00e1cia. Anglick\u00e9mu term\u00ednu micro-credential zodpoved\u00e1 pod\u013ea n\u00e1vrhu z\u00e1kona term\u00edn mikroosved\u010denie. V pr\u00edpade, \u017ee ide o doklad dosiahnutia vzdel\u00e1vac\u00edch v\u00fdstupov, ktor\u00e9 je vhodn\u00e9 regulova\u0165, zaradi\u0165 do kvalifika\u010dn\u00e9ho r\u00e1mca a registra kvalifik\u00e1ci\u00ed, je potom vhodn\u00e9 hovori\u0165 o mikrokvalifik\u00e1cii. T\u00fdm sa ponech\u00e1va priestor pre neregulovan\u00e9 vzdel\u00e1vacie aktivity a na akcept\u00e1ciu rozmanit\u00fdch zahrani\u010dn\u00fdch iniciat\u00edv, ktor\u00e9 m\u00f4\u017eu re\u0161pekt u\u010diacich sa alebo zamestn\u00e1vate\u013eov nadobudn\u00fa\u0165 \u010dasom.<\/p>\n<p style=\"text-align: justify;\">K\u013e\u00fa\u010dov\u00fdm probl\u00e9mom podpory roz\u0161\u00edrenia mikroosved\u010den\u00ed je hodnovernos\u0165. S t\u00fdm je spojen\u00fd v\u00e1\u017eny probl\u00e9m t\u00fdkaj\u00faci sa cel\u00e9ho OVP \u2013 zabezpe\u010denie kvality a primeranej regul\u00e1cie postupov zabezpe\u010denia kvality. Ukazuje sa, \u017ee je \u010das na rev\u00edziu a sfunk\u010dnenie&nbsp;<a href=\"https:\/\/www.minedu.sk\/slovensky-kvalifikacny-ramec-a-narodna-sustava-kvalifikacii\/\">Slovensk\u00e9ho kvalifika\u010dn\u00e9ho r\u00e1mca (SKKR)<\/a>. Pre mikroosved\u010denia bez amb\u00edcie o z\u00e1pis do n\u00e1rodn\u00e9ho registra kvalifik\u00e1ci\u00ed (a ktor\u00e9 teda nie s\u00fa \u201emikrokvalifik\u00e1ciou\u201c) bude posta\u010dova\u0165 \u0161t\u00e1tom neregulovan\u00fd vn\u00fatorn\u00fd syst\u00e9m kontroly nastaven\u00fd ude\u013euj\u00facou organiz\u00e1ciou. Pre kvalifik\u00e1cie vr\u00e1tane mikrokvalifik\u00e1ci\u00ed bude potrebn\u00e9 nastavi\u0165 jednozna\u010dn\u00e9 po\u017eiadavky pre z\u00e1pis do n\u00e1rodn\u00e9ho registra kvalifik\u00e1ci\u00ed. Jasn\u00e9 postupy zabezpe\u010denia kvality v\u0161ak bud\u00fa musie\u0165 by\u0165 e\u0161te len vypracovan\u00e9. Diskusiu k aktu\u00e1lnym probl\u00e9mom implement\u00e1cie mikroosved\u010den\u00ed, digit\u00e1lnych odznakov a \u010diasto\u010dne s\u00favisiacej problematike individu\u00e1lnych vzdel\u00e1vac\u00edch \u00fa\u010dtov by mala podpori\u0165 \u0161t\u00fadia \u0160IOV-u \u201eNov\u00e9 prvky kvalifika\u010dn\u00fdch syst\u00e9mov na rozvoj zru\u010dnost\u00ed\u201c, ktor\u00e1 bude zverejnen\u00e1 koncom febru\u00e1ra 2023.<\/p>\n<p>&nbsp;<\/p>\n<p>Stru\u010dn\u00e1 spr\u00e1va Cedefopu je&nbsp;<a href=\"https:\/\/www.cedefop.europa.eu\/en\/publications\/9171\">tu<\/a>.<br \/>\nPreklad stru\u010dnej spr\u00e1vy do sloven\u010diny je&nbsp;<a href=\"http:\/\/www.refernet.sk\/images\/news\/files\/Mikroosvedcenia_velka_tema_SSC_jun_2022.pdf\">tu<\/a>.<\/p>\n<p>&nbsp;<\/p>","protected":false},"excerpt":{"rendered":"<p>Mikroosved\u010denia (micro-credentials) s\u00fa aktu\u00e1lne najhor\u00facej\u0161ou t\u00e9mou odborn\u00e9ho vzdel\u00e1vania a pr\u00edpravy (OVP). Preklad stru\u010dnej spr\u00e1vy Cedefopu do sloven\u010diny prin\u00e1\u0161a v\u00fdborn\u00fa vstupn\u00fa orient\u00e1ciu k tejto t\u00e9me, k n\u00e1sledne publikovan\u00e9mu odpor\u00fa\u010daniu Rady a odborn\u00fdm \u0161t\u00fadi\u00e1m. Do konca roka 2023 maj\u00fa v\u0161etky \u010dlensk\u00e9 \u0161t\u00e1ty E\u00da reagova\u0165 na podnety&nbsp;odpor\u00fa\u010dania Rady zo 16. j\u00fana 2022. Slovensko na problematiku mikroosved\u010den\u00ed zareagovalo s [&hellip;]<\/p>\n","protected":false},"author":6,"featured_media":13388,"comment_status":"closed","ping_status":"closed","sticky":false,"template":"","format":"standard","meta":{"site-sidebar-layout":"default","site-content-layout":"default","ast-site-content-layout":"default","site-content-style":"default","site-sidebar-style":"default","ast-global-header-display":"","ast-banner-title-visibility":"","ast-main-header-display":"","ast-hfb-above-header-display":"","ast-hfb-below-header-display":"","ast-hfb-mobile-header-display":"","site-post-title":"","ast-breadcrumbs-content":"","ast-featured-img":"","footer-sml-layout":"","ast-disable-related-posts":"","theme-transparent-header-meta":"default","adv-header-id-meta":"","stick-header-meta":"","header-above-stick-meta":"","header-main-stick-meta":"","header-below-stick-meta":"","astra-migrate-meta-layouts":"default","ast-page-background-enabled":"default","ast-page-background-meta":{"desktop":{"background-color":"var(--ast-global-color-4)","background-image":"","background-repeat":"repeat","background-position":"center center","background-size":"auto","background-attachment":"scroll","background-type":"","background-media":"","overlay-type":"","overlay-color":"","overlay-opacity":"","overlay-gradient":""},"tablet":{"background-color":"","background-image":"","background-repeat":"repeat","background-position":"center center","background-size":"auto","background-attachment":"scroll","background-type":"","background-media":"","overlay-type":"","overlay-color":"","overlay-opacity":"","overlay-gradient":""},"mobile":{"background-color":"","background-image":"","background-repeat":"repeat","background-position":"center center","background-size":"auto","background-attachment":"scroll","background-type":"","background-media":"","overlay-type":"","overlay-color":"","overlay-opacity":"","overlay-gradient":""}},"ast-content-background-meta":{"desktop":{"background-color":"var(--ast-global-color-5)","background-image":"","background-repeat":"repeat","background-position":"center center","background-size":"auto","background-attachment":"scroll","background-type":"","background-media":"","overlay-type":"","overlay-color":"","overlay-opacity":"","overlay-gradient":""},"tablet":{"background-color":"var(--ast-global-color-5)","background-image":"","background-repeat":"repeat","background-position":"center center","background-size":"auto","background-attachment":"scroll","background-type":"","background-media":"","overlay-type":"","overlay-color":"","overlay-opacity":"","overlay-gradient":""},"mobile":{"background-color":"var(--ast-global-color-5)","background-image":"","background-repeat":"repeat","background-position":"center center","background-size":"auto","background-attachment":"scroll","background-type":"","background-media":"","overlay-type":"","overlay-color":"","overlay-opacity":"","overlay-gradient":""}},"footnotes":""},"categories":[1],"tags":[],"class_list":["post-13386","post","type-post","status-publish","format-standard","has-post-thumbnail","hentry","category-aktuality"],"yoast_head":"<!-- This site is optimized with the Yoast SEO plugin v27.5 - https:\/\/yoast.com\/product\/yoast-seo-wordpress\/ -->\n<title>Mikroosved\u010denia nie s\u00fa mikrot\u00e9ma - \u0160IOV - \u0161t\u00e1tny in\u0161tit\u00fat odborn\u00e9ho vzdel\u00e1vania<\/title>\n<meta name=\"robots\" content=\"index, follow, max-snippet:-1, max-image-preview:large, max-video-preview:-1\" \/>\n<link rel=\"canonical\" href=\"https:\/\/archiv.siov.sk\/en\/mikroosvedcenia-nie-su-mikrotema\/\" \/>\n<meta property=\"og:locale\" content=\"en_GB\" \/>\n<meta property=\"og:type\" content=\"article\" \/>\n<meta property=\"og:title\" content=\"Mikroosved\u010denia nie s\u00fa mikrot\u00e9ma - \u0160IOV - \u0161t\u00e1tny in\u0161tit\u00fat odborn\u00e9ho vzdel\u00e1vania\" \/>\n<meta property=\"og:description\" content=\"Mikroosved\u010denia (micro-credentials) s\u00fa aktu\u00e1lne najhor\u00facej\u0161ou t\u00e9mou odborn\u00e9ho vzdel\u00e1vania a pr\u00edpravy (OVP). Preklad stru\u010dnej spr\u00e1vy Cedefopu do sloven\u010diny prin\u00e1\u0161a v\u00fdborn\u00fa vstupn\u00fa orient\u00e1ciu k tejto t\u00e9me, k n\u00e1sledne publikovan\u00e9mu odpor\u00fa\u010daniu Rady a odborn\u00fdm \u0161t\u00fadi\u00e1m. Do konca roka 2023 maj\u00fa v\u0161etky \u010dlensk\u00e9 \u0161t\u00e1ty E\u00da reagova\u0165 na podnety&nbsp;odpor\u00fa\u010dania Rady zo 16. j\u00fana 2022. Slovensko na problematiku mikroosved\u010den\u00ed zareagovalo s [&hellip;]\" \/>\n<meta property=\"og:url\" content=\"https:\/\/archiv.siov.sk\/en\/mikroosvedcenia-nie-su-mikrotema\/\" \/>\n<meta property=\"og:site_name\" content=\"\u0160IOV - \u0161t\u00e1tny in\u0161tit\u00fat odborn\u00e9ho vzdel\u00e1vania\" \/>\n<meta property=\"article:publisher\" content=\"https:\/\/www.facebook.com\/Statnyinstitutodbornehovzdelavania\" \/>\n<meta property=\"article:published_time\" content=\"2023-02-03T08:00:33+00:00\" \/>\n<meta property=\"article:modified_time\" content=\"2023-02-03T08:00:46+00:00\" \/>\n<meta property=\"og:image\" content=\"https:\/\/archiv.siov.sk\/wp-content\/uploads\/2023\/02\/Logo-square-EN-COL.jpg\" \/>\n\t<meta property=\"og:image:width\" content=\"925\" \/>\n\t<meta property=\"og:image:height\" content=\"308\" \/>\n\t<meta property=\"og:image:type\" content=\"image\/jpeg\" \/>\n<meta name=\"author\" content=\"Katar\u00edna Kov\u00e1\u010dov\u00e1\" \/>\n<meta name=\"twitter:card\" content=\"summary_large_image\" \/>\n<meta name=\"twitter:label1\" content=\"Written by\" \/>\n\t<meta name=\"twitter:data1\" content=\"Katar\u00edna Kov\u00e1\u010dov\u00e1\" \/>\n\t<meta name=\"twitter:label2\" content=\"Estimated reading time\" \/>\n\t<meta name=\"twitter:data2\" content=\"3 minutes\" \/>\n<script type=\"application\/ld+json\" class=\"yoast-schema-graph\">{\"@context\":\"https:\\\/\\\/schema.org\",\"@graph\":[{\"@type\":\"Article\",\"@id\":\"https:\\\/\\\/archiv.siov.sk\\\/mikroosvedcenia-nie-su-mikrotema\\\/#article\",\"isPartOf\":{\"@id\":\"https:\\\/\\\/archiv.siov.sk\\\/mikroosvedcenia-nie-su-mikrotema\\\/\"},\"author\":{\"name\":\"Katar\u00edna Kov\u00e1\u010dov\u00e1\",\"@id\":\"https:\\\/\\\/archiv.siov.sk\\\/#\\\/schema\\\/person\\\/e42d633fbd958c6a726e8834d8965e6c\"},\"headline\":\"Mikroosved\u010denia nie s\u00fa mikrot\u00e9ma\",\"datePublished\":\"2023-02-03T08:00:33+00:00\",\"dateModified\":\"2023-02-03T08:00:46+00:00\",\"mainEntityOfPage\":{\"@id\":\"https:\\\/\\\/archiv.siov.sk\\\/mikroosvedcenia-nie-su-mikrotema\\\/\"},\"wordCount\":556,\"publisher\":{\"@id\":\"https:\\\/\\\/archiv.siov.sk\\\/#organization\"},\"image\":{\"@id\":\"https:\\\/\\\/archiv.siov.sk\\\/mikroosvedcenia-nie-su-mikrotema\\\/#primaryimage\"},\"thumbnailUrl\":\"https:\\\/\\\/archiv.siov.sk\\\/wp-content\\\/uploads\\\/2023\\\/02\\\/Logo-square-EN-COL.jpg\",\"articleSection\":[\"Aktuality\"],\"inLanguage\":\"en-GB\"},{\"@type\":\"WebPage\",\"@id\":\"https:\\\/\\\/archiv.siov.sk\\\/mikroosvedcenia-nie-su-mikrotema\\\/\",\"url\":\"https:\\\/\\\/archiv.siov.sk\\\/mikroosvedcenia-nie-su-mikrotema\\\/\",\"name\":\"Mikroosved\u010denia nie s\u00fa mikrot\u00e9ma - \u0160IOV - \u0161t\u00e1tny in\u0161tit\u00fat odborn\u00e9ho vzdel\u00e1vania\",\"isPartOf\":{\"@id\":\"https:\\\/\\\/archiv.siov.sk\\\/#website\"},\"primaryImageOfPage\":{\"@id\":\"https:\\\/\\\/archiv.siov.sk\\\/mikroosvedcenia-nie-su-mikrotema\\\/#primaryimage\"},\"image\":{\"@id\":\"https:\\\/\\\/archiv.siov.sk\\\/mikroosvedcenia-nie-su-mikrotema\\\/#primaryimage\"},\"thumbnailUrl\":\"https:\\\/\\\/archiv.siov.sk\\\/wp-content\\\/uploads\\\/2023\\\/02\\\/Logo-square-EN-COL.jpg\",\"datePublished\":\"2023-02-03T08:00:33+00:00\",\"dateModified\":\"2023-02-03T08:00:46+00:00\",\"breadcrumb\":{\"@id\":\"https:\\\/\\\/archiv.siov.sk\\\/mikroosvedcenia-nie-su-mikrotema\\\/#breadcrumb\"},\"inLanguage\":\"en-GB\",\"potentialAction\":[{\"@type\":\"ReadAction\",\"target\":[\"https:\\\/\\\/archiv.siov.sk\\\/mikroosvedcenia-nie-su-mikrotema\\\/\"]}]},{\"@type\":\"ImageObject\",\"inLanguage\":\"en-GB\",\"@id\":\"https:\\\/\\\/archiv.siov.sk\\\/mikroosvedcenia-nie-su-mikrotema\\\/#primaryimage\",\"url\":\"https:\\\/\\\/archiv.siov.sk\\\/wp-content\\\/uploads\\\/2023\\\/02\\\/Logo-square-EN-COL.jpg\",\"contentUrl\":\"https:\\\/\\\/archiv.siov.sk\\\/wp-content\\\/uploads\\\/2023\\\/02\\\/Logo-square-EN-COL.jpg\",\"width\":925,\"height\":308},{\"@type\":\"BreadcrumbList\",\"@id\":\"https:\\\/\\\/archiv.siov.sk\\\/mikroosvedcenia-nie-su-mikrotema\\\/#breadcrumb\",\"itemListElement\":[{\"@type\":\"ListItem\",\"position\":1,\"name\":\"Home\",\"item\":\"https:\\\/\\\/archiv.siov.sk\\\/\"},{\"@type\":\"ListItem\",\"position\":2,\"name\":\"Mikroosved\u010denia nie s\u00fa mikrot\u00e9ma\"}]},{\"@type\":\"WebSite\",\"@id\":\"https:\\\/\\\/archiv.siov.sk\\\/#website\",\"url\":\"https:\\\/\\\/archiv.siov.sk\\\/\",\"name\":\"\u0160IOV - \u0161t\u00e1tny in\u0161tit\u00fat odborn\u00e9ho vzdel\u00e1vania\",\"description\":\"\",\"publisher\":{\"@id\":\"https:\\\/\\\/archiv.siov.sk\\\/#organization\"},\"potentialAction\":[{\"@type\":\"SearchAction\",\"target\":{\"@type\":\"EntryPoint\",\"urlTemplate\":\"https:\\\/\\\/archiv.siov.sk\\\/?s={search_term_string}\"},\"query-input\":{\"@type\":\"PropertyValueSpecification\",\"valueRequired\":true,\"valueName\":\"search_term_string\"}}],\"inLanguage\":\"en-GB\"},{\"@type\":\"Organization\",\"@id\":\"https:\\\/\\\/archiv.siov.sk\\\/#organization\",\"name\":\"\u0160IOV - \u0161t\u00e1tny in\u0161tit\u00fat odborn\u00e9ho vzdel\u00e1vania\",\"url\":\"https:\\\/\\\/archiv.siov.sk\\\/\",\"logo\":{\"@type\":\"ImageObject\",\"inLanguage\":\"en-GB\",\"@id\":\"https:\\\/\\\/archiv.siov.sk\\\/#\\\/schema\\\/logo\\\/image\\\/\",\"url\":\"https:\\\/\\\/archiv.siov.sk\\\/wp-content\\\/uploads\\\/2024\\\/02\\\/logo-SIOV.png\",\"contentUrl\":\"https:\\\/\\\/archiv.siov.sk\\\/wp-content\\\/uploads\\\/2024\\\/02\\\/logo-SIOV.png\",\"width\":431,\"height\":143,\"caption\":\"\u0160IOV - \u0161t\u00e1tny in\u0161tit\u00fat odborn\u00e9ho vzdel\u00e1vania\"},\"image\":{\"@id\":\"https:\\\/\\\/archiv.siov.sk\\\/#\\\/schema\\\/logo\\\/image\\\/\"},\"sameAs\":[\"https:\\\/\\\/www.facebook.com\\\/Statnyinstitutodbornehovzdelavania\"]},{\"@type\":\"Person\",\"@id\":\"https:\\\/\\\/archiv.siov.sk\\\/#\\\/schema\\\/person\\\/e42d633fbd958c6a726e8834d8965e6c\",\"name\":\"Katar\u00edna Kov\u00e1\u010dov\u00e1\",\"url\":\"https:\\\/\\\/archiv.siov.sk\\\/en\\\/author\\\/katkakovacova\\\/\"}]}<\/script>\n<!-- \/ Yoast SEO plugin. -->","yoast_head_json":{"title":"Mikroosved\u010denia nie s\u00fa mikrot\u00e9ma - \u0160IOV - \u0161t\u00e1tny in\u0161tit\u00fat odborn\u00e9ho vzdel\u00e1vania","robots":{"index":"index","follow":"follow","max-snippet":"max-snippet:-1","max-image-preview":"max-image-preview:large","max-video-preview":"max-video-preview:-1"},"canonical":"https:\/\/archiv.siov.sk\/en\/mikroosvedcenia-nie-su-mikrotema\/","og_locale":"en_GB","og_type":"article","og_title":"Mikroosved\u010denia nie s\u00fa mikrot\u00e9ma - \u0160IOV - \u0161t\u00e1tny in\u0161tit\u00fat odborn\u00e9ho vzdel\u00e1vania","og_description":"Mikroosved\u010denia (micro-credentials) s\u00fa aktu\u00e1lne najhor\u00facej\u0161ou t\u00e9mou odborn\u00e9ho vzdel\u00e1vania a pr\u00edpravy (OVP). Preklad stru\u010dnej spr\u00e1vy Cedefopu do sloven\u010diny prin\u00e1\u0161a v\u00fdborn\u00fa vstupn\u00fa orient\u00e1ciu k tejto t\u00e9me, k n\u00e1sledne publikovan\u00e9mu odpor\u00fa\u010daniu Rady a odborn\u00fdm \u0161t\u00fadi\u00e1m. Do konca roka 2023 maj\u00fa v\u0161etky \u010dlensk\u00e9 \u0161t\u00e1ty E\u00da reagova\u0165 na podnety&nbsp;odpor\u00fa\u010dania Rady zo 16. j\u00fana 2022. Slovensko na problematiku mikroosved\u010den\u00ed zareagovalo s [&hellip;]","og_url":"https:\/\/archiv.siov.sk\/en\/mikroosvedcenia-nie-su-mikrotema\/","og_site_name":"\u0160IOV - \u0161t\u00e1tny in\u0161tit\u00fat odborn\u00e9ho vzdel\u00e1vania","article_publisher":"https:\/\/www.facebook.com\/Statnyinstitutodbornehovzdelavania","article_published_time":"2023-02-03T08:00:33+00:00","article_modified_time":"2023-02-03T08:00:46+00:00","og_image":[{"width":925,"height":308,"url":"https:\/\/archiv.siov.sk\/wp-content\/uploads\/2023\/02\/Logo-square-EN-COL.jpg","type":"image\/jpeg"}],"author":"Katar\u00edna Kov\u00e1\u010dov\u00e1","twitter_card":"summary_large_image","twitter_misc":{"Written by":"Katar\u00edna Kov\u00e1\u010dov\u00e1","Estimated reading time":"3 minutes"},"schema":{"@context":"https:\/\/schema.org","@graph":[{"@type":"Article","@id":"https:\/\/archiv.siov.sk\/mikroosvedcenia-nie-su-mikrotema\/#article","isPartOf":{"@id":"https:\/\/archiv.siov.sk\/mikroosvedcenia-nie-su-mikrotema\/"},"author":{"name":"Katar\u00edna Kov\u00e1\u010dov\u00e1","@id":"https:\/\/archiv.siov.sk\/#\/schema\/person\/e42d633fbd958c6a726e8834d8965e6c"},"headline":"Mikroosved\u010denia nie s\u00fa mikrot\u00e9ma","datePublished":"2023-02-03T08:00:33+00:00","dateModified":"2023-02-03T08:00:46+00:00","mainEntityOfPage":{"@id":"https:\/\/archiv.siov.sk\/mikroosvedcenia-nie-su-mikrotema\/"},"wordCount":556,"publisher":{"@id":"https:\/\/archiv.siov.sk\/#organization"},"image":{"@id":"https:\/\/archiv.siov.sk\/mikroosvedcenia-nie-su-mikrotema\/#primaryimage"},"thumbnailUrl":"https:\/\/archiv.siov.sk\/wp-content\/uploads\/2023\/02\/Logo-square-EN-COL.jpg","articleSection":["Aktuality"],"inLanguage":"en-GB"},{"@type":"WebPage","@id":"https:\/\/archiv.siov.sk\/mikroosvedcenia-nie-su-mikrotema\/","url":"https:\/\/archiv.siov.sk\/mikroosvedcenia-nie-su-mikrotema\/","name":"Mikroosved\u010denia nie s\u00fa mikrot\u00e9ma - \u0160IOV - \u0161t\u00e1tny in\u0161tit\u00fat odborn\u00e9ho vzdel\u00e1vania","isPartOf":{"@id":"https:\/\/archiv.siov.sk\/#website"},"primaryImageOfPage":{"@id":"https:\/\/archiv.siov.sk\/mikroosvedcenia-nie-su-mikrotema\/#primaryimage"},"image":{"@id":"https:\/\/archiv.siov.sk\/mikroosvedcenia-nie-su-mikrotema\/#primaryimage"},"thumbnailUrl":"https:\/\/archiv.siov.sk\/wp-content\/uploads\/2023\/02\/Logo-square-EN-COL.jpg","datePublished":"2023-02-03T08:00:33+00:00","dateModified":"2023-02-03T08:00:46+00:00","breadcrumb":{"@id":"https:\/\/archiv.siov.sk\/mikroosvedcenia-nie-su-mikrotema\/#breadcrumb"},"inLanguage":"en-GB","potentialAction":[{"@type":"ReadAction","target":["https:\/\/archiv.siov.sk\/mikroosvedcenia-nie-su-mikrotema\/"]}]},{"@type":"ImageObject","inLanguage":"en-GB","@id":"https:\/\/archiv.siov.sk\/mikroosvedcenia-nie-su-mikrotema\/#primaryimage","url":"https:\/\/archiv.siov.sk\/wp-content\/uploads\/2023\/02\/Logo-square-EN-COL.jpg","contentUrl":"https:\/\/archiv.siov.sk\/wp-content\/uploads\/2023\/02\/Logo-square-EN-COL.jpg","width":925,"height":308},{"@type":"BreadcrumbList","@id":"https:\/\/archiv.siov.sk\/mikroosvedcenia-nie-su-mikrotema\/#breadcrumb","itemListElement":[{"@type":"ListItem","position":1,"name":"Home","item":"https:\/\/archiv.siov.sk\/"},{"@type":"ListItem","position":2,"name":"Mikroosved\u010denia nie s\u00fa mikrot\u00e9ma"}]},{"@type":"WebSite","@id":"https:\/\/archiv.siov.sk\/#website","url":"https:\/\/archiv.siov.sk\/","name":"\u0160IOV - \u0161t\u00e1tny in\u0161tit\u00fat odborn\u00e9ho vzdel\u00e1vania","description":"","publisher":{"@id":"https:\/\/archiv.siov.sk\/#organization"},"potentialAction":[{"@type":"SearchAction","target":{"@type":"EntryPoint","urlTemplate":"https:\/\/archiv.siov.sk\/?s={search_term_string}"},"query-input":{"@type":"PropertyValueSpecification","valueRequired":true,"valueName":"search_term_string"}}],"inLanguage":"en-GB"},{"@type":"Organization","@id":"https:\/\/archiv.siov.sk\/#organization","name":"\u0160IOV - \u0161t\u00e1tny in\u0161tit\u00fat odborn\u00e9ho vzdel\u00e1vania","url":"https:\/\/archiv.siov.sk\/","logo":{"@type":"ImageObject","inLanguage":"en-GB","@id":"https:\/\/archiv.siov.sk\/#\/schema\/logo\/image\/","url":"https:\/\/archiv.siov.sk\/wp-content\/uploads\/2024\/02\/logo-SIOV.png","contentUrl":"https:\/\/archiv.siov.sk\/wp-content\/uploads\/2024\/02\/logo-SIOV.png","width":431,"height":143,"caption":"\u0160IOV - \u0161t\u00e1tny in\u0161tit\u00fat odborn\u00e9ho vzdel\u00e1vania"},"image":{"@id":"https:\/\/archiv.siov.sk\/#\/schema\/logo\/image\/"},"sameAs":["https:\/\/www.facebook.com\/Statnyinstitutodbornehovzdelavania"]},{"@type":"Person","@id":"https:\/\/archiv.siov.sk\/#\/schema\/person\/e42d633fbd958c6a726e8834d8965e6c","name":"Katar\u00edna Kov\u00e1\u010dov\u00e1","url":"https:\/\/archiv.siov.sk\/en\/author\/katkakovacova\/"}]}},"_links":{"self":[{"href":"https:\/\/archiv.siov.sk\/en\/wp-json\/wp\/v2\/posts\/13386","targetHints":{"allow":["GET"]}}],"collection":[{"href":"https:\/\/archiv.siov.sk\/en\/wp-json\/wp\/v2\/posts"}],"about":[{"href":"https:\/\/archiv.siov.sk\/en\/wp-json\/wp\/v2\/types\/post"}],"author":[{"embeddable":true,"href":"https:\/\/archiv.siov.sk\/en\/wp-json\/wp\/v2\/users\/6"}],"replies":[{"embeddable":true,"href":"https:\/\/archiv.siov.sk\/en\/wp-json\/wp\/v2\/comments?post=13386"}],"version-history":[{"count":2,"href":"https:\/\/archiv.siov.sk\/en\/wp-json\/wp\/v2\/posts\/13386\/revisions"}],"predecessor-version":[{"id":13389,"href":"https:\/\/archiv.siov.sk\/en\/wp-json\/wp\/v2\/posts\/13386\/revisions\/13389"}],"wp:featuredmedia":[{"embeddable":true,"href":"https:\/\/archiv.siov.sk\/en\/wp-json\/wp\/v2\/media\/13388"}],"wp:attachment":[{"href":"https:\/\/archiv.siov.sk\/en\/wp-json\/wp\/v2\/media?parent=13386"}],"wp:term":[{"taxonomy":"category","embeddable":true,"href":"https:\/\/archiv.siov.sk\/en\/wp-json\/wp\/v2\/categories?post=13386"},{"taxonomy":"post_tag","embeddable":true,"href":"https:\/\/archiv.siov.sk\/en\/wp-json\/wp\/v2\/tags?post=13386"}],"curies":[{"name":"wp","href":"https:\/\/api.w.org\/{rel}","templated":true}]}}