{"id":13319,"date":"2023-01-30T14:17:45","date_gmt":"2023-01-30T13:17:45","guid":{"rendered":"https:\/\/archiv.siov.sk\/?p=13319"},"modified":"2023-01-31T14:03:38","modified_gmt":"2023-01-31T13:03:38","slug":"druha-seria-podcastov-epale-slovensko-je-tu","status":"publish","type":"post","link":"https:\/\/archiv.siov.sk\/en\/druha-seria-podcastov-epale-slovensko-je-tu\/","title":{"rendered":"Druh\u00e1 s\u00e9ria podcastov EPALE Slovensko je tu!"},"content":{"rendered":"<p style=\"text-align: justify;\">Druh\u00e1 s\u00e9ria nadv\u00e4zuje na \u00faspe\u0161n\u00fd form\u00e1t podcastov EPALE Slovensko, ktor\u00e9 si m\u00f4\u017eete pozrie\u0165 ako video-rozhovory. Prostredn\u00edctvom nov\u00e9ho form\u00e1tu m\u00e1te&nbsp;<strong>mo\u017enos\u0165 sledova\u0165 alebo vypo\u010du\u0165 si rozhovory<\/strong>, ktor\u00fdch cie\u013eom je reagova\u0165 na n\u00edzku mieru vzdel\u00e1vania dospel\u00fdch na Slovensku a&nbsp;sprostredkova\u0165 pr\u00edklady dobrej praxe so zameran\u00edm sa na konkr\u00e9tne rie\u0161enia.<\/p>\n<p style=\"text-align: justify;\">Druh\u00e1 s\u00e9ria za\u010d\u00edna ve\u013emi in\u0161pirat\u00edvnym rozhovorom o tom, ako sa t\u00edmu nad\u0161encov v oblasti vzdel\u00e1vania podarilo z Trnavy vytvori\u0165 u\u010diace sa mesto. <strong>Zaradenie Trnavy do Glob\u00e1lnej siete u\u010diacich sa miest UNESCO je v\u00fdznamn\u00fdm m\u00ed\u013enikom, ktor\u00fd otv\u00e1ra Trnave mo\u017enosti spolupr\u00e1ce s odborn\u00edkmi z oblasti vzdel\u00e1vania z cel\u00e9ho sveta a vytv\u00e1ra tak predpoklad pre nov\u00e9 in\u0161pirat\u00edvne eduka\u010dn\u00e9 projekty ur\u010den\u00e9 v\u0161etk\u00fdm obyvate\u013eom mesta.<\/strong><\/p>\n<p style=\"text-align: justify;\">Moder\u00e1torkou je&nbsp;<strong>\u013dubica G\u00e1lov\u00e1<\/strong>, ved\u00faca \u00daseku celo\u017eivotn\u00e9ho vzdel\u00e1vania \u0160t\u00e1tneho in\u0161tit\u00fatu odborn\u00e9ho vzdel\u00e1vania. Pozvanie na rozhovor prijal&nbsp;<strong>Michal Koricina<\/strong>, lektor a mana\u017e\u00e9r Ob\u010dianskeho zdru\u017eenia Lifestarter, ktor\u00fd sa so svojim pracovn\u00fdm t\u00edmom zasl\u00fa\u017eil&nbsp;<a href=\"https:\/\/epale.ec.europa.eu\/sk\/content\/prvym-slovenskym-uciacim-mestom-v-sieti-unesco-sa-zaciatkom-septembra-stala-trnava\">o&nbsp;zap\u00edsanie mesta Trnava ako prv\u00e9ho mesta na Slovensku do Glob\u00e1lnej siete u\u010diacich sa miest UNESCO.<\/a><\/p>\n<p><strong>Prv\u00fd diel druhej s\u00e9rie podcastov EPALE Slovensko<\/strong><\/p>\n<div class=\"ose-youtube ose-uid-773611da4ef6ee7e7616bda034701710 ose-embedpress-responsive\" style=\"width:600px; height:550px; max-height:550px; max-width:100%; display:inline-block;\" data-embed-type=\"Youtube\"><iframe allowfullscreen title=\"PODCASTY EPALE SLOVENSKO #12 - U\u010diaca sa Trnava\" width=\"600\" height=\"550\" src=\"https:\/\/www.youtube.com\/embed\/g4oXt5874mg?feature=oembed&color=red&rel=0&controls=1&start=&end=&fs=0&iv_load_policy=0&autoplay=0&mute=0&modestbranding=0&cc_load_policy=1&playsinline=1\" frameborder=\"0\" allow=\"accelerometer; encrypted-media;accelerometer;autoplay;clipboard-write;gyroscope;picture-in-picture clipboard-write; encrypted-media; gyroscope; picture-in-picture; web-share\" referrerpolicy=\"strict-origin-when-cross-origin\"><\/iframe><\/div>\n<p style=\"text-align: justify;\">Druh\u00fd diel je venovan\u00fd&nbsp;<strong>t\u00e9me kari\u00e9rov\u00e9ho poradenstva a&nbsp;aktivit\u00e1m siete&nbsp;<a href=\"https:\/\/www.euroguidance.sk\/\">Euroguidance<\/a>&nbsp;na Slovensku<\/strong>, ktor\u00e1 podporuje a&nbsp;rozv\u00edja kari\u00e9rov\u00e9 poradenstvo na Slovensku. Cie\u013eom celoeur\u00f3pskej siete je podpora a rozv\u00edjanie eur\u00f3pskej dimenzie v kari\u00e9rovom poradenstve.&nbsp;<\/p>\n<p style=\"text-align: justify;\">Z rozhovoru sa dozviete, \u010do <strong>je to kari\u00e9rov\u00e9 poradenstvo, ak\u00e9 m\u00e1 \u0161pecifik\u00e1, ak\u00e1 je aktu\u00e1lna situ\u00e1cia v oblasti kari\u00e9rov\u00e9 poradenstva na Slovensku, ak\u00e9 s\u00fa hlavn\u00e9 aktivity siete Euroguidance,<\/strong>&nbsp;ktor\u00e1 organizuje N\u00e1rodn\u00fa cenu kari\u00e9rov\u00e9ho poradenstva a taktie\u017e aj T\u00fd\u017ede\u0148 kari\u00e9ry. V r\u00e1mci svojich aktiv\u00edt spolupracuje so&nbsp;<a href=\"https:\/\/rozvojkariery.sk\/\">Zdru\u017een\u00edm pre kari\u00e9rov\u00e9 poradenstvo a rozvoj kari\u00e9ry na Slovensku<\/a>.<\/p>\n<p style=\"text-align: justify;\">Moder\u00e1torom podcastu je Laco Oravec, ambas\u00e1dor EPALE Slovensko. Pozvanie na rozhovor prijal&nbsp;<strong>Ladislav Ostroha<\/strong>, koordin\u00e1tor Euroguidance na Slovensku a&nbsp;<strong>Paula Pastierov\u00e1<\/strong>, \u010dlenka Zdru\u017eenia pre kari\u00e9rov\u00e9 poradenstvo a rozvoj kari\u00e9ry a sk\u00fasen\u00e1 kari\u00e9rov\u00e1 poradky\u0148a.<\/p>\n<p><strong>Druh\u00fd diel druhej s\u00e9rie podcastov EPALE Slovensko<\/strong><\/p>\n<div class=\"ose-youtube ose-uid-ce367dae94801d6e012322a566ff87bb ose-embedpress-responsive\" style=\"width:600px; height:550px; max-height:550px; max-width:100%; display:inline-block;\" data-embed-type=\"Youtube\"><iframe allowfullscreen title=\"PODCASTY EPALE SLOVENSKO #13 - Sie\u0165 Euroguidance a kari\u00e9rov\u00e9 poradenstvo na Slovensku\" width=\"600\" height=\"550\" src=\"https:\/\/www.youtube.com\/embed\/1m64PVN6_QA?feature=oembed&color=red&rel=0&controls=1&start=&end=&fs=0&iv_load_policy=0&autoplay=0&mute=0&modestbranding=0&cc_load_policy=1&playsinline=1\" frameborder=\"0\" allow=\"accelerometer; encrypted-media;accelerometer;autoplay;clipboard-write;gyroscope;picture-in-picture clipboard-write; encrypted-media; gyroscope; picture-in-picture; web-share\" referrerpolicy=\"strict-origin-when-cross-origin\"><\/iframe><\/div>\n<p style=\"text-align: justify;\">V \u010dom je \u0161pecifick\u00e9 kari\u00e9rov\u00e9 poradenstvo pre dospel\u00fdch?&nbsp;<strong>Paula Pastierov\u00e1<\/strong>&nbsp;v podcaste hovor\u00ed o tom, \u017ee u dospel\u00e9ho jedinca je rozhoduj\u00facim faktorom pre vyu\u017eitie kari\u00e9rov\u00e9ho poradenstva moment vyhorenia, ktor\u00e9mu predch\u00e1dza pocit nespokojnosti v pr\u00e1ci. Takisto je d\u00f4le\u017eit\u00fd fakt, \u017ee trhov\u00e1 ekonomika je neust\u00e1le meniaci sa svet. St\u00e1le vznikaj\u00fa nov\u00e9 pracovn\u00e9 poz\u00edcie a zanikaj\u00fa star\u00e9. \u010clovek preto mus\u00ed okrem svojich potrieb reagova\u0165 aj na potreby sveta pr\u00e1ce.&nbsp;<\/p>\n<p style=\"text-align: justify;\"><strong>Ladislav Ostroha<\/strong>&nbsp;dod\u00e1va, \u017ee kari\u00e9rov\u00e9 poradenstvo je st\u00e1le vn\u00edman\u00e9 ako verejn\u00e1 slu\u017eba a je zau\u017e\u00edvan\u00e9, \u017ee na Slovensku s\u00fa jej pr\u00edjemcovia \u013eudia, ktor\u00ed pre\u017e\u00edvaj\u00fa obdobie nejakej zmeny napr. stratili zamestnanie. Pre dospel\u00fdch pracuj\u00facich s\u00fa slu\u017eby v tejto oblasti obmedzen\u00e9, aj ke\u010f u\u017e s\u00fa nejak\u00e9 iniciat\u00edvy aj v oblasti legislat\u00edvy, ktor\u00e9 sa&nbsp; sna\u017eia zavies\u0165 syst\u00e9m aj do tejto oblasti.<\/p>\n<p>Podcasty m\u00f4\u017eete n\u00e1js\u0165 na platforme EPALE, na Youtube EPALE Slovensko a na podcastov\u00fdch platform\u00e1ch Spotify a Apple Music.&nbsp;<\/p>\n<p>Vyu\u017eite mo\u017enos\u0165 z\u00edska\u0165 nov\u00e9 inform\u00e1cie a&nbsp;in\u0161pir\u00e1ciu od expertov z&nbsp;r\u00f4znych oblast\u00ed.<\/p>\n<p>T\u00edm EPALE Slovensko<\/p>\n<p>&nbsp;<\/p>","protected":false},"excerpt":{"rendered":"<p>Druh\u00e1 s\u00e9ria nadv\u00e4zuje na \u00faspe\u0161n\u00fd form\u00e1t podcastov EPALE Slovensko, ktor\u00e9 si m\u00f4\u017eete pozrie\u0165 ako video-rozhovory. Prostredn\u00edctvom nov\u00e9ho form\u00e1tu m\u00e1te&nbsp;mo\u017enos\u0165 sledova\u0165 alebo vypo\u010du\u0165 si rozhovory, ktor\u00fdch cie\u013eom je reagova\u0165 na n\u00edzku mieru vzdel\u00e1vania dospel\u00fdch na Slovensku a&nbsp;sprostredkova\u0165 pr\u00edklady dobrej praxe so zameran\u00edm sa na konkr\u00e9tne rie\u0161enia. Druh\u00e1 s\u00e9ria za\u010d\u00edna ve\u013emi in\u0161pirat\u00edvnym rozhovorom o tom, ako sa [&hellip;]<\/p>\n","protected":false},"author":6,"featured_media":13322,"comment_status":"closed","ping_status":"closed","sticky":false,"template":"","format":"standard","meta":{"site-sidebar-layout":"default","site-content-layout":"default","ast-site-content-layout":"default","site-content-style":"default","site-sidebar-style":"default","ast-global-header-display":"","ast-banner-title-visibility":"","ast-main-header-display":"","ast-hfb-above-header-display":"","ast-hfb-below-header-display":"","ast-hfb-mobile-header-display":"","site-post-title":"","ast-breadcrumbs-content":"","ast-featured-img":"","footer-sml-layout":"","ast-disable-related-posts":"","theme-transparent-header-meta":"default","adv-header-id-meta":"","stick-header-meta":"","header-above-stick-meta":"","header-main-stick-meta":"","header-below-stick-meta":"","astra-migrate-meta-layouts":"default","ast-page-background-enabled":"default","ast-page-background-meta":{"desktop":{"background-color":"var(--ast-global-color-4)","background-image":"","background-repeat":"repeat","background-position":"center center","background-size":"auto","background-attachment":"scroll","background-type":"","background-media":"","overlay-type":"","overlay-color":"","overlay-opacity":"","overlay-gradient":""},"tablet":{"background-color":"","background-image":"","background-repeat":"repeat","background-position":"center center","background-size":"auto","background-attachment":"scroll","background-type":"","background-media":"","overlay-type":"","overlay-color":"","overlay-opacity":"","overlay-gradient":""},"mobile":{"background-color":"","background-image":"","background-repeat":"repeat","background-position":"center center","background-size":"auto","background-attachment":"scroll","background-type":"","background-media":"","overlay-type":"","overlay-color":"","overlay-opacity":"","overlay-gradient":""}},"ast-content-background-meta":{"desktop":{"background-color":"var(--ast-global-color-5)","background-image":"","background-repeat":"repeat","background-position":"center center","background-size":"auto","background-attachment":"scroll","background-type":"","background-media":"","overlay-type":"","overlay-color":"","overlay-opacity":"","overlay-gradient":""},"tablet":{"background-color":"var(--ast-global-color-5)","background-image":"","background-repeat":"repeat","background-position":"center center","background-size":"auto","background-attachment":"scroll","background-type":"","background-media":"","overlay-type":"","overlay-color":"","overlay-opacity":"","overlay-gradient":""},"mobile":{"background-color":"var(--ast-global-color-5)","background-image":"","background-repeat":"repeat","background-position":"center center","background-size":"auto","background-attachment":"scroll","background-type":"","background-media":"","overlay-type":"","overlay-color":"","overlay-opacity":"","overlay-gradient":""}},"footnotes":""},"categories":[1],"tags":[],"class_list":["post-13319","post","type-post","status-publish","format-standard","has-post-thumbnail","hentry","category-aktuality"],"yoast_head":"<!-- This site is optimized with the Yoast SEO plugin v27.5 - https:\/\/yoast.com\/product\/yoast-seo-wordpress\/ -->\n<title>Druh\u00e1 s\u00e9ria podcastov EPALE Slovensko je tu! - \u0160IOV - \u0161t\u00e1tny in\u0161tit\u00fat odborn\u00e9ho vzdel\u00e1vania<\/title>\n<meta name=\"robots\" content=\"index, follow, max-snippet:-1, max-image-preview:large, max-video-preview:-1\" \/>\n<link rel=\"canonical\" href=\"https:\/\/archiv.siov.sk\/en\/druha-seria-podcastov-epale-slovensko-je-tu\/\" \/>\n<meta property=\"og:locale\" content=\"en_GB\" \/>\n<meta property=\"og:type\" content=\"article\" \/>\n<meta property=\"og:title\" content=\"Druh\u00e1 s\u00e9ria podcastov EPALE Slovensko je tu! - \u0160IOV - \u0161t\u00e1tny in\u0161tit\u00fat odborn\u00e9ho vzdel\u00e1vania\" \/>\n<meta property=\"og:description\" content=\"Druh\u00e1 s\u00e9ria nadv\u00e4zuje na \u00faspe\u0161n\u00fd form\u00e1t podcastov EPALE Slovensko, ktor\u00e9 si m\u00f4\u017eete pozrie\u0165 ako video-rozhovory. Prostredn\u00edctvom nov\u00e9ho form\u00e1tu m\u00e1te&nbsp;mo\u017enos\u0165 sledova\u0165 alebo vypo\u010du\u0165 si rozhovory, ktor\u00fdch cie\u013eom je reagova\u0165 na n\u00edzku mieru vzdel\u00e1vania dospel\u00fdch na Slovensku a&nbsp;sprostredkova\u0165 pr\u00edklady dobrej praxe so zameran\u00edm sa na konkr\u00e9tne rie\u0161enia. Druh\u00e1 s\u00e9ria za\u010d\u00edna ve\u013emi in\u0161pirat\u00edvnym rozhovorom o tom, ako sa [&hellip;]\" \/>\n<meta property=\"og:url\" content=\"https:\/\/archiv.siov.sk\/en\/druha-seria-podcastov-epale-slovensko-je-tu\/\" \/>\n<meta property=\"og:site_name\" content=\"\u0160IOV - \u0161t\u00e1tny in\u0161tit\u00fat odborn\u00e9ho vzdel\u00e1vania\" \/>\n<meta property=\"article:publisher\" content=\"https:\/\/www.facebook.com\/Statnyinstitutodbornehovzdelavania\" \/>\n<meta property=\"article:published_time\" content=\"2023-01-30T13:17:45+00:00\" \/>\n<meta property=\"article:modified_time\" content=\"2023-01-31T13:03:38+00:00\" \/>\n<meta property=\"og:image\" content=\"https:\/\/archiv.siov.sk\/wp-content\/uploads\/2023\/01\/WhatsApp-Image-2021-08-16-at-12.58.20.jpeg\" \/>\n\t<meta property=\"og:image:width\" content=\"1600\" \/>\n\t<meta property=\"og:image:height\" content=\"910\" \/>\n\t<meta property=\"og:image:type\" content=\"image\/jpeg\" \/>\n<meta name=\"author\" content=\"Katar\u00edna Kov\u00e1\u010dov\u00e1\" \/>\n<meta name=\"twitter:card\" content=\"summary_large_image\" \/>\n<meta name=\"twitter:label1\" content=\"Written by\" \/>\n\t<meta name=\"twitter:data1\" content=\"Katar\u00edna Kov\u00e1\u010dov\u00e1\" \/>\n\t<meta name=\"twitter:label2\" content=\"Estimated reading time\" \/>\n\t<meta name=\"twitter:data2\" content=\"3 minutes\" \/>\n<script type=\"application\/ld+json\" class=\"yoast-schema-graph\">{\"@context\":\"https:\\\/\\\/schema.org\",\"@graph\":[{\"@type\":\"Article\",\"@id\":\"https:\\\/\\\/archiv.siov.sk\\\/druha-seria-podcastov-epale-slovensko-je-tu\\\/#article\",\"isPartOf\":{\"@id\":\"https:\\\/\\\/archiv.siov.sk\\\/druha-seria-podcastov-epale-slovensko-je-tu\\\/\"},\"author\":{\"name\":\"Katar\u00edna Kov\u00e1\u010dov\u00e1\",\"@id\":\"https:\\\/\\\/archiv.siov.sk\\\/#\\\/schema\\\/person\\\/e42d633fbd958c6a726e8834d8965e6c\"},\"headline\":\"Druh\u00e1 s\u00e9ria podcastov EPALE Slovensko je tu!\",\"datePublished\":\"2023-01-30T13:17:45+00:00\",\"dateModified\":\"2023-01-31T13:03:38+00:00\",\"mainEntityOfPage\":{\"@id\":\"https:\\\/\\\/archiv.siov.sk\\\/druha-seria-podcastov-epale-slovensko-je-tu\\\/\"},\"wordCount\":663,\"publisher\":{\"@id\":\"https:\\\/\\\/archiv.siov.sk\\\/#organization\"},\"image\":{\"@id\":\"https:\\\/\\\/archiv.siov.sk\\\/druha-seria-podcastov-epale-slovensko-je-tu\\\/#primaryimage\"},\"thumbnailUrl\":\"https:\\\/\\\/archiv.siov.sk\\\/wp-content\\\/uploads\\\/2023\\\/01\\\/WhatsApp-Image-2021-08-16-at-12.58.20.jpeg\",\"articleSection\":[\"Aktuality\"],\"inLanguage\":\"en-GB\"},{\"@type\":\"WebPage\",\"@id\":\"https:\\\/\\\/archiv.siov.sk\\\/druha-seria-podcastov-epale-slovensko-je-tu\\\/\",\"url\":\"https:\\\/\\\/archiv.siov.sk\\\/druha-seria-podcastov-epale-slovensko-je-tu\\\/\",\"name\":\"Druh\u00e1 s\u00e9ria podcastov EPALE Slovensko je tu! - \u0160IOV - \u0161t\u00e1tny in\u0161tit\u00fat odborn\u00e9ho vzdel\u00e1vania\",\"isPartOf\":{\"@id\":\"https:\\\/\\\/archiv.siov.sk\\\/#website\"},\"primaryImageOfPage\":{\"@id\":\"https:\\\/\\\/archiv.siov.sk\\\/druha-seria-podcastov-epale-slovensko-je-tu\\\/#primaryimage\"},\"image\":{\"@id\":\"https:\\\/\\\/archiv.siov.sk\\\/druha-seria-podcastov-epale-slovensko-je-tu\\\/#primaryimage\"},\"thumbnailUrl\":\"https:\\\/\\\/archiv.siov.sk\\\/wp-content\\\/uploads\\\/2023\\\/01\\\/WhatsApp-Image-2021-08-16-at-12.58.20.jpeg\",\"datePublished\":\"2023-01-30T13:17:45+00:00\",\"dateModified\":\"2023-01-31T13:03:38+00:00\",\"breadcrumb\":{\"@id\":\"https:\\\/\\\/archiv.siov.sk\\\/druha-seria-podcastov-epale-slovensko-je-tu\\\/#breadcrumb\"},\"inLanguage\":\"en-GB\",\"potentialAction\":[{\"@type\":\"ReadAction\",\"target\":[\"https:\\\/\\\/archiv.siov.sk\\\/druha-seria-podcastov-epale-slovensko-je-tu\\\/\"]}]},{\"@type\":\"ImageObject\",\"inLanguage\":\"en-GB\",\"@id\":\"https:\\\/\\\/archiv.siov.sk\\\/druha-seria-podcastov-epale-slovensko-je-tu\\\/#primaryimage\",\"url\":\"https:\\\/\\\/archiv.siov.sk\\\/wp-content\\\/uploads\\\/2023\\\/01\\\/WhatsApp-Image-2021-08-16-at-12.58.20.jpeg\",\"contentUrl\":\"https:\\\/\\\/archiv.siov.sk\\\/wp-content\\\/uploads\\\/2023\\\/01\\\/WhatsApp-Image-2021-08-16-at-12.58.20.jpeg\",\"width\":1600,\"height\":910},{\"@type\":\"BreadcrumbList\",\"@id\":\"https:\\\/\\\/archiv.siov.sk\\\/druha-seria-podcastov-epale-slovensko-je-tu\\\/#breadcrumb\",\"itemListElement\":[{\"@type\":\"ListItem\",\"position\":1,\"name\":\"Home\",\"item\":\"https:\\\/\\\/archiv.siov.sk\\\/\"},{\"@type\":\"ListItem\",\"position\":2,\"name\":\"Druh\u00e1 s\u00e9ria podcastov EPALE Slovensko je tu!\"}]},{\"@type\":\"WebSite\",\"@id\":\"https:\\\/\\\/archiv.siov.sk\\\/#website\",\"url\":\"https:\\\/\\\/archiv.siov.sk\\\/\",\"name\":\"\u0160IOV - \u0161t\u00e1tny in\u0161tit\u00fat odborn\u00e9ho vzdel\u00e1vania\",\"description\":\"\",\"publisher\":{\"@id\":\"https:\\\/\\\/archiv.siov.sk\\\/#organization\"},\"potentialAction\":[{\"@type\":\"SearchAction\",\"target\":{\"@type\":\"EntryPoint\",\"urlTemplate\":\"https:\\\/\\\/archiv.siov.sk\\\/?s={search_term_string}\"},\"query-input\":{\"@type\":\"PropertyValueSpecification\",\"valueRequired\":true,\"valueName\":\"search_term_string\"}}],\"inLanguage\":\"en-GB\"},{\"@type\":\"Organization\",\"@id\":\"https:\\\/\\\/archiv.siov.sk\\\/#organization\",\"name\":\"\u0160IOV - \u0161t\u00e1tny in\u0161tit\u00fat odborn\u00e9ho vzdel\u00e1vania\",\"url\":\"https:\\\/\\\/archiv.siov.sk\\\/\",\"logo\":{\"@type\":\"ImageObject\",\"inLanguage\":\"en-GB\",\"@id\":\"https:\\\/\\\/archiv.siov.sk\\\/#\\\/schema\\\/logo\\\/image\\\/\",\"url\":\"https:\\\/\\\/archiv.siov.sk\\\/wp-content\\\/uploads\\\/2024\\\/02\\\/logo-SIOV.png\",\"contentUrl\":\"https:\\\/\\\/archiv.siov.sk\\\/wp-content\\\/uploads\\\/2024\\\/02\\\/logo-SIOV.png\",\"width\":431,\"height\":143,\"caption\":\"\u0160IOV - \u0161t\u00e1tny in\u0161tit\u00fat odborn\u00e9ho vzdel\u00e1vania\"},\"image\":{\"@id\":\"https:\\\/\\\/archiv.siov.sk\\\/#\\\/schema\\\/logo\\\/image\\\/\"},\"sameAs\":[\"https:\\\/\\\/www.facebook.com\\\/Statnyinstitutodbornehovzdelavania\"]},{\"@type\":\"Person\",\"@id\":\"https:\\\/\\\/archiv.siov.sk\\\/#\\\/schema\\\/person\\\/e42d633fbd958c6a726e8834d8965e6c\",\"name\":\"Katar\u00edna Kov\u00e1\u010dov\u00e1\",\"url\":\"https:\\\/\\\/archiv.siov.sk\\\/en\\\/author\\\/katkakovacova\\\/\"}]}<\/script>\n<!-- \/ Yoast SEO plugin. -->","yoast_head_json":{"title":"Druh\u00e1 s\u00e9ria podcastov EPALE Slovensko je tu! - \u0160IOV - \u0161t\u00e1tny in\u0161tit\u00fat odborn\u00e9ho vzdel\u00e1vania","robots":{"index":"index","follow":"follow","max-snippet":"max-snippet:-1","max-image-preview":"max-image-preview:large","max-video-preview":"max-video-preview:-1"},"canonical":"https:\/\/archiv.siov.sk\/en\/druha-seria-podcastov-epale-slovensko-je-tu\/","og_locale":"en_GB","og_type":"article","og_title":"Druh\u00e1 s\u00e9ria podcastov EPALE Slovensko je tu! - \u0160IOV - \u0161t\u00e1tny in\u0161tit\u00fat odborn\u00e9ho vzdel\u00e1vania","og_description":"Druh\u00e1 s\u00e9ria nadv\u00e4zuje na \u00faspe\u0161n\u00fd form\u00e1t podcastov EPALE Slovensko, ktor\u00e9 si m\u00f4\u017eete pozrie\u0165 ako video-rozhovory. Prostredn\u00edctvom nov\u00e9ho form\u00e1tu m\u00e1te&nbsp;mo\u017enos\u0165 sledova\u0165 alebo vypo\u010du\u0165 si rozhovory, ktor\u00fdch cie\u013eom je reagova\u0165 na n\u00edzku mieru vzdel\u00e1vania dospel\u00fdch na Slovensku a&nbsp;sprostredkova\u0165 pr\u00edklady dobrej praxe so zameran\u00edm sa na konkr\u00e9tne rie\u0161enia. Druh\u00e1 s\u00e9ria za\u010d\u00edna ve\u013emi in\u0161pirat\u00edvnym rozhovorom o tom, ako sa [&hellip;]","og_url":"https:\/\/archiv.siov.sk\/en\/druha-seria-podcastov-epale-slovensko-je-tu\/","og_site_name":"\u0160IOV - \u0161t\u00e1tny in\u0161tit\u00fat odborn\u00e9ho vzdel\u00e1vania","article_publisher":"https:\/\/www.facebook.com\/Statnyinstitutodbornehovzdelavania","article_published_time":"2023-01-30T13:17:45+00:00","article_modified_time":"2023-01-31T13:03:38+00:00","og_image":[{"width":1600,"height":910,"url":"https:\/\/archiv.siov.sk\/wp-content\/uploads\/2023\/01\/WhatsApp-Image-2021-08-16-at-12.58.20.jpeg","type":"image\/jpeg"}],"author":"Katar\u00edna Kov\u00e1\u010dov\u00e1","twitter_card":"summary_large_image","twitter_misc":{"Written by":"Katar\u00edna Kov\u00e1\u010dov\u00e1","Estimated reading time":"3 minutes"},"schema":{"@context":"https:\/\/schema.org","@graph":[{"@type":"Article","@id":"https:\/\/archiv.siov.sk\/druha-seria-podcastov-epale-slovensko-je-tu\/#article","isPartOf":{"@id":"https:\/\/archiv.siov.sk\/druha-seria-podcastov-epale-slovensko-je-tu\/"},"author":{"name":"Katar\u00edna Kov\u00e1\u010dov\u00e1","@id":"https:\/\/archiv.siov.sk\/#\/schema\/person\/e42d633fbd958c6a726e8834d8965e6c"},"headline":"Druh\u00e1 s\u00e9ria podcastov EPALE Slovensko je tu!","datePublished":"2023-01-30T13:17:45+00:00","dateModified":"2023-01-31T13:03:38+00:00","mainEntityOfPage":{"@id":"https:\/\/archiv.siov.sk\/druha-seria-podcastov-epale-slovensko-je-tu\/"},"wordCount":663,"publisher":{"@id":"https:\/\/archiv.siov.sk\/#organization"},"image":{"@id":"https:\/\/archiv.siov.sk\/druha-seria-podcastov-epale-slovensko-je-tu\/#primaryimage"},"thumbnailUrl":"https:\/\/archiv.siov.sk\/wp-content\/uploads\/2023\/01\/WhatsApp-Image-2021-08-16-at-12.58.20.jpeg","articleSection":["Aktuality"],"inLanguage":"en-GB"},{"@type":"WebPage","@id":"https:\/\/archiv.siov.sk\/druha-seria-podcastov-epale-slovensko-je-tu\/","url":"https:\/\/archiv.siov.sk\/druha-seria-podcastov-epale-slovensko-je-tu\/","name":"Druh\u00e1 s\u00e9ria podcastov EPALE Slovensko je tu! - \u0160IOV - \u0161t\u00e1tny in\u0161tit\u00fat odborn\u00e9ho vzdel\u00e1vania","isPartOf":{"@id":"https:\/\/archiv.siov.sk\/#website"},"primaryImageOfPage":{"@id":"https:\/\/archiv.siov.sk\/druha-seria-podcastov-epale-slovensko-je-tu\/#primaryimage"},"image":{"@id":"https:\/\/archiv.siov.sk\/druha-seria-podcastov-epale-slovensko-je-tu\/#primaryimage"},"thumbnailUrl":"https:\/\/archiv.siov.sk\/wp-content\/uploads\/2023\/01\/WhatsApp-Image-2021-08-16-at-12.58.20.jpeg","datePublished":"2023-01-30T13:17:45+00:00","dateModified":"2023-01-31T13:03:38+00:00","breadcrumb":{"@id":"https:\/\/archiv.siov.sk\/druha-seria-podcastov-epale-slovensko-je-tu\/#breadcrumb"},"inLanguage":"en-GB","potentialAction":[{"@type":"ReadAction","target":["https:\/\/archiv.siov.sk\/druha-seria-podcastov-epale-slovensko-je-tu\/"]}]},{"@type":"ImageObject","inLanguage":"en-GB","@id":"https:\/\/archiv.siov.sk\/druha-seria-podcastov-epale-slovensko-je-tu\/#primaryimage","url":"https:\/\/archiv.siov.sk\/wp-content\/uploads\/2023\/01\/WhatsApp-Image-2021-08-16-at-12.58.20.jpeg","contentUrl":"https:\/\/archiv.siov.sk\/wp-content\/uploads\/2023\/01\/WhatsApp-Image-2021-08-16-at-12.58.20.jpeg","width":1600,"height":910},{"@type":"BreadcrumbList","@id":"https:\/\/archiv.siov.sk\/druha-seria-podcastov-epale-slovensko-je-tu\/#breadcrumb","itemListElement":[{"@type":"ListItem","position":1,"name":"Home","item":"https:\/\/archiv.siov.sk\/"},{"@type":"ListItem","position":2,"name":"Druh\u00e1 s\u00e9ria podcastov EPALE Slovensko je tu!"}]},{"@type":"WebSite","@id":"https:\/\/archiv.siov.sk\/#website","url":"https:\/\/archiv.siov.sk\/","name":"\u0160IOV - \u0161t\u00e1tny in\u0161tit\u00fat odborn\u00e9ho vzdel\u00e1vania","description":"","publisher":{"@id":"https:\/\/archiv.siov.sk\/#organization"},"potentialAction":[{"@type":"SearchAction","target":{"@type":"EntryPoint","urlTemplate":"https:\/\/archiv.siov.sk\/?s={search_term_string}"},"query-input":{"@type":"PropertyValueSpecification","valueRequired":true,"valueName":"search_term_string"}}],"inLanguage":"en-GB"},{"@type":"Organization","@id":"https:\/\/archiv.siov.sk\/#organization","name":"\u0160IOV - \u0161t\u00e1tny in\u0161tit\u00fat odborn\u00e9ho vzdel\u00e1vania","url":"https:\/\/archiv.siov.sk\/","logo":{"@type":"ImageObject","inLanguage":"en-GB","@id":"https:\/\/archiv.siov.sk\/#\/schema\/logo\/image\/","url":"https:\/\/archiv.siov.sk\/wp-content\/uploads\/2024\/02\/logo-SIOV.png","contentUrl":"https:\/\/archiv.siov.sk\/wp-content\/uploads\/2024\/02\/logo-SIOV.png","width":431,"height":143,"caption":"\u0160IOV - \u0161t\u00e1tny in\u0161tit\u00fat odborn\u00e9ho vzdel\u00e1vania"},"image":{"@id":"https:\/\/archiv.siov.sk\/#\/schema\/logo\/image\/"},"sameAs":["https:\/\/www.facebook.com\/Statnyinstitutodbornehovzdelavania"]},{"@type":"Person","@id":"https:\/\/archiv.siov.sk\/#\/schema\/person\/e42d633fbd958c6a726e8834d8965e6c","name":"Katar\u00edna Kov\u00e1\u010dov\u00e1","url":"https:\/\/archiv.siov.sk\/en\/author\/katkakovacova\/"}]}},"_links":{"self":[{"href":"https:\/\/archiv.siov.sk\/en\/wp-json\/wp\/v2\/posts\/13319","targetHints":{"allow":["GET"]}}],"collection":[{"href":"https:\/\/archiv.siov.sk\/en\/wp-json\/wp\/v2\/posts"}],"about":[{"href":"https:\/\/archiv.siov.sk\/en\/wp-json\/wp\/v2\/types\/post"}],"author":[{"embeddable":true,"href":"https:\/\/archiv.siov.sk\/en\/wp-json\/wp\/v2\/users\/6"}],"replies":[{"embeddable":true,"href":"https:\/\/archiv.siov.sk\/en\/wp-json\/wp\/v2\/comments?post=13319"}],"version-history":[{"count":4,"href":"https:\/\/archiv.siov.sk\/en\/wp-json\/wp\/v2\/posts\/13319\/revisions"}],"predecessor-version":[{"id":13325,"href":"https:\/\/archiv.siov.sk\/en\/wp-json\/wp\/v2\/posts\/13319\/revisions\/13325"}],"wp:featuredmedia":[{"embeddable":true,"href":"https:\/\/archiv.siov.sk\/en\/wp-json\/wp\/v2\/media\/13322"}],"wp:attachment":[{"href":"https:\/\/archiv.siov.sk\/en\/wp-json\/wp\/v2\/media?parent=13319"}],"wp:term":[{"taxonomy":"category","embeddable":true,"href":"https:\/\/archiv.siov.sk\/en\/wp-json\/wp\/v2\/categories?post=13319"},{"taxonomy":"post_tag","embeddable":true,"href":"https:\/\/archiv.siov.sk\/en\/wp-json\/wp\/v2\/tags?post=13319"}],"curies":[{"name":"wp","href":"https:\/\/api.w.org\/{rel}","templated":true}]}}