{"id":13308,"date":"2023-01-30T10:45:05","date_gmt":"2023-01-30T09:45:05","guid":{"rendered":"https:\/\/archiv.siov.sk\/?p=13308"},"modified":"2023-01-30T12:26:06","modified_gmt":"2023-01-30T11:26:06","slug":"informacia-k-prispevku-na-ovp-2023","status":"publish","type":"post","link":"https:\/\/archiv.siov.sk\/en\/informacia-k-prispevku-na-ovp-2023\/","title":{"rendered":"INFORM\u00c1CIA K PR\u00cdSPEVKU NA OVP 2023"},"content":{"rendered":"<p>Inform\u00e1cia pre \u017eiadate\u013eov o&nbsp;:<\/p>\n<p><strong><u>\u201ePr\u00edspevok na zabezpe\u010denie praktick\u00e9ho vyu\u010dovania\u201c<\/u><\/strong> za \u0161kolsk\u00fd rok 2022\/2023<\/p>\n<p>&nbsp;<\/p>\n<p><strong>Pr\u00edspevok na zabezpe\u010denie praktick\u00e9ho vyu\u010dovania v syst\u00e9me du\u00e1lneho vzdel\u00e1vania<\/strong><\/p>\n<p style=\"text-align: justify;\">Tak, ako aj po minul\u00e9 roky, maj\u00fa zamestn\u00e1vatelia mo\u017enos\u0165 v zmysle \u00a7 21a z\u00e1kona \u010d.61\/2015 Z.z. o OVP, po\u017eiada\u0165 do 31.3.2023 o <strong>\u201ePr\u00edspevok na zabezpe\u010denie praktick\u00e9ho vyu\u010dovania v syst\u00e9me du\u00e1lneho vzdel\u00e1vania\u201c<\/strong>. Sp\u00f4sob podania \u017eiadosti, potrebn\u00e9 formul\u00e1re ako aj potrebn\u00e9 pr\u00edlohy s\u00fa toto\u017en\u00e9 s minul\u00fdm rokom. V\u00fd\u0161ka pr\u00edspevku pre ve\u013ek\u00fdch zamestn\u00e1vate\u013eov je 700,- \u20ac na \u017eiaka, pre mal\u00fdch a stredn\u00fdch je to 1.000.- \u20ac. Pr\u00edspevok sa vypl\u00e1ca na v\u0161etk\u00fdch \u017eiakov, ktor\u00ed vst\u00fapili do SDV od \u0161kolsk\u00e9ho roku 2022\/2023, \u010di\u017ee aktu\u00e1lni prv\u00e1ci, druh\u00e1ci, tretiaci a \u0161tvrt\u00e1ci. V\u00fdplata pr\u00edspevku je k 30.6.2023. Cel\u00fdm procesom bud\u00fa zamestn\u00e1vate\u013eov sprev\u00e1dza\u0165 zamestnanci region\u00e1lnych centier \u0160IOV-u.<\/p>\n<p>&nbsp;<\/p>\n<p><strong>Podklady k pr\u00edspevku na zabezpe\u010denie praktick\u00e9ho vyu\u010dovania<\/strong><\/p>\n<p><img decoding=\"async\" class=\"alignnone wp-image-10834\" src=\"https:\/\/archiv.siov.sk\/wp-content\/uploads\/2022\/03\/word-ikona.jpg\" sizes=\"(max-width: 36px) 100vw, 36px\" srcset=\"https:\/\/archiv.siov.sk\/wp-content\/uploads\/2022\/03\/word-ikona.jpg 226w, https:\/\/archiv.siov.sk\/wp-content\/uploads\/2022\/03\/word-ikona-150x150.jpg 150w\" alt=\"\" width=\"36\" height=\"35\">&nbsp;<a href=\"https:\/\/archiv.siov.sk\/wp-content\/uploads\/2023\/01\/VY\u0301ZVA-2023.docx\" target=\"_blank\" rel=\"noopener\">V\u00fdzva \u2013 pr\u00edspevok na zabezpe\u010denie praktick\u00e9ho vyu\u010dovania<\/a><\/p>\n<p><img decoding=\"async\" class=\"alignnone wp-image-10834\" src=\"https:\/\/archiv.siov.sk\/wp-content\/uploads\/2022\/03\/word-ikona.jpg\" sizes=\"(max-width: 36px) 100vw, 36px\" srcset=\"https:\/\/archiv.siov.sk\/wp-content\/uploads\/2022\/03\/word-ikona.jpg 226w, https:\/\/archiv.siov.sk\/wp-content\/uploads\/2022\/03\/word-ikona-150x150.jpg 150w\" alt=\"\" width=\"36\" height=\"35\">&nbsp;<a href=\"https:\/\/archiv.siov.sk\/wp-content\/uploads\/2023\/01\/VYHLA\u0301SENIE-2023.docx\" target=\"_blank\" rel=\"noopener\">Vyhl\u00e1senie \u2013 pr\u00edspevok na zabezpe\u010denie praktick\u00e9ho vyu\u010dovania<\/a><\/p>\n<p><img decoding=\"async\" class=\"alignnone wp-image-10834\" src=\"https:\/\/archiv.siov.sk\/wp-content\/uploads\/2022\/03\/word-ikona.jpg\" sizes=\"(max-width: 36px) 100vw, 36px\" srcset=\"https:\/\/archiv.siov.sk\/wp-content\/uploads\/2022\/03\/word-ikona.jpg 226w, https:\/\/archiv.siov.sk\/wp-content\/uploads\/2022\/03\/word-ikona-150x150.jpg 150w\" alt=\"\" width=\"36\" height=\"35\"><a href=\"https:\/\/archiv.siov.sk\/wp-content\/uploads\/2023\/01\/Z\u030cIADOST\u030c-2023.docx\" target=\"_blank\" rel=\"noopener\">&nbsp;\u017diados\u0165 \u2013 pr\u00edspevok na zabezpe\u010denie praktick\u00e9ho vyu\u010dovania<\/a><\/p>","protected":false},"excerpt":{"rendered":"<p>Inform\u00e1cia pre \u017eiadate\u013eov o&nbsp;: \u201ePr\u00edspevok na zabezpe\u010denie praktick\u00e9ho vyu\u010dovania\u201c za \u0161kolsk\u00fd rok 2022\/2023 &nbsp; Pr\u00edspevok na zabezpe\u010denie praktick\u00e9ho vyu\u010dovania v syst\u00e9me du\u00e1lneho vzdel\u00e1vania Tak, ako aj po minul\u00e9 roky, maj\u00fa zamestn\u00e1vatelia mo\u017enos\u0165 v zmysle \u00a7 21a z\u00e1kona \u010d.61\/2015 Z.z. o OVP, po\u017eiada\u0165 do 31.3.2023 o \u201ePr\u00edspevok na zabezpe\u010denie praktick\u00e9ho vyu\u010dovania v syst\u00e9me du\u00e1lneho vzdel\u00e1vania\u201c. Sp\u00f4sob [&hellip;]<\/p>\n","protected":false},"author":6,"featured_media":10208,"comment_status":"closed","ping_status":"closed","sticky":false,"template":"","format":"standard","meta":{"site-sidebar-layout":"default","site-content-layout":"default","ast-site-content-layout":"default","site-content-style":"default","site-sidebar-style":"default","ast-global-header-display":"","ast-banner-title-visibility":"","ast-main-header-display":"","ast-hfb-above-header-display":"","ast-hfb-below-header-display":"","ast-hfb-mobile-header-display":"","site-post-title":"","ast-breadcrumbs-content":"","ast-featured-img":"","footer-sml-layout":"","ast-disable-related-posts":"","theme-transparent-header-meta":"default","adv-header-id-meta":"","stick-header-meta":"","header-above-stick-meta":"","header-main-stick-meta":"","header-below-stick-meta":"","astra-migrate-meta-layouts":"default","ast-page-background-enabled":"default","ast-page-background-meta":{"desktop":{"background-color":"var(--ast-global-color-4)","background-image":"","background-repeat":"repeat","background-position":"center center","background-size":"auto","background-attachment":"scroll","background-type":"","background-media":"","overlay-type":"","overlay-color":"","overlay-opacity":"","overlay-gradient":""},"tablet":{"background-color":"","background-image":"","background-repeat":"repeat","background-position":"center center","background-size":"auto","background-attachment":"scroll","background-type":"","background-media":"","overlay-type":"","overlay-color":"","overlay-opacity":"","overlay-gradient":""},"mobile":{"background-color":"","background-image":"","background-repeat":"repeat","background-position":"center center","background-size":"auto","background-attachment":"scroll","background-type":"","background-media":"","overlay-type":"","overlay-color":"","overlay-opacity":"","overlay-gradient":""}},"ast-content-background-meta":{"desktop":{"background-color":"var(--ast-global-color-5)","background-image":"","background-repeat":"repeat","background-position":"center center","background-size":"auto","background-attachment":"scroll","background-type":"","background-media":"","overlay-type":"","overlay-color":"","overlay-opacity":"","overlay-gradient":""},"tablet":{"background-color":"var(--ast-global-color-5)","background-image":"","background-repeat":"repeat","background-position":"center center","background-size":"auto","background-attachment":"scroll","background-type":"","background-media":"","overlay-type":"","overlay-color":"","overlay-opacity":"","overlay-gradient":""},"mobile":{"background-color":"var(--ast-global-color-5)","background-image":"","background-repeat":"repeat","background-position":"center center","background-size":"auto","background-attachment":"scroll","background-type":"","background-media":"","overlay-type":"","overlay-color":"","overlay-opacity":"","overlay-gradient":""}},"footnotes":""},"categories":[1],"tags":[],"class_list":["post-13308","post","type-post","status-publish","format-standard","has-post-thumbnail","hentry","category-aktuality"],"yoast_head":"<!-- This site is optimized with the Yoast SEO plugin v27.5 - https:\/\/yoast.com\/product\/yoast-seo-wordpress\/ -->\n<title>INFORM\u00c1CIA K PR\u00cdSPEVKU NA OVP 2023 - \u0160IOV - \u0161t\u00e1tny in\u0161tit\u00fat odborn\u00e9ho vzdel\u00e1vania<\/title>\n<meta name=\"robots\" content=\"index, follow, max-snippet:-1, max-image-preview:large, max-video-preview:-1\" \/>\n<link rel=\"canonical\" href=\"https:\/\/archiv.siov.sk\/en\/informacia-k-prispevku-na-ovp-2023\/\" \/>\n<meta property=\"og:locale\" content=\"en_GB\" \/>\n<meta property=\"og:type\" content=\"article\" \/>\n<meta property=\"og:title\" content=\"INFORM\u00c1CIA K PR\u00cdSPEVKU NA OVP 2023 - \u0160IOV - \u0161t\u00e1tny in\u0161tit\u00fat odborn\u00e9ho vzdel\u00e1vania\" \/>\n<meta property=\"og:description\" content=\"Inform\u00e1cia pre \u017eiadate\u013eov o&nbsp;: \u201ePr\u00edspevok na zabezpe\u010denie praktick\u00e9ho vyu\u010dovania\u201c za \u0161kolsk\u00fd rok 2022\/2023 &nbsp; Pr\u00edspevok na zabezpe\u010denie praktick\u00e9ho vyu\u010dovania v syst\u00e9me du\u00e1lneho vzdel\u00e1vania Tak, ako aj po minul\u00e9 roky, maj\u00fa zamestn\u00e1vatelia mo\u017enos\u0165 v zmysle \u00a7 21a z\u00e1kona \u010d.61\/2015 Z.z. o OVP, po\u017eiada\u0165 do 31.3.2023 o \u201ePr\u00edspevok na zabezpe\u010denie praktick\u00e9ho vyu\u010dovania v syst\u00e9me du\u00e1lneho vzdel\u00e1vania\u201c. Sp\u00f4sob [&hellip;]\" \/>\n<meta property=\"og:url\" content=\"https:\/\/archiv.siov.sk\/en\/informacia-k-prispevku-na-ovp-2023\/\" \/>\n<meta property=\"og:site_name\" content=\"\u0160IOV - \u0161t\u00e1tny in\u0161tit\u00fat odborn\u00e9ho vzdel\u00e1vania\" \/>\n<meta property=\"article:publisher\" content=\"https:\/\/www.facebook.com\/Statnyinstitutodbornehovzdelavania\" \/>\n<meta property=\"article:published_time\" content=\"2023-01-30T09:45:05+00:00\" \/>\n<meta property=\"article:modified_time\" content=\"2023-01-30T11:26:06+00:00\" \/>\n<meta property=\"og:image\" content=\"https:\/\/archiv.siov.sk\/wp-content\/uploads\/2021\/11\/Dual_LogoRGB-e1637846239585.png\" \/>\n\t<meta property=\"og:image:width\" content=\"500\" \/>\n\t<meta property=\"og:image:height\" content=\"397\" \/>\n\t<meta property=\"og:image:type\" content=\"image\/png\" \/>\n<meta name=\"author\" content=\"Katar\u00edna Kov\u00e1\u010dov\u00e1\" \/>\n<meta name=\"twitter:card\" content=\"summary_large_image\" \/>\n<meta name=\"twitter:label1\" content=\"Written by\" \/>\n\t<meta name=\"twitter:data1\" content=\"Katar\u00edna Kov\u00e1\u010dov\u00e1\" \/>\n\t<meta name=\"twitter:label2\" content=\"Estimated reading time\" \/>\n\t<meta name=\"twitter:data2\" content=\"2 minutes\" \/>\n<script type=\"application\/ld+json\" class=\"yoast-schema-graph\">{\"@context\":\"https:\\\/\\\/schema.org\",\"@graph\":[{\"@type\":\"Article\",\"@id\":\"https:\\\/\\\/archiv.siov.sk\\\/informacia-k-prispevku-na-ovp-2023\\\/#article\",\"isPartOf\":{\"@id\":\"https:\\\/\\\/archiv.siov.sk\\\/informacia-k-prispevku-na-ovp-2023\\\/\"},\"author\":{\"name\":\"Katar\u00edna Kov\u00e1\u010dov\u00e1\",\"@id\":\"https:\\\/\\\/archiv.siov.sk\\\/#\\\/schema\\\/person\\\/e42d633fbd958c6a726e8834d8965e6c\"},\"headline\":\"INFORM\u00c1CIA K PR\u00cdSPEVKU NA OVP 2023\",\"datePublished\":\"2023-01-30T09:45:05+00:00\",\"dateModified\":\"2023-01-30T11:26:06+00:00\",\"mainEntityOfPage\":{\"@id\":\"https:\\\/\\\/archiv.siov.sk\\\/informacia-k-prispevku-na-ovp-2023\\\/\"},\"wordCount\":224,\"publisher\":{\"@id\":\"https:\\\/\\\/archiv.siov.sk\\\/#organization\"},\"image\":{\"@id\":\"https:\\\/\\\/archiv.siov.sk\\\/informacia-k-prispevku-na-ovp-2023\\\/#primaryimage\"},\"thumbnailUrl\":\"https:\\\/\\\/archiv.siov.sk\\\/wp-content\\\/uploads\\\/2021\\\/11\\\/Dual_LogoRGB-e1637846239585.png\",\"articleSection\":[\"Aktuality\"],\"inLanguage\":\"en-GB\"},{\"@type\":\"WebPage\",\"@id\":\"https:\\\/\\\/archiv.siov.sk\\\/informacia-k-prispevku-na-ovp-2023\\\/\",\"url\":\"https:\\\/\\\/archiv.siov.sk\\\/informacia-k-prispevku-na-ovp-2023\\\/\",\"name\":\"INFORM\u00c1CIA K PR\u00cdSPEVKU NA OVP 2023 - \u0160IOV - \u0161t\u00e1tny in\u0161tit\u00fat odborn\u00e9ho vzdel\u00e1vania\",\"isPartOf\":{\"@id\":\"https:\\\/\\\/archiv.siov.sk\\\/#website\"},\"primaryImageOfPage\":{\"@id\":\"https:\\\/\\\/archiv.siov.sk\\\/informacia-k-prispevku-na-ovp-2023\\\/#primaryimage\"},\"image\":{\"@id\":\"https:\\\/\\\/archiv.siov.sk\\\/informacia-k-prispevku-na-ovp-2023\\\/#primaryimage\"},\"thumbnailUrl\":\"https:\\\/\\\/archiv.siov.sk\\\/wp-content\\\/uploads\\\/2021\\\/11\\\/Dual_LogoRGB-e1637846239585.png\",\"datePublished\":\"2023-01-30T09:45:05+00:00\",\"dateModified\":\"2023-01-30T11:26:06+00:00\",\"breadcrumb\":{\"@id\":\"https:\\\/\\\/archiv.siov.sk\\\/informacia-k-prispevku-na-ovp-2023\\\/#breadcrumb\"},\"inLanguage\":\"en-GB\",\"potentialAction\":[{\"@type\":\"ReadAction\",\"target\":[\"https:\\\/\\\/archiv.siov.sk\\\/informacia-k-prispevku-na-ovp-2023\\\/\"]}]},{\"@type\":\"ImageObject\",\"inLanguage\":\"en-GB\",\"@id\":\"https:\\\/\\\/archiv.siov.sk\\\/informacia-k-prispevku-na-ovp-2023\\\/#primaryimage\",\"url\":\"https:\\\/\\\/archiv.siov.sk\\\/wp-content\\\/uploads\\\/2021\\\/11\\\/Dual_LogoRGB-e1637846239585.png\",\"contentUrl\":\"https:\\\/\\\/archiv.siov.sk\\\/wp-content\\\/uploads\\\/2021\\\/11\\\/Dual_LogoRGB-e1637846239585.png\",\"width\":500,\"height\":397},{\"@type\":\"BreadcrumbList\",\"@id\":\"https:\\\/\\\/archiv.siov.sk\\\/informacia-k-prispevku-na-ovp-2023\\\/#breadcrumb\",\"itemListElement\":[{\"@type\":\"ListItem\",\"position\":1,\"name\":\"Home\",\"item\":\"https:\\\/\\\/archiv.siov.sk\\\/\"},{\"@type\":\"ListItem\",\"position\":2,\"name\":\"INFORM\u00c1CIA K PR\u00cdSPEVKU NA OVP 2023\"}]},{\"@type\":\"WebSite\",\"@id\":\"https:\\\/\\\/archiv.siov.sk\\\/#website\",\"url\":\"https:\\\/\\\/archiv.siov.sk\\\/\",\"name\":\"\u0160IOV - \u0161t\u00e1tny in\u0161tit\u00fat odborn\u00e9ho vzdel\u00e1vania\",\"description\":\"\",\"publisher\":{\"@id\":\"https:\\\/\\\/archiv.siov.sk\\\/#organization\"},\"potentialAction\":[{\"@type\":\"SearchAction\",\"target\":{\"@type\":\"EntryPoint\",\"urlTemplate\":\"https:\\\/\\\/archiv.siov.sk\\\/?s={search_term_string}\"},\"query-input\":{\"@type\":\"PropertyValueSpecification\",\"valueRequired\":true,\"valueName\":\"search_term_string\"}}],\"inLanguage\":\"en-GB\"},{\"@type\":\"Organization\",\"@id\":\"https:\\\/\\\/archiv.siov.sk\\\/#organization\",\"name\":\"\u0160IOV - \u0161t\u00e1tny in\u0161tit\u00fat odborn\u00e9ho vzdel\u00e1vania\",\"url\":\"https:\\\/\\\/archiv.siov.sk\\\/\",\"logo\":{\"@type\":\"ImageObject\",\"inLanguage\":\"en-GB\",\"@id\":\"https:\\\/\\\/archiv.siov.sk\\\/#\\\/schema\\\/logo\\\/image\\\/\",\"url\":\"https:\\\/\\\/archiv.siov.sk\\\/wp-content\\\/uploads\\\/2024\\\/02\\\/logo-SIOV.png\",\"contentUrl\":\"https:\\\/\\\/archiv.siov.sk\\\/wp-content\\\/uploads\\\/2024\\\/02\\\/logo-SIOV.png\",\"width\":431,\"height\":143,\"caption\":\"\u0160IOV - \u0161t\u00e1tny in\u0161tit\u00fat odborn\u00e9ho vzdel\u00e1vania\"},\"image\":{\"@id\":\"https:\\\/\\\/archiv.siov.sk\\\/#\\\/schema\\\/logo\\\/image\\\/\"},\"sameAs\":[\"https:\\\/\\\/www.facebook.com\\\/Statnyinstitutodbornehovzdelavania\"]},{\"@type\":\"Person\",\"@id\":\"https:\\\/\\\/archiv.siov.sk\\\/#\\\/schema\\\/person\\\/e42d633fbd958c6a726e8834d8965e6c\",\"name\":\"Katar\u00edna Kov\u00e1\u010dov\u00e1\",\"url\":\"https:\\\/\\\/archiv.siov.sk\\\/en\\\/author\\\/katkakovacova\\\/\"}]}<\/script>\n<!-- \/ Yoast SEO plugin. -->","yoast_head_json":{"title":"INFORM\u00c1CIA K PR\u00cdSPEVKU NA OVP 2023 - \u0160IOV - \u0161t\u00e1tny in\u0161tit\u00fat odborn\u00e9ho vzdel\u00e1vania","robots":{"index":"index","follow":"follow","max-snippet":"max-snippet:-1","max-image-preview":"max-image-preview:large","max-video-preview":"max-video-preview:-1"},"canonical":"https:\/\/archiv.siov.sk\/en\/informacia-k-prispevku-na-ovp-2023\/","og_locale":"en_GB","og_type":"article","og_title":"INFORM\u00c1CIA K PR\u00cdSPEVKU NA OVP 2023 - \u0160IOV - \u0161t\u00e1tny in\u0161tit\u00fat odborn\u00e9ho vzdel\u00e1vania","og_description":"Inform\u00e1cia pre \u017eiadate\u013eov o&nbsp;: \u201ePr\u00edspevok na zabezpe\u010denie praktick\u00e9ho vyu\u010dovania\u201c za \u0161kolsk\u00fd rok 2022\/2023 &nbsp; Pr\u00edspevok na zabezpe\u010denie praktick\u00e9ho vyu\u010dovania v syst\u00e9me du\u00e1lneho vzdel\u00e1vania Tak, ako aj po minul\u00e9 roky, maj\u00fa zamestn\u00e1vatelia mo\u017enos\u0165 v zmysle \u00a7 21a z\u00e1kona \u010d.61\/2015 Z.z. o OVP, po\u017eiada\u0165 do 31.3.2023 o \u201ePr\u00edspevok na zabezpe\u010denie praktick\u00e9ho vyu\u010dovania v syst\u00e9me du\u00e1lneho vzdel\u00e1vania\u201c. Sp\u00f4sob [&hellip;]","og_url":"https:\/\/archiv.siov.sk\/en\/informacia-k-prispevku-na-ovp-2023\/","og_site_name":"\u0160IOV - \u0161t\u00e1tny in\u0161tit\u00fat odborn\u00e9ho vzdel\u00e1vania","article_publisher":"https:\/\/www.facebook.com\/Statnyinstitutodbornehovzdelavania","article_published_time":"2023-01-30T09:45:05+00:00","article_modified_time":"2023-01-30T11:26:06+00:00","og_image":[{"width":500,"height":397,"url":"https:\/\/archiv.siov.sk\/wp-content\/uploads\/2021\/11\/Dual_LogoRGB-e1637846239585.png","type":"image\/png"}],"author":"Katar\u00edna Kov\u00e1\u010dov\u00e1","twitter_card":"summary_large_image","twitter_misc":{"Written by":"Katar\u00edna Kov\u00e1\u010dov\u00e1","Estimated reading time":"2 minutes"},"schema":{"@context":"https:\/\/schema.org","@graph":[{"@type":"Article","@id":"https:\/\/archiv.siov.sk\/informacia-k-prispevku-na-ovp-2023\/#article","isPartOf":{"@id":"https:\/\/archiv.siov.sk\/informacia-k-prispevku-na-ovp-2023\/"},"author":{"name":"Katar\u00edna Kov\u00e1\u010dov\u00e1","@id":"https:\/\/archiv.siov.sk\/#\/schema\/person\/e42d633fbd958c6a726e8834d8965e6c"},"headline":"INFORM\u00c1CIA K PR\u00cdSPEVKU NA OVP 2023","datePublished":"2023-01-30T09:45:05+00:00","dateModified":"2023-01-30T11:26:06+00:00","mainEntityOfPage":{"@id":"https:\/\/archiv.siov.sk\/informacia-k-prispevku-na-ovp-2023\/"},"wordCount":224,"publisher":{"@id":"https:\/\/archiv.siov.sk\/#organization"},"image":{"@id":"https:\/\/archiv.siov.sk\/informacia-k-prispevku-na-ovp-2023\/#primaryimage"},"thumbnailUrl":"https:\/\/archiv.siov.sk\/wp-content\/uploads\/2021\/11\/Dual_LogoRGB-e1637846239585.png","articleSection":["Aktuality"],"inLanguage":"en-GB"},{"@type":"WebPage","@id":"https:\/\/archiv.siov.sk\/informacia-k-prispevku-na-ovp-2023\/","url":"https:\/\/archiv.siov.sk\/informacia-k-prispevku-na-ovp-2023\/","name":"INFORM\u00c1CIA K PR\u00cdSPEVKU NA OVP 2023 - \u0160IOV - \u0161t\u00e1tny in\u0161tit\u00fat odborn\u00e9ho vzdel\u00e1vania","isPartOf":{"@id":"https:\/\/archiv.siov.sk\/#website"},"primaryImageOfPage":{"@id":"https:\/\/archiv.siov.sk\/informacia-k-prispevku-na-ovp-2023\/#primaryimage"},"image":{"@id":"https:\/\/archiv.siov.sk\/informacia-k-prispevku-na-ovp-2023\/#primaryimage"},"thumbnailUrl":"https:\/\/archiv.siov.sk\/wp-content\/uploads\/2021\/11\/Dual_LogoRGB-e1637846239585.png","datePublished":"2023-01-30T09:45:05+00:00","dateModified":"2023-01-30T11:26:06+00:00","breadcrumb":{"@id":"https:\/\/archiv.siov.sk\/informacia-k-prispevku-na-ovp-2023\/#breadcrumb"},"inLanguage":"en-GB","potentialAction":[{"@type":"ReadAction","target":["https:\/\/archiv.siov.sk\/informacia-k-prispevku-na-ovp-2023\/"]}]},{"@type":"ImageObject","inLanguage":"en-GB","@id":"https:\/\/archiv.siov.sk\/informacia-k-prispevku-na-ovp-2023\/#primaryimage","url":"https:\/\/archiv.siov.sk\/wp-content\/uploads\/2021\/11\/Dual_LogoRGB-e1637846239585.png","contentUrl":"https:\/\/archiv.siov.sk\/wp-content\/uploads\/2021\/11\/Dual_LogoRGB-e1637846239585.png","width":500,"height":397},{"@type":"BreadcrumbList","@id":"https:\/\/archiv.siov.sk\/informacia-k-prispevku-na-ovp-2023\/#breadcrumb","itemListElement":[{"@type":"ListItem","position":1,"name":"Home","item":"https:\/\/archiv.siov.sk\/"},{"@type":"ListItem","position":2,"name":"INFORM\u00c1CIA K PR\u00cdSPEVKU NA OVP 2023"}]},{"@type":"WebSite","@id":"https:\/\/archiv.siov.sk\/#website","url":"https:\/\/archiv.siov.sk\/","name":"\u0160IOV - \u0161t\u00e1tny in\u0161tit\u00fat odborn\u00e9ho vzdel\u00e1vania","description":"","publisher":{"@id":"https:\/\/archiv.siov.sk\/#organization"},"potentialAction":[{"@type":"SearchAction","target":{"@type":"EntryPoint","urlTemplate":"https:\/\/archiv.siov.sk\/?s={search_term_string}"},"query-input":{"@type":"PropertyValueSpecification","valueRequired":true,"valueName":"search_term_string"}}],"inLanguage":"en-GB"},{"@type":"Organization","@id":"https:\/\/archiv.siov.sk\/#organization","name":"\u0160IOV - \u0161t\u00e1tny in\u0161tit\u00fat odborn\u00e9ho vzdel\u00e1vania","url":"https:\/\/archiv.siov.sk\/","logo":{"@type":"ImageObject","inLanguage":"en-GB","@id":"https:\/\/archiv.siov.sk\/#\/schema\/logo\/image\/","url":"https:\/\/archiv.siov.sk\/wp-content\/uploads\/2024\/02\/logo-SIOV.png","contentUrl":"https:\/\/archiv.siov.sk\/wp-content\/uploads\/2024\/02\/logo-SIOV.png","width":431,"height":143,"caption":"\u0160IOV - \u0161t\u00e1tny in\u0161tit\u00fat odborn\u00e9ho vzdel\u00e1vania"},"image":{"@id":"https:\/\/archiv.siov.sk\/#\/schema\/logo\/image\/"},"sameAs":["https:\/\/www.facebook.com\/Statnyinstitutodbornehovzdelavania"]},{"@type":"Person","@id":"https:\/\/archiv.siov.sk\/#\/schema\/person\/e42d633fbd958c6a726e8834d8965e6c","name":"Katar\u00edna Kov\u00e1\u010dov\u00e1","url":"https:\/\/archiv.siov.sk\/en\/author\/katkakovacova\/"}]}},"_links":{"self":[{"href":"https:\/\/archiv.siov.sk\/en\/wp-json\/wp\/v2\/posts\/13308","targetHints":{"allow":["GET"]}}],"collection":[{"href":"https:\/\/archiv.siov.sk\/en\/wp-json\/wp\/v2\/posts"}],"about":[{"href":"https:\/\/archiv.siov.sk\/en\/wp-json\/wp\/v2\/types\/post"}],"author":[{"embeddable":true,"href":"https:\/\/archiv.siov.sk\/en\/wp-json\/wp\/v2\/users\/6"}],"replies":[{"embeddable":true,"href":"https:\/\/archiv.siov.sk\/en\/wp-json\/wp\/v2\/comments?post=13308"}],"version-history":[{"count":4,"href":"https:\/\/archiv.siov.sk\/en\/wp-json\/wp\/v2\/posts\/13308\/revisions"}],"predecessor-version":[{"id":13318,"href":"https:\/\/archiv.siov.sk\/en\/wp-json\/wp\/v2\/posts\/13308\/revisions\/13318"}],"wp:featuredmedia":[{"embeddable":true,"href":"https:\/\/archiv.siov.sk\/en\/wp-json\/wp\/v2\/media\/10208"}],"wp:attachment":[{"href":"https:\/\/archiv.siov.sk\/en\/wp-json\/wp\/v2\/media?parent=13308"}],"wp:term":[{"taxonomy":"category","embeddable":true,"href":"https:\/\/archiv.siov.sk\/en\/wp-json\/wp\/v2\/categories?post=13308"},{"taxonomy":"post_tag","embeddable":true,"href":"https:\/\/archiv.siov.sk\/en\/wp-json\/wp\/v2\/tags?post=13308"}],"curies":[{"name":"wp","href":"https:\/\/api.w.org\/{rel}","templated":true}]}}