{"id":13134,"date":"2022-12-20T12:22:54","date_gmt":"2022-12-20T11:22:54","guid":{"rendered":"https:\/\/archiv.siov.sk\/?p=13134"},"modified":"2025-07-03T14:16:58","modified_gmt":"2025-07-03T12:16:58","slug":"usek-celozivotneho-vzdelavania-sa-vzdelaval-v-prahe","status":"publish","type":"post","link":"https:\/\/archiv.siov.sk\/en\/usek-celozivotneho-vzdelavania-sa-vzdelaval-v-prahe\/","title":{"rendered":"\u00dasek celo\u017eivotn\u00e9ho vzdel\u00e1vania sa vzdel\u00e1val v Prahe"},"content":{"rendered":"<p style=\"text-align: justify;\">V porad\u00ed druh\u00e1 mobilita jednotlivcov sa konala v Prahe u kolegov z N\u00e1rodn\u00edho pedagogick\u00e9ho institutu (NPI) v d\u0148och 12. a 13. decembra.<\/p>\n<p style=\"text-align: justify;\"><strong><a href=\"https:\/\/www.npi.cz\/\">NPI \u010cR<\/a><\/strong> je priamo riadenou organiz\u00e1ciou Ministerstva \u0161kolstva, ml\u00e1de\u017ee a telov\u00fdchovy. Zais\u0165uje prenos vzdel\u00e1vac\u00edch inov\u00e1ci\u00ed z centr\u00e1lnej koncep\u010dnej \u00farovne do \u0161kolskej praxe v regi\u00f3noch. Vytv\u00e1ra r\u00e1mcov\u00e9 vzdel\u00e1vacie programy pre pred\u0161kolsk\u00e9, z\u00e1kladn\u00e9 umeleck\u00e9 a stredn\u00e9 vzdel\u00e1vanie. Star\u00e1 sa o metodick\u00fa podporu \u0161k\u00f4l a pedag\u00f3gov a cielen\u00e9 vzdel\u00e1vanie pedagogick\u00fdch pracovn\u00edkov. NPI m\u00e1 teda rovnak\u00e9 kompetencie a\u00a0aktivity ako \u0160IOV a\u00a0je na\u0161im dlhodob\u00fdm partnerom.<\/p>\n<p>\u00a0\u00a0<img fetchpriority=\"high\" decoding=\"async\" class=\"size-medium wp-image-13139 aligncenter\" src=\"https:\/\/archiv.siov.sk\/wp-content\/uploads\/2022\/12\/318931677_484019910292633_689486102678689761_n-300x225.jpg\" alt=\"\" width=\"300\" height=\"225\" srcset=\"https:\/\/archiv.siov.sk\/wp-content\/uploads\/2022\/12\/318931677_484019910292633_689486102678689761_n-300x225.jpg 300w, https:\/\/archiv.siov.sk\/wp-content\/uploads\/2022\/12\/318931677_484019910292633_689486102678689761_n-1024x768.jpg 1024w, https:\/\/archiv.siov.sk\/wp-content\/uploads\/2022\/12\/318931677_484019910292633_689486102678689761_n-768x576.jpg 768w, https:\/\/archiv.siov.sk\/wp-content\/uploads\/2022\/12\/318931677_484019910292633_689486102678689761_n-1536x1152.jpg 1536w, https:\/\/archiv.siov.sk\/wp-content\/uploads\/2022\/12\/318931677_484019910292633_689486102678689761_n-16x12.jpg 16w, https:\/\/archiv.siov.sk\/wp-content\/uploads\/2022\/12\/318931677_484019910292633_689486102678689761_n.jpg 2048w\" sizes=\"(max-width: 300px) 100vw, 300px\" \/><\/p>\n<p>&nbsp;<\/p>\n<p style=\"text-align: justify;\"><strong>Hlavn\u00fdm cie\u013eom<\/strong>\u00a0decembrovej mobility bolo z\u00edska\u0165 nov\u00e9 vedomosti, ktor\u00e9 bude \u00fa\u010dastn\u00edk a \u00fa\u010dastn\u00ed\u010dka schopn\u00fd\/\u00e1 aplikova\u0165 pri tvorbe strategick\u00fdch a koncep\u010dn\u00fdch materi\u00e1lov a dokumentov t\u00fdkaj\u00facich sa rozvoja vzdel\u00e1vacieho a kvalifika\u010dn\u00e9ho syst\u00e9mu SR.<\/p>\n<p><img decoding=\"async\" class=\"size-medium wp-image-13140 aligncenter\" src=\"https:\/\/archiv.siov.sk\/wp-content\/uploads\/2022\/12\/praha-225x300.jpeg\" alt=\"\" width=\"225\" height=\"300\" srcset=\"https:\/\/archiv.siov.sk\/wp-content\/uploads\/2022\/12\/praha-225x300.jpeg 225w, https:\/\/archiv.siov.sk\/wp-content\/uploads\/2022\/12\/praha-9x12.jpeg 9w, https:\/\/archiv.siov.sk\/wp-content\/uploads\/2022\/12\/praha.jpeg 768w\" sizes=\"(max-width: 225px) 100vw, 225px\" \/><\/p>\n<p>&nbsp;<\/p>\n<p style=\"text-align: justify;\">Po\u010das intenz\u00edvneho stretnutia v s\u00eddle NPI sme spolo\u010dne h\u013eadali prepojenia medzi na\u0161imi pl\u00e1novan\u00fdmi aktivitami v rokoch 2023-2025 a nach\u00e1dzali priestor pre rozvoj spolupr\u00e1ce a nadv\u00e4zovanie kontaktov s organiz\u00e1ciami a jednotlivcami, ako napr\u00edklad s\u00a0<strong><a href=\"https:\/\/www.dzs.cz\/\">D\u016fm zahrani\u010dn\u00ed spolupr\u00e1ce.<\/a><\/strong><\/p>\n<p style=\"text-align: justify;\">Bud\u00faci rok,\u00a0<strong>9. a\u00a010. febru\u00e1ra 2023<\/strong>\u00a0pl\u00e1nujeme v spolupr\u00e1ci s n\u00e1rodn\u00fdm referen\u010dn\u00fdm miestom\u00a0<strong><u><a href=\"https:\/\/www.qavet.hr\/en\/homepage\/\">EQAVET Chorv\u00e1tsko<\/a><\/u>\u00a0<\/strong>\u010fal\u0161iu mobilitu zameran\u00fa na trasovanie absolventov.<\/p>\n<p>Ak sa chcete dozvedie\u0165 viac o\u00a0t\u00e9mach s\u00favisiacich so zabezpe\u010dovan\u00edm kvality v\u00a0OVP, nav\u0161t\u00edvte n\u00e1s na <a href=\"https:\/\/okvalite.sk\/\">okvalite.sk<\/a>.<\/p>\n<p>&nbsp;<\/p>\n<p style=\"text-align: center;\"><em>Vzdel\u00e1vacia mobilita jednotlivcov je realizovan\u00e1 v\u00a0r\u00e1mci projektu Erasmus +. \u010c\u00edslo projektu 2022-1-SK01-KA121-VET-000064729<\/em><\/p>\n<p>&nbsp;<\/p>\n<p><img decoding=\"async\" class=\"alignnone size-medium wp-image-16154\" src=\"https:\/\/archiv.siov.sk\/wp-content\/uploads\/2024\/07\/logo-erasmus-300x170.png\" alt=\"erasmus_plus\" width=\"300\" height=\"170\" srcset=\"https:\/\/archiv.siov.sk\/wp-content\/uploads\/2024\/07\/logo-erasmus-300x170.png 300w, https:\/\/archiv.siov.sk\/wp-content\/uploads\/2024\/07\/logo-erasmus-1024x580.png 1024w, https:\/\/archiv.siov.sk\/wp-content\/uploads\/2024\/07\/logo-erasmus-768x435.png 768w, https:\/\/archiv.siov.sk\/wp-content\/uploads\/2024\/07\/logo-erasmus-18x10.png 18w, https:\/\/archiv.siov.sk\/wp-content\/uploads\/2024\/07\/logo-erasmus.png 1200w\" sizes=\"(max-width: 300px) 100vw, 300px\" \/><img loading=\"lazy\" decoding=\"async\" class=\"alignnone wp-image-13136\" src=\"https:\/\/archiv.siov.sk\/wp-content\/uploads\/2022\/12\/logo.jpg\" alt=\"\" width=\"247\" height=\"56\" srcset=\"https:\/\/archiv.siov.sk\/wp-content\/uploads\/2022\/12\/logo.jpg 300w, https:\/\/archiv.siov.sk\/wp-content\/uploads\/2022\/12\/logo-18x4.jpg 18w\" sizes=\"(max-width: 247px) 100vw, 247px\" \/><\/p>","protected":false},"excerpt":{"rendered":"<p>V porad\u00ed druh\u00e1 mobilita jednotlivcov sa konala v Prahe u kolegov z N\u00e1rodn\u00edho pedagogick\u00e9ho institutu (NPI) v d\u0148och 12. a 13. decembra. NPI \u010cR je priamo riadenou organiz\u00e1ciou Ministerstva \u0161kolstva, ml\u00e1de\u017ee a telov\u00fdchovy. Zais\u0165uje prenos vzdel\u00e1vac\u00edch inov\u00e1ci\u00ed z centr\u00e1lnej koncep\u010dnej \u00farovne do \u0161kolskej praxe v regi\u00f3noch. Vytv\u00e1ra r\u00e1mcov\u00e9 vzdel\u00e1vacie programy pre pred\u0161kolsk\u00e9, z\u00e1kladn\u00e9 umeleck\u00e9 a [&hellip;]<\/p>\n","protected":false},"author":6,"featured_media":13138,"comment_status":"closed","ping_status":"closed","sticky":false,"template":"","format":"standard","meta":{"site-sidebar-layout":"default","site-content-layout":"default","ast-site-content-layout":"default","site-content-style":"default","site-sidebar-style":"default","ast-global-header-display":"","ast-banner-title-visibility":"","ast-main-header-display":"","ast-hfb-above-header-display":"","ast-hfb-below-header-display":"","ast-hfb-mobile-header-display":"","site-post-title":"","ast-breadcrumbs-content":"","ast-featured-img":"","footer-sml-layout":"","ast-disable-related-posts":"","theme-transparent-header-meta":"default","adv-header-id-meta":"","stick-header-meta":"default","header-above-stick-meta":"","header-main-stick-meta":"","header-below-stick-meta":"","astra-migrate-meta-layouts":"set","ast-page-background-enabled":"default","ast-page-background-meta":{"desktop":{"background-color":"var(--ast-global-color-4)","background-image":"","background-repeat":"repeat","background-position":"center center","background-size":"auto","background-attachment":"scroll","background-type":"","background-media":"","overlay-type":"","overlay-color":"","overlay-opacity":"","overlay-gradient":""},"tablet":{"background-color":"","background-image":"","background-repeat":"repeat","background-position":"center center","background-size":"auto","background-attachment":"scroll","background-type":"","background-media":"","overlay-type":"","overlay-color":"","overlay-opacity":"","overlay-gradient":""},"mobile":{"background-color":"","background-image":"","background-repeat":"repeat","background-position":"center center","background-size":"auto","background-attachment":"scroll","background-type":"","background-media":"","overlay-type":"","overlay-color":"","overlay-opacity":"","overlay-gradient":""}},"ast-content-background-meta":{"desktop":{"background-color":"var(--ast-global-color-5)","background-image":"","background-repeat":"repeat","background-position":"center center","background-size":"auto","background-attachment":"scroll","background-type":"","background-media":"","overlay-type":"","overlay-color":"","overlay-opacity":"","overlay-gradient":""},"tablet":{"background-color":"var(--ast-global-color-5)","background-image":"","background-repeat":"repeat","background-position":"center center","background-size":"auto","background-attachment":"scroll","background-type":"","background-media":"","overlay-type":"","overlay-color":"","overlay-opacity":"","overlay-gradient":""},"mobile":{"background-color":"var(--ast-global-color-5)","background-image":"","background-repeat":"repeat","background-position":"center center","background-size":"auto","background-attachment":"scroll","background-type":"","background-media":"","overlay-type":"","overlay-color":"","overlay-opacity":"","overlay-gradient":""}},"footnotes":""},"categories":[1,25],"tags":[],"class_list":["post-13134","post","type-post","status-publish","format-standard","has-post-thumbnail","hentry","category-aktuality","category-erasmusplus"],"yoast_head":"<!-- This site is optimized with the Yoast SEO plugin v27.5 - https:\/\/yoast.com\/product\/yoast-seo-wordpress\/ -->\n<title>\u00dasek celo\u017eivotn\u00e9ho vzdel\u00e1vania sa vzdel\u00e1val v Prahe - \u0160IOV - \u0161t\u00e1tny in\u0161tit\u00fat odborn\u00e9ho vzdel\u00e1vania<\/title>\n<meta name=\"robots\" content=\"index, follow, max-snippet:-1, max-image-preview:large, max-video-preview:-1\" \/>\n<link rel=\"canonical\" href=\"https:\/\/archiv.siov.sk\/en\/usek-celozivotneho-vzdelavania-sa-vzdelaval-v-prahe\/\" \/>\n<meta property=\"og:locale\" content=\"en_GB\" \/>\n<meta property=\"og:type\" content=\"article\" \/>\n<meta property=\"og:title\" content=\"\u00dasek celo\u017eivotn\u00e9ho vzdel\u00e1vania sa vzdel\u00e1val v Prahe - \u0160IOV - \u0161t\u00e1tny in\u0161tit\u00fat odborn\u00e9ho vzdel\u00e1vania\" \/>\n<meta property=\"og:description\" content=\"V porad\u00ed druh\u00e1 mobilita jednotlivcov sa konala v Prahe u kolegov z N\u00e1rodn\u00edho pedagogick\u00e9ho institutu (NPI) v d\u0148och 12. a 13. decembra. NPI \u010cR je priamo riadenou organiz\u00e1ciou Ministerstva \u0161kolstva, ml\u00e1de\u017ee a telov\u00fdchovy. Zais\u0165uje prenos vzdel\u00e1vac\u00edch inov\u00e1ci\u00ed z centr\u00e1lnej koncep\u010dnej \u00farovne do \u0161kolskej praxe v regi\u00f3noch. Vytv\u00e1ra r\u00e1mcov\u00e9 vzdel\u00e1vacie programy pre pred\u0161kolsk\u00e9, z\u00e1kladn\u00e9 umeleck\u00e9 a [&hellip;]\" \/>\n<meta property=\"og:url\" content=\"https:\/\/archiv.siov.sk\/en\/usek-celozivotneho-vzdelavania-sa-vzdelaval-v-prahe\/\" \/>\n<meta property=\"og:site_name\" content=\"\u0160IOV - \u0161t\u00e1tny in\u0161tit\u00fat odborn\u00e9ho vzdel\u00e1vania\" \/>\n<meta property=\"article:publisher\" content=\"https:\/\/www.facebook.com\/Statnyinstitutodbornehovzdelavania\" \/>\n<meta property=\"article:published_time\" content=\"2022-12-20T11:22:54+00:00\" \/>\n<meta property=\"article:modified_time\" content=\"2025-07-03T12:16:58+00:00\" \/>\n<meta property=\"og:image\" content=\"https:\/\/archiv.siov.sk\/wp-content\/uploads\/2022\/12\/Prague-2.jpeg\" \/>\n\t<meta property=\"og:image:width\" content=\"1005\" \/>\n\t<meta property=\"og:image:height\" content=\"610\" \/>\n\t<meta property=\"og:image:type\" content=\"image\/jpeg\" \/>\n<meta name=\"author\" content=\"Katar\u00edna Kov\u00e1\u010dov\u00e1\" \/>\n<meta name=\"twitter:card\" content=\"summary_large_image\" \/>\n<meta name=\"twitter:label1\" content=\"Written by\" \/>\n\t<meta name=\"twitter:data1\" content=\"Katar\u00edna Kov\u00e1\u010dov\u00e1\" \/>\n\t<meta name=\"twitter:label2\" content=\"Estimated reading time\" \/>\n\t<meta name=\"twitter:data2\" content=\"3 minutes\" \/>\n<script type=\"application\/ld+json\" class=\"yoast-schema-graph\">{\"@context\":\"https:\\\/\\\/schema.org\",\"@graph\":[{\"@type\":\"Article\",\"@id\":\"https:\\\/\\\/archiv.siov.sk\\\/usek-celozivotneho-vzdelavania-sa-vzdelaval-v-prahe\\\/#article\",\"isPartOf\":{\"@id\":\"https:\\\/\\\/archiv.siov.sk\\\/usek-celozivotneho-vzdelavania-sa-vzdelaval-v-prahe\\\/\"},\"author\":{\"name\":\"Katar\u00edna Kov\u00e1\u010dov\u00e1\",\"@id\":\"https:\\\/\\\/archiv.siov.sk\\\/#\\\/schema\\\/person\\\/e42d633fbd958c6a726e8834d8965e6c\"},\"headline\":\"\u00dasek celo\u017eivotn\u00e9ho vzdel\u00e1vania sa vzdel\u00e1val v Prahe\",\"datePublished\":\"2022-12-20T11:22:54+00:00\",\"dateModified\":\"2025-07-03T12:16:58+00:00\",\"mainEntityOfPage\":{\"@id\":\"https:\\\/\\\/archiv.siov.sk\\\/usek-celozivotneho-vzdelavania-sa-vzdelaval-v-prahe\\\/\"},\"wordCount\":294,\"publisher\":{\"@id\":\"https:\\\/\\\/archiv.siov.sk\\\/#organization\"},\"image\":{\"@id\":\"https:\\\/\\\/archiv.siov.sk\\\/usek-celozivotneho-vzdelavania-sa-vzdelaval-v-prahe\\\/#primaryimage\"},\"thumbnailUrl\":\"https:\\\/\\\/archiv.siov.sk\\\/wp-content\\\/uploads\\\/2022\\\/12\\\/Prague-2.jpeg\",\"articleSection\":[\"Aktuality\",\"Erasmus+\"],\"inLanguage\":\"en-GB\"},{\"@type\":\"WebPage\",\"@id\":\"https:\\\/\\\/archiv.siov.sk\\\/usek-celozivotneho-vzdelavania-sa-vzdelaval-v-prahe\\\/\",\"url\":\"https:\\\/\\\/archiv.siov.sk\\\/usek-celozivotneho-vzdelavania-sa-vzdelaval-v-prahe\\\/\",\"name\":\"\u00dasek celo\u017eivotn\u00e9ho vzdel\u00e1vania sa vzdel\u00e1val v Prahe - \u0160IOV - \u0161t\u00e1tny in\u0161tit\u00fat odborn\u00e9ho vzdel\u00e1vania\",\"isPartOf\":{\"@id\":\"https:\\\/\\\/archiv.siov.sk\\\/#website\"},\"primaryImageOfPage\":{\"@id\":\"https:\\\/\\\/archiv.siov.sk\\\/usek-celozivotneho-vzdelavania-sa-vzdelaval-v-prahe\\\/#primaryimage\"},\"image\":{\"@id\":\"https:\\\/\\\/archiv.siov.sk\\\/usek-celozivotneho-vzdelavania-sa-vzdelaval-v-prahe\\\/#primaryimage\"},\"thumbnailUrl\":\"https:\\\/\\\/archiv.siov.sk\\\/wp-content\\\/uploads\\\/2022\\\/12\\\/Prague-2.jpeg\",\"datePublished\":\"2022-12-20T11:22:54+00:00\",\"dateModified\":\"2025-07-03T12:16:58+00:00\",\"breadcrumb\":{\"@id\":\"https:\\\/\\\/archiv.siov.sk\\\/usek-celozivotneho-vzdelavania-sa-vzdelaval-v-prahe\\\/#breadcrumb\"},\"inLanguage\":\"en-GB\",\"potentialAction\":[{\"@type\":\"ReadAction\",\"target\":[\"https:\\\/\\\/archiv.siov.sk\\\/usek-celozivotneho-vzdelavania-sa-vzdelaval-v-prahe\\\/\"]}]},{\"@type\":\"ImageObject\",\"inLanguage\":\"en-GB\",\"@id\":\"https:\\\/\\\/archiv.siov.sk\\\/usek-celozivotneho-vzdelavania-sa-vzdelaval-v-prahe\\\/#primaryimage\",\"url\":\"https:\\\/\\\/archiv.siov.sk\\\/wp-content\\\/uploads\\\/2022\\\/12\\\/Prague-2.jpeg\",\"contentUrl\":\"https:\\\/\\\/archiv.siov.sk\\\/wp-content\\\/uploads\\\/2022\\\/12\\\/Prague-2.jpeg\",\"width\":1005,\"height\":610},{\"@type\":\"BreadcrumbList\",\"@id\":\"https:\\\/\\\/archiv.siov.sk\\\/usek-celozivotneho-vzdelavania-sa-vzdelaval-v-prahe\\\/#breadcrumb\",\"itemListElement\":[{\"@type\":\"ListItem\",\"position\":1,\"name\":\"Home\",\"item\":\"https:\\\/\\\/archiv.siov.sk\\\/\"},{\"@type\":\"ListItem\",\"position\":2,\"name\":\"\u00dasek celo\u017eivotn\u00e9ho vzdel\u00e1vania sa vzdel\u00e1val v Prahe\"}]},{\"@type\":\"WebSite\",\"@id\":\"https:\\\/\\\/archiv.siov.sk\\\/#website\",\"url\":\"https:\\\/\\\/archiv.siov.sk\\\/\",\"name\":\"\u0160IOV - \u0161t\u00e1tny in\u0161tit\u00fat odborn\u00e9ho vzdel\u00e1vania\",\"description\":\"\",\"publisher\":{\"@id\":\"https:\\\/\\\/archiv.siov.sk\\\/#organization\"},\"potentialAction\":[{\"@type\":\"SearchAction\",\"target\":{\"@type\":\"EntryPoint\",\"urlTemplate\":\"https:\\\/\\\/archiv.siov.sk\\\/?s={search_term_string}\"},\"query-input\":{\"@type\":\"PropertyValueSpecification\",\"valueRequired\":true,\"valueName\":\"search_term_string\"}}],\"inLanguage\":\"en-GB\"},{\"@type\":\"Organization\",\"@id\":\"https:\\\/\\\/archiv.siov.sk\\\/#organization\",\"name\":\"\u0160IOV - \u0161t\u00e1tny in\u0161tit\u00fat odborn\u00e9ho vzdel\u00e1vania\",\"url\":\"https:\\\/\\\/archiv.siov.sk\\\/\",\"logo\":{\"@type\":\"ImageObject\",\"inLanguage\":\"en-GB\",\"@id\":\"https:\\\/\\\/archiv.siov.sk\\\/#\\\/schema\\\/logo\\\/image\\\/\",\"url\":\"https:\\\/\\\/archiv.siov.sk\\\/wp-content\\\/uploads\\\/2024\\\/02\\\/logo-SIOV.png\",\"contentUrl\":\"https:\\\/\\\/archiv.siov.sk\\\/wp-content\\\/uploads\\\/2024\\\/02\\\/logo-SIOV.png\",\"width\":431,\"height\":143,\"caption\":\"\u0160IOV - \u0161t\u00e1tny in\u0161tit\u00fat odborn\u00e9ho vzdel\u00e1vania\"},\"image\":{\"@id\":\"https:\\\/\\\/archiv.siov.sk\\\/#\\\/schema\\\/logo\\\/image\\\/\"},\"sameAs\":[\"https:\\\/\\\/www.facebook.com\\\/Statnyinstitutodbornehovzdelavania\"]},{\"@type\":\"Person\",\"@id\":\"https:\\\/\\\/archiv.siov.sk\\\/#\\\/schema\\\/person\\\/e42d633fbd958c6a726e8834d8965e6c\",\"name\":\"Katar\u00edna Kov\u00e1\u010dov\u00e1\",\"url\":\"https:\\\/\\\/archiv.siov.sk\\\/en\\\/author\\\/katkakovacova\\\/\"}]}<\/script>\n<!-- \/ Yoast SEO plugin. -->","yoast_head_json":{"title":"\u00dasek celo\u017eivotn\u00e9ho vzdel\u00e1vania sa vzdel\u00e1val v Prahe - \u0160IOV - \u0161t\u00e1tny in\u0161tit\u00fat odborn\u00e9ho vzdel\u00e1vania","robots":{"index":"index","follow":"follow","max-snippet":"max-snippet:-1","max-image-preview":"max-image-preview:large","max-video-preview":"max-video-preview:-1"},"canonical":"https:\/\/archiv.siov.sk\/en\/usek-celozivotneho-vzdelavania-sa-vzdelaval-v-prahe\/","og_locale":"en_GB","og_type":"article","og_title":"\u00dasek celo\u017eivotn\u00e9ho vzdel\u00e1vania sa vzdel\u00e1val v Prahe - \u0160IOV - \u0161t\u00e1tny in\u0161tit\u00fat odborn\u00e9ho vzdel\u00e1vania","og_description":"V porad\u00ed druh\u00e1 mobilita jednotlivcov sa konala v Prahe u kolegov z N\u00e1rodn\u00edho pedagogick\u00e9ho institutu (NPI) v d\u0148och 12. a 13. decembra. NPI \u010cR je priamo riadenou organiz\u00e1ciou Ministerstva \u0161kolstva, ml\u00e1de\u017ee a telov\u00fdchovy. Zais\u0165uje prenos vzdel\u00e1vac\u00edch inov\u00e1ci\u00ed z centr\u00e1lnej koncep\u010dnej \u00farovne do \u0161kolskej praxe v regi\u00f3noch. Vytv\u00e1ra r\u00e1mcov\u00e9 vzdel\u00e1vacie programy pre pred\u0161kolsk\u00e9, z\u00e1kladn\u00e9 umeleck\u00e9 a [&hellip;]","og_url":"https:\/\/archiv.siov.sk\/en\/usek-celozivotneho-vzdelavania-sa-vzdelaval-v-prahe\/","og_site_name":"\u0160IOV - \u0161t\u00e1tny in\u0161tit\u00fat odborn\u00e9ho vzdel\u00e1vania","article_publisher":"https:\/\/www.facebook.com\/Statnyinstitutodbornehovzdelavania","article_published_time":"2022-12-20T11:22:54+00:00","article_modified_time":"2025-07-03T12:16:58+00:00","og_image":[{"width":1005,"height":610,"url":"https:\/\/archiv.siov.sk\/wp-content\/uploads\/2022\/12\/Prague-2.jpeg","type":"image\/jpeg"}],"author":"Katar\u00edna Kov\u00e1\u010dov\u00e1","twitter_card":"summary_large_image","twitter_misc":{"Written by":"Katar\u00edna Kov\u00e1\u010dov\u00e1","Estimated reading time":"3 minutes"},"schema":{"@context":"https:\/\/schema.org","@graph":[{"@type":"Article","@id":"https:\/\/archiv.siov.sk\/usek-celozivotneho-vzdelavania-sa-vzdelaval-v-prahe\/#article","isPartOf":{"@id":"https:\/\/archiv.siov.sk\/usek-celozivotneho-vzdelavania-sa-vzdelaval-v-prahe\/"},"author":{"name":"Katar\u00edna Kov\u00e1\u010dov\u00e1","@id":"https:\/\/archiv.siov.sk\/#\/schema\/person\/e42d633fbd958c6a726e8834d8965e6c"},"headline":"\u00dasek celo\u017eivotn\u00e9ho vzdel\u00e1vania sa vzdel\u00e1val v Prahe","datePublished":"2022-12-20T11:22:54+00:00","dateModified":"2025-07-03T12:16:58+00:00","mainEntityOfPage":{"@id":"https:\/\/archiv.siov.sk\/usek-celozivotneho-vzdelavania-sa-vzdelaval-v-prahe\/"},"wordCount":294,"publisher":{"@id":"https:\/\/archiv.siov.sk\/#organization"},"image":{"@id":"https:\/\/archiv.siov.sk\/usek-celozivotneho-vzdelavania-sa-vzdelaval-v-prahe\/#primaryimage"},"thumbnailUrl":"https:\/\/archiv.siov.sk\/wp-content\/uploads\/2022\/12\/Prague-2.jpeg","articleSection":["Aktuality","Erasmus+"],"inLanguage":"en-GB"},{"@type":"WebPage","@id":"https:\/\/archiv.siov.sk\/usek-celozivotneho-vzdelavania-sa-vzdelaval-v-prahe\/","url":"https:\/\/archiv.siov.sk\/usek-celozivotneho-vzdelavania-sa-vzdelaval-v-prahe\/","name":"\u00dasek celo\u017eivotn\u00e9ho vzdel\u00e1vania sa vzdel\u00e1val v Prahe - \u0160IOV - \u0161t\u00e1tny in\u0161tit\u00fat odborn\u00e9ho vzdel\u00e1vania","isPartOf":{"@id":"https:\/\/archiv.siov.sk\/#website"},"primaryImageOfPage":{"@id":"https:\/\/archiv.siov.sk\/usek-celozivotneho-vzdelavania-sa-vzdelaval-v-prahe\/#primaryimage"},"image":{"@id":"https:\/\/archiv.siov.sk\/usek-celozivotneho-vzdelavania-sa-vzdelaval-v-prahe\/#primaryimage"},"thumbnailUrl":"https:\/\/archiv.siov.sk\/wp-content\/uploads\/2022\/12\/Prague-2.jpeg","datePublished":"2022-12-20T11:22:54+00:00","dateModified":"2025-07-03T12:16:58+00:00","breadcrumb":{"@id":"https:\/\/archiv.siov.sk\/usek-celozivotneho-vzdelavania-sa-vzdelaval-v-prahe\/#breadcrumb"},"inLanguage":"en-GB","potentialAction":[{"@type":"ReadAction","target":["https:\/\/archiv.siov.sk\/usek-celozivotneho-vzdelavania-sa-vzdelaval-v-prahe\/"]}]},{"@type":"ImageObject","inLanguage":"en-GB","@id":"https:\/\/archiv.siov.sk\/usek-celozivotneho-vzdelavania-sa-vzdelaval-v-prahe\/#primaryimage","url":"https:\/\/archiv.siov.sk\/wp-content\/uploads\/2022\/12\/Prague-2.jpeg","contentUrl":"https:\/\/archiv.siov.sk\/wp-content\/uploads\/2022\/12\/Prague-2.jpeg","width":1005,"height":610},{"@type":"BreadcrumbList","@id":"https:\/\/archiv.siov.sk\/usek-celozivotneho-vzdelavania-sa-vzdelaval-v-prahe\/#breadcrumb","itemListElement":[{"@type":"ListItem","position":1,"name":"Home","item":"https:\/\/archiv.siov.sk\/"},{"@type":"ListItem","position":2,"name":"\u00dasek celo\u017eivotn\u00e9ho vzdel\u00e1vania sa vzdel\u00e1val v Prahe"}]},{"@type":"WebSite","@id":"https:\/\/archiv.siov.sk\/#website","url":"https:\/\/archiv.siov.sk\/","name":"\u0160IOV - \u0161t\u00e1tny in\u0161tit\u00fat odborn\u00e9ho vzdel\u00e1vania","description":"","publisher":{"@id":"https:\/\/archiv.siov.sk\/#organization"},"potentialAction":[{"@type":"SearchAction","target":{"@type":"EntryPoint","urlTemplate":"https:\/\/archiv.siov.sk\/?s={search_term_string}"},"query-input":{"@type":"PropertyValueSpecification","valueRequired":true,"valueName":"search_term_string"}}],"inLanguage":"en-GB"},{"@type":"Organization","@id":"https:\/\/archiv.siov.sk\/#organization","name":"\u0160IOV - \u0161t\u00e1tny in\u0161tit\u00fat odborn\u00e9ho vzdel\u00e1vania","url":"https:\/\/archiv.siov.sk\/","logo":{"@type":"ImageObject","inLanguage":"en-GB","@id":"https:\/\/archiv.siov.sk\/#\/schema\/logo\/image\/","url":"https:\/\/archiv.siov.sk\/wp-content\/uploads\/2024\/02\/logo-SIOV.png","contentUrl":"https:\/\/archiv.siov.sk\/wp-content\/uploads\/2024\/02\/logo-SIOV.png","width":431,"height":143,"caption":"\u0160IOV - \u0161t\u00e1tny in\u0161tit\u00fat odborn\u00e9ho vzdel\u00e1vania"},"image":{"@id":"https:\/\/archiv.siov.sk\/#\/schema\/logo\/image\/"},"sameAs":["https:\/\/www.facebook.com\/Statnyinstitutodbornehovzdelavania"]},{"@type":"Person","@id":"https:\/\/archiv.siov.sk\/#\/schema\/person\/e42d633fbd958c6a726e8834d8965e6c","name":"Katar\u00edna Kov\u00e1\u010dov\u00e1","url":"https:\/\/archiv.siov.sk\/en\/author\/katkakovacova\/"}]}},"_links":{"self":[{"href":"https:\/\/archiv.siov.sk\/en\/wp-json\/wp\/v2\/posts\/13134","targetHints":{"allow":["GET"]}}],"collection":[{"href":"https:\/\/archiv.siov.sk\/en\/wp-json\/wp\/v2\/posts"}],"about":[{"href":"https:\/\/archiv.siov.sk\/en\/wp-json\/wp\/v2\/types\/post"}],"author":[{"embeddable":true,"href":"https:\/\/archiv.siov.sk\/en\/wp-json\/wp\/v2\/users\/6"}],"replies":[{"embeddable":true,"href":"https:\/\/archiv.siov.sk\/en\/wp-json\/wp\/v2\/comments?post=13134"}],"version-history":[{"count":3,"href":"https:\/\/archiv.siov.sk\/en\/wp-json\/wp\/v2\/posts\/13134\/revisions"}],"predecessor-version":[{"id":19783,"href":"https:\/\/archiv.siov.sk\/en\/wp-json\/wp\/v2\/posts\/13134\/revisions\/19783"}],"wp:featuredmedia":[{"embeddable":true,"href":"https:\/\/archiv.siov.sk\/en\/wp-json\/wp\/v2\/media\/13138"}],"wp:attachment":[{"href":"https:\/\/archiv.siov.sk\/en\/wp-json\/wp\/v2\/media?parent=13134"}],"wp:term":[{"taxonomy":"category","embeddable":true,"href":"https:\/\/archiv.siov.sk\/en\/wp-json\/wp\/v2\/categories?post=13134"},{"taxonomy":"post_tag","embeddable":true,"href":"https:\/\/archiv.siov.sk\/en\/wp-json\/wp\/v2\/tags?post=13134"}],"curies":[{"name":"wp","href":"https:\/\/api.w.org\/{rel}","templated":true}]}}