{"id":13125,"date":"2022-12-19T15:43:07","date_gmt":"2022-12-19T14:43:07","guid":{"rendered":"https:\/\/archiv.siov.sk\/?p=13125"},"modified":"2022-12-19T15:44:06","modified_gmt":"2022-12-19T14:44:06","slug":"vzajomne-ucenie-sa-pre-implementaciu-sieti-kvality","status":"publish","type":"post","link":"https:\/\/archiv.siov.sk\/en\/vzajomne-ucenie-sa-pre-implementaciu-sieti-kvality\/","title":{"rendered":"Vz\u00e1jomn\u00e9 u\u010denie sa pre implement\u00e1ciu Siet\u00ed kvality"},"content":{"rendered":"<p style=\"text-align: justify;\">Na prvom medzin\u00e1rodnom stretnut\u00ed \u010dlenov Siet\u00ed kvality sa stretlo dvadsa\u0165dva \u00fa\u010dastn\u00edkov zo \u0161tyroch kraj\u00edn.&nbsp;<\/p>\n<p style=\"text-align: justify;\">V priestoroch gal\u00e9rie Artot\u00e9ka v Bratislave sa 29. novembra a\u017e 1. decembra prebehlo stretnutie partnerov projektu QUANTUM, ktor\u00ed so sebou prv\u00fdkr\u00e1t zobrali aj \u010dlenov siete kvality \u010di zainteresovan\u00e9 strany, ktor\u00e9 sa t\u00e9me venuj\u00fa alebo sa o \u0148u zauj\u00edmaj\u00fa. Zo Slovenska sa z\u00fa\u010dastnilo \u0161es\u0165 \u013eud\u00ed z Bratislavsk\u00e9ho, Banskobystrick\u00e9ho a Tren\u010dianskeho kraja, z toho \u0161tyria s\u00fa z\u00e1rove\u0148 \u010dlenmi <strong><u><a href=\"https:\/\/okvalite.sk\/siet-kvality\/\">Siete kvality<\/a><\/u><\/strong>.<\/p>\n<p style=\"text-align: justify;\">Tri dni sme sa navz\u00e1jom u\u010dili, aby sme si odniesli in\u0161pir\u00e1cie a n\u00e1pady ako zlep\u0161i\u0165 \u010dinnos\u0165 Siet\u00ed kvality \u010di ako zabezpe\u010di\u0165 ich udr\u017eate\u013enos\u0165 aj po skon\u010den\u00ed projektu, ktor\u00fd bude v m\u00e1ji 2023.&nbsp;<\/p>\n<p>&nbsp; &nbsp; &nbsp; &nbsp; &nbsp; &nbsp; &nbsp; &nbsp; &nbsp; &nbsp; &nbsp; &nbsp; &nbsp; &nbsp; &nbsp; &nbsp; &nbsp; &nbsp; &nbsp; &nbsp; &nbsp; &nbsp; &nbsp; &nbsp; &nbsp; &nbsp; &nbsp; &nbsp; &nbsp; &nbsp; &nbsp; &nbsp; &nbsp; &nbsp; &nbsp; <img fetchpriority=\"high\" decoding=\"async\" class=\"size-medium wp-image-13128 aligncenter\" src=\"https:\/\/archiv.siov.sk\/wp-content\/uploads\/2022\/12\/lubica-prezentuje-300x225.jpg\" alt=\"\" width=\"300\" height=\"225\" srcset=\"https:\/\/archiv.siov.sk\/wp-content\/uploads\/2022\/12\/lubica-prezentuje-300x225.jpg 300w, https:\/\/archiv.siov.sk\/wp-content\/uploads\/2022\/12\/lubica-prezentuje-1024x768.jpg 1024w, https:\/\/archiv.siov.sk\/wp-content\/uploads\/2022\/12\/lubica-prezentuje-768x576.jpg 768w, https:\/\/archiv.siov.sk\/wp-content\/uploads\/2022\/12\/lubica-prezentuje-1536x1152.jpg 1536w, https:\/\/archiv.siov.sk\/wp-content\/uploads\/2022\/12\/lubica-prezentuje-16x12.jpg 16w, https:\/\/archiv.siov.sk\/wp-content\/uploads\/2022\/12\/lubica-prezentuje.jpg 2016w\" sizes=\"(max-width: 300px) 100vw, 300px\" \/><\/p>\n<p style=\"text-align: justify;\">Prv\u00fd de\u0148 sme mali mo\u017enos\u0165 vypo\u010du\u0165 si inform\u00e1cie o implement\u00e1cii Siete kvality na Slovensku a Portugalsku. Zo Slovenska prijala pozvanie p. Janc\u00edkov\u00e1 zo <a href=\"http:\/\/www.spojskolapu.sk\/\">Spojenej \u0161koly P\u00fachov<\/a> a p. Ko\u0161\u0165\u00e1lov\u00e1 z <a href=\"http:\/\/www.gymdb.sk\/\">gymn\u00e1zia v Dubnici nad V\u00e1hom<\/a>, ktor\u00e9 porozpr\u00e1vali o svojej sk\u00fasenosti s met\u00f3dou vz\u00e1jomn\u00e9ho hodnotenia- Peer review. Na poobede sme pre \u00fa\u010dastn\u00edkov pripravili n\u00e1v\u0161tevu s\u00fakromnej SO\u0160 automobilovej-&nbsp;<strong><u><a href=\"https:\/\/dualnaakademia.sk\/\">Du\u00e1lna akad\u00e9mia<\/a><\/u><\/strong>.&nbsp;<\/p>\n<p>&nbsp; &nbsp; &nbsp; &nbsp; &nbsp; &nbsp; &nbsp; &nbsp; &nbsp; &nbsp; &nbsp; &nbsp; &nbsp; &nbsp; &nbsp; &nbsp; &nbsp; &nbsp; &nbsp; &nbsp; &nbsp; &nbsp; &nbsp; &nbsp; &nbsp; &nbsp; &nbsp; &nbsp; &nbsp; &nbsp; &nbsp; &nbsp; &nbsp; &nbsp; &nbsp; &nbsp; &nbsp; &nbsp; &nbsp; &nbsp; &nbsp; <img decoding=\"async\" class=\"size-medium wp-image-13129 aligncenter\" src=\"https:\/\/archiv.siov.sk\/wp-content\/uploads\/2022\/12\/WhatsApp-Image-2022-12-15-at-19.29.51-225x300.jpeg\" alt=\"\" width=\"225\" height=\"300\" srcset=\"https:\/\/archiv.siov.sk\/wp-content\/uploads\/2022\/12\/WhatsApp-Image-2022-12-15-at-19.29.51-225x300.jpeg 225w, https:\/\/archiv.siov.sk\/wp-content\/uploads\/2022\/12\/WhatsApp-Image-2022-12-15-at-19.29.51-9x12.jpeg 9w, https:\/\/archiv.siov.sk\/wp-content\/uploads\/2022\/12\/WhatsApp-Image-2022-12-15-at-19.29.51.jpeg 768w\" sizes=\"(max-width: 225px) 100vw, 225px\" \/><\/p>\n<p style=\"text-align: justify;\">Druh\u00fd de\u0148 priniesol predstavenie Siete kvality z poh\u013eadu Rak\u00faska a Talianska. Jednou zo zauj\u00edmavost\u00ed je, \u017ee obchodn\u00e1 komora v Salzburgu (partner projektu) rie\u0161i v r\u00e1mci svojej Siete kvality predprim\u00e1rne vzdel\u00e1vanie, nako\u013eko je to p\u00e1l\u010div\u00e1 t\u00e9ma v regi\u00f3ne. Poobede sme sa op\u00e4\u0165 vybrali do \u0161koly, tentokr\u00e1t na <strong><u><a href=\"https:\/\/svosmo.edupage.org\/\">SO\u0160 ovocin\u00e1rsko-vin\u00e1rsku v Modre<\/a><\/u><\/strong>. T\u00fato \u0161kolu sme vybrali aj preto, \u017ee v s\u00fa\u010dasnosti prebieha proces tvorby sebahodnotiacej spr\u00e1vy a po jej odovzdan\u00ed sa uskuto\u010dn\u00ed hodnotiaca n\u00e1v\u0161teva Peer review pr\u00e1ve v Modre, kde sme mali mo\u017enos\u0165 vidie\u0165 interi\u00e9r ako aj exteri\u00e9r are\u00e1lu \u0161koly v podobe sadov a vin\u00edc.<\/p>\n<p>&nbsp; &nbsp; &nbsp; &nbsp; &nbsp; &nbsp; &nbsp; &nbsp; &nbsp; &nbsp; &nbsp; &nbsp; &nbsp; &nbsp; &nbsp; &nbsp; &nbsp; &nbsp; &nbsp; &nbsp; &nbsp; &nbsp; &nbsp; &nbsp; &nbsp; &nbsp; &nbsp; &nbsp; &nbsp; &nbsp; &nbsp; &nbsp; &nbsp; &nbsp; &nbsp; &nbsp;<img decoding=\"async\" class=\"size-medium wp-image-13130 aligncenter\" src=\"https:\/\/archiv.siov.sk\/wp-content\/uploads\/2022\/12\/WhatsApp-Image-2022-12-15-at-19.30.10-300x225.jpeg\" alt=\"\" width=\"300\" height=\"225\" srcset=\"https:\/\/archiv.siov.sk\/wp-content\/uploads\/2022\/12\/WhatsApp-Image-2022-12-15-at-19.30.10-300x225.jpeg 300w, https:\/\/archiv.siov.sk\/wp-content\/uploads\/2022\/12\/WhatsApp-Image-2022-12-15-at-19.30.10-768x576.jpeg 768w, https:\/\/archiv.siov.sk\/wp-content\/uploads\/2022\/12\/WhatsApp-Image-2022-12-15-at-19.30.10-16x12.jpeg 16w, https:\/\/archiv.siov.sk\/wp-content\/uploads\/2022\/12\/WhatsApp-Image-2022-12-15-at-19.30.10.jpeg 1024w\" sizes=\"(max-width: 300px) 100vw, 300px\" \/><\/p>\n<p style=\"text-align: justify;\">Pr\u00edprave \u010fal\u0161\u00edch krokov a diskusii o udr\u017eate\u013enosti a prenosnosti v\u00fdstupov projektu sme sa venovali posledn\u00fd de\u0148 stretnutia. Jednou z mo\u017enost\u00ed je <strong>vytvorenie Eur\u00f3pskej siete kvality<\/strong>, ktor\u00e1 sa pozd\u00e1vala aj stakeholderom, ako sme vy\u010d\u00edtali zo sp\u00e4tnej v\u00e4zby. Ver\u00edme, \u017ee Siete kvality sa bud\u00fa na\u010falej roz\u0161irova\u0165, aktivizova\u0165 a neust\u00e1le pos\u00fava\u0165 vpred.<\/p>\n<p>&nbsp; &nbsp; &nbsp; &nbsp; &nbsp; &nbsp; &nbsp; &nbsp; &nbsp; &nbsp; &nbsp; &nbsp; &nbsp; &nbsp; &nbsp; &nbsp; &nbsp; &nbsp; &nbsp; &nbsp; &nbsp; &nbsp; &nbsp; &nbsp; &nbsp; &nbsp; &nbsp; &nbsp; &nbsp; &nbsp; &nbsp; &nbsp; &nbsp; &nbsp; &nbsp; &nbsp; <img loading=\"lazy\" decoding=\"async\" class=\"size-medium wp-image-13131 aligncenter\" src=\"https:\/\/archiv.siov.sk\/wp-content\/uploads\/2022\/12\/group-foto-2-300x225.jpeg\" alt=\"\" width=\"300\" height=\"225\" srcset=\"https:\/\/archiv.siov.sk\/wp-content\/uploads\/2022\/12\/group-foto-2-300x225.jpeg 300w, https:\/\/archiv.siov.sk\/wp-content\/uploads\/2022\/12\/group-foto-2-1024x768.jpeg 1024w, https:\/\/archiv.siov.sk\/wp-content\/uploads\/2022\/12\/group-foto-2-768x576.jpeg 768w, https:\/\/archiv.siov.sk\/wp-content\/uploads\/2022\/12\/group-foto-2-1536x1152.jpeg 1536w, https:\/\/archiv.siov.sk\/wp-content\/uploads\/2022\/12\/group-foto-2-16x12.jpeg 16w, https:\/\/archiv.siov.sk\/wp-content\/uploads\/2022\/12\/group-foto-2.jpeg 2048w\" sizes=\"(max-width: 300px) 100vw, 300px\" \/><\/p>\n<p>Najbli\u017e\u0161ie stretnutie sa kon\u00e1&nbsp;<strong>4.m\u00e1ja 2023 vo Viedni.<\/strong><\/p>\n<p style=\"text-align: justify;\"><strong>&nbsp;<\/strong>Ak sa chcete dozvedie\u0165 viac o&nbsp;t\u00e9mach s\u00favisiacich so zabezpe\u010dovan\u00edm kvality v&nbsp;OVP, nav\u0161t\u00edvte n\u00e1s na <a href=\"https:\/\/okvalite.sk\/\">okvalite.sk<\/a>.<\/p>\n<p>&nbsp;<\/p>\n<p style=\"text-align: justify;\"><em>Projekt sa realizuje s finan\u010dnou podporou Eur\u00f3pskej komisie v r\u00e1mci projektu Eramus+ \u2013 QUANTUM \u2013 QUAlity Networks: fine-TUning Monitoring systems for better performances in VET (projektov\u00e9 \u010d\u00edslo: 2020-1-SK01-KA202-078249), ktor\u00fd realizuje \u0160t\u00e1tny in\u0161tit\u00fat odborn\u00e9ho vzdel\u00e1vania v od decembra 2020 do m\u00e1ja 2023.<\/em><\/p>\n<p>&nbsp;<\/p>","protected":false},"excerpt":{"rendered":"<p>Na prvom medzin\u00e1rodnom stretnut\u00ed \u010dlenov Siet\u00ed kvality sa stretlo dvadsa\u0165dva \u00fa\u010dastn\u00edkov zo \u0161tyroch kraj\u00edn.&nbsp; V priestoroch gal\u00e9rie Artot\u00e9ka v Bratislave sa 29. novembra a\u017e 1. decembra prebehlo stretnutie partnerov projektu QUANTUM, ktor\u00ed so sebou prv\u00fdkr\u00e1t zobrali aj \u010dlenov siete kvality \u010di zainteresovan\u00e9 strany, ktor\u00e9 sa t\u00e9me venuj\u00fa alebo sa o \u0148u zauj\u00edmaj\u00fa. Zo Slovenska sa [&hellip;]<\/p>\n","protected":false},"author":6,"featured_media":13127,"comment_status":"closed","ping_status":"closed","sticky":false,"template":"","format":"standard","meta":{"site-sidebar-layout":"default","site-content-layout":"default","ast-site-content-layout":"default","site-content-style":"default","site-sidebar-style":"default","ast-global-header-display":"","ast-banner-title-visibility":"","ast-main-header-display":"","ast-hfb-above-header-display":"","ast-hfb-below-header-display":"","ast-hfb-mobile-header-display":"","site-post-title":"","ast-breadcrumbs-content":"","ast-featured-img":"","footer-sml-layout":"","ast-disable-related-posts":"","theme-transparent-header-meta":"default","adv-header-id-meta":"","stick-header-meta":"","header-above-stick-meta":"","header-main-stick-meta":"","header-below-stick-meta":"","astra-migrate-meta-layouts":"default","ast-page-background-enabled":"default","ast-page-background-meta":{"desktop":{"background-color":"var(--ast-global-color-4)","background-image":"","background-repeat":"repeat","background-position":"center center","background-size":"auto","background-attachment":"scroll","background-type":"","background-media":"","overlay-type":"","overlay-color":"","overlay-opacity":"","overlay-gradient":""},"tablet":{"background-color":"","background-image":"","background-repeat":"repeat","background-position":"center center","background-size":"auto","background-attachment":"scroll","background-type":"","background-media":"","overlay-type":"","overlay-color":"","overlay-opacity":"","overlay-gradient":""},"mobile":{"background-color":"","background-image":"","background-repeat":"repeat","background-position":"center center","background-size":"auto","background-attachment":"scroll","background-type":"","background-media":"","overlay-type":"","overlay-color":"","overlay-opacity":"","overlay-gradient":""}},"ast-content-background-meta":{"desktop":{"background-color":"var(--ast-global-color-5)","background-image":"","background-repeat":"repeat","background-position":"center center","background-size":"auto","background-attachment":"scroll","background-type":"","background-media":"","overlay-type":"","overlay-color":"","overlay-opacity":"","overlay-gradient":""},"tablet":{"background-color":"var(--ast-global-color-5)","background-image":"","background-repeat":"repeat","background-position":"center center","background-size":"auto","background-attachment":"scroll","background-type":"","background-media":"","overlay-type":"","overlay-color":"","overlay-opacity":"","overlay-gradient":""},"mobile":{"background-color":"var(--ast-global-color-5)","background-image":"","background-repeat":"repeat","background-position":"center center","background-size":"auto","background-attachment":"scroll","background-type":"","background-media":"","overlay-type":"","overlay-color":"","overlay-opacity":"","overlay-gradient":""}},"footnotes":""},"categories":[1],"tags":[],"class_list":["post-13125","post","type-post","status-publish","format-standard","has-post-thumbnail","hentry","category-aktuality"],"yoast_head":"<!-- This site is optimized with the Yoast SEO plugin v27.5 - https:\/\/yoast.com\/product\/yoast-seo-wordpress\/ -->\n<title>Vz\u00e1jomn\u00e9 u\u010denie sa pre implement\u00e1ciu Siet\u00ed kvality - \u0160IOV - \u0161t\u00e1tny in\u0161tit\u00fat odborn\u00e9ho vzdel\u00e1vania<\/title>\n<meta name=\"robots\" content=\"index, follow, max-snippet:-1, max-image-preview:large, max-video-preview:-1\" \/>\n<link rel=\"canonical\" href=\"https:\/\/archiv.siov.sk\/en\/vzajomne-ucenie-sa-pre-implementaciu-sieti-kvality\/\" \/>\n<meta property=\"og:locale\" content=\"en_GB\" \/>\n<meta property=\"og:type\" content=\"article\" \/>\n<meta property=\"og:title\" content=\"Vz\u00e1jomn\u00e9 u\u010denie sa pre implement\u00e1ciu Siet\u00ed kvality - \u0160IOV - \u0161t\u00e1tny in\u0161tit\u00fat odborn\u00e9ho vzdel\u00e1vania\" \/>\n<meta property=\"og:description\" content=\"Na prvom medzin\u00e1rodnom stretnut\u00ed \u010dlenov Siet\u00ed kvality sa stretlo dvadsa\u0165dva \u00fa\u010dastn\u00edkov zo \u0161tyroch kraj\u00edn.&nbsp; V priestoroch gal\u00e9rie Artot\u00e9ka v Bratislave sa 29. novembra a\u017e 1. decembra prebehlo stretnutie partnerov projektu QUANTUM, ktor\u00ed so sebou prv\u00fdkr\u00e1t zobrali aj \u010dlenov siete kvality \u010di zainteresovan\u00e9 strany, ktor\u00e9 sa t\u00e9me venuj\u00fa alebo sa o \u0148u zauj\u00edmaj\u00fa. Zo Slovenska sa [&hellip;]\" \/>\n<meta property=\"og:url\" content=\"https:\/\/archiv.siov.sk\/en\/vzajomne-ucenie-sa-pre-implementaciu-sieti-kvality\/\" \/>\n<meta property=\"og:site_name\" content=\"\u0160IOV - \u0161t\u00e1tny in\u0161tit\u00fat odborn\u00e9ho vzdel\u00e1vania\" \/>\n<meta property=\"article:publisher\" content=\"https:\/\/www.facebook.com\/Statnyinstitutodbornehovzdelavania\" \/>\n<meta property=\"article:published_time\" content=\"2022-12-19T14:43:07+00:00\" \/>\n<meta property=\"article:modified_time\" content=\"2022-12-19T14:44:06+00:00\" \/>\n<meta property=\"og:image\" content=\"https:\/\/archiv.siov.sk\/wp-content\/uploads\/2022\/12\/prezentuje-sylvia-a-chiara.jpeg\" \/>\n\t<meta property=\"og:image:width\" content=\"2048\" \/>\n\t<meta property=\"og:image:height\" content=\"1536\" \/>\n\t<meta property=\"og:image:type\" content=\"image\/jpeg\" \/>\n<meta name=\"author\" content=\"Katar\u00edna Kov\u00e1\u010dov\u00e1\" \/>\n<meta name=\"twitter:card\" content=\"summary_large_image\" \/>\n<meta name=\"twitter:label1\" content=\"Written by\" \/>\n\t<meta name=\"twitter:data1\" content=\"Katar\u00edna Kov\u00e1\u010dov\u00e1\" \/>\n\t<meta name=\"twitter:label2\" content=\"Estimated reading time\" \/>\n\t<meta name=\"twitter:data2\" content=\"3 minutes\" \/>\n<script type=\"application\/ld+json\" class=\"yoast-schema-graph\">{\"@context\":\"https:\\\/\\\/schema.org\",\"@graph\":[{\"@type\":\"Article\",\"@id\":\"https:\\\/\\\/archiv.siov.sk\\\/vzajomne-ucenie-sa-pre-implementaciu-sieti-kvality\\\/#article\",\"isPartOf\":{\"@id\":\"https:\\\/\\\/archiv.siov.sk\\\/vzajomne-ucenie-sa-pre-implementaciu-sieti-kvality\\\/\"},\"author\":{\"name\":\"Katar\u00edna Kov\u00e1\u010dov\u00e1\",\"@id\":\"https:\\\/\\\/archiv.siov.sk\\\/#\\\/schema\\\/person\\\/e42d633fbd958c6a726e8834d8965e6c\"},\"headline\":\"Vz\u00e1jomn\u00e9 u\u010denie sa pre implement\u00e1ciu Siet\u00ed kvality\",\"datePublished\":\"2022-12-19T14:43:07+00:00\",\"dateModified\":\"2022-12-19T14:44:06+00:00\",\"mainEntityOfPage\":{\"@id\":\"https:\\\/\\\/archiv.siov.sk\\\/vzajomne-ucenie-sa-pre-implementaciu-sieti-kvality\\\/\"},\"wordCount\":641,\"publisher\":{\"@id\":\"https:\\\/\\\/archiv.siov.sk\\\/#organization\"},\"image\":{\"@id\":\"https:\\\/\\\/archiv.siov.sk\\\/vzajomne-ucenie-sa-pre-implementaciu-sieti-kvality\\\/#primaryimage\"},\"thumbnailUrl\":\"https:\\\/\\\/archiv.siov.sk\\\/wp-content\\\/uploads\\\/2022\\\/12\\\/prezentuje-sylvia-a-chiara.jpeg\",\"articleSection\":[\"Aktuality\"],\"inLanguage\":\"en-GB\"},{\"@type\":\"WebPage\",\"@id\":\"https:\\\/\\\/archiv.siov.sk\\\/vzajomne-ucenie-sa-pre-implementaciu-sieti-kvality\\\/\",\"url\":\"https:\\\/\\\/archiv.siov.sk\\\/vzajomne-ucenie-sa-pre-implementaciu-sieti-kvality\\\/\",\"name\":\"Vz\u00e1jomn\u00e9 u\u010denie sa pre implement\u00e1ciu Siet\u00ed kvality - \u0160IOV - \u0161t\u00e1tny in\u0161tit\u00fat odborn\u00e9ho vzdel\u00e1vania\",\"isPartOf\":{\"@id\":\"https:\\\/\\\/archiv.siov.sk\\\/#website\"},\"primaryImageOfPage\":{\"@id\":\"https:\\\/\\\/archiv.siov.sk\\\/vzajomne-ucenie-sa-pre-implementaciu-sieti-kvality\\\/#primaryimage\"},\"image\":{\"@id\":\"https:\\\/\\\/archiv.siov.sk\\\/vzajomne-ucenie-sa-pre-implementaciu-sieti-kvality\\\/#primaryimage\"},\"thumbnailUrl\":\"https:\\\/\\\/archiv.siov.sk\\\/wp-content\\\/uploads\\\/2022\\\/12\\\/prezentuje-sylvia-a-chiara.jpeg\",\"datePublished\":\"2022-12-19T14:43:07+00:00\",\"dateModified\":\"2022-12-19T14:44:06+00:00\",\"breadcrumb\":{\"@id\":\"https:\\\/\\\/archiv.siov.sk\\\/vzajomne-ucenie-sa-pre-implementaciu-sieti-kvality\\\/#breadcrumb\"},\"inLanguage\":\"en-GB\",\"potentialAction\":[{\"@type\":\"ReadAction\",\"target\":[\"https:\\\/\\\/archiv.siov.sk\\\/vzajomne-ucenie-sa-pre-implementaciu-sieti-kvality\\\/\"]}]},{\"@type\":\"ImageObject\",\"inLanguage\":\"en-GB\",\"@id\":\"https:\\\/\\\/archiv.siov.sk\\\/vzajomne-ucenie-sa-pre-implementaciu-sieti-kvality\\\/#primaryimage\",\"url\":\"https:\\\/\\\/archiv.siov.sk\\\/wp-content\\\/uploads\\\/2022\\\/12\\\/prezentuje-sylvia-a-chiara.jpeg\",\"contentUrl\":\"https:\\\/\\\/archiv.siov.sk\\\/wp-content\\\/uploads\\\/2022\\\/12\\\/prezentuje-sylvia-a-chiara.jpeg\",\"width\":2048,\"height\":1536},{\"@type\":\"BreadcrumbList\",\"@id\":\"https:\\\/\\\/archiv.siov.sk\\\/vzajomne-ucenie-sa-pre-implementaciu-sieti-kvality\\\/#breadcrumb\",\"itemListElement\":[{\"@type\":\"ListItem\",\"position\":1,\"name\":\"Home\",\"item\":\"https:\\\/\\\/archiv.siov.sk\\\/\"},{\"@type\":\"ListItem\",\"position\":2,\"name\":\"Vz\u00e1jomn\u00e9 u\u010denie sa pre implement\u00e1ciu Siet\u00ed kvality\"}]},{\"@type\":\"WebSite\",\"@id\":\"https:\\\/\\\/archiv.siov.sk\\\/#website\",\"url\":\"https:\\\/\\\/archiv.siov.sk\\\/\",\"name\":\"\u0160IOV - \u0161t\u00e1tny in\u0161tit\u00fat odborn\u00e9ho vzdel\u00e1vania\",\"description\":\"\",\"publisher\":{\"@id\":\"https:\\\/\\\/archiv.siov.sk\\\/#organization\"},\"potentialAction\":[{\"@type\":\"SearchAction\",\"target\":{\"@type\":\"EntryPoint\",\"urlTemplate\":\"https:\\\/\\\/archiv.siov.sk\\\/?s={search_term_string}\"},\"query-input\":{\"@type\":\"PropertyValueSpecification\",\"valueRequired\":true,\"valueName\":\"search_term_string\"}}],\"inLanguage\":\"en-GB\"},{\"@type\":\"Organization\",\"@id\":\"https:\\\/\\\/archiv.siov.sk\\\/#organization\",\"name\":\"\u0160IOV - \u0161t\u00e1tny in\u0161tit\u00fat odborn\u00e9ho vzdel\u00e1vania\",\"url\":\"https:\\\/\\\/archiv.siov.sk\\\/\",\"logo\":{\"@type\":\"ImageObject\",\"inLanguage\":\"en-GB\",\"@id\":\"https:\\\/\\\/archiv.siov.sk\\\/#\\\/schema\\\/logo\\\/image\\\/\",\"url\":\"https:\\\/\\\/archiv.siov.sk\\\/wp-content\\\/uploads\\\/2024\\\/02\\\/logo-SIOV.png\",\"contentUrl\":\"https:\\\/\\\/archiv.siov.sk\\\/wp-content\\\/uploads\\\/2024\\\/02\\\/logo-SIOV.png\",\"width\":431,\"height\":143,\"caption\":\"\u0160IOV - \u0161t\u00e1tny in\u0161tit\u00fat odborn\u00e9ho vzdel\u00e1vania\"},\"image\":{\"@id\":\"https:\\\/\\\/archiv.siov.sk\\\/#\\\/schema\\\/logo\\\/image\\\/\"},\"sameAs\":[\"https:\\\/\\\/www.facebook.com\\\/Statnyinstitutodbornehovzdelavania\"]},{\"@type\":\"Person\",\"@id\":\"https:\\\/\\\/archiv.siov.sk\\\/#\\\/schema\\\/person\\\/e42d633fbd958c6a726e8834d8965e6c\",\"name\":\"Katar\u00edna Kov\u00e1\u010dov\u00e1\",\"url\":\"https:\\\/\\\/archiv.siov.sk\\\/en\\\/author\\\/katkakovacova\\\/\"}]}<\/script>\n<!-- \/ Yoast SEO plugin. -->","yoast_head_json":{"title":"Vz\u00e1jomn\u00e9 u\u010denie sa pre implement\u00e1ciu Siet\u00ed kvality - \u0160IOV - \u0161t\u00e1tny in\u0161tit\u00fat odborn\u00e9ho vzdel\u00e1vania","robots":{"index":"index","follow":"follow","max-snippet":"max-snippet:-1","max-image-preview":"max-image-preview:large","max-video-preview":"max-video-preview:-1"},"canonical":"https:\/\/archiv.siov.sk\/en\/vzajomne-ucenie-sa-pre-implementaciu-sieti-kvality\/","og_locale":"en_GB","og_type":"article","og_title":"Vz\u00e1jomn\u00e9 u\u010denie sa pre implement\u00e1ciu Siet\u00ed kvality - \u0160IOV - \u0161t\u00e1tny in\u0161tit\u00fat odborn\u00e9ho vzdel\u00e1vania","og_description":"Na prvom medzin\u00e1rodnom stretnut\u00ed \u010dlenov Siet\u00ed kvality sa stretlo dvadsa\u0165dva \u00fa\u010dastn\u00edkov zo \u0161tyroch kraj\u00edn.&nbsp; V priestoroch gal\u00e9rie Artot\u00e9ka v Bratislave sa 29. novembra a\u017e 1. decembra prebehlo stretnutie partnerov projektu QUANTUM, ktor\u00ed so sebou prv\u00fdkr\u00e1t zobrali aj \u010dlenov siete kvality \u010di zainteresovan\u00e9 strany, ktor\u00e9 sa t\u00e9me venuj\u00fa alebo sa o \u0148u zauj\u00edmaj\u00fa. Zo Slovenska sa [&hellip;]","og_url":"https:\/\/archiv.siov.sk\/en\/vzajomne-ucenie-sa-pre-implementaciu-sieti-kvality\/","og_site_name":"\u0160IOV - \u0161t\u00e1tny in\u0161tit\u00fat odborn\u00e9ho vzdel\u00e1vania","article_publisher":"https:\/\/www.facebook.com\/Statnyinstitutodbornehovzdelavania","article_published_time":"2022-12-19T14:43:07+00:00","article_modified_time":"2022-12-19T14:44:06+00:00","og_image":[{"width":2048,"height":1536,"url":"https:\/\/archiv.siov.sk\/wp-content\/uploads\/2022\/12\/prezentuje-sylvia-a-chiara.jpeg","type":"image\/jpeg"}],"author":"Katar\u00edna Kov\u00e1\u010dov\u00e1","twitter_card":"summary_large_image","twitter_misc":{"Written by":"Katar\u00edna Kov\u00e1\u010dov\u00e1","Estimated reading time":"3 minutes"},"schema":{"@context":"https:\/\/schema.org","@graph":[{"@type":"Article","@id":"https:\/\/archiv.siov.sk\/vzajomne-ucenie-sa-pre-implementaciu-sieti-kvality\/#article","isPartOf":{"@id":"https:\/\/archiv.siov.sk\/vzajomne-ucenie-sa-pre-implementaciu-sieti-kvality\/"},"author":{"name":"Katar\u00edna Kov\u00e1\u010dov\u00e1","@id":"https:\/\/archiv.siov.sk\/#\/schema\/person\/e42d633fbd958c6a726e8834d8965e6c"},"headline":"Vz\u00e1jomn\u00e9 u\u010denie sa pre implement\u00e1ciu Siet\u00ed kvality","datePublished":"2022-12-19T14:43:07+00:00","dateModified":"2022-12-19T14:44:06+00:00","mainEntityOfPage":{"@id":"https:\/\/archiv.siov.sk\/vzajomne-ucenie-sa-pre-implementaciu-sieti-kvality\/"},"wordCount":641,"publisher":{"@id":"https:\/\/archiv.siov.sk\/#organization"},"image":{"@id":"https:\/\/archiv.siov.sk\/vzajomne-ucenie-sa-pre-implementaciu-sieti-kvality\/#primaryimage"},"thumbnailUrl":"https:\/\/archiv.siov.sk\/wp-content\/uploads\/2022\/12\/prezentuje-sylvia-a-chiara.jpeg","articleSection":["Aktuality"],"inLanguage":"en-GB"},{"@type":"WebPage","@id":"https:\/\/archiv.siov.sk\/vzajomne-ucenie-sa-pre-implementaciu-sieti-kvality\/","url":"https:\/\/archiv.siov.sk\/vzajomne-ucenie-sa-pre-implementaciu-sieti-kvality\/","name":"Vz\u00e1jomn\u00e9 u\u010denie sa pre implement\u00e1ciu Siet\u00ed kvality - \u0160IOV - \u0161t\u00e1tny in\u0161tit\u00fat odborn\u00e9ho vzdel\u00e1vania","isPartOf":{"@id":"https:\/\/archiv.siov.sk\/#website"},"primaryImageOfPage":{"@id":"https:\/\/archiv.siov.sk\/vzajomne-ucenie-sa-pre-implementaciu-sieti-kvality\/#primaryimage"},"image":{"@id":"https:\/\/archiv.siov.sk\/vzajomne-ucenie-sa-pre-implementaciu-sieti-kvality\/#primaryimage"},"thumbnailUrl":"https:\/\/archiv.siov.sk\/wp-content\/uploads\/2022\/12\/prezentuje-sylvia-a-chiara.jpeg","datePublished":"2022-12-19T14:43:07+00:00","dateModified":"2022-12-19T14:44:06+00:00","breadcrumb":{"@id":"https:\/\/archiv.siov.sk\/vzajomne-ucenie-sa-pre-implementaciu-sieti-kvality\/#breadcrumb"},"inLanguage":"en-GB","potentialAction":[{"@type":"ReadAction","target":["https:\/\/archiv.siov.sk\/vzajomne-ucenie-sa-pre-implementaciu-sieti-kvality\/"]}]},{"@type":"ImageObject","inLanguage":"en-GB","@id":"https:\/\/archiv.siov.sk\/vzajomne-ucenie-sa-pre-implementaciu-sieti-kvality\/#primaryimage","url":"https:\/\/archiv.siov.sk\/wp-content\/uploads\/2022\/12\/prezentuje-sylvia-a-chiara.jpeg","contentUrl":"https:\/\/archiv.siov.sk\/wp-content\/uploads\/2022\/12\/prezentuje-sylvia-a-chiara.jpeg","width":2048,"height":1536},{"@type":"BreadcrumbList","@id":"https:\/\/archiv.siov.sk\/vzajomne-ucenie-sa-pre-implementaciu-sieti-kvality\/#breadcrumb","itemListElement":[{"@type":"ListItem","position":1,"name":"Home","item":"https:\/\/archiv.siov.sk\/"},{"@type":"ListItem","position":2,"name":"Vz\u00e1jomn\u00e9 u\u010denie sa pre implement\u00e1ciu Siet\u00ed kvality"}]},{"@type":"WebSite","@id":"https:\/\/archiv.siov.sk\/#website","url":"https:\/\/archiv.siov.sk\/","name":"\u0160IOV - \u0161t\u00e1tny in\u0161tit\u00fat odborn\u00e9ho vzdel\u00e1vania","description":"","publisher":{"@id":"https:\/\/archiv.siov.sk\/#organization"},"potentialAction":[{"@type":"SearchAction","target":{"@type":"EntryPoint","urlTemplate":"https:\/\/archiv.siov.sk\/?s={search_term_string}"},"query-input":{"@type":"PropertyValueSpecification","valueRequired":true,"valueName":"search_term_string"}}],"inLanguage":"en-GB"},{"@type":"Organization","@id":"https:\/\/archiv.siov.sk\/#organization","name":"\u0160IOV - \u0161t\u00e1tny in\u0161tit\u00fat odborn\u00e9ho vzdel\u00e1vania","url":"https:\/\/archiv.siov.sk\/","logo":{"@type":"ImageObject","inLanguage":"en-GB","@id":"https:\/\/archiv.siov.sk\/#\/schema\/logo\/image\/","url":"https:\/\/archiv.siov.sk\/wp-content\/uploads\/2024\/02\/logo-SIOV.png","contentUrl":"https:\/\/archiv.siov.sk\/wp-content\/uploads\/2024\/02\/logo-SIOV.png","width":431,"height":143,"caption":"\u0160IOV - \u0161t\u00e1tny in\u0161tit\u00fat odborn\u00e9ho vzdel\u00e1vania"},"image":{"@id":"https:\/\/archiv.siov.sk\/#\/schema\/logo\/image\/"},"sameAs":["https:\/\/www.facebook.com\/Statnyinstitutodbornehovzdelavania"]},{"@type":"Person","@id":"https:\/\/archiv.siov.sk\/#\/schema\/person\/e42d633fbd958c6a726e8834d8965e6c","name":"Katar\u00edna Kov\u00e1\u010dov\u00e1","url":"https:\/\/archiv.siov.sk\/en\/author\/katkakovacova\/"}]}},"_links":{"self":[{"href":"https:\/\/archiv.siov.sk\/en\/wp-json\/wp\/v2\/posts\/13125","targetHints":{"allow":["GET"]}}],"collection":[{"href":"https:\/\/archiv.siov.sk\/en\/wp-json\/wp\/v2\/posts"}],"about":[{"href":"https:\/\/archiv.siov.sk\/en\/wp-json\/wp\/v2\/types\/post"}],"author":[{"embeddable":true,"href":"https:\/\/archiv.siov.sk\/en\/wp-json\/wp\/v2\/users\/6"}],"replies":[{"embeddable":true,"href":"https:\/\/archiv.siov.sk\/en\/wp-json\/wp\/v2\/comments?post=13125"}],"version-history":[{"count":3,"href":"https:\/\/archiv.siov.sk\/en\/wp-json\/wp\/v2\/posts\/13125\/revisions"}],"predecessor-version":[{"id":13133,"href":"https:\/\/archiv.siov.sk\/en\/wp-json\/wp\/v2\/posts\/13125\/revisions\/13133"}],"wp:featuredmedia":[{"embeddable":true,"href":"https:\/\/archiv.siov.sk\/en\/wp-json\/wp\/v2\/media\/13127"}],"wp:attachment":[{"href":"https:\/\/archiv.siov.sk\/en\/wp-json\/wp\/v2\/media?parent=13125"}],"wp:term":[{"taxonomy":"category","embeddable":true,"href":"https:\/\/archiv.siov.sk\/en\/wp-json\/wp\/v2\/categories?post=13125"},{"taxonomy":"post_tag","embeddable":true,"href":"https:\/\/archiv.siov.sk\/en\/wp-json\/wp\/v2\/tags?post=13125"}],"curies":[{"name":"wp","href":"https:\/\/api.w.org\/{rel}","templated":true}]}}