{"id":12913,"date":"2022-11-10T11:59:16","date_gmt":"2022-11-10T10:59:16","guid":{"rendered":"https:\/\/archiv.siov.sk\/?p=12913"},"modified":"2025-07-03T14:20:14","modified_gmt":"2025-07-03T12:20:14","slug":"vzdelavacia-mobilita-v-spanielsku","status":"publish","type":"post","link":"https:\/\/archiv.siov.sk\/en\/vzdelavacia-mobilita-v-spanielsku\/","title":{"rendered":"Vzdel\u00e1vacia mobilita v \u0160panielsku"},"content":{"rendered":"<p style=\"text-align: justify;\">Cie\u013eom mobil\u00edt financovan\u00fdch z\u00a0programu Erasmus+ je poskytn\u00fa\u0165 vzdel\u00e1vacie pr\u00edle\u017eitosti jednotlivcom a\u00a0podpori\u0165 internacionaliz\u00e1ciu a\u00a0in\u0161titucion\u00e1lny rozvoj poskytovate\u013eov odborn\u00e9ho vzdel\u00e1vania a\u00a0pr\u00edpravy (OVP) a\u00a0\u010fal\u0161\u00edch organiz\u00e1ci\u00ed v\u00a0sektore odborn\u00e9ho vzdel\u00e1vania a\u00a0pr\u00edpravy.<\/p>\n<p style=\"text-align: justify;\">Na \u00faseku celo\u017eivotn\u00e9ho vzdel\u00e1vania v\u00a0r\u00e1mci \u0160IOV realizujeme od okt\u00f3bra 2022\u00a0\u00a0vzdel\u00e1vacie mobility jednotlivcov\u00a0pre tvorcov polit\u00edk a zainteresovan\u00e9 strany v\u00a0oblasti OVP.<\/p>\n<p style=\"text-align: justify;\">Spolu s riadite\u013eom \u0160t\u00e1tneho in\u0161tit\u00fatu odborn\u00e9ho vzdel\u00e1vania Branislavom Had\u00e1rom a kolegami z V\u00daC Bansk\u00e1 Bystrica a Pre\u0161ov, Silvou Ma\u0161l\u00e1rovou a Miroslavom Va\u0161kom sme 25.-27. okt\u00f3bra vycestovali do \u0160panielska. <strong>Hlavn\u00fdm cie\u013eom mobility<\/strong>bolo z\u00edska\u0165 nov\u00e9 vedomosti o zabezpe\u010dovan\u00ed kvality OVP v inom \u010dlenskom \u0161t\u00e1te Eur\u00f3pskej \u00fanie na n\u00e1rodnej, region\u00e1lnej a in\u0161titucion\u00e1lnej \u00farovni. Okrem toho mobility umo\u017e\u0148uj\u00fa s organiz\u00e1ciami a jednotlivcami nadv\u00e4zovanie a rozvoj spolupr\u00e1ce potrebnej pre zvy\u0161ovanie kvality OVP a budovanie vz\u0165ahov, ktor\u00e9 s\u00fa nevyhnutn\u00e9 napr\u00edklad aj pri realiz\u00e1cii Centier excelentnosti (CoVE).<\/p>\n<p><img fetchpriority=\"high\" decoding=\"async\" class=\"size-medium wp-image-12915 aligncenter\" src=\"https:\/\/archiv.siov.sk\/wp-content\/uploads\/2022\/11\/foto-c.1-300x225.jpeg\" alt=\"\" width=\"300\" height=\"225\" srcset=\"https:\/\/archiv.siov.sk\/wp-content\/uploads\/2022\/11\/foto-c.1-300x225.jpeg 300w, https:\/\/archiv.siov.sk\/wp-content\/uploads\/2022\/11\/foto-c.1-1024x768.jpeg 1024w, https:\/\/archiv.siov.sk\/wp-content\/uploads\/2022\/11\/foto-c.1-768x576.jpeg 768w, https:\/\/archiv.siov.sk\/wp-content\/uploads\/2022\/11\/foto-c.1-1536x1152.jpeg 1536w, https:\/\/archiv.siov.sk\/wp-content\/uploads\/2022\/11\/foto-c.1-16x12.jpeg 16w, https:\/\/archiv.siov.sk\/wp-content\/uploads\/2022\/11\/foto-c.1.jpeg 2048w\" sizes=\"(max-width: 300px) 100vw, 300px\" \/><\/p>\n<p>&nbsp;<\/p>\n<p style=\"text-align: justify;\">V \u00favodn\u00fd de\u0148 sme absolvovali pracovn\u00e9 stretnutie s kolegami z\u00a0<strong>NRP Eqavet Madrid<\/strong>, ktor\u00ed n\u00e1m predstavili fungovanie syst\u00e9mu vzdel\u00e1vania v\u00a0\u0160panielsku a\u00a0organiz\u00e1cie, ktor\u00e9 s\u00fa zodpovedn\u00e9 za politiku odborn\u00e9ho vzdel\u00e1vania a\u00a0pr\u00edpravy. Okrem toho sme diskutovali o odli\u0161nostiach v 17 regi\u00f3noch, dozvedeli sme sa o\u00a0najnov\u0161om v\u00fdvoji v oblasti odborn\u00e9ho vzdel\u00e1vania a\u00a0pr\u00edpravy a o legislat\u00edvnych zmen\u00e1ch.<\/p>\n<p style=\"text-align: justify;\">V\u00a0druhom dni mobility sme nav\u0161t\u00edvili stredn\u00fa odborn\u00fa \u0161kolu v\u00a0Usurbile- <strong>USURBILGO LANDIBE ESKOLA<\/strong>. Vyu\u010duj\u00fa v\u00a0piatich odboroch: Biznis a financie, Elektrina a elektronika, Efekt\u00edvne hospod\u00e1renie s\u00a0pr\u00edrodn\u00fdmi zdrojmi, Stroj\u00e1rstvo a In\u0161tal\u00e1cia a \u00fadr\u017eba. Stredn\u00e1 odborn\u00e1 \u0161kola Usurbile sa zameriava najm\u00e4 na syst\u00e9m du\u00e1lneho vzdel\u00e1vania, syst\u00e9m celo\u017eivotn\u00e9ho vzdel\u00e1vania\u00a0 a\u00a0podporu dlhodobo nezamestnan\u00fdch. Pridanou hodnotou \u0161koly je jej siln\u00fd d\u00f4raz na kvalitn\u00fa spolupr\u00e1cu so zamestn\u00e1vate\u013emi, centrom excelentnosti a\u00a0implement\u00e1ciu ich po\u017eiadaviek smerom k\u00a0potreb\u00e1m trhu pr\u00e1ce. Zauj\u00edmavos\u0165ou bol napr\u00edklad informa\u010dn\u00fd syst\u00e9m, ktor\u00fd sme mali mo\u017enos\u0165 vidie\u0165 po\u010das prehliadky \u0161koly. Zaznamen\u00e1va fungovanie, \u010dinnos\u0165, pohyb a v\u00fdstupy \u0161tudentov na praktickom vyu\u010dovan\u00ed, \u010do pripravuje \u017eiakov pre fungovanie v\u00a0re\u00e1lnych podmienkach modern\u00fdch\u00a0 firiem a\u00a0majstrom a\u00a0u\u010dite\u013eom poskytuje sp\u00e4tn\u00fa v\u00e4zbu formou datab\u00e1zy o\u00a0ich \u010dinnosti a\u00a0progrese.<\/p>\n<p><img decoding=\"async\" class=\"size-medium wp-image-12916 aligncenter\" src=\"https:\/\/archiv.siov.sk\/wp-content\/uploads\/2022\/11\/foto-c.2-virtualna-realita--225x300.jpeg\" alt=\"\" width=\"225\" height=\"300\" srcset=\"https:\/\/archiv.siov.sk\/wp-content\/uploads\/2022\/11\/foto-c.2-virtualna-realita--225x300.jpeg 225w, https:\/\/archiv.siov.sk\/wp-content\/uploads\/2022\/11\/foto-c.2-virtualna-realita--9x12.jpeg 9w, https:\/\/archiv.siov.sk\/wp-content\/uploads\/2022\/11\/foto-c.2-virtualna-realita-.jpeg 768w\" sizes=\"(max-width: 225px) 100vw, 225px\" \/><\/p>\n<p>&nbsp;<\/p>\n<p style=\"text-align: justify;\">Na z\u00e1vere\u010dn\u00fd de\u0148 sme mali napl\u00e1novan\u00fd najv\u00e4\u010d\u0161\u00ed z\u00e1\u017eitok, prehliadku jedn\u00e9ho z najlep\u0161\u00edch centier excelentnosti v Eur\u00f3pe.\u00a0<strong>TKNIKA<\/strong>\u2013 centrum aplikovan\u00e9ho v\u00fdskumu odborn\u00e9ho vzdel\u00e1vania a pr\u00edpravy spolupracuje so v\u0161etk\u00fdmi centrami odborn\u00e9ho vzdel\u00e1vania a pr\u00edpravy <strong>v Baskicku<\/strong>. TKNIKA spolupracuje so v\u0161etk\u00fdmi akt\u00e9rmi strategick\u00e9ho trojuholn\u00edka na region\u00e1lnej a medzin\u00e1rodnej \u00farovni, aby sa v\u00fdskum a aplikovan\u00e9 inov\u00e1cie stali z\u00e1kladn\u00fdmi prvkami odborn\u00e9ho vzdel\u00e1vania a pr\u00edpravy v t\u00fdchto \u0161iestich oblastiach:<\/p>\n<p>\u2013 Technologick\u00e9 inov\u00e1cie a inteligentn\u00e9 syst\u00e9my;<\/p>\n<p>\u2013 Mana\u017ement;<\/p>\n<p>\u2013 U\u010denie k vysokej v\u00fdkonnosti;<\/p>\n<p>\u2013 Aplikovan\u00e9 inov\u00e1cie a\u00a0strategick\u00e9 nastavenia;<\/p>\n<p>\u2013 Internacionaliz\u00e1cia;<\/p>\n<p>\u2013 Biologick\u00e9 vedy a\u00a0udr\u017eate\u013enos\u0165.<\/p>\n<p style=\"text-align: justify;\">Centrum sa venuje vyv\u00edjaniu a implement\u00e1cii inov\u00e1ci\u00ed pre stredn\u00e9 odborn\u00e9 \u0161koly, centr\u00e1 odborn\u00e9ho vzdel\u00e1vania a\u00a0pr\u00edpravy, firmy a\u00a0zamestn\u00e1vate\u013eov. Tknika je podporovan\u00e1 Ministerstvom vzdel\u00e1vania a odbornej pr\u00edpravy\u00a0<strong>v\u00a0Baskicku<\/strong>. Centrum m\u00e1 \u00b4<strong>transfer vedomost\u00ed a zru\u010dnost\u00ed<\/strong>\u00b4 ako jeden z hlavn\u00fdch cie\u013eov, so snahou odovzd\u00e1va\u0165 a zdie\u013ea\u0165 inform\u00e1cie, aby sa stredn\u00e9 odborn\u00e9 \u0161koly vzdel\u00e1vali, in\u0161pirovali, informovali a n\u00e1sledne sa sami st\u00e1vali excelentn\u00fdmi subjektmi vo svojich odvetviach, svojom smerovan\u00ed\u00a0 a p\u00f4soben\u00ed. Pomocou priameho vzdel\u00e1vania u\u010dite\u013eov a pedag\u00f3gov centrum vyv\u00edja\u00a0<strong>inovat\u00edvne projekty<\/strong>\u00a0v oblastiach technol\u00f3gi\u00ed, vzdel\u00e1vania a mana\u017ementu.<\/p>\n<p style=\"text-align: justify;\">Na bud\u00faci rok m\u00e1me napl\u00e1novan\u00fa \u010fal\u0161iu mobilitu jednotlivcov &#8211; <strong>vo febru\u00e1ri 2023<\/strong> sa p\u00f4jdeme pozrie\u0165 <strong>do Chorv\u00e1tska,<\/strong> ako implementovali<strong>\u00a0syst\u00e9m trasovania absolventov<\/strong>\u00a0stredn\u00fdch odborn\u00fdch \u0161k\u00f4l.<\/p>\n<p>\u00a0 \u00a0 \u00a0 \u00a0 \u00a0 \u00a0 \u00a0 \u00a0 \u00a0 \u00a0 \u00a0 \u00a0 \u00a0 \u00a0 \u00a0 \u00a0 \u00a0 \u00a0 \u00a0 \u00a0 \u00a0 \u00a0 \u00a0 \u00a0 \u00a0 \u00a0 \u00a0 \u00a0 \u00a0 \u00a0 \u00a0 \u00a0 \u00a0 \u00a0 \u00a0 \u00a0 <img decoding=\"async\" class=\"wp-image-12917 size-medium aligncenter\" src=\"https:\/\/archiv.siov.sk\/wp-content\/uploads\/2022\/11\/foto_c.3_zvaranie-225x300.jpg\" alt=\"\" width=\"225\" height=\"300\" srcset=\"https:\/\/archiv.siov.sk\/wp-content\/uploads\/2022\/11\/foto_c.3_zvaranie-225x300.jpg 225w, https:\/\/archiv.siov.sk\/wp-content\/uploads\/2022\/11\/foto_c.3_zvaranie-9x12.jpg 9w, https:\/\/archiv.siov.sk\/wp-content\/uploads\/2022\/11\/foto_c.3_zvaranie.jpg 768w\" sizes=\"(max-width: 225px) 100vw, 225px\" \/><\/p>\n<p>&nbsp;<\/p>\n<p><img loading=\"lazy\" decoding=\"async\" class=\"alignnone size-medium wp-image-16154\" src=\"https:\/\/archiv.siov.sk\/wp-content\/uploads\/2024\/07\/logo-erasmus-300x170.png\" alt=\"erasmus_plus\" width=\"300\" height=\"170\" srcset=\"https:\/\/archiv.siov.sk\/wp-content\/uploads\/2024\/07\/logo-erasmus-300x170.png 300w, https:\/\/archiv.siov.sk\/wp-content\/uploads\/2024\/07\/logo-erasmus-1024x580.png 1024w, https:\/\/archiv.siov.sk\/wp-content\/uploads\/2024\/07\/logo-erasmus-768x435.png 768w, https:\/\/archiv.siov.sk\/wp-content\/uploads\/2024\/07\/logo-erasmus-18x10.png 18w, https:\/\/archiv.siov.sk\/wp-content\/uploads\/2024\/07\/logo-erasmus.png 1200w\" sizes=\"(max-width: 300px) 100vw, 300px\" \/><img loading=\"lazy\" decoding=\"async\" class=\"alignnone size-full wp-image-12919\" src=\"https:\/\/archiv.siov.sk\/wp-content\/uploads\/2022\/11\/logo-spolufinancovany-europskou-uniou.jpg\" alt=\"\" width=\"300\" height=\"68\" srcset=\"https:\/\/archiv.siov.sk\/wp-content\/uploads\/2022\/11\/logo-spolufinancovany-europskou-uniou.jpg 300w, https:\/\/archiv.siov.sk\/wp-content\/uploads\/2022\/11\/logo-spolufinancovany-europskou-uniou-18x4.jpg 18w\" sizes=\"(max-width: 300px) 100vw, 300px\" \/><\/p>\n<p>&nbsp;<\/p>\n<p><em>Vzdel\u00e1vacia mobilita jednotlivcov je realizovan\u00e1 v\u00a0r\u00e1mci projektu Erasmus +. \u010c\u00edslo projektu 2022-1-SK01-KA121-VET-000064729<\/em><\/p>","protected":false},"excerpt":{"rendered":"<p>Cie\u013eom mobil\u00edt financovan\u00fdch z\u00a0programu Erasmus+ je poskytn\u00fa\u0165 vzdel\u00e1vacie pr\u00edle\u017eitosti jednotlivcom a\u00a0podpori\u0165 internacionaliz\u00e1ciu a\u00a0in\u0161titucion\u00e1lny rozvoj poskytovate\u013eov odborn\u00e9ho vzdel\u00e1vania a\u00a0pr\u00edpravy (OVP) a\u00a0\u010fal\u0161\u00edch organiz\u00e1ci\u00ed v\u00a0sektore odborn\u00e9ho vzdel\u00e1vania a\u00a0pr\u00edpravy. Na \u00faseku celo\u017eivotn\u00e9ho vzdel\u00e1vania v\u00a0r\u00e1mci \u0160IOV realizujeme od okt\u00f3bra 2022\u00a0\u00a0vzdel\u00e1vacie mobility jednotlivcov\u00a0pre tvorcov polit\u00edk a zainteresovan\u00e9 strany v\u00a0oblasti OVP. Spolu s riadite\u013eom \u0160t\u00e1tneho in\u0161tit\u00fatu odborn\u00e9ho vzdel\u00e1vania Branislavom Had\u00e1rom a kolegami [&hellip;]<\/p>\n","protected":false},"author":6,"featured_media":2291,"comment_status":"closed","ping_status":"closed","sticky":false,"template":"","format":"standard","meta":{"site-sidebar-layout":"default","site-content-layout":"default","ast-site-content-layout":"default","site-content-style":"default","site-sidebar-style":"default","ast-global-header-display":"","ast-banner-title-visibility":"","ast-main-header-display":"","ast-hfb-above-header-display":"","ast-hfb-below-header-display":"","ast-hfb-mobile-header-display":"","site-post-title":"","ast-breadcrumbs-content":"","ast-featured-img":"","footer-sml-layout":"","ast-disable-related-posts":"","theme-transparent-header-meta":"default","adv-header-id-meta":"","stick-header-meta":"default","header-above-stick-meta":"","header-main-stick-meta":"","header-below-stick-meta":"","astra-migrate-meta-layouts":"set","ast-page-background-enabled":"default","ast-page-background-meta":{"desktop":{"background-color":"var(--ast-global-color-4)","background-image":"","background-repeat":"repeat","background-position":"center center","background-size":"auto","background-attachment":"scroll","background-type":"","background-media":"","overlay-type":"","overlay-color":"","overlay-opacity":"","overlay-gradient":""},"tablet":{"background-color":"","background-image":"","background-repeat":"repeat","background-position":"center center","background-size":"auto","background-attachment":"scroll","background-type":"","background-media":"","overlay-type":"","overlay-color":"","overlay-opacity":"","overlay-gradient":""},"mobile":{"background-color":"","background-image":"","background-repeat":"repeat","background-position":"center center","background-size":"auto","background-attachment":"scroll","background-type":"","background-media":"","overlay-type":"","overlay-color":"","overlay-opacity":"","overlay-gradient":""}},"ast-content-background-meta":{"desktop":{"background-color":"var(--ast-global-color-5)","background-image":"","background-repeat":"repeat","background-position":"center center","background-size":"auto","background-attachment":"scroll","background-type":"","background-media":"","overlay-type":"","overlay-color":"","overlay-opacity":"","overlay-gradient":""},"tablet":{"background-color":"var(--ast-global-color-5)","background-image":"","background-repeat":"repeat","background-position":"center center","background-size":"auto","background-attachment":"scroll","background-type":"","background-media":"","overlay-type":"","overlay-color":"","overlay-opacity":"","overlay-gradient":""},"mobile":{"background-color":"var(--ast-global-color-5)","background-image":"","background-repeat":"repeat","background-position":"center center","background-size":"auto","background-attachment":"scroll","background-type":"","background-media":"","overlay-type":"","overlay-color":"","overlay-opacity":"","overlay-gradient":""}},"footnotes":""},"categories":[1,25],"tags":[],"class_list":["post-12913","post","type-post","status-publish","format-standard","has-post-thumbnail","hentry","category-aktuality","category-erasmusplus"],"yoast_head":"<!-- This site is optimized with the Yoast SEO plugin v27.5 - https:\/\/yoast.com\/product\/yoast-seo-wordpress\/ -->\n<title>Vzdel\u00e1vacia mobilita v \u0160panielsku - \u0160IOV - \u0161t\u00e1tny in\u0161tit\u00fat odborn\u00e9ho vzdel\u00e1vania<\/title>\n<meta name=\"robots\" content=\"index, follow, max-snippet:-1, max-image-preview:large, max-video-preview:-1\" \/>\n<link rel=\"canonical\" href=\"https:\/\/archiv.siov.sk\/en\/vzdelavacia-mobilita-v-spanielsku\/\" \/>\n<meta property=\"og:locale\" content=\"en_GB\" \/>\n<meta property=\"og:type\" content=\"article\" \/>\n<meta property=\"og:title\" content=\"Vzdel\u00e1vacia mobilita v \u0160panielsku - \u0160IOV - \u0161t\u00e1tny in\u0161tit\u00fat odborn\u00e9ho vzdel\u00e1vania\" \/>\n<meta property=\"og:description\" content=\"Cie\u013eom mobil\u00edt financovan\u00fdch z\u00a0programu Erasmus+ je poskytn\u00fa\u0165 vzdel\u00e1vacie pr\u00edle\u017eitosti jednotlivcom a\u00a0podpori\u0165 internacionaliz\u00e1ciu a\u00a0in\u0161titucion\u00e1lny rozvoj poskytovate\u013eov odborn\u00e9ho vzdel\u00e1vania a\u00a0pr\u00edpravy (OVP) a\u00a0\u010fal\u0161\u00edch organiz\u00e1ci\u00ed v\u00a0sektore odborn\u00e9ho vzdel\u00e1vania a\u00a0pr\u00edpravy. Na \u00faseku celo\u017eivotn\u00e9ho vzdel\u00e1vania v\u00a0r\u00e1mci \u0160IOV realizujeme od okt\u00f3bra 2022\u00a0\u00a0vzdel\u00e1vacie mobility jednotlivcov\u00a0pre tvorcov polit\u00edk a zainteresovan\u00e9 strany v\u00a0oblasti OVP. Spolu s riadite\u013eom \u0160t\u00e1tneho in\u0161tit\u00fatu odborn\u00e9ho vzdel\u00e1vania Branislavom Had\u00e1rom a kolegami [&hellip;]\" \/>\n<meta property=\"og:url\" content=\"https:\/\/archiv.siov.sk\/en\/vzdelavacia-mobilita-v-spanielsku\/\" \/>\n<meta property=\"og:site_name\" content=\"\u0160IOV - \u0161t\u00e1tny in\u0161tit\u00fat odborn\u00e9ho vzdel\u00e1vania\" \/>\n<meta property=\"article:publisher\" content=\"https:\/\/www.facebook.com\/Statnyinstitutodbornehovzdelavania\" \/>\n<meta property=\"article:published_time\" content=\"2022-11-10T10:59:16+00:00\" \/>\n<meta property=\"article:modified_time\" content=\"2025-07-03T12:20:14+00:00\" \/>\n<meta property=\"og:image\" content=\"https:\/\/archiv.siov.sk\/wp-content\/uploads\/2019\/02\/top_eu.jpg\" \/>\n\t<meta property=\"og:image:width\" content=\"1100\" \/>\n\t<meta property=\"og:image:height\" content=\"304\" \/>\n\t<meta property=\"og:image:type\" content=\"image\/jpeg\" \/>\n<meta name=\"author\" content=\"Katar\u00edna Kov\u00e1\u010dov\u00e1\" \/>\n<meta name=\"twitter:card\" content=\"summary_large_image\" \/>\n<meta name=\"twitter:label1\" content=\"Written by\" \/>\n\t<meta name=\"twitter:data1\" content=\"Katar\u00edna Kov\u00e1\u010dov\u00e1\" \/>\n\t<meta name=\"twitter:label2\" content=\"Estimated reading time\" \/>\n\t<meta name=\"twitter:data2\" content=\"5 minutes\" \/>\n<script type=\"application\/ld+json\" class=\"yoast-schema-graph\">{\"@context\":\"https:\\\/\\\/schema.org\",\"@graph\":[{\"@type\":\"Article\",\"@id\":\"https:\\\/\\\/archiv.siov.sk\\\/vzdelavacia-mobilita-v-spanielsku\\\/#article\",\"isPartOf\":{\"@id\":\"https:\\\/\\\/archiv.siov.sk\\\/vzdelavacia-mobilita-v-spanielsku\\\/\"},\"author\":{\"name\":\"Katar\u00edna Kov\u00e1\u010dov\u00e1\",\"@id\":\"https:\\\/\\\/archiv.siov.sk\\\/#\\\/schema\\\/person\\\/e42d633fbd958c6a726e8834d8965e6c\"},\"headline\":\"Vzdel\u00e1vacia mobilita v \u0160panielsku\",\"datePublished\":\"2022-11-10T10:59:16+00:00\",\"dateModified\":\"2025-07-03T12:20:14+00:00\",\"mainEntityOfPage\":{\"@id\":\"https:\\\/\\\/archiv.siov.sk\\\/vzdelavacia-mobilita-v-spanielsku\\\/\"},\"wordCount\":728,\"publisher\":{\"@id\":\"https:\\\/\\\/archiv.siov.sk\\\/#organization\"},\"image\":{\"@id\":\"https:\\\/\\\/archiv.siov.sk\\\/vzdelavacia-mobilita-v-spanielsku\\\/#primaryimage\"},\"thumbnailUrl\":\"https:\\\/\\\/archiv.siov.sk\\\/wp-content\\\/uploads\\\/2019\\\/02\\\/top_eu.jpg\",\"articleSection\":[\"Aktuality\",\"Erasmus+\"],\"inLanguage\":\"en-GB\"},{\"@type\":\"WebPage\",\"@id\":\"https:\\\/\\\/archiv.siov.sk\\\/vzdelavacia-mobilita-v-spanielsku\\\/\",\"url\":\"https:\\\/\\\/archiv.siov.sk\\\/vzdelavacia-mobilita-v-spanielsku\\\/\",\"name\":\"Vzdel\u00e1vacia mobilita v \u0160panielsku - \u0160IOV - \u0161t\u00e1tny in\u0161tit\u00fat odborn\u00e9ho vzdel\u00e1vania\",\"isPartOf\":{\"@id\":\"https:\\\/\\\/archiv.siov.sk\\\/#website\"},\"primaryImageOfPage\":{\"@id\":\"https:\\\/\\\/archiv.siov.sk\\\/vzdelavacia-mobilita-v-spanielsku\\\/#primaryimage\"},\"image\":{\"@id\":\"https:\\\/\\\/archiv.siov.sk\\\/vzdelavacia-mobilita-v-spanielsku\\\/#primaryimage\"},\"thumbnailUrl\":\"https:\\\/\\\/archiv.siov.sk\\\/wp-content\\\/uploads\\\/2019\\\/02\\\/top_eu.jpg\",\"datePublished\":\"2022-11-10T10:59:16+00:00\",\"dateModified\":\"2025-07-03T12:20:14+00:00\",\"breadcrumb\":{\"@id\":\"https:\\\/\\\/archiv.siov.sk\\\/vzdelavacia-mobilita-v-spanielsku\\\/#breadcrumb\"},\"inLanguage\":\"en-GB\",\"potentialAction\":[{\"@type\":\"ReadAction\",\"target\":[\"https:\\\/\\\/archiv.siov.sk\\\/vzdelavacia-mobilita-v-spanielsku\\\/\"]}]},{\"@type\":\"ImageObject\",\"inLanguage\":\"en-GB\",\"@id\":\"https:\\\/\\\/archiv.siov.sk\\\/vzdelavacia-mobilita-v-spanielsku\\\/#primaryimage\",\"url\":\"https:\\\/\\\/archiv.siov.sk\\\/wp-content\\\/uploads\\\/2019\\\/02\\\/top_eu.jpg\",\"contentUrl\":\"https:\\\/\\\/archiv.siov.sk\\\/wp-content\\\/uploads\\\/2019\\\/02\\\/top_eu.jpg\",\"width\":1100,\"height\":304},{\"@type\":\"BreadcrumbList\",\"@id\":\"https:\\\/\\\/archiv.siov.sk\\\/vzdelavacia-mobilita-v-spanielsku\\\/#breadcrumb\",\"itemListElement\":[{\"@type\":\"ListItem\",\"position\":1,\"name\":\"Home\",\"item\":\"https:\\\/\\\/archiv.siov.sk\\\/\"},{\"@type\":\"ListItem\",\"position\":2,\"name\":\"Vzdel\u00e1vacia mobilita v \u0160panielsku\"}]},{\"@type\":\"WebSite\",\"@id\":\"https:\\\/\\\/archiv.siov.sk\\\/#website\",\"url\":\"https:\\\/\\\/archiv.siov.sk\\\/\",\"name\":\"\u0160IOV - \u0161t\u00e1tny in\u0161tit\u00fat odborn\u00e9ho vzdel\u00e1vania\",\"description\":\"\",\"publisher\":{\"@id\":\"https:\\\/\\\/archiv.siov.sk\\\/#organization\"},\"potentialAction\":[{\"@type\":\"SearchAction\",\"target\":{\"@type\":\"EntryPoint\",\"urlTemplate\":\"https:\\\/\\\/archiv.siov.sk\\\/?s={search_term_string}\"},\"query-input\":{\"@type\":\"PropertyValueSpecification\",\"valueRequired\":true,\"valueName\":\"search_term_string\"}}],\"inLanguage\":\"en-GB\"},{\"@type\":\"Organization\",\"@id\":\"https:\\\/\\\/archiv.siov.sk\\\/#organization\",\"name\":\"\u0160IOV - \u0161t\u00e1tny in\u0161tit\u00fat odborn\u00e9ho vzdel\u00e1vania\",\"url\":\"https:\\\/\\\/archiv.siov.sk\\\/\",\"logo\":{\"@type\":\"ImageObject\",\"inLanguage\":\"en-GB\",\"@id\":\"https:\\\/\\\/archiv.siov.sk\\\/#\\\/schema\\\/logo\\\/image\\\/\",\"url\":\"https:\\\/\\\/archiv.siov.sk\\\/wp-content\\\/uploads\\\/2024\\\/02\\\/logo-SIOV.png\",\"contentUrl\":\"https:\\\/\\\/archiv.siov.sk\\\/wp-content\\\/uploads\\\/2024\\\/02\\\/logo-SIOV.png\",\"width\":431,\"height\":143,\"caption\":\"\u0160IOV - \u0161t\u00e1tny in\u0161tit\u00fat odborn\u00e9ho vzdel\u00e1vania\"},\"image\":{\"@id\":\"https:\\\/\\\/archiv.siov.sk\\\/#\\\/schema\\\/logo\\\/image\\\/\"},\"sameAs\":[\"https:\\\/\\\/www.facebook.com\\\/Statnyinstitutodbornehovzdelavania\"]},{\"@type\":\"Person\",\"@id\":\"https:\\\/\\\/archiv.siov.sk\\\/#\\\/schema\\\/person\\\/e42d633fbd958c6a726e8834d8965e6c\",\"name\":\"Katar\u00edna Kov\u00e1\u010dov\u00e1\",\"url\":\"https:\\\/\\\/archiv.siov.sk\\\/en\\\/author\\\/katkakovacova\\\/\"}]}<\/script>\n<!-- \/ Yoast SEO plugin. -->","yoast_head_json":{"title":"Vzdel\u00e1vacia mobilita v \u0160panielsku - \u0160IOV - \u0161t\u00e1tny in\u0161tit\u00fat odborn\u00e9ho vzdel\u00e1vania","robots":{"index":"index","follow":"follow","max-snippet":"max-snippet:-1","max-image-preview":"max-image-preview:large","max-video-preview":"max-video-preview:-1"},"canonical":"https:\/\/archiv.siov.sk\/en\/vzdelavacia-mobilita-v-spanielsku\/","og_locale":"en_GB","og_type":"article","og_title":"Vzdel\u00e1vacia mobilita v \u0160panielsku - \u0160IOV - \u0161t\u00e1tny in\u0161tit\u00fat odborn\u00e9ho vzdel\u00e1vania","og_description":"Cie\u013eom mobil\u00edt financovan\u00fdch z\u00a0programu Erasmus+ je poskytn\u00fa\u0165 vzdel\u00e1vacie pr\u00edle\u017eitosti jednotlivcom a\u00a0podpori\u0165 internacionaliz\u00e1ciu a\u00a0in\u0161titucion\u00e1lny rozvoj poskytovate\u013eov odborn\u00e9ho vzdel\u00e1vania a\u00a0pr\u00edpravy (OVP) a\u00a0\u010fal\u0161\u00edch organiz\u00e1ci\u00ed v\u00a0sektore odborn\u00e9ho vzdel\u00e1vania a\u00a0pr\u00edpravy. Na \u00faseku celo\u017eivotn\u00e9ho vzdel\u00e1vania v\u00a0r\u00e1mci \u0160IOV realizujeme od okt\u00f3bra 2022\u00a0\u00a0vzdel\u00e1vacie mobility jednotlivcov\u00a0pre tvorcov polit\u00edk a zainteresovan\u00e9 strany v\u00a0oblasti OVP. Spolu s riadite\u013eom \u0160t\u00e1tneho in\u0161tit\u00fatu odborn\u00e9ho vzdel\u00e1vania Branislavom Had\u00e1rom a kolegami [&hellip;]","og_url":"https:\/\/archiv.siov.sk\/en\/vzdelavacia-mobilita-v-spanielsku\/","og_site_name":"\u0160IOV - \u0161t\u00e1tny in\u0161tit\u00fat odborn\u00e9ho vzdel\u00e1vania","article_publisher":"https:\/\/www.facebook.com\/Statnyinstitutodbornehovzdelavania","article_published_time":"2022-11-10T10:59:16+00:00","article_modified_time":"2025-07-03T12:20:14+00:00","og_image":[{"width":1100,"height":304,"url":"https:\/\/archiv.siov.sk\/wp-content\/uploads\/2019\/02\/top_eu.jpg","type":"image\/jpeg"}],"author":"Katar\u00edna Kov\u00e1\u010dov\u00e1","twitter_card":"summary_large_image","twitter_misc":{"Written by":"Katar\u00edna Kov\u00e1\u010dov\u00e1","Estimated reading time":"5 minutes"},"schema":{"@context":"https:\/\/schema.org","@graph":[{"@type":"Article","@id":"https:\/\/archiv.siov.sk\/vzdelavacia-mobilita-v-spanielsku\/#article","isPartOf":{"@id":"https:\/\/archiv.siov.sk\/vzdelavacia-mobilita-v-spanielsku\/"},"author":{"name":"Katar\u00edna Kov\u00e1\u010dov\u00e1","@id":"https:\/\/archiv.siov.sk\/#\/schema\/person\/e42d633fbd958c6a726e8834d8965e6c"},"headline":"Vzdel\u00e1vacia mobilita v \u0160panielsku","datePublished":"2022-11-10T10:59:16+00:00","dateModified":"2025-07-03T12:20:14+00:00","mainEntityOfPage":{"@id":"https:\/\/archiv.siov.sk\/vzdelavacia-mobilita-v-spanielsku\/"},"wordCount":728,"publisher":{"@id":"https:\/\/archiv.siov.sk\/#organization"},"image":{"@id":"https:\/\/archiv.siov.sk\/vzdelavacia-mobilita-v-spanielsku\/#primaryimage"},"thumbnailUrl":"https:\/\/archiv.siov.sk\/wp-content\/uploads\/2019\/02\/top_eu.jpg","articleSection":["Aktuality","Erasmus+"],"inLanguage":"en-GB"},{"@type":"WebPage","@id":"https:\/\/archiv.siov.sk\/vzdelavacia-mobilita-v-spanielsku\/","url":"https:\/\/archiv.siov.sk\/vzdelavacia-mobilita-v-spanielsku\/","name":"Vzdel\u00e1vacia mobilita v \u0160panielsku - \u0160IOV - \u0161t\u00e1tny in\u0161tit\u00fat odborn\u00e9ho vzdel\u00e1vania","isPartOf":{"@id":"https:\/\/archiv.siov.sk\/#website"},"primaryImageOfPage":{"@id":"https:\/\/archiv.siov.sk\/vzdelavacia-mobilita-v-spanielsku\/#primaryimage"},"image":{"@id":"https:\/\/archiv.siov.sk\/vzdelavacia-mobilita-v-spanielsku\/#primaryimage"},"thumbnailUrl":"https:\/\/archiv.siov.sk\/wp-content\/uploads\/2019\/02\/top_eu.jpg","datePublished":"2022-11-10T10:59:16+00:00","dateModified":"2025-07-03T12:20:14+00:00","breadcrumb":{"@id":"https:\/\/archiv.siov.sk\/vzdelavacia-mobilita-v-spanielsku\/#breadcrumb"},"inLanguage":"en-GB","potentialAction":[{"@type":"ReadAction","target":["https:\/\/archiv.siov.sk\/vzdelavacia-mobilita-v-spanielsku\/"]}]},{"@type":"ImageObject","inLanguage":"en-GB","@id":"https:\/\/archiv.siov.sk\/vzdelavacia-mobilita-v-spanielsku\/#primaryimage","url":"https:\/\/archiv.siov.sk\/wp-content\/uploads\/2019\/02\/top_eu.jpg","contentUrl":"https:\/\/archiv.siov.sk\/wp-content\/uploads\/2019\/02\/top_eu.jpg","width":1100,"height":304},{"@type":"BreadcrumbList","@id":"https:\/\/archiv.siov.sk\/vzdelavacia-mobilita-v-spanielsku\/#breadcrumb","itemListElement":[{"@type":"ListItem","position":1,"name":"Home","item":"https:\/\/archiv.siov.sk\/"},{"@type":"ListItem","position":2,"name":"Vzdel\u00e1vacia mobilita v \u0160panielsku"}]},{"@type":"WebSite","@id":"https:\/\/archiv.siov.sk\/#website","url":"https:\/\/archiv.siov.sk\/","name":"\u0160IOV - \u0161t\u00e1tny in\u0161tit\u00fat odborn\u00e9ho vzdel\u00e1vania","description":"","publisher":{"@id":"https:\/\/archiv.siov.sk\/#organization"},"potentialAction":[{"@type":"SearchAction","target":{"@type":"EntryPoint","urlTemplate":"https:\/\/archiv.siov.sk\/?s={search_term_string}"},"query-input":{"@type":"PropertyValueSpecification","valueRequired":true,"valueName":"search_term_string"}}],"inLanguage":"en-GB"},{"@type":"Organization","@id":"https:\/\/archiv.siov.sk\/#organization","name":"\u0160IOV - \u0161t\u00e1tny in\u0161tit\u00fat odborn\u00e9ho vzdel\u00e1vania","url":"https:\/\/archiv.siov.sk\/","logo":{"@type":"ImageObject","inLanguage":"en-GB","@id":"https:\/\/archiv.siov.sk\/#\/schema\/logo\/image\/","url":"https:\/\/archiv.siov.sk\/wp-content\/uploads\/2024\/02\/logo-SIOV.png","contentUrl":"https:\/\/archiv.siov.sk\/wp-content\/uploads\/2024\/02\/logo-SIOV.png","width":431,"height":143,"caption":"\u0160IOV - \u0161t\u00e1tny in\u0161tit\u00fat odborn\u00e9ho vzdel\u00e1vania"},"image":{"@id":"https:\/\/archiv.siov.sk\/#\/schema\/logo\/image\/"},"sameAs":["https:\/\/www.facebook.com\/Statnyinstitutodbornehovzdelavania"]},{"@type":"Person","@id":"https:\/\/archiv.siov.sk\/#\/schema\/person\/e42d633fbd958c6a726e8834d8965e6c","name":"Katar\u00edna Kov\u00e1\u010dov\u00e1","url":"https:\/\/archiv.siov.sk\/en\/author\/katkakovacova\/"}]}},"_links":{"self":[{"href":"https:\/\/archiv.siov.sk\/en\/wp-json\/wp\/v2\/posts\/12913","targetHints":{"allow":["GET"]}}],"collection":[{"href":"https:\/\/archiv.siov.sk\/en\/wp-json\/wp\/v2\/posts"}],"about":[{"href":"https:\/\/archiv.siov.sk\/en\/wp-json\/wp\/v2\/types\/post"}],"author":[{"embeddable":true,"href":"https:\/\/archiv.siov.sk\/en\/wp-json\/wp\/v2\/users\/6"}],"replies":[{"embeddable":true,"href":"https:\/\/archiv.siov.sk\/en\/wp-json\/wp\/v2\/comments?post=12913"}],"version-history":[{"count":3,"href":"https:\/\/archiv.siov.sk\/en\/wp-json\/wp\/v2\/posts\/12913\/revisions"}],"predecessor-version":[{"id":19784,"href":"https:\/\/archiv.siov.sk\/en\/wp-json\/wp\/v2\/posts\/12913\/revisions\/19784"}],"wp:featuredmedia":[{"embeddable":true,"href":"https:\/\/archiv.siov.sk\/en\/wp-json\/wp\/v2\/media\/2291"}],"wp:attachment":[{"href":"https:\/\/archiv.siov.sk\/en\/wp-json\/wp\/v2\/media?parent=12913"}],"wp:term":[{"taxonomy":"category","embeddable":true,"href":"https:\/\/archiv.siov.sk\/en\/wp-json\/wp\/v2\/categories?post=12913"},{"taxonomy":"post_tag","embeddable":true,"href":"https:\/\/archiv.siov.sk\/en\/wp-json\/wp\/v2\/tags?post=12913"}],"curies":[{"name":"wp","href":"https:\/\/api.w.org\/{rel}","templated":true}]}}