{"id":12902,"date":"2022-11-10T10:57:36","date_gmt":"2022-11-10T09:57:36","guid":{"rendered":"https:\/\/archiv.siov.sk\/?p=12902"},"modified":"2022-11-10T10:57:36","modified_gmt":"2022-11-10T09:57:36","slug":"na-veltrhu-cvicnych-firiem-v-ceskych-budejoviciach-bodovali-firmy-z-bratislavy","status":"publish","type":"post","link":"https:\/\/archiv.siov.sk\/en\/na-veltrhu-cvicnych-firiem-v-ceskych-budejoviciach-bodovali-firmy-z-bratislavy\/","title":{"rendered":"Na Ve\u013etrhu cvi\u010dn\u00fdch firiem v \u010cesk\u00fdch Bud\u011bjoviciach bodovali firmy z Bratislavy"},"content":{"rendered":"<p style=\"text-align: justify;\">Pod z\u00e1\u0161titou Juho\u010desk\u00e9ho kraja a \u0161tatut\u00e1rneho mesta \u010cesk\u00e9 Bud\u011bjovice sa v r\u00e1mci celo\u0161t\u00e1tnej v\u00fdstavy \u201eVzdelanie a&nbsp;remeslo\u201c uskuto\u010dnil 3. a&nbsp;4. novembra u\u017e \u00f4smy ro\u010dn\u00edk \u201eVe\u013etrhu fiktivn\u00edch firem\u201c. Jeho organiz\u00e1cie sa ako&nbsp; v\u017edy ujala Stredn\u00e1 \u0161kola obchodn\u00e1, \u010cesk\u00e9 Bud\u011bjovice, Husova 9, ktor\u00e1 m\u00e1 s v\u00fdukou tohoto predmetu a \u00fa\u010dast\u00ed na in\u00fdch ve\u013etrhoch bohat\u00e9 sk\u00fasenosti.<\/p>\n<p style=\"text-align: justify;\">Ve\u013etrh, na ktorom sa z\u00fa\u010dastnilo 25 cvi\u010dn\u00fdch firiem, bol rekordn\u00fd \u010do sa po\u010dtu t\u00fdka a&nbsp;z\u00e1rove\u0148 bol aj medzin\u00e1rodn\u00fd, ke\u010f\u017ee sa na \u0148om z\u00fa\u010dastnili aj firmy zo Slovenska.<\/p>\n<p style=\"text-align: justify;\">Svoju firmu na ve\u013etrhu prezentovala aj Ekonomick\u00e1 fakulta Juho\u010deskej univerzity v&nbsp;\u010cesk\u00fdch Bud\u011bjoviciach. Stredn\u00e1 \u0161kola je Fakultnou \u0161kolou Ekonomickej fakulty \u0160tudenti vysokej \u0161koly predstavovali svoje produkty, ktor\u00e9 vo svojich re\u00e1lnych \u0161kolsk\u00fdch firm\u00e1ch pon\u00fakali z\u00e1kazn\u00edkom. Stredo\u0161kol\u00e1kov tie\u017e zozn\u00e1mili s&nbsp;priebehom \u0161t\u00fadia na vysokej \u0161kole.<\/p>\n<p style=\"text-align: justify;\">\u0160tvrt\u00fd rok sa na Ve\u013etrhu z\u00fa\u010dastnila Metropolitn\u00ed univerzitn\u00ed banka, ktor\u00e1 sa postarala nielen o vedenie \u00fa\u010dtu \u00fa\u010dastn\u00edkom Ve\u013etrhu, &nbsp;ale poskytla aj svoju fikt\u00edvnu menu k&nbsp;obchodovaniu. \u0160tudenti z&nbsp;Metropolitnej univerzity Praha z\u00e1rove\u0148 sledovali cel\u00fd priebeh obchodovania a vyhl\u00e1sili najlep\u0161ieho obchodn\u00edka Ve\u013etrhu.<\/p>\n<p>\u017diaci v r\u00e1mci Ve\u013etrhu s\u00fa\u0165a\u017eili o hodnotn\u00e9 ceny v \u0161tyroch hlavn\u00fdch kateg\u00f3ri\u00e1ch.<\/p>\n<p style=\"text-align: justify;\">V kateg\u00f3rii \u201eS\u00fa\u0165a\u017e o najlep\u0161\u00ed st\u00e1nok\u201c nez\u00e1visl\u00e1 odborn\u00e1 porota hodnotila \u00farove\u0148 st\u00e1nku firmy, vystupovanie pri obchodovan\u00ed, znalos\u0165 pred\u00e1van\u00e9ho sortimentu, schopnosti pri vypl\u0148ovan\u00ed dokladov at\u010f. Z celkov\u00e9ho po\u010dtu 25 cvi\u010dn\u00fdch firiem porotu najviac zaujal st\u00e1nok firmy Mysticoffee zo SO\u0160 obchodu a&nbsp;slu\u017eieb S. Jurkovi\u010da z&nbsp;Bratislavy, ktor\u00e1 svoje produkty cielila na milovn\u00edkov k\u00e1vy.<\/p>\n<p><img fetchpriority=\"high\" decoding=\"async\" class=\"size-medium wp-image-12905 aligncenter\" src=\"https:\/\/archiv.siov.sk\/wp-content\/uploads\/2022\/11\/Mysticoffee-IMG_20221104_111115-300x225.jpg\" alt=\"\" width=\"300\" height=\"225\" srcset=\"https:\/\/archiv.siov.sk\/wp-content\/uploads\/2022\/11\/Mysticoffee-IMG_20221104_111115-300x225.jpg 300w, https:\/\/archiv.siov.sk\/wp-content\/uploads\/2022\/11\/Mysticoffee-IMG_20221104_111115-768x576.jpg 768w, https:\/\/archiv.siov.sk\/wp-content\/uploads\/2022\/11\/Mysticoffee-IMG_20221104_111115-16x12.jpg 16w, https:\/\/archiv.siov.sk\/wp-content\/uploads\/2022\/11\/Mysticoffee-IMG_20221104_111115.jpg 1000w\" sizes=\"(max-width: 300px) 100vw, 300px\" \/><\/p>\n<p style=\"text-align: justify;\">&nbsp;V kateg\u00f3rii \u201eS\u00fa\u0165a\u017e o najlep\u0161iu prezent\u00e1ciu\u201c \u017eiaci za desa\u0165 min\u00fat predstavili verejnosti a&nbsp;samozrejme odbornej porote svoju cvi\u010dn\u00fa firmu, jej \u00faspechy a podnikate\u013esk\u00fd z\u00e1mer. Porota hodnotila odborn\u00e9 znalosti,&nbsp; profesionalitu vystupovania, originalitu a technick\u00e9 spracovanie prezent\u00e1cie. Najlep\u0161ie svoju firmu predstavili \u017eiaci cvi\u010dnej firmy D\u00f4chodcovia na tripe zo SO\u0160 a&nbsp;SOU P\u00edsek.<\/p>\n<p>V kateg\u00f3rii \u201eS\u00fa\u0165a\u017e o najlep\u0161\u00ed katal\u00f3g firmy\u201c porotu zaujal najviac origin\u00e1lne spracovan\u00fd katal\u00f3g firmy Ba\u010dovo zo SO\u0160 obchodu a slu\u017eieb S. Jurkovi\u010da z Bratislavy.<\/p>\n<p style=\"text-align: justify;\">Absol\u00fatnym v\u00ed\u0165azom Ve\u013etrhu a&nbsp;z\u00e1rove\u0148 \u201eNajlep\u0161ou firmou ve\u013etrhu\u201c sa stala firma D\u00f4chodcovia na tripe zo Strednej odbornej \u0161koly a Stredn\u00e9ho odborn\u00e9ho u\u010dili\u0161\u0165a P\u00edsek. Firmy zo Strednej odbornej \u0161koly obchodu a slu\u017eieb z Bratislavy obsadili v&nbsp;tejto kateg\u00f3rii 2. a 3. miesto. Srde\u010dne gratulujeme!<\/p>\n<p>&nbsp;<\/p>","protected":false},"excerpt":{"rendered":"<p>Pod z\u00e1\u0161titou Juho\u010desk\u00e9ho kraja a \u0161tatut\u00e1rneho mesta \u010cesk\u00e9 Bud\u011bjovice sa v r\u00e1mci celo\u0161t\u00e1tnej v\u00fdstavy \u201eVzdelanie a&nbsp;remeslo\u201c uskuto\u010dnil 3. a&nbsp;4. novembra u\u017e \u00f4smy ro\u010dn\u00edk \u201eVe\u013etrhu fiktivn\u00edch firem\u201c. Jeho organiz\u00e1cie sa ako&nbsp; v\u017edy ujala Stredn\u00e1 \u0161kola obchodn\u00e1, \u010cesk\u00e9 Bud\u011bjovice, Husova 9, ktor\u00e1 m\u00e1 s v\u00fdukou tohoto predmetu a \u00fa\u010dast\u00ed na in\u00fdch ve\u013etrhoch bohat\u00e9 sk\u00fasenosti. Ve\u013etrh, na ktorom [&hellip;]<\/p>\n","protected":false},"author":6,"featured_media":12904,"comment_status":"closed","ping_status":"closed","sticky":false,"template":"","format":"standard","meta":{"site-sidebar-layout":"default","site-content-layout":"default","ast-site-content-layout":"default","site-content-style":"default","site-sidebar-style":"default","ast-global-header-display":"","ast-banner-title-visibility":"","ast-main-header-display":"","ast-hfb-above-header-display":"","ast-hfb-below-header-display":"","ast-hfb-mobile-header-display":"","site-post-title":"","ast-breadcrumbs-content":"","ast-featured-img":"","footer-sml-layout":"","ast-disable-related-posts":"","theme-transparent-header-meta":"default","adv-header-id-meta":"","stick-header-meta":"","header-above-stick-meta":"","header-main-stick-meta":"","header-below-stick-meta":"","astra-migrate-meta-layouts":"default","ast-page-background-enabled":"default","ast-page-background-meta":{"desktop":{"background-color":"var(--ast-global-color-4)","background-image":"","background-repeat":"repeat","background-position":"center center","background-size":"auto","background-attachment":"scroll","background-type":"","background-media":"","overlay-type":"","overlay-color":"","overlay-opacity":"","overlay-gradient":""},"tablet":{"background-color":"","background-image":"","background-repeat":"repeat","background-position":"center center","background-size":"auto","background-attachment":"scroll","background-type":"","background-media":"","overlay-type":"","overlay-color":"","overlay-opacity":"","overlay-gradient":""},"mobile":{"background-color":"","background-image":"","background-repeat":"repeat","background-position":"center center","background-size":"auto","background-attachment":"scroll","background-type":"","background-media":"","overlay-type":"","overlay-color":"","overlay-opacity":"","overlay-gradient":""}},"ast-content-background-meta":{"desktop":{"background-color":"var(--ast-global-color-5)","background-image":"","background-repeat":"repeat","background-position":"center center","background-size":"auto","background-attachment":"scroll","background-type":"","background-media":"","overlay-type":"","overlay-color":"","overlay-opacity":"","overlay-gradient":""},"tablet":{"background-color":"var(--ast-global-color-5)","background-image":"","background-repeat":"repeat","background-position":"center center","background-size":"auto","background-attachment":"scroll","background-type":"","background-media":"","overlay-type":"","overlay-color":"","overlay-opacity":"","overlay-gradient":""},"mobile":{"background-color":"var(--ast-global-color-5)","background-image":"","background-repeat":"repeat","background-position":"center center","background-size":"auto","background-attachment":"scroll","background-type":"","background-media":"","overlay-type":"","overlay-color":"","overlay-opacity":"","overlay-gradient":""}},"footnotes":""},"categories":[1],"tags":[],"class_list":["post-12902","post","type-post","status-publish","format-standard","has-post-thumbnail","hentry","category-aktuality"],"yoast_head":"<!-- This site is optimized with the Yoast SEO plugin v27.5 - https:\/\/yoast.com\/product\/yoast-seo-wordpress\/ -->\n<title>Na Ve\u013etrhu cvi\u010dn\u00fdch firiem v \u010cesk\u00fdch Bud\u011bjoviciach bodovali firmy z Bratislavy - \u0160IOV - \u0161t\u00e1tny in\u0161tit\u00fat odborn\u00e9ho vzdel\u00e1vania<\/title>\n<meta name=\"robots\" content=\"index, follow, max-snippet:-1, max-image-preview:large, max-video-preview:-1\" \/>\n<link rel=\"canonical\" href=\"https:\/\/archiv.siov.sk\/en\/na-veltrhu-cvicnych-firiem-v-ceskych-budejoviciach-bodovali-firmy-z-bratislavy\/\" \/>\n<meta property=\"og:locale\" content=\"en_GB\" \/>\n<meta property=\"og:type\" content=\"article\" \/>\n<meta property=\"og:title\" content=\"Na Ve\u013etrhu cvi\u010dn\u00fdch firiem v \u010cesk\u00fdch Bud\u011bjoviciach bodovali firmy z Bratislavy - \u0160IOV - \u0161t\u00e1tny in\u0161tit\u00fat odborn\u00e9ho vzdel\u00e1vania\" \/>\n<meta property=\"og:description\" content=\"Pod z\u00e1\u0161titou Juho\u010desk\u00e9ho kraja a \u0161tatut\u00e1rneho mesta \u010cesk\u00e9 Bud\u011bjovice sa v r\u00e1mci celo\u0161t\u00e1tnej v\u00fdstavy \u201eVzdelanie a&nbsp;remeslo\u201c uskuto\u010dnil 3. a&nbsp;4. novembra u\u017e \u00f4smy ro\u010dn\u00edk \u201eVe\u013etrhu fiktivn\u00edch firem\u201c. Jeho organiz\u00e1cie sa ako&nbsp; v\u017edy ujala Stredn\u00e1 \u0161kola obchodn\u00e1, \u010cesk\u00e9 Bud\u011bjovice, Husova 9, ktor\u00e1 m\u00e1 s v\u00fdukou tohoto predmetu a \u00fa\u010dast\u00ed na in\u00fdch ve\u013etrhoch bohat\u00e9 sk\u00fasenosti. Ve\u013etrh, na ktorom [&hellip;]\" \/>\n<meta property=\"og:url\" content=\"https:\/\/archiv.siov.sk\/en\/na-veltrhu-cvicnych-firiem-v-ceskych-budejoviciach-bodovali-firmy-z-bratislavy\/\" \/>\n<meta property=\"og:site_name\" content=\"\u0160IOV - \u0161t\u00e1tny in\u0161tit\u00fat odborn\u00e9ho vzdel\u00e1vania\" \/>\n<meta property=\"article:publisher\" content=\"https:\/\/www.facebook.com\/Statnyinstitutodbornehovzdelavania\" \/>\n<meta property=\"article:published_time\" content=\"2022-11-10T09:57:36+00:00\" \/>\n<meta property=\"og:image\" content=\"https:\/\/archiv.siov.sk\/wp-content\/uploads\/2022\/11\/Bacovo-IMG-20221105-WA0003.jpg\" \/>\n\t<meta property=\"og:image:width\" content=\"1600\" \/>\n\t<meta property=\"og:image:height\" content=\"1200\" \/>\n\t<meta property=\"og:image:type\" content=\"image\/jpeg\" \/>\n<meta name=\"author\" content=\"Katar\u00edna Kov\u00e1\u010dov\u00e1\" \/>\n<meta name=\"twitter:card\" content=\"summary_large_image\" \/>\n<meta name=\"twitter:label1\" content=\"Written by\" \/>\n\t<meta name=\"twitter:data1\" content=\"Katar\u00edna Kov\u00e1\u010dov\u00e1\" \/>\n\t<meta name=\"twitter:label2\" content=\"Estimated reading time\" \/>\n\t<meta name=\"twitter:data2\" content=\"3 minutes\" \/>\n<script type=\"application\/ld+json\" class=\"yoast-schema-graph\">{\"@context\":\"https:\\\/\\\/schema.org\",\"@graph\":[{\"@type\":\"Article\",\"@id\":\"https:\\\/\\\/archiv.siov.sk\\\/na-veltrhu-cvicnych-firiem-v-ceskych-budejoviciach-bodovali-firmy-z-bratislavy\\\/#article\",\"isPartOf\":{\"@id\":\"https:\\\/\\\/archiv.siov.sk\\\/na-veltrhu-cvicnych-firiem-v-ceskych-budejoviciach-bodovali-firmy-z-bratislavy\\\/\"},\"author\":{\"name\":\"Katar\u00edna Kov\u00e1\u010dov\u00e1\",\"@id\":\"https:\\\/\\\/archiv.siov.sk\\\/#\\\/schema\\\/person\\\/e42d633fbd958c6a726e8834d8965e6c\"},\"headline\":\"Na Ve\u013etrhu cvi\u010dn\u00fdch firiem v \u010cesk\u00fdch Bud\u011bjoviciach bodovali firmy z Bratislavy\",\"datePublished\":\"2022-11-10T09:57:36+00:00\",\"mainEntityOfPage\":{\"@id\":\"https:\\\/\\\/archiv.siov.sk\\\/na-veltrhu-cvicnych-firiem-v-ceskych-budejoviciach-bodovali-firmy-z-bratislavy\\\/\"},\"wordCount\":489,\"publisher\":{\"@id\":\"https:\\\/\\\/archiv.siov.sk\\\/#organization\"},\"image\":{\"@id\":\"https:\\\/\\\/archiv.siov.sk\\\/na-veltrhu-cvicnych-firiem-v-ceskych-budejoviciach-bodovali-firmy-z-bratislavy\\\/#primaryimage\"},\"thumbnailUrl\":\"https:\\\/\\\/archiv.siov.sk\\\/wp-content\\\/uploads\\\/2022\\\/11\\\/Bacovo-IMG-20221105-WA0003.jpg\",\"articleSection\":[\"Aktuality\"],\"inLanguage\":\"en-GB\"},{\"@type\":\"WebPage\",\"@id\":\"https:\\\/\\\/archiv.siov.sk\\\/na-veltrhu-cvicnych-firiem-v-ceskych-budejoviciach-bodovali-firmy-z-bratislavy\\\/\",\"url\":\"https:\\\/\\\/archiv.siov.sk\\\/na-veltrhu-cvicnych-firiem-v-ceskych-budejoviciach-bodovali-firmy-z-bratislavy\\\/\",\"name\":\"Na Ve\u013etrhu cvi\u010dn\u00fdch firiem v \u010cesk\u00fdch Bud\u011bjoviciach bodovali firmy z Bratislavy - \u0160IOV - \u0161t\u00e1tny in\u0161tit\u00fat odborn\u00e9ho vzdel\u00e1vania\",\"isPartOf\":{\"@id\":\"https:\\\/\\\/archiv.siov.sk\\\/#website\"},\"primaryImageOfPage\":{\"@id\":\"https:\\\/\\\/archiv.siov.sk\\\/na-veltrhu-cvicnych-firiem-v-ceskych-budejoviciach-bodovali-firmy-z-bratislavy\\\/#primaryimage\"},\"image\":{\"@id\":\"https:\\\/\\\/archiv.siov.sk\\\/na-veltrhu-cvicnych-firiem-v-ceskych-budejoviciach-bodovali-firmy-z-bratislavy\\\/#primaryimage\"},\"thumbnailUrl\":\"https:\\\/\\\/archiv.siov.sk\\\/wp-content\\\/uploads\\\/2022\\\/11\\\/Bacovo-IMG-20221105-WA0003.jpg\",\"datePublished\":\"2022-11-10T09:57:36+00:00\",\"breadcrumb\":{\"@id\":\"https:\\\/\\\/archiv.siov.sk\\\/na-veltrhu-cvicnych-firiem-v-ceskych-budejoviciach-bodovali-firmy-z-bratislavy\\\/#breadcrumb\"},\"inLanguage\":\"en-GB\",\"potentialAction\":[{\"@type\":\"ReadAction\",\"target\":[\"https:\\\/\\\/archiv.siov.sk\\\/na-veltrhu-cvicnych-firiem-v-ceskych-budejoviciach-bodovali-firmy-z-bratislavy\\\/\"]}]},{\"@type\":\"ImageObject\",\"inLanguage\":\"en-GB\",\"@id\":\"https:\\\/\\\/archiv.siov.sk\\\/na-veltrhu-cvicnych-firiem-v-ceskych-budejoviciach-bodovali-firmy-z-bratislavy\\\/#primaryimage\",\"url\":\"https:\\\/\\\/archiv.siov.sk\\\/wp-content\\\/uploads\\\/2022\\\/11\\\/Bacovo-IMG-20221105-WA0003.jpg\",\"contentUrl\":\"https:\\\/\\\/archiv.siov.sk\\\/wp-content\\\/uploads\\\/2022\\\/11\\\/Bacovo-IMG-20221105-WA0003.jpg\",\"width\":1600,\"height\":1200},{\"@type\":\"BreadcrumbList\",\"@id\":\"https:\\\/\\\/archiv.siov.sk\\\/na-veltrhu-cvicnych-firiem-v-ceskych-budejoviciach-bodovali-firmy-z-bratislavy\\\/#breadcrumb\",\"itemListElement\":[{\"@type\":\"ListItem\",\"position\":1,\"name\":\"Home\",\"item\":\"https:\\\/\\\/archiv.siov.sk\\\/\"},{\"@type\":\"ListItem\",\"position\":2,\"name\":\"Na Ve\u013etrhu cvi\u010dn\u00fdch firiem v \u010cesk\u00fdch Bud\u011bjoviciach bodovali firmy z Bratislavy\"}]},{\"@type\":\"WebSite\",\"@id\":\"https:\\\/\\\/archiv.siov.sk\\\/#website\",\"url\":\"https:\\\/\\\/archiv.siov.sk\\\/\",\"name\":\"\u0160IOV - \u0161t\u00e1tny in\u0161tit\u00fat odborn\u00e9ho vzdel\u00e1vania\",\"description\":\"\",\"publisher\":{\"@id\":\"https:\\\/\\\/archiv.siov.sk\\\/#organization\"},\"potentialAction\":[{\"@type\":\"SearchAction\",\"target\":{\"@type\":\"EntryPoint\",\"urlTemplate\":\"https:\\\/\\\/archiv.siov.sk\\\/?s={search_term_string}\"},\"query-input\":{\"@type\":\"PropertyValueSpecification\",\"valueRequired\":true,\"valueName\":\"search_term_string\"}}],\"inLanguage\":\"en-GB\"},{\"@type\":\"Organization\",\"@id\":\"https:\\\/\\\/archiv.siov.sk\\\/#organization\",\"name\":\"\u0160IOV - \u0161t\u00e1tny in\u0161tit\u00fat odborn\u00e9ho vzdel\u00e1vania\",\"url\":\"https:\\\/\\\/archiv.siov.sk\\\/\",\"logo\":{\"@type\":\"ImageObject\",\"inLanguage\":\"en-GB\",\"@id\":\"https:\\\/\\\/archiv.siov.sk\\\/#\\\/schema\\\/logo\\\/image\\\/\",\"url\":\"https:\\\/\\\/archiv.siov.sk\\\/wp-content\\\/uploads\\\/2024\\\/02\\\/logo-SIOV.png\",\"contentUrl\":\"https:\\\/\\\/archiv.siov.sk\\\/wp-content\\\/uploads\\\/2024\\\/02\\\/logo-SIOV.png\",\"width\":431,\"height\":143,\"caption\":\"\u0160IOV - \u0161t\u00e1tny in\u0161tit\u00fat odborn\u00e9ho vzdel\u00e1vania\"},\"image\":{\"@id\":\"https:\\\/\\\/archiv.siov.sk\\\/#\\\/schema\\\/logo\\\/image\\\/\"},\"sameAs\":[\"https:\\\/\\\/www.facebook.com\\\/Statnyinstitutodbornehovzdelavania\"]},{\"@type\":\"Person\",\"@id\":\"https:\\\/\\\/archiv.siov.sk\\\/#\\\/schema\\\/person\\\/e42d633fbd958c6a726e8834d8965e6c\",\"name\":\"Katar\u00edna Kov\u00e1\u010dov\u00e1\",\"url\":\"https:\\\/\\\/archiv.siov.sk\\\/en\\\/author\\\/katkakovacova\\\/\"}]}<\/script>\n<!-- \/ Yoast SEO plugin. -->","yoast_head_json":{"title":"Na Ve\u013etrhu cvi\u010dn\u00fdch firiem v \u010cesk\u00fdch Bud\u011bjoviciach bodovali firmy z Bratislavy - \u0160IOV - \u0161t\u00e1tny in\u0161tit\u00fat odborn\u00e9ho vzdel\u00e1vania","robots":{"index":"index","follow":"follow","max-snippet":"max-snippet:-1","max-image-preview":"max-image-preview:large","max-video-preview":"max-video-preview:-1"},"canonical":"https:\/\/archiv.siov.sk\/en\/na-veltrhu-cvicnych-firiem-v-ceskych-budejoviciach-bodovali-firmy-z-bratislavy\/","og_locale":"en_GB","og_type":"article","og_title":"Na Ve\u013etrhu cvi\u010dn\u00fdch firiem v \u010cesk\u00fdch Bud\u011bjoviciach bodovali firmy z Bratislavy - \u0160IOV - \u0161t\u00e1tny in\u0161tit\u00fat odborn\u00e9ho vzdel\u00e1vania","og_description":"Pod z\u00e1\u0161titou Juho\u010desk\u00e9ho kraja a \u0161tatut\u00e1rneho mesta \u010cesk\u00e9 Bud\u011bjovice sa v r\u00e1mci celo\u0161t\u00e1tnej v\u00fdstavy \u201eVzdelanie a&nbsp;remeslo\u201c uskuto\u010dnil 3. a&nbsp;4. novembra u\u017e \u00f4smy ro\u010dn\u00edk \u201eVe\u013etrhu fiktivn\u00edch firem\u201c. Jeho organiz\u00e1cie sa ako&nbsp; v\u017edy ujala Stredn\u00e1 \u0161kola obchodn\u00e1, \u010cesk\u00e9 Bud\u011bjovice, Husova 9, ktor\u00e1 m\u00e1 s v\u00fdukou tohoto predmetu a \u00fa\u010dast\u00ed na in\u00fdch ve\u013etrhoch bohat\u00e9 sk\u00fasenosti. Ve\u013etrh, na ktorom [&hellip;]","og_url":"https:\/\/archiv.siov.sk\/en\/na-veltrhu-cvicnych-firiem-v-ceskych-budejoviciach-bodovali-firmy-z-bratislavy\/","og_site_name":"\u0160IOV - \u0161t\u00e1tny in\u0161tit\u00fat odborn\u00e9ho vzdel\u00e1vania","article_publisher":"https:\/\/www.facebook.com\/Statnyinstitutodbornehovzdelavania","article_published_time":"2022-11-10T09:57:36+00:00","og_image":[{"width":1600,"height":1200,"url":"https:\/\/archiv.siov.sk\/wp-content\/uploads\/2022\/11\/Bacovo-IMG-20221105-WA0003.jpg","type":"image\/jpeg"}],"author":"Katar\u00edna Kov\u00e1\u010dov\u00e1","twitter_card":"summary_large_image","twitter_misc":{"Written by":"Katar\u00edna Kov\u00e1\u010dov\u00e1","Estimated reading time":"3 minutes"},"schema":{"@context":"https:\/\/schema.org","@graph":[{"@type":"Article","@id":"https:\/\/archiv.siov.sk\/na-veltrhu-cvicnych-firiem-v-ceskych-budejoviciach-bodovali-firmy-z-bratislavy\/#article","isPartOf":{"@id":"https:\/\/archiv.siov.sk\/na-veltrhu-cvicnych-firiem-v-ceskych-budejoviciach-bodovali-firmy-z-bratislavy\/"},"author":{"name":"Katar\u00edna Kov\u00e1\u010dov\u00e1","@id":"https:\/\/archiv.siov.sk\/#\/schema\/person\/e42d633fbd958c6a726e8834d8965e6c"},"headline":"Na Ve\u013etrhu cvi\u010dn\u00fdch firiem v \u010cesk\u00fdch Bud\u011bjoviciach bodovali firmy z Bratislavy","datePublished":"2022-11-10T09:57:36+00:00","mainEntityOfPage":{"@id":"https:\/\/archiv.siov.sk\/na-veltrhu-cvicnych-firiem-v-ceskych-budejoviciach-bodovali-firmy-z-bratislavy\/"},"wordCount":489,"publisher":{"@id":"https:\/\/archiv.siov.sk\/#organization"},"image":{"@id":"https:\/\/archiv.siov.sk\/na-veltrhu-cvicnych-firiem-v-ceskych-budejoviciach-bodovali-firmy-z-bratislavy\/#primaryimage"},"thumbnailUrl":"https:\/\/archiv.siov.sk\/wp-content\/uploads\/2022\/11\/Bacovo-IMG-20221105-WA0003.jpg","articleSection":["Aktuality"],"inLanguage":"en-GB"},{"@type":"WebPage","@id":"https:\/\/archiv.siov.sk\/na-veltrhu-cvicnych-firiem-v-ceskych-budejoviciach-bodovali-firmy-z-bratislavy\/","url":"https:\/\/archiv.siov.sk\/na-veltrhu-cvicnych-firiem-v-ceskych-budejoviciach-bodovali-firmy-z-bratislavy\/","name":"Na Ve\u013etrhu cvi\u010dn\u00fdch firiem v \u010cesk\u00fdch Bud\u011bjoviciach bodovali firmy z Bratislavy - \u0160IOV - \u0161t\u00e1tny in\u0161tit\u00fat odborn\u00e9ho vzdel\u00e1vania","isPartOf":{"@id":"https:\/\/archiv.siov.sk\/#website"},"primaryImageOfPage":{"@id":"https:\/\/archiv.siov.sk\/na-veltrhu-cvicnych-firiem-v-ceskych-budejoviciach-bodovali-firmy-z-bratislavy\/#primaryimage"},"image":{"@id":"https:\/\/archiv.siov.sk\/na-veltrhu-cvicnych-firiem-v-ceskych-budejoviciach-bodovali-firmy-z-bratislavy\/#primaryimage"},"thumbnailUrl":"https:\/\/archiv.siov.sk\/wp-content\/uploads\/2022\/11\/Bacovo-IMG-20221105-WA0003.jpg","datePublished":"2022-11-10T09:57:36+00:00","breadcrumb":{"@id":"https:\/\/archiv.siov.sk\/na-veltrhu-cvicnych-firiem-v-ceskych-budejoviciach-bodovali-firmy-z-bratislavy\/#breadcrumb"},"inLanguage":"en-GB","potentialAction":[{"@type":"ReadAction","target":["https:\/\/archiv.siov.sk\/na-veltrhu-cvicnych-firiem-v-ceskych-budejoviciach-bodovali-firmy-z-bratislavy\/"]}]},{"@type":"ImageObject","inLanguage":"en-GB","@id":"https:\/\/archiv.siov.sk\/na-veltrhu-cvicnych-firiem-v-ceskych-budejoviciach-bodovali-firmy-z-bratislavy\/#primaryimage","url":"https:\/\/archiv.siov.sk\/wp-content\/uploads\/2022\/11\/Bacovo-IMG-20221105-WA0003.jpg","contentUrl":"https:\/\/archiv.siov.sk\/wp-content\/uploads\/2022\/11\/Bacovo-IMG-20221105-WA0003.jpg","width":1600,"height":1200},{"@type":"BreadcrumbList","@id":"https:\/\/archiv.siov.sk\/na-veltrhu-cvicnych-firiem-v-ceskych-budejoviciach-bodovali-firmy-z-bratislavy\/#breadcrumb","itemListElement":[{"@type":"ListItem","position":1,"name":"Home","item":"https:\/\/archiv.siov.sk\/"},{"@type":"ListItem","position":2,"name":"Na Ve\u013etrhu cvi\u010dn\u00fdch firiem v \u010cesk\u00fdch Bud\u011bjoviciach bodovali firmy z Bratislavy"}]},{"@type":"WebSite","@id":"https:\/\/archiv.siov.sk\/#website","url":"https:\/\/archiv.siov.sk\/","name":"\u0160IOV - \u0161t\u00e1tny in\u0161tit\u00fat odborn\u00e9ho vzdel\u00e1vania","description":"","publisher":{"@id":"https:\/\/archiv.siov.sk\/#organization"},"potentialAction":[{"@type":"SearchAction","target":{"@type":"EntryPoint","urlTemplate":"https:\/\/archiv.siov.sk\/?s={search_term_string}"},"query-input":{"@type":"PropertyValueSpecification","valueRequired":true,"valueName":"search_term_string"}}],"inLanguage":"en-GB"},{"@type":"Organization","@id":"https:\/\/archiv.siov.sk\/#organization","name":"\u0160IOV - \u0161t\u00e1tny in\u0161tit\u00fat odborn\u00e9ho vzdel\u00e1vania","url":"https:\/\/archiv.siov.sk\/","logo":{"@type":"ImageObject","inLanguage":"en-GB","@id":"https:\/\/archiv.siov.sk\/#\/schema\/logo\/image\/","url":"https:\/\/archiv.siov.sk\/wp-content\/uploads\/2024\/02\/logo-SIOV.png","contentUrl":"https:\/\/archiv.siov.sk\/wp-content\/uploads\/2024\/02\/logo-SIOV.png","width":431,"height":143,"caption":"\u0160IOV - \u0161t\u00e1tny in\u0161tit\u00fat odborn\u00e9ho vzdel\u00e1vania"},"image":{"@id":"https:\/\/archiv.siov.sk\/#\/schema\/logo\/image\/"},"sameAs":["https:\/\/www.facebook.com\/Statnyinstitutodbornehovzdelavania"]},{"@type":"Person","@id":"https:\/\/archiv.siov.sk\/#\/schema\/person\/e42d633fbd958c6a726e8834d8965e6c","name":"Katar\u00edna Kov\u00e1\u010dov\u00e1","url":"https:\/\/archiv.siov.sk\/en\/author\/katkakovacova\/"}]}},"_links":{"self":[{"href":"https:\/\/archiv.siov.sk\/en\/wp-json\/wp\/v2\/posts\/12902","targetHints":{"allow":["GET"]}}],"collection":[{"href":"https:\/\/archiv.siov.sk\/en\/wp-json\/wp\/v2\/posts"}],"about":[{"href":"https:\/\/archiv.siov.sk\/en\/wp-json\/wp\/v2\/types\/post"}],"author":[{"embeddable":true,"href":"https:\/\/archiv.siov.sk\/en\/wp-json\/wp\/v2\/users\/6"}],"replies":[{"embeddable":true,"href":"https:\/\/archiv.siov.sk\/en\/wp-json\/wp\/v2\/comments?post=12902"}],"version-history":[{"count":2,"href":"https:\/\/archiv.siov.sk\/en\/wp-json\/wp\/v2\/posts\/12902\/revisions"}],"predecessor-version":[{"id":12906,"href":"https:\/\/archiv.siov.sk\/en\/wp-json\/wp\/v2\/posts\/12902\/revisions\/12906"}],"wp:featuredmedia":[{"embeddable":true,"href":"https:\/\/archiv.siov.sk\/en\/wp-json\/wp\/v2\/media\/12904"}],"wp:attachment":[{"href":"https:\/\/archiv.siov.sk\/en\/wp-json\/wp\/v2\/media?parent=12902"}],"wp:term":[{"taxonomy":"category","embeddable":true,"href":"https:\/\/archiv.siov.sk\/en\/wp-json\/wp\/v2\/categories?post=12902"},{"taxonomy":"post_tag","embeddable":true,"href":"https:\/\/archiv.siov.sk\/en\/wp-json\/wp\/v2\/tags?post=12902"}],"curies":[{"name":"wp","href":"https:\/\/api.w.org\/{rel}","templated":true}]}}