{"id":12876,"date":"2022-11-07T17:22:10","date_gmt":"2022-11-07T16:22:10","guid":{"rendered":"https:\/\/archiv.siov.sk\/?p=12876"},"modified":"2022-11-07T17:34:40","modified_gmt":"2022-11-07T16:34:40","slug":"narodny-koordinator-europskeho-programu-vzdelavania-dospelych-naplno-rozbehol-svoje-aktivity","status":"publish","type":"post","link":"https:\/\/archiv.siov.sk\/en\/narodny-koordinator-europskeho-programu-vzdelavania-dospelych-naplno-rozbehol-svoje-aktivity\/","title":{"rendered":"N\u00e1rodn\u00fd koordin\u00e1tor Eur\u00f3pskeho programu vzdel\u00e1vania dospel\u00fdch naplno rozbehol svoje aktivity"},"content":{"rendered":"<p style=\"text-align: justify;\">Eur\u00f3pska komisia iniciovala vznik n\u00e1rodn\u00fdch koordin\u00e1torov Eur\u00f3pskeho programu vzdel\u00e1vania dospel\u00fdch s cie\u013eom zaisti\u0165 a posilni\u0165 efekt\u00edvnu kooper\u00e1ciu v\u0161etk\u00fdch relevantn\u00fdch partnerov z oblasti vzdel\u00e1vania dospel\u00fdch a celo\u017eivotn\u00e9ho poradenstva, ako aj nastavi\u0165 koherentn\u00e9 politiky na zn\u00ed\u017eenie po\u010dtu n\u00edzko kvalifikovan\u00fdch os\u00f4b a podpori\u0165 \u00fa\u010das\u0165 na vzdel\u00e1van\u00ed dospel\u00fdch.<\/p>\n<p style=\"text-align: justify;\">Aktivity N\u00e1rodn\u00e9ho koordin\u00e1tora programu vzdel\u00e1vania dospel\u00fdch na Slovensku, ktor\u00e9 koordinuje \u0160t\u00e1tny in\u0161tit\u00fat odborn\u00e9ho vzdel\u00e1vania s\u00fa zameran\u00e9 na propagovanie vzdel\u00e1vania dospel\u00fdch a podporovanie jeho \u010fal\u0161ieho rozvoja, n\u00e1vrhy opatren\u00ed na syst\u00e9movej \u00farovni a vytv\u00e1ranie podmienok pre spolupr\u00e1cu akt\u00e9rov p\u00f4sobiacich vo vzdel\u00e1van\u00ed dospel\u00fdch.<\/p>\n<p>Podpora t\u00fdchto aktiv\u00edt je naliehav\u00e1 najm\u00e4 v&nbsp;s\u00favislosti s&nbsp;n\u00edzkou \u00fa\u010das\u0165ou Slov\u00e1kov a&nbsp;Sloveniek na vzdel\u00e1van\u00ed v&nbsp;dospelosti (4,8 % v&nbsp;roku 2021, zdroj Eurostat).<\/p>\n<p><strong>Aktivity<\/strong><\/p>\n<p style=\"text-align: justify;\">Od za\u010diatku roka sme pripravovali stretnutia s&nbsp;predstavite\u013emi r\u00f4znych in\u0161tit\u00faci\u00ed poskytuj\u00facimi neform\u00e1lne vzdel\u00e1vanie. Okr\u00fahle stoly sa konali v&nbsp;10 miestach v&nbsp;r\u00f4znych regi\u00f3noch Slovenska a&nbsp;po\u010das nich sme viedli diskusie t\u00fdkaj\u00face sa hlavne podpory rozvoja \u017eivotn\u00fdch zru\u010dnost\u00ed, \u010do je potrebn\u00e9 aby sa realizovala efekt\u00edvnej\u0161ie, aj ako sa dar\u00ed spolupracova\u0165 jednotliv\u00fdm akt\u00e9rom.<\/p>\n<p style=\"text-align: justify;\">\u201c<em>D\u00f4le\u017eit\u00e1 zru\u010dnos\u0165 \u2013 odolnos\u0165 (napr. po covide), schopnos\u0165 \u010deli\u0165 meniacemu sa svetu, kr\u00edzov\u00fdm situ\u00e1ci\u00e1m. S&nbsp;t\u00fdm s\u00favis\u00ed well-being, starostlivos\u0165 o&nbsp;seba, schopnos\u0165 myslie\u0165 aj na seba. Medi\u00e1lna gramotnos\u0165, schopnos\u0165 rozozn\u00e1va\u0165 dezinform\u00e1cie, \u010do s\u00favis\u00ed s&nbsp;kritick\u00fdm myslen\u00edm. Odolnos\u0165 s\u00favis\u00ed so schopnos\u0165ou u\u010di\u0165 sa u\u010di\u0165. By\u0165 nastaven\u00fd, \u017ee z&nbsp;ka\u017edej situ\u00e1cie sa viem nie\u010do nov\u00e9 nau\u010di\u0165 a&nbsp;posun\u00fa\u0165 sa \u010falej<\/em>.\u201d (\u00fa\u010dastn\u00edk okr\u00fahlych stolov)<\/p>\n<p style=\"text-align: justify;\">Z\u00e1very z okr\u00fahlych stolov zhrnie <a href=\"https:\/\/zakladnezrucnosti.sk\/mapovacia-sprava\/\"><strong>mapovacia spr\u00e1va<\/strong><\/a> o podpore rozvoja zru\u010dnost\u00ed pre \u017eivot, ktor\u00fa budeme publikova\u0165 koncom roka 2022. Koncom tohto roka taktie\u017e za\u010dne kampa\u0148 <strong>Nikdy nie je neskoro!<\/strong>, zameran\u00e1 na podporu motiv\u00e1cie k&nbsp;u\u010deniu sa aj v&nbsp;dospelosti prostredn\u00edctvom&nbsp; v\u00fdpoved\u00ed \u00fa\u010dastn\u00edkov, ako aj poskytovate\u013eov vzdel\u00e1vania pre r\u00f4zne cie\u013eov\u00e9 skupiny \u2013 od n\u00edzkokvalifikovan\u00fdch a\u017e po seniorov, ktor\u00ed st\u00e1le pracuj\u00fa na zdokona\u013eovan\u00ed svojich vedomost\u00ed a&nbsp;zru\u010dnost\u00ed.<\/p>\n<p style=\"text-align: justify;\">Za\u010diatkom roka 2023 pripravujeme kurz na budovanie kapac\u00edt v&nbsp;oblasti pr\u00e1ce s&nbsp;n\u00edzkokvalifikovan\u00fdmi dospel\u00fdmi, ktor\u00fd sa zameria na predstavenie situ\u00e1cie v&nbsp;n\u00e1rodnom aj eur\u00f3pskom kontexte, ak\u00e9 n\u00e1stroje m\u00e1me na n\u00e1rodnej \u00farovni na motiv\u00e1ciu, tr\u00e9ning, ako aj podporu rozvoja z\u00e1kladn\u00fdch zru\u010dnost\u00ed.<\/p>\n<p>\u00da\u010dastn\u00edci n\u00e1sledne bud\u00fa ma\u0165 j mo\u017enos\u0165 nav\u0161t\u00edvi\u0165 partnersk\u00e9 organiz\u00e1cie v&nbsp;zahrani\u010d\u00ed, ktor\u00e9 sa touto t\u00e9mou zaoberaj\u00fa, v&nbsp;r\u00e1mci \u0161tudijn\u00fdch n\u00e1v\u0161tev na jar 2023.<\/p>\n<p style=\"text-align: justify;\">V&nbsp;r\u00e1mci iniciat\u00edvy p\u00f4sob\u00ed N\u00e1rodn\u00e1 sie\u0165 na podporu z\u00e1kladn\u00fdch zru\u010dnost\u00ed , ktor\u00e1 sa sklad\u00e1 z expertov z r\u00f4znych oblast\u00ed a in\u0161tit\u00faci\u00ed, av\u0161ak sp\u00e1ja ich problematika pr\u00edstupu k potreb\u00e1m n\u00edzkokvalifikovan\u00fdch v oblasti vzdel\u00e1vania.<\/p>\n<p>&nbsp;D\u00f4le\u017eitou s\u00fa\u010das\u0165ou aktiv\u00edt je odovzd\u00e1vanie <a href=\"https:\/\/www.minedu.sk\/ministerka-skolstva-po-prvykrat-ocenovala-pracu-v-oblasti-celozivotneho-vzdelavania\/\">Ceny Ministerstva \u0161kolstva, vedy, v\u00fdskumu a&nbsp;\u0161portu SR za rozvoj celo\u017eivotn\u00e9ho vzdel\u00e1vania<\/a>&nbsp;ako i&nbsp;spoluorganiz\u00e1cia aktiv\u00edt <a href=\"https:\/\/www.tcu.sk\/\">T\u00fd\u017ed\u0148a celo\u017eivotn\u00e9ho u\u010deni<\/a>a.<\/p>\n<p><strong>V\u00fdstupy projektu<\/strong><\/p>\n<ul>\n<li>Mapovacia spr\u00e1va o&nbsp;stave zru\u010dnost\u00ed pre \u017eivot v SR<\/li>\n<li>N\u00e1vrh certifik\u00e1cie z\u00e1kladn\u00fdch zru\u010dnost\u00ed<\/li>\n<li>Vzdel\u00e1vac\u00ed kurz pre akt\u00e9rov p\u00f4sobiacich vo vzdel\u00e1van\u00ed dospel\u00fdch zameran\u00fd na podporu rozvoja z\u00e1kladn\u00fdch zru\u010dnost\u00ed<\/li>\n<li>\u0160tudijn\u00e9 n\u00e1v\u0161tevy na\u0161ich odborn\u00edkov v zahrani\u010d\u00ed<\/li>\n<li>Informa\u010dn\u00e1 kampa\u0148 na podporu vzdel\u00e1vania dospel\u00fdch Odpor\u00fa\u010dania pre tvorcov polit\u00edk na region\u00e1lnej a n\u00e1rodnej \u00farovni<\/li>\n<\/ul>\n<p><strong>Kontakt na Slovensku:<\/strong><\/p>\n<p>\u0160IOV \u2013 \u00dasek celo\u017eivotn\u00e9ho vzdel\u00e1vania<\/p>\n<p>Stromov\u00e1 9<\/p>\n<p>81103 Bratislava<\/p>\n<p><a href=\"mailto:alena.stefanikova@siov.sk\">alena.stefanikova@siov.sk<\/a><\/p>\n<p><a href=\"mailto:katarina.smalova@siov.sk\">katarina.smalova@siov.sk<\/a><u>&nbsp; <\/u><\/p>\n<p>Webov\u00e1 str\u00e1nka: <a href=\"http:\/\/www.vzdelavaniedospelych.sk\">www.vzdelavaniedospelych.sk<\/a><\/p>\n<p><img decoding=\"async\" class=\"alignnone size-medium wp-image-12879\" src=\"https:\/\/archiv.siov.sk\/wp-content\/uploads\/2022\/11\/EU-300x68.jpg\" alt=\"\" width=\"300\" height=\"68\" srcset=\"https:\/\/archiv.siov.sk\/wp-content\/uploads\/2022\/11\/EU-300x68.jpg 300w, https:\/\/archiv.siov.sk\/wp-content\/uploads\/2022\/11\/EU-18x4.jpg 18w, https:\/\/archiv.siov.sk\/wp-content\/uploads\/2022\/11\/EU.jpg 551w\" sizes=\"(max-width: 300px) 100vw, 300px\" \/><\/p>\n<p style=\"text-align: justify;\"><em>\u00dasek celo\u017eivotn\u00e9ho vzdel\u00e1vania (\u0160IOV) realizuje v&nbsp;obdob\u00ed od 1. 1. 2022 \u2013 31. 12. &nbsp;2023 s&nbsp;finan\u010dnou podporou Eur\u00f3pskej komisie\/ERASMUS-EDU-2021-AL-AGENDA-IBA projekt s&nbsp;n\u00e1zvom AL \u2013 Agenda \u2013 N\u00e1rodn\u00fd koordin\u00e1tor Eur\u00f3pskeho programu vzdel\u00e1vania dospel\u00fdch. \u010c\u00edslo projektu: 01051504 \u2014 NC ALA SK.<\/em><\/p>","protected":false},"excerpt":{"rendered":"<p>Eur\u00f3pska komisia iniciovala vznik n\u00e1rodn\u00fdch koordin\u00e1torov Eur\u00f3pskeho programu vzdel\u00e1vania dospel\u00fdch s cie\u013eom zaisti\u0165 a posilni\u0165 efekt\u00edvnu kooper\u00e1ciu v\u0161etk\u00fdch relevantn\u00fdch partnerov z oblasti vzdel\u00e1vania dospel\u00fdch a celo\u017eivotn\u00e9ho poradenstva, ako aj nastavi\u0165 koherentn\u00e9 politiky na zn\u00ed\u017eenie po\u010dtu n\u00edzko kvalifikovan\u00fdch os\u00f4b a podpori\u0165 \u00fa\u010das\u0165 na vzdel\u00e1van\u00ed dospel\u00fdch. Aktivity N\u00e1rodn\u00e9ho koordin\u00e1tora programu vzdel\u00e1vania dospel\u00fdch na Slovensku, ktor\u00e9 koordinuje \u0160t\u00e1tny [&hellip;]<\/p>\n","protected":false},"author":6,"featured_media":3894,"comment_status":"closed","ping_status":"closed","sticky":false,"template":"","format":"standard","meta":{"site-sidebar-layout":"default","site-content-layout":"default","ast-site-content-layout":"default","site-content-style":"default","site-sidebar-style":"default","ast-global-header-display":"","ast-banner-title-visibility":"","ast-main-header-display":"","ast-hfb-above-header-display":"","ast-hfb-below-header-display":"","ast-hfb-mobile-header-display":"","site-post-title":"","ast-breadcrumbs-content":"","ast-featured-img":"","footer-sml-layout":"","ast-disable-related-posts":"","theme-transparent-header-meta":"default","adv-header-id-meta":"","stick-header-meta":"","header-above-stick-meta":"","header-main-stick-meta":"","header-below-stick-meta":"","astra-migrate-meta-layouts":"default","ast-page-background-enabled":"default","ast-page-background-meta":{"desktop":{"background-color":"var(--ast-global-color-4)","background-image":"","background-repeat":"repeat","background-position":"center center","background-size":"auto","background-attachment":"scroll","background-type":"","background-media":"","overlay-type":"","overlay-color":"","overlay-opacity":"","overlay-gradient":""},"tablet":{"background-color":"","background-image":"","background-repeat":"repeat","background-position":"center center","background-size":"auto","background-attachment":"scroll","background-type":"","background-media":"","overlay-type":"","overlay-color":"","overlay-opacity":"","overlay-gradient":""},"mobile":{"background-color":"","background-image":"","background-repeat":"repeat","background-position":"center center","background-size":"auto","background-attachment":"scroll","background-type":"","background-media":"","overlay-type":"","overlay-color":"","overlay-opacity":"","overlay-gradient":""}},"ast-content-background-meta":{"desktop":{"background-color":"var(--ast-global-color-5)","background-image":"","background-repeat":"repeat","background-position":"center center","background-size":"auto","background-attachment":"scroll","background-type":"","background-media":"","overlay-type":"","overlay-color":"","overlay-opacity":"","overlay-gradient":""},"tablet":{"background-color":"var(--ast-global-color-5)","background-image":"","background-repeat":"repeat","background-position":"center center","background-size":"auto","background-attachment":"scroll","background-type":"","background-media":"","overlay-type":"","overlay-color":"","overlay-opacity":"","overlay-gradient":""},"mobile":{"background-color":"var(--ast-global-color-5)","background-image":"","background-repeat":"repeat","background-position":"center center","background-size":"auto","background-attachment":"scroll","background-type":"","background-media":"","overlay-type":"","overlay-color":"","overlay-opacity":"","overlay-gradient":""}},"footnotes":""},"categories":[1],"tags":[],"class_list":["post-12876","post","type-post","status-publish","format-standard","has-post-thumbnail","hentry","category-aktuality"],"yoast_head":"<!-- This site is optimized with the Yoast SEO plugin v27.5 - https:\/\/yoast.com\/product\/yoast-seo-wordpress\/ -->\n<title>N\u00e1rodn\u00fd koordin\u00e1tor Eur\u00f3pskeho programu vzdel\u00e1vania dospel\u00fdch naplno rozbehol svoje aktivity - \u0160IOV - \u0161t\u00e1tny in\u0161tit\u00fat odborn\u00e9ho vzdel\u00e1vania<\/title>\n<meta name=\"robots\" content=\"index, follow, max-snippet:-1, max-image-preview:large, max-video-preview:-1\" \/>\n<link rel=\"canonical\" href=\"https:\/\/archiv.siov.sk\/en\/narodny-koordinator-europskeho-programu-vzdelavania-dospelych-naplno-rozbehol-svoje-aktivity\/\" \/>\n<meta property=\"og:locale\" content=\"en_GB\" \/>\n<meta property=\"og:type\" content=\"article\" \/>\n<meta property=\"og:title\" content=\"N\u00e1rodn\u00fd koordin\u00e1tor Eur\u00f3pskeho programu vzdel\u00e1vania dospel\u00fdch naplno rozbehol svoje aktivity - \u0160IOV - \u0161t\u00e1tny in\u0161tit\u00fat odborn\u00e9ho vzdel\u00e1vania\" \/>\n<meta property=\"og:description\" content=\"Eur\u00f3pska komisia iniciovala vznik n\u00e1rodn\u00fdch koordin\u00e1torov Eur\u00f3pskeho programu vzdel\u00e1vania dospel\u00fdch s cie\u013eom zaisti\u0165 a posilni\u0165 efekt\u00edvnu kooper\u00e1ciu v\u0161etk\u00fdch relevantn\u00fdch partnerov z oblasti vzdel\u00e1vania dospel\u00fdch a celo\u017eivotn\u00e9ho poradenstva, ako aj nastavi\u0165 koherentn\u00e9 politiky na zn\u00ed\u017eenie po\u010dtu n\u00edzko kvalifikovan\u00fdch os\u00f4b a podpori\u0165 \u00fa\u010das\u0165 na vzdel\u00e1van\u00ed dospel\u00fdch. Aktivity N\u00e1rodn\u00e9ho koordin\u00e1tora programu vzdel\u00e1vania dospel\u00fdch na Slovensku, ktor\u00e9 koordinuje \u0160t\u00e1tny [&hellip;]\" \/>\n<meta property=\"og:url\" content=\"https:\/\/archiv.siov.sk\/en\/narodny-koordinator-europskeho-programu-vzdelavania-dospelych-naplno-rozbehol-svoje-aktivity\/\" \/>\n<meta property=\"og:site_name\" content=\"\u0160IOV - \u0161t\u00e1tny in\u0161tit\u00fat odborn\u00e9ho vzdel\u00e1vania\" \/>\n<meta property=\"article:publisher\" content=\"https:\/\/www.facebook.com\/Statnyinstitutodbornehovzdelavania\" \/>\n<meta property=\"article:published_time\" content=\"2022-11-07T16:22:10+00:00\" \/>\n<meta property=\"article:modified_time\" content=\"2022-11-07T16:34:40+00:00\" \/>\n<meta property=\"og:image\" content=\"https:\/\/archiv.siov.sk\/wp-content\/uploads\/2019\/06\/top_news.jpg\" \/>\n\t<meta property=\"og:image:width\" content=\"1100\" \/>\n\t<meta property=\"og:image:height\" content=\"445\" \/>\n\t<meta property=\"og:image:type\" content=\"image\/jpeg\" \/>\n<meta name=\"author\" content=\"Katar\u00edna Kov\u00e1\u010dov\u00e1\" \/>\n<meta name=\"twitter:card\" content=\"summary_large_image\" \/>\n<meta name=\"twitter:label1\" content=\"Written by\" \/>\n\t<meta name=\"twitter:data1\" content=\"Katar\u00edna Kov\u00e1\u010dov\u00e1\" \/>\n\t<meta name=\"twitter:label2\" content=\"Estimated reading time\" \/>\n\t<meta name=\"twitter:data2\" content=\"3 minutes\" \/>\n<script type=\"application\/ld+json\" class=\"yoast-schema-graph\">{\"@context\":\"https:\\\/\\\/schema.org\",\"@graph\":[{\"@type\":\"Article\",\"@id\":\"https:\\\/\\\/archiv.siov.sk\\\/narodny-koordinator-europskeho-programu-vzdelavania-dospelych-naplno-rozbehol-svoje-aktivity\\\/#article\",\"isPartOf\":{\"@id\":\"https:\\\/\\\/archiv.siov.sk\\\/narodny-koordinator-europskeho-programu-vzdelavania-dospelych-naplno-rozbehol-svoje-aktivity\\\/\"},\"author\":{\"name\":\"Katar\u00edna Kov\u00e1\u010dov\u00e1\",\"@id\":\"https:\\\/\\\/archiv.siov.sk\\\/#\\\/schema\\\/person\\\/e42d633fbd958c6a726e8834d8965e6c\"},\"headline\":\"N\u00e1rodn\u00fd koordin\u00e1tor Eur\u00f3pskeho programu vzdel\u00e1vania dospel\u00fdch naplno rozbehol svoje aktivity\",\"datePublished\":\"2022-11-07T16:22:10+00:00\",\"dateModified\":\"2022-11-07T16:34:40+00:00\",\"mainEntityOfPage\":{\"@id\":\"https:\\\/\\\/archiv.siov.sk\\\/narodny-koordinator-europskeho-programu-vzdelavania-dospelych-naplno-rozbehol-svoje-aktivity\\\/\"},\"wordCount\":768,\"publisher\":{\"@id\":\"https:\\\/\\\/archiv.siov.sk\\\/#organization\"},\"image\":{\"@id\":\"https:\\\/\\\/archiv.siov.sk\\\/narodny-koordinator-europskeho-programu-vzdelavania-dospelych-naplno-rozbehol-svoje-aktivity\\\/#primaryimage\"},\"thumbnailUrl\":\"https:\\\/\\\/archiv.siov.sk\\\/wp-content\\\/uploads\\\/2019\\\/06\\\/top_news.jpg\",\"articleSection\":[\"Aktuality\"],\"inLanguage\":\"en-GB\"},{\"@type\":\"WebPage\",\"@id\":\"https:\\\/\\\/archiv.siov.sk\\\/narodny-koordinator-europskeho-programu-vzdelavania-dospelych-naplno-rozbehol-svoje-aktivity\\\/\",\"url\":\"https:\\\/\\\/archiv.siov.sk\\\/narodny-koordinator-europskeho-programu-vzdelavania-dospelych-naplno-rozbehol-svoje-aktivity\\\/\",\"name\":\"N\u00e1rodn\u00fd koordin\u00e1tor Eur\u00f3pskeho programu vzdel\u00e1vania dospel\u00fdch naplno rozbehol svoje aktivity - \u0160IOV - \u0161t\u00e1tny in\u0161tit\u00fat odborn\u00e9ho vzdel\u00e1vania\",\"isPartOf\":{\"@id\":\"https:\\\/\\\/archiv.siov.sk\\\/#website\"},\"primaryImageOfPage\":{\"@id\":\"https:\\\/\\\/archiv.siov.sk\\\/narodny-koordinator-europskeho-programu-vzdelavania-dospelych-naplno-rozbehol-svoje-aktivity\\\/#primaryimage\"},\"image\":{\"@id\":\"https:\\\/\\\/archiv.siov.sk\\\/narodny-koordinator-europskeho-programu-vzdelavania-dospelych-naplno-rozbehol-svoje-aktivity\\\/#primaryimage\"},\"thumbnailUrl\":\"https:\\\/\\\/archiv.siov.sk\\\/wp-content\\\/uploads\\\/2019\\\/06\\\/top_news.jpg\",\"datePublished\":\"2022-11-07T16:22:10+00:00\",\"dateModified\":\"2022-11-07T16:34:40+00:00\",\"breadcrumb\":{\"@id\":\"https:\\\/\\\/archiv.siov.sk\\\/narodny-koordinator-europskeho-programu-vzdelavania-dospelych-naplno-rozbehol-svoje-aktivity\\\/#breadcrumb\"},\"inLanguage\":\"en-GB\",\"potentialAction\":[{\"@type\":\"ReadAction\",\"target\":[\"https:\\\/\\\/archiv.siov.sk\\\/narodny-koordinator-europskeho-programu-vzdelavania-dospelych-naplno-rozbehol-svoje-aktivity\\\/\"]}]},{\"@type\":\"ImageObject\",\"inLanguage\":\"en-GB\",\"@id\":\"https:\\\/\\\/archiv.siov.sk\\\/narodny-koordinator-europskeho-programu-vzdelavania-dospelych-naplno-rozbehol-svoje-aktivity\\\/#primaryimage\",\"url\":\"https:\\\/\\\/archiv.siov.sk\\\/wp-content\\\/uploads\\\/2019\\\/06\\\/top_news.jpg\",\"contentUrl\":\"https:\\\/\\\/archiv.siov.sk\\\/wp-content\\\/uploads\\\/2019\\\/06\\\/top_news.jpg\",\"width\":1100,\"height\":445},{\"@type\":\"BreadcrumbList\",\"@id\":\"https:\\\/\\\/archiv.siov.sk\\\/narodny-koordinator-europskeho-programu-vzdelavania-dospelych-naplno-rozbehol-svoje-aktivity\\\/#breadcrumb\",\"itemListElement\":[{\"@type\":\"ListItem\",\"position\":1,\"name\":\"Home\",\"item\":\"https:\\\/\\\/archiv.siov.sk\\\/\"},{\"@type\":\"ListItem\",\"position\":2,\"name\":\"N\u00e1rodn\u00fd koordin\u00e1tor Eur\u00f3pskeho programu vzdel\u00e1vania dospel\u00fdch naplno rozbehol svoje aktivity\"}]},{\"@type\":\"WebSite\",\"@id\":\"https:\\\/\\\/archiv.siov.sk\\\/#website\",\"url\":\"https:\\\/\\\/archiv.siov.sk\\\/\",\"name\":\"\u0160IOV - \u0161t\u00e1tny in\u0161tit\u00fat odborn\u00e9ho vzdel\u00e1vania\",\"description\":\"\",\"publisher\":{\"@id\":\"https:\\\/\\\/archiv.siov.sk\\\/#organization\"},\"potentialAction\":[{\"@type\":\"SearchAction\",\"target\":{\"@type\":\"EntryPoint\",\"urlTemplate\":\"https:\\\/\\\/archiv.siov.sk\\\/?s={search_term_string}\"},\"query-input\":{\"@type\":\"PropertyValueSpecification\",\"valueRequired\":true,\"valueName\":\"search_term_string\"}}],\"inLanguage\":\"en-GB\"},{\"@type\":\"Organization\",\"@id\":\"https:\\\/\\\/archiv.siov.sk\\\/#organization\",\"name\":\"\u0160IOV - \u0161t\u00e1tny in\u0161tit\u00fat odborn\u00e9ho vzdel\u00e1vania\",\"url\":\"https:\\\/\\\/archiv.siov.sk\\\/\",\"logo\":{\"@type\":\"ImageObject\",\"inLanguage\":\"en-GB\",\"@id\":\"https:\\\/\\\/archiv.siov.sk\\\/#\\\/schema\\\/logo\\\/image\\\/\",\"url\":\"https:\\\/\\\/archiv.siov.sk\\\/wp-content\\\/uploads\\\/2024\\\/02\\\/logo-SIOV.png\",\"contentUrl\":\"https:\\\/\\\/archiv.siov.sk\\\/wp-content\\\/uploads\\\/2024\\\/02\\\/logo-SIOV.png\",\"width\":431,\"height\":143,\"caption\":\"\u0160IOV - \u0161t\u00e1tny in\u0161tit\u00fat odborn\u00e9ho vzdel\u00e1vania\"},\"image\":{\"@id\":\"https:\\\/\\\/archiv.siov.sk\\\/#\\\/schema\\\/logo\\\/image\\\/\"},\"sameAs\":[\"https:\\\/\\\/www.facebook.com\\\/Statnyinstitutodbornehovzdelavania\"]},{\"@type\":\"Person\",\"@id\":\"https:\\\/\\\/archiv.siov.sk\\\/#\\\/schema\\\/person\\\/e42d633fbd958c6a726e8834d8965e6c\",\"name\":\"Katar\u00edna Kov\u00e1\u010dov\u00e1\",\"url\":\"https:\\\/\\\/archiv.siov.sk\\\/en\\\/author\\\/katkakovacova\\\/\"}]}<\/script>\n<!-- \/ Yoast SEO plugin. -->","yoast_head_json":{"title":"N\u00e1rodn\u00fd koordin\u00e1tor Eur\u00f3pskeho programu vzdel\u00e1vania dospel\u00fdch naplno rozbehol svoje aktivity - \u0160IOV - \u0161t\u00e1tny in\u0161tit\u00fat odborn\u00e9ho vzdel\u00e1vania","robots":{"index":"index","follow":"follow","max-snippet":"max-snippet:-1","max-image-preview":"max-image-preview:large","max-video-preview":"max-video-preview:-1"},"canonical":"https:\/\/archiv.siov.sk\/en\/narodny-koordinator-europskeho-programu-vzdelavania-dospelych-naplno-rozbehol-svoje-aktivity\/","og_locale":"en_GB","og_type":"article","og_title":"N\u00e1rodn\u00fd koordin\u00e1tor Eur\u00f3pskeho programu vzdel\u00e1vania dospel\u00fdch naplno rozbehol svoje aktivity - \u0160IOV - \u0161t\u00e1tny in\u0161tit\u00fat odborn\u00e9ho vzdel\u00e1vania","og_description":"Eur\u00f3pska komisia iniciovala vznik n\u00e1rodn\u00fdch koordin\u00e1torov Eur\u00f3pskeho programu vzdel\u00e1vania dospel\u00fdch s cie\u013eom zaisti\u0165 a posilni\u0165 efekt\u00edvnu kooper\u00e1ciu v\u0161etk\u00fdch relevantn\u00fdch partnerov z oblasti vzdel\u00e1vania dospel\u00fdch a celo\u017eivotn\u00e9ho poradenstva, ako aj nastavi\u0165 koherentn\u00e9 politiky na zn\u00ed\u017eenie po\u010dtu n\u00edzko kvalifikovan\u00fdch os\u00f4b a podpori\u0165 \u00fa\u010das\u0165 na vzdel\u00e1van\u00ed dospel\u00fdch. Aktivity N\u00e1rodn\u00e9ho koordin\u00e1tora programu vzdel\u00e1vania dospel\u00fdch na Slovensku, ktor\u00e9 koordinuje \u0160t\u00e1tny [&hellip;]","og_url":"https:\/\/archiv.siov.sk\/en\/narodny-koordinator-europskeho-programu-vzdelavania-dospelych-naplno-rozbehol-svoje-aktivity\/","og_site_name":"\u0160IOV - \u0161t\u00e1tny in\u0161tit\u00fat odborn\u00e9ho vzdel\u00e1vania","article_publisher":"https:\/\/www.facebook.com\/Statnyinstitutodbornehovzdelavania","article_published_time":"2022-11-07T16:22:10+00:00","article_modified_time":"2022-11-07T16:34:40+00:00","og_image":[{"width":1100,"height":445,"url":"https:\/\/archiv.siov.sk\/wp-content\/uploads\/2019\/06\/top_news.jpg","type":"image\/jpeg"}],"author":"Katar\u00edna Kov\u00e1\u010dov\u00e1","twitter_card":"summary_large_image","twitter_misc":{"Written by":"Katar\u00edna Kov\u00e1\u010dov\u00e1","Estimated reading time":"3 minutes"},"schema":{"@context":"https:\/\/schema.org","@graph":[{"@type":"Article","@id":"https:\/\/archiv.siov.sk\/narodny-koordinator-europskeho-programu-vzdelavania-dospelych-naplno-rozbehol-svoje-aktivity\/#article","isPartOf":{"@id":"https:\/\/archiv.siov.sk\/narodny-koordinator-europskeho-programu-vzdelavania-dospelych-naplno-rozbehol-svoje-aktivity\/"},"author":{"name":"Katar\u00edna Kov\u00e1\u010dov\u00e1","@id":"https:\/\/archiv.siov.sk\/#\/schema\/person\/e42d633fbd958c6a726e8834d8965e6c"},"headline":"N\u00e1rodn\u00fd koordin\u00e1tor Eur\u00f3pskeho programu vzdel\u00e1vania dospel\u00fdch naplno rozbehol svoje aktivity","datePublished":"2022-11-07T16:22:10+00:00","dateModified":"2022-11-07T16:34:40+00:00","mainEntityOfPage":{"@id":"https:\/\/archiv.siov.sk\/narodny-koordinator-europskeho-programu-vzdelavania-dospelych-naplno-rozbehol-svoje-aktivity\/"},"wordCount":768,"publisher":{"@id":"https:\/\/archiv.siov.sk\/#organization"},"image":{"@id":"https:\/\/archiv.siov.sk\/narodny-koordinator-europskeho-programu-vzdelavania-dospelych-naplno-rozbehol-svoje-aktivity\/#primaryimage"},"thumbnailUrl":"https:\/\/archiv.siov.sk\/wp-content\/uploads\/2019\/06\/top_news.jpg","articleSection":["Aktuality"],"inLanguage":"en-GB"},{"@type":"WebPage","@id":"https:\/\/archiv.siov.sk\/narodny-koordinator-europskeho-programu-vzdelavania-dospelych-naplno-rozbehol-svoje-aktivity\/","url":"https:\/\/archiv.siov.sk\/narodny-koordinator-europskeho-programu-vzdelavania-dospelych-naplno-rozbehol-svoje-aktivity\/","name":"N\u00e1rodn\u00fd koordin\u00e1tor Eur\u00f3pskeho programu vzdel\u00e1vania dospel\u00fdch naplno rozbehol svoje aktivity - \u0160IOV - \u0161t\u00e1tny in\u0161tit\u00fat odborn\u00e9ho vzdel\u00e1vania","isPartOf":{"@id":"https:\/\/archiv.siov.sk\/#website"},"primaryImageOfPage":{"@id":"https:\/\/archiv.siov.sk\/narodny-koordinator-europskeho-programu-vzdelavania-dospelych-naplno-rozbehol-svoje-aktivity\/#primaryimage"},"image":{"@id":"https:\/\/archiv.siov.sk\/narodny-koordinator-europskeho-programu-vzdelavania-dospelych-naplno-rozbehol-svoje-aktivity\/#primaryimage"},"thumbnailUrl":"https:\/\/archiv.siov.sk\/wp-content\/uploads\/2019\/06\/top_news.jpg","datePublished":"2022-11-07T16:22:10+00:00","dateModified":"2022-11-07T16:34:40+00:00","breadcrumb":{"@id":"https:\/\/archiv.siov.sk\/narodny-koordinator-europskeho-programu-vzdelavania-dospelych-naplno-rozbehol-svoje-aktivity\/#breadcrumb"},"inLanguage":"en-GB","potentialAction":[{"@type":"ReadAction","target":["https:\/\/archiv.siov.sk\/narodny-koordinator-europskeho-programu-vzdelavania-dospelych-naplno-rozbehol-svoje-aktivity\/"]}]},{"@type":"ImageObject","inLanguage":"en-GB","@id":"https:\/\/archiv.siov.sk\/narodny-koordinator-europskeho-programu-vzdelavania-dospelych-naplno-rozbehol-svoje-aktivity\/#primaryimage","url":"https:\/\/archiv.siov.sk\/wp-content\/uploads\/2019\/06\/top_news.jpg","contentUrl":"https:\/\/archiv.siov.sk\/wp-content\/uploads\/2019\/06\/top_news.jpg","width":1100,"height":445},{"@type":"BreadcrumbList","@id":"https:\/\/archiv.siov.sk\/narodny-koordinator-europskeho-programu-vzdelavania-dospelych-naplno-rozbehol-svoje-aktivity\/#breadcrumb","itemListElement":[{"@type":"ListItem","position":1,"name":"Home","item":"https:\/\/archiv.siov.sk\/"},{"@type":"ListItem","position":2,"name":"N\u00e1rodn\u00fd koordin\u00e1tor Eur\u00f3pskeho programu vzdel\u00e1vania dospel\u00fdch naplno rozbehol svoje aktivity"}]},{"@type":"WebSite","@id":"https:\/\/archiv.siov.sk\/#website","url":"https:\/\/archiv.siov.sk\/","name":"\u0160IOV - \u0161t\u00e1tny in\u0161tit\u00fat odborn\u00e9ho vzdel\u00e1vania","description":"","publisher":{"@id":"https:\/\/archiv.siov.sk\/#organization"},"potentialAction":[{"@type":"SearchAction","target":{"@type":"EntryPoint","urlTemplate":"https:\/\/archiv.siov.sk\/?s={search_term_string}"},"query-input":{"@type":"PropertyValueSpecification","valueRequired":true,"valueName":"search_term_string"}}],"inLanguage":"en-GB"},{"@type":"Organization","@id":"https:\/\/archiv.siov.sk\/#organization","name":"\u0160IOV - \u0161t\u00e1tny in\u0161tit\u00fat odborn\u00e9ho vzdel\u00e1vania","url":"https:\/\/archiv.siov.sk\/","logo":{"@type":"ImageObject","inLanguage":"en-GB","@id":"https:\/\/archiv.siov.sk\/#\/schema\/logo\/image\/","url":"https:\/\/archiv.siov.sk\/wp-content\/uploads\/2024\/02\/logo-SIOV.png","contentUrl":"https:\/\/archiv.siov.sk\/wp-content\/uploads\/2024\/02\/logo-SIOV.png","width":431,"height":143,"caption":"\u0160IOV - \u0161t\u00e1tny in\u0161tit\u00fat odborn\u00e9ho vzdel\u00e1vania"},"image":{"@id":"https:\/\/archiv.siov.sk\/#\/schema\/logo\/image\/"},"sameAs":["https:\/\/www.facebook.com\/Statnyinstitutodbornehovzdelavania"]},{"@type":"Person","@id":"https:\/\/archiv.siov.sk\/#\/schema\/person\/e42d633fbd958c6a726e8834d8965e6c","name":"Katar\u00edna Kov\u00e1\u010dov\u00e1","url":"https:\/\/archiv.siov.sk\/en\/author\/katkakovacova\/"}]}},"_links":{"self":[{"href":"https:\/\/archiv.siov.sk\/en\/wp-json\/wp\/v2\/posts\/12876","targetHints":{"allow":["GET"]}}],"collection":[{"href":"https:\/\/archiv.siov.sk\/en\/wp-json\/wp\/v2\/posts"}],"about":[{"href":"https:\/\/archiv.siov.sk\/en\/wp-json\/wp\/v2\/types\/post"}],"author":[{"embeddable":true,"href":"https:\/\/archiv.siov.sk\/en\/wp-json\/wp\/v2\/users\/6"}],"replies":[{"embeddable":true,"href":"https:\/\/archiv.siov.sk\/en\/wp-json\/wp\/v2\/comments?post=12876"}],"version-history":[{"count":3,"href":"https:\/\/archiv.siov.sk\/en\/wp-json\/wp\/v2\/posts\/12876\/revisions"}],"predecessor-version":[{"id":12880,"href":"https:\/\/archiv.siov.sk\/en\/wp-json\/wp\/v2\/posts\/12876\/revisions\/12880"}],"wp:featuredmedia":[{"embeddable":true,"href":"https:\/\/archiv.siov.sk\/en\/wp-json\/wp\/v2\/media\/3894"}],"wp:attachment":[{"href":"https:\/\/archiv.siov.sk\/en\/wp-json\/wp\/v2\/media?parent=12876"}],"wp:term":[{"taxonomy":"category","embeddable":true,"href":"https:\/\/archiv.siov.sk\/en\/wp-json\/wp\/v2\/categories?post=12876"},{"taxonomy":"post_tag","embeddable":true,"href":"https:\/\/archiv.siov.sk\/en\/wp-json\/wp\/v2\/tags?post=12876"}],"curies":[{"name":"wp","href":"https:\/\/api.w.org\/{rel}","templated":true}]}}