{"id":12732,"date":"2022-10-21T15:33:01","date_gmt":"2022-10-21T13:33:01","guid":{"rendered":"https:\/\/archiv.siov.sk\/?p=12732"},"modified":"2022-10-21T15:33:01","modified_gmt":"2022-10-21T13:33:01","slug":"medzinarodny-veltrh-cvicnych-firiem-slovensko-2022-2","status":"publish","type":"post","link":"https:\/\/archiv.siov.sk\/en\/medzinarodny-veltrh-cvicnych-firiem-slovensko-2022-2\/","title":{"rendered":"Medzin\u00e1rodn\u00fd ve\u013etrh cvi\u010dn\u00fdch firiem Slovensko 2022"},"content":{"rendered":"<p style=\"text-align: justify;\">\u0160t\u00e1tny in\u0161tit\u00fat odborn\u00e9ho vzdel\u00e1vania (\u0160IOV) priv\u00edtal na Medzin\u00e1rodnom ve\u013etrhu cvi\u010dn\u00fdch firiem Slovensko v priestoroch Kia Slovakia s.r.o., Vzdel\u00e1vacom centre v Gbe\u013eanoch 18. a 19. okt\u00f3bra spolu tridsa\u0165 dom\u00e1cich a zahrani\u010dn\u00fdch cvi\u010dn\u00fdch firiem.&nbsp; S\u00fabe\u017ene s ve\u013etrhom kolegyne z Podpory smerovania ml\u00e1de\u017ee zrealizovali S\u00fa\u0165a\u017e mlad\u00fdch elektronikov.<\/p>\n<p style=\"text-align: justify;\">T\u00e9mou tohtoro\u010dn\u00e9ho ve\u013etrhu cvi\u010dn\u00fdch firiem bola \u201eEtika v&nbsp;podnikan\u00ed\u201c. Jeho s\u00fa\u010das\u0165ou boli aj s\u00fa\u0165a\u017ee cvi\u010dn\u00fdch firiem v&nbsp;kateg\u00f3ri\u00e1ch logo a slogan, Instagram post, reklamn\u00fd \u0161ot, web str\u00e1nka s&nbsp;e-shopom, st\u00e1nok cvi\u010dnej firmy, 90 sek\u00fand vo v\u00fd\u0165ahu a&nbsp;e-prezent\u00e1cia. Elektronick\u00e9 prezent\u00e1cie na p\u00f3diu Audit\u00f3ria sprev\u00e1dzali \u017eiaci cvi\u010dn\u00fdch firiem slovom a&nbsp;kult\u00farnym programom v&nbsp;materinskom a&nbsp;cudzom jazyku po\u010das oboch dn\u00ed ve\u013etrhu. S\u00fa\u0165a\u017e e-prezent\u00e1ci\u00ed riadil a&nbsp;moderoval Daniel \u0147arja\u0161 zo Slovensk\u00e9ho centra cvi\u010dn\u00fdch firiem (SCCF). K&nbsp;efektu prezent\u00e1cii prispelo aj to, \u017ee sa premietali tromi dataprojektormi. Prv\u00fd de\u0148 cvi\u010dn\u00e9 firmy s\u00fa\u0165a\u017eili aj v&nbsp;kateg\u00f3rii 90 sek\u00fand vo v\u00fd\u0165ahu.<\/p>\n<p style=\"text-align: justify;\">Obe podujatia v&nbsp;Gbe\u013eanoch sprev\u00e1dzalo aj nieko\u013eko zauj\u00edmav\u00fdch prezent\u00e1ci\u00ed a&nbsp;semin\u00e1rov. Prv\u00fd de\u0148 za\u010dal riadite\u013e \u0160t\u00e1tneho in\u0161tit\u00fatu odborn\u00e9ho vzdel\u00e1vania Branislav Had\u00e1r sl\u00e1vnostn\u00fdm otvoren\u00edm Medzin\u00e1rodn\u00e9ho ve\u013etrhu cvi\u010dn\u00fdch firiem Slovensko 2022. V&nbsp;prest\u00e1vke e-prezent\u00e1ci\u00ed cvi\u010dn\u00fdch firiem sa na t\u00e9mu Etika v&nbsp;podnikan\u00ed zamerala Simona Mi\u0161t\u00edkov\u00e1 zo Zdru\u017eenia mlad\u00fdch podnikate\u013eov Slovenska. Nesk\u00f4r n\u00e1m u\u010dite\u013e z&nbsp;Turecka predstavil hlavn\u00e9 ciele projektu MESU programu Erasmus+ a to zalo\u017eenie cvi\u010dn\u00fdch firiem a&nbsp;vytvorenie platformy centra cvi\u010dn\u00fdch firiem v&nbsp;Turecku. Porotcovia s\u00fa\u0165a\u017ee mlad\u00fdch elektronikov sa poobede venovali t\u00e9me \u201eRozbor&nbsp;kon\u0161trukcie elektronick\u00e9ho v\u00fdrobku a&nbsp;odborn\u00e9ho testu\u201c. &nbsp;Prezent\u00e1cie na p\u00f3diu Audit\u00f3ria prv\u00fd de\u0148 uzavrel pr\u00edspevok garanta projektu \u201efikt\u00edvnych firiem\u201c Radka Maxa z&nbsp;Metropolitnej univerzity Praha.<\/p>\n<p style=\"text-align: justify;\">Druh\u00fd de\u0148 od\u0161tartovali tvorcovia a&nbsp;organiz\u00e1tori s\u00fa\u0165a\u017ee mlad\u00fdch elektronikov predn\u00e1\u0161kou \u201eRobotika a&nbsp;robotick\u00e9 s\u00fa\u0165a\u017ee pre \u017eiakov stredn\u00fdch \u0161k\u00f4l\u201c. Nasledoval pr\u00edspevok Vicky H\u00e4dler z &nbsp;PEN Worldwide, svetov\u00e9ho zdru\u017eenia cvi\u010dn\u00fdch firiem, v&nbsp;ktorom na z\u00e1ver pozvala \u00fa\u010dastn\u00edkov ve\u013etrhu na \u010fal\u0161ie dve podujatia zdru\u017eenia. Projekt MULTINA programu Erasmus spolo\u010dne predstavili Vicky H\u00e4dler z &nbsp;PEN Worldwide a Gabriela Horeck\u00e1 z&nbsp;SCCF. Jeho cie\u013eom je vytvorenie podmienok a&nbsp;materi\u00e1lov pre nadn\u00e1rodn\u00e9&nbsp; a medzin\u00e1rodn\u00e9 cvi\u010dn\u00e9 firmy,. Potom&nbsp; sme usporiadali okr\u00fahly st\u00f4l spolo\u010dne s&nbsp;u\u010dite\u013emi a&nbsp;riadite\u013emi \u0161k\u00f4l, v&nbsp;r\u00e1mci ktor\u00e9ho sa ve\u013emi \u017eivo komunikovalo na tri t\u00e9my: Ak\u00e9 s\u00fa kompetencie a zru\u010dnosti pre nadn\u00e1rodn\u00e9 pracovn\u00e9 prostredie? &nbsp;Ako je mo\u017en\u00e9 tr\u00e9nova\u0165 kompetencie a zru\u010dnosti z O1 v Cvi\u010dnej firme\/Practice Enterprise? Ak\u00fd druh nadn\u00e1rodn\u00fdch vzdel\u00e1vac\u00edch aktiv\u00edt by sa mohol uskuto\u010dni\u0165 v r\u00e1mci Cvi\u010dnej firmy\/Practice Enterprise? Zauj\u00edmavou prezent\u00e1ciou projektu na t\u00e9mu \u201eDnes \u0161tudenti a&nbsp;\u0161tudentky, zajtra l\u00eddri a&nbsp;l\u00edderky zodpovedn\u00e9ho a&nbsp;udr\u017eate\u013en\u00e9ho podnikania\u201c podporen\u00e9ho z&nbsp;prostriedkov SlovakAid uzavrela prezent\u00e1cie&nbsp; Ivka Uli\u010dn\u00e1 z&nbsp;O. Z. HEKIMA.<\/p>\n<p style=\"text-align: justify;\">Z\u00e1ver ve\u013etrhu patril sl\u00e1vnostn\u00e9mu vyhodnoteniu s\u00fa\u0165a\u017e\u00ed a&nbsp;takisto vyhodnoteniu 10. ro\u010dn\u00edka s\u00fa\u0165a\u017ee Najlep\u0161\u00ed podnikate\u013esk\u00fd z\u00e1mer \u017eiakov cvi\u010dn\u00fdch firiem s&nbsp;medzin\u00e1rodnou \u00fa\u010das\u0165ou, ktor\u00e9 sa uskuto\u010dnilo druh\u00fd a&nbsp;z\u00e1rove\u0148 z\u00e1vere\u010dn\u00fd de\u0148 ve\u013etrhu za b\u00farliv\u00e9ho ohlasu v\u00ed\u0165azov a&nbsp;v\u0161etk\u00fdch pr\u00edtomn\u00fdch. Za SCCF sme rozdali celkom 29 vecn\u00fdch cien aj s&nbsp;\u201eViktorkami\u201c a&nbsp;v\u00ed\u0165azn\u00fdmi poh\u00e1rmi. Okrem toho tri cvi\u010dn\u00e9 firmy ocenilo O. Z. Hekima a&nbsp;tri ceny svoj\u00edm v\u00ed\u0165azom venovala aj SEA &#8211; Agent\u00fara pre vzdel\u00e1vanie a&nbsp;vedu. Celkov\u00e9 vyhodnotenia s\u00fa\u0165a\u017e\u00ed cvi\u010dn\u00fdch firiem n\u00e1jdete na web s\u00eddle \u0160IOV a&nbsp;SCCF.<\/p>\n<p style=\"text-align: justify;\">Ve\u013etrh patr\u00ed k jedine\u010dn\u00fdm podujatiam, kde sa prezentuje kreativita a&nbsp; flexibilita mlad\u00fdch \u013eud\u00ed, schopnos\u0165 pracova\u0165 v&nbsp;t\u00edme, komunikova\u0165, rozhodova\u0165, robi\u0165 z\u00e1very, kriticky a&nbsp;samostatne myslie\u0165. Poskytuje mo\u017enos\u0165 komunikova\u0165 v&nbsp;cudzom jazyku, rie\u0161i\u0165 obchodn\u00e9 pr\u00edpady, nadv\u00e4zova\u0165 obchodn\u00e9 a&nbsp;partnersk\u00e9 vz\u0165ahy aj s&nbsp;podporou re\u00e1lnych partnerov. Je to miesto, kde si \u017eiaci m\u00f4\u017eu vysk\u00fa\u0161a\u0165 v&nbsp;priamom kontakte so z\u00e1kazn\u00edkom v\u0161etko, \u010do sa v&nbsp;simulovanom prostred\u00ed trhu cvi\u010dn\u00fdch firiem nau\u010dili.<\/p>\n<p style=\"text-align: justify;\">Partnermi ve\u013etrhu boli Ekonomick\u00e1 univerzita v Bratislave, N\u00e1rodn\u00e1 banka Slovenska (NBS), Zdru\u017eenie mlad\u00fdch podnikate\u013eov Slovenska (ZMPS), Slovak Business Agency (SBA), SEA \u2013 Agent\u00fara pre vzdel\u00e1vanie a&nbsp;vedu, O.Z. Hekima, Metropolitn\u00ed univerzita Praha (MUP), PEN Worldwide a&nbsp;Ministerstvo hospod\u00e1rstva SR. Z\u00e1stupcovia partnerov boli v&nbsp;porot\u00e1ch jednotliv\u00fdch s\u00fa\u0165a\u017e\u00ed a&nbsp;ve\u013etrh cvi\u010dn\u00fdch firiem podporili aj vecn\u00fdmi cenami, za \u010do im srde\u010dne \u010fakujeme.<\/p>\n<p style=\"text-align: justify;\">Organiza\u010dn\u00fdm a odborn\u00fdm garantom ve\u013etrhu bol \u0160t\u00e1tny in\u0161tit\u00fat odborn\u00e9ho vzdel\u00e1vania, odbor finan\u010dnej gramotnosti a Slovensk\u00e9 centrum cvi\u010dn\u00fdch firiem (SCCF). Programy oboch podujat\u00ed n\u00e1jdete aj na <a href=\"http:\/\/www.siov.sk\">www.siov.sk<\/a> a&nbsp;na <a href=\"http:\/\/www.sccf.sk\">www.sccf.sk<\/a>.<\/p>\n<p style=\"text-align: justify;\">V\u0161etk\u00fdm,&nbsp; ktor\u00ed svojou \u00fa\u010das\u0165ou a podporou&nbsp; prispeli k&nbsp;zv\u00fd\u0161eniu prest\u00ed\u017ee cel\u00e9ho podujatia a&nbsp;umo\u017enili skvalitni\u0165 priestor pre tvorivos\u0165 a z\u00edskavanie odborn\u00fdch a praktick\u00fdch zru\u010dnost\u00ed mlad\u00fdch \u013eud\u00ed \u010fakujeme a&nbsp;te\u0161\u00edme sa na 25. ro\u010dn\u00edk MVCF 2023.<\/p>","protected":false},"excerpt":{"rendered":"<p>\u0160t\u00e1tny in\u0161tit\u00fat odborn\u00e9ho vzdel\u00e1vania (\u0160IOV) priv\u00edtal na Medzin\u00e1rodnom ve\u013etrhu cvi\u010dn\u00fdch firiem Slovensko v priestoroch Kia Slovakia s.r.o., Vzdel\u00e1vacom centre v Gbe\u013eanoch 18. a 19. okt\u00f3bra spolu tridsa\u0165 dom\u00e1cich a zahrani\u010dn\u00fdch cvi\u010dn\u00fdch firiem.&nbsp; S\u00fabe\u017ene s ve\u013etrhom kolegyne z Podpory smerovania ml\u00e1de\u017ee zrealizovali S\u00fa\u0165a\u017e mlad\u00fdch elektronikov. T\u00e9mou tohtoro\u010dn\u00e9ho ve\u013etrhu cvi\u010dn\u00fdch firiem bola \u201eEtika v&nbsp;podnikan\u00ed\u201c. Jeho s\u00fa\u010das\u0165ou boli [&hellip;]<\/p>\n","protected":false},"author":6,"featured_media":12735,"comment_status":"closed","ping_status":"closed","sticky":false,"template":"","format":"standard","meta":{"site-sidebar-layout":"default","site-content-layout":"default","ast-site-content-layout":"default","site-content-style":"default","site-sidebar-style":"default","ast-global-header-display":"","ast-banner-title-visibility":"","ast-main-header-display":"","ast-hfb-above-header-display":"","ast-hfb-below-header-display":"","ast-hfb-mobile-header-display":"","site-post-title":"","ast-breadcrumbs-content":"","ast-featured-img":"","footer-sml-layout":"","ast-disable-related-posts":"","theme-transparent-header-meta":"default","adv-header-id-meta":"","stick-header-meta":"","header-above-stick-meta":"","header-main-stick-meta":"","header-below-stick-meta":"","astra-migrate-meta-layouts":"default","ast-page-background-enabled":"default","ast-page-background-meta":{"desktop":{"background-color":"var(--ast-global-color-4)","background-image":"","background-repeat":"repeat","background-position":"center center","background-size":"auto","background-attachment":"scroll","background-type":"","background-media":"","overlay-type":"","overlay-color":"","overlay-opacity":"","overlay-gradient":""},"tablet":{"background-color":"","background-image":"","background-repeat":"repeat","background-position":"center center","background-size":"auto","background-attachment":"scroll","background-type":"","background-media":"","overlay-type":"","overlay-color":"","overlay-opacity":"","overlay-gradient":""},"mobile":{"background-color":"","background-image":"","background-repeat":"repeat","background-position":"center center","background-size":"auto","background-attachment":"scroll","background-type":"","background-media":"","overlay-type":"","overlay-color":"","overlay-opacity":"","overlay-gradient":""}},"ast-content-background-meta":{"desktop":{"background-color":"var(--ast-global-color-5)","background-image":"","background-repeat":"repeat","background-position":"center center","background-size":"auto","background-attachment":"scroll","background-type":"","background-media":"","overlay-type":"","overlay-color":"","overlay-opacity":"","overlay-gradient":""},"tablet":{"background-color":"var(--ast-global-color-5)","background-image":"","background-repeat":"repeat","background-position":"center center","background-size":"auto","background-attachment":"scroll","background-type":"","background-media":"","overlay-type":"","overlay-color":"","overlay-opacity":"","overlay-gradient":""},"mobile":{"background-color":"var(--ast-global-color-5)","background-image":"","background-repeat":"repeat","background-position":"center center","background-size":"auto","background-attachment":"scroll","background-type":"","background-media":"","overlay-type":"","overlay-color":"","overlay-opacity":"","overlay-gradient":""}},"footnotes":""},"categories":[1],"tags":[],"class_list":["post-12732","post","type-post","status-publish","format-standard","has-post-thumbnail","hentry","category-aktuality"],"yoast_head":"<!-- This site is optimized with the Yoast SEO plugin v27.5 - https:\/\/yoast.com\/product\/yoast-seo-wordpress\/ -->\n<title>Medzin\u00e1rodn\u00fd ve\u013etrh cvi\u010dn\u00fdch firiem Slovensko 2022 - \u0160IOV - \u0161t\u00e1tny in\u0161tit\u00fat odborn\u00e9ho vzdel\u00e1vania<\/title>\n<meta name=\"robots\" content=\"index, follow, max-snippet:-1, max-image-preview:large, max-video-preview:-1\" \/>\n<link rel=\"canonical\" href=\"https:\/\/archiv.siov.sk\/en\/medzinarodny-veltrh-cvicnych-firiem-slovensko-2022-2\/\" \/>\n<meta property=\"og:locale\" content=\"en_GB\" \/>\n<meta property=\"og:type\" content=\"article\" \/>\n<meta property=\"og:title\" content=\"Medzin\u00e1rodn\u00fd ve\u013etrh cvi\u010dn\u00fdch firiem Slovensko 2022 - \u0160IOV - \u0161t\u00e1tny in\u0161tit\u00fat odborn\u00e9ho vzdel\u00e1vania\" \/>\n<meta property=\"og:description\" content=\"\u0160t\u00e1tny in\u0161tit\u00fat odborn\u00e9ho vzdel\u00e1vania (\u0160IOV) priv\u00edtal na Medzin\u00e1rodnom ve\u013etrhu cvi\u010dn\u00fdch firiem Slovensko v priestoroch Kia Slovakia s.r.o., Vzdel\u00e1vacom centre v Gbe\u013eanoch 18. a 19. okt\u00f3bra spolu tridsa\u0165 dom\u00e1cich a zahrani\u010dn\u00fdch cvi\u010dn\u00fdch firiem.&nbsp; S\u00fabe\u017ene s ve\u013etrhom kolegyne z Podpory smerovania ml\u00e1de\u017ee zrealizovali S\u00fa\u0165a\u017e mlad\u00fdch elektronikov. T\u00e9mou tohtoro\u010dn\u00e9ho ve\u013etrhu cvi\u010dn\u00fdch firiem bola \u201eEtika v&nbsp;podnikan\u00ed\u201c. Jeho s\u00fa\u010das\u0165ou boli [&hellip;]\" \/>\n<meta property=\"og:url\" content=\"https:\/\/archiv.siov.sk\/en\/medzinarodny-veltrh-cvicnych-firiem-slovensko-2022-2\/\" \/>\n<meta property=\"og:site_name\" content=\"\u0160IOV - \u0161t\u00e1tny in\u0161tit\u00fat odborn\u00e9ho vzdel\u00e1vania\" \/>\n<meta property=\"article:publisher\" content=\"https:\/\/www.facebook.com\/Statnyinstitutodbornehovzdelavania\" \/>\n<meta property=\"article:published_time\" content=\"2022-10-21T13:33:01+00:00\" \/>\n<meta property=\"og:image\" content=\"https:\/\/archiv.siov.sk\/wp-content\/uploads\/2022\/10\/DSC_4242-scaled.jpg\" \/>\n\t<meta property=\"og:image:width\" content=\"2560\" \/>\n\t<meta property=\"og:image:height\" content=\"1707\" \/>\n\t<meta property=\"og:image:type\" content=\"image\/jpeg\" \/>\n<meta name=\"author\" content=\"Katar\u00edna Kov\u00e1\u010dov\u00e1\" \/>\n<meta name=\"twitter:card\" content=\"summary_large_image\" \/>\n<meta name=\"twitter:label1\" content=\"Written by\" \/>\n\t<meta name=\"twitter:data1\" content=\"Katar\u00edna Kov\u00e1\u010dov\u00e1\" \/>\n\t<meta name=\"twitter:label2\" content=\"Estimated reading time\" \/>\n\t<meta name=\"twitter:data2\" content=\"4 minutes\" \/>\n<script type=\"application\/ld+json\" class=\"yoast-schema-graph\">{\"@context\":\"https:\\\/\\\/schema.org\",\"@graph\":[{\"@type\":\"Article\",\"@id\":\"https:\\\/\\\/archiv.siov.sk\\\/medzinarodny-veltrh-cvicnych-firiem-slovensko-2022-2\\\/#article\",\"isPartOf\":{\"@id\":\"https:\\\/\\\/archiv.siov.sk\\\/medzinarodny-veltrh-cvicnych-firiem-slovensko-2022-2\\\/\"},\"author\":{\"name\":\"Katar\u00edna Kov\u00e1\u010dov\u00e1\",\"@id\":\"https:\\\/\\\/archiv.siov.sk\\\/#\\\/schema\\\/person\\\/e42d633fbd958c6a726e8834d8965e6c\"},\"headline\":\"Medzin\u00e1rodn\u00fd ve\u013etrh cvi\u010dn\u00fdch firiem Slovensko 2022\",\"datePublished\":\"2022-10-21T13:33:01+00:00\",\"mainEntityOfPage\":{\"@id\":\"https:\\\/\\\/archiv.siov.sk\\\/medzinarodny-veltrh-cvicnych-firiem-slovensko-2022-2\\\/\"},\"wordCount\":1044,\"publisher\":{\"@id\":\"https:\\\/\\\/archiv.siov.sk\\\/#organization\"},\"image\":{\"@id\":\"https:\\\/\\\/archiv.siov.sk\\\/medzinarodny-veltrh-cvicnych-firiem-slovensko-2022-2\\\/#primaryimage\"},\"thumbnailUrl\":\"https:\\\/\\\/archiv.siov.sk\\\/wp-content\\\/uploads\\\/2022\\\/10\\\/DSC_4242-scaled.jpg\",\"articleSection\":[\"Aktuality\"],\"inLanguage\":\"en-GB\"},{\"@type\":\"WebPage\",\"@id\":\"https:\\\/\\\/archiv.siov.sk\\\/medzinarodny-veltrh-cvicnych-firiem-slovensko-2022-2\\\/\",\"url\":\"https:\\\/\\\/archiv.siov.sk\\\/medzinarodny-veltrh-cvicnych-firiem-slovensko-2022-2\\\/\",\"name\":\"Medzin\u00e1rodn\u00fd ve\u013etrh cvi\u010dn\u00fdch firiem Slovensko 2022 - \u0160IOV - \u0161t\u00e1tny in\u0161tit\u00fat odborn\u00e9ho vzdel\u00e1vania\",\"isPartOf\":{\"@id\":\"https:\\\/\\\/archiv.siov.sk\\\/#website\"},\"primaryImageOfPage\":{\"@id\":\"https:\\\/\\\/archiv.siov.sk\\\/medzinarodny-veltrh-cvicnych-firiem-slovensko-2022-2\\\/#primaryimage\"},\"image\":{\"@id\":\"https:\\\/\\\/archiv.siov.sk\\\/medzinarodny-veltrh-cvicnych-firiem-slovensko-2022-2\\\/#primaryimage\"},\"thumbnailUrl\":\"https:\\\/\\\/archiv.siov.sk\\\/wp-content\\\/uploads\\\/2022\\\/10\\\/DSC_4242-scaled.jpg\",\"datePublished\":\"2022-10-21T13:33:01+00:00\",\"breadcrumb\":{\"@id\":\"https:\\\/\\\/archiv.siov.sk\\\/medzinarodny-veltrh-cvicnych-firiem-slovensko-2022-2\\\/#breadcrumb\"},\"inLanguage\":\"en-GB\",\"potentialAction\":[{\"@type\":\"ReadAction\",\"target\":[\"https:\\\/\\\/archiv.siov.sk\\\/medzinarodny-veltrh-cvicnych-firiem-slovensko-2022-2\\\/\"]}]},{\"@type\":\"ImageObject\",\"inLanguage\":\"en-GB\",\"@id\":\"https:\\\/\\\/archiv.siov.sk\\\/medzinarodny-veltrh-cvicnych-firiem-slovensko-2022-2\\\/#primaryimage\",\"url\":\"https:\\\/\\\/archiv.siov.sk\\\/wp-content\\\/uploads\\\/2022\\\/10\\\/DSC_4242-scaled.jpg\",\"contentUrl\":\"https:\\\/\\\/archiv.siov.sk\\\/wp-content\\\/uploads\\\/2022\\\/10\\\/DSC_4242-scaled.jpg\",\"width\":2560,\"height\":1707},{\"@type\":\"BreadcrumbList\",\"@id\":\"https:\\\/\\\/archiv.siov.sk\\\/medzinarodny-veltrh-cvicnych-firiem-slovensko-2022-2\\\/#breadcrumb\",\"itemListElement\":[{\"@type\":\"ListItem\",\"position\":1,\"name\":\"Home\",\"item\":\"https:\\\/\\\/archiv.siov.sk\\\/\"},{\"@type\":\"ListItem\",\"position\":2,\"name\":\"Medzin\u00e1rodn\u00fd ve\u013etrh cvi\u010dn\u00fdch firiem Slovensko 2022\"}]},{\"@type\":\"WebSite\",\"@id\":\"https:\\\/\\\/archiv.siov.sk\\\/#website\",\"url\":\"https:\\\/\\\/archiv.siov.sk\\\/\",\"name\":\"\u0160IOV - \u0161t\u00e1tny in\u0161tit\u00fat odborn\u00e9ho vzdel\u00e1vania\",\"description\":\"\",\"publisher\":{\"@id\":\"https:\\\/\\\/archiv.siov.sk\\\/#organization\"},\"potentialAction\":[{\"@type\":\"SearchAction\",\"target\":{\"@type\":\"EntryPoint\",\"urlTemplate\":\"https:\\\/\\\/archiv.siov.sk\\\/?s={search_term_string}\"},\"query-input\":{\"@type\":\"PropertyValueSpecification\",\"valueRequired\":true,\"valueName\":\"search_term_string\"}}],\"inLanguage\":\"en-GB\"},{\"@type\":\"Organization\",\"@id\":\"https:\\\/\\\/archiv.siov.sk\\\/#organization\",\"name\":\"\u0160IOV - \u0161t\u00e1tny in\u0161tit\u00fat odborn\u00e9ho vzdel\u00e1vania\",\"url\":\"https:\\\/\\\/archiv.siov.sk\\\/\",\"logo\":{\"@type\":\"ImageObject\",\"inLanguage\":\"en-GB\",\"@id\":\"https:\\\/\\\/archiv.siov.sk\\\/#\\\/schema\\\/logo\\\/image\\\/\",\"url\":\"https:\\\/\\\/archiv.siov.sk\\\/wp-content\\\/uploads\\\/2024\\\/02\\\/logo-SIOV.png\",\"contentUrl\":\"https:\\\/\\\/archiv.siov.sk\\\/wp-content\\\/uploads\\\/2024\\\/02\\\/logo-SIOV.png\",\"width\":431,\"height\":143,\"caption\":\"\u0160IOV - \u0161t\u00e1tny in\u0161tit\u00fat odborn\u00e9ho vzdel\u00e1vania\"},\"image\":{\"@id\":\"https:\\\/\\\/archiv.siov.sk\\\/#\\\/schema\\\/logo\\\/image\\\/\"},\"sameAs\":[\"https:\\\/\\\/www.facebook.com\\\/Statnyinstitutodbornehovzdelavania\"]},{\"@type\":\"Person\",\"@id\":\"https:\\\/\\\/archiv.siov.sk\\\/#\\\/schema\\\/person\\\/e42d633fbd958c6a726e8834d8965e6c\",\"name\":\"Katar\u00edna Kov\u00e1\u010dov\u00e1\",\"url\":\"https:\\\/\\\/archiv.siov.sk\\\/en\\\/author\\\/katkakovacova\\\/\"}]}<\/script>\n<!-- \/ Yoast SEO plugin. -->","yoast_head_json":{"title":"Medzin\u00e1rodn\u00fd ve\u013etrh cvi\u010dn\u00fdch firiem Slovensko 2022 - \u0160IOV - \u0161t\u00e1tny in\u0161tit\u00fat odborn\u00e9ho vzdel\u00e1vania","robots":{"index":"index","follow":"follow","max-snippet":"max-snippet:-1","max-image-preview":"max-image-preview:large","max-video-preview":"max-video-preview:-1"},"canonical":"https:\/\/archiv.siov.sk\/en\/medzinarodny-veltrh-cvicnych-firiem-slovensko-2022-2\/","og_locale":"en_GB","og_type":"article","og_title":"Medzin\u00e1rodn\u00fd ve\u013etrh cvi\u010dn\u00fdch firiem Slovensko 2022 - \u0160IOV - \u0161t\u00e1tny in\u0161tit\u00fat odborn\u00e9ho vzdel\u00e1vania","og_description":"\u0160t\u00e1tny in\u0161tit\u00fat odborn\u00e9ho vzdel\u00e1vania (\u0160IOV) priv\u00edtal na Medzin\u00e1rodnom ve\u013etrhu cvi\u010dn\u00fdch firiem Slovensko v priestoroch Kia Slovakia s.r.o., Vzdel\u00e1vacom centre v Gbe\u013eanoch 18. a 19. okt\u00f3bra spolu tridsa\u0165 dom\u00e1cich a zahrani\u010dn\u00fdch cvi\u010dn\u00fdch firiem.&nbsp; S\u00fabe\u017ene s ve\u013etrhom kolegyne z Podpory smerovania ml\u00e1de\u017ee zrealizovali S\u00fa\u0165a\u017e mlad\u00fdch elektronikov. T\u00e9mou tohtoro\u010dn\u00e9ho ve\u013etrhu cvi\u010dn\u00fdch firiem bola \u201eEtika v&nbsp;podnikan\u00ed\u201c. Jeho s\u00fa\u010das\u0165ou boli [&hellip;]","og_url":"https:\/\/archiv.siov.sk\/en\/medzinarodny-veltrh-cvicnych-firiem-slovensko-2022-2\/","og_site_name":"\u0160IOV - \u0161t\u00e1tny in\u0161tit\u00fat odborn\u00e9ho vzdel\u00e1vania","article_publisher":"https:\/\/www.facebook.com\/Statnyinstitutodbornehovzdelavania","article_published_time":"2022-10-21T13:33:01+00:00","og_image":[{"width":2560,"height":1707,"url":"https:\/\/archiv.siov.sk\/wp-content\/uploads\/2022\/10\/DSC_4242-scaled.jpg","type":"image\/jpeg"}],"author":"Katar\u00edna Kov\u00e1\u010dov\u00e1","twitter_card":"summary_large_image","twitter_misc":{"Written by":"Katar\u00edna Kov\u00e1\u010dov\u00e1","Estimated reading time":"4 minutes"},"schema":{"@context":"https:\/\/schema.org","@graph":[{"@type":"Article","@id":"https:\/\/archiv.siov.sk\/medzinarodny-veltrh-cvicnych-firiem-slovensko-2022-2\/#article","isPartOf":{"@id":"https:\/\/archiv.siov.sk\/medzinarodny-veltrh-cvicnych-firiem-slovensko-2022-2\/"},"author":{"name":"Katar\u00edna Kov\u00e1\u010dov\u00e1","@id":"https:\/\/archiv.siov.sk\/#\/schema\/person\/e42d633fbd958c6a726e8834d8965e6c"},"headline":"Medzin\u00e1rodn\u00fd ve\u013etrh cvi\u010dn\u00fdch firiem Slovensko 2022","datePublished":"2022-10-21T13:33:01+00:00","mainEntityOfPage":{"@id":"https:\/\/archiv.siov.sk\/medzinarodny-veltrh-cvicnych-firiem-slovensko-2022-2\/"},"wordCount":1044,"publisher":{"@id":"https:\/\/archiv.siov.sk\/#organization"},"image":{"@id":"https:\/\/archiv.siov.sk\/medzinarodny-veltrh-cvicnych-firiem-slovensko-2022-2\/#primaryimage"},"thumbnailUrl":"https:\/\/archiv.siov.sk\/wp-content\/uploads\/2022\/10\/DSC_4242-scaled.jpg","articleSection":["Aktuality"],"inLanguage":"en-GB"},{"@type":"WebPage","@id":"https:\/\/archiv.siov.sk\/medzinarodny-veltrh-cvicnych-firiem-slovensko-2022-2\/","url":"https:\/\/archiv.siov.sk\/medzinarodny-veltrh-cvicnych-firiem-slovensko-2022-2\/","name":"Medzin\u00e1rodn\u00fd ve\u013etrh cvi\u010dn\u00fdch firiem Slovensko 2022 - \u0160IOV - \u0161t\u00e1tny in\u0161tit\u00fat odborn\u00e9ho vzdel\u00e1vania","isPartOf":{"@id":"https:\/\/archiv.siov.sk\/#website"},"primaryImageOfPage":{"@id":"https:\/\/archiv.siov.sk\/medzinarodny-veltrh-cvicnych-firiem-slovensko-2022-2\/#primaryimage"},"image":{"@id":"https:\/\/archiv.siov.sk\/medzinarodny-veltrh-cvicnych-firiem-slovensko-2022-2\/#primaryimage"},"thumbnailUrl":"https:\/\/archiv.siov.sk\/wp-content\/uploads\/2022\/10\/DSC_4242-scaled.jpg","datePublished":"2022-10-21T13:33:01+00:00","breadcrumb":{"@id":"https:\/\/archiv.siov.sk\/medzinarodny-veltrh-cvicnych-firiem-slovensko-2022-2\/#breadcrumb"},"inLanguage":"en-GB","potentialAction":[{"@type":"ReadAction","target":["https:\/\/archiv.siov.sk\/medzinarodny-veltrh-cvicnych-firiem-slovensko-2022-2\/"]}]},{"@type":"ImageObject","inLanguage":"en-GB","@id":"https:\/\/archiv.siov.sk\/medzinarodny-veltrh-cvicnych-firiem-slovensko-2022-2\/#primaryimage","url":"https:\/\/archiv.siov.sk\/wp-content\/uploads\/2022\/10\/DSC_4242-scaled.jpg","contentUrl":"https:\/\/archiv.siov.sk\/wp-content\/uploads\/2022\/10\/DSC_4242-scaled.jpg","width":2560,"height":1707},{"@type":"BreadcrumbList","@id":"https:\/\/archiv.siov.sk\/medzinarodny-veltrh-cvicnych-firiem-slovensko-2022-2\/#breadcrumb","itemListElement":[{"@type":"ListItem","position":1,"name":"Home","item":"https:\/\/archiv.siov.sk\/"},{"@type":"ListItem","position":2,"name":"Medzin\u00e1rodn\u00fd ve\u013etrh cvi\u010dn\u00fdch firiem Slovensko 2022"}]},{"@type":"WebSite","@id":"https:\/\/archiv.siov.sk\/#website","url":"https:\/\/archiv.siov.sk\/","name":"\u0160IOV - \u0161t\u00e1tny in\u0161tit\u00fat odborn\u00e9ho vzdel\u00e1vania","description":"","publisher":{"@id":"https:\/\/archiv.siov.sk\/#organization"},"potentialAction":[{"@type":"SearchAction","target":{"@type":"EntryPoint","urlTemplate":"https:\/\/archiv.siov.sk\/?s={search_term_string}"},"query-input":{"@type":"PropertyValueSpecification","valueRequired":true,"valueName":"search_term_string"}}],"inLanguage":"en-GB"},{"@type":"Organization","@id":"https:\/\/archiv.siov.sk\/#organization","name":"\u0160IOV - \u0161t\u00e1tny in\u0161tit\u00fat odborn\u00e9ho vzdel\u00e1vania","url":"https:\/\/archiv.siov.sk\/","logo":{"@type":"ImageObject","inLanguage":"en-GB","@id":"https:\/\/archiv.siov.sk\/#\/schema\/logo\/image\/","url":"https:\/\/archiv.siov.sk\/wp-content\/uploads\/2024\/02\/logo-SIOV.png","contentUrl":"https:\/\/archiv.siov.sk\/wp-content\/uploads\/2024\/02\/logo-SIOV.png","width":431,"height":143,"caption":"\u0160IOV - \u0161t\u00e1tny in\u0161tit\u00fat odborn\u00e9ho vzdel\u00e1vania"},"image":{"@id":"https:\/\/archiv.siov.sk\/#\/schema\/logo\/image\/"},"sameAs":["https:\/\/www.facebook.com\/Statnyinstitutodbornehovzdelavania"]},{"@type":"Person","@id":"https:\/\/archiv.siov.sk\/#\/schema\/person\/e42d633fbd958c6a726e8834d8965e6c","name":"Katar\u00edna Kov\u00e1\u010dov\u00e1","url":"https:\/\/archiv.siov.sk\/en\/author\/katkakovacova\/"}]}},"_links":{"self":[{"href":"https:\/\/archiv.siov.sk\/en\/wp-json\/wp\/v2\/posts\/12732","targetHints":{"allow":["GET"]}}],"collection":[{"href":"https:\/\/archiv.siov.sk\/en\/wp-json\/wp\/v2\/posts"}],"about":[{"href":"https:\/\/archiv.siov.sk\/en\/wp-json\/wp\/v2\/types\/post"}],"author":[{"embeddable":true,"href":"https:\/\/archiv.siov.sk\/en\/wp-json\/wp\/v2\/users\/6"}],"replies":[{"embeddable":true,"href":"https:\/\/archiv.siov.sk\/en\/wp-json\/wp\/v2\/comments?post=12732"}],"version-history":[{"count":2,"href":"https:\/\/archiv.siov.sk\/en\/wp-json\/wp\/v2\/posts\/12732\/revisions"}],"predecessor-version":[{"id":12736,"href":"https:\/\/archiv.siov.sk\/en\/wp-json\/wp\/v2\/posts\/12732\/revisions\/12736"}],"wp:featuredmedia":[{"embeddable":true,"href":"https:\/\/archiv.siov.sk\/en\/wp-json\/wp\/v2\/media\/12735"}],"wp:attachment":[{"href":"https:\/\/archiv.siov.sk\/en\/wp-json\/wp\/v2\/media?parent=12732"}],"wp:term":[{"taxonomy":"category","embeddable":true,"href":"https:\/\/archiv.siov.sk\/en\/wp-json\/wp\/v2\/categories?post=12732"},{"taxonomy":"post_tag","embeddable":true,"href":"https:\/\/archiv.siov.sk\/en\/wp-json\/wp\/v2\/tags?post=12732"}],"curies":[{"name":"wp","href":"https:\/\/api.w.org\/{rel}","templated":true}]}}