{"id":12356,"date":"2022-10-20T15:07:43","date_gmt":"2022-10-20T13:07:43","guid":{"rendered":"https:\/\/archiv.siov.sk\/?p=12356"},"modified":"2022-11-03T16:28:45","modified_gmt":"2022-11-03T15:28:45","slug":"stvrty-rocnik-celostatnej-sutaze-mladych-elektronikov-sa-uspesne-ukoncil","status":"publish","type":"post","link":"https:\/\/archiv.siov.sk\/en\/stvrty-rocnik-celostatnej-sutaze-mladych-elektronikov-sa-uspesne-ukoncil\/","title":{"rendered":"\u0160tvrt\u00fd ro\u010dn\u00edk celo\u0161t\u00e1tnej s\u00fa\u0165a\u017ee mlad\u00fdch elektronikov sa \u00faspe\u0161ne ukon\u010dil"},"content":{"rendered":"<p style=\"text-align: justify;\">KIA Slovakia Vzdel\u00e1vacie stredisko Gbe\u013eany 18.-19. okt\u00f3bra 2022 hostilo na ploche 650 m2 &nbsp;stretnutie talentovan\u00fdch stredo\u0161kol\u00e1kov, ktor\u00ed po\u010das dvoch dn\u00ed preuk\u00e1zali svoju&nbsp; znalos\u0165 odborn\u00fdch vedomost\u00ed a&nbsp;zru\u010dnost\u00ed v&nbsp;n\u00e1ro\u010dnej profesii elektronik. S\u00fa\u0165a\u017ee sa z\u00fa\u010dastnilo celkom \u0161tyridsa\u0165 najlep\u0161\u00edch \u017eiakov prv\u00fdch a&nbsp;druh\u00fdch ro\u010dn\u00edkov stredn\u00fdch odborn\u00fdch \u0161k\u00f4l &nbsp;Slovenska.<\/p>\n<p style=\"text-align: justify;\">Z jednej \u0161koly zabojovali maxim\u00e1lne dvaja najlep\u0161\u00ed \u017eiaci. \u010clenovia odbornej hodnotiacej komisie pod gestorstvom Slovenskej spolo\u010dnosti elektronikov mali nesmierne n\u00e1ro\u010dn\u00fa \u00falohu vybra\u0165 najlep\u0161\u00edch \u0161iestich \u017eiakov. &nbsp;Pre v\u00fdrazn\u00e9 \u00faspechy \u017eiakov sa komisia rozhodla udeli\u0165 aj mimoriadnu cenu Ministerstva hospod\u00e1rstva SR &nbsp;jednej z najlep\u0161ie &nbsp;pripraven\u00fdch \u0161k\u00f4l, konkr\u00e9tne Strednej odbornej \u0161kole technickej Tlma\u010de. Zhotoven\u00e9 elektronick\u00e9 stavebnice v\u00fdrobku, \u201eElektronick\u00e1 hra na postreh s mikrokontrol\u00e9rom\u201c \u017eiaci predviedli na z\u00e1ver komisii. Zadanie malo zauj\u00edmav\u00fd \u00fa\u010del, ktor\u00fdm bolo vytvorenie prototypu elektronickej hracej kocky, ktorej funk\u010dnos\u0165 bola potvrden\u00e1 blikaj\u00facimi LED \u2013 di\u00f3dami na ploche plo\u0161n\u00e9ho spoja.<\/p>\n<p style=\"text-align: justify;\">O porad\u00ed rozhodla kvalita sp\u00e1jkovania, funk\u010dnos\u0165, celkov\u00fd vzh\u013ead v\u00fdrobku a&nbsp;\u010das zhotovenia. D\u00f4le\u017eit\u00e9 boli, samozrejme, &nbsp;aj teoretick\u00e9 vedomosti \u017eiakov.<\/p>\n<p style=\"text-align: justify;\">Na prvom mieste sa umiestnil&nbsp; <strong>Du\u0161an Valach zo Strednej odbornej \u0161koly technickej, Tlma\u010de<\/strong> s&nbsp;po\u010dtom bodov 93. Druh\u00e9 miesto patr\u00ed <strong>Matejovi Keb\u00edsekovi zo Strednej priemyselnej \u0161koly Dubnica nad V\u00e1hom <\/strong>s po\u010dtom bodov 92, na tre\u0165om mieste skon\u010dil <strong>Adam Kole\u0148\u00e1k zo Strednej priemyselnej \u0161koly technickej Trnava<\/strong> s po\u010dtom bodov 90.&nbsp; \u0160tvrt\u00e9 miesto patrilo Patrikovi Uri\u010dovi z Strednej priemyselnej \u0161koly Dubnica nad V\u00e1hom, piate miesto z\u00edskal Adam Tich\u00fd z Strednej odbornej \u0161koly technickej Tlma\u010de a \u0161ieste miesto&nbsp; J\u00e1n \u0160angala zo Strednej odbornej \u0161koly informa\u010dn\u00fdch technol\u00f3gi\u00ed Tvrdo\u0161\u00edn.<\/p>\n<p style=\"text-align: justify;\">Poslan\u00edm s\u00fa\u0165a\u017ee je zv\u00fd\u0161i\u0165 profesijn\u00e9 zru\u010dnosti a uznanie v\u00fdnimo\u010dn\u00fdch \u017eiakov, pouk\u00e1za\u0165 na d\u00f4le\u017eitos\u0165 zru\u010dnost\u00ed v odbore&nbsp; elektronika pre bud\u00faci osobn\u00fd a profesijn\u00fd rast \u017eiakov. Organiza\u010dn\u00fdm a metodick\u00fdm garantom s\u00fa\u0165a\u017ee bol \u0160t\u00e1tny in\u0161tit\u00fat odborn\u00e9ho vzdel\u00e1vania, odbor podpory smerovania ml\u00e1de\u017ee. Odborn\u00fdm gestorom a partnerom spolupr\u00e1ce bola Slovensk\u00e1 spolo\u010dnos\u0165 elektronikov, firma SOS electronic Ko\u0161ice a &nbsp;Ministerstvo hospod\u00e1rstva SR.&nbsp;<\/p>","protected":false},"excerpt":{"rendered":"<p>KIA Slovakia Vzdel\u00e1vacie stredisko Gbe\u013eany 18.-19. okt\u00f3bra 2022 hostilo na ploche 650 m2 &nbsp;stretnutie talentovan\u00fdch stredo\u0161kol\u00e1kov, ktor\u00ed po\u010das dvoch dn\u00ed preuk\u00e1zali svoju&nbsp; znalos\u0165 odborn\u00fdch vedomost\u00ed a&nbsp;zru\u010dnost\u00ed v&nbsp;n\u00e1ro\u010dnej profesii elektronik. S\u00fa\u0165a\u017ee sa z\u00fa\u010dastnilo celkom \u0161tyridsa\u0165 najlep\u0161\u00edch \u017eiakov prv\u00fdch a&nbsp;druh\u00fdch ro\u010dn\u00edkov stredn\u00fdch odborn\u00fdch \u0161k\u00f4l &nbsp;Slovenska. Z jednej \u0161koly zabojovali maxim\u00e1lne dvaja najlep\u0161\u00ed \u017eiaci. \u010clenovia odbornej hodnotiacej komisie [&hellip;]<\/p>\n","protected":false},"author":6,"featured_media":12358,"comment_status":"closed","ping_status":"closed","sticky":false,"template":"","format":"standard","meta":{"site-sidebar-layout":"default","site-content-layout":"default","ast-site-content-layout":"default","site-content-style":"default","site-sidebar-style":"default","ast-global-header-display":"","ast-banner-title-visibility":"","ast-main-header-display":"","ast-hfb-above-header-display":"","ast-hfb-below-header-display":"","ast-hfb-mobile-header-display":"","site-post-title":"","ast-breadcrumbs-content":"","ast-featured-img":"","footer-sml-layout":"","ast-disable-related-posts":"","theme-transparent-header-meta":"default","adv-header-id-meta":"","stick-header-meta":"","header-above-stick-meta":"","header-main-stick-meta":"","header-below-stick-meta":"","astra-migrate-meta-layouts":"default","ast-page-background-enabled":"default","ast-page-background-meta":{"desktop":{"background-color":"var(--ast-global-color-4)","background-image":"","background-repeat":"repeat","background-position":"center center","background-size":"auto","background-attachment":"scroll","background-type":"","background-media":"","overlay-type":"","overlay-color":"","overlay-opacity":"","overlay-gradient":""},"tablet":{"background-color":"","background-image":"","background-repeat":"repeat","background-position":"center center","background-size":"auto","background-attachment":"scroll","background-type":"","background-media":"","overlay-type":"","overlay-color":"","overlay-opacity":"","overlay-gradient":""},"mobile":{"background-color":"","background-image":"","background-repeat":"repeat","background-position":"center center","background-size":"auto","background-attachment":"scroll","background-type":"","background-media":"","overlay-type":"","overlay-color":"","overlay-opacity":"","overlay-gradient":""}},"ast-content-background-meta":{"desktop":{"background-color":"var(--ast-global-color-5)","background-image":"","background-repeat":"repeat","background-position":"center center","background-size":"auto","background-attachment":"scroll","background-type":"","background-media":"","overlay-type":"","overlay-color":"","overlay-opacity":"","overlay-gradient":""},"tablet":{"background-color":"var(--ast-global-color-5)","background-image":"","background-repeat":"repeat","background-position":"center center","background-size":"auto","background-attachment":"scroll","background-type":"","background-media":"","overlay-type":"","overlay-color":"","overlay-opacity":"","overlay-gradient":""},"mobile":{"background-color":"var(--ast-global-color-5)","background-image":"","background-repeat":"repeat","background-position":"center center","background-size":"auto","background-attachment":"scroll","background-type":"","background-media":"","overlay-type":"","overlay-color":"","overlay-opacity":"","overlay-gradient":""}},"footnotes":""},"categories":[1],"tags":[],"class_list":["post-12356","post","type-post","status-publish","format-standard","has-post-thumbnail","hentry","category-aktuality"],"yoast_head":"<!-- This site is optimized with the Yoast SEO plugin v27.5 - https:\/\/yoast.com\/product\/yoast-seo-wordpress\/ -->\n<title>\u0160tvrt\u00fd ro\u010dn\u00edk celo\u0161t\u00e1tnej s\u00fa\u0165a\u017ee mlad\u00fdch elektronikov sa \u00faspe\u0161ne ukon\u010dil - \u0160IOV - \u0161t\u00e1tny in\u0161tit\u00fat odborn\u00e9ho vzdel\u00e1vania<\/title>\n<meta name=\"robots\" content=\"index, follow, max-snippet:-1, max-image-preview:large, max-video-preview:-1\" \/>\n<link rel=\"canonical\" href=\"https:\/\/archiv.siov.sk\/en\/stvrty-rocnik-celostatnej-sutaze-mladych-elektronikov-sa-uspesne-ukoncil\/\" \/>\n<meta property=\"og:locale\" content=\"en_GB\" \/>\n<meta property=\"og:type\" content=\"article\" \/>\n<meta property=\"og:title\" content=\"\u0160tvrt\u00fd ro\u010dn\u00edk celo\u0161t\u00e1tnej s\u00fa\u0165a\u017ee mlad\u00fdch elektronikov sa \u00faspe\u0161ne ukon\u010dil - \u0160IOV - \u0161t\u00e1tny in\u0161tit\u00fat odborn\u00e9ho vzdel\u00e1vania\" \/>\n<meta property=\"og:description\" content=\"KIA Slovakia Vzdel\u00e1vacie stredisko Gbe\u013eany 18.-19. okt\u00f3bra 2022 hostilo na ploche 650 m2 &nbsp;stretnutie talentovan\u00fdch stredo\u0161kol\u00e1kov, ktor\u00ed po\u010das dvoch dn\u00ed preuk\u00e1zali svoju&nbsp; znalos\u0165 odborn\u00fdch vedomost\u00ed a&nbsp;zru\u010dnost\u00ed v&nbsp;n\u00e1ro\u010dnej profesii elektronik. S\u00fa\u0165a\u017ee sa z\u00fa\u010dastnilo celkom \u0161tyridsa\u0165 najlep\u0161\u00edch \u017eiakov prv\u00fdch a&nbsp;druh\u00fdch ro\u010dn\u00edkov stredn\u00fdch odborn\u00fdch \u0161k\u00f4l &nbsp;Slovenska. Z jednej \u0161koly zabojovali maxim\u00e1lne dvaja najlep\u0161\u00ed \u017eiaci. \u010clenovia odbornej hodnotiacej komisie [&hellip;]\" \/>\n<meta property=\"og:url\" content=\"https:\/\/archiv.siov.sk\/en\/stvrty-rocnik-celostatnej-sutaze-mladych-elektronikov-sa-uspesne-ukoncil\/\" \/>\n<meta property=\"og:site_name\" content=\"\u0160IOV - \u0161t\u00e1tny in\u0161tit\u00fat odborn\u00e9ho vzdel\u00e1vania\" \/>\n<meta property=\"article:publisher\" content=\"https:\/\/www.facebook.com\/Statnyinstitutodbornehovzdelavania\" \/>\n<meta property=\"article:published_time\" content=\"2022-10-20T13:07:43+00:00\" \/>\n<meta property=\"article:modified_time\" content=\"2022-11-03T15:28:45+00:00\" \/>\n<meta property=\"og:image\" content=\"https:\/\/archiv.siov.sk\/wp-content\/uploads\/2022\/10\/312083129_480595440690436_6004609175750758054_n.jpg\" \/>\n\t<meta property=\"og:image:width\" content=\"2000\" \/>\n\t<meta property=\"og:image:height\" content=\"900\" \/>\n\t<meta property=\"og:image:type\" content=\"image\/jpeg\" \/>\n<meta name=\"author\" content=\"Katar\u00edna Kov\u00e1\u010dov\u00e1\" \/>\n<meta name=\"twitter:card\" content=\"summary_large_image\" \/>\n<meta name=\"twitter:label1\" content=\"Written by\" \/>\n\t<meta name=\"twitter:data1\" content=\"Katar\u00edna Kov\u00e1\u010dov\u00e1\" \/>\n\t<meta name=\"twitter:label2\" content=\"Estimated reading time\" \/>\n\t<meta name=\"twitter:data2\" content=\"2 minutes\" \/>\n<script type=\"application\/ld+json\" class=\"yoast-schema-graph\">{\"@context\":\"https:\\\/\\\/schema.org\",\"@graph\":[{\"@type\":\"Article\",\"@id\":\"https:\\\/\\\/archiv.siov.sk\\\/stvrty-rocnik-celostatnej-sutaze-mladych-elektronikov-sa-uspesne-ukoncil\\\/#article\",\"isPartOf\":{\"@id\":\"https:\\\/\\\/archiv.siov.sk\\\/stvrty-rocnik-celostatnej-sutaze-mladych-elektronikov-sa-uspesne-ukoncil\\\/\"},\"author\":{\"name\":\"Katar\u00edna Kov\u00e1\u010dov\u00e1\",\"@id\":\"https:\\\/\\\/archiv.siov.sk\\\/#\\\/schema\\\/person\\\/e42d633fbd958c6a726e8834d8965e6c\"},\"headline\":\"\u0160tvrt\u00fd ro\u010dn\u00edk celo\u0161t\u00e1tnej s\u00fa\u0165a\u017ee mlad\u00fdch elektronikov sa \u00faspe\u0161ne ukon\u010dil\",\"datePublished\":\"2022-10-20T13:07:43+00:00\",\"dateModified\":\"2022-11-03T15:28:45+00:00\",\"mainEntityOfPage\":{\"@id\":\"https:\\\/\\\/archiv.siov.sk\\\/stvrty-rocnik-celostatnej-sutaze-mladych-elektronikov-sa-uspesne-ukoncil\\\/\"},\"wordCount\":422,\"publisher\":{\"@id\":\"https:\\\/\\\/archiv.siov.sk\\\/#organization\"},\"image\":{\"@id\":\"https:\\\/\\\/archiv.siov.sk\\\/stvrty-rocnik-celostatnej-sutaze-mladych-elektronikov-sa-uspesne-ukoncil\\\/#primaryimage\"},\"thumbnailUrl\":\"https:\\\/\\\/archiv.siov.sk\\\/wp-content\\\/uploads\\\/2022\\\/10\\\/312083129_480595440690436_6004609175750758054_n.jpg\",\"articleSection\":[\"Aktuality\"],\"inLanguage\":\"en-GB\"},{\"@type\":\"WebPage\",\"@id\":\"https:\\\/\\\/archiv.siov.sk\\\/stvrty-rocnik-celostatnej-sutaze-mladych-elektronikov-sa-uspesne-ukoncil\\\/\",\"url\":\"https:\\\/\\\/archiv.siov.sk\\\/stvrty-rocnik-celostatnej-sutaze-mladych-elektronikov-sa-uspesne-ukoncil\\\/\",\"name\":\"\u0160tvrt\u00fd ro\u010dn\u00edk celo\u0161t\u00e1tnej s\u00fa\u0165a\u017ee mlad\u00fdch elektronikov sa \u00faspe\u0161ne ukon\u010dil - \u0160IOV - \u0161t\u00e1tny in\u0161tit\u00fat odborn\u00e9ho vzdel\u00e1vania\",\"isPartOf\":{\"@id\":\"https:\\\/\\\/archiv.siov.sk\\\/#website\"},\"primaryImageOfPage\":{\"@id\":\"https:\\\/\\\/archiv.siov.sk\\\/stvrty-rocnik-celostatnej-sutaze-mladych-elektronikov-sa-uspesne-ukoncil\\\/#primaryimage\"},\"image\":{\"@id\":\"https:\\\/\\\/archiv.siov.sk\\\/stvrty-rocnik-celostatnej-sutaze-mladych-elektronikov-sa-uspesne-ukoncil\\\/#primaryimage\"},\"thumbnailUrl\":\"https:\\\/\\\/archiv.siov.sk\\\/wp-content\\\/uploads\\\/2022\\\/10\\\/312083129_480595440690436_6004609175750758054_n.jpg\",\"datePublished\":\"2022-10-20T13:07:43+00:00\",\"dateModified\":\"2022-11-03T15:28:45+00:00\",\"breadcrumb\":{\"@id\":\"https:\\\/\\\/archiv.siov.sk\\\/stvrty-rocnik-celostatnej-sutaze-mladych-elektronikov-sa-uspesne-ukoncil\\\/#breadcrumb\"},\"inLanguage\":\"en-GB\",\"potentialAction\":[{\"@type\":\"ReadAction\",\"target\":[\"https:\\\/\\\/archiv.siov.sk\\\/stvrty-rocnik-celostatnej-sutaze-mladych-elektronikov-sa-uspesne-ukoncil\\\/\"]}]},{\"@type\":\"ImageObject\",\"inLanguage\":\"en-GB\",\"@id\":\"https:\\\/\\\/archiv.siov.sk\\\/stvrty-rocnik-celostatnej-sutaze-mladych-elektronikov-sa-uspesne-ukoncil\\\/#primaryimage\",\"url\":\"https:\\\/\\\/archiv.siov.sk\\\/wp-content\\\/uploads\\\/2022\\\/10\\\/312083129_480595440690436_6004609175750758054_n.jpg\",\"contentUrl\":\"https:\\\/\\\/archiv.siov.sk\\\/wp-content\\\/uploads\\\/2022\\\/10\\\/312083129_480595440690436_6004609175750758054_n.jpg\",\"width\":2000,\"height\":900},{\"@type\":\"BreadcrumbList\",\"@id\":\"https:\\\/\\\/archiv.siov.sk\\\/stvrty-rocnik-celostatnej-sutaze-mladych-elektronikov-sa-uspesne-ukoncil\\\/#breadcrumb\",\"itemListElement\":[{\"@type\":\"ListItem\",\"position\":1,\"name\":\"Home\",\"item\":\"https:\\\/\\\/archiv.siov.sk\\\/\"},{\"@type\":\"ListItem\",\"position\":2,\"name\":\"\u0160tvrt\u00fd ro\u010dn\u00edk celo\u0161t\u00e1tnej s\u00fa\u0165a\u017ee mlad\u00fdch elektronikov sa \u00faspe\u0161ne ukon\u010dil\"}]},{\"@type\":\"WebSite\",\"@id\":\"https:\\\/\\\/archiv.siov.sk\\\/#website\",\"url\":\"https:\\\/\\\/archiv.siov.sk\\\/\",\"name\":\"\u0160IOV - \u0161t\u00e1tny in\u0161tit\u00fat odborn\u00e9ho vzdel\u00e1vania\",\"description\":\"\",\"publisher\":{\"@id\":\"https:\\\/\\\/archiv.siov.sk\\\/#organization\"},\"potentialAction\":[{\"@type\":\"SearchAction\",\"target\":{\"@type\":\"EntryPoint\",\"urlTemplate\":\"https:\\\/\\\/archiv.siov.sk\\\/?s={search_term_string}\"},\"query-input\":{\"@type\":\"PropertyValueSpecification\",\"valueRequired\":true,\"valueName\":\"search_term_string\"}}],\"inLanguage\":\"en-GB\"},{\"@type\":\"Organization\",\"@id\":\"https:\\\/\\\/archiv.siov.sk\\\/#organization\",\"name\":\"\u0160IOV - \u0161t\u00e1tny in\u0161tit\u00fat odborn\u00e9ho vzdel\u00e1vania\",\"url\":\"https:\\\/\\\/archiv.siov.sk\\\/\",\"logo\":{\"@type\":\"ImageObject\",\"inLanguage\":\"en-GB\",\"@id\":\"https:\\\/\\\/archiv.siov.sk\\\/#\\\/schema\\\/logo\\\/image\\\/\",\"url\":\"https:\\\/\\\/archiv.siov.sk\\\/wp-content\\\/uploads\\\/2024\\\/02\\\/logo-SIOV.png\",\"contentUrl\":\"https:\\\/\\\/archiv.siov.sk\\\/wp-content\\\/uploads\\\/2024\\\/02\\\/logo-SIOV.png\",\"width\":431,\"height\":143,\"caption\":\"\u0160IOV - \u0161t\u00e1tny in\u0161tit\u00fat odborn\u00e9ho vzdel\u00e1vania\"},\"image\":{\"@id\":\"https:\\\/\\\/archiv.siov.sk\\\/#\\\/schema\\\/logo\\\/image\\\/\"},\"sameAs\":[\"https:\\\/\\\/www.facebook.com\\\/Statnyinstitutodbornehovzdelavania\"]},{\"@type\":\"Person\",\"@id\":\"https:\\\/\\\/archiv.siov.sk\\\/#\\\/schema\\\/person\\\/e42d633fbd958c6a726e8834d8965e6c\",\"name\":\"Katar\u00edna Kov\u00e1\u010dov\u00e1\",\"url\":\"https:\\\/\\\/archiv.siov.sk\\\/en\\\/author\\\/katkakovacova\\\/\"}]}<\/script>\n<!-- \/ Yoast SEO plugin. -->","yoast_head_json":{"title":"\u0160tvrt\u00fd ro\u010dn\u00edk celo\u0161t\u00e1tnej s\u00fa\u0165a\u017ee mlad\u00fdch elektronikov sa \u00faspe\u0161ne ukon\u010dil - \u0160IOV - \u0161t\u00e1tny in\u0161tit\u00fat odborn\u00e9ho vzdel\u00e1vania","robots":{"index":"index","follow":"follow","max-snippet":"max-snippet:-1","max-image-preview":"max-image-preview:large","max-video-preview":"max-video-preview:-1"},"canonical":"https:\/\/archiv.siov.sk\/en\/stvrty-rocnik-celostatnej-sutaze-mladych-elektronikov-sa-uspesne-ukoncil\/","og_locale":"en_GB","og_type":"article","og_title":"\u0160tvrt\u00fd ro\u010dn\u00edk celo\u0161t\u00e1tnej s\u00fa\u0165a\u017ee mlad\u00fdch elektronikov sa \u00faspe\u0161ne ukon\u010dil - \u0160IOV - \u0161t\u00e1tny in\u0161tit\u00fat odborn\u00e9ho vzdel\u00e1vania","og_description":"KIA Slovakia Vzdel\u00e1vacie stredisko Gbe\u013eany 18.-19. okt\u00f3bra 2022 hostilo na ploche 650 m2 &nbsp;stretnutie talentovan\u00fdch stredo\u0161kol\u00e1kov, ktor\u00ed po\u010das dvoch dn\u00ed preuk\u00e1zali svoju&nbsp; znalos\u0165 odborn\u00fdch vedomost\u00ed a&nbsp;zru\u010dnost\u00ed v&nbsp;n\u00e1ro\u010dnej profesii elektronik. S\u00fa\u0165a\u017ee sa z\u00fa\u010dastnilo celkom \u0161tyridsa\u0165 najlep\u0161\u00edch \u017eiakov prv\u00fdch a&nbsp;druh\u00fdch ro\u010dn\u00edkov stredn\u00fdch odborn\u00fdch \u0161k\u00f4l &nbsp;Slovenska. Z jednej \u0161koly zabojovali maxim\u00e1lne dvaja najlep\u0161\u00ed \u017eiaci. \u010clenovia odbornej hodnotiacej komisie [&hellip;]","og_url":"https:\/\/archiv.siov.sk\/en\/stvrty-rocnik-celostatnej-sutaze-mladych-elektronikov-sa-uspesne-ukoncil\/","og_site_name":"\u0160IOV - \u0161t\u00e1tny in\u0161tit\u00fat odborn\u00e9ho vzdel\u00e1vania","article_publisher":"https:\/\/www.facebook.com\/Statnyinstitutodbornehovzdelavania","article_published_time":"2022-10-20T13:07:43+00:00","article_modified_time":"2022-11-03T15:28:45+00:00","og_image":[{"width":2000,"height":900,"url":"https:\/\/archiv.siov.sk\/wp-content\/uploads\/2022\/10\/312083129_480595440690436_6004609175750758054_n.jpg","type":"image\/jpeg"}],"author":"Katar\u00edna Kov\u00e1\u010dov\u00e1","twitter_card":"summary_large_image","twitter_misc":{"Written by":"Katar\u00edna Kov\u00e1\u010dov\u00e1","Estimated reading time":"2 minutes"},"schema":{"@context":"https:\/\/schema.org","@graph":[{"@type":"Article","@id":"https:\/\/archiv.siov.sk\/stvrty-rocnik-celostatnej-sutaze-mladych-elektronikov-sa-uspesne-ukoncil\/#article","isPartOf":{"@id":"https:\/\/archiv.siov.sk\/stvrty-rocnik-celostatnej-sutaze-mladych-elektronikov-sa-uspesne-ukoncil\/"},"author":{"name":"Katar\u00edna Kov\u00e1\u010dov\u00e1","@id":"https:\/\/archiv.siov.sk\/#\/schema\/person\/e42d633fbd958c6a726e8834d8965e6c"},"headline":"\u0160tvrt\u00fd ro\u010dn\u00edk celo\u0161t\u00e1tnej s\u00fa\u0165a\u017ee mlad\u00fdch elektronikov sa \u00faspe\u0161ne ukon\u010dil","datePublished":"2022-10-20T13:07:43+00:00","dateModified":"2022-11-03T15:28:45+00:00","mainEntityOfPage":{"@id":"https:\/\/archiv.siov.sk\/stvrty-rocnik-celostatnej-sutaze-mladych-elektronikov-sa-uspesne-ukoncil\/"},"wordCount":422,"publisher":{"@id":"https:\/\/archiv.siov.sk\/#organization"},"image":{"@id":"https:\/\/archiv.siov.sk\/stvrty-rocnik-celostatnej-sutaze-mladych-elektronikov-sa-uspesne-ukoncil\/#primaryimage"},"thumbnailUrl":"https:\/\/archiv.siov.sk\/wp-content\/uploads\/2022\/10\/312083129_480595440690436_6004609175750758054_n.jpg","articleSection":["Aktuality"],"inLanguage":"en-GB"},{"@type":"WebPage","@id":"https:\/\/archiv.siov.sk\/stvrty-rocnik-celostatnej-sutaze-mladych-elektronikov-sa-uspesne-ukoncil\/","url":"https:\/\/archiv.siov.sk\/stvrty-rocnik-celostatnej-sutaze-mladych-elektronikov-sa-uspesne-ukoncil\/","name":"\u0160tvrt\u00fd ro\u010dn\u00edk celo\u0161t\u00e1tnej s\u00fa\u0165a\u017ee mlad\u00fdch elektronikov sa \u00faspe\u0161ne ukon\u010dil - \u0160IOV - \u0161t\u00e1tny in\u0161tit\u00fat odborn\u00e9ho vzdel\u00e1vania","isPartOf":{"@id":"https:\/\/archiv.siov.sk\/#website"},"primaryImageOfPage":{"@id":"https:\/\/archiv.siov.sk\/stvrty-rocnik-celostatnej-sutaze-mladych-elektronikov-sa-uspesne-ukoncil\/#primaryimage"},"image":{"@id":"https:\/\/archiv.siov.sk\/stvrty-rocnik-celostatnej-sutaze-mladych-elektronikov-sa-uspesne-ukoncil\/#primaryimage"},"thumbnailUrl":"https:\/\/archiv.siov.sk\/wp-content\/uploads\/2022\/10\/312083129_480595440690436_6004609175750758054_n.jpg","datePublished":"2022-10-20T13:07:43+00:00","dateModified":"2022-11-03T15:28:45+00:00","breadcrumb":{"@id":"https:\/\/archiv.siov.sk\/stvrty-rocnik-celostatnej-sutaze-mladych-elektronikov-sa-uspesne-ukoncil\/#breadcrumb"},"inLanguage":"en-GB","potentialAction":[{"@type":"ReadAction","target":["https:\/\/archiv.siov.sk\/stvrty-rocnik-celostatnej-sutaze-mladych-elektronikov-sa-uspesne-ukoncil\/"]}]},{"@type":"ImageObject","inLanguage":"en-GB","@id":"https:\/\/archiv.siov.sk\/stvrty-rocnik-celostatnej-sutaze-mladych-elektronikov-sa-uspesne-ukoncil\/#primaryimage","url":"https:\/\/archiv.siov.sk\/wp-content\/uploads\/2022\/10\/312083129_480595440690436_6004609175750758054_n.jpg","contentUrl":"https:\/\/archiv.siov.sk\/wp-content\/uploads\/2022\/10\/312083129_480595440690436_6004609175750758054_n.jpg","width":2000,"height":900},{"@type":"BreadcrumbList","@id":"https:\/\/archiv.siov.sk\/stvrty-rocnik-celostatnej-sutaze-mladych-elektronikov-sa-uspesne-ukoncil\/#breadcrumb","itemListElement":[{"@type":"ListItem","position":1,"name":"Home","item":"https:\/\/archiv.siov.sk\/"},{"@type":"ListItem","position":2,"name":"\u0160tvrt\u00fd ro\u010dn\u00edk celo\u0161t\u00e1tnej s\u00fa\u0165a\u017ee mlad\u00fdch elektronikov sa \u00faspe\u0161ne ukon\u010dil"}]},{"@type":"WebSite","@id":"https:\/\/archiv.siov.sk\/#website","url":"https:\/\/archiv.siov.sk\/","name":"\u0160IOV - \u0161t\u00e1tny in\u0161tit\u00fat odborn\u00e9ho vzdel\u00e1vania","description":"","publisher":{"@id":"https:\/\/archiv.siov.sk\/#organization"},"potentialAction":[{"@type":"SearchAction","target":{"@type":"EntryPoint","urlTemplate":"https:\/\/archiv.siov.sk\/?s={search_term_string}"},"query-input":{"@type":"PropertyValueSpecification","valueRequired":true,"valueName":"search_term_string"}}],"inLanguage":"en-GB"},{"@type":"Organization","@id":"https:\/\/archiv.siov.sk\/#organization","name":"\u0160IOV - \u0161t\u00e1tny in\u0161tit\u00fat odborn\u00e9ho vzdel\u00e1vania","url":"https:\/\/archiv.siov.sk\/","logo":{"@type":"ImageObject","inLanguage":"en-GB","@id":"https:\/\/archiv.siov.sk\/#\/schema\/logo\/image\/","url":"https:\/\/archiv.siov.sk\/wp-content\/uploads\/2024\/02\/logo-SIOV.png","contentUrl":"https:\/\/archiv.siov.sk\/wp-content\/uploads\/2024\/02\/logo-SIOV.png","width":431,"height":143,"caption":"\u0160IOV - \u0161t\u00e1tny in\u0161tit\u00fat odborn\u00e9ho vzdel\u00e1vania"},"image":{"@id":"https:\/\/archiv.siov.sk\/#\/schema\/logo\/image\/"},"sameAs":["https:\/\/www.facebook.com\/Statnyinstitutodbornehovzdelavania"]},{"@type":"Person","@id":"https:\/\/archiv.siov.sk\/#\/schema\/person\/e42d633fbd958c6a726e8834d8965e6c","name":"Katar\u00edna Kov\u00e1\u010dov\u00e1","url":"https:\/\/archiv.siov.sk\/en\/author\/katkakovacova\/"}]}},"_links":{"self":[{"href":"https:\/\/archiv.siov.sk\/en\/wp-json\/wp\/v2\/posts\/12356","targetHints":{"allow":["GET"]}}],"collection":[{"href":"https:\/\/archiv.siov.sk\/en\/wp-json\/wp\/v2\/posts"}],"about":[{"href":"https:\/\/archiv.siov.sk\/en\/wp-json\/wp\/v2\/types\/post"}],"author":[{"embeddable":true,"href":"https:\/\/archiv.siov.sk\/en\/wp-json\/wp\/v2\/users\/6"}],"replies":[{"embeddable":true,"href":"https:\/\/archiv.siov.sk\/en\/wp-json\/wp\/v2\/comments?post=12356"}],"version-history":[{"count":4,"href":"https:\/\/archiv.siov.sk\/en\/wp-json\/wp\/v2\/posts\/12356\/revisions"}],"predecessor-version":[{"id":12864,"href":"https:\/\/archiv.siov.sk\/en\/wp-json\/wp\/v2\/posts\/12356\/revisions\/12864"}],"wp:featuredmedia":[{"embeddable":true,"href":"https:\/\/archiv.siov.sk\/en\/wp-json\/wp\/v2\/media\/12358"}],"wp:attachment":[{"href":"https:\/\/archiv.siov.sk\/en\/wp-json\/wp\/v2\/media?parent=12356"}],"wp:term":[{"taxonomy":"category","embeddable":true,"href":"https:\/\/archiv.siov.sk\/en\/wp-json\/wp\/v2\/categories?post=12356"},{"taxonomy":"post_tag","embeddable":true,"href":"https:\/\/archiv.siov.sk\/en\/wp-json\/wp\/v2\/tags?post=12356"}],"curies":[{"name":"wp","href":"https:\/\/api.w.org\/{rel}","templated":true}]}}