{"id":12340,"date":"2022-10-18T14:38:22","date_gmt":"2022-10-18T12:38:22","guid":{"rendered":"https:\/\/archiv.siov.sk\/?p=12340"},"modified":"2022-10-18T14:38:22","modified_gmt":"2022-10-18T12:38:22","slug":"ukaz-co-vies-na-celostatnej-sutazi-v-odbornych-zrucnostiach-v-odbore-kadernik-a-vizazista-o-zlate-noznice-2","status":"publish","type":"post","link":"https:\/\/archiv.siov.sk\/en\/ukaz-co-vies-na-celostatnej-sutazi-v-odbornych-zrucnostiach-v-odbore-kadernik-a-vizazista-o-zlate-noznice-2\/","title":{"rendered":"Uk\u00e1\u017e \u010do vie\u0161 na celo\u0161t\u00e1tnej s\u00fa\u0165a\u017ei v odborn\u00fdch zru\u010dnostiach v odbore kadern\u00edk a  viz\u00e1\u017eista \u201eO zlat\u00e9 no\u017enice\u201c"},"content":{"rendered":"<p style=\"text-align: justify;\">V\u00fdstavisko Incheba EXPO Medzin\u00e1rodn\u00fd ve\u013etrh kozmetiky a&nbsp;kadern\u00edctva INTERBEAUTY Bratislava je miestom siedmeho ro\u010dn\u00edka celo\u0161t\u00e1tnej s\u00fa\u0165a\u017ee stredo\u0161kol\u00e1kov v&nbsp;odborn\u00fdch zru\u010dnostiach mlad\u00fdch kadern\u00edkov a&nbsp;viz\u00e1\u017eistov Skills Slovakia Uk\u00e1\u017e \u010do vie\u0161 \u201eO&nbsp;zlat\u00e9 no\u017enice\u201c.<\/p>\n<p style=\"text-align: justify;\">Podujatie sa uskuto\u010dn\u00ed 21. okt\u00f3bra od 10:30 do 17:30 za \u00fa\u010dasti <strong>117 (24 dospel\u00fdch a&nbsp;93 \u017eiakov)<\/strong> s\u00fa\u0165a\u017eiacich z&nbsp;cel\u00e9ho Slovenska a&nbsp;\u0161irokej verejnosti. Celo\u0161t\u00e1tna s\u00fa\u0165a\u017e sa tento rok &nbsp;uskuto\u010dn\u00ed v \u0161tyroch&nbsp; kateg\u00f3ri\u00e1ch pre stredn\u00e9 \u0161koly a&nbsp;dospel\u00fdch s&nbsp;t\u00e9mami <strong>\u201eTREND CUT\u201c &#8211; d\u00e1msky trendov\u00fd strih jese\u0148 &#8211; zima 2022, &nbsp;\u201eKOMER\u010cN\u00dd SVADOBN\u00dd \u00da\u010cES\u201c, \u201eMODERN\u00dd P\u00c1NSKY STRIH\u201c- vo\u013en\u00e1 t\u00e9ma bez krit\u00e9ri\u00ed. <\/strong>Poslednou t\u00e9mou pre odbor kozmeti\u010dka je<strong> Pin-up girl \u2013 s\u00fa\u0165a\u017e v<\/strong><strong>&nbsp;l\u00ed\u010den\u00ed.<\/strong> &nbsp;Okrem&nbsp; umiestnen\u00ed na prvom a\u017e tre\u0165om mieste bude v&nbsp;ka\u017edej z&nbsp;vyhl\u00e1sen\u00fdch kateg\u00f3ri\u00ed&nbsp; vyhodnoten\u00fd absol\u00fatny v\u00ed\u0165az.&nbsp;<\/p>\n<p>S\u00fa\u0165a\u017eiaci preuk\u00e1\u017eu v ur\u010denom \u010dasovom limite svoje odborn\u00e9 zru\u010dnosti, predstavivos\u0165, kreativitu, invenciu a&nbsp;cit pre kadern\u00edcke umenie a&nbsp;viz\u00e1\u017e. &nbsp;V\u00ed\u0165azi z\u00edskaj\u00fa hodnotn\u00e9 vecn\u00e9 ocenenia a&nbsp;st\u00e1\u017ee u&nbsp;profesion\u00e1lnych kadern\u00edkov.<\/p>\n<p style=\"text-align: justify;\">Organiz\u00e1torom s\u00fa\u0165a\u017ee je Zdru\u017eenie kadern\u00edkov a viz\u00e1\u017eistov Slovenska pod veden\u00edm profesion\u00e1lneho kadern\u00edka Polata Elalmisa z Hair Sal\u00f3nu &nbsp;Bratislava, ktor\u00fd podporuje s\u00fa\u0165a\u017e akt\u00edvne nieko\u013eko rokov. U\u017e teraz sa te\u0161\u00ed sa na kreat\u00edvne n\u00e1pady stredo\u0161kol\u00e1kov a ver\u00ed, \u017ee v s\u00fa\u0165a\u017ei z\u00edskaj\u00fa&nbsp; nov\u00e9 sk\u00fasenosti, &nbsp;zru\u010dnosti a nezabudnute\u013en\u00e9 z\u00e1\u017eitky. Podujatie podporili \u010fal\u0161\u00ed partneri a&nbsp; odborn\u00ed hodnotitelia z praxe. Odborn\u00fdm a metodick\u00fdm garantom podujatia je \u0160t\u00e1tny in\u0161tit\u00fat odborn\u00e9ho vzdel\u00e1vania odbor podpory smerovania ml\u00e1de\u017ee. S\u00fa\u0165a\u017e &nbsp;sa uskuto\u010dn\u00ed pod z\u00e1\u0161titou Ministerstva \u0161kolstva, vedy, v\u00fdskumu a \u0161portu Slovenskej republiky. &nbsp;<\/p>\n<p>&nbsp;&nbsp;&nbsp;&nbsp;&nbsp;&nbsp;&nbsp;&nbsp;&nbsp;&nbsp;&nbsp; &nbsp;<\/p>\n<p>&nbsp;<\/p>","protected":false},"excerpt":{"rendered":"<p>V\u00fdstavisko Incheba EXPO Medzin\u00e1rodn\u00fd ve\u013etrh kozmetiky a&nbsp;kadern\u00edctva INTERBEAUTY Bratislava je miestom siedmeho ro\u010dn\u00edka celo\u0161t\u00e1tnej s\u00fa\u0165a\u017ee stredo\u0161kol\u00e1kov v&nbsp;odborn\u00fdch zru\u010dnostiach mlad\u00fdch kadern\u00edkov a&nbsp;viz\u00e1\u017eistov Skills Slovakia Uk\u00e1\u017e \u010do vie\u0161 \u201eO&nbsp;zlat\u00e9 no\u017enice\u201c. Podujatie sa uskuto\u010dn\u00ed 21. okt\u00f3bra od 10:30 do 17:30 za \u00fa\u010dasti 117 (24 dospel\u00fdch a&nbsp;93 \u017eiakov) s\u00fa\u0165a\u017eiacich z&nbsp;cel\u00e9ho Slovenska a&nbsp;\u0161irokej verejnosti. Celo\u0161t\u00e1tna s\u00fa\u0165a\u017e sa tento rok &nbsp;uskuto\u010dn\u00ed [&hellip;]<\/p>\n","protected":false},"author":6,"featured_media":7366,"comment_status":"closed","ping_status":"closed","sticky":false,"template":"","format":"standard","meta":{"site-sidebar-layout":"default","site-content-layout":"default","ast-site-content-layout":"default","site-content-style":"default","site-sidebar-style":"default","ast-global-header-display":"","ast-banner-title-visibility":"","ast-main-header-display":"","ast-hfb-above-header-display":"","ast-hfb-below-header-display":"","ast-hfb-mobile-header-display":"","site-post-title":"","ast-breadcrumbs-content":"","ast-featured-img":"","footer-sml-layout":"","ast-disable-related-posts":"","theme-transparent-header-meta":"default","adv-header-id-meta":"","stick-header-meta":"","header-above-stick-meta":"","header-main-stick-meta":"","header-below-stick-meta":"","astra-migrate-meta-layouts":"default","ast-page-background-enabled":"default","ast-page-background-meta":{"desktop":{"background-color":"var(--ast-global-color-4)","background-image":"","background-repeat":"repeat","background-position":"center center","background-size":"auto","background-attachment":"scroll","background-type":"","background-media":"","overlay-type":"","overlay-color":"","overlay-opacity":"","overlay-gradient":""},"tablet":{"background-color":"","background-image":"","background-repeat":"repeat","background-position":"center center","background-size":"auto","background-attachment":"scroll","background-type":"","background-media":"","overlay-type":"","overlay-color":"","overlay-opacity":"","overlay-gradient":""},"mobile":{"background-color":"","background-image":"","background-repeat":"repeat","background-position":"center center","background-size":"auto","background-attachment":"scroll","background-type":"","background-media":"","overlay-type":"","overlay-color":"","overlay-opacity":"","overlay-gradient":""}},"ast-content-background-meta":{"desktop":{"background-color":"var(--ast-global-color-5)","background-image":"","background-repeat":"repeat","background-position":"center center","background-size":"auto","background-attachment":"scroll","background-type":"","background-media":"","overlay-type":"","overlay-color":"","overlay-opacity":"","overlay-gradient":""},"tablet":{"background-color":"var(--ast-global-color-5)","background-image":"","background-repeat":"repeat","background-position":"center center","background-size":"auto","background-attachment":"scroll","background-type":"","background-media":"","overlay-type":"","overlay-color":"","overlay-opacity":"","overlay-gradient":""},"mobile":{"background-color":"var(--ast-global-color-5)","background-image":"","background-repeat":"repeat","background-position":"center center","background-size":"auto","background-attachment":"scroll","background-type":"","background-media":"","overlay-type":"","overlay-color":"","overlay-opacity":"","overlay-gradient":""}},"footnotes":""},"categories":[1],"tags":[],"class_list":["post-12340","post","type-post","status-publish","format-standard","has-post-thumbnail","hentry","category-aktuality"],"yoast_head":"<!-- This site is optimized with the Yoast SEO plugin v27.5 - https:\/\/yoast.com\/product\/yoast-seo-wordpress\/ -->\n<title>Uk\u00e1\u017e \u010do vie\u0161 na celo\u0161t\u00e1tnej s\u00fa\u0165a\u017ei v odborn\u00fdch zru\u010dnostiach v odbore kadern\u00edk a viz\u00e1\u017eista \u201eO zlat\u00e9 no\u017enice\u201c - \u0160IOV - \u0161t\u00e1tny in\u0161tit\u00fat odborn\u00e9ho vzdel\u00e1vania<\/title>\n<meta name=\"robots\" content=\"index, follow, max-snippet:-1, max-image-preview:large, max-video-preview:-1\" \/>\n<link rel=\"canonical\" href=\"https:\/\/archiv.siov.sk\/en\/ukaz-co-vies-na-celostatnej-sutazi-v-odbornych-zrucnostiach-v-odbore-kadernik-a-vizazista-o-zlate-noznice-2\/\" \/>\n<meta property=\"og:locale\" content=\"en_GB\" \/>\n<meta property=\"og:type\" content=\"article\" \/>\n<meta property=\"og:title\" content=\"Uk\u00e1\u017e \u010do vie\u0161 na celo\u0161t\u00e1tnej s\u00fa\u0165a\u017ei v odborn\u00fdch zru\u010dnostiach v odbore kadern\u00edk a viz\u00e1\u017eista \u201eO zlat\u00e9 no\u017enice\u201c - \u0160IOV - \u0161t\u00e1tny in\u0161tit\u00fat odborn\u00e9ho vzdel\u00e1vania\" \/>\n<meta property=\"og:description\" content=\"V\u00fdstavisko Incheba EXPO Medzin\u00e1rodn\u00fd ve\u013etrh kozmetiky a&nbsp;kadern\u00edctva INTERBEAUTY Bratislava je miestom siedmeho ro\u010dn\u00edka celo\u0161t\u00e1tnej s\u00fa\u0165a\u017ee stredo\u0161kol\u00e1kov v&nbsp;odborn\u00fdch zru\u010dnostiach mlad\u00fdch kadern\u00edkov a&nbsp;viz\u00e1\u017eistov Skills Slovakia Uk\u00e1\u017e \u010do vie\u0161 \u201eO&nbsp;zlat\u00e9 no\u017enice\u201c. Podujatie sa uskuto\u010dn\u00ed 21. okt\u00f3bra od 10:30 do 17:30 za \u00fa\u010dasti 117 (24 dospel\u00fdch a&nbsp;93 \u017eiakov) s\u00fa\u0165a\u017eiacich z&nbsp;cel\u00e9ho Slovenska a&nbsp;\u0161irokej verejnosti. Celo\u0161t\u00e1tna s\u00fa\u0165a\u017e sa tento rok &nbsp;uskuto\u010dn\u00ed [&hellip;]\" \/>\n<meta property=\"og:url\" content=\"https:\/\/archiv.siov.sk\/en\/ukaz-co-vies-na-celostatnej-sutazi-v-odbornych-zrucnostiach-v-odbore-kadernik-a-vizazista-o-zlate-noznice-2\/\" \/>\n<meta property=\"og:site_name\" content=\"\u0160IOV - \u0161t\u00e1tny in\u0161tit\u00fat odborn\u00e9ho vzdel\u00e1vania\" \/>\n<meta property=\"article:publisher\" content=\"https:\/\/www.facebook.com\/Statnyinstitutodbornehovzdelavania\" \/>\n<meta property=\"article:published_time\" content=\"2022-10-18T12:38:22+00:00\" \/>\n<meta property=\"og:image\" content=\"https:\/\/archiv.siov.sk\/wp-content\/uploads\/2021\/03\/shutterstock_kadernictvo_small-e1615369183535.jpg\" \/>\n\t<meta property=\"og:image:width\" content=\"500\" \/>\n\t<meta property=\"og:image:height\" content=\"334\" \/>\n\t<meta property=\"og:image:type\" content=\"image\/jpeg\" \/>\n<meta name=\"author\" content=\"Katar\u00edna Kov\u00e1\u010dov\u00e1\" \/>\n<meta name=\"twitter:card\" content=\"summary_large_image\" \/>\n<meta name=\"twitter:label1\" content=\"Written by\" \/>\n\t<meta name=\"twitter:data1\" content=\"Katar\u00edna Kov\u00e1\u010dov\u00e1\" \/>\n\t<meta name=\"twitter:label2\" content=\"Estimated reading time\" \/>\n\t<meta name=\"twitter:data2\" content=\"2 minutes\" \/>\n<script type=\"application\/ld+json\" class=\"yoast-schema-graph\">{\"@context\":\"https:\\\/\\\/schema.org\",\"@graph\":[{\"@type\":\"Article\",\"@id\":\"https:\\\/\\\/archiv.siov.sk\\\/ukaz-co-vies-na-celostatnej-sutazi-v-odbornych-zrucnostiach-v-odbore-kadernik-a-vizazista-o-zlate-noznice-2\\\/#article\",\"isPartOf\":{\"@id\":\"https:\\\/\\\/archiv.siov.sk\\\/ukaz-co-vies-na-celostatnej-sutazi-v-odbornych-zrucnostiach-v-odbore-kadernik-a-vizazista-o-zlate-noznice-2\\\/\"},\"author\":{\"name\":\"Katar\u00edna Kov\u00e1\u010dov\u00e1\",\"@id\":\"https:\\\/\\\/archiv.siov.sk\\\/#\\\/schema\\\/person\\\/e42d633fbd958c6a726e8834d8965e6c\"},\"headline\":\"Uk\u00e1\u017e \u010do vie\u0161 na celo\u0161t\u00e1tnej s\u00fa\u0165a\u017ei v odborn\u00fdch zru\u010dnostiach v odbore kadern\u00edk a viz\u00e1\u017eista \u201eO zlat\u00e9 no\u017enice\u201c\",\"datePublished\":\"2022-10-18T12:38:22+00:00\",\"mainEntityOfPage\":{\"@id\":\"https:\\\/\\\/archiv.siov.sk\\\/ukaz-co-vies-na-celostatnej-sutazi-v-odbornych-zrucnostiach-v-odbore-kadernik-a-vizazista-o-zlate-noznice-2\\\/\"},\"wordCount\":389,\"publisher\":{\"@id\":\"https:\\\/\\\/archiv.siov.sk\\\/#organization\"},\"image\":{\"@id\":\"https:\\\/\\\/archiv.siov.sk\\\/ukaz-co-vies-na-celostatnej-sutazi-v-odbornych-zrucnostiach-v-odbore-kadernik-a-vizazista-o-zlate-noznice-2\\\/#primaryimage\"},\"thumbnailUrl\":\"https:\\\/\\\/archiv.siov.sk\\\/wp-content\\\/uploads\\\/2021\\\/03\\\/shutterstock_kadernictvo_small-e1615369183535.jpg\",\"articleSection\":[\"Aktuality\"],\"inLanguage\":\"en-GB\"},{\"@type\":\"WebPage\",\"@id\":\"https:\\\/\\\/archiv.siov.sk\\\/ukaz-co-vies-na-celostatnej-sutazi-v-odbornych-zrucnostiach-v-odbore-kadernik-a-vizazista-o-zlate-noznice-2\\\/\",\"url\":\"https:\\\/\\\/archiv.siov.sk\\\/ukaz-co-vies-na-celostatnej-sutazi-v-odbornych-zrucnostiach-v-odbore-kadernik-a-vizazista-o-zlate-noznice-2\\\/\",\"name\":\"Uk\u00e1\u017e \u010do vie\u0161 na celo\u0161t\u00e1tnej s\u00fa\u0165a\u017ei v odborn\u00fdch zru\u010dnostiach v odbore kadern\u00edk a viz\u00e1\u017eista \u201eO zlat\u00e9 no\u017enice\u201c - \u0160IOV - \u0161t\u00e1tny in\u0161tit\u00fat odborn\u00e9ho vzdel\u00e1vania\",\"isPartOf\":{\"@id\":\"https:\\\/\\\/archiv.siov.sk\\\/#website\"},\"primaryImageOfPage\":{\"@id\":\"https:\\\/\\\/archiv.siov.sk\\\/ukaz-co-vies-na-celostatnej-sutazi-v-odbornych-zrucnostiach-v-odbore-kadernik-a-vizazista-o-zlate-noznice-2\\\/#primaryimage\"},\"image\":{\"@id\":\"https:\\\/\\\/archiv.siov.sk\\\/ukaz-co-vies-na-celostatnej-sutazi-v-odbornych-zrucnostiach-v-odbore-kadernik-a-vizazista-o-zlate-noznice-2\\\/#primaryimage\"},\"thumbnailUrl\":\"https:\\\/\\\/archiv.siov.sk\\\/wp-content\\\/uploads\\\/2021\\\/03\\\/shutterstock_kadernictvo_small-e1615369183535.jpg\",\"datePublished\":\"2022-10-18T12:38:22+00:00\",\"breadcrumb\":{\"@id\":\"https:\\\/\\\/archiv.siov.sk\\\/ukaz-co-vies-na-celostatnej-sutazi-v-odbornych-zrucnostiach-v-odbore-kadernik-a-vizazista-o-zlate-noznice-2\\\/#breadcrumb\"},\"inLanguage\":\"en-GB\",\"potentialAction\":[{\"@type\":\"ReadAction\",\"target\":[\"https:\\\/\\\/archiv.siov.sk\\\/ukaz-co-vies-na-celostatnej-sutazi-v-odbornych-zrucnostiach-v-odbore-kadernik-a-vizazista-o-zlate-noznice-2\\\/\"]}]},{\"@type\":\"ImageObject\",\"inLanguage\":\"en-GB\",\"@id\":\"https:\\\/\\\/archiv.siov.sk\\\/ukaz-co-vies-na-celostatnej-sutazi-v-odbornych-zrucnostiach-v-odbore-kadernik-a-vizazista-o-zlate-noznice-2\\\/#primaryimage\",\"url\":\"https:\\\/\\\/archiv.siov.sk\\\/wp-content\\\/uploads\\\/2021\\\/03\\\/shutterstock_kadernictvo_small-e1615369183535.jpg\",\"contentUrl\":\"https:\\\/\\\/archiv.siov.sk\\\/wp-content\\\/uploads\\\/2021\\\/03\\\/shutterstock_kadernictvo_small-e1615369183535.jpg\",\"width\":500,\"height\":334},{\"@type\":\"BreadcrumbList\",\"@id\":\"https:\\\/\\\/archiv.siov.sk\\\/ukaz-co-vies-na-celostatnej-sutazi-v-odbornych-zrucnostiach-v-odbore-kadernik-a-vizazista-o-zlate-noznice-2\\\/#breadcrumb\",\"itemListElement\":[{\"@type\":\"ListItem\",\"position\":1,\"name\":\"Home\",\"item\":\"https:\\\/\\\/archiv.siov.sk\\\/\"},{\"@type\":\"ListItem\",\"position\":2,\"name\":\"Uk\u00e1\u017e \u010do vie\u0161 na celo\u0161t\u00e1tnej s\u00fa\u0165a\u017ei v odborn\u00fdch zru\u010dnostiach v odbore kadern\u00edk a viz\u00e1\u017eista \u201eO zlat\u00e9 no\u017enice\u201c\"}]},{\"@type\":\"WebSite\",\"@id\":\"https:\\\/\\\/archiv.siov.sk\\\/#website\",\"url\":\"https:\\\/\\\/archiv.siov.sk\\\/\",\"name\":\"\u0160IOV - \u0161t\u00e1tny in\u0161tit\u00fat odborn\u00e9ho vzdel\u00e1vania\",\"description\":\"\",\"publisher\":{\"@id\":\"https:\\\/\\\/archiv.siov.sk\\\/#organization\"},\"potentialAction\":[{\"@type\":\"SearchAction\",\"target\":{\"@type\":\"EntryPoint\",\"urlTemplate\":\"https:\\\/\\\/archiv.siov.sk\\\/?s={search_term_string}\"},\"query-input\":{\"@type\":\"PropertyValueSpecification\",\"valueRequired\":true,\"valueName\":\"search_term_string\"}}],\"inLanguage\":\"en-GB\"},{\"@type\":\"Organization\",\"@id\":\"https:\\\/\\\/archiv.siov.sk\\\/#organization\",\"name\":\"\u0160IOV - \u0161t\u00e1tny in\u0161tit\u00fat odborn\u00e9ho vzdel\u00e1vania\",\"url\":\"https:\\\/\\\/archiv.siov.sk\\\/\",\"logo\":{\"@type\":\"ImageObject\",\"inLanguage\":\"en-GB\",\"@id\":\"https:\\\/\\\/archiv.siov.sk\\\/#\\\/schema\\\/logo\\\/image\\\/\",\"url\":\"https:\\\/\\\/archiv.siov.sk\\\/wp-content\\\/uploads\\\/2024\\\/02\\\/logo-SIOV.png\",\"contentUrl\":\"https:\\\/\\\/archiv.siov.sk\\\/wp-content\\\/uploads\\\/2024\\\/02\\\/logo-SIOV.png\",\"width\":431,\"height\":143,\"caption\":\"\u0160IOV - \u0161t\u00e1tny in\u0161tit\u00fat odborn\u00e9ho vzdel\u00e1vania\"},\"image\":{\"@id\":\"https:\\\/\\\/archiv.siov.sk\\\/#\\\/schema\\\/logo\\\/image\\\/\"},\"sameAs\":[\"https:\\\/\\\/www.facebook.com\\\/Statnyinstitutodbornehovzdelavania\"]},{\"@type\":\"Person\",\"@id\":\"https:\\\/\\\/archiv.siov.sk\\\/#\\\/schema\\\/person\\\/e42d633fbd958c6a726e8834d8965e6c\",\"name\":\"Katar\u00edna Kov\u00e1\u010dov\u00e1\",\"url\":\"https:\\\/\\\/archiv.siov.sk\\\/en\\\/author\\\/katkakovacova\\\/\"}]}<\/script>\n<!-- \/ Yoast SEO plugin. -->","yoast_head_json":{"title":"Uk\u00e1\u017e \u010do vie\u0161 na celo\u0161t\u00e1tnej s\u00fa\u0165a\u017ei v odborn\u00fdch zru\u010dnostiach v odbore kadern\u00edk a viz\u00e1\u017eista \u201eO zlat\u00e9 no\u017enice\u201c - \u0160IOV - \u0161t\u00e1tny in\u0161tit\u00fat odborn\u00e9ho vzdel\u00e1vania","robots":{"index":"index","follow":"follow","max-snippet":"max-snippet:-1","max-image-preview":"max-image-preview:large","max-video-preview":"max-video-preview:-1"},"canonical":"https:\/\/archiv.siov.sk\/en\/ukaz-co-vies-na-celostatnej-sutazi-v-odbornych-zrucnostiach-v-odbore-kadernik-a-vizazista-o-zlate-noznice-2\/","og_locale":"en_GB","og_type":"article","og_title":"Uk\u00e1\u017e \u010do vie\u0161 na celo\u0161t\u00e1tnej s\u00fa\u0165a\u017ei v odborn\u00fdch zru\u010dnostiach v odbore kadern\u00edk a viz\u00e1\u017eista \u201eO zlat\u00e9 no\u017enice\u201c - \u0160IOV - \u0161t\u00e1tny in\u0161tit\u00fat odborn\u00e9ho vzdel\u00e1vania","og_description":"V\u00fdstavisko Incheba EXPO Medzin\u00e1rodn\u00fd ve\u013etrh kozmetiky a&nbsp;kadern\u00edctva INTERBEAUTY Bratislava je miestom siedmeho ro\u010dn\u00edka celo\u0161t\u00e1tnej s\u00fa\u0165a\u017ee stredo\u0161kol\u00e1kov v&nbsp;odborn\u00fdch zru\u010dnostiach mlad\u00fdch kadern\u00edkov a&nbsp;viz\u00e1\u017eistov Skills Slovakia Uk\u00e1\u017e \u010do vie\u0161 \u201eO&nbsp;zlat\u00e9 no\u017enice\u201c. Podujatie sa uskuto\u010dn\u00ed 21. okt\u00f3bra od 10:30 do 17:30 za \u00fa\u010dasti 117 (24 dospel\u00fdch a&nbsp;93 \u017eiakov) s\u00fa\u0165a\u017eiacich z&nbsp;cel\u00e9ho Slovenska a&nbsp;\u0161irokej verejnosti. Celo\u0161t\u00e1tna s\u00fa\u0165a\u017e sa tento rok &nbsp;uskuto\u010dn\u00ed [&hellip;]","og_url":"https:\/\/archiv.siov.sk\/en\/ukaz-co-vies-na-celostatnej-sutazi-v-odbornych-zrucnostiach-v-odbore-kadernik-a-vizazista-o-zlate-noznice-2\/","og_site_name":"\u0160IOV - \u0161t\u00e1tny in\u0161tit\u00fat odborn\u00e9ho vzdel\u00e1vania","article_publisher":"https:\/\/www.facebook.com\/Statnyinstitutodbornehovzdelavania","article_published_time":"2022-10-18T12:38:22+00:00","og_image":[{"width":500,"height":334,"url":"https:\/\/archiv.siov.sk\/wp-content\/uploads\/2021\/03\/shutterstock_kadernictvo_small-e1615369183535.jpg","type":"image\/jpeg"}],"author":"Katar\u00edna Kov\u00e1\u010dov\u00e1","twitter_card":"summary_large_image","twitter_misc":{"Written by":"Katar\u00edna Kov\u00e1\u010dov\u00e1","Estimated reading time":"2 minutes"},"schema":{"@context":"https:\/\/schema.org","@graph":[{"@type":"Article","@id":"https:\/\/archiv.siov.sk\/ukaz-co-vies-na-celostatnej-sutazi-v-odbornych-zrucnostiach-v-odbore-kadernik-a-vizazista-o-zlate-noznice-2\/#article","isPartOf":{"@id":"https:\/\/archiv.siov.sk\/ukaz-co-vies-na-celostatnej-sutazi-v-odbornych-zrucnostiach-v-odbore-kadernik-a-vizazista-o-zlate-noznice-2\/"},"author":{"name":"Katar\u00edna Kov\u00e1\u010dov\u00e1","@id":"https:\/\/archiv.siov.sk\/#\/schema\/person\/e42d633fbd958c6a726e8834d8965e6c"},"headline":"Uk\u00e1\u017e \u010do vie\u0161 na celo\u0161t\u00e1tnej s\u00fa\u0165a\u017ei v odborn\u00fdch zru\u010dnostiach v odbore kadern\u00edk a viz\u00e1\u017eista \u201eO zlat\u00e9 no\u017enice\u201c","datePublished":"2022-10-18T12:38:22+00:00","mainEntityOfPage":{"@id":"https:\/\/archiv.siov.sk\/ukaz-co-vies-na-celostatnej-sutazi-v-odbornych-zrucnostiach-v-odbore-kadernik-a-vizazista-o-zlate-noznice-2\/"},"wordCount":389,"publisher":{"@id":"https:\/\/archiv.siov.sk\/#organization"},"image":{"@id":"https:\/\/archiv.siov.sk\/ukaz-co-vies-na-celostatnej-sutazi-v-odbornych-zrucnostiach-v-odbore-kadernik-a-vizazista-o-zlate-noznice-2\/#primaryimage"},"thumbnailUrl":"https:\/\/archiv.siov.sk\/wp-content\/uploads\/2021\/03\/shutterstock_kadernictvo_small-e1615369183535.jpg","articleSection":["Aktuality"],"inLanguage":"en-GB"},{"@type":"WebPage","@id":"https:\/\/archiv.siov.sk\/ukaz-co-vies-na-celostatnej-sutazi-v-odbornych-zrucnostiach-v-odbore-kadernik-a-vizazista-o-zlate-noznice-2\/","url":"https:\/\/archiv.siov.sk\/ukaz-co-vies-na-celostatnej-sutazi-v-odbornych-zrucnostiach-v-odbore-kadernik-a-vizazista-o-zlate-noznice-2\/","name":"Uk\u00e1\u017e \u010do vie\u0161 na celo\u0161t\u00e1tnej s\u00fa\u0165a\u017ei v odborn\u00fdch zru\u010dnostiach v odbore kadern\u00edk a viz\u00e1\u017eista \u201eO zlat\u00e9 no\u017enice\u201c - \u0160IOV - \u0161t\u00e1tny in\u0161tit\u00fat odborn\u00e9ho vzdel\u00e1vania","isPartOf":{"@id":"https:\/\/archiv.siov.sk\/#website"},"primaryImageOfPage":{"@id":"https:\/\/archiv.siov.sk\/ukaz-co-vies-na-celostatnej-sutazi-v-odbornych-zrucnostiach-v-odbore-kadernik-a-vizazista-o-zlate-noznice-2\/#primaryimage"},"image":{"@id":"https:\/\/archiv.siov.sk\/ukaz-co-vies-na-celostatnej-sutazi-v-odbornych-zrucnostiach-v-odbore-kadernik-a-vizazista-o-zlate-noznice-2\/#primaryimage"},"thumbnailUrl":"https:\/\/archiv.siov.sk\/wp-content\/uploads\/2021\/03\/shutterstock_kadernictvo_small-e1615369183535.jpg","datePublished":"2022-10-18T12:38:22+00:00","breadcrumb":{"@id":"https:\/\/archiv.siov.sk\/ukaz-co-vies-na-celostatnej-sutazi-v-odbornych-zrucnostiach-v-odbore-kadernik-a-vizazista-o-zlate-noznice-2\/#breadcrumb"},"inLanguage":"en-GB","potentialAction":[{"@type":"ReadAction","target":["https:\/\/archiv.siov.sk\/ukaz-co-vies-na-celostatnej-sutazi-v-odbornych-zrucnostiach-v-odbore-kadernik-a-vizazista-o-zlate-noznice-2\/"]}]},{"@type":"ImageObject","inLanguage":"en-GB","@id":"https:\/\/archiv.siov.sk\/ukaz-co-vies-na-celostatnej-sutazi-v-odbornych-zrucnostiach-v-odbore-kadernik-a-vizazista-o-zlate-noznice-2\/#primaryimage","url":"https:\/\/archiv.siov.sk\/wp-content\/uploads\/2021\/03\/shutterstock_kadernictvo_small-e1615369183535.jpg","contentUrl":"https:\/\/archiv.siov.sk\/wp-content\/uploads\/2021\/03\/shutterstock_kadernictvo_small-e1615369183535.jpg","width":500,"height":334},{"@type":"BreadcrumbList","@id":"https:\/\/archiv.siov.sk\/ukaz-co-vies-na-celostatnej-sutazi-v-odbornych-zrucnostiach-v-odbore-kadernik-a-vizazista-o-zlate-noznice-2\/#breadcrumb","itemListElement":[{"@type":"ListItem","position":1,"name":"Home","item":"https:\/\/archiv.siov.sk\/"},{"@type":"ListItem","position":2,"name":"Uk\u00e1\u017e \u010do vie\u0161 na celo\u0161t\u00e1tnej s\u00fa\u0165a\u017ei v odborn\u00fdch zru\u010dnostiach v odbore kadern\u00edk a viz\u00e1\u017eista \u201eO zlat\u00e9 no\u017enice\u201c"}]},{"@type":"WebSite","@id":"https:\/\/archiv.siov.sk\/#website","url":"https:\/\/archiv.siov.sk\/","name":"\u0160IOV - \u0161t\u00e1tny in\u0161tit\u00fat odborn\u00e9ho vzdel\u00e1vania","description":"","publisher":{"@id":"https:\/\/archiv.siov.sk\/#organization"},"potentialAction":[{"@type":"SearchAction","target":{"@type":"EntryPoint","urlTemplate":"https:\/\/archiv.siov.sk\/?s={search_term_string}"},"query-input":{"@type":"PropertyValueSpecification","valueRequired":true,"valueName":"search_term_string"}}],"inLanguage":"en-GB"},{"@type":"Organization","@id":"https:\/\/archiv.siov.sk\/#organization","name":"\u0160IOV - \u0161t\u00e1tny in\u0161tit\u00fat odborn\u00e9ho vzdel\u00e1vania","url":"https:\/\/archiv.siov.sk\/","logo":{"@type":"ImageObject","inLanguage":"en-GB","@id":"https:\/\/archiv.siov.sk\/#\/schema\/logo\/image\/","url":"https:\/\/archiv.siov.sk\/wp-content\/uploads\/2024\/02\/logo-SIOV.png","contentUrl":"https:\/\/archiv.siov.sk\/wp-content\/uploads\/2024\/02\/logo-SIOV.png","width":431,"height":143,"caption":"\u0160IOV - \u0161t\u00e1tny in\u0161tit\u00fat odborn\u00e9ho vzdel\u00e1vania"},"image":{"@id":"https:\/\/archiv.siov.sk\/#\/schema\/logo\/image\/"},"sameAs":["https:\/\/www.facebook.com\/Statnyinstitutodbornehovzdelavania"]},{"@type":"Person","@id":"https:\/\/archiv.siov.sk\/#\/schema\/person\/e42d633fbd958c6a726e8834d8965e6c","name":"Katar\u00edna Kov\u00e1\u010dov\u00e1","url":"https:\/\/archiv.siov.sk\/en\/author\/katkakovacova\/"}]}},"_links":{"self":[{"href":"https:\/\/archiv.siov.sk\/en\/wp-json\/wp\/v2\/posts\/12340","targetHints":{"allow":["GET"]}}],"collection":[{"href":"https:\/\/archiv.siov.sk\/en\/wp-json\/wp\/v2\/posts"}],"about":[{"href":"https:\/\/archiv.siov.sk\/en\/wp-json\/wp\/v2\/types\/post"}],"author":[{"embeddable":true,"href":"https:\/\/archiv.siov.sk\/en\/wp-json\/wp\/v2\/users\/6"}],"replies":[{"embeddable":true,"href":"https:\/\/archiv.siov.sk\/en\/wp-json\/wp\/v2\/comments?post=12340"}],"version-history":[{"count":2,"href":"https:\/\/archiv.siov.sk\/en\/wp-json\/wp\/v2\/posts\/12340\/revisions"}],"predecessor-version":[{"id":12342,"href":"https:\/\/archiv.siov.sk\/en\/wp-json\/wp\/v2\/posts\/12340\/revisions\/12342"}],"wp:featuredmedia":[{"embeddable":true,"href":"https:\/\/archiv.siov.sk\/en\/wp-json\/wp\/v2\/media\/7366"}],"wp:attachment":[{"href":"https:\/\/archiv.siov.sk\/en\/wp-json\/wp\/v2\/media?parent=12340"}],"wp:term":[{"taxonomy":"category","embeddable":true,"href":"https:\/\/archiv.siov.sk\/en\/wp-json\/wp\/v2\/categories?post=12340"},{"taxonomy":"post_tag","embeddable":true,"href":"https:\/\/archiv.siov.sk\/en\/wp-json\/wp\/v2\/tags?post=12340"}],"curies":[{"name":"wp","href":"https:\/\/api.w.org\/{rel}","templated":true}]}}