{"id":12249,"date":"2022-09-28T13:39:46","date_gmt":"2022-09-28T11:39:46","guid":{"rendered":"https:\/\/archiv.siov.sk\/?p=12249"},"modified":"2022-09-28T13:39:46","modified_gmt":"2022-09-28T11:39:46","slug":"majstrovstva-slovenska-vo-floristike-skills-slovakia-v-piestanoch","status":"publish","type":"post","link":"https:\/\/archiv.siov.sk\/en\/majstrovstva-slovenska-vo-floristike-skills-slovakia-v-piestanoch\/","title":{"rendered":"Majstrovstv\u00e1 Slovenska vo floristike Skills Slovakia v Pie\u0161\u0165anoch"},"content":{"rendered":"<p style=\"text-align: justify;\">Slovensk\u00e1 asoci\u00e1cia kvetin\u00e1rov a floristov a \u0160t\u00e1tny in\u0161tit\u00fat odborn\u00e9ho vzdel\u00e1vania sa s \u010fal\u0161\u00edmi partnermi z hospod\u00e1rskej praxe s podporou mesta Pie\u0161\u0165any a Trnavsk\u00e9ho samospr\u00e1vneho kraja podp\u00edsali pod \u010fal\u0161\u00ed \u00faspe\u0161n\u00fd ro\u010dn\u00edk s\u00fa\u0165a\u017ee, ktor\u00fd sa 21. septembra konal tradi\u010dne v Pie\u0161\u0165anoch.&nbsp; &nbsp;&nbsp;<\/p>\n<p style=\"text-align: justify;\">V&nbsp;r\u00e1mci n\u00e1rodnej s\u00fa\u0165a\u017ee vo viazan\u00ed a aran\u017eovan\u00ed kvetov tento rok s\u00fa\u0165a\u017eiaci stredn\u00fdch odborn\u00fdch \u0161k\u00f4l a&nbsp;profesion\u00e1li uk\u00e1zali ako vn\u00edmaj\u00fa a v kvetinovej v\u00e4zbe vyjadruj\u00fa zauj\u00edmav\u00fa \u00fastredn\u00fa tematiku: <strong>\u201eRenesancia \u2013 Znovuzrodenie\u201c<\/strong>. Profesion\u00e1li s\u00fa\u0165a\u017eili s\u00fa\u010dasne v medzin\u00e1rodnej s\u00fa\u0165a\u017ei Visegrad Oasis cup. &nbsp;Pre obe kateg\u00f3rie v&nbsp;diel\u010d\u00edch troch t\u00e9mach tvorili obraz, kyticu a&nbsp;tajn\u00fa pr\u00e1cu. Prvou t\u00e9mou bolo &#8211; In\u0161pirovan\u00e9 Arcimboldom, druhou t\u00e9mou &#8211; &nbsp;Kvety do pal\u00e1ca Medici &nbsp;a&nbsp;tre\u0165ou Flowerbox inak.<\/p>\n<p style=\"text-align: justify;\">V t\u00fdchto s\u00fa\u0165a\u017en\u00fdch \u00faloh\u00e1ch \u017eiaci aj profesion\u00e1li s&nbsp;vyu\u017eit\u00edm r\u00f4znych rastlinn\u00fdch materi\u00e1lov a&nbsp;rastl\u00edn pribl\u00ed\u017eili renesanciu s\u00fa\u010dasn\u00e9mu milovn\u00edkovi floristick\u00e9ho umenia. Pou\u017e\u00edvali pri v\u00e4zbe \u013eubovo\u013en\u00e9 floristick\u00e9 \u0161t\u00fdly, farebnos\u0165 kvetov a&nbsp;kon\u0161trukcie. V hotov\u00fdch pr\u00e1cach sa prejavili &nbsp;ich &nbsp;zru\u010dnosti, predstavivos\u0165, kreativita a cit pre umenie aran\u017eovania kvetov. Celkom sa s\u00fa\u0165a\u017ee v kateg\u00f3rii stredn\u00fdch odborn\u00fdch \u0161k\u00f4l z\u00fa\u010dastnilo dvan\u00e1s\u0165 \u017eiakov zo siedmich stredn\u00fdch \u0161k\u00f4l Slovenska.<\/p>\n<p>V\u00ed\u0165azmi s\u00fa:<\/p>\n<ol>\n<li>miesto: <strong>Milan Kulich<\/strong>, Spojen\u00e1 \u0161kola Rakovice, org. zlo\u017eka SO\u0160 rozvoja vidieka Rakovice<\/li>\n<li>miesto: Du\u0161an Pav\u00far, Spojen\u00e1 \u0161kola Rakovice, org. zlo\u017eka SO\u0160 rozvoja vidieka Rakovice<\/li>\n<li>miesto: <strong>Karol\u00edna Kol\u00e1rikov\u00e1<\/strong>, Spojen\u00e1 \u0161kola Rakovice, org. zlo\u017eka SO\u0160 rozvoja vidieka Rakovice.<\/li>\n<\/ol>\n<p>V\u00ed\u0165azom srde\u010dne blaho\u017eel\u00e1me!&nbsp;<\/p>\n<p style=\"text-align: justify;\">Vyhlasovate\u013eom s\u00fa\u0165a\u017ee je Ministerstvo \u0161kolstva, vedy, v\u00fdskumu a&nbsp;\u0161portu SR&nbsp; a&nbsp;metodick\u00fdm gestorom je \u0160t\u00e1tnym in\u0161tit\u00fatom odborn\u00e9ho vzdel\u00e1vania. Podujatie odborne gestorovali z&nbsp;hosdpod\u00e1rskej praxe Ing. Marek Spev\u00e1k a&nbsp;Ing. Eva Stru\u010dkov\u00e1, ktor\u00ed zabezpe\u010dili \u00fa\u010das\u0165 profesion\u00e1lne zdatn\u00fdch \u010dlenov odborn\u00fdch hodnotiacich komisi\u00ed. &nbsp;<\/p>\n<p>&nbsp;<\/p>","protected":false},"excerpt":{"rendered":"<p>Slovensk\u00e1 asoci\u00e1cia kvetin\u00e1rov a floristov a \u0160t\u00e1tny in\u0161tit\u00fat odborn\u00e9ho vzdel\u00e1vania sa s \u010fal\u0161\u00edmi partnermi z hospod\u00e1rskej praxe s podporou mesta Pie\u0161\u0165any a Trnavsk\u00e9ho samospr\u00e1vneho kraja podp\u00edsali pod \u010fal\u0161\u00ed \u00faspe\u0161n\u00fd ro\u010dn\u00edk s\u00fa\u0165a\u017ee, ktor\u00fd sa 21. septembra konal tradi\u010dne v Pie\u0161\u0165anoch.&nbsp; &nbsp;&nbsp; V&nbsp;r\u00e1mci n\u00e1rodnej s\u00fa\u0165a\u017ee vo viazan\u00ed a aran\u017eovan\u00ed kvetov tento rok s\u00fa\u0165a\u017eiaci stredn\u00fdch odborn\u00fdch \u0161k\u00f4l a&nbsp;profesion\u00e1li [&hellip;]<\/p>\n","protected":false},"author":6,"featured_media":12251,"comment_status":"closed","ping_status":"closed","sticky":false,"template":"","format":"standard","meta":{"site-sidebar-layout":"default","site-content-layout":"default","ast-site-content-layout":"default","site-content-style":"default","site-sidebar-style":"default","ast-global-header-display":"","ast-banner-title-visibility":"","ast-main-header-display":"","ast-hfb-above-header-display":"","ast-hfb-below-header-display":"","ast-hfb-mobile-header-display":"","site-post-title":"","ast-breadcrumbs-content":"","ast-featured-img":"","footer-sml-layout":"","ast-disable-related-posts":"","theme-transparent-header-meta":"default","adv-header-id-meta":"","stick-header-meta":"","header-above-stick-meta":"","header-main-stick-meta":"","header-below-stick-meta":"","astra-migrate-meta-layouts":"default","ast-page-background-enabled":"default","ast-page-background-meta":{"desktop":{"background-color":"var(--ast-global-color-4)","background-image":"","background-repeat":"repeat","background-position":"center center","background-size":"auto","background-attachment":"scroll","background-type":"","background-media":"","overlay-type":"","overlay-color":"","overlay-opacity":"","overlay-gradient":""},"tablet":{"background-color":"","background-image":"","background-repeat":"repeat","background-position":"center center","background-size":"auto","background-attachment":"scroll","background-type":"","background-media":"","overlay-type":"","overlay-color":"","overlay-opacity":"","overlay-gradient":""},"mobile":{"background-color":"","background-image":"","background-repeat":"repeat","background-position":"center center","background-size":"auto","background-attachment":"scroll","background-type":"","background-media":"","overlay-type":"","overlay-color":"","overlay-opacity":"","overlay-gradient":""}},"ast-content-background-meta":{"desktop":{"background-color":"var(--ast-global-color-5)","background-image":"","background-repeat":"repeat","background-position":"center center","background-size":"auto","background-attachment":"scroll","background-type":"","background-media":"","overlay-type":"","overlay-color":"","overlay-opacity":"","overlay-gradient":""},"tablet":{"background-color":"var(--ast-global-color-5)","background-image":"","background-repeat":"repeat","background-position":"center center","background-size":"auto","background-attachment":"scroll","background-type":"","background-media":"","overlay-type":"","overlay-color":"","overlay-opacity":"","overlay-gradient":""},"mobile":{"background-color":"var(--ast-global-color-5)","background-image":"","background-repeat":"repeat","background-position":"center center","background-size":"auto","background-attachment":"scroll","background-type":"","background-media":"","overlay-type":"","overlay-color":"","overlay-opacity":"","overlay-gradient":""}},"footnotes":""},"categories":[1],"tags":[],"class_list":["post-12249","post","type-post","status-publish","format-standard","has-post-thumbnail","hentry","category-aktuality"],"yoast_head":"<!-- This site is optimized with the Yoast SEO plugin v27.5 - https:\/\/yoast.com\/product\/yoast-seo-wordpress\/ -->\n<title>Majstrovstv\u00e1 Slovenska vo floristike Skills Slovakia v Pie\u0161\u0165anoch - \u0160IOV - \u0161t\u00e1tny in\u0161tit\u00fat odborn\u00e9ho vzdel\u00e1vania<\/title>\n<meta name=\"robots\" content=\"index, follow, max-snippet:-1, max-image-preview:large, max-video-preview:-1\" \/>\n<link rel=\"canonical\" href=\"https:\/\/archiv.siov.sk\/en\/majstrovstva-slovenska-vo-floristike-skills-slovakia-v-piestanoch\/\" \/>\n<meta property=\"og:locale\" content=\"en_GB\" \/>\n<meta property=\"og:type\" content=\"article\" \/>\n<meta property=\"og:title\" content=\"Majstrovstv\u00e1 Slovenska vo floristike Skills Slovakia v Pie\u0161\u0165anoch - \u0160IOV - \u0161t\u00e1tny in\u0161tit\u00fat odborn\u00e9ho vzdel\u00e1vania\" \/>\n<meta property=\"og:description\" content=\"Slovensk\u00e1 asoci\u00e1cia kvetin\u00e1rov a floristov a \u0160t\u00e1tny in\u0161tit\u00fat odborn\u00e9ho vzdel\u00e1vania sa s \u010fal\u0161\u00edmi partnermi z hospod\u00e1rskej praxe s podporou mesta Pie\u0161\u0165any a Trnavsk\u00e9ho samospr\u00e1vneho kraja podp\u00edsali pod \u010fal\u0161\u00ed \u00faspe\u0161n\u00fd ro\u010dn\u00edk s\u00fa\u0165a\u017ee, ktor\u00fd sa 21. septembra konal tradi\u010dne v Pie\u0161\u0165anoch.&nbsp; &nbsp;&nbsp; V&nbsp;r\u00e1mci n\u00e1rodnej s\u00fa\u0165a\u017ee vo viazan\u00ed a aran\u017eovan\u00ed kvetov tento rok s\u00fa\u0165a\u017eiaci stredn\u00fdch odborn\u00fdch \u0161k\u00f4l a&nbsp;profesion\u00e1li [&hellip;]\" \/>\n<meta property=\"og:url\" content=\"https:\/\/archiv.siov.sk\/en\/majstrovstva-slovenska-vo-floristike-skills-slovakia-v-piestanoch\/\" \/>\n<meta property=\"og:site_name\" content=\"\u0160IOV - \u0161t\u00e1tny in\u0161tit\u00fat odborn\u00e9ho vzdel\u00e1vania\" \/>\n<meta property=\"article:publisher\" content=\"https:\/\/www.facebook.com\/Statnyinstitutodbornehovzdelavania\" \/>\n<meta property=\"article:published_time\" content=\"2022-09-28T11:39:46+00:00\" \/>\n<meta property=\"og:image\" content=\"https:\/\/archiv.siov.sk\/wp-content\/uploads\/2022\/09\/308025704_1252771595457125_3499984201721374613_n.jpg\" \/>\n\t<meta property=\"og:image:width\" content=\"1200\" \/>\n\t<meta property=\"og:image:height\" content=\"1599\" \/>\n\t<meta property=\"og:image:type\" content=\"image\/jpeg\" \/>\n<meta name=\"author\" content=\"Katar\u00edna Kov\u00e1\u010dov\u00e1\" \/>\n<meta name=\"twitter:card\" content=\"summary_large_image\" \/>\n<meta name=\"twitter:label1\" content=\"Written by\" \/>\n\t<meta name=\"twitter:data1\" content=\"Katar\u00edna Kov\u00e1\u010dov\u00e1\" \/>\n\t<meta name=\"twitter:label2\" content=\"Estimated reading time\" \/>\n\t<meta name=\"twitter:data2\" content=\"2 minutes\" \/>\n<script type=\"application\/ld+json\" class=\"yoast-schema-graph\">{\"@context\":\"https:\\\/\\\/schema.org\",\"@graph\":[{\"@type\":\"Article\",\"@id\":\"https:\\\/\\\/archiv.siov.sk\\\/majstrovstva-slovenska-vo-floristike-skills-slovakia-v-piestanoch\\\/#article\",\"isPartOf\":{\"@id\":\"https:\\\/\\\/archiv.siov.sk\\\/majstrovstva-slovenska-vo-floristike-skills-slovakia-v-piestanoch\\\/\"},\"author\":{\"name\":\"Katar\u00edna Kov\u00e1\u010dov\u00e1\",\"@id\":\"https:\\\/\\\/archiv.siov.sk\\\/#\\\/schema\\\/person\\\/e42d633fbd958c6a726e8834d8965e6c\"},\"headline\":\"Majstrovstv\u00e1 Slovenska vo floristike Skills Slovakia v Pie\u0161\u0165anoch\",\"datePublished\":\"2022-09-28T11:39:46+00:00\",\"mainEntityOfPage\":{\"@id\":\"https:\\\/\\\/archiv.siov.sk\\\/majstrovstva-slovenska-vo-floristike-skills-slovakia-v-piestanoch\\\/\"},\"wordCount\":398,\"publisher\":{\"@id\":\"https:\\\/\\\/archiv.siov.sk\\\/#organization\"},\"image\":{\"@id\":\"https:\\\/\\\/archiv.siov.sk\\\/majstrovstva-slovenska-vo-floristike-skills-slovakia-v-piestanoch\\\/#primaryimage\"},\"thumbnailUrl\":\"https:\\\/\\\/archiv.siov.sk\\\/wp-content\\\/uploads\\\/2022\\\/09\\\/308025704_1252771595457125_3499984201721374613_n.jpg\",\"articleSection\":[\"Aktuality\"],\"inLanguage\":\"en-GB\"},{\"@type\":\"WebPage\",\"@id\":\"https:\\\/\\\/archiv.siov.sk\\\/majstrovstva-slovenska-vo-floristike-skills-slovakia-v-piestanoch\\\/\",\"url\":\"https:\\\/\\\/archiv.siov.sk\\\/majstrovstva-slovenska-vo-floristike-skills-slovakia-v-piestanoch\\\/\",\"name\":\"Majstrovstv\u00e1 Slovenska vo floristike Skills Slovakia v Pie\u0161\u0165anoch - \u0160IOV - \u0161t\u00e1tny in\u0161tit\u00fat odborn\u00e9ho vzdel\u00e1vania\",\"isPartOf\":{\"@id\":\"https:\\\/\\\/archiv.siov.sk\\\/#website\"},\"primaryImageOfPage\":{\"@id\":\"https:\\\/\\\/archiv.siov.sk\\\/majstrovstva-slovenska-vo-floristike-skills-slovakia-v-piestanoch\\\/#primaryimage\"},\"image\":{\"@id\":\"https:\\\/\\\/archiv.siov.sk\\\/majstrovstva-slovenska-vo-floristike-skills-slovakia-v-piestanoch\\\/#primaryimage\"},\"thumbnailUrl\":\"https:\\\/\\\/archiv.siov.sk\\\/wp-content\\\/uploads\\\/2022\\\/09\\\/308025704_1252771595457125_3499984201721374613_n.jpg\",\"datePublished\":\"2022-09-28T11:39:46+00:00\",\"breadcrumb\":{\"@id\":\"https:\\\/\\\/archiv.siov.sk\\\/majstrovstva-slovenska-vo-floristike-skills-slovakia-v-piestanoch\\\/#breadcrumb\"},\"inLanguage\":\"en-GB\",\"potentialAction\":[{\"@type\":\"ReadAction\",\"target\":[\"https:\\\/\\\/archiv.siov.sk\\\/majstrovstva-slovenska-vo-floristike-skills-slovakia-v-piestanoch\\\/\"]}]},{\"@type\":\"ImageObject\",\"inLanguage\":\"en-GB\",\"@id\":\"https:\\\/\\\/archiv.siov.sk\\\/majstrovstva-slovenska-vo-floristike-skills-slovakia-v-piestanoch\\\/#primaryimage\",\"url\":\"https:\\\/\\\/archiv.siov.sk\\\/wp-content\\\/uploads\\\/2022\\\/09\\\/308025704_1252771595457125_3499984201721374613_n.jpg\",\"contentUrl\":\"https:\\\/\\\/archiv.siov.sk\\\/wp-content\\\/uploads\\\/2022\\\/09\\\/308025704_1252771595457125_3499984201721374613_n.jpg\",\"width\":1200,\"height\":1599},{\"@type\":\"BreadcrumbList\",\"@id\":\"https:\\\/\\\/archiv.siov.sk\\\/majstrovstva-slovenska-vo-floristike-skills-slovakia-v-piestanoch\\\/#breadcrumb\",\"itemListElement\":[{\"@type\":\"ListItem\",\"position\":1,\"name\":\"Home\",\"item\":\"https:\\\/\\\/archiv.siov.sk\\\/\"},{\"@type\":\"ListItem\",\"position\":2,\"name\":\"Majstrovstv\u00e1 Slovenska vo floristike Skills Slovakia v Pie\u0161\u0165anoch\"}]},{\"@type\":\"WebSite\",\"@id\":\"https:\\\/\\\/archiv.siov.sk\\\/#website\",\"url\":\"https:\\\/\\\/archiv.siov.sk\\\/\",\"name\":\"\u0160IOV - \u0161t\u00e1tny in\u0161tit\u00fat odborn\u00e9ho vzdel\u00e1vania\",\"description\":\"\",\"publisher\":{\"@id\":\"https:\\\/\\\/archiv.siov.sk\\\/#organization\"},\"potentialAction\":[{\"@type\":\"SearchAction\",\"target\":{\"@type\":\"EntryPoint\",\"urlTemplate\":\"https:\\\/\\\/archiv.siov.sk\\\/?s={search_term_string}\"},\"query-input\":{\"@type\":\"PropertyValueSpecification\",\"valueRequired\":true,\"valueName\":\"search_term_string\"}}],\"inLanguage\":\"en-GB\"},{\"@type\":\"Organization\",\"@id\":\"https:\\\/\\\/archiv.siov.sk\\\/#organization\",\"name\":\"\u0160IOV - \u0161t\u00e1tny in\u0161tit\u00fat odborn\u00e9ho vzdel\u00e1vania\",\"url\":\"https:\\\/\\\/archiv.siov.sk\\\/\",\"logo\":{\"@type\":\"ImageObject\",\"inLanguage\":\"en-GB\",\"@id\":\"https:\\\/\\\/archiv.siov.sk\\\/#\\\/schema\\\/logo\\\/image\\\/\",\"url\":\"https:\\\/\\\/archiv.siov.sk\\\/wp-content\\\/uploads\\\/2024\\\/02\\\/logo-SIOV.png\",\"contentUrl\":\"https:\\\/\\\/archiv.siov.sk\\\/wp-content\\\/uploads\\\/2024\\\/02\\\/logo-SIOV.png\",\"width\":431,\"height\":143,\"caption\":\"\u0160IOV - \u0161t\u00e1tny in\u0161tit\u00fat odborn\u00e9ho vzdel\u00e1vania\"},\"image\":{\"@id\":\"https:\\\/\\\/archiv.siov.sk\\\/#\\\/schema\\\/logo\\\/image\\\/\"},\"sameAs\":[\"https:\\\/\\\/www.facebook.com\\\/Statnyinstitutodbornehovzdelavania\"]},{\"@type\":\"Person\",\"@id\":\"https:\\\/\\\/archiv.siov.sk\\\/#\\\/schema\\\/person\\\/e42d633fbd958c6a726e8834d8965e6c\",\"name\":\"Katar\u00edna Kov\u00e1\u010dov\u00e1\",\"url\":\"https:\\\/\\\/archiv.siov.sk\\\/en\\\/author\\\/katkakovacova\\\/\"}]}<\/script>\n<!-- \/ Yoast SEO plugin. -->","yoast_head_json":{"title":"Majstrovstv\u00e1 Slovenska vo floristike Skills Slovakia v Pie\u0161\u0165anoch - \u0160IOV - \u0161t\u00e1tny in\u0161tit\u00fat odborn\u00e9ho vzdel\u00e1vania","robots":{"index":"index","follow":"follow","max-snippet":"max-snippet:-1","max-image-preview":"max-image-preview:large","max-video-preview":"max-video-preview:-1"},"canonical":"https:\/\/archiv.siov.sk\/en\/majstrovstva-slovenska-vo-floristike-skills-slovakia-v-piestanoch\/","og_locale":"en_GB","og_type":"article","og_title":"Majstrovstv\u00e1 Slovenska vo floristike Skills Slovakia v Pie\u0161\u0165anoch - \u0160IOV - \u0161t\u00e1tny in\u0161tit\u00fat odborn\u00e9ho vzdel\u00e1vania","og_description":"Slovensk\u00e1 asoci\u00e1cia kvetin\u00e1rov a floristov a \u0160t\u00e1tny in\u0161tit\u00fat odborn\u00e9ho vzdel\u00e1vania sa s \u010fal\u0161\u00edmi partnermi z hospod\u00e1rskej praxe s podporou mesta Pie\u0161\u0165any a Trnavsk\u00e9ho samospr\u00e1vneho kraja podp\u00edsali pod \u010fal\u0161\u00ed \u00faspe\u0161n\u00fd ro\u010dn\u00edk s\u00fa\u0165a\u017ee, ktor\u00fd sa 21. septembra konal tradi\u010dne v Pie\u0161\u0165anoch.&nbsp; &nbsp;&nbsp; V&nbsp;r\u00e1mci n\u00e1rodnej s\u00fa\u0165a\u017ee vo viazan\u00ed a aran\u017eovan\u00ed kvetov tento rok s\u00fa\u0165a\u017eiaci stredn\u00fdch odborn\u00fdch \u0161k\u00f4l a&nbsp;profesion\u00e1li [&hellip;]","og_url":"https:\/\/archiv.siov.sk\/en\/majstrovstva-slovenska-vo-floristike-skills-slovakia-v-piestanoch\/","og_site_name":"\u0160IOV - \u0161t\u00e1tny in\u0161tit\u00fat odborn\u00e9ho vzdel\u00e1vania","article_publisher":"https:\/\/www.facebook.com\/Statnyinstitutodbornehovzdelavania","article_published_time":"2022-09-28T11:39:46+00:00","og_image":[{"width":1200,"height":1599,"url":"https:\/\/archiv.siov.sk\/wp-content\/uploads\/2022\/09\/308025704_1252771595457125_3499984201721374613_n.jpg","type":"image\/jpeg"}],"author":"Katar\u00edna Kov\u00e1\u010dov\u00e1","twitter_card":"summary_large_image","twitter_misc":{"Written by":"Katar\u00edna Kov\u00e1\u010dov\u00e1","Estimated reading time":"2 minutes"},"schema":{"@context":"https:\/\/schema.org","@graph":[{"@type":"Article","@id":"https:\/\/archiv.siov.sk\/majstrovstva-slovenska-vo-floristike-skills-slovakia-v-piestanoch\/#article","isPartOf":{"@id":"https:\/\/archiv.siov.sk\/majstrovstva-slovenska-vo-floristike-skills-slovakia-v-piestanoch\/"},"author":{"name":"Katar\u00edna Kov\u00e1\u010dov\u00e1","@id":"https:\/\/archiv.siov.sk\/#\/schema\/person\/e42d633fbd958c6a726e8834d8965e6c"},"headline":"Majstrovstv\u00e1 Slovenska vo floristike Skills Slovakia v Pie\u0161\u0165anoch","datePublished":"2022-09-28T11:39:46+00:00","mainEntityOfPage":{"@id":"https:\/\/archiv.siov.sk\/majstrovstva-slovenska-vo-floristike-skills-slovakia-v-piestanoch\/"},"wordCount":398,"publisher":{"@id":"https:\/\/archiv.siov.sk\/#organization"},"image":{"@id":"https:\/\/archiv.siov.sk\/majstrovstva-slovenska-vo-floristike-skills-slovakia-v-piestanoch\/#primaryimage"},"thumbnailUrl":"https:\/\/archiv.siov.sk\/wp-content\/uploads\/2022\/09\/308025704_1252771595457125_3499984201721374613_n.jpg","articleSection":["Aktuality"],"inLanguage":"en-GB"},{"@type":"WebPage","@id":"https:\/\/archiv.siov.sk\/majstrovstva-slovenska-vo-floristike-skills-slovakia-v-piestanoch\/","url":"https:\/\/archiv.siov.sk\/majstrovstva-slovenska-vo-floristike-skills-slovakia-v-piestanoch\/","name":"Majstrovstv\u00e1 Slovenska vo floristike Skills Slovakia v Pie\u0161\u0165anoch - \u0160IOV - \u0161t\u00e1tny in\u0161tit\u00fat odborn\u00e9ho vzdel\u00e1vania","isPartOf":{"@id":"https:\/\/archiv.siov.sk\/#website"},"primaryImageOfPage":{"@id":"https:\/\/archiv.siov.sk\/majstrovstva-slovenska-vo-floristike-skills-slovakia-v-piestanoch\/#primaryimage"},"image":{"@id":"https:\/\/archiv.siov.sk\/majstrovstva-slovenska-vo-floristike-skills-slovakia-v-piestanoch\/#primaryimage"},"thumbnailUrl":"https:\/\/archiv.siov.sk\/wp-content\/uploads\/2022\/09\/308025704_1252771595457125_3499984201721374613_n.jpg","datePublished":"2022-09-28T11:39:46+00:00","breadcrumb":{"@id":"https:\/\/archiv.siov.sk\/majstrovstva-slovenska-vo-floristike-skills-slovakia-v-piestanoch\/#breadcrumb"},"inLanguage":"en-GB","potentialAction":[{"@type":"ReadAction","target":["https:\/\/archiv.siov.sk\/majstrovstva-slovenska-vo-floristike-skills-slovakia-v-piestanoch\/"]}]},{"@type":"ImageObject","inLanguage":"en-GB","@id":"https:\/\/archiv.siov.sk\/majstrovstva-slovenska-vo-floristike-skills-slovakia-v-piestanoch\/#primaryimage","url":"https:\/\/archiv.siov.sk\/wp-content\/uploads\/2022\/09\/308025704_1252771595457125_3499984201721374613_n.jpg","contentUrl":"https:\/\/archiv.siov.sk\/wp-content\/uploads\/2022\/09\/308025704_1252771595457125_3499984201721374613_n.jpg","width":1200,"height":1599},{"@type":"BreadcrumbList","@id":"https:\/\/archiv.siov.sk\/majstrovstva-slovenska-vo-floristike-skills-slovakia-v-piestanoch\/#breadcrumb","itemListElement":[{"@type":"ListItem","position":1,"name":"Home","item":"https:\/\/archiv.siov.sk\/"},{"@type":"ListItem","position":2,"name":"Majstrovstv\u00e1 Slovenska vo floristike Skills Slovakia v Pie\u0161\u0165anoch"}]},{"@type":"WebSite","@id":"https:\/\/archiv.siov.sk\/#website","url":"https:\/\/archiv.siov.sk\/","name":"\u0160IOV - \u0161t\u00e1tny in\u0161tit\u00fat odborn\u00e9ho vzdel\u00e1vania","description":"","publisher":{"@id":"https:\/\/archiv.siov.sk\/#organization"},"potentialAction":[{"@type":"SearchAction","target":{"@type":"EntryPoint","urlTemplate":"https:\/\/archiv.siov.sk\/?s={search_term_string}"},"query-input":{"@type":"PropertyValueSpecification","valueRequired":true,"valueName":"search_term_string"}}],"inLanguage":"en-GB"},{"@type":"Organization","@id":"https:\/\/archiv.siov.sk\/#organization","name":"\u0160IOV - \u0161t\u00e1tny in\u0161tit\u00fat odborn\u00e9ho vzdel\u00e1vania","url":"https:\/\/archiv.siov.sk\/","logo":{"@type":"ImageObject","inLanguage":"en-GB","@id":"https:\/\/archiv.siov.sk\/#\/schema\/logo\/image\/","url":"https:\/\/archiv.siov.sk\/wp-content\/uploads\/2024\/02\/logo-SIOV.png","contentUrl":"https:\/\/archiv.siov.sk\/wp-content\/uploads\/2024\/02\/logo-SIOV.png","width":431,"height":143,"caption":"\u0160IOV - \u0161t\u00e1tny in\u0161tit\u00fat odborn\u00e9ho vzdel\u00e1vania"},"image":{"@id":"https:\/\/archiv.siov.sk\/#\/schema\/logo\/image\/"},"sameAs":["https:\/\/www.facebook.com\/Statnyinstitutodbornehovzdelavania"]},{"@type":"Person","@id":"https:\/\/archiv.siov.sk\/#\/schema\/person\/e42d633fbd958c6a726e8834d8965e6c","name":"Katar\u00edna Kov\u00e1\u010dov\u00e1","url":"https:\/\/archiv.siov.sk\/en\/author\/katkakovacova\/"}]}},"_links":{"self":[{"href":"https:\/\/archiv.siov.sk\/en\/wp-json\/wp\/v2\/posts\/12249","targetHints":{"allow":["GET"]}}],"collection":[{"href":"https:\/\/archiv.siov.sk\/en\/wp-json\/wp\/v2\/posts"}],"about":[{"href":"https:\/\/archiv.siov.sk\/en\/wp-json\/wp\/v2\/types\/post"}],"author":[{"embeddable":true,"href":"https:\/\/archiv.siov.sk\/en\/wp-json\/wp\/v2\/users\/6"}],"replies":[{"embeddable":true,"href":"https:\/\/archiv.siov.sk\/en\/wp-json\/wp\/v2\/comments?post=12249"}],"version-history":[{"count":2,"href":"https:\/\/archiv.siov.sk\/en\/wp-json\/wp\/v2\/posts\/12249\/revisions"}],"predecessor-version":[{"id":12252,"href":"https:\/\/archiv.siov.sk\/en\/wp-json\/wp\/v2\/posts\/12249\/revisions\/12252"}],"wp:featuredmedia":[{"embeddable":true,"href":"https:\/\/archiv.siov.sk\/en\/wp-json\/wp\/v2\/media\/12251"}],"wp:attachment":[{"href":"https:\/\/archiv.siov.sk\/en\/wp-json\/wp\/v2\/media?parent=12249"}],"wp:term":[{"taxonomy":"category","embeddable":true,"href":"https:\/\/archiv.siov.sk\/en\/wp-json\/wp\/v2\/categories?post=12249"},{"taxonomy":"post_tag","embeddable":true,"href":"https:\/\/archiv.siov.sk\/en\/wp-json\/wp\/v2\/tags?post=12249"}],"curies":[{"name":"wp","href":"https:\/\/api.w.org\/{rel}","templated":true}]}}