{"id":11492,"date":"2022-07-07T15:42:40","date_gmt":"2022-07-07T13:42:40","guid":{"rendered":"https:\/\/archiv.siov.sk\/?p=11492"},"modified":"2022-07-07T15:42:40","modified_gmt":"2022-07-07T13:42:40","slug":"narodny-koordinator-europskeho-programu-vo-vzdelavani-dospelych","status":"publish","type":"post","link":"https:\/\/archiv.siov.sk\/en\/narodny-koordinator-europskeho-programu-vo-vzdelavani-dospelych\/","title":{"rendered":"N\u00e1rodn\u00fd koordin\u00e1tor Eur\u00f3pskeho programu vo vzdel\u00e1van\u00ed dospel\u00fdch"},"content":{"rendered":"<p style=\"text-align: justify;\">\u0160t\u00e1tny in\u0161tit\u00fat odborn\u00e9ho vzdel\u00e1vania (\u0160IOV) pln\u00ed \u00falohu N\u00e1rodn\u00e9ho koordin\u00e1tora Eur\u00f3pskeho programu vzdel\u00e1vania dospel\u00fdch od za\u010diatku tohto roku. Na\u0161ou hlavnou amb\u00edciou v r\u00e1mci projektu je zrealizova\u0165 s\u00e9riu aktiv\u00edt, prostredn\u00edctvom ktor\u00fdch umo\u017en\u00edme vytv\u00e1ra\u0165 platformy pre v\u0161etk\u00fdch, ktor\u00ed s\u00fa akt\u00edvne zapojen\u00ed do rozvoja vzdel\u00e1vania dospel\u00fdch, \u010di u\u017e form\u00e1lneho alebo neform\u00e1lneho. Iniciat\u00edva je aj mo\u017enos\u0165ou pre zapojen\u00fdch akt\u00e9rov prispie\u0165 do tvorby a nastavovania bud\u00facich opatren\u00ed na podporu vzdel\u00e1vania dospel\u00fdch na Slovensku, in\u0161pirova\u0165 sa podnetn\u00fdmi pr\u00edkladmi in\u00fdch organiz\u00e1cii a z\u00edska\u0165 cenn\u00e9 kontakty v sieti partnerov pre svoju \u010fal\u0161iu pr\u00e1cu.<\/p>\n<p style=\"text-align: justify;\">Projekt obsahuje viac aktiv\u00edt (viac inform\u00e1ci\u00ed &#8211;&nbsp;<a href=\"https:\/\/zakladnezrucnosti.sk\/\">Z\u00e1kladn\u00e9 zru\u010dnosti<\/a>). Za\u010dali sme tou nosnou, \u010do je mapovanie podpory rozvoja zru\u010dnost\u00ed pre \u017eivot. Cenn\u00e9 inform\u00e1cie pre mapovaciu spr\u00e1vu z\u00edskavame po\u010das okr\u00fahlych stolov, ktor\u00e9 realizujeme v r\u00f4znych regi\u00f3noch Slovenska. &nbsp;<\/p>\n<p style=\"text-align: justify;\">Okr\u00fahle stoly s\u00fa pracovn\u00e9 stretnutia z\u00e1stupcov verejn\u00e9ho, s\u00fakromn\u00e9ho a tretieho sektora, ktor\u00ed p\u00f4sobia vo vzdel\u00e1van\u00ed dospel\u00fdch priamo ako poskytovatelia vzdel\u00e1vania alebo t\u00fdch, na \u010dinnos\u0165 ktor\u00fdch m\u00e1 \u00farove\u0148 zru\u010dnost\u00ed ob\u010danov Slovenska nejak\u00fd vplyv (pracovn\u00edci verejnej spr\u00e1vy poskytuj\u00faci slu\u017eby v oblasti zamestnanosti, vzdel\u00e1vania, miestneho rozvoja, organiz\u00e1cie akt\u00edvne vo vzdel\u00e1van\u00ed dospel\u00fdch, poradenstve dospel\u00fdch, v podpore zamestnanosti, odborn\u00edci v oblasti vzdel\u00e1vania dospel\u00fdch a poradenstva, vzdel\u00e1vacie, kult\u00farne alebo neziskov\u00e9 organiz\u00e1cie, \u0161koly a univerzity, zamestn\u00e1vatelia a pod.)<\/p>\n<p>Zatia\u013e sme ich stihli zrealizova\u0165 \u0161es\u0165 a&nbsp;na jese\u0148 pokra\u010dujeme \u010fal\u0161\u00edmi. Viac inform\u00e1ci\u00ed n\u00e1jdete: <a href=\"https:\/\/zakladnezrucnosti.sk\/aktuality\/\">Aktuality \u2013 Z\u00e1kladn\u00e9 zru\u010dnosti (zakladnezrucnosti.sk)<\/a><\/p>\n<p style=\"text-align: justify;\">Stretnutia s \u00fa\u010dastn\u00edkmi okr\u00fahlych stolov v r\u00e1mci iniciat\u00edvy N\u00e1rodn\u00fd koordin\u00e1tor Eur\u00f3pskeho programu vzdel\u00e1vania dospel\u00fdch s\u00fa aj pre n\u00e1s in\u0161pir\u00e1ciou v \u010fal\u0161ej pr\u00e1ci. Po\u010das posledn\u00fdch okr\u00fahlych stolov sme zozbierali ve\u013ea zauj\u00edmav\u00fdch podnetov, n\u00e1zorov, zdie\u013ean\u00fdch sk\u00fasenost\u00ed, ktor\u00e9 vyu\u017eijeme v na\u0161ej \u010fal\u0161ej pr\u00e1ci.<\/p>\n<p style=\"text-align: justify;\">V pr\u00edpade, \u017ee v\u00e1m ani jeden d\u00e1tum nevyhovoval, e\u0161te st\u00e1le je \u0161anca zapoji\u0165 sa po\u010das jesene. <strong>Ak m\u00e1te z\u00e1ujem dost\u00e1va\u0165 inform\u00e1cie o aktivit\u00e1ch N\u00e1rodn\u00e9ho koordin\u00e1tora, jednoducho sa zaregistrujte v na\u0161ej <\/strong><a href=\"https:\/\/docs.google.com\/forms\/d\/e\/1FAIpQLSf9_LR385regyx6xWLqYlMktelg3AUDJEpDlMwQukNMzIb8yg\/viewform\">datab\u00e1ze.<\/a><\/p>\n<p style=\"text-align: justify;\"><strong>Z\u00e1rove\u0148 budeme radi, ke\u010f n\u00e1m vypln\u00edte <\/strong><a href=\"https:\/\/docs.google.com\/forms\/d\/1_X_kG8u6TfvhhvGvUCnjArWsaZoCCh3J7rPOjgCWnV8\/edit\">formul\u00e1r<\/a><strong>, ktor\u00fd sl\u00fa\u017ei na zber \u00fadajov na mapovanie vzdel\u00e1vac\u00edch aktiv\u00edt pre dospel\u00fdch (os\u00f4b od 18 rokov), ktor\u00e9 podporuj\u00fa rozvoj m\u00e4kk\u00fdch zru\u010dnost\u00ed (pre potreby tohto mapovania definovan\u00fdch ako zru\u010dnost\u00ed a kompetenci\u00ed pre \u017eivot).<\/strong><\/p>\n<p>&nbsp;<\/p>\n<p><strong>Kontakt: <\/strong><\/p>\n<p>Alena \u0160tef\u00e1nikov\u00e1: <a href=\"mailto:alena.stefanikova@siov.sk\">alena.stefanikova@siov.sk<\/a><\/p>\n<p>Katar\u00edna \u0160m\u00e1lov\u00e1: <a href=\"mailto:katarina.smalova@siov.sk\">katarina.smalova@siov.sk<\/a><\/p>\n<p><a href=\"https:\/\/www.facebook.com\/czvsr\">Celo\u017eivotn\u00e9 vzdel\u00e1vanie v SR | <\/a><a href=\"https:\/\/www.facebook.com\/czvsr\">Facebook<\/a><\/p>\n<p style=\"text-align: justify;\">\u00dasek celo\u017eivotn\u00e9ho vzdel\u00e1vania (\u0160IOV) realizuje v&nbsp;obdob\u00ed od 1. 1. 2022 \u2013 31. 12.&nbsp; 2023 s&nbsp;finan\u010dnou podporou Eur\u00f3pskej komisie\/ERASMUS-EDU-2021-AL-AGENDA-IBA iniciat\u00edvu s&nbsp;n\u00e1zvom AL \u2013 Agenda \u2013 N\u00e1rodn\u00fd koordin\u00e1tor Eur\u00f3pskeho programu vzdel\u00e1vania dospel\u00fdch. \u010c\u00edslo projektu: 01051504 \u2014 NC ALA SK.<\/p>","protected":false},"excerpt":{"rendered":"<p>\u0160t\u00e1tny in\u0161tit\u00fat odborn\u00e9ho vzdel\u00e1vania (\u0160IOV) pln\u00ed \u00falohu N\u00e1rodn\u00e9ho koordin\u00e1tora Eur\u00f3pskeho programu vzdel\u00e1vania dospel\u00fdch od za\u010diatku tohto roku. Na\u0161ou hlavnou amb\u00edciou v r\u00e1mci projektu je zrealizova\u0165 s\u00e9riu aktiv\u00edt, prostredn\u00edctvom ktor\u00fdch umo\u017en\u00edme vytv\u00e1ra\u0165 platformy pre v\u0161etk\u00fdch, ktor\u00ed s\u00fa akt\u00edvne zapojen\u00ed do rozvoja vzdel\u00e1vania dospel\u00fdch, \u010di u\u017e form\u00e1lneho alebo neform\u00e1lneho. Iniciat\u00edva je aj mo\u017enos\u0165ou pre zapojen\u00fdch akt\u00e9rov prispie\u0165 [&hellip;]<\/p>\n","protected":false},"author":6,"featured_media":11494,"comment_status":"closed","ping_status":"closed","sticky":false,"template":"","format":"standard","meta":{"site-sidebar-layout":"default","site-content-layout":"default","ast-site-content-layout":"default","site-content-style":"default","site-sidebar-style":"default","ast-global-header-display":"","ast-banner-title-visibility":"","ast-main-header-display":"","ast-hfb-above-header-display":"","ast-hfb-below-header-display":"","ast-hfb-mobile-header-display":"","site-post-title":"","ast-breadcrumbs-content":"","ast-featured-img":"","footer-sml-layout":"","ast-disable-related-posts":"","theme-transparent-header-meta":"default","adv-header-id-meta":"","stick-header-meta":"","header-above-stick-meta":"","header-main-stick-meta":"","header-below-stick-meta":"","astra-migrate-meta-layouts":"default","ast-page-background-enabled":"default","ast-page-background-meta":{"desktop":{"background-color":"var(--ast-global-color-4)","background-image":"","background-repeat":"repeat","background-position":"center center","background-size":"auto","background-attachment":"scroll","background-type":"","background-media":"","overlay-type":"","overlay-color":"","overlay-opacity":"","overlay-gradient":""},"tablet":{"background-color":"","background-image":"","background-repeat":"repeat","background-position":"center center","background-size":"auto","background-attachment":"scroll","background-type":"","background-media":"","overlay-type":"","overlay-color":"","overlay-opacity":"","overlay-gradient":""},"mobile":{"background-color":"","background-image":"","background-repeat":"repeat","background-position":"center center","background-size":"auto","background-attachment":"scroll","background-type":"","background-media":"","overlay-type":"","overlay-color":"","overlay-opacity":"","overlay-gradient":""}},"ast-content-background-meta":{"desktop":{"background-color":"var(--ast-global-color-5)","background-image":"","background-repeat":"repeat","background-position":"center center","background-size":"auto","background-attachment":"scroll","background-type":"","background-media":"","overlay-type":"","overlay-color":"","overlay-opacity":"","overlay-gradient":""},"tablet":{"background-color":"var(--ast-global-color-5)","background-image":"","background-repeat":"repeat","background-position":"center center","background-size":"auto","background-attachment":"scroll","background-type":"","background-media":"","overlay-type":"","overlay-color":"","overlay-opacity":"","overlay-gradient":""},"mobile":{"background-color":"var(--ast-global-color-5)","background-image":"","background-repeat":"repeat","background-position":"center center","background-size":"auto","background-attachment":"scroll","background-type":"","background-media":"","overlay-type":"","overlay-color":"","overlay-opacity":"","overlay-gradient":""}},"footnotes":""},"categories":[1],"tags":[],"class_list":["post-11492","post","type-post","status-publish","format-standard","has-post-thumbnail","hentry","category-aktuality"],"yoast_head":"<!-- This site is optimized with the Yoast SEO plugin v27.5 - https:\/\/yoast.com\/product\/yoast-seo-wordpress\/ -->\n<title>N\u00e1rodn\u00fd koordin\u00e1tor Eur\u00f3pskeho programu vo vzdel\u00e1van\u00ed dospel\u00fdch - \u0160IOV - \u0161t\u00e1tny in\u0161tit\u00fat odborn\u00e9ho vzdel\u00e1vania<\/title>\n<meta name=\"robots\" content=\"index, follow, max-snippet:-1, max-image-preview:large, max-video-preview:-1\" \/>\n<link rel=\"canonical\" href=\"https:\/\/archiv.siov.sk\/en\/narodny-koordinator-europskeho-programu-vo-vzdelavani-dospelych\/\" \/>\n<meta property=\"og:locale\" content=\"en_GB\" \/>\n<meta property=\"og:type\" content=\"article\" \/>\n<meta property=\"og:title\" content=\"N\u00e1rodn\u00fd koordin\u00e1tor Eur\u00f3pskeho programu vo vzdel\u00e1van\u00ed dospel\u00fdch - \u0160IOV - \u0161t\u00e1tny in\u0161tit\u00fat odborn\u00e9ho vzdel\u00e1vania\" \/>\n<meta property=\"og:description\" content=\"\u0160t\u00e1tny in\u0161tit\u00fat odborn\u00e9ho vzdel\u00e1vania (\u0160IOV) pln\u00ed \u00falohu N\u00e1rodn\u00e9ho koordin\u00e1tora Eur\u00f3pskeho programu vzdel\u00e1vania dospel\u00fdch od za\u010diatku tohto roku. Na\u0161ou hlavnou amb\u00edciou v r\u00e1mci projektu je zrealizova\u0165 s\u00e9riu aktiv\u00edt, prostredn\u00edctvom ktor\u00fdch umo\u017en\u00edme vytv\u00e1ra\u0165 platformy pre v\u0161etk\u00fdch, ktor\u00ed s\u00fa akt\u00edvne zapojen\u00ed do rozvoja vzdel\u00e1vania dospel\u00fdch, \u010di u\u017e form\u00e1lneho alebo neform\u00e1lneho. Iniciat\u00edva je aj mo\u017enos\u0165ou pre zapojen\u00fdch akt\u00e9rov prispie\u0165 [&hellip;]\" \/>\n<meta property=\"og:url\" content=\"https:\/\/archiv.siov.sk\/en\/narodny-koordinator-europskeho-programu-vo-vzdelavani-dospelych\/\" \/>\n<meta property=\"og:site_name\" content=\"\u0160IOV - \u0161t\u00e1tny in\u0161tit\u00fat odborn\u00e9ho vzdel\u00e1vania\" \/>\n<meta property=\"article:publisher\" content=\"https:\/\/www.facebook.com\/Statnyinstitutodbornehovzdelavania\" \/>\n<meta property=\"article:published_time\" content=\"2022-07-07T13:42:40+00:00\" \/>\n<meta property=\"og:image\" content=\"https:\/\/archiv.siov.sk\/wp-content\/uploads\/2022\/07\/okruhle-stoly_foto.png\" \/>\n\t<meta property=\"og:image:width\" content=\"640\" \/>\n\t<meta property=\"og:image:height\" content=\"640\" \/>\n\t<meta property=\"og:image:type\" content=\"image\/png\" \/>\n<meta name=\"author\" content=\"Katar\u00edna Kov\u00e1\u010dov\u00e1\" \/>\n<meta name=\"twitter:card\" content=\"summary_large_image\" \/>\n<meta name=\"twitter:label1\" content=\"Written by\" \/>\n\t<meta name=\"twitter:data1\" content=\"Katar\u00edna Kov\u00e1\u010dov\u00e1\" \/>\n\t<meta name=\"twitter:label2\" content=\"Estimated reading time\" \/>\n\t<meta name=\"twitter:data2\" content=\"2 minutes\" \/>\n<script type=\"application\/ld+json\" class=\"yoast-schema-graph\">{\"@context\":\"https:\\\/\\\/schema.org\",\"@graph\":[{\"@type\":\"Article\",\"@id\":\"https:\\\/\\\/archiv.siov.sk\\\/narodny-koordinator-europskeho-programu-vo-vzdelavani-dospelych\\\/#article\",\"isPartOf\":{\"@id\":\"https:\\\/\\\/archiv.siov.sk\\\/narodny-koordinator-europskeho-programu-vo-vzdelavani-dospelych\\\/\"},\"author\":{\"name\":\"Katar\u00edna Kov\u00e1\u010dov\u00e1\",\"@id\":\"https:\\\/\\\/archiv.siov.sk\\\/#\\\/schema\\\/person\\\/e42d633fbd958c6a726e8834d8965e6c\"},\"headline\":\"N\u00e1rodn\u00fd koordin\u00e1tor Eur\u00f3pskeho programu vo vzdel\u00e1van\u00ed dospel\u00fdch\",\"datePublished\":\"2022-07-07T13:42:40+00:00\",\"mainEntityOfPage\":{\"@id\":\"https:\\\/\\\/archiv.siov.sk\\\/narodny-koordinator-europskeho-programu-vo-vzdelavani-dospelych\\\/\"},\"wordCount\":557,\"publisher\":{\"@id\":\"https:\\\/\\\/archiv.siov.sk\\\/#organization\"},\"image\":{\"@id\":\"https:\\\/\\\/archiv.siov.sk\\\/narodny-koordinator-europskeho-programu-vo-vzdelavani-dospelych\\\/#primaryimage\"},\"thumbnailUrl\":\"https:\\\/\\\/archiv.siov.sk\\\/wp-content\\\/uploads\\\/2022\\\/07\\\/okruhle-stoly_foto.png\",\"articleSection\":[\"Aktuality\"],\"inLanguage\":\"en-GB\"},{\"@type\":\"WebPage\",\"@id\":\"https:\\\/\\\/archiv.siov.sk\\\/narodny-koordinator-europskeho-programu-vo-vzdelavani-dospelych\\\/\",\"url\":\"https:\\\/\\\/archiv.siov.sk\\\/narodny-koordinator-europskeho-programu-vo-vzdelavani-dospelych\\\/\",\"name\":\"N\u00e1rodn\u00fd koordin\u00e1tor Eur\u00f3pskeho programu vo vzdel\u00e1van\u00ed dospel\u00fdch - \u0160IOV - \u0161t\u00e1tny in\u0161tit\u00fat odborn\u00e9ho vzdel\u00e1vania\",\"isPartOf\":{\"@id\":\"https:\\\/\\\/archiv.siov.sk\\\/#website\"},\"primaryImageOfPage\":{\"@id\":\"https:\\\/\\\/archiv.siov.sk\\\/narodny-koordinator-europskeho-programu-vo-vzdelavani-dospelych\\\/#primaryimage\"},\"image\":{\"@id\":\"https:\\\/\\\/archiv.siov.sk\\\/narodny-koordinator-europskeho-programu-vo-vzdelavani-dospelych\\\/#primaryimage\"},\"thumbnailUrl\":\"https:\\\/\\\/archiv.siov.sk\\\/wp-content\\\/uploads\\\/2022\\\/07\\\/okruhle-stoly_foto.png\",\"datePublished\":\"2022-07-07T13:42:40+00:00\",\"breadcrumb\":{\"@id\":\"https:\\\/\\\/archiv.siov.sk\\\/narodny-koordinator-europskeho-programu-vo-vzdelavani-dospelych\\\/#breadcrumb\"},\"inLanguage\":\"en-GB\",\"potentialAction\":[{\"@type\":\"ReadAction\",\"target\":[\"https:\\\/\\\/archiv.siov.sk\\\/narodny-koordinator-europskeho-programu-vo-vzdelavani-dospelych\\\/\"]}]},{\"@type\":\"ImageObject\",\"inLanguage\":\"en-GB\",\"@id\":\"https:\\\/\\\/archiv.siov.sk\\\/narodny-koordinator-europskeho-programu-vo-vzdelavani-dospelych\\\/#primaryimage\",\"url\":\"https:\\\/\\\/archiv.siov.sk\\\/wp-content\\\/uploads\\\/2022\\\/07\\\/okruhle-stoly_foto.png\",\"contentUrl\":\"https:\\\/\\\/archiv.siov.sk\\\/wp-content\\\/uploads\\\/2022\\\/07\\\/okruhle-stoly_foto.png\",\"width\":640,\"height\":640},{\"@type\":\"BreadcrumbList\",\"@id\":\"https:\\\/\\\/archiv.siov.sk\\\/narodny-koordinator-europskeho-programu-vo-vzdelavani-dospelych\\\/#breadcrumb\",\"itemListElement\":[{\"@type\":\"ListItem\",\"position\":1,\"name\":\"Home\",\"item\":\"https:\\\/\\\/archiv.siov.sk\\\/\"},{\"@type\":\"ListItem\",\"position\":2,\"name\":\"N\u00e1rodn\u00fd koordin\u00e1tor Eur\u00f3pskeho programu vo vzdel\u00e1van\u00ed dospel\u00fdch\"}]},{\"@type\":\"WebSite\",\"@id\":\"https:\\\/\\\/archiv.siov.sk\\\/#website\",\"url\":\"https:\\\/\\\/archiv.siov.sk\\\/\",\"name\":\"\u0160IOV - \u0161t\u00e1tny in\u0161tit\u00fat odborn\u00e9ho vzdel\u00e1vania\",\"description\":\"\",\"publisher\":{\"@id\":\"https:\\\/\\\/archiv.siov.sk\\\/#organization\"},\"potentialAction\":[{\"@type\":\"SearchAction\",\"target\":{\"@type\":\"EntryPoint\",\"urlTemplate\":\"https:\\\/\\\/archiv.siov.sk\\\/?s={search_term_string}\"},\"query-input\":{\"@type\":\"PropertyValueSpecification\",\"valueRequired\":true,\"valueName\":\"search_term_string\"}}],\"inLanguage\":\"en-GB\"},{\"@type\":\"Organization\",\"@id\":\"https:\\\/\\\/archiv.siov.sk\\\/#organization\",\"name\":\"\u0160IOV - \u0161t\u00e1tny in\u0161tit\u00fat odborn\u00e9ho vzdel\u00e1vania\",\"url\":\"https:\\\/\\\/archiv.siov.sk\\\/\",\"logo\":{\"@type\":\"ImageObject\",\"inLanguage\":\"en-GB\",\"@id\":\"https:\\\/\\\/archiv.siov.sk\\\/#\\\/schema\\\/logo\\\/image\\\/\",\"url\":\"https:\\\/\\\/archiv.siov.sk\\\/wp-content\\\/uploads\\\/2024\\\/02\\\/logo-SIOV.png\",\"contentUrl\":\"https:\\\/\\\/archiv.siov.sk\\\/wp-content\\\/uploads\\\/2024\\\/02\\\/logo-SIOV.png\",\"width\":431,\"height\":143,\"caption\":\"\u0160IOV - \u0161t\u00e1tny in\u0161tit\u00fat odborn\u00e9ho vzdel\u00e1vania\"},\"image\":{\"@id\":\"https:\\\/\\\/archiv.siov.sk\\\/#\\\/schema\\\/logo\\\/image\\\/\"},\"sameAs\":[\"https:\\\/\\\/www.facebook.com\\\/Statnyinstitutodbornehovzdelavania\"]},{\"@type\":\"Person\",\"@id\":\"https:\\\/\\\/archiv.siov.sk\\\/#\\\/schema\\\/person\\\/e42d633fbd958c6a726e8834d8965e6c\",\"name\":\"Katar\u00edna Kov\u00e1\u010dov\u00e1\",\"url\":\"https:\\\/\\\/archiv.siov.sk\\\/en\\\/author\\\/katkakovacova\\\/\"}]}<\/script>\n<!-- \/ Yoast SEO plugin. -->","yoast_head_json":{"title":"N\u00e1rodn\u00fd koordin\u00e1tor Eur\u00f3pskeho programu vo vzdel\u00e1van\u00ed dospel\u00fdch - \u0160IOV - \u0161t\u00e1tny in\u0161tit\u00fat odborn\u00e9ho vzdel\u00e1vania","robots":{"index":"index","follow":"follow","max-snippet":"max-snippet:-1","max-image-preview":"max-image-preview:large","max-video-preview":"max-video-preview:-1"},"canonical":"https:\/\/archiv.siov.sk\/en\/narodny-koordinator-europskeho-programu-vo-vzdelavani-dospelych\/","og_locale":"en_GB","og_type":"article","og_title":"N\u00e1rodn\u00fd koordin\u00e1tor Eur\u00f3pskeho programu vo vzdel\u00e1van\u00ed dospel\u00fdch - \u0160IOV - \u0161t\u00e1tny in\u0161tit\u00fat odborn\u00e9ho vzdel\u00e1vania","og_description":"\u0160t\u00e1tny in\u0161tit\u00fat odborn\u00e9ho vzdel\u00e1vania (\u0160IOV) pln\u00ed \u00falohu N\u00e1rodn\u00e9ho koordin\u00e1tora Eur\u00f3pskeho programu vzdel\u00e1vania dospel\u00fdch od za\u010diatku tohto roku. Na\u0161ou hlavnou amb\u00edciou v r\u00e1mci projektu je zrealizova\u0165 s\u00e9riu aktiv\u00edt, prostredn\u00edctvom ktor\u00fdch umo\u017en\u00edme vytv\u00e1ra\u0165 platformy pre v\u0161etk\u00fdch, ktor\u00ed s\u00fa akt\u00edvne zapojen\u00ed do rozvoja vzdel\u00e1vania dospel\u00fdch, \u010di u\u017e form\u00e1lneho alebo neform\u00e1lneho. Iniciat\u00edva je aj mo\u017enos\u0165ou pre zapojen\u00fdch akt\u00e9rov prispie\u0165 [&hellip;]","og_url":"https:\/\/archiv.siov.sk\/en\/narodny-koordinator-europskeho-programu-vo-vzdelavani-dospelych\/","og_site_name":"\u0160IOV - \u0161t\u00e1tny in\u0161tit\u00fat odborn\u00e9ho vzdel\u00e1vania","article_publisher":"https:\/\/www.facebook.com\/Statnyinstitutodbornehovzdelavania","article_published_time":"2022-07-07T13:42:40+00:00","og_image":[{"width":640,"height":640,"url":"https:\/\/archiv.siov.sk\/wp-content\/uploads\/2022\/07\/okruhle-stoly_foto.png","type":"image\/png"}],"author":"Katar\u00edna Kov\u00e1\u010dov\u00e1","twitter_card":"summary_large_image","twitter_misc":{"Written by":"Katar\u00edna Kov\u00e1\u010dov\u00e1","Estimated reading time":"2 minutes"},"schema":{"@context":"https:\/\/schema.org","@graph":[{"@type":"Article","@id":"https:\/\/archiv.siov.sk\/narodny-koordinator-europskeho-programu-vo-vzdelavani-dospelych\/#article","isPartOf":{"@id":"https:\/\/archiv.siov.sk\/narodny-koordinator-europskeho-programu-vo-vzdelavani-dospelych\/"},"author":{"name":"Katar\u00edna Kov\u00e1\u010dov\u00e1","@id":"https:\/\/archiv.siov.sk\/#\/schema\/person\/e42d633fbd958c6a726e8834d8965e6c"},"headline":"N\u00e1rodn\u00fd koordin\u00e1tor Eur\u00f3pskeho programu vo vzdel\u00e1van\u00ed dospel\u00fdch","datePublished":"2022-07-07T13:42:40+00:00","mainEntityOfPage":{"@id":"https:\/\/archiv.siov.sk\/narodny-koordinator-europskeho-programu-vo-vzdelavani-dospelych\/"},"wordCount":557,"publisher":{"@id":"https:\/\/archiv.siov.sk\/#organization"},"image":{"@id":"https:\/\/archiv.siov.sk\/narodny-koordinator-europskeho-programu-vo-vzdelavani-dospelych\/#primaryimage"},"thumbnailUrl":"https:\/\/archiv.siov.sk\/wp-content\/uploads\/2022\/07\/okruhle-stoly_foto.png","articleSection":["Aktuality"],"inLanguage":"en-GB"},{"@type":"WebPage","@id":"https:\/\/archiv.siov.sk\/narodny-koordinator-europskeho-programu-vo-vzdelavani-dospelych\/","url":"https:\/\/archiv.siov.sk\/narodny-koordinator-europskeho-programu-vo-vzdelavani-dospelych\/","name":"N\u00e1rodn\u00fd koordin\u00e1tor Eur\u00f3pskeho programu vo vzdel\u00e1van\u00ed dospel\u00fdch - \u0160IOV - \u0161t\u00e1tny in\u0161tit\u00fat odborn\u00e9ho vzdel\u00e1vania","isPartOf":{"@id":"https:\/\/archiv.siov.sk\/#website"},"primaryImageOfPage":{"@id":"https:\/\/archiv.siov.sk\/narodny-koordinator-europskeho-programu-vo-vzdelavani-dospelych\/#primaryimage"},"image":{"@id":"https:\/\/archiv.siov.sk\/narodny-koordinator-europskeho-programu-vo-vzdelavani-dospelych\/#primaryimage"},"thumbnailUrl":"https:\/\/archiv.siov.sk\/wp-content\/uploads\/2022\/07\/okruhle-stoly_foto.png","datePublished":"2022-07-07T13:42:40+00:00","breadcrumb":{"@id":"https:\/\/archiv.siov.sk\/narodny-koordinator-europskeho-programu-vo-vzdelavani-dospelych\/#breadcrumb"},"inLanguage":"en-GB","potentialAction":[{"@type":"ReadAction","target":["https:\/\/archiv.siov.sk\/narodny-koordinator-europskeho-programu-vo-vzdelavani-dospelych\/"]}]},{"@type":"ImageObject","inLanguage":"en-GB","@id":"https:\/\/archiv.siov.sk\/narodny-koordinator-europskeho-programu-vo-vzdelavani-dospelych\/#primaryimage","url":"https:\/\/archiv.siov.sk\/wp-content\/uploads\/2022\/07\/okruhle-stoly_foto.png","contentUrl":"https:\/\/archiv.siov.sk\/wp-content\/uploads\/2022\/07\/okruhle-stoly_foto.png","width":640,"height":640},{"@type":"BreadcrumbList","@id":"https:\/\/archiv.siov.sk\/narodny-koordinator-europskeho-programu-vo-vzdelavani-dospelych\/#breadcrumb","itemListElement":[{"@type":"ListItem","position":1,"name":"Home","item":"https:\/\/archiv.siov.sk\/"},{"@type":"ListItem","position":2,"name":"N\u00e1rodn\u00fd koordin\u00e1tor Eur\u00f3pskeho programu vo vzdel\u00e1van\u00ed dospel\u00fdch"}]},{"@type":"WebSite","@id":"https:\/\/archiv.siov.sk\/#website","url":"https:\/\/archiv.siov.sk\/","name":"\u0160IOV - \u0161t\u00e1tny in\u0161tit\u00fat odborn\u00e9ho vzdel\u00e1vania","description":"","publisher":{"@id":"https:\/\/archiv.siov.sk\/#organization"},"potentialAction":[{"@type":"SearchAction","target":{"@type":"EntryPoint","urlTemplate":"https:\/\/archiv.siov.sk\/?s={search_term_string}"},"query-input":{"@type":"PropertyValueSpecification","valueRequired":true,"valueName":"search_term_string"}}],"inLanguage":"en-GB"},{"@type":"Organization","@id":"https:\/\/archiv.siov.sk\/#organization","name":"\u0160IOV - \u0161t\u00e1tny in\u0161tit\u00fat odborn\u00e9ho vzdel\u00e1vania","url":"https:\/\/archiv.siov.sk\/","logo":{"@type":"ImageObject","inLanguage":"en-GB","@id":"https:\/\/archiv.siov.sk\/#\/schema\/logo\/image\/","url":"https:\/\/archiv.siov.sk\/wp-content\/uploads\/2024\/02\/logo-SIOV.png","contentUrl":"https:\/\/archiv.siov.sk\/wp-content\/uploads\/2024\/02\/logo-SIOV.png","width":431,"height":143,"caption":"\u0160IOV - \u0161t\u00e1tny in\u0161tit\u00fat odborn\u00e9ho vzdel\u00e1vania"},"image":{"@id":"https:\/\/archiv.siov.sk\/#\/schema\/logo\/image\/"},"sameAs":["https:\/\/www.facebook.com\/Statnyinstitutodbornehovzdelavania"]},{"@type":"Person","@id":"https:\/\/archiv.siov.sk\/#\/schema\/person\/e42d633fbd958c6a726e8834d8965e6c","name":"Katar\u00edna Kov\u00e1\u010dov\u00e1","url":"https:\/\/archiv.siov.sk\/en\/author\/katkakovacova\/"}]}},"_links":{"self":[{"href":"https:\/\/archiv.siov.sk\/en\/wp-json\/wp\/v2\/posts\/11492","targetHints":{"allow":["GET"]}}],"collection":[{"href":"https:\/\/archiv.siov.sk\/en\/wp-json\/wp\/v2\/posts"}],"about":[{"href":"https:\/\/archiv.siov.sk\/en\/wp-json\/wp\/v2\/types\/post"}],"author":[{"embeddable":true,"href":"https:\/\/archiv.siov.sk\/en\/wp-json\/wp\/v2\/users\/6"}],"replies":[{"embeddable":true,"href":"https:\/\/archiv.siov.sk\/en\/wp-json\/wp\/v2\/comments?post=11492"}],"version-history":[{"count":2,"href":"https:\/\/archiv.siov.sk\/en\/wp-json\/wp\/v2\/posts\/11492\/revisions"}],"predecessor-version":[{"id":11495,"href":"https:\/\/archiv.siov.sk\/en\/wp-json\/wp\/v2\/posts\/11492\/revisions\/11495"}],"wp:featuredmedia":[{"embeddable":true,"href":"https:\/\/archiv.siov.sk\/en\/wp-json\/wp\/v2\/media\/11494"}],"wp:attachment":[{"href":"https:\/\/archiv.siov.sk\/en\/wp-json\/wp\/v2\/media?parent=11492"}],"wp:term":[{"taxonomy":"category","embeddable":true,"href":"https:\/\/archiv.siov.sk\/en\/wp-json\/wp\/v2\/categories?post=11492"},{"taxonomy":"post_tag","embeddable":true,"href":"https:\/\/archiv.siov.sk\/en\/wp-json\/wp\/v2\/tags?post=11492"}],"curies":[{"name":"wp","href":"https:\/\/api.w.org\/{rel}","templated":true}]}}