{"id":11489,"date":"2022-07-07T14:47:02","date_gmt":"2022-07-07T12:47:02","guid":{"rendered":"https:\/\/archiv.siov.sk\/?p=11489"},"modified":"2022-07-07T14:47:02","modified_gmt":"2022-07-07T12:47:02","slug":"120-rokov-umenia-a-remesla-v-hodrusskej-doline","status":"publish","type":"post","link":"https:\/\/archiv.siov.sk\/en\/120-rokov-umenia-a-remesla-v-hodrusskej-doline\/","title":{"rendered":"120 rokov umenia a remesla v Hodru\u0161skej doline&#8230;"},"content":{"rendered":"<p style=\"text-align: justify;\">Akad\u00e9mia 1. j\u00fala osl\u00e1vila 120. v\u00fdro\u010die zalo\u017eenia prvej u\u010d\u0148ovskej \u0161koly v&nbsp;obci Hodru\u0161a-H\u00e1mre. Sprev\u00e1dzala ju tie\u017e prezent\u00e1cia remesiel a&nbsp;v\u00fdstava v\u00fdtvarn\u00fdch odborov, ktor\u00e9 sa dnes \u0161tuduj\u00fa na pokra\u010dovate\u013eke tejto \u0161koly &#8211; S\u00fakromnej \u0161kole umeleck\u00e9ho priemyslu Hodru\u0161a-H\u00e1mre. \u0160kola teda existuje a&nbsp;nepretr\u017eite produkuje kvalitn\u00fdch odborn\u00edkov v&nbsp;oblasti umenia a remesla u\u017e 120 rokov. Menila sa len jej forma, zria\u010fovatelia a&nbsp;n\u00e1zov.<\/p>\n<p style=\"text-align: justify;\">Popri klasick\u00fd kovospracuj\u00facich remesl\u00e1ch, ako rytectvo, umeleck\u00e9 kov\u00e1\u010dstvo a&nbsp;z\u00e1mo\u010dn\u00edctvo, \u010di zlatn\u00edctvo, mohli n\u00e1v\u0161tevn\u00edci vidie\u0165 aj kreat\u00edvne v\u00fdrobky z&nbsp;oblasti grafick\u00e9ho dizajnu, v\u00fdtvarn\u00edctva a&nbsp;fotografie. Toto s\u00fa dva hlavn\u00e9 smery vzdel\u00e1vania, ktor\u00fdm sa dnes \u0161kola venuje, t. j. v\u00fdtvarno-grafick\u00fd a&nbsp;umelecko-remeseln\u00fd.<\/p>\n<p style=\"text-align: justify;\">Okrem prezent\u00e1cie odborov bolo mo\u017en\u00e9 sa stretn\u00fa\u0165 aj s b\u00fdval\u00fdmi pedag\u00f3gmi \u0161koly, \u010di u\u017e majstrami odborn\u00e9ho v\u00fdcviku, alebo u\u010dite\u013emi, ktor\u00ed aj po rokoch pri\u0161li podpori\u0165 svoju b\u00fdval\u00fa \u0161kolu. Oslavu v\u00fdro\u010dia zalo\u017eenia \u0161koly nav\u0161t\u00edvilo tie\u017e mno\u017estvo jej b\u00fdval\u00fdch \u0161tudentov, ktor\u00ed sa pri\u0161li pozrie\u0165 ako \u0161kola vyzer\u00e1 po rokoch a podeli\u0165 sa o svoje s\u00fa\u010dasn\u00e9 \u017eivotn\u00e9 osudy.&nbsp;<\/p>\n<p style=\"text-align: justify;\">Oslava sa niesla v&nbsp;duchu stretnut\u00ed &nbsp;star\u0161ej, s\u00fa\u010dasnej a&nbsp;nastupuj\u00facej gener\u00e1cie umelcov a&nbsp;remeseln\u00edkov, ktor\u00ed p\u00f4sobili na \u0161kole. Okrem nich nav\u0161t\u00edvilo hodru\u0161sk\u00fa dolinu aj mno\u017estvo vz\u00e1cnych host\u00ed, \u010di u\u017e z&nbsp;r\u00f4znych \u0161t\u00e1tnych organiz\u00e1ci\u00ed, cechu zlatn\u00edkov a&nbsp;klenotn\u00edkov Slovenska, partnersk\u00fdch \u0161k\u00f4l a&nbsp;firiem, ktor\u00e9 p\u00f4sobia nie len v&nbsp;\u017earnovickom regi\u00f3ne.<\/p>\n<p style=\"text-align: justify;\">S\u00fakromn\u00e1 \u0161kola umeleck\u00e9ho priemyslu Hodru\u0161a-H\u00e1mre je jedna z m\u00e1la organiz\u00e1ci\u00ed na Slovensku, ktor\u00e1 sa m\u00f4\u017ee pop\u00fd\u0161i\u0165 tak\u00fdmto dlh\u00fdm vekom.&nbsp; Skladba jej odborov je takisto v\u00fdnimo\u010dn\u00e1, umeleck\u00e9 remesl\u00e1 v tomto zlo\u017een\u00ed u\u017e n\u00e1jdeme len na dvoch, \u010di troch \u0161kol\u00e1ch na Slovensku. Aj v\u010faka tejto \u0161kole sa postupne kovospracuj\u00face remesl\u00e1 nedostali na dno z\u00e1ujmu spolo\u010dnosti.&nbsp;<\/p>\n<p style=\"text-align: justify;\">Riadite\u013e \u0161koly Peter Mich\u00e1lik&nbsp; p\u00f4sobenie \u0161koly zhodnotil&nbsp; slovami: \u201e 120! Je to ve\u013ea alebo m\u00e1lo? Pre \u017eivot \u010dloveka ur\u010dite dos\u0165, niekedy aj na dva \u017eivoty. Pre \u017eivot \u0161koly to v\u0161ak m\u00f4\u017ee by\u0165 len nieko\u013eko predch\u00e1dzaj\u00facich gener\u00e1ci\u00ed, ktor\u00e9 sa na \u0161kole striedaj\u00fa v nieko\u013eko ro\u010dn\u00fdch cykloch. 120 rokov m\u00f4\u017ee by\u0165 nov\u00fd za\u010diatok. M\u00ed\u013enik, ktor\u00fd n\u00e1m napovie ako \u0161kola fungovala v minulosti, ako funguje dnes a kam smeruje.\u201c&nbsp;<\/p>\n<p style=\"text-align: justify;\">Pozvanie na t\u00fato mimoriadne sl\u00e1vnostn\u00fa akad\u00e9miu pri pr\u00edle\u017eitosti&nbsp; 120. v\u00fdro\u010dia zalo\u017eenia \u0161koly prijali aj z\u00e1stupcovia \u0160t\u00e1tneho in\u0161tit\u00fatu odborn\u00e9ho vzdel\u00e1vania, ktor\u00ed viac ako dvadsa\u0165 rokov intenz\u00edvne so \u0161kolou spolupracuj\u00fa na projektoch&nbsp; rozvoja a podpory odborn\u00e9ho vzdel\u00e1vania a pr\u00edpravy.&nbsp;&nbsp; S\u00fa\u010dasne na sl\u00e1vnostnom akte odovzdala Vlasta P\u00fachovsk\u00e1 a \u013dudmila Ghill\u00e1ny \u201e\u010eakovn\u00fd list\u201c riadite\u013ea \u0160t\u00e1tneho in\u0161tit\u00fatu odborn\u00e9ho vzdel\u00e1vania Branislava Had\u00e1ra.<\/p>","protected":false},"excerpt":{"rendered":"<p>Akad\u00e9mia 1. j\u00fala osl\u00e1vila 120. v\u00fdro\u010die zalo\u017eenia prvej u\u010d\u0148ovskej \u0161koly v&nbsp;obci Hodru\u0161a-H\u00e1mre. Sprev\u00e1dzala ju tie\u017e prezent\u00e1cia remesiel a&nbsp;v\u00fdstava v\u00fdtvarn\u00fdch odborov, ktor\u00e9 sa dnes \u0161tuduj\u00fa na pokra\u010dovate\u013eke tejto \u0161koly &#8211; S\u00fakromnej \u0161kole umeleck\u00e9ho priemyslu Hodru\u0161a-H\u00e1mre. \u0160kola teda existuje a&nbsp;nepretr\u017eite produkuje kvalitn\u00fdch odborn\u00edkov v&nbsp;oblasti umenia a remesla u\u017e 120 rokov. Menila sa len jej forma, zria\u010fovatelia a&nbsp;n\u00e1zov. [&hellip;]<\/p>\n","protected":false},"author":6,"featured_media":2355,"comment_status":"closed","ping_status":"closed","sticky":false,"template":"","format":"standard","meta":{"site-sidebar-layout":"default","site-content-layout":"default","ast-site-content-layout":"default","site-content-style":"default","site-sidebar-style":"default","ast-global-header-display":"","ast-banner-title-visibility":"","ast-main-header-display":"","ast-hfb-above-header-display":"","ast-hfb-below-header-display":"","ast-hfb-mobile-header-display":"","site-post-title":"","ast-breadcrumbs-content":"","ast-featured-img":"","footer-sml-layout":"","ast-disable-related-posts":"","theme-transparent-header-meta":"default","adv-header-id-meta":"","stick-header-meta":"","header-above-stick-meta":"","header-main-stick-meta":"","header-below-stick-meta":"","astra-migrate-meta-layouts":"default","ast-page-background-enabled":"default","ast-page-background-meta":{"desktop":{"background-color":"var(--ast-global-color-4)","background-image":"","background-repeat":"repeat","background-position":"center center","background-size":"auto","background-attachment":"scroll","background-type":"","background-media":"","overlay-type":"","overlay-color":"","overlay-opacity":"","overlay-gradient":""},"tablet":{"background-color":"","background-image":"","background-repeat":"repeat","background-position":"center center","background-size":"auto","background-attachment":"scroll","background-type":"","background-media":"","overlay-type":"","overlay-color":"","overlay-opacity":"","overlay-gradient":""},"mobile":{"background-color":"","background-image":"","background-repeat":"repeat","background-position":"center center","background-size":"auto","background-attachment":"scroll","background-type":"","background-media":"","overlay-type":"","overlay-color":"","overlay-opacity":"","overlay-gradient":""}},"ast-content-background-meta":{"desktop":{"background-color":"var(--ast-global-color-5)","background-image":"","background-repeat":"repeat","background-position":"center center","background-size":"auto","background-attachment":"scroll","background-type":"","background-media":"","overlay-type":"","overlay-color":"","overlay-opacity":"","overlay-gradient":""},"tablet":{"background-color":"var(--ast-global-color-5)","background-image":"","background-repeat":"repeat","background-position":"center center","background-size":"auto","background-attachment":"scroll","background-type":"","background-media":"","overlay-type":"","overlay-color":"","overlay-opacity":"","overlay-gradient":""},"mobile":{"background-color":"var(--ast-global-color-5)","background-image":"","background-repeat":"repeat","background-position":"center center","background-size":"auto","background-attachment":"scroll","background-type":"","background-media":"","overlay-type":"","overlay-color":"","overlay-opacity":"","overlay-gradient":""}},"footnotes":""},"categories":[1],"tags":[],"class_list":["post-11489","post","type-post","status-publish","format-standard","has-post-thumbnail","hentry","category-aktuality"],"yoast_head":"<!-- This site is optimized with the Yoast SEO plugin v27.5 - https:\/\/yoast.com\/product\/yoast-seo-wordpress\/ -->\n<title>120 rokov umenia a remesla v Hodru\u0161skej doline... - \u0160IOV - \u0161t\u00e1tny in\u0161tit\u00fat odborn\u00e9ho vzdel\u00e1vania<\/title>\n<meta name=\"robots\" content=\"index, follow, max-snippet:-1, max-image-preview:large, max-video-preview:-1\" \/>\n<link rel=\"canonical\" href=\"https:\/\/archiv.siov.sk\/en\/120-rokov-umenia-a-remesla-v-hodrusskej-doline\/\" \/>\n<meta property=\"og:locale\" content=\"en_GB\" \/>\n<meta property=\"og:type\" content=\"article\" \/>\n<meta property=\"og:title\" content=\"120 rokov umenia a remesla v Hodru\u0161skej doline... - \u0160IOV - \u0161t\u00e1tny in\u0161tit\u00fat odborn\u00e9ho vzdel\u00e1vania\" \/>\n<meta property=\"og:description\" content=\"Akad\u00e9mia 1. j\u00fala osl\u00e1vila 120. v\u00fdro\u010die zalo\u017eenia prvej u\u010d\u0148ovskej \u0161koly v&nbsp;obci Hodru\u0161a-H\u00e1mre. Sprev\u00e1dzala ju tie\u017e prezent\u00e1cia remesiel a&nbsp;v\u00fdstava v\u00fdtvarn\u00fdch odborov, ktor\u00e9 sa dnes \u0161tuduj\u00fa na pokra\u010dovate\u013eke tejto \u0161koly &#8211; S\u00fakromnej \u0161kole umeleck\u00e9ho priemyslu Hodru\u0161a-H\u00e1mre. \u0160kola teda existuje a&nbsp;nepretr\u017eite produkuje kvalitn\u00fdch odborn\u00edkov v&nbsp;oblasti umenia a remesla u\u017e 120 rokov. Menila sa len jej forma, zria\u010fovatelia a&nbsp;n\u00e1zov. [&hellip;]\" \/>\n<meta property=\"og:url\" content=\"https:\/\/archiv.siov.sk\/en\/120-rokov-umenia-a-remesla-v-hodrusskej-doline\/\" \/>\n<meta property=\"og:site_name\" content=\"\u0160IOV - \u0161t\u00e1tny in\u0161tit\u00fat odborn\u00e9ho vzdel\u00e1vania\" \/>\n<meta property=\"article:publisher\" content=\"https:\/\/www.facebook.com\/Statnyinstitutodbornehovzdelavania\" \/>\n<meta property=\"article:published_time\" content=\"2022-07-07T12:47:02+00:00\" \/>\n<meta property=\"og:image\" content=\"https:\/\/archiv.siov.sk\/wp-content\/uploads\/2019\/02\/top_news.jpg\" \/>\n\t<meta property=\"og:image:width\" content=\"1100\" \/>\n\t<meta property=\"og:image:height\" content=\"445\" \/>\n\t<meta property=\"og:image:type\" content=\"image\/jpeg\" \/>\n<meta name=\"author\" content=\"Katar\u00edna Kov\u00e1\u010dov\u00e1\" \/>\n<meta name=\"twitter:card\" content=\"summary_large_image\" \/>\n<meta name=\"twitter:label1\" content=\"Written by\" \/>\n\t<meta name=\"twitter:data1\" content=\"Katar\u00edna Kov\u00e1\u010dov\u00e1\" \/>\n\t<meta name=\"twitter:label2\" content=\"Estimated reading time\" \/>\n\t<meta name=\"twitter:data2\" content=\"3 minutes\" \/>\n<script type=\"application\/ld+json\" class=\"yoast-schema-graph\">{\"@context\":\"https:\\\/\\\/schema.org\",\"@graph\":[{\"@type\":\"Article\",\"@id\":\"https:\\\/\\\/archiv.siov.sk\\\/120-rokov-umenia-a-remesla-v-hodrusskej-doline\\\/#article\",\"isPartOf\":{\"@id\":\"https:\\\/\\\/archiv.siov.sk\\\/120-rokov-umenia-a-remesla-v-hodrusskej-doline\\\/\"},\"author\":{\"name\":\"Katar\u00edna Kov\u00e1\u010dov\u00e1\",\"@id\":\"https:\\\/\\\/archiv.siov.sk\\\/#\\\/schema\\\/person\\\/e42d633fbd958c6a726e8834d8965e6c\"},\"headline\":\"120 rokov umenia a remesla v Hodru\u0161skej doline&#8230;\",\"datePublished\":\"2022-07-07T12:47:02+00:00\",\"mainEntityOfPage\":{\"@id\":\"https:\\\/\\\/archiv.siov.sk\\\/120-rokov-umenia-a-remesla-v-hodrusskej-doline\\\/\"},\"wordCount\":558,\"publisher\":{\"@id\":\"https:\\\/\\\/archiv.siov.sk\\\/#organization\"},\"image\":{\"@id\":\"https:\\\/\\\/archiv.siov.sk\\\/120-rokov-umenia-a-remesla-v-hodrusskej-doline\\\/#primaryimage\"},\"thumbnailUrl\":\"https:\\\/\\\/archiv.siov.sk\\\/wp-content\\\/uploads\\\/2019\\\/02\\\/top_news.jpg\",\"articleSection\":[\"Aktuality\"],\"inLanguage\":\"en-GB\"},{\"@type\":\"WebPage\",\"@id\":\"https:\\\/\\\/archiv.siov.sk\\\/120-rokov-umenia-a-remesla-v-hodrusskej-doline\\\/\",\"url\":\"https:\\\/\\\/archiv.siov.sk\\\/120-rokov-umenia-a-remesla-v-hodrusskej-doline\\\/\",\"name\":\"120 rokov umenia a remesla v Hodru\u0161skej doline... - \u0160IOV - \u0161t\u00e1tny in\u0161tit\u00fat odborn\u00e9ho vzdel\u00e1vania\",\"isPartOf\":{\"@id\":\"https:\\\/\\\/archiv.siov.sk\\\/#website\"},\"primaryImageOfPage\":{\"@id\":\"https:\\\/\\\/archiv.siov.sk\\\/120-rokov-umenia-a-remesla-v-hodrusskej-doline\\\/#primaryimage\"},\"image\":{\"@id\":\"https:\\\/\\\/archiv.siov.sk\\\/120-rokov-umenia-a-remesla-v-hodrusskej-doline\\\/#primaryimage\"},\"thumbnailUrl\":\"https:\\\/\\\/archiv.siov.sk\\\/wp-content\\\/uploads\\\/2019\\\/02\\\/top_news.jpg\",\"datePublished\":\"2022-07-07T12:47:02+00:00\",\"breadcrumb\":{\"@id\":\"https:\\\/\\\/archiv.siov.sk\\\/120-rokov-umenia-a-remesla-v-hodrusskej-doline\\\/#breadcrumb\"},\"inLanguage\":\"en-GB\",\"potentialAction\":[{\"@type\":\"ReadAction\",\"target\":[\"https:\\\/\\\/archiv.siov.sk\\\/120-rokov-umenia-a-remesla-v-hodrusskej-doline\\\/\"]}]},{\"@type\":\"ImageObject\",\"inLanguage\":\"en-GB\",\"@id\":\"https:\\\/\\\/archiv.siov.sk\\\/120-rokov-umenia-a-remesla-v-hodrusskej-doline\\\/#primaryimage\",\"url\":\"https:\\\/\\\/archiv.siov.sk\\\/wp-content\\\/uploads\\\/2019\\\/02\\\/top_news.jpg\",\"contentUrl\":\"https:\\\/\\\/archiv.siov.sk\\\/wp-content\\\/uploads\\\/2019\\\/02\\\/top_news.jpg\",\"width\":1100,\"height\":445,\"caption\":\"Du\u00e1l Pointy v\u00fdrazne u\u013eah\u010dia pr\u00e1cu v\u00fdchovn\u00fdch a kari\u00e9rov\u00fdch poradcov\"},{\"@type\":\"BreadcrumbList\",\"@id\":\"https:\\\/\\\/archiv.siov.sk\\\/120-rokov-umenia-a-remesla-v-hodrusskej-doline\\\/#breadcrumb\",\"itemListElement\":[{\"@type\":\"ListItem\",\"position\":1,\"name\":\"Home\",\"item\":\"https:\\\/\\\/archiv.siov.sk\\\/\"},{\"@type\":\"ListItem\",\"position\":2,\"name\":\"120 rokov umenia a remesla v Hodru\u0161skej doline&#8230;\"}]},{\"@type\":\"WebSite\",\"@id\":\"https:\\\/\\\/archiv.siov.sk\\\/#website\",\"url\":\"https:\\\/\\\/archiv.siov.sk\\\/\",\"name\":\"\u0160IOV - \u0161t\u00e1tny in\u0161tit\u00fat odborn\u00e9ho vzdel\u00e1vania\",\"description\":\"\",\"publisher\":{\"@id\":\"https:\\\/\\\/archiv.siov.sk\\\/#organization\"},\"potentialAction\":[{\"@type\":\"SearchAction\",\"target\":{\"@type\":\"EntryPoint\",\"urlTemplate\":\"https:\\\/\\\/archiv.siov.sk\\\/?s={search_term_string}\"},\"query-input\":{\"@type\":\"PropertyValueSpecification\",\"valueRequired\":true,\"valueName\":\"search_term_string\"}}],\"inLanguage\":\"en-GB\"},{\"@type\":\"Organization\",\"@id\":\"https:\\\/\\\/archiv.siov.sk\\\/#organization\",\"name\":\"\u0160IOV - \u0161t\u00e1tny in\u0161tit\u00fat odborn\u00e9ho vzdel\u00e1vania\",\"url\":\"https:\\\/\\\/archiv.siov.sk\\\/\",\"logo\":{\"@type\":\"ImageObject\",\"inLanguage\":\"en-GB\",\"@id\":\"https:\\\/\\\/archiv.siov.sk\\\/#\\\/schema\\\/logo\\\/image\\\/\",\"url\":\"https:\\\/\\\/archiv.siov.sk\\\/wp-content\\\/uploads\\\/2024\\\/02\\\/logo-SIOV.png\",\"contentUrl\":\"https:\\\/\\\/archiv.siov.sk\\\/wp-content\\\/uploads\\\/2024\\\/02\\\/logo-SIOV.png\",\"width\":431,\"height\":143,\"caption\":\"\u0160IOV - \u0161t\u00e1tny in\u0161tit\u00fat odborn\u00e9ho vzdel\u00e1vania\"},\"image\":{\"@id\":\"https:\\\/\\\/archiv.siov.sk\\\/#\\\/schema\\\/logo\\\/image\\\/\"},\"sameAs\":[\"https:\\\/\\\/www.facebook.com\\\/Statnyinstitutodbornehovzdelavania\"]},{\"@type\":\"Person\",\"@id\":\"https:\\\/\\\/archiv.siov.sk\\\/#\\\/schema\\\/person\\\/e42d633fbd958c6a726e8834d8965e6c\",\"name\":\"Katar\u00edna Kov\u00e1\u010dov\u00e1\",\"url\":\"https:\\\/\\\/archiv.siov.sk\\\/en\\\/author\\\/katkakovacova\\\/\"}]}<\/script>\n<!-- \/ Yoast SEO plugin. -->","yoast_head_json":{"title":"120 rokov umenia a remesla v Hodru\u0161skej doline... - \u0160IOV - \u0161t\u00e1tny in\u0161tit\u00fat odborn\u00e9ho vzdel\u00e1vania","robots":{"index":"index","follow":"follow","max-snippet":"max-snippet:-1","max-image-preview":"max-image-preview:large","max-video-preview":"max-video-preview:-1"},"canonical":"https:\/\/archiv.siov.sk\/en\/120-rokov-umenia-a-remesla-v-hodrusskej-doline\/","og_locale":"en_GB","og_type":"article","og_title":"120 rokov umenia a remesla v Hodru\u0161skej doline... - \u0160IOV - \u0161t\u00e1tny in\u0161tit\u00fat odborn\u00e9ho vzdel\u00e1vania","og_description":"Akad\u00e9mia 1. j\u00fala osl\u00e1vila 120. v\u00fdro\u010die zalo\u017eenia prvej u\u010d\u0148ovskej \u0161koly v&nbsp;obci Hodru\u0161a-H\u00e1mre. Sprev\u00e1dzala ju tie\u017e prezent\u00e1cia remesiel a&nbsp;v\u00fdstava v\u00fdtvarn\u00fdch odborov, ktor\u00e9 sa dnes \u0161tuduj\u00fa na pokra\u010dovate\u013eke tejto \u0161koly &#8211; S\u00fakromnej \u0161kole umeleck\u00e9ho priemyslu Hodru\u0161a-H\u00e1mre. \u0160kola teda existuje a&nbsp;nepretr\u017eite produkuje kvalitn\u00fdch odborn\u00edkov v&nbsp;oblasti umenia a remesla u\u017e 120 rokov. Menila sa len jej forma, zria\u010fovatelia a&nbsp;n\u00e1zov. [&hellip;]","og_url":"https:\/\/archiv.siov.sk\/en\/120-rokov-umenia-a-remesla-v-hodrusskej-doline\/","og_site_name":"\u0160IOV - \u0161t\u00e1tny in\u0161tit\u00fat odborn\u00e9ho vzdel\u00e1vania","article_publisher":"https:\/\/www.facebook.com\/Statnyinstitutodbornehovzdelavania","article_published_time":"2022-07-07T12:47:02+00:00","og_image":[{"width":1100,"height":445,"url":"https:\/\/archiv.siov.sk\/wp-content\/uploads\/2019\/02\/top_news.jpg","type":"image\/jpeg"}],"author":"Katar\u00edna Kov\u00e1\u010dov\u00e1","twitter_card":"summary_large_image","twitter_misc":{"Written by":"Katar\u00edna Kov\u00e1\u010dov\u00e1","Estimated reading time":"3 minutes"},"schema":{"@context":"https:\/\/schema.org","@graph":[{"@type":"Article","@id":"https:\/\/archiv.siov.sk\/120-rokov-umenia-a-remesla-v-hodrusskej-doline\/#article","isPartOf":{"@id":"https:\/\/archiv.siov.sk\/120-rokov-umenia-a-remesla-v-hodrusskej-doline\/"},"author":{"name":"Katar\u00edna Kov\u00e1\u010dov\u00e1","@id":"https:\/\/archiv.siov.sk\/#\/schema\/person\/e42d633fbd958c6a726e8834d8965e6c"},"headline":"120 rokov umenia a remesla v Hodru\u0161skej doline&#8230;","datePublished":"2022-07-07T12:47:02+00:00","mainEntityOfPage":{"@id":"https:\/\/archiv.siov.sk\/120-rokov-umenia-a-remesla-v-hodrusskej-doline\/"},"wordCount":558,"publisher":{"@id":"https:\/\/archiv.siov.sk\/#organization"},"image":{"@id":"https:\/\/archiv.siov.sk\/120-rokov-umenia-a-remesla-v-hodrusskej-doline\/#primaryimage"},"thumbnailUrl":"https:\/\/archiv.siov.sk\/wp-content\/uploads\/2019\/02\/top_news.jpg","articleSection":["Aktuality"],"inLanguage":"en-GB"},{"@type":"WebPage","@id":"https:\/\/archiv.siov.sk\/120-rokov-umenia-a-remesla-v-hodrusskej-doline\/","url":"https:\/\/archiv.siov.sk\/120-rokov-umenia-a-remesla-v-hodrusskej-doline\/","name":"120 rokov umenia a remesla v Hodru\u0161skej doline... - \u0160IOV - \u0161t\u00e1tny in\u0161tit\u00fat odborn\u00e9ho vzdel\u00e1vania","isPartOf":{"@id":"https:\/\/archiv.siov.sk\/#website"},"primaryImageOfPage":{"@id":"https:\/\/archiv.siov.sk\/120-rokov-umenia-a-remesla-v-hodrusskej-doline\/#primaryimage"},"image":{"@id":"https:\/\/archiv.siov.sk\/120-rokov-umenia-a-remesla-v-hodrusskej-doline\/#primaryimage"},"thumbnailUrl":"https:\/\/archiv.siov.sk\/wp-content\/uploads\/2019\/02\/top_news.jpg","datePublished":"2022-07-07T12:47:02+00:00","breadcrumb":{"@id":"https:\/\/archiv.siov.sk\/120-rokov-umenia-a-remesla-v-hodrusskej-doline\/#breadcrumb"},"inLanguage":"en-GB","potentialAction":[{"@type":"ReadAction","target":["https:\/\/archiv.siov.sk\/120-rokov-umenia-a-remesla-v-hodrusskej-doline\/"]}]},{"@type":"ImageObject","inLanguage":"en-GB","@id":"https:\/\/archiv.siov.sk\/120-rokov-umenia-a-remesla-v-hodrusskej-doline\/#primaryimage","url":"https:\/\/archiv.siov.sk\/wp-content\/uploads\/2019\/02\/top_news.jpg","contentUrl":"https:\/\/archiv.siov.sk\/wp-content\/uploads\/2019\/02\/top_news.jpg","width":1100,"height":445,"caption":"Du\u00e1l Pointy v\u00fdrazne u\u013eah\u010dia pr\u00e1cu v\u00fdchovn\u00fdch a kari\u00e9rov\u00fdch poradcov"},{"@type":"BreadcrumbList","@id":"https:\/\/archiv.siov.sk\/120-rokov-umenia-a-remesla-v-hodrusskej-doline\/#breadcrumb","itemListElement":[{"@type":"ListItem","position":1,"name":"Home","item":"https:\/\/archiv.siov.sk\/"},{"@type":"ListItem","position":2,"name":"120 rokov umenia a remesla v Hodru\u0161skej doline&#8230;"}]},{"@type":"WebSite","@id":"https:\/\/archiv.siov.sk\/#website","url":"https:\/\/archiv.siov.sk\/","name":"\u0160IOV - \u0161t\u00e1tny in\u0161tit\u00fat odborn\u00e9ho vzdel\u00e1vania","description":"","publisher":{"@id":"https:\/\/archiv.siov.sk\/#organization"},"potentialAction":[{"@type":"SearchAction","target":{"@type":"EntryPoint","urlTemplate":"https:\/\/archiv.siov.sk\/?s={search_term_string}"},"query-input":{"@type":"PropertyValueSpecification","valueRequired":true,"valueName":"search_term_string"}}],"inLanguage":"en-GB"},{"@type":"Organization","@id":"https:\/\/archiv.siov.sk\/#organization","name":"\u0160IOV - \u0161t\u00e1tny in\u0161tit\u00fat odborn\u00e9ho vzdel\u00e1vania","url":"https:\/\/archiv.siov.sk\/","logo":{"@type":"ImageObject","inLanguage":"en-GB","@id":"https:\/\/archiv.siov.sk\/#\/schema\/logo\/image\/","url":"https:\/\/archiv.siov.sk\/wp-content\/uploads\/2024\/02\/logo-SIOV.png","contentUrl":"https:\/\/archiv.siov.sk\/wp-content\/uploads\/2024\/02\/logo-SIOV.png","width":431,"height":143,"caption":"\u0160IOV - \u0161t\u00e1tny in\u0161tit\u00fat odborn\u00e9ho vzdel\u00e1vania"},"image":{"@id":"https:\/\/archiv.siov.sk\/#\/schema\/logo\/image\/"},"sameAs":["https:\/\/www.facebook.com\/Statnyinstitutodbornehovzdelavania"]},{"@type":"Person","@id":"https:\/\/archiv.siov.sk\/#\/schema\/person\/e42d633fbd958c6a726e8834d8965e6c","name":"Katar\u00edna Kov\u00e1\u010dov\u00e1","url":"https:\/\/archiv.siov.sk\/en\/author\/katkakovacova\/"}]}},"_links":{"self":[{"href":"https:\/\/archiv.siov.sk\/en\/wp-json\/wp\/v2\/posts\/11489","targetHints":{"allow":["GET"]}}],"collection":[{"href":"https:\/\/archiv.siov.sk\/en\/wp-json\/wp\/v2\/posts"}],"about":[{"href":"https:\/\/archiv.siov.sk\/en\/wp-json\/wp\/v2\/types\/post"}],"author":[{"embeddable":true,"href":"https:\/\/archiv.siov.sk\/en\/wp-json\/wp\/v2\/users\/6"}],"replies":[{"embeddable":true,"href":"https:\/\/archiv.siov.sk\/en\/wp-json\/wp\/v2\/comments?post=11489"}],"version-history":[{"count":2,"href":"https:\/\/archiv.siov.sk\/en\/wp-json\/wp\/v2\/posts\/11489\/revisions"}],"predecessor-version":[{"id":11491,"href":"https:\/\/archiv.siov.sk\/en\/wp-json\/wp\/v2\/posts\/11489\/revisions\/11491"}],"wp:featuredmedia":[{"embeddable":true,"href":"https:\/\/archiv.siov.sk\/en\/wp-json\/wp\/v2\/media\/2355"}],"wp:attachment":[{"href":"https:\/\/archiv.siov.sk\/en\/wp-json\/wp\/v2\/media?parent=11489"}],"wp:term":[{"taxonomy":"category","embeddable":true,"href":"https:\/\/archiv.siov.sk\/en\/wp-json\/wp\/v2\/categories?post=11489"},{"taxonomy":"post_tag","embeddable":true,"href":"https:\/\/archiv.siov.sk\/en\/wp-json\/wp\/v2\/tags?post=11489"}],"curies":[{"name":"wp","href":"https:\/\/api.w.org\/{rel}","templated":true}]}}