{"id":11462,"date":"2022-06-24T13:48:32","date_gmt":"2022-06-24T11:48:32","guid":{"rendered":"https:\/\/archiv.siov.sk\/?p=11462"},"modified":"2022-06-24T13:48:32","modified_gmt":"2022-06-24T11:48:32","slug":"soc-zacielena-na-ukazku-dobrych-prikladov-mladych-talentov-2","status":"publish","type":"post","link":"https:\/\/archiv.siov.sk\/en\/soc-zacielena-na-ukazku-dobrych-prikladov-mladych-talentov-2\/","title":{"rendered":"SO\u010c ZACIELEN\u00c1 NA UK\u00c1\u017dKU DOBR\u00ddCH PR\u00cdKLADOV MLAD\u00ddCH TALENTOV"},"content":{"rendered":"<p style=\"text-align: justify;\"><strong>Stredo\u0161kolsk\u00e1 konferencia na konci \u0161kolsk\u00e9ho roka 2021\/2022 sa stretla s ve\u013ek\u00fdm z\u00e1ujmom a podporou nadan\u00fdch a \u00faspe\u0161n\u00fdch stredo\u0161kol\u00e1kov. Na podujat\u00ed, ktor\u00e9 sa uskuto\u010dnilo 16. j\u00fana 2022 sa ich predstavilo 16. <\/strong><\/p>\n<p style=\"text-align: justify;\">U\u017e druh\u00fdm rokom&nbsp; \u0160t\u00e1tny in\u0161tit\u00fat odborn\u00e9ho vzdel\u00e1vania (\u0160IOV) predstavil v\u00fdnimo\u010dn\u00e9 v\u00fdsledky odborn\u00fdch pr\u00e1c a projektov \u017eiakov stredn\u00fdch \u0161k\u00f4l. Iniciat\u00edva vznikla po\u010das obmedzenia fungovania \u0161k\u00f4l a pre ve\u013ek\u00fd z\u00e1ujem \u017eiakov sa uskuto\u010dnila aj tento rok. Konferencia si tak z\u00edskava \u010fal\u0161\u00edch priaznivcov mlad\u00fdch SO\u010c-k\u00e1rov. Je d\u00f4kazom toho, \u017ee&nbsp; talent, nadanie, z\u00e1ujmy a odborn\u00e9 vedomosti stoj\u00ed za to&nbsp; si neust\u00e1le roz\u0161irova\u0165.&nbsp;&nbsp;&nbsp;<\/p>\n<p style=\"text-align: justify;\">Sme radi, \u017ee m\u00f4\u017eeme touto zauj\u00edmavou cestou pribl\u00ed\u017ei\u0165 verejnosti, ale aj spolu\u017eiakom autorov projektov&nbsp; \u00faspe\u0161n\u00fdch stredo\u0161kol\u00e1kov, ktor\u00fdch pr\u00edbehy s\u00fa zauj\u00edmav\u00fdm obohaten\u00edm a in\u0161pir\u00e1ciou.&nbsp;Prezent\u00e1cia na konferencii z\u00fa\u010dastnen\u00fdm autorom projektov, ako aj pozorovate\u013eom priniesla \u010fal\u0161ie poznatky, sk\u00fasenosti a komunika\u010dn\u00e9 zru\u010dnosti. \u017diaci prestavili odborn\u00e9 pr\u00e1ce SO\u010c zameran\u00e9 na t\u00e9my: Ch\u00e9mia a potravin\u00e1rstvo, Biol\u00f3gia, Zdravotn\u00edctvo a farmakol\u00f3gia, Stavebn\u00edctvo, Geod\u00e9zia, Kartografia, Interi\u00e9rov\u00fd dizajn, Hist\u00f3ria, Filozofia, Pr\u00e1vne vedy. Viac o t\u00e9mach pr\u00e1c sa do\u010d\u00edtate v zborn\u00edku, ktor\u00fd bude publikovan\u00fd po\u010das leta na webstr\u00e1nke \u0160t\u00e1tneho in\u0161tit\u00fatu odborn\u00e9ho vzdel\u00e1vania.&nbsp;<\/p>\n<p style=\"text-align: justify;\">Predsedn\u00ed\u010dka Celo\u0161t\u00e1tnej odbornej komisie s\u00fa\u0165a\u017ee SO\u010c Vlasta P\u00fachovsk\u00e1 vyjadrila presved\u010denie,&nbsp; \u017ee&nbsp; podujatie m\u00f4\u017ee by\u0165&nbsp; podnetn\u00fdm impulzom k roz\u0161\u00edreniu komunity \u201eSO\u010c-k\u00e1rov\u201c, ktor\u00ed&nbsp; svoj vedomostn\u00fd potenci\u00e1l vedia spr\u00e1vne nasmerova\u0165 a&nbsp;rozv\u00edja\u0165.&nbsp;&nbsp;<\/p>\n<p style=\"text-align: justify;\">Konferencia sa uskuto\u010dnila pod z\u00e1\u0161titou riadite\u013ea \u0160t\u00e1tneho in\u0161tit\u00fatu odborn\u00e9ho vzdel\u00e1vania Branislava Had\u00e1ra.&nbsp; Technick\u00fa podporu online platformy zabezpe\u010dilo&nbsp; Centrum vedecko-technick\u00fdch inform\u00e1ci\u00ed SR \u2013 \u0160VS Bansk\u00e1 Bystrica. Moderovania sa ujala Anna Sandanusov\u00e1, podpredsedn\u00ed\u010dka Celo\u0161t\u00e1tnej odbornej komisie s\u00fa\u0165a\u017ee SO\u010c z UKF Fakulty pr\u00edrodn\u00fdch vied a informatiky Nitra.<\/p>\n<p>Zauj\u00edmav\u00e9 pr\u00edbehy \u017eiakov s\u00fa zdie\u013ean\u00e9 aj&nbsp; na YouTube &#8211; <a href=\"https:\/\/www.youtube.com\/watch?v=5zM7xeObxJ8\">https:\/\/www.youtube.com\/watch?v=5zM7xeObxJ8<\/a> a str\u00e1nke \u0160IOV-u.&nbsp;<\/p>\n<p style=\"text-align: justify;\">Jubilejn\u00fd 45. ro\u010dn\u00edk celo\u0161t\u00e1tneho kola SO\u010c sa bude kona\u0165&nbsp; od 25. do 28. apr\u00edla 2023, hostite\u013eom bude Bratislavsk\u00fd kraj, konkr\u00e9tne Stredn\u00e1 odborn\u00e1 \u0161kola vin\u00e1rsko-ovocin\u00e1rska Modra.<\/p>\n<p>&nbsp;<\/p>\n<p>&nbsp;<\/p>","protected":false},"excerpt":{"rendered":"<p>Stredo\u0161kolsk\u00e1 konferencia na konci \u0161kolsk\u00e9ho roka 2021\/2022 sa stretla s ve\u013ek\u00fdm z\u00e1ujmom a podporou nadan\u00fdch a \u00faspe\u0161n\u00fdch stredo\u0161kol\u00e1kov. Na podujat\u00ed, ktor\u00e9 sa uskuto\u010dnilo 16. j\u00fana 2022 sa ich predstavilo 16. U\u017e druh\u00fdm rokom&nbsp; \u0160t\u00e1tny in\u0161tit\u00fat odborn\u00e9ho vzdel\u00e1vania (\u0160IOV) predstavil v\u00fdnimo\u010dn\u00e9 v\u00fdsledky odborn\u00fdch pr\u00e1c a projektov \u017eiakov stredn\u00fdch \u0161k\u00f4l. Iniciat\u00edva vznikla po\u010das obmedzenia fungovania \u0161k\u00f4l a [&hellip;]<\/p>\n","protected":false},"author":6,"featured_media":7764,"comment_status":"closed","ping_status":"closed","sticky":false,"template":"","format":"standard","meta":{"site-sidebar-layout":"default","site-content-layout":"default","ast-site-content-layout":"default","site-content-style":"default","site-sidebar-style":"default","ast-global-header-display":"","ast-banner-title-visibility":"","ast-main-header-display":"","ast-hfb-above-header-display":"","ast-hfb-below-header-display":"","ast-hfb-mobile-header-display":"","site-post-title":"","ast-breadcrumbs-content":"","ast-featured-img":"","footer-sml-layout":"","ast-disable-related-posts":"","theme-transparent-header-meta":"default","adv-header-id-meta":"","stick-header-meta":"","header-above-stick-meta":"","header-main-stick-meta":"","header-below-stick-meta":"","astra-migrate-meta-layouts":"default","ast-page-background-enabled":"default","ast-page-background-meta":{"desktop":{"background-color":"var(--ast-global-color-4)","background-image":"","background-repeat":"repeat","background-position":"center center","background-size":"auto","background-attachment":"scroll","background-type":"","background-media":"","overlay-type":"","overlay-color":"","overlay-opacity":"","overlay-gradient":""},"tablet":{"background-color":"","background-image":"","background-repeat":"repeat","background-position":"center center","background-size":"auto","background-attachment":"scroll","background-type":"","background-media":"","overlay-type":"","overlay-color":"","overlay-opacity":"","overlay-gradient":""},"mobile":{"background-color":"","background-image":"","background-repeat":"repeat","background-position":"center center","background-size":"auto","background-attachment":"scroll","background-type":"","background-media":"","overlay-type":"","overlay-color":"","overlay-opacity":"","overlay-gradient":""}},"ast-content-background-meta":{"desktop":{"background-color":"var(--ast-global-color-5)","background-image":"","background-repeat":"repeat","background-position":"center center","background-size":"auto","background-attachment":"scroll","background-type":"","background-media":"","overlay-type":"","overlay-color":"","overlay-opacity":"","overlay-gradient":""},"tablet":{"background-color":"var(--ast-global-color-5)","background-image":"","background-repeat":"repeat","background-position":"center center","background-size":"auto","background-attachment":"scroll","background-type":"","background-media":"","overlay-type":"","overlay-color":"","overlay-opacity":"","overlay-gradient":""},"mobile":{"background-color":"var(--ast-global-color-5)","background-image":"","background-repeat":"repeat","background-position":"center center","background-size":"auto","background-attachment":"scroll","background-type":"","background-media":"","overlay-type":"","overlay-color":"","overlay-opacity":"","overlay-gradient":""}},"footnotes":""},"categories":[1],"tags":[],"class_list":["post-11462","post","type-post","status-publish","format-standard","has-post-thumbnail","hentry","category-aktuality"],"yoast_head":"<!-- This site is optimized with the Yoast SEO plugin v27.5 - https:\/\/yoast.com\/product\/yoast-seo-wordpress\/ -->\n<title>SO\u010c ZACIELEN\u00c1 NA UK\u00c1\u017dKU DOBR\u00ddCH PR\u00cdKLADOV MLAD\u00ddCH TALENTOV - \u0160IOV - \u0161t\u00e1tny in\u0161tit\u00fat odborn\u00e9ho vzdel\u00e1vania<\/title>\n<meta name=\"robots\" content=\"index, follow, max-snippet:-1, max-image-preview:large, max-video-preview:-1\" \/>\n<link rel=\"canonical\" href=\"https:\/\/archiv.siov.sk\/en\/soc-zacielena-na-ukazku-dobrych-prikladov-mladych-talentov-2\/\" \/>\n<meta property=\"og:locale\" content=\"en_GB\" \/>\n<meta property=\"og:type\" content=\"article\" \/>\n<meta property=\"og:title\" content=\"SO\u010c ZACIELEN\u00c1 NA UK\u00c1\u017dKU DOBR\u00ddCH PR\u00cdKLADOV MLAD\u00ddCH TALENTOV - \u0160IOV - \u0161t\u00e1tny in\u0161tit\u00fat odborn\u00e9ho vzdel\u00e1vania\" \/>\n<meta property=\"og:description\" content=\"Stredo\u0161kolsk\u00e1 konferencia na konci \u0161kolsk\u00e9ho roka 2021\/2022 sa stretla s ve\u013ek\u00fdm z\u00e1ujmom a podporou nadan\u00fdch a \u00faspe\u0161n\u00fdch stredo\u0161kol\u00e1kov. Na podujat\u00ed, ktor\u00e9 sa uskuto\u010dnilo 16. j\u00fana 2022 sa ich predstavilo 16. U\u017e druh\u00fdm rokom&nbsp; \u0160t\u00e1tny in\u0161tit\u00fat odborn\u00e9ho vzdel\u00e1vania (\u0160IOV) predstavil v\u00fdnimo\u010dn\u00e9 v\u00fdsledky odborn\u00fdch pr\u00e1c a projektov \u017eiakov stredn\u00fdch \u0161k\u00f4l. Iniciat\u00edva vznikla po\u010das obmedzenia fungovania \u0161k\u00f4l a [&hellip;]\" \/>\n<meta property=\"og:url\" content=\"https:\/\/archiv.siov.sk\/en\/soc-zacielena-na-ukazku-dobrych-prikladov-mladych-talentov-2\/\" \/>\n<meta property=\"og:site_name\" content=\"\u0160IOV - \u0161t\u00e1tny in\u0161tit\u00fat odborn\u00e9ho vzdel\u00e1vania\" \/>\n<meta property=\"article:publisher\" content=\"https:\/\/www.facebook.com\/Statnyinstitutodbornehovzdelavania\" \/>\n<meta property=\"article:published_time\" content=\"2022-06-24T11:48:32+00:00\" \/>\n<meta property=\"og:image\" content=\"https:\/\/archiv.siov.sk\/wp-content\/uploads\/2021\/05\/soc-logo-e1628065010669.jpg\" \/>\n\t<meta property=\"og:image:width\" content=\"250\" \/>\n\t<meta property=\"og:image:height\" content=\"179\" \/>\n\t<meta property=\"og:image:type\" content=\"image\/jpeg\" \/>\n<meta name=\"author\" content=\"Katar\u00edna Kov\u00e1\u010dov\u00e1\" \/>\n<meta name=\"twitter:card\" content=\"summary_large_image\" \/>\n<meta name=\"twitter:label1\" content=\"Written by\" \/>\n\t<meta name=\"twitter:data1\" content=\"Katar\u00edna Kov\u00e1\u010dov\u00e1\" \/>\n\t<meta name=\"twitter:label2\" content=\"Estimated reading time\" \/>\n\t<meta name=\"twitter:data2\" content=\"2 minutes\" \/>\n<script type=\"application\/ld+json\" class=\"yoast-schema-graph\">{\"@context\":\"https:\\\/\\\/schema.org\",\"@graph\":[{\"@type\":\"Article\",\"@id\":\"https:\\\/\\\/archiv.siov.sk\\\/soc-zacielena-na-ukazku-dobrych-prikladov-mladych-talentov-2\\\/#article\",\"isPartOf\":{\"@id\":\"https:\\\/\\\/archiv.siov.sk\\\/soc-zacielena-na-ukazku-dobrych-prikladov-mladych-talentov-2\\\/\"},\"author\":{\"name\":\"Katar\u00edna Kov\u00e1\u010dov\u00e1\",\"@id\":\"https:\\\/\\\/archiv.siov.sk\\\/#\\\/schema\\\/person\\\/e42d633fbd958c6a726e8834d8965e6c\"},\"headline\":\"SO\u010c ZACIELEN\u00c1 NA UK\u00c1\u017dKU DOBR\u00ddCH PR\u00cdKLADOV MLAD\u00ddCH TALENTOV\",\"datePublished\":\"2022-06-24T11:48:32+00:00\",\"mainEntityOfPage\":{\"@id\":\"https:\\\/\\\/archiv.siov.sk\\\/soc-zacielena-na-ukazku-dobrych-prikladov-mladych-talentov-2\\\/\"},\"wordCount\":447,\"publisher\":{\"@id\":\"https:\\\/\\\/archiv.siov.sk\\\/#organization\"},\"image\":{\"@id\":\"https:\\\/\\\/archiv.siov.sk\\\/soc-zacielena-na-ukazku-dobrych-prikladov-mladych-talentov-2\\\/#primaryimage\"},\"thumbnailUrl\":\"https:\\\/\\\/archiv.siov.sk\\\/wp-content\\\/uploads\\\/2021\\\/05\\\/soc-logo-e1628065010669.jpg\",\"articleSection\":[\"Aktuality\"],\"inLanguage\":\"en-GB\"},{\"@type\":\"WebPage\",\"@id\":\"https:\\\/\\\/archiv.siov.sk\\\/soc-zacielena-na-ukazku-dobrych-prikladov-mladych-talentov-2\\\/\",\"url\":\"https:\\\/\\\/archiv.siov.sk\\\/soc-zacielena-na-ukazku-dobrych-prikladov-mladych-talentov-2\\\/\",\"name\":\"SO\u010c ZACIELEN\u00c1 NA UK\u00c1\u017dKU DOBR\u00ddCH PR\u00cdKLADOV MLAD\u00ddCH TALENTOV - \u0160IOV - \u0161t\u00e1tny in\u0161tit\u00fat odborn\u00e9ho vzdel\u00e1vania\",\"isPartOf\":{\"@id\":\"https:\\\/\\\/archiv.siov.sk\\\/#website\"},\"primaryImageOfPage\":{\"@id\":\"https:\\\/\\\/archiv.siov.sk\\\/soc-zacielena-na-ukazku-dobrych-prikladov-mladych-talentov-2\\\/#primaryimage\"},\"image\":{\"@id\":\"https:\\\/\\\/archiv.siov.sk\\\/soc-zacielena-na-ukazku-dobrych-prikladov-mladych-talentov-2\\\/#primaryimage\"},\"thumbnailUrl\":\"https:\\\/\\\/archiv.siov.sk\\\/wp-content\\\/uploads\\\/2021\\\/05\\\/soc-logo-e1628065010669.jpg\",\"datePublished\":\"2022-06-24T11:48:32+00:00\",\"breadcrumb\":{\"@id\":\"https:\\\/\\\/archiv.siov.sk\\\/soc-zacielena-na-ukazku-dobrych-prikladov-mladych-talentov-2\\\/#breadcrumb\"},\"inLanguage\":\"en-GB\",\"potentialAction\":[{\"@type\":\"ReadAction\",\"target\":[\"https:\\\/\\\/archiv.siov.sk\\\/soc-zacielena-na-ukazku-dobrych-prikladov-mladych-talentov-2\\\/\"]}]},{\"@type\":\"ImageObject\",\"inLanguage\":\"en-GB\",\"@id\":\"https:\\\/\\\/archiv.siov.sk\\\/soc-zacielena-na-ukazku-dobrych-prikladov-mladych-talentov-2\\\/#primaryimage\",\"url\":\"https:\\\/\\\/archiv.siov.sk\\\/wp-content\\\/uploads\\\/2021\\\/05\\\/soc-logo-e1628065010669.jpg\",\"contentUrl\":\"https:\\\/\\\/archiv.siov.sk\\\/wp-content\\\/uploads\\\/2021\\\/05\\\/soc-logo-e1628065010669.jpg\",\"width\":250,\"height\":179},{\"@type\":\"BreadcrumbList\",\"@id\":\"https:\\\/\\\/archiv.siov.sk\\\/soc-zacielena-na-ukazku-dobrych-prikladov-mladych-talentov-2\\\/#breadcrumb\",\"itemListElement\":[{\"@type\":\"ListItem\",\"position\":1,\"name\":\"Home\",\"item\":\"https:\\\/\\\/archiv.siov.sk\\\/\"},{\"@type\":\"ListItem\",\"position\":2,\"name\":\"SO\u010c ZACIELEN\u00c1 NA UK\u00c1\u017dKU DOBR\u00ddCH PR\u00cdKLADOV MLAD\u00ddCH TALENTOV\"}]},{\"@type\":\"WebSite\",\"@id\":\"https:\\\/\\\/archiv.siov.sk\\\/#website\",\"url\":\"https:\\\/\\\/archiv.siov.sk\\\/\",\"name\":\"\u0160IOV - \u0161t\u00e1tny in\u0161tit\u00fat odborn\u00e9ho vzdel\u00e1vania\",\"description\":\"\",\"publisher\":{\"@id\":\"https:\\\/\\\/archiv.siov.sk\\\/#organization\"},\"potentialAction\":[{\"@type\":\"SearchAction\",\"target\":{\"@type\":\"EntryPoint\",\"urlTemplate\":\"https:\\\/\\\/archiv.siov.sk\\\/?s={search_term_string}\"},\"query-input\":{\"@type\":\"PropertyValueSpecification\",\"valueRequired\":true,\"valueName\":\"search_term_string\"}}],\"inLanguage\":\"en-GB\"},{\"@type\":\"Organization\",\"@id\":\"https:\\\/\\\/archiv.siov.sk\\\/#organization\",\"name\":\"\u0160IOV - \u0161t\u00e1tny in\u0161tit\u00fat odborn\u00e9ho vzdel\u00e1vania\",\"url\":\"https:\\\/\\\/archiv.siov.sk\\\/\",\"logo\":{\"@type\":\"ImageObject\",\"inLanguage\":\"en-GB\",\"@id\":\"https:\\\/\\\/archiv.siov.sk\\\/#\\\/schema\\\/logo\\\/image\\\/\",\"url\":\"https:\\\/\\\/archiv.siov.sk\\\/wp-content\\\/uploads\\\/2024\\\/02\\\/logo-SIOV.png\",\"contentUrl\":\"https:\\\/\\\/archiv.siov.sk\\\/wp-content\\\/uploads\\\/2024\\\/02\\\/logo-SIOV.png\",\"width\":431,\"height\":143,\"caption\":\"\u0160IOV - \u0161t\u00e1tny in\u0161tit\u00fat odborn\u00e9ho vzdel\u00e1vania\"},\"image\":{\"@id\":\"https:\\\/\\\/archiv.siov.sk\\\/#\\\/schema\\\/logo\\\/image\\\/\"},\"sameAs\":[\"https:\\\/\\\/www.facebook.com\\\/Statnyinstitutodbornehovzdelavania\"]},{\"@type\":\"Person\",\"@id\":\"https:\\\/\\\/archiv.siov.sk\\\/#\\\/schema\\\/person\\\/e42d633fbd958c6a726e8834d8965e6c\",\"name\":\"Katar\u00edna Kov\u00e1\u010dov\u00e1\",\"url\":\"https:\\\/\\\/archiv.siov.sk\\\/en\\\/author\\\/katkakovacova\\\/\"}]}<\/script>\n<!-- \/ Yoast SEO plugin. -->","yoast_head_json":{"title":"SO\u010c ZACIELEN\u00c1 NA UK\u00c1\u017dKU DOBR\u00ddCH PR\u00cdKLADOV MLAD\u00ddCH TALENTOV - \u0160IOV - \u0161t\u00e1tny in\u0161tit\u00fat odborn\u00e9ho vzdel\u00e1vania","robots":{"index":"index","follow":"follow","max-snippet":"max-snippet:-1","max-image-preview":"max-image-preview:large","max-video-preview":"max-video-preview:-1"},"canonical":"https:\/\/archiv.siov.sk\/en\/soc-zacielena-na-ukazku-dobrych-prikladov-mladych-talentov-2\/","og_locale":"en_GB","og_type":"article","og_title":"SO\u010c ZACIELEN\u00c1 NA UK\u00c1\u017dKU DOBR\u00ddCH PR\u00cdKLADOV MLAD\u00ddCH TALENTOV - \u0160IOV - \u0161t\u00e1tny in\u0161tit\u00fat odborn\u00e9ho vzdel\u00e1vania","og_description":"Stredo\u0161kolsk\u00e1 konferencia na konci \u0161kolsk\u00e9ho roka 2021\/2022 sa stretla s ve\u013ek\u00fdm z\u00e1ujmom a podporou nadan\u00fdch a \u00faspe\u0161n\u00fdch stredo\u0161kol\u00e1kov. Na podujat\u00ed, ktor\u00e9 sa uskuto\u010dnilo 16. j\u00fana 2022 sa ich predstavilo 16. U\u017e druh\u00fdm rokom&nbsp; \u0160t\u00e1tny in\u0161tit\u00fat odborn\u00e9ho vzdel\u00e1vania (\u0160IOV) predstavil v\u00fdnimo\u010dn\u00e9 v\u00fdsledky odborn\u00fdch pr\u00e1c a projektov \u017eiakov stredn\u00fdch \u0161k\u00f4l. Iniciat\u00edva vznikla po\u010das obmedzenia fungovania \u0161k\u00f4l a [&hellip;]","og_url":"https:\/\/archiv.siov.sk\/en\/soc-zacielena-na-ukazku-dobrych-prikladov-mladych-talentov-2\/","og_site_name":"\u0160IOV - \u0161t\u00e1tny in\u0161tit\u00fat odborn\u00e9ho vzdel\u00e1vania","article_publisher":"https:\/\/www.facebook.com\/Statnyinstitutodbornehovzdelavania","article_published_time":"2022-06-24T11:48:32+00:00","og_image":[{"width":250,"height":179,"url":"https:\/\/archiv.siov.sk\/wp-content\/uploads\/2021\/05\/soc-logo-e1628065010669.jpg","type":"image\/jpeg"}],"author":"Katar\u00edna Kov\u00e1\u010dov\u00e1","twitter_card":"summary_large_image","twitter_misc":{"Written by":"Katar\u00edna Kov\u00e1\u010dov\u00e1","Estimated reading time":"2 minutes"},"schema":{"@context":"https:\/\/schema.org","@graph":[{"@type":"Article","@id":"https:\/\/archiv.siov.sk\/soc-zacielena-na-ukazku-dobrych-prikladov-mladych-talentov-2\/#article","isPartOf":{"@id":"https:\/\/archiv.siov.sk\/soc-zacielena-na-ukazku-dobrych-prikladov-mladych-talentov-2\/"},"author":{"name":"Katar\u00edna Kov\u00e1\u010dov\u00e1","@id":"https:\/\/archiv.siov.sk\/#\/schema\/person\/e42d633fbd958c6a726e8834d8965e6c"},"headline":"SO\u010c ZACIELEN\u00c1 NA UK\u00c1\u017dKU DOBR\u00ddCH PR\u00cdKLADOV MLAD\u00ddCH TALENTOV","datePublished":"2022-06-24T11:48:32+00:00","mainEntityOfPage":{"@id":"https:\/\/archiv.siov.sk\/soc-zacielena-na-ukazku-dobrych-prikladov-mladych-talentov-2\/"},"wordCount":447,"publisher":{"@id":"https:\/\/archiv.siov.sk\/#organization"},"image":{"@id":"https:\/\/archiv.siov.sk\/soc-zacielena-na-ukazku-dobrych-prikladov-mladych-talentov-2\/#primaryimage"},"thumbnailUrl":"https:\/\/archiv.siov.sk\/wp-content\/uploads\/2021\/05\/soc-logo-e1628065010669.jpg","articleSection":["Aktuality"],"inLanguage":"en-GB"},{"@type":"WebPage","@id":"https:\/\/archiv.siov.sk\/soc-zacielena-na-ukazku-dobrych-prikladov-mladych-talentov-2\/","url":"https:\/\/archiv.siov.sk\/soc-zacielena-na-ukazku-dobrych-prikladov-mladych-talentov-2\/","name":"SO\u010c ZACIELEN\u00c1 NA UK\u00c1\u017dKU DOBR\u00ddCH PR\u00cdKLADOV MLAD\u00ddCH TALENTOV - \u0160IOV - \u0161t\u00e1tny in\u0161tit\u00fat odborn\u00e9ho vzdel\u00e1vania","isPartOf":{"@id":"https:\/\/archiv.siov.sk\/#website"},"primaryImageOfPage":{"@id":"https:\/\/archiv.siov.sk\/soc-zacielena-na-ukazku-dobrych-prikladov-mladych-talentov-2\/#primaryimage"},"image":{"@id":"https:\/\/archiv.siov.sk\/soc-zacielena-na-ukazku-dobrych-prikladov-mladych-talentov-2\/#primaryimage"},"thumbnailUrl":"https:\/\/archiv.siov.sk\/wp-content\/uploads\/2021\/05\/soc-logo-e1628065010669.jpg","datePublished":"2022-06-24T11:48:32+00:00","breadcrumb":{"@id":"https:\/\/archiv.siov.sk\/soc-zacielena-na-ukazku-dobrych-prikladov-mladych-talentov-2\/#breadcrumb"},"inLanguage":"en-GB","potentialAction":[{"@type":"ReadAction","target":["https:\/\/archiv.siov.sk\/soc-zacielena-na-ukazku-dobrych-prikladov-mladych-talentov-2\/"]}]},{"@type":"ImageObject","inLanguage":"en-GB","@id":"https:\/\/archiv.siov.sk\/soc-zacielena-na-ukazku-dobrych-prikladov-mladych-talentov-2\/#primaryimage","url":"https:\/\/archiv.siov.sk\/wp-content\/uploads\/2021\/05\/soc-logo-e1628065010669.jpg","contentUrl":"https:\/\/archiv.siov.sk\/wp-content\/uploads\/2021\/05\/soc-logo-e1628065010669.jpg","width":250,"height":179},{"@type":"BreadcrumbList","@id":"https:\/\/archiv.siov.sk\/soc-zacielena-na-ukazku-dobrych-prikladov-mladych-talentov-2\/#breadcrumb","itemListElement":[{"@type":"ListItem","position":1,"name":"Home","item":"https:\/\/archiv.siov.sk\/"},{"@type":"ListItem","position":2,"name":"SO\u010c ZACIELEN\u00c1 NA UK\u00c1\u017dKU DOBR\u00ddCH PR\u00cdKLADOV MLAD\u00ddCH TALENTOV"}]},{"@type":"WebSite","@id":"https:\/\/archiv.siov.sk\/#website","url":"https:\/\/archiv.siov.sk\/","name":"\u0160IOV - \u0161t\u00e1tny in\u0161tit\u00fat odborn\u00e9ho vzdel\u00e1vania","description":"","publisher":{"@id":"https:\/\/archiv.siov.sk\/#organization"},"potentialAction":[{"@type":"SearchAction","target":{"@type":"EntryPoint","urlTemplate":"https:\/\/archiv.siov.sk\/?s={search_term_string}"},"query-input":{"@type":"PropertyValueSpecification","valueRequired":true,"valueName":"search_term_string"}}],"inLanguage":"en-GB"},{"@type":"Organization","@id":"https:\/\/archiv.siov.sk\/#organization","name":"\u0160IOV - \u0161t\u00e1tny in\u0161tit\u00fat odborn\u00e9ho vzdel\u00e1vania","url":"https:\/\/archiv.siov.sk\/","logo":{"@type":"ImageObject","inLanguage":"en-GB","@id":"https:\/\/archiv.siov.sk\/#\/schema\/logo\/image\/","url":"https:\/\/archiv.siov.sk\/wp-content\/uploads\/2024\/02\/logo-SIOV.png","contentUrl":"https:\/\/archiv.siov.sk\/wp-content\/uploads\/2024\/02\/logo-SIOV.png","width":431,"height":143,"caption":"\u0160IOV - \u0161t\u00e1tny in\u0161tit\u00fat odborn\u00e9ho vzdel\u00e1vania"},"image":{"@id":"https:\/\/archiv.siov.sk\/#\/schema\/logo\/image\/"},"sameAs":["https:\/\/www.facebook.com\/Statnyinstitutodbornehovzdelavania"]},{"@type":"Person","@id":"https:\/\/archiv.siov.sk\/#\/schema\/person\/e42d633fbd958c6a726e8834d8965e6c","name":"Katar\u00edna Kov\u00e1\u010dov\u00e1","url":"https:\/\/archiv.siov.sk\/en\/author\/katkakovacova\/"}]}},"_links":{"self":[{"href":"https:\/\/archiv.siov.sk\/en\/wp-json\/wp\/v2\/posts\/11462","targetHints":{"allow":["GET"]}}],"collection":[{"href":"https:\/\/archiv.siov.sk\/en\/wp-json\/wp\/v2\/posts"}],"about":[{"href":"https:\/\/archiv.siov.sk\/en\/wp-json\/wp\/v2\/types\/post"}],"author":[{"embeddable":true,"href":"https:\/\/archiv.siov.sk\/en\/wp-json\/wp\/v2\/users\/6"}],"replies":[{"embeddable":true,"href":"https:\/\/archiv.siov.sk\/en\/wp-json\/wp\/v2\/comments?post=11462"}],"version-history":[{"count":2,"href":"https:\/\/archiv.siov.sk\/en\/wp-json\/wp\/v2\/posts\/11462\/revisions"}],"predecessor-version":[{"id":11464,"href":"https:\/\/archiv.siov.sk\/en\/wp-json\/wp\/v2\/posts\/11462\/revisions\/11464"}],"wp:featuredmedia":[{"embeddable":true,"href":"https:\/\/archiv.siov.sk\/en\/wp-json\/wp\/v2\/media\/7764"}],"wp:attachment":[{"href":"https:\/\/archiv.siov.sk\/en\/wp-json\/wp\/v2\/media?parent=11462"}],"wp:term":[{"taxonomy":"category","embeddable":true,"href":"https:\/\/archiv.siov.sk\/en\/wp-json\/wp\/v2\/categories?post=11462"},{"taxonomy":"post_tag","embeddable":true,"href":"https:\/\/archiv.siov.sk\/en\/wp-json\/wp\/v2\/tags?post=11462"}],"curies":[{"name":"wp","href":"https:\/\/api.w.org\/{rel}","templated":true}]}}