{"id":11432,"date":"2022-06-20T11:12:24","date_gmt":"2022-06-20T09:12:24","guid":{"rendered":"https:\/\/archiv.siov.sk\/?p=11432"},"modified":"2022-06-20T13:17:52","modified_gmt":"2022-06-20T11:17:52","slug":"letna-skola-v-systeme-dualneho-vzdelavania-2022","status":"publish","type":"post","link":"https:\/\/archiv.siov.sk\/en\/letna-skola-v-systeme-dualneho-vzdelavania-2022\/","title":{"rendered":"Letn\u00e1 \u0161kola v syst\u00e9me du\u00e1lneho vzdel\u00e1vania 2022"},"content":{"rendered":"<p>Prin\u00e1\u0161ame V\u00e1m Usmernenie k organiz\u00e1cii a podmienkam &#8222;Letnej \u0161koly v syst\u00e9me du\u00e1lneho vzdel\u00e1vania 2022&#8220; v \u0161kolskom roku 2021\/2022.<\/p>\n<p>Usmernenie spolu so vzormi ozn\u00e1menia zamestn\u00e1vate\u013ea o konan\u00ed letnej \u0161koly a&nbsp; prihl\u00e1\u0161ky \u017eiaka na letn\u00fa \u0161kolu n\u00e1jdete ni\u017e\u0161ie.&nbsp;<\/p>\n<p><img decoding=\"async\" class=\"alignnone wp-image-7769\" src=\"https:\/\/archiv.siov.sk\/wp-content\/uploads\/2021\/05\/pdf-ikona.png\" alt=\"\" width=\"34\" height=\"34\" srcset=\"https:\/\/archiv.siov.sk\/wp-content\/uploads\/2021\/05\/pdf-ikona.png 225w, https:\/\/archiv.siov.sk\/wp-content\/uploads\/2021\/05\/pdf-ikona-150x150.png 150w\" sizes=\"(max-width: 34px) 100vw, 34px\" \/>&nbsp;<a href=\"https:\/\/archiv.siov.sk\/wp-content\/uploads\/2022\/06\/Letna-skola-u-zamestnavatela-v-SDV-2022-fin.pdf\" target=\"_blank\" rel=\"noopener\">Usmernenie k organiz\u00e1cii a podmienkam &#8222;Letnej \u0161koly v syst\u00e9me du\u00e1lneho vzdel\u00e1vania 2022&#8220;<\/a><\/p>\n<p><a href=\"https:\/\/archiv.siov.sk\/wp-content\/uploads\/2022\/06\/Vzor-OZNAMENIE-Letna-skola-2022-na-PPV.docx\" target=\"_blank\" rel=\"noopener\"><img decoding=\"async\" class=\"alignnone wp-image-5709\" src=\"https:\/\/archiv.siov.sk\/wp-content\/uploads\/2020\/04\/word-300x289.png\" alt=\"\" width=\"26\" height=\"25\" srcset=\"https:\/\/archiv.siov.sk\/wp-content\/uploads\/2020\/04\/word-300x289.png 300w, https:\/\/archiv.siov.sk\/wp-content\/uploads\/2020\/04\/word-150x150.png 150w, https:\/\/archiv.siov.sk\/wp-content\/uploads\/2020\/04\/word-480x462.png 480w, https:\/\/archiv.siov.sk\/wp-content\/uploads\/2020\/04\/word.png 512w\" sizes=\"(max-width: 26px) 100vw, 26px\" \/>&nbsp; &nbsp;Vzor ozn\u00e1menia zamestn\u00e1vate\u013ea o konan\u00ed letnej \u0161koly<\/a><\/p>\n<p><a href=\"https:\/\/archiv.siov.sk\/wp-content\/uploads\/2022\/06\/Vzor-PRIHLASKA-NA-LETNU-SKOLU-2022-na-PPV.docx\" target=\"_blank\" rel=\"noopener\"><img decoding=\"async\" class=\"alignnone wp-image-5709\" src=\"https:\/\/archiv.siov.sk\/wp-content\/uploads\/2020\/04\/word-300x289.png\" alt=\"\" width=\"26\" height=\"25\" srcset=\"https:\/\/archiv.siov.sk\/wp-content\/uploads\/2020\/04\/word-300x289.png 300w, https:\/\/archiv.siov.sk\/wp-content\/uploads\/2020\/04\/word-150x150.png 150w, https:\/\/archiv.siov.sk\/wp-content\/uploads\/2020\/04\/word-480x462.png 480w, https:\/\/archiv.siov.sk\/wp-content\/uploads\/2020\/04\/word.png 512w\" sizes=\"(max-width: 26px) 100vw, 26px\" \/>&nbsp; &nbsp;Vzor prihl\u00e1\u0161ky \u017eiaka na letn\u00fa \u0161kolu<\/a><\/p>","protected":false},"excerpt":{"rendered":"<p>Prin\u00e1\u0161ame V\u00e1m Usmernenie k organiz\u00e1cii a podmienkam &#8222;Letnej \u0161koly v syst\u00e9me du\u00e1lneho vzdel\u00e1vania 2022&#8220; v \u0161kolskom roku 2021\/2022. Usmernenie spolu so vzormi ozn\u00e1menia zamestn\u00e1vate\u013ea o konan\u00ed letnej \u0161koly a&nbsp; prihl\u00e1\u0161ky \u017eiaka na letn\u00fa \u0161kolu n\u00e1jdete ni\u017e\u0161ie.&nbsp; &nbsp;Usmernenie k organiz\u00e1cii a podmienkam &#8222;Letnej \u0161koly v syst\u00e9me du\u00e1lneho vzdel\u00e1vania 2022&#8220; &nbsp; &nbsp;Vzor ozn\u00e1menia zamestn\u00e1vate\u013ea o konan\u00ed letnej [&hellip;]<\/p>\n","protected":false},"author":6,"featured_media":10208,"comment_status":"closed","ping_status":"closed","sticky":false,"template":"","format":"standard","meta":{"site-sidebar-layout":"default","site-content-layout":"default","ast-site-content-layout":"default","site-content-style":"default","site-sidebar-style":"default","ast-global-header-display":"","ast-banner-title-visibility":"","ast-main-header-display":"","ast-hfb-above-header-display":"","ast-hfb-below-header-display":"","ast-hfb-mobile-header-display":"","site-post-title":"","ast-breadcrumbs-content":"","ast-featured-img":"","footer-sml-layout":"","ast-disable-related-posts":"","theme-transparent-header-meta":"default","adv-header-id-meta":"","stick-header-meta":"","header-above-stick-meta":"","header-main-stick-meta":"","header-below-stick-meta":"","astra-migrate-meta-layouts":"default","ast-page-background-enabled":"default","ast-page-background-meta":{"desktop":{"background-color":"var(--ast-global-color-4)","background-image":"","background-repeat":"repeat","background-position":"center center","background-size":"auto","background-attachment":"scroll","background-type":"","background-media":"","overlay-type":"","overlay-color":"","overlay-opacity":"","overlay-gradient":""},"tablet":{"background-color":"","background-image":"","background-repeat":"repeat","background-position":"center center","background-size":"auto","background-attachment":"scroll","background-type":"","background-media":"","overlay-type":"","overlay-color":"","overlay-opacity":"","overlay-gradient":""},"mobile":{"background-color":"","background-image":"","background-repeat":"repeat","background-position":"center center","background-size":"auto","background-attachment":"scroll","background-type":"","background-media":"","overlay-type":"","overlay-color":"","overlay-opacity":"","overlay-gradient":""}},"ast-content-background-meta":{"desktop":{"background-color":"var(--ast-global-color-5)","background-image":"","background-repeat":"repeat","background-position":"center center","background-size":"auto","background-attachment":"scroll","background-type":"","background-media":"","overlay-type":"","overlay-color":"","overlay-opacity":"","overlay-gradient":""},"tablet":{"background-color":"var(--ast-global-color-5)","background-image":"","background-repeat":"repeat","background-position":"center center","background-size":"auto","background-attachment":"scroll","background-type":"","background-media":"","overlay-type":"","overlay-color":"","overlay-opacity":"","overlay-gradient":""},"mobile":{"background-color":"var(--ast-global-color-5)","background-image":"","background-repeat":"repeat","background-position":"center center","background-size":"auto","background-attachment":"scroll","background-type":"","background-media":"","overlay-type":"","overlay-color":"","overlay-opacity":"","overlay-gradient":""}},"footnotes":""},"categories":[1],"tags":[],"class_list":["post-11432","post","type-post","status-publish","format-standard","has-post-thumbnail","hentry","category-aktuality"],"yoast_head":"<!-- This site is optimized with the Yoast SEO plugin v27.5 - https:\/\/yoast.com\/product\/yoast-seo-wordpress\/ -->\n<title>Letn\u00e1 \u0161kola v syst\u00e9me du\u00e1lneho vzdel\u00e1vania 2022 - \u0160IOV - \u0161t\u00e1tny in\u0161tit\u00fat odborn\u00e9ho vzdel\u00e1vania<\/title>\n<meta name=\"robots\" content=\"index, follow, max-snippet:-1, max-image-preview:large, max-video-preview:-1\" \/>\n<link rel=\"canonical\" href=\"https:\/\/archiv.siov.sk\/en\/letna-skola-v-systeme-dualneho-vzdelavania-2022\/\" \/>\n<meta property=\"og:locale\" content=\"en_GB\" \/>\n<meta property=\"og:type\" content=\"article\" \/>\n<meta property=\"og:title\" content=\"Letn\u00e1 \u0161kola v syst\u00e9me du\u00e1lneho vzdel\u00e1vania 2022 - \u0160IOV - \u0161t\u00e1tny in\u0161tit\u00fat odborn\u00e9ho vzdel\u00e1vania\" \/>\n<meta property=\"og:description\" content=\"Prin\u00e1\u0161ame V\u00e1m Usmernenie k organiz\u00e1cii a podmienkam &#8222;Letnej \u0161koly v syst\u00e9me du\u00e1lneho vzdel\u00e1vania 2022&#8220; v \u0161kolskom roku 2021\/2022. Usmernenie spolu so vzormi ozn\u00e1menia zamestn\u00e1vate\u013ea o konan\u00ed letnej \u0161koly a&nbsp; prihl\u00e1\u0161ky \u017eiaka na letn\u00fa \u0161kolu n\u00e1jdete ni\u017e\u0161ie.&nbsp; &nbsp;Usmernenie k organiz\u00e1cii a podmienkam &#8222;Letnej \u0161koly v syst\u00e9me du\u00e1lneho vzdel\u00e1vania 2022&#8220; &nbsp; &nbsp;Vzor ozn\u00e1menia zamestn\u00e1vate\u013ea o konan\u00ed letnej [&hellip;]\" \/>\n<meta property=\"og:url\" content=\"https:\/\/archiv.siov.sk\/en\/letna-skola-v-systeme-dualneho-vzdelavania-2022\/\" \/>\n<meta property=\"og:site_name\" content=\"\u0160IOV - \u0161t\u00e1tny in\u0161tit\u00fat odborn\u00e9ho vzdel\u00e1vania\" \/>\n<meta property=\"article:publisher\" content=\"https:\/\/www.facebook.com\/Statnyinstitutodbornehovzdelavania\" \/>\n<meta property=\"article:published_time\" content=\"2022-06-20T09:12:24+00:00\" \/>\n<meta property=\"article:modified_time\" content=\"2022-06-20T11:17:52+00:00\" \/>\n<meta property=\"og:image\" content=\"https:\/\/archiv.siov.sk\/wp-content\/uploads\/2021\/11\/Dual_LogoRGB-e1637846239585.png\" \/>\n\t<meta property=\"og:image:width\" content=\"500\" \/>\n\t<meta property=\"og:image:height\" content=\"397\" \/>\n\t<meta property=\"og:image:type\" content=\"image\/png\" \/>\n<meta name=\"author\" content=\"Katar\u00edna Kov\u00e1\u010dov\u00e1\" \/>\n<meta name=\"twitter:card\" content=\"summary_large_image\" \/>\n<meta name=\"twitter:label1\" content=\"Written by\" \/>\n\t<meta name=\"twitter:data1\" content=\"Katar\u00edna Kov\u00e1\u010dov\u00e1\" \/>\n\t<meta name=\"twitter:label2\" content=\"Estimated reading time\" \/>\n\t<meta name=\"twitter:data2\" content=\"1 minute\" \/>\n<script type=\"application\/ld+json\" class=\"yoast-schema-graph\">{\"@context\":\"https:\\\/\\\/schema.org\",\"@graph\":[{\"@type\":\"Article\",\"@id\":\"https:\\\/\\\/archiv.siov.sk\\\/letna-skola-v-systeme-dualneho-vzdelavania-2022\\\/#article\",\"isPartOf\":{\"@id\":\"https:\\\/\\\/archiv.siov.sk\\\/letna-skola-v-systeme-dualneho-vzdelavania-2022\\\/\"},\"author\":{\"name\":\"Katar\u00edna Kov\u00e1\u010dov\u00e1\",\"@id\":\"https:\\\/\\\/archiv.siov.sk\\\/#\\\/schema\\\/person\\\/e42d633fbd958c6a726e8834d8965e6c\"},\"headline\":\"Letn\u00e1 \u0161kola v syst\u00e9me du\u00e1lneho vzdel\u00e1vania 2022\",\"datePublished\":\"2022-06-20T09:12:24+00:00\",\"dateModified\":\"2022-06-20T11:17:52+00:00\",\"mainEntityOfPage\":{\"@id\":\"https:\\\/\\\/archiv.siov.sk\\\/letna-skola-v-systeme-dualneho-vzdelavania-2022\\\/\"},\"wordCount\":94,\"publisher\":{\"@id\":\"https:\\\/\\\/archiv.siov.sk\\\/#organization\"},\"image\":{\"@id\":\"https:\\\/\\\/archiv.siov.sk\\\/letna-skola-v-systeme-dualneho-vzdelavania-2022\\\/#primaryimage\"},\"thumbnailUrl\":\"https:\\\/\\\/archiv.siov.sk\\\/wp-content\\\/uploads\\\/2021\\\/11\\\/Dual_LogoRGB-e1637846239585.png\",\"articleSection\":[\"Aktuality\"],\"inLanguage\":\"en-GB\"},{\"@type\":\"WebPage\",\"@id\":\"https:\\\/\\\/archiv.siov.sk\\\/letna-skola-v-systeme-dualneho-vzdelavania-2022\\\/\",\"url\":\"https:\\\/\\\/archiv.siov.sk\\\/letna-skola-v-systeme-dualneho-vzdelavania-2022\\\/\",\"name\":\"Letn\u00e1 \u0161kola v syst\u00e9me du\u00e1lneho vzdel\u00e1vania 2022 - \u0160IOV - \u0161t\u00e1tny in\u0161tit\u00fat odborn\u00e9ho vzdel\u00e1vania\",\"isPartOf\":{\"@id\":\"https:\\\/\\\/archiv.siov.sk\\\/#website\"},\"primaryImageOfPage\":{\"@id\":\"https:\\\/\\\/archiv.siov.sk\\\/letna-skola-v-systeme-dualneho-vzdelavania-2022\\\/#primaryimage\"},\"image\":{\"@id\":\"https:\\\/\\\/archiv.siov.sk\\\/letna-skola-v-systeme-dualneho-vzdelavania-2022\\\/#primaryimage\"},\"thumbnailUrl\":\"https:\\\/\\\/archiv.siov.sk\\\/wp-content\\\/uploads\\\/2021\\\/11\\\/Dual_LogoRGB-e1637846239585.png\",\"datePublished\":\"2022-06-20T09:12:24+00:00\",\"dateModified\":\"2022-06-20T11:17:52+00:00\",\"breadcrumb\":{\"@id\":\"https:\\\/\\\/archiv.siov.sk\\\/letna-skola-v-systeme-dualneho-vzdelavania-2022\\\/#breadcrumb\"},\"inLanguage\":\"en-GB\",\"potentialAction\":[{\"@type\":\"ReadAction\",\"target\":[\"https:\\\/\\\/archiv.siov.sk\\\/letna-skola-v-systeme-dualneho-vzdelavania-2022\\\/\"]}]},{\"@type\":\"ImageObject\",\"inLanguage\":\"en-GB\",\"@id\":\"https:\\\/\\\/archiv.siov.sk\\\/letna-skola-v-systeme-dualneho-vzdelavania-2022\\\/#primaryimage\",\"url\":\"https:\\\/\\\/archiv.siov.sk\\\/wp-content\\\/uploads\\\/2021\\\/11\\\/Dual_LogoRGB-e1637846239585.png\",\"contentUrl\":\"https:\\\/\\\/archiv.siov.sk\\\/wp-content\\\/uploads\\\/2021\\\/11\\\/Dual_LogoRGB-e1637846239585.png\",\"width\":500,\"height\":397},{\"@type\":\"BreadcrumbList\",\"@id\":\"https:\\\/\\\/archiv.siov.sk\\\/letna-skola-v-systeme-dualneho-vzdelavania-2022\\\/#breadcrumb\",\"itemListElement\":[{\"@type\":\"ListItem\",\"position\":1,\"name\":\"Home\",\"item\":\"https:\\\/\\\/archiv.siov.sk\\\/\"},{\"@type\":\"ListItem\",\"position\":2,\"name\":\"Letn\u00e1 \u0161kola v syst\u00e9me du\u00e1lneho vzdel\u00e1vania 2022\"}]},{\"@type\":\"WebSite\",\"@id\":\"https:\\\/\\\/archiv.siov.sk\\\/#website\",\"url\":\"https:\\\/\\\/archiv.siov.sk\\\/\",\"name\":\"\u0160IOV - \u0161t\u00e1tny in\u0161tit\u00fat odborn\u00e9ho vzdel\u00e1vania\",\"description\":\"\",\"publisher\":{\"@id\":\"https:\\\/\\\/archiv.siov.sk\\\/#organization\"},\"potentialAction\":[{\"@type\":\"SearchAction\",\"target\":{\"@type\":\"EntryPoint\",\"urlTemplate\":\"https:\\\/\\\/archiv.siov.sk\\\/?s={search_term_string}\"},\"query-input\":{\"@type\":\"PropertyValueSpecification\",\"valueRequired\":true,\"valueName\":\"search_term_string\"}}],\"inLanguage\":\"en-GB\"},{\"@type\":\"Organization\",\"@id\":\"https:\\\/\\\/archiv.siov.sk\\\/#organization\",\"name\":\"\u0160IOV - \u0161t\u00e1tny in\u0161tit\u00fat odborn\u00e9ho vzdel\u00e1vania\",\"url\":\"https:\\\/\\\/archiv.siov.sk\\\/\",\"logo\":{\"@type\":\"ImageObject\",\"inLanguage\":\"en-GB\",\"@id\":\"https:\\\/\\\/archiv.siov.sk\\\/#\\\/schema\\\/logo\\\/image\\\/\",\"url\":\"https:\\\/\\\/archiv.siov.sk\\\/wp-content\\\/uploads\\\/2024\\\/02\\\/logo-SIOV.png\",\"contentUrl\":\"https:\\\/\\\/archiv.siov.sk\\\/wp-content\\\/uploads\\\/2024\\\/02\\\/logo-SIOV.png\",\"width\":431,\"height\":143,\"caption\":\"\u0160IOV - \u0161t\u00e1tny in\u0161tit\u00fat odborn\u00e9ho vzdel\u00e1vania\"},\"image\":{\"@id\":\"https:\\\/\\\/archiv.siov.sk\\\/#\\\/schema\\\/logo\\\/image\\\/\"},\"sameAs\":[\"https:\\\/\\\/www.facebook.com\\\/Statnyinstitutodbornehovzdelavania\"]},{\"@type\":\"Person\",\"@id\":\"https:\\\/\\\/archiv.siov.sk\\\/#\\\/schema\\\/person\\\/e42d633fbd958c6a726e8834d8965e6c\",\"name\":\"Katar\u00edna Kov\u00e1\u010dov\u00e1\",\"url\":\"https:\\\/\\\/archiv.siov.sk\\\/en\\\/author\\\/katkakovacova\\\/\"}]}<\/script>\n<!-- \/ Yoast SEO plugin. -->","yoast_head_json":{"title":"Letn\u00e1 \u0161kola v syst\u00e9me du\u00e1lneho vzdel\u00e1vania 2022 - \u0160IOV - \u0161t\u00e1tny in\u0161tit\u00fat odborn\u00e9ho vzdel\u00e1vania","robots":{"index":"index","follow":"follow","max-snippet":"max-snippet:-1","max-image-preview":"max-image-preview:large","max-video-preview":"max-video-preview:-1"},"canonical":"https:\/\/archiv.siov.sk\/en\/letna-skola-v-systeme-dualneho-vzdelavania-2022\/","og_locale":"en_GB","og_type":"article","og_title":"Letn\u00e1 \u0161kola v syst\u00e9me du\u00e1lneho vzdel\u00e1vania 2022 - \u0160IOV - \u0161t\u00e1tny in\u0161tit\u00fat odborn\u00e9ho vzdel\u00e1vania","og_description":"Prin\u00e1\u0161ame V\u00e1m Usmernenie k organiz\u00e1cii a podmienkam &#8222;Letnej \u0161koly v syst\u00e9me du\u00e1lneho vzdel\u00e1vania 2022&#8220; v \u0161kolskom roku 2021\/2022. Usmernenie spolu so vzormi ozn\u00e1menia zamestn\u00e1vate\u013ea o konan\u00ed letnej \u0161koly a&nbsp; prihl\u00e1\u0161ky \u017eiaka na letn\u00fa \u0161kolu n\u00e1jdete ni\u017e\u0161ie.&nbsp; &nbsp;Usmernenie k organiz\u00e1cii a podmienkam &#8222;Letnej \u0161koly v syst\u00e9me du\u00e1lneho vzdel\u00e1vania 2022&#8220; &nbsp; &nbsp;Vzor ozn\u00e1menia zamestn\u00e1vate\u013ea o konan\u00ed letnej [&hellip;]","og_url":"https:\/\/archiv.siov.sk\/en\/letna-skola-v-systeme-dualneho-vzdelavania-2022\/","og_site_name":"\u0160IOV - \u0161t\u00e1tny in\u0161tit\u00fat odborn\u00e9ho vzdel\u00e1vania","article_publisher":"https:\/\/www.facebook.com\/Statnyinstitutodbornehovzdelavania","article_published_time":"2022-06-20T09:12:24+00:00","article_modified_time":"2022-06-20T11:17:52+00:00","og_image":[{"width":500,"height":397,"url":"https:\/\/archiv.siov.sk\/wp-content\/uploads\/2021\/11\/Dual_LogoRGB-e1637846239585.png","type":"image\/png"}],"author":"Katar\u00edna Kov\u00e1\u010dov\u00e1","twitter_card":"summary_large_image","twitter_misc":{"Written by":"Katar\u00edna Kov\u00e1\u010dov\u00e1","Estimated reading time":"1 minute"},"schema":{"@context":"https:\/\/schema.org","@graph":[{"@type":"Article","@id":"https:\/\/archiv.siov.sk\/letna-skola-v-systeme-dualneho-vzdelavania-2022\/#article","isPartOf":{"@id":"https:\/\/archiv.siov.sk\/letna-skola-v-systeme-dualneho-vzdelavania-2022\/"},"author":{"name":"Katar\u00edna Kov\u00e1\u010dov\u00e1","@id":"https:\/\/archiv.siov.sk\/#\/schema\/person\/e42d633fbd958c6a726e8834d8965e6c"},"headline":"Letn\u00e1 \u0161kola v syst\u00e9me du\u00e1lneho vzdel\u00e1vania 2022","datePublished":"2022-06-20T09:12:24+00:00","dateModified":"2022-06-20T11:17:52+00:00","mainEntityOfPage":{"@id":"https:\/\/archiv.siov.sk\/letna-skola-v-systeme-dualneho-vzdelavania-2022\/"},"wordCount":94,"publisher":{"@id":"https:\/\/archiv.siov.sk\/#organization"},"image":{"@id":"https:\/\/archiv.siov.sk\/letna-skola-v-systeme-dualneho-vzdelavania-2022\/#primaryimage"},"thumbnailUrl":"https:\/\/archiv.siov.sk\/wp-content\/uploads\/2021\/11\/Dual_LogoRGB-e1637846239585.png","articleSection":["Aktuality"],"inLanguage":"en-GB"},{"@type":"WebPage","@id":"https:\/\/archiv.siov.sk\/letna-skola-v-systeme-dualneho-vzdelavania-2022\/","url":"https:\/\/archiv.siov.sk\/letna-skola-v-systeme-dualneho-vzdelavania-2022\/","name":"Letn\u00e1 \u0161kola v syst\u00e9me du\u00e1lneho vzdel\u00e1vania 2022 - \u0160IOV - \u0161t\u00e1tny in\u0161tit\u00fat odborn\u00e9ho vzdel\u00e1vania","isPartOf":{"@id":"https:\/\/archiv.siov.sk\/#website"},"primaryImageOfPage":{"@id":"https:\/\/archiv.siov.sk\/letna-skola-v-systeme-dualneho-vzdelavania-2022\/#primaryimage"},"image":{"@id":"https:\/\/archiv.siov.sk\/letna-skola-v-systeme-dualneho-vzdelavania-2022\/#primaryimage"},"thumbnailUrl":"https:\/\/archiv.siov.sk\/wp-content\/uploads\/2021\/11\/Dual_LogoRGB-e1637846239585.png","datePublished":"2022-06-20T09:12:24+00:00","dateModified":"2022-06-20T11:17:52+00:00","breadcrumb":{"@id":"https:\/\/archiv.siov.sk\/letna-skola-v-systeme-dualneho-vzdelavania-2022\/#breadcrumb"},"inLanguage":"en-GB","potentialAction":[{"@type":"ReadAction","target":["https:\/\/archiv.siov.sk\/letna-skola-v-systeme-dualneho-vzdelavania-2022\/"]}]},{"@type":"ImageObject","inLanguage":"en-GB","@id":"https:\/\/archiv.siov.sk\/letna-skola-v-systeme-dualneho-vzdelavania-2022\/#primaryimage","url":"https:\/\/archiv.siov.sk\/wp-content\/uploads\/2021\/11\/Dual_LogoRGB-e1637846239585.png","contentUrl":"https:\/\/archiv.siov.sk\/wp-content\/uploads\/2021\/11\/Dual_LogoRGB-e1637846239585.png","width":500,"height":397},{"@type":"BreadcrumbList","@id":"https:\/\/archiv.siov.sk\/letna-skola-v-systeme-dualneho-vzdelavania-2022\/#breadcrumb","itemListElement":[{"@type":"ListItem","position":1,"name":"Home","item":"https:\/\/archiv.siov.sk\/"},{"@type":"ListItem","position":2,"name":"Letn\u00e1 \u0161kola v syst\u00e9me du\u00e1lneho vzdel\u00e1vania 2022"}]},{"@type":"WebSite","@id":"https:\/\/archiv.siov.sk\/#website","url":"https:\/\/archiv.siov.sk\/","name":"\u0160IOV - \u0161t\u00e1tny in\u0161tit\u00fat odborn\u00e9ho vzdel\u00e1vania","description":"","publisher":{"@id":"https:\/\/archiv.siov.sk\/#organization"},"potentialAction":[{"@type":"SearchAction","target":{"@type":"EntryPoint","urlTemplate":"https:\/\/archiv.siov.sk\/?s={search_term_string}"},"query-input":{"@type":"PropertyValueSpecification","valueRequired":true,"valueName":"search_term_string"}}],"inLanguage":"en-GB"},{"@type":"Organization","@id":"https:\/\/archiv.siov.sk\/#organization","name":"\u0160IOV - \u0161t\u00e1tny in\u0161tit\u00fat odborn\u00e9ho vzdel\u00e1vania","url":"https:\/\/archiv.siov.sk\/","logo":{"@type":"ImageObject","inLanguage":"en-GB","@id":"https:\/\/archiv.siov.sk\/#\/schema\/logo\/image\/","url":"https:\/\/archiv.siov.sk\/wp-content\/uploads\/2024\/02\/logo-SIOV.png","contentUrl":"https:\/\/archiv.siov.sk\/wp-content\/uploads\/2024\/02\/logo-SIOV.png","width":431,"height":143,"caption":"\u0160IOV - \u0161t\u00e1tny in\u0161tit\u00fat odborn\u00e9ho vzdel\u00e1vania"},"image":{"@id":"https:\/\/archiv.siov.sk\/#\/schema\/logo\/image\/"},"sameAs":["https:\/\/www.facebook.com\/Statnyinstitutodbornehovzdelavania"]},{"@type":"Person","@id":"https:\/\/archiv.siov.sk\/#\/schema\/person\/e42d633fbd958c6a726e8834d8965e6c","name":"Katar\u00edna Kov\u00e1\u010dov\u00e1","url":"https:\/\/archiv.siov.sk\/en\/author\/katkakovacova\/"}]}},"_links":{"self":[{"href":"https:\/\/archiv.siov.sk\/en\/wp-json\/wp\/v2\/posts\/11432","targetHints":{"allow":["GET"]}}],"collection":[{"href":"https:\/\/archiv.siov.sk\/en\/wp-json\/wp\/v2\/posts"}],"about":[{"href":"https:\/\/archiv.siov.sk\/en\/wp-json\/wp\/v2\/types\/post"}],"author":[{"embeddable":true,"href":"https:\/\/archiv.siov.sk\/en\/wp-json\/wp\/v2\/users\/6"}],"replies":[{"embeddable":true,"href":"https:\/\/archiv.siov.sk\/en\/wp-json\/wp\/v2\/comments?post=11432"}],"version-history":[{"count":7,"href":"https:\/\/archiv.siov.sk\/en\/wp-json\/wp\/v2\/posts\/11432\/revisions"}],"predecessor-version":[{"id":11442,"href":"https:\/\/archiv.siov.sk\/en\/wp-json\/wp\/v2\/posts\/11432\/revisions\/11442"}],"wp:featuredmedia":[{"embeddable":true,"href":"https:\/\/archiv.siov.sk\/en\/wp-json\/wp\/v2\/media\/10208"}],"wp:attachment":[{"href":"https:\/\/archiv.siov.sk\/en\/wp-json\/wp\/v2\/media?parent=11432"}],"wp:term":[{"taxonomy":"category","embeddable":true,"href":"https:\/\/archiv.siov.sk\/en\/wp-json\/wp\/v2\/categories?post=11432"},{"taxonomy":"post_tag","embeddable":true,"href":"https:\/\/archiv.siov.sk\/en\/wp-json\/wp\/v2\/tags?post=11432"}],"curies":[{"name":"wp","href":"https:\/\/api.w.org\/{rel}","templated":true}]}}