{"id":11415,"date":"2022-06-07T14:43:44","date_gmt":"2022-06-07T12:43:44","guid":{"rendered":"https:\/\/archiv.siov.sk\/?p=11415"},"modified":"2022-06-07T14:43:44","modified_gmt":"2022-06-07T12:43:44","slug":"druhy-rocnik-stredoskolskej-konferencie-spojeny-s-prehliadkou-odbornych-prac-mladych-talentov","status":"publish","type":"post","link":"https:\/\/archiv.siov.sk\/en\/druhy-rocnik-stredoskolskej-konferencie-spojeny-s-prehliadkou-odbornych-prac-mladych-talentov\/","title":{"rendered":"DRUH\u00dd RO\u010cN\u00cdK STREDO\u0160KOLSKEJ KONFERENCIE SPOJEN\u00dd S PREHLIADKOU  ODBORN\u00ddCH PR\u00c1C MLAD\u00ddCH TALENTOV"},"content":{"rendered":"<p style=\"text-align: justify;\">Predstavenie v\u00fdnimo\u010dn\u00fdch v\u00fdsledkov odborn\u00fdch pr\u00e1c a projektov talentovan\u00fdch \u017eiakov stredn\u00fdch \u0161k\u00f4l pokra\u010duje druh\u00fdm ro\u010dn\u00edkom pod gestorstvom \u0160t\u00e1tneho in\u0161tit\u00fatu odborn\u00e9ho vzdel\u00e1vania (\u0160IOV), podpory smerovania ml\u00e1de\u017ee. &nbsp;Pribl\u00ed\u017ei\u0165 verejnosti \u00faspechy a zauj\u00edmav\u00e9 pr\u00edbehy talentovan\u00fdch \u017eiakov na sklonku \u0161kolsk\u00e9ho roka je v\u00fdbornou pr\u00edle\u017eitos\u0165ou a zados\u0165u\u010dinen\u00fdm celoro\u010dnej pr\u00e1ce \u017eiakov a pedag\u00f3gov. Aktivita je v\u00fdpove\u010fou&nbsp; systematickej pr\u00e1ce so \u017eiakmi na \u0161kol\u00e1ch zacielenej na rozv\u00edjanie odborn\u00fdch vedomosti, zru\u010dnosti, tvorivosti a nadania \u017eiakov nie len v r\u00e1mci vyu\u010dovania, ale aj mimoriadnej z\u00e1ujmovej&nbsp; pr\u00e1ce \u017eiakov nad r\u00e1mec \u0161kolsk\u00fdch povinnost\u00ed.<\/p>\n<p style=\"text-align: justify;\">Sedemn\u00e1s\u0165 autorov odborn\u00fdch pr\u00e1c bude na konferencii, ktor\u00e1 prebehne&nbsp;<strong>16. j\u00fana 2022 od 9:00 do 12:00 <\/strong>prezentova\u0165 v\u00fdsledky vlastn\u00fdch projektov 44. ro\u010dn\u00edka Stredo\u0161kolskej odbornej \u010dinnosti (SO\u010c). &nbsp;Prostredn\u00edctvom online platformy predstavia zauj\u00edmav\u00e9 t\u00e9my, v\u00fdsledky svojich v\u00fdskumov, inovat\u00edvne n\u00e1pady, monitoringy, experimenty, origin\u00e1lne rie\u0161enia, navrhnut\u00e9 a vytvoren\u00e9 pr\u00edstroje a&nbsp;zariadenia. V\u00fdstupy mnoh\u00fdch&nbsp; projektov maj\u00fa aj praktick\u00e9 vyu\u017eitie. T\u00e9my, ktor\u00e9 \u017eiaci vo svojich projektoch rie\u0161ili s\u00fa zameran\u00e9 na pr\u00edrodovedn\u00e9, technick\u00e9, humanitn\u00e9 a&nbsp;spolo\u010densko-vedn\u00e9 odbory. Stredo\u0161kolsk\u00e1 konferencia bude pr\u00edstupn\u00e1 verejnosti na kan\u00e1li Youtube a&nbsp;jej v\u00fdstupom bude e-zborn\u00edk &nbsp;publikovan\u00fd na webe \u0160IOV.&nbsp;<\/p>\n<p style=\"text-align: justify;\">Konferencia sa uskuto\u010dn\u00ed pod Z\u00e1\u0161titou riadite\u013ea \u0160t\u00e1tneho in\u0161tit\u00fatu odborn\u00e9ho vzdel\u00e1vania Ing. Branislava Had\u00e1ra. &nbsp;Partnerom technickej podpory je Centrum vedecko-technick\u00fdch inform\u00e1ci\u00ed SR \u2013 \u0160VS Bansk\u00e1 Bystrica. Spolupr\u00e1cu na podujat\u00ed prevzala Univerzita Kon\u0161tant\u00edna filozofa, Fakulta pr\u00edrodn\u00fdch vied a&nbsp;informatiky &nbsp;v&nbsp;Nitre.<\/p>","protected":false},"excerpt":{"rendered":"<p>Predstavenie v\u00fdnimo\u010dn\u00fdch v\u00fdsledkov odborn\u00fdch pr\u00e1c a projektov talentovan\u00fdch \u017eiakov stredn\u00fdch \u0161k\u00f4l pokra\u010duje druh\u00fdm ro\u010dn\u00edkom pod gestorstvom \u0160t\u00e1tneho in\u0161tit\u00fatu odborn\u00e9ho vzdel\u00e1vania (\u0160IOV), podpory smerovania ml\u00e1de\u017ee. &nbsp;Pribl\u00ed\u017ei\u0165 verejnosti \u00faspechy a zauj\u00edmav\u00e9 pr\u00edbehy talentovan\u00fdch \u017eiakov na sklonku \u0161kolsk\u00e9ho roka je v\u00fdbornou pr\u00edle\u017eitos\u0165ou a zados\u0165u\u010dinen\u00fdm celoro\u010dnej pr\u00e1ce \u017eiakov a pedag\u00f3gov. Aktivita je v\u00fdpove\u010fou&nbsp; systematickej pr\u00e1ce so \u017eiakmi na \u0161kol\u00e1ch [&hellip;]<\/p>\n","protected":false},"author":6,"featured_media":7764,"comment_status":"closed","ping_status":"closed","sticky":false,"template":"","format":"standard","meta":{"site-sidebar-layout":"default","site-content-layout":"default","ast-site-content-layout":"default","site-content-style":"default","site-sidebar-style":"default","ast-global-header-display":"","ast-banner-title-visibility":"","ast-main-header-display":"","ast-hfb-above-header-display":"","ast-hfb-below-header-display":"","ast-hfb-mobile-header-display":"","site-post-title":"","ast-breadcrumbs-content":"","ast-featured-img":"","footer-sml-layout":"","ast-disable-related-posts":"","theme-transparent-header-meta":"default","adv-header-id-meta":"","stick-header-meta":"","header-above-stick-meta":"","header-main-stick-meta":"","header-below-stick-meta":"","astra-migrate-meta-layouts":"default","ast-page-background-enabled":"default","ast-page-background-meta":{"desktop":{"background-color":"var(--ast-global-color-4)","background-image":"","background-repeat":"repeat","background-position":"center center","background-size":"auto","background-attachment":"scroll","background-type":"","background-media":"","overlay-type":"","overlay-color":"","overlay-opacity":"","overlay-gradient":""},"tablet":{"background-color":"","background-image":"","background-repeat":"repeat","background-position":"center center","background-size":"auto","background-attachment":"scroll","background-type":"","background-media":"","overlay-type":"","overlay-color":"","overlay-opacity":"","overlay-gradient":""},"mobile":{"background-color":"","background-image":"","background-repeat":"repeat","background-position":"center center","background-size":"auto","background-attachment":"scroll","background-type":"","background-media":"","overlay-type":"","overlay-color":"","overlay-opacity":"","overlay-gradient":""}},"ast-content-background-meta":{"desktop":{"background-color":"var(--ast-global-color-5)","background-image":"","background-repeat":"repeat","background-position":"center center","background-size":"auto","background-attachment":"scroll","background-type":"","background-media":"","overlay-type":"","overlay-color":"","overlay-opacity":"","overlay-gradient":""},"tablet":{"background-color":"var(--ast-global-color-5)","background-image":"","background-repeat":"repeat","background-position":"center center","background-size":"auto","background-attachment":"scroll","background-type":"","background-media":"","overlay-type":"","overlay-color":"","overlay-opacity":"","overlay-gradient":""},"mobile":{"background-color":"var(--ast-global-color-5)","background-image":"","background-repeat":"repeat","background-position":"center center","background-size":"auto","background-attachment":"scroll","background-type":"","background-media":"","overlay-type":"","overlay-color":"","overlay-opacity":"","overlay-gradient":""}},"footnotes":""},"categories":[1],"tags":[],"class_list":["post-11415","post","type-post","status-publish","format-standard","has-post-thumbnail","hentry","category-aktuality"],"yoast_head":"<!-- This site is optimized with the Yoast SEO plugin v27.5 - https:\/\/yoast.com\/product\/yoast-seo-wordpress\/ -->\n<title>DRUH\u00dd RO\u010cN\u00cdK STREDO\u0160KOLSKEJ KONFERENCIE SPOJEN\u00dd S PREHLIADKOU ODBORN\u00ddCH PR\u00c1C MLAD\u00ddCH TALENTOV - \u0160IOV - \u0161t\u00e1tny in\u0161tit\u00fat odborn\u00e9ho vzdel\u00e1vania<\/title>\n<meta name=\"robots\" content=\"index, follow, max-snippet:-1, max-image-preview:large, max-video-preview:-1\" \/>\n<link rel=\"canonical\" href=\"https:\/\/archiv.siov.sk\/en\/druhy-rocnik-stredoskolskej-konferencie-spojeny-s-prehliadkou-odbornych-prac-mladych-talentov\/\" \/>\n<meta property=\"og:locale\" content=\"en_GB\" \/>\n<meta property=\"og:type\" content=\"article\" \/>\n<meta property=\"og:title\" content=\"DRUH\u00dd RO\u010cN\u00cdK STREDO\u0160KOLSKEJ KONFERENCIE SPOJEN\u00dd S PREHLIADKOU ODBORN\u00ddCH PR\u00c1C MLAD\u00ddCH TALENTOV - \u0160IOV - \u0161t\u00e1tny in\u0161tit\u00fat odborn\u00e9ho vzdel\u00e1vania\" \/>\n<meta property=\"og:description\" content=\"Predstavenie v\u00fdnimo\u010dn\u00fdch v\u00fdsledkov odborn\u00fdch pr\u00e1c a projektov talentovan\u00fdch \u017eiakov stredn\u00fdch \u0161k\u00f4l pokra\u010duje druh\u00fdm ro\u010dn\u00edkom pod gestorstvom \u0160t\u00e1tneho in\u0161tit\u00fatu odborn\u00e9ho vzdel\u00e1vania (\u0160IOV), podpory smerovania ml\u00e1de\u017ee. &nbsp;Pribl\u00ed\u017ei\u0165 verejnosti \u00faspechy a zauj\u00edmav\u00e9 pr\u00edbehy talentovan\u00fdch \u017eiakov na sklonku \u0161kolsk\u00e9ho roka je v\u00fdbornou pr\u00edle\u017eitos\u0165ou a zados\u0165u\u010dinen\u00fdm celoro\u010dnej pr\u00e1ce \u017eiakov a pedag\u00f3gov. Aktivita je v\u00fdpove\u010fou&nbsp; systematickej pr\u00e1ce so \u017eiakmi na \u0161kol\u00e1ch [&hellip;]\" \/>\n<meta property=\"og:url\" content=\"https:\/\/archiv.siov.sk\/en\/druhy-rocnik-stredoskolskej-konferencie-spojeny-s-prehliadkou-odbornych-prac-mladych-talentov\/\" \/>\n<meta property=\"og:site_name\" content=\"\u0160IOV - \u0161t\u00e1tny in\u0161tit\u00fat odborn\u00e9ho vzdel\u00e1vania\" \/>\n<meta property=\"article:publisher\" content=\"https:\/\/www.facebook.com\/Statnyinstitutodbornehovzdelavania\" \/>\n<meta property=\"article:published_time\" content=\"2022-06-07T12:43:44+00:00\" \/>\n<meta property=\"og:image\" content=\"https:\/\/archiv.siov.sk\/wp-content\/uploads\/2021\/05\/soc-logo-e1628065010669.jpg\" \/>\n\t<meta property=\"og:image:width\" content=\"250\" \/>\n\t<meta property=\"og:image:height\" content=\"179\" \/>\n\t<meta property=\"og:image:type\" content=\"image\/jpeg\" \/>\n<meta name=\"author\" content=\"Katar\u00edna Kov\u00e1\u010dov\u00e1\" \/>\n<meta name=\"twitter:card\" content=\"summary_large_image\" \/>\n<meta name=\"twitter:label1\" content=\"Written by\" \/>\n\t<meta name=\"twitter:data1\" content=\"Katar\u00edna Kov\u00e1\u010dov\u00e1\" \/>\n\t<meta name=\"twitter:label2\" content=\"Estimated reading time\" \/>\n\t<meta name=\"twitter:data2\" content=\"2 minutes\" \/>\n<script type=\"application\/ld+json\" class=\"yoast-schema-graph\">{\"@context\":\"https:\\\/\\\/schema.org\",\"@graph\":[{\"@type\":\"Article\",\"@id\":\"https:\\\/\\\/archiv.siov.sk\\\/druhy-rocnik-stredoskolskej-konferencie-spojeny-s-prehliadkou-odbornych-prac-mladych-talentov\\\/#article\",\"isPartOf\":{\"@id\":\"https:\\\/\\\/archiv.siov.sk\\\/druhy-rocnik-stredoskolskej-konferencie-spojeny-s-prehliadkou-odbornych-prac-mladych-talentov\\\/\"},\"author\":{\"name\":\"Katar\u00edna Kov\u00e1\u010dov\u00e1\",\"@id\":\"https:\\\/\\\/archiv.siov.sk\\\/#\\\/schema\\\/person\\\/e42d633fbd958c6a726e8834d8965e6c\"},\"headline\":\"DRUH\u00dd RO\u010cN\u00cdK STREDO\u0160KOLSKEJ KONFERENCIE SPOJEN\u00dd S PREHLIADKOU ODBORN\u00ddCH PR\u00c1C MLAD\u00ddCH TALENTOV\",\"datePublished\":\"2022-06-07T12:43:44+00:00\",\"mainEntityOfPage\":{\"@id\":\"https:\\\/\\\/archiv.siov.sk\\\/druhy-rocnik-stredoskolskej-konferencie-spojeny-s-prehliadkou-odbornych-prac-mladych-talentov\\\/\"},\"wordCount\":327,\"publisher\":{\"@id\":\"https:\\\/\\\/archiv.siov.sk\\\/#organization\"},\"image\":{\"@id\":\"https:\\\/\\\/archiv.siov.sk\\\/druhy-rocnik-stredoskolskej-konferencie-spojeny-s-prehliadkou-odbornych-prac-mladych-talentov\\\/#primaryimage\"},\"thumbnailUrl\":\"https:\\\/\\\/archiv.siov.sk\\\/wp-content\\\/uploads\\\/2021\\\/05\\\/soc-logo-e1628065010669.jpg\",\"articleSection\":[\"Aktuality\"],\"inLanguage\":\"en-GB\"},{\"@type\":\"WebPage\",\"@id\":\"https:\\\/\\\/archiv.siov.sk\\\/druhy-rocnik-stredoskolskej-konferencie-spojeny-s-prehliadkou-odbornych-prac-mladych-talentov\\\/\",\"url\":\"https:\\\/\\\/archiv.siov.sk\\\/druhy-rocnik-stredoskolskej-konferencie-spojeny-s-prehliadkou-odbornych-prac-mladych-talentov\\\/\",\"name\":\"DRUH\u00dd RO\u010cN\u00cdK STREDO\u0160KOLSKEJ KONFERENCIE SPOJEN\u00dd S PREHLIADKOU ODBORN\u00ddCH PR\u00c1C MLAD\u00ddCH TALENTOV - \u0160IOV - \u0161t\u00e1tny in\u0161tit\u00fat odborn\u00e9ho vzdel\u00e1vania\",\"isPartOf\":{\"@id\":\"https:\\\/\\\/archiv.siov.sk\\\/#website\"},\"primaryImageOfPage\":{\"@id\":\"https:\\\/\\\/archiv.siov.sk\\\/druhy-rocnik-stredoskolskej-konferencie-spojeny-s-prehliadkou-odbornych-prac-mladych-talentov\\\/#primaryimage\"},\"image\":{\"@id\":\"https:\\\/\\\/archiv.siov.sk\\\/druhy-rocnik-stredoskolskej-konferencie-spojeny-s-prehliadkou-odbornych-prac-mladych-talentov\\\/#primaryimage\"},\"thumbnailUrl\":\"https:\\\/\\\/archiv.siov.sk\\\/wp-content\\\/uploads\\\/2021\\\/05\\\/soc-logo-e1628065010669.jpg\",\"datePublished\":\"2022-06-07T12:43:44+00:00\",\"breadcrumb\":{\"@id\":\"https:\\\/\\\/archiv.siov.sk\\\/druhy-rocnik-stredoskolskej-konferencie-spojeny-s-prehliadkou-odbornych-prac-mladych-talentov\\\/#breadcrumb\"},\"inLanguage\":\"en-GB\",\"potentialAction\":[{\"@type\":\"ReadAction\",\"target\":[\"https:\\\/\\\/archiv.siov.sk\\\/druhy-rocnik-stredoskolskej-konferencie-spojeny-s-prehliadkou-odbornych-prac-mladych-talentov\\\/\"]}]},{\"@type\":\"ImageObject\",\"inLanguage\":\"en-GB\",\"@id\":\"https:\\\/\\\/archiv.siov.sk\\\/druhy-rocnik-stredoskolskej-konferencie-spojeny-s-prehliadkou-odbornych-prac-mladych-talentov\\\/#primaryimage\",\"url\":\"https:\\\/\\\/archiv.siov.sk\\\/wp-content\\\/uploads\\\/2021\\\/05\\\/soc-logo-e1628065010669.jpg\",\"contentUrl\":\"https:\\\/\\\/archiv.siov.sk\\\/wp-content\\\/uploads\\\/2021\\\/05\\\/soc-logo-e1628065010669.jpg\",\"width\":250,\"height\":179},{\"@type\":\"BreadcrumbList\",\"@id\":\"https:\\\/\\\/archiv.siov.sk\\\/druhy-rocnik-stredoskolskej-konferencie-spojeny-s-prehliadkou-odbornych-prac-mladych-talentov\\\/#breadcrumb\",\"itemListElement\":[{\"@type\":\"ListItem\",\"position\":1,\"name\":\"Home\",\"item\":\"https:\\\/\\\/archiv.siov.sk\\\/\"},{\"@type\":\"ListItem\",\"position\":2,\"name\":\"DRUH\u00dd RO\u010cN\u00cdK STREDO\u0160KOLSKEJ KONFERENCIE SPOJEN\u00dd S PREHLIADKOU ODBORN\u00ddCH PR\u00c1C MLAD\u00ddCH TALENTOV\"}]},{\"@type\":\"WebSite\",\"@id\":\"https:\\\/\\\/archiv.siov.sk\\\/#website\",\"url\":\"https:\\\/\\\/archiv.siov.sk\\\/\",\"name\":\"\u0160IOV - \u0161t\u00e1tny in\u0161tit\u00fat odborn\u00e9ho vzdel\u00e1vania\",\"description\":\"\",\"publisher\":{\"@id\":\"https:\\\/\\\/archiv.siov.sk\\\/#organization\"},\"potentialAction\":[{\"@type\":\"SearchAction\",\"target\":{\"@type\":\"EntryPoint\",\"urlTemplate\":\"https:\\\/\\\/archiv.siov.sk\\\/?s={search_term_string}\"},\"query-input\":{\"@type\":\"PropertyValueSpecification\",\"valueRequired\":true,\"valueName\":\"search_term_string\"}}],\"inLanguage\":\"en-GB\"},{\"@type\":\"Organization\",\"@id\":\"https:\\\/\\\/archiv.siov.sk\\\/#organization\",\"name\":\"\u0160IOV - \u0161t\u00e1tny in\u0161tit\u00fat odborn\u00e9ho vzdel\u00e1vania\",\"url\":\"https:\\\/\\\/archiv.siov.sk\\\/\",\"logo\":{\"@type\":\"ImageObject\",\"inLanguage\":\"en-GB\",\"@id\":\"https:\\\/\\\/archiv.siov.sk\\\/#\\\/schema\\\/logo\\\/image\\\/\",\"url\":\"https:\\\/\\\/archiv.siov.sk\\\/wp-content\\\/uploads\\\/2024\\\/02\\\/logo-SIOV.png\",\"contentUrl\":\"https:\\\/\\\/archiv.siov.sk\\\/wp-content\\\/uploads\\\/2024\\\/02\\\/logo-SIOV.png\",\"width\":431,\"height\":143,\"caption\":\"\u0160IOV - \u0161t\u00e1tny in\u0161tit\u00fat odborn\u00e9ho vzdel\u00e1vania\"},\"image\":{\"@id\":\"https:\\\/\\\/archiv.siov.sk\\\/#\\\/schema\\\/logo\\\/image\\\/\"},\"sameAs\":[\"https:\\\/\\\/www.facebook.com\\\/Statnyinstitutodbornehovzdelavania\"]},{\"@type\":\"Person\",\"@id\":\"https:\\\/\\\/archiv.siov.sk\\\/#\\\/schema\\\/person\\\/e42d633fbd958c6a726e8834d8965e6c\",\"name\":\"Katar\u00edna Kov\u00e1\u010dov\u00e1\",\"url\":\"https:\\\/\\\/archiv.siov.sk\\\/en\\\/author\\\/katkakovacova\\\/\"}]}<\/script>\n<!-- \/ Yoast SEO plugin. -->","yoast_head_json":{"title":"DRUH\u00dd RO\u010cN\u00cdK STREDO\u0160KOLSKEJ KONFERENCIE SPOJEN\u00dd S PREHLIADKOU ODBORN\u00ddCH PR\u00c1C MLAD\u00ddCH TALENTOV - \u0160IOV - \u0161t\u00e1tny in\u0161tit\u00fat odborn\u00e9ho vzdel\u00e1vania","robots":{"index":"index","follow":"follow","max-snippet":"max-snippet:-1","max-image-preview":"max-image-preview:large","max-video-preview":"max-video-preview:-1"},"canonical":"https:\/\/archiv.siov.sk\/en\/druhy-rocnik-stredoskolskej-konferencie-spojeny-s-prehliadkou-odbornych-prac-mladych-talentov\/","og_locale":"en_GB","og_type":"article","og_title":"DRUH\u00dd RO\u010cN\u00cdK STREDO\u0160KOLSKEJ KONFERENCIE SPOJEN\u00dd S PREHLIADKOU ODBORN\u00ddCH PR\u00c1C MLAD\u00ddCH TALENTOV - \u0160IOV - \u0161t\u00e1tny in\u0161tit\u00fat odborn\u00e9ho vzdel\u00e1vania","og_description":"Predstavenie v\u00fdnimo\u010dn\u00fdch v\u00fdsledkov odborn\u00fdch pr\u00e1c a projektov talentovan\u00fdch \u017eiakov stredn\u00fdch \u0161k\u00f4l pokra\u010duje druh\u00fdm ro\u010dn\u00edkom pod gestorstvom \u0160t\u00e1tneho in\u0161tit\u00fatu odborn\u00e9ho vzdel\u00e1vania (\u0160IOV), podpory smerovania ml\u00e1de\u017ee. &nbsp;Pribl\u00ed\u017ei\u0165 verejnosti \u00faspechy a zauj\u00edmav\u00e9 pr\u00edbehy talentovan\u00fdch \u017eiakov na sklonku \u0161kolsk\u00e9ho roka je v\u00fdbornou pr\u00edle\u017eitos\u0165ou a zados\u0165u\u010dinen\u00fdm celoro\u010dnej pr\u00e1ce \u017eiakov a pedag\u00f3gov. Aktivita je v\u00fdpove\u010fou&nbsp; systematickej pr\u00e1ce so \u017eiakmi na \u0161kol\u00e1ch [&hellip;]","og_url":"https:\/\/archiv.siov.sk\/en\/druhy-rocnik-stredoskolskej-konferencie-spojeny-s-prehliadkou-odbornych-prac-mladych-talentov\/","og_site_name":"\u0160IOV - \u0161t\u00e1tny in\u0161tit\u00fat odborn\u00e9ho vzdel\u00e1vania","article_publisher":"https:\/\/www.facebook.com\/Statnyinstitutodbornehovzdelavania","article_published_time":"2022-06-07T12:43:44+00:00","og_image":[{"width":250,"height":179,"url":"https:\/\/archiv.siov.sk\/wp-content\/uploads\/2021\/05\/soc-logo-e1628065010669.jpg","type":"image\/jpeg"}],"author":"Katar\u00edna Kov\u00e1\u010dov\u00e1","twitter_card":"summary_large_image","twitter_misc":{"Written by":"Katar\u00edna Kov\u00e1\u010dov\u00e1","Estimated reading time":"2 minutes"},"schema":{"@context":"https:\/\/schema.org","@graph":[{"@type":"Article","@id":"https:\/\/archiv.siov.sk\/druhy-rocnik-stredoskolskej-konferencie-spojeny-s-prehliadkou-odbornych-prac-mladych-talentov\/#article","isPartOf":{"@id":"https:\/\/archiv.siov.sk\/druhy-rocnik-stredoskolskej-konferencie-spojeny-s-prehliadkou-odbornych-prac-mladych-talentov\/"},"author":{"name":"Katar\u00edna Kov\u00e1\u010dov\u00e1","@id":"https:\/\/archiv.siov.sk\/#\/schema\/person\/e42d633fbd958c6a726e8834d8965e6c"},"headline":"DRUH\u00dd RO\u010cN\u00cdK STREDO\u0160KOLSKEJ KONFERENCIE SPOJEN\u00dd S PREHLIADKOU ODBORN\u00ddCH PR\u00c1C MLAD\u00ddCH TALENTOV","datePublished":"2022-06-07T12:43:44+00:00","mainEntityOfPage":{"@id":"https:\/\/archiv.siov.sk\/druhy-rocnik-stredoskolskej-konferencie-spojeny-s-prehliadkou-odbornych-prac-mladych-talentov\/"},"wordCount":327,"publisher":{"@id":"https:\/\/archiv.siov.sk\/#organization"},"image":{"@id":"https:\/\/archiv.siov.sk\/druhy-rocnik-stredoskolskej-konferencie-spojeny-s-prehliadkou-odbornych-prac-mladych-talentov\/#primaryimage"},"thumbnailUrl":"https:\/\/archiv.siov.sk\/wp-content\/uploads\/2021\/05\/soc-logo-e1628065010669.jpg","articleSection":["Aktuality"],"inLanguage":"en-GB"},{"@type":"WebPage","@id":"https:\/\/archiv.siov.sk\/druhy-rocnik-stredoskolskej-konferencie-spojeny-s-prehliadkou-odbornych-prac-mladych-talentov\/","url":"https:\/\/archiv.siov.sk\/druhy-rocnik-stredoskolskej-konferencie-spojeny-s-prehliadkou-odbornych-prac-mladych-talentov\/","name":"DRUH\u00dd RO\u010cN\u00cdK STREDO\u0160KOLSKEJ KONFERENCIE SPOJEN\u00dd S PREHLIADKOU ODBORN\u00ddCH PR\u00c1C MLAD\u00ddCH TALENTOV - \u0160IOV - \u0161t\u00e1tny in\u0161tit\u00fat odborn\u00e9ho vzdel\u00e1vania","isPartOf":{"@id":"https:\/\/archiv.siov.sk\/#website"},"primaryImageOfPage":{"@id":"https:\/\/archiv.siov.sk\/druhy-rocnik-stredoskolskej-konferencie-spojeny-s-prehliadkou-odbornych-prac-mladych-talentov\/#primaryimage"},"image":{"@id":"https:\/\/archiv.siov.sk\/druhy-rocnik-stredoskolskej-konferencie-spojeny-s-prehliadkou-odbornych-prac-mladych-talentov\/#primaryimage"},"thumbnailUrl":"https:\/\/archiv.siov.sk\/wp-content\/uploads\/2021\/05\/soc-logo-e1628065010669.jpg","datePublished":"2022-06-07T12:43:44+00:00","breadcrumb":{"@id":"https:\/\/archiv.siov.sk\/druhy-rocnik-stredoskolskej-konferencie-spojeny-s-prehliadkou-odbornych-prac-mladych-talentov\/#breadcrumb"},"inLanguage":"en-GB","potentialAction":[{"@type":"ReadAction","target":["https:\/\/archiv.siov.sk\/druhy-rocnik-stredoskolskej-konferencie-spojeny-s-prehliadkou-odbornych-prac-mladych-talentov\/"]}]},{"@type":"ImageObject","inLanguage":"en-GB","@id":"https:\/\/archiv.siov.sk\/druhy-rocnik-stredoskolskej-konferencie-spojeny-s-prehliadkou-odbornych-prac-mladych-talentov\/#primaryimage","url":"https:\/\/archiv.siov.sk\/wp-content\/uploads\/2021\/05\/soc-logo-e1628065010669.jpg","contentUrl":"https:\/\/archiv.siov.sk\/wp-content\/uploads\/2021\/05\/soc-logo-e1628065010669.jpg","width":250,"height":179},{"@type":"BreadcrumbList","@id":"https:\/\/archiv.siov.sk\/druhy-rocnik-stredoskolskej-konferencie-spojeny-s-prehliadkou-odbornych-prac-mladych-talentov\/#breadcrumb","itemListElement":[{"@type":"ListItem","position":1,"name":"Home","item":"https:\/\/archiv.siov.sk\/"},{"@type":"ListItem","position":2,"name":"DRUH\u00dd RO\u010cN\u00cdK STREDO\u0160KOLSKEJ KONFERENCIE SPOJEN\u00dd S PREHLIADKOU ODBORN\u00ddCH PR\u00c1C MLAD\u00ddCH TALENTOV"}]},{"@type":"WebSite","@id":"https:\/\/archiv.siov.sk\/#website","url":"https:\/\/archiv.siov.sk\/","name":"\u0160IOV - \u0161t\u00e1tny in\u0161tit\u00fat odborn\u00e9ho vzdel\u00e1vania","description":"","publisher":{"@id":"https:\/\/archiv.siov.sk\/#organization"},"potentialAction":[{"@type":"SearchAction","target":{"@type":"EntryPoint","urlTemplate":"https:\/\/archiv.siov.sk\/?s={search_term_string}"},"query-input":{"@type":"PropertyValueSpecification","valueRequired":true,"valueName":"search_term_string"}}],"inLanguage":"en-GB"},{"@type":"Organization","@id":"https:\/\/archiv.siov.sk\/#organization","name":"\u0160IOV - \u0161t\u00e1tny in\u0161tit\u00fat odborn\u00e9ho vzdel\u00e1vania","url":"https:\/\/archiv.siov.sk\/","logo":{"@type":"ImageObject","inLanguage":"en-GB","@id":"https:\/\/archiv.siov.sk\/#\/schema\/logo\/image\/","url":"https:\/\/archiv.siov.sk\/wp-content\/uploads\/2024\/02\/logo-SIOV.png","contentUrl":"https:\/\/archiv.siov.sk\/wp-content\/uploads\/2024\/02\/logo-SIOV.png","width":431,"height":143,"caption":"\u0160IOV - \u0161t\u00e1tny in\u0161tit\u00fat odborn\u00e9ho vzdel\u00e1vania"},"image":{"@id":"https:\/\/archiv.siov.sk\/#\/schema\/logo\/image\/"},"sameAs":["https:\/\/www.facebook.com\/Statnyinstitutodbornehovzdelavania"]},{"@type":"Person","@id":"https:\/\/archiv.siov.sk\/#\/schema\/person\/e42d633fbd958c6a726e8834d8965e6c","name":"Katar\u00edna Kov\u00e1\u010dov\u00e1","url":"https:\/\/archiv.siov.sk\/en\/author\/katkakovacova\/"}]}},"_links":{"self":[{"href":"https:\/\/archiv.siov.sk\/en\/wp-json\/wp\/v2\/posts\/11415","targetHints":{"allow":["GET"]}}],"collection":[{"href":"https:\/\/archiv.siov.sk\/en\/wp-json\/wp\/v2\/posts"}],"about":[{"href":"https:\/\/archiv.siov.sk\/en\/wp-json\/wp\/v2\/types\/post"}],"author":[{"embeddable":true,"href":"https:\/\/archiv.siov.sk\/en\/wp-json\/wp\/v2\/users\/6"}],"replies":[{"embeddable":true,"href":"https:\/\/archiv.siov.sk\/en\/wp-json\/wp\/v2\/comments?post=11415"}],"version-history":[{"count":2,"href":"https:\/\/archiv.siov.sk\/en\/wp-json\/wp\/v2\/posts\/11415\/revisions"}],"predecessor-version":[{"id":11417,"href":"https:\/\/archiv.siov.sk\/en\/wp-json\/wp\/v2\/posts\/11415\/revisions\/11417"}],"wp:featuredmedia":[{"embeddable":true,"href":"https:\/\/archiv.siov.sk\/en\/wp-json\/wp\/v2\/media\/7764"}],"wp:attachment":[{"href":"https:\/\/archiv.siov.sk\/en\/wp-json\/wp\/v2\/media?parent=11415"}],"wp:term":[{"taxonomy":"category","embeddable":true,"href":"https:\/\/archiv.siov.sk\/en\/wp-json\/wp\/v2\/categories?post=11415"},{"taxonomy":"post_tag","embeddable":true,"href":"https:\/\/archiv.siov.sk\/en\/wp-json\/wp\/v2\/tags?post=11415"}],"curies":[{"name":"wp","href":"https:\/\/api.w.org\/{rel}","templated":true}]}}