{"id":11396,"date":"2022-05-31T09:34:07","date_gmt":"2022-05-31T07:34:07","guid":{"rendered":"https:\/\/archiv.siov.sk\/?p=11396"},"modified":"2022-05-31T09:34:46","modified_gmt":"2022-05-31T07:34:46","slug":"narodny-koordinator-europskeho-programu-vo-vzdelavani-dospelych-okruhle-stoly","status":"publish","type":"post","link":"https:\/\/archiv.siov.sk\/en\/narodny-koordinator-europskeho-programu-vo-vzdelavani-dospelych-okruhle-stoly\/","title":{"rendered":"N\u00e1rodn\u00fd koordin\u00e1tor Eur\u00f3pskeho programu vo vzdel\u00e1van\u00ed dospel\u00fdch Okr\u00fahle stoly"},"content":{"rendered":"<p style=\"text-align: justify;\">Zru\u010dnosti a kompetencie pre \u017eivot s\u00fa s\u00fa\u010das\u0165ou v\u00fdbavy jednotlivca na to, aby \u013eah\u0161ie dok\u00e1zal reagova\u0165 na zmeny a probl\u00e9my v dynamike s\u00fa\u010dasnej spolo\u010dnosti. Po\u010fte sa s&nbsp;nami rozpr\u00e1va\u0165 na t\u00e9mu zru\u010dnost\u00ed pre \u017eivot, \u010do znamenaj\u00fa, ako je ich rozvoj podporovan\u00fd a&nbsp;kde m\u00f4\u017eeme prispie\u0165 k&nbsp;zmene!<br \/>\n&nbsp;<br \/>\n<a href=\"https:\/\/www.facebook.com\/hashtag\/%C5%A1iov?__eep__=6&amp;__cft__%5b0%5d=AZVm4bXC_ytXHIeyl2RpShO-T29MtGMQ8cE251vfBoPa7eFbU7qvRY25weKpmUznWv7EHf9OiCRoUnEB5jtiAyZV9YFFy8KJdHbx_ZJYKmIXkmEZDav1el8oliwX-CMqA6gh2sdR60kdoZyt3YOCjLHr9rNjgXhvzYAWWK51YYeBpg&amp;__tn__=*NK-R\">\u0160IOV<\/a><a href=\"https:\/\/archiv.siov.sk\/en\/\">&nbsp;<\/a>ako&nbsp;<strong>N\u00e1rodn\u00fd koordin\u00e1tor Eur\u00f3pskeho programu v oblasti vzdel\u00e1vania dospel\u00fdch<\/strong>&nbsp;realizuje prieskum ponuky vzdel\u00e1vac\u00edch mo\u017enost\u00ed a poskytovate\u013eov neform\u00e1lneho vzdel\u00e1vania pre dospel\u00fdch s cie\u013eom lep\u0161ieho nastavenia verejn\u00fdch polit\u00edk. A\u017e do konca septembra sa budeme stret\u00e1va\u0165 v r\u00f4znych \u010dastiach Slovenska a diskutova\u0165 o potreb\u00e1ch a mo\u017en\u00fdch intervenci\u00e1ch v tejto oblasti.<br \/>\n&nbsp;<br \/>\n\u017divotn\u00e9 zru\u010dnosti na \u00fa\u010dely tohto prieskumu predstavuj\u00fa:<\/p>\n<ul>\n<li>digit\u00e1lne zru\u010dnosti,<\/li>\n<li>medi\u00e1lna gramotnos\u0165 a kritick\u00e9 myslenie,<\/li>\n<li>ob\u010dianske zru\u010dnosti,<\/li>\n<li>finan\u010dn\u00e1 gramotnos\u0165,<\/li>\n<li>environment\u00e1lna gramotnos\u0165,<\/li>\n<li>zdravotn\u00e1 gramotnos\u0165.<\/li>\n<\/ul>\n<p>&nbsp;<strong>Term\u00edny okr\u00fahlych stolov:<\/strong><\/p>\n<p><strong style=\"font-size: 16px;\">6. 6.&nbsp; 2022 o 14:00 hod., AINova<\/strong>, <strong><span style=\"font-size: 16px;\">Prostredn\u00e1 47\/A, Sv\u00e4t\u00fd Jur<\/span><\/strong><\/p>\n<p><a href=\"https:\/\/docs.google.com\/forms\/d\/16bbC7XYPwodQmdlgWlXugLgEPWlHfpICYw0_Uc2E48Q\/edit\">Registr\u00e1cia<\/a><\/p>\n<p><strong>15. 6. 2022 o 14:00 hod., Budova \u017dilinsk\u00e9ho samospr\u00e1vneho kraja, Komensk\u00e9ho 48, \u017dilina<\/strong><br \/>\n<a href=\"https:\/\/docs.google.com\/forms\/d\/e\/1FAIpQLSc8B5BQh1hpLi9lKjYhqLsWuT3IMZnWRI__XBZ-pkxp_ee3pw\/viewform\">Registr\u00e1cia<\/a><\/p>\n<p><strong>28.6.&nbsp;&nbsp;2022 o 14:00 hod., \u0160t\u00e1tna vedeck\u00e1 kni\u017enica, Ko\u0161ice<\/strong><\/p>\n<p><a href=\"https:\/\/forms.gle\/Li5SN8yanSLHgtcm9\">Registr\u00e1cia<\/a><\/p>\n<p style=\"text-align: justify;\"><strong>29.6. 2022, 10:00 hod., Kult\u00farno-kreat\u00edvne centrum Kl\u00e1\u0161tor, Betliarska 74\/2, Ro\u017e\u0148ava<\/strong><br \/>\n<a href=\"https:\/\/docs.google.com\/forms\/d\/e\/1FAIpQLSd4yP7zIe6SqjtLxnTmfyEFDY8Xinqlzpl-NTJ3bTXMzoJOcw\/viewform\">Registr\u00e1cia<\/a><\/p>\n<p>\u010eal\u0161ie term\u00edny budeme priebe\u017ene dop\u013a\u0148a\u0165 na na\u0161ej webovej str\u00e1nke:&nbsp;<a href=\"http:\/\/zakladnezrucnosti.sk\/\">www.zrucnostiprezivot.sk<\/a>a&nbsp;FB str\u00e1nke:&nbsp;<a href=\"https:\/\/www.facebook.com\/czvsr\">Celo\u017eivotn\u00e9 vzdel\u00e1vanie v SR | Facebook<\/a><br \/>\n&nbsp;<br \/>\nV pr\u00edpade, \u017ee V\u00e1m zatia\u013e ani jeden z&nbsp;d\u00e1tumov nevyhovuje, ale m\u00e1te z\u00e1ujem z\u00fa\u010dastni\u0165 sa, dajte n\u00e1m o&nbsp;sebe vedie\u0165&nbsp;<a href=\"https:\/\/docs.google.com\/forms\/d\/e\/1FAIpQLSf9_LR385regyx6xWLqYlMktelg3AUDJEpDlMwQukNMzIb8yg\/viewform\">registr\u00e1ciou<\/a>&nbsp;a&nbsp;my V\u00e1m po\u0161leme pozv\u00e1nku.<br \/>\n&nbsp;<\/p>\n<p>&nbsp;<\/p>","protected":false},"excerpt":{"rendered":"<p>Zru\u010dnosti a kompetencie pre \u017eivot s\u00fa s\u00fa\u010das\u0165ou v\u00fdbavy jednotlivca na to, aby \u013eah\u0161ie dok\u00e1zal reagova\u0165 na zmeny a probl\u00e9my v dynamike s\u00fa\u010dasnej spolo\u010dnosti. Po\u010fte sa s&nbsp;nami rozpr\u00e1va\u0165 na t\u00e9mu zru\u010dnost\u00ed pre \u017eivot, \u010do znamenaj\u00fa, ako je ich rozvoj podporovan\u00fd a&nbsp;kde m\u00f4\u017eeme prispie\u0165 k&nbsp;zmene! &nbsp; \u0160IOV&nbsp;ako&nbsp;N\u00e1rodn\u00fd koordin\u00e1tor Eur\u00f3pskeho programu v oblasti vzdel\u00e1vania dospel\u00fdch&nbsp;realizuje prieskum ponuky vzdel\u00e1vac\u00edch [&hellip;]<\/p>\n","protected":false},"author":6,"featured_media":11398,"comment_status":"closed","ping_status":"closed","sticky":false,"template":"","format":"standard","meta":{"site-sidebar-layout":"default","site-content-layout":"default","ast-site-content-layout":"default","site-content-style":"default","site-sidebar-style":"default","ast-global-header-display":"","ast-banner-title-visibility":"","ast-main-header-display":"","ast-hfb-above-header-display":"","ast-hfb-below-header-display":"","ast-hfb-mobile-header-display":"","site-post-title":"","ast-breadcrumbs-content":"","ast-featured-img":"","footer-sml-layout":"","ast-disable-related-posts":"","theme-transparent-header-meta":"default","adv-header-id-meta":"","stick-header-meta":"","header-above-stick-meta":"","header-main-stick-meta":"","header-below-stick-meta":"","astra-migrate-meta-layouts":"default","ast-page-background-enabled":"default","ast-page-background-meta":{"desktop":{"background-color":"var(--ast-global-color-4)","background-image":"","background-repeat":"repeat","background-position":"center center","background-size":"auto","background-attachment":"scroll","background-type":"","background-media":"","overlay-type":"","overlay-color":"","overlay-opacity":"","overlay-gradient":""},"tablet":{"background-color":"","background-image":"","background-repeat":"repeat","background-position":"center center","background-size":"auto","background-attachment":"scroll","background-type":"","background-media":"","overlay-type":"","overlay-color":"","overlay-opacity":"","overlay-gradient":""},"mobile":{"background-color":"","background-image":"","background-repeat":"repeat","background-position":"center center","background-size":"auto","background-attachment":"scroll","background-type":"","background-media":"","overlay-type":"","overlay-color":"","overlay-opacity":"","overlay-gradient":""}},"ast-content-background-meta":{"desktop":{"background-color":"var(--ast-global-color-5)","background-image":"","background-repeat":"repeat","background-position":"center center","background-size":"auto","background-attachment":"scroll","background-type":"","background-media":"","overlay-type":"","overlay-color":"","overlay-opacity":"","overlay-gradient":""},"tablet":{"background-color":"var(--ast-global-color-5)","background-image":"","background-repeat":"repeat","background-position":"center center","background-size":"auto","background-attachment":"scroll","background-type":"","background-media":"","overlay-type":"","overlay-color":"","overlay-opacity":"","overlay-gradient":""},"mobile":{"background-color":"var(--ast-global-color-5)","background-image":"","background-repeat":"repeat","background-position":"center center","background-size":"auto","background-attachment":"scroll","background-type":"","background-media":"","overlay-type":"","overlay-color":"","overlay-opacity":"","overlay-gradient":""}},"footnotes":""},"categories":[1],"tags":[],"class_list":["post-11396","post","type-post","status-publish","format-standard","has-post-thumbnail","hentry","category-aktuality"],"yoast_head":"<!-- This site is optimized with the Yoast SEO plugin v27.5 - https:\/\/yoast.com\/product\/yoast-seo-wordpress\/ -->\n<title>N\u00e1rodn\u00fd koordin\u00e1tor Eur\u00f3pskeho programu vo vzdel\u00e1van\u00ed dospel\u00fdch Okr\u00fahle stoly - \u0160IOV - \u0161t\u00e1tny in\u0161tit\u00fat odborn\u00e9ho vzdel\u00e1vania<\/title>\n<meta name=\"robots\" content=\"index, follow, max-snippet:-1, max-image-preview:large, max-video-preview:-1\" \/>\n<link rel=\"canonical\" href=\"https:\/\/archiv.siov.sk\/en\/narodny-koordinator-europskeho-programu-vo-vzdelavani-dospelych-okruhle-stoly\/\" \/>\n<meta property=\"og:locale\" content=\"en_GB\" \/>\n<meta property=\"og:type\" content=\"article\" \/>\n<meta property=\"og:title\" content=\"N\u00e1rodn\u00fd koordin\u00e1tor Eur\u00f3pskeho programu vo vzdel\u00e1van\u00ed dospel\u00fdch Okr\u00fahle stoly - \u0160IOV - \u0161t\u00e1tny in\u0161tit\u00fat odborn\u00e9ho vzdel\u00e1vania\" \/>\n<meta property=\"og:description\" content=\"Zru\u010dnosti a kompetencie pre \u017eivot s\u00fa s\u00fa\u010das\u0165ou v\u00fdbavy jednotlivca na to, aby \u013eah\u0161ie dok\u00e1zal reagova\u0165 na zmeny a probl\u00e9my v dynamike s\u00fa\u010dasnej spolo\u010dnosti. Po\u010fte sa s&nbsp;nami rozpr\u00e1va\u0165 na t\u00e9mu zru\u010dnost\u00ed pre \u017eivot, \u010do znamenaj\u00fa, ako je ich rozvoj podporovan\u00fd a&nbsp;kde m\u00f4\u017eeme prispie\u0165 k&nbsp;zmene! &nbsp; \u0160IOV&nbsp;ako&nbsp;N\u00e1rodn\u00fd koordin\u00e1tor Eur\u00f3pskeho programu v oblasti vzdel\u00e1vania dospel\u00fdch&nbsp;realizuje prieskum ponuky vzdel\u00e1vac\u00edch [&hellip;]\" \/>\n<meta property=\"og:url\" content=\"https:\/\/archiv.siov.sk\/en\/narodny-koordinator-europskeho-programu-vo-vzdelavani-dospelych-okruhle-stoly\/\" \/>\n<meta property=\"og:site_name\" content=\"\u0160IOV - \u0161t\u00e1tny in\u0161tit\u00fat odborn\u00e9ho vzdel\u00e1vania\" \/>\n<meta property=\"article:publisher\" content=\"https:\/\/www.facebook.com\/Statnyinstitutodbornehovzdelavania\" \/>\n<meta property=\"article:published_time\" content=\"2022-05-31T07:34:07+00:00\" \/>\n<meta property=\"article:modified_time\" content=\"2022-05-31T07:34:46+00:00\" \/>\n<meta property=\"og:image\" content=\"https:\/\/archiv.siov.sk\/wp-content\/uploads\/2022\/05\/okruhle-stoly.jpg\" \/>\n\t<meta property=\"og:image:width\" content=\"1000\" \/>\n\t<meta property=\"og:image:height\" content=\"667\" \/>\n\t<meta property=\"og:image:type\" content=\"image\/jpeg\" \/>\n<meta name=\"author\" content=\"Katar\u00edna Kov\u00e1\u010dov\u00e1\" \/>\n<meta name=\"twitter:card\" content=\"summary_large_image\" \/>\n<meta name=\"twitter:label1\" content=\"Written by\" \/>\n\t<meta name=\"twitter:data1\" content=\"Katar\u00edna Kov\u00e1\u010dov\u00e1\" \/>\n\t<meta name=\"twitter:label2\" content=\"Estimated reading time\" \/>\n\t<meta name=\"twitter:data2\" content=\"2 minutes\" \/>\n<script type=\"application\/ld+json\" class=\"yoast-schema-graph\">{\"@context\":\"https:\\\/\\\/schema.org\",\"@graph\":[{\"@type\":\"Article\",\"@id\":\"https:\\\/\\\/archiv.siov.sk\\\/narodny-koordinator-europskeho-programu-vo-vzdelavani-dospelych-okruhle-stoly\\\/#article\",\"isPartOf\":{\"@id\":\"https:\\\/\\\/archiv.siov.sk\\\/narodny-koordinator-europskeho-programu-vo-vzdelavani-dospelych-okruhle-stoly\\\/\"},\"author\":{\"name\":\"Katar\u00edna Kov\u00e1\u010dov\u00e1\",\"@id\":\"https:\\\/\\\/archiv.siov.sk\\\/#\\\/schema\\\/person\\\/e42d633fbd958c6a726e8834d8965e6c\"},\"headline\":\"N\u00e1rodn\u00fd koordin\u00e1tor Eur\u00f3pskeho programu vo vzdel\u00e1van\u00ed dospel\u00fdch Okr\u00fahle stoly\",\"datePublished\":\"2022-05-31T07:34:07+00:00\",\"dateModified\":\"2022-05-31T07:34:46+00:00\",\"mainEntityOfPage\":{\"@id\":\"https:\\\/\\\/archiv.siov.sk\\\/narodny-koordinator-europskeho-programu-vo-vzdelavani-dospelych-okruhle-stoly\\\/\"},\"wordCount\":314,\"publisher\":{\"@id\":\"https:\\\/\\\/archiv.siov.sk\\\/#organization\"},\"image\":{\"@id\":\"https:\\\/\\\/archiv.siov.sk\\\/narodny-koordinator-europskeho-programu-vo-vzdelavani-dospelych-okruhle-stoly\\\/#primaryimage\"},\"thumbnailUrl\":\"https:\\\/\\\/archiv.siov.sk\\\/wp-content\\\/uploads\\\/2022\\\/05\\\/okruhle-stoly.jpg\",\"articleSection\":[\"Aktuality\"],\"inLanguage\":\"en-GB\"},{\"@type\":\"WebPage\",\"@id\":\"https:\\\/\\\/archiv.siov.sk\\\/narodny-koordinator-europskeho-programu-vo-vzdelavani-dospelych-okruhle-stoly\\\/\",\"url\":\"https:\\\/\\\/archiv.siov.sk\\\/narodny-koordinator-europskeho-programu-vo-vzdelavani-dospelych-okruhle-stoly\\\/\",\"name\":\"N\u00e1rodn\u00fd koordin\u00e1tor Eur\u00f3pskeho programu vo vzdel\u00e1van\u00ed dospel\u00fdch Okr\u00fahle stoly - \u0160IOV - \u0161t\u00e1tny in\u0161tit\u00fat odborn\u00e9ho vzdel\u00e1vania\",\"isPartOf\":{\"@id\":\"https:\\\/\\\/archiv.siov.sk\\\/#website\"},\"primaryImageOfPage\":{\"@id\":\"https:\\\/\\\/archiv.siov.sk\\\/narodny-koordinator-europskeho-programu-vo-vzdelavani-dospelych-okruhle-stoly\\\/#primaryimage\"},\"image\":{\"@id\":\"https:\\\/\\\/archiv.siov.sk\\\/narodny-koordinator-europskeho-programu-vo-vzdelavani-dospelych-okruhle-stoly\\\/#primaryimage\"},\"thumbnailUrl\":\"https:\\\/\\\/archiv.siov.sk\\\/wp-content\\\/uploads\\\/2022\\\/05\\\/okruhle-stoly.jpg\",\"datePublished\":\"2022-05-31T07:34:07+00:00\",\"dateModified\":\"2022-05-31T07:34:46+00:00\",\"breadcrumb\":{\"@id\":\"https:\\\/\\\/archiv.siov.sk\\\/narodny-koordinator-europskeho-programu-vo-vzdelavani-dospelych-okruhle-stoly\\\/#breadcrumb\"},\"inLanguage\":\"en-GB\",\"potentialAction\":[{\"@type\":\"ReadAction\",\"target\":[\"https:\\\/\\\/archiv.siov.sk\\\/narodny-koordinator-europskeho-programu-vo-vzdelavani-dospelych-okruhle-stoly\\\/\"]}]},{\"@type\":\"ImageObject\",\"inLanguage\":\"en-GB\",\"@id\":\"https:\\\/\\\/archiv.siov.sk\\\/narodny-koordinator-europskeho-programu-vo-vzdelavani-dospelych-okruhle-stoly\\\/#primaryimage\",\"url\":\"https:\\\/\\\/archiv.siov.sk\\\/wp-content\\\/uploads\\\/2022\\\/05\\\/okruhle-stoly.jpg\",\"contentUrl\":\"https:\\\/\\\/archiv.siov.sk\\\/wp-content\\\/uploads\\\/2022\\\/05\\\/okruhle-stoly.jpg\",\"width\":1000,\"height\":667},{\"@type\":\"BreadcrumbList\",\"@id\":\"https:\\\/\\\/archiv.siov.sk\\\/narodny-koordinator-europskeho-programu-vo-vzdelavani-dospelych-okruhle-stoly\\\/#breadcrumb\",\"itemListElement\":[{\"@type\":\"ListItem\",\"position\":1,\"name\":\"Home\",\"item\":\"https:\\\/\\\/archiv.siov.sk\\\/\"},{\"@type\":\"ListItem\",\"position\":2,\"name\":\"N\u00e1rodn\u00fd koordin\u00e1tor Eur\u00f3pskeho programu vo vzdel\u00e1van\u00ed dospel\u00fdch Okr\u00fahle stoly\"}]},{\"@type\":\"WebSite\",\"@id\":\"https:\\\/\\\/archiv.siov.sk\\\/#website\",\"url\":\"https:\\\/\\\/archiv.siov.sk\\\/\",\"name\":\"\u0160IOV - \u0161t\u00e1tny in\u0161tit\u00fat odborn\u00e9ho vzdel\u00e1vania\",\"description\":\"\",\"publisher\":{\"@id\":\"https:\\\/\\\/archiv.siov.sk\\\/#organization\"},\"potentialAction\":[{\"@type\":\"SearchAction\",\"target\":{\"@type\":\"EntryPoint\",\"urlTemplate\":\"https:\\\/\\\/archiv.siov.sk\\\/?s={search_term_string}\"},\"query-input\":{\"@type\":\"PropertyValueSpecification\",\"valueRequired\":true,\"valueName\":\"search_term_string\"}}],\"inLanguage\":\"en-GB\"},{\"@type\":\"Organization\",\"@id\":\"https:\\\/\\\/archiv.siov.sk\\\/#organization\",\"name\":\"\u0160IOV - \u0161t\u00e1tny in\u0161tit\u00fat odborn\u00e9ho vzdel\u00e1vania\",\"url\":\"https:\\\/\\\/archiv.siov.sk\\\/\",\"logo\":{\"@type\":\"ImageObject\",\"inLanguage\":\"en-GB\",\"@id\":\"https:\\\/\\\/archiv.siov.sk\\\/#\\\/schema\\\/logo\\\/image\\\/\",\"url\":\"https:\\\/\\\/archiv.siov.sk\\\/wp-content\\\/uploads\\\/2024\\\/02\\\/logo-SIOV.png\",\"contentUrl\":\"https:\\\/\\\/archiv.siov.sk\\\/wp-content\\\/uploads\\\/2024\\\/02\\\/logo-SIOV.png\",\"width\":431,\"height\":143,\"caption\":\"\u0160IOV - \u0161t\u00e1tny in\u0161tit\u00fat odborn\u00e9ho vzdel\u00e1vania\"},\"image\":{\"@id\":\"https:\\\/\\\/archiv.siov.sk\\\/#\\\/schema\\\/logo\\\/image\\\/\"},\"sameAs\":[\"https:\\\/\\\/www.facebook.com\\\/Statnyinstitutodbornehovzdelavania\"]},{\"@type\":\"Person\",\"@id\":\"https:\\\/\\\/archiv.siov.sk\\\/#\\\/schema\\\/person\\\/e42d633fbd958c6a726e8834d8965e6c\",\"name\":\"Katar\u00edna Kov\u00e1\u010dov\u00e1\",\"url\":\"https:\\\/\\\/archiv.siov.sk\\\/en\\\/author\\\/katkakovacova\\\/\"}]}<\/script>\n<!-- \/ Yoast SEO plugin. -->","yoast_head_json":{"title":"N\u00e1rodn\u00fd koordin\u00e1tor Eur\u00f3pskeho programu vo vzdel\u00e1van\u00ed dospel\u00fdch Okr\u00fahle stoly - \u0160IOV - \u0161t\u00e1tny in\u0161tit\u00fat odborn\u00e9ho vzdel\u00e1vania","robots":{"index":"index","follow":"follow","max-snippet":"max-snippet:-1","max-image-preview":"max-image-preview:large","max-video-preview":"max-video-preview:-1"},"canonical":"https:\/\/archiv.siov.sk\/en\/narodny-koordinator-europskeho-programu-vo-vzdelavani-dospelych-okruhle-stoly\/","og_locale":"en_GB","og_type":"article","og_title":"N\u00e1rodn\u00fd koordin\u00e1tor Eur\u00f3pskeho programu vo vzdel\u00e1van\u00ed dospel\u00fdch Okr\u00fahle stoly - \u0160IOV - \u0161t\u00e1tny in\u0161tit\u00fat odborn\u00e9ho vzdel\u00e1vania","og_description":"Zru\u010dnosti a kompetencie pre \u017eivot s\u00fa s\u00fa\u010das\u0165ou v\u00fdbavy jednotlivca na to, aby \u013eah\u0161ie dok\u00e1zal reagova\u0165 na zmeny a probl\u00e9my v dynamike s\u00fa\u010dasnej spolo\u010dnosti. Po\u010fte sa s&nbsp;nami rozpr\u00e1va\u0165 na t\u00e9mu zru\u010dnost\u00ed pre \u017eivot, \u010do znamenaj\u00fa, ako je ich rozvoj podporovan\u00fd a&nbsp;kde m\u00f4\u017eeme prispie\u0165 k&nbsp;zmene! &nbsp; \u0160IOV&nbsp;ako&nbsp;N\u00e1rodn\u00fd koordin\u00e1tor Eur\u00f3pskeho programu v oblasti vzdel\u00e1vania dospel\u00fdch&nbsp;realizuje prieskum ponuky vzdel\u00e1vac\u00edch [&hellip;]","og_url":"https:\/\/archiv.siov.sk\/en\/narodny-koordinator-europskeho-programu-vo-vzdelavani-dospelych-okruhle-stoly\/","og_site_name":"\u0160IOV - \u0161t\u00e1tny in\u0161tit\u00fat odborn\u00e9ho vzdel\u00e1vania","article_publisher":"https:\/\/www.facebook.com\/Statnyinstitutodbornehovzdelavania","article_published_time":"2022-05-31T07:34:07+00:00","article_modified_time":"2022-05-31T07:34:46+00:00","og_image":[{"width":1000,"height":667,"url":"https:\/\/archiv.siov.sk\/wp-content\/uploads\/2022\/05\/okruhle-stoly.jpg","type":"image\/jpeg"}],"author":"Katar\u00edna Kov\u00e1\u010dov\u00e1","twitter_card":"summary_large_image","twitter_misc":{"Written by":"Katar\u00edna Kov\u00e1\u010dov\u00e1","Estimated reading time":"2 minutes"},"schema":{"@context":"https:\/\/schema.org","@graph":[{"@type":"Article","@id":"https:\/\/archiv.siov.sk\/narodny-koordinator-europskeho-programu-vo-vzdelavani-dospelych-okruhle-stoly\/#article","isPartOf":{"@id":"https:\/\/archiv.siov.sk\/narodny-koordinator-europskeho-programu-vo-vzdelavani-dospelych-okruhle-stoly\/"},"author":{"name":"Katar\u00edna Kov\u00e1\u010dov\u00e1","@id":"https:\/\/archiv.siov.sk\/#\/schema\/person\/e42d633fbd958c6a726e8834d8965e6c"},"headline":"N\u00e1rodn\u00fd koordin\u00e1tor Eur\u00f3pskeho programu vo vzdel\u00e1van\u00ed dospel\u00fdch Okr\u00fahle stoly","datePublished":"2022-05-31T07:34:07+00:00","dateModified":"2022-05-31T07:34:46+00:00","mainEntityOfPage":{"@id":"https:\/\/archiv.siov.sk\/narodny-koordinator-europskeho-programu-vo-vzdelavani-dospelych-okruhle-stoly\/"},"wordCount":314,"publisher":{"@id":"https:\/\/archiv.siov.sk\/#organization"},"image":{"@id":"https:\/\/archiv.siov.sk\/narodny-koordinator-europskeho-programu-vo-vzdelavani-dospelych-okruhle-stoly\/#primaryimage"},"thumbnailUrl":"https:\/\/archiv.siov.sk\/wp-content\/uploads\/2022\/05\/okruhle-stoly.jpg","articleSection":["Aktuality"],"inLanguage":"en-GB"},{"@type":"WebPage","@id":"https:\/\/archiv.siov.sk\/narodny-koordinator-europskeho-programu-vo-vzdelavani-dospelych-okruhle-stoly\/","url":"https:\/\/archiv.siov.sk\/narodny-koordinator-europskeho-programu-vo-vzdelavani-dospelych-okruhle-stoly\/","name":"N\u00e1rodn\u00fd koordin\u00e1tor Eur\u00f3pskeho programu vo vzdel\u00e1van\u00ed dospel\u00fdch Okr\u00fahle stoly - \u0160IOV - \u0161t\u00e1tny in\u0161tit\u00fat odborn\u00e9ho vzdel\u00e1vania","isPartOf":{"@id":"https:\/\/archiv.siov.sk\/#website"},"primaryImageOfPage":{"@id":"https:\/\/archiv.siov.sk\/narodny-koordinator-europskeho-programu-vo-vzdelavani-dospelych-okruhle-stoly\/#primaryimage"},"image":{"@id":"https:\/\/archiv.siov.sk\/narodny-koordinator-europskeho-programu-vo-vzdelavani-dospelych-okruhle-stoly\/#primaryimage"},"thumbnailUrl":"https:\/\/archiv.siov.sk\/wp-content\/uploads\/2022\/05\/okruhle-stoly.jpg","datePublished":"2022-05-31T07:34:07+00:00","dateModified":"2022-05-31T07:34:46+00:00","breadcrumb":{"@id":"https:\/\/archiv.siov.sk\/narodny-koordinator-europskeho-programu-vo-vzdelavani-dospelych-okruhle-stoly\/#breadcrumb"},"inLanguage":"en-GB","potentialAction":[{"@type":"ReadAction","target":["https:\/\/archiv.siov.sk\/narodny-koordinator-europskeho-programu-vo-vzdelavani-dospelych-okruhle-stoly\/"]}]},{"@type":"ImageObject","inLanguage":"en-GB","@id":"https:\/\/archiv.siov.sk\/narodny-koordinator-europskeho-programu-vo-vzdelavani-dospelych-okruhle-stoly\/#primaryimage","url":"https:\/\/archiv.siov.sk\/wp-content\/uploads\/2022\/05\/okruhle-stoly.jpg","contentUrl":"https:\/\/archiv.siov.sk\/wp-content\/uploads\/2022\/05\/okruhle-stoly.jpg","width":1000,"height":667},{"@type":"BreadcrumbList","@id":"https:\/\/archiv.siov.sk\/narodny-koordinator-europskeho-programu-vo-vzdelavani-dospelych-okruhle-stoly\/#breadcrumb","itemListElement":[{"@type":"ListItem","position":1,"name":"Home","item":"https:\/\/archiv.siov.sk\/"},{"@type":"ListItem","position":2,"name":"N\u00e1rodn\u00fd koordin\u00e1tor Eur\u00f3pskeho programu vo vzdel\u00e1van\u00ed dospel\u00fdch Okr\u00fahle stoly"}]},{"@type":"WebSite","@id":"https:\/\/archiv.siov.sk\/#website","url":"https:\/\/archiv.siov.sk\/","name":"\u0160IOV - \u0161t\u00e1tny in\u0161tit\u00fat odborn\u00e9ho vzdel\u00e1vania","description":"","publisher":{"@id":"https:\/\/archiv.siov.sk\/#organization"},"potentialAction":[{"@type":"SearchAction","target":{"@type":"EntryPoint","urlTemplate":"https:\/\/archiv.siov.sk\/?s={search_term_string}"},"query-input":{"@type":"PropertyValueSpecification","valueRequired":true,"valueName":"search_term_string"}}],"inLanguage":"en-GB"},{"@type":"Organization","@id":"https:\/\/archiv.siov.sk\/#organization","name":"\u0160IOV - \u0161t\u00e1tny in\u0161tit\u00fat odborn\u00e9ho vzdel\u00e1vania","url":"https:\/\/archiv.siov.sk\/","logo":{"@type":"ImageObject","inLanguage":"en-GB","@id":"https:\/\/archiv.siov.sk\/#\/schema\/logo\/image\/","url":"https:\/\/archiv.siov.sk\/wp-content\/uploads\/2024\/02\/logo-SIOV.png","contentUrl":"https:\/\/archiv.siov.sk\/wp-content\/uploads\/2024\/02\/logo-SIOV.png","width":431,"height":143,"caption":"\u0160IOV - \u0161t\u00e1tny in\u0161tit\u00fat odborn\u00e9ho vzdel\u00e1vania"},"image":{"@id":"https:\/\/archiv.siov.sk\/#\/schema\/logo\/image\/"},"sameAs":["https:\/\/www.facebook.com\/Statnyinstitutodbornehovzdelavania"]},{"@type":"Person","@id":"https:\/\/archiv.siov.sk\/#\/schema\/person\/e42d633fbd958c6a726e8834d8965e6c","name":"Katar\u00edna Kov\u00e1\u010dov\u00e1","url":"https:\/\/archiv.siov.sk\/en\/author\/katkakovacova\/"}]}},"_links":{"self":[{"href":"https:\/\/archiv.siov.sk\/en\/wp-json\/wp\/v2\/posts\/11396","targetHints":{"allow":["GET"]}}],"collection":[{"href":"https:\/\/archiv.siov.sk\/en\/wp-json\/wp\/v2\/posts"}],"about":[{"href":"https:\/\/archiv.siov.sk\/en\/wp-json\/wp\/v2\/types\/post"}],"author":[{"embeddable":true,"href":"https:\/\/archiv.siov.sk\/en\/wp-json\/wp\/v2\/users\/6"}],"replies":[{"embeddable":true,"href":"https:\/\/archiv.siov.sk\/en\/wp-json\/wp\/v2\/comments?post=11396"}],"version-history":[{"count":3,"href":"https:\/\/archiv.siov.sk\/en\/wp-json\/wp\/v2\/posts\/11396\/revisions"}],"predecessor-version":[{"id":11400,"href":"https:\/\/archiv.siov.sk\/en\/wp-json\/wp\/v2\/posts\/11396\/revisions\/11400"}],"wp:featuredmedia":[{"embeddable":true,"href":"https:\/\/archiv.siov.sk\/en\/wp-json\/wp\/v2\/media\/11398"}],"wp:attachment":[{"href":"https:\/\/archiv.siov.sk\/en\/wp-json\/wp\/v2\/media?parent=11396"}],"wp:term":[{"taxonomy":"category","embeddable":true,"href":"https:\/\/archiv.siov.sk\/en\/wp-json\/wp\/v2\/categories?post=11396"},{"taxonomy":"post_tag","embeddable":true,"href":"https:\/\/archiv.siov.sk\/en\/wp-json\/wp\/v2\/tags?post=11396"}],"curies":[{"name":"wp","href":"https:\/\/api.w.org\/{rel}","templated":true}]}}