{"id":11374,"date":"2022-05-20T10:12:11","date_gmt":"2022-05-20T08:12:11","guid":{"rendered":"https:\/\/archiv.siov.sk\/?p=11374"},"modified":"2022-05-20T10:13:58","modified_gmt":"2022-05-20T08:13:58","slug":"odborne-vedomosti-ziakov-v-agropodnikani-zivotnom-prostredi-a-veterinarnom-zdravotnictve-prezentovali-ziaci-na-mladom-ekofarmarovi-sutazi-o-mlieku","status":"publish","type":"post","link":"https:\/\/archiv.siov.sk\/en\/odborne-vedomosti-ziakov-v-agropodnikani-zivotnom-prostredi-a-veterinarnom-zdravotnictve-prezentovali-ziaci-na-mladom-ekofarmarovi-sutazi-o-mlieku\/","title":{"rendered":"Odborn\u00e9 vedomosti v agropodnikan\u00ed, \u017eivotnom prostred\u00ed a veterin\u00e1rnom zdravotn\u00edctve prezentovali \u017eiaci na Mladom ekofarm\u00e1rovi -\u201eS\u00fa\u0165a\u017ei o mlieku\u201c"},"content":{"rendered":"<p style=\"text-align: justify;\">Mlad\u00fd ekofarm\u00e1r u\u017e 23 rokov sp\u00e1ja talentovan\u00fdch \u017eiakov&nbsp; stredn\u00fdch odborn\u00fdch \u0161k\u00f4l so \u0161tudijn\u00fdmi odbormi agropodnikanie, \u017eivotn\u00e9 prostredie, veterin\u00e1rne zdravotn\u00edctvo a hygiena a \u010fal\u0161\u00edmi odbormi s\u00favisiacimi s po\u013enohospod\u00e1rstvom, potravin\u00e1rstvom a ekol\u00f3giou. Celo\u0161t\u00e1tne kolo sa uskuto\u010dnilo prezen\u010dne, tak\u017ee porovn\u00e1vanie vedomost\u00ed a zru\u010dnost\u00ed \u017eiakov v&nbsp;praktickej \u010dasti zameranej na vlastn\u00e9 dojenie sa mohli realizova\u0165 v&nbsp;Po\u013enohospod\u00e1rskom dru\u017estve DEVIO v&nbsp;\u010cabe. S\u00fa\u0165a\u017e tak op\u00e4\u0165 nadobudla zauj\u00edmavej\u0161\u00ed a&nbsp;kvalitnej\u0161\u00ed &nbsp;obsah. &nbsp;Celo\u0161t\u00e1tnu s\u00fa\u0165a\u017e zabezpe\u010dila Stredn\u00e1 odborn\u00e1 \u0161kola veternin\u00e1rna, Dr\u00e1\u017eovsk\u00e1 14 Nitra &nbsp;v&nbsp;term\u00edne <strong>10.- 12. m\u00e1ja 2022.<\/strong><\/p>\n<p style=\"text-align: justify;\">\u017diaci v r\u00e1mci s\u00fa\u0165a\u017ee absolvovali p\u00e4\u0165 \u010dast\u00ed. Elektronick\u00fd p\u00edsomn\u00fd &nbsp;test o mlieku, jeho z\u00edskavan\u00ed, zlo\u017een\u00ed, kvalite dojn\u00edc, k\u00f4z a oviec, o v\u00fd\u017eive zvierat a krmovin\u00e1rstve. \u010eal\u0161ou \u010das\u0165ou bolo vlastn\u00e9 dojenie a posudzovanie zdravotn\u00e9ho stavu dojn\u00edc, nasledovali laborat\u00f3rne sk\u00fa\u0161ky mlieka, kde s\u00fa\u0165a\u017eiaci hodnotili kvalitu mlieka na z\u00e1klade degusta\u010dn\u00fdch a laborat\u00f3rnych sk\u00fa\u0161ok. Nech\u00fdbali ani \u00falohy z rozboru l\u00fa\u010dneho porastu, semien os\u00edv a krmov\u00edn a v\u00fdpo\u010dty spotreby krm\u00edv. \u010ealej to bol elektronick\u00fd p\u00edsomn\u00fd test o mlieku, v\u00fdpo\u010dty laborat\u00f3rnych sk\u00fa\u0161ok vykonan\u00e9 v laborat\u00f3riu \u0161koly, kde \u017eiaci po\u010d\u00edtali zadan\u00e9 \u00falohy.<\/p>\n<p style=\"text-align: justify;\"><strong style=\"font-size: 16px;\">Prv\u00e9 miesto<\/strong><span style=\"font-size: 16px;\"> v&nbsp;celkovom porad\u00ed z\u00edskala <\/span><strong style=\"font-size: 16px;\">Nina Bela\u0148ov\u00e1 zo SO\u0160 agrotechnickej v Topo\u013e\u010danoch, druh\u00e9 miesto<\/strong><span style=\"font-size: 16px;\"> obsadil <\/span><strong style=\"font-size: 16px;\">Milan Vojtek zo SO\u0160 Pod B\u00e1no\u0161om, Bansk\u00e1 Bystrica, <\/strong><span style=\"font-size: 16px;\">ktor\u00fd sa na rovnakom mieste umiestnil aj v minulom roku. <strong>Tretie <\/strong><\/span><strong style=\"font-size: 16px;\">miesto<\/strong><span style=\"font-size: 16px;\"> z\u00edskala <\/span><strong style=\"font-size: 16px;\">Juliana Zitov\u00e1 tie\u017e zo SO\u0160 agrotechnickej v Topo\u013e\u010danoch.<\/strong><span style=\"font-size: 16px;\"> Celkom sa s\u00fa\u0165a\u017ee z\u00fa\u010dastnilo 31 s\u00fa\u0165a\u017eiacich z&nbsp;toho traja zo Srbska.<\/span><\/p>\n<p style=\"text-align: justify;\">S\u00fa\u010das\u0165ou programu bola aj odborn\u00e1 predn\u00e1\u0161ka ur\u010den\u00e1 pre \u017eiakov a&nbsp;pedag\u00f3gov stredn\u00fdch odborn\u00fdch \u0161k\u00f4l s&nbsp;t\u00e9mou \u201eChov vysoko produk\u010dn\u00fdch dojn\u00edc\u201c. Lektorom bol Mari\u00e1n Nagy zo spolo\u010dnosti Schaumann.&nbsp;&nbsp;&nbsp;&nbsp;&nbsp;&nbsp;<\/p>\n<p style=\"text-align: justify;\">Vyhlasovate\u013eom s\u00fa\u0165a\u017ee je Ministerstvo \u0161kolstva, vedy, v\u00fdskumu a&nbsp;\u0161portu SR. \u0160t\u00e1tny in\u0161tit\u00fat odborn\u00e9ho vzdel\u00e1vania pln\u00ed \u00falohy odborn\u00e9ho a&nbsp;metodick\u00e9ho gestora s\u00fa\u0165a\u017ee.<\/p>\n<p>V\u00ed\u0165azom srde\u010dne blaho\u017eel\u00e1me!<\/p>\n<p>&nbsp;&nbsp;&nbsp;&nbsp;&nbsp;&nbsp;&nbsp;&nbsp;&nbsp;&nbsp;&nbsp;&nbsp;&nbsp;<\/p>","protected":false},"excerpt":{"rendered":"<p>Mlad\u00fd ekofarm\u00e1r u\u017e 23 rokov sp\u00e1ja talentovan\u00fdch \u017eiakov&nbsp; stredn\u00fdch odborn\u00fdch \u0161k\u00f4l so \u0161tudijn\u00fdmi odbormi agropodnikanie, \u017eivotn\u00e9 prostredie, veterin\u00e1rne zdravotn\u00edctvo a hygiena a \u010fal\u0161\u00edmi odbormi s\u00favisiacimi s po\u013enohospod\u00e1rstvom, potravin\u00e1rstvom a ekol\u00f3giou. Celo\u0161t\u00e1tne kolo sa uskuto\u010dnilo prezen\u010dne, tak\u017ee porovn\u00e1vanie vedomost\u00ed a zru\u010dnost\u00ed \u017eiakov v&nbsp;praktickej \u010dasti zameranej na vlastn\u00e9 dojenie sa mohli realizova\u0165 v&nbsp;Po\u013enohospod\u00e1rskom dru\u017estve DEVIO v&nbsp;\u010cabe. S\u00fa\u0165a\u017e [&hellip;]<\/p>\n","protected":false},"author":6,"featured_media":11376,"comment_status":"closed","ping_status":"closed","sticky":false,"template":"","format":"standard","meta":{"site-sidebar-layout":"default","site-content-layout":"default","ast-site-content-layout":"default","site-content-style":"default","site-sidebar-style":"default","ast-global-header-display":"","ast-banner-title-visibility":"","ast-main-header-display":"","ast-hfb-above-header-display":"","ast-hfb-below-header-display":"","ast-hfb-mobile-header-display":"","site-post-title":"","ast-breadcrumbs-content":"","ast-featured-img":"","footer-sml-layout":"","ast-disable-related-posts":"","theme-transparent-header-meta":"default","adv-header-id-meta":"","stick-header-meta":"","header-above-stick-meta":"","header-main-stick-meta":"","header-below-stick-meta":"","astra-migrate-meta-layouts":"default","ast-page-background-enabled":"default","ast-page-background-meta":{"desktop":{"background-color":"var(--ast-global-color-4)","background-image":"","background-repeat":"repeat","background-position":"center center","background-size":"auto","background-attachment":"scroll","background-type":"","background-media":"","overlay-type":"","overlay-color":"","overlay-opacity":"","overlay-gradient":""},"tablet":{"background-color":"","background-image":"","background-repeat":"repeat","background-position":"center center","background-size":"auto","background-attachment":"scroll","background-type":"","background-media":"","overlay-type":"","overlay-color":"","overlay-opacity":"","overlay-gradient":""},"mobile":{"background-color":"","background-image":"","background-repeat":"repeat","background-position":"center center","background-size":"auto","background-attachment":"scroll","background-type":"","background-media":"","overlay-type":"","overlay-color":"","overlay-opacity":"","overlay-gradient":""}},"ast-content-background-meta":{"desktop":{"background-color":"var(--ast-global-color-5)","background-image":"","background-repeat":"repeat","background-position":"center center","background-size":"auto","background-attachment":"scroll","background-type":"","background-media":"","overlay-type":"","overlay-color":"","overlay-opacity":"","overlay-gradient":""},"tablet":{"background-color":"var(--ast-global-color-5)","background-image":"","background-repeat":"repeat","background-position":"center center","background-size":"auto","background-attachment":"scroll","background-type":"","background-media":"","overlay-type":"","overlay-color":"","overlay-opacity":"","overlay-gradient":""},"mobile":{"background-color":"var(--ast-global-color-5)","background-image":"","background-repeat":"repeat","background-position":"center center","background-size":"auto","background-attachment":"scroll","background-type":"","background-media":"","overlay-type":"","overlay-color":"","overlay-opacity":"","overlay-gradient":""}},"footnotes":""},"categories":[1],"tags":[],"class_list":["post-11374","post","type-post","status-publish","format-standard","has-post-thumbnail","hentry","category-aktuality"],"yoast_head":"<!-- This site is optimized with the Yoast SEO plugin v27.5 - https:\/\/yoast.com\/product\/yoast-seo-wordpress\/ -->\n<title>Odborn\u00e9 vedomosti v agropodnikan\u00ed, \u017eivotnom prostred\u00ed a veterin\u00e1rnom zdravotn\u00edctve prezentovali \u017eiaci na Mladom ekofarm\u00e1rovi -\u201eS\u00fa\u0165a\u017ei o mlieku\u201c - \u0160IOV - \u0161t\u00e1tny in\u0161tit\u00fat odborn\u00e9ho vzdel\u00e1vania<\/title>\n<meta name=\"robots\" content=\"index, follow, max-snippet:-1, max-image-preview:large, max-video-preview:-1\" \/>\n<link rel=\"canonical\" href=\"https:\/\/archiv.siov.sk\/en\/odborne-vedomosti-ziakov-v-agropodnikani-zivotnom-prostredi-a-veterinarnom-zdravotnictve-prezentovali-ziaci-na-mladom-ekofarmarovi-sutazi-o-mlieku\/\" \/>\n<meta property=\"og:locale\" content=\"en_GB\" \/>\n<meta property=\"og:type\" content=\"article\" \/>\n<meta property=\"og:title\" content=\"Odborn\u00e9 vedomosti v agropodnikan\u00ed, \u017eivotnom prostred\u00ed a veterin\u00e1rnom zdravotn\u00edctve prezentovali \u017eiaci na Mladom ekofarm\u00e1rovi -\u201eS\u00fa\u0165a\u017ei o mlieku\u201c - \u0160IOV - \u0161t\u00e1tny in\u0161tit\u00fat odborn\u00e9ho vzdel\u00e1vania\" \/>\n<meta property=\"og:description\" content=\"Mlad\u00fd ekofarm\u00e1r u\u017e 23 rokov sp\u00e1ja talentovan\u00fdch \u017eiakov&nbsp; stredn\u00fdch odborn\u00fdch \u0161k\u00f4l so \u0161tudijn\u00fdmi odbormi agropodnikanie, \u017eivotn\u00e9 prostredie, veterin\u00e1rne zdravotn\u00edctvo a hygiena a \u010fal\u0161\u00edmi odbormi s\u00favisiacimi s po\u013enohospod\u00e1rstvom, potravin\u00e1rstvom a ekol\u00f3giou. Celo\u0161t\u00e1tne kolo sa uskuto\u010dnilo prezen\u010dne, tak\u017ee porovn\u00e1vanie vedomost\u00ed a zru\u010dnost\u00ed \u017eiakov v&nbsp;praktickej \u010dasti zameranej na vlastn\u00e9 dojenie sa mohli realizova\u0165 v&nbsp;Po\u013enohospod\u00e1rskom dru\u017estve DEVIO v&nbsp;\u010cabe. S\u00fa\u0165a\u017e [&hellip;]\" \/>\n<meta property=\"og:url\" content=\"https:\/\/archiv.siov.sk\/en\/odborne-vedomosti-ziakov-v-agropodnikani-zivotnom-prostredi-a-veterinarnom-zdravotnictve-prezentovali-ziaci-na-mladom-ekofarmarovi-sutazi-o-mlieku\/\" \/>\n<meta property=\"og:site_name\" content=\"\u0160IOV - \u0161t\u00e1tny in\u0161tit\u00fat odborn\u00e9ho vzdel\u00e1vania\" \/>\n<meta property=\"article:publisher\" content=\"https:\/\/www.facebook.com\/Statnyinstitutodbornehovzdelavania\" \/>\n<meta property=\"article:published_time\" content=\"2022-05-20T08:12:11+00:00\" \/>\n<meta property=\"article:modified_time\" content=\"2022-05-20T08:13:58+00:00\" \/>\n<meta property=\"og:image\" content=\"https:\/\/archiv.siov.sk\/wp-content\/uploads\/2022\/05\/foto-mlady-ekofarmar.jpg\" \/>\n\t<meta property=\"og:image:width\" content=\"800\" \/>\n\t<meta property=\"og:image:height\" content=\"600\" \/>\n\t<meta property=\"og:image:type\" content=\"image\/jpeg\" \/>\n<meta name=\"author\" content=\"Katar\u00edna Kov\u00e1\u010dov\u00e1\" \/>\n<meta name=\"twitter:card\" content=\"summary_large_image\" \/>\n<meta name=\"twitter:label1\" content=\"Written by\" \/>\n\t<meta name=\"twitter:data1\" content=\"Katar\u00edna Kov\u00e1\u010dov\u00e1\" \/>\n\t<meta name=\"twitter:label2\" content=\"Estimated reading time\" \/>\n\t<meta name=\"twitter:data2\" content=\"2 minutes\" \/>\n<script type=\"application\/ld+json\" class=\"yoast-schema-graph\">{\"@context\":\"https:\\\/\\\/schema.org\",\"@graph\":[{\"@type\":\"Article\",\"@id\":\"https:\\\/\\\/archiv.siov.sk\\\/odborne-vedomosti-ziakov-v-agropodnikani-zivotnom-prostredi-a-veterinarnom-zdravotnictve-prezentovali-ziaci-na-mladom-ekofarmarovi-sutazi-o-mlieku\\\/#article\",\"isPartOf\":{\"@id\":\"https:\\\/\\\/archiv.siov.sk\\\/odborne-vedomosti-ziakov-v-agropodnikani-zivotnom-prostredi-a-veterinarnom-zdravotnictve-prezentovali-ziaci-na-mladom-ekofarmarovi-sutazi-o-mlieku\\\/\"},\"author\":{\"name\":\"Katar\u00edna Kov\u00e1\u010dov\u00e1\",\"@id\":\"https:\\\/\\\/archiv.siov.sk\\\/#\\\/schema\\\/person\\\/e42d633fbd958c6a726e8834d8965e6c\"},\"headline\":\"Odborn\u00e9 vedomosti v agropodnikan\u00ed, \u017eivotnom prostred\u00ed a veterin\u00e1rnom zdravotn\u00edctve prezentovali \u017eiaci na Mladom ekofarm\u00e1rovi -\u201eS\u00fa\u0165a\u017ei o mlieku\u201c\",\"datePublished\":\"2022-05-20T08:12:11+00:00\",\"dateModified\":\"2022-05-20T08:13:58+00:00\",\"mainEntityOfPage\":{\"@id\":\"https:\\\/\\\/archiv.siov.sk\\\/odborne-vedomosti-ziakov-v-agropodnikani-zivotnom-prostredi-a-veterinarnom-zdravotnictve-prezentovali-ziaci-na-mladom-ekofarmarovi-sutazi-o-mlieku\\\/\"},\"wordCount\":441,\"publisher\":{\"@id\":\"https:\\\/\\\/archiv.siov.sk\\\/#organization\"},\"image\":{\"@id\":\"https:\\\/\\\/archiv.siov.sk\\\/odborne-vedomosti-ziakov-v-agropodnikani-zivotnom-prostredi-a-veterinarnom-zdravotnictve-prezentovali-ziaci-na-mladom-ekofarmarovi-sutazi-o-mlieku\\\/#primaryimage\"},\"thumbnailUrl\":\"https:\\\/\\\/archiv.siov.sk\\\/wp-content\\\/uploads\\\/2022\\\/05\\\/foto-mlady-ekofarmar.jpg\",\"articleSection\":[\"Aktuality\"],\"inLanguage\":\"en-GB\"},{\"@type\":\"WebPage\",\"@id\":\"https:\\\/\\\/archiv.siov.sk\\\/odborne-vedomosti-ziakov-v-agropodnikani-zivotnom-prostredi-a-veterinarnom-zdravotnictve-prezentovali-ziaci-na-mladom-ekofarmarovi-sutazi-o-mlieku\\\/\",\"url\":\"https:\\\/\\\/archiv.siov.sk\\\/odborne-vedomosti-ziakov-v-agropodnikani-zivotnom-prostredi-a-veterinarnom-zdravotnictve-prezentovali-ziaci-na-mladom-ekofarmarovi-sutazi-o-mlieku\\\/\",\"name\":\"Odborn\u00e9 vedomosti v agropodnikan\u00ed, \u017eivotnom prostred\u00ed a veterin\u00e1rnom zdravotn\u00edctve prezentovali \u017eiaci na Mladom ekofarm\u00e1rovi -\u201eS\u00fa\u0165a\u017ei o mlieku\u201c - \u0160IOV - \u0161t\u00e1tny in\u0161tit\u00fat odborn\u00e9ho vzdel\u00e1vania\",\"isPartOf\":{\"@id\":\"https:\\\/\\\/archiv.siov.sk\\\/#website\"},\"primaryImageOfPage\":{\"@id\":\"https:\\\/\\\/archiv.siov.sk\\\/odborne-vedomosti-ziakov-v-agropodnikani-zivotnom-prostredi-a-veterinarnom-zdravotnictve-prezentovali-ziaci-na-mladom-ekofarmarovi-sutazi-o-mlieku\\\/#primaryimage\"},\"image\":{\"@id\":\"https:\\\/\\\/archiv.siov.sk\\\/odborne-vedomosti-ziakov-v-agropodnikani-zivotnom-prostredi-a-veterinarnom-zdravotnictve-prezentovali-ziaci-na-mladom-ekofarmarovi-sutazi-o-mlieku\\\/#primaryimage\"},\"thumbnailUrl\":\"https:\\\/\\\/archiv.siov.sk\\\/wp-content\\\/uploads\\\/2022\\\/05\\\/foto-mlady-ekofarmar.jpg\",\"datePublished\":\"2022-05-20T08:12:11+00:00\",\"dateModified\":\"2022-05-20T08:13:58+00:00\",\"breadcrumb\":{\"@id\":\"https:\\\/\\\/archiv.siov.sk\\\/odborne-vedomosti-ziakov-v-agropodnikani-zivotnom-prostredi-a-veterinarnom-zdravotnictve-prezentovali-ziaci-na-mladom-ekofarmarovi-sutazi-o-mlieku\\\/#breadcrumb\"},\"inLanguage\":\"en-GB\",\"potentialAction\":[{\"@type\":\"ReadAction\",\"target\":[\"https:\\\/\\\/archiv.siov.sk\\\/odborne-vedomosti-ziakov-v-agropodnikani-zivotnom-prostredi-a-veterinarnom-zdravotnictve-prezentovali-ziaci-na-mladom-ekofarmarovi-sutazi-o-mlieku\\\/\"]}]},{\"@type\":\"ImageObject\",\"inLanguage\":\"en-GB\",\"@id\":\"https:\\\/\\\/archiv.siov.sk\\\/odborne-vedomosti-ziakov-v-agropodnikani-zivotnom-prostredi-a-veterinarnom-zdravotnictve-prezentovali-ziaci-na-mladom-ekofarmarovi-sutazi-o-mlieku\\\/#primaryimage\",\"url\":\"https:\\\/\\\/archiv.siov.sk\\\/wp-content\\\/uploads\\\/2022\\\/05\\\/foto-mlady-ekofarmar.jpg\",\"contentUrl\":\"https:\\\/\\\/archiv.siov.sk\\\/wp-content\\\/uploads\\\/2022\\\/05\\\/foto-mlady-ekofarmar.jpg\",\"width\":800,\"height\":600},{\"@type\":\"BreadcrumbList\",\"@id\":\"https:\\\/\\\/archiv.siov.sk\\\/odborne-vedomosti-ziakov-v-agropodnikani-zivotnom-prostredi-a-veterinarnom-zdravotnictve-prezentovali-ziaci-na-mladom-ekofarmarovi-sutazi-o-mlieku\\\/#breadcrumb\",\"itemListElement\":[{\"@type\":\"ListItem\",\"position\":1,\"name\":\"Home\",\"item\":\"https:\\\/\\\/archiv.siov.sk\\\/\"},{\"@type\":\"ListItem\",\"position\":2,\"name\":\"Odborn\u00e9 vedomosti v agropodnikan\u00ed, \u017eivotnom prostred\u00ed a veterin\u00e1rnom zdravotn\u00edctve prezentovali \u017eiaci na Mladom ekofarm\u00e1rovi -\u201eS\u00fa\u0165a\u017ei o mlieku\u201c\"}]},{\"@type\":\"WebSite\",\"@id\":\"https:\\\/\\\/archiv.siov.sk\\\/#website\",\"url\":\"https:\\\/\\\/archiv.siov.sk\\\/\",\"name\":\"\u0160IOV - \u0161t\u00e1tny in\u0161tit\u00fat odborn\u00e9ho vzdel\u00e1vania\",\"description\":\"\",\"publisher\":{\"@id\":\"https:\\\/\\\/archiv.siov.sk\\\/#organization\"},\"potentialAction\":[{\"@type\":\"SearchAction\",\"target\":{\"@type\":\"EntryPoint\",\"urlTemplate\":\"https:\\\/\\\/archiv.siov.sk\\\/?s={search_term_string}\"},\"query-input\":{\"@type\":\"PropertyValueSpecification\",\"valueRequired\":true,\"valueName\":\"search_term_string\"}}],\"inLanguage\":\"en-GB\"},{\"@type\":\"Organization\",\"@id\":\"https:\\\/\\\/archiv.siov.sk\\\/#organization\",\"name\":\"\u0160IOV - \u0161t\u00e1tny in\u0161tit\u00fat odborn\u00e9ho vzdel\u00e1vania\",\"url\":\"https:\\\/\\\/archiv.siov.sk\\\/\",\"logo\":{\"@type\":\"ImageObject\",\"inLanguage\":\"en-GB\",\"@id\":\"https:\\\/\\\/archiv.siov.sk\\\/#\\\/schema\\\/logo\\\/image\\\/\",\"url\":\"https:\\\/\\\/archiv.siov.sk\\\/wp-content\\\/uploads\\\/2024\\\/02\\\/logo-SIOV.png\",\"contentUrl\":\"https:\\\/\\\/archiv.siov.sk\\\/wp-content\\\/uploads\\\/2024\\\/02\\\/logo-SIOV.png\",\"width\":431,\"height\":143,\"caption\":\"\u0160IOV - \u0161t\u00e1tny in\u0161tit\u00fat odborn\u00e9ho vzdel\u00e1vania\"},\"image\":{\"@id\":\"https:\\\/\\\/archiv.siov.sk\\\/#\\\/schema\\\/logo\\\/image\\\/\"},\"sameAs\":[\"https:\\\/\\\/www.facebook.com\\\/Statnyinstitutodbornehovzdelavania\"]},{\"@type\":\"Person\",\"@id\":\"https:\\\/\\\/archiv.siov.sk\\\/#\\\/schema\\\/person\\\/e42d633fbd958c6a726e8834d8965e6c\",\"name\":\"Katar\u00edna Kov\u00e1\u010dov\u00e1\",\"url\":\"https:\\\/\\\/archiv.siov.sk\\\/en\\\/author\\\/katkakovacova\\\/\"}]}<\/script>\n<!-- \/ Yoast SEO plugin. -->","yoast_head_json":{"title":"Odborn\u00e9 vedomosti v agropodnikan\u00ed, \u017eivotnom prostred\u00ed a veterin\u00e1rnom zdravotn\u00edctve prezentovali \u017eiaci na Mladom ekofarm\u00e1rovi -\u201eS\u00fa\u0165a\u017ei o mlieku\u201c - \u0160IOV - \u0161t\u00e1tny in\u0161tit\u00fat odborn\u00e9ho vzdel\u00e1vania","robots":{"index":"index","follow":"follow","max-snippet":"max-snippet:-1","max-image-preview":"max-image-preview:large","max-video-preview":"max-video-preview:-1"},"canonical":"https:\/\/archiv.siov.sk\/en\/odborne-vedomosti-ziakov-v-agropodnikani-zivotnom-prostredi-a-veterinarnom-zdravotnictve-prezentovali-ziaci-na-mladom-ekofarmarovi-sutazi-o-mlieku\/","og_locale":"en_GB","og_type":"article","og_title":"Odborn\u00e9 vedomosti v agropodnikan\u00ed, \u017eivotnom prostred\u00ed a veterin\u00e1rnom zdravotn\u00edctve prezentovali \u017eiaci na Mladom ekofarm\u00e1rovi -\u201eS\u00fa\u0165a\u017ei o mlieku\u201c - \u0160IOV - \u0161t\u00e1tny in\u0161tit\u00fat odborn\u00e9ho vzdel\u00e1vania","og_description":"Mlad\u00fd ekofarm\u00e1r u\u017e 23 rokov sp\u00e1ja talentovan\u00fdch \u017eiakov&nbsp; stredn\u00fdch odborn\u00fdch \u0161k\u00f4l so \u0161tudijn\u00fdmi odbormi agropodnikanie, \u017eivotn\u00e9 prostredie, veterin\u00e1rne zdravotn\u00edctvo a hygiena a \u010fal\u0161\u00edmi odbormi s\u00favisiacimi s po\u013enohospod\u00e1rstvom, potravin\u00e1rstvom a ekol\u00f3giou. Celo\u0161t\u00e1tne kolo sa uskuto\u010dnilo prezen\u010dne, tak\u017ee porovn\u00e1vanie vedomost\u00ed a zru\u010dnost\u00ed \u017eiakov v&nbsp;praktickej \u010dasti zameranej na vlastn\u00e9 dojenie sa mohli realizova\u0165 v&nbsp;Po\u013enohospod\u00e1rskom dru\u017estve DEVIO v&nbsp;\u010cabe. S\u00fa\u0165a\u017e [&hellip;]","og_url":"https:\/\/archiv.siov.sk\/en\/odborne-vedomosti-ziakov-v-agropodnikani-zivotnom-prostredi-a-veterinarnom-zdravotnictve-prezentovali-ziaci-na-mladom-ekofarmarovi-sutazi-o-mlieku\/","og_site_name":"\u0160IOV - \u0161t\u00e1tny in\u0161tit\u00fat odborn\u00e9ho vzdel\u00e1vania","article_publisher":"https:\/\/www.facebook.com\/Statnyinstitutodbornehovzdelavania","article_published_time":"2022-05-20T08:12:11+00:00","article_modified_time":"2022-05-20T08:13:58+00:00","og_image":[{"width":800,"height":600,"url":"https:\/\/archiv.siov.sk\/wp-content\/uploads\/2022\/05\/foto-mlady-ekofarmar.jpg","type":"image\/jpeg"}],"author":"Katar\u00edna Kov\u00e1\u010dov\u00e1","twitter_card":"summary_large_image","twitter_misc":{"Written by":"Katar\u00edna Kov\u00e1\u010dov\u00e1","Estimated reading time":"2 minutes"},"schema":{"@context":"https:\/\/schema.org","@graph":[{"@type":"Article","@id":"https:\/\/archiv.siov.sk\/odborne-vedomosti-ziakov-v-agropodnikani-zivotnom-prostredi-a-veterinarnom-zdravotnictve-prezentovali-ziaci-na-mladom-ekofarmarovi-sutazi-o-mlieku\/#article","isPartOf":{"@id":"https:\/\/archiv.siov.sk\/odborne-vedomosti-ziakov-v-agropodnikani-zivotnom-prostredi-a-veterinarnom-zdravotnictve-prezentovali-ziaci-na-mladom-ekofarmarovi-sutazi-o-mlieku\/"},"author":{"name":"Katar\u00edna Kov\u00e1\u010dov\u00e1","@id":"https:\/\/archiv.siov.sk\/#\/schema\/person\/e42d633fbd958c6a726e8834d8965e6c"},"headline":"Odborn\u00e9 vedomosti v agropodnikan\u00ed, \u017eivotnom prostred\u00ed a veterin\u00e1rnom zdravotn\u00edctve prezentovali \u017eiaci na Mladom ekofarm\u00e1rovi -\u201eS\u00fa\u0165a\u017ei o mlieku\u201c","datePublished":"2022-05-20T08:12:11+00:00","dateModified":"2022-05-20T08:13:58+00:00","mainEntityOfPage":{"@id":"https:\/\/archiv.siov.sk\/odborne-vedomosti-ziakov-v-agropodnikani-zivotnom-prostredi-a-veterinarnom-zdravotnictve-prezentovali-ziaci-na-mladom-ekofarmarovi-sutazi-o-mlieku\/"},"wordCount":441,"publisher":{"@id":"https:\/\/archiv.siov.sk\/#organization"},"image":{"@id":"https:\/\/archiv.siov.sk\/odborne-vedomosti-ziakov-v-agropodnikani-zivotnom-prostredi-a-veterinarnom-zdravotnictve-prezentovali-ziaci-na-mladom-ekofarmarovi-sutazi-o-mlieku\/#primaryimage"},"thumbnailUrl":"https:\/\/archiv.siov.sk\/wp-content\/uploads\/2022\/05\/foto-mlady-ekofarmar.jpg","articleSection":["Aktuality"],"inLanguage":"en-GB"},{"@type":"WebPage","@id":"https:\/\/archiv.siov.sk\/odborne-vedomosti-ziakov-v-agropodnikani-zivotnom-prostredi-a-veterinarnom-zdravotnictve-prezentovali-ziaci-na-mladom-ekofarmarovi-sutazi-o-mlieku\/","url":"https:\/\/archiv.siov.sk\/odborne-vedomosti-ziakov-v-agropodnikani-zivotnom-prostredi-a-veterinarnom-zdravotnictve-prezentovali-ziaci-na-mladom-ekofarmarovi-sutazi-o-mlieku\/","name":"Odborn\u00e9 vedomosti v agropodnikan\u00ed, \u017eivotnom prostred\u00ed a veterin\u00e1rnom zdravotn\u00edctve prezentovali \u017eiaci na Mladom ekofarm\u00e1rovi -\u201eS\u00fa\u0165a\u017ei o mlieku\u201c - \u0160IOV - \u0161t\u00e1tny in\u0161tit\u00fat odborn\u00e9ho vzdel\u00e1vania","isPartOf":{"@id":"https:\/\/archiv.siov.sk\/#website"},"primaryImageOfPage":{"@id":"https:\/\/archiv.siov.sk\/odborne-vedomosti-ziakov-v-agropodnikani-zivotnom-prostredi-a-veterinarnom-zdravotnictve-prezentovali-ziaci-na-mladom-ekofarmarovi-sutazi-o-mlieku\/#primaryimage"},"image":{"@id":"https:\/\/archiv.siov.sk\/odborne-vedomosti-ziakov-v-agropodnikani-zivotnom-prostredi-a-veterinarnom-zdravotnictve-prezentovali-ziaci-na-mladom-ekofarmarovi-sutazi-o-mlieku\/#primaryimage"},"thumbnailUrl":"https:\/\/archiv.siov.sk\/wp-content\/uploads\/2022\/05\/foto-mlady-ekofarmar.jpg","datePublished":"2022-05-20T08:12:11+00:00","dateModified":"2022-05-20T08:13:58+00:00","breadcrumb":{"@id":"https:\/\/archiv.siov.sk\/odborne-vedomosti-ziakov-v-agropodnikani-zivotnom-prostredi-a-veterinarnom-zdravotnictve-prezentovali-ziaci-na-mladom-ekofarmarovi-sutazi-o-mlieku\/#breadcrumb"},"inLanguage":"en-GB","potentialAction":[{"@type":"ReadAction","target":["https:\/\/archiv.siov.sk\/odborne-vedomosti-ziakov-v-agropodnikani-zivotnom-prostredi-a-veterinarnom-zdravotnictve-prezentovali-ziaci-na-mladom-ekofarmarovi-sutazi-o-mlieku\/"]}]},{"@type":"ImageObject","inLanguage":"en-GB","@id":"https:\/\/archiv.siov.sk\/odborne-vedomosti-ziakov-v-agropodnikani-zivotnom-prostredi-a-veterinarnom-zdravotnictve-prezentovali-ziaci-na-mladom-ekofarmarovi-sutazi-o-mlieku\/#primaryimage","url":"https:\/\/archiv.siov.sk\/wp-content\/uploads\/2022\/05\/foto-mlady-ekofarmar.jpg","contentUrl":"https:\/\/archiv.siov.sk\/wp-content\/uploads\/2022\/05\/foto-mlady-ekofarmar.jpg","width":800,"height":600},{"@type":"BreadcrumbList","@id":"https:\/\/archiv.siov.sk\/odborne-vedomosti-ziakov-v-agropodnikani-zivotnom-prostredi-a-veterinarnom-zdravotnictve-prezentovali-ziaci-na-mladom-ekofarmarovi-sutazi-o-mlieku\/#breadcrumb","itemListElement":[{"@type":"ListItem","position":1,"name":"Home","item":"https:\/\/archiv.siov.sk\/"},{"@type":"ListItem","position":2,"name":"Odborn\u00e9 vedomosti v agropodnikan\u00ed, \u017eivotnom prostred\u00ed a veterin\u00e1rnom zdravotn\u00edctve prezentovali \u017eiaci na Mladom ekofarm\u00e1rovi -\u201eS\u00fa\u0165a\u017ei o mlieku\u201c"}]},{"@type":"WebSite","@id":"https:\/\/archiv.siov.sk\/#website","url":"https:\/\/archiv.siov.sk\/","name":"\u0160IOV - \u0161t\u00e1tny in\u0161tit\u00fat odborn\u00e9ho vzdel\u00e1vania","description":"","publisher":{"@id":"https:\/\/archiv.siov.sk\/#organization"},"potentialAction":[{"@type":"SearchAction","target":{"@type":"EntryPoint","urlTemplate":"https:\/\/archiv.siov.sk\/?s={search_term_string}"},"query-input":{"@type":"PropertyValueSpecification","valueRequired":true,"valueName":"search_term_string"}}],"inLanguage":"en-GB"},{"@type":"Organization","@id":"https:\/\/archiv.siov.sk\/#organization","name":"\u0160IOV - \u0161t\u00e1tny in\u0161tit\u00fat odborn\u00e9ho vzdel\u00e1vania","url":"https:\/\/archiv.siov.sk\/","logo":{"@type":"ImageObject","inLanguage":"en-GB","@id":"https:\/\/archiv.siov.sk\/#\/schema\/logo\/image\/","url":"https:\/\/archiv.siov.sk\/wp-content\/uploads\/2024\/02\/logo-SIOV.png","contentUrl":"https:\/\/archiv.siov.sk\/wp-content\/uploads\/2024\/02\/logo-SIOV.png","width":431,"height":143,"caption":"\u0160IOV - \u0161t\u00e1tny in\u0161tit\u00fat odborn\u00e9ho vzdel\u00e1vania"},"image":{"@id":"https:\/\/archiv.siov.sk\/#\/schema\/logo\/image\/"},"sameAs":["https:\/\/www.facebook.com\/Statnyinstitutodbornehovzdelavania"]},{"@type":"Person","@id":"https:\/\/archiv.siov.sk\/#\/schema\/person\/e42d633fbd958c6a726e8834d8965e6c","name":"Katar\u00edna Kov\u00e1\u010dov\u00e1","url":"https:\/\/archiv.siov.sk\/en\/author\/katkakovacova\/"}]}},"_links":{"self":[{"href":"https:\/\/archiv.siov.sk\/en\/wp-json\/wp\/v2\/posts\/11374","targetHints":{"allow":["GET"]}}],"collection":[{"href":"https:\/\/archiv.siov.sk\/en\/wp-json\/wp\/v2\/posts"}],"about":[{"href":"https:\/\/archiv.siov.sk\/en\/wp-json\/wp\/v2\/types\/post"}],"author":[{"embeddable":true,"href":"https:\/\/archiv.siov.sk\/en\/wp-json\/wp\/v2\/users\/6"}],"replies":[{"embeddable":true,"href":"https:\/\/archiv.siov.sk\/en\/wp-json\/wp\/v2\/comments?post=11374"}],"version-history":[{"count":4,"href":"https:\/\/archiv.siov.sk\/en\/wp-json\/wp\/v2\/posts\/11374\/revisions"}],"predecessor-version":[{"id":11380,"href":"https:\/\/archiv.siov.sk\/en\/wp-json\/wp\/v2\/posts\/11374\/revisions\/11380"}],"wp:featuredmedia":[{"embeddable":true,"href":"https:\/\/archiv.siov.sk\/en\/wp-json\/wp\/v2\/media\/11376"}],"wp:attachment":[{"href":"https:\/\/archiv.siov.sk\/en\/wp-json\/wp\/v2\/media?parent=11374"}],"wp:term":[{"taxonomy":"category","embeddable":true,"href":"https:\/\/archiv.siov.sk\/en\/wp-json\/wp\/v2\/categories?post=11374"},{"taxonomy":"post_tag","embeddable":true,"href":"https:\/\/archiv.siov.sk\/en\/wp-json\/wp\/v2\/tags?post=11374"}],"curies":[{"name":"wp","href":"https:\/\/api.w.org\/{rel}","templated":true}]}}