{"id":11316,"date":"2022-05-10T16:14:41","date_gmt":"2022-05-10T14:14:41","guid":{"rendered":"https:\/\/archiv.siov.sk\/?p=11316"},"modified":"2022-05-10T16:14:41","modified_gmt":"2022-05-10T14:14:41","slug":"10-rocnik-sutaze-najlepsi-podnikatelsky-zamer-s-medzinarodnou-ucastou","status":"publish","type":"post","link":"https:\/\/archiv.siov.sk\/en\/10-rocnik-sutaze-najlepsi-podnikatelsky-zamer-s-medzinarodnou-ucastou\/","title":{"rendered":"10. ro\u010dn\u00edk s\u00fa\u0165a\u017ee \u201eNajlep\u0161\u00ed podnikate\u013esk\u00fd z\u00e1mer\u201c s medzin\u00e1rodnou \u00fa\u010das\u0165ou"},"content":{"rendered":"<p style=\"text-align: justify;\">\u0160t\u00e1tny in\u0161tit\u00fat odborn\u00e9ho vzdel\u00e1vania, odbor Finan\u010dnej gramotnosti, Slovensk\u00e9 centrum cvi\u010dn\u00fdch firiem a podpory smerovania ml\u00e1de\u017ee spolu s Katedrou pedagogiky Ekonomickej univerzity v Bratislave v partnerstve s Metropolitnou univerzitou Praha vyhlasuj\u00fa <strong>desiaty ro\u010dn\u00edk celoslovenskej<\/strong> <strong>s\u00fa\u0165a\u017ee \u201eNajlep\u0161\u00ed podnikate\u013esk\u00fd z\u00e1mer\u201c \u017eiakov cvi\u010dn\u00fdch firiem s&nbsp;medzin\u00e1rodnou \u00fa\u010das\u0165ou.<\/strong><\/p>\n<p>&nbsp;<strong>Obsah a&nbsp;term\u00edny s\u00fa\u0165a\u017ee: <\/strong><\/p>\n<ul>\n<li>S\u00fa\u0165a\u017en\u00e9 podklady je potrebn\u00e9 zasla\u0165 do <strong> septembra 2022<\/strong><\/li>\n<li>Zaslan\u00e9 podnikate\u013esk\u00e9 z\u00e1mery (PZ) by nemali by\u0165 toto\u017en\u00e9 s predmetom podnikania u\u017e zalo\u017eenej cvi\u010dnej firmy<\/li>\n<li>P\u00e4\u0165&nbsp;najzauj\u00edmavej\u0161\u00edch podnikate\u013esk\u00fdch z\u00e1merov posunieme do u\u017e\u0161ieho v\u00fdberu<\/li>\n<\/ul>\n<p style=\"text-align: justify;\"><strong>Krit\u00e9riami hodnotenia s\u00fa <\/strong>dodr\u017eanie zadan\u00fdch podmienok s\u00fa\u0165a\u017ee a&nbsp;\u0161trukt\u00fary PZ, originalita n\u00e1padu, v\u00fdber mena a&nbsp;loga potenci\u00e1lneho podnikate\u013esk\u00e9ho subjektu, opis produktu, anal\u00fdza trhu, marketingov\u00fd pl\u00e1n, person\u00e1lny pl\u00e1n, finan\u010dn\u00fd pl\u00e1n, SWOT anal\u00fdza, re\u00e1lnos\u0165 PZ a stru\u010dn\u00fd podnikate\u013esk\u00fd z\u00e1mer v&nbsp;anglickom jazyku v&nbsp;rozsahu jednej A4 strany.<\/p>\n<p><strong>Podmienky s\u00fa\u0165a\u017ee:<\/strong><\/p>\n<ul>\n<li>Do s\u00fa\u0165a\u017ee sa m\u00f4\u017eu prihl\u00e1si\u0165 \u017eiaci <strong>cvi\u010dn\u00fdch firiem jednotlivo alebo maxim\u00e1lne troj\u010dlenn\u00e9 autorsk\u00e9 t\u00edmy<\/strong> (uvies\u0165 men\u00e1 autora\/autorov).<\/li>\n<li>Podnikate\u013esk\u00fd z\u00e1mer treba predlo\u017ei\u0165 v&nbsp;p\u00edsomnej podobe v slovenskom alebo \u010deskom jazyku v rozsahu <strong>maxim\u00e1lne 8 str\u00e1n A4<\/strong>. Pri spracovan\u00ed podnikate\u013esk\u00e9ho z\u00e1meru je vhodn\u00e9 aplikova\u0165 \u0161tandardn\u00fa \u0161trukt\u00faru podnikate\u013esk\u00e9ho pl\u00e1nu (z\u00e1kladn\u00e9 inform\u00e1cie o&nbsp;podnikate\u013eskom subjekte, s\u00eddlo, opis produktu, anal\u00fdza trhu, marketingov\u00fd pl\u00e1n, finan\u010dn\u00fd pl\u00e1n, person\u00e1lny pl\u00e1n, SWOT anal\u00fdza, zhrnutie v&nbsp;anglickom jazyku). Form\u00e1t *.doc, p\u00edsmo Times New Roman, ve\u013ekos\u0165 p\u00edsma 12, riadkovanie 1,5.<\/li>\n<li>Podnikate\u013esk\u00fd z\u00e1mer po\u017eadujeme posla\u0165 elektronicky na adresu <a href=\"mailto:sccf@siov.sk\">sccf@siov.sk<\/a> a v&nbsp;predmete spr\u00e1vy uvies\u0165 \u201e<strong>Najlep\u0161\u00ed podnikate\u013esk\u00fd z\u00e1mer\u201c<\/strong><\/li>\n<\/ul>\n<p><strong>Podporn\u00e9 online semin\u00e1re:<\/strong><\/p>\n<ul>\n<li>V&nbsp;kr\u00e1tkom \u010dase zverejn\u00edme term\u00edny pl\u00e1novan\u00fdch online semin\u00e1rov na t\u00e9mu \u201eAko nap\u00edsa\u0165 dobr\u00fd podnikate\u013esk\u00fd z\u00e1mer\u201c.<\/li>\n<\/ul>\n<p><strong>Odpor\u00fa\u010dan\u00e1 literat\u00fara:<\/strong><\/p>\n<ul>\n<li>Velichov\u00e1, \u013d., Horeck\u00e1, G., Hor\u00e1\u010dkov\u00e1, A., Z\u00e1me\u010dn\u00edkov\u00e1, Z.: Cvi\u010dn\u00e1 firma \u2013 praktikum. Bratislava: SPN, 2019.<\/li>\n<li>Kro\u0161l\u00e1kov\u00e1, M. a&nbsp;kolekt\u00edv: Podnikanie pre stredn\u00e9 odborn\u00e9 \u0161koly. Bratislava: Expol Pedagogika s. r. o., 2018.<\/li>\n<li>Srpov\u00e1 , J., Svobodov\u00e1, I., Skopal, P., Orl\u00edk, T. : Podnikate\u013esk\u00fd pl\u00e1n a&nbsp;strategie, Grada 2016<\/li>\n<li>https:\/\/www.podnikajte.sk\/eshop\/vzorove-podnikatelske-plany<\/li>\n<\/ul>\n<p><strong>Vyhodnotenie s\u00fa\u0165a\u017ee:<\/strong><\/p>\n<ul>\n<li>S\u00fa\u0165a\u017e bude hodnoten\u00e1 odbornou komisiou a bodov\u00e9 hodnotenie s\u00fa\u0165a\u017ee bude zverejnen\u00e9 na str\u00e1nkach SCCF <a href=\"http:\/\/www.siov.sk\">siov.sk<\/a> a <a href=\"http:\/\/www.sccf.sk\">www.sccf.sk<\/a><\/li>\n<li>Z\u00e1vere\u010dn\u00e9 vyhl\u00e1senie v\u00ed\u0165azov bude na Medzin\u00e1rodnom ve\u013etrhu cvi\u010dn\u00fdch firiem 2022<\/li>\n<\/ul>\n<p>Podrobnej\u0161ie inform\u00e1cie n\u00e1jdete na <a href=\"http:\/\/www.sccf.sk\">www.sccf.sk<\/a><\/p>\n<p>&nbsp;<\/p>","protected":false},"excerpt":{"rendered":"<p>\u0160t\u00e1tny in\u0161tit\u00fat odborn\u00e9ho vzdel\u00e1vania, odbor Finan\u010dnej gramotnosti, Slovensk\u00e9 centrum cvi\u010dn\u00fdch firiem a podpory smerovania ml\u00e1de\u017ee spolu s Katedrou pedagogiky Ekonomickej univerzity v Bratislave v partnerstve s Metropolitnou univerzitou Praha vyhlasuj\u00fa desiaty ro\u010dn\u00edk celoslovenskej s\u00fa\u0165a\u017ee \u201eNajlep\u0161\u00ed podnikate\u013esk\u00fd z\u00e1mer\u201c \u017eiakov cvi\u010dn\u00fdch firiem s&nbsp;medzin\u00e1rodnou \u00fa\u010das\u0165ou. &nbsp;Obsah a&nbsp;term\u00edny s\u00fa\u0165a\u017ee: S\u00fa\u0165a\u017en\u00e9 podklady je potrebn\u00e9 zasla\u0165 do septembra 2022 Zaslan\u00e9 podnikate\u013esk\u00e9 [&hellip;]<\/p>\n","protected":false},"author":6,"featured_media":6858,"comment_status":"closed","ping_status":"closed","sticky":false,"template":"","format":"standard","meta":{"site-sidebar-layout":"default","site-content-layout":"default","ast-site-content-layout":"default","site-content-style":"default","site-sidebar-style":"default","ast-global-header-display":"","ast-banner-title-visibility":"","ast-main-header-display":"","ast-hfb-above-header-display":"","ast-hfb-below-header-display":"","ast-hfb-mobile-header-display":"","site-post-title":"","ast-breadcrumbs-content":"","ast-featured-img":"","footer-sml-layout":"","ast-disable-related-posts":"","theme-transparent-header-meta":"default","adv-header-id-meta":"","stick-header-meta":"","header-above-stick-meta":"","header-main-stick-meta":"","header-below-stick-meta":"","astra-migrate-meta-layouts":"default","ast-page-background-enabled":"default","ast-page-background-meta":{"desktop":{"background-color":"var(--ast-global-color-4)","background-image":"","background-repeat":"repeat","background-position":"center center","background-size":"auto","background-attachment":"scroll","background-type":"","background-media":"","overlay-type":"","overlay-color":"","overlay-opacity":"","overlay-gradient":""},"tablet":{"background-color":"","background-image":"","background-repeat":"repeat","background-position":"center center","background-size":"auto","background-attachment":"scroll","background-type":"","background-media":"","overlay-type":"","overlay-color":"","overlay-opacity":"","overlay-gradient":""},"mobile":{"background-color":"","background-image":"","background-repeat":"repeat","background-position":"center center","background-size":"auto","background-attachment":"scroll","background-type":"","background-media":"","overlay-type":"","overlay-color":"","overlay-opacity":"","overlay-gradient":""}},"ast-content-background-meta":{"desktop":{"background-color":"var(--ast-global-color-5)","background-image":"","background-repeat":"repeat","background-position":"center center","background-size":"auto","background-attachment":"scroll","background-type":"","background-media":"","overlay-type":"","overlay-color":"","overlay-opacity":"","overlay-gradient":""},"tablet":{"background-color":"var(--ast-global-color-5)","background-image":"","background-repeat":"repeat","background-position":"center center","background-size":"auto","background-attachment":"scroll","background-type":"","background-media":"","overlay-type":"","overlay-color":"","overlay-opacity":"","overlay-gradient":""},"mobile":{"background-color":"var(--ast-global-color-5)","background-image":"","background-repeat":"repeat","background-position":"center center","background-size":"auto","background-attachment":"scroll","background-type":"","background-media":"","overlay-type":"","overlay-color":"","overlay-opacity":"","overlay-gradient":""}},"footnotes":""},"categories":[1],"tags":[],"class_list":["post-11316","post","type-post","status-publish","format-standard","has-post-thumbnail","hentry","category-aktuality"],"yoast_head":"<!-- This site is optimized with the Yoast SEO plugin v27.5 - https:\/\/yoast.com\/product\/yoast-seo-wordpress\/ -->\n<title>10. ro\u010dn\u00edk s\u00fa\u0165a\u017ee \u201eNajlep\u0161\u00ed podnikate\u013esk\u00fd z\u00e1mer\u201c s medzin\u00e1rodnou \u00fa\u010das\u0165ou - \u0160IOV - \u0161t\u00e1tny in\u0161tit\u00fat odborn\u00e9ho vzdel\u00e1vania<\/title>\n<meta name=\"robots\" content=\"index, follow, max-snippet:-1, max-image-preview:large, max-video-preview:-1\" \/>\n<link rel=\"canonical\" href=\"https:\/\/archiv.siov.sk\/en\/10-rocnik-sutaze-najlepsi-podnikatelsky-zamer-s-medzinarodnou-ucastou\/\" \/>\n<meta property=\"og:locale\" content=\"en_GB\" \/>\n<meta property=\"og:type\" content=\"article\" \/>\n<meta property=\"og:title\" content=\"10. ro\u010dn\u00edk s\u00fa\u0165a\u017ee \u201eNajlep\u0161\u00ed podnikate\u013esk\u00fd z\u00e1mer\u201c s medzin\u00e1rodnou \u00fa\u010das\u0165ou - \u0160IOV - \u0161t\u00e1tny in\u0161tit\u00fat odborn\u00e9ho vzdel\u00e1vania\" \/>\n<meta property=\"og:description\" content=\"\u0160t\u00e1tny in\u0161tit\u00fat odborn\u00e9ho vzdel\u00e1vania, odbor Finan\u010dnej gramotnosti, Slovensk\u00e9 centrum cvi\u010dn\u00fdch firiem a podpory smerovania ml\u00e1de\u017ee spolu s Katedrou pedagogiky Ekonomickej univerzity v Bratislave v partnerstve s Metropolitnou univerzitou Praha vyhlasuj\u00fa desiaty ro\u010dn\u00edk celoslovenskej s\u00fa\u0165a\u017ee \u201eNajlep\u0161\u00ed podnikate\u013esk\u00fd z\u00e1mer\u201c \u017eiakov cvi\u010dn\u00fdch firiem s&nbsp;medzin\u00e1rodnou \u00fa\u010das\u0165ou. &nbsp;Obsah a&nbsp;term\u00edny s\u00fa\u0165a\u017ee: S\u00fa\u0165a\u017en\u00e9 podklady je potrebn\u00e9 zasla\u0165 do septembra 2022 Zaslan\u00e9 podnikate\u013esk\u00e9 [&hellip;]\" \/>\n<meta property=\"og:url\" content=\"https:\/\/archiv.siov.sk\/en\/10-rocnik-sutaze-najlepsi-podnikatelsky-zamer-s-medzinarodnou-ucastou\/\" \/>\n<meta property=\"og:site_name\" content=\"\u0160IOV - \u0161t\u00e1tny in\u0161tit\u00fat odborn\u00e9ho vzdel\u00e1vania\" \/>\n<meta property=\"article:publisher\" content=\"https:\/\/www.facebook.com\/Statnyinstitutodbornehovzdelavania\" \/>\n<meta property=\"article:published_time\" content=\"2022-05-10T14:14:41+00:00\" \/>\n<meta property=\"og:image\" content=\"https:\/\/archiv.siov.sk\/wp-content\/uploads\/2020\/11\/SCCF.jpg\" \/>\n\t<meta property=\"og:image:width\" content=\"212\" \/>\n\t<meta property=\"og:image:height\" content=\"118\" \/>\n\t<meta property=\"og:image:type\" content=\"image\/jpeg\" \/>\n<meta name=\"author\" content=\"Katar\u00edna Kov\u00e1\u010dov\u00e1\" \/>\n<meta name=\"twitter:card\" content=\"summary_large_image\" \/>\n<meta name=\"twitter:label1\" content=\"Written by\" \/>\n\t<meta name=\"twitter:data1\" content=\"Katar\u00edna Kov\u00e1\u010dov\u00e1\" \/>\n\t<meta name=\"twitter:label2\" content=\"Estimated reading time\" \/>\n\t<meta name=\"twitter:data2\" content=\"2 minutes\" \/>\n<script type=\"application\/ld+json\" class=\"yoast-schema-graph\">{\"@context\":\"https:\\\/\\\/schema.org\",\"@graph\":[{\"@type\":\"Article\",\"@id\":\"https:\\\/\\\/archiv.siov.sk\\\/10-rocnik-sutaze-najlepsi-podnikatelsky-zamer-s-medzinarodnou-ucastou\\\/#article\",\"isPartOf\":{\"@id\":\"https:\\\/\\\/archiv.siov.sk\\\/10-rocnik-sutaze-najlepsi-podnikatelsky-zamer-s-medzinarodnou-ucastou\\\/\"},\"author\":{\"name\":\"Katar\u00edna Kov\u00e1\u010dov\u00e1\",\"@id\":\"https:\\\/\\\/archiv.siov.sk\\\/#\\\/schema\\\/person\\\/e42d633fbd958c6a726e8834d8965e6c\"},\"headline\":\"10. ro\u010dn\u00edk s\u00fa\u0165a\u017ee \u201eNajlep\u0161\u00ed podnikate\u013esk\u00fd z\u00e1mer\u201c s medzin\u00e1rodnou \u00fa\u010das\u0165ou\",\"datePublished\":\"2022-05-10T14:14:41+00:00\",\"mainEntityOfPage\":{\"@id\":\"https:\\\/\\\/archiv.siov.sk\\\/10-rocnik-sutaze-najlepsi-podnikatelsky-zamer-s-medzinarodnou-ucastou\\\/\"},\"wordCount\":500,\"publisher\":{\"@id\":\"https:\\\/\\\/archiv.siov.sk\\\/#organization\"},\"image\":{\"@id\":\"https:\\\/\\\/archiv.siov.sk\\\/10-rocnik-sutaze-najlepsi-podnikatelsky-zamer-s-medzinarodnou-ucastou\\\/#primaryimage\"},\"thumbnailUrl\":\"https:\\\/\\\/archiv.siov.sk\\\/wp-content\\\/uploads\\\/2020\\\/11\\\/SCCF.jpg\",\"articleSection\":[\"Aktuality\"],\"inLanguage\":\"en-GB\"},{\"@type\":\"WebPage\",\"@id\":\"https:\\\/\\\/archiv.siov.sk\\\/10-rocnik-sutaze-najlepsi-podnikatelsky-zamer-s-medzinarodnou-ucastou\\\/\",\"url\":\"https:\\\/\\\/archiv.siov.sk\\\/10-rocnik-sutaze-najlepsi-podnikatelsky-zamer-s-medzinarodnou-ucastou\\\/\",\"name\":\"10. ro\u010dn\u00edk s\u00fa\u0165a\u017ee \u201eNajlep\u0161\u00ed podnikate\u013esk\u00fd z\u00e1mer\u201c s medzin\u00e1rodnou \u00fa\u010das\u0165ou - \u0160IOV - \u0161t\u00e1tny in\u0161tit\u00fat odborn\u00e9ho vzdel\u00e1vania\",\"isPartOf\":{\"@id\":\"https:\\\/\\\/archiv.siov.sk\\\/#website\"},\"primaryImageOfPage\":{\"@id\":\"https:\\\/\\\/archiv.siov.sk\\\/10-rocnik-sutaze-najlepsi-podnikatelsky-zamer-s-medzinarodnou-ucastou\\\/#primaryimage\"},\"image\":{\"@id\":\"https:\\\/\\\/archiv.siov.sk\\\/10-rocnik-sutaze-najlepsi-podnikatelsky-zamer-s-medzinarodnou-ucastou\\\/#primaryimage\"},\"thumbnailUrl\":\"https:\\\/\\\/archiv.siov.sk\\\/wp-content\\\/uploads\\\/2020\\\/11\\\/SCCF.jpg\",\"datePublished\":\"2022-05-10T14:14:41+00:00\",\"breadcrumb\":{\"@id\":\"https:\\\/\\\/archiv.siov.sk\\\/10-rocnik-sutaze-najlepsi-podnikatelsky-zamer-s-medzinarodnou-ucastou\\\/#breadcrumb\"},\"inLanguage\":\"en-GB\",\"potentialAction\":[{\"@type\":\"ReadAction\",\"target\":[\"https:\\\/\\\/archiv.siov.sk\\\/10-rocnik-sutaze-najlepsi-podnikatelsky-zamer-s-medzinarodnou-ucastou\\\/\"]}]},{\"@type\":\"ImageObject\",\"inLanguage\":\"en-GB\",\"@id\":\"https:\\\/\\\/archiv.siov.sk\\\/10-rocnik-sutaze-najlepsi-podnikatelsky-zamer-s-medzinarodnou-ucastou\\\/#primaryimage\",\"url\":\"https:\\\/\\\/archiv.siov.sk\\\/wp-content\\\/uploads\\\/2020\\\/11\\\/SCCF.jpg\",\"contentUrl\":\"https:\\\/\\\/archiv.siov.sk\\\/wp-content\\\/uploads\\\/2020\\\/11\\\/SCCF.jpg\",\"width\":212,\"height\":118},{\"@type\":\"BreadcrumbList\",\"@id\":\"https:\\\/\\\/archiv.siov.sk\\\/10-rocnik-sutaze-najlepsi-podnikatelsky-zamer-s-medzinarodnou-ucastou\\\/#breadcrumb\",\"itemListElement\":[{\"@type\":\"ListItem\",\"position\":1,\"name\":\"Home\",\"item\":\"https:\\\/\\\/archiv.siov.sk\\\/\"},{\"@type\":\"ListItem\",\"position\":2,\"name\":\"10. ro\u010dn\u00edk s\u00fa\u0165a\u017ee \u201eNajlep\u0161\u00ed podnikate\u013esk\u00fd z\u00e1mer\u201c s medzin\u00e1rodnou \u00fa\u010das\u0165ou\"}]},{\"@type\":\"WebSite\",\"@id\":\"https:\\\/\\\/archiv.siov.sk\\\/#website\",\"url\":\"https:\\\/\\\/archiv.siov.sk\\\/\",\"name\":\"\u0160IOV - \u0161t\u00e1tny in\u0161tit\u00fat odborn\u00e9ho vzdel\u00e1vania\",\"description\":\"\",\"publisher\":{\"@id\":\"https:\\\/\\\/archiv.siov.sk\\\/#organization\"},\"potentialAction\":[{\"@type\":\"SearchAction\",\"target\":{\"@type\":\"EntryPoint\",\"urlTemplate\":\"https:\\\/\\\/archiv.siov.sk\\\/?s={search_term_string}\"},\"query-input\":{\"@type\":\"PropertyValueSpecification\",\"valueRequired\":true,\"valueName\":\"search_term_string\"}}],\"inLanguage\":\"en-GB\"},{\"@type\":\"Organization\",\"@id\":\"https:\\\/\\\/archiv.siov.sk\\\/#organization\",\"name\":\"\u0160IOV - \u0161t\u00e1tny in\u0161tit\u00fat odborn\u00e9ho vzdel\u00e1vania\",\"url\":\"https:\\\/\\\/archiv.siov.sk\\\/\",\"logo\":{\"@type\":\"ImageObject\",\"inLanguage\":\"en-GB\",\"@id\":\"https:\\\/\\\/archiv.siov.sk\\\/#\\\/schema\\\/logo\\\/image\\\/\",\"url\":\"https:\\\/\\\/archiv.siov.sk\\\/wp-content\\\/uploads\\\/2024\\\/02\\\/logo-SIOV.png\",\"contentUrl\":\"https:\\\/\\\/archiv.siov.sk\\\/wp-content\\\/uploads\\\/2024\\\/02\\\/logo-SIOV.png\",\"width\":431,\"height\":143,\"caption\":\"\u0160IOV - \u0161t\u00e1tny in\u0161tit\u00fat odborn\u00e9ho vzdel\u00e1vania\"},\"image\":{\"@id\":\"https:\\\/\\\/archiv.siov.sk\\\/#\\\/schema\\\/logo\\\/image\\\/\"},\"sameAs\":[\"https:\\\/\\\/www.facebook.com\\\/Statnyinstitutodbornehovzdelavania\"]},{\"@type\":\"Person\",\"@id\":\"https:\\\/\\\/archiv.siov.sk\\\/#\\\/schema\\\/person\\\/e42d633fbd958c6a726e8834d8965e6c\",\"name\":\"Katar\u00edna Kov\u00e1\u010dov\u00e1\",\"url\":\"https:\\\/\\\/archiv.siov.sk\\\/en\\\/author\\\/katkakovacova\\\/\"}]}<\/script>\n<!-- \/ Yoast SEO plugin. -->","yoast_head_json":{"title":"10. ro\u010dn\u00edk s\u00fa\u0165a\u017ee \u201eNajlep\u0161\u00ed podnikate\u013esk\u00fd z\u00e1mer\u201c s medzin\u00e1rodnou \u00fa\u010das\u0165ou - \u0160IOV - \u0161t\u00e1tny in\u0161tit\u00fat odborn\u00e9ho vzdel\u00e1vania","robots":{"index":"index","follow":"follow","max-snippet":"max-snippet:-1","max-image-preview":"max-image-preview:large","max-video-preview":"max-video-preview:-1"},"canonical":"https:\/\/archiv.siov.sk\/en\/10-rocnik-sutaze-najlepsi-podnikatelsky-zamer-s-medzinarodnou-ucastou\/","og_locale":"en_GB","og_type":"article","og_title":"10. ro\u010dn\u00edk s\u00fa\u0165a\u017ee \u201eNajlep\u0161\u00ed podnikate\u013esk\u00fd z\u00e1mer\u201c s medzin\u00e1rodnou \u00fa\u010das\u0165ou - \u0160IOV - \u0161t\u00e1tny in\u0161tit\u00fat odborn\u00e9ho vzdel\u00e1vania","og_description":"\u0160t\u00e1tny in\u0161tit\u00fat odborn\u00e9ho vzdel\u00e1vania, odbor Finan\u010dnej gramotnosti, Slovensk\u00e9 centrum cvi\u010dn\u00fdch firiem a podpory smerovania ml\u00e1de\u017ee spolu s Katedrou pedagogiky Ekonomickej univerzity v Bratislave v partnerstve s Metropolitnou univerzitou Praha vyhlasuj\u00fa desiaty ro\u010dn\u00edk celoslovenskej s\u00fa\u0165a\u017ee \u201eNajlep\u0161\u00ed podnikate\u013esk\u00fd z\u00e1mer\u201c \u017eiakov cvi\u010dn\u00fdch firiem s&nbsp;medzin\u00e1rodnou \u00fa\u010das\u0165ou. &nbsp;Obsah a&nbsp;term\u00edny s\u00fa\u0165a\u017ee: S\u00fa\u0165a\u017en\u00e9 podklady je potrebn\u00e9 zasla\u0165 do septembra 2022 Zaslan\u00e9 podnikate\u013esk\u00e9 [&hellip;]","og_url":"https:\/\/archiv.siov.sk\/en\/10-rocnik-sutaze-najlepsi-podnikatelsky-zamer-s-medzinarodnou-ucastou\/","og_site_name":"\u0160IOV - \u0161t\u00e1tny in\u0161tit\u00fat odborn\u00e9ho vzdel\u00e1vania","article_publisher":"https:\/\/www.facebook.com\/Statnyinstitutodbornehovzdelavania","article_published_time":"2022-05-10T14:14:41+00:00","og_image":[{"width":212,"height":118,"url":"https:\/\/archiv.siov.sk\/wp-content\/uploads\/2020\/11\/SCCF.jpg","type":"image\/jpeg"}],"author":"Katar\u00edna Kov\u00e1\u010dov\u00e1","twitter_card":"summary_large_image","twitter_misc":{"Written by":"Katar\u00edna Kov\u00e1\u010dov\u00e1","Estimated reading time":"2 minutes"},"schema":{"@context":"https:\/\/schema.org","@graph":[{"@type":"Article","@id":"https:\/\/archiv.siov.sk\/10-rocnik-sutaze-najlepsi-podnikatelsky-zamer-s-medzinarodnou-ucastou\/#article","isPartOf":{"@id":"https:\/\/archiv.siov.sk\/10-rocnik-sutaze-najlepsi-podnikatelsky-zamer-s-medzinarodnou-ucastou\/"},"author":{"name":"Katar\u00edna Kov\u00e1\u010dov\u00e1","@id":"https:\/\/archiv.siov.sk\/#\/schema\/person\/e42d633fbd958c6a726e8834d8965e6c"},"headline":"10. ro\u010dn\u00edk s\u00fa\u0165a\u017ee \u201eNajlep\u0161\u00ed podnikate\u013esk\u00fd z\u00e1mer\u201c s medzin\u00e1rodnou \u00fa\u010das\u0165ou","datePublished":"2022-05-10T14:14:41+00:00","mainEntityOfPage":{"@id":"https:\/\/archiv.siov.sk\/10-rocnik-sutaze-najlepsi-podnikatelsky-zamer-s-medzinarodnou-ucastou\/"},"wordCount":500,"publisher":{"@id":"https:\/\/archiv.siov.sk\/#organization"},"image":{"@id":"https:\/\/archiv.siov.sk\/10-rocnik-sutaze-najlepsi-podnikatelsky-zamer-s-medzinarodnou-ucastou\/#primaryimage"},"thumbnailUrl":"https:\/\/archiv.siov.sk\/wp-content\/uploads\/2020\/11\/SCCF.jpg","articleSection":["Aktuality"],"inLanguage":"en-GB"},{"@type":"WebPage","@id":"https:\/\/archiv.siov.sk\/10-rocnik-sutaze-najlepsi-podnikatelsky-zamer-s-medzinarodnou-ucastou\/","url":"https:\/\/archiv.siov.sk\/10-rocnik-sutaze-najlepsi-podnikatelsky-zamer-s-medzinarodnou-ucastou\/","name":"10. ro\u010dn\u00edk s\u00fa\u0165a\u017ee \u201eNajlep\u0161\u00ed podnikate\u013esk\u00fd z\u00e1mer\u201c s medzin\u00e1rodnou \u00fa\u010das\u0165ou - \u0160IOV - \u0161t\u00e1tny in\u0161tit\u00fat odborn\u00e9ho vzdel\u00e1vania","isPartOf":{"@id":"https:\/\/archiv.siov.sk\/#website"},"primaryImageOfPage":{"@id":"https:\/\/archiv.siov.sk\/10-rocnik-sutaze-najlepsi-podnikatelsky-zamer-s-medzinarodnou-ucastou\/#primaryimage"},"image":{"@id":"https:\/\/archiv.siov.sk\/10-rocnik-sutaze-najlepsi-podnikatelsky-zamer-s-medzinarodnou-ucastou\/#primaryimage"},"thumbnailUrl":"https:\/\/archiv.siov.sk\/wp-content\/uploads\/2020\/11\/SCCF.jpg","datePublished":"2022-05-10T14:14:41+00:00","breadcrumb":{"@id":"https:\/\/archiv.siov.sk\/10-rocnik-sutaze-najlepsi-podnikatelsky-zamer-s-medzinarodnou-ucastou\/#breadcrumb"},"inLanguage":"en-GB","potentialAction":[{"@type":"ReadAction","target":["https:\/\/archiv.siov.sk\/10-rocnik-sutaze-najlepsi-podnikatelsky-zamer-s-medzinarodnou-ucastou\/"]}]},{"@type":"ImageObject","inLanguage":"en-GB","@id":"https:\/\/archiv.siov.sk\/10-rocnik-sutaze-najlepsi-podnikatelsky-zamer-s-medzinarodnou-ucastou\/#primaryimage","url":"https:\/\/archiv.siov.sk\/wp-content\/uploads\/2020\/11\/SCCF.jpg","contentUrl":"https:\/\/archiv.siov.sk\/wp-content\/uploads\/2020\/11\/SCCF.jpg","width":212,"height":118},{"@type":"BreadcrumbList","@id":"https:\/\/archiv.siov.sk\/10-rocnik-sutaze-najlepsi-podnikatelsky-zamer-s-medzinarodnou-ucastou\/#breadcrumb","itemListElement":[{"@type":"ListItem","position":1,"name":"Home","item":"https:\/\/archiv.siov.sk\/"},{"@type":"ListItem","position":2,"name":"10. ro\u010dn\u00edk s\u00fa\u0165a\u017ee \u201eNajlep\u0161\u00ed podnikate\u013esk\u00fd z\u00e1mer\u201c s medzin\u00e1rodnou \u00fa\u010das\u0165ou"}]},{"@type":"WebSite","@id":"https:\/\/archiv.siov.sk\/#website","url":"https:\/\/archiv.siov.sk\/","name":"\u0160IOV - \u0161t\u00e1tny in\u0161tit\u00fat odborn\u00e9ho vzdel\u00e1vania","description":"","publisher":{"@id":"https:\/\/archiv.siov.sk\/#organization"},"potentialAction":[{"@type":"SearchAction","target":{"@type":"EntryPoint","urlTemplate":"https:\/\/archiv.siov.sk\/?s={search_term_string}"},"query-input":{"@type":"PropertyValueSpecification","valueRequired":true,"valueName":"search_term_string"}}],"inLanguage":"en-GB"},{"@type":"Organization","@id":"https:\/\/archiv.siov.sk\/#organization","name":"\u0160IOV - \u0161t\u00e1tny in\u0161tit\u00fat odborn\u00e9ho vzdel\u00e1vania","url":"https:\/\/archiv.siov.sk\/","logo":{"@type":"ImageObject","inLanguage":"en-GB","@id":"https:\/\/archiv.siov.sk\/#\/schema\/logo\/image\/","url":"https:\/\/archiv.siov.sk\/wp-content\/uploads\/2024\/02\/logo-SIOV.png","contentUrl":"https:\/\/archiv.siov.sk\/wp-content\/uploads\/2024\/02\/logo-SIOV.png","width":431,"height":143,"caption":"\u0160IOV - \u0161t\u00e1tny in\u0161tit\u00fat odborn\u00e9ho vzdel\u00e1vania"},"image":{"@id":"https:\/\/archiv.siov.sk\/#\/schema\/logo\/image\/"},"sameAs":["https:\/\/www.facebook.com\/Statnyinstitutodbornehovzdelavania"]},{"@type":"Person","@id":"https:\/\/archiv.siov.sk\/#\/schema\/person\/e42d633fbd958c6a726e8834d8965e6c","name":"Katar\u00edna Kov\u00e1\u010dov\u00e1","url":"https:\/\/archiv.siov.sk\/en\/author\/katkakovacova\/"}]}},"_links":{"self":[{"href":"https:\/\/archiv.siov.sk\/en\/wp-json\/wp\/v2\/posts\/11316","targetHints":{"allow":["GET"]}}],"collection":[{"href":"https:\/\/archiv.siov.sk\/en\/wp-json\/wp\/v2\/posts"}],"about":[{"href":"https:\/\/archiv.siov.sk\/en\/wp-json\/wp\/v2\/types\/post"}],"author":[{"embeddable":true,"href":"https:\/\/archiv.siov.sk\/en\/wp-json\/wp\/v2\/users\/6"}],"replies":[{"embeddable":true,"href":"https:\/\/archiv.siov.sk\/en\/wp-json\/wp\/v2\/comments?post=11316"}],"version-history":[{"count":2,"href":"https:\/\/archiv.siov.sk\/en\/wp-json\/wp\/v2\/posts\/11316\/revisions"}],"predecessor-version":[{"id":11318,"href":"https:\/\/archiv.siov.sk\/en\/wp-json\/wp\/v2\/posts\/11316\/revisions\/11318"}],"wp:featuredmedia":[{"embeddable":true,"href":"https:\/\/archiv.siov.sk\/en\/wp-json\/wp\/v2\/media\/6858"}],"wp:attachment":[{"href":"https:\/\/archiv.siov.sk\/en\/wp-json\/wp\/v2\/media?parent=11316"}],"wp:term":[{"taxonomy":"category","embeddable":true,"href":"https:\/\/archiv.siov.sk\/en\/wp-json\/wp\/v2\/categories?post=11316"},{"taxonomy":"post_tag","embeddable":true,"href":"https:\/\/archiv.siov.sk\/en\/wp-json\/wp\/v2\/tags?post=11316"}],"curies":[{"name":"wp","href":"https:\/\/api.w.org\/{rel}","templated":true}]}}