{"id":11292,"date":"2022-05-04T12:43:27","date_gmt":"2022-05-04T10:43:27","guid":{"rendered":"https:\/\/archiv.siov.sk\/?p=11292"},"modified":"2022-05-04T12:43:27","modified_gmt":"2022-05-04T10:43:27","slug":"otrokovice-hostili-mladych-ucastnikov-medzinarodnej-konferencie-enersol-eu","status":"publish","type":"post","link":"https:\/\/archiv.siov.sk\/en\/otrokovice-hostili-mladych-ucastnikov-medzinarodnej-konferencie-enersol-eu\/","title":{"rendered":"Otrokovice hostili mlad\u00fdch \u00fa\u010dastn\u00edkov medzin\u00e1rodnej konferencie ENERSOL-E\u00da"},"content":{"rendered":"<p style=\"text-align: justify;\">T\u00e9my obnovite\u013en\u00fdch zdrojov energie, zni\u017eovania energetickej n\u00e1ro\u010dnosti, obmedzovania uhl\u00edkovej stopy a hospod\u00e1renia s&nbsp;vodou a&nbsp;odpadmi rezonovali v&nbsp;odborn\u00fdch pr\u00e1cach stredo\u0161kol\u00e1kov eur\u00f3pskych kraj\u00edn na 19. ro\u010dn\u00edku Medzin\u00e1rodnej konferencie&nbsp; ENERSOL-E\u00da.<\/p>\n<p style=\"text-align: justify;\">Pod gestorstvom Strednej priemyselnej&nbsp; \u0161koly&nbsp; v \u010desk\u00fdch Otrokoviciach sa 21.-22. apr\u00edla stretli stredo\u0161kol\u00e1ci a pedag\u00f3govia \u0161k\u00f4l z Rak\u00faska, Nemecka, Slovinska, Slovenska a \u010ceskej republiky v celkovom po\u010dte 160 deleg\u00e1tov, aby prezentovali v\u00ed\u0165azn\u00e9 pr\u00e1ce n\u00e1rodn\u00fdch s\u00fa\u0165a\u017en\u00fdch k\u00f4l ENERSOL. Cie\u013eom konferencie bolo podpori\u0165 vzdel\u00e1vanie v oblasti obnovite\u013en\u00fdch zdrojov energie, energetick\u00fdch \u00faspor, obmedzenia emisi\u00ed, hospod\u00e1renia s vodou a odpadmi formou presadzovania \u0161etrn\u00fdch technol\u00f3gi\u00ed a \u00faspor k ochrane \u017eivotn\u00e9ho prostredia. Projekt usiluje o medzin\u00e1rodn\u00fa spolupr\u00e1cu a vytvorenie podmienok pre zdie\u013eanie znalost\u00ed a sk\u00fasenost\u00ed medzi \u017eiakmi partnersk\u00fdch zem\u00ed. Je s\u00fa\u010das\u0165ou programu podpory talentovan\u00fdch \u017eiakov stredn\u00fdch \u0161k\u00f4l a populariz\u00e1ciu technick\u00fdch odborov.<\/p>\n<p style=\"text-align: justify;\">Medzin\u00e1rodn\u00fa konferenciu podporil Zl\u00ednsk\u00fd kraj a mesto Otrokovice s&nbsp;osobn\u00fdmi z\u00e1\u0161titami hejtmana Zl\u00ednsk\u00e9ho kraja Ing. Radima Holi\u0161e a starostky mesta Otrokovice Mgr. Hany Ve\u010derkov\u00e9 a&nbsp;Ji\u0159\u00edho Herodesa, predsedu rady partnerov ENERSOL. Gestorom podujatia bol Enersol CZech. Z. s. a&nbsp;Stredn\u00e1 priemyseln\u00e1 \u0161kola Otrokovice. Z\u00e1\u0161titu projektu Enersol poskytli Ministerstvo pr\u016fmyslu a obchodu a Ministerstvo \u017eivotn\u00edho prost\u0159ed\u00ed, Ministerstvo \u0161kolstv\u00ed, ml\u00e1de\u017ee a&nbsp;t\u011blov\u00fdchovy v zast\u00fapen\u00ed Petrom Gazd\u00edkom ministrom \u0161kolstva, ml\u00e1de\u017ee a&nbsp;telov\u00fdchovy,&nbsp; ktor\u00fd s\u00fa\u010dasne sl\u00e1vnostne otvoril konferenciu. &nbsp;<\/p>\n<p style=\"text-align: justify;\">Po sl\u00e1vnostnom &nbsp;otvoren\u00ed &nbsp;&nbsp;postupne \u017eiaci &nbsp;v anglickom jazyku predstavili&nbsp; svoje odborn\u00e9 s\u00fa\u0165a\u017en\u00e9 pr\u00e1ce. Oba dni &nbsp;s\u00fa\u0165a\u017eilo 21 projektov, ktor\u00e9 prezentovalo suver\u00e9nne&nbsp; tridsa\u0165 mlad\u00fdch stredo\u0161kol\u00e1kov.&nbsp;&nbsp; Zo Slovenska sa&nbsp; aktivity z\u00fa\u010dastnilo sedem \u017eiakov. &nbsp;&nbsp;Zauj\u00edmav\u00fd pre&nbsp; \u00fa\u010dastn\u00edkov bol aj sprievodn\u00fd program &#8211; Science show pre \u017eiakov &nbsp;a pedag\u00f3gov, exkurzia do Continental Barum, prehliadka m\u00fazea Harley Davidson a&nbsp;m\u00fazea juhov\u00fdchodnej Moravy v Zl\u00edne. &nbsp;Odborn\u00fa porotu tvoril t\u00edm z &nbsp;N\u00e1rodn\u00e9ho pedagogick\u00e9ho in\u0161tit\u00fatu Praha.&nbsp;<\/p>\n<p style=\"text-align: justify;\">Pr\u00edtomn\u00fdch&nbsp; zaujala &nbsp;pr\u00e1ca Slavom\u00edry Ko\u0161\u010dovej zo&nbsp; Strednej&nbsp; odbornej&nbsp; \u0161koly &nbsp;Star\u00e1 Tur\u00e1 s n\u00e1zvom \u201e Auton\u00f3mne ter\u00e1rium\u201c.&nbsp; Slovensk\u00fa deleg\u00e1ciu &nbsp;\u010falej&nbsp; zastupovali&nbsp; \u017eiaci zo&nbsp; Strednej priemyselnej dopravnej \u0161koly Trnava,&nbsp; Strednej priemyselnej \u0161koly Trnava, Strednej priemyselnej \u0161koly dopravnej &nbsp;Zvolen, Strednej \u0161koly Nov\u00e9 Z\u00e1mky, Strednej \u0161koly Bansk\u00e1 Bystrica \u2013 Kremni\u010dka a &nbsp;Strednej priemyselnej \u0161koly elektrotechnickej Ko\u0161ice. V\u0161etci \u00fa\u010dastn\u00edci z\u00edskali mimoriadne ocenenia za akt\u00edvnu \u00fa\u010das\u0165. &nbsp;<\/p>\n<p style=\"text-align: justify;\">Slovensk\u00fa deleg\u00e1ciu podporila Celo\u0161t\u00e1tna odborn\u00e1 komisia ENERSOL pod veden\u00edm predsedn\u00ed\u010dky Danice Rapantovej zo Strednej odbornej \u0161koly podnikania v&nbsp;remesl\u00e1ch a&nbsp;slu\u017eb\u00e1ch Senica a&nbsp;\u0160t\u00e1tny in\u0161tit\u00fat odborn\u00e9ho vzdel\u00e1vania Bratislava.&nbsp; &nbsp;<\/p>\n<p>&nbsp;<\/p>\n<p>&nbsp;<\/p>\n<p>&nbsp;<\/p>\n<p>&nbsp;<\/p>","protected":false},"excerpt":{"rendered":"<p>T\u00e9my obnovite\u013en\u00fdch zdrojov energie, zni\u017eovania energetickej n\u00e1ro\u010dnosti, obmedzovania uhl\u00edkovej stopy a hospod\u00e1renia s&nbsp;vodou a&nbsp;odpadmi rezonovali v&nbsp;odborn\u00fdch pr\u00e1cach stredo\u0161kol\u00e1kov eur\u00f3pskych kraj\u00edn na 19. ro\u010dn\u00edku Medzin\u00e1rodnej konferencie&nbsp; ENERSOL-E\u00da. Pod gestorstvom Strednej priemyselnej&nbsp; \u0161koly&nbsp; v \u010desk\u00fdch Otrokoviciach sa 21.-22. apr\u00edla stretli stredo\u0161kol\u00e1ci a pedag\u00f3govia \u0161k\u00f4l z Rak\u00faska, Nemecka, Slovinska, Slovenska a \u010ceskej republiky v celkovom po\u010dte 160 deleg\u00e1tov, [&hellip;]<\/p>\n","protected":false},"author":6,"featured_media":11294,"comment_status":"closed","ping_status":"closed","sticky":false,"template":"","format":"standard","meta":{"site-sidebar-layout":"default","site-content-layout":"default","ast-site-content-layout":"default","site-content-style":"default","site-sidebar-style":"default","ast-global-header-display":"","ast-banner-title-visibility":"","ast-main-header-display":"","ast-hfb-above-header-display":"","ast-hfb-below-header-display":"","ast-hfb-mobile-header-display":"","site-post-title":"","ast-breadcrumbs-content":"","ast-featured-img":"","footer-sml-layout":"","ast-disable-related-posts":"","theme-transparent-header-meta":"default","adv-header-id-meta":"","stick-header-meta":"","header-above-stick-meta":"","header-main-stick-meta":"","header-below-stick-meta":"","astra-migrate-meta-layouts":"default","ast-page-background-enabled":"default","ast-page-background-meta":{"desktop":{"background-color":"var(--ast-global-color-4)","background-image":"","background-repeat":"repeat","background-position":"center center","background-size":"auto","background-attachment":"scroll","background-type":"","background-media":"","overlay-type":"","overlay-color":"","overlay-opacity":"","overlay-gradient":""},"tablet":{"background-color":"","background-image":"","background-repeat":"repeat","background-position":"center center","background-size":"auto","background-attachment":"scroll","background-type":"","background-media":"","overlay-type":"","overlay-color":"","overlay-opacity":"","overlay-gradient":""},"mobile":{"background-color":"","background-image":"","background-repeat":"repeat","background-position":"center center","background-size":"auto","background-attachment":"scroll","background-type":"","background-media":"","overlay-type":"","overlay-color":"","overlay-opacity":"","overlay-gradient":""}},"ast-content-background-meta":{"desktop":{"background-color":"var(--ast-global-color-5)","background-image":"","background-repeat":"repeat","background-position":"center center","background-size":"auto","background-attachment":"scroll","background-type":"","background-media":"","overlay-type":"","overlay-color":"","overlay-opacity":"","overlay-gradient":""},"tablet":{"background-color":"var(--ast-global-color-5)","background-image":"","background-repeat":"repeat","background-position":"center center","background-size":"auto","background-attachment":"scroll","background-type":"","background-media":"","overlay-type":"","overlay-color":"","overlay-opacity":"","overlay-gradient":""},"mobile":{"background-color":"var(--ast-global-color-5)","background-image":"","background-repeat":"repeat","background-position":"center center","background-size":"auto","background-attachment":"scroll","background-type":"","background-media":"","overlay-type":"","overlay-color":"","overlay-opacity":"","overlay-gradient":""}},"footnotes":""},"categories":[1],"tags":[],"class_list":["post-11292","post","type-post","status-publish","format-standard","has-post-thumbnail","hentry","category-aktuality"],"yoast_head":"<!-- This site is optimized with the Yoast SEO plugin v27.5 - https:\/\/yoast.com\/product\/yoast-seo-wordpress\/ -->\n<title>Otrokovice hostili mlad\u00fdch \u00fa\u010dastn\u00edkov medzin\u00e1rodnej konferencie ENERSOL-E\u00da - \u0160IOV - \u0161t\u00e1tny in\u0161tit\u00fat odborn\u00e9ho vzdel\u00e1vania<\/title>\n<meta name=\"robots\" content=\"index, follow, max-snippet:-1, max-image-preview:large, max-video-preview:-1\" \/>\n<link rel=\"canonical\" href=\"https:\/\/archiv.siov.sk\/en\/otrokovice-hostili-mladych-ucastnikov-medzinarodnej-konferencie-enersol-eu\/\" \/>\n<meta property=\"og:locale\" content=\"en_GB\" \/>\n<meta property=\"og:type\" content=\"article\" \/>\n<meta property=\"og:title\" content=\"Otrokovice hostili mlad\u00fdch \u00fa\u010dastn\u00edkov medzin\u00e1rodnej konferencie ENERSOL-E\u00da - \u0160IOV - \u0161t\u00e1tny in\u0161tit\u00fat odborn\u00e9ho vzdel\u00e1vania\" \/>\n<meta property=\"og:description\" content=\"T\u00e9my obnovite\u013en\u00fdch zdrojov energie, zni\u017eovania energetickej n\u00e1ro\u010dnosti, obmedzovania uhl\u00edkovej stopy a hospod\u00e1renia s&nbsp;vodou a&nbsp;odpadmi rezonovali v&nbsp;odborn\u00fdch pr\u00e1cach stredo\u0161kol\u00e1kov eur\u00f3pskych kraj\u00edn na 19. ro\u010dn\u00edku Medzin\u00e1rodnej konferencie&nbsp; ENERSOL-E\u00da. Pod gestorstvom Strednej priemyselnej&nbsp; \u0161koly&nbsp; v \u010desk\u00fdch Otrokoviciach sa 21.-22. apr\u00edla stretli stredo\u0161kol\u00e1ci a pedag\u00f3govia \u0161k\u00f4l z Rak\u00faska, Nemecka, Slovinska, Slovenska a \u010ceskej republiky v celkovom po\u010dte 160 deleg\u00e1tov, [&hellip;]\" \/>\n<meta property=\"og:url\" content=\"https:\/\/archiv.siov.sk\/en\/otrokovice-hostili-mladych-ucastnikov-medzinarodnej-konferencie-enersol-eu\/\" \/>\n<meta property=\"og:site_name\" content=\"\u0160IOV - \u0161t\u00e1tny in\u0161tit\u00fat odborn\u00e9ho vzdel\u00e1vania\" \/>\n<meta property=\"article:publisher\" content=\"https:\/\/www.facebook.com\/Statnyinstitutodbornehovzdelavania\" \/>\n<meta property=\"article:published_time\" content=\"2022-05-04T10:43:27+00:00\" \/>\n<meta property=\"og:image\" content=\"https:\/\/archiv.siov.sk\/wp-content\/uploads\/2022\/05\/foto-ENERSOL-2022.jpg\" \/>\n\t<meta property=\"og:image:width\" content=\"912\" \/>\n\t<meta property=\"og:image:height\" content=\"518\" \/>\n\t<meta property=\"og:image:type\" content=\"image\/jpeg\" \/>\n<meta name=\"author\" content=\"Katar\u00edna Kov\u00e1\u010dov\u00e1\" \/>\n<meta name=\"twitter:card\" content=\"summary_large_image\" \/>\n<meta name=\"twitter:label1\" content=\"Written by\" \/>\n\t<meta name=\"twitter:data1\" content=\"Katar\u00edna Kov\u00e1\u010dov\u00e1\" \/>\n\t<meta name=\"twitter:label2\" content=\"Estimated reading time\" \/>\n\t<meta name=\"twitter:data2\" content=\"2 minutes\" \/>\n<script type=\"application\/ld+json\" class=\"yoast-schema-graph\">{\"@context\":\"https:\\\/\\\/schema.org\",\"@graph\":[{\"@type\":\"Article\",\"@id\":\"https:\\\/\\\/archiv.siov.sk\\\/otrokovice-hostili-mladych-ucastnikov-medzinarodnej-konferencie-enersol-eu\\\/#article\",\"isPartOf\":{\"@id\":\"https:\\\/\\\/archiv.siov.sk\\\/otrokovice-hostili-mladych-ucastnikov-medzinarodnej-konferencie-enersol-eu\\\/\"},\"author\":{\"name\":\"Katar\u00edna Kov\u00e1\u010dov\u00e1\",\"@id\":\"https:\\\/\\\/archiv.siov.sk\\\/#\\\/schema\\\/person\\\/e42d633fbd958c6a726e8834d8965e6c\"},\"headline\":\"Otrokovice hostili mlad\u00fdch \u00fa\u010dastn\u00edkov medzin\u00e1rodnej konferencie ENERSOL-E\u00da\",\"datePublished\":\"2022-05-04T10:43:27+00:00\",\"mainEntityOfPage\":{\"@id\":\"https:\\\/\\\/archiv.siov.sk\\\/otrokovice-hostili-mladych-ucastnikov-medzinarodnej-konferencie-enersol-eu\\\/\"},\"wordCount\":546,\"publisher\":{\"@id\":\"https:\\\/\\\/archiv.siov.sk\\\/#organization\"},\"image\":{\"@id\":\"https:\\\/\\\/archiv.siov.sk\\\/otrokovice-hostili-mladych-ucastnikov-medzinarodnej-konferencie-enersol-eu\\\/#primaryimage\"},\"thumbnailUrl\":\"https:\\\/\\\/archiv.siov.sk\\\/wp-content\\\/uploads\\\/2022\\\/05\\\/foto-ENERSOL-2022.jpg\",\"articleSection\":[\"Aktuality\"],\"inLanguage\":\"en-GB\"},{\"@type\":\"WebPage\",\"@id\":\"https:\\\/\\\/archiv.siov.sk\\\/otrokovice-hostili-mladych-ucastnikov-medzinarodnej-konferencie-enersol-eu\\\/\",\"url\":\"https:\\\/\\\/archiv.siov.sk\\\/otrokovice-hostili-mladych-ucastnikov-medzinarodnej-konferencie-enersol-eu\\\/\",\"name\":\"Otrokovice hostili mlad\u00fdch \u00fa\u010dastn\u00edkov medzin\u00e1rodnej konferencie ENERSOL-E\u00da - \u0160IOV - \u0161t\u00e1tny in\u0161tit\u00fat odborn\u00e9ho vzdel\u00e1vania\",\"isPartOf\":{\"@id\":\"https:\\\/\\\/archiv.siov.sk\\\/#website\"},\"primaryImageOfPage\":{\"@id\":\"https:\\\/\\\/archiv.siov.sk\\\/otrokovice-hostili-mladych-ucastnikov-medzinarodnej-konferencie-enersol-eu\\\/#primaryimage\"},\"image\":{\"@id\":\"https:\\\/\\\/archiv.siov.sk\\\/otrokovice-hostili-mladych-ucastnikov-medzinarodnej-konferencie-enersol-eu\\\/#primaryimage\"},\"thumbnailUrl\":\"https:\\\/\\\/archiv.siov.sk\\\/wp-content\\\/uploads\\\/2022\\\/05\\\/foto-ENERSOL-2022.jpg\",\"datePublished\":\"2022-05-04T10:43:27+00:00\",\"breadcrumb\":{\"@id\":\"https:\\\/\\\/archiv.siov.sk\\\/otrokovice-hostili-mladych-ucastnikov-medzinarodnej-konferencie-enersol-eu\\\/#breadcrumb\"},\"inLanguage\":\"en-GB\",\"potentialAction\":[{\"@type\":\"ReadAction\",\"target\":[\"https:\\\/\\\/archiv.siov.sk\\\/otrokovice-hostili-mladych-ucastnikov-medzinarodnej-konferencie-enersol-eu\\\/\"]}]},{\"@type\":\"ImageObject\",\"inLanguage\":\"en-GB\",\"@id\":\"https:\\\/\\\/archiv.siov.sk\\\/otrokovice-hostili-mladych-ucastnikov-medzinarodnej-konferencie-enersol-eu\\\/#primaryimage\",\"url\":\"https:\\\/\\\/archiv.siov.sk\\\/wp-content\\\/uploads\\\/2022\\\/05\\\/foto-ENERSOL-2022.jpg\",\"contentUrl\":\"https:\\\/\\\/archiv.siov.sk\\\/wp-content\\\/uploads\\\/2022\\\/05\\\/foto-ENERSOL-2022.jpg\",\"width\":912,\"height\":518},{\"@type\":\"BreadcrumbList\",\"@id\":\"https:\\\/\\\/archiv.siov.sk\\\/otrokovice-hostili-mladych-ucastnikov-medzinarodnej-konferencie-enersol-eu\\\/#breadcrumb\",\"itemListElement\":[{\"@type\":\"ListItem\",\"position\":1,\"name\":\"Home\",\"item\":\"https:\\\/\\\/archiv.siov.sk\\\/\"},{\"@type\":\"ListItem\",\"position\":2,\"name\":\"Otrokovice hostili mlad\u00fdch \u00fa\u010dastn\u00edkov medzin\u00e1rodnej konferencie ENERSOL-E\u00da\"}]},{\"@type\":\"WebSite\",\"@id\":\"https:\\\/\\\/archiv.siov.sk\\\/#website\",\"url\":\"https:\\\/\\\/archiv.siov.sk\\\/\",\"name\":\"\u0160IOV - \u0161t\u00e1tny in\u0161tit\u00fat odborn\u00e9ho vzdel\u00e1vania\",\"description\":\"\",\"publisher\":{\"@id\":\"https:\\\/\\\/archiv.siov.sk\\\/#organization\"},\"potentialAction\":[{\"@type\":\"SearchAction\",\"target\":{\"@type\":\"EntryPoint\",\"urlTemplate\":\"https:\\\/\\\/archiv.siov.sk\\\/?s={search_term_string}\"},\"query-input\":{\"@type\":\"PropertyValueSpecification\",\"valueRequired\":true,\"valueName\":\"search_term_string\"}}],\"inLanguage\":\"en-GB\"},{\"@type\":\"Organization\",\"@id\":\"https:\\\/\\\/archiv.siov.sk\\\/#organization\",\"name\":\"\u0160IOV - \u0161t\u00e1tny in\u0161tit\u00fat odborn\u00e9ho vzdel\u00e1vania\",\"url\":\"https:\\\/\\\/archiv.siov.sk\\\/\",\"logo\":{\"@type\":\"ImageObject\",\"inLanguage\":\"en-GB\",\"@id\":\"https:\\\/\\\/archiv.siov.sk\\\/#\\\/schema\\\/logo\\\/image\\\/\",\"url\":\"https:\\\/\\\/archiv.siov.sk\\\/wp-content\\\/uploads\\\/2024\\\/02\\\/logo-SIOV.png\",\"contentUrl\":\"https:\\\/\\\/archiv.siov.sk\\\/wp-content\\\/uploads\\\/2024\\\/02\\\/logo-SIOV.png\",\"width\":431,\"height\":143,\"caption\":\"\u0160IOV - \u0161t\u00e1tny in\u0161tit\u00fat odborn\u00e9ho vzdel\u00e1vania\"},\"image\":{\"@id\":\"https:\\\/\\\/archiv.siov.sk\\\/#\\\/schema\\\/logo\\\/image\\\/\"},\"sameAs\":[\"https:\\\/\\\/www.facebook.com\\\/Statnyinstitutodbornehovzdelavania\"]},{\"@type\":\"Person\",\"@id\":\"https:\\\/\\\/archiv.siov.sk\\\/#\\\/schema\\\/person\\\/e42d633fbd958c6a726e8834d8965e6c\",\"name\":\"Katar\u00edna Kov\u00e1\u010dov\u00e1\",\"url\":\"https:\\\/\\\/archiv.siov.sk\\\/en\\\/author\\\/katkakovacova\\\/\"}]}<\/script>\n<!-- \/ Yoast SEO plugin. -->","yoast_head_json":{"title":"Otrokovice hostili mlad\u00fdch \u00fa\u010dastn\u00edkov medzin\u00e1rodnej konferencie ENERSOL-E\u00da - \u0160IOV - \u0161t\u00e1tny in\u0161tit\u00fat odborn\u00e9ho vzdel\u00e1vania","robots":{"index":"index","follow":"follow","max-snippet":"max-snippet:-1","max-image-preview":"max-image-preview:large","max-video-preview":"max-video-preview:-1"},"canonical":"https:\/\/archiv.siov.sk\/en\/otrokovice-hostili-mladych-ucastnikov-medzinarodnej-konferencie-enersol-eu\/","og_locale":"en_GB","og_type":"article","og_title":"Otrokovice hostili mlad\u00fdch \u00fa\u010dastn\u00edkov medzin\u00e1rodnej konferencie ENERSOL-E\u00da - \u0160IOV - \u0161t\u00e1tny in\u0161tit\u00fat odborn\u00e9ho vzdel\u00e1vania","og_description":"T\u00e9my obnovite\u013en\u00fdch zdrojov energie, zni\u017eovania energetickej n\u00e1ro\u010dnosti, obmedzovania uhl\u00edkovej stopy a hospod\u00e1renia s&nbsp;vodou a&nbsp;odpadmi rezonovali v&nbsp;odborn\u00fdch pr\u00e1cach stredo\u0161kol\u00e1kov eur\u00f3pskych kraj\u00edn na 19. ro\u010dn\u00edku Medzin\u00e1rodnej konferencie&nbsp; ENERSOL-E\u00da. Pod gestorstvom Strednej priemyselnej&nbsp; \u0161koly&nbsp; v \u010desk\u00fdch Otrokoviciach sa 21.-22. apr\u00edla stretli stredo\u0161kol\u00e1ci a pedag\u00f3govia \u0161k\u00f4l z Rak\u00faska, Nemecka, Slovinska, Slovenska a \u010ceskej republiky v celkovom po\u010dte 160 deleg\u00e1tov, [&hellip;]","og_url":"https:\/\/archiv.siov.sk\/en\/otrokovice-hostili-mladych-ucastnikov-medzinarodnej-konferencie-enersol-eu\/","og_site_name":"\u0160IOV - \u0161t\u00e1tny in\u0161tit\u00fat odborn\u00e9ho vzdel\u00e1vania","article_publisher":"https:\/\/www.facebook.com\/Statnyinstitutodbornehovzdelavania","article_published_time":"2022-05-04T10:43:27+00:00","og_image":[{"width":912,"height":518,"url":"https:\/\/archiv.siov.sk\/wp-content\/uploads\/2022\/05\/foto-ENERSOL-2022.jpg","type":"image\/jpeg"}],"author":"Katar\u00edna Kov\u00e1\u010dov\u00e1","twitter_card":"summary_large_image","twitter_misc":{"Written by":"Katar\u00edna Kov\u00e1\u010dov\u00e1","Estimated reading time":"2 minutes"},"schema":{"@context":"https:\/\/schema.org","@graph":[{"@type":"Article","@id":"https:\/\/archiv.siov.sk\/otrokovice-hostili-mladych-ucastnikov-medzinarodnej-konferencie-enersol-eu\/#article","isPartOf":{"@id":"https:\/\/archiv.siov.sk\/otrokovice-hostili-mladych-ucastnikov-medzinarodnej-konferencie-enersol-eu\/"},"author":{"name":"Katar\u00edna Kov\u00e1\u010dov\u00e1","@id":"https:\/\/archiv.siov.sk\/#\/schema\/person\/e42d633fbd958c6a726e8834d8965e6c"},"headline":"Otrokovice hostili mlad\u00fdch \u00fa\u010dastn\u00edkov medzin\u00e1rodnej konferencie ENERSOL-E\u00da","datePublished":"2022-05-04T10:43:27+00:00","mainEntityOfPage":{"@id":"https:\/\/archiv.siov.sk\/otrokovice-hostili-mladych-ucastnikov-medzinarodnej-konferencie-enersol-eu\/"},"wordCount":546,"publisher":{"@id":"https:\/\/archiv.siov.sk\/#organization"},"image":{"@id":"https:\/\/archiv.siov.sk\/otrokovice-hostili-mladych-ucastnikov-medzinarodnej-konferencie-enersol-eu\/#primaryimage"},"thumbnailUrl":"https:\/\/archiv.siov.sk\/wp-content\/uploads\/2022\/05\/foto-ENERSOL-2022.jpg","articleSection":["Aktuality"],"inLanguage":"en-GB"},{"@type":"WebPage","@id":"https:\/\/archiv.siov.sk\/otrokovice-hostili-mladych-ucastnikov-medzinarodnej-konferencie-enersol-eu\/","url":"https:\/\/archiv.siov.sk\/otrokovice-hostili-mladych-ucastnikov-medzinarodnej-konferencie-enersol-eu\/","name":"Otrokovice hostili mlad\u00fdch \u00fa\u010dastn\u00edkov medzin\u00e1rodnej konferencie ENERSOL-E\u00da - \u0160IOV - \u0161t\u00e1tny in\u0161tit\u00fat odborn\u00e9ho vzdel\u00e1vania","isPartOf":{"@id":"https:\/\/archiv.siov.sk\/#website"},"primaryImageOfPage":{"@id":"https:\/\/archiv.siov.sk\/otrokovice-hostili-mladych-ucastnikov-medzinarodnej-konferencie-enersol-eu\/#primaryimage"},"image":{"@id":"https:\/\/archiv.siov.sk\/otrokovice-hostili-mladych-ucastnikov-medzinarodnej-konferencie-enersol-eu\/#primaryimage"},"thumbnailUrl":"https:\/\/archiv.siov.sk\/wp-content\/uploads\/2022\/05\/foto-ENERSOL-2022.jpg","datePublished":"2022-05-04T10:43:27+00:00","breadcrumb":{"@id":"https:\/\/archiv.siov.sk\/otrokovice-hostili-mladych-ucastnikov-medzinarodnej-konferencie-enersol-eu\/#breadcrumb"},"inLanguage":"en-GB","potentialAction":[{"@type":"ReadAction","target":["https:\/\/archiv.siov.sk\/otrokovice-hostili-mladych-ucastnikov-medzinarodnej-konferencie-enersol-eu\/"]}]},{"@type":"ImageObject","inLanguage":"en-GB","@id":"https:\/\/archiv.siov.sk\/otrokovice-hostili-mladych-ucastnikov-medzinarodnej-konferencie-enersol-eu\/#primaryimage","url":"https:\/\/archiv.siov.sk\/wp-content\/uploads\/2022\/05\/foto-ENERSOL-2022.jpg","contentUrl":"https:\/\/archiv.siov.sk\/wp-content\/uploads\/2022\/05\/foto-ENERSOL-2022.jpg","width":912,"height":518},{"@type":"BreadcrumbList","@id":"https:\/\/archiv.siov.sk\/otrokovice-hostili-mladych-ucastnikov-medzinarodnej-konferencie-enersol-eu\/#breadcrumb","itemListElement":[{"@type":"ListItem","position":1,"name":"Home","item":"https:\/\/archiv.siov.sk\/"},{"@type":"ListItem","position":2,"name":"Otrokovice hostili mlad\u00fdch \u00fa\u010dastn\u00edkov medzin\u00e1rodnej konferencie ENERSOL-E\u00da"}]},{"@type":"WebSite","@id":"https:\/\/archiv.siov.sk\/#website","url":"https:\/\/archiv.siov.sk\/","name":"\u0160IOV - \u0161t\u00e1tny in\u0161tit\u00fat odborn\u00e9ho vzdel\u00e1vania","description":"","publisher":{"@id":"https:\/\/archiv.siov.sk\/#organization"},"potentialAction":[{"@type":"SearchAction","target":{"@type":"EntryPoint","urlTemplate":"https:\/\/archiv.siov.sk\/?s={search_term_string}"},"query-input":{"@type":"PropertyValueSpecification","valueRequired":true,"valueName":"search_term_string"}}],"inLanguage":"en-GB"},{"@type":"Organization","@id":"https:\/\/archiv.siov.sk\/#organization","name":"\u0160IOV - \u0161t\u00e1tny in\u0161tit\u00fat odborn\u00e9ho vzdel\u00e1vania","url":"https:\/\/archiv.siov.sk\/","logo":{"@type":"ImageObject","inLanguage":"en-GB","@id":"https:\/\/archiv.siov.sk\/#\/schema\/logo\/image\/","url":"https:\/\/archiv.siov.sk\/wp-content\/uploads\/2024\/02\/logo-SIOV.png","contentUrl":"https:\/\/archiv.siov.sk\/wp-content\/uploads\/2024\/02\/logo-SIOV.png","width":431,"height":143,"caption":"\u0160IOV - \u0161t\u00e1tny in\u0161tit\u00fat odborn\u00e9ho vzdel\u00e1vania"},"image":{"@id":"https:\/\/archiv.siov.sk\/#\/schema\/logo\/image\/"},"sameAs":["https:\/\/www.facebook.com\/Statnyinstitutodbornehovzdelavania"]},{"@type":"Person","@id":"https:\/\/archiv.siov.sk\/#\/schema\/person\/e42d633fbd958c6a726e8834d8965e6c","name":"Katar\u00edna Kov\u00e1\u010dov\u00e1","url":"https:\/\/archiv.siov.sk\/en\/author\/katkakovacova\/"}]}},"_links":{"self":[{"href":"https:\/\/archiv.siov.sk\/en\/wp-json\/wp\/v2\/posts\/11292","targetHints":{"allow":["GET"]}}],"collection":[{"href":"https:\/\/archiv.siov.sk\/en\/wp-json\/wp\/v2\/posts"}],"about":[{"href":"https:\/\/archiv.siov.sk\/en\/wp-json\/wp\/v2\/types\/post"}],"author":[{"embeddable":true,"href":"https:\/\/archiv.siov.sk\/en\/wp-json\/wp\/v2\/users\/6"}],"replies":[{"embeddable":true,"href":"https:\/\/archiv.siov.sk\/en\/wp-json\/wp\/v2\/comments?post=11292"}],"version-history":[{"count":2,"href":"https:\/\/archiv.siov.sk\/en\/wp-json\/wp\/v2\/posts\/11292\/revisions"}],"predecessor-version":[{"id":11295,"href":"https:\/\/archiv.siov.sk\/en\/wp-json\/wp\/v2\/posts\/11292\/revisions\/11295"}],"wp:featuredmedia":[{"embeddable":true,"href":"https:\/\/archiv.siov.sk\/en\/wp-json\/wp\/v2\/media\/11294"}],"wp:attachment":[{"href":"https:\/\/archiv.siov.sk\/en\/wp-json\/wp\/v2\/media?parent=11292"}],"wp:term":[{"taxonomy":"category","embeddable":true,"href":"https:\/\/archiv.siov.sk\/en\/wp-json\/wp\/v2\/categories?post=11292"},{"taxonomy":"post_tag","embeddable":true,"href":"https:\/\/archiv.siov.sk\/en\/wp-json\/wp\/v2\/tags?post=11292"}],"curies":[{"name":"wp","href":"https:\/\/api.w.org\/{rel}","templated":true}]}}