{"id":11280,"date":"2022-05-03T13:37:37","date_gmt":"2022-05-03T11:37:37","guid":{"rendered":"https:\/\/archiv.siov.sk\/?p=11280"},"modified":"2022-05-03T13:37:47","modified_gmt":"2022-05-03T11:37:47","slug":"buduci-kuchari-a-cukrari-ukazali-svoje-zrucnosti-na-finale-skills-slovakia-junior-gastro-metro-cup-a-junior-gastro-debic-cup-2022","status":"publish","type":"post","link":"https:\/\/archiv.siov.sk\/en\/buduci-kuchari-a-cukrari-ukazali-svoje-zrucnosti-na-finale-skills-slovakia-junior-gastro-metro-cup-a-junior-gastro-debic-cup-2022\/","title":{"rendered":"Bud\u00faci kuch\u00e1ri a cukr\u00e1ri uk\u00e1zali svoje zru\u010dnosti na fin\u00e1le Skills Slovakia JUNIOR GASTRO METRO CUP a JUNIOR GASTRO DEBIC CUP 2022"},"content":{"rendered":"<p style=\"text-align: justify;\">V&nbsp;celo\u0161t\u00e1tnych kol\u00e1ch s\u00fa\u0165a\u017ee Skills Slovakia odboru kuch\u00e1r a&nbsp;cukr\u00e1r sa po\u010das dvoch dn\u00ed prezentovala&nbsp; gastron\u00f3mia v\u00ed\u0165azmi semifin\u00e1lov\u00fdch k\u00f4l, ktor\u00e9 sa uskuto\u010dnili v&nbsp;janu\u00e1ri tohto roka na Strednej odbornej \u0161kole obchodu a&nbsp;slu\u017eieb v&nbsp;Pie\u0161\u0165anoch. Bud\u00faci kuch\u00e1ri a&nbsp;cukr\u00e1ri sa na pote\u0161enie v\u0161etk\u00fdch predstavili na celo\u0161t\u00e1tnom fin\u00e1le prezen\u010dne v&nbsp;bratislavskej Inchebe 28.\u201329. apr\u00edla po\u010das Medzin\u00e1rodn\u00e9ho ve\u013etrhu gastron\u00f3mie Danubius GASTRO 2022. &nbsp;<\/p>\n<p style=\"text-align: justify;\">Celoslovensk\u00e9 fin\u00e1le s\u00fa\u0165a\u017ee Skills Slovakia JUNIOR GASTRO METRO CUP, ktor\u00e9mu aktu\u00e1lne datujeme 11. ro\u010dn\u00edk, op\u00e4\u0165 pouk\u00e1zala na v\u00fdnimo\u010dnos\u0165, nadanie a&nbsp;talent \u017eiakov. &nbsp;Kuch\u00e1r a cukr\u00e1r s\u00fa odbory, ktor\u00e9 pr\u00e1vom patria dnes u\u017e medzi gastronomick\u00e9 umenie. &nbsp;\u00daloha pripravi\u0165 modern\u00fd tepl\u00fd pokrm a vych\u00e1dza\u0165 &nbsp;pritom z&nbsp;kulin\u00e1rskych trad\u00edci\u00ed &nbsp;svojho regi\u00f3nu je pre mlad\u00fdch kuch\u00e1rov v\u00fdzvou uk\u00e1za\u0165 \u0161ikovnos\u0165 a&nbsp;vedomosti z\u00edskan\u00e9 pri \u0161t\u00fadiu pred odbornou verejnos\u0165ou. Taktie\u017e cukr\u00e1ri, ktor\u00ed&nbsp; sa predstavili&nbsp; v&nbsp;2. ro\u010dn\u00edku s\u00fa\u0165a\u017ee Danubius GASTRO JUNIOR DEBIC CUP za kuch\u00e1rmi nezaost\u00e1vali svojimi \u00fa\u017easne dekorovan\u00fdmi a&nbsp;chutn\u00fdmi m\u00fa\u010dnikmi. Za \u00faspechmi \u017eiakov je rad u\u010dite\u013eov a&nbsp;partnerov z&nbsp;oblasti hospod\u00e1rskej praxe gastron\u00f3mie, ktor\u00ed so \u017eiakmi systematicky pracuj\u00fa a&nbsp;ved\u00fa ich k&nbsp;tomu,&nbsp; aby ich v\u00fdsledky oslovili&nbsp; aj n\u00e1ro\u010dn\u00e9ho z\u00e1kazn\u00edka. &nbsp;&nbsp;&nbsp;<\/p>\n<p style=\"text-align: justify;\">\u010clenovia&nbsp; odbornej hodnotiacej komisie prijali \u00falohu hodnoti\u0165 &nbsp;objekt\u00edvne pod\u013ea stanoven\u00fdch krit\u00e9ri\u00ed a&nbsp;prec\u00edzne vn\u00edmali predveden\u00e9 technologick\u00e9 postupy, chu\u0165 hotov\u00fdch jed\u00e1l, kombin\u00e1cie pou\u017eit\u00fdch surov\u00edn, konzistenciu, v\u00f4ne a&nbsp;\u00fapravy zhotoven\u00fdch jed\u00e1l a&nbsp;m\u00fa\u010dnikov. &nbsp;Boli nimi pre kuch\u00e1rov:, Jozef Hromj\u00e1k, kapit\u00e1n N\u00e1rodn\u00e9ho t\u00edmu kuch\u00e1rov a&nbsp;cukr\u00e1rov,&nbsp; Ivan Voz\u00e1r, \u010dlen V\u00fdkonn\u00e9ho v\u00fdboru SZKC, Daniel Melicherik expert EuroSkills. V&nbsp;odbore cukr\u00e1r &nbsp;n\u00e1ro\u010dn\u00fa \u00falohu predsedu komisie vykon\u00e1val&nbsp; Michal Baniar a&nbsp;\u010dlenkami &nbsp;boli Ing. Dagmar Pol\u00e1\u010dkov\u00e1 a&nbsp;Bc. M\u00e1ria Va\u0161kebov\u00e1. &nbsp;<\/p>\n<p style=\"text-align: justify;\">Na fin\u00e1le \u017eiaci odboru kuch\u00e1r pripravili&nbsp; recept\u00faru a kalkul\u00e1ciu jedla s vyu\u017eit\u00edm povinnej suroviny \u201eryba PLATESA&nbsp; OBY\u010cAJN\u00c1\u201c a okrem toho tesne pred s\u00fa\u0165a\u017eou bol na mieste odhalen\u00fd mal\u00fd \u201eMystery box\u201c (\u010fal\u0161ie skryt\u00e9 suroviny), z neho bolo nutn\u00e9 minim\u00e1lne tri r\u00f4zne v\u00fdrobky pod zna\u010dkou METRO CHEF zahrn\u00fa\u0165 do pripravovan\u00e9ho s\u00fa\u0165a\u017en\u00e9ho jedla.<\/p>\n<p style=\"text-align: justify;\">Kuch\u00e1ri vytvorili tri rovnak\u00e9 porcie modern\u00e9ho inovat\u00edvneho tepl\u00e9ho pokrmu s&nbsp;pr\u00edlohami v&nbsp;\u010dasovom limite 120 min\u00fat. Na fin\u00e1le \u017eiaci odboru cukr\u00e1r pripravili popis a&nbsp;pr\u00edpravu m\u00fa\u010dnika \u2013 dezertu \u201e TARTALETKY\u201c s kalkul\u00e1ciou na \u0161es\u0165 kusov .&nbsp; Pr\u00edprava dezertu spolu s&nbsp;pr\u00edlohami v&nbsp;\u010dasovom limite 120 min\u00fat. Povinnou surovinou pri dezerte&nbsp; bola smotana Stand &amp;overun &#8211; Debic,&nbsp; \u010dokol\u00e1da Callebaut \u2013 Zeus Braun. &nbsp;<\/p>\n<p>Umiestnenie&nbsp; odboru kuch\u00e1r:<\/p>\n<ol>\n<li>miesto Adam MAJORSK\u00dd, Hotelov\u00e1&nbsp;akad\u00e9mia&nbsp;Ko\u0161ice, 2. miesto Ondrej KUL\u00cd\u0160EK, Hotelov\u00e1 akad\u00e9mia &nbsp;&nbsp;\u017dilina, 3. miesto &nbsp;\u0160imon KALATA, SO\u0160 hotelov\u00e1, Horn\u00fd Smokovec, Vysok\u00e9 Tatry.<\/li>\n<\/ol>\n<p>&nbsp;Umiestnenie&nbsp; odboru cukr\u00e1r:<\/p>\n<ol>\n<li>miesto Barbora STANICK\u00c1, HALM Hotelov\u00e1 akad\u00e9mia Liptovsk\u00fd Mikul\u00e1\u0161, 2. miesto Vikt\u00f3ria BL\u00c1HOV\u00c1 SO\u0160 hotelov\u00fdch slu\u017eieb a&nbsp;obchodu Pie\u0161\u0165any 3. miesto Valent\u00edna FU\u0147\u00c1KOV\u00c1, SO\u0160 &nbsp;&nbsp;obchodu a&nbsp;slu\u017eieb \u010cadca.<\/li>\n<\/ol>\n<p style=\"text-align: justify;\">\u010eakujeme partnerovi a s\u00fa\u010dasne gestorovi tohto ro\u010dn\u00edka s\u00fa\u0165a\u017ee Slovensk\u00e9mu zv\u00e4zu kuch\u00e1rov a cukr\u00e1rov a \u010fal\u0161\u00edm partnerom z hospod\u00e1rskej praxe a sponzorom, ktor\u00ed akt\u00edvne prispeli k realiz\u00e1cii&nbsp; s\u00fa\u0165a\u017ee. To, \u017ee s\u00fa\u0165a\u017e podporuje Ministerstvo \u0161kolstva, vedy, v\u00fdskumu a \u0161portu Slovenskej republiky&nbsp; a odborn\u00fdm a metodick\u00fdm gestorom je \u0160t\u00e1tny in\u0161tit\u00fat odborn\u00e9ho vzdel\u00e1vania d\u00e1va tomuto podujatiu svoju v\u00fdnimo\u010dnos\u0165 a jedine\u010dnos\u0165.&nbsp;&nbsp;<\/p>\n<p>&nbsp;<\/p>","protected":false},"excerpt":{"rendered":"<p>V&nbsp;celo\u0161t\u00e1tnych kol\u00e1ch s\u00fa\u0165a\u017ee Skills Slovakia odboru kuch\u00e1r a&nbsp;cukr\u00e1r sa po\u010das dvoch dn\u00ed prezentovala&nbsp; gastron\u00f3mia v\u00ed\u0165azmi semifin\u00e1lov\u00fdch k\u00f4l, ktor\u00e9 sa uskuto\u010dnili v&nbsp;janu\u00e1ri tohto roka na Strednej odbornej \u0161kole obchodu a&nbsp;slu\u017eieb v&nbsp;Pie\u0161\u0165anoch. Bud\u00faci kuch\u00e1ri a&nbsp;cukr\u00e1ri sa na pote\u0161enie v\u0161etk\u00fdch predstavili na celo\u0161t\u00e1tnom fin\u00e1le prezen\u010dne v&nbsp;bratislavskej Inchebe 28.\u201329. apr\u00edla po\u010das Medzin\u00e1rodn\u00e9ho ve\u013etrhu gastron\u00f3mie Danubius GASTRO 2022. &nbsp; Celoslovensk\u00e9 [&hellip;]<\/p>\n","protected":false},"author":6,"featured_media":11282,"comment_status":"closed","ping_status":"closed","sticky":false,"template":"","format":"standard","meta":{"site-sidebar-layout":"default","site-content-layout":"default","ast-site-content-layout":"default","site-content-style":"default","site-sidebar-style":"default","ast-global-header-display":"","ast-banner-title-visibility":"","ast-main-header-display":"","ast-hfb-above-header-display":"","ast-hfb-below-header-display":"","ast-hfb-mobile-header-display":"","site-post-title":"","ast-breadcrumbs-content":"","ast-featured-img":"","footer-sml-layout":"","ast-disable-related-posts":"","theme-transparent-header-meta":"default","adv-header-id-meta":"","stick-header-meta":"","header-above-stick-meta":"","header-main-stick-meta":"","header-below-stick-meta":"","astra-migrate-meta-layouts":"default","ast-page-background-enabled":"default","ast-page-background-meta":{"desktop":{"background-color":"var(--ast-global-color-4)","background-image":"","background-repeat":"repeat","background-position":"center center","background-size":"auto","background-attachment":"scroll","background-type":"","background-media":"","overlay-type":"","overlay-color":"","overlay-opacity":"","overlay-gradient":""},"tablet":{"background-color":"","background-image":"","background-repeat":"repeat","background-position":"center center","background-size":"auto","background-attachment":"scroll","background-type":"","background-media":"","overlay-type":"","overlay-color":"","overlay-opacity":"","overlay-gradient":""},"mobile":{"background-color":"","background-image":"","background-repeat":"repeat","background-position":"center center","background-size":"auto","background-attachment":"scroll","background-type":"","background-media":"","overlay-type":"","overlay-color":"","overlay-opacity":"","overlay-gradient":""}},"ast-content-background-meta":{"desktop":{"background-color":"var(--ast-global-color-5)","background-image":"","background-repeat":"repeat","background-position":"center center","background-size":"auto","background-attachment":"scroll","background-type":"","background-media":"","overlay-type":"","overlay-color":"","overlay-opacity":"","overlay-gradient":""},"tablet":{"background-color":"var(--ast-global-color-5)","background-image":"","background-repeat":"repeat","background-position":"center center","background-size":"auto","background-attachment":"scroll","background-type":"","background-media":"","overlay-type":"","overlay-color":"","overlay-opacity":"","overlay-gradient":""},"mobile":{"background-color":"var(--ast-global-color-5)","background-image":"","background-repeat":"repeat","background-position":"center center","background-size":"auto","background-attachment":"scroll","background-type":"","background-media":"","overlay-type":"","overlay-color":"","overlay-opacity":"","overlay-gradient":""}},"footnotes":""},"categories":[1],"tags":[],"class_list":["post-11280","post","type-post","status-publish","format-standard","has-post-thumbnail","hentry","category-aktuality"],"yoast_head":"<!-- This site is optimized with the Yoast SEO plugin v27.5 - https:\/\/yoast.com\/product\/yoast-seo-wordpress\/ -->\n<title>Bud\u00faci kuch\u00e1ri a cukr\u00e1ri uk\u00e1zali svoje zru\u010dnosti na fin\u00e1le Skills Slovakia JUNIOR GASTRO METRO CUP a JUNIOR GASTRO DEBIC CUP 2022 - \u0160IOV - \u0161t\u00e1tny in\u0161tit\u00fat odborn\u00e9ho vzdel\u00e1vania<\/title>\n<meta name=\"robots\" content=\"index, follow, max-snippet:-1, max-image-preview:large, max-video-preview:-1\" \/>\n<link rel=\"canonical\" href=\"https:\/\/archiv.siov.sk\/en\/buduci-kuchari-a-cukrari-ukazali-svoje-zrucnosti-na-finale-skills-slovakia-junior-gastro-metro-cup-a-junior-gastro-debic-cup-2022\/\" \/>\n<meta property=\"og:locale\" content=\"en_GB\" \/>\n<meta property=\"og:type\" content=\"article\" \/>\n<meta property=\"og:title\" content=\"Bud\u00faci kuch\u00e1ri a cukr\u00e1ri uk\u00e1zali svoje zru\u010dnosti na fin\u00e1le Skills Slovakia JUNIOR GASTRO METRO CUP a JUNIOR GASTRO DEBIC CUP 2022 - \u0160IOV - \u0161t\u00e1tny in\u0161tit\u00fat odborn\u00e9ho vzdel\u00e1vania\" \/>\n<meta property=\"og:description\" content=\"V&nbsp;celo\u0161t\u00e1tnych kol\u00e1ch s\u00fa\u0165a\u017ee Skills Slovakia odboru kuch\u00e1r a&nbsp;cukr\u00e1r sa po\u010das dvoch dn\u00ed prezentovala&nbsp; gastron\u00f3mia v\u00ed\u0165azmi semifin\u00e1lov\u00fdch k\u00f4l, ktor\u00e9 sa uskuto\u010dnili v&nbsp;janu\u00e1ri tohto roka na Strednej odbornej \u0161kole obchodu a&nbsp;slu\u017eieb v&nbsp;Pie\u0161\u0165anoch. Bud\u00faci kuch\u00e1ri a&nbsp;cukr\u00e1ri sa na pote\u0161enie v\u0161etk\u00fdch predstavili na celo\u0161t\u00e1tnom fin\u00e1le prezen\u010dne v&nbsp;bratislavskej Inchebe 28.\u201329. apr\u00edla po\u010das Medzin\u00e1rodn\u00e9ho ve\u013etrhu gastron\u00f3mie Danubius GASTRO 2022. &nbsp; Celoslovensk\u00e9 [&hellip;]\" \/>\n<meta property=\"og:url\" content=\"https:\/\/archiv.siov.sk\/en\/buduci-kuchari-a-cukrari-ukazali-svoje-zrucnosti-na-finale-skills-slovakia-junior-gastro-metro-cup-a-junior-gastro-debic-cup-2022\/\" \/>\n<meta property=\"og:site_name\" content=\"\u0160IOV - \u0161t\u00e1tny in\u0161tit\u00fat odborn\u00e9ho vzdel\u00e1vania\" \/>\n<meta property=\"article:publisher\" content=\"https:\/\/www.facebook.com\/Statnyinstitutodbornehovzdelavania\" \/>\n<meta property=\"article:published_time\" content=\"2022-05-03T11:37:37+00:00\" \/>\n<meta property=\"article:modified_time\" content=\"2022-05-03T11:37:47+00:00\" \/>\n<meta property=\"og:image\" content=\"https:\/\/archiv.siov.sk\/wp-content\/uploads\/2022\/05\/foto-kuchar_n.jpg\" \/>\n\t<meta property=\"og:image:width\" content=\"538\" \/>\n\t<meta property=\"og:image:height\" content=\"662\" \/>\n\t<meta property=\"og:image:type\" content=\"image\/jpeg\" \/>\n<meta name=\"author\" content=\"Katar\u00edna Kov\u00e1\u010dov\u00e1\" \/>\n<meta name=\"twitter:card\" content=\"summary_large_image\" \/>\n<meta name=\"twitter:label1\" content=\"Written by\" \/>\n\t<meta name=\"twitter:data1\" content=\"Katar\u00edna Kov\u00e1\u010dov\u00e1\" \/>\n\t<meta name=\"twitter:label2\" content=\"Estimated reading time\" \/>\n\t<meta name=\"twitter:data2\" content=\"4 minutes\" \/>\n<script type=\"application\/ld+json\" class=\"yoast-schema-graph\">{\"@context\":\"https:\\\/\\\/schema.org\",\"@graph\":[{\"@type\":\"Article\",\"@id\":\"https:\\\/\\\/archiv.siov.sk\\\/buduci-kuchari-a-cukrari-ukazali-svoje-zrucnosti-na-finale-skills-slovakia-junior-gastro-metro-cup-a-junior-gastro-debic-cup-2022\\\/#article\",\"isPartOf\":{\"@id\":\"https:\\\/\\\/archiv.siov.sk\\\/buduci-kuchari-a-cukrari-ukazali-svoje-zrucnosti-na-finale-skills-slovakia-junior-gastro-metro-cup-a-junior-gastro-debic-cup-2022\\\/\"},\"author\":{\"name\":\"Katar\u00edna Kov\u00e1\u010dov\u00e1\",\"@id\":\"https:\\\/\\\/archiv.siov.sk\\\/#\\\/schema\\\/person\\\/e42d633fbd958c6a726e8834d8965e6c\"},\"headline\":\"Bud\u00faci kuch\u00e1ri a cukr\u00e1ri uk\u00e1zali svoje zru\u010dnosti na fin\u00e1le Skills Slovakia JUNIOR GASTRO METRO CUP a JUNIOR GASTRO DEBIC CUP 2022\",\"datePublished\":\"2022-05-03T11:37:37+00:00\",\"dateModified\":\"2022-05-03T11:37:47+00:00\",\"mainEntityOfPage\":{\"@id\":\"https:\\\/\\\/archiv.siov.sk\\\/buduci-kuchari-a-cukrari-ukazali-svoje-zrucnosti-na-finale-skills-slovakia-junior-gastro-metro-cup-a-junior-gastro-debic-cup-2022\\\/\"},\"wordCount\":745,\"publisher\":{\"@id\":\"https:\\\/\\\/archiv.siov.sk\\\/#organization\"},\"image\":{\"@id\":\"https:\\\/\\\/archiv.siov.sk\\\/buduci-kuchari-a-cukrari-ukazali-svoje-zrucnosti-na-finale-skills-slovakia-junior-gastro-metro-cup-a-junior-gastro-debic-cup-2022\\\/#primaryimage\"},\"thumbnailUrl\":\"https:\\\/\\\/archiv.siov.sk\\\/wp-content\\\/uploads\\\/2022\\\/05\\\/foto-kuchar_n.jpg\",\"articleSection\":[\"Aktuality\"],\"inLanguage\":\"en-GB\"},{\"@type\":\"WebPage\",\"@id\":\"https:\\\/\\\/archiv.siov.sk\\\/buduci-kuchari-a-cukrari-ukazali-svoje-zrucnosti-na-finale-skills-slovakia-junior-gastro-metro-cup-a-junior-gastro-debic-cup-2022\\\/\",\"url\":\"https:\\\/\\\/archiv.siov.sk\\\/buduci-kuchari-a-cukrari-ukazali-svoje-zrucnosti-na-finale-skills-slovakia-junior-gastro-metro-cup-a-junior-gastro-debic-cup-2022\\\/\",\"name\":\"Bud\u00faci kuch\u00e1ri a cukr\u00e1ri uk\u00e1zali svoje zru\u010dnosti na fin\u00e1le Skills Slovakia JUNIOR GASTRO METRO CUP a JUNIOR GASTRO DEBIC CUP 2022 - \u0160IOV - \u0161t\u00e1tny in\u0161tit\u00fat odborn\u00e9ho vzdel\u00e1vania\",\"isPartOf\":{\"@id\":\"https:\\\/\\\/archiv.siov.sk\\\/#website\"},\"primaryImageOfPage\":{\"@id\":\"https:\\\/\\\/archiv.siov.sk\\\/buduci-kuchari-a-cukrari-ukazali-svoje-zrucnosti-na-finale-skills-slovakia-junior-gastro-metro-cup-a-junior-gastro-debic-cup-2022\\\/#primaryimage\"},\"image\":{\"@id\":\"https:\\\/\\\/archiv.siov.sk\\\/buduci-kuchari-a-cukrari-ukazali-svoje-zrucnosti-na-finale-skills-slovakia-junior-gastro-metro-cup-a-junior-gastro-debic-cup-2022\\\/#primaryimage\"},\"thumbnailUrl\":\"https:\\\/\\\/archiv.siov.sk\\\/wp-content\\\/uploads\\\/2022\\\/05\\\/foto-kuchar_n.jpg\",\"datePublished\":\"2022-05-03T11:37:37+00:00\",\"dateModified\":\"2022-05-03T11:37:47+00:00\",\"breadcrumb\":{\"@id\":\"https:\\\/\\\/archiv.siov.sk\\\/buduci-kuchari-a-cukrari-ukazali-svoje-zrucnosti-na-finale-skills-slovakia-junior-gastro-metro-cup-a-junior-gastro-debic-cup-2022\\\/#breadcrumb\"},\"inLanguage\":\"en-GB\",\"potentialAction\":[{\"@type\":\"ReadAction\",\"target\":[\"https:\\\/\\\/archiv.siov.sk\\\/buduci-kuchari-a-cukrari-ukazali-svoje-zrucnosti-na-finale-skills-slovakia-junior-gastro-metro-cup-a-junior-gastro-debic-cup-2022\\\/\"]}]},{\"@type\":\"ImageObject\",\"inLanguage\":\"en-GB\",\"@id\":\"https:\\\/\\\/archiv.siov.sk\\\/buduci-kuchari-a-cukrari-ukazali-svoje-zrucnosti-na-finale-skills-slovakia-junior-gastro-metro-cup-a-junior-gastro-debic-cup-2022\\\/#primaryimage\",\"url\":\"https:\\\/\\\/archiv.siov.sk\\\/wp-content\\\/uploads\\\/2022\\\/05\\\/foto-kuchar_n.jpg\",\"contentUrl\":\"https:\\\/\\\/archiv.siov.sk\\\/wp-content\\\/uploads\\\/2022\\\/05\\\/foto-kuchar_n.jpg\",\"width\":538,\"height\":662},{\"@type\":\"BreadcrumbList\",\"@id\":\"https:\\\/\\\/archiv.siov.sk\\\/buduci-kuchari-a-cukrari-ukazali-svoje-zrucnosti-na-finale-skills-slovakia-junior-gastro-metro-cup-a-junior-gastro-debic-cup-2022\\\/#breadcrumb\",\"itemListElement\":[{\"@type\":\"ListItem\",\"position\":1,\"name\":\"Home\",\"item\":\"https:\\\/\\\/archiv.siov.sk\\\/\"},{\"@type\":\"ListItem\",\"position\":2,\"name\":\"Bud\u00faci kuch\u00e1ri a cukr\u00e1ri uk\u00e1zali svoje zru\u010dnosti na fin\u00e1le Skills Slovakia JUNIOR GASTRO METRO CUP a JUNIOR GASTRO DEBIC CUP 2022\"}]},{\"@type\":\"WebSite\",\"@id\":\"https:\\\/\\\/archiv.siov.sk\\\/#website\",\"url\":\"https:\\\/\\\/archiv.siov.sk\\\/\",\"name\":\"\u0160IOV - \u0161t\u00e1tny in\u0161tit\u00fat odborn\u00e9ho vzdel\u00e1vania\",\"description\":\"\",\"publisher\":{\"@id\":\"https:\\\/\\\/archiv.siov.sk\\\/#organization\"},\"potentialAction\":[{\"@type\":\"SearchAction\",\"target\":{\"@type\":\"EntryPoint\",\"urlTemplate\":\"https:\\\/\\\/archiv.siov.sk\\\/?s={search_term_string}\"},\"query-input\":{\"@type\":\"PropertyValueSpecification\",\"valueRequired\":true,\"valueName\":\"search_term_string\"}}],\"inLanguage\":\"en-GB\"},{\"@type\":\"Organization\",\"@id\":\"https:\\\/\\\/archiv.siov.sk\\\/#organization\",\"name\":\"\u0160IOV - \u0161t\u00e1tny in\u0161tit\u00fat odborn\u00e9ho vzdel\u00e1vania\",\"url\":\"https:\\\/\\\/archiv.siov.sk\\\/\",\"logo\":{\"@type\":\"ImageObject\",\"inLanguage\":\"en-GB\",\"@id\":\"https:\\\/\\\/archiv.siov.sk\\\/#\\\/schema\\\/logo\\\/image\\\/\",\"url\":\"https:\\\/\\\/archiv.siov.sk\\\/wp-content\\\/uploads\\\/2024\\\/02\\\/logo-SIOV.png\",\"contentUrl\":\"https:\\\/\\\/archiv.siov.sk\\\/wp-content\\\/uploads\\\/2024\\\/02\\\/logo-SIOV.png\",\"width\":431,\"height\":143,\"caption\":\"\u0160IOV - \u0161t\u00e1tny in\u0161tit\u00fat odborn\u00e9ho vzdel\u00e1vania\"},\"image\":{\"@id\":\"https:\\\/\\\/archiv.siov.sk\\\/#\\\/schema\\\/logo\\\/image\\\/\"},\"sameAs\":[\"https:\\\/\\\/www.facebook.com\\\/Statnyinstitutodbornehovzdelavania\"]},{\"@type\":\"Person\",\"@id\":\"https:\\\/\\\/archiv.siov.sk\\\/#\\\/schema\\\/person\\\/e42d633fbd958c6a726e8834d8965e6c\",\"name\":\"Katar\u00edna Kov\u00e1\u010dov\u00e1\",\"url\":\"https:\\\/\\\/archiv.siov.sk\\\/en\\\/author\\\/katkakovacova\\\/\"}]}<\/script>\n<!-- \/ Yoast SEO plugin. -->","yoast_head_json":{"title":"Bud\u00faci kuch\u00e1ri a cukr\u00e1ri uk\u00e1zali svoje zru\u010dnosti na fin\u00e1le Skills Slovakia JUNIOR GASTRO METRO CUP a JUNIOR GASTRO DEBIC CUP 2022 - \u0160IOV - \u0161t\u00e1tny in\u0161tit\u00fat odborn\u00e9ho vzdel\u00e1vania","robots":{"index":"index","follow":"follow","max-snippet":"max-snippet:-1","max-image-preview":"max-image-preview:large","max-video-preview":"max-video-preview:-1"},"canonical":"https:\/\/archiv.siov.sk\/en\/buduci-kuchari-a-cukrari-ukazali-svoje-zrucnosti-na-finale-skills-slovakia-junior-gastro-metro-cup-a-junior-gastro-debic-cup-2022\/","og_locale":"en_GB","og_type":"article","og_title":"Bud\u00faci kuch\u00e1ri a cukr\u00e1ri uk\u00e1zali svoje zru\u010dnosti na fin\u00e1le Skills Slovakia JUNIOR GASTRO METRO CUP a JUNIOR GASTRO DEBIC CUP 2022 - \u0160IOV - \u0161t\u00e1tny in\u0161tit\u00fat odborn\u00e9ho vzdel\u00e1vania","og_description":"V&nbsp;celo\u0161t\u00e1tnych kol\u00e1ch s\u00fa\u0165a\u017ee Skills Slovakia odboru kuch\u00e1r a&nbsp;cukr\u00e1r sa po\u010das dvoch dn\u00ed prezentovala&nbsp; gastron\u00f3mia v\u00ed\u0165azmi semifin\u00e1lov\u00fdch k\u00f4l, ktor\u00e9 sa uskuto\u010dnili v&nbsp;janu\u00e1ri tohto roka na Strednej odbornej \u0161kole obchodu a&nbsp;slu\u017eieb v&nbsp;Pie\u0161\u0165anoch. Bud\u00faci kuch\u00e1ri a&nbsp;cukr\u00e1ri sa na pote\u0161enie v\u0161etk\u00fdch predstavili na celo\u0161t\u00e1tnom fin\u00e1le prezen\u010dne v&nbsp;bratislavskej Inchebe 28.\u201329. apr\u00edla po\u010das Medzin\u00e1rodn\u00e9ho ve\u013etrhu gastron\u00f3mie Danubius GASTRO 2022. &nbsp; Celoslovensk\u00e9 [&hellip;]","og_url":"https:\/\/archiv.siov.sk\/en\/buduci-kuchari-a-cukrari-ukazali-svoje-zrucnosti-na-finale-skills-slovakia-junior-gastro-metro-cup-a-junior-gastro-debic-cup-2022\/","og_site_name":"\u0160IOV - \u0161t\u00e1tny in\u0161tit\u00fat odborn\u00e9ho vzdel\u00e1vania","article_publisher":"https:\/\/www.facebook.com\/Statnyinstitutodbornehovzdelavania","article_published_time":"2022-05-03T11:37:37+00:00","article_modified_time":"2022-05-03T11:37:47+00:00","og_image":[{"width":538,"height":662,"url":"https:\/\/archiv.siov.sk\/wp-content\/uploads\/2022\/05\/foto-kuchar_n.jpg","type":"image\/jpeg"}],"author":"Katar\u00edna Kov\u00e1\u010dov\u00e1","twitter_card":"summary_large_image","twitter_misc":{"Written by":"Katar\u00edna Kov\u00e1\u010dov\u00e1","Estimated reading time":"4 minutes"},"schema":{"@context":"https:\/\/schema.org","@graph":[{"@type":"Article","@id":"https:\/\/archiv.siov.sk\/buduci-kuchari-a-cukrari-ukazali-svoje-zrucnosti-na-finale-skills-slovakia-junior-gastro-metro-cup-a-junior-gastro-debic-cup-2022\/#article","isPartOf":{"@id":"https:\/\/archiv.siov.sk\/buduci-kuchari-a-cukrari-ukazali-svoje-zrucnosti-na-finale-skills-slovakia-junior-gastro-metro-cup-a-junior-gastro-debic-cup-2022\/"},"author":{"name":"Katar\u00edna Kov\u00e1\u010dov\u00e1","@id":"https:\/\/archiv.siov.sk\/#\/schema\/person\/e42d633fbd958c6a726e8834d8965e6c"},"headline":"Bud\u00faci kuch\u00e1ri a cukr\u00e1ri uk\u00e1zali svoje zru\u010dnosti na fin\u00e1le Skills Slovakia JUNIOR GASTRO METRO CUP a JUNIOR GASTRO DEBIC CUP 2022","datePublished":"2022-05-03T11:37:37+00:00","dateModified":"2022-05-03T11:37:47+00:00","mainEntityOfPage":{"@id":"https:\/\/archiv.siov.sk\/buduci-kuchari-a-cukrari-ukazali-svoje-zrucnosti-na-finale-skills-slovakia-junior-gastro-metro-cup-a-junior-gastro-debic-cup-2022\/"},"wordCount":745,"publisher":{"@id":"https:\/\/archiv.siov.sk\/#organization"},"image":{"@id":"https:\/\/archiv.siov.sk\/buduci-kuchari-a-cukrari-ukazali-svoje-zrucnosti-na-finale-skills-slovakia-junior-gastro-metro-cup-a-junior-gastro-debic-cup-2022\/#primaryimage"},"thumbnailUrl":"https:\/\/archiv.siov.sk\/wp-content\/uploads\/2022\/05\/foto-kuchar_n.jpg","articleSection":["Aktuality"],"inLanguage":"en-GB"},{"@type":"WebPage","@id":"https:\/\/archiv.siov.sk\/buduci-kuchari-a-cukrari-ukazali-svoje-zrucnosti-na-finale-skills-slovakia-junior-gastro-metro-cup-a-junior-gastro-debic-cup-2022\/","url":"https:\/\/archiv.siov.sk\/buduci-kuchari-a-cukrari-ukazali-svoje-zrucnosti-na-finale-skills-slovakia-junior-gastro-metro-cup-a-junior-gastro-debic-cup-2022\/","name":"Bud\u00faci kuch\u00e1ri a cukr\u00e1ri uk\u00e1zali svoje zru\u010dnosti na fin\u00e1le Skills Slovakia JUNIOR GASTRO METRO CUP a JUNIOR GASTRO DEBIC CUP 2022 - \u0160IOV - \u0161t\u00e1tny in\u0161tit\u00fat odborn\u00e9ho vzdel\u00e1vania","isPartOf":{"@id":"https:\/\/archiv.siov.sk\/#website"},"primaryImageOfPage":{"@id":"https:\/\/archiv.siov.sk\/buduci-kuchari-a-cukrari-ukazali-svoje-zrucnosti-na-finale-skills-slovakia-junior-gastro-metro-cup-a-junior-gastro-debic-cup-2022\/#primaryimage"},"image":{"@id":"https:\/\/archiv.siov.sk\/buduci-kuchari-a-cukrari-ukazali-svoje-zrucnosti-na-finale-skills-slovakia-junior-gastro-metro-cup-a-junior-gastro-debic-cup-2022\/#primaryimage"},"thumbnailUrl":"https:\/\/archiv.siov.sk\/wp-content\/uploads\/2022\/05\/foto-kuchar_n.jpg","datePublished":"2022-05-03T11:37:37+00:00","dateModified":"2022-05-03T11:37:47+00:00","breadcrumb":{"@id":"https:\/\/archiv.siov.sk\/buduci-kuchari-a-cukrari-ukazali-svoje-zrucnosti-na-finale-skills-slovakia-junior-gastro-metro-cup-a-junior-gastro-debic-cup-2022\/#breadcrumb"},"inLanguage":"en-GB","potentialAction":[{"@type":"ReadAction","target":["https:\/\/archiv.siov.sk\/buduci-kuchari-a-cukrari-ukazali-svoje-zrucnosti-na-finale-skills-slovakia-junior-gastro-metro-cup-a-junior-gastro-debic-cup-2022\/"]}]},{"@type":"ImageObject","inLanguage":"en-GB","@id":"https:\/\/archiv.siov.sk\/buduci-kuchari-a-cukrari-ukazali-svoje-zrucnosti-na-finale-skills-slovakia-junior-gastro-metro-cup-a-junior-gastro-debic-cup-2022\/#primaryimage","url":"https:\/\/archiv.siov.sk\/wp-content\/uploads\/2022\/05\/foto-kuchar_n.jpg","contentUrl":"https:\/\/archiv.siov.sk\/wp-content\/uploads\/2022\/05\/foto-kuchar_n.jpg","width":538,"height":662},{"@type":"BreadcrumbList","@id":"https:\/\/archiv.siov.sk\/buduci-kuchari-a-cukrari-ukazali-svoje-zrucnosti-na-finale-skills-slovakia-junior-gastro-metro-cup-a-junior-gastro-debic-cup-2022\/#breadcrumb","itemListElement":[{"@type":"ListItem","position":1,"name":"Home","item":"https:\/\/archiv.siov.sk\/"},{"@type":"ListItem","position":2,"name":"Bud\u00faci kuch\u00e1ri a cukr\u00e1ri uk\u00e1zali svoje zru\u010dnosti na fin\u00e1le Skills Slovakia JUNIOR GASTRO METRO CUP a JUNIOR GASTRO DEBIC CUP 2022"}]},{"@type":"WebSite","@id":"https:\/\/archiv.siov.sk\/#website","url":"https:\/\/archiv.siov.sk\/","name":"\u0160IOV - \u0161t\u00e1tny in\u0161tit\u00fat odborn\u00e9ho vzdel\u00e1vania","description":"","publisher":{"@id":"https:\/\/archiv.siov.sk\/#organization"},"potentialAction":[{"@type":"SearchAction","target":{"@type":"EntryPoint","urlTemplate":"https:\/\/archiv.siov.sk\/?s={search_term_string}"},"query-input":{"@type":"PropertyValueSpecification","valueRequired":true,"valueName":"search_term_string"}}],"inLanguage":"en-GB"},{"@type":"Organization","@id":"https:\/\/archiv.siov.sk\/#organization","name":"\u0160IOV - \u0161t\u00e1tny in\u0161tit\u00fat odborn\u00e9ho vzdel\u00e1vania","url":"https:\/\/archiv.siov.sk\/","logo":{"@type":"ImageObject","inLanguage":"en-GB","@id":"https:\/\/archiv.siov.sk\/#\/schema\/logo\/image\/","url":"https:\/\/archiv.siov.sk\/wp-content\/uploads\/2024\/02\/logo-SIOV.png","contentUrl":"https:\/\/archiv.siov.sk\/wp-content\/uploads\/2024\/02\/logo-SIOV.png","width":431,"height":143,"caption":"\u0160IOV - \u0161t\u00e1tny in\u0161tit\u00fat odborn\u00e9ho vzdel\u00e1vania"},"image":{"@id":"https:\/\/archiv.siov.sk\/#\/schema\/logo\/image\/"},"sameAs":["https:\/\/www.facebook.com\/Statnyinstitutodbornehovzdelavania"]},{"@type":"Person","@id":"https:\/\/archiv.siov.sk\/#\/schema\/person\/e42d633fbd958c6a726e8834d8965e6c","name":"Katar\u00edna Kov\u00e1\u010dov\u00e1","url":"https:\/\/archiv.siov.sk\/en\/author\/katkakovacova\/"}]}},"_links":{"self":[{"href":"https:\/\/archiv.siov.sk\/en\/wp-json\/wp\/v2\/posts\/11280","targetHints":{"allow":["GET"]}}],"collection":[{"href":"https:\/\/archiv.siov.sk\/en\/wp-json\/wp\/v2\/posts"}],"about":[{"href":"https:\/\/archiv.siov.sk\/en\/wp-json\/wp\/v2\/types\/post"}],"author":[{"embeddable":true,"href":"https:\/\/archiv.siov.sk\/en\/wp-json\/wp\/v2\/users\/6"}],"replies":[{"embeddable":true,"href":"https:\/\/archiv.siov.sk\/en\/wp-json\/wp\/v2\/comments?post=11280"}],"version-history":[{"count":2,"href":"https:\/\/archiv.siov.sk\/en\/wp-json\/wp\/v2\/posts\/11280\/revisions"}],"predecessor-version":[{"id":11283,"href":"https:\/\/archiv.siov.sk\/en\/wp-json\/wp\/v2\/posts\/11280\/revisions\/11283"}],"wp:featuredmedia":[{"embeddable":true,"href":"https:\/\/archiv.siov.sk\/en\/wp-json\/wp\/v2\/media\/11282"}],"wp:attachment":[{"href":"https:\/\/archiv.siov.sk\/en\/wp-json\/wp\/v2\/media?parent=11280"}],"wp:term":[{"taxonomy":"category","embeddable":true,"href":"https:\/\/archiv.siov.sk\/en\/wp-json\/wp\/v2\/categories?post=11280"},{"taxonomy":"post_tag","embeddable":true,"href":"https:\/\/archiv.siov.sk\/en\/wp-json\/wp\/v2\/tags?post=11280"}],"curies":[{"name":"wp","href":"https:\/\/api.w.org\/{rel}","templated":true}]}}