{"id":11257,"date":"2022-05-02T15:35:25","date_gmt":"2022-05-02T13:35:25","guid":{"rendered":"https:\/\/archiv.siov.sk\/?p=11257"},"modified":"2025-07-03T14:37:26","modified_gmt":"2025-07-03T12:37:26","slug":"narodna-cena-kvality-ovp-2022","status":"publish","type":"post","link":"https:\/\/archiv.siov.sk\/en\/narodna-cena-kvality-ovp-2022\/","title":{"rendered":"N\u00c1RODN\u00c1 CENA KVALITY OVP 2022"},"content":{"rendered":"<p style=\"text-align: justify;\"><strong>Na konferencii Exceletnos\u0165 v odbornom vzdel\u00e1van\u00ed a pr\u00edprave (OVP) &#8211; v\u00fdzva do bud\u00facnosti sa uskuto\u010dnilo sl\u00e1vnostn\u00e9 predstavenie v\u00fdhercov 1. ro\u010dn\u00edka N\u00e1rodnej ceny kvality v OVP. <\/strong><\/p>\n<p style=\"text-align: justify;\">Aktivitami n\u00e1rodn\u00e9ho referen\u010dn\u00e9ho miesta EQAVET sa sna\u017e\u00edme o zv\u00fd\u0161enie prest\u00ed\u017ee odborn\u00e9ho vzdel\u00e1vania a pr\u00edpravy na Slovensku, o zvidite\u013enenie aktiv\u00edt a v\u00fdsledkov stredn\u00fdch odborn\u00fdch \u0161k\u00f4l a posilnenie motiv\u00e1cie pedagogick\u00fdch a nepedagogick\u00fdch pracovn\u00edkov v odbornom vzdel\u00e1van\u00ed a pr\u00edprave. Pr\u00e1ve z t\u00fdchto d\u00f4vodov sme 28. febru\u00e1ra vyhl\u00e1sili N\u00e1rodn\u00fa cenu kvality v OVP pre stredn\u00e9 \u0161koly, ktor\u00e9 mali jeden mesiac na zapojenie sa do tejto iniciat\u00edvy. Urobi\u0165 sa tak dalo prostredn\u00edctvom jednoduch\u00e9ho formul\u00e1ru nap\u00edsan\u00edm kr\u00e1tkeho a p\u00fatav\u00e9ho pr\u00edbehu o svojej in\u0161tit\u00facii.<\/p>\n<p>Ka\u017ed\u00e1 \u0161kola mala mo\u017enos\u0165 prihl\u00e1si\u0165 sa do jednej zo \u0161tyroch kateg\u00f3ri\u00ed:<\/p>\n<ol>\n<li>Excelentnos\u0165 v OVP<\/li>\n<li>Inovat\u00edvnos\u0165 v OVP<\/li>\n<li>Pr\u00ednos pre komunitu<\/li>\n<li>Osobnos\u0165 v\u00a0OVP<\/li>\n<\/ol>\n<p style=\"text-align: justify;\">Cie\u013eom bolo predstavi\u0165 mimoriadne \u00faspechy, inov\u00e1cie, spolupr\u00e1ce a\u00a0partnerstv\u00e1 \u010di\u00a0\u010fal\u0161ie siln\u00e9 str\u00e1nky \u0161k\u00f4l. Zber pr\u00edkladov dobrej praxe n\u00e1m umo\u017en\u00ed \u0161\u00edri\u0165 ich nielen na n\u00e1rodnej, ale i\u00a0celoeur\u00f3pskej \u00farovni. Cie\u013eom ceny kvality je dospie\u0165 k vysoko kvalitn\u00e9mu, efekt\u00edvnemu, spolo\u010densky zodpovedn\u00e9mu, inkluz\u00edvnemu a\u00a0modern\u00e9mu odborn\u00e9mu vzdel\u00e1vaniu a\u00a0pr\u00edprave na Slovensku. <strong>Ka\u017edoro\u010dne c<\/strong><strong>hceme<\/strong> takouto formou podpori\u0165 povedomie o v\u00fdzname budovania a zabezpe\u010dovania kvality.<\/p>\n<p>&nbsp;<\/p>\n<p style=\"text-align: center;\"><img fetchpriority=\"high\" decoding=\"async\" class=\"size-medium wp-image-11259 aligncenter\" src=\"https:\/\/archiv.siov.sk\/wp-content\/uploads\/2022\/05\/1.-dualna-akademia-300x200.jpg\" alt=\"\" width=\"300\" height=\"200\" srcset=\"https:\/\/archiv.siov.sk\/wp-content\/uploads\/2022\/05\/1.-dualna-akademia-300x200.jpg 300w, https:\/\/archiv.siov.sk\/wp-content\/uploads\/2022\/05\/1.-dualna-akademia-1024x683.jpg 1024w, https:\/\/archiv.siov.sk\/wp-content\/uploads\/2022\/05\/1.-dualna-akademia-768x512.jpg 768w, https:\/\/archiv.siov.sk\/wp-content\/uploads\/2022\/05\/1.-dualna-akademia-1536x1024.jpg 1536w, https:\/\/archiv.siov.sk\/wp-content\/uploads\/2022\/05\/1.-dualna-akademia-2048x1365.jpg 2048w, https:\/\/archiv.siov.sk\/wp-content\/uploads\/2022\/05\/1.-dualna-akademia-272x182.jpg 272w\" sizes=\"(max-width: 300px) 100vw, 300px\" \/><\/p>\n<p style=\"text-align: center;\"><em>Foto: V\u00ed\u0165az kateg\u00f3rie Excelentnos\u0165 &#8211; S\u00fakromn\u00e1 stredn\u00e1 odborn\u00e1 \u0161kola Du\u00e1lna akad\u00e9mia, Bratislava<\/em><\/p>\n<p>\u00a0 \u00a0 \u00a0 \u00a0 \u00a0 \u00a0 <img decoding=\"async\" class=\"size-medium wp-image-11260 aligncenter\" src=\"https:\/\/archiv.siov.sk\/wp-content\/uploads\/2022\/05\/2.-Dubnica-nad-Vahom-200x300.jpg\" alt=\"\" width=\"200\" height=\"300\" srcset=\"https:\/\/archiv.siov.sk\/wp-content\/uploads\/2022\/05\/2.-Dubnica-nad-Vahom-200x300.jpg 200w, https:\/\/archiv.siov.sk\/wp-content\/uploads\/2022\/05\/2.-Dubnica-nad-Vahom-683x1024.jpg 683w, https:\/\/archiv.siov.sk\/wp-content\/uploads\/2022\/05\/2.-Dubnica-nad-Vahom-768x1152.jpg 768w, https:\/\/archiv.siov.sk\/wp-content\/uploads\/2022\/05\/2.-Dubnica-nad-Vahom-1024x1536.jpg 1024w, https:\/\/archiv.siov.sk\/wp-content\/uploads\/2022\/05\/2.-Dubnica-nad-Vahom-1365x2048.jpg 1365w, https:\/\/archiv.siov.sk\/wp-content\/uploads\/2022\/05\/2.-Dubnica-nad-Vahom-scaled.jpg 1707w\" sizes=\"(max-width: 200px) 100vw, 200px\" \/><\/p>\n<p style=\"text-align: center;\"><em>Foto: V\u00ed\u0165az kateg\u00f3rie Inovat\u00edvnos\u0165 &#8211; Stredn\u00e1 odborn\u00e1 \u0161kola technick\u00e1, Dubnica nad V\u00e1hom<\/em><\/p>\n<p style=\"text-align: justify;\">Na tomto mieste by sme radi po\u010fakovali za zaslanie nomin\u00e1ci\u00ed zo strany V\u00daC, ktor\u00e9 k\u00a0tomu prist\u00fapili naozaj zodpovedne.<\/p>\n<p style=\"text-align: justify;\">Porota bola zlo\u017een\u00e1 zo z\u00e1stupcov zo \u0160t\u00e1tneho in\u0161tit\u00fatu odborn\u00e9ho vzdel\u00e1vania, Ministerstva \u0161kolstva, vedy, v\u00fdskumu a \u0161portu SR a Rady zamestn\u00e1vate\u013eov, ktor\u00ed spolo\u010dne ur\u010dili v\u00ed\u0165azov:<\/p>\n<p>V\u00a0kateg\u00f3rii Excelentnos\u0165: <strong>Sukromn\u00e1 stredn\u00e1 odborn\u00e1 \u0161kola Du\u00e1lna akad\u00e9mia, Bratislava<\/strong><\/p>\n<p>V\u00a0kateg\u00f3rii Inovat\u00edvnos\u0165: <strong>Stredn\u00e1 odborn\u00e1 \u0161kola technick\u00e1, Dubnica nad V\u00e1hom<\/strong><\/p>\n<p>V\u00a0kateg\u00f3rii Pr\u00ednos pre komunitu: <strong>Stredn\u00e1 odborn\u00e1 \u0161kola technick\u00e1, Tlma\u010de<\/strong><\/p>\n<p>V\u00a0kateg\u00f3rii Osobnos\u0165 v\u00a0OVP: <strong>Ing. J\u00e1n \u017duffa, Stredn\u00e1 odborn\u00e1 \u0161kola, Bansk\u00e1 Bystrica<\/strong><\/p>\n<p>&nbsp;<\/p>\n<p><img decoding=\"async\" class=\"size-medium wp-image-11261 aligncenter\" src=\"https:\/\/archiv.siov.sk\/wp-content\/uploads\/2022\/05\/3.-Tlmace-300x200.jpg\" alt=\"\" width=\"300\" height=\"200\" srcset=\"https:\/\/archiv.siov.sk\/wp-content\/uploads\/2022\/05\/3.-Tlmace-300x200.jpg 300w, https:\/\/archiv.siov.sk\/wp-content\/uploads\/2022\/05\/3.-Tlmace-1024x683.jpg 1024w, https:\/\/archiv.siov.sk\/wp-content\/uploads\/2022\/05\/3.-Tlmace-768x512.jpg 768w, https:\/\/archiv.siov.sk\/wp-content\/uploads\/2022\/05\/3.-Tlmace-1536x1024.jpg 1536w, https:\/\/archiv.siov.sk\/wp-content\/uploads\/2022\/05\/3.-Tlmace-2048x1365.jpg 2048w, https:\/\/archiv.siov.sk\/wp-content\/uploads\/2022\/05\/3.-Tlmace-272x182.jpg 272w\" sizes=\"(max-width: 300px) 100vw, 300px\" \/><\/p>\n<p style=\"text-align: center;\"><em>Foto: V\u00ed\u0165az kateg\u00f3rie Pr\u00ednos pre komunitu &#8211; Stredn\u00e1 odborn\u00e1 \u0161kola technick\u00e1, Tlma\u010de<\/em><\/p>\n<p><img loading=\"lazy\" decoding=\"async\" class=\"size-medium wp-image-11262 aligncenter\" src=\"https:\/\/archiv.siov.sk\/wp-content\/uploads\/2022\/05\/4.-Banska-Bystrica-200x300.jpg\" alt=\"\" width=\"200\" height=\"300\" srcset=\"https:\/\/archiv.siov.sk\/wp-content\/uploads\/2022\/05\/4.-Banska-Bystrica-200x300.jpg 200w, https:\/\/archiv.siov.sk\/wp-content\/uploads\/2022\/05\/4.-Banska-Bystrica-683x1024.jpg 683w, https:\/\/archiv.siov.sk\/wp-content\/uploads\/2022\/05\/4.-Banska-Bystrica-768x1152.jpg 768w, https:\/\/archiv.siov.sk\/wp-content\/uploads\/2022\/05\/4.-Banska-Bystrica-1024x1536.jpg 1024w, https:\/\/archiv.siov.sk\/wp-content\/uploads\/2022\/05\/4.-Banska-Bystrica-1365x2048.jpg 1365w, https:\/\/archiv.siov.sk\/wp-content\/uploads\/2022\/05\/4.-Banska-Bystrica-scaled.jpg 1707w\" sizes=\"(max-width: 200px) 100vw, 200px\" \/><\/p>\n<p style=\"text-align: center;\"><em>Foto: V\u00ed\u0165az kateg\u00f3rie Osobnos\u0165 v OVP &#8211; Ing. J\u00e1n \u017duffa, Stredn\u00e1 odborn\u00e1 \u0161kola, Bansk\u00e1 Bystrica<\/em><\/p>\n<p>Ocenenia odovzdal z\u00e1stupcom riadite\u013e \u0160t\u00e1tneho in\u0161tit\u00fatu odborn\u00e9ho vzdel\u00e1vania Branislav Had\u00e1r.<\/p>\n<p>V\u0161etk\u00fdm v\u00fdhercom gratulujeme a\u00a0te\u0161\u00edme sa na pokra\u010dovanie za\u010datej trad\u00edcie aj v\u00a0nasleduj\u00facich rokoch.<\/p>\n<p>Vide\u00e1, ktor\u00e9 sme nat\u00e1\u010dali s\u00a0v\u00ed\u0165azmi si m\u00f4\u017eete pozrie\u0165 tu: <a href=\"https:\/\/okvalite.sk\/videa\/\">https:\/\/okvalite.sk\/videa\/<\/a><\/p>\n<figure id=\"attachment_19606\" aria-describedby=\"caption-attachment-19606\" style=\"width: 450px\" class=\"wp-caption aligncenter\"><img loading=\"lazy\" decoding=\"async\" class=\"wp-image-19606\" src=\"https:\/\/archiv.siov.sk\/wp-content\/uploads\/2025\/06\/spolufinancovane-EU-300x86.png\" alt=\"spolufinancovany EU logo\" width=\"450\" height=\"128\" srcset=\"https:\/\/archiv.siov.sk\/wp-content\/uploads\/2025\/06\/spolufinancovane-EU-300x86.png 300w, https:\/\/archiv.siov.sk\/wp-content\/uploads\/2025\/06\/spolufinancovane-EU-18x5.png 18w, https:\/\/archiv.siov.sk\/wp-content\/uploads\/2025\/06\/spolufinancovane-EU.png 600w\" sizes=\"(max-width: 450px) 100vw, 450px\" \/><figcaption id=\"caption-attachment-19606\" class=\"wp-caption-text\">Financovan\u00e9 Eur\u00f3pskou \u00faniou. Vyjadren\u00e9 n\u00e1zory a postoje s\u00fa n\u00e1zormi a vyhl\u00e1seniami autora a nemusia nevyhnutne odr\u00e1\u017ea\u0165 n\u00e1zory a stanovisk\u00e1 Eur\u00f3pskej \u00fanie alebo Eur\u00f3pskej v\u00fdkonnej agent\u00fary pre vzdel\u00e1vanie a kult\u00faru (EACEA). Eur\u00f3pska \u00fania ani EACEA za ne nepreberaj\u00fa \u017eiadnu zodpovednos\u0165.<\/figcaption><\/figure>","protected":false},"excerpt":{"rendered":"<p>Na konferencii Exceletnos\u0165 v odbornom vzdel\u00e1van\u00ed a pr\u00edprave (OVP) &#8211; v\u00fdzva do bud\u00facnosti sa uskuto\u010dnilo sl\u00e1vnostn\u00e9 predstavenie v\u00fdhercov 1. ro\u010dn\u00edka N\u00e1rodnej ceny kvality v OVP. Aktivitami n\u00e1rodn\u00e9ho referen\u010dn\u00e9ho miesta EQAVET sa sna\u017e\u00edme o zv\u00fd\u0161enie prest\u00ed\u017ee odborn\u00e9ho vzdel\u00e1vania a pr\u00edpravy na Slovensku, o zvidite\u013enenie aktiv\u00edt a v\u00fdsledkov stredn\u00fdch odborn\u00fdch \u0161k\u00f4l a posilnenie motiv\u00e1cie pedagogick\u00fdch a nepedagogick\u00fdch [&hellip;]<\/p>\n","protected":false},"author":6,"featured_media":11265,"comment_status":"closed","ping_status":"closed","sticky":false,"template":"","format":"standard","meta":{"site-sidebar-layout":"default","site-content-layout":"default","ast-site-content-layout":"default","site-content-style":"default","site-sidebar-style":"default","ast-global-header-display":"","ast-banner-title-visibility":"","ast-main-header-display":"","ast-hfb-above-header-display":"","ast-hfb-below-header-display":"","ast-hfb-mobile-header-display":"","site-post-title":"","ast-breadcrumbs-content":"","ast-featured-img":"","footer-sml-layout":"","ast-disable-related-posts":"","theme-transparent-header-meta":"default","adv-header-id-meta":"","stick-header-meta":"default","header-above-stick-meta":"","header-main-stick-meta":"","header-below-stick-meta":"","astra-migrate-meta-layouts":"set","ast-page-background-enabled":"default","ast-page-background-meta":{"desktop":{"background-color":"var(--ast-global-color-4)","background-image":"","background-repeat":"repeat","background-position":"center center","background-size":"auto","background-attachment":"scroll","background-type":"","background-media":"","overlay-type":"","overlay-color":"","overlay-opacity":"","overlay-gradient":""},"tablet":{"background-color":"","background-image":"","background-repeat":"repeat","background-position":"center center","background-size":"auto","background-attachment":"scroll","background-type":"","background-media":"","overlay-type":"","overlay-color":"","overlay-opacity":"","overlay-gradient":""},"mobile":{"background-color":"","background-image":"","background-repeat":"repeat","background-position":"center center","background-size":"auto","background-attachment":"scroll","background-type":"","background-media":"","overlay-type":"","overlay-color":"","overlay-opacity":"","overlay-gradient":""}},"ast-content-background-meta":{"desktop":{"background-color":"var(--ast-global-color-5)","background-image":"","background-repeat":"repeat","background-position":"center center","background-size":"auto","background-attachment":"scroll","background-type":"","background-media":"","overlay-type":"","overlay-color":"","overlay-opacity":"","overlay-gradient":""},"tablet":{"background-color":"var(--ast-global-color-5)","background-image":"","background-repeat":"repeat","background-position":"center center","background-size":"auto","background-attachment":"scroll","background-type":"","background-media":"","overlay-type":"","overlay-color":"","overlay-opacity":"","overlay-gradient":""},"mobile":{"background-color":"var(--ast-global-color-5)","background-image":"","background-repeat":"repeat","background-position":"center center","background-size":"auto","background-attachment":"scroll","background-type":"","background-media":"","overlay-type":"","overlay-color":"","overlay-opacity":"","overlay-gradient":""}},"footnotes":""},"categories":[1],"tags":[],"class_list":["post-11257","post","type-post","status-publish","format-standard","has-post-thumbnail","hentry","category-aktuality"],"yoast_head":"<!-- This site is optimized with the Yoast SEO plugin v27.5 - https:\/\/yoast.com\/product\/yoast-seo-wordpress\/ -->\n<title>N\u00c1RODN\u00c1 CENA KVALITY OVP 2022 - \u0160IOV - \u0161t\u00e1tny in\u0161tit\u00fat odborn\u00e9ho vzdel\u00e1vania<\/title>\n<meta name=\"robots\" content=\"index, follow, max-snippet:-1, max-image-preview:large, max-video-preview:-1\" \/>\n<link rel=\"canonical\" href=\"https:\/\/archiv.siov.sk\/en\/narodna-cena-kvality-ovp-2022\/\" \/>\n<meta property=\"og:locale\" content=\"en_GB\" \/>\n<meta property=\"og:type\" content=\"article\" \/>\n<meta property=\"og:title\" content=\"N\u00c1RODN\u00c1 CENA KVALITY OVP 2022 - \u0160IOV - \u0161t\u00e1tny in\u0161tit\u00fat odborn\u00e9ho vzdel\u00e1vania\" \/>\n<meta property=\"og:description\" content=\"Na konferencii Exceletnos\u0165 v odbornom vzdel\u00e1van\u00ed a pr\u00edprave (OVP) &#8211; v\u00fdzva do bud\u00facnosti sa uskuto\u010dnilo sl\u00e1vnostn\u00e9 predstavenie v\u00fdhercov 1. ro\u010dn\u00edka N\u00e1rodnej ceny kvality v OVP. Aktivitami n\u00e1rodn\u00e9ho referen\u010dn\u00e9ho miesta EQAVET sa sna\u017e\u00edme o zv\u00fd\u0161enie prest\u00ed\u017ee odborn\u00e9ho vzdel\u00e1vania a pr\u00edpravy na Slovensku, o zvidite\u013enenie aktiv\u00edt a v\u00fdsledkov stredn\u00fdch odborn\u00fdch \u0161k\u00f4l a posilnenie motiv\u00e1cie pedagogick\u00fdch a nepedagogick\u00fdch [&hellip;]\" \/>\n<meta property=\"og:url\" content=\"https:\/\/archiv.siov.sk\/en\/narodna-cena-kvality-ovp-2022\/\" \/>\n<meta property=\"og:site_name\" content=\"\u0160IOV - \u0161t\u00e1tny in\u0161tit\u00fat odborn\u00e9ho vzdel\u00e1vania\" \/>\n<meta property=\"article:publisher\" content=\"https:\/\/www.facebook.com\/Statnyinstitutodbornehovzdelavania\" \/>\n<meta property=\"article:published_time\" content=\"2022-05-02T13:35:25+00:00\" \/>\n<meta property=\"article:modified_time\" content=\"2025-07-03T12:37:26+00:00\" \/>\n<meta property=\"og:image\" content=\"https:\/\/archiv.siov.sk\/wp-content\/uploads\/2022\/05\/narodna-cena-kvality-v-ovp-logo.jpg\" \/>\n\t<meta property=\"og:image:width\" content=\"1654\" \/>\n\t<meta property=\"og:image:height\" content=\"513\" \/>\n\t<meta property=\"og:image:type\" content=\"image\/jpeg\" \/>\n<meta name=\"author\" content=\"Katar\u00edna Kov\u00e1\u010dov\u00e1\" \/>\n<meta name=\"twitter:card\" content=\"summary_large_image\" \/>\n<meta name=\"twitter:label1\" content=\"Written by\" \/>\n\t<meta name=\"twitter:data1\" content=\"Katar\u00edna Kov\u00e1\u010dov\u00e1\" \/>\n\t<meta name=\"twitter:label2\" content=\"Estimated reading time\" \/>\n\t<meta name=\"twitter:data2\" content=\"4 minutes\" \/>\n<script type=\"application\/ld+json\" class=\"yoast-schema-graph\">{\"@context\":\"https:\\\/\\\/schema.org\",\"@graph\":[{\"@type\":\"Article\",\"@id\":\"https:\\\/\\\/archiv.siov.sk\\\/narodna-cena-kvality-ovp-2022\\\/#article\",\"isPartOf\":{\"@id\":\"https:\\\/\\\/archiv.siov.sk\\\/narodna-cena-kvality-ovp-2022\\\/\"},\"author\":{\"name\":\"Katar\u00edna Kov\u00e1\u010dov\u00e1\",\"@id\":\"https:\\\/\\\/archiv.siov.sk\\\/#\\\/schema\\\/person\\\/e42d633fbd958c6a726e8834d8965e6c\"},\"headline\":\"N\u00c1RODN\u00c1 CENA KVALITY OVP 2022\",\"datePublished\":\"2022-05-02T13:35:25+00:00\",\"dateModified\":\"2025-07-03T12:37:26+00:00\",\"mainEntityOfPage\":{\"@id\":\"https:\\\/\\\/archiv.siov.sk\\\/narodna-cena-kvality-ovp-2022\\\/\"},\"wordCount\":569,\"publisher\":{\"@id\":\"https:\\\/\\\/archiv.siov.sk\\\/#organization\"},\"image\":{\"@id\":\"https:\\\/\\\/archiv.siov.sk\\\/narodna-cena-kvality-ovp-2022\\\/#primaryimage\"},\"thumbnailUrl\":\"https:\\\/\\\/archiv.siov.sk\\\/wp-content\\\/uploads\\\/2022\\\/05\\\/narodna-cena-kvality-v-ovp-logo.jpg\",\"articleSection\":[\"Aktuality\"],\"inLanguage\":\"en-GB\"},{\"@type\":\"WebPage\",\"@id\":\"https:\\\/\\\/archiv.siov.sk\\\/narodna-cena-kvality-ovp-2022\\\/\",\"url\":\"https:\\\/\\\/archiv.siov.sk\\\/narodna-cena-kvality-ovp-2022\\\/\",\"name\":\"N\u00c1RODN\u00c1 CENA KVALITY OVP 2022 - \u0160IOV - \u0161t\u00e1tny in\u0161tit\u00fat odborn\u00e9ho vzdel\u00e1vania\",\"isPartOf\":{\"@id\":\"https:\\\/\\\/archiv.siov.sk\\\/#website\"},\"primaryImageOfPage\":{\"@id\":\"https:\\\/\\\/archiv.siov.sk\\\/narodna-cena-kvality-ovp-2022\\\/#primaryimage\"},\"image\":{\"@id\":\"https:\\\/\\\/archiv.siov.sk\\\/narodna-cena-kvality-ovp-2022\\\/#primaryimage\"},\"thumbnailUrl\":\"https:\\\/\\\/archiv.siov.sk\\\/wp-content\\\/uploads\\\/2022\\\/05\\\/narodna-cena-kvality-v-ovp-logo.jpg\",\"datePublished\":\"2022-05-02T13:35:25+00:00\",\"dateModified\":\"2025-07-03T12:37:26+00:00\",\"breadcrumb\":{\"@id\":\"https:\\\/\\\/archiv.siov.sk\\\/narodna-cena-kvality-ovp-2022\\\/#breadcrumb\"},\"inLanguage\":\"en-GB\",\"potentialAction\":[{\"@type\":\"ReadAction\",\"target\":[\"https:\\\/\\\/archiv.siov.sk\\\/narodna-cena-kvality-ovp-2022\\\/\"]}]},{\"@type\":\"ImageObject\",\"inLanguage\":\"en-GB\",\"@id\":\"https:\\\/\\\/archiv.siov.sk\\\/narodna-cena-kvality-ovp-2022\\\/#primaryimage\",\"url\":\"https:\\\/\\\/archiv.siov.sk\\\/wp-content\\\/uploads\\\/2022\\\/05\\\/narodna-cena-kvality-v-ovp-logo.jpg\",\"contentUrl\":\"https:\\\/\\\/archiv.siov.sk\\\/wp-content\\\/uploads\\\/2022\\\/05\\\/narodna-cena-kvality-v-ovp-logo.jpg\",\"width\":1654,\"height\":513},{\"@type\":\"BreadcrumbList\",\"@id\":\"https:\\\/\\\/archiv.siov.sk\\\/narodna-cena-kvality-ovp-2022\\\/#breadcrumb\",\"itemListElement\":[{\"@type\":\"ListItem\",\"position\":1,\"name\":\"Home\",\"item\":\"https:\\\/\\\/archiv.siov.sk\\\/\"},{\"@type\":\"ListItem\",\"position\":2,\"name\":\"N\u00c1RODN\u00c1 CENA KVALITY OVP 2022\"}]},{\"@type\":\"WebSite\",\"@id\":\"https:\\\/\\\/archiv.siov.sk\\\/#website\",\"url\":\"https:\\\/\\\/archiv.siov.sk\\\/\",\"name\":\"\u0160IOV - \u0161t\u00e1tny in\u0161tit\u00fat odborn\u00e9ho vzdel\u00e1vania\",\"description\":\"\",\"publisher\":{\"@id\":\"https:\\\/\\\/archiv.siov.sk\\\/#organization\"},\"potentialAction\":[{\"@type\":\"SearchAction\",\"target\":{\"@type\":\"EntryPoint\",\"urlTemplate\":\"https:\\\/\\\/archiv.siov.sk\\\/?s={search_term_string}\"},\"query-input\":{\"@type\":\"PropertyValueSpecification\",\"valueRequired\":true,\"valueName\":\"search_term_string\"}}],\"inLanguage\":\"en-GB\"},{\"@type\":\"Organization\",\"@id\":\"https:\\\/\\\/archiv.siov.sk\\\/#organization\",\"name\":\"\u0160IOV - \u0161t\u00e1tny in\u0161tit\u00fat odborn\u00e9ho vzdel\u00e1vania\",\"url\":\"https:\\\/\\\/archiv.siov.sk\\\/\",\"logo\":{\"@type\":\"ImageObject\",\"inLanguage\":\"en-GB\",\"@id\":\"https:\\\/\\\/archiv.siov.sk\\\/#\\\/schema\\\/logo\\\/image\\\/\",\"url\":\"https:\\\/\\\/archiv.siov.sk\\\/wp-content\\\/uploads\\\/2024\\\/02\\\/logo-SIOV.png\",\"contentUrl\":\"https:\\\/\\\/archiv.siov.sk\\\/wp-content\\\/uploads\\\/2024\\\/02\\\/logo-SIOV.png\",\"width\":431,\"height\":143,\"caption\":\"\u0160IOV - \u0161t\u00e1tny in\u0161tit\u00fat odborn\u00e9ho vzdel\u00e1vania\"},\"image\":{\"@id\":\"https:\\\/\\\/archiv.siov.sk\\\/#\\\/schema\\\/logo\\\/image\\\/\"},\"sameAs\":[\"https:\\\/\\\/www.facebook.com\\\/Statnyinstitutodbornehovzdelavania\"]},{\"@type\":\"Person\",\"@id\":\"https:\\\/\\\/archiv.siov.sk\\\/#\\\/schema\\\/person\\\/e42d633fbd958c6a726e8834d8965e6c\",\"name\":\"Katar\u00edna Kov\u00e1\u010dov\u00e1\",\"url\":\"https:\\\/\\\/archiv.siov.sk\\\/en\\\/author\\\/katkakovacova\\\/\"}]}<\/script>\n<!-- \/ Yoast SEO plugin. -->","yoast_head_json":{"title":"N\u00c1RODN\u00c1 CENA KVALITY OVP 2022 - \u0160IOV - \u0161t\u00e1tny in\u0161tit\u00fat odborn\u00e9ho vzdel\u00e1vania","robots":{"index":"index","follow":"follow","max-snippet":"max-snippet:-1","max-image-preview":"max-image-preview:large","max-video-preview":"max-video-preview:-1"},"canonical":"https:\/\/archiv.siov.sk\/en\/narodna-cena-kvality-ovp-2022\/","og_locale":"en_GB","og_type":"article","og_title":"N\u00c1RODN\u00c1 CENA KVALITY OVP 2022 - \u0160IOV - \u0161t\u00e1tny in\u0161tit\u00fat odborn\u00e9ho vzdel\u00e1vania","og_description":"Na konferencii Exceletnos\u0165 v odbornom vzdel\u00e1van\u00ed a pr\u00edprave (OVP) &#8211; v\u00fdzva do bud\u00facnosti sa uskuto\u010dnilo sl\u00e1vnostn\u00e9 predstavenie v\u00fdhercov 1. ro\u010dn\u00edka N\u00e1rodnej ceny kvality v OVP. Aktivitami n\u00e1rodn\u00e9ho referen\u010dn\u00e9ho miesta EQAVET sa sna\u017e\u00edme o zv\u00fd\u0161enie prest\u00ed\u017ee odborn\u00e9ho vzdel\u00e1vania a pr\u00edpravy na Slovensku, o zvidite\u013enenie aktiv\u00edt a v\u00fdsledkov stredn\u00fdch odborn\u00fdch \u0161k\u00f4l a posilnenie motiv\u00e1cie pedagogick\u00fdch a nepedagogick\u00fdch [&hellip;]","og_url":"https:\/\/archiv.siov.sk\/en\/narodna-cena-kvality-ovp-2022\/","og_site_name":"\u0160IOV - \u0161t\u00e1tny in\u0161tit\u00fat odborn\u00e9ho vzdel\u00e1vania","article_publisher":"https:\/\/www.facebook.com\/Statnyinstitutodbornehovzdelavania","article_published_time":"2022-05-02T13:35:25+00:00","article_modified_time":"2025-07-03T12:37:26+00:00","og_image":[{"width":1654,"height":513,"url":"https:\/\/archiv.siov.sk\/wp-content\/uploads\/2022\/05\/narodna-cena-kvality-v-ovp-logo.jpg","type":"image\/jpeg"}],"author":"Katar\u00edna Kov\u00e1\u010dov\u00e1","twitter_card":"summary_large_image","twitter_misc":{"Written by":"Katar\u00edna Kov\u00e1\u010dov\u00e1","Estimated reading time":"4 minutes"},"schema":{"@context":"https:\/\/schema.org","@graph":[{"@type":"Article","@id":"https:\/\/archiv.siov.sk\/narodna-cena-kvality-ovp-2022\/#article","isPartOf":{"@id":"https:\/\/archiv.siov.sk\/narodna-cena-kvality-ovp-2022\/"},"author":{"name":"Katar\u00edna Kov\u00e1\u010dov\u00e1","@id":"https:\/\/archiv.siov.sk\/#\/schema\/person\/e42d633fbd958c6a726e8834d8965e6c"},"headline":"N\u00c1RODN\u00c1 CENA KVALITY OVP 2022","datePublished":"2022-05-02T13:35:25+00:00","dateModified":"2025-07-03T12:37:26+00:00","mainEntityOfPage":{"@id":"https:\/\/archiv.siov.sk\/narodna-cena-kvality-ovp-2022\/"},"wordCount":569,"publisher":{"@id":"https:\/\/archiv.siov.sk\/#organization"},"image":{"@id":"https:\/\/archiv.siov.sk\/narodna-cena-kvality-ovp-2022\/#primaryimage"},"thumbnailUrl":"https:\/\/archiv.siov.sk\/wp-content\/uploads\/2022\/05\/narodna-cena-kvality-v-ovp-logo.jpg","articleSection":["Aktuality"],"inLanguage":"en-GB"},{"@type":"WebPage","@id":"https:\/\/archiv.siov.sk\/narodna-cena-kvality-ovp-2022\/","url":"https:\/\/archiv.siov.sk\/narodna-cena-kvality-ovp-2022\/","name":"N\u00c1RODN\u00c1 CENA KVALITY OVP 2022 - \u0160IOV - \u0161t\u00e1tny in\u0161tit\u00fat odborn\u00e9ho vzdel\u00e1vania","isPartOf":{"@id":"https:\/\/archiv.siov.sk\/#website"},"primaryImageOfPage":{"@id":"https:\/\/archiv.siov.sk\/narodna-cena-kvality-ovp-2022\/#primaryimage"},"image":{"@id":"https:\/\/archiv.siov.sk\/narodna-cena-kvality-ovp-2022\/#primaryimage"},"thumbnailUrl":"https:\/\/archiv.siov.sk\/wp-content\/uploads\/2022\/05\/narodna-cena-kvality-v-ovp-logo.jpg","datePublished":"2022-05-02T13:35:25+00:00","dateModified":"2025-07-03T12:37:26+00:00","breadcrumb":{"@id":"https:\/\/archiv.siov.sk\/narodna-cena-kvality-ovp-2022\/#breadcrumb"},"inLanguage":"en-GB","potentialAction":[{"@type":"ReadAction","target":["https:\/\/archiv.siov.sk\/narodna-cena-kvality-ovp-2022\/"]}]},{"@type":"ImageObject","inLanguage":"en-GB","@id":"https:\/\/archiv.siov.sk\/narodna-cena-kvality-ovp-2022\/#primaryimage","url":"https:\/\/archiv.siov.sk\/wp-content\/uploads\/2022\/05\/narodna-cena-kvality-v-ovp-logo.jpg","contentUrl":"https:\/\/archiv.siov.sk\/wp-content\/uploads\/2022\/05\/narodna-cena-kvality-v-ovp-logo.jpg","width":1654,"height":513},{"@type":"BreadcrumbList","@id":"https:\/\/archiv.siov.sk\/narodna-cena-kvality-ovp-2022\/#breadcrumb","itemListElement":[{"@type":"ListItem","position":1,"name":"Home","item":"https:\/\/archiv.siov.sk\/"},{"@type":"ListItem","position":2,"name":"N\u00c1RODN\u00c1 CENA KVALITY OVP 2022"}]},{"@type":"WebSite","@id":"https:\/\/archiv.siov.sk\/#website","url":"https:\/\/archiv.siov.sk\/","name":"\u0160IOV - \u0161t\u00e1tny in\u0161tit\u00fat odborn\u00e9ho vzdel\u00e1vania","description":"","publisher":{"@id":"https:\/\/archiv.siov.sk\/#organization"},"potentialAction":[{"@type":"SearchAction","target":{"@type":"EntryPoint","urlTemplate":"https:\/\/archiv.siov.sk\/?s={search_term_string}"},"query-input":{"@type":"PropertyValueSpecification","valueRequired":true,"valueName":"search_term_string"}}],"inLanguage":"en-GB"},{"@type":"Organization","@id":"https:\/\/archiv.siov.sk\/#organization","name":"\u0160IOV - \u0161t\u00e1tny in\u0161tit\u00fat odborn\u00e9ho vzdel\u00e1vania","url":"https:\/\/archiv.siov.sk\/","logo":{"@type":"ImageObject","inLanguage":"en-GB","@id":"https:\/\/archiv.siov.sk\/#\/schema\/logo\/image\/","url":"https:\/\/archiv.siov.sk\/wp-content\/uploads\/2024\/02\/logo-SIOV.png","contentUrl":"https:\/\/archiv.siov.sk\/wp-content\/uploads\/2024\/02\/logo-SIOV.png","width":431,"height":143,"caption":"\u0160IOV - \u0161t\u00e1tny in\u0161tit\u00fat odborn\u00e9ho vzdel\u00e1vania"},"image":{"@id":"https:\/\/archiv.siov.sk\/#\/schema\/logo\/image\/"},"sameAs":["https:\/\/www.facebook.com\/Statnyinstitutodbornehovzdelavania"]},{"@type":"Person","@id":"https:\/\/archiv.siov.sk\/#\/schema\/person\/e42d633fbd958c6a726e8834d8965e6c","name":"Katar\u00edna Kov\u00e1\u010dov\u00e1","url":"https:\/\/archiv.siov.sk\/en\/author\/katkakovacova\/"}]}},"_links":{"self":[{"href":"https:\/\/archiv.siov.sk\/en\/wp-json\/wp\/v2\/posts\/11257","targetHints":{"allow":["GET"]}}],"collection":[{"href":"https:\/\/archiv.siov.sk\/en\/wp-json\/wp\/v2\/posts"}],"about":[{"href":"https:\/\/archiv.siov.sk\/en\/wp-json\/wp\/v2\/types\/post"}],"author":[{"embeddable":true,"href":"https:\/\/archiv.siov.sk\/en\/wp-json\/wp\/v2\/users\/6"}],"replies":[{"embeddable":true,"href":"https:\/\/archiv.siov.sk\/en\/wp-json\/wp\/v2\/comments?post=11257"}],"version-history":[{"count":7,"href":"https:\/\/archiv.siov.sk\/en\/wp-json\/wp\/v2\/posts\/11257\/revisions"}],"predecessor-version":[{"id":19786,"href":"https:\/\/archiv.siov.sk\/en\/wp-json\/wp\/v2\/posts\/11257\/revisions\/19786"}],"wp:featuredmedia":[{"embeddable":true,"href":"https:\/\/archiv.siov.sk\/en\/wp-json\/wp\/v2\/media\/11265"}],"wp:attachment":[{"href":"https:\/\/archiv.siov.sk\/en\/wp-json\/wp\/v2\/media?parent=11257"}],"wp:term":[{"taxonomy":"category","embeddable":true,"href":"https:\/\/archiv.siov.sk\/en\/wp-json\/wp\/v2\/categories?post=11257"},{"taxonomy":"post_tag","embeddable":true,"href":"https:\/\/archiv.siov.sk\/en\/wp-json\/wp\/v2\/tags?post=11257"}],"curies":[{"name":"wp","href":"https:\/\/api.w.org\/{rel}","templated":true}]}}