{"id":11173,"date":"2022-04-20T13:49:12","date_gmt":"2022-04-20T11:49:12","guid":{"rendered":"https:\/\/archiv.siov.sk\/?p=11173"},"modified":"2025-07-03T14:38:18","modified_gmt":"2025-07-03T12:38:18","slug":"medzinarodna-konferencia-excelentnost-v-ovp-vyzva-do-buducnosti","status":"publish","type":"post","link":"https:\/\/archiv.siov.sk\/en\/medzinarodna-konferencia-excelentnost-v-ovp-vyzva-do-buducnosti\/","title":{"rendered":"Medzin\u00e1rodn\u00e1 konferencia \u201eExcelentnos\u0165 v OVP \u2013 v\u00fdzva do bud\u00facnosti\u201c"},"content":{"rendered":"<p style=\"text-align: justify;\">Dovo\u013eujeme si V\u00e1s pozva\u0165 na medzin\u00e1rodn\u00fa konferenciu \u201e<strong>Excelentnos\u0165 v OVP \u2013 v\u00fdzva do bud\u00facnosti<\/strong>\u201c, ktorou v\u00e1s bud\u00fa sprev\u00e1dza\u0165 prezentuj\u00faci zo Slovenska, z \u010ceskej republiky, Rak\u00faska, \u010di z Eur\u00f3pskej komisie. Uskuto\u010dn\u00ed sa u\u017e 28.4.2022 od 9:30 do 16:00 v\u00a0hoteli LOFT na \u0160tef\u00e1nikovej 4 v\u00a0Bratislave.<\/p>\n<p style=\"text-align: justify;\">Konferencia je vyvrcholen\u00edm Mesiaca kvality OVP 2022, po\u010das ktorej bud\u00fa vyhl\u00e1sen\u00ed dr\u017eitelia N\u00e1rodnej ceny kvality v\u00a0OVP. Toto ocenenie bude \u0160t\u00e1tny in\u0161tit\u00fat odborn\u00e9ho vzdel\u00e1vania v spolupr\u00e1ci s Ministerstvom \u0161kolstva, vedy, v\u00fdskumu a \u0161portu SR a Radou zamestn\u00e1vate\u013eov odborn\u00e9ho vzdel\u00e1vania a pr\u00edpravy ude\u013eova\u0165 po prv\u00fdkr\u00e1t.<\/p>\n<p>&nbsp;<\/p>\n<p>Program n\u00e1jdete na: <a href=\"https:\/\/okvalite.sk\/wp-content\/uploads\/2022\/04\/program-konferencie-28.4.2022.pdf\">https:\/\/okvalite.sk\/podujatia\/<\/a><\/p>\n<p>Registra\u010dn\u00fd link: \u00a0<a href=\"https:\/\/forms.gle\/CRSd6Fk7bSCi8Nxt9\">https:\/\/forms.gle\/CRSd6Fk7bSCi8Nxt9<\/a><\/p>\n<p>Registr\u00e1cia je mo\u017en\u00e1 do 24. 04. 2022 (vr\u00e1tane), av\u0161ak po\u010det \u00fa\u010dastn\u00edkov je limitovan\u00fd (prednos\u0165 maj\u00fa skor\u0161ie registrovan\u00ed).<\/p>\n<figure id=\"attachment_19606\" aria-describedby=\"caption-attachment-19606\" style=\"width: 450px\" class=\"wp-caption aligncenter\"><img fetchpriority=\"high\" decoding=\"async\" class=\"wp-image-19606\" src=\"https:\/\/archiv.siov.sk\/wp-content\/uploads\/2025\/06\/spolufinancovane-EU-300x86.png\" alt=\"spolufinancovany EU logo\" width=\"450\" height=\"128\" srcset=\"https:\/\/archiv.siov.sk\/wp-content\/uploads\/2025\/06\/spolufinancovane-EU-300x86.png 300w, https:\/\/archiv.siov.sk\/wp-content\/uploads\/2025\/06\/spolufinancovane-EU-18x5.png 18w, https:\/\/archiv.siov.sk\/wp-content\/uploads\/2025\/06\/spolufinancovane-EU.png 600w\" sizes=\"(max-width: 450px) 100vw, 450px\" \/><figcaption id=\"caption-attachment-19606\" class=\"wp-caption-text\">Financovan\u00e9 Eur\u00f3pskou \u00faniou. Vyjadren\u00e9 n\u00e1zory a postoje s\u00fa n\u00e1zormi a vyhl\u00e1seniami autora a nemusia nevyhnutne odr\u00e1\u017ea\u0165 n\u00e1zory a stanovisk\u00e1 Eur\u00f3pskej \u00fanie alebo Eur\u00f3pskej v\u00fdkonnej agent\u00fary pre vzdel\u00e1vanie a kult\u00faru (EACEA). Eur\u00f3pska \u00fania ani EACEA za ne nepreberaj\u00fa \u017eiadnu zodpovednos\u0165.<\/figcaption><\/figure>","protected":false},"excerpt":{"rendered":"<p>Dovo\u013eujeme si V\u00e1s pozva\u0165 na medzin\u00e1rodn\u00fa konferenciu \u201eExcelentnos\u0165 v OVP \u2013 v\u00fdzva do bud\u00facnosti\u201c, ktorou v\u00e1s bud\u00fa sprev\u00e1dza\u0165 prezentuj\u00faci zo Slovenska, z \u010ceskej republiky, Rak\u00faska, \u010di z Eur\u00f3pskej komisie. Uskuto\u010dn\u00ed sa u\u017e 28.4.2022 od 9:30 do 16:00 v\u00a0hoteli LOFT na \u0160tef\u00e1nikovej 4 v\u00a0Bratislave. Konferencia je vyvrcholen\u00edm Mesiaca kvality OVP 2022, po\u010das ktorej bud\u00fa vyhl\u00e1sen\u00ed dr\u017eitelia [&hellip;]<\/p>\n","protected":false},"author":6,"featured_media":11175,"comment_status":"closed","ping_status":"closed","sticky":false,"template":"","format":"standard","meta":{"site-sidebar-layout":"default","site-content-layout":"default","ast-site-content-layout":"default","site-content-style":"default","site-sidebar-style":"default","ast-global-header-display":"","ast-banner-title-visibility":"","ast-main-header-display":"","ast-hfb-above-header-display":"","ast-hfb-below-header-display":"","ast-hfb-mobile-header-display":"","site-post-title":"","ast-breadcrumbs-content":"","ast-featured-img":"","footer-sml-layout":"","ast-disable-related-posts":"","theme-transparent-header-meta":"default","adv-header-id-meta":"","stick-header-meta":"default","header-above-stick-meta":"","header-main-stick-meta":"","header-below-stick-meta":"","astra-migrate-meta-layouts":"set","ast-page-background-enabled":"default","ast-page-background-meta":{"desktop":{"background-color":"var(--ast-global-color-4)","background-image":"","background-repeat":"repeat","background-position":"center center","background-size":"auto","background-attachment":"scroll","background-type":"","background-media":"","overlay-type":"","overlay-color":"","overlay-opacity":"","overlay-gradient":""},"tablet":{"background-color":"","background-image":"","background-repeat":"repeat","background-position":"center center","background-size":"auto","background-attachment":"scroll","background-type":"","background-media":"","overlay-type":"","overlay-color":"","overlay-opacity":"","overlay-gradient":""},"mobile":{"background-color":"","background-image":"","background-repeat":"repeat","background-position":"center center","background-size":"auto","background-attachment":"scroll","background-type":"","background-media":"","overlay-type":"","overlay-color":"","overlay-opacity":"","overlay-gradient":""}},"ast-content-background-meta":{"desktop":{"background-color":"var(--ast-global-color-5)","background-image":"","background-repeat":"repeat","background-position":"center center","background-size":"auto","background-attachment":"scroll","background-type":"","background-media":"","overlay-type":"","overlay-color":"","overlay-opacity":"","overlay-gradient":""},"tablet":{"background-color":"var(--ast-global-color-5)","background-image":"","background-repeat":"repeat","background-position":"center center","background-size":"auto","background-attachment":"scroll","background-type":"","background-media":"","overlay-type":"","overlay-color":"","overlay-opacity":"","overlay-gradient":""},"mobile":{"background-color":"var(--ast-global-color-5)","background-image":"","background-repeat":"repeat","background-position":"center center","background-size":"auto","background-attachment":"scroll","background-type":"","background-media":"","overlay-type":"","overlay-color":"","overlay-opacity":"","overlay-gradient":""}},"footnotes":""},"categories":[1],"tags":[],"class_list":["post-11173","post","type-post","status-publish","format-standard","has-post-thumbnail","hentry","category-aktuality"],"yoast_head":"<!-- This site is optimized with the Yoast SEO plugin v27.5 - https:\/\/yoast.com\/product\/yoast-seo-wordpress\/ -->\n<title>Medzin\u00e1rodn\u00e1 konferencia \u201eExcelentnos\u0165 v OVP \u2013 v\u00fdzva do bud\u00facnosti\u201c - \u0160IOV - \u0161t\u00e1tny in\u0161tit\u00fat odborn\u00e9ho vzdel\u00e1vania<\/title>\n<meta name=\"robots\" content=\"index, follow, max-snippet:-1, max-image-preview:large, max-video-preview:-1\" \/>\n<link rel=\"canonical\" href=\"https:\/\/archiv.siov.sk\/en\/medzinarodna-konferencia-excelentnost-v-ovp-vyzva-do-buducnosti\/\" \/>\n<meta property=\"og:locale\" content=\"en_GB\" \/>\n<meta property=\"og:type\" content=\"article\" \/>\n<meta property=\"og:title\" content=\"Medzin\u00e1rodn\u00e1 konferencia \u201eExcelentnos\u0165 v OVP \u2013 v\u00fdzva do bud\u00facnosti\u201c - \u0160IOV - \u0161t\u00e1tny in\u0161tit\u00fat odborn\u00e9ho vzdel\u00e1vania\" \/>\n<meta property=\"og:description\" content=\"Dovo\u013eujeme si V\u00e1s pozva\u0165 na medzin\u00e1rodn\u00fa konferenciu \u201eExcelentnos\u0165 v OVP \u2013 v\u00fdzva do bud\u00facnosti\u201c, ktorou v\u00e1s bud\u00fa sprev\u00e1dza\u0165 prezentuj\u00faci zo Slovenska, z \u010ceskej republiky, Rak\u00faska, \u010di z Eur\u00f3pskej komisie. Uskuto\u010dn\u00ed sa u\u017e 28.4.2022 od 9:30 do 16:00 v\u00a0hoteli LOFT na \u0160tef\u00e1nikovej 4 v\u00a0Bratislave. Konferencia je vyvrcholen\u00edm Mesiaca kvality OVP 2022, po\u010das ktorej bud\u00fa vyhl\u00e1sen\u00ed dr\u017eitelia [&hellip;]\" \/>\n<meta property=\"og:url\" content=\"https:\/\/archiv.siov.sk\/en\/medzinarodna-konferencia-excelentnost-v-ovp-vyzva-do-buducnosti\/\" \/>\n<meta property=\"og:site_name\" content=\"\u0160IOV - \u0161t\u00e1tny in\u0161tit\u00fat odborn\u00e9ho vzdel\u00e1vania\" \/>\n<meta property=\"article:publisher\" content=\"https:\/\/www.facebook.com\/Statnyinstitutodbornehovzdelavania\" \/>\n<meta property=\"article:published_time\" content=\"2022-04-20T11:49:12+00:00\" \/>\n<meta property=\"article:modified_time\" content=\"2025-07-03T12:38:18+00:00\" \/>\n<meta property=\"og:image\" content=\"https:\/\/archiv.siov.sk\/wp-content\/uploads\/2022\/04\/Excelentnost-v-OVP-1.png\" \/>\n\t<meta property=\"og:image:width\" content=\"1778\" \/>\n\t<meta property=\"og:image:height\" content=\"1062\" \/>\n\t<meta property=\"og:image:type\" content=\"image\/png\" \/>\n<meta name=\"author\" content=\"Katar\u00edna Kov\u00e1\u010dov\u00e1\" \/>\n<meta name=\"twitter:card\" content=\"summary_large_image\" \/>\n<meta name=\"twitter:label1\" content=\"Written by\" \/>\n\t<meta name=\"twitter:data1\" content=\"Katar\u00edna Kov\u00e1\u010dov\u00e1\" \/>\n\t<meta name=\"twitter:label2\" content=\"Estimated reading time\" \/>\n\t<meta name=\"twitter:data2\" content=\"2 minutes\" \/>\n<script type=\"application\/ld+json\" class=\"yoast-schema-graph\">{\"@context\":\"https:\\\/\\\/schema.org\",\"@graph\":[{\"@type\":\"Article\",\"@id\":\"https:\\\/\\\/archiv.siov.sk\\\/medzinarodna-konferencia-excelentnost-v-ovp-vyzva-do-buducnosti\\\/#article\",\"isPartOf\":{\"@id\":\"https:\\\/\\\/archiv.siov.sk\\\/medzinarodna-konferencia-excelentnost-v-ovp-vyzva-do-buducnosti\\\/\"},\"author\":{\"name\":\"Katar\u00edna Kov\u00e1\u010dov\u00e1\",\"@id\":\"https:\\\/\\\/archiv.siov.sk\\\/#\\\/schema\\\/person\\\/e42d633fbd958c6a726e8834d8965e6c\"},\"headline\":\"Medzin\u00e1rodn\u00e1 konferencia \u201eExcelentnos\u0165 v OVP \u2013 v\u00fdzva do bud\u00facnosti\u201c\",\"datePublished\":\"2022-04-20T11:49:12+00:00\",\"dateModified\":\"2025-07-03T12:38:18+00:00\",\"mainEntityOfPage\":{\"@id\":\"https:\\\/\\\/archiv.siov.sk\\\/medzinarodna-konferencia-excelentnost-v-ovp-vyzva-do-buducnosti\\\/\"},\"wordCount\":225,\"publisher\":{\"@id\":\"https:\\\/\\\/archiv.siov.sk\\\/#organization\"},\"image\":{\"@id\":\"https:\\\/\\\/archiv.siov.sk\\\/medzinarodna-konferencia-excelentnost-v-ovp-vyzva-do-buducnosti\\\/#primaryimage\"},\"thumbnailUrl\":\"https:\\\/\\\/archiv.siov.sk\\\/wp-content\\\/uploads\\\/2022\\\/04\\\/Excelentnost-v-OVP-1.png\",\"articleSection\":[\"Aktuality\"],\"inLanguage\":\"en-GB\"},{\"@type\":\"WebPage\",\"@id\":\"https:\\\/\\\/archiv.siov.sk\\\/medzinarodna-konferencia-excelentnost-v-ovp-vyzva-do-buducnosti\\\/\",\"url\":\"https:\\\/\\\/archiv.siov.sk\\\/medzinarodna-konferencia-excelentnost-v-ovp-vyzva-do-buducnosti\\\/\",\"name\":\"Medzin\u00e1rodn\u00e1 konferencia \u201eExcelentnos\u0165 v OVP \u2013 v\u00fdzva do bud\u00facnosti\u201c - \u0160IOV - \u0161t\u00e1tny in\u0161tit\u00fat odborn\u00e9ho vzdel\u00e1vania\",\"isPartOf\":{\"@id\":\"https:\\\/\\\/archiv.siov.sk\\\/#website\"},\"primaryImageOfPage\":{\"@id\":\"https:\\\/\\\/archiv.siov.sk\\\/medzinarodna-konferencia-excelentnost-v-ovp-vyzva-do-buducnosti\\\/#primaryimage\"},\"image\":{\"@id\":\"https:\\\/\\\/archiv.siov.sk\\\/medzinarodna-konferencia-excelentnost-v-ovp-vyzva-do-buducnosti\\\/#primaryimage\"},\"thumbnailUrl\":\"https:\\\/\\\/archiv.siov.sk\\\/wp-content\\\/uploads\\\/2022\\\/04\\\/Excelentnost-v-OVP-1.png\",\"datePublished\":\"2022-04-20T11:49:12+00:00\",\"dateModified\":\"2025-07-03T12:38:18+00:00\",\"breadcrumb\":{\"@id\":\"https:\\\/\\\/archiv.siov.sk\\\/medzinarodna-konferencia-excelentnost-v-ovp-vyzva-do-buducnosti\\\/#breadcrumb\"},\"inLanguage\":\"en-GB\",\"potentialAction\":[{\"@type\":\"ReadAction\",\"target\":[\"https:\\\/\\\/archiv.siov.sk\\\/medzinarodna-konferencia-excelentnost-v-ovp-vyzva-do-buducnosti\\\/\"]}]},{\"@type\":\"ImageObject\",\"inLanguage\":\"en-GB\",\"@id\":\"https:\\\/\\\/archiv.siov.sk\\\/medzinarodna-konferencia-excelentnost-v-ovp-vyzva-do-buducnosti\\\/#primaryimage\",\"url\":\"https:\\\/\\\/archiv.siov.sk\\\/wp-content\\\/uploads\\\/2022\\\/04\\\/Excelentnost-v-OVP-1.png\",\"contentUrl\":\"https:\\\/\\\/archiv.siov.sk\\\/wp-content\\\/uploads\\\/2022\\\/04\\\/Excelentnost-v-OVP-1.png\",\"width\":1778,\"height\":1062},{\"@type\":\"BreadcrumbList\",\"@id\":\"https:\\\/\\\/archiv.siov.sk\\\/medzinarodna-konferencia-excelentnost-v-ovp-vyzva-do-buducnosti\\\/#breadcrumb\",\"itemListElement\":[{\"@type\":\"ListItem\",\"position\":1,\"name\":\"Home\",\"item\":\"https:\\\/\\\/archiv.siov.sk\\\/\"},{\"@type\":\"ListItem\",\"position\":2,\"name\":\"Medzin\u00e1rodn\u00e1 konferencia \u201eExcelentnos\u0165 v OVP \u2013 v\u00fdzva do bud\u00facnosti\u201c\"}]},{\"@type\":\"WebSite\",\"@id\":\"https:\\\/\\\/archiv.siov.sk\\\/#website\",\"url\":\"https:\\\/\\\/archiv.siov.sk\\\/\",\"name\":\"\u0160IOV - \u0161t\u00e1tny in\u0161tit\u00fat odborn\u00e9ho vzdel\u00e1vania\",\"description\":\"\",\"publisher\":{\"@id\":\"https:\\\/\\\/archiv.siov.sk\\\/#organization\"},\"potentialAction\":[{\"@type\":\"SearchAction\",\"target\":{\"@type\":\"EntryPoint\",\"urlTemplate\":\"https:\\\/\\\/archiv.siov.sk\\\/?s={search_term_string}\"},\"query-input\":{\"@type\":\"PropertyValueSpecification\",\"valueRequired\":true,\"valueName\":\"search_term_string\"}}],\"inLanguage\":\"en-GB\"},{\"@type\":\"Organization\",\"@id\":\"https:\\\/\\\/archiv.siov.sk\\\/#organization\",\"name\":\"\u0160IOV - \u0161t\u00e1tny in\u0161tit\u00fat odborn\u00e9ho vzdel\u00e1vania\",\"url\":\"https:\\\/\\\/archiv.siov.sk\\\/\",\"logo\":{\"@type\":\"ImageObject\",\"inLanguage\":\"en-GB\",\"@id\":\"https:\\\/\\\/archiv.siov.sk\\\/#\\\/schema\\\/logo\\\/image\\\/\",\"url\":\"https:\\\/\\\/archiv.siov.sk\\\/wp-content\\\/uploads\\\/2024\\\/02\\\/logo-SIOV.png\",\"contentUrl\":\"https:\\\/\\\/archiv.siov.sk\\\/wp-content\\\/uploads\\\/2024\\\/02\\\/logo-SIOV.png\",\"width\":431,\"height\":143,\"caption\":\"\u0160IOV - \u0161t\u00e1tny in\u0161tit\u00fat odborn\u00e9ho vzdel\u00e1vania\"},\"image\":{\"@id\":\"https:\\\/\\\/archiv.siov.sk\\\/#\\\/schema\\\/logo\\\/image\\\/\"},\"sameAs\":[\"https:\\\/\\\/www.facebook.com\\\/Statnyinstitutodbornehovzdelavania\"]},{\"@type\":\"Person\",\"@id\":\"https:\\\/\\\/archiv.siov.sk\\\/#\\\/schema\\\/person\\\/e42d633fbd958c6a726e8834d8965e6c\",\"name\":\"Katar\u00edna Kov\u00e1\u010dov\u00e1\",\"url\":\"https:\\\/\\\/archiv.siov.sk\\\/en\\\/author\\\/katkakovacova\\\/\"}]}<\/script>\n<!-- \/ Yoast SEO plugin. -->","yoast_head_json":{"title":"Medzin\u00e1rodn\u00e1 konferencia \u201eExcelentnos\u0165 v OVP \u2013 v\u00fdzva do bud\u00facnosti\u201c - \u0160IOV - \u0161t\u00e1tny in\u0161tit\u00fat odborn\u00e9ho vzdel\u00e1vania","robots":{"index":"index","follow":"follow","max-snippet":"max-snippet:-1","max-image-preview":"max-image-preview:large","max-video-preview":"max-video-preview:-1"},"canonical":"https:\/\/archiv.siov.sk\/en\/medzinarodna-konferencia-excelentnost-v-ovp-vyzva-do-buducnosti\/","og_locale":"en_GB","og_type":"article","og_title":"Medzin\u00e1rodn\u00e1 konferencia \u201eExcelentnos\u0165 v OVP \u2013 v\u00fdzva do bud\u00facnosti\u201c - \u0160IOV - \u0161t\u00e1tny in\u0161tit\u00fat odborn\u00e9ho vzdel\u00e1vania","og_description":"Dovo\u013eujeme si V\u00e1s pozva\u0165 na medzin\u00e1rodn\u00fa konferenciu \u201eExcelentnos\u0165 v OVP \u2013 v\u00fdzva do bud\u00facnosti\u201c, ktorou v\u00e1s bud\u00fa sprev\u00e1dza\u0165 prezentuj\u00faci zo Slovenska, z \u010ceskej republiky, Rak\u00faska, \u010di z Eur\u00f3pskej komisie. Uskuto\u010dn\u00ed sa u\u017e 28.4.2022 od 9:30 do 16:00 v\u00a0hoteli LOFT na \u0160tef\u00e1nikovej 4 v\u00a0Bratislave. Konferencia je vyvrcholen\u00edm Mesiaca kvality OVP 2022, po\u010das ktorej bud\u00fa vyhl\u00e1sen\u00ed dr\u017eitelia [&hellip;]","og_url":"https:\/\/archiv.siov.sk\/en\/medzinarodna-konferencia-excelentnost-v-ovp-vyzva-do-buducnosti\/","og_site_name":"\u0160IOV - \u0161t\u00e1tny in\u0161tit\u00fat odborn\u00e9ho vzdel\u00e1vania","article_publisher":"https:\/\/www.facebook.com\/Statnyinstitutodbornehovzdelavania","article_published_time":"2022-04-20T11:49:12+00:00","article_modified_time":"2025-07-03T12:38:18+00:00","og_image":[{"width":1778,"height":1062,"url":"https:\/\/archiv.siov.sk\/wp-content\/uploads\/2022\/04\/Excelentnost-v-OVP-1.png","type":"image\/png"}],"author":"Katar\u00edna Kov\u00e1\u010dov\u00e1","twitter_card":"summary_large_image","twitter_misc":{"Written by":"Katar\u00edna Kov\u00e1\u010dov\u00e1","Estimated reading time":"2 minutes"},"schema":{"@context":"https:\/\/schema.org","@graph":[{"@type":"Article","@id":"https:\/\/archiv.siov.sk\/medzinarodna-konferencia-excelentnost-v-ovp-vyzva-do-buducnosti\/#article","isPartOf":{"@id":"https:\/\/archiv.siov.sk\/medzinarodna-konferencia-excelentnost-v-ovp-vyzva-do-buducnosti\/"},"author":{"name":"Katar\u00edna Kov\u00e1\u010dov\u00e1","@id":"https:\/\/archiv.siov.sk\/#\/schema\/person\/e42d633fbd958c6a726e8834d8965e6c"},"headline":"Medzin\u00e1rodn\u00e1 konferencia \u201eExcelentnos\u0165 v OVP \u2013 v\u00fdzva do bud\u00facnosti\u201c","datePublished":"2022-04-20T11:49:12+00:00","dateModified":"2025-07-03T12:38:18+00:00","mainEntityOfPage":{"@id":"https:\/\/archiv.siov.sk\/medzinarodna-konferencia-excelentnost-v-ovp-vyzva-do-buducnosti\/"},"wordCount":225,"publisher":{"@id":"https:\/\/archiv.siov.sk\/#organization"},"image":{"@id":"https:\/\/archiv.siov.sk\/medzinarodna-konferencia-excelentnost-v-ovp-vyzva-do-buducnosti\/#primaryimage"},"thumbnailUrl":"https:\/\/archiv.siov.sk\/wp-content\/uploads\/2022\/04\/Excelentnost-v-OVP-1.png","articleSection":["Aktuality"],"inLanguage":"en-GB"},{"@type":"WebPage","@id":"https:\/\/archiv.siov.sk\/medzinarodna-konferencia-excelentnost-v-ovp-vyzva-do-buducnosti\/","url":"https:\/\/archiv.siov.sk\/medzinarodna-konferencia-excelentnost-v-ovp-vyzva-do-buducnosti\/","name":"Medzin\u00e1rodn\u00e1 konferencia \u201eExcelentnos\u0165 v OVP \u2013 v\u00fdzva do bud\u00facnosti\u201c - \u0160IOV - \u0161t\u00e1tny in\u0161tit\u00fat odborn\u00e9ho vzdel\u00e1vania","isPartOf":{"@id":"https:\/\/archiv.siov.sk\/#website"},"primaryImageOfPage":{"@id":"https:\/\/archiv.siov.sk\/medzinarodna-konferencia-excelentnost-v-ovp-vyzva-do-buducnosti\/#primaryimage"},"image":{"@id":"https:\/\/archiv.siov.sk\/medzinarodna-konferencia-excelentnost-v-ovp-vyzva-do-buducnosti\/#primaryimage"},"thumbnailUrl":"https:\/\/archiv.siov.sk\/wp-content\/uploads\/2022\/04\/Excelentnost-v-OVP-1.png","datePublished":"2022-04-20T11:49:12+00:00","dateModified":"2025-07-03T12:38:18+00:00","breadcrumb":{"@id":"https:\/\/archiv.siov.sk\/medzinarodna-konferencia-excelentnost-v-ovp-vyzva-do-buducnosti\/#breadcrumb"},"inLanguage":"en-GB","potentialAction":[{"@type":"ReadAction","target":["https:\/\/archiv.siov.sk\/medzinarodna-konferencia-excelentnost-v-ovp-vyzva-do-buducnosti\/"]}]},{"@type":"ImageObject","inLanguage":"en-GB","@id":"https:\/\/archiv.siov.sk\/medzinarodna-konferencia-excelentnost-v-ovp-vyzva-do-buducnosti\/#primaryimage","url":"https:\/\/archiv.siov.sk\/wp-content\/uploads\/2022\/04\/Excelentnost-v-OVP-1.png","contentUrl":"https:\/\/archiv.siov.sk\/wp-content\/uploads\/2022\/04\/Excelentnost-v-OVP-1.png","width":1778,"height":1062},{"@type":"BreadcrumbList","@id":"https:\/\/archiv.siov.sk\/medzinarodna-konferencia-excelentnost-v-ovp-vyzva-do-buducnosti\/#breadcrumb","itemListElement":[{"@type":"ListItem","position":1,"name":"Home","item":"https:\/\/archiv.siov.sk\/"},{"@type":"ListItem","position":2,"name":"Medzin\u00e1rodn\u00e1 konferencia \u201eExcelentnos\u0165 v OVP \u2013 v\u00fdzva do bud\u00facnosti\u201c"}]},{"@type":"WebSite","@id":"https:\/\/archiv.siov.sk\/#website","url":"https:\/\/archiv.siov.sk\/","name":"\u0160IOV - \u0161t\u00e1tny in\u0161tit\u00fat odborn\u00e9ho vzdel\u00e1vania","description":"","publisher":{"@id":"https:\/\/archiv.siov.sk\/#organization"},"potentialAction":[{"@type":"SearchAction","target":{"@type":"EntryPoint","urlTemplate":"https:\/\/archiv.siov.sk\/?s={search_term_string}"},"query-input":{"@type":"PropertyValueSpecification","valueRequired":true,"valueName":"search_term_string"}}],"inLanguage":"en-GB"},{"@type":"Organization","@id":"https:\/\/archiv.siov.sk\/#organization","name":"\u0160IOV - \u0161t\u00e1tny in\u0161tit\u00fat odborn\u00e9ho vzdel\u00e1vania","url":"https:\/\/archiv.siov.sk\/","logo":{"@type":"ImageObject","inLanguage":"en-GB","@id":"https:\/\/archiv.siov.sk\/#\/schema\/logo\/image\/","url":"https:\/\/archiv.siov.sk\/wp-content\/uploads\/2024\/02\/logo-SIOV.png","contentUrl":"https:\/\/archiv.siov.sk\/wp-content\/uploads\/2024\/02\/logo-SIOV.png","width":431,"height":143,"caption":"\u0160IOV - \u0161t\u00e1tny in\u0161tit\u00fat odborn\u00e9ho vzdel\u00e1vania"},"image":{"@id":"https:\/\/archiv.siov.sk\/#\/schema\/logo\/image\/"},"sameAs":["https:\/\/www.facebook.com\/Statnyinstitutodbornehovzdelavania"]},{"@type":"Person","@id":"https:\/\/archiv.siov.sk\/#\/schema\/person\/e42d633fbd958c6a726e8834d8965e6c","name":"Katar\u00edna Kov\u00e1\u010dov\u00e1","url":"https:\/\/archiv.siov.sk\/en\/author\/katkakovacova\/"}]}},"_links":{"self":[{"href":"https:\/\/archiv.siov.sk\/en\/wp-json\/wp\/v2\/posts\/11173","targetHints":{"allow":["GET"]}}],"collection":[{"href":"https:\/\/archiv.siov.sk\/en\/wp-json\/wp\/v2\/posts"}],"about":[{"href":"https:\/\/archiv.siov.sk\/en\/wp-json\/wp\/v2\/types\/post"}],"author":[{"embeddable":true,"href":"https:\/\/archiv.siov.sk\/en\/wp-json\/wp\/v2\/users\/6"}],"replies":[{"embeddable":true,"href":"https:\/\/archiv.siov.sk\/en\/wp-json\/wp\/v2\/comments?post=11173"}],"version-history":[{"count":3,"href":"https:\/\/archiv.siov.sk\/en\/wp-json\/wp\/v2\/posts\/11173\/revisions"}],"predecessor-version":[{"id":19787,"href":"https:\/\/archiv.siov.sk\/en\/wp-json\/wp\/v2\/posts\/11173\/revisions\/19787"}],"wp:featuredmedia":[{"embeddable":true,"href":"https:\/\/archiv.siov.sk\/en\/wp-json\/wp\/v2\/media\/11175"}],"wp:attachment":[{"href":"https:\/\/archiv.siov.sk\/en\/wp-json\/wp\/v2\/media?parent=11173"}],"wp:term":[{"taxonomy":"category","embeddable":true,"href":"https:\/\/archiv.siov.sk\/en\/wp-json\/wp\/v2\/categories?post=11173"},{"taxonomy":"post_tag","embeddable":true,"href":"https:\/\/archiv.siov.sk\/en\/wp-json\/wp\/v2\/tags?post=11173"}],"curies":[{"name":"wp","href":"https:\/\/api.w.org\/{rel}","templated":true}]}}