{"id":11169,"date":"2022-04-20T13:44:45","date_gmt":"2022-04-20T11:44:45","guid":{"rendered":"https:\/\/archiv.siov.sk\/?p=11169"},"modified":"2025-07-03T14:39:19","modified_gmt":"2025-07-03T12:39:19","slug":"pozyvame-vas-na-webinar-uloha-akcnych-planov-v-rozvoji-kvality-vzdelavania","status":"publish","type":"post","link":"https:\/\/archiv.siov.sk\/en\/pozyvame-vas-na-webinar-uloha-akcnych-planov-v-rozvoji-kvality-vzdelavania\/","title":{"rendered":"Poz\u00fdvame V\u00e1s na webin\u00e1r \u201e\u00daloha ak\u010dn\u00fdch pl\u00e1nov v rozvoji kvality vzdel\u00e1vania\u201c"},"content":{"rendered":"<p>Poz\u00fdvame V\u00e1s na podujatie, ktor\u00e9 sa uskuto\u010dn\u00ed u\u017e zajtra, 21.4.2022 o\u00a013:00 hod. online.<\/p>\n<p style=\"text-align: justify;\">\u0160IOV v spolupr\u00e1ci s V\u00daC z \u010cR organizuje webin\u00e1r s\u00a0n\u00e1zvom \u201e<strong>\u00daloha ak\u010dn\u00fdch pl\u00e1nov v\u00a0rozvoji kvality vzdel\u00e1vania<\/strong>\u201c, ktor\u00fd je ur\u010den\u00fd nielen pre zamestnancov samospr\u00e1vnych krajov a pre pedagogick\u00fdch zamestnancov. Cie\u013eom stretnutia je in\u0161pir\u00e1cia a v\u00fdmena sk\u00fasenost\u00ed z \u010desk\u00e9ho n\u00e1rodn\u00e9ho projektu <strong>Podpora krajsk\u00e9ho ak\u010dn\u00edho pl\u00e1nov\u00e1n\u00ed (P-KAP)<\/strong>, ktor\u00fd bol zameran\u00fd na metodick\u00fa podporu v oblasti OVP pri vyu\u017e\u00edvan\u00ed ak\u010dn\u00e9ho pl\u00e1novania na \u00farovni kraja a \u0161k\u00f4l.<\/p>\n<p>&nbsp;<\/p>\n<p>Program n\u00e1jdete na: <a href=\"https:\/\/okvalite.sk\/podujatia\/\">https:\/\/okvalite.sk\/podujatia\/<\/a><\/p>\n<p>Registra\u010dn\u00fd link: <a href=\"https:\/\/forms.gle\/BF1xCNeuvejcbxW77\">https:\/\/forms.gle\/BF1xCNeuvejcbxW77<\/a><\/p>\n<p>Prihlasovac\u00ed link na MS Teams V\u00e1m bude zaslan\u00fd v de\u0148 podujatia.<\/p>\n<p style=\"text-align: justify;\">Podujatie je s\u00fa\u010das\u0165ou Mesiaca kvality, nad ktor\u00fdm prebralo z\u00e1\u0161titu Ministerstvo \u0161kolstva, vedy, v\u00fdskumu a\u00a0\u0161portu SR.<\/p>\n<figure id=\"attachment_19606\" aria-describedby=\"caption-attachment-19606\" style=\"width: 450px\" class=\"wp-caption aligncenter\"><img fetchpriority=\"high\" decoding=\"async\" class=\"wp-image-19606\" src=\"https:\/\/archiv.siov.sk\/wp-content\/uploads\/2025\/06\/spolufinancovane-EU-300x86.png\" alt=\"spolufinancovany EU logo\" width=\"450\" height=\"128\" srcset=\"https:\/\/archiv.siov.sk\/wp-content\/uploads\/2025\/06\/spolufinancovane-EU-300x86.png 300w, https:\/\/archiv.siov.sk\/wp-content\/uploads\/2025\/06\/spolufinancovane-EU-18x5.png 18w, https:\/\/archiv.siov.sk\/wp-content\/uploads\/2025\/06\/spolufinancovane-EU.png 600w\" sizes=\"(max-width: 450px) 100vw, 450px\" \/><figcaption id=\"caption-attachment-19606\" class=\"wp-caption-text\">Financovan\u00e9 Eur\u00f3pskou \u00faniou. Vyjadren\u00e9 n\u00e1zory a postoje s\u00fa n\u00e1zormi a vyhl\u00e1seniami autora a nemusia nevyhnutne odr\u00e1\u017ea\u0165 n\u00e1zory a stanovisk\u00e1 Eur\u00f3pskej \u00fanie alebo Eur\u00f3pskej v\u00fdkonnej agent\u00fary pre vzdel\u00e1vanie a kult\u00faru (EACEA). Eur\u00f3pska \u00fania ani EACEA za ne nepreberaj\u00fa \u017eiadnu zodpovednos\u0165.<\/figcaption><\/figure>","protected":false},"excerpt":{"rendered":"<p>Poz\u00fdvame V\u00e1s na podujatie, ktor\u00e9 sa uskuto\u010dn\u00ed u\u017e zajtra, 21.4.2022 o\u00a013:00 hod. online. \u0160IOV v spolupr\u00e1ci s V\u00daC z \u010cR organizuje webin\u00e1r s\u00a0n\u00e1zvom \u201e\u00daloha ak\u010dn\u00fdch pl\u00e1nov v\u00a0rozvoji kvality vzdel\u00e1vania\u201c, ktor\u00fd je ur\u010den\u00fd nielen pre zamestnancov samospr\u00e1vnych krajov a pre pedagogick\u00fdch zamestnancov. Cie\u013eom stretnutia je in\u0161pir\u00e1cia a v\u00fdmena sk\u00fasenost\u00ed z \u010desk\u00e9ho n\u00e1rodn\u00e9ho projektu Podpora krajsk\u00e9ho ak\u010dn\u00edho [&hellip;]<\/p>\n","protected":false},"author":6,"featured_media":11171,"comment_status":"closed","ping_status":"closed","sticky":false,"template":"","format":"standard","meta":{"site-sidebar-layout":"default","site-content-layout":"default","ast-site-content-layout":"default","site-content-style":"default","site-sidebar-style":"default","ast-global-header-display":"","ast-banner-title-visibility":"","ast-main-header-display":"","ast-hfb-above-header-display":"","ast-hfb-below-header-display":"","ast-hfb-mobile-header-display":"","site-post-title":"","ast-breadcrumbs-content":"","ast-featured-img":"","footer-sml-layout":"","ast-disable-related-posts":"","theme-transparent-header-meta":"default","adv-header-id-meta":"","stick-header-meta":"default","header-above-stick-meta":"","header-main-stick-meta":"","header-below-stick-meta":"","astra-migrate-meta-layouts":"set","ast-page-background-enabled":"default","ast-page-background-meta":{"desktop":{"background-color":"var(--ast-global-color-4)","background-image":"","background-repeat":"repeat","background-position":"center center","background-size":"auto","background-attachment":"scroll","background-type":"","background-media":"","overlay-type":"","overlay-color":"","overlay-opacity":"","overlay-gradient":""},"tablet":{"background-color":"","background-image":"","background-repeat":"repeat","background-position":"center center","background-size":"auto","background-attachment":"scroll","background-type":"","background-media":"","overlay-type":"","overlay-color":"","overlay-opacity":"","overlay-gradient":""},"mobile":{"background-color":"","background-image":"","background-repeat":"repeat","background-position":"center center","background-size":"auto","background-attachment":"scroll","background-type":"","background-media":"","overlay-type":"","overlay-color":"","overlay-opacity":"","overlay-gradient":""}},"ast-content-background-meta":{"desktop":{"background-color":"var(--ast-global-color-5)","background-image":"","background-repeat":"repeat","background-position":"center center","background-size":"auto","background-attachment":"scroll","background-type":"","background-media":"","overlay-type":"","overlay-color":"","overlay-opacity":"","overlay-gradient":""},"tablet":{"background-color":"var(--ast-global-color-5)","background-image":"","background-repeat":"repeat","background-position":"center center","background-size":"auto","background-attachment":"scroll","background-type":"","background-media":"","overlay-type":"","overlay-color":"","overlay-opacity":"","overlay-gradient":""},"mobile":{"background-color":"var(--ast-global-color-5)","background-image":"","background-repeat":"repeat","background-position":"center center","background-size":"auto","background-attachment":"scroll","background-type":"","background-media":"","overlay-type":"","overlay-color":"","overlay-opacity":"","overlay-gradient":""}},"footnotes":""},"categories":[1],"tags":[],"class_list":["post-11169","post","type-post","status-publish","format-standard","has-post-thumbnail","hentry","category-aktuality"],"yoast_head":"<!-- This site is optimized with the Yoast SEO plugin v27.5 - https:\/\/yoast.com\/product\/yoast-seo-wordpress\/ -->\n<title>Poz\u00fdvame V\u00e1s na webin\u00e1r \u201e\u00daloha ak\u010dn\u00fdch pl\u00e1nov v rozvoji kvality vzdel\u00e1vania\u201c - \u0160IOV - \u0161t\u00e1tny in\u0161tit\u00fat odborn\u00e9ho vzdel\u00e1vania<\/title>\n<meta name=\"robots\" content=\"index, follow, max-snippet:-1, max-image-preview:large, max-video-preview:-1\" \/>\n<link rel=\"canonical\" href=\"https:\/\/archiv.siov.sk\/en\/pozyvame-vas-na-webinar-uloha-akcnych-planov-v-rozvoji-kvality-vzdelavania\/\" \/>\n<meta property=\"og:locale\" content=\"en_GB\" \/>\n<meta property=\"og:type\" content=\"article\" \/>\n<meta property=\"og:title\" content=\"Poz\u00fdvame V\u00e1s na webin\u00e1r \u201e\u00daloha ak\u010dn\u00fdch pl\u00e1nov v rozvoji kvality vzdel\u00e1vania\u201c - \u0160IOV - \u0161t\u00e1tny in\u0161tit\u00fat odborn\u00e9ho vzdel\u00e1vania\" \/>\n<meta property=\"og:description\" content=\"Poz\u00fdvame V\u00e1s na podujatie, ktor\u00e9 sa uskuto\u010dn\u00ed u\u017e zajtra, 21.4.2022 o\u00a013:00 hod. online. \u0160IOV v spolupr\u00e1ci s V\u00daC z \u010cR organizuje webin\u00e1r s\u00a0n\u00e1zvom \u201e\u00daloha ak\u010dn\u00fdch pl\u00e1nov v\u00a0rozvoji kvality vzdel\u00e1vania\u201c, ktor\u00fd je ur\u010den\u00fd nielen pre zamestnancov samospr\u00e1vnych krajov a pre pedagogick\u00fdch zamestnancov. Cie\u013eom stretnutia je in\u0161pir\u00e1cia a v\u00fdmena sk\u00fasenost\u00ed z \u010desk\u00e9ho n\u00e1rodn\u00e9ho projektu Podpora krajsk\u00e9ho ak\u010dn\u00edho [&hellip;]\" \/>\n<meta property=\"og:url\" content=\"https:\/\/archiv.siov.sk\/en\/pozyvame-vas-na-webinar-uloha-akcnych-planov-v-rozvoji-kvality-vzdelavania\/\" \/>\n<meta property=\"og:site_name\" content=\"\u0160IOV - \u0161t\u00e1tny in\u0161tit\u00fat odborn\u00e9ho vzdel\u00e1vania\" \/>\n<meta property=\"article:publisher\" content=\"https:\/\/www.facebook.com\/Statnyinstitutodbornehovzdelavania\" \/>\n<meta property=\"article:published_time\" content=\"2022-04-20T11:44:45+00:00\" \/>\n<meta property=\"article:modified_time\" content=\"2025-07-03T12:39:19+00:00\" \/>\n<meta property=\"og:image\" content=\"https:\/\/archiv.siov.sk\/wp-content\/uploads\/2022\/04\/webinar..jpg\" \/>\n\t<meta property=\"og:image:width\" content=\"496\" \/>\n\t<meta property=\"og:image:height\" content=\"703\" \/>\n\t<meta property=\"og:image:type\" content=\"image\/jpeg\" \/>\n<meta name=\"author\" content=\"Katar\u00edna Kov\u00e1\u010dov\u00e1\" \/>\n<meta name=\"twitter:card\" content=\"summary_large_image\" \/>\n<meta name=\"twitter:label1\" content=\"Written by\" \/>\n\t<meta name=\"twitter:data1\" content=\"Katar\u00edna Kov\u00e1\u010dov\u00e1\" \/>\n\t<meta name=\"twitter:label2\" content=\"Estimated reading time\" \/>\n\t<meta name=\"twitter:data2\" content=\"2 minutes\" \/>\n<script type=\"application\/ld+json\" class=\"yoast-schema-graph\">{\"@context\":\"https:\\\/\\\/schema.org\",\"@graph\":[{\"@type\":\"Article\",\"@id\":\"https:\\\/\\\/archiv.siov.sk\\\/pozyvame-vas-na-webinar-uloha-akcnych-planov-v-rozvoji-kvality-vzdelavania\\\/#article\",\"isPartOf\":{\"@id\":\"https:\\\/\\\/archiv.siov.sk\\\/pozyvame-vas-na-webinar-uloha-akcnych-planov-v-rozvoji-kvality-vzdelavania\\\/\"},\"author\":{\"name\":\"Katar\u00edna Kov\u00e1\u010dov\u00e1\",\"@id\":\"https:\\\/\\\/archiv.siov.sk\\\/#\\\/schema\\\/person\\\/e42d633fbd958c6a726e8834d8965e6c\"},\"headline\":\"Poz\u00fdvame V\u00e1s na webin\u00e1r \u201e\u00daloha ak\u010dn\u00fdch pl\u00e1nov v rozvoji kvality vzdel\u00e1vania\u201c\",\"datePublished\":\"2022-04-20T11:44:45+00:00\",\"dateModified\":\"2025-07-03T12:39:19+00:00\",\"mainEntityOfPage\":{\"@id\":\"https:\\\/\\\/archiv.siov.sk\\\/pozyvame-vas-na-webinar-uloha-akcnych-planov-v-rozvoji-kvality-vzdelavania\\\/\"},\"wordCount\":235,\"publisher\":{\"@id\":\"https:\\\/\\\/archiv.siov.sk\\\/#organization\"},\"image\":{\"@id\":\"https:\\\/\\\/archiv.siov.sk\\\/pozyvame-vas-na-webinar-uloha-akcnych-planov-v-rozvoji-kvality-vzdelavania\\\/#primaryimage\"},\"thumbnailUrl\":\"https:\\\/\\\/archiv.siov.sk\\\/wp-content\\\/uploads\\\/2022\\\/04\\\/webinar..jpg\",\"articleSection\":[\"Aktuality\"],\"inLanguage\":\"en-GB\"},{\"@type\":\"WebPage\",\"@id\":\"https:\\\/\\\/archiv.siov.sk\\\/pozyvame-vas-na-webinar-uloha-akcnych-planov-v-rozvoji-kvality-vzdelavania\\\/\",\"url\":\"https:\\\/\\\/archiv.siov.sk\\\/pozyvame-vas-na-webinar-uloha-akcnych-planov-v-rozvoji-kvality-vzdelavania\\\/\",\"name\":\"Poz\u00fdvame V\u00e1s na webin\u00e1r \u201e\u00daloha ak\u010dn\u00fdch pl\u00e1nov v rozvoji kvality vzdel\u00e1vania\u201c - \u0160IOV - \u0161t\u00e1tny in\u0161tit\u00fat odborn\u00e9ho vzdel\u00e1vania\",\"isPartOf\":{\"@id\":\"https:\\\/\\\/archiv.siov.sk\\\/#website\"},\"primaryImageOfPage\":{\"@id\":\"https:\\\/\\\/archiv.siov.sk\\\/pozyvame-vas-na-webinar-uloha-akcnych-planov-v-rozvoji-kvality-vzdelavania\\\/#primaryimage\"},\"image\":{\"@id\":\"https:\\\/\\\/archiv.siov.sk\\\/pozyvame-vas-na-webinar-uloha-akcnych-planov-v-rozvoji-kvality-vzdelavania\\\/#primaryimage\"},\"thumbnailUrl\":\"https:\\\/\\\/archiv.siov.sk\\\/wp-content\\\/uploads\\\/2022\\\/04\\\/webinar..jpg\",\"datePublished\":\"2022-04-20T11:44:45+00:00\",\"dateModified\":\"2025-07-03T12:39:19+00:00\",\"breadcrumb\":{\"@id\":\"https:\\\/\\\/archiv.siov.sk\\\/pozyvame-vas-na-webinar-uloha-akcnych-planov-v-rozvoji-kvality-vzdelavania\\\/#breadcrumb\"},\"inLanguage\":\"en-GB\",\"potentialAction\":[{\"@type\":\"ReadAction\",\"target\":[\"https:\\\/\\\/archiv.siov.sk\\\/pozyvame-vas-na-webinar-uloha-akcnych-planov-v-rozvoji-kvality-vzdelavania\\\/\"]}]},{\"@type\":\"ImageObject\",\"inLanguage\":\"en-GB\",\"@id\":\"https:\\\/\\\/archiv.siov.sk\\\/pozyvame-vas-na-webinar-uloha-akcnych-planov-v-rozvoji-kvality-vzdelavania\\\/#primaryimage\",\"url\":\"https:\\\/\\\/archiv.siov.sk\\\/wp-content\\\/uploads\\\/2022\\\/04\\\/webinar..jpg\",\"contentUrl\":\"https:\\\/\\\/archiv.siov.sk\\\/wp-content\\\/uploads\\\/2022\\\/04\\\/webinar..jpg\",\"width\":496,\"height\":703},{\"@type\":\"BreadcrumbList\",\"@id\":\"https:\\\/\\\/archiv.siov.sk\\\/pozyvame-vas-na-webinar-uloha-akcnych-planov-v-rozvoji-kvality-vzdelavania\\\/#breadcrumb\",\"itemListElement\":[{\"@type\":\"ListItem\",\"position\":1,\"name\":\"Home\",\"item\":\"https:\\\/\\\/archiv.siov.sk\\\/\"},{\"@type\":\"ListItem\",\"position\":2,\"name\":\"Poz\u00fdvame V\u00e1s na webin\u00e1r \u201e\u00daloha ak\u010dn\u00fdch pl\u00e1nov v rozvoji kvality vzdel\u00e1vania\u201c\"}]},{\"@type\":\"WebSite\",\"@id\":\"https:\\\/\\\/archiv.siov.sk\\\/#website\",\"url\":\"https:\\\/\\\/archiv.siov.sk\\\/\",\"name\":\"\u0160IOV - \u0161t\u00e1tny in\u0161tit\u00fat odborn\u00e9ho vzdel\u00e1vania\",\"description\":\"\",\"publisher\":{\"@id\":\"https:\\\/\\\/archiv.siov.sk\\\/#organization\"},\"potentialAction\":[{\"@type\":\"SearchAction\",\"target\":{\"@type\":\"EntryPoint\",\"urlTemplate\":\"https:\\\/\\\/archiv.siov.sk\\\/?s={search_term_string}\"},\"query-input\":{\"@type\":\"PropertyValueSpecification\",\"valueRequired\":true,\"valueName\":\"search_term_string\"}}],\"inLanguage\":\"en-GB\"},{\"@type\":\"Organization\",\"@id\":\"https:\\\/\\\/archiv.siov.sk\\\/#organization\",\"name\":\"\u0160IOV - \u0161t\u00e1tny in\u0161tit\u00fat odborn\u00e9ho vzdel\u00e1vania\",\"url\":\"https:\\\/\\\/archiv.siov.sk\\\/\",\"logo\":{\"@type\":\"ImageObject\",\"inLanguage\":\"en-GB\",\"@id\":\"https:\\\/\\\/archiv.siov.sk\\\/#\\\/schema\\\/logo\\\/image\\\/\",\"url\":\"https:\\\/\\\/archiv.siov.sk\\\/wp-content\\\/uploads\\\/2024\\\/02\\\/logo-SIOV.png\",\"contentUrl\":\"https:\\\/\\\/archiv.siov.sk\\\/wp-content\\\/uploads\\\/2024\\\/02\\\/logo-SIOV.png\",\"width\":431,\"height\":143,\"caption\":\"\u0160IOV - \u0161t\u00e1tny in\u0161tit\u00fat odborn\u00e9ho vzdel\u00e1vania\"},\"image\":{\"@id\":\"https:\\\/\\\/archiv.siov.sk\\\/#\\\/schema\\\/logo\\\/image\\\/\"},\"sameAs\":[\"https:\\\/\\\/www.facebook.com\\\/Statnyinstitutodbornehovzdelavania\"]},{\"@type\":\"Person\",\"@id\":\"https:\\\/\\\/archiv.siov.sk\\\/#\\\/schema\\\/person\\\/e42d633fbd958c6a726e8834d8965e6c\",\"name\":\"Katar\u00edna Kov\u00e1\u010dov\u00e1\",\"url\":\"https:\\\/\\\/archiv.siov.sk\\\/en\\\/author\\\/katkakovacova\\\/\"}]}<\/script>\n<!-- \/ Yoast SEO plugin. -->","yoast_head_json":{"title":"Poz\u00fdvame V\u00e1s na webin\u00e1r \u201e\u00daloha ak\u010dn\u00fdch pl\u00e1nov v rozvoji kvality vzdel\u00e1vania\u201c - \u0160IOV - \u0161t\u00e1tny in\u0161tit\u00fat odborn\u00e9ho vzdel\u00e1vania","robots":{"index":"index","follow":"follow","max-snippet":"max-snippet:-1","max-image-preview":"max-image-preview:large","max-video-preview":"max-video-preview:-1"},"canonical":"https:\/\/archiv.siov.sk\/en\/pozyvame-vas-na-webinar-uloha-akcnych-planov-v-rozvoji-kvality-vzdelavania\/","og_locale":"en_GB","og_type":"article","og_title":"Poz\u00fdvame V\u00e1s na webin\u00e1r \u201e\u00daloha ak\u010dn\u00fdch pl\u00e1nov v rozvoji kvality vzdel\u00e1vania\u201c - \u0160IOV - \u0161t\u00e1tny in\u0161tit\u00fat odborn\u00e9ho vzdel\u00e1vania","og_description":"Poz\u00fdvame V\u00e1s na podujatie, ktor\u00e9 sa uskuto\u010dn\u00ed u\u017e zajtra, 21.4.2022 o\u00a013:00 hod. online. \u0160IOV v spolupr\u00e1ci s V\u00daC z \u010cR organizuje webin\u00e1r s\u00a0n\u00e1zvom \u201e\u00daloha ak\u010dn\u00fdch pl\u00e1nov v\u00a0rozvoji kvality vzdel\u00e1vania\u201c, ktor\u00fd je ur\u010den\u00fd nielen pre zamestnancov samospr\u00e1vnych krajov a pre pedagogick\u00fdch zamestnancov. Cie\u013eom stretnutia je in\u0161pir\u00e1cia a v\u00fdmena sk\u00fasenost\u00ed z \u010desk\u00e9ho n\u00e1rodn\u00e9ho projektu Podpora krajsk\u00e9ho ak\u010dn\u00edho [&hellip;]","og_url":"https:\/\/archiv.siov.sk\/en\/pozyvame-vas-na-webinar-uloha-akcnych-planov-v-rozvoji-kvality-vzdelavania\/","og_site_name":"\u0160IOV - \u0161t\u00e1tny in\u0161tit\u00fat odborn\u00e9ho vzdel\u00e1vania","article_publisher":"https:\/\/www.facebook.com\/Statnyinstitutodbornehovzdelavania","article_published_time":"2022-04-20T11:44:45+00:00","article_modified_time":"2025-07-03T12:39:19+00:00","og_image":[{"width":496,"height":703,"url":"https:\/\/archiv.siov.sk\/wp-content\/uploads\/2022\/04\/webinar..jpg","type":"image\/jpeg"}],"author":"Katar\u00edna Kov\u00e1\u010dov\u00e1","twitter_card":"summary_large_image","twitter_misc":{"Written by":"Katar\u00edna Kov\u00e1\u010dov\u00e1","Estimated reading time":"2 minutes"},"schema":{"@context":"https:\/\/schema.org","@graph":[{"@type":"Article","@id":"https:\/\/archiv.siov.sk\/pozyvame-vas-na-webinar-uloha-akcnych-planov-v-rozvoji-kvality-vzdelavania\/#article","isPartOf":{"@id":"https:\/\/archiv.siov.sk\/pozyvame-vas-na-webinar-uloha-akcnych-planov-v-rozvoji-kvality-vzdelavania\/"},"author":{"name":"Katar\u00edna Kov\u00e1\u010dov\u00e1","@id":"https:\/\/archiv.siov.sk\/#\/schema\/person\/e42d633fbd958c6a726e8834d8965e6c"},"headline":"Poz\u00fdvame V\u00e1s na webin\u00e1r \u201e\u00daloha ak\u010dn\u00fdch pl\u00e1nov v rozvoji kvality vzdel\u00e1vania\u201c","datePublished":"2022-04-20T11:44:45+00:00","dateModified":"2025-07-03T12:39:19+00:00","mainEntityOfPage":{"@id":"https:\/\/archiv.siov.sk\/pozyvame-vas-na-webinar-uloha-akcnych-planov-v-rozvoji-kvality-vzdelavania\/"},"wordCount":235,"publisher":{"@id":"https:\/\/archiv.siov.sk\/#organization"},"image":{"@id":"https:\/\/archiv.siov.sk\/pozyvame-vas-na-webinar-uloha-akcnych-planov-v-rozvoji-kvality-vzdelavania\/#primaryimage"},"thumbnailUrl":"https:\/\/archiv.siov.sk\/wp-content\/uploads\/2022\/04\/webinar..jpg","articleSection":["Aktuality"],"inLanguage":"en-GB"},{"@type":"WebPage","@id":"https:\/\/archiv.siov.sk\/pozyvame-vas-na-webinar-uloha-akcnych-planov-v-rozvoji-kvality-vzdelavania\/","url":"https:\/\/archiv.siov.sk\/pozyvame-vas-na-webinar-uloha-akcnych-planov-v-rozvoji-kvality-vzdelavania\/","name":"Poz\u00fdvame V\u00e1s na webin\u00e1r \u201e\u00daloha ak\u010dn\u00fdch pl\u00e1nov v rozvoji kvality vzdel\u00e1vania\u201c - \u0160IOV - \u0161t\u00e1tny in\u0161tit\u00fat odborn\u00e9ho vzdel\u00e1vania","isPartOf":{"@id":"https:\/\/archiv.siov.sk\/#website"},"primaryImageOfPage":{"@id":"https:\/\/archiv.siov.sk\/pozyvame-vas-na-webinar-uloha-akcnych-planov-v-rozvoji-kvality-vzdelavania\/#primaryimage"},"image":{"@id":"https:\/\/archiv.siov.sk\/pozyvame-vas-na-webinar-uloha-akcnych-planov-v-rozvoji-kvality-vzdelavania\/#primaryimage"},"thumbnailUrl":"https:\/\/archiv.siov.sk\/wp-content\/uploads\/2022\/04\/webinar..jpg","datePublished":"2022-04-20T11:44:45+00:00","dateModified":"2025-07-03T12:39:19+00:00","breadcrumb":{"@id":"https:\/\/archiv.siov.sk\/pozyvame-vas-na-webinar-uloha-akcnych-planov-v-rozvoji-kvality-vzdelavania\/#breadcrumb"},"inLanguage":"en-GB","potentialAction":[{"@type":"ReadAction","target":["https:\/\/archiv.siov.sk\/pozyvame-vas-na-webinar-uloha-akcnych-planov-v-rozvoji-kvality-vzdelavania\/"]}]},{"@type":"ImageObject","inLanguage":"en-GB","@id":"https:\/\/archiv.siov.sk\/pozyvame-vas-na-webinar-uloha-akcnych-planov-v-rozvoji-kvality-vzdelavania\/#primaryimage","url":"https:\/\/archiv.siov.sk\/wp-content\/uploads\/2022\/04\/webinar..jpg","contentUrl":"https:\/\/archiv.siov.sk\/wp-content\/uploads\/2022\/04\/webinar..jpg","width":496,"height":703},{"@type":"BreadcrumbList","@id":"https:\/\/archiv.siov.sk\/pozyvame-vas-na-webinar-uloha-akcnych-planov-v-rozvoji-kvality-vzdelavania\/#breadcrumb","itemListElement":[{"@type":"ListItem","position":1,"name":"Home","item":"https:\/\/archiv.siov.sk\/"},{"@type":"ListItem","position":2,"name":"Poz\u00fdvame V\u00e1s na webin\u00e1r \u201e\u00daloha ak\u010dn\u00fdch pl\u00e1nov v rozvoji kvality vzdel\u00e1vania\u201c"}]},{"@type":"WebSite","@id":"https:\/\/archiv.siov.sk\/#website","url":"https:\/\/archiv.siov.sk\/","name":"\u0160IOV - \u0161t\u00e1tny in\u0161tit\u00fat odborn\u00e9ho vzdel\u00e1vania","description":"","publisher":{"@id":"https:\/\/archiv.siov.sk\/#organization"},"potentialAction":[{"@type":"SearchAction","target":{"@type":"EntryPoint","urlTemplate":"https:\/\/archiv.siov.sk\/?s={search_term_string}"},"query-input":{"@type":"PropertyValueSpecification","valueRequired":true,"valueName":"search_term_string"}}],"inLanguage":"en-GB"},{"@type":"Organization","@id":"https:\/\/archiv.siov.sk\/#organization","name":"\u0160IOV - \u0161t\u00e1tny in\u0161tit\u00fat odborn\u00e9ho vzdel\u00e1vania","url":"https:\/\/archiv.siov.sk\/","logo":{"@type":"ImageObject","inLanguage":"en-GB","@id":"https:\/\/archiv.siov.sk\/#\/schema\/logo\/image\/","url":"https:\/\/archiv.siov.sk\/wp-content\/uploads\/2024\/02\/logo-SIOV.png","contentUrl":"https:\/\/archiv.siov.sk\/wp-content\/uploads\/2024\/02\/logo-SIOV.png","width":431,"height":143,"caption":"\u0160IOV - \u0161t\u00e1tny in\u0161tit\u00fat odborn\u00e9ho vzdel\u00e1vania"},"image":{"@id":"https:\/\/archiv.siov.sk\/#\/schema\/logo\/image\/"},"sameAs":["https:\/\/www.facebook.com\/Statnyinstitutodbornehovzdelavania"]},{"@type":"Person","@id":"https:\/\/archiv.siov.sk\/#\/schema\/person\/e42d633fbd958c6a726e8834d8965e6c","name":"Katar\u00edna Kov\u00e1\u010dov\u00e1","url":"https:\/\/archiv.siov.sk\/en\/author\/katkakovacova\/"}]}},"_links":{"self":[{"href":"https:\/\/archiv.siov.sk\/en\/wp-json\/wp\/v2\/posts\/11169","targetHints":{"allow":["GET"]}}],"collection":[{"href":"https:\/\/archiv.siov.sk\/en\/wp-json\/wp\/v2\/posts"}],"about":[{"href":"https:\/\/archiv.siov.sk\/en\/wp-json\/wp\/v2\/types\/post"}],"author":[{"embeddable":true,"href":"https:\/\/archiv.siov.sk\/en\/wp-json\/wp\/v2\/users\/6"}],"replies":[{"embeddable":true,"href":"https:\/\/archiv.siov.sk\/en\/wp-json\/wp\/v2\/comments?post=11169"}],"version-history":[{"count":3,"href":"https:\/\/archiv.siov.sk\/en\/wp-json\/wp\/v2\/posts\/11169\/revisions"}],"predecessor-version":[{"id":19788,"href":"https:\/\/archiv.siov.sk\/en\/wp-json\/wp\/v2\/posts\/11169\/revisions\/19788"}],"wp:featuredmedia":[{"embeddable":true,"href":"https:\/\/archiv.siov.sk\/en\/wp-json\/wp\/v2\/media\/11171"}],"wp:attachment":[{"href":"https:\/\/archiv.siov.sk\/en\/wp-json\/wp\/v2\/media?parent=11169"}],"wp:term":[{"taxonomy":"category","embeddable":true,"href":"https:\/\/archiv.siov.sk\/en\/wp-json\/wp\/v2\/categories?post=11169"},{"taxonomy":"post_tag","embeddable":true,"href":"https:\/\/archiv.siov.sk\/en\/wp-json\/wp\/v2\/tags?post=11169"}],"curies":[{"name":"wp","href":"https:\/\/api.w.org\/{rel}","templated":true}]}}