{"id":11095,"date":"2022-04-12T10:11:37","date_gmt":"2022-04-12T08:11:37","guid":{"rendered":"https:\/\/archiv.siov.sk\/?p=11095"},"modified":"2022-04-12T10:11:37","modified_gmt":"2022-04-12T08:11:37","slug":"stredoskolska-odborna-cinnost-spaja-talentovanych-a-vedomostami-vynimocnych-stredoskolakov-uz-44-rokov","status":"publish","type":"post","link":"https:\/\/archiv.siov.sk\/en\/stredoskolska-odborna-cinnost-spaja-talentovanych-a-vedomostami-vynimocnych-stredoskolakov-uz-44-rokov\/","title":{"rendered":"Stredo\u0161kolsk\u00e1 odborn\u00e1 \u010dinnos\u0165 sp\u00e1ja talentovan\u00fdch a vedomos\u0165ami v\u00fdnimo\u010dn\u00fdch stredo\u0161kol\u00e1kov u\u017e 44 rokov"},"content":{"rendered":"<p style=\"text-align: justify;\">Stredo\u0161kolsk\u00e1 odborn\u00e1 \u010dinnos\u0165 (SO\u010c) patr\u00ed medzi tradi\u010dn\u00e9 s\u00fa\u0165a\u017ee, ktor\u00e9 s\u00fa v pozornosti stredn\u00fdch \u0161k\u00f4l na celom Slovensku. Je jednou z najroz\u0161\u00edrenej\u0161\u00edch stredo\u0161kolsk\u00fdch s\u00fa\u0165a\u017e\u00ed. V minulom roku prekro\u010dil po\u010det zapojen\u00fdch&nbsp; \u0161tudentov p\u00e4\u0165 tis\u00edc z viac ako \u0161tyristo&nbsp; stredn\u00fdch \u0161k\u00f4l.&nbsp;<\/p>\n<p style=\"text-align: justify;\">Ministerstvo \u0161kolstva, vedy, v\u00fdskumu a \u0161portu SR vyhl\u00e1silo 44. ro\u010dn\u00edk Stredo\u0161kolskej odbornej \u010dinnosti &nbsp;v septembri 2021 pre \u0161kolsk\u00fd rok 2021\/2022. &nbsp;Celo\u0161t\u00e1tnej prehliadke predch\u00e1dzali&nbsp; \u0161kolsk\u00e9, okresn\u00e9 a krajsk\u00e9 kol\u00e1. V ur\u010den\u00fdch term\u00ednoch &nbsp;\u0161tudenti stredn\u00fdch \u0161k\u00f4l &nbsp;spracovali p\u00edsomn\u00fa \u010das\u0165 pr\u00e1ce a prihl\u00e1sili svoje origin\u00e1ly so zauj\u00edmav\u00fdmi zisteniami a v\u00fdsledkami do sedemn\u00e1stich s\u00fa\u0165a\u017en\u00fdch odborov s pr\u00edrodovedn\u00fdm, technick\u00fdm, humanitn\u00fdm a spolo\u010denskovedn\u00fdm zameran\u00edm. &nbsp;Z \u00f4smych &nbsp;krajov post\u00fapilo na celo\u0161t\u00e1tnu prehliadku 272 s\u00fa\u0165a\u017eiacich. Ka\u017ed\u00fd kraj reprezentuje 34 &nbsp;najlep\u0161\u00edch. Celo\u0161t\u00e1tna prehliadka sa bude tento rok kona\u0165 26. &#8211; 29. apr\u00edla na p\u00f4de Strednej odbornej \u0161koly ekonomiky, hotelierstva slu\u017eieb J\u00e1na Andra\u0161\u010d\u00edka v Bardejove. &nbsp;<\/p>\n<p style=\"text-align: justify;\">Stredo\u0161kolsk\u00e1 odborn\u00e1 \u010dinnos\u0165 je pre s\u00fa\u0165a\u017eiacich pr\u00ed\u0165a\u017eliv\u00e1 aj pre zauj\u00edmav\u00e9 stretnutia s&nbsp;odborn\u00edkmi z&nbsp;r\u00f4znych vysok\u00fdch \u0161k\u00f4l aj z&nbsp;praxe, ktor\u00ed s&nbsp;rados\u0165ou odovzd\u00e1vaj\u00fa svoje sk\u00fasenosti stredo\u0161kol\u00e1kom t\u00fa\u017eiacim po vedomostiach. \u0160t\u00e1tny in\u0161tit\u00fat odborn\u00e9ho vzdel\u00e1vania vn\u00edma organizovanie Stredo\u0161kolskej odbornej \u010dinnosti ako dlhoro\u010dn\u00fa trad\u00edciu sprev\u00e1dzan\u00fa motiv\u00e1ciou pre z&nbsp;roka na rok &nbsp;narastaj\u00faci z\u00e1ujem stredo\u0161kol\u00e1kov o \u00fa\u010das\u0165.<\/p>\n<p style=\"text-align: justify;\">Predsedn\u00ed\u010dka celo\u0161t\u00e1tnej komisie Ing. Vlasta P\u00fachovsk\u00e1 m\u00e1 pod\u013ea vlastn\u00fdch slov rados\u0165 z&nbsp;toho, \u017ee verejn\u00e1 obhajoba v\u00fdsledkov pr\u00e1c \u017eiakov sa tento rok&nbsp; op\u00e4\u0165 zrealizuje prezen\u010dne pred odbornou komisiou. Je to toti\u017e priestor, v&nbsp;r\u00e1mci ktor\u00e9ho \u017eiaci kreat\u00edvne a&nbsp;zanietene rozpr\u00e1vaj\u00fa o&nbsp;svojej pr\u00e1ci medzi ostatn\u00fdmi s\u00fa\u0165a\u017eiacimi, argumentuj\u00fa, predstavuj\u00fa svoje n\u00e1pady,&nbsp;rie\u0161enia a rozv\u00edjaj\u00fa si tak okrem odborn\u00fdch znalost\u00ed aj komunika\u010dn\u00e9 zru\u010dnosti.&nbsp; V\u00fdnimo\u010dnos\u0165&nbsp; s\u00fa\u0165a\u017ee&nbsp; pod\u010diarkuje skuto\u010dnos\u0165, \u017ee sa v\u00fdrazne podie\u013ea&nbsp; na odbornom,&nbsp; osobnostnom a profesijnom rozvoji \u017eiakov, roz\u0161iruje im obzory poznania, prin\u00e1\u0161a nov\u00e9 vedomosti v&nbsp;odborno-teoretick\u00fdch a&nbsp;odborno-praktick\u00fdch zru\u010dnostiach. By\u0165 akt\u00edvnym \u00fa\u010dastn\u00edkom Stredo\u0161kolskej&nbsp; odbornej \u010dinnosti&nbsp; je v\u00fdbornou sk\u00fasenos\u0165ou a&nbsp;odrazov\u00fdm most\u00edkom, \u010di u\u017e&nbsp; pre \u00faspe\u0161n\u00e9 zav\u0155\u0161enie stredo\u0161kolsk\u00e9ho \u0161t\u00fadia alebo spr\u00e1vny v\u00fdber vysoko\u0161kolsk\u00e9ho \u0161t\u00fadia a&nbsp;bud\u00faceho profesijn\u00e9ho smerovania. Za d\u00f4slednou a&nbsp;systematickou pr\u00e1cou podporuj\u00facou tvorivos\u0165 \u017eiakov je rad zanieten\u00fdch pedag\u00f3gov stredn\u00fdch, &nbsp;vysok\u00fdch \u0161k\u00f4l a&nbsp;\u010fal\u0161\u00edch odborn\u00edkov z&nbsp;praxe, ktor\u00fdm patr\u00ed&nbsp; po\u010fakovanie.&nbsp;&nbsp;<\/p>\n<p style=\"text-align: justify;\">V\u00ed\u0165azi bud\u00fa ma\u0165 mo\u017enos\u0165 sa predstavi\u0165 u&nbsp;na\u0161ich partnerov&nbsp; v&nbsp;\u010cesku na celo\u0161t\u00e1tnej prehliadke SO\u010c , ktor\u00e1 prebehne&nbsp;10.-12. j\u00fana 2022 na &nbsp;Gymn\u00e1ziu J. Ortena, Kutn\u00e1 Hora. &nbsp;<\/p>\n<p>&nbsp;<\/p>","protected":false},"excerpt":{"rendered":"<p>Stredo\u0161kolsk\u00e1 odborn\u00e1 \u010dinnos\u0165 (SO\u010c) patr\u00ed medzi tradi\u010dn\u00e9 s\u00fa\u0165a\u017ee, ktor\u00e9 s\u00fa v pozornosti stredn\u00fdch \u0161k\u00f4l na celom Slovensku. Je jednou z najroz\u0161\u00edrenej\u0161\u00edch stredo\u0161kolsk\u00fdch s\u00fa\u0165a\u017e\u00ed. V minulom roku prekro\u010dil po\u010det zapojen\u00fdch&nbsp; \u0161tudentov p\u00e4\u0165 tis\u00edc z viac ako \u0161tyristo&nbsp; stredn\u00fdch \u0161k\u00f4l.&nbsp; Ministerstvo \u0161kolstva, vedy, v\u00fdskumu a \u0161portu SR vyhl\u00e1silo 44. ro\u010dn\u00edk Stredo\u0161kolskej odbornej \u010dinnosti &nbsp;v septembri 2021 pre [&hellip;]<\/p>\n","protected":false},"author":6,"featured_media":7764,"comment_status":"closed","ping_status":"closed","sticky":false,"template":"","format":"standard","meta":{"site-sidebar-layout":"default","site-content-layout":"default","ast-site-content-layout":"default","site-content-style":"default","site-sidebar-style":"default","ast-global-header-display":"","ast-banner-title-visibility":"","ast-main-header-display":"","ast-hfb-above-header-display":"","ast-hfb-below-header-display":"","ast-hfb-mobile-header-display":"","site-post-title":"","ast-breadcrumbs-content":"","ast-featured-img":"","footer-sml-layout":"","ast-disable-related-posts":"","theme-transparent-header-meta":"default","adv-header-id-meta":"","stick-header-meta":"","header-above-stick-meta":"","header-main-stick-meta":"","header-below-stick-meta":"","astra-migrate-meta-layouts":"default","ast-page-background-enabled":"default","ast-page-background-meta":{"desktop":{"background-color":"var(--ast-global-color-4)","background-image":"","background-repeat":"repeat","background-position":"center center","background-size":"auto","background-attachment":"scroll","background-type":"","background-media":"","overlay-type":"","overlay-color":"","overlay-opacity":"","overlay-gradient":""},"tablet":{"background-color":"","background-image":"","background-repeat":"repeat","background-position":"center center","background-size":"auto","background-attachment":"scroll","background-type":"","background-media":"","overlay-type":"","overlay-color":"","overlay-opacity":"","overlay-gradient":""},"mobile":{"background-color":"","background-image":"","background-repeat":"repeat","background-position":"center center","background-size":"auto","background-attachment":"scroll","background-type":"","background-media":"","overlay-type":"","overlay-color":"","overlay-opacity":"","overlay-gradient":""}},"ast-content-background-meta":{"desktop":{"background-color":"var(--ast-global-color-5)","background-image":"","background-repeat":"repeat","background-position":"center center","background-size":"auto","background-attachment":"scroll","background-type":"","background-media":"","overlay-type":"","overlay-color":"","overlay-opacity":"","overlay-gradient":""},"tablet":{"background-color":"var(--ast-global-color-5)","background-image":"","background-repeat":"repeat","background-position":"center center","background-size":"auto","background-attachment":"scroll","background-type":"","background-media":"","overlay-type":"","overlay-color":"","overlay-opacity":"","overlay-gradient":""},"mobile":{"background-color":"var(--ast-global-color-5)","background-image":"","background-repeat":"repeat","background-position":"center center","background-size":"auto","background-attachment":"scroll","background-type":"","background-media":"","overlay-type":"","overlay-color":"","overlay-opacity":"","overlay-gradient":""}},"footnotes":""},"categories":[1],"tags":[],"class_list":["post-11095","post","type-post","status-publish","format-standard","has-post-thumbnail","hentry","category-aktuality"],"yoast_head":"<!-- This site is optimized with the Yoast SEO plugin v27.5 - https:\/\/yoast.com\/product\/yoast-seo-wordpress\/ -->\n<title>Stredo\u0161kolsk\u00e1 odborn\u00e1 \u010dinnos\u0165 sp\u00e1ja talentovan\u00fdch a vedomos\u0165ami v\u00fdnimo\u010dn\u00fdch stredo\u0161kol\u00e1kov u\u017e 44 rokov - \u0160IOV - \u0161t\u00e1tny in\u0161tit\u00fat odborn\u00e9ho vzdel\u00e1vania<\/title>\n<meta name=\"robots\" content=\"index, follow, max-snippet:-1, max-image-preview:large, max-video-preview:-1\" \/>\n<link rel=\"canonical\" href=\"https:\/\/archiv.siov.sk\/en\/stredoskolska-odborna-cinnost-spaja-talentovanych-a-vedomostami-vynimocnych-stredoskolakov-uz-44-rokov\/\" \/>\n<meta property=\"og:locale\" content=\"en_GB\" \/>\n<meta property=\"og:type\" content=\"article\" \/>\n<meta property=\"og:title\" content=\"Stredo\u0161kolsk\u00e1 odborn\u00e1 \u010dinnos\u0165 sp\u00e1ja talentovan\u00fdch a vedomos\u0165ami v\u00fdnimo\u010dn\u00fdch stredo\u0161kol\u00e1kov u\u017e 44 rokov - \u0160IOV - \u0161t\u00e1tny in\u0161tit\u00fat odborn\u00e9ho vzdel\u00e1vania\" \/>\n<meta property=\"og:description\" content=\"Stredo\u0161kolsk\u00e1 odborn\u00e1 \u010dinnos\u0165 (SO\u010c) patr\u00ed medzi tradi\u010dn\u00e9 s\u00fa\u0165a\u017ee, ktor\u00e9 s\u00fa v pozornosti stredn\u00fdch \u0161k\u00f4l na celom Slovensku. Je jednou z najroz\u0161\u00edrenej\u0161\u00edch stredo\u0161kolsk\u00fdch s\u00fa\u0165a\u017e\u00ed. V minulom roku prekro\u010dil po\u010det zapojen\u00fdch&nbsp; \u0161tudentov p\u00e4\u0165 tis\u00edc z viac ako \u0161tyristo&nbsp; stredn\u00fdch \u0161k\u00f4l.&nbsp; Ministerstvo \u0161kolstva, vedy, v\u00fdskumu a \u0161portu SR vyhl\u00e1silo 44. ro\u010dn\u00edk Stredo\u0161kolskej odbornej \u010dinnosti &nbsp;v septembri 2021 pre [&hellip;]\" \/>\n<meta property=\"og:url\" content=\"https:\/\/archiv.siov.sk\/en\/stredoskolska-odborna-cinnost-spaja-talentovanych-a-vedomostami-vynimocnych-stredoskolakov-uz-44-rokov\/\" \/>\n<meta property=\"og:site_name\" content=\"\u0160IOV - \u0161t\u00e1tny in\u0161tit\u00fat odborn\u00e9ho vzdel\u00e1vania\" \/>\n<meta property=\"article:publisher\" content=\"https:\/\/www.facebook.com\/Statnyinstitutodbornehovzdelavania\" \/>\n<meta property=\"article:published_time\" content=\"2022-04-12T08:11:37+00:00\" \/>\n<meta property=\"og:image\" content=\"https:\/\/archiv.siov.sk\/wp-content\/uploads\/2021\/05\/soc-logo-e1628065010669.jpg\" \/>\n\t<meta property=\"og:image:width\" content=\"250\" \/>\n\t<meta property=\"og:image:height\" content=\"179\" \/>\n\t<meta property=\"og:image:type\" content=\"image\/jpeg\" \/>\n<meta name=\"author\" content=\"Katar\u00edna Kov\u00e1\u010dov\u00e1\" \/>\n<meta name=\"twitter:card\" content=\"summary_large_image\" \/>\n<meta name=\"twitter:label1\" content=\"Written by\" \/>\n\t<meta name=\"twitter:data1\" content=\"Katar\u00edna Kov\u00e1\u010dov\u00e1\" \/>\n\t<meta name=\"twitter:label2\" content=\"Estimated reading time\" \/>\n\t<meta name=\"twitter:data2\" content=\"3 minutes\" \/>\n<script type=\"application\/ld+json\" class=\"yoast-schema-graph\">{\"@context\":\"https:\\\/\\\/schema.org\",\"@graph\":[{\"@type\":\"Article\",\"@id\":\"https:\\\/\\\/archiv.siov.sk\\\/stredoskolska-odborna-cinnost-spaja-talentovanych-a-vedomostami-vynimocnych-stredoskolakov-uz-44-rokov\\\/#article\",\"isPartOf\":{\"@id\":\"https:\\\/\\\/archiv.siov.sk\\\/stredoskolska-odborna-cinnost-spaja-talentovanych-a-vedomostami-vynimocnych-stredoskolakov-uz-44-rokov\\\/\"},\"author\":{\"name\":\"Katar\u00edna Kov\u00e1\u010dov\u00e1\",\"@id\":\"https:\\\/\\\/archiv.siov.sk\\\/#\\\/schema\\\/person\\\/e42d633fbd958c6a726e8834d8965e6c\"},\"headline\":\"Stredo\u0161kolsk\u00e1 odborn\u00e1 \u010dinnos\u0165 sp\u00e1ja talentovan\u00fdch a vedomos\u0165ami v\u00fdnimo\u010dn\u00fdch stredo\u0161kol\u00e1kov u\u017e 44 rokov\",\"datePublished\":\"2022-04-12T08:11:37+00:00\",\"mainEntityOfPage\":{\"@id\":\"https:\\\/\\\/archiv.siov.sk\\\/stredoskolska-odborna-cinnost-spaja-talentovanych-a-vedomostami-vynimocnych-stredoskolakov-uz-44-rokov\\\/\"},\"wordCount\":582,\"publisher\":{\"@id\":\"https:\\\/\\\/archiv.siov.sk\\\/#organization\"},\"image\":{\"@id\":\"https:\\\/\\\/archiv.siov.sk\\\/stredoskolska-odborna-cinnost-spaja-talentovanych-a-vedomostami-vynimocnych-stredoskolakov-uz-44-rokov\\\/#primaryimage\"},\"thumbnailUrl\":\"https:\\\/\\\/archiv.siov.sk\\\/wp-content\\\/uploads\\\/2021\\\/05\\\/soc-logo-e1628065010669.jpg\",\"articleSection\":[\"Aktuality\"],\"inLanguage\":\"en-GB\"},{\"@type\":\"WebPage\",\"@id\":\"https:\\\/\\\/archiv.siov.sk\\\/stredoskolska-odborna-cinnost-spaja-talentovanych-a-vedomostami-vynimocnych-stredoskolakov-uz-44-rokov\\\/\",\"url\":\"https:\\\/\\\/archiv.siov.sk\\\/stredoskolska-odborna-cinnost-spaja-talentovanych-a-vedomostami-vynimocnych-stredoskolakov-uz-44-rokov\\\/\",\"name\":\"Stredo\u0161kolsk\u00e1 odborn\u00e1 \u010dinnos\u0165 sp\u00e1ja talentovan\u00fdch a vedomos\u0165ami v\u00fdnimo\u010dn\u00fdch stredo\u0161kol\u00e1kov u\u017e 44 rokov - \u0160IOV - \u0161t\u00e1tny in\u0161tit\u00fat odborn\u00e9ho vzdel\u00e1vania\",\"isPartOf\":{\"@id\":\"https:\\\/\\\/archiv.siov.sk\\\/#website\"},\"primaryImageOfPage\":{\"@id\":\"https:\\\/\\\/archiv.siov.sk\\\/stredoskolska-odborna-cinnost-spaja-talentovanych-a-vedomostami-vynimocnych-stredoskolakov-uz-44-rokov\\\/#primaryimage\"},\"image\":{\"@id\":\"https:\\\/\\\/archiv.siov.sk\\\/stredoskolska-odborna-cinnost-spaja-talentovanych-a-vedomostami-vynimocnych-stredoskolakov-uz-44-rokov\\\/#primaryimage\"},\"thumbnailUrl\":\"https:\\\/\\\/archiv.siov.sk\\\/wp-content\\\/uploads\\\/2021\\\/05\\\/soc-logo-e1628065010669.jpg\",\"datePublished\":\"2022-04-12T08:11:37+00:00\",\"breadcrumb\":{\"@id\":\"https:\\\/\\\/archiv.siov.sk\\\/stredoskolska-odborna-cinnost-spaja-talentovanych-a-vedomostami-vynimocnych-stredoskolakov-uz-44-rokov\\\/#breadcrumb\"},\"inLanguage\":\"en-GB\",\"potentialAction\":[{\"@type\":\"ReadAction\",\"target\":[\"https:\\\/\\\/archiv.siov.sk\\\/stredoskolska-odborna-cinnost-spaja-talentovanych-a-vedomostami-vynimocnych-stredoskolakov-uz-44-rokov\\\/\"]}]},{\"@type\":\"ImageObject\",\"inLanguage\":\"en-GB\",\"@id\":\"https:\\\/\\\/archiv.siov.sk\\\/stredoskolska-odborna-cinnost-spaja-talentovanych-a-vedomostami-vynimocnych-stredoskolakov-uz-44-rokov\\\/#primaryimage\",\"url\":\"https:\\\/\\\/archiv.siov.sk\\\/wp-content\\\/uploads\\\/2021\\\/05\\\/soc-logo-e1628065010669.jpg\",\"contentUrl\":\"https:\\\/\\\/archiv.siov.sk\\\/wp-content\\\/uploads\\\/2021\\\/05\\\/soc-logo-e1628065010669.jpg\",\"width\":250,\"height\":179},{\"@type\":\"BreadcrumbList\",\"@id\":\"https:\\\/\\\/archiv.siov.sk\\\/stredoskolska-odborna-cinnost-spaja-talentovanych-a-vedomostami-vynimocnych-stredoskolakov-uz-44-rokov\\\/#breadcrumb\",\"itemListElement\":[{\"@type\":\"ListItem\",\"position\":1,\"name\":\"Home\",\"item\":\"https:\\\/\\\/archiv.siov.sk\\\/\"},{\"@type\":\"ListItem\",\"position\":2,\"name\":\"Stredo\u0161kolsk\u00e1 odborn\u00e1 \u010dinnos\u0165 sp\u00e1ja talentovan\u00fdch a vedomos\u0165ami v\u00fdnimo\u010dn\u00fdch stredo\u0161kol\u00e1kov u\u017e 44 rokov\"}]},{\"@type\":\"WebSite\",\"@id\":\"https:\\\/\\\/archiv.siov.sk\\\/#website\",\"url\":\"https:\\\/\\\/archiv.siov.sk\\\/\",\"name\":\"\u0160IOV - \u0161t\u00e1tny in\u0161tit\u00fat odborn\u00e9ho vzdel\u00e1vania\",\"description\":\"\",\"publisher\":{\"@id\":\"https:\\\/\\\/archiv.siov.sk\\\/#organization\"},\"potentialAction\":[{\"@type\":\"SearchAction\",\"target\":{\"@type\":\"EntryPoint\",\"urlTemplate\":\"https:\\\/\\\/archiv.siov.sk\\\/?s={search_term_string}\"},\"query-input\":{\"@type\":\"PropertyValueSpecification\",\"valueRequired\":true,\"valueName\":\"search_term_string\"}}],\"inLanguage\":\"en-GB\"},{\"@type\":\"Organization\",\"@id\":\"https:\\\/\\\/archiv.siov.sk\\\/#organization\",\"name\":\"\u0160IOV - \u0161t\u00e1tny in\u0161tit\u00fat odborn\u00e9ho vzdel\u00e1vania\",\"url\":\"https:\\\/\\\/archiv.siov.sk\\\/\",\"logo\":{\"@type\":\"ImageObject\",\"inLanguage\":\"en-GB\",\"@id\":\"https:\\\/\\\/archiv.siov.sk\\\/#\\\/schema\\\/logo\\\/image\\\/\",\"url\":\"https:\\\/\\\/archiv.siov.sk\\\/wp-content\\\/uploads\\\/2024\\\/02\\\/logo-SIOV.png\",\"contentUrl\":\"https:\\\/\\\/archiv.siov.sk\\\/wp-content\\\/uploads\\\/2024\\\/02\\\/logo-SIOV.png\",\"width\":431,\"height\":143,\"caption\":\"\u0160IOV - \u0161t\u00e1tny in\u0161tit\u00fat odborn\u00e9ho vzdel\u00e1vania\"},\"image\":{\"@id\":\"https:\\\/\\\/archiv.siov.sk\\\/#\\\/schema\\\/logo\\\/image\\\/\"},\"sameAs\":[\"https:\\\/\\\/www.facebook.com\\\/Statnyinstitutodbornehovzdelavania\"]},{\"@type\":\"Person\",\"@id\":\"https:\\\/\\\/archiv.siov.sk\\\/#\\\/schema\\\/person\\\/e42d633fbd958c6a726e8834d8965e6c\",\"name\":\"Katar\u00edna Kov\u00e1\u010dov\u00e1\",\"url\":\"https:\\\/\\\/archiv.siov.sk\\\/en\\\/author\\\/katkakovacova\\\/\"}]}<\/script>\n<!-- \/ Yoast SEO plugin. -->","yoast_head_json":{"title":"Stredo\u0161kolsk\u00e1 odborn\u00e1 \u010dinnos\u0165 sp\u00e1ja talentovan\u00fdch a vedomos\u0165ami v\u00fdnimo\u010dn\u00fdch stredo\u0161kol\u00e1kov u\u017e 44 rokov - \u0160IOV - \u0161t\u00e1tny in\u0161tit\u00fat odborn\u00e9ho vzdel\u00e1vania","robots":{"index":"index","follow":"follow","max-snippet":"max-snippet:-1","max-image-preview":"max-image-preview:large","max-video-preview":"max-video-preview:-1"},"canonical":"https:\/\/archiv.siov.sk\/en\/stredoskolska-odborna-cinnost-spaja-talentovanych-a-vedomostami-vynimocnych-stredoskolakov-uz-44-rokov\/","og_locale":"en_GB","og_type":"article","og_title":"Stredo\u0161kolsk\u00e1 odborn\u00e1 \u010dinnos\u0165 sp\u00e1ja talentovan\u00fdch a vedomos\u0165ami v\u00fdnimo\u010dn\u00fdch stredo\u0161kol\u00e1kov u\u017e 44 rokov - \u0160IOV - \u0161t\u00e1tny in\u0161tit\u00fat odborn\u00e9ho vzdel\u00e1vania","og_description":"Stredo\u0161kolsk\u00e1 odborn\u00e1 \u010dinnos\u0165 (SO\u010c) patr\u00ed medzi tradi\u010dn\u00e9 s\u00fa\u0165a\u017ee, ktor\u00e9 s\u00fa v pozornosti stredn\u00fdch \u0161k\u00f4l na celom Slovensku. Je jednou z najroz\u0161\u00edrenej\u0161\u00edch stredo\u0161kolsk\u00fdch s\u00fa\u0165a\u017e\u00ed. V minulom roku prekro\u010dil po\u010det zapojen\u00fdch&nbsp; \u0161tudentov p\u00e4\u0165 tis\u00edc z viac ako \u0161tyristo&nbsp; stredn\u00fdch \u0161k\u00f4l.&nbsp; Ministerstvo \u0161kolstva, vedy, v\u00fdskumu a \u0161portu SR vyhl\u00e1silo 44. ro\u010dn\u00edk Stredo\u0161kolskej odbornej \u010dinnosti &nbsp;v septembri 2021 pre [&hellip;]","og_url":"https:\/\/archiv.siov.sk\/en\/stredoskolska-odborna-cinnost-spaja-talentovanych-a-vedomostami-vynimocnych-stredoskolakov-uz-44-rokov\/","og_site_name":"\u0160IOV - \u0161t\u00e1tny in\u0161tit\u00fat odborn\u00e9ho vzdel\u00e1vania","article_publisher":"https:\/\/www.facebook.com\/Statnyinstitutodbornehovzdelavania","article_published_time":"2022-04-12T08:11:37+00:00","og_image":[{"width":250,"height":179,"url":"https:\/\/archiv.siov.sk\/wp-content\/uploads\/2021\/05\/soc-logo-e1628065010669.jpg","type":"image\/jpeg"}],"author":"Katar\u00edna Kov\u00e1\u010dov\u00e1","twitter_card":"summary_large_image","twitter_misc":{"Written by":"Katar\u00edna Kov\u00e1\u010dov\u00e1","Estimated reading time":"3 minutes"},"schema":{"@context":"https:\/\/schema.org","@graph":[{"@type":"Article","@id":"https:\/\/archiv.siov.sk\/stredoskolska-odborna-cinnost-spaja-talentovanych-a-vedomostami-vynimocnych-stredoskolakov-uz-44-rokov\/#article","isPartOf":{"@id":"https:\/\/archiv.siov.sk\/stredoskolska-odborna-cinnost-spaja-talentovanych-a-vedomostami-vynimocnych-stredoskolakov-uz-44-rokov\/"},"author":{"name":"Katar\u00edna Kov\u00e1\u010dov\u00e1","@id":"https:\/\/archiv.siov.sk\/#\/schema\/person\/e42d633fbd958c6a726e8834d8965e6c"},"headline":"Stredo\u0161kolsk\u00e1 odborn\u00e1 \u010dinnos\u0165 sp\u00e1ja talentovan\u00fdch a vedomos\u0165ami v\u00fdnimo\u010dn\u00fdch stredo\u0161kol\u00e1kov u\u017e 44 rokov","datePublished":"2022-04-12T08:11:37+00:00","mainEntityOfPage":{"@id":"https:\/\/archiv.siov.sk\/stredoskolska-odborna-cinnost-spaja-talentovanych-a-vedomostami-vynimocnych-stredoskolakov-uz-44-rokov\/"},"wordCount":582,"publisher":{"@id":"https:\/\/archiv.siov.sk\/#organization"},"image":{"@id":"https:\/\/archiv.siov.sk\/stredoskolska-odborna-cinnost-spaja-talentovanych-a-vedomostami-vynimocnych-stredoskolakov-uz-44-rokov\/#primaryimage"},"thumbnailUrl":"https:\/\/archiv.siov.sk\/wp-content\/uploads\/2021\/05\/soc-logo-e1628065010669.jpg","articleSection":["Aktuality"],"inLanguage":"en-GB"},{"@type":"WebPage","@id":"https:\/\/archiv.siov.sk\/stredoskolska-odborna-cinnost-spaja-talentovanych-a-vedomostami-vynimocnych-stredoskolakov-uz-44-rokov\/","url":"https:\/\/archiv.siov.sk\/stredoskolska-odborna-cinnost-spaja-talentovanych-a-vedomostami-vynimocnych-stredoskolakov-uz-44-rokov\/","name":"Stredo\u0161kolsk\u00e1 odborn\u00e1 \u010dinnos\u0165 sp\u00e1ja talentovan\u00fdch a vedomos\u0165ami v\u00fdnimo\u010dn\u00fdch stredo\u0161kol\u00e1kov u\u017e 44 rokov - \u0160IOV - \u0161t\u00e1tny in\u0161tit\u00fat odborn\u00e9ho vzdel\u00e1vania","isPartOf":{"@id":"https:\/\/archiv.siov.sk\/#website"},"primaryImageOfPage":{"@id":"https:\/\/archiv.siov.sk\/stredoskolska-odborna-cinnost-spaja-talentovanych-a-vedomostami-vynimocnych-stredoskolakov-uz-44-rokov\/#primaryimage"},"image":{"@id":"https:\/\/archiv.siov.sk\/stredoskolska-odborna-cinnost-spaja-talentovanych-a-vedomostami-vynimocnych-stredoskolakov-uz-44-rokov\/#primaryimage"},"thumbnailUrl":"https:\/\/archiv.siov.sk\/wp-content\/uploads\/2021\/05\/soc-logo-e1628065010669.jpg","datePublished":"2022-04-12T08:11:37+00:00","breadcrumb":{"@id":"https:\/\/archiv.siov.sk\/stredoskolska-odborna-cinnost-spaja-talentovanych-a-vedomostami-vynimocnych-stredoskolakov-uz-44-rokov\/#breadcrumb"},"inLanguage":"en-GB","potentialAction":[{"@type":"ReadAction","target":["https:\/\/archiv.siov.sk\/stredoskolska-odborna-cinnost-spaja-talentovanych-a-vedomostami-vynimocnych-stredoskolakov-uz-44-rokov\/"]}]},{"@type":"ImageObject","inLanguage":"en-GB","@id":"https:\/\/archiv.siov.sk\/stredoskolska-odborna-cinnost-spaja-talentovanych-a-vedomostami-vynimocnych-stredoskolakov-uz-44-rokov\/#primaryimage","url":"https:\/\/archiv.siov.sk\/wp-content\/uploads\/2021\/05\/soc-logo-e1628065010669.jpg","contentUrl":"https:\/\/archiv.siov.sk\/wp-content\/uploads\/2021\/05\/soc-logo-e1628065010669.jpg","width":250,"height":179},{"@type":"BreadcrumbList","@id":"https:\/\/archiv.siov.sk\/stredoskolska-odborna-cinnost-spaja-talentovanych-a-vedomostami-vynimocnych-stredoskolakov-uz-44-rokov\/#breadcrumb","itemListElement":[{"@type":"ListItem","position":1,"name":"Home","item":"https:\/\/archiv.siov.sk\/"},{"@type":"ListItem","position":2,"name":"Stredo\u0161kolsk\u00e1 odborn\u00e1 \u010dinnos\u0165 sp\u00e1ja talentovan\u00fdch a vedomos\u0165ami v\u00fdnimo\u010dn\u00fdch stredo\u0161kol\u00e1kov u\u017e 44 rokov"}]},{"@type":"WebSite","@id":"https:\/\/archiv.siov.sk\/#website","url":"https:\/\/archiv.siov.sk\/","name":"\u0160IOV - \u0161t\u00e1tny in\u0161tit\u00fat odborn\u00e9ho vzdel\u00e1vania","description":"","publisher":{"@id":"https:\/\/archiv.siov.sk\/#organization"},"potentialAction":[{"@type":"SearchAction","target":{"@type":"EntryPoint","urlTemplate":"https:\/\/archiv.siov.sk\/?s={search_term_string}"},"query-input":{"@type":"PropertyValueSpecification","valueRequired":true,"valueName":"search_term_string"}}],"inLanguage":"en-GB"},{"@type":"Organization","@id":"https:\/\/archiv.siov.sk\/#organization","name":"\u0160IOV - \u0161t\u00e1tny in\u0161tit\u00fat odborn\u00e9ho vzdel\u00e1vania","url":"https:\/\/archiv.siov.sk\/","logo":{"@type":"ImageObject","inLanguage":"en-GB","@id":"https:\/\/archiv.siov.sk\/#\/schema\/logo\/image\/","url":"https:\/\/archiv.siov.sk\/wp-content\/uploads\/2024\/02\/logo-SIOV.png","contentUrl":"https:\/\/archiv.siov.sk\/wp-content\/uploads\/2024\/02\/logo-SIOV.png","width":431,"height":143,"caption":"\u0160IOV - \u0161t\u00e1tny in\u0161tit\u00fat odborn\u00e9ho vzdel\u00e1vania"},"image":{"@id":"https:\/\/archiv.siov.sk\/#\/schema\/logo\/image\/"},"sameAs":["https:\/\/www.facebook.com\/Statnyinstitutodbornehovzdelavania"]},{"@type":"Person","@id":"https:\/\/archiv.siov.sk\/#\/schema\/person\/e42d633fbd958c6a726e8834d8965e6c","name":"Katar\u00edna Kov\u00e1\u010dov\u00e1","url":"https:\/\/archiv.siov.sk\/en\/author\/katkakovacova\/"}]}},"_links":{"self":[{"href":"https:\/\/archiv.siov.sk\/en\/wp-json\/wp\/v2\/posts\/11095","targetHints":{"allow":["GET"]}}],"collection":[{"href":"https:\/\/archiv.siov.sk\/en\/wp-json\/wp\/v2\/posts"}],"about":[{"href":"https:\/\/archiv.siov.sk\/en\/wp-json\/wp\/v2\/types\/post"}],"author":[{"embeddable":true,"href":"https:\/\/archiv.siov.sk\/en\/wp-json\/wp\/v2\/users\/6"}],"replies":[{"embeddable":true,"href":"https:\/\/archiv.siov.sk\/en\/wp-json\/wp\/v2\/comments?post=11095"}],"version-history":[{"count":2,"href":"https:\/\/archiv.siov.sk\/en\/wp-json\/wp\/v2\/posts\/11095\/revisions"}],"predecessor-version":[{"id":11097,"href":"https:\/\/archiv.siov.sk\/en\/wp-json\/wp\/v2\/posts\/11095\/revisions\/11097"}],"wp:featuredmedia":[{"embeddable":true,"href":"https:\/\/archiv.siov.sk\/en\/wp-json\/wp\/v2\/media\/7764"}],"wp:attachment":[{"href":"https:\/\/archiv.siov.sk\/en\/wp-json\/wp\/v2\/media?parent=11095"}],"wp:term":[{"taxonomy":"category","embeddable":true,"href":"https:\/\/archiv.siov.sk\/en\/wp-json\/wp\/v2\/categories?post=11095"},{"taxonomy":"post_tag","embeddable":true,"href":"https:\/\/archiv.siov.sk\/en\/wp-json\/wp\/v2\/tags?post=11095"}],"curies":[{"name":"wp","href":"https:\/\/api.w.org\/{rel}","templated":true}]}}