{"id":11064,"date":"2022-04-04T14:41:42","date_gmt":"2022-04-04T12:41:42","guid":{"rendered":"https:\/\/archiv.siov.sk\/?p=11064"},"modified":"2022-04-04T14:41:42","modified_gmt":"2022-04-04T12:41:42","slug":"ostravsky-veltrh-prilezitosti-2022","status":"publish","type":"post","link":"https:\/\/archiv.siov.sk\/en\/ostravsky-veltrh-prilezitosti-2022\/","title":{"rendered":"Ostravsk\u00fd ve\u013etrh pr\u00edle\u017eitost\u00ed 2022"},"content":{"rendered":"<p>Obchodn\u00e1 akad\u00e9mia Ostrava \u2013 Mari\u00e1nske Hory pripravila Ostravsk\u00fd Ve\u013etrh pr\u00edle\u017eitost\u00ed, ktor\u00fd sa uskuto\u010dnil prezen\u010dne 24. marca 2022.<\/p>\n<p style=\"text-align: justify;\">\u0160trn\u00e1sty ro\u010dn\u00edk ve\u013etrhu mal inovovan\u00fa podobu. Prv\u00fd raz sa uskuto\u010dnil v\u010faka krajsk\u00e9mu projektu \u201eOdborn\u00e9, kari\u00e9rne a polytechnick\u00e9 vzdel\u00e1vanie v MSK II.\u201c ako ve\u013etrh pr\u00edle\u017eitost\u00ed pre mlad\u00fdch podnikate\u013eov, na ktorom sa predstavili aj \u017eiaci gymn\u00e1zi\u00ed a z\u00e1kladn\u00fdch \u0161k\u00f4l.<\/p>\n<p style=\"text-align: justify;\">Eva Kazdov\u00e1, riadite\u013eka Obchodnej akad\u00e9mie Ostrava \u2013 Mari\u00e1nsk\u00e9 Hory sa pre miestnu telev\u00edziu vyjadrila, \u017ee \u201e v r\u00e1mci hist\u00f3rie ve\u013etrhov nazbierali ve\u013ea sk\u00fasenost\u00ed a tak boli v r\u00e1mci krajsk\u00e9ho projektu OKAP ur\u010den\u00ed za metodikov a ved\u00fa alebo \u0161kolia \u010fal\u0161\u00edch p\u00e4\u0165 \u0161k\u00f4l. Sna\u017eia sa odovzda\u0165 sk\u00fasenosti a veria, \u017ee t\u00fdm \u0161kol\u00e1m pom\u00f4\u017eu.\u201c<\/p>\n<p style=\"text-align: justify;\">Ve\u013etrh umo\u017e\u0148uje prezentova\u0165 cvi\u010dn\u00e9 firmy a domovsk\u00fa \u0161kolu. Ostravsk\u00fd ve\u013etrh m\u00e1 za sebou u\u017e trin\u00e1s\u0165 ro\u010dn\u00edkov. Na v\u00fdstavisku \u010cierna l\u00faka sa prezentovalo tridsa\u0165 s\u00fa\u0165a\u017en\u00fdch st\u00e1nkov. Zast\u00fapen\u00e9 boli \u0161koly z \u010ceskej republiky, ale aj zo zahrani\u010dia. Zo Slovenska sa z\u00fa\u010dastnilo sedem cvi\u010dn\u00fdch firiem, ktor\u00e9 n\u00e1s ve\u013emi pekne reprezentovali.<\/p>\n<p style=\"text-align: justify;\">Cvi\u010dn\u00e1 firma&nbsp; V\u00f4\u0148ka z&nbsp;Obchodnej akad\u00e9mie Watsonova, Ko\u0161ice sa stala absol\u00fatnym v\u00ed\u0165azom s\u00fa\u0165a\u017ee \u201e90 sek\u00fand vo v\u00fd\u0165ahu\u201c. V&nbsp;s\u00fa\u0165a\u017ei \u201eNajlep\u0161\u00ed st\u00e1nok\u201c z\u00edskala druh\u00e9 miesto cvi\u010dn\u00e1 firma Spotlight zo SO\u0160 chemickej z&nbsp;Hlohovca. Na druhej prie\u010dke s\u00fa\u0165a\u017ee \u201eElektronick\u00e1 prezent\u00e1cia\u201c sa umiestnila cvi\u010dn\u00e1 firma BURNYEAT z&nbsp;Obchodnej akad\u00e9mie D.M.Janotu z&nbsp;\u010cadce. V&nbsp;s\u00fa\u0165a\u017ei \u201eN\u00e1stenn\u00fd kalend\u00e1r\u201c obsadila druh\u00e9 miesto cvi\u010dn\u00e1 firma Reborn zo SO\u0160 chemickej z&nbsp;Hlohovca.<\/p>\n<p>V\u0161etk\u00fdm srde\u010dne gratulujeme.<\/p>\n<p style=\"text-align: justify;\">Pre region\u00e1lnu telev\u00edziu Polar sa vyjadrila aj koordin\u00e1torka Ostravsk\u00e9ho ve\u013etrhu pr\u00edle\u017eitost\u00ed, Magda B\u0159ezn\u00e1,: \u201e Som hrd\u00e1, \u017ee k&nbsp;n\u00e1m chodia niektor\u00e9 \u0161koly pravidelne, ale m\u00e1me aj nov\u00e1\u010dikov napr\u00edklad z&nbsp;Prahy a&nbsp;z&nbsp;Hlohovca. \u017diaci sa vo fikt\u00edvnych firm\u00e1ch u\u010dia podnika\u0165. Je to o&nbsp;n\u00e1padoch, kreativite, prezent\u00e1cii, vyhodnoten\u00ed pr\u00e1ce at\u010f. Ver\u00edm, \u017ee tento ve\u013etrh je tak\u00fdm pekn\u00fdm zakon\u010den\u00edm celoro\u010dnej pr\u00e1ce v\u0161etk\u00fdch \u0161tudentov a&nbsp;u\u010dite\u013eov.\u201c<\/p>\n<p style=\"text-align: justify;\">Kone\u010dn\u00e9 v\u00fdsledky s\u00fa\u0165a\u017en\u00e9ho ve\u013etrhu pr\u00edle\u017eitost\u00ed nie s\u00fa tak d\u00f4le\u017eit\u00e9. Podstatn\u00e9 je \u017ee \u017eiaci z\u00edskali \u010fal\u0161ie sk\u00fasenosti pre svoje bud\u00face podnikanie alebo aj zamestnanie.<\/p>\n<p>&nbsp;<\/p>","protected":false},"excerpt":{"rendered":"<p>Obchodn\u00e1 akad\u00e9mia Ostrava \u2013 Mari\u00e1nske Hory pripravila Ostravsk\u00fd Ve\u013etrh pr\u00edle\u017eitost\u00ed, ktor\u00fd sa uskuto\u010dnil prezen\u010dne 24. marca 2022. \u0160trn\u00e1sty ro\u010dn\u00edk ve\u013etrhu mal inovovan\u00fa podobu. Prv\u00fd raz sa uskuto\u010dnil v\u010faka krajsk\u00e9mu projektu \u201eOdborn\u00e9, kari\u00e9rne a polytechnick\u00e9 vzdel\u00e1vanie v MSK II.\u201c ako ve\u013etrh pr\u00edle\u017eitost\u00ed pre mlad\u00fdch podnikate\u013eov, na ktorom sa predstavili aj \u017eiaci gymn\u00e1zi\u00ed a z\u00e1kladn\u00fdch \u0161k\u00f4l. Eva [&hellip;]<\/p>\n","protected":false},"author":6,"featured_media":2331,"comment_status":"closed","ping_status":"closed","sticky":false,"template":"","format":"standard","meta":{"site-sidebar-layout":"default","site-content-layout":"default","ast-site-content-layout":"default","site-content-style":"default","site-sidebar-style":"default","ast-global-header-display":"","ast-banner-title-visibility":"","ast-main-header-display":"","ast-hfb-above-header-display":"","ast-hfb-below-header-display":"","ast-hfb-mobile-header-display":"","site-post-title":"","ast-breadcrumbs-content":"","ast-featured-img":"","footer-sml-layout":"","ast-disable-related-posts":"","theme-transparent-header-meta":"default","adv-header-id-meta":"","stick-header-meta":"","header-above-stick-meta":"","header-main-stick-meta":"","header-below-stick-meta":"","astra-migrate-meta-layouts":"default","ast-page-background-enabled":"default","ast-page-background-meta":{"desktop":{"background-color":"var(--ast-global-color-4)","background-image":"","background-repeat":"repeat","background-position":"center center","background-size":"auto","background-attachment":"scroll","background-type":"","background-media":"","overlay-type":"","overlay-color":"","overlay-opacity":"","overlay-gradient":""},"tablet":{"background-color":"","background-image":"","background-repeat":"repeat","background-position":"center center","background-size":"auto","background-attachment":"scroll","background-type":"","background-media":"","overlay-type":"","overlay-color":"","overlay-opacity":"","overlay-gradient":""},"mobile":{"background-color":"","background-image":"","background-repeat":"repeat","background-position":"center center","background-size":"auto","background-attachment":"scroll","background-type":"","background-media":"","overlay-type":"","overlay-color":"","overlay-opacity":"","overlay-gradient":""}},"ast-content-background-meta":{"desktop":{"background-color":"var(--ast-global-color-5)","background-image":"","background-repeat":"repeat","background-position":"center center","background-size":"auto","background-attachment":"scroll","background-type":"","background-media":"","overlay-type":"","overlay-color":"","overlay-opacity":"","overlay-gradient":""},"tablet":{"background-color":"var(--ast-global-color-5)","background-image":"","background-repeat":"repeat","background-position":"center center","background-size":"auto","background-attachment":"scroll","background-type":"","background-media":"","overlay-type":"","overlay-color":"","overlay-opacity":"","overlay-gradient":""},"mobile":{"background-color":"var(--ast-global-color-5)","background-image":"","background-repeat":"repeat","background-position":"center center","background-size":"auto","background-attachment":"scroll","background-type":"","background-media":"","overlay-type":"","overlay-color":"","overlay-opacity":"","overlay-gradient":""}},"footnotes":""},"categories":[1],"tags":[],"class_list":["post-11064","post","type-post","status-publish","format-standard","has-post-thumbnail","hentry","category-aktuality"],"yoast_head":"<!-- This site is optimized with the Yoast SEO plugin v27.5 - https:\/\/yoast.com\/product\/yoast-seo-wordpress\/ -->\n<title>Ostravsk\u00fd ve\u013etrh pr\u00edle\u017eitost\u00ed 2022 - \u0160IOV - \u0161t\u00e1tny in\u0161tit\u00fat odborn\u00e9ho vzdel\u00e1vania<\/title>\n<meta name=\"robots\" content=\"index, follow, max-snippet:-1, max-image-preview:large, max-video-preview:-1\" \/>\n<link rel=\"canonical\" href=\"https:\/\/archiv.siov.sk\/en\/ostravsky-veltrh-prilezitosti-2022\/\" \/>\n<meta property=\"og:locale\" content=\"en_GB\" \/>\n<meta property=\"og:type\" content=\"article\" \/>\n<meta property=\"og:title\" content=\"Ostravsk\u00fd ve\u013etrh pr\u00edle\u017eitost\u00ed 2022 - \u0160IOV - \u0161t\u00e1tny in\u0161tit\u00fat odborn\u00e9ho vzdel\u00e1vania\" \/>\n<meta property=\"og:description\" content=\"Obchodn\u00e1 akad\u00e9mia Ostrava \u2013 Mari\u00e1nske Hory pripravila Ostravsk\u00fd Ve\u013etrh pr\u00edle\u017eitost\u00ed, ktor\u00fd sa uskuto\u010dnil prezen\u010dne 24. marca 2022. \u0160trn\u00e1sty ro\u010dn\u00edk ve\u013etrhu mal inovovan\u00fa podobu. Prv\u00fd raz sa uskuto\u010dnil v\u010faka krajsk\u00e9mu projektu \u201eOdborn\u00e9, kari\u00e9rne a polytechnick\u00e9 vzdel\u00e1vanie v MSK II.\u201c ako ve\u013etrh pr\u00edle\u017eitost\u00ed pre mlad\u00fdch podnikate\u013eov, na ktorom sa predstavili aj \u017eiaci gymn\u00e1zi\u00ed a z\u00e1kladn\u00fdch \u0161k\u00f4l. Eva [&hellip;]\" \/>\n<meta property=\"og:url\" content=\"https:\/\/archiv.siov.sk\/en\/ostravsky-veltrh-prilezitosti-2022\/\" \/>\n<meta property=\"og:site_name\" content=\"\u0160IOV - \u0161t\u00e1tny in\u0161tit\u00fat odborn\u00e9ho vzdel\u00e1vania\" \/>\n<meta property=\"article:publisher\" content=\"https:\/\/www.facebook.com\/Statnyinstitutodbornehovzdelavania\" \/>\n<meta property=\"article:published_time\" content=\"2022-04-04T12:41:42+00:00\" \/>\n<meta property=\"og:image\" content=\"https:\/\/archiv.siov.sk\/wp-content\/uploads\/2019\/02\/top_cvicne.jpg\" \/>\n\t<meta property=\"og:image:width\" content=\"1100\" \/>\n\t<meta property=\"og:image:height\" content=\"445\" \/>\n\t<meta property=\"og:image:type\" content=\"image\/jpeg\" \/>\n<meta name=\"author\" content=\"Katar\u00edna Kov\u00e1\u010dov\u00e1\" \/>\n<meta name=\"twitter:card\" content=\"summary_large_image\" \/>\n<meta name=\"twitter:label1\" content=\"Written by\" \/>\n\t<meta name=\"twitter:data1\" content=\"Katar\u00edna Kov\u00e1\u010dov\u00e1\" \/>\n\t<meta name=\"twitter:label2\" content=\"Estimated reading time\" \/>\n\t<meta name=\"twitter:data2\" content=\"2 minutes\" \/>\n<script type=\"application\/ld+json\" class=\"yoast-schema-graph\">{\"@context\":\"https:\\\/\\\/schema.org\",\"@graph\":[{\"@type\":\"Article\",\"@id\":\"https:\\\/\\\/archiv.siov.sk\\\/ostravsky-veltrh-prilezitosti-2022\\\/#article\",\"isPartOf\":{\"@id\":\"https:\\\/\\\/archiv.siov.sk\\\/ostravsky-veltrh-prilezitosti-2022\\\/\"},\"author\":{\"name\":\"Katar\u00edna Kov\u00e1\u010dov\u00e1\",\"@id\":\"https:\\\/\\\/archiv.siov.sk\\\/#\\\/schema\\\/person\\\/e42d633fbd958c6a726e8834d8965e6c\"},\"headline\":\"Ostravsk\u00fd ve\u013etrh pr\u00edle\u017eitost\u00ed 2022\",\"datePublished\":\"2022-04-04T12:41:42+00:00\",\"mainEntityOfPage\":{\"@id\":\"https:\\\/\\\/archiv.siov.sk\\\/ostravsky-veltrh-prilezitosti-2022\\\/\"},\"wordCount\":458,\"publisher\":{\"@id\":\"https:\\\/\\\/archiv.siov.sk\\\/#organization\"},\"image\":{\"@id\":\"https:\\\/\\\/archiv.siov.sk\\\/ostravsky-veltrh-prilezitosti-2022\\\/#primaryimage\"},\"thumbnailUrl\":\"https:\\\/\\\/archiv.siov.sk\\\/wp-content\\\/uploads\\\/2019\\\/02\\\/top_cvicne.jpg\",\"articleSection\":[\"Aktuality\"],\"inLanguage\":\"en-GB\"},{\"@type\":\"WebPage\",\"@id\":\"https:\\\/\\\/archiv.siov.sk\\\/ostravsky-veltrh-prilezitosti-2022\\\/\",\"url\":\"https:\\\/\\\/archiv.siov.sk\\\/ostravsky-veltrh-prilezitosti-2022\\\/\",\"name\":\"Ostravsk\u00fd ve\u013etrh pr\u00edle\u017eitost\u00ed 2022 - \u0160IOV - \u0161t\u00e1tny in\u0161tit\u00fat odborn\u00e9ho vzdel\u00e1vania\",\"isPartOf\":{\"@id\":\"https:\\\/\\\/archiv.siov.sk\\\/#website\"},\"primaryImageOfPage\":{\"@id\":\"https:\\\/\\\/archiv.siov.sk\\\/ostravsky-veltrh-prilezitosti-2022\\\/#primaryimage\"},\"image\":{\"@id\":\"https:\\\/\\\/archiv.siov.sk\\\/ostravsky-veltrh-prilezitosti-2022\\\/#primaryimage\"},\"thumbnailUrl\":\"https:\\\/\\\/archiv.siov.sk\\\/wp-content\\\/uploads\\\/2019\\\/02\\\/top_cvicne.jpg\",\"datePublished\":\"2022-04-04T12:41:42+00:00\",\"breadcrumb\":{\"@id\":\"https:\\\/\\\/archiv.siov.sk\\\/ostravsky-veltrh-prilezitosti-2022\\\/#breadcrumb\"},\"inLanguage\":\"en-GB\",\"potentialAction\":[{\"@type\":\"ReadAction\",\"target\":[\"https:\\\/\\\/archiv.siov.sk\\\/ostravsky-veltrh-prilezitosti-2022\\\/\"]}]},{\"@type\":\"ImageObject\",\"inLanguage\":\"en-GB\",\"@id\":\"https:\\\/\\\/archiv.siov.sk\\\/ostravsky-veltrh-prilezitosti-2022\\\/#primaryimage\",\"url\":\"https:\\\/\\\/archiv.siov.sk\\\/wp-content\\\/uploads\\\/2019\\\/02\\\/top_cvicne.jpg\",\"contentUrl\":\"https:\\\/\\\/archiv.siov.sk\\\/wp-content\\\/uploads\\\/2019\\\/02\\\/top_cvicne.jpg\",\"width\":1100,\"height\":445,\"caption\":\"Ve\u013etrh cvi\u010dn\u00fdch firiem prever\u00ed firmy zalo\u017een\u00e9 \u017eiakmi stredn\u00fdch \u0161k\u00f4l\"},{\"@type\":\"BreadcrumbList\",\"@id\":\"https:\\\/\\\/archiv.siov.sk\\\/ostravsky-veltrh-prilezitosti-2022\\\/#breadcrumb\",\"itemListElement\":[{\"@type\":\"ListItem\",\"position\":1,\"name\":\"Home\",\"item\":\"https:\\\/\\\/archiv.siov.sk\\\/\"},{\"@type\":\"ListItem\",\"position\":2,\"name\":\"Ostravsk\u00fd ve\u013etrh pr\u00edle\u017eitost\u00ed 2022\"}]},{\"@type\":\"WebSite\",\"@id\":\"https:\\\/\\\/archiv.siov.sk\\\/#website\",\"url\":\"https:\\\/\\\/archiv.siov.sk\\\/\",\"name\":\"\u0160IOV - \u0161t\u00e1tny in\u0161tit\u00fat odborn\u00e9ho vzdel\u00e1vania\",\"description\":\"\",\"publisher\":{\"@id\":\"https:\\\/\\\/archiv.siov.sk\\\/#organization\"},\"potentialAction\":[{\"@type\":\"SearchAction\",\"target\":{\"@type\":\"EntryPoint\",\"urlTemplate\":\"https:\\\/\\\/archiv.siov.sk\\\/?s={search_term_string}\"},\"query-input\":{\"@type\":\"PropertyValueSpecification\",\"valueRequired\":true,\"valueName\":\"search_term_string\"}}],\"inLanguage\":\"en-GB\"},{\"@type\":\"Organization\",\"@id\":\"https:\\\/\\\/archiv.siov.sk\\\/#organization\",\"name\":\"\u0160IOV - \u0161t\u00e1tny in\u0161tit\u00fat odborn\u00e9ho vzdel\u00e1vania\",\"url\":\"https:\\\/\\\/archiv.siov.sk\\\/\",\"logo\":{\"@type\":\"ImageObject\",\"inLanguage\":\"en-GB\",\"@id\":\"https:\\\/\\\/archiv.siov.sk\\\/#\\\/schema\\\/logo\\\/image\\\/\",\"url\":\"https:\\\/\\\/archiv.siov.sk\\\/wp-content\\\/uploads\\\/2024\\\/02\\\/logo-SIOV.png\",\"contentUrl\":\"https:\\\/\\\/archiv.siov.sk\\\/wp-content\\\/uploads\\\/2024\\\/02\\\/logo-SIOV.png\",\"width\":431,\"height\":143,\"caption\":\"\u0160IOV - \u0161t\u00e1tny in\u0161tit\u00fat odborn\u00e9ho vzdel\u00e1vania\"},\"image\":{\"@id\":\"https:\\\/\\\/archiv.siov.sk\\\/#\\\/schema\\\/logo\\\/image\\\/\"},\"sameAs\":[\"https:\\\/\\\/www.facebook.com\\\/Statnyinstitutodbornehovzdelavania\"]},{\"@type\":\"Person\",\"@id\":\"https:\\\/\\\/archiv.siov.sk\\\/#\\\/schema\\\/person\\\/e42d633fbd958c6a726e8834d8965e6c\",\"name\":\"Katar\u00edna Kov\u00e1\u010dov\u00e1\",\"url\":\"https:\\\/\\\/archiv.siov.sk\\\/en\\\/author\\\/katkakovacova\\\/\"}]}<\/script>\n<!-- \/ Yoast SEO plugin. -->","yoast_head_json":{"title":"Ostravsk\u00fd ve\u013etrh pr\u00edle\u017eitost\u00ed 2022 - \u0160IOV - \u0161t\u00e1tny in\u0161tit\u00fat odborn\u00e9ho vzdel\u00e1vania","robots":{"index":"index","follow":"follow","max-snippet":"max-snippet:-1","max-image-preview":"max-image-preview:large","max-video-preview":"max-video-preview:-1"},"canonical":"https:\/\/archiv.siov.sk\/en\/ostravsky-veltrh-prilezitosti-2022\/","og_locale":"en_GB","og_type":"article","og_title":"Ostravsk\u00fd ve\u013etrh pr\u00edle\u017eitost\u00ed 2022 - \u0160IOV - \u0161t\u00e1tny in\u0161tit\u00fat odborn\u00e9ho vzdel\u00e1vania","og_description":"Obchodn\u00e1 akad\u00e9mia Ostrava \u2013 Mari\u00e1nske Hory pripravila Ostravsk\u00fd Ve\u013etrh pr\u00edle\u017eitost\u00ed, ktor\u00fd sa uskuto\u010dnil prezen\u010dne 24. marca 2022. \u0160trn\u00e1sty ro\u010dn\u00edk ve\u013etrhu mal inovovan\u00fa podobu. Prv\u00fd raz sa uskuto\u010dnil v\u010faka krajsk\u00e9mu projektu \u201eOdborn\u00e9, kari\u00e9rne a polytechnick\u00e9 vzdel\u00e1vanie v MSK II.\u201c ako ve\u013etrh pr\u00edle\u017eitost\u00ed pre mlad\u00fdch podnikate\u013eov, na ktorom sa predstavili aj \u017eiaci gymn\u00e1zi\u00ed a z\u00e1kladn\u00fdch \u0161k\u00f4l. Eva [&hellip;]","og_url":"https:\/\/archiv.siov.sk\/en\/ostravsky-veltrh-prilezitosti-2022\/","og_site_name":"\u0160IOV - \u0161t\u00e1tny in\u0161tit\u00fat odborn\u00e9ho vzdel\u00e1vania","article_publisher":"https:\/\/www.facebook.com\/Statnyinstitutodbornehovzdelavania","article_published_time":"2022-04-04T12:41:42+00:00","og_image":[{"width":1100,"height":445,"url":"https:\/\/archiv.siov.sk\/wp-content\/uploads\/2019\/02\/top_cvicne.jpg","type":"image\/jpeg"}],"author":"Katar\u00edna Kov\u00e1\u010dov\u00e1","twitter_card":"summary_large_image","twitter_misc":{"Written by":"Katar\u00edna Kov\u00e1\u010dov\u00e1","Estimated reading time":"2 minutes"},"schema":{"@context":"https:\/\/schema.org","@graph":[{"@type":"Article","@id":"https:\/\/archiv.siov.sk\/ostravsky-veltrh-prilezitosti-2022\/#article","isPartOf":{"@id":"https:\/\/archiv.siov.sk\/ostravsky-veltrh-prilezitosti-2022\/"},"author":{"name":"Katar\u00edna Kov\u00e1\u010dov\u00e1","@id":"https:\/\/archiv.siov.sk\/#\/schema\/person\/e42d633fbd958c6a726e8834d8965e6c"},"headline":"Ostravsk\u00fd ve\u013etrh pr\u00edle\u017eitost\u00ed 2022","datePublished":"2022-04-04T12:41:42+00:00","mainEntityOfPage":{"@id":"https:\/\/archiv.siov.sk\/ostravsky-veltrh-prilezitosti-2022\/"},"wordCount":458,"publisher":{"@id":"https:\/\/archiv.siov.sk\/#organization"},"image":{"@id":"https:\/\/archiv.siov.sk\/ostravsky-veltrh-prilezitosti-2022\/#primaryimage"},"thumbnailUrl":"https:\/\/archiv.siov.sk\/wp-content\/uploads\/2019\/02\/top_cvicne.jpg","articleSection":["Aktuality"],"inLanguage":"en-GB"},{"@type":"WebPage","@id":"https:\/\/archiv.siov.sk\/ostravsky-veltrh-prilezitosti-2022\/","url":"https:\/\/archiv.siov.sk\/ostravsky-veltrh-prilezitosti-2022\/","name":"Ostravsk\u00fd ve\u013etrh pr\u00edle\u017eitost\u00ed 2022 - \u0160IOV - \u0161t\u00e1tny in\u0161tit\u00fat odborn\u00e9ho vzdel\u00e1vania","isPartOf":{"@id":"https:\/\/archiv.siov.sk\/#website"},"primaryImageOfPage":{"@id":"https:\/\/archiv.siov.sk\/ostravsky-veltrh-prilezitosti-2022\/#primaryimage"},"image":{"@id":"https:\/\/archiv.siov.sk\/ostravsky-veltrh-prilezitosti-2022\/#primaryimage"},"thumbnailUrl":"https:\/\/archiv.siov.sk\/wp-content\/uploads\/2019\/02\/top_cvicne.jpg","datePublished":"2022-04-04T12:41:42+00:00","breadcrumb":{"@id":"https:\/\/archiv.siov.sk\/ostravsky-veltrh-prilezitosti-2022\/#breadcrumb"},"inLanguage":"en-GB","potentialAction":[{"@type":"ReadAction","target":["https:\/\/archiv.siov.sk\/ostravsky-veltrh-prilezitosti-2022\/"]}]},{"@type":"ImageObject","inLanguage":"en-GB","@id":"https:\/\/archiv.siov.sk\/ostravsky-veltrh-prilezitosti-2022\/#primaryimage","url":"https:\/\/archiv.siov.sk\/wp-content\/uploads\/2019\/02\/top_cvicne.jpg","contentUrl":"https:\/\/archiv.siov.sk\/wp-content\/uploads\/2019\/02\/top_cvicne.jpg","width":1100,"height":445,"caption":"Ve\u013etrh cvi\u010dn\u00fdch firiem prever\u00ed firmy zalo\u017een\u00e9 \u017eiakmi stredn\u00fdch \u0161k\u00f4l"},{"@type":"BreadcrumbList","@id":"https:\/\/archiv.siov.sk\/ostravsky-veltrh-prilezitosti-2022\/#breadcrumb","itemListElement":[{"@type":"ListItem","position":1,"name":"Home","item":"https:\/\/archiv.siov.sk\/"},{"@type":"ListItem","position":2,"name":"Ostravsk\u00fd ve\u013etrh pr\u00edle\u017eitost\u00ed 2022"}]},{"@type":"WebSite","@id":"https:\/\/archiv.siov.sk\/#website","url":"https:\/\/archiv.siov.sk\/","name":"\u0160IOV - \u0161t\u00e1tny in\u0161tit\u00fat odborn\u00e9ho vzdel\u00e1vania","description":"","publisher":{"@id":"https:\/\/archiv.siov.sk\/#organization"},"potentialAction":[{"@type":"SearchAction","target":{"@type":"EntryPoint","urlTemplate":"https:\/\/archiv.siov.sk\/?s={search_term_string}"},"query-input":{"@type":"PropertyValueSpecification","valueRequired":true,"valueName":"search_term_string"}}],"inLanguage":"en-GB"},{"@type":"Organization","@id":"https:\/\/archiv.siov.sk\/#organization","name":"\u0160IOV - \u0161t\u00e1tny in\u0161tit\u00fat odborn\u00e9ho vzdel\u00e1vania","url":"https:\/\/archiv.siov.sk\/","logo":{"@type":"ImageObject","inLanguage":"en-GB","@id":"https:\/\/archiv.siov.sk\/#\/schema\/logo\/image\/","url":"https:\/\/archiv.siov.sk\/wp-content\/uploads\/2024\/02\/logo-SIOV.png","contentUrl":"https:\/\/archiv.siov.sk\/wp-content\/uploads\/2024\/02\/logo-SIOV.png","width":431,"height":143,"caption":"\u0160IOV - \u0161t\u00e1tny in\u0161tit\u00fat odborn\u00e9ho vzdel\u00e1vania"},"image":{"@id":"https:\/\/archiv.siov.sk\/#\/schema\/logo\/image\/"},"sameAs":["https:\/\/www.facebook.com\/Statnyinstitutodbornehovzdelavania"]},{"@type":"Person","@id":"https:\/\/archiv.siov.sk\/#\/schema\/person\/e42d633fbd958c6a726e8834d8965e6c","name":"Katar\u00edna Kov\u00e1\u010dov\u00e1","url":"https:\/\/archiv.siov.sk\/en\/author\/katkakovacova\/"}]}},"_links":{"self":[{"href":"https:\/\/archiv.siov.sk\/en\/wp-json\/wp\/v2\/posts\/11064","targetHints":{"allow":["GET"]}}],"collection":[{"href":"https:\/\/archiv.siov.sk\/en\/wp-json\/wp\/v2\/posts"}],"about":[{"href":"https:\/\/archiv.siov.sk\/en\/wp-json\/wp\/v2\/types\/post"}],"author":[{"embeddable":true,"href":"https:\/\/archiv.siov.sk\/en\/wp-json\/wp\/v2\/users\/6"}],"replies":[{"embeddable":true,"href":"https:\/\/archiv.siov.sk\/en\/wp-json\/wp\/v2\/comments?post=11064"}],"version-history":[{"count":2,"href":"https:\/\/archiv.siov.sk\/en\/wp-json\/wp\/v2\/posts\/11064\/revisions"}],"predecessor-version":[{"id":11066,"href":"https:\/\/archiv.siov.sk\/en\/wp-json\/wp\/v2\/posts\/11064\/revisions\/11066"}],"wp:featuredmedia":[{"embeddable":true,"href":"https:\/\/archiv.siov.sk\/en\/wp-json\/wp\/v2\/media\/2331"}],"wp:attachment":[{"href":"https:\/\/archiv.siov.sk\/en\/wp-json\/wp\/v2\/media?parent=11064"}],"wp:term":[{"taxonomy":"category","embeddable":true,"href":"https:\/\/archiv.siov.sk\/en\/wp-json\/wp\/v2\/categories?post=11064"},{"taxonomy":"post_tag","embeddable":true,"href":"https:\/\/archiv.siov.sk\/en\/wp-json\/wp\/v2\/tags?post=11064"}],"curies":[{"name":"wp","href":"https:\/\/api.w.org\/{rel}","templated":true}]}}