{"id":11024,"date":"2022-03-29T14:54:43","date_gmt":"2022-03-29T12:54:43","guid":{"rendered":"https:\/\/archiv.siov.sk\/?p=11024"},"modified":"2022-03-29T14:54:43","modified_gmt":"2022-03-29T12:54:43","slug":"cvicne-firmy-v-kahramanmaras-projektove-stretnutie-v-turecku","status":"publish","type":"post","link":"https:\/\/archiv.siov.sk\/en\/cvicne-firmy-v-kahramanmaras-projektove-stretnutie-v-turecku\/","title":{"rendered":"Cvi\u010dn\u00e9 firmy v Kahramanmaras \u2013 projektov\u00e9 stretnutie v Turecku"},"content":{"rendered":"<p style=\"text-align: justify;\">Medzin\u00e1rodn\u00fd projekt MESU je&nbsp; realizovan\u00fd v&nbsp;r\u00e1mci programu Erasmus+ v&nbsp;partnerstve piatich organiz\u00e1ci\u00ed z troch kraj\u00edn &#8211; Slovenska, Slovinska a&nbsp;Turecka. 21. a&nbsp;22. marca 2022 sa uskuto\u010dnilo tretie pracovn\u00e9 stretnutie partnerov MESU v&nbsp;s\u00eddle koordin\u00e1tora projektu v&nbsp;\u0161kole Altinsehir Mesleki Ve Teknik Anadoli Lises v&nbsp;tureckom Kahramanmarase.<\/p>\n<p style=\"text-align: justify;\">Cie\u013eom projektu je pod gesciou \u0160t\u00e1tneho in\u0161tit\u00fatu odborn\u00e9ho vzdel\u00e1vania (\u0160IOV) a&nbsp;jeho odboru \u201eFinan\u010dn\u00e1 gramotnos\u0165, Slovensk\u00e9 centrum cvi\u010dn\u00fdch firiem a&nbsp;podpora smerovania ml\u00e1de\u017ee\u201c podpori\u0165 rozvoj cvi\u010dn\u00fdch firiem a vytvorenie ich centr\u00e1ly postaven\u00edm \u0161pecializovanej web aplik\u00e1cie na mo\u017enos\u0165 sie\u0165ovania cvi\u010dn\u00fdch firiem v&nbsp;Turecku. \u010eal\u0161ou \u00falohou je &nbsp;skvalitni\u0165 podnikate\u013esk\u00e9 vzdel\u00e1vanie cestou cvi\u010dn\u00fdch firiem v&nbsp;krajin\u00e1ch partnerov.<\/p>\n<p style=\"text-align: justify;\">Pracovn\u00e9 rokovanie otvoril&nbsp; a&nbsp;vstupn\u00e9 inform\u00e1cie k&nbsp;projektu predstavil riadite\u013e \u0161koly Altinsehir MTAL Principal Ashabil<em> \u00d6ZDEM\u0130R<\/em>. N\u00e1sledne Harun Yildiz, koordin\u00e1tor projektu, prezentoval doteraj\u0161ie v\u00fdsledky projektu a predstavil informa\u010dn\u00fd syst\u00e9m pre \u0161koly a \u0161tudentov na zakladanie cvi\u010dn\u00fdch firiem a jeho spr\u00edstupnenie pre v\u0161etky ostatn\u00e9 \u0161koly v Turecku (<a href=\"https:\/\/company.mesu.org.tr\/\">https:\/\/company.mesu.org.tr\/<\/a>), ktor\u00fd vytvorili po vzore informa\u010dn\u00e9ho syst\u00e9mu Slovensk\u00e9ho centra cvi\u010dn\u00fdch firiem (<a href=\"http:\/\/www.sccf.sk\">www.sccf.sk<\/a>). \u010ealej n\u00e1s informoval o aktu\u00e1lnom stave projektu a&nbsp; disemin\u00e1cie. Partneri projektu tie\u017e informovali ako prebieha disemin\u00e1cia v jednotliv\u00fdch krajin\u00e1ch, ak\u00fd vplyv malo pandemick\u00e9 obdobie na projektov\u00e9 aktivity a ak\u00e9 opatrenia prijali.<\/p>\n<p style=\"text-align: justify;\">Druh\u00fd de\u0148 pracovn\u00e9ho stretnutia sme nav\u0161t\u00edvili lok\u00e1lneho projektov\u00e9ho partnera \u201eOnikisubat District Directorate of&nbsp; National Education\u201c. T\u00e9mami stretnutia bola v\u00fdmena inform\u00e1ci\u00ed v&nbsp;oblasti \u0161kolstva,&nbsp; podnikate\u013esk\u00e9ho vzdel\u00e1vania cestou cvi\u010dn\u00fdch firiem a vyu\u017eitia tejto formy vzdel\u00e1vania napr\u00edklad aj pri za\u010dle\u0148ovan\u00ed imigrantov do spolo\u010dnosti.<\/p>\n<p style=\"text-align: justify;\">Na z\u00e1ver sme spolo\u010dne napl\u00e1novali mobilitu so \u017eiakmi LTTA 1. Pl\u00e1novan\u00e1 je v&nbsp;j\u00fani&nbsp; 2022 v&nbsp;Turecku. Aktivitu TPM3 \u2013 medzin\u00e1rodn\u00e9 koordina\u010dn\u00e9 stretnutie &nbsp;partnerov vr\u00e1tane \u0160IOV je pl\u00e1novan\u00e9 v&nbsp;septembri v&nbsp;Slovinsku. Aktivita LTTA 2, mobilita so \u017eiakmi, je pl\u00e1novan\u00e1 prezen\u010dne po\u010das Medzin\u00e1rodn\u00e9ho ve\u013etrhu cvi\u010dn\u00fdch firiem Slovensko 2022 a&nbsp;aktivitu zastre\u0161uje \u0160IOV v&nbsp;spolupr\u00e1ci s Obchodnou akad\u00e9miou Nitra.<\/p>\n<p style=\"text-align: justify;\">Po\u010das v\u0161etk\u00fdch aktiv\u00edt sa bude priebe\u017ene hodnoti\u0165 dotv\u00e1ran\u00e9 web s\u00eddlo projektu a&nbsp;registra\u010dn\u00e9 aplik\u00e1cie projektu MESU a&nbsp;tie\u017e cvi\u010dn\u00fdch firiem vytvoren\u00fdch na \u0161kol\u00e1ch projektov\u00fdch partnerov. \u0160IOV bude poskytova\u0165 konzult\u00e1cie a sp\u00e4tn\u00fa v\u00e4zbu tureck\u00fdm partnerom.<\/p>\n<p>&nbsp;<\/p>","protected":false},"excerpt":{"rendered":"<p>Medzin\u00e1rodn\u00fd projekt MESU je&nbsp; realizovan\u00fd v&nbsp;r\u00e1mci programu Erasmus+ v&nbsp;partnerstve piatich organiz\u00e1ci\u00ed z troch kraj\u00edn &#8211; Slovenska, Slovinska a&nbsp;Turecka. 21. a&nbsp;22. marca 2022 sa uskuto\u010dnilo tretie pracovn\u00e9 stretnutie partnerov MESU v&nbsp;s\u00eddle koordin\u00e1tora projektu v&nbsp;\u0161kole Altinsehir Mesleki Ve Teknik Anadoli Lises v&nbsp;tureckom Kahramanmarase. Cie\u013eom projektu je pod gesciou \u0160t\u00e1tneho in\u0161tit\u00fatu odborn\u00e9ho vzdel\u00e1vania (\u0160IOV) a&nbsp;jeho odboru \u201eFinan\u010dn\u00e1 gramotnos\u0165, [&hellip;]<\/p>\n","protected":false},"author":6,"featured_media":11026,"comment_status":"closed","ping_status":"closed","sticky":false,"template":"","format":"standard","meta":{"site-sidebar-layout":"default","site-content-layout":"default","ast-site-content-layout":"default","site-content-style":"default","site-sidebar-style":"default","ast-global-header-display":"","ast-banner-title-visibility":"","ast-main-header-display":"","ast-hfb-above-header-display":"","ast-hfb-below-header-display":"","ast-hfb-mobile-header-display":"","site-post-title":"","ast-breadcrumbs-content":"","ast-featured-img":"","footer-sml-layout":"","ast-disable-related-posts":"","theme-transparent-header-meta":"default","adv-header-id-meta":"","stick-header-meta":"","header-above-stick-meta":"","header-main-stick-meta":"","header-below-stick-meta":"","astra-migrate-meta-layouts":"default","ast-page-background-enabled":"default","ast-page-background-meta":{"desktop":{"background-color":"var(--ast-global-color-4)","background-image":"","background-repeat":"repeat","background-position":"center center","background-size":"auto","background-attachment":"scroll","background-type":"","background-media":"","overlay-type":"","overlay-color":"","overlay-opacity":"","overlay-gradient":""},"tablet":{"background-color":"","background-image":"","background-repeat":"repeat","background-position":"center center","background-size":"auto","background-attachment":"scroll","background-type":"","background-media":"","overlay-type":"","overlay-color":"","overlay-opacity":"","overlay-gradient":""},"mobile":{"background-color":"","background-image":"","background-repeat":"repeat","background-position":"center center","background-size":"auto","background-attachment":"scroll","background-type":"","background-media":"","overlay-type":"","overlay-color":"","overlay-opacity":"","overlay-gradient":""}},"ast-content-background-meta":{"desktop":{"background-color":"var(--ast-global-color-5)","background-image":"","background-repeat":"repeat","background-position":"center center","background-size":"auto","background-attachment":"scroll","background-type":"","background-media":"","overlay-type":"","overlay-color":"","overlay-opacity":"","overlay-gradient":""},"tablet":{"background-color":"var(--ast-global-color-5)","background-image":"","background-repeat":"repeat","background-position":"center center","background-size":"auto","background-attachment":"scroll","background-type":"","background-media":"","overlay-type":"","overlay-color":"","overlay-opacity":"","overlay-gradient":""},"mobile":{"background-color":"var(--ast-global-color-5)","background-image":"","background-repeat":"repeat","background-position":"center center","background-size":"auto","background-attachment":"scroll","background-type":"","background-media":"","overlay-type":"","overlay-color":"","overlay-opacity":"","overlay-gradient":""}},"footnotes":""},"categories":[1],"tags":[],"class_list":["post-11024","post","type-post","status-publish","format-standard","has-post-thumbnail","hentry","category-aktuality"],"yoast_head":"<!-- This site is optimized with the Yoast SEO plugin v27.5 - https:\/\/yoast.com\/product\/yoast-seo-wordpress\/ -->\n<title>Cvi\u010dn\u00e9 firmy v Kahramanmaras \u2013 projektov\u00e9 stretnutie v Turecku - \u0160IOV - \u0161t\u00e1tny in\u0161tit\u00fat odborn\u00e9ho vzdel\u00e1vania<\/title>\n<meta name=\"robots\" content=\"index, follow, max-snippet:-1, max-image-preview:large, max-video-preview:-1\" \/>\n<link rel=\"canonical\" href=\"https:\/\/archiv.siov.sk\/en\/cvicne-firmy-v-kahramanmaras-projektove-stretnutie-v-turecku\/\" \/>\n<meta property=\"og:locale\" content=\"en_GB\" \/>\n<meta property=\"og:type\" content=\"article\" \/>\n<meta property=\"og:title\" content=\"Cvi\u010dn\u00e9 firmy v Kahramanmaras \u2013 projektov\u00e9 stretnutie v Turecku - \u0160IOV - \u0161t\u00e1tny in\u0161tit\u00fat odborn\u00e9ho vzdel\u00e1vania\" \/>\n<meta property=\"og:description\" content=\"Medzin\u00e1rodn\u00fd projekt MESU je&nbsp; realizovan\u00fd v&nbsp;r\u00e1mci programu Erasmus+ v&nbsp;partnerstve piatich organiz\u00e1ci\u00ed z troch kraj\u00edn &#8211; Slovenska, Slovinska a&nbsp;Turecka. 21. a&nbsp;22. marca 2022 sa uskuto\u010dnilo tretie pracovn\u00e9 stretnutie partnerov MESU v&nbsp;s\u00eddle koordin\u00e1tora projektu v&nbsp;\u0161kole Altinsehir Mesleki Ve Teknik Anadoli Lises v&nbsp;tureckom Kahramanmarase. Cie\u013eom projektu je pod gesciou \u0160t\u00e1tneho in\u0161tit\u00fatu odborn\u00e9ho vzdel\u00e1vania (\u0160IOV) a&nbsp;jeho odboru \u201eFinan\u010dn\u00e1 gramotnos\u0165, [&hellip;]\" \/>\n<meta property=\"og:url\" content=\"https:\/\/archiv.siov.sk\/en\/cvicne-firmy-v-kahramanmaras-projektove-stretnutie-v-turecku\/\" \/>\n<meta property=\"og:site_name\" content=\"\u0160IOV - \u0161t\u00e1tny in\u0161tit\u00fat odborn\u00e9ho vzdel\u00e1vania\" \/>\n<meta property=\"article:publisher\" content=\"https:\/\/www.facebook.com\/Statnyinstitutodbornehovzdelavania\" \/>\n<meta property=\"article:published_time\" content=\"2022-03-29T12:54:43+00:00\" \/>\n<meta property=\"og:image\" content=\"https:\/\/archiv.siov.sk\/wp-content\/uploads\/2022\/03\/Foto-pred-radnicou-s-veducim-skolskeho-uradu_n.jpg\" \/>\n\t<meta property=\"og:image:width\" content=\"2048\" \/>\n\t<meta property=\"og:image:height\" content=\"1536\" \/>\n\t<meta property=\"og:image:type\" content=\"image\/jpeg\" \/>\n<meta name=\"author\" content=\"Katar\u00edna Kov\u00e1\u010dov\u00e1\" \/>\n<meta name=\"twitter:card\" content=\"summary_large_image\" \/>\n<meta name=\"twitter:label1\" content=\"Written by\" \/>\n\t<meta name=\"twitter:data1\" content=\"Katar\u00edna Kov\u00e1\u010dov\u00e1\" \/>\n\t<meta name=\"twitter:label2\" content=\"Estimated reading time\" \/>\n\t<meta name=\"twitter:data2\" content=\"2 minutes\" \/>\n<script type=\"application\/ld+json\" class=\"yoast-schema-graph\">{\"@context\":\"https:\\\/\\\/schema.org\",\"@graph\":[{\"@type\":\"Article\",\"@id\":\"https:\\\/\\\/archiv.siov.sk\\\/cvicne-firmy-v-kahramanmaras-projektove-stretnutie-v-turecku\\\/#article\",\"isPartOf\":{\"@id\":\"https:\\\/\\\/archiv.siov.sk\\\/cvicne-firmy-v-kahramanmaras-projektove-stretnutie-v-turecku\\\/\"},\"author\":{\"name\":\"Katar\u00edna Kov\u00e1\u010dov\u00e1\",\"@id\":\"https:\\\/\\\/archiv.siov.sk\\\/#\\\/schema\\\/person\\\/e42d633fbd958c6a726e8834d8965e6c\"},\"headline\":\"Cvi\u010dn\u00e9 firmy v Kahramanmaras \u2013 projektov\u00e9 stretnutie v Turecku\",\"datePublished\":\"2022-03-29T12:54:43+00:00\",\"mainEntityOfPage\":{\"@id\":\"https:\\\/\\\/archiv.siov.sk\\\/cvicne-firmy-v-kahramanmaras-projektove-stretnutie-v-turecku\\\/\"},\"wordCount\":475,\"publisher\":{\"@id\":\"https:\\\/\\\/archiv.siov.sk\\\/#organization\"},\"image\":{\"@id\":\"https:\\\/\\\/archiv.siov.sk\\\/cvicne-firmy-v-kahramanmaras-projektove-stretnutie-v-turecku\\\/#primaryimage\"},\"thumbnailUrl\":\"https:\\\/\\\/archiv.siov.sk\\\/wp-content\\\/uploads\\\/2022\\\/03\\\/Foto-pred-radnicou-s-veducim-skolskeho-uradu_n.jpg\",\"articleSection\":[\"Aktuality\"],\"inLanguage\":\"en-GB\"},{\"@type\":\"WebPage\",\"@id\":\"https:\\\/\\\/archiv.siov.sk\\\/cvicne-firmy-v-kahramanmaras-projektove-stretnutie-v-turecku\\\/\",\"url\":\"https:\\\/\\\/archiv.siov.sk\\\/cvicne-firmy-v-kahramanmaras-projektove-stretnutie-v-turecku\\\/\",\"name\":\"Cvi\u010dn\u00e9 firmy v Kahramanmaras \u2013 projektov\u00e9 stretnutie v Turecku - \u0160IOV - \u0161t\u00e1tny in\u0161tit\u00fat odborn\u00e9ho vzdel\u00e1vania\",\"isPartOf\":{\"@id\":\"https:\\\/\\\/archiv.siov.sk\\\/#website\"},\"primaryImageOfPage\":{\"@id\":\"https:\\\/\\\/archiv.siov.sk\\\/cvicne-firmy-v-kahramanmaras-projektove-stretnutie-v-turecku\\\/#primaryimage\"},\"image\":{\"@id\":\"https:\\\/\\\/archiv.siov.sk\\\/cvicne-firmy-v-kahramanmaras-projektove-stretnutie-v-turecku\\\/#primaryimage\"},\"thumbnailUrl\":\"https:\\\/\\\/archiv.siov.sk\\\/wp-content\\\/uploads\\\/2022\\\/03\\\/Foto-pred-radnicou-s-veducim-skolskeho-uradu_n.jpg\",\"datePublished\":\"2022-03-29T12:54:43+00:00\",\"breadcrumb\":{\"@id\":\"https:\\\/\\\/archiv.siov.sk\\\/cvicne-firmy-v-kahramanmaras-projektove-stretnutie-v-turecku\\\/#breadcrumb\"},\"inLanguage\":\"en-GB\",\"potentialAction\":[{\"@type\":\"ReadAction\",\"target\":[\"https:\\\/\\\/archiv.siov.sk\\\/cvicne-firmy-v-kahramanmaras-projektove-stretnutie-v-turecku\\\/\"]}]},{\"@type\":\"ImageObject\",\"inLanguage\":\"en-GB\",\"@id\":\"https:\\\/\\\/archiv.siov.sk\\\/cvicne-firmy-v-kahramanmaras-projektove-stretnutie-v-turecku\\\/#primaryimage\",\"url\":\"https:\\\/\\\/archiv.siov.sk\\\/wp-content\\\/uploads\\\/2022\\\/03\\\/Foto-pred-radnicou-s-veducim-skolskeho-uradu_n.jpg\",\"contentUrl\":\"https:\\\/\\\/archiv.siov.sk\\\/wp-content\\\/uploads\\\/2022\\\/03\\\/Foto-pred-radnicou-s-veducim-skolskeho-uradu_n.jpg\",\"width\":2048,\"height\":1536},{\"@type\":\"BreadcrumbList\",\"@id\":\"https:\\\/\\\/archiv.siov.sk\\\/cvicne-firmy-v-kahramanmaras-projektove-stretnutie-v-turecku\\\/#breadcrumb\",\"itemListElement\":[{\"@type\":\"ListItem\",\"position\":1,\"name\":\"Home\",\"item\":\"https:\\\/\\\/archiv.siov.sk\\\/\"},{\"@type\":\"ListItem\",\"position\":2,\"name\":\"Cvi\u010dn\u00e9 firmy v Kahramanmaras \u2013 projektov\u00e9 stretnutie v Turecku\"}]},{\"@type\":\"WebSite\",\"@id\":\"https:\\\/\\\/archiv.siov.sk\\\/#website\",\"url\":\"https:\\\/\\\/archiv.siov.sk\\\/\",\"name\":\"\u0160IOV - \u0161t\u00e1tny in\u0161tit\u00fat odborn\u00e9ho vzdel\u00e1vania\",\"description\":\"\",\"publisher\":{\"@id\":\"https:\\\/\\\/archiv.siov.sk\\\/#organization\"},\"potentialAction\":[{\"@type\":\"SearchAction\",\"target\":{\"@type\":\"EntryPoint\",\"urlTemplate\":\"https:\\\/\\\/archiv.siov.sk\\\/?s={search_term_string}\"},\"query-input\":{\"@type\":\"PropertyValueSpecification\",\"valueRequired\":true,\"valueName\":\"search_term_string\"}}],\"inLanguage\":\"en-GB\"},{\"@type\":\"Organization\",\"@id\":\"https:\\\/\\\/archiv.siov.sk\\\/#organization\",\"name\":\"\u0160IOV - \u0161t\u00e1tny in\u0161tit\u00fat odborn\u00e9ho vzdel\u00e1vania\",\"url\":\"https:\\\/\\\/archiv.siov.sk\\\/\",\"logo\":{\"@type\":\"ImageObject\",\"inLanguage\":\"en-GB\",\"@id\":\"https:\\\/\\\/archiv.siov.sk\\\/#\\\/schema\\\/logo\\\/image\\\/\",\"url\":\"https:\\\/\\\/archiv.siov.sk\\\/wp-content\\\/uploads\\\/2024\\\/02\\\/logo-SIOV.png\",\"contentUrl\":\"https:\\\/\\\/archiv.siov.sk\\\/wp-content\\\/uploads\\\/2024\\\/02\\\/logo-SIOV.png\",\"width\":431,\"height\":143,\"caption\":\"\u0160IOV - \u0161t\u00e1tny in\u0161tit\u00fat odborn\u00e9ho vzdel\u00e1vania\"},\"image\":{\"@id\":\"https:\\\/\\\/archiv.siov.sk\\\/#\\\/schema\\\/logo\\\/image\\\/\"},\"sameAs\":[\"https:\\\/\\\/www.facebook.com\\\/Statnyinstitutodbornehovzdelavania\"]},{\"@type\":\"Person\",\"@id\":\"https:\\\/\\\/archiv.siov.sk\\\/#\\\/schema\\\/person\\\/e42d633fbd958c6a726e8834d8965e6c\",\"name\":\"Katar\u00edna Kov\u00e1\u010dov\u00e1\",\"url\":\"https:\\\/\\\/archiv.siov.sk\\\/en\\\/author\\\/katkakovacova\\\/\"}]}<\/script>\n<!-- \/ Yoast SEO plugin. -->","yoast_head_json":{"title":"Cvi\u010dn\u00e9 firmy v Kahramanmaras \u2013 projektov\u00e9 stretnutie v Turecku - \u0160IOV - \u0161t\u00e1tny in\u0161tit\u00fat odborn\u00e9ho vzdel\u00e1vania","robots":{"index":"index","follow":"follow","max-snippet":"max-snippet:-1","max-image-preview":"max-image-preview:large","max-video-preview":"max-video-preview:-1"},"canonical":"https:\/\/archiv.siov.sk\/en\/cvicne-firmy-v-kahramanmaras-projektove-stretnutie-v-turecku\/","og_locale":"en_GB","og_type":"article","og_title":"Cvi\u010dn\u00e9 firmy v Kahramanmaras \u2013 projektov\u00e9 stretnutie v Turecku - \u0160IOV - \u0161t\u00e1tny in\u0161tit\u00fat odborn\u00e9ho vzdel\u00e1vania","og_description":"Medzin\u00e1rodn\u00fd projekt MESU je&nbsp; realizovan\u00fd v&nbsp;r\u00e1mci programu Erasmus+ v&nbsp;partnerstve piatich organiz\u00e1ci\u00ed z troch kraj\u00edn &#8211; Slovenska, Slovinska a&nbsp;Turecka. 21. a&nbsp;22. marca 2022 sa uskuto\u010dnilo tretie pracovn\u00e9 stretnutie partnerov MESU v&nbsp;s\u00eddle koordin\u00e1tora projektu v&nbsp;\u0161kole Altinsehir Mesleki Ve Teknik Anadoli Lises v&nbsp;tureckom Kahramanmarase. Cie\u013eom projektu je pod gesciou \u0160t\u00e1tneho in\u0161tit\u00fatu odborn\u00e9ho vzdel\u00e1vania (\u0160IOV) a&nbsp;jeho odboru \u201eFinan\u010dn\u00e1 gramotnos\u0165, [&hellip;]","og_url":"https:\/\/archiv.siov.sk\/en\/cvicne-firmy-v-kahramanmaras-projektove-stretnutie-v-turecku\/","og_site_name":"\u0160IOV - \u0161t\u00e1tny in\u0161tit\u00fat odborn\u00e9ho vzdel\u00e1vania","article_publisher":"https:\/\/www.facebook.com\/Statnyinstitutodbornehovzdelavania","article_published_time":"2022-03-29T12:54:43+00:00","og_image":[{"width":2048,"height":1536,"url":"https:\/\/archiv.siov.sk\/wp-content\/uploads\/2022\/03\/Foto-pred-radnicou-s-veducim-skolskeho-uradu_n.jpg","type":"image\/jpeg"}],"author":"Katar\u00edna Kov\u00e1\u010dov\u00e1","twitter_card":"summary_large_image","twitter_misc":{"Written by":"Katar\u00edna Kov\u00e1\u010dov\u00e1","Estimated reading time":"2 minutes"},"schema":{"@context":"https:\/\/schema.org","@graph":[{"@type":"Article","@id":"https:\/\/archiv.siov.sk\/cvicne-firmy-v-kahramanmaras-projektove-stretnutie-v-turecku\/#article","isPartOf":{"@id":"https:\/\/archiv.siov.sk\/cvicne-firmy-v-kahramanmaras-projektove-stretnutie-v-turecku\/"},"author":{"name":"Katar\u00edna Kov\u00e1\u010dov\u00e1","@id":"https:\/\/archiv.siov.sk\/#\/schema\/person\/e42d633fbd958c6a726e8834d8965e6c"},"headline":"Cvi\u010dn\u00e9 firmy v Kahramanmaras \u2013 projektov\u00e9 stretnutie v Turecku","datePublished":"2022-03-29T12:54:43+00:00","mainEntityOfPage":{"@id":"https:\/\/archiv.siov.sk\/cvicne-firmy-v-kahramanmaras-projektove-stretnutie-v-turecku\/"},"wordCount":475,"publisher":{"@id":"https:\/\/archiv.siov.sk\/#organization"},"image":{"@id":"https:\/\/archiv.siov.sk\/cvicne-firmy-v-kahramanmaras-projektove-stretnutie-v-turecku\/#primaryimage"},"thumbnailUrl":"https:\/\/archiv.siov.sk\/wp-content\/uploads\/2022\/03\/Foto-pred-radnicou-s-veducim-skolskeho-uradu_n.jpg","articleSection":["Aktuality"],"inLanguage":"en-GB"},{"@type":"WebPage","@id":"https:\/\/archiv.siov.sk\/cvicne-firmy-v-kahramanmaras-projektove-stretnutie-v-turecku\/","url":"https:\/\/archiv.siov.sk\/cvicne-firmy-v-kahramanmaras-projektove-stretnutie-v-turecku\/","name":"Cvi\u010dn\u00e9 firmy v Kahramanmaras \u2013 projektov\u00e9 stretnutie v Turecku - \u0160IOV - \u0161t\u00e1tny in\u0161tit\u00fat odborn\u00e9ho vzdel\u00e1vania","isPartOf":{"@id":"https:\/\/archiv.siov.sk\/#website"},"primaryImageOfPage":{"@id":"https:\/\/archiv.siov.sk\/cvicne-firmy-v-kahramanmaras-projektove-stretnutie-v-turecku\/#primaryimage"},"image":{"@id":"https:\/\/archiv.siov.sk\/cvicne-firmy-v-kahramanmaras-projektove-stretnutie-v-turecku\/#primaryimage"},"thumbnailUrl":"https:\/\/archiv.siov.sk\/wp-content\/uploads\/2022\/03\/Foto-pred-radnicou-s-veducim-skolskeho-uradu_n.jpg","datePublished":"2022-03-29T12:54:43+00:00","breadcrumb":{"@id":"https:\/\/archiv.siov.sk\/cvicne-firmy-v-kahramanmaras-projektove-stretnutie-v-turecku\/#breadcrumb"},"inLanguage":"en-GB","potentialAction":[{"@type":"ReadAction","target":["https:\/\/archiv.siov.sk\/cvicne-firmy-v-kahramanmaras-projektove-stretnutie-v-turecku\/"]}]},{"@type":"ImageObject","inLanguage":"en-GB","@id":"https:\/\/archiv.siov.sk\/cvicne-firmy-v-kahramanmaras-projektove-stretnutie-v-turecku\/#primaryimage","url":"https:\/\/archiv.siov.sk\/wp-content\/uploads\/2022\/03\/Foto-pred-radnicou-s-veducim-skolskeho-uradu_n.jpg","contentUrl":"https:\/\/archiv.siov.sk\/wp-content\/uploads\/2022\/03\/Foto-pred-radnicou-s-veducim-skolskeho-uradu_n.jpg","width":2048,"height":1536},{"@type":"BreadcrumbList","@id":"https:\/\/archiv.siov.sk\/cvicne-firmy-v-kahramanmaras-projektove-stretnutie-v-turecku\/#breadcrumb","itemListElement":[{"@type":"ListItem","position":1,"name":"Home","item":"https:\/\/archiv.siov.sk\/"},{"@type":"ListItem","position":2,"name":"Cvi\u010dn\u00e9 firmy v Kahramanmaras \u2013 projektov\u00e9 stretnutie v Turecku"}]},{"@type":"WebSite","@id":"https:\/\/archiv.siov.sk\/#website","url":"https:\/\/archiv.siov.sk\/","name":"\u0160IOV - \u0161t\u00e1tny in\u0161tit\u00fat odborn\u00e9ho vzdel\u00e1vania","description":"","publisher":{"@id":"https:\/\/archiv.siov.sk\/#organization"},"potentialAction":[{"@type":"SearchAction","target":{"@type":"EntryPoint","urlTemplate":"https:\/\/archiv.siov.sk\/?s={search_term_string}"},"query-input":{"@type":"PropertyValueSpecification","valueRequired":true,"valueName":"search_term_string"}}],"inLanguage":"en-GB"},{"@type":"Organization","@id":"https:\/\/archiv.siov.sk\/#organization","name":"\u0160IOV - \u0161t\u00e1tny in\u0161tit\u00fat odborn\u00e9ho vzdel\u00e1vania","url":"https:\/\/archiv.siov.sk\/","logo":{"@type":"ImageObject","inLanguage":"en-GB","@id":"https:\/\/archiv.siov.sk\/#\/schema\/logo\/image\/","url":"https:\/\/archiv.siov.sk\/wp-content\/uploads\/2024\/02\/logo-SIOV.png","contentUrl":"https:\/\/archiv.siov.sk\/wp-content\/uploads\/2024\/02\/logo-SIOV.png","width":431,"height":143,"caption":"\u0160IOV - \u0161t\u00e1tny in\u0161tit\u00fat odborn\u00e9ho vzdel\u00e1vania"},"image":{"@id":"https:\/\/archiv.siov.sk\/#\/schema\/logo\/image\/"},"sameAs":["https:\/\/www.facebook.com\/Statnyinstitutodbornehovzdelavania"]},{"@type":"Person","@id":"https:\/\/archiv.siov.sk\/#\/schema\/person\/e42d633fbd958c6a726e8834d8965e6c","name":"Katar\u00edna Kov\u00e1\u010dov\u00e1","url":"https:\/\/archiv.siov.sk\/en\/author\/katkakovacova\/"}]}},"_links":{"self":[{"href":"https:\/\/archiv.siov.sk\/en\/wp-json\/wp\/v2\/posts\/11024","targetHints":{"allow":["GET"]}}],"collection":[{"href":"https:\/\/archiv.siov.sk\/en\/wp-json\/wp\/v2\/posts"}],"about":[{"href":"https:\/\/archiv.siov.sk\/en\/wp-json\/wp\/v2\/types\/post"}],"author":[{"embeddable":true,"href":"https:\/\/archiv.siov.sk\/en\/wp-json\/wp\/v2\/users\/6"}],"replies":[{"embeddable":true,"href":"https:\/\/archiv.siov.sk\/en\/wp-json\/wp\/v2\/comments?post=11024"}],"version-history":[{"count":3,"href":"https:\/\/archiv.siov.sk\/en\/wp-json\/wp\/v2\/posts\/11024\/revisions"}],"predecessor-version":[{"id":11028,"href":"https:\/\/archiv.siov.sk\/en\/wp-json\/wp\/v2\/posts\/11024\/revisions\/11028"}],"wp:featuredmedia":[{"embeddable":true,"href":"https:\/\/archiv.siov.sk\/en\/wp-json\/wp\/v2\/media\/11026"}],"wp:attachment":[{"href":"https:\/\/archiv.siov.sk\/en\/wp-json\/wp\/v2\/media?parent=11024"}],"wp:term":[{"taxonomy":"category","embeddable":true,"href":"https:\/\/archiv.siov.sk\/en\/wp-json\/wp\/v2\/categories?post=11024"},{"taxonomy":"post_tag","embeddable":true,"href":"https:\/\/archiv.siov.sk\/en\/wp-json\/wp\/v2\/tags?post=11024"}],"curies":[{"name":"wp","href":"https:\/\/api.w.org\/{rel}","templated":true}]}}