{"id":11018,"date":"2022-03-29T14:31:37","date_gmt":"2022-03-29T12:31:37","guid":{"rendered":"https:\/\/archiv.siov.sk\/?p=11018"},"modified":"2022-03-29T14:31:37","modified_gmt":"2022-03-29T12:31:37","slug":"na-medzinarodnom-veltrhu-cvicnych-firiem-praha-2022-zvitazila-slovenska-firma","status":"publish","type":"post","link":"https:\/\/archiv.siov.sk\/en\/na-medzinarodnom-veltrhu-cvicnych-firiem-praha-2022-zvitazila-slovenska-firma\/","title":{"rendered":"Na Medzin\u00e1rodnom ve\u013etrhu cvi\u010dn\u00fdch firiem Praha 2022 zv\u00ed\u0165azila slovensk\u00e1 firma"},"content":{"rendered":"<p>V&nbsp;porad\u00ed 27. Medzin\u00e1rodn\u00fd ve\u013etrh \u201efikt\u00edvnych\u201c firiem Praha 2022 pripravila v&nbsp;d\u0148och 23.\u201325. marca 2022 cvi\u010dn\u00e1 firma Antr\u00e9, s.r.o. z&nbsp;Obchodnej akad\u00e9mie v&nbsp;Prahe.<\/p>\n<p style=\"text-align: justify;\">Pra\u017esk\u00fd ve\u013etrh cvi\u010dn\u00fdch firiem&nbsp; je ka\u017edoro\u010dne ve\u013emi podporovan\u00fd re\u00e1lnymi partnermi, mestom Praha a&nbsp;z\u00e1\u0161titu nad n\u00edm m\u00e1 Ministerstvo \u0161kolstva, ml\u00e1de\u017ee a&nbsp;telov\u00fdchovy \u010cR. U\u017e tradi\u010dn\u00fdm partnerom ve\u013etrhu cvi\u010dn\u00fdch firiem bola Metropolitn\u00e1 univerzita Praha, Centrum fikt\u00edvnych firiem (CEFIF) z&nbsp;N\u00e1rodn\u00e9ho pedagogick\u00e9ho in\u0161tit\u00fatu \u010cR ako aj Slovensk\u00e9 centrum cvi\u010dn\u00fdch firiem (SCCF), odbor \u0160t\u00e1tneho in\u0161tit\u00fatu odborn\u00e9ho vzdel\u00e1vania.<\/p>\n<p style=\"text-align: justify;\">Medzin\u00e1rodn\u00fd ve\u013etrh poskytuje pr\u00edle\u017eitos\u0165 komunikova\u0165 v cudzom jazyku, rie\u0161i\u0165 obchodn\u00e9 pr\u00edpady, nadv\u00e4zova\u0165 obchodn\u00e9 a partnersk\u00e9 vz\u0165ahy s podporou re\u00e1lnych partnerov. Po prv\u00fd raz sa pra\u017esk\u00fd ve\u013etrh realizoval online prostredn\u00edctvom aplik\u00e1cie Gather Town.&nbsp; V\u0161etci sme sa v&nbsp;r\u00e1mci neho pohybovali prostredn\u00edctvom Avatarov. Tri ve\u013etr\u017en\u00e9 dni spestril zauj\u00edmav\u00fd program. Okrem vstupov samotn\u00fdch \u00fa\u010dastn\u00edkov ve\u013etrhu, &nbsp;ktor\u00ed prezentovali svoje firmy a&nbsp;s\u00fa\u0165a\u017eili aj na\u017eivo, to boli tie\u017e predn\u00e1\u0161ky &nbsp;partnerov, sponzorov a&nbsp;in\u00fdch host\u00ed.<\/p>\n<p>Ve\u013etrhu sa z\u00fa\u010dastnilo \u0161es\u0165desiat cvi\u010dn\u00fdch firiem a&nbsp;z&nbsp;toho bolo sedem zo Slovenska, tri z&nbsp;Rak\u00faska, dve z&nbsp;Belgicka, dve z&nbsp;Bulharska, jedna z&nbsp;Rumunska a&nbsp;p\u00e4\u0165desiatp\u00e4\u0165 z&nbsp;\u010ciech a Moravy.<\/p>\n<p style=\"text-align: justify;\">Cvi\u010dn\u00e9 firmy na ve\u013etrhu tradi\u010dne s\u00fa\u0165a\u017eili v kateg\u00f3ri\u00e1ch o&nbsp;najlep\u0161\u00ed katal\u00f3g, najlep\u0161iu prezent\u00e1ciu, reklamn\u00fd spot &nbsp;a&nbsp;90 sek\u00fand vo v\u00fd\u0165ahu. Ak sa zapojili do v\u0161etk\u00fdch \u0161tyroch s\u00fa\u0165a\u017e\u00ed, mohli vyhra\u0165 titul \u201enajlep\u0161ia firma ve\u013etrhu\u201c. Garantom a&nbsp;usporiadate\u013eom s\u00fa\u0165a\u017ee 90\u00b4vo v\u00fd\u0165ahu, ktorej cie\u013eom je v&nbsp;priebehu tohto \u010dasu \u010do najorigin\u00e1lnej\u0161ie predstavi\u0165 svoju firmu n\u00e1hodn\u00e9mu nezn\u00e1memu, bola na\u0161a partnersk\u00e1 in\u0161tit\u00facia CEFIF z&nbsp;N\u00e1rodn\u00e9ho pedagogick\u00e9ho in\u0161tit\u00fatu \u010cR. Porotcom s\u00fa\u0165a\u017ee 90\u00b4vo v\u00fd\u0165ahu bolo aj SCCF a&nbsp;PEN Worldwide, svetov\u00e9 zdru\u017eenie cvi\u010dn\u00fdch firiem. Okrem toho sa cvi\u010dn\u00e9 firmy mohli z\u00fa\u010dastni\u0165 s\u00fa\u0165a\u017ee Naj obchodn\u00fd let\u00e1k, ktorej garantom a&nbsp;organiz\u00e1torom bola Metropolitn\u00ed univerzita Praha. Aj v&nbsp;tejto s\u00fa\u0165a\u017ei boli v&nbsp;porote SCCF aj PEN Worldwide.<\/p>\n<p style=\"text-align: justify;\">Slovensk\u00e9 firmy boli \u00faspe\u0161n\u00e9 hne\u010f v nieko\u013ek\u00fdch zo spom\u00ednan\u00fdch s\u00fa\u0165a\u017e\u00ed. Tret\u00ed najlep\u0161\u00ed katal\u00f3g mala cvi\u010dn\u00e1 firma 21 kapkejks, s.r.o. zo SO\u0160 chemickej z Hlohovca. V s\u00fa\u0165a\u017ei reklamn\u00fd spot vyhrala cvi\u010dn\u00e1 firma ComFur n\u00e1bytok, s.r.o. z Obchodnej akad\u00e9mie Ro\u017e\u0148ava. Najlep\u0161iu prezent\u00e1ciu mala cvi\u010dn\u00e1 firma SPOTLIGHT, s.r.o. zo SO\u0160 chemickej z Hlohovca. V s\u00fa\u0165a\u017ei \u201e90 sek\u00fand vo v\u00fd\u0165ahu\u201c, ktor\u00e1 prebiehala na\u017eivo v anglickom jazyku, obsadila cvi\u010dn\u00e1 firma Prstenec Saturna, s.r.o. prv\u00e9 miesto a&nbsp; ComFur n\u00e1bytok, s. r. o., druh\u00e9 miesto. Absol\u00fatnym v\u00ed\u0165azom Medzin\u00e1rodn\u00e9ho ve\u013etrhu fikt\u00edvnych firiem Praha 2022, teda prv\u00e9 miesto v kateg\u00f3rii \u201enajlep\u0161ia firma ve\u013etrhu\u201c &nbsp;z\u00edskala cvi\u010dn\u00e1 firma ComFur n\u00e1bytok, s.r.o. a druh\u00e9 miesto firma Prstenec Saturna, s.r.o., obidve z Obchodnej akad\u00e9mie Ro\u017e\u0148ava.<\/p>\n<p style=\"text-align: justify;\">Na z\u00e1ver ve\u013etrhu Metropolitn\u00e1 univerzita Praha vyhodnotila anketu \u201eO&nbsp;najlep\u0161ieho online vyu\u010duj\u00faceho cvi\u010dnej firmy 2021\u201c, ktor\u00fa vyhl\u00e1sila v&nbsp;decembri v&nbsp;spolupr\u00e1ci s&nbsp;\u010ceskou po\u0161tou. \u017diaci slovensk\u00fdch a&nbsp;\u010desk\u00fdch cvi\u010dn\u00fdch firiem nap\u00edsali pr\u00edbeh, pre\u010do by sa pr\u00e1ve ich u\u010dite\u013e mal sta\u0165 najlep\u0161\u00edm online u\u010dite\u013eom roka 2021. Tretie miesto v&nbsp;tejto ankete z\u00edskala pani u\u010dite\u013eka Jana Fulierov\u00e1 zo SO\u0160 chemickej z&nbsp;Hlohovca a&nbsp;prv\u00e9 miesto, teda absol\u00fatnym v\u00ed\u0165azom ankety je pani u\u010dite\u013eka Jarka Kras\u0148ansk\u00e1 zo SO\u0160 automobilovej zo Senca, tie\u017e zo Slovenska.<\/p>\n<p>V\u0161etk\u00fdm ocenen\u00fdm srde\u010dne gratulujeme. Do bud\u00facich rokov prajeme v\u0161etk\u00fdm ve\u013ea \u00faspechov a hlavne zlep\u0161enie epidemiologickej situ\u00e1cie, aby sme sa v\u0161etci mohli stretn\u00fa\u0165 osobne na v\u00fdstavisku v Prahe.&nbsp;<\/p>\n<p>V\u0161etko o&nbsp;ve\u013etrhu vr\u00e1tane v\u00fdsledkov\u00fdch list\u00edn n\u00e1jdete na <a href=\"https:\/\/antreprague.cz\/\">https:\/\/antreprague.cz\/<\/a>.<\/p>\n<p>V\u00fdsledky ankety O najlep\u0161ieho online vyu\u010duj\u00faceho cvi\u010dnej firmy 2021 n\u00e1jdete na <a href=\"https:\/\/www.mubanka.cz\">https:\/\/www.mubanka.cz<\/a>.<\/p>","protected":false},"excerpt":{"rendered":"<p>V&nbsp;porad\u00ed 27. Medzin\u00e1rodn\u00fd ve\u013etrh \u201efikt\u00edvnych\u201c firiem Praha 2022 pripravila v&nbsp;d\u0148och 23.\u201325. marca 2022 cvi\u010dn\u00e1 firma Antr\u00e9, s.r.o. z&nbsp;Obchodnej akad\u00e9mie v&nbsp;Prahe. Pra\u017esk\u00fd ve\u013etrh cvi\u010dn\u00fdch firiem&nbsp; je ka\u017edoro\u010dne ve\u013emi podporovan\u00fd re\u00e1lnymi partnermi, mestom Praha a&nbsp;z\u00e1\u0161titu nad n\u00edm m\u00e1 Ministerstvo \u0161kolstva, ml\u00e1de\u017ee a&nbsp;telov\u00fdchovy \u010cR. U\u017e tradi\u010dn\u00fdm partnerom ve\u013etrhu cvi\u010dn\u00fdch firiem bola Metropolitn\u00e1 univerzita Praha, Centrum fikt\u00edvnych firiem (CEFIF) [&hellip;]<\/p>\n","protected":false},"author":6,"featured_media":6858,"comment_status":"closed","ping_status":"closed","sticky":false,"template":"","format":"standard","meta":{"site-sidebar-layout":"default","site-content-layout":"default","ast-site-content-layout":"default","site-content-style":"default","site-sidebar-style":"default","ast-global-header-display":"","ast-banner-title-visibility":"","ast-main-header-display":"","ast-hfb-above-header-display":"","ast-hfb-below-header-display":"","ast-hfb-mobile-header-display":"","site-post-title":"","ast-breadcrumbs-content":"","ast-featured-img":"","footer-sml-layout":"","ast-disable-related-posts":"","theme-transparent-header-meta":"default","adv-header-id-meta":"","stick-header-meta":"","header-above-stick-meta":"","header-main-stick-meta":"","header-below-stick-meta":"","astra-migrate-meta-layouts":"default","ast-page-background-enabled":"default","ast-page-background-meta":{"desktop":{"background-color":"var(--ast-global-color-4)","background-image":"","background-repeat":"repeat","background-position":"center center","background-size":"auto","background-attachment":"scroll","background-type":"","background-media":"","overlay-type":"","overlay-color":"","overlay-opacity":"","overlay-gradient":""},"tablet":{"background-color":"","background-image":"","background-repeat":"repeat","background-position":"center center","background-size":"auto","background-attachment":"scroll","background-type":"","background-media":"","overlay-type":"","overlay-color":"","overlay-opacity":"","overlay-gradient":""},"mobile":{"background-color":"","background-image":"","background-repeat":"repeat","background-position":"center center","background-size":"auto","background-attachment":"scroll","background-type":"","background-media":"","overlay-type":"","overlay-color":"","overlay-opacity":"","overlay-gradient":""}},"ast-content-background-meta":{"desktop":{"background-color":"var(--ast-global-color-5)","background-image":"","background-repeat":"repeat","background-position":"center center","background-size":"auto","background-attachment":"scroll","background-type":"","background-media":"","overlay-type":"","overlay-color":"","overlay-opacity":"","overlay-gradient":""},"tablet":{"background-color":"var(--ast-global-color-5)","background-image":"","background-repeat":"repeat","background-position":"center center","background-size":"auto","background-attachment":"scroll","background-type":"","background-media":"","overlay-type":"","overlay-color":"","overlay-opacity":"","overlay-gradient":""},"mobile":{"background-color":"var(--ast-global-color-5)","background-image":"","background-repeat":"repeat","background-position":"center center","background-size":"auto","background-attachment":"scroll","background-type":"","background-media":"","overlay-type":"","overlay-color":"","overlay-opacity":"","overlay-gradient":""}},"footnotes":""},"categories":[1],"tags":[],"class_list":["post-11018","post","type-post","status-publish","format-standard","has-post-thumbnail","hentry","category-aktuality"],"yoast_head":"<!-- This site is optimized with the Yoast SEO plugin v27.5 - https:\/\/yoast.com\/product\/yoast-seo-wordpress\/ -->\n<title>Na Medzin\u00e1rodnom ve\u013etrhu cvi\u010dn\u00fdch firiem Praha 2022 zv\u00ed\u0165azila slovensk\u00e1 firma - \u0160IOV - \u0161t\u00e1tny in\u0161tit\u00fat odborn\u00e9ho vzdel\u00e1vania<\/title>\n<meta name=\"robots\" content=\"index, follow, max-snippet:-1, max-image-preview:large, max-video-preview:-1\" \/>\n<link rel=\"canonical\" href=\"https:\/\/archiv.siov.sk\/en\/na-medzinarodnom-veltrhu-cvicnych-firiem-praha-2022-zvitazila-slovenska-firma\/\" \/>\n<meta property=\"og:locale\" content=\"en_GB\" \/>\n<meta property=\"og:type\" content=\"article\" \/>\n<meta property=\"og:title\" content=\"Na Medzin\u00e1rodnom ve\u013etrhu cvi\u010dn\u00fdch firiem Praha 2022 zv\u00ed\u0165azila slovensk\u00e1 firma - \u0160IOV - \u0161t\u00e1tny in\u0161tit\u00fat odborn\u00e9ho vzdel\u00e1vania\" \/>\n<meta property=\"og:description\" content=\"V&nbsp;porad\u00ed 27. Medzin\u00e1rodn\u00fd ve\u013etrh \u201efikt\u00edvnych\u201c firiem Praha 2022 pripravila v&nbsp;d\u0148och 23.\u201325. marca 2022 cvi\u010dn\u00e1 firma Antr\u00e9, s.r.o. z&nbsp;Obchodnej akad\u00e9mie v&nbsp;Prahe. Pra\u017esk\u00fd ve\u013etrh cvi\u010dn\u00fdch firiem&nbsp; je ka\u017edoro\u010dne ve\u013emi podporovan\u00fd re\u00e1lnymi partnermi, mestom Praha a&nbsp;z\u00e1\u0161titu nad n\u00edm m\u00e1 Ministerstvo \u0161kolstva, ml\u00e1de\u017ee a&nbsp;telov\u00fdchovy \u010cR. U\u017e tradi\u010dn\u00fdm partnerom ve\u013etrhu cvi\u010dn\u00fdch firiem bola Metropolitn\u00e1 univerzita Praha, Centrum fikt\u00edvnych firiem (CEFIF) [&hellip;]\" \/>\n<meta property=\"og:url\" content=\"https:\/\/archiv.siov.sk\/en\/na-medzinarodnom-veltrhu-cvicnych-firiem-praha-2022-zvitazila-slovenska-firma\/\" \/>\n<meta property=\"og:site_name\" content=\"\u0160IOV - \u0161t\u00e1tny in\u0161tit\u00fat odborn\u00e9ho vzdel\u00e1vania\" \/>\n<meta property=\"article:publisher\" content=\"https:\/\/www.facebook.com\/Statnyinstitutodbornehovzdelavania\" \/>\n<meta property=\"article:published_time\" content=\"2022-03-29T12:31:37+00:00\" \/>\n<meta property=\"og:image\" content=\"https:\/\/archiv.siov.sk\/wp-content\/uploads\/2020\/11\/SCCF.jpg\" \/>\n\t<meta property=\"og:image:width\" content=\"212\" \/>\n\t<meta property=\"og:image:height\" content=\"118\" \/>\n\t<meta property=\"og:image:type\" content=\"image\/jpeg\" \/>\n<meta name=\"author\" content=\"Katar\u00edna Kov\u00e1\u010dov\u00e1\" \/>\n<meta name=\"twitter:card\" content=\"summary_large_image\" \/>\n<meta name=\"twitter:label1\" content=\"Written by\" \/>\n\t<meta name=\"twitter:data1\" content=\"Katar\u00edna Kov\u00e1\u010dov\u00e1\" \/>\n\t<meta name=\"twitter:label2\" content=\"Estimated reading time\" \/>\n\t<meta name=\"twitter:data2\" content=\"3 minutes\" \/>\n<script type=\"application\/ld+json\" class=\"yoast-schema-graph\">{\"@context\":\"https:\\\/\\\/schema.org\",\"@graph\":[{\"@type\":\"Article\",\"@id\":\"https:\\\/\\\/archiv.siov.sk\\\/na-medzinarodnom-veltrhu-cvicnych-firiem-praha-2022-zvitazila-slovenska-firma\\\/#article\",\"isPartOf\":{\"@id\":\"https:\\\/\\\/archiv.siov.sk\\\/na-medzinarodnom-veltrhu-cvicnych-firiem-praha-2022-zvitazila-slovenska-firma\\\/\"},\"author\":{\"name\":\"Katar\u00edna Kov\u00e1\u010dov\u00e1\",\"@id\":\"https:\\\/\\\/archiv.siov.sk\\\/#\\\/schema\\\/person\\\/e42d633fbd958c6a726e8834d8965e6c\"},\"headline\":\"Na Medzin\u00e1rodnom ve\u013etrhu cvi\u010dn\u00fdch firiem Praha 2022 zv\u00ed\u0165azila slovensk\u00e1 firma\",\"datePublished\":\"2022-03-29T12:31:37+00:00\",\"mainEntityOfPage\":{\"@id\":\"https:\\\/\\\/archiv.siov.sk\\\/na-medzinarodnom-veltrhu-cvicnych-firiem-praha-2022-zvitazila-slovenska-firma\\\/\"},\"wordCount\":803,\"publisher\":{\"@id\":\"https:\\\/\\\/archiv.siov.sk\\\/#organization\"},\"image\":{\"@id\":\"https:\\\/\\\/archiv.siov.sk\\\/na-medzinarodnom-veltrhu-cvicnych-firiem-praha-2022-zvitazila-slovenska-firma\\\/#primaryimage\"},\"thumbnailUrl\":\"https:\\\/\\\/archiv.siov.sk\\\/wp-content\\\/uploads\\\/2020\\\/11\\\/SCCF.jpg\",\"articleSection\":[\"Aktuality\"],\"inLanguage\":\"en-GB\"},{\"@type\":\"WebPage\",\"@id\":\"https:\\\/\\\/archiv.siov.sk\\\/na-medzinarodnom-veltrhu-cvicnych-firiem-praha-2022-zvitazila-slovenska-firma\\\/\",\"url\":\"https:\\\/\\\/archiv.siov.sk\\\/na-medzinarodnom-veltrhu-cvicnych-firiem-praha-2022-zvitazila-slovenska-firma\\\/\",\"name\":\"Na Medzin\u00e1rodnom ve\u013etrhu cvi\u010dn\u00fdch firiem Praha 2022 zv\u00ed\u0165azila slovensk\u00e1 firma - \u0160IOV - \u0161t\u00e1tny in\u0161tit\u00fat odborn\u00e9ho vzdel\u00e1vania\",\"isPartOf\":{\"@id\":\"https:\\\/\\\/archiv.siov.sk\\\/#website\"},\"primaryImageOfPage\":{\"@id\":\"https:\\\/\\\/archiv.siov.sk\\\/na-medzinarodnom-veltrhu-cvicnych-firiem-praha-2022-zvitazila-slovenska-firma\\\/#primaryimage\"},\"image\":{\"@id\":\"https:\\\/\\\/archiv.siov.sk\\\/na-medzinarodnom-veltrhu-cvicnych-firiem-praha-2022-zvitazila-slovenska-firma\\\/#primaryimage\"},\"thumbnailUrl\":\"https:\\\/\\\/archiv.siov.sk\\\/wp-content\\\/uploads\\\/2020\\\/11\\\/SCCF.jpg\",\"datePublished\":\"2022-03-29T12:31:37+00:00\",\"breadcrumb\":{\"@id\":\"https:\\\/\\\/archiv.siov.sk\\\/na-medzinarodnom-veltrhu-cvicnych-firiem-praha-2022-zvitazila-slovenska-firma\\\/#breadcrumb\"},\"inLanguage\":\"en-GB\",\"potentialAction\":[{\"@type\":\"ReadAction\",\"target\":[\"https:\\\/\\\/archiv.siov.sk\\\/na-medzinarodnom-veltrhu-cvicnych-firiem-praha-2022-zvitazila-slovenska-firma\\\/\"]}]},{\"@type\":\"ImageObject\",\"inLanguage\":\"en-GB\",\"@id\":\"https:\\\/\\\/archiv.siov.sk\\\/na-medzinarodnom-veltrhu-cvicnych-firiem-praha-2022-zvitazila-slovenska-firma\\\/#primaryimage\",\"url\":\"https:\\\/\\\/archiv.siov.sk\\\/wp-content\\\/uploads\\\/2020\\\/11\\\/SCCF.jpg\",\"contentUrl\":\"https:\\\/\\\/archiv.siov.sk\\\/wp-content\\\/uploads\\\/2020\\\/11\\\/SCCF.jpg\",\"width\":212,\"height\":118},{\"@type\":\"BreadcrumbList\",\"@id\":\"https:\\\/\\\/archiv.siov.sk\\\/na-medzinarodnom-veltrhu-cvicnych-firiem-praha-2022-zvitazila-slovenska-firma\\\/#breadcrumb\",\"itemListElement\":[{\"@type\":\"ListItem\",\"position\":1,\"name\":\"Home\",\"item\":\"https:\\\/\\\/archiv.siov.sk\\\/\"},{\"@type\":\"ListItem\",\"position\":2,\"name\":\"Na Medzin\u00e1rodnom ve\u013etrhu cvi\u010dn\u00fdch firiem Praha 2022 zv\u00ed\u0165azila slovensk\u00e1 firma\"}]},{\"@type\":\"WebSite\",\"@id\":\"https:\\\/\\\/archiv.siov.sk\\\/#website\",\"url\":\"https:\\\/\\\/archiv.siov.sk\\\/\",\"name\":\"\u0160IOV - \u0161t\u00e1tny in\u0161tit\u00fat odborn\u00e9ho vzdel\u00e1vania\",\"description\":\"\",\"publisher\":{\"@id\":\"https:\\\/\\\/archiv.siov.sk\\\/#organization\"},\"potentialAction\":[{\"@type\":\"SearchAction\",\"target\":{\"@type\":\"EntryPoint\",\"urlTemplate\":\"https:\\\/\\\/archiv.siov.sk\\\/?s={search_term_string}\"},\"query-input\":{\"@type\":\"PropertyValueSpecification\",\"valueRequired\":true,\"valueName\":\"search_term_string\"}}],\"inLanguage\":\"en-GB\"},{\"@type\":\"Organization\",\"@id\":\"https:\\\/\\\/archiv.siov.sk\\\/#organization\",\"name\":\"\u0160IOV - \u0161t\u00e1tny in\u0161tit\u00fat odborn\u00e9ho vzdel\u00e1vania\",\"url\":\"https:\\\/\\\/archiv.siov.sk\\\/\",\"logo\":{\"@type\":\"ImageObject\",\"inLanguage\":\"en-GB\",\"@id\":\"https:\\\/\\\/archiv.siov.sk\\\/#\\\/schema\\\/logo\\\/image\\\/\",\"url\":\"https:\\\/\\\/archiv.siov.sk\\\/wp-content\\\/uploads\\\/2024\\\/02\\\/logo-SIOV.png\",\"contentUrl\":\"https:\\\/\\\/archiv.siov.sk\\\/wp-content\\\/uploads\\\/2024\\\/02\\\/logo-SIOV.png\",\"width\":431,\"height\":143,\"caption\":\"\u0160IOV - \u0161t\u00e1tny in\u0161tit\u00fat odborn\u00e9ho vzdel\u00e1vania\"},\"image\":{\"@id\":\"https:\\\/\\\/archiv.siov.sk\\\/#\\\/schema\\\/logo\\\/image\\\/\"},\"sameAs\":[\"https:\\\/\\\/www.facebook.com\\\/Statnyinstitutodbornehovzdelavania\"]},{\"@type\":\"Person\",\"@id\":\"https:\\\/\\\/archiv.siov.sk\\\/#\\\/schema\\\/person\\\/e42d633fbd958c6a726e8834d8965e6c\",\"name\":\"Katar\u00edna Kov\u00e1\u010dov\u00e1\",\"url\":\"https:\\\/\\\/archiv.siov.sk\\\/en\\\/author\\\/katkakovacova\\\/\"}]}<\/script>\n<!-- \/ Yoast SEO plugin. -->","yoast_head_json":{"title":"Na Medzin\u00e1rodnom ve\u013etrhu cvi\u010dn\u00fdch firiem Praha 2022 zv\u00ed\u0165azila slovensk\u00e1 firma - \u0160IOV - \u0161t\u00e1tny in\u0161tit\u00fat odborn\u00e9ho vzdel\u00e1vania","robots":{"index":"index","follow":"follow","max-snippet":"max-snippet:-1","max-image-preview":"max-image-preview:large","max-video-preview":"max-video-preview:-1"},"canonical":"https:\/\/archiv.siov.sk\/en\/na-medzinarodnom-veltrhu-cvicnych-firiem-praha-2022-zvitazila-slovenska-firma\/","og_locale":"en_GB","og_type":"article","og_title":"Na Medzin\u00e1rodnom ve\u013etrhu cvi\u010dn\u00fdch firiem Praha 2022 zv\u00ed\u0165azila slovensk\u00e1 firma - \u0160IOV - \u0161t\u00e1tny in\u0161tit\u00fat odborn\u00e9ho vzdel\u00e1vania","og_description":"V&nbsp;porad\u00ed 27. Medzin\u00e1rodn\u00fd ve\u013etrh \u201efikt\u00edvnych\u201c firiem Praha 2022 pripravila v&nbsp;d\u0148och 23.\u201325. marca 2022 cvi\u010dn\u00e1 firma Antr\u00e9, s.r.o. z&nbsp;Obchodnej akad\u00e9mie v&nbsp;Prahe. Pra\u017esk\u00fd ve\u013etrh cvi\u010dn\u00fdch firiem&nbsp; je ka\u017edoro\u010dne ve\u013emi podporovan\u00fd re\u00e1lnymi partnermi, mestom Praha a&nbsp;z\u00e1\u0161titu nad n\u00edm m\u00e1 Ministerstvo \u0161kolstva, ml\u00e1de\u017ee a&nbsp;telov\u00fdchovy \u010cR. U\u017e tradi\u010dn\u00fdm partnerom ve\u013etrhu cvi\u010dn\u00fdch firiem bola Metropolitn\u00e1 univerzita Praha, Centrum fikt\u00edvnych firiem (CEFIF) [&hellip;]","og_url":"https:\/\/archiv.siov.sk\/en\/na-medzinarodnom-veltrhu-cvicnych-firiem-praha-2022-zvitazila-slovenska-firma\/","og_site_name":"\u0160IOV - \u0161t\u00e1tny in\u0161tit\u00fat odborn\u00e9ho vzdel\u00e1vania","article_publisher":"https:\/\/www.facebook.com\/Statnyinstitutodbornehovzdelavania","article_published_time":"2022-03-29T12:31:37+00:00","og_image":[{"width":212,"height":118,"url":"https:\/\/archiv.siov.sk\/wp-content\/uploads\/2020\/11\/SCCF.jpg","type":"image\/jpeg"}],"author":"Katar\u00edna Kov\u00e1\u010dov\u00e1","twitter_card":"summary_large_image","twitter_misc":{"Written by":"Katar\u00edna Kov\u00e1\u010dov\u00e1","Estimated reading time":"3 minutes"},"schema":{"@context":"https:\/\/schema.org","@graph":[{"@type":"Article","@id":"https:\/\/archiv.siov.sk\/na-medzinarodnom-veltrhu-cvicnych-firiem-praha-2022-zvitazila-slovenska-firma\/#article","isPartOf":{"@id":"https:\/\/archiv.siov.sk\/na-medzinarodnom-veltrhu-cvicnych-firiem-praha-2022-zvitazila-slovenska-firma\/"},"author":{"name":"Katar\u00edna Kov\u00e1\u010dov\u00e1","@id":"https:\/\/archiv.siov.sk\/#\/schema\/person\/e42d633fbd958c6a726e8834d8965e6c"},"headline":"Na Medzin\u00e1rodnom ve\u013etrhu cvi\u010dn\u00fdch firiem Praha 2022 zv\u00ed\u0165azila slovensk\u00e1 firma","datePublished":"2022-03-29T12:31:37+00:00","mainEntityOfPage":{"@id":"https:\/\/archiv.siov.sk\/na-medzinarodnom-veltrhu-cvicnych-firiem-praha-2022-zvitazila-slovenska-firma\/"},"wordCount":803,"publisher":{"@id":"https:\/\/archiv.siov.sk\/#organization"},"image":{"@id":"https:\/\/archiv.siov.sk\/na-medzinarodnom-veltrhu-cvicnych-firiem-praha-2022-zvitazila-slovenska-firma\/#primaryimage"},"thumbnailUrl":"https:\/\/archiv.siov.sk\/wp-content\/uploads\/2020\/11\/SCCF.jpg","articleSection":["Aktuality"],"inLanguage":"en-GB"},{"@type":"WebPage","@id":"https:\/\/archiv.siov.sk\/na-medzinarodnom-veltrhu-cvicnych-firiem-praha-2022-zvitazila-slovenska-firma\/","url":"https:\/\/archiv.siov.sk\/na-medzinarodnom-veltrhu-cvicnych-firiem-praha-2022-zvitazila-slovenska-firma\/","name":"Na Medzin\u00e1rodnom ve\u013etrhu cvi\u010dn\u00fdch firiem Praha 2022 zv\u00ed\u0165azila slovensk\u00e1 firma - \u0160IOV - \u0161t\u00e1tny in\u0161tit\u00fat odborn\u00e9ho vzdel\u00e1vania","isPartOf":{"@id":"https:\/\/archiv.siov.sk\/#website"},"primaryImageOfPage":{"@id":"https:\/\/archiv.siov.sk\/na-medzinarodnom-veltrhu-cvicnych-firiem-praha-2022-zvitazila-slovenska-firma\/#primaryimage"},"image":{"@id":"https:\/\/archiv.siov.sk\/na-medzinarodnom-veltrhu-cvicnych-firiem-praha-2022-zvitazila-slovenska-firma\/#primaryimage"},"thumbnailUrl":"https:\/\/archiv.siov.sk\/wp-content\/uploads\/2020\/11\/SCCF.jpg","datePublished":"2022-03-29T12:31:37+00:00","breadcrumb":{"@id":"https:\/\/archiv.siov.sk\/na-medzinarodnom-veltrhu-cvicnych-firiem-praha-2022-zvitazila-slovenska-firma\/#breadcrumb"},"inLanguage":"en-GB","potentialAction":[{"@type":"ReadAction","target":["https:\/\/archiv.siov.sk\/na-medzinarodnom-veltrhu-cvicnych-firiem-praha-2022-zvitazila-slovenska-firma\/"]}]},{"@type":"ImageObject","inLanguage":"en-GB","@id":"https:\/\/archiv.siov.sk\/na-medzinarodnom-veltrhu-cvicnych-firiem-praha-2022-zvitazila-slovenska-firma\/#primaryimage","url":"https:\/\/archiv.siov.sk\/wp-content\/uploads\/2020\/11\/SCCF.jpg","contentUrl":"https:\/\/archiv.siov.sk\/wp-content\/uploads\/2020\/11\/SCCF.jpg","width":212,"height":118},{"@type":"BreadcrumbList","@id":"https:\/\/archiv.siov.sk\/na-medzinarodnom-veltrhu-cvicnych-firiem-praha-2022-zvitazila-slovenska-firma\/#breadcrumb","itemListElement":[{"@type":"ListItem","position":1,"name":"Home","item":"https:\/\/archiv.siov.sk\/"},{"@type":"ListItem","position":2,"name":"Na Medzin\u00e1rodnom ve\u013etrhu cvi\u010dn\u00fdch firiem Praha 2022 zv\u00ed\u0165azila slovensk\u00e1 firma"}]},{"@type":"WebSite","@id":"https:\/\/archiv.siov.sk\/#website","url":"https:\/\/archiv.siov.sk\/","name":"\u0160IOV - \u0161t\u00e1tny in\u0161tit\u00fat odborn\u00e9ho vzdel\u00e1vania","description":"","publisher":{"@id":"https:\/\/archiv.siov.sk\/#organization"},"potentialAction":[{"@type":"SearchAction","target":{"@type":"EntryPoint","urlTemplate":"https:\/\/archiv.siov.sk\/?s={search_term_string}"},"query-input":{"@type":"PropertyValueSpecification","valueRequired":true,"valueName":"search_term_string"}}],"inLanguage":"en-GB"},{"@type":"Organization","@id":"https:\/\/archiv.siov.sk\/#organization","name":"\u0160IOV - \u0161t\u00e1tny in\u0161tit\u00fat odborn\u00e9ho vzdel\u00e1vania","url":"https:\/\/archiv.siov.sk\/","logo":{"@type":"ImageObject","inLanguage":"en-GB","@id":"https:\/\/archiv.siov.sk\/#\/schema\/logo\/image\/","url":"https:\/\/archiv.siov.sk\/wp-content\/uploads\/2024\/02\/logo-SIOV.png","contentUrl":"https:\/\/archiv.siov.sk\/wp-content\/uploads\/2024\/02\/logo-SIOV.png","width":431,"height":143,"caption":"\u0160IOV - \u0161t\u00e1tny in\u0161tit\u00fat odborn\u00e9ho vzdel\u00e1vania"},"image":{"@id":"https:\/\/archiv.siov.sk\/#\/schema\/logo\/image\/"},"sameAs":["https:\/\/www.facebook.com\/Statnyinstitutodbornehovzdelavania"]},{"@type":"Person","@id":"https:\/\/archiv.siov.sk\/#\/schema\/person\/e42d633fbd958c6a726e8834d8965e6c","name":"Katar\u00edna Kov\u00e1\u010dov\u00e1","url":"https:\/\/archiv.siov.sk\/en\/author\/katkakovacova\/"}]}},"_links":{"self":[{"href":"https:\/\/archiv.siov.sk\/en\/wp-json\/wp\/v2\/posts\/11018","targetHints":{"allow":["GET"]}}],"collection":[{"href":"https:\/\/archiv.siov.sk\/en\/wp-json\/wp\/v2\/posts"}],"about":[{"href":"https:\/\/archiv.siov.sk\/en\/wp-json\/wp\/v2\/types\/post"}],"author":[{"embeddable":true,"href":"https:\/\/archiv.siov.sk\/en\/wp-json\/wp\/v2\/users\/6"}],"replies":[{"embeddable":true,"href":"https:\/\/archiv.siov.sk\/en\/wp-json\/wp\/v2\/comments?post=11018"}],"version-history":[{"count":2,"href":"https:\/\/archiv.siov.sk\/en\/wp-json\/wp\/v2\/posts\/11018\/revisions"}],"predecessor-version":[{"id":11020,"href":"https:\/\/archiv.siov.sk\/en\/wp-json\/wp\/v2\/posts\/11018\/revisions\/11020"}],"wp:featuredmedia":[{"embeddable":true,"href":"https:\/\/archiv.siov.sk\/en\/wp-json\/wp\/v2\/media\/6858"}],"wp:attachment":[{"href":"https:\/\/archiv.siov.sk\/en\/wp-json\/wp\/v2\/media?parent=11018"}],"wp:term":[{"taxonomy":"category","embeddable":true,"href":"https:\/\/archiv.siov.sk\/en\/wp-json\/wp\/v2\/categories?post=11018"},{"taxonomy":"post_tag","embeddable":true,"href":"https:\/\/archiv.siov.sk\/en\/wp-json\/wp\/v2\/tags?post=11018"}],"curies":[{"name":"wp","href":"https:\/\/api.w.org\/{rel}","templated":true}]}}