{"id":11009,"date":"2022-03-28T13:09:05","date_gmt":"2022-03-28T11:09:05","guid":{"rendered":"https:\/\/archiv.siov.sk\/?p=11009"},"modified":"2022-03-28T13:09:05","modified_gmt":"2022-03-28T11:09:05","slug":"stredoskolaci-sa-zaujimaju-o-vyuzitie-alternativnych-zdrojov-energii-a-ochranu-zivotneho-prostredia","status":"publish","type":"post","link":"https:\/\/archiv.siov.sk\/en\/stredoskolaci-sa-zaujimaju-o-vyuzitie-alternativnych-zdrojov-energii-a-ochranu-zivotneho-prostredia\/","title":{"rendered":"Stredo\u0161kol\u00e1ci sa zauj\u00edmaj\u00fa o vyu\u017eitie alternat\u00edvnych zdrojov energi\u00ed a ochranu \u017eivotn\u00e9ho prostredia"},"content":{"rendered":"<p style=\"text-align: justify;\">Dvan\u00e1stym ro\u010dn\u00edkom priv\u00edta 6.- 8. apr\u00edla Stredn\u00e1 odborn\u00e1 \u0161kola &nbsp;podnikania v&nbsp;remesl\u00e1ch a&nbsp;slu\u017eb\u00e1ch,&nbsp; V. P. T\u00f3tha v&nbsp;Senici \u00fa\u010dastn\u00edkov celo\u0161t\u00e1tnej s\u00fa\u0165a\u017ee zameranej na podporu stredo\u0161kolsk\u00fdch talentov v&nbsp;oblasti vyu\u017e\u00edvania alternat\u00edvnych, obnovite\u013en\u00fdch zdrojov energie, ako aj energetick\u00e9 \u00faspory a&nbsp;zni\u017eovanie emisi\u00ed v&nbsp;doprave. Tento rok sa stretn\u00fa \u017eiaci po\u010das troch dn\u00ed po dvoch rokoch&nbsp; di\u0161tan\u010dnej formy op\u00e4\u0165 prezen\u010dne. Prv\u00fd s\u00fa\u0165a\u017en\u00fd de\u0148 je na programe sl\u00e1vnostn\u00e9 otvorenie za pr\u00edtomnost\u00ed pozvan\u00fdch host\u00ed, druh\u00fd de\u0148 obhajoby v&nbsp;troch kateg\u00f3ri\u00e1ch. &nbsp;Tret\u00ed de\u0148 sa zav\u0155\u0161i vyhl\u00e1sen\u00edm v\u00fdsledkov.<\/p>\n<p style=\"text-align: justify;\">V\u00ed\u0165azi bud\u00fa s\u00fa\u010dasne nominovan\u00ed na prezent\u00e1ciu svojich \u00faspe\u0161n\u00fdch projektov na medzin\u00e1rodnej s\u00fa\u0165a\u017ei ENERSOL-\u010cR v&nbsp;Otrokoviciach (21.\u201322. apr\u00edla) kde spomedzi s\u00fa\u0165a\u017eiacich&nbsp; z\u00fa\u010dastnen\u00fdch eur\u00f3pskych kraj\u00edn z\u00edskaj\u00fa nov\u00e9 sk\u00fasenosti a&nbsp;\u010fal\u0161ie zauj\u00edmav\u00e9 ocenenia.<\/p>\n<p style=\"text-align: justify;\"><em>&nbsp;<\/em>ENERSOL\u2013SK je postaven\u00e1 na s\u00fa\u0165a\u017en\u00fdch prehliadkach najlep\u0161\u00edch projektov \u2013 rie\u0161en\u00ed teoretick\u00fdch a&nbsp;praktick\u00fdch \u00faloh zameran\u00fdch na \u00faspory energie, h\u013eadanie a&nbsp;vyu\u017e\u00edvanie obnovite\u013en\u00fdch zdrojov energie. Stredo\u0161kol\u00e1ci s\u00fa\u0165a\u017eia v&nbsp;odborno-teoretick\u00fdch a&nbsp;praktick\u00fdch vedomostiach aj&nbsp;zru\u010dnostiach.<\/p>\n<p style=\"text-align: justify;\">\u201eV&nbsp;hlavnej kateg\u00f3rii s\u00fa pr\u00e1ce zameran\u00e9 na t\u00e9my ako \u00faspory energi\u00ed, obnovite\u013en\u00e9 zdroje, zni\u017eovanie emisi\u00ed v&nbsp;dopravy. Ich v\u00fdznam spo\u010d\u00edva v&nbsp;z\u00edskan\u00ed podstatn\u00fdch inform\u00e1ci\u00ed o&nbsp;vyu\u017e\u00edvan\u00ed technol\u00f3gi\u00ed a&nbsp;materi\u00e1lov. Tvoriv\u00e1 kateg\u00f3ria je priestor, v&nbsp;ktorom sa vyu\u017e\u00edvaj\u00fa tvoriv\u00e9 schopnosti \u017eiakov v&nbsp;spolupr\u00e1ci s&nbsp;ich u\u010dite\u013emi a&nbsp;vysoko\u0161kolsk\u00fdmi pedag\u00f3gmi. Pr\u00e1ce v&nbsp;tejto kateg\u00f3rii s\u00fa n\u00e1ro\u010dn\u00e9 tak z&nbsp;\u010dasov\u00e9ho h\u013eadiska, ako aj z&nbsp;h\u013eadiska materi\u00e1lovo a&nbsp;finan\u010dn\u00e9ho zhotovenia v\u00fdrobkov, \u010di presnej\u0161ie, projektov. Doplnkovou formou s\u00fa\u0165a\u017ee je tretia kateg\u00f3ria a&nbsp;to propaga\u010dn\u00e1. Jej obsah je zameran\u00fd na tvoriv\u00fa umeleck\u00fa \u010dinnos\u0165 ako s\u00fa n\u00e1vrhy plag\u00e1tov, v\u00fdroby propaga\u010dn\u00fdch predmetov, \u010di keramika a&nbsp;pod, \u201c &nbsp;pribl\u00ed\u017eila predsedn\u00ed\u010dka celo\u0161t\u00e1tnej komisie Danica Rapantov\u00e1.<\/p>\n<p style=\"text-align: justify;\">Vyhlasovate\u013eom s\u00fa\u0165a\u017ee je Ministerstvo \u0161kolstva, vedy, v\u00fdskumu a&nbsp;\u0161portu SR a&nbsp;metodick\u00fdm, organiza\u010dn\u00fdm&nbsp; a&nbsp;odborn\u00fdm garantom je odbor podpory smerovania ml\u00e1de\u017ee \u0160t\u00e1tneho in\u0161tit\u00fatu odborn\u00e9ho vzdel\u00e1vania.<\/p>\n<p>S\u00fa\u0165a\u017eiacim prajeme \u00faspe\u0161n\u00fa obhajobu svojich pr\u00e1c, z\u00edskanie nov\u00fdch zru\u010dnost\u00ed a&nbsp;sk\u00fasenost\u00ed a \u010dlenom odborn\u00fdch hodnotiacich komisi\u00ed&nbsp; pr\u00edjemn\u00e9 hodnotenie prezent\u00e1ci\u00ed s\u00fa\u0165a\u017eiacich.&nbsp;<\/p>\n<p><em>&nbsp;&nbsp; <\/em><\/p>","protected":false},"excerpt":{"rendered":"<p>Dvan\u00e1stym ro\u010dn\u00edkom priv\u00edta 6.- 8. apr\u00edla Stredn\u00e1 odborn\u00e1 \u0161kola &nbsp;podnikania v&nbsp;remesl\u00e1ch a&nbsp;slu\u017eb\u00e1ch,&nbsp; V. P. T\u00f3tha v&nbsp;Senici \u00fa\u010dastn\u00edkov celo\u0161t\u00e1tnej s\u00fa\u0165a\u017ee zameranej na podporu stredo\u0161kolsk\u00fdch talentov v&nbsp;oblasti vyu\u017e\u00edvania alternat\u00edvnych, obnovite\u013en\u00fdch zdrojov energie, ako aj energetick\u00e9 \u00faspory a&nbsp;zni\u017eovanie emisi\u00ed v&nbsp;doprave. Tento rok sa stretn\u00fa \u017eiaci po\u010das troch dn\u00ed po dvoch rokoch&nbsp; di\u0161tan\u010dnej formy op\u00e4\u0165 prezen\u010dne. Prv\u00fd s\u00fa\u0165a\u017en\u00fd de\u0148 [&hellip;]<\/p>\n","protected":false},"author":6,"featured_media":7472,"comment_status":"closed","ping_status":"closed","sticky":false,"template":"","format":"standard","meta":{"site-sidebar-layout":"default","site-content-layout":"default","ast-site-content-layout":"default","site-content-style":"default","site-sidebar-style":"default","ast-global-header-display":"","ast-banner-title-visibility":"","ast-main-header-display":"","ast-hfb-above-header-display":"","ast-hfb-below-header-display":"","ast-hfb-mobile-header-display":"","site-post-title":"","ast-breadcrumbs-content":"","ast-featured-img":"","footer-sml-layout":"","ast-disable-related-posts":"","theme-transparent-header-meta":"default","adv-header-id-meta":"","stick-header-meta":"","header-above-stick-meta":"","header-main-stick-meta":"","header-below-stick-meta":"","astra-migrate-meta-layouts":"default","ast-page-background-enabled":"default","ast-page-background-meta":{"desktop":{"background-color":"var(--ast-global-color-4)","background-image":"","background-repeat":"repeat","background-position":"center center","background-size":"auto","background-attachment":"scroll","background-type":"","background-media":"","overlay-type":"","overlay-color":"","overlay-opacity":"","overlay-gradient":""},"tablet":{"background-color":"","background-image":"","background-repeat":"repeat","background-position":"center center","background-size":"auto","background-attachment":"scroll","background-type":"","background-media":"","overlay-type":"","overlay-color":"","overlay-opacity":"","overlay-gradient":""},"mobile":{"background-color":"","background-image":"","background-repeat":"repeat","background-position":"center center","background-size":"auto","background-attachment":"scroll","background-type":"","background-media":"","overlay-type":"","overlay-color":"","overlay-opacity":"","overlay-gradient":""}},"ast-content-background-meta":{"desktop":{"background-color":"var(--ast-global-color-5)","background-image":"","background-repeat":"repeat","background-position":"center center","background-size":"auto","background-attachment":"scroll","background-type":"","background-media":"","overlay-type":"","overlay-color":"","overlay-opacity":"","overlay-gradient":""},"tablet":{"background-color":"var(--ast-global-color-5)","background-image":"","background-repeat":"repeat","background-position":"center center","background-size":"auto","background-attachment":"scroll","background-type":"","background-media":"","overlay-type":"","overlay-color":"","overlay-opacity":"","overlay-gradient":""},"mobile":{"background-color":"var(--ast-global-color-5)","background-image":"","background-repeat":"repeat","background-position":"center center","background-size":"auto","background-attachment":"scroll","background-type":"","background-media":"","overlay-type":"","overlay-color":"","overlay-opacity":"","overlay-gradient":""}},"footnotes":""},"categories":[1],"tags":[],"class_list":["post-11009","post","type-post","status-publish","format-standard","has-post-thumbnail","hentry","category-aktuality"],"yoast_head":"<!-- This site is optimized with the Yoast SEO plugin v27.5 - https:\/\/yoast.com\/product\/yoast-seo-wordpress\/ -->\n<title>Stredo\u0161kol\u00e1ci sa zauj\u00edmaj\u00fa o vyu\u017eitie alternat\u00edvnych zdrojov energi\u00ed a ochranu \u017eivotn\u00e9ho prostredia - \u0160IOV - \u0161t\u00e1tny in\u0161tit\u00fat odborn\u00e9ho vzdel\u00e1vania<\/title>\n<meta name=\"robots\" content=\"index, follow, max-snippet:-1, max-image-preview:large, max-video-preview:-1\" \/>\n<link rel=\"canonical\" href=\"https:\/\/archiv.siov.sk\/en\/stredoskolaci-sa-zaujimaju-o-vyuzitie-alternativnych-zdrojov-energii-a-ochranu-zivotneho-prostredia\/\" \/>\n<meta property=\"og:locale\" content=\"en_GB\" \/>\n<meta property=\"og:type\" content=\"article\" \/>\n<meta property=\"og:title\" content=\"Stredo\u0161kol\u00e1ci sa zauj\u00edmaj\u00fa o vyu\u017eitie alternat\u00edvnych zdrojov energi\u00ed a ochranu \u017eivotn\u00e9ho prostredia - \u0160IOV - \u0161t\u00e1tny in\u0161tit\u00fat odborn\u00e9ho vzdel\u00e1vania\" \/>\n<meta property=\"og:description\" content=\"Dvan\u00e1stym ro\u010dn\u00edkom priv\u00edta 6.- 8. apr\u00edla Stredn\u00e1 odborn\u00e1 \u0161kola &nbsp;podnikania v&nbsp;remesl\u00e1ch a&nbsp;slu\u017eb\u00e1ch,&nbsp; V. P. T\u00f3tha v&nbsp;Senici \u00fa\u010dastn\u00edkov celo\u0161t\u00e1tnej s\u00fa\u0165a\u017ee zameranej na podporu stredo\u0161kolsk\u00fdch talentov v&nbsp;oblasti vyu\u017e\u00edvania alternat\u00edvnych, obnovite\u013en\u00fdch zdrojov energie, ako aj energetick\u00e9 \u00faspory a&nbsp;zni\u017eovanie emisi\u00ed v&nbsp;doprave. Tento rok sa stretn\u00fa \u017eiaci po\u010das troch dn\u00ed po dvoch rokoch&nbsp; di\u0161tan\u010dnej formy op\u00e4\u0165 prezen\u010dne. Prv\u00fd s\u00fa\u0165a\u017en\u00fd de\u0148 [&hellip;]\" \/>\n<meta property=\"og:url\" content=\"https:\/\/archiv.siov.sk\/en\/stredoskolaci-sa-zaujimaju-o-vyuzitie-alternativnych-zdrojov-energii-a-ochranu-zivotneho-prostredia\/\" \/>\n<meta property=\"og:site_name\" content=\"\u0160IOV - \u0161t\u00e1tny in\u0161tit\u00fat odborn\u00e9ho vzdel\u00e1vania\" \/>\n<meta property=\"article:publisher\" content=\"https:\/\/www.facebook.com\/Statnyinstitutodbornehovzdelavania\" \/>\n<meta property=\"article:published_time\" content=\"2022-03-28T11:09:05+00:00\" \/>\n<meta property=\"og:image\" content=\"https:\/\/archiv.siov.sk\/wp-content\/uploads\/2021\/03\/enersol.jpg\" \/>\n\t<meta property=\"og:image:width\" content=\"490\" \/>\n\t<meta property=\"og:image:height\" content=\"168\" \/>\n\t<meta property=\"og:image:type\" content=\"image\/jpeg\" \/>\n<meta name=\"author\" content=\"Katar\u00edna Kov\u00e1\u010dov\u00e1\" \/>\n<meta name=\"twitter:card\" content=\"summary_large_image\" \/>\n<meta name=\"twitter:label1\" content=\"Written by\" \/>\n\t<meta name=\"twitter:data1\" content=\"Katar\u00edna Kov\u00e1\u010dov\u00e1\" \/>\n\t<meta name=\"twitter:label2\" content=\"Estimated reading time\" \/>\n\t<meta name=\"twitter:data2\" content=\"2 minutes\" \/>\n<script type=\"application\/ld+json\" class=\"yoast-schema-graph\">{\"@context\":\"https:\\\/\\\/schema.org\",\"@graph\":[{\"@type\":\"Article\",\"@id\":\"https:\\\/\\\/archiv.siov.sk\\\/stredoskolaci-sa-zaujimaju-o-vyuzitie-alternativnych-zdrojov-energii-a-ochranu-zivotneho-prostredia\\\/#article\",\"isPartOf\":{\"@id\":\"https:\\\/\\\/archiv.siov.sk\\\/stredoskolaci-sa-zaujimaju-o-vyuzitie-alternativnych-zdrojov-energii-a-ochranu-zivotneho-prostredia\\\/\"},\"author\":{\"name\":\"Katar\u00edna Kov\u00e1\u010dov\u00e1\",\"@id\":\"https:\\\/\\\/archiv.siov.sk\\\/#\\\/schema\\\/person\\\/e42d633fbd958c6a726e8834d8965e6c\"},\"headline\":\"Stredo\u0161kol\u00e1ci sa zauj\u00edmaj\u00fa o vyu\u017eitie alternat\u00edvnych zdrojov energi\u00ed a ochranu \u017eivotn\u00e9ho prostredia\",\"datePublished\":\"2022-03-28T11:09:05+00:00\",\"mainEntityOfPage\":{\"@id\":\"https:\\\/\\\/archiv.siov.sk\\\/stredoskolaci-sa-zaujimaju-o-vyuzitie-alternativnych-zdrojov-energii-a-ochranu-zivotneho-prostredia\\\/\"},\"wordCount\":504,\"publisher\":{\"@id\":\"https:\\\/\\\/archiv.siov.sk\\\/#organization\"},\"image\":{\"@id\":\"https:\\\/\\\/archiv.siov.sk\\\/stredoskolaci-sa-zaujimaju-o-vyuzitie-alternativnych-zdrojov-energii-a-ochranu-zivotneho-prostredia\\\/#primaryimage\"},\"thumbnailUrl\":\"https:\\\/\\\/archiv.siov.sk\\\/wp-content\\\/uploads\\\/2021\\\/03\\\/enersol.jpg\",\"articleSection\":[\"Aktuality\"],\"inLanguage\":\"en-GB\"},{\"@type\":\"WebPage\",\"@id\":\"https:\\\/\\\/archiv.siov.sk\\\/stredoskolaci-sa-zaujimaju-o-vyuzitie-alternativnych-zdrojov-energii-a-ochranu-zivotneho-prostredia\\\/\",\"url\":\"https:\\\/\\\/archiv.siov.sk\\\/stredoskolaci-sa-zaujimaju-o-vyuzitie-alternativnych-zdrojov-energii-a-ochranu-zivotneho-prostredia\\\/\",\"name\":\"Stredo\u0161kol\u00e1ci sa zauj\u00edmaj\u00fa o vyu\u017eitie alternat\u00edvnych zdrojov energi\u00ed a ochranu \u017eivotn\u00e9ho prostredia - \u0160IOV - \u0161t\u00e1tny in\u0161tit\u00fat odborn\u00e9ho vzdel\u00e1vania\",\"isPartOf\":{\"@id\":\"https:\\\/\\\/archiv.siov.sk\\\/#website\"},\"primaryImageOfPage\":{\"@id\":\"https:\\\/\\\/archiv.siov.sk\\\/stredoskolaci-sa-zaujimaju-o-vyuzitie-alternativnych-zdrojov-energii-a-ochranu-zivotneho-prostredia\\\/#primaryimage\"},\"image\":{\"@id\":\"https:\\\/\\\/archiv.siov.sk\\\/stredoskolaci-sa-zaujimaju-o-vyuzitie-alternativnych-zdrojov-energii-a-ochranu-zivotneho-prostredia\\\/#primaryimage\"},\"thumbnailUrl\":\"https:\\\/\\\/archiv.siov.sk\\\/wp-content\\\/uploads\\\/2021\\\/03\\\/enersol.jpg\",\"datePublished\":\"2022-03-28T11:09:05+00:00\",\"breadcrumb\":{\"@id\":\"https:\\\/\\\/archiv.siov.sk\\\/stredoskolaci-sa-zaujimaju-o-vyuzitie-alternativnych-zdrojov-energii-a-ochranu-zivotneho-prostredia\\\/#breadcrumb\"},\"inLanguage\":\"en-GB\",\"potentialAction\":[{\"@type\":\"ReadAction\",\"target\":[\"https:\\\/\\\/archiv.siov.sk\\\/stredoskolaci-sa-zaujimaju-o-vyuzitie-alternativnych-zdrojov-energii-a-ochranu-zivotneho-prostredia\\\/\"]}]},{\"@type\":\"ImageObject\",\"inLanguage\":\"en-GB\",\"@id\":\"https:\\\/\\\/archiv.siov.sk\\\/stredoskolaci-sa-zaujimaju-o-vyuzitie-alternativnych-zdrojov-energii-a-ochranu-zivotneho-prostredia\\\/#primaryimage\",\"url\":\"https:\\\/\\\/archiv.siov.sk\\\/wp-content\\\/uploads\\\/2021\\\/03\\\/enersol.jpg\",\"contentUrl\":\"https:\\\/\\\/archiv.siov.sk\\\/wp-content\\\/uploads\\\/2021\\\/03\\\/enersol.jpg\",\"width\":490,\"height\":168},{\"@type\":\"BreadcrumbList\",\"@id\":\"https:\\\/\\\/archiv.siov.sk\\\/stredoskolaci-sa-zaujimaju-o-vyuzitie-alternativnych-zdrojov-energii-a-ochranu-zivotneho-prostredia\\\/#breadcrumb\",\"itemListElement\":[{\"@type\":\"ListItem\",\"position\":1,\"name\":\"Home\",\"item\":\"https:\\\/\\\/archiv.siov.sk\\\/\"},{\"@type\":\"ListItem\",\"position\":2,\"name\":\"Stredo\u0161kol\u00e1ci sa zauj\u00edmaj\u00fa o vyu\u017eitie alternat\u00edvnych zdrojov energi\u00ed a ochranu \u017eivotn\u00e9ho prostredia\"}]},{\"@type\":\"WebSite\",\"@id\":\"https:\\\/\\\/archiv.siov.sk\\\/#website\",\"url\":\"https:\\\/\\\/archiv.siov.sk\\\/\",\"name\":\"\u0160IOV - \u0161t\u00e1tny in\u0161tit\u00fat odborn\u00e9ho vzdel\u00e1vania\",\"description\":\"\",\"publisher\":{\"@id\":\"https:\\\/\\\/archiv.siov.sk\\\/#organization\"},\"potentialAction\":[{\"@type\":\"SearchAction\",\"target\":{\"@type\":\"EntryPoint\",\"urlTemplate\":\"https:\\\/\\\/archiv.siov.sk\\\/?s={search_term_string}\"},\"query-input\":{\"@type\":\"PropertyValueSpecification\",\"valueRequired\":true,\"valueName\":\"search_term_string\"}}],\"inLanguage\":\"en-GB\"},{\"@type\":\"Organization\",\"@id\":\"https:\\\/\\\/archiv.siov.sk\\\/#organization\",\"name\":\"\u0160IOV - \u0161t\u00e1tny in\u0161tit\u00fat odborn\u00e9ho vzdel\u00e1vania\",\"url\":\"https:\\\/\\\/archiv.siov.sk\\\/\",\"logo\":{\"@type\":\"ImageObject\",\"inLanguage\":\"en-GB\",\"@id\":\"https:\\\/\\\/archiv.siov.sk\\\/#\\\/schema\\\/logo\\\/image\\\/\",\"url\":\"https:\\\/\\\/archiv.siov.sk\\\/wp-content\\\/uploads\\\/2024\\\/02\\\/logo-SIOV.png\",\"contentUrl\":\"https:\\\/\\\/archiv.siov.sk\\\/wp-content\\\/uploads\\\/2024\\\/02\\\/logo-SIOV.png\",\"width\":431,\"height\":143,\"caption\":\"\u0160IOV - \u0161t\u00e1tny in\u0161tit\u00fat odborn\u00e9ho vzdel\u00e1vania\"},\"image\":{\"@id\":\"https:\\\/\\\/archiv.siov.sk\\\/#\\\/schema\\\/logo\\\/image\\\/\"},\"sameAs\":[\"https:\\\/\\\/www.facebook.com\\\/Statnyinstitutodbornehovzdelavania\"]},{\"@type\":\"Person\",\"@id\":\"https:\\\/\\\/archiv.siov.sk\\\/#\\\/schema\\\/person\\\/e42d633fbd958c6a726e8834d8965e6c\",\"name\":\"Katar\u00edna Kov\u00e1\u010dov\u00e1\",\"url\":\"https:\\\/\\\/archiv.siov.sk\\\/en\\\/author\\\/katkakovacova\\\/\"}]}<\/script>\n<!-- \/ Yoast SEO plugin. -->","yoast_head_json":{"title":"Stredo\u0161kol\u00e1ci sa zauj\u00edmaj\u00fa o vyu\u017eitie alternat\u00edvnych zdrojov energi\u00ed a ochranu \u017eivotn\u00e9ho prostredia - \u0160IOV - \u0161t\u00e1tny in\u0161tit\u00fat odborn\u00e9ho vzdel\u00e1vania","robots":{"index":"index","follow":"follow","max-snippet":"max-snippet:-1","max-image-preview":"max-image-preview:large","max-video-preview":"max-video-preview:-1"},"canonical":"https:\/\/archiv.siov.sk\/en\/stredoskolaci-sa-zaujimaju-o-vyuzitie-alternativnych-zdrojov-energii-a-ochranu-zivotneho-prostredia\/","og_locale":"en_GB","og_type":"article","og_title":"Stredo\u0161kol\u00e1ci sa zauj\u00edmaj\u00fa o vyu\u017eitie alternat\u00edvnych zdrojov energi\u00ed a ochranu \u017eivotn\u00e9ho prostredia - \u0160IOV - \u0161t\u00e1tny in\u0161tit\u00fat odborn\u00e9ho vzdel\u00e1vania","og_description":"Dvan\u00e1stym ro\u010dn\u00edkom priv\u00edta 6.- 8. apr\u00edla Stredn\u00e1 odborn\u00e1 \u0161kola &nbsp;podnikania v&nbsp;remesl\u00e1ch a&nbsp;slu\u017eb\u00e1ch,&nbsp; V. P. T\u00f3tha v&nbsp;Senici \u00fa\u010dastn\u00edkov celo\u0161t\u00e1tnej s\u00fa\u0165a\u017ee zameranej na podporu stredo\u0161kolsk\u00fdch talentov v&nbsp;oblasti vyu\u017e\u00edvania alternat\u00edvnych, obnovite\u013en\u00fdch zdrojov energie, ako aj energetick\u00e9 \u00faspory a&nbsp;zni\u017eovanie emisi\u00ed v&nbsp;doprave. Tento rok sa stretn\u00fa \u017eiaci po\u010das troch dn\u00ed po dvoch rokoch&nbsp; di\u0161tan\u010dnej formy op\u00e4\u0165 prezen\u010dne. Prv\u00fd s\u00fa\u0165a\u017en\u00fd de\u0148 [&hellip;]","og_url":"https:\/\/archiv.siov.sk\/en\/stredoskolaci-sa-zaujimaju-o-vyuzitie-alternativnych-zdrojov-energii-a-ochranu-zivotneho-prostredia\/","og_site_name":"\u0160IOV - \u0161t\u00e1tny in\u0161tit\u00fat odborn\u00e9ho vzdel\u00e1vania","article_publisher":"https:\/\/www.facebook.com\/Statnyinstitutodbornehovzdelavania","article_published_time":"2022-03-28T11:09:05+00:00","og_image":[{"width":490,"height":168,"url":"https:\/\/archiv.siov.sk\/wp-content\/uploads\/2021\/03\/enersol.jpg","type":"image\/jpeg"}],"author":"Katar\u00edna Kov\u00e1\u010dov\u00e1","twitter_card":"summary_large_image","twitter_misc":{"Written by":"Katar\u00edna Kov\u00e1\u010dov\u00e1","Estimated reading time":"2 minutes"},"schema":{"@context":"https:\/\/schema.org","@graph":[{"@type":"Article","@id":"https:\/\/archiv.siov.sk\/stredoskolaci-sa-zaujimaju-o-vyuzitie-alternativnych-zdrojov-energii-a-ochranu-zivotneho-prostredia\/#article","isPartOf":{"@id":"https:\/\/archiv.siov.sk\/stredoskolaci-sa-zaujimaju-o-vyuzitie-alternativnych-zdrojov-energii-a-ochranu-zivotneho-prostredia\/"},"author":{"name":"Katar\u00edna Kov\u00e1\u010dov\u00e1","@id":"https:\/\/archiv.siov.sk\/#\/schema\/person\/e42d633fbd958c6a726e8834d8965e6c"},"headline":"Stredo\u0161kol\u00e1ci sa zauj\u00edmaj\u00fa o vyu\u017eitie alternat\u00edvnych zdrojov energi\u00ed a ochranu \u017eivotn\u00e9ho prostredia","datePublished":"2022-03-28T11:09:05+00:00","mainEntityOfPage":{"@id":"https:\/\/archiv.siov.sk\/stredoskolaci-sa-zaujimaju-o-vyuzitie-alternativnych-zdrojov-energii-a-ochranu-zivotneho-prostredia\/"},"wordCount":504,"publisher":{"@id":"https:\/\/archiv.siov.sk\/#organization"},"image":{"@id":"https:\/\/archiv.siov.sk\/stredoskolaci-sa-zaujimaju-o-vyuzitie-alternativnych-zdrojov-energii-a-ochranu-zivotneho-prostredia\/#primaryimage"},"thumbnailUrl":"https:\/\/archiv.siov.sk\/wp-content\/uploads\/2021\/03\/enersol.jpg","articleSection":["Aktuality"],"inLanguage":"en-GB"},{"@type":"WebPage","@id":"https:\/\/archiv.siov.sk\/stredoskolaci-sa-zaujimaju-o-vyuzitie-alternativnych-zdrojov-energii-a-ochranu-zivotneho-prostredia\/","url":"https:\/\/archiv.siov.sk\/stredoskolaci-sa-zaujimaju-o-vyuzitie-alternativnych-zdrojov-energii-a-ochranu-zivotneho-prostredia\/","name":"Stredo\u0161kol\u00e1ci sa zauj\u00edmaj\u00fa o vyu\u017eitie alternat\u00edvnych zdrojov energi\u00ed a ochranu \u017eivotn\u00e9ho prostredia - \u0160IOV - \u0161t\u00e1tny in\u0161tit\u00fat odborn\u00e9ho vzdel\u00e1vania","isPartOf":{"@id":"https:\/\/archiv.siov.sk\/#website"},"primaryImageOfPage":{"@id":"https:\/\/archiv.siov.sk\/stredoskolaci-sa-zaujimaju-o-vyuzitie-alternativnych-zdrojov-energii-a-ochranu-zivotneho-prostredia\/#primaryimage"},"image":{"@id":"https:\/\/archiv.siov.sk\/stredoskolaci-sa-zaujimaju-o-vyuzitie-alternativnych-zdrojov-energii-a-ochranu-zivotneho-prostredia\/#primaryimage"},"thumbnailUrl":"https:\/\/archiv.siov.sk\/wp-content\/uploads\/2021\/03\/enersol.jpg","datePublished":"2022-03-28T11:09:05+00:00","breadcrumb":{"@id":"https:\/\/archiv.siov.sk\/stredoskolaci-sa-zaujimaju-o-vyuzitie-alternativnych-zdrojov-energii-a-ochranu-zivotneho-prostredia\/#breadcrumb"},"inLanguage":"en-GB","potentialAction":[{"@type":"ReadAction","target":["https:\/\/archiv.siov.sk\/stredoskolaci-sa-zaujimaju-o-vyuzitie-alternativnych-zdrojov-energii-a-ochranu-zivotneho-prostredia\/"]}]},{"@type":"ImageObject","inLanguage":"en-GB","@id":"https:\/\/archiv.siov.sk\/stredoskolaci-sa-zaujimaju-o-vyuzitie-alternativnych-zdrojov-energii-a-ochranu-zivotneho-prostredia\/#primaryimage","url":"https:\/\/archiv.siov.sk\/wp-content\/uploads\/2021\/03\/enersol.jpg","contentUrl":"https:\/\/archiv.siov.sk\/wp-content\/uploads\/2021\/03\/enersol.jpg","width":490,"height":168},{"@type":"BreadcrumbList","@id":"https:\/\/archiv.siov.sk\/stredoskolaci-sa-zaujimaju-o-vyuzitie-alternativnych-zdrojov-energii-a-ochranu-zivotneho-prostredia\/#breadcrumb","itemListElement":[{"@type":"ListItem","position":1,"name":"Home","item":"https:\/\/archiv.siov.sk\/"},{"@type":"ListItem","position":2,"name":"Stredo\u0161kol\u00e1ci sa zauj\u00edmaj\u00fa o vyu\u017eitie alternat\u00edvnych zdrojov energi\u00ed a ochranu \u017eivotn\u00e9ho prostredia"}]},{"@type":"WebSite","@id":"https:\/\/archiv.siov.sk\/#website","url":"https:\/\/archiv.siov.sk\/","name":"\u0160IOV - \u0161t\u00e1tny in\u0161tit\u00fat odborn\u00e9ho vzdel\u00e1vania","description":"","publisher":{"@id":"https:\/\/archiv.siov.sk\/#organization"},"potentialAction":[{"@type":"SearchAction","target":{"@type":"EntryPoint","urlTemplate":"https:\/\/archiv.siov.sk\/?s={search_term_string}"},"query-input":{"@type":"PropertyValueSpecification","valueRequired":true,"valueName":"search_term_string"}}],"inLanguage":"en-GB"},{"@type":"Organization","@id":"https:\/\/archiv.siov.sk\/#organization","name":"\u0160IOV - \u0161t\u00e1tny in\u0161tit\u00fat odborn\u00e9ho vzdel\u00e1vania","url":"https:\/\/archiv.siov.sk\/","logo":{"@type":"ImageObject","inLanguage":"en-GB","@id":"https:\/\/archiv.siov.sk\/#\/schema\/logo\/image\/","url":"https:\/\/archiv.siov.sk\/wp-content\/uploads\/2024\/02\/logo-SIOV.png","contentUrl":"https:\/\/archiv.siov.sk\/wp-content\/uploads\/2024\/02\/logo-SIOV.png","width":431,"height":143,"caption":"\u0160IOV - \u0161t\u00e1tny in\u0161tit\u00fat odborn\u00e9ho vzdel\u00e1vania"},"image":{"@id":"https:\/\/archiv.siov.sk\/#\/schema\/logo\/image\/"},"sameAs":["https:\/\/www.facebook.com\/Statnyinstitutodbornehovzdelavania"]},{"@type":"Person","@id":"https:\/\/archiv.siov.sk\/#\/schema\/person\/e42d633fbd958c6a726e8834d8965e6c","name":"Katar\u00edna Kov\u00e1\u010dov\u00e1","url":"https:\/\/archiv.siov.sk\/en\/author\/katkakovacova\/"}]}},"_links":{"self":[{"href":"https:\/\/archiv.siov.sk\/en\/wp-json\/wp\/v2\/posts\/11009","targetHints":{"allow":["GET"]}}],"collection":[{"href":"https:\/\/archiv.siov.sk\/en\/wp-json\/wp\/v2\/posts"}],"about":[{"href":"https:\/\/archiv.siov.sk\/en\/wp-json\/wp\/v2\/types\/post"}],"author":[{"embeddable":true,"href":"https:\/\/archiv.siov.sk\/en\/wp-json\/wp\/v2\/users\/6"}],"replies":[{"embeddable":true,"href":"https:\/\/archiv.siov.sk\/en\/wp-json\/wp\/v2\/comments?post=11009"}],"version-history":[{"count":2,"href":"https:\/\/archiv.siov.sk\/en\/wp-json\/wp\/v2\/posts\/11009\/revisions"}],"predecessor-version":[{"id":11011,"href":"https:\/\/archiv.siov.sk\/en\/wp-json\/wp\/v2\/posts\/11009\/revisions\/11011"}],"wp:featuredmedia":[{"embeddable":true,"href":"https:\/\/archiv.siov.sk\/en\/wp-json\/wp\/v2\/media\/7472"}],"wp:attachment":[{"href":"https:\/\/archiv.siov.sk\/en\/wp-json\/wp\/v2\/media?parent=11009"}],"wp:term":[{"taxonomy":"category","embeddable":true,"href":"https:\/\/archiv.siov.sk\/en\/wp-json\/wp\/v2\/categories?post=11009"},{"taxonomy":"post_tag","embeddable":true,"href":"https:\/\/archiv.siov.sk\/en\/wp-json\/wp\/v2\/tags?post=11009"}],"curies":[{"name":"wp","href":"https:\/\/api.w.org\/{rel}","templated":true}]}}