{"id":10882,"date":"2022-03-08T10:30:59","date_gmt":"2022-03-08T09:30:59","guid":{"rendered":"https:\/\/archiv.siov.sk\/?p=10882"},"modified":"2025-07-03T14:40:56","modified_gmt":"2025-07-03T12:40:56","slug":"mesiac-kvality-a-narodna-ceny-kvality-v-ovp-2022","status":"publish","type":"post","link":"https:\/\/archiv.siov.sk\/en\/mesiac-kvality-a-narodna-ceny-kvality-v-ovp-2022\/","title":{"rendered":"Mesiac kvality a N\u00e1rodn\u00e1 ceny kvality v OVP 2022"},"content":{"rendered":"<p style=\"text-align: justify;\"><strong>Apr\u00edl 2022 bude Mesiacom kvality odborn\u00e9ho vzdel\u00e1vania a\u00a0pr\u00edpravy<\/strong>. Po prv\u00fdkr\u00e1t ho vyhlasuje \u0160t\u00e1tny in\u0161tit\u00fat odborn\u00e9ho vzdel\u00e1vania (\u0160IOV) v spolupr\u00e1ci s Ministerstvom \u0161kolstva, vedy, v\u00fdskumu a \u0161portu SR (M\u0160VVa\u0160 SR) a Radou zamestn\u00e1vate\u013eov pre OVP. Z\u00e1\u0161titu nad Mesiacom kvality OVP prevzalo Ministerstvo \u0161kolstva, vedy, v\u00fdskumu a \u0161portu SR. Mesiacom kvality chceme podpori\u0165 povedomie o v\u00fdzname budovania a zabezpe\u010dovania kvality a prezentova\u0165 dobr\u00fa prax v tejto oblasti na Slovensku.<\/p>\n<p style=\"text-align: justify;\">Kvalitn\u00e9 vzdel\u00e1vanie je k\u013e\u00fa\u010dov\u00fdm n\u00e1strojom na zabezpe\u010denie spolo\u010densk\u00e9ho rozvoja, hospod\u00e1rskeho rastu a stability. Zvy\u0161ovanie kvality odborn\u00e9ho vzdel\u00e1vania a pr\u00edpravy (OVP) predstavuje nielen verejn\u00fd z\u00e1ujem, ale aj strategick\u00fd cie\u013e. V makroekonomickom meradle by malo po\u013eavenie v po\u017eiadavk\u00e1ch na kvalitu z\u00e1sadn\u00fd vplyv na cel\u00fa spolo\u010dnos\u0165.<\/p>\n<p style=\"text-align: justify;\">Svoj\u00edm vstupom po\u010das vyhl\u00e1senia N\u00e1rodnej ceny kvality v\u00a0OVP priamo podporil t\u00fato iniciat\u00edvu Karol Jakub\u00edk, riadite\u013e odboru SO\u0160 na M\u0160VVa\u0160 SR : \u201eV\u00fdzvou pre n\u00e1s do bl\u00edzkej bud\u00facnosti je nov\u00fd model experiment\u00e1lneho overovania odborn\u00e9ho vzdel\u00e1vania, zav\u00e1dzanie nov\u00fdch in\u0161tit\u00fatov Centier excelentnosti OVP, \u010fal\u0161\u00ed profesijn\u00fd rozvoj pedag\u00f3gov odborn\u00fdch predmetov a\u00a0majstrov odbornej v\u00fdchovy a samozrejme podpora postupnej optimaliz\u00e1cie s\u00fastavy odborov vzdel\u00e1vania a\u00a0siete S\u0160.\u201c<\/p>\n<p style=\"text-align: justify;\"><strong>\u00a0<\/strong>S\u00fa\u010das\u0165ou Mesiaca kvality bude\u00a0<strong>odovzdanie<\/strong><strong>\u00a0N\u00e1rodnej ceny kvality v\u00a0OVP<\/strong>, prostredn\u00edctvom ktorej chceme posilni\u0165 motiv\u00e1ciu pedagogick\u00fdch a nepedagogick\u00fdch pracovn\u00edkov v OVP, zvidite\u013eni\u0165 ich \u00fasilie, aktivity, v\u00fdsledky a zv\u00fd\u0161i\u0165 prest\u00ed\u017e OVP na Slovensku. Cie\u013eom ocenenia je identifikova\u0165 a vyzdvihn\u00fa\u0165 poskytovate\u013eov pre zabezpe\u010dovanie kvality na vysokej \u00farovni v odbornom vzdel\u00e1van\u00ed a pr\u00edprave (OVP) v r\u00e1mci Slovenska. Viac inform\u00e1ci\u00ed n\u00e1jdete: <a href=\"https:\/\/okvalite.sk\/cena-kvality-v-ovp\/\">N\u00e1rodn\u00e1 cena kvality v OVP \u2013 Kvalita v odbornom vzdel\u00e1van\u00ed (okvalite.sk)<\/a><\/p>\n<p><strong>\u010eal\u0161ie aktivity Mesiaca kvality 2022<\/strong><\/p>\n<p>\u00b7\u00a0\u00a0\u00a0\u00a0\u00a0\u00a0\u00a0\u00a0 <a href=\"https:\/\/okvalite.sk\/podujatia\/\">Diskusn\u00e9 f\u00f3rum \u201eQuo vadis priemyslovka 2022<\/a>\u201c<\/p>\n<p>\u00b7\u00a0\u00a0\u00a0\u00a0\u00a0\u00a0\u00a0\u00a0 <a href=\"https:\/\/okvalite.sk\/podujatia\/\">\u0160kolenie pedagogick\u00fdch zamestnancov v\u00a0Banskobystrickom regi\u00f3ne<\/a><\/p>\n<p>\u00b7\u00a0\u00a0\u00a0\u00a0\u00a0\u00a0\u00a0\u00a0 <a href=\"https:\/\/okvalite.sk\/podujatia\/\">\u00daloha region\u00e1lnych ak\u010dn\u00fdch pl\u00e1nov v rozvoji kvality vzdel\u00e1vania<\/a><\/p>\n<p>\u00b7\u00a0\u00a0\u00a0\u00a0\u00a0\u00a0\u00a0\u00a0 <a href=\"https:\/\/okvalite.sk\/podujatia\/\">Konferencia Kvalita a digit\u00e1lne vzdel\u00e1vanie v OVP<\/a><\/p>\n<p style=\"text-align: justify;\">Realiz\u00e1ciu iniciat\u00edvy podporuje aj Branislav Had\u00e1r, riadite\u013e \u0160IOV: \u201eKvalita v OVP je d\u00f4le\u017eit\u00e1 z h\u013eadiska bud\u00facnosti pre n\u00e1s v\u0161etk\u00fdch, nielen v r\u00e1mci SR, ale v celej Eur\u00f3pe. \u0160IOV v spolupr\u00e1ci s M\u0160VVa\u0160 SR a Radou zamestn\u00e1vate\u013eov pripravuje v tomto smere systematick\u00e9 zmeny. Pr\u00edkladov pre zabezpe\u010dovanie kvality je dostatok a je na n\u00e1s, ako tieto poznatky vyu\u017eijeme. Mesiac kvality a N\u00e1rodn\u00e1 cena kvality v OVP a projekty, ktor\u00e9 pripravujeme, bud\u00fa smerova\u0165 k posilneniu systematickosti a povedomia o kvalite. Ver\u00edm, \u017ee n\u00e1s to posunie dopredu.\u201c<\/p>\n<p style=\"text-align: justify;\">D\u00f4le\u017eit\u00fdm partnerom je aj Rada zamestn\u00e1vate\u013eov pre OVP, ktor\u00fa zastupuje Andrej Hutta: \u201eRada zamestn\u00e1vate\u013eov pre OVP v\u00a0spolupr\u00e1ci s\u00a0M\u0160VVa\u0160 SR a\u00a0\u0160IOV urob\u00ed v\u0161etko preto, aby pomohla rozvoju syst\u00e9mu du\u00e1lneho vzdel\u00e1vania, centier nadpodnikov\u00e9ho vzdel\u00e1vania a\u00a0k\u00a0naviazaniu odborn\u00e9ho vzdel\u00e1vania smerom k\u00a0zamestn\u00e1vate\u013eom. Je to na\u0161a nutnos\u0165, lebo inak nebudeme schopn\u00ed zabezpe\u010dova\u0165 dostato\u010dn\u00fd pr\u00edliv dom\u00e1cej pracovnej sily v\u00a0po\u017eadovanej \u0161trukt\u00fare a\u00a0kvalite, pod\u013ea potrieb trhu pr\u00e1ce.\u201c<\/p>\n<p>Ver\u00edme, \u017ee Mesiac kvality OVP bude pr\u00edle\u017eitos\u0165ou na to, aby sa v\u00a0spolo\u010dnosti o\u00a0kvalite vzdel\u00e1vania hovorilo viac, aby sme sk\u00famali mo\u017enosti, ktor\u00e9 m\u00e1me k\u00a0dispoz\u00edcii a\u00a0upozor\u0148ovali na pr\u00edklady dobrej praxe.<\/p>\n<p>&nbsp;<\/p>\n<p><strong>Kontakt na Slovensku:<\/strong><\/p>\n<p>State Vocational Education Institute<\/p>\n<p>Lifelong Learning Unit<\/p>\n<p>Stromov\u00e1 9, 811 03 Bratislava<\/p>\n<p>+421\u00a0903\u00a0469 778 469 778<\/p>\n<p><a href=\"mailto:eqavet@siov.sk\">eqavet@siov.sk<\/a><\/p>\n<p><a href=\"https:\/\/okvalite.sk\/\">https:\/\/okvalite.sk\/<\/a><\/p>\n<p><a href=\"http:\/\/www.siov.sk\">www.siov.sk<\/a><\/p>\n<figure id=\"attachment_19606\" aria-describedby=\"caption-attachment-19606\" style=\"width: 450px\" class=\"wp-caption aligncenter\"><img fetchpriority=\"high\" decoding=\"async\" class=\"wp-image-19606\" src=\"https:\/\/archiv.siov.sk\/wp-content\/uploads\/2025\/06\/spolufinancovane-EU-300x86.png\" alt=\"spolufinancovany EU logo\" width=\"450\" height=\"128\" srcset=\"https:\/\/archiv.siov.sk\/wp-content\/uploads\/2025\/06\/spolufinancovane-EU-300x86.png 300w, https:\/\/archiv.siov.sk\/wp-content\/uploads\/2025\/06\/spolufinancovane-EU-18x5.png 18w, https:\/\/archiv.siov.sk\/wp-content\/uploads\/2025\/06\/spolufinancovane-EU.png 600w\" sizes=\"(max-width: 450px) 100vw, 450px\" \/><figcaption id=\"caption-attachment-19606\" class=\"wp-caption-text\">Financovan\u00e9 Eur\u00f3pskou \u00faniou. Vyjadren\u00e9 n\u00e1zory a postoje s\u00fa n\u00e1zormi a vyhl\u00e1seniami autora a nemusia nevyhnutne odr\u00e1\u017ea\u0165 n\u00e1zory a stanovisk\u00e1 Eur\u00f3pskej \u00fanie alebo Eur\u00f3pskej v\u00fdkonnej agent\u00fary pre vzdel\u00e1vanie a kult\u00faru (EACEA). Eur\u00f3pska \u00fania ani EACEA za ne nepreberaj\u00fa \u017eiadnu zodpovednos\u0165.<\/figcaption><\/figure>","protected":false},"excerpt":{"rendered":"<p>Apr\u00edl 2022 bude Mesiacom kvality odborn\u00e9ho vzdel\u00e1vania a\u00a0pr\u00edpravy. Po prv\u00fdkr\u00e1t ho vyhlasuje \u0160t\u00e1tny in\u0161tit\u00fat odborn\u00e9ho vzdel\u00e1vania (\u0160IOV) v spolupr\u00e1ci s Ministerstvom \u0161kolstva, vedy, v\u00fdskumu a \u0161portu SR (M\u0160VVa\u0160 SR) a Radou zamestn\u00e1vate\u013eov pre OVP. Z\u00e1\u0161titu nad Mesiacom kvality OVP prevzalo Ministerstvo \u0161kolstva, vedy, v\u00fdskumu a \u0161portu SR. Mesiacom kvality chceme podpori\u0165 povedomie o v\u00fdzname budovania [&hellip;]<\/p>\n","protected":false},"author":6,"featured_media":10884,"comment_status":"closed","ping_status":"closed","sticky":false,"template":"","format":"standard","meta":{"site-sidebar-layout":"default","site-content-layout":"default","ast-site-content-layout":"default","site-content-style":"default","site-sidebar-style":"default","ast-global-header-display":"","ast-banner-title-visibility":"","ast-main-header-display":"","ast-hfb-above-header-display":"","ast-hfb-below-header-display":"","ast-hfb-mobile-header-display":"","site-post-title":"","ast-breadcrumbs-content":"","ast-featured-img":"","footer-sml-layout":"","ast-disable-related-posts":"","theme-transparent-header-meta":"default","adv-header-id-meta":"","stick-header-meta":"default","header-above-stick-meta":"","header-main-stick-meta":"","header-below-stick-meta":"","astra-migrate-meta-layouts":"set","ast-page-background-enabled":"default","ast-page-background-meta":{"desktop":{"background-color":"var(--ast-global-color-4)","background-image":"","background-repeat":"repeat","background-position":"center center","background-size":"auto","background-attachment":"scroll","background-type":"","background-media":"","overlay-type":"","overlay-color":"","overlay-opacity":"","overlay-gradient":""},"tablet":{"background-color":"","background-image":"","background-repeat":"repeat","background-position":"center center","background-size":"auto","background-attachment":"scroll","background-type":"","background-media":"","overlay-type":"","overlay-color":"","overlay-opacity":"","overlay-gradient":""},"mobile":{"background-color":"","background-image":"","background-repeat":"repeat","background-position":"center center","background-size":"auto","background-attachment":"scroll","background-type":"","background-media":"","overlay-type":"","overlay-color":"","overlay-opacity":"","overlay-gradient":""}},"ast-content-background-meta":{"desktop":{"background-color":"var(--ast-global-color-5)","background-image":"","background-repeat":"repeat","background-position":"center center","background-size":"auto","background-attachment":"scroll","background-type":"","background-media":"","overlay-type":"","overlay-color":"","overlay-opacity":"","overlay-gradient":""},"tablet":{"background-color":"var(--ast-global-color-5)","background-image":"","background-repeat":"repeat","background-position":"center center","background-size":"auto","background-attachment":"scroll","background-type":"","background-media":"","overlay-type":"","overlay-color":"","overlay-opacity":"","overlay-gradient":""},"mobile":{"background-color":"var(--ast-global-color-5)","background-image":"","background-repeat":"repeat","background-position":"center center","background-size":"auto","background-attachment":"scroll","background-type":"","background-media":"","overlay-type":"","overlay-color":"","overlay-opacity":"","overlay-gradient":""}},"footnotes":""},"categories":[1],"tags":[],"class_list":["post-10882","post","type-post","status-publish","format-standard","has-post-thumbnail","hentry","category-aktuality"],"yoast_head":"<!-- This site is optimized with the Yoast SEO plugin v27.5 - https:\/\/yoast.com\/product\/yoast-seo-wordpress\/ -->\n<title>Mesiac kvality a N\u00e1rodn\u00e1 ceny kvality v OVP 2022 - \u0160IOV - \u0161t\u00e1tny in\u0161tit\u00fat odborn\u00e9ho vzdel\u00e1vania<\/title>\n<meta name=\"robots\" content=\"index, follow, max-snippet:-1, max-image-preview:large, max-video-preview:-1\" \/>\n<link rel=\"canonical\" href=\"https:\/\/archiv.siov.sk\/en\/mesiac-kvality-a-narodna-ceny-kvality-v-ovp-2022\/\" \/>\n<meta property=\"og:locale\" content=\"en_GB\" \/>\n<meta property=\"og:type\" content=\"article\" \/>\n<meta property=\"og:title\" content=\"Mesiac kvality a N\u00e1rodn\u00e1 ceny kvality v OVP 2022 - \u0160IOV - \u0161t\u00e1tny in\u0161tit\u00fat odborn\u00e9ho vzdel\u00e1vania\" \/>\n<meta property=\"og:description\" content=\"Apr\u00edl 2022 bude Mesiacom kvality odborn\u00e9ho vzdel\u00e1vania a\u00a0pr\u00edpravy. Po prv\u00fdkr\u00e1t ho vyhlasuje \u0160t\u00e1tny in\u0161tit\u00fat odborn\u00e9ho vzdel\u00e1vania (\u0160IOV) v spolupr\u00e1ci s Ministerstvom \u0161kolstva, vedy, v\u00fdskumu a \u0161portu SR (M\u0160VVa\u0160 SR) a Radou zamestn\u00e1vate\u013eov pre OVP. Z\u00e1\u0161titu nad Mesiacom kvality OVP prevzalo Ministerstvo \u0161kolstva, vedy, v\u00fdskumu a \u0161portu SR. Mesiacom kvality chceme podpori\u0165 povedomie o v\u00fdzname budovania [&hellip;]\" \/>\n<meta property=\"og:url\" content=\"https:\/\/archiv.siov.sk\/en\/mesiac-kvality-a-narodna-ceny-kvality-v-ovp-2022\/\" \/>\n<meta property=\"og:site_name\" content=\"\u0160IOV - \u0161t\u00e1tny in\u0161tit\u00fat odborn\u00e9ho vzdel\u00e1vania\" \/>\n<meta property=\"article:publisher\" content=\"https:\/\/www.facebook.com\/Statnyinstitutodbornehovzdelavania\" \/>\n<meta property=\"article:published_time\" content=\"2022-03-08T09:30:59+00:00\" \/>\n<meta property=\"article:modified_time\" content=\"2025-07-03T12:40:56+00:00\" \/>\n<meta property=\"og:image\" content=\"https:\/\/archiv.siov.sk\/wp-content\/uploads\/2022\/03\/CENA-KVALITA-2-2.jpg\" \/>\n\t<meta property=\"og:image:width\" content=\"1654\" \/>\n\t<meta property=\"og:image:height\" content=\"513\" \/>\n\t<meta property=\"og:image:type\" content=\"image\/jpeg\" \/>\n<meta name=\"author\" content=\"Katar\u00edna Kov\u00e1\u010dov\u00e1\" \/>\n<meta name=\"twitter:card\" content=\"summary_large_image\" \/>\n<meta name=\"twitter:label1\" content=\"Written by\" \/>\n\t<meta name=\"twitter:data1\" content=\"Katar\u00edna Kov\u00e1\u010dov\u00e1\" \/>\n\t<meta name=\"twitter:label2\" content=\"Estimated reading time\" \/>\n\t<meta name=\"twitter:data2\" content=\"4 minutes\" \/>\n<script type=\"application\/ld+json\" class=\"yoast-schema-graph\">{\"@context\":\"https:\\\/\\\/schema.org\",\"@graph\":[{\"@type\":\"Article\",\"@id\":\"https:\\\/\\\/archiv.siov.sk\\\/mesiac-kvality-a-narodna-ceny-kvality-v-ovp-2022\\\/#article\",\"isPartOf\":{\"@id\":\"https:\\\/\\\/archiv.siov.sk\\\/mesiac-kvality-a-narodna-ceny-kvality-v-ovp-2022\\\/\"},\"author\":{\"name\":\"Katar\u00edna Kov\u00e1\u010dov\u00e1\",\"@id\":\"https:\\\/\\\/archiv.siov.sk\\\/#\\\/schema\\\/person\\\/e42d633fbd958c6a726e8834d8965e6c\"},\"headline\":\"Mesiac kvality a N\u00e1rodn\u00e1 ceny kvality v OVP 2022\",\"datePublished\":\"2022-03-08T09:30:59+00:00\",\"dateModified\":\"2025-07-03T12:40:56+00:00\",\"mainEntityOfPage\":{\"@id\":\"https:\\\/\\\/archiv.siov.sk\\\/mesiac-kvality-a-narodna-ceny-kvality-v-ovp-2022\\\/\"},\"wordCount\":706,\"publisher\":{\"@id\":\"https:\\\/\\\/archiv.siov.sk\\\/#organization\"},\"image\":{\"@id\":\"https:\\\/\\\/archiv.siov.sk\\\/mesiac-kvality-a-narodna-ceny-kvality-v-ovp-2022\\\/#primaryimage\"},\"thumbnailUrl\":\"https:\\\/\\\/archiv.siov.sk\\\/wp-content\\\/uploads\\\/2022\\\/03\\\/CENA-KVALITA-2-2.jpg\",\"articleSection\":[\"Aktuality\"],\"inLanguage\":\"en-GB\"},{\"@type\":\"WebPage\",\"@id\":\"https:\\\/\\\/archiv.siov.sk\\\/mesiac-kvality-a-narodna-ceny-kvality-v-ovp-2022\\\/\",\"url\":\"https:\\\/\\\/archiv.siov.sk\\\/mesiac-kvality-a-narodna-ceny-kvality-v-ovp-2022\\\/\",\"name\":\"Mesiac kvality a N\u00e1rodn\u00e1 ceny kvality v OVP 2022 - \u0160IOV - \u0161t\u00e1tny in\u0161tit\u00fat odborn\u00e9ho vzdel\u00e1vania\",\"isPartOf\":{\"@id\":\"https:\\\/\\\/archiv.siov.sk\\\/#website\"},\"primaryImageOfPage\":{\"@id\":\"https:\\\/\\\/archiv.siov.sk\\\/mesiac-kvality-a-narodna-ceny-kvality-v-ovp-2022\\\/#primaryimage\"},\"image\":{\"@id\":\"https:\\\/\\\/archiv.siov.sk\\\/mesiac-kvality-a-narodna-ceny-kvality-v-ovp-2022\\\/#primaryimage\"},\"thumbnailUrl\":\"https:\\\/\\\/archiv.siov.sk\\\/wp-content\\\/uploads\\\/2022\\\/03\\\/CENA-KVALITA-2-2.jpg\",\"datePublished\":\"2022-03-08T09:30:59+00:00\",\"dateModified\":\"2025-07-03T12:40:56+00:00\",\"breadcrumb\":{\"@id\":\"https:\\\/\\\/archiv.siov.sk\\\/mesiac-kvality-a-narodna-ceny-kvality-v-ovp-2022\\\/#breadcrumb\"},\"inLanguage\":\"en-GB\",\"potentialAction\":[{\"@type\":\"ReadAction\",\"target\":[\"https:\\\/\\\/archiv.siov.sk\\\/mesiac-kvality-a-narodna-ceny-kvality-v-ovp-2022\\\/\"]}]},{\"@type\":\"ImageObject\",\"inLanguage\":\"en-GB\",\"@id\":\"https:\\\/\\\/archiv.siov.sk\\\/mesiac-kvality-a-narodna-ceny-kvality-v-ovp-2022\\\/#primaryimage\",\"url\":\"https:\\\/\\\/archiv.siov.sk\\\/wp-content\\\/uploads\\\/2022\\\/03\\\/CENA-KVALITA-2-2.jpg\",\"contentUrl\":\"https:\\\/\\\/archiv.siov.sk\\\/wp-content\\\/uploads\\\/2022\\\/03\\\/CENA-KVALITA-2-2.jpg\",\"width\":1654,\"height\":513},{\"@type\":\"BreadcrumbList\",\"@id\":\"https:\\\/\\\/archiv.siov.sk\\\/mesiac-kvality-a-narodna-ceny-kvality-v-ovp-2022\\\/#breadcrumb\",\"itemListElement\":[{\"@type\":\"ListItem\",\"position\":1,\"name\":\"Home\",\"item\":\"https:\\\/\\\/archiv.siov.sk\\\/\"},{\"@type\":\"ListItem\",\"position\":2,\"name\":\"Mesiac kvality a N\u00e1rodn\u00e1 ceny kvality v OVP 2022\"}]},{\"@type\":\"WebSite\",\"@id\":\"https:\\\/\\\/archiv.siov.sk\\\/#website\",\"url\":\"https:\\\/\\\/archiv.siov.sk\\\/\",\"name\":\"\u0160IOV - \u0161t\u00e1tny in\u0161tit\u00fat odborn\u00e9ho vzdel\u00e1vania\",\"description\":\"\",\"publisher\":{\"@id\":\"https:\\\/\\\/archiv.siov.sk\\\/#organization\"},\"potentialAction\":[{\"@type\":\"SearchAction\",\"target\":{\"@type\":\"EntryPoint\",\"urlTemplate\":\"https:\\\/\\\/archiv.siov.sk\\\/?s={search_term_string}\"},\"query-input\":{\"@type\":\"PropertyValueSpecification\",\"valueRequired\":true,\"valueName\":\"search_term_string\"}}],\"inLanguage\":\"en-GB\"},{\"@type\":\"Organization\",\"@id\":\"https:\\\/\\\/archiv.siov.sk\\\/#organization\",\"name\":\"\u0160IOV - \u0161t\u00e1tny in\u0161tit\u00fat odborn\u00e9ho vzdel\u00e1vania\",\"url\":\"https:\\\/\\\/archiv.siov.sk\\\/\",\"logo\":{\"@type\":\"ImageObject\",\"inLanguage\":\"en-GB\",\"@id\":\"https:\\\/\\\/archiv.siov.sk\\\/#\\\/schema\\\/logo\\\/image\\\/\",\"url\":\"https:\\\/\\\/archiv.siov.sk\\\/wp-content\\\/uploads\\\/2024\\\/02\\\/logo-SIOV.png\",\"contentUrl\":\"https:\\\/\\\/archiv.siov.sk\\\/wp-content\\\/uploads\\\/2024\\\/02\\\/logo-SIOV.png\",\"width\":431,\"height\":143,\"caption\":\"\u0160IOV - \u0161t\u00e1tny in\u0161tit\u00fat odborn\u00e9ho vzdel\u00e1vania\"},\"image\":{\"@id\":\"https:\\\/\\\/archiv.siov.sk\\\/#\\\/schema\\\/logo\\\/image\\\/\"},\"sameAs\":[\"https:\\\/\\\/www.facebook.com\\\/Statnyinstitutodbornehovzdelavania\"]},{\"@type\":\"Person\",\"@id\":\"https:\\\/\\\/archiv.siov.sk\\\/#\\\/schema\\\/person\\\/e42d633fbd958c6a726e8834d8965e6c\",\"name\":\"Katar\u00edna Kov\u00e1\u010dov\u00e1\",\"url\":\"https:\\\/\\\/archiv.siov.sk\\\/en\\\/author\\\/katkakovacova\\\/\"}]}<\/script>\n<!-- \/ Yoast SEO plugin. -->","yoast_head_json":{"title":"Mesiac kvality a N\u00e1rodn\u00e1 ceny kvality v OVP 2022 - \u0160IOV - \u0161t\u00e1tny in\u0161tit\u00fat odborn\u00e9ho vzdel\u00e1vania","robots":{"index":"index","follow":"follow","max-snippet":"max-snippet:-1","max-image-preview":"max-image-preview:large","max-video-preview":"max-video-preview:-1"},"canonical":"https:\/\/archiv.siov.sk\/en\/mesiac-kvality-a-narodna-ceny-kvality-v-ovp-2022\/","og_locale":"en_GB","og_type":"article","og_title":"Mesiac kvality a N\u00e1rodn\u00e1 ceny kvality v OVP 2022 - \u0160IOV - \u0161t\u00e1tny in\u0161tit\u00fat odborn\u00e9ho vzdel\u00e1vania","og_description":"Apr\u00edl 2022 bude Mesiacom kvality odborn\u00e9ho vzdel\u00e1vania a\u00a0pr\u00edpravy. Po prv\u00fdkr\u00e1t ho vyhlasuje \u0160t\u00e1tny in\u0161tit\u00fat odborn\u00e9ho vzdel\u00e1vania (\u0160IOV) v spolupr\u00e1ci s Ministerstvom \u0161kolstva, vedy, v\u00fdskumu a \u0161portu SR (M\u0160VVa\u0160 SR) a Radou zamestn\u00e1vate\u013eov pre OVP. Z\u00e1\u0161titu nad Mesiacom kvality OVP prevzalo Ministerstvo \u0161kolstva, vedy, v\u00fdskumu a \u0161portu SR. Mesiacom kvality chceme podpori\u0165 povedomie o v\u00fdzname budovania [&hellip;]","og_url":"https:\/\/archiv.siov.sk\/en\/mesiac-kvality-a-narodna-ceny-kvality-v-ovp-2022\/","og_site_name":"\u0160IOV - \u0161t\u00e1tny in\u0161tit\u00fat odborn\u00e9ho vzdel\u00e1vania","article_publisher":"https:\/\/www.facebook.com\/Statnyinstitutodbornehovzdelavania","article_published_time":"2022-03-08T09:30:59+00:00","article_modified_time":"2025-07-03T12:40:56+00:00","og_image":[{"width":1654,"height":513,"url":"https:\/\/archiv.siov.sk\/wp-content\/uploads\/2022\/03\/CENA-KVALITA-2-2.jpg","type":"image\/jpeg"}],"author":"Katar\u00edna Kov\u00e1\u010dov\u00e1","twitter_card":"summary_large_image","twitter_misc":{"Written by":"Katar\u00edna Kov\u00e1\u010dov\u00e1","Estimated reading time":"4 minutes"},"schema":{"@context":"https:\/\/schema.org","@graph":[{"@type":"Article","@id":"https:\/\/archiv.siov.sk\/mesiac-kvality-a-narodna-ceny-kvality-v-ovp-2022\/#article","isPartOf":{"@id":"https:\/\/archiv.siov.sk\/mesiac-kvality-a-narodna-ceny-kvality-v-ovp-2022\/"},"author":{"name":"Katar\u00edna Kov\u00e1\u010dov\u00e1","@id":"https:\/\/archiv.siov.sk\/#\/schema\/person\/e42d633fbd958c6a726e8834d8965e6c"},"headline":"Mesiac kvality a N\u00e1rodn\u00e1 ceny kvality v OVP 2022","datePublished":"2022-03-08T09:30:59+00:00","dateModified":"2025-07-03T12:40:56+00:00","mainEntityOfPage":{"@id":"https:\/\/archiv.siov.sk\/mesiac-kvality-a-narodna-ceny-kvality-v-ovp-2022\/"},"wordCount":706,"publisher":{"@id":"https:\/\/archiv.siov.sk\/#organization"},"image":{"@id":"https:\/\/archiv.siov.sk\/mesiac-kvality-a-narodna-ceny-kvality-v-ovp-2022\/#primaryimage"},"thumbnailUrl":"https:\/\/archiv.siov.sk\/wp-content\/uploads\/2022\/03\/CENA-KVALITA-2-2.jpg","articleSection":["Aktuality"],"inLanguage":"en-GB"},{"@type":"WebPage","@id":"https:\/\/archiv.siov.sk\/mesiac-kvality-a-narodna-ceny-kvality-v-ovp-2022\/","url":"https:\/\/archiv.siov.sk\/mesiac-kvality-a-narodna-ceny-kvality-v-ovp-2022\/","name":"Mesiac kvality a N\u00e1rodn\u00e1 ceny kvality v OVP 2022 - \u0160IOV - \u0161t\u00e1tny in\u0161tit\u00fat odborn\u00e9ho vzdel\u00e1vania","isPartOf":{"@id":"https:\/\/archiv.siov.sk\/#website"},"primaryImageOfPage":{"@id":"https:\/\/archiv.siov.sk\/mesiac-kvality-a-narodna-ceny-kvality-v-ovp-2022\/#primaryimage"},"image":{"@id":"https:\/\/archiv.siov.sk\/mesiac-kvality-a-narodna-ceny-kvality-v-ovp-2022\/#primaryimage"},"thumbnailUrl":"https:\/\/archiv.siov.sk\/wp-content\/uploads\/2022\/03\/CENA-KVALITA-2-2.jpg","datePublished":"2022-03-08T09:30:59+00:00","dateModified":"2025-07-03T12:40:56+00:00","breadcrumb":{"@id":"https:\/\/archiv.siov.sk\/mesiac-kvality-a-narodna-ceny-kvality-v-ovp-2022\/#breadcrumb"},"inLanguage":"en-GB","potentialAction":[{"@type":"ReadAction","target":["https:\/\/archiv.siov.sk\/mesiac-kvality-a-narodna-ceny-kvality-v-ovp-2022\/"]}]},{"@type":"ImageObject","inLanguage":"en-GB","@id":"https:\/\/archiv.siov.sk\/mesiac-kvality-a-narodna-ceny-kvality-v-ovp-2022\/#primaryimage","url":"https:\/\/archiv.siov.sk\/wp-content\/uploads\/2022\/03\/CENA-KVALITA-2-2.jpg","contentUrl":"https:\/\/archiv.siov.sk\/wp-content\/uploads\/2022\/03\/CENA-KVALITA-2-2.jpg","width":1654,"height":513},{"@type":"BreadcrumbList","@id":"https:\/\/archiv.siov.sk\/mesiac-kvality-a-narodna-ceny-kvality-v-ovp-2022\/#breadcrumb","itemListElement":[{"@type":"ListItem","position":1,"name":"Home","item":"https:\/\/archiv.siov.sk\/"},{"@type":"ListItem","position":2,"name":"Mesiac kvality a N\u00e1rodn\u00e1 ceny kvality v OVP 2022"}]},{"@type":"WebSite","@id":"https:\/\/archiv.siov.sk\/#website","url":"https:\/\/archiv.siov.sk\/","name":"\u0160IOV - \u0161t\u00e1tny in\u0161tit\u00fat odborn\u00e9ho vzdel\u00e1vania","description":"","publisher":{"@id":"https:\/\/archiv.siov.sk\/#organization"},"potentialAction":[{"@type":"SearchAction","target":{"@type":"EntryPoint","urlTemplate":"https:\/\/archiv.siov.sk\/?s={search_term_string}"},"query-input":{"@type":"PropertyValueSpecification","valueRequired":true,"valueName":"search_term_string"}}],"inLanguage":"en-GB"},{"@type":"Organization","@id":"https:\/\/archiv.siov.sk\/#organization","name":"\u0160IOV - \u0161t\u00e1tny in\u0161tit\u00fat odborn\u00e9ho vzdel\u00e1vania","url":"https:\/\/archiv.siov.sk\/","logo":{"@type":"ImageObject","inLanguage":"en-GB","@id":"https:\/\/archiv.siov.sk\/#\/schema\/logo\/image\/","url":"https:\/\/archiv.siov.sk\/wp-content\/uploads\/2024\/02\/logo-SIOV.png","contentUrl":"https:\/\/archiv.siov.sk\/wp-content\/uploads\/2024\/02\/logo-SIOV.png","width":431,"height":143,"caption":"\u0160IOV - \u0161t\u00e1tny in\u0161tit\u00fat odborn\u00e9ho vzdel\u00e1vania"},"image":{"@id":"https:\/\/archiv.siov.sk\/#\/schema\/logo\/image\/"},"sameAs":["https:\/\/www.facebook.com\/Statnyinstitutodbornehovzdelavania"]},{"@type":"Person","@id":"https:\/\/archiv.siov.sk\/#\/schema\/person\/e42d633fbd958c6a726e8834d8965e6c","name":"Katar\u00edna Kov\u00e1\u010dov\u00e1","url":"https:\/\/archiv.siov.sk\/en\/author\/katkakovacova\/"}]}},"_links":{"self":[{"href":"https:\/\/archiv.siov.sk\/en\/wp-json\/wp\/v2\/posts\/10882","targetHints":{"allow":["GET"]}}],"collection":[{"href":"https:\/\/archiv.siov.sk\/en\/wp-json\/wp\/v2\/posts"}],"about":[{"href":"https:\/\/archiv.siov.sk\/en\/wp-json\/wp\/v2\/types\/post"}],"author":[{"embeddable":true,"href":"https:\/\/archiv.siov.sk\/en\/wp-json\/wp\/v2\/users\/6"}],"replies":[{"embeddable":true,"href":"https:\/\/archiv.siov.sk\/en\/wp-json\/wp\/v2\/comments?post=10882"}],"version-history":[{"count":3,"href":"https:\/\/archiv.siov.sk\/en\/wp-json\/wp\/v2\/posts\/10882\/revisions"}],"predecessor-version":[{"id":19789,"href":"https:\/\/archiv.siov.sk\/en\/wp-json\/wp\/v2\/posts\/10882\/revisions\/19789"}],"wp:featuredmedia":[{"embeddable":true,"href":"https:\/\/archiv.siov.sk\/en\/wp-json\/wp\/v2\/media\/10884"}],"wp:attachment":[{"href":"https:\/\/archiv.siov.sk\/en\/wp-json\/wp\/v2\/media?parent=10882"}],"wp:term":[{"taxonomy":"category","embeddable":true,"href":"https:\/\/archiv.siov.sk\/en\/wp-json\/wp\/v2\/categories?post=10882"},{"taxonomy":"post_tag","embeddable":true,"href":"https:\/\/archiv.siov.sk\/en\/wp-json\/wp\/v2\/tags?post=10882"}],"curies":[{"name":"wp","href":"https:\/\/api.w.org\/{rel}","templated":true}]}}