{"id":10803,"date":"2022-02-22T11:29:49","date_gmt":"2022-02-22T10:29:49","guid":{"rendered":"https:\/\/archiv.siov.sk\/?p=10803"},"modified":"2022-02-23T10:16:32","modified_gmt":"2022-02-23T09:16:32","slug":"14-rocnik-sutaze-rodinny-dom-velux","status":"publish","type":"post","link":"https:\/\/archiv.siov.sk\/en\/14-rocnik-sutaze-rodinny-dom-velux\/","title":{"rendered":"14. ro\u010dn\u00edk s\u00fa\u0165a\u017ee Rodinn\u00fd dom VELUX aj tento rok online"},"content":{"rendered":"<p style=\"text-align: justify;\">\u0160trn\u00e1sty ro\u010dn\u00edk \u0161tudentskej s\u00fa\u0165a\u017ee Rodinn\u00fd dom VELUX zost\u00e1va kv\u00f4li okolnostiam v online priestore. Na atraktivite s\u00fa\u0165a\u017ee pre \u0161tudentov stredn\u00fdch odborn\u00fdch \u0161k\u00f4l so zameran\u00edm na stavebn\u00edctvo to v\u0161ak neuberie, pr\u00e1ve naopak.<\/p>\n<p>Stredo\u0161kolsk\u00e1 s\u00fa\u0165a\u017e Rodinn\u00fd dom, ktor\u00fa organizuje spolo\u010dnos\u0165 VELUX SLOVENSKO spol. s r. o., pod z\u00e1\u0161titou \u0160t\u00e1tneho in\u0161tit\u00fatu odborn\u00e9ho vzdel\u00e1vania, aj tento rok od\u0161tartovala vzdel\u00e1vac\u00edmi webin\u00e1rmi, ktor\u00e9 boli minul\u00fd rok medzi \u0161tudentmi mimoriadne ob\u013e\u00faben\u00e9. Okrem predn\u00e1\u0161ok \u017eiaci op\u00e4\u0165 s\u00fa\u0165a\u017eia o ceny v kv\u00edze a v r\u00fdchlosti sa nau\u010dia pou\u017e\u00edva\u0165 aj n\u00e1stroje, ktor\u00e9 n\u00e1sledne pom\u00f4\u017eu pri tvorbe projektov.&nbsp;<\/p>\n<p><strong>Priebeh s\u00fa\u0165a\u017ee v&nbsp;tradi\u010dnom porad\u00ed<\/strong><\/p>\n<p style=\"text-align: justify;\">\u0160tudenti stredn\u00fdch odborn\u00fdch \u0161k\u00f4l so zameran\u00edm na stavite\u013estvo n\u00e1sledne za\u010dn\u00fa pracova\u0165 na svojich projektoch. Tak ako po minul\u00e9 roky je \u00falohou \u0161tudentov navrhn\u00fa\u0165 rodinn\u00fd dom, kde denn\u00e9 svetlo a \u010derstv\u00fd vzduch prich\u00e1dzaj\u00fa do objektu cez strechu prostredn\u00edctvom v\u00fdrobkov VELUX. Navrhnut\u00fd dom mus\u00ed s\u00fa\u010dasne sp\u013a\u0148a\u0165 po\u017eiadavku na energeticky hospod\u00e1rne rie\u0161enie budovy, ako aj na zabezpe\u010denie zdrav\u00e9ho vn\u00fatorn\u00e9ho prostredia pre pr\u00edjemn\u00e9 b\u00fdvanie.<\/p>\n<p style=\"text-align: justify;\">Pracova\u0165 na projektoch a&nbsp;konzultova\u0165 so svojimi pedag\u00f3gmi \u0161tudenti m\u00f4\u017eu a\u017e <strong>do 2. m\u00e1ja<\/strong>, kedy je term\u00edn na odovzdanie s\u00fa\u0165a\u017en\u00fdch n\u00e1vrhov. Podmienkou \u00fa\u010dasti je registr\u00e1cia na linku: <a href=\"https:\/\/competition.velux.com\/14-rodinny-dom\/enroll\">https:\/\/competition.velux.com\/14-rodinny-dom\/enroll<\/a>, ktor\u00e1 je mo\u017en\u00e1 rovnako a\u017e do <strong>2. m\u00e1ja 2022, <\/strong>no \u0161tudentom neodpor\u00fa\u010dame si registr\u00e1ciu a&nbsp;odovzdanie projektu nech\u00e1va\u0165 na posledn\u00fa chv\u00ed\u013eu. Registr\u00e1ciou do s\u00fa\u0165a\u017ee z\u00edskaj\u00fa \u0161tudenti aj video n\u00e1vod k&nbsp;programu Daylight Visualiser a&nbsp;tak s&nbsp;\u0148ou ur\u010dite netreba v\u00e1ha\u0165.<\/p>\n<p>O najlep\u0161\u00edch pr\u00e1cach&nbsp; bude n\u00e1sledne rozhodova\u0165 odborn\u00e1 porota, ktor\u00e1 svoj v\u00fdber, spolu so sp\u00e4tnou v\u00e4zbou na jednotliv\u00e9 projekty, predstav\u00ed po\u010das sl\u00e1vnostn\u00e9ho vyhl\u00e1senia v\u00fdsledkov <strong>v&nbsp;priebehu j\u00fana 2022.<\/strong><\/p>\n<p style=\"text-align: justify;\">Do posledn\u00e9ho ro\u010dn\u00edka s\u00fa\u0165a\u017ee Rodinn\u00fd dom VELUX <strong>v&nbsp;roku 2021 <\/strong>sa prihl\u00e1silo<strong> 119 \u0161tudentov<\/strong> zo stredn\u00fdch odborn\u00fdch \u0161k\u00f4l zameran\u00fdch na stavebn\u00edctvo z&nbsp;cel\u00e9ho Slovenska. Do celo\u0161t\u00e1tneho kola n\u00e1sledne post\u00fapilo 32 projektov z&nbsp;15 \u0161k\u00f4l.<\/p>\n<p style=\"text-align: justify;\">Okrem toho, \u017ee v\u0161etky stretnutia prebiehaj\u00fa online, \u010fal\u0161\u00ed priebeh s\u00fa\u0165a\u017ee sa nemen\u00ed. \u0160tudentsk\u00e1 s\u00fa\u0165a\u017e prebieha aj tento rok v&nbsp;dvoch kol\u00e1ch. V&nbsp;prvom kole vyber\u00fa pedag\u00f3govia stredn\u00fdch odborn\u00fdch \u0161k\u00f4l 3 pr\u00e1ce, ktor\u00e9 z\u00edskaj\u00fa nielen vecn\u00fa cenu v&nbsp;hodnote 40 \u20ac, ale aj postup do celo\u0161t\u00e1tneho kola. Stredn\u00e1 \u0161kola, ktor\u00e1 odovzd\u00e1 najv\u00e4\u010d\u0161\u00ed po\u010det projektov v \u0161kolskom kole, z\u00edska napokon <strong>sponzorsk\u00fd dar v hodnote&nbsp;300 \u20ac.<\/strong><\/p>\n<p>V&nbsp;celoslovenskom kole zasadne odborn\u00e1 porota, ktor\u00e1 vyhodnot\u00ed s\u00fa\u0165a\u017en\u00e9 pr\u00e1ce a&nbsp;rozhodne o&nbsp;prv\u00fdch troch miestach v&nbsp;s\u00fa\u0165a\u017ei. Okrem hlavnej ceny m\u00f4\u017ee porota udeli\u0165 aj zvl\u00e1\u0161tne ocenenie.<\/p>\n<p><strong>Ro\u010dn\u00edk 2022 \u2013 d\u00f4le\u017eit\u00e9 term\u00edny<\/strong><\/p>\n<table>\n<tbody>\n<tr>\n<td width=\"245\">Webin\u00e1re<\/td>\n<td width=\"180\">febru\u00e1r 2022<\/td>\n<\/tr>\n<tr>\n<td width=\"245\">Registr\u00e1cia \u00fa\u010dastn\u00edkov<\/td>\n<td width=\"180\">do 2. m\u00e1ja 2022<\/td>\n<\/tr>\n<tr>\n<td width=\"245\">Odovzdanie s\u00fa\u0165a\u017en\u00fdch n\u00e1vrhov<\/td>\n<td width=\"180\">do 2. m\u00e1ja 2022<\/td>\n<\/tr>\n<tr>\n<td width=\"245\">Sl\u00e1vnostn\u00e9 vyhl\u00e1senie v\u00fdsledkov<\/td>\n<td width=\"180\">j\u00fan 2022<\/td>\n<\/tr>\n<\/tbody>\n<\/table>\n<p>&nbsp;<\/p>\n<p>Viac inform\u00e1ci\u00ed o&nbsp;s\u00fa\u0165a\u017ei mo\u017eno n\u00e1js\u0165 na webovej str\u00e1nke spolo\u010dnosti VELUX a na Facebook str\u00e1nke <a href=\"http:\/\/www.facebook.com\/rodinnydomVELUX\">Rodinn\u00fd dom VELUX<\/a>.<\/p>\n<p>&nbsp;<\/p>","protected":false},"excerpt":{"rendered":"<p>\u0160trn\u00e1sty ro\u010dn\u00edk \u0161tudentskej s\u00fa\u0165a\u017ee Rodinn\u00fd dom VELUX zost\u00e1va kv\u00f4li okolnostiam v online priestore. Na atraktivite s\u00fa\u0165a\u017ee pre \u0161tudentov stredn\u00fdch odborn\u00fdch \u0161k\u00f4l so zameran\u00edm na stavebn\u00edctvo to v\u0161ak neuberie, pr\u00e1ve naopak. Stredo\u0161kolsk\u00e1 s\u00fa\u0165a\u017e Rodinn\u00fd dom, ktor\u00fa organizuje spolo\u010dnos\u0165 VELUX SLOVENSKO spol. s r. o., pod z\u00e1\u0161titou \u0160t\u00e1tneho in\u0161tit\u00fatu odborn\u00e9ho vzdel\u00e1vania, aj tento rok od\u0161tartovala vzdel\u00e1vac\u00edmi webin\u00e1rmi, [&hellip;]<\/p>\n","protected":false},"author":6,"featured_media":10805,"comment_status":"closed","ping_status":"closed","sticky":false,"template":"","format":"standard","meta":{"site-sidebar-layout":"default","site-content-layout":"default","ast-site-content-layout":"default","site-content-style":"default","site-sidebar-style":"default","ast-global-header-display":"","ast-banner-title-visibility":"","ast-main-header-display":"","ast-hfb-above-header-display":"","ast-hfb-below-header-display":"","ast-hfb-mobile-header-display":"","site-post-title":"","ast-breadcrumbs-content":"","ast-featured-img":"","footer-sml-layout":"","ast-disable-related-posts":"","theme-transparent-header-meta":"default","adv-header-id-meta":"","stick-header-meta":"","header-above-stick-meta":"","header-main-stick-meta":"","header-below-stick-meta":"","astra-migrate-meta-layouts":"default","ast-page-background-enabled":"default","ast-page-background-meta":{"desktop":{"background-color":"var(--ast-global-color-4)","background-image":"","background-repeat":"repeat","background-position":"center center","background-size":"auto","background-attachment":"scroll","background-type":"","background-media":"","overlay-type":"","overlay-color":"","overlay-opacity":"","overlay-gradient":""},"tablet":{"background-color":"","background-image":"","background-repeat":"repeat","background-position":"center center","background-size":"auto","background-attachment":"scroll","background-type":"","background-media":"","overlay-type":"","overlay-color":"","overlay-opacity":"","overlay-gradient":""},"mobile":{"background-color":"","background-image":"","background-repeat":"repeat","background-position":"center center","background-size":"auto","background-attachment":"scroll","background-type":"","background-media":"","overlay-type":"","overlay-color":"","overlay-opacity":"","overlay-gradient":""}},"ast-content-background-meta":{"desktop":{"background-color":"var(--ast-global-color-5)","background-image":"","background-repeat":"repeat","background-position":"center center","background-size":"auto","background-attachment":"scroll","background-type":"","background-media":"","overlay-type":"","overlay-color":"","overlay-opacity":"","overlay-gradient":""},"tablet":{"background-color":"var(--ast-global-color-5)","background-image":"","background-repeat":"repeat","background-position":"center center","background-size":"auto","background-attachment":"scroll","background-type":"","background-media":"","overlay-type":"","overlay-color":"","overlay-opacity":"","overlay-gradient":""},"mobile":{"background-color":"var(--ast-global-color-5)","background-image":"","background-repeat":"repeat","background-position":"center center","background-size":"auto","background-attachment":"scroll","background-type":"","background-media":"","overlay-type":"","overlay-color":"","overlay-opacity":"","overlay-gradient":""}},"footnotes":""},"categories":[1],"tags":[],"class_list":["post-10803","post","type-post","status-publish","format-standard","has-post-thumbnail","hentry","category-aktuality"],"yoast_head":"<!-- This site is optimized with the Yoast SEO plugin v27.5 - https:\/\/yoast.com\/product\/yoast-seo-wordpress\/ -->\n<title>14. ro\u010dn\u00edk s\u00fa\u0165a\u017ee Rodinn\u00fd dom VELUX aj tento rok online - \u0160IOV - \u0161t\u00e1tny in\u0161tit\u00fat odborn\u00e9ho vzdel\u00e1vania<\/title>\n<meta name=\"robots\" content=\"index, follow, max-snippet:-1, max-image-preview:large, max-video-preview:-1\" \/>\n<link rel=\"canonical\" href=\"https:\/\/archiv.siov.sk\/en\/14-rocnik-sutaze-rodinny-dom-velux\/\" \/>\n<meta property=\"og:locale\" content=\"en_GB\" \/>\n<meta property=\"og:type\" content=\"article\" \/>\n<meta property=\"og:title\" content=\"14. ro\u010dn\u00edk s\u00fa\u0165a\u017ee Rodinn\u00fd dom VELUX aj tento rok online - \u0160IOV - \u0161t\u00e1tny in\u0161tit\u00fat odborn\u00e9ho vzdel\u00e1vania\" \/>\n<meta property=\"og:description\" content=\"\u0160trn\u00e1sty ro\u010dn\u00edk \u0161tudentskej s\u00fa\u0165a\u017ee Rodinn\u00fd dom VELUX zost\u00e1va kv\u00f4li okolnostiam v online priestore. Na atraktivite s\u00fa\u0165a\u017ee pre \u0161tudentov stredn\u00fdch odborn\u00fdch \u0161k\u00f4l so zameran\u00edm na stavebn\u00edctvo to v\u0161ak neuberie, pr\u00e1ve naopak. Stredo\u0161kolsk\u00e1 s\u00fa\u0165a\u017e Rodinn\u00fd dom, ktor\u00fa organizuje spolo\u010dnos\u0165 VELUX SLOVENSKO spol. s r. o., pod z\u00e1\u0161titou \u0160t\u00e1tneho in\u0161tit\u00fatu odborn\u00e9ho vzdel\u00e1vania, aj tento rok od\u0161tartovala vzdel\u00e1vac\u00edmi webin\u00e1rmi, [&hellip;]\" \/>\n<meta property=\"og:url\" content=\"https:\/\/archiv.siov.sk\/en\/14-rocnik-sutaze-rodinny-dom-velux\/\" \/>\n<meta property=\"og:site_name\" content=\"\u0160IOV - \u0161t\u00e1tny in\u0161tit\u00fat odborn\u00e9ho vzdel\u00e1vania\" \/>\n<meta property=\"article:publisher\" content=\"https:\/\/www.facebook.com\/Statnyinstitutodbornehovzdelavania\" \/>\n<meta property=\"article:published_time\" content=\"2022-02-22T10:29:49+00:00\" \/>\n<meta property=\"article:modified_time\" content=\"2022-02-23T09:16:32+00:00\" \/>\n<meta property=\"og:image\" content=\"https:\/\/archiv.siov.sk\/wp-content\/uploads\/2022\/02\/RDSK-14-plakat-A3-tisk.jpg\" \/>\n\t<meta property=\"og:image:width\" content=\"1777\" \/>\n\t<meta property=\"og:image:height\" content=\"2475\" \/>\n\t<meta property=\"og:image:type\" content=\"image\/jpeg\" \/>\n<meta name=\"author\" content=\"Katar\u00edna Kov\u00e1\u010dov\u00e1\" \/>\n<meta name=\"twitter:card\" content=\"summary_large_image\" \/>\n<meta name=\"twitter:label1\" content=\"Written by\" \/>\n\t<meta name=\"twitter:data1\" content=\"Katar\u00edna Kov\u00e1\u010dov\u00e1\" \/>\n\t<meta name=\"twitter:label2\" content=\"Estimated reading time\" \/>\n\t<meta name=\"twitter:data2\" content=\"3 minutes\" \/>\n<script type=\"application\/ld+json\" class=\"yoast-schema-graph\">{\"@context\":\"https:\\\/\\\/schema.org\",\"@graph\":[{\"@type\":\"Article\",\"@id\":\"https:\\\/\\\/archiv.siov.sk\\\/14-rocnik-sutaze-rodinny-dom-velux\\\/#article\",\"isPartOf\":{\"@id\":\"https:\\\/\\\/archiv.siov.sk\\\/14-rocnik-sutaze-rodinny-dom-velux\\\/\"},\"author\":{\"name\":\"Katar\u00edna Kov\u00e1\u010dov\u00e1\",\"@id\":\"https:\\\/\\\/archiv.siov.sk\\\/#\\\/schema\\\/person\\\/e42d633fbd958c6a726e8834d8965e6c\"},\"headline\":\"14. ro\u010dn\u00edk s\u00fa\u0165a\u017ee Rodinn\u00fd dom VELUX aj tento rok online\",\"datePublished\":\"2022-02-22T10:29:49+00:00\",\"dateModified\":\"2022-02-23T09:16:32+00:00\",\"mainEntityOfPage\":{\"@id\":\"https:\\\/\\\/archiv.siov.sk\\\/14-rocnik-sutaze-rodinny-dom-velux\\\/\"},\"wordCount\":600,\"publisher\":{\"@id\":\"https:\\\/\\\/archiv.siov.sk\\\/#organization\"},\"image\":{\"@id\":\"https:\\\/\\\/archiv.siov.sk\\\/14-rocnik-sutaze-rodinny-dom-velux\\\/#primaryimage\"},\"thumbnailUrl\":\"https:\\\/\\\/archiv.siov.sk\\\/wp-content\\\/uploads\\\/2022\\\/02\\\/RDSK-14-plakat-A3-tisk.jpg\",\"articleSection\":[\"Aktuality\"],\"inLanguage\":\"en-GB\"},{\"@type\":\"WebPage\",\"@id\":\"https:\\\/\\\/archiv.siov.sk\\\/14-rocnik-sutaze-rodinny-dom-velux\\\/\",\"url\":\"https:\\\/\\\/archiv.siov.sk\\\/14-rocnik-sutaze-rodinny-dom-velux\\\/\",\"name\":\"14. ro\u010dn\u00edk s\u00fa\u0165a\u017ee Rodinn\u00fd dom VELUX aj tento rok online - \u0160IOV - \u0161t\u00e1tny in\u0161tit\u00fat odborn\u00e9ho vzdel\u00e1vania\",\"isPartOf\":{\"@id\":\"https:\\\/\\\/archiv.siov.sk\\\/#website\"},\"primaryImageOfPage\":{\"@id\":\"https:\\\/\\\/archiv.siov.sk\\\/14-rocnik-sutaze-rodinny-dom-velux\\\/#primaryimage\"},\"image\":{\"@id\":\"https:\\\/\\\/archiv.siov.sk\\\/14-rocnik-sutaze-rodinny-dom-velux\\\/#primaryimage\"},\"thumbnailUrl\":\"https:\\\/\\\/archiv.siov.sk\\\/wp-content\\\/uploads\\\/2022\\\/02\\\/RDSK-14-plakat-A3-tisk.jpg\",\"datePublished\":\"2022-02-22T10:29:49+00:00\",\"dateModified\":\"2022-02-23T09:16:32+00:00\",\"breadcrumb\":{\"@id\":\"https:\\\/\\\/archiv.siov.sk\\\/14-rocnik-sutaze-rodinny-dom-velux\\\/#breadcrumb\"},\"inLanguage\":\"en-GB\",\"potentialAction\":[{\"@type\":\"ReadAction\",\"target\":[\"https:\\\/\\\/archiv.siov.sk\\\/14-rocnik-sutaze-rodinny-dom-velux\\\/\"]}]},{\"@type\":\"ImageObject\",\"inLanguage\":\"en-GB\",\"@id\":\"https:\\\/\\\/archiv.siov.sk\\\/14-rocnik-sutaze-rodinny-dom-velux\\\/#primaryimage\",\"url\":\"https:\\\/\\\/archiv.siov.sk\\\/wp-content\\\/uploads\\\/2022\\\/02\\\/RDSK-14-plakat-A3-tisk.jpg\",\"contentUrl\":\"https:\\\/\\\/archiv.siov.sk\\\/wp-content\\\/uploads\\\/2022\\\/02\\\/RDSK-14-plakat-A3-tisk.jpg\",\"width\":1777,\"height\":2475},{\"@type\":\"BreadcrumbList\",\"@id\":\"https:\\\/\\\/archiv.siov.sk\\\/14-rocnik-sutaze-rodinny-dom-velux\\\/#breadcrumb\",\"itemListElement\":[{\"@type\":\"ListItem\",\"position\":1,\"name\":\"Home\",\"item\":\"https:\\\/\\\/archiv.siov.sk\\\/\"},{\"@type\":\"ListItem\",\"position\":2,\"name\":\"14. ro\u010dn\u00edk s\u00fa\u0165a\u017ee Rodinn\u00fd dom VELUX aj tento rok online\"}]},{\"@type\":\"WebSite\",\"@id\":\"https:\\\/\\\/archiv.siov.sk\\\/#website\",\"url\":\"https:\\\/\\\/archiv.siov.sk\\\/\",\"name\":\"\u0160IOV - \u0161t\u00e1tny in\u0161tit\u00fat odborn\u00e9ho vzdel\u00e1vania\",\"description\":\"\",\"publisher\":{\"@id\":\"https:\\\/\\\/archiv.siov.sk\\\/#organization\"},\"potentialAction\":[{\"@type\":\"SearchAction\",\"target\":{\"@type\":\"EntryPoint\",\"urlTemplate\":\"https:\\\/\\\/archiv.siov.sk\\\/?s={search_term_string}\"},\"query-input\":{\"@type\":\"PropertyValueSpecification\",\"valueRequired\":true,\"valueName\":\"search_term_string\"}}],\"inLanguage\":\"en-GB\"},{\"@type\":\"Organization\",\"@id\":\"https:\\\/\\\/archiv.siov.sk\\\/#organization\",\"name\":\"\u0160IOV - \u0161t\u00e1tny in\u0161tit\u00fat odborn\u00e9ho vzdel\u00e1vania\",\"url\":\"https:\\\/\\\/archiv.siov.sk\\\/\",\"logo\":{\"@type\":\"ImageObject\",\"inLanguage\":\"en-GB\",\"@id\":\"https:\\\/\\\/archiv.siov.sk\\\/#\\\/schema\\\/logo\\\/image\\\/\",\"url\":\"https:\\\/\\\/archiv.siov.sk\\\/wp-content\\\/uploads\\\/2024\\\/02\\\/logo-SIOV.png\",\"contentUrl\":\"https:\\\/\\\/archiv.siov.sk\\\/wp-content\\\/uploads\\\/2024\\\/02\\\/logo-SIOV.png\",\"width\":431,\"height\":143,\"caption\":\"\u0160IOV - \u0161t\u00e1tny in\u0161tit\u00fat odborn\u00e9ho vzdel\u00e1vania\"},\"image\":{\"@id\":\"https:\\\/\\\/archiv.siov.sk\\\/#\\\/schema\\\/logo\\\/image\\\/\"},\"sameAs\":[\"https:\\\/\\\/www.facebook.com\\\/Statnyinstitutodbornehovzdelavania\"]},{\"@type\":\"Person\",\"@id\":\"https:\\\/\\\/archiv.siov.sk\\\/#\\\/schema\\\/person\\\/e42d633fbd958c6a726e8834d8965e6c\",\"name\":\"Katar\u00edna Kov\u00e1\u010dov\u00e1\",\"url\":\"https:\\\/\\\/archiv.siov.sk\\\/en\\\/author\\\/katkakovacova\\\/\"}]}<\/script>\n<!-- \/ Yoast SEO plugin. -->","yoast_head_json":{"title":"14. ro\u010dn\u00edk s\u00fa\u0165a\u017ee Rodinn\u00fd dom VELUX aj tento rok online - \u0160IOV - \u0161t\u00e1tny in\u0161tit\u00fat odborn\u00e9ho vzdel\u00e1vania","robots":{"index":"index","follow":"follow","max-snippet":"max-snippet:-1","max-image-preview":"max-image-preview:large","max-video-preview":"max-video-preview:-1"},"canonical":"https:\/\/archiv.siov.sk\/en\/14-rocnik-sutaze-rodinny-dom-velux\/","og_locale":"en_GB","og_type":"article","og_title":"14. ro\u010dn\u00edk s\u00fa\u0165a\u017ee Rodinn\u00fd dom VELUX aj tento rok online - \u0160IOV - \u0161t\u00e1tny in\u0161tit\u00fat odborn\u00e9ho vzdel\u00e1vania","og_description":"\u0160trn\u00e1sty ro\u010dn\u00edk \u0161tudentskej s\u00fa\u0165a\u017ee Rodinn\u00fd dom VELUX zost\u00e1va kv\u00f4li okolnostiam v online priestore. Na atraktivite s\u00fa\u0165a\u017ee pre \u0161tudentov stredn\u00fdch odborn\u00fdch \u0161k\u00f4l so zameran\u00edm na stavebn\u00edctvo to v\u0161ak neuberie, pr\u00e1ve naopak. Stredo\u0161kolsk\u00e1 s\u00fa\u0165a\u017e Rodinn\u00fd dom, ktor\u00fa organizuje spolo\u010dnos\u0165 VELUX SLOVENSKO spol. s r. o., pod z\u00e1\u0161titou \u0160t\u00e1tneho in\u0161tit\u00fatu odborn\u00e9ho vzdel\u00e1vania, aj tento rok od\u0161tartovala vzdel\u00e1vac\u00edmi webin\u00e1rmi, [&hellip;]","og_url":"https:\/\/archiv.siov.sk\/en\/14-rocnik-sutaze-rodinny-dom-velux\/","og_site_name":"\u0160IOV - \u0161t\u00e1tny in\u0161tit\u00fat odborn\u00e9ho vzdel\u00e1vania","article_publisher":"https:\/\/www.facebook.com\/Statnyinstitutodbornehovzdelavania","article_published_time":"2022-02-22T10:29:49+00:00","article_modified_time":"2022-02-23T09:16:32+00:00","og_image":[{"width":1777,"height":2475,"url":"https:\/\/archiv.siov.sk\/wp-content\/uploads\/2022\/02\/RDSK-14-plakat-A3-tisk.jpg","type":"image\/jpeg"}],"author":"Katar\u00edna Kov\u00e1\u010dov\u00e1","twitter_card":"summary_large_image","twitter_misc":{"Written by":"Katar\u00edna Kov\u00e1\u010dov\u00e1","Estimated reading time":"3 minutes"},"schema":{"@context":"https:\/\/schema.org","@graph":[{"@type":"Article","@id":"https:\/\/archiv.siov.sk\/14-rocnik-sutaze-rodinny-dom-velux\/#article","isPartOf":{"@id":"https:\/\/archiv.siov.sk\/14-rocnik-sutaze-rodinny-dom-velux\/"},"author":{"name":"Katar\u00edna Kov\u00e1\u010dov\u00e1","@id":"https:\/\/archiv.siov.sk\/#\/schema\/person\/e42d633fbd958c6a726e8834d8965e6c"},"headline":"14. ro\u010dn\u00edk s\u00fa\u0165a\u017ee Rodinn\u00fd dom VELUX aj tento rok online","datePublished":"2022-02-22T10:29:49+00:00","dateModified":"2022-02-23T09:16:32+00:00","mainEntityOfPage":{"@id":"https:\/\/archiv.siov.sk\/14-rocnik-sutaze-rodinny-dom-velux\/"},"wordCount":600,"publisher":{"@id":"https:\/\/archiv.siov.sk\/#organization"},"image":{"@id":"https:\/\/archiv.siov.sk\/14-rocnik-sutaze-rodinny-dom-velux\/#primaryimage"},"thumbnailUrl":"https:\/\/archiv.siov.sk\/wp-content\/uploads\/2022\/02\/RDSK-14-plakat-A3-tisk.jpg","articleSection":["Aktuality"],"inLanguage":"en-GB"},{"@type":"WebPage","@id":"https:\/\/archiv.siov.sk\/14-rocnik-sutaze-rodinny-dom-velux\/","url":"https:\/\/archiv.siov.sk\/14-rocnik-sutaze-rodinny-dom-velux\/","name":"14. ro\u010dn\u00edk s\u00fa\u0165a\u017ee Rodinn\u00fd dom VELUX aj tento rok online - \u0160IOV - \u0161t\u00e1tny in\u0161tit\u00fat odborn\u00e9ho vzdel\u00e1vania","isPartOf":{"@id":"https:\/\/archiv.siov.sk\/#website"},"primaryImageOfPage":{"@id":"https:\/\/archiv.siov.sk\/14-rocnik-sutaze-rodinny-dom-velux\/#primaryimage"},"image":{"@id":"https:\/\/archiv.siov.sk\/14-rocnik-sutaze-rodinny-dom-velux\/#primaryimage"},"thumbnailUrl":"https:\/\/archiv.siov.sk\/wp-content\/uploads\/2022\/02\/RDSK-14-plakat-A3-tisk.jpg","datePublished":"2022-02-22T10:29:49+00:00","dateModified":"2022-02-23T09:16:32+00:00","breadcrumb":{"@id":"https:\/\/archiv.siov.sk\/14-rocnik-sutaze-rodinny-dom-velux\/#breadcrumb"},"inLanguage":"en-GB","potentialAction":[{"@type":"ReadAction","target":["https:\/\/archiv.siov.sk\/14-rocnik-sutaze-rodinny-dom-velux\/"]}]},{"@type":"ImageObject","inLanguage":"en-GB","@id":"https:\/\/archiv.siov.sk\/14-rocnik-sutaze-rodinny-dom-velux\/#primaryimage","url":"https:\/\/archiv.siov.sk\/wp-content\/uploads\/2022\/02\/RDSK-14-plakat-A3-tisk.jpg","contentUrl":"https:\/\/archiv.siov.sk\/wp-content\/uploads\/2022\/02\/RDSK-14-plakat-A3-tisk.jpg","width":1777,"height":2475},{"@type":"BreadcrumbList","@id":"https:\/\/archiv.siov.sk\/14-rocnik-sutaze-rodinny-dom-velux\/#breadcrumb","itemListElement":[{"@type":"ListItem","position":1,"name":"Home","item":"https:\/\/archiv.siov.sk\/"},{"@type":"ListItem","position":2,"name":"14. ro\u010dn\u00edk s\u00fa\u0165a\u017ee Rodinn\u00fd dom VELUX aj tento rok online"}]},{"@type":"WebSite","@id":"https:\/\/archiv.siov.sk\/#website","url":"https:\/\/archiv.siov.sk\/","name":"\u0160IOV - \u0161t\u00e1tny in\u0161tit\u00fat odborn\u00e9ho vzdel\u00e1vania","description":"","publisher":{"@id":"https:\/\/archiv.siov.sk\/#organization"},"potentialAction":[{"@type":"SearchAction","target":{"@type":"EntryPoint","urlTemplate":"https:\/\/archiv.siov.sk\/?s={search_term_string}"},"query-input":{"@type":"PropertyValueSpecification","valueRequired":true,"valueName":"search_term_string"}}],"inLanguage":"en-GB"},{"@type":"Organization","@id":"https:\/\/archiv.siov.sk\/#organization","name":"\u0160IOV - \u0161t\u00e1tny in\u0161tit\u00fat odborn\u00e9ho vzdel\u00e1vania","url":"https:\/\/archiv.siov.sk\/","logo":{"@type":"ImageObject","inLanguage":"en-GB","@id":"https:\/\/archiv.siov.sk\/#\/schema\/logo\/image\/","url":"https:\/\/archiv.siov.sk\/wp-content\/uploads\/2024\/02\/logo-SIOV.png","contentUrl":"https:\/\/archiv.siov.sk\/wp-content\/uploads\/2024\/02\/logo-SIOV.png","width":431,"height":143,"caption":"\u0160IOV - \u0161t\u00e1tny in\u0161tit\u00fat odborn\u00e9ho vzdel\u00e1vania"},"image":{"@id":"https:\/\/archiv.siov.sk\/#\/schema\/logo\/image\/"},"sameAs":["https:\/\/www.facebook.com\/Statnyinstitutodbornehovzdelavania"]},{"@type":"Person","@id":"https:\/\/archiv.siov.sk\/#\/schema\/person\/e42d633fbd958c6a726e8834d8965e6c","name":"Katar\u00edna Kov\u00e1\u010dov\u00e1","url":"https:\/\/archiv.siov.sk\/en\/author\/katkakovacova\/"}]}},"_links":{"self":[{"href":"https:\/\/archiv.siov.sk\/en\/wp-json\/wp\/v2\/posts\/10803","targetHints":{"allow":["GET"]}}],"collection":[{"href":"https:\/\/archiv.siov.sk\/en\/wp-json\/wp\/v2\/posts"}],"about":[{"href":"https:\/\/archiv.siov.sk\/en\/wp-json\/wp\/v2\/types\/post"}],"author":[{"embeddable":true,"href":"https:\/\/archiv.siov.sk\/en\/wp-json\/wp\/v2\/users\/6"}],"replies":[{"embeddable":true,"href":"https:\/\/archiv.siov.sk\/en\/wp-json\/wp\/v2\/comments?post=10803"}],"version-history":[{"count":3,"href":"https:\/\/archiv.siov.sk\/en\/wp-json\/wp\/v2\/posts\/10803\/revisions"}],"predecessor-version":[{"id":10815,"href":"https:\/\/archiv.siov.sk\/en\/wp-json\/wp\/v2\/posts\/10803\/revisions\/10815"}],"wp:featuredmedia":[{"embeddable":true,"href":"https:\/\/archiv.siov.sk\/en\/wp-json\/wp\/v2\/media\/10805"}],"wp:attachment":[{"href":"https:\/\/archiv.siov.sk\/en\/wp-json\/wp\/v2\/media?parent=10803"}],"wp:term":[{"taxonomy":"category","embeddable":true,"href":"https:\/\/archiv.siov.sk\/en\/wp-json\/wp\/v2\/categories?post=10803"},{"taxonomy":"post_tag","embeddable":true,"href":"https:\/\/archiv.siov.sk\/en\/wp-json\/wp\/v2\/tags?post=10803"}],"curies":[{"name":"wp","href":"https:\/\/api.w.org\/{rel}","templated":true}]}}