{"id":10769,"date":"2022-02-21T13:52:03","date_gmt":"2022-02-21T12:52:03","guid":{"rendered":"https:\/\/archiv.siov.sk\/?p=10769"},"modified":"2022-02-21T13:52:03","modified_gmt":"2022-02-21T12:52:03","slug":"medzinarodny-veltrh-cvicnych-firiem-v-slovinsku-ocami-sutaznej-slovenskej-firmy","status":"publish","type":"post","link":"https:\/\/archiv.siov.sk\/en\/medzinarodny-veltrh-cvicnych-firiem-v-slovinsku-ocami-sutaznej-slovenskej-firmy\/","title":{"rendered":"Medzin\u00e1rodn\u00fd ve\u013etrh cvi\u010dn\u00fdch firiem v Slovinsku o\u010dami s\u00fa\u0165a\u017enej slovenskej firmy"},"content":{"rendered":"<p style=\"text-align: justify;\">Slovensk\u00e9 centrum cvi\u010dn\u00fdch firiem n\u00e1m preposlalo pozv\u00e1nku na Medzin\u00e1rodn\u00fd ve\u013etrh do Celje v Slovinsku. Na\u0161e cvi\u010dn\u00e9 firmy sa zatia\u013e z\u00fa\u010dastnili ve\u013etrhov naj\u010falej v \u010ceskej republike a tak sme sa pr\u00edle\u017eitosti predstavi\u0165 sa na medzin\u00e1rodnom podujat\u00ed radi chopili a 16. febru\u00e1ra tohto roka sa z\u00fa\u010dastnili spom\u00ednan\u00e9ho ve\u013etrhu, do ktor\u00e9ho sa zapojilo spolu tridsa\u0165dva cvi\u010dn\u00fdch firiem zo \u0161iestich kraj\u00edn. USA, Ma\u010farsko, Bulharsko a Slovensko mali po jednom z\u00e1stupcovi, dvoch reprezentantov malo \u0160panielsko a samozrejme najviac, a\u017e dvadsiatimi \u0161iestimi firmami bolo zast\u00fapen\u00e9 dom\u00e1ce Slovinsko.<\/p>\n<p style=\"text-align: justify;\">Hlavnou n\u00e1pl\u0148ou ve\u013etrhu bolo online obchodovanie pomocou komunik\u00e1cie cez aplik\u00e1cie MS Teams a Zoom. V\u0161etky &#8222;st\u00e1nky&#8220; jednotliv\u00fdch cvi\u010dn\u00fdch firiem mali svoje vlastn\u00e9 miestnosti, do ktor\u00fdch sme sa prip\u00e1jali a navz\u00e1jom spolu komunikovali, \u010do simulovalo skuto\u010dn\u00e9 obchodn\u00e9 rokovania. Bola to pre n\u00e1s vo svete cvi\u010dn\u00fdch firiem nov\u00e1 a naozaj zauj\u00edmav\u00e1 sk\u00fasenos\u0165. Ka\u017ed\u00e1 firma pred ve\u013etrhom nahrala do svojej miestnosti, &#8222;st\u00e1nku&#8220; aktu\u00e1lny katal\u00f3g a webov\u00fa str\u00e1nku. Z\u00e1ujemci si teda materi\u00e1ly mohli pozrie\u0165 dopredu a a\u017e potom sa rozhodn\u00fa\u0165, \u010di do miestnosti vst\u00fapia a bud\u00fa nakupova\u0165 alebo pred\u00e1va\u0165. Z\u00e1rove\u0148 n\u00e1m to umo\u017enilo si priestor vyzdobi\u0165 a pripravi\u0165 uk\u00e1\u017eky na\u0161ich produktov.&nbsp;<\/p>\n<p style=\"text-align: justify;\">Na\u0161u cvi\u010dn\u00fa firmu sme prezentovali na z\u00e1klade vopred pripravenej osnovy a v prostred\u00ed, v ktorom sme prezentovali na\u0161e logo, produkty aj vlajky z\u00fa\u010dastnen\u00fdch kraj\u00edn. Po\u010das viac ako dvoch hod\u00edn sme komunikovali v angli\u010dtine s r\u00f4znymi firmami, z ktor\u00fdch n\u00e1s zaujali najm\u00e4 ponuky zo \u0160panielska, ale aj viacer\u00e9 zo Slovinska. Zo za\u010diatku n\u00e1s trochu brzdila tr\u00e9ma z nepoznan\u00e9ho, ale ve\u013emi r\u00fdchlo sme sa prisp\u00f4sobili, reagovali na podnety a odpovedali na ot\u00e1zky. Predstavovali sme na\u0161u firmu Batyk and Custom , s.r.o., prezentovali na\u0161e origin\u00e1lne produkty a ich katal\u00f3g. Ve\u013etrhu sa z\u00fa\u010dastnili traja zamestnanci firmy, \u017eiaci \u0161tvrt\u00e9ho ro\u010dn\u00edka Obchodnej akad\u00e9mie, konkr\u00e9tne Veronika M\u00e1ria Ku\u010derov\u00e1 ako mana\u017e\u00e9rka, Jana Slov\u00e1kov\u00e1 v poz\u00edcii personalistky a Igor Zelenay ako mana\u017e\u00e9r pre zahrani\u010dn\u00fd obchod.&nbsp;<\/p>\n<p style=\"text-align: justify;\">T\u00e1to v\u00fdnimo\u010dn\u00e1 sk\u00fasenos\u0165 n\u00e1m umo\u017enila vysk\u00fa\u0161a\u0165 si komunik\u00e1ciu v angli\u010dtine, ktor\u00e1 sa vyu\u017e\u00edva v takmer ka\u017edom medzin\u00e1rodnom obchodnom styku. Z\u00edskali sme nov\u00e9 sk\u00fasenosti a nadviazali nov\u00e9 kontakty. Sme radi, \u017ee sme sa mohli z\u00fa\u010dastni\u0165 pr\u00e1ve my a mali mo\u017enos\u0165 predstavi\u0165 Batyk and Custom , s.r.o. z Hlohovca aj zahrani\u010diu.&nbsp;<\/p>\n<p>Chceli by sme po\u010fakova\u0165 organiz\u00e1torom podujatia a z\u00e1rove\u0148 na\u0161ej pani u\u010dite\u013eke predmetu Cvi\u010dn\u00e1 firma, pani Fulierovej, ktor\u00e1 n\u00e1m s pr\u00edpravou pom\u00e1hala.&nbsp;<\/p>\n<p>&nbsp;<\/p>\n<p>Zamestnanci cvi\u010dnej firmy Batyk and Custom , s.r.o., Obchodn\u00e1 akad\u00e9mia Hlohovec<\/p>","protected":false},"excerpt":{"rendered":"<p>Slovensk\u00e9 centrum cvi\u010dn\u00fdch firiem n\u00e1m preposlalo pozv\u00e1nku na Medzin\u00e1rodn\u00fd ve\u013etrh do Celje v Slovinsku. Na\u0161e cvi\u010dn\u00e9 firmy sa zatia\u013e z\u00fa\u010dastnili ve\u013etrhov naj\u010falej v \u010ceskej republike a tak sme sa pr\u00edle\u017eitosti predstavi\u0165 sa na medzin\u00e1rodnom podujat\u00ed radi chopili a 16. febru\u00e1ra tohto roka sa z\u00fa\u010dastnili spom\u00ednan\u00e9ho ve\u013etrhu, do ktor\u00e9ho sa zapojilo spolu tridsa\u0165dva cvi\u010dn\u00fdch firiem zo [&hellip;]<\/p>\n","protected":false},"author":6,"featured_media":10771,"comment_status":"closed","ping_status":"closed","sticky":false,"template":"","format":"standard","meta":{"site-sidebar-layout":"default","site-content-layout":"default","ast-site-content-layout":"default","site-content-style":"default","site-sidebar-style":"default","ast-global-header-display":"","ast-banner-title-visibility":"","ast-main-header-display":"","ast-hfb-above-header-display":"","ast-hfb-below-header-display":"","ast-hfb-mobile-header-display":"","site-post-title":"","ast-breadcrumbs-content":"","ast-featured-img":"","footer-sml-layout":"","ast-disable-related-posts":"","theme-transparent-header-meta":"default","adv-header-id-meta":"","stick-header-meta":"","header-above-stick-meta":"","header-main-stick-meta":"","header-below-stick-meta":"","astra-migrate-meta-layouts":"default","ast-page-background-enabled":"default","ast-page-background-meta":{"desktop":{"background-color":"var(--ast-global-color-4)","background-image":"","background-repeat":"repeat","background-position":"center center","background-size":"auto","background-attachment":"scroll","background-type":"","background-media":"","overlay-type":"","overlay-color":"","overlay-opacity":"","overlay-gradient":""},"tablet":{"background-color":"","background-image":"","background-repeat":"repeat","background-position":"center center","background-size":"auto","background-attachment":"scroll","background-type":"","background-media":"","overlay-type":"","overlay-color":"","overlay-opacity":"","overlay-gradient":""},"mobile":{"background-color":"","background-image":"","background-repeat":"repeat","background-position":"center center","background-size":"auto","background-attachment":"scroll","background-type":"","background-media":"","overlay-type":"","overlay-color":"","overlay-opacity":"","overlay-gradient":""}},"ast-content-background-meta":{"desktop":{"background-color":"var(--ast-global-color-5)","background-image":"","background-repeat":"repeat","background-position":"center center","background-size":"auto","background-attachment":"scroll","background-type":"","background-media":"","overlay-type":"","overlay-color":"","overlay-opacity":"","overlay-gradient":""},"tablet":{"background-color":"var(--ast-global-color-5)","background-image":"","background-repeat":"repeat","background-position":"center center","background-size":"auto","background-attachment":"scroll","background-type":"","background-media":"","overlay-type":"","overlay-color":"","overlay-opacity":"","overlay-gradient":""},"mobile":{"background-color":"var(--ast-global-color-5)","background-image":"","background-repeat":"repeat","background-position":"center center","background-size":"auto","background-attachment":"scroll","background-type":"","background-media":"","overlay-type":"","overlay-color":"","overlay-opacity":"","overlay-gradient":""}},"footnotes":""},"categories":[1],"tags":[],"class_list":["post-10769","post","type-post","status-publish","format-standard","has-post-thumbnail","hentry","category-aktuality"],"yoast_head":"<!-- This site is optimized with the Yoast SEO plugin v27.5 - https:\/\/yoast.com\/product\/yoast-seo-wordpress\/ -->\n<title>Medzin\u00e1rodn\u00fd ve\u013etrh cvi\u010dn\u00fdch firiem v Slovinsku o\u010dami s\u00fa\u0165a\u017enej slovenskej firmy - \u0160IOV - \u0161t\u00e1tny in\u0161tit\u00fat odborn\u00e9ho vzdel\u00e1vania<\/title>\n<meta name=\"robots\" content=\"index, follow, max-snippet:-1, max-image-preview:large, max-video-preview:-1\" \/>\n<link rel=\"canonical\" href=\"https:\/\/archiv.siov.sk\/en\/medzinarodny-veltrh-cvicnych-firiem-v-slovinsku-ocami-sutaznej-slovenskej-firmy\/\" \/>\n<meta property=\"og:locale\" content=\"en_GB\" \/>\n<meta property=\"og:type\" content=\"article\" \/>\n<meta property=\"og:title\" content=\"Medzin\u00e1rodn\u00fd ve\u013etrh cvi\u010dn\u00fdch firiem v Slovinsku o\u010dami s\u00fa\u0165a\u017enej slovenskej firmy - \u0160IOV - \u0161t\u00e1tny in\u0161tit\u00fat odborn\u00e9ho vzdel\u00e1vania\" \/>\n<meta property=\"og:description\" content=\"Slovensk\u00e9 centrum cvi\u010dn\u00fdch firiem n\u00e1m preposlalo pozv\u00e1nku na Medzin\u00e1rodn\u00fd ve\u013etrh do Celje v Slovinsku. Na\u0161e cvi\u010dn\u00e9 firmy sa zatia\u013e z\u00fa\u010dastnili ve\u013etrhov naj\u010falej v \u010ceskej republike a tak sme sa pr\u00edle\u017eitosti predstavi\u0165 sa na medzin\u00e1rodnom podujat\u00ed radi chopili a 16. febru\u00e1ra tohto roka sa z\u00fa\u010dastnili spom\u00ednan\u00e9ho ve\u013etrhu, do ktor\u00e9ho sa zapojilo spolu tridsa\u0165dva cvi\u010dn\u00fdch firiem zo [&hellip;]\" \/>\n<meta property=\"og:url\" content=\"https:\/\/archiv.siov.sk\/en\/medzinarodny-veltrh-cvicnych-firiem-v-slovinsku-ocami-sutaznej-slovenskej-firmy\/\" \/>\n<meta property=\"og:site_name\" content=\"\u0160IOV - \u0161t\u00e1tny in\u0161tit\u00fat odborn\u00e9ho vzdel\u00e1vania\" \/>\n<meta property=\"article:publisher\" content=\"https:\/\/www.facebook.com\/Statnyinstitutodbornehovzdelavania\" \/>\n<meta property=\"article:published_time\" content=\"2022-02-21T12:52:03+00:00\" \/>\n<meta property=\"og:image\" content=\"https:\/\/archiv.siov.sk\/wp-content\/uploads\/2022\/02\/Veltrh-CF-Slovinsko-2022-CF-BatykandCustom.jpg\" \/>\n\t<meta property=\"og:image:width\" content=\"1427\" \/>\n\t<meta property=\"og:image:height\" content=\"1073\" \/>\n\t<meta property=\"og:image:type\" content=\"image\/jpeg\" \/>\n<meta name=\"author\" content=\"Katar\u00edna Kov\u00e1\u010dov\u00e1\" \/>\n<meta name=\"twitter:card\" content=\"summary_large_image\" \/>\n<meta name=\"twitter:label1\" content=\"Written by\" \/>\n\t<meta name=\"twitter:data1\" content=\"Katar\u00edna Kov\u00e1\u010dov\u00e1\" \/>\n\t<meta name=\"twitter:label2\" content=\"Estimated reading time\" \/>\n\t<meta name=\"twitter:data2\" content=\"3 minutes\" \/>\n<script type=\"application\/ld+json\" class=\"yoast-schema-graph\">{\"@context\":\"https:\\\/\\\/schema.org\",\"@graph\":[{\"@type\":\"Article\",\"@id\":\"https:\\\/\\\/archiv.siov.sk\\\/medzinarodny-veltrh-cvicnych-firiem-v-slovinsku-ocami-sutaznej-slovenskej-firmy\\\/#article\",\"isPartOf\":{\"@id\":\"https:\\\/\\\/archiv.siov.sk\\\/medzinarodny-veltrh-cvicnych-firiem-v-slovinsku-ocami-sutaznej-slovenskej-firmy\\\/\"},\"author\":{\"name\":\"Katar\u00edna Kov\u00e1\u010dov\u00e1\",\"@id\":\"https:\\\/\\\/archiv.siov.sk\\\/#\\\/schema\\\/person\\\/e42d633fbd958c6a726e8834d8965e6c\"},\"headline\":\"Medzin\u00e1rodn\u00fd ve\u013etrh cvi\u010dn\u00fdch firiem v Slovinsku o\u010dami s\u00fa\u0165a\u017enej slovenskej firmy\",\"datePublished\":\"2022-02-21T12:52:03+00:00\",\"mainEntityOfPage\":{\"@id\":\"https:\\\/\\\/archiv.siov.sk\\\/medzinarodny-veltrh-cvicnych-firiem-v-slovinsku-ocami-sutaznej-slovenskej-firmy\\\/\"},\"wordCount\":530,\"publisher\":{\"@id\":\"https:\\\/\\\/archiv.siov.sk\\\/#organization\"},\"image\":{\"@id\":\"https:\\\/\\\/archiv.siov.sk\\\/medzinarodny-veltrh-cvicnych-firiem-v-slovinsku-ocami-sutaznej-slovenskej-firmy\\\/#primaryimage\"},\"thumbnailUrl\":\"https:\\\/\\\/archiv.siov.sk\\\/wp-content\\\/uploads\\\/2022\\\/02\\\/Veltrh-CF-Slovinsko-2022-CF-BatykandCustom.jpg\",\"articleSection\":[\"Aktuality\"],\"inLanguage\":\"en-GB\"},{\"@type\":\"WebPage\",\"@id\":\"https:\\\/\\\/archiv.siov.sk\\\/medzinarodny-veltrh-cvicnych-firiem-v-slovinsku-ocami-sutaznej-slovenskej-firmy\\\/\",\"url\":\"https:\\\/\\\/archiv.siov.sk\\\/medzinarodny-veltrh-cvicnych-firiem-v-slovinsku-ocami-sutaznej-slovenskej-firmy\\\/\",\"name\":\"Medzin\u00e1rodn\u00fd ve\u013etrh cvi\u010dn\u00fdch firiem v Slovinsku o\u010dami s\u00fa\u0165a\u017enej slovenskej firmy - \u0160IOV - \u0161t\u00e1tny in\u0161tit\u00fat odborn\u00e9ho vzdel\u00e1vania\",\"isPartOf\":{\"@id\":\"https:\\\/\\\/archiv.siov.sk\\\/#website\"},\"primaryImageOfPage\":{\"@id\":\"https:\\\/\\\/archiv.siov.sk\\\/medzinarodny-veltrh-cvicnych-firiem-v-slovinsku-ocami-sutaznej-slovenskej-firmy\\\/#primaryimage\"},\"image\":{\"@id\":\"https:\\\/\\\/archiv.siov.sk\\\/medzinarodny-veltrh-cvicnych-firiem-v-slovinsku-ocami-sutaznej-slovenskej-firmy\\\/#primaryimage\"},\"thumbnailUrl\":\"https:\\\/\\\/archiv.siov.sk\\\/wp-content\\\/uploads\\\/2022\\\/02\\\/Veltrh-CF-Slovinsko-2022-CF-BatykandCustom.jpg\",\"datePublished\":\"2022-02-21T12:52:03+00:00\",\"breadcrumb\":{\"@id\":\"https:\\\/\\\/archiv.siov.sk\\\/medzinarodny-veltrh-cvicnych-firiem-v-slovinsku-ocami-sutaznej-slovenskej-firmy\\\/#breadcrumb\"},\"inLanguage\":\"en-GB\",\"potentialAction\":[{\"@type\":\"ReadAction\",\"target\":[\"https:\\\/\\\/archiv.siov.sk\\\/medzinarodny-veltrh-cvicnych-firiem-v-slovinsku-ocami-sutaznej-slovenskej-firmy\\\/\"]}]},{\"@type\":\"ImageObject\",\"inLanguage\":\"en-GB\",\"@id\":\"https:\\\/\\\/archiv.siov.sk\\\/medzinarodny-veltrh-cvicnych-firiem-v-slovinsku-ocami-sutaznej-slovenskej-firmy\\\/#primaryimage\",\"url\":\"https:\\\/\\\/archiv.siov.sk\\\/wp-content\\\/uploads\\\/2022\\\/02\\\/Veltrh-CF-Slovinsko-2022-CF-BatykandCustom.jpg\",\"contentUrl\":\"https:\\\/\\\/archiv.siov.sk\\\/wp-content\\\/uploads\\\/2022\\\/02\\\/Veltrh-CF-Slovinsko-2022-CF-BatykandCustom.jpg\",\"width\":1427,\"height\":1073},{\"@type\":\"BreadcrumbList\",\"@id\":\"https:\\\/\\\/archiv.siov.sk\\\/medzinarodny-veltrh-cvicnych-firiem-v-slovinsku-ocami-sutaznej-slovenskej-firmy\\\/#breadcrumb\",\"itemListElement\":[{\"@type\":\"ListItem\",\"position\":1,\"name\":\"Home\",\"item\":\"https:\\\/\\\/archiv.siov.sk\\\/\"},{\"@type\":\"ListItem\",\"position\":2,\"name\":\"Medzin\u00e1rodn\u00fd ve\u013etrh cvi\u010dn\u00fdch firiem v Slovinsku o\u010dami s\u00fa\u0165a\u017enej slovenskej firmy\"}]},{\"@type\":\"WebSite\",\"@id\":\"https:\\\/\\\/archiv.siov.sk\\\/#website\",\"url\":\"https:\\\/\\\/archiv.siov.sk\\\/\",\"name\":\"\u0160IOV - \u0161t\u00e1tny in\u0161tit\u00fat odborn\u00e9ho vzdel\u00e1vania\",\"description\":\"\",\"publisher\":{\"@id\":\"https:\\\/\\\/archiv.siov.sk\\\/#organization\"},\"potentialAction\":[{\"@type\":\"SearchAction\",\"target\":{\"@type\":\"EntryPoint\",\"urlTemplate\":\"https:\\\/\\\/archiv.siov.sk\\\/?s={search_term_string}\"},\"query-input\":{\"@type\":\"PropertyValueSpecification\",\"valueRequired\":true,\"valueName\":\"search_term_string\"}}],\"inLanguage\":\"en-GB\"},{\"@type\":\"Organization\",\"@id\":\"https:\\\/\\\/archiv.siov.sk\\\/#organization\",\"name\":\"\u0160IOV - \u0161t\u00e1tny in\u0161tit\u00fat odborn\u00e9ho vzdel\u00e1vania\",\"url\":\"https:\\\/\\\/archiv.siov.sk\\\/\",\"logo\":{\"@type\":\"ImageObject\",\"inLanguage\":\"en-GB\",\"@id\":\"https:\\\/\\\/archiv.siov.sk\\\/#\\\/schema\\\/logo\\\/image\\\/\",\"url\":\"https:\\\/\\\/archiv.siov.sk\\\/wp-content\\\/uploads\\\/2024\\\/02\\\/logo-SIOV.png\",\"contentUrl\":\"https:\\\/\\\/archiv.siov.sk\\\/wp-content\\\/uploads\\\/2024\\\/02\\\/logo-SIOV.png\",\"width\":431,\"height\":143,\"caption\":\"\u0160IOV - \u0161t\u00e1tny in\u0161tit\u00fat odborn\u00e9ho vzdel\u00e1vania\"},\"image\":{\"@id\":\"https:\\\/\\\/archiv.siov.sk\\\/#\\\/schema\\\/logo\\\/image\\\/\"},\"sameAs\":[\"https:\\\/\\\/www.facebook.com\\\/Statnyinstitutodbornehovzdelavania\"]},{\"@type\":\"Person\",\"@id\":\"https:\\\/\\\/archiv.siov.sk\\\/#\\\/schema\\\/person\\\/e42d633fbd958c6a726e8834d8965e6c\",\"name\":\"Katar\u00edna Kov\u00e1\u010dov\u00e1\",\"url\":\"https:\\\/\\\/archiv.siov.sk\\\/en\\\/author\\\/katkakovacova\\\/\"}]}<\/script>\n<!-- \/ Yoast SEO plugin. -->","yoast_head_json":{"title":"Medzin\u00e1rodn\u00fd ve\u013etrh cvi\u010dn\u00fdch firiem v Slovinsku o\u010dami s\u00fa\u0165a\u017enej slovenskej firmy - \u0160IOV - \u0161t\u00e1tny in\u0161tit\u00fat odborn\u00e9ho vzdel\u00e1vania","robots":{"index":"index","follow":"follow","max-snippet":"max-snippet:-1","max-image-preview":"max-image-preview:large","max-video-preview":"max-video-preview:-1"},"canonical":"https:\/\/archiv.siov.sk\/en\/medzinarodny-veltrh-cvicnych-firiem-v-slovinsku-ocami-sutaznej-slovenskej-firmy\/","og_locale":"en_GB","og_type":"article","og_title":"Medzin\u00e1rodn\u00fd ve\u013etrh cvi\u010dn\u00fdch firiem v Slovinsku o\u010dami s\u00fa\u0165a\u017enej slovenskej firmy - \u0160IOV - \u0161t\u00e1tny in\u0161tit\u00fat odborn\u00e9ho vzdel\u00e1vania","og_description":"Slovensk\u00e9 centrum cvi\u010dn\u00fdch firiem n\u00e1m preposlalo pozv\u00e1nku na Medzin\u00e1rodn\u00fd ve\u013etrh do Celje v Slovinsku. Na\u0161e cvi\u010dn\u00e9 firmy sa zatia\u013e z\u00fa\u010dastnili ve\u013etrhov naj\u010falej v \u010ceskej republike a tak sme sa pr\u00edle\u017eitosti predstavi\u0165 sa na medzin\u00e1rodnom podujat\u00ed radi chopili a 16. febru\u00e1ra tohto roka sa z\u00fa\u010dastnili spom\u00ednan\u00e9ho ve\u013etrhu, do ktor\u00e9ho sa zapojilo spolu tridsa\u0165dva cvi\u010dn\u00fdch firiem zo [&hellip;]","og_url":"https:\/\/archiv.siov.sk\/en\/medzinarodny-veltrh-cvicnych-firiem-v-slovinsku-ocami-sutaznej-slovenskej-firmy\/","og_site_name":"\u0160IOV - \u0161t\u00e1tny in\u0161tit\u00fat odborn\u00e9ho vzdel\u00e1vania","article_publisher":"https:\/\/www.facebook.com\/Statnyinstitutodbornehovzdelavania","article_published_time":"2022-02-21T12:52:03+00:00","og_image":[{"width":1427,"height":1073,"url":"https:\/\/archiv.siov.sk\/wp-content\/uploads\/2022\/02\/Veltrh-CF-Slovinsko-2022-CF-BatykandCustom.jpg","type":"image\/jpeg"}],"author":"Katar\u00edna Kov\u00e1\u010dov\u00e1","twitter_card":"summary_large_image","twitter_misc":{"Written by":"Katar\u00edna Kov\u00e1\u010dov\u00e1","Estimated reading time":"3 minutes"},"schema":{"@context":"https:\/\/schema.org","@graph":[{"@type":"Article","@id":"https:\/\/archiv.siov.sk\/medzinarodny-veltrh-cvicnych-firiem-v-slovinsku-ocami-sutaznej-slovenskej-firmy\/#article","isPartOf":{"@id":"https:\/\/archiv.siov.sk\/medzinarodny-veltrh-cvicnych-firiem-v-slovinsku-ocami-sutaznej-slovenskej-firmy\/"},"author":{"name":"Katar\u00edna Kov\u00e1\u010dov\u00e1","@id":"https:\/\/archiv.siov.sk\/#\/schema\/person\/e42d633fbd958c6a726e8834d8965e6c"},"headline":"Medzin\u00e1rodn\u00fd ve\u013etrh cvi\u010dn\u00fdch firiem v Slovinsku o\u010dami s\u00fa\u0165a\u017enej slovenskej firmy","datePublished":"2022-02-21T12:52:03+00:00","mainEntityOfPage":{"@id":"https:\/\/archiv.siov.sk\/medzinarodny-veltrh-cvicnych-firiem-v-slovinsku-ocami-sutaznej-slovenskej-firmy\/"},"wordCount":530,"publisher":{"@id":"https:\/\/archiv.siov.sk\/#organization"},"image":{"@id":"https:\/\/archiv.siov.sk\/medzinarodny-veltrh-cvicnych-firiem-v-slovinsku-ocami-sutaznej-slovenskej-firmy\/#primaryimage"},"thumbnailUrl":"https:\/\/archiv.siov.sk\/wp-content\/uploads\/2022\/02\/Veltrh-CF-Slovinsko-2022-CF-BatykandCustom.jpg","articleSection":["Aktuality"],"inLanguage":"en-GB"},{"@type":"WebPage","@id":"https:\/\/archiv.siov.sk\/medzinarodny-veltrh-cvicnych-firiem-v-slovinsku-ocami-sutaznej-slovenskej-firmy\/","url":"https:\/\/archiv.siov.sk\/medzinarodny-veltrh-cvicnych-firiem-v-slovinsku-ocami-sutaznej-slovenskej-firmy\/","name":"Medzin\u00e1rodn\u00fd ve\u013etrh cvi\u010dn\u00fdch firiem v Slovinsku o\u010dami s\u00fa\u0165a\u017enej slovenskej firmy - \u0160IOV - \u0161t\u00e1tny in\u0161tit\u00fat odborn\u00e9ho vzdel\u00e1vania","isPartOf":{"@id":"https:\/\/archiv.siov.sk\/#website"},"primaryImageOfPage":{"@id":"https:\/\/archiv.siov.sk\/medzinarodny-veltrh-cvicnych-firiem-v-slovinsku-ocami-sutaznej-slovenskej-firmy\/#primaryimage"},"image":{"@id":"https:\/\/archiv.siov.sk\/medzinarodny-veltrh-cvicnych-firiem-v-slovinsku-ocami-sutaznej-slovenskej-firmy\/#primaryimage"},"thumbnailUrl":"https:\/\/archiv.siov.sk\/wp-content\/uploads\/2022\/02\/Veltrh-CF-Slovinsko-2022-CF-BatykandCustom.jpg","datePublished":"2022-02-21T12:52:03+00:00","breadcrumb":{"@id":"https:\/\/archiv.siov.sk\/medzinarodny-veltrh-cvicnych-firiem-v-slovinsku-ocami-sutaznej-slovenskej-firmy\/#breadcrumb"},"inLanguage":"en-GB","potentialAction":[{"@type":"ReadAction","target":["https:\/\/archiv.siov.sk\/medzinarodny-veltrh-cvicnych-firiem-v-slovinsku-ocami-sutaznej-slovenskej-firmy\/"]}]},{"@type":"ImageObject","inLanguage":"en-GB","@id":"https:\/\/archiv.siov.sk\/medzinarodny-veltrh-cvicnych-firiem-v-slovinsku-ocami-sutaznej-slovenskej-firmy\/#primaryimage","url":"https:\/\/archiv.siov.sk\/wp-content\/uploads\/2022\/02\/Veltrh-CF-Slovinsko-2022-CF-BatykandCustom.jpg","contentUrl":"https:\/\/archiv.siov.sk\/wp-content\/uploads\/2022\/02\/Veltrh-CF-Slovinsko-2022-CF-BatykandCustom.jpg","width":1427,"height":1073},{"@type":"BreadcrumbList","@id":"https:\/\/archiv.siov.sk\/medzinarodny-veltrh-cvicnych-firiem-v-slovinsku-ocami-sutaznej-slovenskej-firmy\/#breadcrumb","itemListElement":[{"@type":"ListItem","position":1,"name":"Home","item":"https:\/\/archiv.siov.sk\/"},{"@type":"ListItem","position":2,"name":"Medzin\u00e1rodn\u00fd ve\u013etrh cvi\u010dn\u00fdch firiem v Slovinsku o\u010dami s\u00fa\u0165a\u017enej slovenskej firmy"}]},{"@type":"WebSite","@id":"https:\/\/archiv.siov.sk\/#website","url":"https:\/\/archiv.siov.sk\/","name":"\u0160IOV - \u0161t\u00e1tny in\u0161tit\u00fat odborn\u00e9ho vzdel\u00e1vania","description":"","publisher":{"@id":"https:\/\/archiv.siov.sk\/#organization"},"potentialAction":[{"@type":"SearchAction","target":{"@type":"EntryPoint","urlTemplate":"https:\/\/archiv.siov.sk\/?s={search_term_string}"},"query-input":{"@type":"PropertyValueSpecification","valueRequired":true,"valueName":"search_term_string"}}],"inLanguage":"en-GB"},{"@type":"Organization","@id":"https:\/\/archiv.siov.sk\/#organization","name":"\u0160IOV - \u0161t\u00e1tny in\u0161tit\u00fat odborn\u00e9ho vzdel\u00e1vania","url":"https:\/\/archiv.siov.sk\/","logo":{"@type":"ImageObject","inLanguage":"en-GB","@id":"https:\/\/archiv.siov.sk\/#\/schema\/logo\/image\/","url":"https:\/\/archiv.siov.sk\/wp-content\/uploads\/2024\/02\/logo-SIOV.png","contentUrl":"https:\/\/archiv.siov.sk\/wp-content\/uploads\/2024\/02\/logo-SIOV.png","width":431,"height":143,"caption":"\u0160IOV - \u0161t\u00e1tny in\u0161tit\u00fat odborn\u00e9ho vzdel\u00e1vania"},"image":{"@id":"https:\/\/archiv.siov.sk\/#\/schema\/logo\/image\/"},"sameAs":["https:\/\/www.facebook.com\/Statnyinstitutodbornehovzdelavania"]},{"@type":"Person","@id":"https:\/\/archiv.siov.sk\/#\/schema\/person\/e42d633fbd958c6a726e8834d8965e6c","name":"Katar\u00edna Kov\u00e1\u010dov\u00e1","url":"https:\/\/archiv.siov.sk\/en\/author\/katkakovacova\/"}]}},"_links":{"self":[{"href":"https:\/\/archiv.siov.sk\/en\/wp-json\/wp\/v2\/posts\/10769","targetHints":{"allow":["GET"]}}],"collection":[{"href":"https:\/\/archiv.siov.sk\/en\/wp-json\/wp\/v2\/posts"}],"about":[{"href":"https:\/\/archiv.siov.sk\/en\/wp-json\/wp\/v2\/types\/post"}],"author":[{"embeddable":true,"href":"https:\/\/archiv.siov.sk\/en\/wp-json\/wp\/v2\/users\/6"}],"replies":[{"embeddable":true,"href":"https:\/\/archiv.siov.sk\/en\/wp-json\/wp\/v2\/comments?post=10769"}],"version-history":[{"count":2,"href":"https:\/\/archiv.siov.sk\/en\/wp-json\/wp\/v2\/posts\/10769\/revisions"}],"predecessor-version":[{"id":10772,"href":"https:\/\/archiv.siov.sk\/en\/wp-json\/wp\/v2\/posts\/10769\/revisions\/10772"}],"wp:featuredmedia":[{"embeddable":true,"href":"https:\/\/archiv.siov.sk\/en\/wp-json\/wp\/v2\/media\/10771"}],"wp:attachment":[{"href":"https:\/\/archiv.siov.sk\/en\/wp-json\/wp\/v2\/media?parent=10769"}],"wp:term":[{"taxonomy":"category","embeddable":true,"href":"https:\/\/archiv.siov.sk\/en\/wp-json\/wp\/v2\/categories?post=10769"},{"taxonomy":"post_tag","embeddable":true,"href":"https:\/\/archiv.siov.sk\/en\/wp-json\/wp\/v2\/tags?post=10769"}],"curies":[{"name":"wp","href":"https:\/\/api.w.org\/{rel}","templated":true}]}}