{"id":10728,"date":"2022-02-17T14:56:35","date_gmt":"2022-02-17T13:56:35","guid":{"rendered":"https:\/\/archiv.siov.sk\/?p=10728"},"modified":"2022-02-18T10:58:26","modified_gmt":"2022-02-18T09:58:26","slug":"online-kontraktacny-den-cvicnych-firiem-slovensko-2022-zapad","status":"publish","type":"post","link":"https:\/\/archiv.siov.sk\/en\/online-kontraktacny-den-cvicnych-firiem-slovensko-2022-zapad\/","title":{"rendered":"Online Kontrakta\u010dn\u00fd de\u0148 cvi\u010dn\u00fdch firiem Slovensko 2022 \u2013 Z\u00e1pad"},"content":{"rendered":"<p style=\"text-align: justify;\">Spojen\u00e1 \u0161kola, Nivy \u0160a\u013ea v spolupr\u00e1ci so \u0160t\u00e1tnym in\u0161tit\u00fatom odborn\u00e9ho vzdel\u00e1vania \u2013 Slovensk\u00fdm centrom cvi\u010dn\u00fdch firiem pripravili a zrealizovali 16. febru\u00e1ra 2022 prv\u00fd tohtoro\u010dn\u00fd kontrakta\u010dn\u00fd de\u0148 cvi\u010dn\u00fdch firiem (CF) online.<\/p>\n<p style=\"text-align: justify;\">Ve\u013emi n\u00e1s te\u0161\u00ed, \u017ee sa na podujat\u00ed z\u00fa\u010dastnilo celkom dvadsa\u0165 cvi\u010dn\u00fdch firiem aj \u0161tyri firmy \u017eiakov z \u010ceskej republiky. Tak ako po in\u00e9 roky s\u00fa\u0165a\u017eili, a to v kateg\u00f3rii \u201eLet\u00e1k\u201c, \u201eInstagram post\u201c, \u201eE-prezent\u00e1cia\u201c, \u201eE-shop\u201c, \u201eReklamn\u00fd \u0161ot\u201c a na\u017eivo online \u201e90 sek\u00fand vo v\u00fd\u0165ahu\u201c. Doba pand\u00e9mie n\u00e1s posunula v oblasti digit\u00e1lnych zru\u010dnost\u00ed a zapojili sme aj soci\u00e1lne siete.<\/p>\n<p style=\"text-align: justify;\">Kontrakta\u010dn\u00e9 dni, medzin\u00e1rodn\u00e9 ale aj region\u00e1lne ve\u013etrhy cvi\u010dn\u00fdch firiem umo\u017e\u0148uj\u00fa \u017eiakom z\u00edska\u0165, preveri\u0165 a upevni\u0165 vedomosti, kompetencie, zru\u010dnosti a zlep\u0161i\u0165 finan\u010dn\u00fa gramotnos\u0165. Ich cie\u013eom&nbsp; je umo\u017eni\u0165 \u010do najv\u00e4\u010d\u0161iemu po\u010dtu \u017eiakov vysk\u00fa\u0161a\u0165 si a z\u00edska\u0165 na ne\u010disto podnikate\u013esk\u00e9 zru\u010dnosti a finan\u010dn\u00fa gramotnos\u0165. Pon\u00fakaj\u00fa stredo\u0161kol\u00e1kom mo\u017enosti zn\u00e1sobi\u0165 si podnikate\u013esk\u00e9 c\u00edtenie a uspie\u0165 v tlaku konkurencie rovesn\u00edkov a z\u00e1ujme n\u00e1v\u0161tevn\u00edkov i ke\u010f posledn\u00e9 dva roky online, \u010do umo\u017e\u0148uje zlep\u0161ova\u0165 sa pr\u00e1ve v digit\u00e1lnych zru\u010dnostiach.<\/p>\n<p style=\"text-align: justify;\">V\u00ed\u0165azi s\u00fa\u0165a\u017e\u00ed z jednotliv\u00fdch kateg\u00f3ri\u00ed postupuj\u00fa na medzin\u00e1rodn\u00fd ve\u013etrh cvi\u010dn\u00fdch firiem Slovensko, z ktor\u00e9ho je krok k \u00faspechu na podobn\u00fdch podujatiach na eur\u00f3pskej aj svetovej \u00farovni. Kontrakta\u010dn\u00e9 dni s\u00fa nato\u013eko zauj\u00edmav\u00e9, \u017ee \u0161koly v regi\u00f3noch si v priebehu \u0161kolsk\u00e9ho roka organizuj\u00fa vlastn\u00e9 region\u00e1lne podujatia a z\u00e1rove\u0148 aktivity cvi\u010dn\u00fdch firiem prezentuj\u00fa po\u010das dn\u00ed otvoren\u00fdch dver\u00ed.<\/p>\n<p>Zoznam z\u00fa\u010dastnen\u00fdch cvi\u010dn\u00fdch firiem a&nbsp;v\u00fdsledkov\u00fa listinu s\u00fa\u0165a\u017e\u00ed n\u00e1jdete na <a href=\"http:\/\/www.sccf.sk\/kontraktacne-dni-a-regionalne-veltrhy-cf-3c.html\">http:\/\/www.sccf.sk\/kontraktacne-dni-a-regionalne-veltrhy-cf-3c.html<\/a>.<\/p>","protected":false},"excerpt":{"rendered":"<p>Spojen\u00e1 \u0161kola, Nivy \u0160a\u013ea v spolupr\u00e1ci so \u0160t\u00e1tnym in\u0161tit\u00fatom odborn\u00e9ho vzdel\u00e1vania \u2013 Slovensk\u00fdm centrom cvi\u010dn\u00fdch firiem pripravili a zrealizovali 16. febru\u00e1ra 2022 prv\u00fd tohtoro\u010dn\u00fd kontrakta\u010dn\u00fd de\u0148 cvi\u010dn\u00fdch firiem (CF) online. Ve\u013emi n\u00e1s te\u0161\u00ed, \u017ee sa na podujat\u00ed z\u00fa\u010dastnilo celkom dvadsa\u0165 cvi\u010dn\u00fdch firiem aj \u0161tyri firmy \u017eiakov z \u010ceskej republiky. Tak ako po in\u00e9 roky s\u00fa\u0165a\u017eili, [&hellip;]<\/p>\n","protected":false},"author":6,"featured_media":6857,"comment_status":"closed","ping_status":"closed","sticky":false,"template":"","format":"standard","meta":{"site-sidebar-layout":"default","site-content-layout":"default","ast-site-content-layout":"default","site-content-style":"default","site-sidebar-style":"default","ast-global-header-display":"","ast-banner-title-visibility":"","ast-main-header-display":"","ast-hfb-above-header-display":"","ast-hfb-below-header-display":"","ast-hfb-mobile-header-display":"","site-post-title":"","ast-breadcrumbs-content":"","ast-featured-img":"","footer-sml-layout":"","ast-disable-related-posts":"","theme-transparent-header-meta":"default","adv-header-id-meta":"","stick-header-meta":"","header-above-stick-meta":"","header-main-stick-meta":"","header-below-stick-meta":"","astra-migrate-meta-layouts":"default","ast-page-background-enabled":"default","ast-page-background-meta":{"desktop":{"background-color":"var(--ast-global-color-4)","background-image":"","background-repeat":"repeat","background-position":"center center","background-size":"auto","background-attachment":"scroll","background-type":"","background-media":"","overlay-type":"","overlay-color":"","overlay-opacity":"","overlay-gradient":""},"tablet":{"background-color":"","background-image":"","background-repeat":"repeat","background-position":"center center","background-size":"auto","background-attachment":"scroll","background-type":"","background-media":"","overlay-type":"","overlay-color":"","overlay-opacity":"","overlay-gradient":""},"mobile":{"background-color":"","background-image":"","background-repeat":"repeat","background-position":"center center","background-size":"auto","background-attachment":"scroll","background-type":"","background-media":"","overlay-type":"","overlay-color":"","overlay-opacity":"","overlay-gradient":""}},"ast-content-background-meta":{"desktop":{"background-color":"var(--ast-global-color-5)","background-image":"","background-repeat":"repeat","background-position":"center center","background-size":"auto","background-attachment":"scroll","background-type":"","background-media":"","overlay-type":"","overlay-color":"","overlay-opacity":"","overlay-gradient":""},"tablet":{"background-color":"var(--ast-global-color-5)","background-image":"","background-repeat":"repeat","background-position":"center center","background-size":"auto","background-attachment":"scroll","background-type":"","background-media":"","overlay-type":"","overlay-color":"","overlay-opacity":"","overlay-gradient":""},"mobile":{"background-color":"var(--ast-global-color-5)","background-image":"","background-repeat":"repeat","background-position":"center center","background-size":"auto","background-attachment":"scroll","background-type":"","background-media":"","overlay-type":"","overlay-color":"","overlay-opacity":"","overlay-gradient":""}},"footnotes":""},"categories":[1],"tags":[],"class_list":["post-10728","post","type-post","status-publish","format-standard","has-post-thumbnail","hentry","category-aktuality"],"yoast_head":"<!-- This site is optimized with the Yoast SEO plugin v27.5 - https:\/\/yoast.com\/product\/yoast-seo-wordpress\/ -->\n<title>Online Kontrakta\u010dn\u00fd de\u0148 cvi\u010dn\u00fdch firiem Slovensko 2022 \u2013 Z\u00e1pad - \u0160IOV - \u0161t\u00e1tny in\u0161tit\u00fat odborn\u00e9ho vzdel\u00e1vania<\/title>\n<meta name=\"robots\" content=\"index, follow, max-snippet:-1, max-image-preview:large, max-video-preview:-1\" \/>\n<link rel=\"canonical\" href=\"https:\/\/archiv.siov.sk\/en\/online-kontraktacny-den-cvicnych-firiem-slovensko-2022-zapad\/\" \/>\n<meta property=\"og:locale\" content=\"en_GB\" \/>\n<meta property=\"og:type\" content=\"article\" \/>\n<meta property=\"og:title\" content=\"Online Kontrakta\u010dn\u00fd de\u0148 cvi\u010dn\u00fdch firiem Slovensko 2022 \u2013 Z\u00e1pad - \u0160IOV - \u0161t\u00e1tny in\u0161tit\u00fat odborn\u00e9ho vzdel\u00e1vania\" \/>\n<meta property=\"og:description\" content=\"Spojen\u00e1 \u0161kola, Nivy \u0160a\u013ea v spolupr\u00e1ci so \u0160t\u00e1tnym in\u0161tit\u00fatom odborn\u00e9ho vzdel\u00e1vania \u2013 Slovensk\u00fdm centrom cvi\u010dn\u00fdch firiem pripravili a zrealizovali 16. febru\u00e1ra 2022 prv\u00fd tohtoro\u010dn\u00fd kontrakta\u010dn\u00fd de\u0148 cvi\u010dn\u00fdch firiem (CF) online. Ve\u013emi n\u00e1s te\u0161\u00ed, \u017ee sa na podujat\u00ed z\u00fa\u010dastnilo celkom dvadsa\u0165 cvi\u010dn\u00fdch firiem aj \u0161tyri firmy \u017eiakov z \u010ceskej republiky. Tak ako po in\u00e9 roky s\u00fa\u0165a\u017eili, [&hellip;]\" \/>\n<meta property=\"og:url\" content=\"https:\/\/archiv.siov.sk\/en\/online-kontraktacny-den-cvicnych-firiem-slovensko-2022-zapad\/\" \/>\n<meta property=\"og:site_name\" content=\"\u0160IOV - \u0161t\u00e1tny in\u0161tit\u00fat odborn\u00e9ho vzdel\u00e1vania\" \/>\n<meta property=\"article:publisher\" content=\"https:\/\/www.facebook.com\/Statnyinstitutodbornehovzdelavania\" \/>\n<meta property=\"article:published_time\" content=\"2022-02-17T13:56:35+00:00\" \/>\n<meta property=\"article:modified_time\" content=\"2022-02-18T09:58:26+00:00\" \/>\n<meta property=\"og:image\" content=\"https:\/\/archiv.siov.sk\/wp-content\/uploads\/2020\/11\/rsz_1sccf_logo_farebne.jpg\" \/>\n\t<meta property=\"og:image:width\" content=\"195\" \/>\n\t<meta property=\"og:image:height\" content=\"75\" \/>\n\t<meta property=\"og:image:type\" content=\"image\/jpeg\" \/>\n<meta name=\"author\" content=\"Katar\u00edna Kov\u00e1\u010dov\u00e1\" \/>\n<meta name=\"twitter:card\" content=\"summary_large_image\" \/>\n<meta name=\"twitter:label1\" content=\"Written by\" \/>\n\t<meta name=\"twitter:data1\" content=\"Katar\u00edna Kov\u00e1\u010dov\u00e1\" \/>\n\t<meta name=\"twitter:label2\" content=\"Estimated reading time\" \/>\n\t<meta name=\"twitter:data2\" content=\"2 minutes\" \/>\n<script type=\"application\/ld+json\" class=\"yoast-schema-graph\">{\"@context\":\"https:\\\/\\\/schema.org\",\"@graph\":[{\"@type\":\"Article\",\"@id\":\"https:\\\/\\\/archiv.siov.sk\\\/online-kontraktacny-den-cvicnych-firiem-slovensko-2022-zapad\\\/#article\",\"isPartOf\":{\"@id\":\"https:\\\/\\\/archiv.siov.sk\\\/online-kontraktacny-den-cvicnych-firiem-slovensko-2022-zapad\\\/\"},\"author\":{\"name\":\"Katar\u00edna Kov\u00e1\u010dov\u00e1\",\"@id\":\"https:\\\/\\\/archiv.siov.sk\\\/#\\\/schema\\\/person\\\/e42d633fbd958c6a726e8834d8965e6c\"},\"headline\":\"Online Kontrakta\u010dn\u00fd de\u0148 cvi\u010dn\u00fdch firiem Slovensko 2022 \u2013 Z\u00e1pad\",\"datePublished\":\"2022-02-17T13:56:35+00:00\",\"dateModified\":\"2022-02-18T09:58:26+00:00\",\"mainEntityOfPage\":{\"@id\":\"https:\\\/\\\/archiv.siov.sk\\\/online-kontraktacny-den-cvicnych-firiem-slovensko-2022-zapad\\\/\"},\"wordCount\":338,\"publisher\":{\"@id\":\"https:\\\/\\\/archiv.siov.sk\\\/#organization\"},\"image\":{\"@id\":\"https:\\\/\\\/archiv.siov.sk\\\/online-kontraktacny-den-cvicnych-firiem-slovensko-2022-zapad\\\/#primaryimage\"},\"thumbnailUrl\":\"https:\\\/\\\/archiv.siov.sk\\\/wp-content\\\/uploads\\\/2020\\\/11\\\/rsz_1sccf_logo_farebne.jpg\",\"articleSection\":[\"Aktuality\"],\"inLanguage\":\"en-GB\"},{\"@type\":\"WebPage\",\"@id\":\"https:\\\/\\\/archiv.siov.sk\\\/online-kontraktacny-den-cvicnych-firiem-slovensko-2022-zapad\\\/\",\"url\":\"https:\\\/\\\/archiv.siov.sk\\\/online-kontraktacny-den-cvicnych-firiem-slovensko-2022-zapad\\\/\",\"name\":\"Online Kontrakta\u010dn\u00fd de\u0148 cvi\u010dn\u00fdch firiem Slovensko 2022 \u2013 Z\u00e1pad - \u0160IOV - \u0161t\u00e1tny in\u0161tit\u00fat odborn\u00e9ho vzdel\u00e1vania\",\"isPartOf\":{\"@id\":\"https:\\\/\\\/archiv.siov.sk\\\/#website\"},\"primaryImageOfPage\":{\"@id\":\"https:\\\/\\\/archiv.siov.sk\\\/online-kontraktacny-den-cvicnych-firiem-slovensko-2022-zapad\\\/#primaryimage\"},\"image\":{\"@id\":\"https:\\\/\\\/archiv.siov.sk\\\/online-kontraktacny-den-cvicnych-firiem-slovensko-2022-zapad\\\/#primaryimage\"},\"thumbnailUrl\":\"https:\\\/\\\/archiv.siov.sk\\\/wp-content\\\/uploads\\\/2020\\\/11\\\/rsz_1sccf_logo_farebne.jpg\",\"datePublished\":\"2022-02-17T13:56:35+00:00\",\"dateModified\":\"2022-02-18T09:58:26+00:00\",\"breadcrumb\":{\"@id\":\"https:\\\/\\\/archiv.siov.sk\\\/online-kontraktacny-den-cvicnych-firiem-slovensko-2022-zapad\\\/#breadcrumb\"},\"inLanguage\":\"en-GB\",\"potentialAction\":[{\"@type\":\"ReadAction\",\"target\":[\"https:\\\/\\\/archiv.siov.sk\\\/online-kontraktacny-den-cvicnych-firiem-slovensko-2022-zapad\\\/\"]}]},{\"@type\":\"ImageObject\",\"inLanguage\":\"en-GB\",\"@id\":\"https:\\\/\\\/archiv.siov.sk\\\/online-kontraktacny-den-cvicnych-firiem-slovensko-2022-zapad\\\/#primaryimage\",\"url\":\"https:\\\/\\\/archiv.siov.sk\\\/wp-content\\\/uploads\\\/2020\\\/11\\\/rsz_1sccf_logo_farebne.jpg\",\"contentUrl\":\"https:\\\/\\\/archiv.siov.sk\\\/wp-content\\\/uploads\\\/2020\\\/11\\\/rsz_1sccf_logo_farebne.jpg\",\"width\":195,\"height\":75},{\"@type\":\"BreadcrumbList\",\"@id\":\"https:\\\/\\\/archiv.siov.sk\\\/online-kontraktacny-den-cvicnych-firiem-slovensko-2022-zapad\\\/#breadcrumb\",\"itemListElement\":[{\"@type\":\"ListItem\",\"position\":1,\"name\":\"Home\",\"item\":\"https:\\\/\\\/archiv.siov.sk\\\/\"},{\"@type\":\"ListItem\",\"position\":2,\"name\":\"Online Kontrakta\u010dn\u00fd de\u0148 cvi\u010dn\u00fdch firiem Slovensko 2022 \u2013 Z\u00e1pad\"}]},{\"@type\":\"WebSite\",\"@id\":\"https:\\\/\\\/archiv.siov.sk\\\/#website\",\"url\":\"https:\\\/\\\/archiv.siov.sk\\\/\",\"name\":\"\u0160IOV - \u0161t\u00e1tny in\u0161tit\u00fat odborn\u00e9ho vzdel\u00e1vania\",\"description\":\"\",\"publisher\":{\"@id\":\"https:\\\/\\\/archiv.siov.sk\\\/#organization\"},\"potentialAction\":[{\"@type\":\"SearchAction\",\"target\":{\"@type\":\"EntryPoint\",\"urlTemplate\":\"https:\\\/\\\/archiv.siov.sk\\\/?s={search_term_string}\"},\"query-input\":{\"@type\":\"PropertyValueSpecification\",\"valueRequired\":true,\"valueName\":\"search_term_string\"}}],\"inLanguage\":\"en-GB\"},{\"@type\":\"Organization\",\"@id\":\"https:\\\/\\\/archiv.siov.sk\\\/#organization\",\"name\":\"\u0160IOV - \u0161t\u00e1tny in\u0161tit\u00fat odborn\u00e9ho vzdel\u00e1vania\",\"url\":\"https:\\\/\\\/archiv.siov.sk\\\/\",\"logo\":{\"@type\":\"ImageObject\",\"inLanguage\":\"en-GB\",\"@id\":\"https:\\\/\\\/archiv.siov.sk\\\/#\\\/schema\\\/logo\\\/image\\\/\",\"url\":\"https:\\\/\\\/archiv.siov.sk\\\/wp-content\\\/uploads\\\/2024\\\/02\\\/logo-SIOV.png\",\"contentUrl\":\"https:\\\/\\\/archiv.siov.sk\\\/wp-content\\\/uploads\\\/2024\\\/02\\\/logo-SIOV.png\",\"width\":431,\"height\":143,\"caption\":\"\u0160IOV - \u0161t\u00e1tny in\u0161tit\u00fat odborn\u00e9ho vzdel\u00e1vania\"},\"image\":{\"@id\":\"https:\\\/\\\/archiv.siov.sk\\\/#\\\/schema\\\/logo\\\/image\\\/\"},\"sameAs\":[\"https:\\\/\\\/www.facebook.com\\\/Statnyinstitutodbornehovzdelavania\"]},{\"@type\":\"Person\",\"@id\":\"https:\\\/\\\/archiv.siov.sk\\\/#\\\/schema\\\/person\\\/e42d633fbd958c6a726e8834d8965e6c\",\"name\":\"Katar\u00edna Kov\u00e1\u010dov\u00e1\",\"url\":\"https:\\\/\\\/archiv.siov.sk\\\/en\\\/author\\\/katkakovacova\\\/\"}]}<\/script>\n<!-- \/ Yoast SEO plugin. -->","yoast_head_json":{"title":"Online Kontrakta\u010dn\u00fd de\u0148 cvi\u010dn\u00fdch firiem Slovensko 2022 \u2013 Z\u00e1pad - \u0160IOV - \u0161t\u00e1tny in\u0161tit\u00fat odborn\u00e9ho vzdel\u00e1vania","robots":{"index":"index","follow":"follow","max-snippet":"max-snippet:-1","max-image-preview":"max-image-preview:large","max-video-preview":"max-video-preview:-1"},"canonical":"https:\/\/archiv.siov.sk\/en\/online-kontraktacny-den-cvicnych-firiem-slovensko-2022-zapad\/","og_locale":"en_GB","og_type":"article","og_title":"Online Kontrakta\u010dn\u00fd de\u0148 cvi\u010dn\u00fdch firiem Slovensko 2022 \u2013 Z\u00e1pad - \u0160IOV - \u0161t\u00e1tny in\u0161tit\u00fat odborn\u00e9ho vzdel\u00e1vania","og_description":"Spojen\u00e1 \u0161kola, Nivy \u0160a\u013ea v spolupr\u00e1ci so \u0160t\u00e1tnym in\u0161tit\u00fatom odborn\u00e9ho vzdel\u00e1vania \u2013 Slovensk\u00fdm centrom cvi\u010dn\u00fdch firiem pripravili a zrealizovali 16. febru\u00e1ra 2022 prv\u00fd tohtoro\u010dn\u00fd kontrakta\u010dn\u00fd de\u0148 cvi\u010dn\u00fdch firiem (CF) online. Ve\u013emi n\u00e1s te\u0161\u00ed, \u017ee sa na podujat\u00ed z\u00fa\u010dastnilo celkom dvadsa\u0165 cvi\u010dn\u00fdch firiem aj \u0161tyri firmy \u017eiakov z \u010ceskej republiky. Tak ako po in\u00e9 roky s\u00fa\u0165a\u017eili, [&hellip;]","og_url":"https:\/\/archiv.siov.sk\/en\/online-kontraktacny-den-cvicnych-firiem-slovensko-2022-zapad\/","og_site_name":"\u0160IOV - \u0161t\u00e1tny in\u0161tit\u00fat odborn\u00e9ho vzdel\u00e1vania","article_publisher":"https:\/\/www.facebook.com\/Statnyinstitutodbornehovzdelavania","article_published_time":"2022-02-17T13:56:35+00:00","article_modified_time":"2022-02-18T09:58:26+00:00","og_image":[{"width":195,"height":75,"url":"https:\/\/archiv.siov.sk\/wp-content\/uploads\/2020\/11\/rsz_1sccf_logo_farebne.jpg","type":"image\/jpeg"}],"author":"Katar\u00edna Kov\u00e1\u010dov\u00e1","twitter_card":"summary_large_image","twitter_misc":{"Written by":"Katar\u00edna Kov\u00e1\u010dov\u00e1","Estimated reading time":"2 minutes"},"schema":{"@context":"https:\/\/schema.org","@graph":[{"@type":"Article","@id":"https:\/\/archiv.siov.sk\/online-kontraktacny-den-cvicnych-firiem-slovensko-2022-zapad\/#article","isPartOf":{"@id":"https:\/\/archiv.siov.sk\/online-kontraktacny-den-cvicnych-firiem-slovensko-2022-zapad\/"},"author":{"name":"Katar\u00edna Kov\u00e1\u010dov\u00e1","@id":"https:\/\/archiv.siov.sk\/#\/schema\/person\/e42d633fbd958c6a726e8834d8965e6c"},"headline":"Online Kontrakta\u010dn\u00fd de\u0148 cvi\u010dn\u00fdch firiem Slovensko 2022 \u2013 Z\u00e1pad","datePublished":"2022-02-17T13:56:35+00:00","dateModified":"2022-02-18T09:58:26+00:00","mainEntityOfPage":{"@id":"https:\/\/archiv.siov.sk\/online-kontraktacny-den-cvicnych-firiem-slovensko-2022-zapad\/"},"wordCount":338,"publisher":{"@id":"https:\/\/archiv.siov.sk\/#organization"},"image":{"@id":"https:\/\/archiv.siov.sk\/online-kontraktacny-den-cvicnych-firiem-slovensko-2022-zapad\/#primaryimage"},"thumbnailUrl":"https:\/\/archiv.siov.sk\/wp-content\/uploads\/2020\/11\/rsz_1sccf_logo_farebne.jpg","articleSection":["Aktuality"],"inLanguage":"en-GB"},{"@type":"WebPage","@id":"https:\/\/archiv.siov.sk\/online-kontraktacny-den-cvicnych-firiem-slovensko-2022-zapad\/","url":"https:\/\/archiv.siov.sk\/online-kontraktacny-den-cvicnych-firiem-slovensko-2022-zapad\/","name":"Online Kontrakta\u010dn\u00fd de\u0148 cvi\u010dn\u00fdch firiem Slovensko 2022 \u2013 Z\u00e1pad - \u0160IOV - \u0161t\u00e1tny in\u0161tit\u00fat odborn\u00e9ho vzdel\u00e1vania","isPartOf":{"@id":"https:\/\/archiv.siov.sk\/#website"},"primaryImageOfPage":{"@id":"https:\/\/archiv.siov.sk\/online-kontraktacny-den-cvicnych-firiem-slovensko-2022-zapad\/#primaryimage"},"image":{"@id":"https:\/\/archiv.siov.sk\/online-kontraktacny-den-cvicnych-firiem-slovensko-2022-zapad\/#primaryimage"},"thumbnailUrl":"https:\/\/archiv.siov.sk\/wp-content\/uploads\/2020\/11\/rsz_1sccf_logo_farebne.jpg","datePublished":"2022-02-17T13:56:35+00:00","dateModified":"2022-02-18T09:58:26+00:00","breadcrumb":{"@id":"https:\/\/archiv.siov.sk\/online-kontraktacny-den-cvicnych-firiem-slovensko-2022-zapad\/#breadcrumb"},"inLanguage":"en-GB","potentialAction":[{"@type":"ReadAction","target":["https:\/\/archiv.siov.sk\/online-kontraktacny-den-cvicnych-firiem-slovensko-2022-zapad\/"]}]},{"@type":"ImageObject","inLanguage":"en-GB","@id":"https:\/\/archiv.siov.sk\/online-kontraktacny-den-cvicnych-firiem-slovensko-2022-zapad\/#primaryimage","url":"https:\/\/archiv.siov.sk\/wp-content\/uploads\/2020\/11\/rsz_1sccf_logo_farebne.jpg","contentUrl":"https:\/\/archiv.siov.sk\/wp-content\/uploads\/2020\/11\/rsz_1sccf_logo_farebne.jpg","width":195,"height":75},{"@type":"BreadcrumbList","@id":"https:\/\/archiv.siov.sk\/online-kontraktacny-den-cvicnych-firiem-slovensko-2022-zapad\/#breadcrumb","itemListElement":[{"@type":"ListItem","position":1,"name":"Home","item":"https:\/\/archiv.siov.sk\/"},{"@type":"ListItem","position":2,"name":"Online Kontrakta\u010dn\u00fd de\u0148 cvi\u010dn\u00fdch firiem Slovensko 2022 \u2013 Z\u00e1pad"}]},{"@type":"WebSite","@id":"https:\/\/archiv.siov.sk\/#website","url":"https:\/\/archiv.siov.sk\/","name":"\u0160IOV - \u0161t\u00e1tny in\u0161tit\u00fat odborn\u00e9ho vzdel\u00e1vania","description":"","publisher":{"@id":"https:\/\/archiv.siov.sk\/#organization"},"potentialAction":[{"@type":"SearchAction","target":{"@type":"EntryPoint","urlTemplate":"https:\/\/archiv.siov.sk\/?s={search_term_string}"},"query-input":{"@type":"PropertyValueSpecification","valueRequired":true,"valueName":"search_term_string"}}],"inLanguage":"en-GB"},{"@type":"Organization","@id":"https:\/\/archiv.siov.sk\/#organization","name":"\u0160IOV - \u0161t\u00e1tny in\u0161tit\u00fat odborn\u00e9ho vzdel\u00e1vania","url":"https:\/\/archiv.siov.sk\/","logo":{"@type":"ImageObject","inLanguage":"en-GB","@id":"https:\/\/archiv.siov.sk\/#\/schema\/logo\/image\/","url":"https:\/\/archiv.siov.sk\/wp-content\/uploads\/2024\/02\/logo-SIOV.png","contentUrl":"https:\/\/archiv.siov.sk\/wp-content\/uploads\/2024\/02\/logo-SIOV.png","width":431,"height":143,"caption":"\u0160IOV - \u0161t\u00e1tny in\u0161tit\u00fat odborn\u00e9ho vzdel\u00e1vania"},"image":{"@id":"https:\/\/archiv.siov.sk\/#\/schema\/logo\/image\/"},"sameAs":["https:\/\/www.facebook.com\/Statnyinstitutodbornehovzdelavania"]},{"@type":"Person","@id":"https:\/\/archiv.siov.sk\/#\/schema\/person\/e42d633fbd958c6a726e8834d8965e6c","name":"Katar\u00edna Kov\u00e1\u010dov\u00e1","url":"https:\/\/archiv.siov.sk\/en\/author\/katkakovacova\/"}]}},"_links":{"self":[{"href":"https:\/\/archiv.siov.sk\/en\/wp-json\/wp\/v2\/posts\/10728","targetHints":{"allow":["GET"]}}],"collection":[{"href":"https:\/\/archiv.siov.sk\/en\/wp-json\/wp\/v2\/posts"}],"about":[{"href":"https:\/\/archiv.siov.sk\/en\/wp-json\/wp\/v2\/types\/post"}],"author":[{"embeddable":true,"href":"https:\/\/archiv.siov.sk\/en\/wp-json\/wp\/v2\/users\/6"}],"replies":[{"embeddable":true,"href":"https:\/\/archiv.siov.sk\/en\/wp-json\/wp\/v2\/comments?post=10728"}],"version-history":[{"count":3,"href":"https:\/\/archiv.siov.sk\/en\/wp-json\/wp\/v2\/posts\/10728\/revisions"}],"predecessor-version":[{"id":10732,"href":"https:\/\/archiv.siov.sk\/en\/wp-json\/wp\/v2\/posts\/10728\/revisions\/10732"}],"wp:featuredmedia":[{"embeddable":true,"href":"https:\/\/archiv.siov.sk\/en\/wp-json\/wp\/v2\/media\/6857"}],"wp:attachment":[{"href":"https:\/\/archiv.siov.sk\/en\/wp-json\/wp\/v2\/media?parent=10728"}],"wp:term":[{"taxonomy":"category","embeddable":true,"href":"https:\/\/archiv.siov.sk\/en\/wp-json\/wp\/v2\/categories?post=10728"},{"taxonomy":"post_tag","embeddable":true,"href":"https:\/\/archiv.siov.sk\/en\/wp-json\/wp\/v2\/tags?post=10728"}],"curies":[{"name":"wp","href":"https:\/\/api.w.org\/{rel}","templated":true}]}}