{"id":10713,"date":"2022-02-16T10:27:01","date_gmt":"2022-02-16T09:27:01","guid":{"rendered":"https:\/\/archiv.siov.sk\/?p=10713"},"modified":"2022-02-16T10:27:01","modified_gmt":"2022-02-16T09:27:01","slug":"medzinarodny-veltrh-cvicnych-firiem-v-olomouci-ocami-ziacky-cvicnej-firmy-z-liptovskeho-mikulasa","status":"publish","type":"post","link":"https:\/\/archiv.siov.sk\/en\/medzinarodny-veltrh-cvicnych-firiem-v-olomouci-ocami-ziacky-cvicnej-firmy-z-liptovskeho-mikulasa\/","title":{"rendered":"Medzin\u00e1rodn\u00fd ve\u013etrh cvi\u010dn\u00fdch firiem v Olomouci o\u010dami \u017eia\u010dky cvi\u010dnej firmy z Liptovsk\u00e9ho Mikul\u00e1\u0161a"},"content":{"rendered":"<p>V janu\u00e1ri 2021 bola v datab\u00e1ze cvi\u010dn\u00fdch firiem Slovensk\u00e9ho centra cvi\u010dn\u00fdch firiem (SCCF) zaregistrovan\u00e1 firma CDLi bakery, s. r. o.<\/p>\n<p style=\"text-align: justify;\">Vznikla v r\u00e1mci podnikate\u013esk\u00e9ho vzdel\u00e1vania v \u0161tudijnom odbore Pracovn\u00edk marketingu pri Hotelovej akad\u00e9mii v Liptovskom Mikul\u00e1\u0161i.&nbsp; Vo svojej podnikate\u013eskej \u010dinnosti&nbsp; je zameran\u00e1 na pek\u00e1rensk\u00fa v\u00fdrobu a predaj v\u00fdrobkov pre klientov s potravinovou intoleranciou. Problematika potravinovej intolerancie a r\u00f4znych druhov alergi\u00ed sa st\u00e1va \u010doraz p\u00e1l\u010divej\u0161ou a postihuje st\u00e1le viac \u013eud\u00ed. Z toho d\u00f4vodu chcela firma svojimi produktami vytvori\u0165 pomyslen\u00fd most\u00edk prin\u00e1\u0161aj\u00faci zlep\u0161enie kvality \u017eivota \u013eud\u00ed trpiacich nejakou formou potravinovej intolerancie.<\/p>\n<p><img fetchpriority=\"high\" decoding=\"async\" class=\"alignnone size-medium wp-image-10715 aligncenter\" src=\"https:\/\/archiv.siov.sk\/wp-content\/uploads\/2022\/02\/273677942_1837649316421495_6884838874073444582_n-300x226.jpg\" alt=\"\" width=\"300\" height=\"226\" srcset=\"https:\/\/archiv.siov.sk\/wp-content\/uploads\/2022\/02\/273677942_1837649316421495_6884838874073444582_n-300x226.jpg 300w, https:\/\/archiv.siov.sk\/wp-content\/uploads\/2022\/02\/273677942_1837649316421495_6884838874073444582_n-1024x772.jpg 1024w, https:\/\/archiv.siov.sk\/wp-content\/uploads\/2022\/02\/273677942_1837649316421495_6884838874073444582_n-768x579.jpg 768w, https:\/\/archiv.siov.sk\/wp-content\/uploads\/2022\/02\/273677942_1837649316421495_6884838874073444582_n-1536x1158.jpg 1536w, https:\/\/archiv.siov.sk\/wp-content\/uploads\/2022\/02\/273677942_1837649316421495_6884838874073444582_n.jpg 1754w\" sizes=\"(max-width: 300px) 100vw, 300px\" \/><\/p>\n<p style=\"text-align: center;\"><em>Kolekt\u00edv cvi\u010dnej firmy CDLi bakery, s. r. o.<\/em><\/p>\n<p style=\"text-align: center;\"><em>zdroj foto: HA Liptovsk\u00fd Mikul\u00e1\u0161<\/em><\/p>\n<p style=\"text-align: justify;\">V d\u00f4sledku pretrv\u00e1vaj\u00facej pandemickej situ\u00e1cie prebiehala \u010dinnos\u0165 firmy v \u0161kolskom roku 2020\/2021 preva\u017ene &nbsp;v online prostred\u00ed. Ke\u010f v okt\u00f3bri 2021 pri\u0161la z Olomouca pozv\u00e1nka na medzin\u00e1rodn\u00fd ve\u013etrh cvi\u010dn\u00fdch firiem ve\u013emi sme sa pote\u0161ili. Realiz\u00e1ciu v\u0161etk\u00fdch s\u00fa\u0165a\u017en\u00fdch kateg\u00f3ri\u00ed, ktor\u00fdch bolo ne\u00farekom (reklamn\u00fd spot, prezent\u00e1cia firmy,&nbsp; katal\u00f3g, logo, vizitka, slogan, reklamn\u00fd let\u00e1k, st\u00e1nok, predajca) sme si okam\u017eite rozdelili medzi sebou. Do za\u010diatku decembra &nbsp;sme mali &nbsp;zasla\u0165 materi\u00e1ly &nbsp;na pos\u00fadenie. &nbsp;I napriek tomu, \u017ee zhor\u0161uj\u00faca sa pandemick\u00e1 situ\u00e1cia a \u010dast\u00e9 karant\u00e9ny v celej na\u0161ej cvi\u010dnej firme naplno udreli v novembri, &nbsp;term\u00edn sme dodr\u017eali &nbsp;a po\u017eadovan\u00e9 materi\u00e1ly zaslali v\u010das.<\/p>\n<p>\u017dia\u013e, po viano\u010dn\u00fdch sviatkoch pri\u0161la spr\u00e1va, \u017ee ve\u013etrh sa uskuto\u010dn\u00ed v\u00fdlu\u010dne online formou. Zosmutneli sme&#8230;<\/p>\n<p style=\"text-align: justify;\">Napokon sme 26. janu\u00e1ra tohto roka v online prostred\u00ed prezentovali na\u0161u firmu a obsadili tretie miesto. \u010eal\u0161ie ocenenie, rovnako tretie miesto, sme z\u00edskali za reklamn\u00fd spot firmy.&nbsp; Do ve\u013etrhu sa zapojilo &nbsp;spolu 32 firiem z \u010ceskej republiky,&nbsp; Ruska, Rumunska, Belgicka a Slovenskej republiky.<\/p>\n<p>\u010eakujem v\u0161etk\u00fdm \u010dlenom firmy za odveden\u00fa pr\u00e1cu a&nbsp;pani u\u010dite\u013eke odborn\u00fdch predmetov Ing. Anne Kiape\u0161ovej za pomoc a&nbsp;cenn\u00e9 rady.<\/p>\n<p>Nat\u00e1lia Uramov\u00e1, riadite\u013eka cvi\u010dnej firmy CDLi bakery, s. r. o.<\/p>","protected":false},"excerpt":{"rendered":"<p>V janu\u00e1ri 2021 bola v datab\u00e1ze cvi\u010dn\u00fdch firiem Slovensk\u00e9ho centra cvi\u010dn\u00fdch firiem (SCCF) zaregistrovan\u00e1 firma CDLi bakery, s. r. o. Vznikla v r\u00e1mci podnikate\u013esk\u00e9ho vzdel\u00e1vania v \u0161tudijnom odbore Pracovn\u00edk marketingu pri Hotelovej akad\u00e9mii v Liptovskom Mikul\u00e1\u0161i.&nbsp; Vo svojej podnikate\u013eskej \u010dinnosti&nbsp; je zameran\u00e1 na pek\u00e1rensk\u00fa v\u00fdrobu a predaj v\u00fdrobkov pre klientov s potravinovou intoleranciou. Problematika potravinovej [&hellip;]<\/p>\n","protected":false},"author":6,"featured_media":10716,"comment_status":"closed","ping_status":"closed","sticky":false,"template":"","format":"standard","meta":{"site-sidebar-layout":"default","site-content-layout":"default","ast-site-content-layout":"default","site-content-style":"default","site-sidebar-style":"default","ast-global-header-display":"","ast-banner-title-visibility":"","ast-main-header-display":"","ast-hfb-above-header-display":"","ast-hfb-below-header-display":"","ast-hfb-mobile-header-display":"","site-post-title":"","ast-breadcrumbs-content":"","ast-featured-img":"","footer-sml-layout":"","ast-disable-related-posts":"","theme-transparent-header-meta":"default","adv-header-id-meta":"","stick-header-meta":"","header-above-stick-meta":"","header-main-stick-meta":"","header-below-stick-meta":"","astra-migrate-meta-layouts":"default","ast-page-background-enabled":"default","ast-page-background-meta":{"desktop":{"background-color":"var(--ast-global-color-4)","background-image":"","background-repeat":"repeat","background-position":"center center","background-size":"auto","background-attachment":"scroll","background-type":"","background-media":"","overlay-type":"","overlay-color":"","overlay-opacity":"","overlay-gradient":""},"tablet":{"background-color":"","background-image":"","background-repeat":"repeat","background-position":"center center","background-size":"auto","background-attachment":"scroll","background-type":"","background-media":"","overlay-type":"","overlay-color":"","overlay-opacity":"","overlay-gradient":""},"mobile":{"background-color":"","background-image":"","background-repeat":"repeat","background-position":"center center","background-size":"auto","background-attachment":"scroll","background-type":"","background-media":"","overlay-type":"","overlay-color":"","overlay-opacity":"","overlay-gradient":""}},"ast-content-background-meta":{"desktop":{"background-color":"var(--ast-global-color-5)","background-image":"","background-repeat":"repeat","background-position":"center center","background-size":"auto","background-attachment":"scroll","background-type":"","background-media":"","overlay-type":"","overlay-color":"","overlay-opacity":"","overlay-gradient":""},"tablet":{"background-color":"var(--ast-global-color-5)","background-image":"","background-repeat":"repeat","background-position":"center center","background-size":"auto","background-attachment":"scroll","background-type":"","background-media":"","overlay-type":"","overlay-color":"","overlay-opacity":"","overlay-gradient":""},"mobile":{"background-color":"var(--ast-global-color-5)","background-image":"","background-repeat":"repeat","background-position":"center center","background-size":"auto","background-attachment":"scroll","background-type":"","background-media":"","overlay-type":"","overlay-color":"","overlay-opacity":"","overlay-gradient":""}},"footnotes":""},"categories":[1],"tags":[],"class_list":["post-10713","post","type-post","status-publish","format-standard","has-post-thumbnail","hentry","category-aktuality"],"yoast_head":"<!-- This site is optimized with the Yoast SEO plugin v27.5 - https:\/\/yoast.com\/product\/yoast-seo-wordpress\/ -->\n<title>Medzin\u00e1rodn\u00fd ve\u013etrh cvi\u010dn\u00fdch firiem v Olomouci o\u010dami \u017eia\u010dky cvi\u010dnej firmy z Liptovsk\u00e9ho Mikul\u00e1\u0161a - \u0160IOV - \u0161t\u00e1tny in\u0161tit\u00fat odborn\u00e9ho vzdel\u00e1vania<\/title>\n<meta name=\"robots\" content=\"index, follow, max-snippet:-1, max-image-preview:large, max-video-preview:-1\" \/>\n<link rel=\"canonical\" href=\"https:\/\/archiv.siov.sk\/en\/medzinarodny-veltrh-cvicnych-firiem-v-olomouci-ocami-ziacky-cvicnej-firmy-z-liptovskeho-mikulasa\/\" \/>\n<meta property=\"og:locale\" content=\"en_GB\" \/>\n<meta property=\"og:type\" content=\"article\" \/>\n<meta property=\"og:title\" content=\"Medzin\u00e1rodn\u00fd ve\u013etrh cvi\u010dn\u00fdch firiem v Olomouci o\u010dami \u017eia\u010dky cvi\u010dnej firmy z Liptovsk\u00e9ho Mikul\u00e1\u0161a - \u0160IOV - \u0161t\u00e1tny in\u0161tit\u00fat odborn\u00e9ho vzdel\u00e1vania\" \/>\n<meta property=\"og:description\" content=\"V janu\u00e1ri 2021 bola v datab\u00e1ze cvi\u010dn\u00fdch firiem Slovensk\u00e9ho centra cvi\u010dn\u00fdch firiem (SCCF) zaregistrovan\u00e1 firma CDLi bakery, s. r. o. Vznikla v r\u00e1mci podnikate\u013esk\u00e9ho vzdel\u00e1vania v \u0161tudijnom odbore Pracovn\u00edk marketingu pri Hotelovej akad\u00e9mii v Liptovskom Mikul\u00e1\u0161i.&nbsp; Vo svojej podnikate\u013eskej \u010dinnosti&nbsp; je zameran\u00e1 na pek\u00e1rensk\u00fa v\u00fdrobu a predaj v\u00fdrobkov pre klientov s potravinovou intoleranciou. Problematika potravinovej [&hellip;]\" \/>\n<meta property=\"og:url\" content=\"https:\/\/archiv.siov.sk\/en\/medzinarodny-veltrh-cvicnych-firiem-v-olomouci-ocami-ziacky-cvicnej-firmy-z-liptovskeho-mikulasa\/\" \/>\n<meta property=\"og:site_name\" content=\"\u0160IOV - \u0161t\u00e1tny in\u0161tit\u00fat odborn\u00e9ho vzdel\u00e1vania\" \/>\n<meta property=\"article:publisher\" content=\"https:\/\/www.facebook.com\/Statnyinstitutodbornehovzdelavania\" \/>\n<meta property=\"article:published_time\" content=\"2022-02-16T09:27:01+00:00\" \/>\n<meta property=\"og:image\" content=\"https:\/\/archiv.siov.sk\/wp-content\/uploads\/2022\/02\/273673471_624910548600073_8507788607533254351_n.jpg\" \/>\n\t<meta property=\"og:image:width\" content=\"474\" \/>\n\t<meta property=\"og:image:height\" content=\"655\" \/>\n\t<meta property=\"og:image:type\" content=\"image\/jpeg\" \/>\n<meta name=\"author\" content=\"Katar\u00edna Kov\u00e1\u010dov\u00e1\" \/>\n<meta name=\"twitter:card\" content=\"summary_large_image\" \/>\n<meta name=\"twitter:label1\" content=\"Written by\" \/>\n\t<meta name=\"twitter:data1\" content=\"Katar\u00edna Kov\u00e1\u010dov\u00e1\" \/>\n\t<meta name=\"twitter:label2\" content=\"Estimated reading time\" \/>\n\t<meta name=\"twitter:data2\" content=\"2 minutes\" \/>\n<script type=\"application\/ld+json\" class=\"yoast-schema-graph\">{\"@context\":\"https:\\\/\\\/schema.org\",\"@graph\":[{\"@type\":\"Article\",\"@id\":\"https:\\\/\\\/archiv.siov.sk\\\/medzinarodny-veltrh-cvicnych-firiem-v-olomouci-ocami-ziacky-cvicnej-firmy-z-liptovskeho-mikulasa\\\/#article\",\"isPartOf\":{\"@id\":\"https:\\\/\\\/archiv.siov.sk\\\/medzinarodny-veltrh-cvicnych-firiem-v-olomouci-ocami-ziacky-cvicnej-firmy-z-liptovskeho-mikulasa\\\/\"},\"author\":{\"name\":\"Katar\u00edna Kov\u00e1\u010dov\u00e1\",\"@id\":\"https:\\\/\\\/archiv.siov.sk\\\/#\\\/schema\\\/person\\\/e42d633fbd958c6a726e8834d8965e6c\"},\"headline\":\"Medzin\u00e1rodn\u00fd ve\u013etrh cvi\u010dn\u00fdch firiem v Olomouci o\u010dami \u017eia\u010dky cvi\u010dnej firmy z Liptovsk\u00e9ho Mikul\u00e1\u0161a\",\"datePublished\":\"2022-02-16T09:27:01+00:00\",\"mainEntityOfPage\":{\"@id\":\"https:\\\/\\\/archiv.siov.sk\\\/medzinarodny-veltrh-cvicnych-firiem-v-olomouci-ocami-ziacky-cvicnej-firmy-z-liptovskeho-mikulasa\\\/\"},\"wordCount\":413,\"publisher\":{\"@id\":\"https:\\\/\\\/archiv.siov.sk\\\/#organization\"},\"image\":{\"@id\":\"https:\\\/\\\/archiv.siov.sk\\\/medzinarodny-veltrh-cvicnych-firiem-v-olomouci-ocami-ziacky-cvicnej-firmy-z-liptovskeho-mikulasa\\\/#primaryimage\"},\"thumbnailUrl\":\"https:\\\/\\\/archiv.siov.sk\\\/wp-content\\\/uploads\\\/2022\\\/02\\\/273673471_624910548600073_8507788607533254351_n.jpg\",\"articleSection\":[\"Aktuality\"],\"inLanguage\":\"en-GB\"},{\"@type\":\"WebPage\",\"@id\":\"https:\\\/\\\/archiv.siov.sk\\\/medzinarodny-veltrh-cvicnych-firiem-v-olomouci-ocami-ziacky-cvicnej-firmy-z-liptovskeho-mikulasa\\\/\",\"url\":\"https:\\\/\\\/archiv.siov.sk\\\/medzinarodny-veltrh-cvicnych-firiem-v-olomouci-ocami-ziacky-cvicnej-firmy-z-liptovskeho-mikulasa\\\/\",\"name\":\"Medzin\u00e1rodn\u00fd ve\u013etrh cvi\u010dn\u00fdch firiem v Olomouci o\u010dami \u017eia\u010dky cvi\u010dnej firmy z Liptovsk\u00e9ho Mikul\u00e1\u0161a - \u0160IOV - \u0161t\u00e1tny in\u0161tit\u00fat odborn\u00e9ho vzdel\u00e1vania\",\"isPartOf\":{\"@id\":\"https:\\\/\\\/archiv.siov.sk\\\/#website\"},\"primaryImageOfPage\":{\"@id\":\"https:\\\/\\\/archiv.siov.sk\\\/medzinarodny-veltrh-cvicnych-firiem-v-olomouci-ocami-ziacky-cvicnej-firmy-z-liptovskeho-mikulasa\\\/#primaryimage\"},\"image\":{\"@id\":\"https:\\\/\\\/archiv.siov.sk\\\/medzinarodny-veltrh-cvicnych-firiem-v-olomouci-ocami-ziacky-cvicnej-firmy-z-liptovskeho-mikulasa\\\/#primaryimage\"},\"thumbnailUrl\":\"https:\\\/\\\/archiv.siov.sk\\\/wp-content\\\/uploads\\\/2022\\\/02\\\/273673471_624910548600073_8507788607533254351_n.jpg\",\"datePublished\":\"2022-02-16T09:27:01+00:00\",\"breadcrumb\":{\"@id\":\"https:\\\/\\\/archiv.siov.sk\\\/medzinarodny-veltrh-cvicnych-firiem-v-olomouci-ocami-ziacky-cvicnej-firmy-z-liptovskeho-mikulasa\\\/#breadcrumb\"},\"inLanguage\":\"en-GB\",\"potentialAction\":[{\"@type\":\"ReadAction\",\"target\":[\"https:\\\/\\\/archiv.siov.sk\\\/medzinarodny-veltrh-cvicnych-firiem-v-olomouci-ocami-ziacky-cvicnej-firmy-z-liptovskeho-mikulasa\\\/\"]}]},{\"@type\":\"ImageObject\",\"inLanguage\":\"en-GB\",\"@id\":\"https:\\\/\\\/archiv.siov.sk\\\/medzinarodny-veltrh-cvicnych-firiem-v-olomouci-ocami-ziacky-cvicnej-firmy-z-liptovskeho-mikulasa\\\/#primaryimage\",\"url\":\"https:\\\/\\\/archiv.siov.sk\\\/wp-content\\\/uploads\\\/2022\\\/02\\\/273673471_624910548600073_8507788607533254351_n.jpg\",\"contentUrl\":\"https:\\\/\\\/archiv.siov.sk\\\/wp-content\\\/uploads\\\/2022\\\/02\\\/273673471_624910548600073_8507788607533254351_n.jpg\",\"width\":474,\"height\":655},{\"@type\":\"BreadcrumbList\",\"@id\":\"https:\\\/\\\/archiv.siov.sk\\\/medzinarodny-veltrh-cvicnych-firiem-v-olomouci-ocami-ziacky-cvicnej-firmy-z-liptovskeho-mikulasa\\\/#breadcrumb\",\"itemListElement\":[{\"@type\":\"ListItem\",\"position\":1,\"name\":\"Home\",\"item\":\"https:\\\/\\\/archiv.siov.sk\\\/\"},{\"@type\":\"ListItem\",\"position\":2,\"name\":\"Medzin\u00e1rodn\u00fd ve\u013etrh cvi\u010dn\u00fdch firiem v Olomouci o\u010dami \u017eia\u010dky cvi\u010dnej firmy z Liptovsk\u00e9ho Mikul\u00e1\u0161a\"}]},{\"@type\":\"WebSite\",\"@id\":\"https:\\\/\\\/archiv.siov.sk\\\/#website\",\"url\":\"https:\\\/\\\/archiv.siov.sk\\\/\",\"name\":\"\u0160IOV - \u0161t\u00e1tny in\u0161tit\u00fat odborn\u00e9ho vzdel\u00e1vania\",\"description\":\"\",\"publisher\":{\"@id\":\"https:\\\/\\\/archiv.siov.sk\\\/#organization\"},\"potentialAction\":[{\"@type\":\"SearchAction\",\"target\":{\"@type\":\"EntryPoint\",\"urlTemplate\":\"https:\\\/\\\/archiv.siov.sk\\\/?s={search_term_string}\"},\"query-input\":{\"@type\":\"PropertyValueSpecification\",\"valueRequired\":true,\"valueName\":\"search_term_string\"}}],\"inLanguage\":\"en-GB\"},{\"@type\":\"Organization\",\"@id\":\"https:\\\/\\\/archiv.siov.sk\\\/#organization\",\"name\":\"\u0160IOV - \u0161t\u00e1tny in\u0161tit\u00fat odborn\u00e9ho vzdel\u00e1vania\",\"url\":\"https:\\\/\\\/archiv.siov.sk\\\/\",\"logo\":{\"@type\":\"ImageObject\",\"inLanguage\":\"en-GB\",\"@id\":\"https:\\\/\\\/archiv.siov.sk\\\/#\\\/schema\\\/logo\\\/image\\\/\",\"url\":\"https:\\\/\\\/archiv.siov.sk\\\/wp-content\\\/uploads\\\/2024\\\/02\\\/logo-SIOV.png\",\"contentUrl\":\"https:\\\/\\\/archiv.siov.sk\\\/wp-content\\\/uploads\\\/2024\\\/02\\\/logo-SIOV.png\",\"width\":431,\"height\":143,\"caption\":\"\u0160IOV - \u0161t\u00e1tny in\u0161tit\u00fat odborn\u00e9ho vzdel\u00e1vania\"},\"image\":{\"@id\":\"https:\\\/\\\/archiv.siov.sk\\\/#\\\/schema\\\/logo\\\/image\\\/\"},\"sameAs\":[\"https:\\\/\\\/www.facebook.com\\\/Statnyinstitutodbornehovzdelavania\"]},{\"@type\":\"Person\",\"@id\":\"https:\\\/\\\/archiv.siov.sk\\\/#\\\/schema\\\/person\\\/e42d633fbd958c6a726e8834d8965e6c\",\"name\":\"Katar\u00edna Kov\u00e1\u010dov\u00e1\",\"url\":\"https:\\\/\\\/archiv.siov.sk\\\/en\\\/author\\\/katkakovacova\\\/\"}]}<\/script>\n<!-- \/ Yoast SEO plugin. -->","yoast_head_json":{"title":"Medzin\u00e1rodn\u00fd ve\u013etrh cvi\u010dn\u00fdch firiem v Olomouci o\u010dami \u017eia\u010dky cvi\u010dnej firmy z Liptovsk\u00e9ho Mikul\u00e1\u0161a - \u0160IOV - \u0161t\u00e1tny in\u0161tit\u00fat odborn\u00e9ho vzdel\u00e1vania","robots":{"index":"index","follow":"follow","max-snippet":"max-snippet:-1","max-image-preview":"max-image-preview:large","max-video-preview":"max-video-preview:-1"},"canonical":"https:\/\/archiv.siov.sk\/en\/medzinarodny-veltrh-cvicnych-firiem-v-olomouci-ocami-ziacky-cvicnej-firmy-z-liptovskeho-mikulasa\/","og_locale":"en_GB","og_type":"article","og_title":"Medzin\u00e1rodn\u00fd ve\u013etrh cvi\u010dn\u00fdch firiem v Olomouci o\u010dami \u017eia\u010dky cvi\u010dnej firmy z Liptovsk\u00e9ho Mikul\u00e1\u0161a - \u0160IOV - \u0161t\u00e1tny in\u0161tit\u00fat odborn\u00e9ho vzdel\u00e1vania","og_description":"V janu\u00e1ri 2021 bola v datab\u00e1ze cvi\u010dn\u00fdch firiem Slovensk\u00e9ho centra cvi\u010dn\u00fdch firiem (SCCF) zaregistrovan\u00e1 firma CDLi bakery, s. r. o. Vznikla v r\u00e1mci podnikate\u013esk\u00e9ho vzdel\u00e1vania v \u0161tudijnom odbore Pracovn\u00edk marketingu pri Hotelovej akad\u00e9mii v Liptovskom Mikul\u00e1\u0161i.&nbsp; Vo svojej podnikate\u013eskej \u010dinnosti&nbsp; je zameran\u00e1 na pek\u00e1rensk\u00fa v\u00fdrobu a predaj v\u00fdrobkov pre klientov s potravinovou intoleranciou. Problematika potravinovej [&hellip;]","og_url":"https:\/\/archiv.siov.sk\/en\/medzinarodny-veltrh-cvicnych-firiem-v-olomouci-ocami-ziacky-cvicnej-firmy-z-liptovskeho-mikulasa\/","og_site_name":"\u0160IOV - \u0161t\u00e1tny in\u0161tit\u00fat odborn\u00e9ho vzdel\u00e1vania","article_publisher":"https:\/\/www.facebook.com\/Statnyinstitutodbornehovzdelavania","article_published_time":"2022-02-16T09:27:01+00:00","og_image":[{"width":474,"height":655,"url":"https:\/\/archiv.siov.sk\/wp-content\/uploads\/2022\/02\/273673471_624910548600073_8507788607533254351_n.jpg","type":"image\/jpeg"}],"author":"Katar\u00edna Kov\u00e1\u010dov\u00e1","twitter_card":"summary_large_image","twitter_misc":{"Written by":"Katar\u00edna Kov\u00e1\u010dov\u00e1","Estimated reading time":"2 minutes"},"schema":{"@context":"https:\/\/schema.org","@graph":[{"@type":"Article","@id":"https:\/\/archiv.siov.sk\/medzinarodny-veltrh-cvicnych-firiem-v-olomouci-ocami-ziacky-cvicnej-firmy-z-liptovskeho-mikulasa\/#article","isPartOf":{"@id":"https:\/\/archiv.siov.sk\/medzinarodny-veltrh-cvicnych-firiem-v-olomouci-ocami-ziacky-cvicnej-firmy-z-liptovskeho-mikulasa\/"},"author":{"name":"Katar\u00edna Kov\u00e1\u010dov\u00e1","@id":"https:\/\/archiv.siov.sk\/#\/schema\/person\/e42d633fbd958c6a726e8834d8965e6c"},"headline":"Medzin\u00e1rodn\u00fd ve\u013etrh cvi\u010dn\u00fdch firiem v Olomouci o\u010dami \u017eia\u010dky cvi\u010dnej firmy z Liptovsk\u00e9ho Mikul\u00e1\u0161a","datePublished":"2022-02-16T09:27:01+00:00","mainEntityOfPage":{"@id":"https:\/\/archiv.siov.sk\/medzinarodny-veltrh-cvicnych-firiem-v-olomouci-ocami-ziacky-cvicnej-firmy-z-liptovskeho-mikulasa\/"},"wordCount":413,"publisher":{"@id":"https:\/\/archiv.siov.sk\/#organization"},"image":{"@id":"https:\/\/archiv.siov.sk\/medzinarodny-veltrh-cvicnych-firiem-v-olomouci-ocami-ziacky-cvicnej-firmy-z-liptovskeho-mikulasa\/#primaryimage"},"thumbnailUrl":"https:\/\/archiv.siov.sk\/wp-content\/uploads\/2022\/02\/273673471_624910548600073_8507788607533254351_n.jpg","articleSection":["Aktuality"],"inLanguage":"en-GB"},{"@type":"WebPage","@id":"https:\/\/archiv.siov.sk\/medzinarodny-veltrh-cvicnych-firiem-v-olomouci-ocami-ziacky-cvicnej-firmy-z-liptovskeho-mikulasa\/","url":"https:\/\/archiv.siov.sk\/medzinarodny-veltrh-cvicnych-firiem-v-olomouci-ocami-ziacky-cvicnej-firmy-z-liptovskeho-mikulasa\/","name":"Medzin\u00e1rodn\u00fd ve\u013etrh cvi\u010dn\u00fdch firiem v Olomouci o\u010dami \u017eia\u010dky cvi\u010dnej firmy z Liptovsk\u00e9ho Mikul\u00e1\u0161a - \u0160IOV - \u0161t\u00e1tny in\u0161tit\u00fat odborn\u00e9ho vzdel\u00e1vania","isPartOf":{"@id":"https:\/\/archiv.siov.sk\/#website"},"primaryImageOfPage":{"@id":"https:\/\/archiv.siov.sk\/medzinarodny-veltrh-cvicnych-firiem-v-olomouci-ocami-ziacky-cvicnej-firmy-z-liptovskeho-mikulasa\/#primaryimage"},"image":{"@id":"https:\/\/archiv.siov.sk\/medzinarodny-veltrh-cvicnych-firiem-v-olomouci-ocami-ziacky-cvicnej-firmy-z-liptovskeho-mikulasa\/#primaryimage"},"thumbnailUrl":"https:\/\/archiv.siov.sk\/wp-content\/uploads\/2022\/02\/273673471_624910548600073_8507788607533254351_n.jpg","datePublished":"2022-02-16T09:27:01+00:00","breadcrumb":{"@id":"https:\/\/archiv.siov.sk\/medzinarodny-veltrh-cvicnych-firiem-v-olomouci-ocami-ziacky-cvicnej-firmy-z-liptovskeho-mikulasa\/#breadcrumb"},"inLanguage":"en-GB","potentialAction":[{"@type":"ReadAction","target":["https:\/\/archiv.siov.sk\/medzinarodny-veltrh-cvicnych-firiem-v-olomouci-ocami-ziacky-cvicnej-firmy-z-liptovskeho-mikulasa\/"]}]},{"@type":"ImageObject","inLanguage":"en-GB","@id":"https:\/\/archiv.siov.sk\/medzinarodny-veltrh-cvicnych-firiem-v-olomouci-ocami-ziacky-cvicnej-firmy-z-liptovskeho-mikulasa\/#primaryimage","url":"https:\/\/archiv.siov.sk\/wp-content\/uploads\/2022\/02\/273673471_624910548600073_8507788607533254351_n.jpg","contentUrl":"https:\/\/archiv.siov.sk\/wp-content\/uploads\/2022\/02\/273673471_624910548600073_8507788607533254351_n.jpg","width":474,"height":655},{"@type":"BreadcrumbList","@id":"https:\/\/archiv.siov.sk\/medzinarodny-veltrh-cvicnych-firiem-v-olomouci-ocami-ziacky-cvicnej-firmy-z-liptovskeho-mikulasa\/#breadcrumb","itemListElement":[{"@type":"ListItem","position":1,"name":"Home","item":"https:\/\/archiv.siov.sk\/"},{"@type":"ListItem","position":2,"name":"Medzin\u00e1rodn\u00fd ve\u013etrh cvi\u010dn\u00fdch firiem v Olomouci o\u010dami \u017eia\u010dky cvi\u010dnej firmy z Liptovsk\u00e9ho Mikul\u00e1\u0161a"}]},{"@type":"WebSite","@id":"https:\/\/archiv.siov.sk\/#website","url":"https:\/\/archiv.siov.sk\/","name":"\u0160IOV - \u0161t\u00e1tny in\u0161tit\u00fat odborn\u00e9ho vzdel\u00e1vania","description":"","publisher":{"@id":"https:\/\/archiv.siov.sk\/#organization"},"potentialAction":[{"@type":"SearchAction","target":{"@type":"EntryPoint","urlTemplate":"https:\/\/archiv.siov.sk\/?s={search_term_string}"},"query-input":{"@type":"PropertyValueSpecification","valueRequired":true,"valueName":"search_term_string"}}],"inLanguage":"en-GB"},{"@type":"Organization","@id":"https:\/\/archiv.siov.sk\/#organization","name":"\u0160IOV - \u0161t\u00e1tny in\u0161tit\u00fat odborn\u00e9ho vzdel\u00e1vania","url":"https:\/\/archiv.siov.sk\/","logo":{"@type":"ImageObject","inLanguage":"en-GB","@id":"https:\/\/archiv.siov.sk\/#\/schema\/logo\/image\/","url":"https:\/\/archiv.siov.sk\/wp-content\/uploads\/2024\/02\/logo-SIOV.png","contentUrl":"https:\/\/archiv.siov.sk\/wp-content\/uploads\/2024\/02\/logo-SIOV.png","width":431,"height":143,"caption":"\u0160IOV - \u0161t\u00e1tny in\u0161tit\u00fat odborn\u00e9ho vzdel\u00e1vania"},"image":{"@id":"https:\/\/archiv.siov.sk\/#\/schema\/logo\/image\/"},"sameAs":["https:\/\/www.facebook.com\/Statnyinstitutodbornehovzdelavania"]},{"@type":"Person","@id":"https:\/\/archiv.siov.sk\/#\/schema\/person\/e42d633fbd958c6a726e8834d8965e6c","name":"Katar\u00edna Kov\u00e1\u010dov\u00e1","url":"https:\/\/archiv.siov.sk\/en\/author\/katkakovacova\/"}]}},"_links":{"self":[{"href":"https:\/\/archiv.siov.sk\/en\/wp-json\/wp\/v2\/posts\/10713","targetHints":{"allow":["GET"]}}],"collection":[{"href":"https:\/\/archiv.siov.sk\/en\/wp-json\/wp\/v2\/posts"}],"about":[{"href":"https:\/\/archiv.siov.sk\/en\/wp-json\/wp\/v2\/types\/post"}],"author":[{"embeddable":true,"href":"https:\/\/archiv.siov.sk\/en\/wp-json\/wp\/v2\/users\/6"}],"replies":[{"embeddable":true,"href":"https:\/\/archiv.siov.sk\/en\/wp-json\/wp\/v2\/comments?post=10713"}],"version-history":[{"count":2,"href":"https:\/\/archiv.siov.sk\/en\/wp-json\/wp\/v2\/posts\/10713\/revisions"}],"predecessor-version":[{"id":10717,"href":"https:\/\/archiv.siov.sk\/en\/wp-json\/wp\/v2\/posts\/10713\/revisions\/10717"}],"wp:featuredmedia":[{"embeddable":true,"href":"https:\/\/archiv.siov.sk\/en\/wp-json\/wp\/v2\/media\/10716"}],"wp:attachment":[{"href":"https:\/\/archiv.siov.sk\/en\/wp-json\/wp\/v2\/media?parent=10713"}],"wp:term":[{"taxonomy":"category","embeddable":true,"href":"https:\/\/archiv.siov.sk\/en\/wp-json\/wp\/v2\/categories?post=10713"},{"taxonomy":"post_tag","embeddable":true,"href":"https:\/\/archiv.siov.sk\/en\/wp-json\/wp\/v2\/tags?post=10713"}],"curies":[{"name":"wp","href":"https:\/\/api.w.org\/{rel}","templated":true}]}}