{"id":10605,"date":"2022-01-25T12:54:07","date_gmt":"2022-01-25T11:54:07","guid":{"rendered":"https:\/\/archiv.siov.sk\/?p=10605"},"modified":"2022-01-26T12:43:02","modified_gmt":"2022-01-26T11:43:02","slug":"projekty-stredoskolskej-odbornej-cinnosti-zamerane-na-ochranu-a-obnovu-zivotneho-prostredia-na-5-rocniku-sutaze-zeleny-andel","status":"publish","type":"post","link":"https:\/\/archiv.siov.sk\/en\/projekty-stredoskolskej-odbornej-cinnosti-zamerane-na-ochranu-a-obnovu-zivotneho-prostredia-na-5-rocniku-sutaze-zeleny-andel\/","title":{"rendered":"Projekty Stredo\u0161kolskej odbornej \u010dinnosti zameran\u00e9 na ochranu a obnovu \u017eivotn\u00e9ho prostredia na 5. ro\u010dn\u00edku s\u00fa\u0165a\u017ee \u201eZelen\u00fd andel\u201c"},"content":{"rendered":"<p style=\"text-align: justify;\">S\u00fa\u0165a\u017e &#8222;Zelen\u00fd andel&#8220; organizuje Katedra ekoch\u00e9mie a r\u00e1dioekol\u00f3gie Fakulty pr\u00edrodn\u00fdch vied Univerzity sv. Cyrila a Metoda v Trnave v spolupr\u00e1ci so \u0160t\u00e1tnym in\u0161tit\u00fatom odborn\u00e9ho vzdel\u00e1vania (\u0160IOV), odborom podpory smerovania ml\u00e1de\u017ee v Bratislave, Region\u00e1lnym \u00faradom \u0161kolskej spr\u00e1vy v Trnave a \u010fal\u0161\u00edmi partnermi. V porad\u00ed&nbsp; piaty ro\u010dn\u00edk umo\u017en\u00ed&nbsp; \u017eiakom v\u0161etk\u00fdch ro\u010dn\u00edkov \u0161tudijn\u00fdch odborov gymn\u00e1zi\u00ed, \u0161tudijn\u00fdch a u\u010debn\u00fdch odborov stredn\u00fdch \u0161k\u00f4l a konzervat\u00f3ri\u00ed, ktor\u00ed svoj projekt prihl\u00e1sili &nbsp;do &nbsp;Stredo\u0161kolskej odbornej \u010dinnosti (SO\u010c) v \u0161kolskom roku 2021\/2022 ho aj &nbsp;\u010falej prezentova\u0165 .&nbsp; &nbsp;<\/p>\n<p style=\"text-align: justify;\">\u201eSO\u010c-k\u00e1ri\u201c, ktor\u00fdch zauj\u00edma &nbsp;problematika \u017eivotn\u00e9ho prostredia v spojitosti s t\u00e9mami zameran\u00fdmi na vodu, p\u00f4du, ovzdu\u0161ie, dopravu, priemysel, odpady, energie, environment\u00e1lnu v\u00fdchovu, umenie, mana\u017ement, environment\u00e1lne pr\u00e1vo, zdravie obyvate\u013estva, biosf\u00e9ru, krajinn\u00fa ekol\u00f3giu, pracovn\u00e9 alebo obytn\u00e9 prostredie sa od teraz do 31. marca 2022 m\u00f4\u017eu zaregistrova\u0165 s projektom do &#8222;Zelen\u00e9ho andela&#8220; na str\u00e1nke Katedry ekoch\u00e9mie a r\u00e1dioekol\u00f3gie Fakulty pr\u00edrodn\u00fdch vied Univerzity sv. Cyrila a Metoda v Trnave.&nbsp;<\/p>\n<p style=\"text-align: justify;\">Odborn\u00e1 hodnotiaca komisia pod veden\u00edm doc. RNDr. Miroslava Horn\u00edka, PhD.&nbsp; bude hodnoti\u0165 aktu\u00e1lnos\u0165 zvolenej t\u00e9my, originalitu a&nbsp;inovat\u00edvnos\u0165,&nbsp; praktick\u00e9 uplatnenie a&nbsp;dosah v\u00fdsledkov a&nbsp;v&nbsp;neposlednom rade form\u00e1lnu \u00farove\u0148 p\u00edsomnej&nbsp; \u010dasti projektu. &nbsp;Najlep\u0161ie pr\u00e1ce z\u00edskaj\u00fa cenu Zelen\u00fd andel a&nbsp;mo\u017enos\u0165 predstavi\u0165 pr\u00e1cu na sl\u00e1vnostnom zasadnut\u00ed Katedry ekoch\u00e9mie a&nbsp;r\u00e1dioekol\u00f3gie v&nbsp;\u0160pa\u010dinciach. &nbsp;&nbsp;&nbsp;<\/p>\n<p style=\"text-align: justify;\">Cie\u013eom s\u00fa\u0165a\u017ee je podpora z\u00e1ujmu \u017eiakov o vypracovanie projektu SO\u010c v s\u00fa\u0165a\u017en\u00fdch odboroch, ktor\u00e9 s\u00favisia s ochranou a obnovou \u017eivotn\u00e9ho prostredia, prehlbovanie vedomost\u00ed a zru\u010dnost\u00ed \u017eiakov, podpora s\u00fa\u0165a\u017eivosti a z\u00edskavania sk\u00fasenost\u00ed pri prezentovan\u00ed svojich v\u00fdsledkov.<\/p>\n<p>Stredo\u0161kolsk\u00fa odborn\u00fa \u010dinnos\u0165 organizuje &nbsp;\u0160t\u00e1tny in\u0161tit\u00fat odborn\u00e9ho vzdel\u00e1vania a vyhlasuje Ministerstvo \u0161kolstva, vedy, v\u00fdskumu a \u0161portu SR. &nbsp;<\/p>","protected":false},"excerpt":{"rendered":"<p>S\u00fa\u0165a\u017e &#8222;Zelen\u00fd andel&#8220; organizuje Katedra ekoch\u00e9mie a r\u00e1dioekol\u00f3gie Fakulty pr\u00edrodn\u00fdch vied Univerzity sv. Cyrila a Metoda v Trnave v spolupr\u00e1ci so \u0160t\u00e1tnym in\u0161tit\u00fatom odborn\u00e9ho vzdel\u00e1vania (\u0160IOV), odborom podpory smerovania ml\u00e1de\u017ee v Bratislave, Region\u00e1lnym \u00faradom \u0161kolskej spr\u00e1vy v Trnave a \u010fal\u0161\u00edmi partnermi. V porad\u00ed&nbsp; piaty ro\u010dn\u00edk umo\u017en\u00ed&nbsp; \u017eiakom v\u0161etk\u00fdch ro\u010dn\u00edkov \u0161tudijn\u00fdch odborov gymn\u00e1zi\u00ed, \u0161tudijn\u00fdch a u\u010debn\u00fdch [&hellip;]<\/p>\n","protected":false},"author":6,"featured_media":10608,"comment_status":"closed","ping_status":"closed","sticky":false,"template":"","format":"standard","meta":{"site-sidebar-layout":"default","site-content-layout":"default","ast-site-content-layout":"default","site-content-style":"default","site-sidebar-style":"default","ast-global-header-display":"","ast-banner-title-visibility":"","ast-main-header-display":"","ast-hfb-above-header-display":"","ast-hfb-below-header-display":"","ast-hfb-mobile-header-display":"","site-post-title":"","ast-breadcrumbs-content":"","ast-featured-img":"","footer-sml-layout":"","ast-disable-related-posts":"","theme-transparent-header-meta":"default","adv-header-id-meta":"","stick-header-meta":"","header-above-stick-meta":"","header-main-stick-meta":"","header-below-stick-meta":"","astra-migrate-meta-layouts":"default","ast-page-background-enabled":"default","ast-page-background-meta":{"desktop":{"background-color":"var(--ast-global-color-4)","background-image":"","background-repeat":"repeat","background-position":"center center","background-size":"auto","background-attachment":"scroll","background-type":"","background-media":"","overlay-type":"","overlay-color":"","overlay-opacity":"","overlay-gradient":""},"tablet":{"background-color":"","background-image":"","background-repeat":"repeat","background-position":"center center","background-size":"auto","background-attachment":"scroll","background-type":"","background-media":"","overlay-type":"","overlay-color":"","overlay-opacity":"","overlay-gradient":""},"mobile":{"background-color":"","background-image":"","background-repeat":"repeat","background-position":"center center","background-size":"auto","background-attachment":"scroll","background-type":"","background-media":"","overlay-type":"","overlay-color":"","overlay-opacity":"","overlay-gradient":""}},"ast-content-background-meta":{"desktop":{"background-color":"var(--ast-global-color-5)","background-image":"","background-repeat":"repeat","background-position":"center center","background-size":"auto","background-attachment":"scroll","background-type":"","background-media":"","overlay-type":"","overlay-color":"","overlay-opacity":"","overlay-gradient":""},"tablet":{"background-color":"var(--ast-global-color-5)","background-image":"","background-repeat":"repeat","background-position":"center center","background-size":"auto","background-attachment":"scroll","background-type":"","background-media":"","overlay-type":"","overlay-color":"","overlay-opacity":"","overlay-gradient":""},"mobile":{"background-color":"var(--ast-global-color-5)","background-image":"","background-repeat":"repeat","background-position":"center center","background-size":"auto","background-attachment":"scroll","background-type":"","background-media":"","overlay-type":"","overlay-color":"","overlay-opacity":"","overlay-gradient":""}},"footnotes":""},"categories":[1],"tags":[],"class_list":["post-10605","post","type-post","status-publish","format-standard","has-post-thumbnail","hentry","category-aktuality"],"yoast_head":"<!-- This site is optimized with the Yoast SEO plugin v27.5 - https:\/\/yoast.com\/product\/yoast-seo-wordpress\/ -->\n<title>Projekty Stredo\u0161kolskej odbornej \u010dinnosti zameran\u00e9 na ochranu a obnovu \u017eivotn\u00e9ho prostredia na 5. ro\u010dn\u00edku s\u00fa\u0165a\u017ee \u201eZelen\u00fd andel\u201c - \u0160IOV - \u0161t\u00e1tny in\u0161tit\u00fat odborn\u00e9ho vzdel\u00e1vania<\/title>\n<meta name=\"robots\" content=\"index, follow, max-snippet:-1, max-image-preview:large, max-video-preview:-1\" \/>\n<link rel=\"canonical\" href=\"https:\/\/archiv.siov.sk\/en\/projekty-stredoskolskej-odbornej-cinnosti-zamerane-na-ochranu-a-obnovu-zivotneho-prostredia-na-5-rocniku-sutaze-zeleny-andel\/\" \/>\n<meta property=\"og:locale\" content=\"en_GB\" \/>\n<meta property=\"og:type\" content=\"article\" \/>\n<meta property=\"og:title\" content=\"Projekty Stredo\u0161kolskej odbornej \u010dinnosti zameran\u00e9 na ochranu a obnovu \u017eivotn\u00e9ho prostredia na 5. ro\u010dn\u00edku s\u00fa\u0165a\u017ee \u201eZelen\u00fd andel\u201c - \u0160IOV - \u0161t\u00e1tny in\u0161tit\u00fat odborn\u00e9ho vzdel\u00e1vania\" \/>\n<meta property=\"og:description\" content=\"S\u00fa\u0165a\u017e &#8222;Zelen\u00fd andel&#8220; organizuje Katedra ekoch\u00e9mie a r\u00e1dioekol\u00f3gie Fakulty pr\u00edrodn\u00fdch vied Univerzity sv. Cyrila a Metoda v Trnave v spolupr\u00e1ci so \u0160t\u00e1tnym in\u0161tit\u00fatom odborn\u00e9ho vzdel\u00e1vania (\u0160IOV), odborom podpory smerovania ml\u00e1de\u017ee v Bratislave, Region\u00e1lnym \u00faradom \u0161kolskej spr\u00e1vy v Trnave a \u010fal\u0161\u00edmi partnermi. V porad\u00ed&nbsp; piaty ro\u010dn\u00edk umo\u017en\u00ed&nbsp; \u017eiakom v\u0161etk\u00fdch ro\u010dn\u00edkov \u0161tudijn\u00fdch odborov gymn\u00e1zi\u00ed, \u0161tudijn\u00fdch a u\u010debn\u00fdch [&hellip;]\" \/>\n<meta property=\"og:url\" content=\"https:\/\/archiv.siov.sk\/en\/projekty-stredoskolskej-odbornej-cinnosti-zamerane-na-ochranu-a-obnovu-zivotneho-prostredia-na-5-rocniku-sutaze-zeleny-andel\/\" \/>\n<meta property=\"og:site_name\" content=\"\u0160IOV - \u0161t\u00e1tny in\u0161tit\u00fat odborn\u00e9ho vzdel\u00e1vania\" \/>\n<meta property=\"article:publisher\" content=\"https:\/\/www.facebook.com\/Statnyinstitutodbornehovzdelavania\" \/>\n<meta property=\"article:published_time\" content=\"2022-01-25T11:54:07+00:00\" \/>\n<meta property=\"article:modified_time\" content=\"2022-01-26T11:43:02+00:00\" \/>\n<meta property=\"og:image\" content=\"https:\/\/archiv.siov.sk\/wp-content\/uploads\/2022\/01\/zeleny-andel.png\" \/>\n\t<meta property=\"og:image:width\" content=\"200\" \/>\n\t<meta property=\"og:image:height\" content=\"151\" \/>\n\t<meta property=\"og:image:type\" content=\"image\/png\" \/>\n<meta name=\"author\" content=\"Katar\u00edna Kov\u00e1\u010dov\u00e1\" \/>\n<meta name=\"twitter:card\" content=\"summary_large_image\" \/>\n<meta name=\"twitter:label1\" content=\"Written by\" \/>\n\t<meta name=\"twitter:data1\" content=\"Katar\u00edna Kov\u00e1\u010dov\u00e1\" \/>\n\t<meta name=\"twitter:label2\" content=\"Estimated reading time\" \/>\n\t<meta name=\"twitter:data2\" content=\"2 minutes\" \/>\n<script type=\"application\/ld+json\" class=\"yoast-schema-graph\">{\"@context\":\"https:\\\/\\\/schema.org\",\"@graph\":[{\"@type\":\"Article\",\"@id\":\"https:\\\/\\\/archiv.siov.sk\\\/projekty-stredoskolskej-odbornej-cinnosti-zamerane-na-ochranu-a-obnovu-zivotneho-prostredia-na-5-rocniku-sutaze-zeleny-andel\\\/#article\",\"isPartOf\":{\"@id\":\"https:\\\/\\\/archiv.siov.sk\\\/projekty-stredoskolskej-odbornej-cinnosti-zamerane-na-ochranu-a-obnovu-zivotneho-prostredia-na-5-rocniku-sutaze-zeleny-andel\\\/\"},\"author\":{\"name\":\"Katar\u00edna Kov\u00e1\u010dov\u00e1\",\"@id\":\"https:\\\/\\\/archiv.siov.sk\\\/#\\\/schema\\\/person\\\/e42d633fbd958c6a726e8834d8965e6c\"},\"headline\":\"Projekty Stredo\u0161kolskej odbornej \u010dinnosti zameran\u00e9 na ochranu a obnovu \u017eivotn\u00e9ho prostredia na 5. ro\u010dn\u00edku s\u00fa\u0165a\u017ee \u201eZelen\u00fd andel\u201c\",\"datePublished\":\"2022-01-25T11:54:07+00:00\",\"dateModified\":\"2022-01-26T11:43:02+00:00\",\"mainEntityOfPage\":{\"@id\":\"https:\\\/\\\/archiv.siov.sk\\\/projekty-stredoskolskej-odbornej-cinnosti-zamerane-na-ochranu-a-obnovu-zivotneho-prostredia-na-5-rocniku-sutaze-zeleny-andel\\\/\"},\"wordCount\":387,\"publisher\":{\"@id\":\"https:\\\/\\\/archiv.siov.sk\\\/#organization\"},\"image\":{\"@id\":\"https:\\\/\\\/archiv.siov.sk\\\/projekty-stredoskolskej-odbornej-cinnosti-zamerane-na-ochranu-a-obnovu-zivotneho-prostredia-na-5-rocniku-sutaze-zeleny-andel\\\/#primaryimage\"},\"thumbnailUrl\":\"https:\\\/\\\/archiv.siov.sk\\\/wp-content\\\/uploads\\\/2022\\\/01\\\/zeleny-andel.png\",\"articleSection\":[\"Aktuality\"],\"inLanguage\":\"en-GB\"},{\"@type\":\"WebPage\",\"@id\":\"https:\\\/\\\/archiv.siov.sk\\\/projekty-stredoskolskej-odbornej-cinnosti-zamerane-na-ochranu-a-obnovu-zivotneho-prostredia-na-5-rocniku-sutaze-zeleny-andel\\\/\",\"url\":\"https:\\\/\\\/archiv.siov.sk\\\/projekty-stredoskolskej-odbornej-cinnosti-zamerane-na-ochranu-a-obnovu-zivotneho-prostredia-na-5-rocniku-sutaze-zeleny-andel\\\/\",\"name\":\"Projekty Stredo\u0161kolskej odbornej \u010dinnosti zameran\u00e9 na ochranu a obnovu \u017eivotn\u00e9ho prostredia na 5. ro\u010dn\u00edku s\u00fa\u0165a\u017ee \u201eZelen\u00fd andel\u201c - \u0160IOV - \u0161t\u00e1tny in\u0161tit\u00fat odborn\u00e9ho vzdel\u00e1vania\",\"isPartOf\":{\"@id\":\"https:\\\/\\\/archiv.siov.sk\\\/#website\"},\"primaryImageOfPage\":{\"@id\":\"https:\\\/\\\/archiv.siov.sk\\\/projekty-stredoskolskej-odbornej-cinnosti-zamerane-na-ochranu-a-obnovu-zivotneho-prostredia-na-5-rocniku-sutaze-zeleny-andel\\\/#primaryimage\"},\"image\":{\"@id\":\"https:\\\/\\\/archiv.siov.sk\\\/projekty-stredoskolskej-odbornej-cinnosti-zamerane-na-ochranu-a-obnovu-zivotneho-prostredia-na-5-rocniku-sutaze-zeleny-andel\\\/#primaryimage\"},\"thumbnailUrl\":\"https:\\\/\\\/archiv.siov.sk\\\/wp-content\\\/uploads\\\/2022\\\/01\\\/zeleny-andel.png\",\"datePublished\":\"2022-01-25T11:54:07+00:00\",\"dateModified\":\"2022-01-26T11:43:02+00:00\",\"breadcrumb\":{\"@id\":\"https:\\\/\\\/archiv.siov.sk\\\/projekty-stredoskolskej-odbornej-cinnosti-zamerane-na-ochranu-a-obnovu-zivotneho-prostredia-na-5-rocniku-sutaze-zeleny-andel\\\/#breadcrumb\"},\"inLanguage\":\"en-GB\",\"potentialAction\":[{\"@type\":\"ReadAction\",\"target\":[\"https:\\\/\\\/archiv.siov.sk\\\/projekty-stredoskolskej-odbornej-cinnosti-zamerane-na-ochranu-a-obnovu-zivotneho-prostredia-na-5-rocniku-sutaze-zeleny-andel\\\/\"]}]},{\"@type\":\"ImageObject\",\"inLanguage\":\"en-GB\",\"@id\":\"https:\\\/\\\/archiv.siov.sk\\\/projekty-stredoskolskej-odbornej-cinnosti-zamerane-na-ochranu-a-obnovu-zivotneho-prostredia-na-5-rocniku-sutaze-zeleny-andel\\\/#primaryimage\",\"url\":\"https:\\\/\\\/archiv.siov.sk\\\/wp-content\\\/uploads\\\/2022\\\/01\\\/zeleny-andel.png\",\"contentUrl\":\"https:\\\/\\\/archiv.siov.sk\\\/wp-content\\\/uploads\\\/2022\\\/01\\\/zeleny-andel.png\",\"width\":200,\"height\":151},{\"@type\":\"BreadcrumbList\",\"@id\":\"https:\\\/\\\/archiv.siov.sk\\\/projekty-stredoskolskej-odbornej-cinnosti-zamerane-na-ochranu-a-obnovu-zivotneho-prostredia-na-5-rocniku-sutaze-zeleny-andel\\\/#breadcrumb\",\"itemListElement\":[{\"@type\":\"ListItem\",\"position\":1,\"name\":\"Home\",\"item\":\"https:\\\/\\\/archiv.siov.sk\\\/\"},{\"@type\":\"ListItem\",\"position\":2,\"name\":\"Projekty Stredo\u0161kolskej odbornej \u010dinnosti zameran\u00e9 na ochranu a obnovu \u017eivotn\u00e9ho prostredia na 5. ro\u010dn\u00edku s\u00fa\u0165a\u017ee \u201eZelen\u00fd andel\u201c\"}]},{\"@type\":\"WebSite\",\"@id\":\"https:\\\/\\\/archiv.siov.sk\\\/#website\",\"url\":\"https:\\\/\\\/archiv.siov.sk\\\/\",\"name\":\"\u0160IOV - \u0161t\u00e1tny in\u0161tit\u00fat odborn\u00e9ho vzdel\u00e1vania\",\"description\":\"\",\"publisher\":{\"@id\":\"https:\\\/\\\/archiv.siov.sk\\\/#organization\"},\"potentialAction\":[{\"@type\":\"SearchAction\",\"target\":{\"@type\":\"EntryPoint\",\"urlTemplate\":\"https:\\\/\\\/archiv.siov.sk\\\/?s={search_term_string}\"},\"query-input\":{\"@type\":\"PropertyValueSpecification\",\"valueRequired\":true,\"valueName\":\"search_term_string\"}}],\"inLanguage\":\"en-GB\"},{\"@type\":\"Organization\",\"@id\":\"https:\\\/\\\/archiv.siov.sk\\\/#organization\",\"name\":\"\u0160IOV - \u0161t\u00e1tny in\u0161tit\u00fat odborn\u00e9ho vzdel\u00e1vania\",\"url\":\"https:\\\/\\\/archiv.siov.sk\\\/\",\"logo\":{\"@type\":\"ImageObject\",\"inLanguage\":\"en-GB\",\"@id\":\"https:\\\/\\\/archiv.siov.sk\\\/#\\\/schema\\\/logo\\\/image\\\/\",\"url\":\"https:\\\/\\\/archiv.siov.sk\\\/wp-content\\\/uploads\\\/2024\\\/02\\\/logo-SIOV.png\",\"contentUrl\":\"https:\\\/\\\/archiv.siov.sk\\\/wp-content\\\/uploads\\\/2024\\\/02\\\/logo-SIOV.png\",\"width\":431,\"height\":143,\"caption\":\"\u0160IOV - \u0161t\u00e1tny in\u0161tit\u00fat odborn\u00e9ho vzdel\u00e1vania\"},\"image\":{\"@id\":\"https:\\\/\\\/archiv.siov.sk\\\/#\\\/schema\\\/logo\\\/image\\\/\"},\"sameAs\":[\"https:\\\/\\\/www.facebook.com\\\/Statnyinstitutodbornehovzdelavania\"]},{\"@type\":\"Person\",\"@id\":\"https:\\\/\\\/archiv.siov.sk\\\/#\\\/schema\\\/person\\\/e42d633fbd958c6a726e8834d8965e6c\",\"name\":\"Katar\u00edna Kov\u00e1\u010dov\u00e1\",\"url\":\"https:\\\/\\\/archiv.siov.sk\\\/en\\\/author\\\/katkakovacova\\\/\"}]}<\/script>\n<!-- \/ Yoast SEO plugin. -->","yoast_head_json":{"title":"Projekty Stredo\u0161kolskej odbornej \u010dinnosti zameran\u00e9 na ochranu a obnovu \u017eivotn\u00e9ho prostredia na 5. ro\u010dn\u00edku s\u00fa\u0165a\u017ee \u201eZelen\u00fd andel\u201c - \u0160IOV - \u0161t\u00e1tny in\u0161tit\u00fat odborn\u00e9ho vzdel\u00e1vania","robots":{"index":"index","follow":"follow","max-snippet":"max-snippet:-1","max-image-preview":"max-image-preview:large","max-video-preview":"max-video-preview:-1"},"canonical":"https:\/\/archiv.siov.sk\/en\/projekty-stredoskolskej-odbornej-cinnosti-zamerane-na-ochranu-a-obnovu-zivotneho-prostredia-na-5-rocniku-sutaze-zeleny-andel\/","og_locale":"en_GB","og_type":"article","og_title":"Projekty Stredo\u0161kolskej odbornej \u010dinnosti zameran\u00e9 na ochranu a obnovu \u017eivotn\u00e9ho prostredia na 5. ro\u010dn\u00edku s\u00fa\u0165a\u017ee \u201eZelen\u00fd andel\u201c - \u0160IOV - \u0161t\u00e1tny in\u0161tit\u00fat odborn\u00e9ho vzdel\u00e1vania","og_description":"S\u00fa\u0165a\u017e &#8222;Zelen\u00fd andel&#8220; organizuje Katedra ekoch\u00e9mie a r\u00e1dioekol\u00f3gie Fakulty pr\u00edrodn\u00fdch vied Univerzity sv. Cyrila a Metoda v Trnave v spolupr\u00e1ci so \u0160t\u00e1tnym in\u0161tit\u00fatom odborn\u00e9ho vzdel\u00e1vania (\u0160IOV), odborom podpory smerovania ml\u00e1de\u017ee v Bratislave, Region\u00e1lnym \u00faradom \u0161kolskej spr\u00e1vy v Trnave a \u010fal\u0161\u00edmi partnermi. V porad\u00ed&nbsp; piaty ro\u010dn\u00edk umo\u017en\u00ed&nbsp; \u017eiakom v\u0161etk\u00fdch ro\u010dn\u00edkov \u0161tudijn\u00fdch odborov gymn\u00e1zi\u00ed, \u0161tudijn\u00fdch a u\u010debn\u00fdch [&hellip;]","og_url":"https:\/\/archiv.siov.sk\/en\/projekty-stredoskolskej-odbornej-cinnosti-zamerane-na-ochranu-a-obnovu-zivotneho-prostredia-na-5-rocniku-sutaze-zeleny-andel\/","og_site_name":"\u0160IOV - \u0161t\u00e1tny in\u0161tit\u00fat odborn\u00e9ho vzdel\u00e1vania","article_publisher":"https:\/\/www.facebook.com\/Statnyinstitutodbornehovzdelavania","article_published_time":"2022-01-25T11:54:07+00:00","article_modified_time":"2022-01-26T11:43:02+00:00","og_image":[{"width":200,"height":151,"url":"https:\/\/archiv.siov.sk\/wp-content\/uploads\/2022\/01\/zeleny-andel.png","type":"image\/png"}],"author":"Katar\u00edna Kov\u00e1\u010dov\u00e1","twitter_card":"summary_large_image","twitter_misc":{"Written by":"Katar\u00edna Kov\u00e1\u010dov\u00e1","Estimated reading time":"2 minutes"},"schema":{"@context":"https:\/\/schema.org","@graph":[{"@type":"Article","@id":"https:\/\/archiv.siov.sk\/projekty-stredoskolskej-odbornej-cinnosti-zamerane-na-ochranu-a-obnovu-zivotneho-prostredia-na-5-rocniku-sutaze-zeleny-andel\/#article","isPartOf":{"@id":"https:\/\/archiv.siov.sk\/projekty-stredoskolskej-odbornej-cinnosti-zamerane-na-ochranu-a-obnovu-zivotneho-prostredia-na-5-rocniku-sutaze-zeleny-andel\/"},"author":{"name":"Katar\u00edna Kov\u00e1\u010dov\u00e1","@id":"https:\/\/archiv.siov.sk\/#\/schema\/person\/e42d633fbd958c6a726e8834d8965e6c"},"headline":"Projekty Stredo\u0161kolskej odbornej \u010dinnosti zameran\u00e9 na ochranu a obnovu \u017eivotn\u00e9ho prostredia na 5. ro\u010dn\u00edku s\u00fa\u0165a\u017ee \u201eZelen\u00fd andel\u201c","datePublished":"2022-01-25T11:54:07+00:00","dateModified":"2022-01-26T11:43:02+00:00","mainEntityOfPage":{"@id":"https:\/\/archiv.siov.sk\/projekty-stredoskolskej-odbornej-cinnosti-zamerane-na-ochranu-a-obnovu-zivotneho-prostredia-na-5-rocniku-sutaze-zeleny-andel\/"},"wordCount":387,"publisher":{"@id":"https:\/\/archiv.siov.sk\/#organization"},"image":{"@id":"https:\/\/archiv.siov.sk\/projekty-stredoskolskej-odbornej-cinnosti-zamerane-na-ochranu-a-obnovu-zivotneho-prostredia-na-5-rocniku-sutaze-zeleny-andel\/#primaryimage"},"thumbnailUrl":"https:\/\/archiv.siov.sk\/wp-content\/uploads\/2022\/01\/zeleny-andel.png","articleSection":["Aktuality"],"inLanguage":"en-GB"},{"@type":"WebPage","@id":"https:\/\/archiv.siov.sk\/projekty-stredoskolskej-odbornej-cinnosti-zamerane-na-ochranu-a-obnovu-zivotneho-prostredia-na-5-rocniku-sutaze-zeleny-andel\/","url":"https:\/\/archiv.siov.sk\/projekty-stredoskolskej-odbornej-cinnosti-zamerane-na-ochranu-a-obnovu-zivotneho-prostredia-na-5-rocniku-sutaze-zeleny-andel\/","name":"Projekty Stredo\u0161kolskej odbornej \u010dinnosti zameran\u00e9 na ochranu a obnovu \u017eivotn\u00e9ho prostredia na 5. ro\u010dn\u00edku s\u00fa\u0165a\u017ee \u201eZelen\u00fd andel\u201c - \u0160IOV - \u0161t\u00e1tny in\u0161tit\u00fat odborn\u00e9ho vzdel\u00e1vania","isPartOf":{"@id":"https:\/\/archiv.siov.sk\/#website"},"primaryImageOfPage":{"@id":"https:\/\/archiv.siov.sk\/projekty-stredoskolskej-odbornej-cinnosti-zamerane-na-ochranu-a-obnovu-zivotneho-prostredia-na-5-rocniku-sutaze-zeleny-andel\/#primaryimage"},"image":{"@id":"https:\/\/archiv.siov.sk\/projekty-stredoskolskej-odbornej-cinnosti-zamerane-na-ochranu-a-obnovu-zivotneho-prostredia-na-5-rocniku-sutaze-zeleny-andel\/#primaryimage"},"thumbnailUrl":"https:\/\/archiv.siov.sk\/wp-content\/uploads\/2022\/01\/zeleny-andel.png","datePublished":"2022-01-25T11:54:07+00:00","dateModified":"2022-01-26T11:43:02+00:00","breadcrumb":{"@id":"https:\/\/archiv.siov.sk\/projekty-stredoskolskej-odbornej-cinnosti-zamerane-na-ochranu-a-obnovu-zivotneho-prostredia-na-5-rocniku-sutaze-zeleny-andel\/#breadcrumb"},"inLanguage":"en-GB","potentialAction":[{"@type":"ReadAction","target":["https:\/\/archiv.siov.sk\/projekty-stredoskolskej-odbornej-cinnosti-zamerane-na-ochranu-a-obnovu-zivotneho-prostredia-na-5-rocniku-sutaze-zeleny-andel\/"]}]},{"@type":"ImageObject","inLanguage":"en-GB","@id":"https:\/\/archiv.siov.sk\/projekty-stredoskolskej-odbornej-cinnosti-zamerane-na-ochranu-a-obnovu-zivotneho-prostredia-na-5-rocniku-sutaze-zeleny-andel\/#primaryimage","url":"https:\/\/archiv.siov.sk\/wp-content\/uploads\/2022\/01\/zeleny-andel.png","contentUrl":"https:\/\/archiv.siov.sk\/wp-content\/uploads\/2022\/01\/zeleny-andel.png","width":200,"height":151},{"@type":"BreadcrumbList","@id":"https:\/\/archiv.siov.sk\/projekty-stredoskolskej-odbornej-cinnosti-zamerane-na-ochranu-a-obnovu-zivotneho-prostredia-na-5-rocniku-sutaze-zeleny-andel\/#breadcrumb","itemListElement":[{"@type":"ListItem","position":1,"name":"Home","item":"https:\/\/archiv.siov.sk\/"},{"@type":"ListItem","position":2,"name":"Projekty Stredo\u0161kolskej odbornej \u010dinnosti zameran\u00e9 na ochranu a obnovu \u017eivotn\u00e9ho prostredia na 5. ro\u010dn\u00edku s\u00fa\u0165a\u017ee \u201eZelen\u00fd andel\u201c"}]},{"@type":"WebSite","@id":"https:\/\/archiv.siov.sk\/#website","url":"https:\/\/archiv.siov.sk\/","name":"\u0160IOV - \u0161t\u00e1tny in\u0161tit\u00fat odborn\u00e9ho vzdel\u00e1vania","description":"","publisher":{"@id":"https:\/\/archiv.siov.sk\/#organization"},"potentialAction":[{"@type":"SearchAction","target":{"@type":"EntryPoint","urlTemplate":"https:\/\/archiv.siov.sk\/?s={search_term_string}"},"query-input":{"@type":"PropertyValueSpecification","valueRequired":true,"valueName":"search_term_string"}}],"inLanguage":"en-GB"},{"@type":"Organization","@id":"https:\/\/archiv.siov.sk\/#organization","name":"\u0160IOV - \u0161t\u00e1tny in\u0161tit\u00fat odborn\u00e9ho vzdel\u00e1vania","url":"https:\/\/archiv.siov.sk\/","logo":{"@type":"ImageObject","inLanguage":"en-GB","@id":"https:\/\/archiv.siov.sk\/#\/schema\/logo\/image\/","url":"https:\/\/archiv.siov.sk\/wp-content\/uploads\/2024\/02\/logo-SIOV.png","contentUrl":"https:\/\/archiv.siov.sk\/wp-content\/uploads\/2024\/02\/logo-SIOV.png","width":431,"height":143,"caption":"\u0160IOV - \u0161t\u00e1tny in\u0161tit\u00fat odborn\u00e9ho vzdel\u00e1vania"},"image":{"@id":"https:\/\/archiv.siov.sk\/#\/schema\/logo\/image\/"},"sameAs":["https:\/\/www.facebook.com\/Statnyinstitutodbornehovzdelavania"]},{"@type":"Person","@id":"https:\/\/archiv.siov.sk\/#\/schema\/person\/e42d633fbd958c6a726e8834d8965e6c","name":"Katar\u00edna Kov\u00e1\u010dov\u00e1","url":"https:\/\/archiv.siov.sk\/en\/author\/katkakovacova\/"}]}},"_links":{"self":[{"href":"https:\/\/archiv.siov.sk\/en\/wp-json\/wp\/v2\/posts\/10605","targetHints":{"allow":["GET"]}}],"collection":[{"href":"https:\/\/archiv.siov.sk\/en\/wp-json\/wp\/v2\/posts"}],"about":[{"href":"https:\/\/archiv.siov.sk\/en\/wp-json\/wp\/v2\/types\/post"}],"author":[{"embeddable":true,"href":"https:\/\/archiv.siov.sk\/en\/wp-json\/wp\/v2\/users\/6"}],"replies":[{"embeddable":true,"href":"https:\/\/archiv.siov.sk\/en\/wp-json\/wp\/v2\/comments?post=10605"}],"version-history":[{"count":3,"href":"https:\/\/archiv.siov.sk\/en\/wp-json\/wp\/v2\/posts\/10605\/revisions"}],"predecessor-version":[{"id":10614,"href":"https:\/\/archiv.siov.sk\/en\/wp-json\/wp\/v2\/posts\/10605\/revisions\/10614"}],"wp:featuredmedia":[{"embeddable":true,"href":"https:\/\/archiv.siov.sk\/en\/wp-json\/wp\/v2\/media\/10608"}],"wp:attachment":[{"href":"https:\/\/archiv.siov.sk\/en\/wp-json\/wp\/v2\/media?parent=10605"}],"wp:term":[{"taxonomy":"category","embeddable":true,"href":"https:\/\/archiv.siov.sk\/en\/wp-json\/wp\/v2\/categories?post=10605"},{"taxonomy":"post_tag","embeddable":true,"href":"https:\/\/archiv.siov.sk\/en\/wp-json\/wp\/v2\/tags?post=10605"}],"curies":[{"name":"wp","href":"https:\/\/api.w.org\/{rel}","templated":true}]}}