{"id":10563,"date":"2022-01-18T14:48:25","date_gmt":"2022-01-18T13:48:25","guid":{"rendered":"https:\/\/archiv.siov.sk\/?p=10563"},"modified":"2022-01-18T14:49:02","modified_gmt":"2022-01-18T13:49:02","slug":"narodny-koordinator-europskeho-programu-vzdelavania-dospelych","status":"publish","type":"post","link":"https:\/\/archiv.siov.sk\/en\/narodny-koordinator-europskeho-programu-vzdelavania-dospelych\/","title":{"rendered":"National coordinator of the European Adult Learning Programme"},"content":{"rendered":"<p style=\"text-align: justify;\">Eur\u00f3pska komisia iniciovala vznik n\u00e1rodn\u00fdch koordin\u00e1torov Eur\u00f3pskeho programu vzdel\u00e1vania dospel\u00fdch s&nbsp;cie\u013eom zaisti\u0165 a&nbsp;posilni\u0165 efekt\u00edvnu kooper\u00e1ciu v\u0161etk\u00fdch relevantn\u00fdch partnerov z&nbsp;oblasti vzdel\u00e1vania dospel\u00fdch a&nbsp;celo\u017eivotn\u00e9ho poradenstva, ako aj&nbsp;nastavi\u0165 koherentn\u00e9 politiky na zn\u00ed\u017eenie po\u010dtu n\u00edzko kvalifikovan\u00fdch os\u00f4b a&nbsp;podpori\u0165 \u00fa\u010das\u0165 na VD.<\/p>\n<p style=\"text-align: justify;\">Aktivity N\u00e1rodn\u00e9ho koordin\u00e1tora programu vzdel\u00e1vania dospel\u00fdch na Slovensku (NK ALA SK) \u0160IOV s\u00fa pokra\u010dovan\u00edm aktiv\u00edt realizovan\u00fdch od roku 2018 \u0160t\u00e1tnym in\u0161tit\u00fatom odborn\u00e9ho vzdel\u00e1vania. Hlavn\u00fdm cie\u013eom projektu je podpora vzdel\u00e1vania dospel\u00fdch na Slovensku a jeho \u010fal\u0161ieho rozvoja prostredn\u00edctvom posilnenia vn\u00edmania vzdel\u00e1vania dospel\u00fdch a celo\u017eivotn\u00e9ho poradenstva ako n\u00e1stroja rozvoju os\u00f4b a ich kari\u00e9ry ako i n\u00e1rodnej ekonomiky. Koordin\u00e1tori sa venuj\u00fa r\u00f4znym aktivit\u00e1m v danej oblasti, pri\u010dom zah\u0155\u0148aj\u00fa do svojich aktiv\u00edt \u0161irok\u00fa sie\u0165 zainteresovan\u00fdch str\u00e1n a zdie\u013eaj\u00fa pr\u00edklady dobrej praxe s in\u00fdmi krajinami.<\/p>\n<p style=\"text-align: justify;\">Realiz\u00e1cia aktiv\u00edt N\u00e1rodn\u00e9ho koordin\u00e1tora na Slovensku, ktor\u00e9ho \u00falohu vykon\u00e1va od 1. 1. 2022 \u00dasek celo\u017eivotn\u00e9ho vzdel\u00e1vania (\u0160IOV), je naliehav\u00e1 najm\u00e4 v&nbsp;s\u00favislosti s&nbsp;n\u00edzkou particip\u00e1ciou Slov\u00e1kov a&nbsp;Sloveniek na vzdel\u00e1van\u00ed v&nbsp;dospelosti (pohybuje sa na \u00farovni medzi 3-4 % dospelej popul\u00e1cie).<\/p>\n<p><strong>Ciele v&nbsp;rokoch 2022 &#8211; 2023<\/strong><\/p>\n<ul>\n<li>propagova\u0165 vzdel\u00e1vanie dospel\u00fdch na Slovensku a podporova\u0165 jeho \u010fal\u0161\u00ed rozvoj<\/li>\n<li>zrealizova\u0165 opatrenia na syst\u00e9movej \u00farovni, ktor\u00e9 podporia rozvoj VD na Slovensku<\/li>\n<li>vytvori\u0165 sie\u0165 akt\u00e9rov p\u00f4sobiacich vo vzdel\u00e1van\u00ed dospel\u00fdch, umo\u017eni\u0165 zdie\u013ea\u0165 pr\u00edklady dobrej praxe nielen na n\u00e1rodnej \u00farovni, ale aj zo zahrani\u010dia.<\/li>\n<\/ul>\n<p><strong>Aktivity<\/strong><\/p>\n<ul>\n<li>mapovanie pr\u00edkladov dobrej praxe vo VD v&nbsp;definovan\u00fdch oblastiach\/t\u00e9mach<\/li>\n<li>zavedenie certifik\u00e1cie z\u00e1kladn\u00fdch zru\u010dnost\u00ed a predstavenie \u0161tandardov kvality a zvy\u0161ovanie povedomia o VD (kampa\u0148)<\/li>\n<li>obnovenie N\u00e1rodnej siete pre realiz\u00e1ciu Upskilling Pathways, budovanie kapac\u00edt akt\u00e9rov \u2013 siete, tr\u00e9ningov\u00fd kurz, \u0161tudijn\u00e9 n\u00e1v\u0161tevy<\/li>\n<li>propagovanie (online) projektov\u00fdch aktiv\u00edt, podpora aktiv\u00edt, ktor\u00e9 zorganizuj\u00fa in\u00e9 organiz\u00e1cie<\/li>\n<li>jednou z hlavn\u00fdch aktiv\u00edt N\u00e1rodn\u00e9ho koordin\u00e1tora na Slovensku je odovzd\u00e1vanie prest\u00ed\u017enej <a href=\"https:\/\/www.minedu.sk\/ministerka-skolstva-po-prvykrat-ocenovala-pracu-v-oblasti-celozivotneho-vzdelavania\/\">Ceny Ministerstva \u0161kolstva, vedy, v\u00fdskumu a&nbsp;\u0161portu SR za rozvoj celo\u017eivotn\u00e9ho vzdel\u00e1vania <\/a>ako i spoluorganiz\u00e1cia aktiv\u00edt T\u00fd\u017ed\u0148a celo\u017eivotn\u00e9ho u\u010denia<\/li>\n<\/ul>\n<p><strong>V\u00fdstupy projektu<\/strong><\/p>\n<ul>\n<li>Mapovacia spr\u00e1va o&nbsp;stave z\u00e1kladn\u00fdch zru\u010dnost\u00ed + formul\u00e1cia a&nbsp;odpor\u00fa\u010dania pre tvorbu polit\u00edk<\/li>\n<li>Certifik\u00e1cia z\u00e1kladn\u00fdch zru\u010dnost\u00ed<\/li>\n<li>Tr\u00e9ningov\u00fd kurz pre akt\u00e9rov p\u00f4sobiacich vo vzdel\u00e1van\u00ed dospel\u00fdch<\/li>\n<li>Organizovanie 3 \u0161tudijn\u00fdch n\u00e1v\u0161tev na\u0161ich odborn\u00edkov v zahrani\u010d\u00ed<\/li>\n<li>Informa\u010dn\u00e1 kampa\u0148\/vide\u00e1+podcasty rozhovorov s n\u00edzkovalifikovan\u00fdmi<\/li>\n<li>Odpor\u00fa\u010dania pre tvorcov polit\u00edk na region\u00e1lnej a n\u00e1rodnej \u00farovni<\/li>\n<\/ul>\n<p><strong>Kontakt na Slovensku:<\/strong><\/p>\n<p>\u0160IOV\/Odbor eur\u00f3pskych polit\u00edk<\/p>\n<p>Stromov\u00e1 9<\/p>\n<p>81103 Bratislava<\/p>\n<p><a href=\"mailto:Alena.stefanikova@siov.sk\">alena.stefanikova@siov.sk<\/a><\/p>\n<p style=\"text-align: justify;\">\u00dasek celo\u017eivotn\u00e9ho vzdel\u00e1vania (\u0160IOV) realizuje v&nbsp;obdob\u00ed od 1. 1. 2022 \u2013 31. 12. &nbsp;2023 s&nbsp;finan\u010dnou podporou Eur\u00f3pskej komisie\/ERASMUS-EDU-2021-AL-AGENDA-IBA projekt s&nbsp;n\u00e1zvom AL \u2013 Agenda \u2013 N\u00e1rodn\u00fd koordin\u00e1tor Eur\u00f3pskeho programu vzdel\u00e1vania dospel\u00fdch. \u010c\u00edslo projektu: 01051504 \u2014 NC ALA SK.<\/p>\n<p>V pr\u00edpade ot\u00e1zok n\u00e1s, pros\u00edm, kontaktujte e-mailom na <a href=\"mailto:czv@siov.sk\">czv@siov.sk<\/a><\/p>\n<p>&nbsp;<\/p>\n<p>&nbsp;<\/p>","protected":false},"excerpt":{"rendered":"<p>Eur\u00f3pska komisia iniciovala vznik n\u00e1rodn\u00fdch koordin\u00e1torov Eur\u00f3pskeho programu vzdel\u00e1vania dospel\u00fdch s&nbsp;cie\u013eom zaisti\u0165 a&nbsp;posilni\u0165 efekt\u00edvnu kooper\u00e1ciu v\u0161etk\u00fdch relevantn\u00fdch partnerov z&nbsp;oblasti vzdel\u00e1vania dospel\u00fdch a&nbsp;celo\u017eivotn\u00e9ho poradenstva, ako aj&nbsp;nastavi\u0165 koherentn\u00e9 politiky na zn\u00ed\u017eenie po\u010dtu n\u00edzko kvalifikovan\u00fdch os\u00f4b a&nbsp;podpori\u0165 \u00fa\u010das\u0165 na VD. Aktivity N\u00e1rodn\u00e9ho koordin\u00e1tora programu vzdel\u00e1vania dospel\u00fdch na Slovensku (NK ALA SK) \u0160IOV s\u00fa pokra\u010dovan\u00edm aktiv\u00edt realizovan\u00fdch od roku [&hellip;]<\/p>\n","protected":false},"author":6,"featured_media":2291,"comment_status":"closed","ping_status":"closed","sticky":false,"template":"","format":"standard","meta":{"site-sidebar-layout":"default","site-content-layout":"default","ast-site-content-layout":"default","site-content-style":"default","site-sidebar-style":"default","ast-global-header-display":"","ast-banner-title-visibility":"","ast-main-header-display":"","ast-hfb-above-header-display":"","ast-hfb-below-header-display":"","ast-hfb-mobile-header-display":"","site-post-title":"","ast-breadcrumbs-content":"","ast-featured-img":"","footer-sml-layout":"","ast-disable-related-posts":"","theme-transparent-header-meta":"default","adv-header-id-meta":"","stick-header-meta":"","header-above-stick-meta":"","header-main-stick-meta":"","header-below-stick-meta":"","astra-migrate-meta-layouts":"default","ast-page-background-enabled":"default","ast-page-background-meta":{"desktop":{"background-color":"var(--ast-global-color-4)","background-image":"","background-repeat":"repeat","background-position":"center center","background-size":"auto","background-attachment":"scroll","background-type":"","background-media":"","overlay-type":"","overlay-color":"","overlay-opacity":"","overlay-gradient":""},"tablet":{"background-color":"","background-image":"","background-repeat":"repeat","background-position":"center center","background-size":"auto","background-attachment":"scroll","background-type":"","background-media":"","overlay-type":"","overlay-color":"","overlay-opacity":"","overlay-gradient":""},"mobile":{"background-color":"","background-image":"","background-repeat":"repeat","background-position":"center center","background-size":"auto","background-attachment":"scroll","background-type":"","background-media":"","overlay-type":"","overlay-color":"","overlay-opacity":"","overlay-gradient":""}},"ast-content-background-meta":{"desktop":{"background-color":"var(--ast-global-color-5)","background-image":"","background-repeat":"repeat","background-position":"center center","background-size":"auto","background-attachment":"scroll","background-type":"","background-media":"","overlay-type":"","overlay-color":"","overlay-opacity":"","overlay-gradient":""},"tablet":{"background-color":"var(--ast-global-color-5)","background-image":"","background-repeat":"repeat","background-position":"center center","background-size":"auto","background-attachment":"scroll","background-type":"","background-media":"","overlay-type":"","overlay-color":"","overlay-opacity":"","overlay-gradient":""},"mobile":{"background-color":"var(--ast-global-color-5)","background-image":"","background-repeat":"repeat","background-position":"center center","background-size":"auto","background-attachment":"scroll","background-type":"","background-media":"","overlay-type":"","overlay-color":"","overlay-opacity":"","overlay-gradient":""}},"footnotes":""},"categories":[1],"tags":[],"class_list":["post-10563","post","type-post","status-publish","format-standard","has-post-thumbnail","hentry","category-aktuality"],"yoast_head":"<!-- This site is optimized with the Yoast SEO plugin v27.5 - https:\/\/yoast.com\/product\/yoast-seo-wordpress\/ -->\n<title>N\u00e1rodn\u00fd koordin\u00e1tor Eur\u00f3pskeho programu vzdel\u00e1vania dospel\u00fdch - \u0160IOV - \u0161t\u00e1tny in\u0161tit\u00fat odborn\u00e9ho vzdel\u00e1vania<\/title>\n<meta name=\"robots\" content=\"index, follow, max-snippet:-1, max-image-preview:large, max-video-preview:-1\" \/>\n<link rel=\"canonical\" href=\"https:\/\/archiv.siov.sk\/en\/narodny-koordinator-europskeho-programu-vzdelavania-dospelych\/\" \/>\n<meta property=\"og:locale\" content=\"en_GB\" \/>\n<meta property=\"og:type\" content=\"article\" \/>\n<meta property=\"og:title\" content=\"N\u00e1rodn\u00fd koordin\u00e1tor Eur\u00f3pskeho programu vzdel\u00e1vania dospel\u00fdch - \u0160IOV - \u0161t\u00e1tny in\u0161tit\u00fat odborn\u00e9ho vzdel\u00e1vania\" \/>\n<meta property=\"og:description\" content=\"Eur\u00f3pska komisia iniciovala vznik n\u00e1rodn\u00fdch koordin\u00e1torov Eur\u00f3pskeho programu vzdel\u00e1vania dospel\u00fdch s&nbsp;cie\u013eom zaisti\u0165 a&nbsp;posilni\u0165 efekt\u00edvnu kooper\u00e1ciu v\u0161etk\u00fdch relevantn\u00fdch partnerov z&nbsp;oblasti vzdel\u00e1vania dospel\u00fdch a&nbsp;celo\u017eivotn\u00e9ho poradenstva, ako aj&nbsp;nastavi\u0165 koherentn\u00e9 politiky na zn\u00ed\u017eenie po\u010dtu n\u00edzko kvalifikovan\u00fdch os\u00f4b a&nbsp;podpori\u0165 \u00fa\u010das\u0165 na VD. Aktivity N\u00e1rodn\u00e9ho koordin\u00e1tora programu vzdel\u00e1vania dospel\u00fdch na Slovensku (NK ALA SK) \u0160IOV s\u00fa pokra\u010dovan\u00edm aktiv\u00edt realizovan\u00fdch od roku [&hellip;]\" \/>\n<meta property=\"og:url\" content=\"https:\/\/archiv.siov.sk\/en\/narodny-koordinator-europskeho-programu-vzdelavania-dospelych\/\" \/>\n<meta property=\"og:site_name\" content=\"\u0160IOV - \u0161t\u00e1tny in\u0161tit\u00fat odborn\u00e9ho vzdel\u00e1vania\" \/>\n<meta property=\"article:publisher\" content=\"https:\/\/www.facebook.com\/Statnyinstitutodbornehovzdelavania\" \/>\n<meta property=\"article:published_time\" content=\"2022-01-18T13:48:25+00:00\" \/>\n<meta property=\"article:modified_time\" content=\"2022-01-18T13:49:02+00:00\" \/>\n<meta property=\"og:image\" content=\"https:\/\/archiv.siov.sk\/wp-content\/uploads\/2019\/02\/top_eu.jpg\" \/>\n\t<meta property=\"og:image:width\" content=\"1100\" \/>\n\t<meta property=\"og:image:height\" content=\"304\" \/>\n\t<meta property=\"og:image:type\" content=\"image\/jpeg\" \/>\n<meta name=\"author\" content=\"Katar\u00edna Kov\u00e1\u010dov\u00e1\" \/>\n<meta name=\"twitter:card\" content=\"summary_large_image\" \/>\n<meta name=\"twitter:label1\" content=\"Written by\" \/>\n\t<meta name=\"twitter:data1\" content=\"Katar\u00edna Kov\u00e1\u010dov\u00e1\" \/>\n\t<meta name=\"twitter:label2\" content=\"Estimated reading time\" \/>\n\t<meta name=\"twitter:data2\" content=\"3 minutes\" \/>\n<script type=\"application\/ld+json\" class=\"yoast-schema-graph\">{\"@context\":\"https:\\\/\\\/schema.org\",\"@graph\":[{\"@type\":\"Article\",\"@id\":\"https:\\\/\\\/archiv.siov.sk\\\/narodny-koordinator-europskeho-programu-vzdelavania-dospelych\\\/#article\",\"isPartOf\":{\"@id\":\"https:\\\/\\\/archiv.siov.sk\\\/narodny-koordinator-europskeho-programu-vzdelavania-dospelych\\\/\"},\"author\":{\"name\":\"Katar\u00edna Kov\u00e1\u010dov\u00e1\",\"@id\":\"https:\\\/\\\/archiv.siov.sk\\\/#\\\/schema\\\/person\\\/e42d633fbd958c6a726e8834d8965e6c\"},\"headline\":\"N\u00e1rodn\u00fd koordin\u00e1tor Eur\u00f3pskeho programu vzdel\u00e1vania dospel\u00fdch\",\"datePublished\":\"2022-01-18T13:48:25+00:00\",\"dateModified\":\"2022-01-18T13:49:02+00:00\",\"mainEntityOfPage\":{\"@id\":\"https:\\\/\\\/archiv.siov.sk\\\/narodny-koordinator-europskeho-programu-vzdelavania-dospelych\\\/\"},\"wordCount\":592,\"publisher\":{\"@id\":\"https:\\\/\\\/archiv.siov.sk\\\/#organization\"},\"image\":{\"@id\":\"https:\\\/\\\/archiv.siov.sk\\\/narodny-koordinator-europskeho-programu-vzdelavania-dospelych\\\/#primaryimage\"},\"thumbnailUrl\":\"https:\\\/\\\/archiv.siov.sk\\\/wp-content\\\/uploads\\\/2019\\\/02\\\/top_eu.jpg\",\"articleSection\":[\"Aktuality\"],\"inLanguage\":\"en-GB\"},{\"@type\":\"WebPage\",\"@id\":\"https:\\\/\\\/archiv.siov.sk\\\/narodny-koordinator-europskeho-programu-vzdelavania-dospelych\\\/\",\"url\":\"https:\\\/\\\/archiv.siov.sk\\\/narodny-koordinator-europskeho-programu-vzdelavania-dospelych\\\/\",\"name\":\"N\u00e1rodn\u00fd koordin\u00e1tor Eur\u00f3pskeho programu vzdel\u00e1vania dospel\u00fdch - \u0160IOV - \u0161t\u00e1tny in\u0161tit\u00fat odborn\u00e9ho vzdel\u00e1vania\",\"isPartOf\":{\"@id\":\"https:\\\/\\\/archiv.siov.sk\\\/#website\"},\"primaryImageOfPage\":{\"@id\":\"https:\\\/\\\/archiv.siov.sk\\\/narodny-koordinator-europskeho-programu-vzdelavania-dospelych\\\/#primaryimage\"},\"image\":{\"@id\":\"https:\\\/\\\/archiv.siov.sk\\\/narodny-koordinator-europskeho-programu-vzdelavania-dospelych\\\/#primaryimage\"},\"thumbnailUrl\":\"https:\\\/\\\/archiv.siov.sk\\\/wp-content\\\/uploads\\\/2019\\\/02\\\/top_eu.jpg\",\"datePublished\":\"2022-01-18T13:48:25+00:00\",\"dateModified\":\"2022-01-18T13:49:02+00:00\",\"breadcrumb\":{\"@id\":\"https:\\\/\\\/archiv.siov.sk\\\/narodny-koordinator-europskeho-programu-vzdelavania-dospelych\\\/#breadcrumb\"},\"inLanguage\":\"en-GB\",\"potentialAction\":[{\"@type\":\"ReadAction\",\"target\":[\"https:\\\/\\\/archiv.siov.sk\\\/narodny-koordinator-europskeho-programu-vzdelavania-dospelych\\\/\"]}]},{\"@type\":\"ImageObject\",\"inLanguage\":\"en-GB\",\"@id\":\"https:\\\/\\\/archiv.siov.sk\\\/narodny-koordinator-europskeho-programu-vzdelavania-dospelych\\\/#primaryimage\",\"url\":\"https:\\\/\\\/archiv.siov.sk\\\/wp-content\\\/uploads\\\/2019\\\/02\\\/top_eu.jpg\",\"contentUrl\":\"https:\\\/\\\/archiv.siov.sk\\\/wp-content\\\/uploads\\\/2019\\\/02\\\/top_eu.jpg\",\"width\":1100,\"height\":304},{\"@type\":\"BreadcrumbList\",\"@id\":\"https:\\\/\\\/archiv.siov.sk\\\/narodny-koordinator-europskeho-programu-vzdelavania-dospelych\\\/#breadcrumb\",\"itemListElement\":[{\"@type\":\"ListItem\",\"position\":1,\"name\":\"Home\",\"item\":\"https:\\\/\\\/archiv.siov.sk\\\/\"},{\"@type\":\"ListItem\",\"position\":2,\"name\":\"N\u00e1rodn\u00fd koordin\u00e1tor Eur\u00f3pskeho programu vzdel\u00e1vania dospel\u00fdch\"}]},{\"@type\":\"WebSite\",\"@id\":\"https:\\\/\\\/archiv.siov.sk\\\/#website\",\"url\":\"https:\\\/\\\/archiv.siov.sk\\\/\",\"name\":\"\u0160IOV - \u0161t\u00e1tny in\u0161tit\u00fat odborn\u00e9ho vzdel\u00e1vania\",\"description\":\"\",\"publisher\":{\"@id\":\"https:\\\/\\\/archiv.siov.sk\\\/#organization\"},\"potentialAction\":[{\"@type\":\"SearchAction\",\"target\":{\"@type\":\"EntryPoint\",\"urlTemplate\":\"https:\\\/\\\/archiv.siov.sk\\\/?s={search_term_string}\"},\"query-input\":{\"@type\":\"PropertyValueSpecification\",\"valueRequired\":true,\"valueName\":\"search_term_string\"}}],\"inLanguage\":\"en-GB\"},{\"@type\":\"Organization\",\"@id\":\"https:\\\/\\\/archiv.siov.sk\\\/#organization\",\"name\":\"\u0160IOV - \u0161t\u00e1tny in\u0161tit\u00fat odborn\u00e9ho vzdel\u00e1vania\",\"url\":\"https:\\\/\\\/archiv.siov.sk\\\/\",\"logo\":{\"@type\":\"ImageObject\",\"inLanguage\":\"en-GB\",\"@id\":\"https:\\\/\\\/archiv.siov.sk\\\/#\\\/schema\\\/logo\\\/image\\\/\",\"url\":\"https:\\\/\\\/archiv.siov.sk\\\/wp-content\\\/uploads\\\/2024\\\/02\\\/logo-SIOV.png\",\"contentUrl\":\"https:\\\/\\\/archiv.siov.sk\\\/wp-content\\\/uploads\\\/2024\\\/02\\\/logo-SIOV.png\",\"width\":431,\"height\":143,\"caption\":\"\u0160IOV - \u0161t\u00e1tny in\u0161tit\u00fat odborn\u00e9ho vzdel\u00e1vania\"},\"image\":{\"@id\":\"https:\\\/\\\/archiv.siov.sk\\\/#\\\/schema\\\/logo\\\/image\\\/\"},\"sameAs\":[\"https:\\\/\\\/www.facebook.com\\\/Statnyinstitutodbornehovzdelavania\"]},{\"@type\":\"Person\",\"@id\":\"https:\\\/\\\/archiv.siov.sk\\\/#\\\/schema\\\/person\\\/e42d633fbd958c6a726e8834d8965e6c\",\"name\":\"Katar\u00edna Kov\u00e1\u010dov\u00e1\",\"url\":\"https:\\\/\\\/archiv.siov.sk\\\/en\\\/author\\\/katkakovacova\\\/\"}]}<\/script>\n<!-- \/ Yoast SEO plugin. -->","yoast_head_json":{"title":"N\u00e1rodn\u00fd koordin\u00e1tor Eur\u00f3pskeho programu vzdel\u00e1vania dospel\u00fdch - \u0160IOV - \u0161t\u00e1tny in\u0161tit\u00fat odborn\u00e9ho vzdel\u00e1vania","robots":{"index":"index","follow":"follow","max-snippet":"max-snippet:-1","max-image-preview":"max-image-preview:large","max-video-preview":"max-video-preview:-1"},"canonical":"https:\/\/archiv.siov.sk\/en\/narodny-koordinator-europskeho-programu-vzdelavania-dospelych\/","og_locale":"en_GB","og_type":"article","og_title":"N\u00e1rodn\u00fd koordin\u00e1tor Eur\u00f3pskeho programu vzdel\u00e1vania dospel\u00fdch - \u0160IOV - \u0161t\u00e1tny in\u0161tit\u00fat odborn\u00e9ho vzdel\u00e1vania","og_description":"Eur\u00f3pska komisia iniciovala vznik n\u00e1rodn\u00fdch koordin\u00e1torov Eur\u00f3pskeho programu vzdel\u00e1vania dospel\u00fdch s&nbsp;cie\u013eom zaisti\u0165 a&nbsp;posilni\u0165 efekt\u00edvnu kooper\u00e1ciu v\u0161etk\u00fdch relevantn\u00fdch partnerov z&nbsp;oblasti vzdel\u00e1vania dospel\u00fdch a&nbsp;celo\u017eivotn\u00e9ho poradenstva, ako aj&nbsp;nastavi\u0165 koherentn\u00e9 politiky na zn\u00ed\u017eenie po\u010dtu n\u00edzko kvalifikovan\u00fdch os\u00f4b a&nbsp;podpori\u0165 \u00fa\u010das\u0165 na VD. Aktivity N\u00e1rodn\u00e9ho koordin\u00e1tora programu vzdel\u00e1vania dospel\u00fdch na Slovensku (NK ALA SK) \u0160IOV s\u00fa pokra\u010dovan\u00edm aktiv\u00edt realizovan\u00fdch od roku [&hellip;]","og_url":"https:\/\/archiv.siov.sk\/en\/narodny-koordinator-europskeho-programu-vzdelavania-dospelych\/","og_site_name":"\u0160IOV - \u0161t\u00e1tny in\u0161tit\u00fat odborn\u00e9ho vzdel\u00e1vania","article_publisher":"https:\/\/www.facebook.com\/Statnyinstitutodbornehovzdelavania","article_published_time":"2022-01-18T13:48:25+00:00","article_modified_time":"2022-01-18T13:49:02+00:00","og_image":[{"width":1100,"height":304,"url":"https:\/\/archiv.siov.sk\/wp-content\/uploads\/2019\/02\/top_eu.jpg","type":"image\/jpeg"}],"author":"Katar\u00edna Kov\u00e1\u010dov\u00e1","twitter_card":"summary_large_image","twitter_misc":{"Written by":"Katar\u00edna Kov\u00e1\u010dov\u00e1","Estimated reading time":"3 minutes"},"schema":{"@context":"https:\/\/schema.org","@graph":[{"@type":"Article","@id":"https:\/\/archiv.siov.sk\/narodny-koordinator-europskeho-programu-vzdelavania-dospelych\/#article","isPartOf":{"@id":"https:\/\/archiv.siov.sk\/narodny-koordinator-europskeho-programu-vzdelavania-dospelych\/"},"author":{"name":"Katar\u00edna Kov\u00e1\u010dov\u00e1","@id":"https:\/\/archiv.siov.sk\/#\/schema\/person\/e42d633fbd958c6a726e8834d8965e6c"},"headline":"N\u00e1rodn\u00fd koordin\u00e1tor Eur\u00f3pskeho programu vzdel\u00e1vania dospel\u00fdch","datePublished":"2022-01-18T13:48:25+00:00","dateModified":"2022-01-18T13:49:02+00:00","mainEntityOfPage":{"@id":"https:\/\/archiv.siov.sk\/narodny-koordinator-europskeho-programu-vzdelavania-dospelych\/"},"wordCount":592,"publisher":{"@id":"https:\/\/archiv.siov.sk\/#organization"},"image":{"@id":"https:\/\/archiv.siov.sk\/narodny-koordinator-europskeho-programu-vzdelavania-dospelych\/#primaryimage"},"thumbnailUrl":"https:\/\/archiv.siov.sk\/wp-content\/uploads\/2019\/02\/top_eu.jpg","articleSection":["Aktuality"],"inLanguage":"en-GB"},{"@type":"WebPage","@id":"https:\/\/archiv.siov.sk\/narodny-koordinator-europskeho-programu-vzdelavania-dospelych\/","url":"https:\/\/archiv.siov.sk\/narodny-koordinator-europskeho-programu-vzdelavania-dospelych\/","name":"N\u00e1rodn\u00fd koordin\u00e1tor Eur\u00f3pskeho programu vzdel\u00e1vania dospel\u00fdch - \u0160IOV - \u0161t\u00e1tny in\u0161tit\u00fat odborn\u00e9ho vzdel\u00e1vania","isPartOf":{"@id":"https:\/\/archiv.siov.sk\/#website"},"primaryImageOfPage":{"@id":"https:\/\/archiv.siov.sk\/narodny-koordinator-europskeho-programu-vzdelavania-dospelych\/#primaryimage"},"image":{"@id":"https:\/\/archiv.siov.sk\/narodny-koordinator-europskeho-programu-vzdelavania-dospelych\/#primaryimage"},"thumbnailUrl":"https:\/\/archiv.siov.sk\/wp-content\/uploads\/2019\/02\/top_eu.jpg","datePublished":"2022-01-18T13:48:25+00:00","dateModified":"2022-01-18T13:49:02+00:00","breadcrumb":{"@id":"https:\/\/archiv.siov.sk\/narodny-koordinator-europskeho-programu-vzdelavania-dospelych\/#breadcrumb"},"inLanguage":"en-GB","potentialAction":[{"@type":"ReadAction","target":["https:\/\/archiv.siov.sk\/narodny-koordinator-europskeho-programu-vzdelavania-dospelych\/"]}]},{"@type":"ImageObject","inLanguage":"en-GB","@id":"https:\/\/archiv.siov.sk\/narodny-koordinator-europskeho-programu-vzdelavania-dospelych\/#primaryimage","url":"https:\/\/archiv.siov.sk\/wp-content\/uploads\/2019\/02\/top_eu.jpg","contentUrl":"https:\/\/archiv.siov.sk\/wp-content\/uploads\/2019\/02\/top_eu.jpg","width":1100,"height":304},{"@type":"BreadcrumbList","@id":"https:\/\/archiv.siov.sk\/narodny-koordinator-europskeho-programu-vzdelavania-dospelych\/#breadcrumb","itemListElement":[{"@type":"ListItem","position":1,"name":"Home","item":"https:\/\/archiv.siov.sk\/"},{"@type":"ListItem","position":2,"name":"N\u00e1rodn\u00fd koordin\u00e1tor Eur\u00f3pskeho programu vzdel\u00e1vania dospel\u00fdch"}]},{"@type":"WebSite","@id":"https:\/\/archiv.siov.sk\/#website","url":"https:\/\/archiv.siov.sk\/","name":"\u0160IOV - \u0161t\u00e1tny in\u0161tit\u00fat odborn\u00e9ho vzdel\u00e1vania","description":"","publisher":{"@id":"https:\/\/archiv.siov.sk\/#organization"},"potentialAction":[{"@type":"SearchAction","target":{"@type":"EntryPoint","urlTemplate":"https:\/\/archiv.siov.sk\/?s={search_term_string}"},"query-input":{"@type":"PropertyValueSpecification","valueRequired":true,"valueName":"search_term_string"}}],"inLanguage":"en-GB"},{"@type":"Organization","@id":"https:\/\/archiv.siov.sk\/#organization","name":"\u0160IOV - \u0161t\u00e1tny in\u0161tit\u00fat odborn\u00e9ho vzdel\u00e1vania","url":"https:\/\/archiv.siov.sk\/","logo":{"@type":"ImageObject","inLanguage":"en-GB","@id":"https:\/\/archiv.siov.sk\/#\/schema\/logo\/image\/","url":"https:\/\/archiv.siov.sk\/wp-content\/uploads\/2024\/02\/logo-SIOV.png","contentUrl":"https:\/\/archiv.siov.sk\/wp-content\/uploads\/2024\/02\/logo-SIOV.png","width":431,"height":143,"caption":"\u0160IOV - \u0161t\u00e1tny in\u0161tit\u00fat odborn\u00e9ho vzdel\u00e1vania"},"image":{"@id":"https:\/\/archiv.siov.sk\/#\/schema\/logo\/image\/"},"sameAs":["https:\/\/www.facebook.com\/Statnyinstitutodbornehovzdelavania"]},{"@type":"Person","@id":"https:\/\/archiv.siov.sk\/#\/schema\/person\/e42d633fbd958c6a726e8834d8965e6c","name":"Katar\u00edna Kov\u00e1\u010dov\u00e1","url":"https:\/\/archiv.siov.sk\/en\/author\/katkakovacova\/"}]}},"_links":{"self":[{"href":"https:\/\/archiv.siov.sk\/en\/wp-json\/wp\/v2\/posts\/10563","targetHints":{"allow":["GET"]}}],"collection":[{"href":"https:\/\/archiv.siov.sk\/en\/wp-json\/wp\/v2\/posts"}],"about":[{"href":"https:\/\/archiv.siov.sk\/en\/wp-json\/wp\/v2\/types\/post"}],"author":[{"embeddable":true,"href":"https:\/\/archiv.siov.sk\/en\/wp-json\/wp\/v2\/users\/6"}],"replies":[{"embeddable":true,"href":"https:\/\/archiv.siov.sk\/en\/wp-json\/wp\/v2\/comments?post=10563"}],"version-history":[{"count":3,"href":"https:\/\/archiv.siov.sk\/en\/wp-json\/wp\/v2\/posts\/10563\/revisions"}],"predecessor-version":[{"id":10566,"href":"https:\/\/archiv.siov.sk\/en\/wp-json\/wp\/v2\/posts\/10563\/revisions\/10566"}],"wp:featuredmedia":[{"embeddable":true,"href":"https:\/\/archiv.siov.sk\/en\/wp-json\/wp\/v2\/media\/2291"}],"wp:attachment":[{"href":"https:\/\/archiv.siov.sk\/en\/wp-json\/wp\/v2\/media?parent=10563"}],"wp:term":[{"taxonomy":"category","embeddable":true,"href":"https:\/\/archiv.siov.sk\/en\/wp-json\/wp\/v2\/categories?post=10563"},{"taxonomy":"post_tag","embeddable":true,"href":"https:\/\/archiv.siov.sk\/en\/wp-json\/wp\/v2\/tags?post=10563"}],"curies":[{"name":"wp","href":"https:\/\/api.w.org\/{rel}","templated":true}]}}