{"id":10557,"date":"2022-01-18T11:37:21","date_gmt":"2022-01-18T10:37:21","guid":{"rendered":"https:\/\/archiv.siov.sk\/?p=10557"},"modified":"2022-01-18T11:38:17","modified_gmt":"2022-01-18T10:38:17","slug":"hodnotiaci-seminar-rozvojovych-projektov-na-podporu-organizacneho-zabezpecenia-vzdelavania-pedagogickych-zamestnancov-v-oblasti-financnej-gramotnosti-a-vychovy-k-podnikaniu-pre-rok-2021","status":"publish","type":"post","link":"https:\/\/archiv.siov.sk\/en\/hodnotiaci-seminar-rozvojovych-projektov-na-podporu-organizacneho-zabezpecenia-vzdelavania-pedagogickych-zamestnancov-v-oblasti-financnej-gramotnosti-a-vychovy-k-podnikaniu-pre-rok-2021\/","title":{"rendered":"Hodnotiaci semin\u00e1r rozvojov\u00fdch projektov na podporu organiza\u010dn\u00e9ho zabezpe\u010denia vzdel\u00e1vania pedagogick\u00fdch zamestnancov v oblasti finan\u010dnej gramotnosti a v\u00fdchovy k podnikaniu pre rok 2021"},"content":{"rendered":"<p style=\"text-align: justify;\">Ministerstvo \u0161kolstva, vedy, v\u00fdskumu a \u0161portu Slovenskej republiky zverejnilo v&nbsp;m\u00e1ji 2021 v\u00fdzvu na&nbsp;financovanie rozvojov\u00fdch projektov podpory organiza\u010dn\u00e9ho zabezpe\u010denia vzdel\u00e1vania pedagogick\u00fdch zamestnancov v oblasti finan\u010dnej gramotnosti a v\u00fdchovy k podnikaniu na rok 2020 vo v\u00fd\u0161ke <strong>50 000 eur<\/strong>.<\/p>\n<p style=\"text-align: justify;\">V r\u00e1mci V\u00fdzvy bolo ministerstvu v stanovenom term\u00edne predlo\u017een\u00fdch celkom <strong>87 projektov <\/strong>zo z\u00e1kladn\u00fdch a stredn\u00fdch \u0161k\u00f4l. Z hodnoten\u00fdch projektov na z\u00e1klade stanoven\u00fdch krit\u00e9ri\u00ed vo vyp\u00edsanej v\u00fdzve 29. j\u00fana 2021 komisia vybrala <strong>26 projektov<\/strong>, ktor\u00fdch poradie, v\u00fdber a v\u00fd\u0161ku pridelen\u00fdch \u00fa\u010delov\u00fdch finan\u010dn\u00fdch prostriedkov schv\u00e1lil minister \u0161kolstva, vedy, v\u00fdskumu a \u0161portu Slovenskej republiky.<\/p>\n<p style=\"text-align: justify;\">V\u00fdsledky bud\u00fa prezentovan\u00e9 <strong>na online hodnotiacom semin\u00e1ri<\/strong> rozvojov\u00fdch projektov na podporu organiza\u010dn\u00e9ho zabezpe\u010denia vzdel\u00e1vania pedagogick\u00fdch zamestnancov v&nbsp;oblasti finan\u010dnej gramotnosti a&nbsp;v\u00fdchovy k&nbsp;podnikaniu.<\/p>\n<p style=\"text-align: justify;\"><strong>Hodnotiaci semin\u00e1r pripravuje <\/strong>\u0160t\u00e1tny in\u0161tit\u00fat odborn\u00e9ho vzdel\u00e1vania (\u0160IOV), odbor finan\u010dnej gramotnosti,&nbsp;Slovensk\u00e9 centrum cvi\u010dn\u00fdch firiem a&nbsp;podpory smerovania ml\u00e1de\u017ee s&nbsp;technickou podporou CVTI SR-\u0160VS BB prostredn\u00edctvom MS Teams. <strong>Uskuto\u010dn\u00ed sa <\/strong>25. janu\u00e1ra 2022 v \u010dase od 10:00 do 12:30.<\/p>\n<p>\u00da\u010das\u0165 \u00faspe\u0161n\u00e9ho uch\u00e1dza\u010da RP k&nbsp;FG na hodnotiacom semin\u00e1ri je povinn\u00e1 a&nbsp;vypl\u00fdva priamo z&nbsp;v\u00fdzvy rozvojov\u00e9ho projektu.<\/p>","protected":false},"excerpt":{"rendered":"<p>Ministerstvo \u0161kolstva, vedy, v\u00fdskumu a \u0161portu Slovenskej republiky zverejnilo v&nbsp;m\u00e1ji 2021 v\u00fdzvu na&nbsp;financovanie rozvojov\u00fdch projektov podpory organiza\u010dn\u00e9ho zabezpe\u010denia vzdel\u00e1vania pedagogick\u00fdch zamestnancov v oblasti finan\u010dnej gramotnosti a v\u00fdchovy k podnikaniu na rok 2020 vo v\u00fd\u0161ke 50 000 eur. V r\u00e1mci V\u00fdzvy bolo ministerstvu v stanovenom term\u00edne predlo\u017een\u00fdch celkom 87 projektov zo z\u00e1kladn\u00fdch a stredn\u00fdch \u0161k\u00f4l. Z [&hellip;]<\/p>\n","protected":false},"author":6,"featured_media":2355,"comment_status":"closed","ping_status":"closed","sticky":false,"template":"","format":"standard","meta":{"site-sidebar-layout":"default","site-content-layout":"default","ast-site-content-layout":"default","site-content-style":"default","site-sidebar-style":"default","ast-global-header-display":"","ast-banner-title-visibility":"","ast-main-header-display":"","ast-hfb-above-header-display":"","ast-hfb-below-header-display":"","ast-hfb-mobile-header-display":"","site-post-title":"","ast-breadcrumbs-content":"","ast-featured-img":"","footer-sml-layout":"","ast-disable-related-posts":"","theme-transparent-header-meta":"default","adv-header-id-meta":"","stick-header-meta":"","header-above-stick-meta":"","header-main-stick-meta":"","header-below-stick-meta":"","astra-migrate-meta-layouts":"default","ast-page-background-enabled":"default","ast-page-background-meta":{"desktop":{"background-color":"var(--ast-global-color-4)","background-image":"","background-repeat":"repeat","background-position":"center center","background-size":"auto","background-attachment":"scroll","background-type":"","background-media":"","overlay-type":"","overlay-color":"","overlay-opacity":"","overlay-gradient":""},"tablet":{"background-color":"","background-image":"","background-repeat":"repeat","background-position":"center center","background-size":"auto","background-attachment":"scroll","background-type":"","background-media":"","overlay-type":"","overlay-color":"","overlay-opacity":"","overlay-gradient":""},"mobile":{"background-color":"","background-image":"","background-repeat":"repeat","background-position":"center center","background-size":"auto","background-attachment":"scroll","background-type":"","background-media":"","overlay-type":"","overlay-color":"","overlay-opacity":"","overlay-gradient":""}},"ast-content-background-meta":{"desktop":{"background-color":"var(--ast-global-color-5)","background-image":"","background-repeat":"repeat","background-position":"center center","background-size":"auto","background-attachment":"scroll","background-type":"","background-media":"","overlay-type":"","overlay-color":"","overlay-opacity":"","overlay-gradient":""},"tablet":{"background-color":"var(--ast-global-color-5)","background-image":"","background-repeat":"repeat","background-position":"center center","background-size":"auto","background-attachment":"scroll","background-type":"","background-media":"","overlay-type":"","overlay-color":"","overlay-opacity":"","overlay-gradient":""},"mobile":{"background-color":"var(--ast-global-color-5)","background-image":"","background-repeat":"repeat","background-position":"center center","background-size":"auto","background-attachment":"scroll","background-type":"","background-media":"","overlay-type":"","overlay-color":"","overlay-opacity":"","overlay-gradient":""}},"footnotes":""},"categories":[1],"tags":[],"class_list":["post-10557","post","type-post","status-publish","format-standard","has-post-thumbnail","hentry","category-aktuality"],"yoast_head":"<!-- This site is optimized with the Yoast SEO plugin v27.5 - https:\/\/yoast.com\/product\/yoast-seo-wordpress\/ -->\n<title>Hodnotiaci semin\u00e1r rozvojov\u00fdch projektov na podporu organiza\u010dn\u00e9ho zabezpe\u010denia vzdel\u00e1vania pedagogick\u00fdch zamestnancov v oblasti finan\u010dnej gramotnosti a v\u00fdchovy k podnikaniu pre rok 2021 - \u0160IOV - \u0161t\u00e1tny in\u0161tit\u00fat odborn\u00e9ho vzdel\u00e1vania<\/title>\n<meta name=\"robots\" content=\"index, follow, max-snippet:-1, max-image-preview:large, max-video-preview:-1\" \/>\n<link rel=\"canonical\" href=\"https:\/\/archiv.siov.sk\/en\/hodnotiaci-seminar-rozvojovych-projektov-na-podporu-organizacneho-zabezpecenia-vzdelavania-pedagogickych-zamestnancov-v-oblasti-financnej-gramotnosti-a-vychovy-k-podnikaniu-pre-rok-2021\/\" \/>\n<meta property=\"og:locale\" content=\"en_GB\" \/>\n<meta property=\"og:type\" content=\"article\" \/>\n<meta property=\"og:title\" content=\"Hodnotiaci semin\u00e1r rozvojov\u00fdch projektov na podporu organiza\u010dn\u00e9ho zabezpe\u010denia vzdel\u00e1vania pedagogick\u00fdch zamestnancov v oblasti finan\u010dnej gramotnosti a v\u00fdchovy k podnikaniu pre rok 2021 - \u0160IOV - \u0161t\u00e1tny in\u0161tit\u00fat odborn\u00e9ho vzdel\u00e1vania\" \/>\n<meta property=\"og:description\" content=\"Ministerstvo \u0161kolstva, vedy, v\u00fdskumu a \u0161portu Slovenskej republiky zverejnilo v&nbsp;m\u00e1ji 2021 v\u00fdzvu na&nbsp;financovanie rozvojov\u00fdch projektov podpory organiza\u010dn\u00e9ho zabezpe\u010denia vzdel\u00e1vania pedagogick\u00fdch zamestnancov v oblasti finan\u010dnej gramotnosti a v\u00fdchovy k podnikaniu na rok 2020 vo v\u00fd\u0161ke 50 000 eur. V r\u00e1mci V\u00fdzvy bolo ministerstvu v stanovenom term\u00edne predlo\u017een\u00fdch celkom 87 projektov zo z\u00e1kladn\u00fdch a stredn\u00fdch \u0161k\u00f4l. Z [&hellip;]\" \/>\n<meta property=\"og:url\" content=\"https:\/\/archiv.siov.sk\/en\/hodnotiaci-seminar-rozvojovych-projektov-na-podporu-organizacneho-zabezpecenia-vzdelavania-pedagogickych-zamestnancov-v-oblasti-financnej-gramotnosti-a-vychovy-k-podnikaniu-pre-rok-2021\/\" \/>\n<meta property=\"og:site_name\" content=\"\u0160IOV - \u0161t\u00e1tny in\u0161tit\u00fat odborn\u00e9ho vzdel\u00e1vania\" \/>\n<meta property=\"article:publisher\" content=\"https:\/\/www.facebook.com\/Statnyinstitutodbornehovzdelavania\" \/>\n<meta property=\"article:published_time\" content=\"2022-01-18T10:37:21+00:00\" \/>\n<meta property=\"article:modified_time\" content=\"2022-01-18T10:38:17+00:00\" \/>\n<meta property=\"og:image\" content=\"https:\/\/archiv.siov.sk\/wp-content\/uploads\/2019\/02\/top_news.jpg\" \/>\n\t<meta property=\"og:image:width\" content=\"1100\" \/>\n\t<meta property=\"og:image:height\" content=\"445\" \/>\n\t<meta property=\"og:image:type\" content=\"image\/jpeg\" \/>\n<meta name=\"author\" content=\"Katar\u00edna Kov\u00e1\u010dov\u00e1\" \/>\n<meta name=\"twitter:card\" content=\"summary_large_image\" \/>\n<meta name=\"twitter:label1\" content=\"Written by\" \/>\n\t<meta name=\"twitter:data1\" content=\"Katar\u00edna Kov\u00e1\u010dov\u00e1\" \/>\n\t<meta name=\"twitter:label2\" content=\"Estimated reading time\" \/>\n\t<meta name=\"twitter:data2\" content=\"1 minute\" \/>\n<script type=\"application\/ld+json\" class=\"yoast-schema-graph\">{\"@context\":\"https:\\\/\\\/schema.org\",\"@graph\":[{\"@type\":\"Article\",\"@id\":\"https:\\\/\\\/archiv.siov.sk\\\/hodnotiaci-seminar-rozvojovych-projektov-na-podporu-organizacneho-zabezpecenia-vzdelavania-pedagogickych-zamestnancov-v-oblasti-financnej-gramotnosti-a-vychovy-k-podnikaniu-pre-rok-2021\\\/#article\",\"isPartOf\":{\"@id\":\"https:\\\/\\\/archiv.siov.sk\\\/hodnotiaci-seminar-rozvojovych-projektov-na-podporu-organizacneho-zabezpecenia-vzdelavania-pedagogickych-zamestnancov-v-oblasti-financnej-gramotnosti-a-vychovy-k-podnikaniu-pre-rok-2021\\\/\"},\"author\":{\"name\":\"Katar\u00edna Kov\u00e1\u010dov\u00e1\",\"@id\":\"https:\\\/\\\/archiv.siov.sk\\\/#\\\/schema\\\/person\\\/e42d633fbd958c6a726e8834d8965e6c\"},\"headline\":\"Hodnotiaci semin\u00e1r rozvojov\u00fdch projektov na podporu organiza\u010dn\u00e9ho zabezpe\u010denia vzdel\u00e1vania pedagogick\u00fdch zamestnancov v oblasti finan\u010dnej gramotnosti a v\u00fdchovy k podnikaniu pre rok 2021\",\"datePublished\":\"2022-01-18T10:37:21+00:00\",\"dateModified\":\"2022-01-18T10:38:17+00:00\",\"mainEntityOfPage\":{\"@id\":\"https:\\\/\\\/archiv.siov.sk\\\/hodnotiaci-seminar-rozvojovych-projektov-na-podporu-organizacneho-zabezpecenia-vzdelavania-pedagogickych-zamestnancov-v-oblasti-financnej-gramotnosti-a-vychovy-k-podnikaniu-pre-rok-2021\\\/\"},\"wordCount\":271,\"publisher\":{\"@id\":\"https:\\\/\\\/archiv.siov.sk\\\/#organization\"},\"image\":{\"@id\":\"https:\\\/\\\/archiv.siov.sk\\\/hodnotiaci-seminar-rozvojovych-projektov-na-podporu-organizacneho-zabezpecenia-vzdelavania-pedagogickych-zamestnancov-v-oblasti-financnej-gramotnosti-a-vychovy-k-podnikaniu-pre-rok-2021\\\/#primaryimage\"},\"thumbnailUrl\":\"https:\\\/\\\/archiv.siov.sk\\\/wp-content\\\/uploads\\\/2019\\\/02\\\/top_news.jpg\",\"articleSection\":[\"Aktuality\"],\"inLanguage\":\"en-GB\"},{\"@type\":\"WebPage\",\"@id\":\"https:\\\/\\\/archiv.siov.sk\\\/hodnotiaci-seminar-rozvojovych-projektov-na-podporu-organizacneho-zabezpecenia-vzdelavania-pedagogickych-zamestnancov-v-oblasti-financnej-gramotnosti-a-vychovy-k-podnikaniu-pre-rok-2021\\\/\",\"url\":\"https:\\\/\\\/archiv.siov.sk\\\/hodnotiaci-seminar-rozvojovych-projektov-na-podporu-organizacneho-zabezpecenia-vzdelavania-pedagogickych-zamestnancov-v-oblasti-financnej-gramotnosti-a-vychovy-k-podnikaniu-pre-rok-2021\\\/\",\"name\":\"Hodnotiaci semin\u00e1r rozvojov\u00fdch projektov na podporu organiza\u010dn\u00e9ho zabezpe\u010denia vzdel\u00e1vania pedagogick\u00fdch zamestnancov v oblasti finan\u010dnej gramotnosti a v\u00fdchovy k podnikaniu pre rok 2021 - \u0160IOV - \u0161t\u00e1tny in\u0161tit\u00fat odborn\u00e9ho vzdel\u00e1vania\",\"isPartOf\":{\"@id\":\"https:\\\/\\\/archiv.siov.sk\\\/#website\"},\"primaryImageOfPage\":{\"@id\":\"https:\\\/\\\/archiv.siov.sk\\\/hodnotiaci-seminar-rozvojovych-projektov-na-podporu-organizacneho-zabezpecenia-vzdelavania-pedagogickych-zamestnancov-v-oblasti-financnej-gramotnosti-a-vychovy-k-podnikaniu-pre-rok-2021\\\/#primaryimage\"},\"image\":{\"@id\":\"https:\\\/\\\/archiv.siov.sk\\\/hodnotiaci-seminar-rozvojovych-projektov-na-podporu-organizacneho-zabezpecenia-vzdelavania-pedagogickych-zamestnancov-v-oblasti-financnej-gramotnosti-a-vychovy-k-podnikaniu-pre-rok-2021\\\/#primaryimage\"},\"thumbnailUrl\":\"https:\\\/\\\/archiv.siov.sk\\\/wp-content\\\/uploads\\\/2019\\\/02\\\/top_news.jpg\",\"datePublished\":\"2022-01-18T10:37:21+00:00\",\"dateModified\":\"2022-01-18T10:38:17+00:00\",\"breadcrumb\":{\"@id\":\"https:\\\/\\\/archiv.siov.sk\\\/hodnotiaci-seminar-rozvojovych-projektov-na-podporu-organizacneho-zabezpecenia-vzdelavania-pedagogickych-zamestnancov-v-oblasti-financnej-gramotnosti-a-vychovy-k-podnikaniu-pre-rok-2021\\\/#breadcrumb\"},\"inLanguage\":\"en-GB\",\"potentialAction\":[{\"@type\":\"ReadAction\",\"target\":[\"https:\\\/\\\/archiv.siov.sk\\\/hodnotiaci-seminar-rozvojovych-projektov-na-podporu-organizacneho-zabezpecenia-vzdelavania-pedagogickych-zamestnancov-v-oblasti-financnej-gramotnosti-a-vychovy-k-podnikaniu-pre-rok-2021\\\/\"]}]},{\"@type\":\"ImageObject\",\"inLanguage\":\"en-GB\",\"@id\":\"https:\\\/\\\/archiv.siov.sk\\\/hodnotiaci-seminar-rozvojovych-projektov-na-podporu-organizacneho-zabezpecenia-vzdelavania-pedagogickych-zamestnancov-v-oblasti-financnej-gramotnosti-a-vychovy-k-podnikaniu-pre-rok-2021\\\/#primaryimage\",\"url\":\"https:\\\/\\\/archiv.siov.sk\\\/wp-content\\\/uploads\\\/2019\\\/02\\\/top_news.jpg\",\"contentUrl\":\"https:\\\/\\\/archiv.siov.sk\\\/wp-content\\\/uploads\\\/2019\\\/02\\\/top_news.jpg\",\"width\":1100,\"height\":445,\"caption\":\"Du\u00e1l Pointy v\u00fdrazne u\u013eah\u010dia pr\u00e1cu v\u00fdchovn\u00fdch a kari\u00e9rov\u00fdch poradcov\"},{\"@type\":\"BreadcrumbList\",\"@id\":\"https:\\\/\\\/archiv.siov.sk\\\/hodnotiaci-seminar-rozvojovych-projektov-na-podporu-organizacneho-zabezpecenia-vzdelavania-pedagogickych-zamestnancov-v-oblasti-financnej-gramotnosti-a-vychovy-k-podnikaniu-pre-rok-2021\\\/#breadcrumb\",\"itemListElement\":[{\"@type\":\"ListItem\",\"position\":1,\"name\":\"Home\",\"item\":\"https:\\\/\\\/archiv.siov.sk\\\/\"},{\"@type\":\"ListItem\",\"position\":2,\"name\":\"Hodnotiaci semin\u00e1r rozvojov\u00fdch projektov na podporu organiza\u010dn\u00e9ho zabezpe\u010denia vzdel\u00e1vania pedagogick\u00fdch zamestnancov v oblasti finan\u010dnej gramotnosti a v\u00fdchovy k podnikaniu pre rok 2021\"}]},{\"@type\":\"WebSite\",\"@id\":\"https:\\\/\\\/archiv.siov.sk\\\/#website\",\"url\":\"https:\\\/\\\/archiv.siov.sk\\\/\",\"name\":\"\u0160IOV - \u0161t\u00e1tny in\u0161tit\u00fat odborn\u00e9ho vzdel\u00e1vania\",\"description\":\"\",\"publisher\":{\"@id\":\"https:\\\/\\\/archiv.siov.sk\\\/#organization\"},\"potentialAction\":[{\"@type\":\"SearchAction\",\"target\":{\"@type\":\"EntryPoint\",\"urlTemplate\":\"https:\\\/\\\/archiv.siov.sk\\\/?s={search_term_string}\"},\"query-input\":{\"@type\":\"PropertyValueSpecification\",\"valueRequired\":true,\"valueName\":\"search_term_string\"}}],\"inLanguage\":\"en-GB\"},{\"@type\":\"Organization\",\"@id\":\"https:\\\/\\\/archiv.siov.sk\\\/#organization\",\"name\":\"\u0160IOV - \u0161t\u00e1tny in\u0161tit\u00fat odborn\u00e9ho vzdel\u00e1vania\",\"url\":\"https:\\\/\\\/archiv.siov.sk\\\/\",\"logo\":{\"@type\":\"ImageObject\",\"inLanguage\":\"en-GB\",\"@id\":\"https:\\\/\\\/archiv.siov.sk\\\/#\\\/schema\\\/logo\\\/image\\\/\",\"url\":\"https:\\\/\\\/archiv.siov.sk\\\/wp-content\\\/uploads\\\/2024\\\/02\\\/logo-SIOV.png\",\"contentUrl\":\"https:\\\/\\\/archiv.siov.sk\\\/wp-content\\\/uploads\\\/2024\\\/02\\\/logo-SIOV.png\",\"width\":431,\"height\":143,\"caption\":\"\u0160IOV - \u0161t\u00e1tny in\u0161tit\u00fat odborn\u00e9ho vzdel\u00e1vania\"},\"image\":{\"@id\":\"https:\\\/\\\/archiv.siov.sk\\\/#\\\/schema\\\/logo\\\/image\\\/\"},\"sameAs\":[\"https:\\\/\\\/www.facebook.com\\\/Statnyinstitutodbornehovzdelavania\"]},{\"@type\":\"Person\",\"@id\":\"https:\\\/\\\/archiv.siov.sk\\\/#\\\/schema\\\/person\\\/e42d633fbd958c6a726e8834d8965e6c\",\"name\":\"Katar\u00edna Kov\u00e1\u010dov\u00e1\",\"url\":\"https:\\\/\\\/archiv.siov.sk\\\/en\\\/author\\\/katkakovacova\\\/\"}]}<\/script>\n<!-- \/ Yoast SEO plugin. -->","yoast_head_json":{"title":"Hodnotiaci semin\u00e1r rozvojov\u00fdch projektov na podporu organiza\u010dn\u00e9ho zabezpe\u010denia vzdel\u00e1vania pedagogick\u00fdch zamestnancov v oblasti finan\u010dnej gramotnosti a v\u00fdchovy k podnikaniu pre rok 2021 - \u0160IOV - \u0161t\u00e1tny in\u0161tit\u00fat odborn\u00e9ho vzdel\u00e1vania","robots":{"index":"index","follow":"follow","max-snippet":"max-snippet:-1","max-image-preview":"max-image-preview:large","max-video-preview":"max-video-preview:-1"},"canonical":"https:\/\/archiv.siov.sk\/en\/hodnotiaci-seminar-rozvojovych-projektov-na-podporu-organizacneho-zabezpecenia-vzdelavania-pedagogickych-zamestnancov-v-oblasti-financnej-gramotnosti-a-vychovy-k-podnikaniu-pre-rok-2021\/","og_locale":"en_GB","og_type":"article","og_title":"Hodnotiaci semin\u00e1r rozvojov\u00fdch projektov na podporu organiza\u010dn\u00e9ho zabezpe\u010denia vzdel\u00e1vania pedagogick\u00fdch zamestnancov v oblasti finan\u010dnej gramotnosti a v\u00fdchovy k podnikaniu pre rok 2021 - \u0160IOV - \u0161t\u00e1tny in\u0161tit\u00fat odborn\u00e9ho vzdel\u00e1vania","og_description":"Ministerstvo \u0161kolstva, vedy, v\u00fdskumu a \u0161portu Slovenskej republiky zverejnilo v&nbsp;m\u00e1ji 2021 v\u00fdzvu na&nbsp;financovanie rozvojov\u00fdch projektov podpory organiza\u010dn\u00e9ho zabezpe\u010denia vzdel\u00e1vania pedagogick\u00fdch zamestnancov v oblasti finan\u010dnej gramotnosti a v\u00fdchovy k podnikaniu na rok 2020 vo v\u00fd\u0161ke 50 000 eur. V r\u00e1mci V\u00fdzvy bolo ministerstvu v stanovenom term\u00edne predlo\u017een\u00fdch celkom 87 projektov zo z\u00e1kladn\u00fdch a stredn\u00fdch \u0161k\u00f4l. Z [&hellip;]","og_url":"https:\/\/archiv.siov.sk\/en\/hodnotiaci-seminar-rozvojovych-projektov-na-podporu-organizacneho-zabezpecenia-vzdelavania-pedagogickych-zamestnancov-v-oblasti-financnej-gramotnosti-a-vychovy-k-podnikaniu-pre-rok-2021\/","og_site_name":"\u0160IOV - \u0161t\u00e1tny in\u0161tit\u00fat odborn\u00e9ho vzdel\u00e1vania","article_publisher":"https:\/\/www.facebook.com\/Statnyinstitutodbornehovzdelavania","article_published_time":"2022-01-18T10:37:21+00:00","article_modified_time":"2022-01-18T10:38:17+00:00","og_image":[{"width":1100,"height":445,"url":"https:\/\/archiv.siov.sk\/wp-content\/uploads\/2019\/02\/top_news.jpg","type":"image\/jpeg"}],"author":"Katar\u00edna Kov\u00e1\u010dov\u00e1","twitter_card":"summary_large_image","twitter_misc":{"Written by":"Katar\u00edna Kov\u00e1\u010dov\u00e1","Estimated reading time":"1 minute"},"schema":{"@context":"https:\/\/schema.org","@graph":[{"@type":"Article","@id":"https:\/\/archiv.siov.sk\/hodnotiaci-seminar-rozvojovych-projektov-na-podporu-organizacneho-zabezpecenia-vzdelavania-pedagogickych-zamestnancov-v-oblasti-financnej-gramotnosti-a-vychovy-k-podnikaniu-pre-rok-2021\/#article","isPartOf":{"@id":"https:\/\/archiv.siov.sk\/hodnotiaci-seminar-rozvojovych-projektov-na-podporu-organizacneho-zabezpecenia-vzdelavania-pedagogickych-zamestnancov-v-oblasti-financnej-gramotnosti-a-vychovy-k-podnikaniu-pre-rok-2021\/"},"author":{"name":"Katar\u00edna Kov\u00e1\u010dov\u00e1","@id":"https:\/\/archiv.siov.sk\/#\/schema\/person\/e42d633fbd958c6a726e8834d8965e6c"},"headline":"Hodnotiaci semin\u00e1r rozvojov\u00fdch projektov na podporu organiza\u010dn\u00e9ho zabezpe\u010denia vzdel\u00e1vania pedagogick\u00fdch zamestnancov v oblasti finan\u010dnej gramotnosti a v\u00fdchovy k podnikaniu pre rok 2021","datePublished":"2022-01-18T10:37:21+00:00","dateModified":"2022-01-18T10:38:17+00:00","mainEntityOfPage":{"@id":"https:\/\/archiv.siov.sk\/hodnotiaci-seminar-rozvojovych-projektov-na-podporu-organizacneho-zabezpecenia-vzdelavania-pedagogickych-zamestnancov-v-oblasti-financnej-gramotnosti-a-vychovy-k-podnikaniu-pre-rok-2021\/"},"wordCount":271,"publisher":{"@id":"https:\/\/archiv.siov.sk\/#organization"},"image":{"@id":"https:\/\/archiv.siov.sk\/hodnotiaci-seminar-rozvojovych-projektov-na-podporu-organizacneho-zabezpecenia-vzdelavania-pedagogickych-zamestnancov-v-oblasti-financnej-gramotnosti-a-vychovy-k-podnikaniu-pre-rok-2021\/#primaryimage"},"thumbnailUrl":"https:\/\/archiv.siov.sk\/wp-content\/uploads\/2019\/02\/top_news.jpg","articleSection":["Aktuality"],"inLanguage":"en-GB"},{"@type":"WebPage","@id":"https:\/\/archiv.siov.sk\/hodnotiaci-seminar-rozvojovych-projektov-na-podporu-organizacneho-zabezpecenia-vzdelavania-pedagogickych-zamestnancov-v-oblasti-financnej-gramotnosti-a-vychovy-k-podnikaniu-pre-rok-2021\/","url":"https:\/\/archiv.siov.sk\/hodnotiaci-seminar-rozvojovych-projektov-na-podporu-organizacneho-zabezpecenia-vzdelavania-pedagogickych-zamestnancov-v-oblasti-financnej-gramotnosti-a-vychovy-k-podnikaniu-pre-rok-2021\/","name":"Hodnotiaci semin\u00e1r rozvojov\u00fdch projektov na podporu organiza\u010dn\u00e9ho zabezpe\u010denia vzdel\u00e1vania pedagogick\u00fdch zamestnancov v oblasti finan\u010dnej gramotnosti a v\u00fdchovy k podnikaniu pre rok 2021 - \u0160IOV - \u0161t\u00e1tny in\u0161tit\u00fat odborn\u00e9ho vzdel\u00e1vania","isPartOf":{"@id":"https:\/\/archiv.siov.sk\/#website"},"primaryImageOfPage":{"@id":"https:\/\/archiv.siov.sk\/hodnotiaci-seminar-rozvojovych-projektov-na-podporu-organizacneho-zabezpecenia-vzdelavania-pedagogickych-zamestnancov-v-oblasti-financnej-gramotnosti-a-vychovy-k-podnikaniu-pre-rok-2021\/#primaryimage"},"image":{"@id":"https:\/\/archiv.siov.sk\/hodnotiaci-seminar-rozvojovych-projektov-na-podporu-organizacneho-zabezpecenia-vzdelavania-pedagogickych-zamestnancov-v-oblasti-financnej-gramotnosti-a-vychovy-k-podnikaniu-pre-rok-2021\/#primaryimage"},"thumbnailUrl":"https:\/\/archiv.siov.sk\/wp-content\/uploads\/2019\/02\/top_news.jpg","datePublished":"2022-01-18T10:37:21+00:00","dateModified":"2022-01-18T10:38:17+00:00","breadcrumb":{"@id":"https:\/\/archiv.siov.sk\/hodnotiaci-seminar-rozvojovych-projektov-na-podporu-organizacneho-zabezpecenia-vzdelavania-pedagogickych-zamestnancov-v-oblasti-financnej-gramotnosti-a-vychovy-k-podnikaniu-pre-rok-2021\/#breadcrumb"},"inLanguage":"en-GB","potentialAction":[{"@type":"ReadAction","target":["https:\/\/archiv.siov.sk\/hodnotiaci-seminar-rozvojovych-projektov-na-podporu-organizacneho-zabezpecenia-vzdelavania-pedagogickych-zamestnancov-v-oblasti-financnej-gramotnosti-a-vychovy-k-podnikaniu-pre-rok-2021\/"]}]},{"@type":"ImageObject","inLanguage":"en-GB","@id":"https:\/\/archiv.siov.sk\/hodnotiaci-seminar-rozvojovych-projektov-na-podporu-organizacneho-zabezpecenia-vzdelavania-pedagogickych-zamestnancov-v-oblasti-financnej-gramotnosti-a-vychovy-k-podnikaniu-pre-rok-2021\/#primaryimage","url":"https:\/\/archiv.siov.sk\/wp-content\/uploads\/2019\/02\/top_news.jpg","contentUrl":"https:\/\/archiv.siov.sk\/wp-content\/uploads\/2019\/02\/top_news.jpg","width":1100,"height":445,"caption":"Du\u00e1l Pointy v\u00fdrazne u\u013eah\u010dia pr\u00e1cu v\u00fdchovn\u00fdch a kari\u00e9rov\u00fdch poradcov"},{"@type":"BreadcrumbList","@id":"https:\/\/archiv.siov.sk\/hodnotiaci-seminar-rozvojovych-projektov-na-podporu-organizacneho-zabezpecenia-vzdelavania-pedagogickych-zamestnancov-v-oblasti-financnej-gramotnosti-a-vychovy-k-podnikaniu-pre-rok-2021\/#breadcrumb","itemListElement":[{"@type":"ListItem","position":1,"name":"Home","item":"https:\/\/archiv.siov.sk\/"},{"@type":"ListItem","position":2,"name":"Hodnotiaci semin\u00e1r rozvojov\u00fdch projektov na podporu organiza\u010dn\u00e9ho zabezpe\u010denia vzdel\u00e1vania pedagogick\u00fdch zamestnancov v oblasti finan\u010dnej gramotnosti a v\u00fdchovy k podnikaniu pre rok 2021"}]},{"@type":"WebSite","@id":"https:\/\/archiv.siov.sk\/#website","url":"https:\/\/archiv.siov.sk\/","name":"\u0160IOV - \u0161t\u00e1tny in\u0161tit\u00fat odborn\u00e9ho vzdel\u00e1vania","description":"","publisher":{"@id":"https:\/\/archiv.siov.sk\/#organization"},"potentialAction":[{"@type":"SearchAction","target":{"@type":"EntryPoint","urlTemplate":"https:\/\/archiv.siov.sk\/?s={search_term_string}"},"query-input":{"@type":"PropertyValueSpecification","valueRequired":true,"valueName":"search_term_string"}}],"inLanguage":"en-GB"},{"@type":"Organization","@id":"https:\/\/archiv.siov.sk\/#organization","name":"\u0160IOV - \u0161t\u00e1tny in\u0161tit\u00fat odborn\u00e9ho vzdel\u00e1vania","url":"https:\/\/archiv.siov.sk\/","logo":{"@type":"ImageObject","inLanguage":"en-GB","@id":"https:\/\/archiv.siov.sk\/#\/schema\/logo\/image\/","url":"https:\/\/archiv.siov.sk\/wp-content\/uploads\/2024\/02\/logo-SIOV.png","contentUrl":"https:\/\/archiv.siov.sk\/wp-content\/uploads\/2024\/02\/logo-SIOV.png","width":431,"height":143,"caption":"\u0160IOV - \u0161t\u00e1tny in\u0161tit\u00fat odborn\u00e9ho vzdel\u00e1vania"},"image":{"@id":"https:\/\/archiv.siov.sk\/#\/schema\/logo\/image\/"},"sameAs":["https:\/\/www.facebook.com\/Statnyinstitutodbornehovzdelavania"]},{"@type":"Person","@id":"https:\/\/archiv.siov.sk\/#\/schema\/person\/e42d633fbd958c6a726e8834d8965e6c","name":"Katar\u00edna Kov\u00e1\u010dov\u00e1","url":"https:\/\/archiv.siov.sk\/en\/author\/katkakovacova\/"}]}},"_links":{"self":[{"href":"https:\/\/archiv.siov.sk\/en\/wp-json\/wp\/v2\/posts\/10557","targetHints":{"allow":["GET"]}}],"collection":[{"href":"https:\/\/archiv.siov.sk\/en\/wp-json\/wp\/v2\/posts"}],"about":[{"href":"https:\/\/archiv.siov.sk\/en\/wp-json\/wp\/v2\/types\/post"}],"author":[{"embeddable":true,"href":"https:\/\/archiv.siov.sk\/en\/wp-json\/wp\/v2\/users\/6"}],"replies":[{"embeddable":true,"href":"https:\/\/archiv.siov.sk\/en\/wp-json\/wp\/v2\/comments?post=10557"}],"version-history":[{"count":2,"href":"https:\/\/archiv.siov.sk\/en\/wp-json\/wp\/v2\/posts\/10557\/revisions"}],"predecessor-version":[{"id":10559,"href":"https:\/\/archiv.siov.sk\/en\/wp-json\/wp\/v2\/posts\/10557\/revisions\/10559"}],"wp:featuredmedia":[{"embeddable":true,"href":"https:\/\/archiv.siov.sk\/en\/wp-json\/wp\/v2\/media\/2355"}],"wp:attachment":[{"href":"https:\/\/archiv.siov.sk\/en\/wp-json\/wp\/v2\/media?parent=10557"}],"wp:term":[{"taxonomy":"category","embeddable":true,"href":"https:\/\/archiv.siov.sk\/en\/wp-json\/wp\/v2\/categories?post=10557"},{"taxonomy":"post_tag","embeddable":true,"href":"https:\/\/archiv.siov.sk\/en\/wp-json\/wp\/v2\/tags?post=10557"}],"curies":[{"name":"wp","href":"https:\/\/api.w.org\/{rel}","templated":true}]}}