{"id":10263,"date":"2021-12-15T11:51:01","date_gmt":"2021-12-15T10:51:01","guid":{"rendered":"https:\/\/archiv.siov.sk\/?p=10263"},"modified":"2021-12-15T14:10:08","modified_gmt":"2021-12-15T13:10:08","slug":"slovenske-cvicne-firmy-bodovali-na-3-mub-line-veletrhu-fiktivnich-firem","status":"publish","type":"post","link":"https:\/\/archiv.siov.sk\/en\/slovenske-cvicne-firmy-bodovali-na-3-mub-line-veletrhu-fiktivnich-firem\/","title":{"rendered":"Slovensk\u00e9 cvi\u010dn\u00e9 firmy bodovali na 3. MUB-line veletrhu fiktivn\u00edch firem"},"content":{"rendered":"<p style=\"text-align: justify;\">Na ve\u013etrh, ktor\u00fd organizovala <strong>Metropolitn\u00e1 univerzita Praha<\/strong> <strong>9. a&nbsp;10. decembra<\/strong> online sa prihl\u00e1silo spolu rekordn\u00fdch 76 cvi\u010dn\u00fdch firiem, pri\u010dom zo Slovenska ich bolo 33. Firmy na\u0161ich \u017eiakov obst\u00e1li vo ve\u013ekej konkurencii ve\u013emi dobre a obsadili viacer\u00e9 popredn\u00e9 miesta. Akt\u00edvnym partnerom podujatia bolo u\u017e tradi\u010dne aj Slovensk\u00e9 centrum cvi\u010dn\u00fdch firiem, odbor \u0160t\u00e1tneho in\u0161tit\u00fatu odborn\u00e9ho vzdel\u00e1vania, ktor\u00e9ho z\u00e1stupcovia boli tie\u017e \u010dlenmi porotcovsk\u00fdch komisi\u00ed.<\/p>\n<p style=\"text-align: justify;\">Aby bol ve\u013etrh ve\u013etrhom v&nbsp;pravom slova zmysle, po\u010das oboch dn\u00ed prebiehalo <strong>online obchodovanie medzi z\u00fa\u010dastnen\u00fdmi firmami<\/strong>. Okrem toho cvi\u010dn\u00e9 firmy, samozrejme, s\u00fa\u0165a\u017eili a mohli si u\u017ei\u0165 aj pestr\u00fd sprievodn\u00fd program. Online stretnutia s veden\u00edm Metropolitn\u00ed univerzity Praha, mana\u017e\u00e9rskymi a podnikate\u013esk\u00fdmi osobnos\u0165ami, Zby\u0148kom Frol\u00edkom, zakladate\u013eom a majite\u013eom spolo\u010dnosti LINET, Alicou Z\u00e1potockou, marketingovou riadite\u013ekou S&amp;T, Scottom Mitchellom, exekut\u00edvnym riadite\u013eom PENWORLDWIDE, Tom\u00e1\u0161om P\u0159enosilom, riadite\u013eom PR a marketingu divadla STUDIO DVA a \u010fal\u0161\u00edmi. Partnerom podujatia bolo tie\u017e divadlo Moniky Absolonovej, ktor\u00e1 \u00fa\u010dastn\u00edkov aspo\u0148 na dia\u013eku pozdravila (<a href=\"https:\/\/www.facebook.com\/watch\/?v=586408362459730&amp;extid=WA-UNK-UNK-UNK-AN_GK0T-GK1C&amp;ref=sharing\">https:\/\/www.facebook.com\/watch\/?v=586408362459730&amp;extid=WA-UNK-UNK-UNK-AN_GK0T-GK1C&amp;ref=sharing<\/a> )<\/p>\n<p style=\"text-align: justify;\">V\u00ed\u0165azom kateg\u00f3rie <strong>E-prezent\u00e1cia cvi\u010dnej firmy<\/strong> sa stala cvi\u010dn\u00e1 firma&nbsp; Rekoci\u010dky, s.r.o. zo S\u00fakromnej strednej odbornej \u0161koly podnikania Zvolen, 2. miesto&nbsp; z\u00edskalo \u010cokaf\u00e9, s.r.o.&nbsp; z&nbsp;Obchodnej akad\u00e9mie Watsonova Ko\u0161ice a&nbsp; 3. miesto Neko kav\u00e1rna, s.r.o.&nbsp; zo Strednej odbornej \u0161koly z &nbsp;\u010desk\u00e9ho Kol\u00edna.&nbsp;&nbsp; Do prvej desiatky sa dosatli aj \u010fal\u0161ie slovensk\u00e9 cvi\u010dn\u00e9 firmy &#8211;&nbsp; Denim, s.r.o. z Levo\u010de;&nbsp; Reborn, s.r.o. z Hlohovca; Propag\u00e1tor, s.r.o. z&nbsp;Modr\u00e9ho Kame\u0148a; HerbalTea, s.r.o. &nbsp;z&nbsp;Bratislavy, Paletka, s.r.o. zo Senice, BeastFit, s.r.o. tie\u017e z&nbsp;Bratislavy.<\/p>\n<p style=\"text-align: justify;\">V&nbsp;prvej desiatke kateg\u00f3rie <strong>Viano\u010dn\u00fd let\u00e1k<\/strong> sa zo slovensk\u00fdch cvi\u010dn\u00fdch firiem umiestnili DENIM, s. r. o. z Levo\u010de; Slovensy, s.r.o. zo Zlat\u00fdch Moraviec, &nbsp;CK Oraving, s.r.o. z&nbsp;Doln\u00e9ho Kub\u00edna; Batyk &amp; Custom, s.r.o. z&nbsp;Hlohovca.<\/p>\n<p style=\"text-align: justify;\">V\u00ed\u0165azom v&nbsp;kateg\u00f3rii <strong>NAJ SWOT anal\u00fdza<\/strong> je slovensk\u00e1 cvi\u010dn\u00e1 firma Rekoci\u010dky, s.r.o. zo Zvolena, 2. miesto obsadila Bee Live, s.r.o. z&nbsp;Hrob\u00e1kovej z&nbsp;Bratislavy a&nbsp;3. miesto Propag\u00e1tor, s.r.o. z&nbsp;Modr\u00e9ho Kame\u0148a. V&nbsp;prvej desiatke sa umiestnili aj &nbsp;Spotlite, s.r.o. z&nbsp;Hlohovca, Suit Fruit, s. r. o. z&nbsp;Popradu a Reborn, s.r.o. &nbsp;z&nbsp;Hlohovca.<\/p>\n<p>\u010eakujeme v\u0161etk\u00fdm, ktor\u00ed sa z\u00fa\u010dastnili, s\u00fa\u0165a\u017eili a&nbsp;spolupracovali na 3. MUB-line ve\u013etrhu cvi\u010dn\u00fdch firiem.<\/p>\n<p>&nbsp;<\/p>\n<p><strong>Z\u00e1znam z&nbsp;YouTube prenosu ve\u013etrhu n\u00e1jdete na:<\/strong><\/p>\n<p>Prv\u00ed ve\u013etr\u017en\u00fd de\u0148 9.12.2021: <a href=\"https:\/\/youtu.be\/kX_sd5_fN80?fbclid=IwAR2LJlOCMR19BzsPdqHq7r5QQV6HtcClEBjRJJAI6R4b2eGLvoYdpMi5s54\">https:\/\/youtu.be\/kX_sd5_fN80<\/a><\/p>\n<p>Druh\u00fd ve\u013etr\u017en\u00fd de\u0148 10.12.2021: <a href=\"https:\/\/youtu.be\/1aIuqKJacj4?fbclid=IwAR0I13ku7D7JN1wplEIu-w00oRB2OPG3y384ol20F0ruzD9KXsRsk4GQ3xE\">https:\/\/youtu.be\/1aIuqKJacj4<\/a><\/p>\n<p>&nbsp;<\/p>\n<p><strong>Zoznam s\u00fa\u0165a\u017en\u00fdch firiem<\/strong> &#8211; &nbsp;<a href=\"https:\/\/www.mubanka.cz\/wp-content\/uploads\/2021\/12\/3-mubline-katalog.pdf\">https:\/\/www.mubanka.cz\/wp-content\/uploads\/2021\/12\/3-mubline-katalog.pdf<\/a><\/p>\n<p><strong>Cel\u00fd program, katal\u00f3g \u00fa\u010dastn\u00edkov,&nbsp;v\u0161etky s\u00fa\u0165a\u017en\u00e9 pr\u00edspevky v&nbsp;kateg\u00f3ri\u00e1ch<\/strong> &#8211;&nbsp;<a href=\"https:\/\/www.mubanka.cz\/3-mub-line-veletrh-fiktivnich-firem\/\">https:\/\/www.mubanka.cz\/3-mub-line-veletrh-fiktivnich-firem\/<\/a><\/p>\n<p><strong>Vyhodnotenie v\u0161etk\u00fdch s\u00fa\u0165a\u017e\u00ed<\/strong> &#8211; &nbsp;<a href=\"https:\/\/www.mubanka.cz\/3-mub-line-veletrh-fiktivnich-firem\/vysledky-soutezi\/\">https:\/\/www.mubanka.cz\/3-mub-line-veletrh-fiktivnich-firem\/vysledky-soutezi\/<\/a><\/p>\n<p>&nbsp;<\/p>\n<p>&nbsp;<\/p>\n<p>&nbsp;<\/p>","protected":false},"excerpt":{"rendered":"<p>Na ve\u013etrh, ktor\u00fd organizovala Metropolitn\u00e1 univerzita Praha 9. a&nbsp;10. decembra online sa prihl\u00e1silo spolu rekordn\u00fdch 76 cvi\u010dn\u00fdch firiem, pri\u010dom zo Slovenska ich bolo 33. Firmy na\u0161ich \u017eiakov obst\u00e1li vo ve\u013ekej konkurencii ve\u013emi dobre a obsadili viacer\u00e9 popredn\u00e9 miesta. Akt\u00edvnym partnerom podujatia bolo u\u017e tradi\u010dne aj Slovensk\u00e9 centrum cvi\u010dn\u00fdch firiem, odbor \u0160t\u00e1tneho in\u0161tit\u00fatu odborn\u00e9ho vzdel\u00e1vania, ktor\u00e9ho [&hellip;]<\/p>\n","protected":false},"author":6,"featured_media":6856,"comment_status":"closed","ping_status":"closed","sticky":false,"template":"","format":"standard","meta":{"site-sidebar-layout":"default","site-content-layout":"default","ast-site-content-layout":"default","site-content-style":"default","site-sidebar-style":"default","ast-global-header-display":"","ast-banner-title-visibility":"","ast-main-header-display":"","ast-hfb-above-header-display":"","ast-hfb-below-header-display":"","ast-hfb-mobile-header-display":"","site-post-title":"","ast-breadcrumbs-content":"","ast-featured-img":"","footer-sml-layout":"","ast-disable-related-posts":"","theme-transparent-header-meta":"default","adv-header-id-meta":"","stick-header-meta":"","header-above-stick-meta":"","header-main-stick-meta":"","header-below-stick-meta":"","astra-migrate-meta-layouts":"default","ast-page-background-enabled":"default","ast-page-background-meta":{"desktop":{"background-color":"var(--ast-global-color-4)","background-image":"","background-repeat":"repeat","background-position":"center center","background-size":"auto","background-attachment":"scroll","background-type":"","background-media":"","overlay-type":"","overlay-color":"","overlay-opacity":"","overlay-gradient":""},"tablet":{"background-color":"","background-image":"","background-repeat":"repeat","background-position":"center center","background-size":"auto","background-attachment":"scroll","background-type":"","background-media":"","overlay-type":"","overlay-color":"","overlay-opacity":"","overlay-gradient":""},"mobile":{"background-color":"","background-image":"","background-repeat":"repeat","background-position":"center center","background-size":"auto","background-attachment":"scroll","background-type":"","background-media":"","overlay-type":"","overlay-color":"","overlay-opacity":"","overlay-gradient":""}},"ast-content-background-meta":{"desktop":{"background-color":"var(--ast-global-color-5)","background-image":"","background-repeat":"repeat","background-position":"center center","background-size":"auto","background-attachment":"scroll","background-type":"","background-media":"","overlay-type":"","overlay-color":"","overlay-opacity":"","overlay-gradient":""},"tablet":{"background-color":"var(--ast-global-color-5)","background-image":"","background-repeat":"repeat","background-position":"center center","background-size":"auto","background-attachment":"scroll","background-type":"","background-media":"","overlay-type":"","overlay-color":"","overlay-opacity":"","overlay-gradient":""},"mobile":{"background-color":"var(--ast-global-color-5)","background-image":"","background-repeat":"repeat","background-position":"center center","background-size":"auto","background-attachment":"scroll","background-type":"","background-media":"","overlay-type":"","overlay-color":"","overlay-opacity":"","overlay-gradient":""}},"footnotes":""},"categories":[1],"tags":[],"class_list":["post-10263","post","type-post","status-publish","format-standard","has-post-thumbnail","hentry","category-aktuality"],"yoast_head":"<!-- This site is optimized with the Yoast SEO plugin v27.5 - https:\/\/yoast.com\/product\/yoast-seo-wordpress\/ -->\n<title>Slovensk\u00e9 cvi\u010dn\u00e9 firmy bodovali na 3. MUB-line veletrhu fiktivn\u00edch firem - \u0160IOV - \u0161t\u00e1tny in\u0161tit\u00fat odborn\u00e9ho vzdel\u00e1vania<\/title>\n<meta name=\"robots\" content=\"index, follow, max-snippet:-1, max-image-preview:large, max-video-preview:-1\" \/>\n<link rel=\"canonical\" href=\"https:\/\/archiv.siov.sk\/en\/slovenske-cvicne-firmy-bodovali-na-3-mub-line-veletrhu-fiktivnich-firem\/\" \/>\n<meta property=\"og:locale\" content=\"en_GB\" \/>\n<meta property=\"og:type\" content=\"article\" \/>\n<meta property=\"og:title\" content=\"Slovensk\u00e9 cvi\u010dn\u00e9 firmy bodovali na 3. MUB-line veletrhu fiktivn\u00edch firem - \u0160IOV - \u0161t\u00e1tny in\u0161tit\u00fat odborn\u00e9ho vzdel\u00e1vania\" \/>\n<meta property=\"og:description\" content=\"Na ve\u013etrh, ktor\u00fd organizovala Metropolitn\u00e1 univerzita Praha 9. a&nbsp;10. decembra online sa prihl\u00e1silo spolu rekordn\u00fdch 76 cvi\u010dn\u00fdch firiem, pri\u010dom zo Slovenska ich bolo 33. Firmy na\u0161ich \u017eiakov obst\u00e1li vo ve\u013ekej konkurencii ve\u013emi dobre a obsadili viacer\u00e9 popredn\u00e9 miesta. Akt\u00edvnym partnerom podujatia bolo u\u017e tradi\u010dne aj Slovensk\u00e9 centrum cvi\u010dn\u00fdch firiem, odbor \u0160t\u00e1tneho in\u0161tit\u00fatu odborn\u00e9ho vzdel\u00e1vania, ktor\u00e9ho [&hellip;]\" \/>\n<meta property=\"og:url\" content=\"https:\/\/archiv.siov.sk\/en\/slovenske-cvicne-firmy-bodovali-na-3-mub-line-veletrhu-fiktivnich-firem\/\" \/>\n<meta property=\"og:site_name\" content=\"\u0160IOV - \u0161t\u00e1tny in\u0161tit\u00fat odborn\u00e9ho vzdel\u00e1vania\" \/>\n<meta property=\"article:publisher\" content=\"https:\/\/www.facebook.com\/Statnyinstitutodbornehovzdelavania\" \/>\n<meta property=\"article:published_time\" content=\"2021-12-15T10:51:01+00:00\" \/>\n<meta property=\"article:modified_time\" content=\"2021-12-15T13:10:08+00:00\" \/>\n<meta property=\"og:image\" content=\"https:\/\/archiv.siov.sk\/wp-content\/uploads\/2020\/11\/rsz_sccf_logo_farebne.jpg\" \/>\n\t<meta property=\"og:image:width\" content=\"391\" \/>\n\t<meta property=\"og:image:height\" content=\"150\" \/>\n\t<meta property=\"og:image:type\" content=\"image\/jpeg\" \/>\n<meta name=\"author\" content=\"Katar\u00edna Kov\u00e1\u010dov\u00e1\" \/>\n<meta name=\"twitter:card\" content=\"summary_large_image\" \/>\n<meta name=\"twitter:label1\" content=\"Written by\" \/>\n\t<meta name=\"twitter:data1\" content=\"Katar\u00edna Kov\u00e1\u010dov\u00e1\" \/>\n\t<meta name=\"twitter:label2\" content=\"Estimated reading time\" \/>\n\t<meta name=\"twitter:data2\" content=\"2 minutes\" \/>\n<script type=\"application\/ld+json\" class=\"yoast-schema-graph\">{\"@context\":\"https:\\\/\\\/schema.org\",\"@graph\":[{\"@type\":\"Article\",\"@id\":\"https:\\\/\\\/archiv.siov.sk\\\/slovenske-cvicne-firmy-bodovali-na-3-mub-line-veletrhu-fiktivnich-firem\\\/#article\",\"isPartOf\":{\"@id\":\"https:\\\/\\\/archiv.siov.sk\\\/slovenske-cvicne-firmy-bodovali-na-3-mub-line-veletrhu-fiktivnich-firem\\\/\"},\"author\":{\"name\":\"Katar\u00edna Kov\u00e1\u010dov\u00e1\",\"@id\":\"https:\\\/\\\/archiv.siov.sk\\\/#\\\/schema\\\/person\\\/e42d633fbd958c6a726e8834d8965e6c\"},\"headline\":\"Slovensk\u00e9 cvi\u010dn\u00e9 firmy bodovali na 3. MUB-line veletrhu fiktivn\u00edch firem\",\"datePublished\":\"2021-12-15T10:51:01+00:00\",\"dateModified\":\"2021-12-15T13:10:08+00:00\",\"mainEntityOfPage\":{\"@id\":\"https:\\\/\\\/archiv.siov.sk\\\/slovenske-cvicne-firmy-bodovali-na-3-mub-line-veletrhu-fiktivnich-firem\\\/\"},\"wordCount\":601,\"publisher\":{\"@id\":\"https:\\\/\\\/archiv.siov.sk\\\/#organization\"},\"image\":{\"@id\":\"https:\\\/\\\/archiv.siov.sk\\\/slovenske-cvicne-firmy-bodovali-na-3-mub-line-veletrhu-fiktivnich-firem\\\/#primaryimage\"},\"thumbnailUrl\":\"https:\\\/\\\/archiv.siov.sk\\\/wp-content\\\/uploads\\\/2020\\\/11\\\/rsz_sccf_logo_farebne.jpg\",\"articleSection\":[\"Aktuality\"],\"inLanguage\":\"en-GB\"},{\"@type\":\"WebPage\",\"@id\":\"https:\\\/\\\/archiv.siov.sk\\\/slovenske-cvicne-firmy-bodovali-na-3-mub-line-veletrhu-fiktivnich-firem\\\/\",\"url\":\"https:\\\/\\\/archiv.siov.sk\\\/slovenske-cvicne-firmy-bodovali-na-3-mub-line-veletrhu-fiktivnich-firem\\\/\",\"name\":\"Slovensk\u00e9 cvi\u010dn\u00e9 firmy bodovali na 3. MUB-line veletrhu fiktivn\u00edch firem - \u0160IOV - \u0161t\u00e1tny in\u0161tit\u00fat odborn\u00e9ho vzdel\u00e1vania\",\"isPartOf\":{\"@id\":\"https:\\\/\\\/archiv.siov.sk\\\/#website\"},\"primaryImageOfPage\":{\"@id\":\"https:\\\/\\\/archiv.siov.sk\\\/slovenske-cvicne-firmy-bodovali-na-3-mub-line-veletrhu-fiktivnich-firem\\\/#primaryimage\"},\"image\":{\"@id\":\"https:\\\/\\\/archiv.siov.sk\\\/slovenske-cvicne-firmy-bodovali-na-3-mub-line-veletrhu-fiktivnich-firem\\\/#primaryimage\"},\"thumbnailUrl\":\"https:\\\/\\\/archiv.siov.sk\\\/wp-content\\\/uploads\\\/2020\\\/11\\\/rsz_sccf_logo_farebne.jpg\",\"datePublished\":\"2021-12-15T10:51:01+00:00\",\"dateModified\":\"2021-12-15T13:10:08+00:00\",\"breadcrumb\":{\"@id\":\"https:\\\/\\\/archiv.siov.sk\\\/slovenske-cvicne-firmy-bodovali-na-3-mub-line-veletrhu-fiktivnich-firem\\\/#breadcrumb\"},\"inLanguage\":\"en-GB\",\"potentialAction\":[{\"@type\":\"ReadAction\",\"target\":[\"https:\\\/\\\/archiv.siov.sk\\\/slovenske-cvicne-firmy-bodovali-na-3-mub-line-veletrhu-fiktivnich-firem\\\/\"]}]},{\"@type\":\"ImageObject\",\"inLanguage\":\"en-GB\",\"@id\":\"https:\\\/\\\/archiv.siov.sk\\\/slovenske-cvicne-firmy-bodovali-na-3-mub-line-veletrhu-fiktivnich-firem\\\/#primaryimage\",\"url\":\"https:\\\/\\\/archiv.siov.sk\\\/wp-content\\\/uploads\\\/2020\\\/11\\\/rsz_sccf_logo_farebne.jpg\",\"contentUrl\":\"https:\\\/\\\/archiv.siov.sk\\\/wp-content\\\/uploads\\\/2020\\\/11\\\/rsz_sccf_logo_farebne.jpg\",\"width\":391,\"height\":150},{\"@type\":\"BreadcrumbList\",\"@id\":\"https:\\\/\\\/archiv.siov.sk\\\/slovenske-cvicne-firmy-bodovali-na-3-mub-line-veletrhu-fiktivnich-firem\\\/#breadcrumb\",\"itemListElement\":[{\"@type\":\"ListItem\",\"position\":1,\"name\":\"Home\",\"item\":\"https:\\\/\\\/archiv.siov.sk\\\/\"},{\"@type\":\"ListItem\",\"position\":2,\"name\":\"Slovensk\u00e9 cvi\u010dn\u00e9 firmy bodovali na 3. MUB-line veletrhu fiktivn\u00edch firem\"}]},{\"@type\":\"WebSite\",\"@id\":\"https:\\\/\\\/archiv.siov.sk\\\/#website\",\"url\":\"https:\\\/\\\/archiv.siov.sk\\\/\",\"name\":\"\u0160IOV - \u0161t\u00e1tny in\u0161tit\u00fat odborn\u00e9ho vzdel\u00e1vania\",\"description\":\"\",\"publisher\":{\"@id\":\"https:\\\/\\\/archiv.siov.sk\\\/#organization\"},\"potentialAction\":[{\"@type\":\"SearchAction\",\"target\":{\"@type\":\"EntryPoint\",\"urlTemplate\":\"https:\\\/\\\/archiv.siov.sk\\\/?s={search_term_string}\"},\"query-input\":{\"@type\":\"PropertyValueSpecification\",\"valueRequired\":true,\"valueName\":\"search_term_string\"}}],\"inLanguage\":\"en-GB\"},{\"@type\":\"Organization\",\"@id\":\"https:\\\/\\\/archiv.siov.sk\\\/#organization\",\"name\":\"\u0160IOV - \u0161t\u00e1tny in\u0161tit\u00fat odborn\u00e9ho vzdel\u00e1vania\",\"url\":\"https:\\\/\\\/archiv.siov.sk\\\/\",\"logo\":{\"@type\":\"ImageObject\",\"inLanguage\":\"en-GB\",\"@id\":\"https:\\\/\\\/archiv.siov.sk\\\/#\\\/schema\\\/logo\\\/image\\\/\",\"url\":\"https:\\\/\\\/archiv.siov.sk\\\/wp-content\\\/uploads\\\/2024\\\/02\\\/logo-SIOV.png\",\"contentUrl\":\"https:\\\/\\\/archiv.siov.sk\\\/wp-content\\\/uploads\\\/2024\\\/02\\\/logo-SIOV.png\",\"width\":431,\"height\":143,\"caption\":\"\u0160IOV - \u0161t\u00e1tny in\u0161tit\u00fat odborn\u00e9ho vzdel\u00e1vania\"},\"image\":{\"@id\":\"https:\\\/\\\/archiv.siov.sk\\\/#\\\/schema\\\/logo\\\/image\\\/\"},\"sameAs\":[\"https:\\\/\\\/www.facebook.com\\\/Statnyinstitutodbornehovzdelavania\"]},{\"@type\":\"Person\",\"@id\":\"https:\\\/\\\/archiv.siov.sk\\\/#\\\/schema\\\/person\\\/e42d633fbd958c6a726e8834d8965e6c\",\"name\":\"Katar\u00edna Kov\u00e1\u010dov\u00e1\",\"url\":\"https:\\\/\\\/archiv.siov.sk\\\/en\\\/author\\\/katkakovacova\\\/\"}]}<\/script>\n<!-- \/ Yoast SEO plugin. -->","yoast_head_json":{"title":"Slovensk\u00e9 cvi\u010dn\u00e9 firmy bodovali na 3. MUB-line veletrhu fiktivn\u00edch firem - \u0160IOV - \u0161t\u00e1tny in\u0161tit\u00fat odborn\u00e9ho vzdel\u00e1vania","robots":{"index":"index","follow":"follow","max-snippet":"max-snippet:-1","max-image-preview":"max-image-preview:large","max-video-preview":"max-video-preview:-1"},"canonical":"https:\/\/archiv.siov.sk\/en\/slovenske-cvicne-firmy-bodovali-na-3-mub-line-veletrhu-fiktivnich-firem\/","og_locale":"en_GB","og_type":"article","og_title":"Slovensk\u00e9 cvi\u010dn\u00e9 firmy bodovali na 3. MUB-line veletrhu fiktivn\u00edch firem - \u0160IOV - \u0161t\u00e1tny in\u0161tit\u00fat odborn\u00e9ho vzdel\u00e1vania","og_description":"Na ve\u013etrh, ktor\u00fd organizovala Metropolitn\u00e1 univerzita Praha 9. a&nbsp;10. decembra online sa prihl\u00e1silo spolu rekordn\u00fdch 76 cvi\u010dn\u00fdch firiem, pri\u010dom zo Slovenska ich bolo 33. Firmy na\u0161ich \u017eiakov obst\u00e1li vo ve\u013ekej konkurencii ve\u013emi dobre a obsadili viacer\u00e9 popredn\u00e9 miesta. Akt\u00edvnym partnerom podujatia bolo u\u017e tradi\u010dne aj Slovensk\u00e9 centrum cvi\u010dn\u00fdch firiem, odbor \u0160t\u00e1tneho in\u0161tit\u00fatu odborn\u00e9ho vzdel\u00e1vania, ktor\u00e9ho [&hellip;]","og_url":"https:\/\/archiv.siov.sk\/en\/slovenske-cvicne-firmy-bodovali-na-3-mub-line-veletrhu-fiktivnich-firem\/","og_site_name":"\u0160IOV - \u0161t\u00e1tny in\u0161tit\u00fat odborn\u00e9ho vzdel\u00e1vania","article_publisher":"https:\/\/www.facebook.com\/Statnyinstitutodbornehovzdelavania","article_published_time":"2021-12-15T10:51:01+00:00","article_modified_time":"2021-12-15T13:10:08+00:00","og_image":[{"width":391,"height":150,"url":"https:\/\/archiv.siov.sk\/wp-content\/uploads\/2020\/11\/rsz_sccf_logo_farebne.jpg","type":"image\/jpeg"}],"author":"Katar\u00edna Kov\u00e1\u010dov\u00e1","twitter_card":"summary_large_image","twitter_misc":{"Written by":"Katar\u00edna Kov\u00e1\u010dov\u00e1","Estimated reading time":"2 minutes"},"schema":{"@context":"https:\/\/schema.org","@graph":[{"@type":"Article","@id":"https:\/\/archiv.siov.sk\/slovenske-cvicne-firmy-bodovali-na-3-mub-line-veletrhu-fiktivnich-firem\/#article","isPartOf":{"@id":"https:\/\/archiv.siov.sk\/slovenske-cvicne-firmy-bodovali-na-3-mub-line-veletrhu-fiktivnich-firem\/"},"author":{"name":"Katar\u00edna Kov\u00e1\u010dov\u00e1","@id":"https:\/\/archiv.siov.sk\/#\/schema\/person\/e42d633fbd958c6a726e8834d8965e6c"},"headline":"Slovensk\u00e9 cvi\u010dn\u00e9 firmy bodovali na 3. MUB-line veletrhu fiktivn\u00edch firem","datePublished":"2021-12-15T10:51:01+00:00","dateModified":"2021-12-15T13:10:08+00:00","mainEntityOfPage":{"@id":"https:\/\/archiv.siov.sk\/slovenske-cvicne-firmy-bodovali-na-3-mub-line-veletrhu-fiktivnich-firem\/"},"wordCount":601,"publisher":{"@id":"https:\/\/archiv.siov.sk\/#organization"},"image":{"@id":"https:\/\/archiv.siov.sk\/slovenske-cvicne-firmy-bodovali-na-3-mub-line-veletrhu-fiktivnich-firem\/#primaryimage"},"thumbnailUrl":"https:\/\/archiv.siov.sk\/wp-content\/uploads\/2020\/11\/rsz_sccf_logo_farebne.jpg","articleSection":["Aktuality"],"inLanguage":"en-GB"},{"@type":"WebPage","@id":"https:\/\/archiv.siov.sk\/slovenske-cvicne-firmy-bodovali-na-3-mub-line-veletrhu-fiktivnich-firem\/","url":"https:\/\/archiv.siov.sk\/slovenske-cvicne-firmy-bodovali-na-3-mub-line-veletrhu-fiktivnich-firem\/","name":"Slovensk\u00e9 cvi\u010dn\u00e9 firmy bodovali na 3. MUB-line veletrhu fiktivn\u00edch firem - \u0160IOV - \u0161t\u00e1tny in\u0161tit\u00fat odborn\u00e9ho vzdel\u00e1vania","isPartOf":{"@id":"https:\/\/archiv.siov.sk\/#website"},"primaryImageOfPage":{"@id":"https:\/\/archiv.siov.sk\/slovenske-cvicne-firmy-bodovali-na-3-mub-line-veletrhu-fiktivnich-firem\/#primaryimage"},"image":{"@id":"https:\/\/archiv.siov.sk\/slovenske-cvicne-firmy-bodovali-na-3-mub-line-veletrhu-fiktivnich-firem\/#primaryimage"},"thumbnailUrl":"https:\/\/archiv.siov.sk\/wp-content\/uploads\/2020\/11\/rsz_sccf_logo_farebne.jpg","datePublished":"2021-12-15T10:51:01+00:00","dateModified":"2021-12-15T13:10:08+00:00","breadcrumb":{"@id":"https:\/\/archiv.siov.sk\/slovenske-cvicne-firmy-bodovali-na-3-mub-line-veletrhu-fiktivnich-firem\/#breadcrumb"},"inLanguage":"en-GB","potentialAction":[{"@type":"ReadAction","target":["https:\/\/archiv.siov.sk\/slovenske-cvicne-firmy-bodovali-na-3-mub-line-veletrhu-fiktivnich-firem\/"]}]},{"@type":"ImageObject","inLanguage":"en-GB","@id":"https:\/\/archiv.siov.sk\/slovenske-cvicne-firmy-bodovali-na-3-mub-line-veletrhu-fiktivnich-firem\/#primaryimage","url":"https:\/\/archiv.siov.sk\/wp-content\/uploads\/2020\/11\/rsz_sccf_logo_farebne.jpg","contentUrl":"https:\/\/archiv.siov.sk\/wp-content\/uploads\/2020\/11\/rsz_sccf_logo_farebne.jpg","width":391,"height":150},{"@type":"BreadcrumbList","@id":"https:\/\/archiv.siov.sk\/slovenske-cvicne-firmy-bodovali-na-3-mub-line-veletrhu-fiktivnich-firem\/#breadcrumb","itemListElement":[{"@type":"ListItem","position":1,"name":"Home","item":"https:\/\/archiv.siov.sk\/"},{"@type":"ListItem","position":2,"name":"Slovensk\u00e9 cvi\u010dn\u00e9 firmy bodovali na 3. MUB-line veletrhu fiktivn\u00edch firem"}]},{"@type":"WebSite","@id":"https:\/\/archiv.siov.sk\/#website","url":"https:\/\/archiv.siov.sk\/","name":"\u0160IOV - \u0161t\u00e1tny in\u0161tit\u00fat odborn\u00e9ho vzdel\u00e1vania","description":"","publisher":{"@id":"https:\/\/archiv.siov.sk\/#organization"},"potentialAction":[{"@type":"SearchAction","target":{"@type":"EntryPoint","urlTemplate":"https:\/\/archiv.siov.sk\/?s={search_term_string}"},"query-input":{"@type":"PropertyValueSpecification","valueRequired":true,"valueName":"search_term_string"}}],"inLanguage":"en-GB"},{"@type":"Organization","@id":"https:\/\/archiv.siov.sk\/#organization","name":"\u0160IOV - \u0161t\u00e1tny in\u0161tit\u00fat odborn\u00e9ho vzdel\u00e1vania","url":"https:\/\/archiv.siov.sk\/","logo":{"@type":"ImageObject","inLanguage":"en-GB","@id":"https:\/\/archiv.siov.sk\/#\/schema\/logo\/image\/","url":"https:\/\/archiv.siov.sk\/wp-content\/uploads\/2024\/02\/logo-SIOV.png","contentUrl":"https:\/\/archiv.siov.sk\/wp-content\/uploads\/2024\/02\/logo-SIOV.png","width":431,"height":143,"caption":"\u0160IOV - \u0161t\u00e1tny in\u0161tit\u00fat odborn\u00e9ho vzdel\u00e1vania"},"image":{"@id":"https:\/\/archiv.siov.sk\/#\/schema\/logo\/image\/"},"sameAs":["https:\/\/www.facebook.com\/Statnyinstitutodbornehovzdelavania"]},{"@type":"Person","@id":"https:\/\/archiv.siov.sk\/#\/schema\/person\/e42d633fbd958c6a726e8834d8965e6c","name":"Katar\u00edna Kov\u00e1\u010dov\u00e1","url":"https:\/\/archiv.siov.sk\/en\/author\/katkakovacova\/"}]}},"_links":{"self":[{"href":"https:\/\/archiv.siov.sk\/en\/wp-json\/wp\/v2\/posts\/10263","targetHints":{"allow":["GET"]}}],"collection":[{"href":"https:\/\/archiv.siov.sk\/en\/wp-json\/wp\/v2\/posts"}],"about":[{"href":"https:\/\/archiv.siov.sk\/en\/wp-json\/wp\/v2\/types\/post"}],"author":[{"embeddable":true,"href":"https:\/\/archiv.siov.sk\/en\/wp-json\/wp\/v2\/users\/6"}],"replies":[{"embeddable":true,"href":"https:\/\/archiv.siov.sk\/en\/wp-json\/wp\/v2\/comments?post=10263"}],"version-history":[{"count":5,"href":"https:\/\/archiv.siov.sk\/en\/wp-json\/wp\/v2\/posts\/10263\/revisions"}],"predecessor-version":[{"id":10268,"href":"https:\/\/archiv.siov.sk\/en\/wp-json\/wp\/v2\/posts\/10263\/revisions\/10268"}],"wp:featuredmedia":[{"embeddable":true,"href":"https:\/\/archiv.siov.sk\/en\/wp-json\/wp\/v2\/media\/6856"}],"wp:attachment":[{"href":"https:\/\/archiv.siov.sk\/en\/wp-json\/wp\/v2\/media?parent=10263"}],"wp:term":[{"taxonomy":"category","embeddable":true,"href":"https:\/\/archiv.siov.sk\/en\/wp-json\/wp\/v2\/categories?post=10263"},{"taxonomy":"post_tag","embeddable":true,"href":"https:\/\/archiv.siov.sk\/en\/wp-json\/wp\/v2\/tags?post=10263"}],"curies":[{"name":"wp","href":"https:\/\/api.w.org\/{rel}","templated":true}]}}