{"id":10230,"date":"2021-12-02T12:44:07","date_gmt":"2021-12-02T11:44:07","guid":{"rendered":"https:\/\/archiv.siov.sk\/?p=10230"},"modified":"2021-12-02T12:44:07","modified_gmt":"2021-12-02T11:44:07","slug":"strategia-celozivotneho-vzdelavania-a-poradenstva-na-roky-2021-2030-schvalena-vladou-sr","status":"publish","type":"post","link":"https:\/\/archiv.siov.sk\/en\/strategia-celozivotneho-vzdelavania-a-poradenstva-na-roky-2021-2030-schvalena-vladou-sr\/","title":{"rendered":"Strat\u00e9gia celo\u017eivotn\u00e9ho vzdel\u00e1vania a poradenstva na roky 2021-2030 schv\u00e1len\u00e1 vl\u00e1dou SR"},"content":{"rendered":"<p>Vl\u00e1da Slovenskej republiky na svojom rokovan\u00ed 24.11. 2021 schv\u00e1lila&nbsp;materi\u00e1l s&nbsp;n\u00e1zvom&nbsp;<em><strong><a href=\"https:\/\/www.slov-lex.sk\/legislativne-procesy\/-\/SK\/dokumenty\/LP-2021-604\">Strat\u00e9gia celo\u017eivotn\u00e9ho vzdel\u00e1vania a poradenstva na roky 2021-2030<\/a>.<\/strong><\/em><\/p>\n<p style=\"text-align: justify;\">Materi\u00e1l sa na rokovanie predlo\u017eil minister \u0161kolstva, vedy, v\u00fdskumu a&nbsp;\u0161portu Branislav Gr\u00f6hling&nbsp;na z\u00e1klade uznesenia vl\u00e1dy Slovenskej republiky \u010d. 657 z 12. okt\u00f3bra 2011 k Strat\u00e9gii celo\u017eivotn\u00e9ho vzdel\u00e1vania 2011 pod\u013ea bodu B.2, pri\u010dom p\u00f4vodn\u00fd term\u00edn predlo\u017eenia materi\u00e1lu na rokovanie vl\u00e1dy SR do 30. 6. 2020 bol zmenen\u00fd listom predsedu vl\u00e1dy SR do 31.12.2021.<\/p>\n<p style=\"text-align: justify;\">Rovnako d\u00f4le\u017eit\u00fd dokument N\u00e1rodn\u00e9ho programu reforiem Slovenskej republiky 2020 v \u010dasti Vzdel\u00e1vanie, veda a inov\u00e1cie predpokladal rev\u00edziu &nbsp;strat\u00e9gie v oblasti celo\u017eivotn\u00e9ho vzdel\u00e1vania, ktor\u00e1 by mala adresnej\u0161ie reagova\u0165 na&nbsp;<strong>aktu\u00e1lne v\u00fdzvy v oblasti vzdel\u00e1vania<\/strong>.&nbsp; Jej \u00falohou je opatreniami reagova\u0165 na dynamicky sa meniaci trh pr\u00e1ce, charakter pr\u00e1ce v kontexte \u0161tvrtej priemyselnej revol\u00facie a systematick\u00fdch zmien&nbsp;<strong>v oblasti vzdel\u00e1vania pre ka\u017ed\u00e9ho<\/strong>.<\/p>\n<p style=\"text-align: justify;\">\u010castokr\u00e1t sa zd\u00f4raz\u0148uj\u00fa zistenia N\u00e1rodnej strat\u00e9gie zru\u010dnost\u00ed pre Slovensko OECD, (r. 2020) na z\u00e1klade ktor\u00fdch je v&nbsp; s\u00fa\u010dasnosti na na\u0161om trhu pr\u00e1ce ohrozen\u00fdch v d\u00f4sledku automatiz\u00e1cie a digitaliz\u00e1cie&nbsp;<u>a\u017e 60 % pracovn\u00fdch miest<\/u>&nbsp;a&nbsp;tie\u017e druh\u00fd extr\u00e9m&nbsp; \u0161tatistiky, pod\u013ea ktor\u00e9ho iba&nbsp; 4,5 % dospelej popul\u00e1cie je zapojenej do procesu celo\u017eivotn\u00e9ho vzdel\u00e1vania, k\u00fdm priemer kraj\u00edn OECD sa pohybuje na \u00farovni 11 %. Je preto nesmierne d\u00f4le\u017eit\u00e9 akt\u00edvne reagova\u0165 na v\u00fdzvy t\u00fdkaj\u00face sa zlep\u0161enia pracovn\u00fdch zru\u010dnost\u00ed dospelej popul\u00e1cie a podpory vy\u0161\u0161ej miery \u00fa\u010dasti na vzdel\u00e1van\u00ed dospel\u00fdch.<\/p>\n<p style=\"text-align: justify;\">Treba zd\u00f4razni\u0165, \u017ee navrhovan\u00e1 strat\u00e9gia je strat\u00e9giou celo\u017eivotn\u00e9ho vzdel\u00e1vania a poradenstva, ktor\u00e1 reaguje tak na potrebu zabezpe\u010di\u0165 celo\u017eivotn\u00e9 vzdel\u00e1vanie a poradenstvo tam,&nbsp;<u>kde ob\u010dania maj\u00fa&nbsp;<strong>probl\u00e9m ako jednotlivci<\/strong>&nbsp;alebo tam, kde sa identifikoval&nbsp;<strong>syst\u00e9mov\u00fd nedostatok v oblastiach zru\u010dnost\u00ed<\/strong>&nbsp;pre popul\u00e1ciu resp. konkr\u00e9tne cie\u013eov\u00e9 skupiny<\/u>.<\/p>\n<p>K\u013e\u00fa\u010dov\u00e9 n\u00e1mety opatren\u00ed v Strat\u00e9gii C\u017dVaP na roky 2021 &#8211; 2030 s\u00fa navrhnut\u00e9 v \u0161tyroch tematick\u00fdch oblastiach:&nbsp;<\/p>\n<p style=\"text-align: justify;\"><strong>Prv\u00e1 je oblas\u0165 kvalifik\u00e1ci\u00ed<\/strong>, ktor\u00e1 sa zameriava na: druho\u0161ancov\u00e9 vzdel\u00e1vanie (kde je mo\u017enos\u0165 dokon\u010denia z\u00e1kladnej \u0161koly v kombin\u00e1cii s ni\u017e\u0161\u00edm stredn\u00fdm odborn\u00fdm vzdelan\u00edm); n\u00e1sledne sa rie\u0161i zvy\u0161ovanie atraktivity a kvality odborn\u00e9ho vzdel\u00e1vania a pr\u00edpravy vznikom Centier excelentnosti. \u010eal\u0161\u00ed rozvoj Slovensk\u00e9ho kvalifika\u010dn\u00e9ho r\u00e1mca a N\u00e1rodnej s\u00fastavy kvalifik\u00e1ci\u00ed je prepojen\u00fd so z\u00e1konn\u00fdm ukotven\u00edm Syst\u00e9mu uzn\u00e1vania v\u00fdsledkov neform\u00e1lneho vzdel\u00e1vania a inform\u00e1lneho u\u010denia sa. Zvy\u0161ovanie flexibility kvalifika\u010dn\u00e9ho syst\u00e9mu je pl\u00e1novan\u00e9 docieli\u0165 tvorbou men\u0161\u00edch kvalifik\u00e1ci\u00ed a takzvan\u00fdmi mikrokvalifik\u00e1ciami (mikrocertifik\u00e1tmi) a taktie\u017e sa pripravuje podpora zavedenia kr\u00e1tkych \u0161tudijn\u00fdch programov na vysok\u00fdch&nbsp;\u0161kol\u00e1ch, pr\u00edpadne aj na stredn\u00fdch odborn\u00fdch \u0161kol\u00e1ch.&nbsp;<\/p>\n<p style=\"text-align: justify;\">Druh\u00e1 tematick\u00e1 oblas\u0165 s n\u00e1zvom &#8222;<strong>Z\u00e1kladn\u00e9 zru\u010dnosti a ob\u010dianske vzdel\u00e1vanie<\/strong>&#8220; sa s\u00fastre\u010fuje na vytvorenie N\u00e1rodnej iniciat\u00edvy pre zlep\u0161ovanie z\u00e1kladn\u00fdch zru\u010dnost\u00ed a pilotn\u00e9 interven\u010dn\u00e9 programy, rovnako aj na podporu ob\u010dianskeho vzdel\u00e1vania dospel\u00fdch.&nbsp;<\/p>\n<p style=\"text-align: justify;\">Tretia a \u0161tvrt\u00e1 \u010das\u0165 Strat\u00e9gie&nbsp;Strat\u00e9gie rie\u0161i&nbsp;<strong>nadrezortn\u00fd charakter Celo\u017eivotn\u00e9ho vzdel\u00e1vania a poradenstva a motiv\u00e1ciu ob\u010danov k celo\u017eivotn\u00e9mu vzdel\u00e1vaniu<\/strong>. Tieto ciele s\u00fa pl\u00e1novan\u00e9 dosiahnu\u0165 vytvoren\u00edm komplexn\u00e9ho syst\u00e9mu trasovania absolventov \u0161k\u00f4l a&nbsp;podporou&nbsp;&nbsp;udr\u017eate\u013enosti syst\u00e9mu riadenia sektorov\u00fdch r\u00e1d so zameran\u00edm na prenos inova\u010dn\u00fdch procesov a po\u017eiadaviek trhu pr\u00e1ce do C\u017dV. Harmoniz\u00e1cia syst\u00e9mu celo\u017eivotn\u00e9ho poradenstva bude tvori\u0165 neoddelite\u013en\u00fa s\u00fa\u010das\u0165 aktiv\u00edt a&nbsp;<strong>posilnenie motiv\u00e1ci\u00ed pre \u00fa\u010das\u0165 jednotlivcov na celo\u017eivotnom vzdel\u00e1van\u00ed bude mo\u017en\u00e9 dosiahnu\u0165 aj zaveden\u00edm sch\u00e9my Individu\u00e1lnych vzdel\u00e1vac\u00edch \u00fa\u010dtov<\/strong>.<\/p>\n<p style=\"text-align: justify;\">Na zabezpe\u010denie&nbsp;<strong>nadrezortnej koordin\u00e1cie C\u017dV<\/strong>&nbsp;v zmysle odpor\u00fa\u010dan\u00ed Organiz\u00e1cia pre hospod\u00e1rsku spolupr\u00e1cu a rozvoj (OECD) pre Slovensk\u00fa republiku formulovan\u00fdch v N\u00e1rodnej strat\u00e9gii zru\u010dnost\u00ed (2020)&nbsp;<strong>sa navrhuje roz\u0161\u00edrenie kompetenci\u00ed s\u00fa\u010dasnej Rady vl\u00e1dy SR pre odborn\u00e9 vzdel\u00e1vanie a pr\u00edpravu a jej transform\u00e1cia na Radu vl\u00e1dy SR pre celo\u017eivotn\u00e9 vzdel\u00e1vanie<\/strong>&nbsp;ako stre\u0161n\u00fd org\u00e1n zahr\u0148uj\u00faci v\u0161etky segmenty vzdel\u00e1vania so zapojen\u00edm v\u0161etk\u00fdch relevantn\u00fdch akt\u00e9rov.<\/p>\n<p style=\"text-align: justify;\">Strat\u00e9gia&nbsp;<strong>celkovo obsahuje 51 opatren\u00ed rozdelen\u00fdch do trin\u00e1stich tematick\u00fdch celkov<\/strong>. Jednotliv\u00e9 ciele Strat\u00e9gie C\u017dVaP a pr\u00edslu\u0161n\u00e9 opatrenia bud\u00fa po prijat\u00ed dokumentu podrobne rozpracovan\u00e9 do ak\u010dn\u00fdch pl\u00e1nov, v term\u00ednoch do 31. marca 2022, 2025 a 2028 s vyhodnoten\u00edm v\u00fdsledkov priebe\u017en\u00e9ho monitorovania predch\u00e1dzaj\u00faceho obdobia.<\/p>\n<p style=\"text-align: justify;\">Nosn\u00fdm cie\u013eom Strat\u00e9gie C\u017dVaP je&nbsp;<strong>zabezpe\u010di\u0165 pre ka\u017ed\u00e9ho ob\u010dana<\/strong>&nbsp;<strong>celo\u017eivotn\u00fd pr\u00edstup k mo\u017enostiam vzdel\u00e1va\u0165 sa<\/strong>, rozv\u00edja\u0165 svoje zru\u010dnosti a kompetencie po\u010das cel\u00e9ho \u017eivota&nbsp;<strong>v ka\u017edom \u017eivotnom \u0161t\u00e1diu<\/strong>&nbsp;a s oh\u013eadom na individu\u00e1lne potreby a okolnosti tak, aby ka\u017ed\u00fd mohol realizova\u0165&nbsp;<u>svoj potenci\u00e1l v osobnom, pracovnom a ob\u010dianskom \u017eivote.<\/u><\/p>\n<p>&nbsp;<\/p>","protected":false},"excerpt":{"rendered":"<p>Vl\u00e1da Slovenskej republiky na svojom rokovan\u00ed 24.11. 2021 schv\u00e1lila&nbsp;materi\u00e1l s&nbsp;n\u00e1zvom&nbsp;Strat\u00e9gia celo\u017eivotn\u00e9ho vzdel\u00e1vania a poradenstva na roky 2021-2030. Materi\u00e1l sa na rokovanie predlo\u017eil minister \u0161kolstva, vedy, v\u00fdskumu a&nbsp;\u0161portu Branislav Gr\u00f6hling&nbsp;na z\u00e1klade uznesenia vl\u00e1dy Slovenskej republiky \u010d. 657 z 12. okt\u00f3bra 2011 k Strat\u00e9gii celo\u017eivotn\u00e9ho vzdel\u00e1vania 2011 pod\u013ea bodu B.2, pri\u010dom p\u00f4vodn\u00fd term\u00edn predlo\u017eenia materi\u00e1lu na rokovanie [&hellip;]<\/p>\n","protected":false},"author":6,"featured_media":10232,"comment_status":"closed","ping_status":"closed","sticky":false,"template":"","format":"standard","meta":{"site-sidebar-layout":"default","site-content-layout":"default","ast-site-content-layout":"default","site-content-style":"default","site-sidebar-style":"default","ast-global-header-display":"","ast-banner-title-visibility":"","ast-main-header-display":"","ast-hfb-above-header-display":"","ast-hfb-below-header-display":"","ast-hfb-mobile-header-display":"","site-post-title":"","ast-breadcrumbs-content":"","ast-featured-img":"","footer-sml-layout":"","ast-disable-related-posts":"","theme-transparent-header-meta":"default","adv-header-id-meta":"","stick-header-meta":"","header-above-stick-meta":"","header-main-stick-meta":"","header-below-stick-meta":"","astra-migrate-meta-layouts":"default","ast-page-background-enabled":"default","ast-page-background-meta":{"desktop":{"background-color":"var(--ast-global-color-4)","background-image":"","background-repeat":"repeat","background-position":"center center","background-size":"auto","background-attachment":"scroll","background-type":"","background-media":"","overlay-type":"","overlay-color":"","overlay-opacity":"","overlay-gradient":""},"tablet":{"background-color":"","background-image":"","background-repeat":"repeat","background-position":"center center","background-size":"auto","background-attachment":"scroll","background-type":"","background-media":"","overlay-type":"","overlay-color":"","overlay-opacity":"","overlay-gradient":""},"mobile":{"background-color":"","background-image":"","background-repeat":"repeat","background-position":"center center","background-size":"auto","background-attachment":"scroll","background-type":"","background-media":"","overlay-type":"","overlay-color":"","overlay-opacity":"","overlay-gradient":""}},"ast-content-background-meta":{"desktop":{"background-color":"var(--ast-global-color-5)","background-image":"","background-repeat":"repeat","background-position":"center center","background-size":"auto","background-attachment":"scroll","background-type":"","background-media":"","overlay-type":"","overlay-color":"","overlay-opacity":"","overlay-gradient":""},"tablet":{"background-color":"var(--ast-global-color-5)","background-image":"","background-repeat":"repeat","background-position":"center center","background-size":"auto","background-attachment":"scroll","background-type":"","background-media":"","overlay-type":"","overlay-color":"","overlay-opacity":"","overlay-gradient":""},"mobile":{"background-color":"var(--ast-global-color-5)","background-image":"","background-repeat":"repeat","background-position":"center center","background-size":"auto","background-attachment":"scroll","background-type":"","background-media":"","overlay-type":"","overlay-color":"","overlay-opacity":"","overlay-gradient":""}},"footnotes":""},"categories":[1],"tags":[],"class_list":["post-10230","post","type-post","status-publish","format-standard","has-post-thumbnail","hentry","category-aktuality"],"yoast_head":"<!-- This site is optimized with the Yoast SEO plugin v27.5 - https:\/\/yoast.com\/product\/yoast-seo-wordpress\/ -->\n<title>Strat\u00e9gia celo\u017eivotn\u00e9ho vzdel\u00e1vania a poradenstva na roky 2021-2030 schv\u00e1len\u00e1 vl\u00e1dou SR - \u0160IOV - \u0161t\u00e1tny in\u0161tit\u00fat odborn\u00e9ho vzdel\u00e1vania<\/title>\n<meta name=\"robots\" content=\"index, follow, max-snippet:-1, max-image-preview:large, max-video-preview:-1\" \/>\n<link rel=\"canonical\" href=\"https:\/\/archiv.siov.sk\/en\/strategia-celozivotneho-vzdelavania-a-poradenstva-na-roky-2021-2030-schvalena-vladou-sr\/\" \/>\n<meta property=\"og:locale\" content=\"en_GB\" \/>\n<meta property=\"og:type\" content=\"article\" \/>\n<meta property=\"og:title\" content=\"Strat\u00e9gia celo\u017eivotn\u00e9ho vzdel\u00e1vania a poradenstva na roky 2021-2030 schv\u00e1len\u00e1 vl\u00e1dou SR - \u0160IOV - \u0161t\u00e1tny in\u0161tit\u00fat odborn\u00e9ho vzdel\u00e1vania\" \/>\n<meta property=\"og:description\" content=\"Vl\u00e1da Slovenskej republiky na svojom rokovan\u00ed 24.11. 2021 schv\u00e1lila&nbsp;materi\u00e1l s&nbsp;n\u00e1zvom&nbsp;Strat\u00e9gia celo\u017eivotn\u00e9ho vzdel\u00e1vania a poradenstva na roky 2021-2030. Materi\u00e1l sa na rokovanie predlo\u017eil minister \u0161kolstva, vedy, v\u00fdskumu a&nbsp;\u0161portu Branislav Gr\u00f6hling&nbsp;na z\u00e1klade uznesenia vl\u00e1dy Slovenskej republiky \u010d. 657 z 12. okt\u00f3bra 2011 k Strat\u00e9gii celo\u017eivotn\u00e9ho vzdel\u00e1vania 2011 pod\u013ea bodu B.2, pri\u010dom p\u00f4vodn\u00fd term\u00edn predlo\u017eenia materi\u00e1lu na rokovanie [&hellip;]\" \/>\n<meta property=\"og:url\" content=\"https:\/\/archiv.siov.sk\/en\/strategia-celozivotneho-vzdelavania-a-poradenstva-na-roky-2021-2030-schvalena-vladou-sr\/\" \/>\n<meta property=\"og:site_name\" content=\"\u0160IOV - \u0161t\u00e1tny in\u0161tit\u00fat odborn\u00e9ho vzdel\u00e1vania\" \/>\n<meta property=\"article:publisher\" content=\"https:\/\/www.facebook.com\/Statnyinstitutodbornehovzdelavania\" \/>\n<meta property=\"article:published_time\" content=\"2021-12-02T11:44:07+00:00\" \/>\n<meta property=\"og:image\" content=\"https:\/\/archiv.siov.sk\/wp-content\/uploads\/2021\/12\/Landing-page_strategia_final.png\" \/>\n\t<meta property=\"og:image:width\" content=\"640\" \/>\n\t<meta property=\"og:image:height\" content=\"382\" \/>\n\t<meta property=\"og:image:type\" content=\"image\/png\" \/>\n<meta name=\"author\" content=\"Katar\u00edna Kov\u00e1\u010dov\u00e1\" \/>\n<meta name=\"twitter:card\" content=\"summary_large_image\" \/>\n<meta name=\"twitter:label1\" content=\"Written by\" \/>\n\t<meta name=\"twitter:data1\" content=\"Katar\u00edna Kov\u00e1\u010dov\u00e1\" \/>\n\t<meta name=\"twitter:label2\" content=\"Estimated reading time\" \/>\n\t<meta name=\"twitter:data2\" content=\"3 minutes\" \/>\n<script type=\"application\/ld+json\" class=\"yoast-schema-graph\">{\"@context\":\"https:\\\/\\\/schema.org\",\"@graph\":[{\"@type\":\"Article\",\"@id\":\"https:\\\/\\\/archiv.siov.sk\\\/strategia-celozivotneho-vzdelavania-a-poradenstva-na-roky-2021-2030-schvalena-vladou-sr\\\/#article\",\"isPartOf\":{\"@id\":\"https:\\\/\\\/archiv.siov.sk\\\/strategia-celozivotneho-vzdelavania-a-poradenstva-na-roky-2021-2030-schvalena-vladou-sr\\\/\"},\"author\":{\"name\":\"Katar\u00edna Kov\u00e1\u010dov\u00e1\",\"@id\":\"https:\\\/\\\/archiv.siov.sk\\\/#\\\/schema\\\/person\\\/e42d633fbd958c6a726e8834d8965e6c\"},\"headline\":\"Strat\u00e9gia celo\u017eivotn\u00e9ho vzdel\u00e1vania a poradenstva na roky 2021-2030 schv\u00e1len\u00e1 vl\u00e1dou SR\",\"datePublished\":\"2021-12-02T11:44:07+00:00\",\"mainEntityOfPage\":{\"@id\":\"https:\\\/\\\/archiv.siov.sk\\\/strategia-celozivotneho-vzdelavania-a-poradenstva-na-roky-2021-2030-schvalena-vladou-sr\\\/\"},\"wordCount\":949,\"publisher\":{\"@id\":\"https:\\\/\\\/archiv.siov.sk\\\/#organization\"},\"image\":{\"@id\":\"https:\\\/\\\/archiv.siov.sk\\\/strategia-celozivotneho-vzdelavania-a-poradenstva-na-roky-2021-2030-schvalena-vladou-sr\\\/#primaryimage\"},\"thumbnailUrl\":\"https:\\\/\\\/archiv.siov.sk\\\/wp-content\\\/uploads\\\/2021\\\/12\\\/Landing-page_strategia_final.png\",\"articleSection\":[\"Aktuality\"],\"inLanguage\":\"en-GB\"},{\"@type\":\"WebPage\",\"@id\":\"https:\\\/\\\/archiv.siov.sk\\\/strategia-celozivotneho-vzdelavania-a-poradenstva-na-roky-2021-2030-schvalena-vladou-sr\\\/\",\"url\":\"https:\\\/\\\/archiv.siov.sk\\\/strategia-celozivotneho-vzdelavania-a-poradenstva-na-roky-2021-2030-schvalena-vladou-sr\\\/\",\"name\":\"Strat\u00e9gia celo\u017eivotn\u00e9ho vzdel\u00e1vania a poradenstva na roky 2021-2030 schv\u00e1len\u00e1 vl\u00e1dou SR - \u0160IOV - \u0161t\u00e1tny in\u0161tit\u00fat odborn\u00e9ho vzdel\u00e1vania\",\"isPartOf\":{\"@id\":\"https:\\\/\\\/archiv.siov.sk\\\/#website\"},\"primaryImageOfPage\":{\"@id\":\"https:\\\/\\\/archiv.siov.sk\\\/strategia-celozivotneho-vzdelavania-a-poradenstva-na-roky-2021-2030-schvalena-vladou-sr\\\/#primaryimage\"},\"image\":{\"@id\":\"https:\\\/\\\/archiv.siov.sk\\\/strategia-celozivotneho-vzdelavania-a-poradenstva-na-roky-2021-2030-schvalena-vladou-sr\\\/#primaryimage\"},\"thumbnailUrl\":\"https:\\\/\\\/archiv.siov.sk\\\/wp-content\\\/uploads\\\/2021\\\/12\\\/Landing-page_strategia_final.png\",\"datePublished\":\"2021-12-02T11:44:07+00:00\",\"breadcrumb\":{\"@id\":\"https:\\\/\\\/archiv.siov.sk\\\/strategia-celozivotneho-vzdelavania-a-poradenstva-na-roky-2021-2030-schvalena-vladou-sr\\\/#breadcrumb\"},\"inLanguage\":\"en-GB\",\"potentialAction\":[{\"@type\":\"ReadAction\",\"target\":[\"https:\\\/\\\/archiv.siov.sk\\\/strategia-celozivotneho-vzdelavania-a-poradenstva-na-roky-2021-2030-schvalena-vladou-sr\\\/\"]}]},{\"@type\":\"ImageObject\",\"inLanguage\":\"en-GB\",\"@id\":\"https:\\\/\\\/archiv.siov.sk\\\/strategia-celozivotneho-vzdelavania-a-poradenstva-na-roky-2021-2030-schvalena-vladou-sr\\\/#primaryimage\",\"url\":\"https:\\\/\\\/archiv.siov.sk\\\/wp-content\\\/uploads\\\/2021\\\/12\\\/Landing-page_strategia_final.png\",\"contentUrl\":\"https:\\\/\\\/archiv.siov.sk\\\/wp-content\\\/uploads\\\/2021\\\/12\\\/Landing-page_strategia_final.png\",\"width\":640,\"height\":382},{\"@type\":\"BreadcrumbList\",\"@id\":\"https:\\\/\\\/archiv.siov.sk\\\/strategia-celozivotneho-vzdelavania-a-poradenstva-na-roky-2021-2030-schvalena-vladou-sr\\\/#breadcrumb\",\"itemListElement\":[{\"@type\":\"ListItem\",\"position\":1,\"name\":\"Home\",\"item\":\"https:\\\/\\\/archiv.siov.sk\\\/\"},{\"@type\":\"ListItem\",\"position\":2,\"name\":\"Strat\u00e9gia celo\u017eivotn\u00e9ho vzdel\u00e1vania a poradenstva na roky 2021-2030 schv\u00e1len\u00e1 vl\u00e1dou SR\"}]},{\"@type\":\"WebSite\",\"@id\":\"https:\\\/\\\/archiv.siov.sk\\\/#website\",\"url\":\"https:\\\/\\\/archiv.siov.sk\\\/\",\"name\":\"\u0160IOV - \u0161t\u00e1tny in\u0161tit\u00fat odborn\u00e9ho vzdel\u00e1vania\",\"description\":\"\",\"publisher\":{\"@id\":\"https:\\\/\\\/archiv.siov.sk\\\/#organization\"},\"potentialAction\":[{\"@type\":\"SearchAction\",\"target\":{\"@type\":\"EntryPoint\",\"urlTemplate\":\"https:\\\/\\\/archiv.siov.sk\\\/?s={search_term_string}\"},\"query-input\":{\"@type\":\"PropertyValueSpecification\",\"valueRequired\":true,\"valueName\":\"search_term_string\"}}],\"inLanguage\":\"en-GB\"},{\"@type\":\"Organization\",\"@id\":\"https:\\\/\\\/archiv.siov.sk\\\/#organization\",\"name\":\"\u0160IOV - \u0161t\u00e1tny in\u0161tit\u00fat odborn\u00e9ho vzdel\u00e1vania\",\"url\":\"https:\\\/\\\/archiv.siov.sk\\\/\",\"logo\":{\"@type\":\"ImageObject\",\"inLanguage\":\"en-GB\",\"@id\":\"https:\\\/\\\/archiv.siov.sk\\\/#\\\/schema\\\/logo\\\/image\\\/\",\"url\":\"https:\\\/\\\/archiv.siov.sk\\\/wp-content\\\/uploads\\\/2024\\\/02\\\/logo-SIOV.png\",\"contentUrl\":\"https:\\\/\\\/archiv.siov.sk\\\/wp-content\\\/uploads\\\/2024\\\/02\\\/logo-SIOV.png\",\"width\":431,\"height\":143,\"caption\":\"\u0160IOV - \u0161t\u00e1tny in\u0161tit\u00fat odborn\u00e9ho vzdel\u00e1vania\"},\"image\":{\"@id\":\"https:\\\/\\\/archiv.siov.sk\\\/#\\\/schema\\\/logo\\\/image\\\/\"},\"sameAs\":[\"https:\\\/\\\/www.facebook.com\\\/Statnyinstitutodbornehovzdelavania\"]},{\"@type\":\"Person\",\"@id\":\"https:\\\/\\\/archiv.siov.sk\\\/#\\\/schema\\\/person\\\/e42d633fbd958c6a726e8834d8965e6c\",\"name\":\"Katar\u00edna Kov\u00e1\u010dov\u00e1\",\"url\":\"https:\\\/\\\/archiv.siov.sk\\\/en\\\/author\\\/katkakovacova\\\/\"}]}<\/script>\n<!-- \/ Yoast SEO plugin. -->","yoast_head_json":{"title":"Strat\u00e9gia celo\u017eivotn\u00e9ho vzdel\u00e1vania a poradenstva na roky 2021-2030 schv\u00e1len\u00e1 vl\u00e1dou SR - \u0160IOV - \u0161t\u00e1tny in\u0161tit\u00fat odborn\u00e9ho vzdel\u00e1vania","robots":{"index":"index","follow":"follow","max-snippet":"max-snippet:-1","max-image-preview":"max-image-preview:large","max-video-preview":"max-video-preview:-1"},"canonical":"https:\/\/archiv.siov.sk\/en\/strategia-celozivotneho-vzdelavania-a-poradenstva-na-roky-2021-2030-schvalena-vladou-sr\/","og_locale":"en_GB","og_type":"article","og_title":"Strat\u00e9gia celo\u017eivotn\u00e9ho vzdel\u00e1vania a poradenstva na roky 2021-2030 schv\u00e1len\u00e1 vl\u00e1dou SR - \u0160IOV - \u0161t\u00e1tny in\u0161tit\u00fat odborn\u00e9ho vzdel\u00e1vania","og_description":"Vl\u00e1da Slovenskej republiky na svojom rokovan\u00ed 24.11. 2021 schv\u00e1lila&nbsp;materi\u00e1l s&nbsp;n\u00e1zvom&nbsp;Strat\u00e9gia celo\u017eivotn\u00e9ho vzdel\u00e1vania a poradenstva na roky 2021-2030. Materi\u00e1l sa na rokovanie predlo\u017eil minister \u0161kolstva, vedy, v\u00fdskumu a&nbsp;\u0161portu Branislav Gr\u00f6hling&nbsp;na z\u00e1klade uznesenia vl\u00e1dy Slovenskej republiky \u010d. 657 z 12. okt\u00f3bra 2011 k Strat\u00e9gii celo\u017eivotn\u00e9ho vzdel\u00e1vania 2011 pod\u013ea bodu B.2, pri\u010dom p\u00f4vodn\u00fd term\u00edn predlo\u017eenia materi\u00e1lu na rokovanie [&hellip;]","og_url":"https:\/\/archiv.siov.sk\/en\/strategia-celozivotneho-vzdelavania-a-poradenstva-na-roky-2021-2030-schvalena-vladou-sr\/","og_site_name":"\u0160IOV - \u0161t\u00e1tny in\u0161tit\u00fat odborn\u00e9ho vzdel\u00e1vania","article_publisher":"https:\/\/www.facebook.com\/Statnyinstitutodbornehovzdelavania","article_published_time":"2021-12-02T11:44:07+00:00","og_image":[{"width":640,"height":382,"url":"https:\/\/archiv.siov.sk\/wp-content\/uploads\/2021\/12\/Landing-page_strategia_final.png","type":"image\/png"}],"author":"Katar\u00edna Kov\u00e1\u010dov\u00e1","twitter_card":"summary_large_image","twitter_misc":{"Written by":"Katar\u00edna Kov\u00e1\u010dov\u00e1","Estimated reading time":"3 minutes"},"schema":{"@context":"https:\/\/schema.org","@graph":[{"@type":"Article","@id":"https:\/\/archiv.siov.sk\/strategia-celozivotneho-vzdelavania-a-poradenstva-na-roky-2021-2030-schvalena-vladou-sr\/#article","isPartOf":{"@id":"https:\/\/archiv.siov.sk\/strategia-celozivotneho-vzdelavania-a-poradenstva-na-roky-2021-2030-schvalena-vladou-sr\/"},"author":{"name":"Katar\u00edna Kov\u00e1\u010dov\u00e1","@id":"https:\/\/archiv.siov.sk\/#\/schema\/person\/e42d633fbd958c6a726e8834d8965e6c"},"headline":"Strat\u00e9gia celo\u017eivotn\u00e9ho vzdel\u00e1vania a poradenstva na roky 2021-2030 schv\u00e1len\u00e1 vl\u00e1dou SR","datePublished":"2021-12-02T11:44:07+00:00","mainEntityOfPage":{"@id":"https:\/\/archiv.siov.sk\/strategia-celozivotneho-vzdelavania-a-poradenstva-na-roky-2021-2030-schvalena-vladou-sr\/"},"wordCount":949,"publisher":{"@id":"https:\/\/archiv.siov.sk\/#organization"},"image":{"@id":"https:\/\/archiv.siov.sk\/strategia-celozivotneho-vzdelavania-a-poradenstva-na-roky-2021-2030-schvalena-vladou-sr\/#primaryimage"},"thumbnailUrl":"https:\/\/archiv.siov.sk\/wp-content\/uploads\/2021\/12\/Landing-page_strategia_final.png","articleSection":["Aktuality"],"inLanguage":"en-GB"},{"@type":"WebPage","@id":"https:\/\/archiv.siov.sk\/strategia-celozivotneho-vzdelavania-a-poradenstva-na-roky-2021-2030-schvalena-vladou-sr\/","url":"https:\/\/archiv.siov.sk\/strategia-celozivotneho-vzdelavania-a-poradenstva-na-roky-2021-2030-schvalena-vladou-sr\/","name":"Strat\u00e9gia celo\u017eivotn\u00e9ho vzdel\u00e1vania a poradenstva na roky 2021-2030 schv\u00e1len\u00e1 vl\u00e1dou SR - \u0160IOV - \u0161t\u00e1tny in\u0161tit\u00fat odborn\u00e9ho vzdel\u00e1vania","isPartOf":{"@id":"https:\/\/archiv.siov.sk\/#website"},"primaryImageOfPage":{"@id":"https:\/\/archiv.siov.sk\/strategia-celozivotneho-vzdelavania-a-poradenstva-na-roky-2021-2030-schvalena-vladou-sr\/#primaryimage"},"image":{"@id":"https:\/\/archiv.siov.sk\/strategia-celozivotneho-vzdelavania-a-poradenstva-na-roky-2021-2030-schvalena-vladou-sr\/#primaryimage"},"thumbnailUrl":"https:\/\/archiv.siov.sk\/wp-content\/uploads\/2021\/12\/Landing-page_strategia_final.png","datePublished":"2021-12-02T11:44:07+00:00","breadcrumb":{"@id":"https:\/\/archiv.siov.sk\/strategia-celozivotneho-vzdelavania-a-poradenstva-na-roky-2021-2030-schvalena-vladou-sr\/#breadcrumb"},"inLanguage":"en-GB","potentialAction":[{"@type":"ReadAction","target":["https:\/\/archiv.siov.sk\/strategia-celozivotneho-vzdelavania-a-poradenstva-na-roky-2021-2030-schvalena-vladou-sr\/"]}]},{"@type":"ImageObject","inLanguage":"en-GB","@id":"https:\/\/archiv.siov.sk\/strategia-celozivotneho-vzdelavania-a-poradenstva-na-roky-2021-2030-schvalena-vladou-sr\/#primaryimage","url":"https:\/\/archiv.siov.sk\/wp-content\/uploads\/2021\/12\/Landing-page_strategia_final.png","contentUrl":"https:\/\/archiv.siov.sk\/wp-content\/uploads\/2021\/12\/Landing-page_strategia_final.png","width":640,"height":382},{"@type":"BreadcrumbList","@id":"https:\/\/archiv.siov.sk\/strategia-celozivotneho-vzdelavania-a-poradenstva-na-roky-2021-2030-schvalena-vladou-sr\/#breadcrumb","itemListElement":[{"@type":"ListItem","position":1,"name":"Home","item":"https:\/\/archiv.siov.sk\/"},{"@type":"ListItem","position":2,"name":"Strat\u00e9gia celo\u017eivotn\u00e9ho vzdel\u00e1vania a poradenstva na roky 2021-2030 schv\u00e1len\u00e1 vl\u00e1dou SR"}]},{"@type":"WebSite","@id":"https:\/\/archiv.siov.sk\/#website","url":"https:\/\/archiv.siov.sk\/","name":"\u0160IOV - \u0161t\u00e1tny in\u0161tit\u00fat odborn\u00e9ho vzdel\u00e1vania","description":"","publisher":{"@id":"https:\/\/archiv.siov.sk\/#organization"},"potentialAction":[{"@type":"SearchAction","target":{"@type":"EntryPoint","urlTemplate":"https:\/\/archiv.siov.sk\/?s={search_term_string}"},"query-input":{"@type":"PropertyValueSpecification","valueRequired":true,"valueName":"search_term_string"}}],"inLanguage":"en-GB"},{"@type":"Organization","@id":"https:\/\/archiv.siov.sk\/#organization","name":"\u0160IOV - \u0161t\u00e1tny in\u0161tit\u00fat odborn\u00e9ho vzdel\u00e1vania","url":"https:\/\/archiv.siov.sk\/","logo":{"@type":"ImageObject","inLanguage":"en-GB","@id":"https:\/\/archiv.siov.sk\/#\/schema\/logo\/image\/","url":"https:\/\/archiv.siov.sk\/wp-content\/uploads\/2024\/02\/logo-SIOV.png","contentUrl":"https:\/\/archiv.siov.sk\/wp-content\/uploads\/2024\/02\/logo-SIOV.png","width":431,"height":143,"caption":"\u0160IOV - \u0161t\u00e1tny in\u0161tit\u00fat odborn\u00e9ho vzdel\u00e1vania"},"image":{"@id":"https:\/\/archiv.siov.sk\/#\/schema\/logo\/image\/"},"sameAs":["https:\/\/www.facebook.com\/Statnyinstitutodbornehovzdelavania"]},{"@type":"Person","@id":"https:\/\/archiv.siov.sk\/#\/schema\/person\/e42d633fbd958c6a726e8834d8965e6c","name":"Katar\u00edna Kov\u00e1\u010dov\u00e1","url":"https:\/\/archiv.siov.sk\/en\/author\/katkakovacova\/"}]}},"_links":{"self":[{"href":"https:\/\/archiv.siov.sk\/en\/wp-json\/wp\/v2\/posts\/10230","targetHints":{"allow":["GET"]}}],"collection":[{"href":"https:\/\/archiv.siov.sk\/en\/wp-json\/wp\/v2\/posts"}],"about":[{"href":"https:\/\/archiv.siov.sk\/en\/wp-json\/wp\/v2\/types\/post"}],"author":[{"embeddable":true,"href":"https:\/\/archiv.siov.sk\/en\/wp-json\/wp\/v2\/users\/6"}],"replies":[{"embeddable":true,"href":"https:\/\/archiv.siov.sk\/en\/wp-json\/wp\/v2\/comments?post=10230"}],"version-history":[{"count":2,"href":"https:\/\/archiv.siov.sk\/en\/wp-json\/wp\/v2\/posts\/10230\/revisions"}],"predecessor-version":[{"id":10233,"href":"https:\/\/archiv.siov.sk\/en\/wp-json\/wp\/v2\/posts\/10230\/revisions\/10233"}],"wp:featuredmedia":[{"embeddable":true,"href":"https:\/\/archiv.siov.sk\/en\/wp-json\/wp\/v2\/media\/10232"}],"wp:attachment":[{"href":"https:\/\/archiv.siov.sk\/en\/wp-json\/wp\/v2\/media?parent=10230"}],"wp:term":[{"taxonomy":"category","embeddable":true,"href":"https:\/\/archiv.siov.sk\/en\/wp-json\/wp\/v2\/categories?post=10230"},{"taxonomy":"post_tag","embeddable":true,"href":"https:\/\/archiv.siov.sk\/en\/wp-json\/wp\/v2\/tags?post=10230"}],"curies":[{"name":"wp","href":"https:\/\/api.w.org\/{rel}","templated":true}]}}