{"id":10214,"date":"2021-11-30T14:11:58","date_gmt":"2021-11-30T13:11:58","guid":{"rendered":"https:\/\/archiv.siov.sk\/?p=10214"},"modified":"2021-11-30T14:14:29","modified_gmt":"2021-11-30T13:14:29","slug":"memorandum-o-spolupraci-medzi-statnym-institutom-odborneho-vzdelavania-a-metodicko-pedagogickym-centrom","status":"publish","type":"post","link":"https:\/\/archiv.siov.sk\/en\/memorandum-o-spolupraci-medzi-statnym-institutom-odborneho-vzdelavania-a-metodicko-pedagogickym-centrom\/","title":{"rendered":"Memorandum o spolupr\u00e1ci medzi \u0160t\u00e1tnym in\u0161tit\u00fatom odborn\u00e9ho vzdel\u00e1vania a Metodicko-pedagogick\u00fdm centrom"},"content":{"rendered":"<p style=\"text-align: justify;\">\u0160t\u00e1tny in\u0161tit\u00fat odborn\u00e9ho vzdel\u00e1vania (\u0160IOV) a&nbsp;Metodicko-pedagogick\u00e9 centrum (MPC) podp\u00edsali 30. novembra 2021 memorandum. Jeho predmetom je spolupr\u00e1ca t\u00fdchto organiz\u00e1ci\u00ed v&nbsp;oblasti zabezpe\u010denia vzdel\u00e1vania pre pedagogick\u00fdch zamestnancov vyu\u010duj\u00facich teoretick\u00e9 a praktick\u00e9 predmety v stredn\u00fdch odborn\u00fdch \u0161kol\u00e1ch, \u0161kol\u00e1ch umeleck\u00e9ho priemyslu, stredn\u00fdch \u0161portov\u00fdch \u0161kol\u00e1ch a&nbsp;konzervat\u00f3ri\u00e1ch a&nbsp;priestorov\u00fdch kapac\u00edt pre aktivity zameran\u00e9 na podporu odborn\u00e9ho vzdel\u00e1vania.<\/p>\n<p>&nbsp; &nbsp; &nbsp; &nbsp; &nbsp; &nbsp; &nbsp; &nbsp; &nbsp; &nbsp; &nbsp; &nbsp; &nbsp; &nbsp; &nbsp; &nbsp;<img fetchpriority=\"high\" decoding=\"async\" class=\"wp-image-10216 aligncenter\" src=\"https:\/\/archiv.siov.sk\/wp-content\/uploads\/2021\/11\/foto_memorandum-1-300x202.jpg\" alt=\"\" width=\"290\" height=\"196\" srcset=\"https:\/\/archiv.siov.sk\/wp-content\/uploads\/2021\/11\/foto_memorandum-1-300x202.jpg 300w, https:\/\/archiv.siov.sk\/wp-content\/uploads\/2021\/11\/foto_memorandum-1-1024x690.jpg 1024w, https:\/\/archiv.siov.sk\/wp-content\/uploads\/2021\/11\/foto_memorandum-1-768x518.jpg 768w, https:\/\/archiv.siov.sk\/wp-content\/uploads\/2021\/11\/foto_memorandum-1-1536x1035.jpg 1536w, https:\/\/archiv.siov.sk\/wp-content\/uploads\/2021\/11\/foto_memorandum-1-2048x1381.jpg 2048w\" sizes=\"(max-width: 290px) 100vw, 290px\" \/>&nbsp; &nbsp;<\/p>\n<p style=\"text-align: justify;\">Cie\u013eom memoranda je zabezpe\u010di\u0165 person\u00e1lne kapacity na tvorbu programov vzdel\u00e1vania, realizovanie vzdel\u00e1vania v&nbsp;programoch vzdel\u00e1vania pre pedagogick\u00fdch zamestnancov a vzdel\u00e1vacie aktivity zameran\u00e9 na podporu odborn\u00e9ho vzdel\u00e1vania.<\/p>\n<p style=\"text-align: justify;\">Memorand\u00e1 u\u017e stvrdzuj\u00fa spolupr\u00e1cu \u0160t\u00e1tneho in\u0161tit\u00fatu odborn\u00e9ho vzdel\u00e1vania s&nbsp;viacer\u00fdmi partnermi, napr\u00edklad s&nbsp;Asoci\u00e1ciou stredn\u00fdch odborn\u00fdch \u0161k\u00f4l, \u017dilinsk\u00fdm, Tren\u010dianskym \u010di Trnavsk\u00fdm samospr\u00e1vnym krajom. \u201eTe\u0161\u00ed ma, \u017ee okruh partnerov, ktor\u00ed takto stvrdzuj\u00fa spolupr\u00e1cu s&nbsp;nami sa st\u00e1le roz\u0161iruje. V&nbsp;r\u00e1mci kooper\u00e1cie s&nbsp;Metodicko-pedagogick\u00fdm centrom m\u00f4\u017eeme uplatni\u0165 tie\u017e na\u0161e bohat\u00e9 sk\u00fasenosti t\u00fdkaj\u00face sa praktickej pr\u00edpravy, ktor\u00e9 m\u00e1me napr\u00edklad v&nbsp;r\u00e1mci du\u00e1lneho vzdel\u00e1vania a&nbsp;vyu\u017ei\u0165 ich pri vzdel\u00e1van\u00ed pedagogick\u00fdch zamestnancov vo vyu\u010dovan\u00ed nielen praktick\u00fdch, ale aj teoretick\u00fdch predmetov,\u201c zhodnotil riadite\u013e \u0160t\u00e1tneho in\u0161tit\u00fatu odborn\u00e9ho vzdel\u00e1vania Branislav Had\u00e1r.<\/p>\n<p><img decoding=\"async\" class=\"size-full wp-image-10217 aligncenter\" src=\"https:\/\/archiv.siov.sk\/wp-content\/uploads\/2021\/11\/foto_memorandum-2.jpg\" alt=\"\" width=\"228\" height=\"205\"><\/p>","protected":false},"excerpt":{"rendered":"<p>\u0160t\u00e1tny in\u0161tit\u00fat odborn\u00e9ho vzdel\u00e1vania (\u0160IOV) a&nbsp;Metodicko-pedagogick\u00e9 centrum (MPC) podp\u00edsali 30. novembra 2021 memorandum. Jeho predmetom je spolupr\u00e1ca t\u00fdchto organiz\u00e1ci\u00ed v&nbsp;oblasti zabezpe\u010denia vzdel\u00e1vania pre pedagogick\u00fdch zamestnancov vyu\u010duj\u00facich teoretick\u00e9 a praktick\u00e9 predmety v stredn\u00fdch odborn\u00fdch \u0161kol\u00e1ch, \u0161kol\u00e1ch umeleck\u00e9ho priemyslu, stredn\u00fdch \u0161portov\u00fdch \u0161kol\u00e1ch a&nbsp;konzervat\u00f3ri\u00e1ch a&nbsp;priestorov\u00fdch kapac\u00edt pre aktivity zameran\u00e9 na podporu odborn\u00e9ho vzdel\u00e1vania. &nbsp; &nbsp; &nbsp; &nbsp; &nbsp; [&hellip;]<\/p>\n","protected":false},"author":6,"featured_media":10219,"comment_status":"closed","ping_status":"closed","sticky":false,"template":"","format":"standard","meta":{"site-sidebar-layout":"default","site-content-layout":"default","ast-site-content-layout":"default","site-content-style":"default","site-sidebar-style":"default","ast-global-header-display":"","ast-banner-title-visibility":"","ast-main-header-display":"","ast-hfb-above-header-display":"","ast-hfb-below-header-display":"","ast-hfb-mobile-header-display":"","site-post-title":"","ast-breadcrumbs-content":"","ast-featured-img":"","footer-sml-layout":"","ast-disable-related-posts":"","theme-transparent-header-meta":"default","adv-header-id-meta":"","stick-header-meta":"","header-above-stick-meta":"","header-main-stick-meta":"","header-below-stick-meta":"","astra-migrate-meta-layouts":"default","ast-page-background-enabled":"default","ast-page-background-meta":{"desktop":{"background-color":"var(--ast-global-color-4)","background-image":"","background-repeat":"repeat","background-position":"center center","background-size":"auto","background-attachment":"scroll","background-type":"","background-media":"","overlay-type":"","overlay-color":"","overlay-opacity":"","overlay-gradient":""},"tablet":{"background-color":"","background-image":"","background-repeat":"repeat","background-position":"center center","background-size":"auto","background-attachment":"scroll","background-type":"","background-media":"","overlay-type":"","overlay-color":"","overlay-opacity":"","overlay-gradient":""},"mobile":{"background-color":"","background-image":"","background-repeat":"repeat","background-position":"center center","background-size":"auto","background-attachment":"scroll","background-type":"","background-media":"","overlay-type":"","overlay-color":"","overlay-opacity":"","overlay-gradient":""}},"ast-content-background-meta":{"desktop":{"background-color":"var(--ast-global-color-5)","background-image":"","background-repeat":"repeat","background-position":"center center","background-size":"auto","background-attachment":"scroll","background-type":"","background-media":"","overlay-type":"","overlay-color":"","overlay-opacity":"","overlay-gradient":""},"tablet":{"background-color":"var(--ast-global-color-5)","background-image":"","background-repeat":"repeat","background-position":"center center","background-size":"auto","background-attachment":"scroll","background-type":"","background-media":"","overlay-type":"","overlay-color":"","overlay-opacity":"","overlay-gradient":""},"mobile":{"background-color":"var(--ast-global-color-5)","background-image":"","background-repeat":"repeat","background-position":"center center","background-size":"auto","background-attachment":"scroll","background-type":"","background-media":"","overlay-type":"","overlay-color":"","overlay-opacity":"","overlay-gradient":""}},"footnotes":""},"categories":[1],"tags":[],"class_list":["post-10214","post","type-post","status-publish","format-standard","has-post-thumbnail","hentry","category-aktuality"],"yoast_head":"<!-- This site is optimized with the Yoast SEO plugin v27.5 - https:\/\/yoast.com\/product\/yoast-seo-wordpress\/ -->\n<title>Memorandum o spolupr\u00e1ci medzi \u0160t\u00e1tnym in\u0161tit\u00fatom odborn\u00e9ho vzdel\u00e1vania a Metodicko-pedagogick\u00fdm centrom - \u0160IOV - \u0161t\u00e1tny in\u0161tit\u00fat odborn\u00e9ho vzdel\u00e1vania<\/title>\n<meta name=\"robots\" content=\"index, follow, max-snippet:-1, max-image-preview:large, max-video-preview:-1\" \/>\n<link rel=\"canonical\" href=\"https:\/\/archiv.siov.sk\/en\/memorandum-o-spolupraci-medzi-statnym-institutom-odborneho-vzdelavania-a-metodicko-pedagogickym-centrom\/\" \/>\n<meta property=\"og:locale\" content=\"en_GB\" \/>\n<meta property=\"og:type\" content=\"article\" \/>\n<meta property=\"og:title\" content=\"Memorandum o spolupr\u00e1ci medzi \u0160t\u00e1tnym in\u0161tit\u00fatom odborn\u00e9ho vzdel\u00e1vania a Metodicko-pedagogick\u00fdm centrom - \u0160IOV - \u0161t\u00e1tny in\u0161tit\u00fat odborn\u00e9ho vzdel\u00e1vania\" \/>\n<meta property=\"og:description\" content=\"\u0160t\u00e1tny in\u0161tit\u00fat odborn\u00e9ho vzdel\u00e1vania (\u0160IOV) a&nbsp;Metodicko-pedagogick\u00e9 centrum (MPC) podp\u00edsali 30. novembra 2021 memorandum. Jeho predmetom je spolupr\u00e1ca t\u00fdchto organiz\u00e1ci\u00ed v&nbsp;oblasti zabezpe\u010denia vzdel\u00e1vania pre pedagogick\u00fdch zamestnancov vyu\u010duj\u00facich teoretick\u00e9 a praktick\u00e9 predmety v stredn\u00fdch odborn\u00fdch \u0161kol\u00e1ch, \u0161kol\u00e1ch umeleck\u00e9ho priemyslu, stredn\u00fdch \u0161portov\u00fdch \u0161kol\u00e1ch a&nbsp;konzervat\u00f3ri\u00e1ch a&nbsp;priestorov\u00fdch kapac\u00edt pre aktivity zameran\u00e9 na podporu odborn\u00e9ho vzdel\u00e1vania. &nbsp; &nbsp; &nbsp; &nbsp; &nbsp; [&hellip;]\" \/>\n<meta property=\"og:url\" content=\"https:\/\/archiv.siov.sk\/en\/memorandum-o-spolupraci-medzi-statnym-institutom-odborneho-vzdelavania-a-metodicko-pedagogickym-centrom\/\" \/>\n<meta property=\"og:site_name\" content=\"\u0160IOV - \u0161t\u00e1tny in\u0161tit\u00fat odborn\u00e9ho vzdel\u00e1vania\" \/>\n<meta property=\"article:publisher\" content=\"https:\/\/www.facebook.com\/Statnyinstitutodbornehovzdelavania\" \/>\n<meta property=\"article:published_time\" content=\"2021-11-30T13:11:58+00:00\" \/>\n<meta property=\"article:modified_time\" content=\"2021-11-30T13:14:29+00:00\" \/>\n<meta property=\"og:image\" content=\"https:\/\/archiv.siov.sk\/wp-content\/uploads\/2021\/11\/foto-memorandum-3.jpg\" \/>\n\t<meta property=\"og:image:width\" content=\"274\" \/>\n\t<meta property=\"og:image:height\" content=\"206\" \/>\n\t<meta property=\"og:image:type\" content=\"image\/jpeg\" \/>\n<meta name=\"author\" content=\"Katar\u00edna Kov\u00e1\u010dov\u00e1\" \/>\n<meta name=\"twitter:card\" content=\"summary_large_image\" \/>\n<meta name=\"twitter:label1\" content=\"Written by\" \/>\n\t<meta name=\"twitter:data1\" content=\"Katar\u00edna Kov\u00e1\u010dov\u00e1\" \/>\n\t<meta name=\"twitter:label2\" content=\"Estimated reading time\" \/>\n\t<meta name=\"twitter:data2\" content=\"2 minutes\" \/>\n<script type=\"application\/ld+json\" class=\"yoast-schema-graph\">{\"@context\":\"https:\\\/\\\/schema.org\",\"@graph\":[{\"@type\":\"Article\",\"@id\":\"https:\\\/\\\/archiv.siov.sk\\\/memorandum-o-spolupraci-medzi-statnym-institutom-odborneho-vzdelavania-a-metodicko-pedagogickym-centrom\\\/#article\",\"isPartOf\":{\"@id\":\"https:\\\/\\\/archiv.siov.sk\\\/memorandum-o-spolupraci-medzi-statnym-institutom-odborneho-vzdelavania-a-metodicko-pedagogickym-centrom\\\/\"},\"author\":{\"name\":\"Katar\u00edna Kov\u00e1\u010dov\u00e1\",\"@id\":\"https:\\\/\\\/archiv.siov.sk\\\/#\\\/schema\\\/person\\\/e42d633fbd958c6a726e8834d8965e6c\"},\"headline\":\"Memorandum o spolupr\u00e1ci medzi \u0160t\u00e1tnym in\u0161tit\u00fatom odborn\u00e9ho vzdel\u00e1vania a Metodicko-pedagogick\u00fdm centrom\",\"datePublished\":\"2021-11-30T13:11:58+00:00\",\"dateModified\":\"2021-11-30T13:14:29+00:00\",\"mainEntityOfPage\":{\"@id\":\"https:\\\/\\\/archiv.siov.sk\\\/memorandum-o-spolupraci-medzi-statnym-institutom-odborneho-vzdelavania-a-metodicko-pedagogickym-centrom\\\/\"},\"wordCount\":292,\"publisher\":{\"@id\":\"https:\\\/\\\/archiv.siov.sk\\\/#organization\"},\"image\":{\"@id\":\"https:\\\/\\\/archiv.siov.sk\\\/memorandum-o-spolupraci-medzi-statnym-institutom-odborneho-vzdelavania-a-metodicko-pedagogickym-centrom\\\/#primaryimage\"},\"thumbnailUrl\":\"https:\\\/\\\/archiv.siov.sk\\\/wp-content\\\/uploads\\\/2021\\\/11\\\/foto-memorandum-3.jpg\",\"articleSection\":[\"Aktuality\"],\"inLanguage\":\"en-GB\"},{\"@type\":\"WebPage\",\"@id\":\"https:\\\/\\\/archiv.siov.sk\\\/memorandum-o-spolupraci-medzi-statnym-institutom-odborneho-vzdelavania-a-metodicko-pedagogickym-centrom\\\/\",\"url\":\"https:\\\/\\\/archiv.siov.sk\\\/memorandum-o-spolupraci-medzi-statnym-institutom-odborneho-vzdelavania-a-metodicko-pedagogickym-centrom\\\/\",\"name\":\"Memorandum o spolupr\u00e1ci medzi \u0160t\u00e1tnym in\u0161tit\u00fatom odborn\u00e9ho vzdel\u00e1vania a Metodicko-pedagogick\u00fdm centrom - \u0160IOV - \u0161t\u00e1tny in\u0161tit\u00fat odborn\u00e9ho vzdel\u00e1vania\",\"isPartOf\":{\"@id\":\"https:\\\/\\\/archiv.siov.sk\\\/#website\"},\"primaryImageOfPage\":{\"@id\":\"https:\\\/\\\/archiv.siov.sk\\\/memorandum-o-spolupraci-medzi-statnym-institutom-odborneho-vzdelavania-a-metodicko-pedagogickym-centrom\\\/#primaryimage\"},\"image\":{\"@id\":\"https:\\\/\\\/archiv.siov.sk\\\/memorandum-o-spolupraci-medzi-statnym-institutom-odborneho-vzdelavania-a-metodicko-pedagogickym-centrom\\\/#primaryimage\"},\"thumbnailUrl\":\"https:\\\/\\\/archiv.siov.sk\\\/wp-content\\\/uploads\\\/2021\\\/11\\\/foto-memorandum-3.jpg\",\"datePublished\":\"2021-11-30T13:11:58+00:00\",\"dateModified\":\"2021-11-30T13:14:29+00:00\",\"breadcrumb\":{\"@id\":\"https:\\\/\\\/archiv.siov.sk\\\/memorandum-o-spolupraci-medzi-statnym-institutom-odborneho-vzdelavania-a-metodicko-pedagogickym-centrom\\\/#breadcrumb\"},\"inLanguage\":\"en-GB\",\"potentialAction\":[{\"@type\":\"ReadAction\",\"target\":[\"https:\\\/\\\/archiv.siov.sk\\\/memorandum-o-spolupraci-medzi-statnym-institutom-odborneho-vzdelavania-a-metodicko-pedagogickym-centrom\\\/\"]}]},{\"@type\":\"ImageObject\",\"inLanguage\":\"en-GB\",\"@id\":\"https:\\\/\\\/archiv.siov.sk\\\/memorandum-o-spolupraci-medzi-statnym-institutom-odborneho-vzdelavania-a-metodicko-pedagogickym-centrom\\\/#primaryimage\",\"url\":\"https:\\\/\\\/archiv.siov.sk\\\/wp-content\\\/uploads\\\/2021\\\/11\\\/foto-memorandum-3.jpg\",\"contentUrl\":\"https:\\\/\\\/archiv.siov.sk\\\/wp-content\\\/uploads\\\/2021\\\/11\\\/foto-memorandum-3.jpg\",\"width\":274,\"height\":206},{\"@type\":\"BreadcrumbList\",\"@id\":\"https:\\\/\\\/archiv.siov.sk\\\/memorandum-o-spolupraci-medzi-statnym-institutom-odborneho-vzdelavania-a-metodicko-pedagogickym-centrom\\\/#breadcrumb\",\"itemListElement\":[{\"@type\":\"ListItem\",\"position\":1,\"name\":\"Home\",\"item\":\"https:\\\/\\\/archiv.siov.sk\\\/\"},{\"@type\":\"ListItem\",\"position\":2,\"name\":\"Memorandum o spolupr\u00e1ci medzi \u0160t\u00e1tnym in\u0161tit\u00fatom odborn\u00e9ho vzdel\u00e1vania a Metodicko-pedagogick\u00fdm centrom\"}]},{\"@type\":\"WebSite\",\"@id\":\"https:\\\/\\\/archiv.siov.sk\\\/#website\",\"url\":\"https:\\\/\\\/archiv.siov.sk\\\/\",\"name\":\"\u0160IOV - \u0161t\u00e1tny in\u0161tit\u00fat odborn\u00e9ho vzdel\u00e1vania\",\"description\":\"\",\"publisher\":{\"@id\":\"https:\\\/\\\/archiv.siov.sk\\\/#organization\"},\"potentialAction\":[{\"@type\":\"SearchAction\",\"target\":{\"@type\":\"EntryPoint\",\"urlTemplate\":\"https:\\\/\\\/archiv.siov.sk\\\/?s={search_term_string}\"},\"query-input\":{\"@type\":\"PropertyValueSpecification\",\"valueRequired\":true,\"valueName\":\"search_term_string\"}}],\"inLanguage\":\"en-GB\"},{\"@type\":\"Organization\",\"@id\":\"https:\\\/\\\/archiv.siov.sk\\\/#organization\",\"name\":\"\u0160IOV - \u0161t\u00e1tny in\u0161tit\u00fat odborn\u00e9ho vzdel\u00e1vania\",\"url\":\"https:\\\/\\\/archiv.siov.sk\\\/\",\"logo\":{\"@type\":\"ImageObject\",\"inLanguage\":\"en-GB\",\"@id\":\"https:\\\/\\\/archiv.siov.sk\\\/#\\\/schema\\\/logo\\\/image\\\/\",\"url\":\"https:\\\/\\\/archiv.siov.sk\\\/wp-content\\\/uploads\\\/2024\\\/02\\\/logo-SIOV.png\",\"contentUrl\":\"https:\\\/\\\/archiv.siov.sk\\\/wp-content\\\/uploads\\\/2024\\\/02\\\/logo-SIOV.png\",\"width\":431,\"height\":143,\"caption\":\"\u0160IOV - \u0161t\u00e1tny in\u0161tit\u00fat odborn\u00e9ho vzdel\u00e1vania\"},\"image\":{\"@id\":\"https:\\\/\\\/archiv.siov.sk\\\/#\\\/schema\\\/logo\\\/image\\\/\"},\"sameAs\":[\"https:\\\/\\\/www.facebook.com\\\/Statnyinstitutodbornehovzdelavania\"]},{\"@type\":\"Person\",\"@id\":\"https:\\\/\\\/archiv.siov.sk\\\/#\\\/schema\\\/person\\\/e42d633fbd958c6a726e8834d8965e6c\",\"name\":\"Katar\u00edna Kov\u00e1\u010dov\u00e1\",\"url\":\"https:\\\/\\\/archiv.siov.sk\\\/en\\\/author\\\/katkakovacova\\\/\"}]}<\/script>\n<!-- \/ Yoast SEO plugin. -->","yoast_head_json":{"title":"Memorandum o spolupr\u00e1ci medzi \u0160t\u00e1tnym in\u0161tit\u00fatom odborn\u00e9ho vzdel\u00e1vania a Metodicko-pedagogick\u00fdm centrom - \u0160IOV - \u0161t\u00e1tny in\u0161tit\u00fat odborn\u00e9ho vzdel\u00e1vania","robots":{"index":"index","follow":"follow","max-snippet":"max-snippet:-1","max-image-preview":"max-image-preview:large","max-video-preview":"max-video-preview:-1"},"canonical":"https:\/\/archiv.siov.sk\/en\/memorandum-o-spolupraci-medzi-statnym-institutom-odborneho-vzdelavania-a-metodicko-pedagogickym-centrom\/","og_locale":"en_GB","og_type":"article","og_title":"Memorandum o spolupr\u00e1ci medzi \u0160t\u00e1tnym in\u0161tit\u00fatom odborn\u00e9ho vzdel\u00e1vania a Metodicko-pedagogick\u00fdm centrom - \u0160IOV - \u0161t\u00e1tny in\u0161tit\u00fat odborn\u00e9ho vzdel\u00e1vania","og_description":"\u0160t\u00e1tny in\u0161tit\u00fat odborn\u00e9ho vzdel\u00e1vania (\u0160IOV) a&nbsp;Metodicko-pedagogick\u00e9 centrum (MPC) podp\u00edsali 30. novembra 2021 memorandum. Jeho predmetom je spolupr\u00e1ca t\u00fdchto organiz\u00e1ci\u00ed v&nbsp;oblasti zabezpe\u010denia vzdel\u00e1vania pre pedagogick\u00fdch zamestnancov vyu\u010duj\u00facich teoretick\u00e9 a praktick\u00e9 predmety v stredn\u00fdch odborn\u00fdch \u0161kol\u00e1ch, \u0161kol\u00e1ch umeleck\u00e9ho priemyslu, stredn\u00fdch \u0161portov\u00fdch \u0161kol\u00e1ch a&nbsp;konzervat\u00f3ri\u00e1ch a&nbsp;priestorov\u00fdch kapac\u00edt pre aktivity zameran\u00e9 na podporu odborn\u00e9ho vzdel\u00e1vania. &nbsp; &nbsp; &nbsp; &nbsp; &nbsp; [&hellip;]","og_url":"https:\/\/archiv.siov.sk\/en\/memorandum-o-spolupraci-medzi-statnym-institutom-odborneho-vzdelavania-a-metodicko-pedagogickym-centrom\/","og_site_name":"\u0160IOV - \u0161t\u00e1tny in\u0161tit\u00fat odborn\u00e9ho vzdel\u00e1vania","article_publisher":"https:\/\/www.facebook.com\/Statnyinstitutodbornehovzdelavania","article_published_time":"2021-11-30T13:11:58+00:00","article_modified_time":"2021-11-30T13:14:29+00:00","og_image":[{"width":274,"height":206,"url":"https:\/\/archiv.siov.sk\/wp-content\/uploads\/2021\/11\/foto-memorandum-3.jpg","type":"image\/jpeg"}],"author":"Katar\u00edna Kov\u00e1\u010dov\u00e1","twitter_card":"summary_large_image","twitter_misc":{"Written by":"Katar\u00edna Kov\u00e1\u010dov\u00e1","Estimated reading time":"2 minutes"},"schema":{"@context":"https:\/\/schema.org","@graph":[{"@type":"Article","@id":"https:\/\/archiv.siov.sk\/memorandum-o-spolupraci-medzi-statnym-institutom-odborneho-vzdelavania-a-metodicko-pedagogickym-centrom\/#article","isPartOf":{"@id":"https:\/\/archiv.siov.sk\/memorandum-o-spolupraci-medzi-statnym-institutom-odborneho-vzdelavania-a-metodicko-pedagogickym-centrom\/"},"author":{"name":"Katar\u00edna Kov\u00e1\u010dov\u00e1","@id":"https:\/\/archiv.siov.sk\/#\/schema\/person\/e42d633fbd958c6a726e8834d8965e6c"},"headline":"Memorandum o spolupr\u00e1ci medzi \u0160t\u00e1tnym in\u0161tit\u00fatom odborn\u00e9ho vzdel\u00e1vania a Metodicko-pedagogick\u00fdm centrom","datePublished":"2021-11-30T13:11:58+00:00","dateModified":"2021-11-30T13:14:29+00:00","mainEntityOfPage":{"@id":"https:\/\/archiv.siov.sk\/memorandum-o-spolupraci-medzi-statnym-institutom-odborneho-vzdelavania-a-metodicko-pedagogickym-centrom\/"},"wordCount":292,"publisher":{"@id":"https:\/\/archiv.siov.sk\/#organization"},"image":{"@id":"https:\/\/archiv.siov.sk\/memorandum-o-spolupraci-medzi-statnym-institutom-odborneho-vzdelavania-a-metodicko-pedagogickym-centrom\/#primaryimage"},"thumbnailUrl":"https:\/\/archiv.siov.sk\/wp-content\/uploads\/2021\/11\/foto-memorandum-3.jpg","articleSection":["Aktuality"],"inLanguage":"en-GB"},{"@type":"WebPage","@id":"https:\/\/archiv.siov.sk\/memorandum-o-spolupraci-medzi-statnym-institutom-odborneho-vzdelavania-a-metodicko-pedagogickym-centrom\/","url":"https:\/\/archiv.siov.sk\/memorandum-o-spolupraci-medzi-statnym-institutom-odborneho-vzdelavania-a-metodicko-pedagogickym-centrom\/","name":"Memorandum o spolupr\u00e1ci medzi \u0160t\u00e1tnym in\u0161tit\u00fatom odborn\u00e9ho vzdel\u00e1vania a Metodicko-pedagogick\u00fdm centrom - \u0160IOV - \u0161t\u00e1tny in\u0161tit\u00fat odborn\u00e9ho vzdel\u00e1vania","isPartOf":{"@id":"https:\/\/archiv.siov.sk\/#website"},"primaryImageOfPage":{"@id":"https:\/\/archiv.siov.sk\/memorandum-o-spolupraci-medzi-statnym-institutom-odborneho-vzdelavania-a-metodicko-pedagogickym-centrom\/#primaryimage"},"image":{"@id":"https:\/\/archiv.siov.sk\/memorandum-o-spolupraci-medzi-statnym-institutom-odborneho-vzdelavania-a-metodicko-pedagogickym-centrom\/#primaryimage"},"thumbnailUrl":"https:\/\/archiv.siov.sk\/wp-content\/uploads\/2021\/11\/foto-memorandum-3.jpg","datePublished":"2021-11-30T13:11:58+00:00","dateModified":"2021-11-30T13:14:29+00:00","breadcrumb":{"@id":"https:\/\/archiv.siov.sk\/memorandum-o-spolupraci-medzi-statnym-institutom-odborneho-vzdelavania-a-metodicko-pedagogickym-centrom\/#breadcrumb"},"inLanguage":"en-GB","potentialAction":[{"@type":"ReadAction","target":["https:\/\/archiv.siov.sk\/memorandum-o-spolupraci-medzi-statnym-institutom-odborneho-vzdelavania-a-metodicko-pedagogickym-centrom\/"]}]},{"@type":"ImageObject","inLanguage":"en-GB","@id":"https:\/\/archiv.siov.sk\/memorandum-o-spolupraci-medzi-statnym-institutom-odborneho-vzdelavania-a-metodicko-pedagogickym-centrom\/#primaryimage","url":"https:\/\/archiv.siov.sk\/wp-content\/uploads\/2021\/11\/foto-memorandum-3.jpg","contentUrl":"https:\/\/archiv.siov.sk\/wp-content\/uploads\/2021\/11\/foto-memorandum-3.jpg","width":274,"height":206},{"@type":"BreadcrumbList","@id":"https:\/\/archiv.siov.sk\/memorandum-o-spolupraci-medzi-statnym-institutom-odborneho-vzdelavania-a-metodicko-pedagogickym-centrom\/#breadcrumb","itemListElement":[{"@type":"ListItem","position":1,"name":"Home","item":"https:\/\/archiv.siov.sk\/"},{"@type":"ListItem","position":2,"name":"Memorandum o spolupr\u00e1ci medzi \u0160t\u00e1tnym in\u0161tit\u00fatom odborn\u00e9ho vzdel\u00e1vania a Metodicko-pedagogick\u00fdm centrom"}]},{"@type":"WebSite","@id":"https:\/\/archiv.siov.sk\/#website","url":"https:\/\/archiv.siov.sk\/","name":"\u0160IOV - \u0161t\u00e1tny in\u0161tit\u00fat odborn\u00e9ho vzdel\u00e1vania","description":"","publisher":{"@id":"https:\/\/archiv.siov.sk\/#organization"},"potentialAction":[{"@type":"SearchAction","target":{"@type":"EntryPoint","urlTemplate":"https:\/\/archiv.siov.sk\/?s={search_term_string}"},"query-input":{"@type":"PropertyValueSpecification","valueRequired":true,"valueName":"search_term_string"}}],"inLanguage":"en-GB"},{"@type":"Organization","@id":"https:\/\/archiv.siov.sk\/#organization","name":"\u0160IOV - \u0161t\u00e1tny in\u0161tit\u00fat odborn\u00e9ho vzdel\u00e1vania","url":"https:\/\/archiv.siov.sk\/","logo":{"@type":"ImageObject","inLanguage":"en-GB","@id":"https:\/\/archiv.siov.sk\/#\/schema\/logo\/image\/","url":"https:\/\/archiv.siov.sk\/wp-content\/uploads\/2024\/02\/logo-SIOV.png","contentUrl":"https:\/\/archiv.siov.sk\/wp-content\/uploads\/2024\/02\/logo-SIOV.png","width":431,"height":143,"caption":"\u0160IOV - \u0161t\u00e1tny in\u0161tit\u00fat odborn\u00e9ho vzdel\u00e1vania"},"image":{"@id":"https:\/\/archiv.siov.sk\/#\/schema\/logo\/image\/"},"sameAs":["https:\/\/www.facebook.com\/Statnyinstitutodbornehovzdelavania"]},{"@type":"Person","@id":"https:\/\/archiv.siov.sk\/#\/schema\/person\/e42d633fbd958c6a726e8834d8965e6c","name":"Katar\u00edna Kov\u00e1\u010dov\u00e1","url":"https:\/\/archiv.siov.sk\/en\/author\/katkakovacova\/"}]}},"_links":{"self":[{"href":"https:\/\/archiv.siov.sk\/en\/wp-json\/wp\/v2\/posts\/10214","targetHints":{"allow":["GET"]}}],"collection":[{"href":"https:\/\/archiv.siov.sk\/en\/wp-json\/wp\/v2\/posts"}],"about":[{"href":"https:\/\/archiv.siov.sk\/en\/wp-json\/wp\/v2\/types\/post"}],"author":[{"embeddable":true,"href":"https:\/\/archiv.siov.sk\/en\/wp-json\/wp\/v2\/users\/6"}],"replies":[{"embeddable":true,"href":"https:\/\/archiv.siov.sk\/en\/wp-json\/wp\/v2\/comments?post=10214"}],"version-history":[{"count":2,"href":"https:\/\/archiv.siov.sk\/en\/wp-json\/wp\/v2\/posts\/10214\/revisions"}],"predecessor-version":[{"id":10218,"href":"https:\/\/archiv.siov.sk\/en\/wp-json\/wp\/v2\/posts\/10214\/revisions\/10218"}],"wp:featuredmedia":[{"embeddable":true,"href":"https:\/\/archiv.siov.sk\/en\/wp-json\/wp\/v2\/media\/10219"}],"wp:attachment":[{"href":"https:\/\/archiv.siov.sk\/en\/wp-json\/wp\/v2\/media?parent=10214"}],"wp:term":[{"taxonomy":"category","embeddable":true,"href":"https:\/\/archiv.siov.sk\/en\/wp-json\/wp\/v2\/categories?post=10214"},{"taxonomy":"post_tag","embeddable":true,"href":"https:\/\/archiv.siov.sk\/en\/wp-json\/wp\/v2\/tags?post=10214"}],"curies":[{"name":"wp","href":"https:\/\/api.w.org\/{rel}","templated":true}]}}