{"id":10203,"date":"2021-11-25T13:56:17","date_gmt":"2021-11-25T12:56:17","guid":{"rendered":"https:\/\/archiv.siov.sk\/?p=10203"},"modified":"2021-11-25T14:17:27","modified_gmt":"2021-11-25T13:17:27","slug":"zaverecna-konferencia-k-projektu-dualneho-vzdelavania","status":"publish","type":"post","link":"https:\/\/archiv.siov.sk\/en\/zaverecna-konferencia-k-projektu-dualneho-vzdelavania\/","title":{"rendered":"Z\u00e1vere\u010dn\u00e1 konferencia k projektu du\u00e1lneho vzdel\u00e1vania"},"content":{"rendered":"<p style=\"text-align: justify;\">N\u00e1rodn\u00fd projekt \u201eDu\u00e1lne vzdel\u00e1vanie a&nbsp;zv\u00fd\u0161enie atraktivity a&nbsp;kvality OVP\u201c zav\u0155\u0161ila z\u00e1vere\u010dn\u00e1 online konferencia, ktor\u00e1 sa zamerala na projekt ako celok, jeho uplatnenie a v\u00fdsledky v praxi.<\/p>\n<p style=\"text-align: justify;\"><em>&nbsp;<\/em>Z\u00e1vere\u010dn\u00e1 konferencia, ktor\u00fa 23.11.2021 sledovalo online viac ako dvesto \u00fa\u010dastn\u00edkov pribl\u00ed\u017eila hlavn\u00e9 \u00falohy a aktivity projektu, jeho v\u00fdsledky a&nbsp;v\u00fdstupy podporen\u00e9 tie\u017e pr\u00edkladmi dobrej praxe. Konkr\u00e9tne sa venovala t\u00e9mam pr\u00edpravy in\u0161truktorov, \u0161trukt\u00fary odborov, aktualiz\u00e1cie obsahu odborov vzdel\u00e1vania, novej z\u00e1vere\u010dnej a&nbsp;maturitnej sk\u00fa\u0161ky, pl\u00e1novaniu v\u00fdkonov stredn\u00fdch \u0161k\u00f4l, Talent centru, region\u00e1lnemu zast\u00fapeniu projektu prostredn\u00edctvom Du\u00e1l Pointov a&nbsp;v\u00edzii modernej strednej \u0161koly. Okrem toho zhrnula tie\u017e doteraj\u0161ie v\u00fdsledky v&nbsp;oblasti uplatnenia absolventov.<\/p>\n<p style=\"text-align: justify;\">\u201eDu\u00e1lne vzdel\u00e1vanie je n\u00e1strojom, ktor\u00fd by mal umo\u017eni\u0165 \u017eiakom sa lep\u0161ie uplatni\u0165 na trhu pr\u00e1ce. Pokia\u013e je prv\u00e1 vo\u013eba \u017eiakov dobr\u00e1, uplatnia sa vo firm\u00e1ch alebo pokra\u010duj\u00fa vo vysoko\u0161kolskom&nbsp;\u0161t\u00fadiu s\u00fa lep\u0161ie pripraven\u00ed pre \u017eivot. \u0160tatistiky ukazuj\u00fa, \u017ee uplatnenie dualistov je o&nbsp;25% lep\u0161ie ako uplatnenie \u017eiakov mimo du\u00e1lneho vzdel\u00e1vania. Z\u00edskaj\u00fa vy\u0161\u0161ie mzdy, uplat\u0148uj\u00fa sa v&nbsp;odbore, v&nbsp;ktorom sa pripravovali a&nbsp;maj\u00fa ve\u013emi n\u00edzku mieru nezamestnanosti,\u201c zosumarizoval Milan Kuzma, ktor\u00fd p\u00f4sobil ako mana\u017e\u00e9r projektu du\u00e1lneho vzdel\u00e1vania.<\/p>\n<p style=\"text-align: justify;\">\u201eJe to invest\u00edcia do bud\u00facnosti. V\u00fdsledky spolupr\u00e1ce medzi \u017eiakom, \u0161kolou a&nbsp;zamestn\u00e1vate\u013eom v&nbsp;r\u00e1mci syst\u00e9mu du\u00e1lneho vzdel\u00e1vania sa ukazuj\u00fa a\u017e po ur\u010ditom obdob\u00ed. Ve\u013emi ma v\u0161ak te\u0161\u00ed, \u017ee aj za pomoci projektu sa zamestn\u00e1vatelia dost\u00e1vaj\u00fa bli\u017e\u0161ie k&nbsp;stredn\u00fdm \u0161kol\u00e1m a&nbsp;stredn\u00e9 \u0161koly bli\u017e\u0161ie k&nbsp;zamestn\u00e1vate\u013eom, ke\u010f\u017ee spolupr\u00e1ca je pre bud\u00facnos\u0165 nevyhnutn\u00e1,\u201c dodal Branislav Had\u00e1r, riadite\u013e \u0160t\u00e1tneho in\u0161tit\u00fatu odborn\u00e9ho vzdel\u00e1vania, ktor\u00fd projekt realizoval.<\/p>\n<p style=\"text-align: justify;\">Du\u00e1lne vzdel\u00e1vanie je syst\u00e9m odborn\u00e9ho vzdel\u00e1vania a pr\u00edpravy na v\u00fdkon povolania, ktor\u00fdm sa z\u00edskavaj\u00fa vedomosti, schopnosti a zru\u010dnosti potrebn\u00e9 pre povolanie. Sp\u00e1ja teoretick\u00e9 vzdel\u00e1vanie v&nbsp;\u0161kole s&nbsp;praktickou pr\u00edpravou u&nbsp;konkr\u00e9tneho zamestn\u00e1vate\u013ea. D\u00e1va \u017eiakom \u201en\u00e1skok\u201c v&nbsp;praxi a&nbsp;pracovn\u00fdch sk\u00fasenostiach a&nbsp;mno\u017estvo \u010fal\u0161\u00edch v\u00fdhod od prv\u00e9ho ro\u010dn\u00edka a\u017e po ukon\u010denie \u0161t\u00fadia.<\/p>\n<p>Z\u00e1znam z&nbsp;konferencie si m\u00f4\u017eete pozrie\u0165 na: <a href=\"https:\/\/youtu.be\/3ffnNpo6tyc\">https:\/\/youtu.be\/3ffnNpo6tyc<\/a><\/p>\n<p>&nbsp;<\/p>","protected":false},"excerpt":{"rendered":"<p>N\u00e1rodn\u00fd projekt \u201eDu\u00e1lne vzdel\u00e1vanie a&nbsp;zv\u00fd\u0161enie atraktivity a&nbsp;kvality OVP\u201c zav\u0155\u0161ila z\u00e1vere\u010dn\u00e1 online konferencia, ktor\u00e1 sa zamerala na projekt ako celok, jeho uplatnenie a v\u00fdsledky v praxi. &nbsp;Z\u00e1vere\u010dn\u00e1 konferencia, ktor\u00fa 23.11.2021 sledovalo online viac ako dvesto \u00fa\u010dastn\u00edkov pribl\u00ed\u017eila hlavn\u00e9 \u00falohy a aktivity projektu, jeho v\u00fdsledky a&nbsp;v\u00fdstupy podporen\u00e9 tie\u017e pr\u00edkladmi dobrej praxe. Konkr\u00e9tne sa venovala t\u00e9mam pr\u00edpravy in\u0161truktorov, [&hellip;]<\/p>\n","protected":false},"author":6,"featured_media":10208,"comment_status":"closed","ping_status":"closed","sticky":false,"template":"","format":"standard","meta":{"site-sidebar-layout":"default","site-content-layout":"default","ast-site-content-layout":"default","site-content-style":"default","site-sidebar-style":"default","ast-global-header-display":"","ast-banner-title-visibility":"","ast-main-header-display":"","ast-hfb-above-header-display":"","ast-hfb-below-header-display":"","ast-hfb-mobile-header-display":"","site-post-title":"","ast-breadcrumbs-content":"","ast-featured-img":"","footer-sml-layout":"","ast-disable-related-posts":"","theme-transparent-header-meta":"default","adv-header-id-meta":"","stick-header-meta":"","header-above-stick-meta":"","header-main-stick-meta":"","header-below-stick-meta":"","astra-migrate-meta-layouts":"default","ast-page-background-enabled":"default","ast-page-background-meta":{"desktop":{"background-color":"var(--ast-global-color-4)","background-image":"","background-repeat":"repeat","background-position":"center center","background-size":"auto","background-attachment":"scroll","background-type":"","background-media":"","overlay-type":"","overlay-color":"","overlay-opacity":"","overlay-gradient":""},"tablet":{"background-color":"","background-image":"","background-repeat":"repeat","background-position":"center center","background-size":"auto","background-attachment":"scroll","background-type":"","background-media":"","overlay-type":"","overlay-color":"","overlay-opacity":"","overlay-gradient":""},"mobile":{"background-color":"","background-image":"","background-repeat":"repeat","background-position":"center center","background-size":"auto","background-attachment":"scroll","background-type":"","background-media":"","overlay-type":"","overlay-color":"","overlay-opacity":"","overlay-gradient":""}},"ast-content-background-meta":{"desktop":{"background-color":"var(--ast-global-color-5)","background-image":"","background-repeat":"repeat","background-position":"center center","background-size":"auto","background-attachment":"scroll","background-type":"","background-media":"","overlay-type":"","overlay-color":"","overlay-opacity":"","overlay-gradient":""},"tablet":{"background-color":"var(--ast-global-color-5)","background-image":"","background-repeat":"repeat","background-position":"center center","background-size":"auto","background-attachment":"scroll","background-type":"","background-media":"","overlay-type":"","overlay-color":"","overlay-opacity":"","overlay-gradient":""},"mobile":{"background-color":"var(--ast-global-color-5)","background-image":"","background-repeat":"repeat","background-position":"center center","background-size":"auto","background-attachment":"scroll","background-type":"","background-media":"","overlay-type":"","overlay-color":"","overlay-opacity":"","overlay-gradient":""}},"footnotes":""},"categories":[1],"tags":[],"class_list":["post-10203","post","type-post","status-publish","format-standard","has-post-thumbnail","hentry","category-aktuality"],"yoast_head":"<!-- This site is optimized with the Yoast SEO plugin v27.5 - https:\/\/yoast.com\/product\/yoast-seo-wordpress\/ -->\n<title>Z\u00e1vere\u010dn\u00e1 konferencia k projektu du\u00e1lneho vzdel\u00e1vania - \u0160IOV - \u0161t\u00e1tny in\u0161tit\u00fat odborn\u00e9ho vzdel\u00e1vania<\/title>\n<meta name=\"robots\" content=\"index, follow, max-snippet:-1, max-image-preview:large, max-video-preview:-1\" \/>\n<link rel=\"canonical\" href=\"https:\/\/archiv.siov.sk\/en\/zaverecna-konferencia-k-projektu-dualneho-vzdelavania\/\" \/>\n<meta property=\"og:locale\" content=\"en_GB\" \/>\n<meta property=\"og:type\" content=\"article\" \/>\n<meta property=\"og:title\" content=\"Z\u00e1vere\u010dn\u00e1 konferencia k projektu du\u00e1lneho vzdel\u00e1vania - \u0160IOV - \u0161t\u00e1tny in\u0161tit\u00fat odborn\u00e9ho vzdel\u00e1vania\" \/>\n<meta property=\"og:description\" content=\"N\u00e1rodn\u00fd projekt \u201eDu\u00e1lne vzdel\u00e1vanie a&nbsp;zv\u00fd\u0161enie atraktivity a&nbsp;kvality OVP\u201c zav\u0155\u0161ila z\u00e1vere\u010dn\u00e1 online konferencia, ktor\u00e1 sa zamerala na projekt ako celok, jeho uplatnenie a v\u00fdsledky v praxi. &nbsp;Z\u00e1vere\u010dn\u00e1 konferencia, ktor\u00fa 23.11.2021 sledovalo online viac ako dvesto \u00fa\u010dastn\u00edkov pribl\u00ed\u017eila hlavn\u00e9 \u00falohy a aktivity projektu, jeho v\u00fdsledky a&nbsp;v\u00fdstupy podporen\u00e9 tie\u017e pr\u00edkladmi dobrej praxe. Konkr\u00e9tne sa venovala t\u00e9mam pr\u00edpravy in\u0161truktorov, [&hellip;]\" \/>\n<meta property=\"og:url\" content=\"https:\/\/archiv.siov.sk\/en\/zaverecna-konferencia-k-projektu-dualneho-vzdelavania\/\" \/>\n<meta property=\"og:site_name\" content=\"\u0160IOV - \u0161t\u00e1tny in\u0161tit\u00fat odborn\u00e9ho vzdel\u00e1vania\" \/>\n<meta property=\"article:publisher\" content=\"https:\/\/www.facebook.com\/Statnyinstitutodbornehovzdelavania\" \/>\n<meta property=\"article:published_time\" content=\"2021-11-25T12:56:17+00:00\" \/>\n<meta property=\"article:modified_time\" content=\"2021-11-25T13:17:27+00:00\" \/>\n<meta property=\"og:image\" content=\"https:\/\/archiv.siov.sk\/wp-content\/uploads\/2021\/11\/Dual_LogoRGB-e1637846239585.png\" \/>\n\t<meta property=\"og:image:width\" content=\"500\" \/>\n\t<meta property=\"og:image:height\" content=\"397\" \/>\n\t<meta property=\"og:image:type\" content=\"image\/png\" \/>\n<meta name=\"author\" content=\"Katar\u00edna Kov\u00e1\u010dov\u00e1\" \/>\n<meta name=\"twitter:card\" content=\"summary_large_image\" \/>\n<meta name=\"twitter:label1\" content=\"Written by\" \/>\n\t<meta name=\"twitter:data1\" content=\"Katar\u00edna Kov\u00e1\u010dov\u00e1\" \/>\n\t<meta name=\"twitter:label2\" content=\"Estimated reading time\" \/>\n\t<meta name=\"twitter:data2\" content=\"2 minutes\" \/>\n<script type=\"application\/ld+json\" class=\"yoast-schema-graph\">{\"@context\":\"https:\\\/\\\/schema.org\",\"@graph\":[{\"@type\":\"Article\",\"@id\":\"https:\\\/\\\/archiv.siov.sk\\\/zaverecna-konferencia-k-projektu-dualneho-vzdelavania\\\/#article\",\"isPartOf\":{\"@id\":\"https:\\\/\\\/archiv.siov.sk\\\/zaverecna-konferencia-k-projektu-dualneho-vzdelavania\\\/\"},\"author\":{\"name\":\"Katar\u00edna Kov\u00e1\u010dov\u00e1\",\"@id\":\"https:\\\/\\\/archiv.siov.sk\\\/#\\\/schema\\\/person\\\/e42d633fbd958c6a726e8834d8965e6c\"},\"headline\":\"Z\u00e1vere\u010dn\u00e1 konferencia k projektu du\u00e1lneho vzdel\u00e1vania\",\"datePublished\":\"2021-11-25T12:56:17+00:00\",\"dateModified\":\"2021-11-25T13:17:27+00:00\",\"mainEntityOfPage\":{\"@id\":\"https:\\\/\\\/archiv.siov.sk\\\/zaverecna-konferencia-k-projektu-dualneho-vzdelavania\\\/\"},\"wordCount\":451,\"publisher\":{\"@id\":\"https:\\\/\\\/archiv.siov.sk\\\/#organization\"},\"image\":{\"@id\":\"https:\\\/\\\/archiv.siov.sk\\\/zaverecna-konferencia-k-projektu-dualneho-vzdelavania\\\/#primaryimage\"},\"thumbnailUrl\":\"https:\\\/\\\/archiv.siov.sk\\\/wp-content\\\/uploads\\\/2021\\\/11\\\/Dual_LogoRGB-e1637846239585.png\",\"articleSection\":[\"Aktuality\"],\"inLanguage\":\"en-GB\"},{\"@type\":\"WebPage\",\"@id\":\"https:\\\/\\\/archiv.siov.sk\\\/zaverecna-konferencia-k-projektu-dualneho-vzdelavania\\\/\",\"url\":\"https:\\\/\\\/archiv.siov.sk\\\/zaverecna-konferencia-k-projektu-dualneho-vzdelavania\\\/\",\"name\":\"Z\u00e1vere\u010dn\u00e1 konferencia k projektu du\u00e1lneho vzdel\u00e1vania - \u0160IOV - \u0161t\u00e1tny in\u0161tit\u00fat odborn\u00e9ho vzdel\u00e1vania\",\"isPartOf\":{\"@id\":\"https:\\\/\\\/archiv.siov.sk\\\/#website\"},\"primaryImageOfPage\":{\"@id\":\"https:\\\/\\\/archiv.siov.sk\\\/zaverecna-konferencia-k-projektu-dualneho-vzdelavania\\\/#primaryimage\"},\"image\":{\"@id\":\"https:\\\/\\\/archiv.siov.sk\\\/zaverecna-konferencia-k-projektu-dualneho-vzdelavania\\\/#primaryimage\"},\"thumbnailUrl\":\"https:\\\/\\\/archiv.siov.sk\\\/wp-content\\\/uploads\\\/2021\\\/11\\\/Dual_LogoRGB-e1637846239585.png\",\"datePublished\":\"2021-11-25T12:56:17+00:00\",\"dateModified\":\"2021-11-25T13:17:27+00:00\",\"breadcrumb\":{\"@id\":\"https:\\\/\\\/archiv.siov.sk\\\/zaverecna-konferencia-k-projektu-dualneho-vzdelavania\\\/#breadcrumb\"},\"inLanguage\":\"en-GB\",\"potentialAction\":[{\"@type\":\"ReadAction\",\"target\":[\"https:\\\/\\\/archiv.siov.sk\\\/zaverecna-konferencia-k-projektu-dualneho-vzdelavania\\\/\"]}]},{\"@type\":\"ImageObject\",\"inLanguage\":\"en-GB\",\"@id\":\"https:\\\/\\\/archiv.siov.sk\\\/zaverecna-konferencia-k-projektu-dualneho-vzdelavania\\\/#primaryimage\",\"url\":\"https:\\\/\\\/archiv.siov.sk\\\/wp-content\\\/uploads\\\/2021\\\/11\\\/Dual_LogoRGB-e1637846239585.png\",\"contentUrl\":\"https:\\\/\\\/archiv.siov.sk\\\/wp-content\\\/uploads\\\/2021\\\/11\\\/Dual_LogoRGB-e1637846239585.png\",\"width\":500,\"height\":397},{\"@type\":\"BreadcrumbList\",\"@id\":\"https:\\\/\\\/archiv.siov.sk\\\/zaverecna-konferencia-k-projektu-dualneho-vzdelavania\\\/#breadcrumb\",\"itemListElement\":[{\"@type\":\"ListItem\",\"position\":1,\"name\":\"Home\",\"item\":\"https:\\\/\\\/archiv.siov.sk\\\/\"},{\"@type\":\"ListItem\",\"position\":2,\"name\":\"Z\u00e1vere\u010dn\u00e1 konferencia k projektu du\u00e1lneho vzdel\u00e1vania\"}]},{\"@type\":\"WebSite\",\"@id\":\"https:\\\/\\\/archiv.siov.sk\\\/#website\",\"url\":\"https:\\\/\\\/archiv.siov.sk\\\/\",\"name\":\"\u0160IOV - \u0161t\u00e1tny in\u0161tit\u00fat odborn\u00e9ho vzdel\u00e1vania\",\"description\":\"\",\"publisher\":{\"@id\":\"https:\\\/\\\/archiv.siov.sk\\\/#organization\"},\"potentialAction\":[{\"@type\":\"SearchAction\",\"target\":{\"@type\":\"EntryPoint\",\"urlTemplate\":\"https:\\\/\\\/archiv.siov.sk\\\/?s={search_term_string}\"},\"query-input\":{\"@type\":\"PropertyValueSpecification\",\"valueRequired\":true,\"valueName\":\"search_term_string\"}}],\"inLanguage\":\"en-GB\"},{\"@type\":\"Organization\",\"@id\":\"https:\\\/\\\/archiv.siov.sk\\\/#organization\",\"name\":\"\u0160IOV - \u0161t\u00e1tny in\u0161tit\u00fat odborn\u00e9ho vzdel\u00e1vania\",\"url\":\"https:\\\/\\\/archiv.siov.sk\\\/\",\"logo\":{\"@type\":\"ImageObject\",\"inLanguage\":\"en-GB\",\"@id\":\"https:\\\/\\\/archiv.siov.sk\\\/#\\\/schema\\\/logo\\\/image\\\/\",\"url\":\"https:\\\/\\\/archiv.siov.sk\\\/wp-content\\\/uploads\\\/2024\\\/02\\\/logo-SIOV.png\",\"contentUrl\":\"https:\\\/\\\/archiv.siov.sk\\\/wp-content\\\/uploads\\\/2024\\\/02\\\/logo-SIOV.png\",\"width\":431,\"height\":143,\"caption\":\"\u0160IOV - \u0161t\u00e1tny in\u0161tit\u00fat odborn\u00e9ho vzdel\u00e1vania\"},\"image\":{\"@id\":\"https:\\\/\\\/archiv.siov.sk\\\/#\\\/schema\\\/logo\\\/image\\\/\"},\"sameAs\":[\"https:\\\/\\\/www.facebook.com\\\/Statnyinstitutodbornehovzdelavania\"]},{\"@type\":\"Person\",\"@id\":\"https:\\\/\\\/archiv.siov.sk\\\/#\\\/schema\\\/person\\\/e42d633fbd958c6a726e8834d8965e6c\",\"name\":\"Katar\u00edna Kov\u00e1\u010dov\u00e1\",\"url\":\"https:\\\/\\\/archiv.siov.sk\\\/en\\\/author\\\/katkakovacova\\\/\"}]}<\/script>\n<!-- \/ Yoast SEO plugin. -->","yoast_head_json":{"title":"Z\u00e1vere\u010dn\u00e1 konferencia k projektu du\u00e1lneho vzdel\u00e1vania - \u0160IOV - \u0161t\u00e1tny in\u0161tit\u00fat odborn\u00e9ho vzdel\u00e1vania","robots":{"index":"index","follow":"follow","max-snippet":"max-snippet:-1","max-image-preview":"max-image-preview:large","max-video-preview":"max-video-preview:-1"},"canonical":"https:\/\/archiv.siov.sk\/en\/zaverecna-konferencia-k-projektu-dualneho-vzdelavania\/","og_locale":"en_GB","og_type":"article","og_title":"Z\u00e1vere\u010dn\u00e1 konferencia k projektu du\u00e1lneho vzdel\u00e1vania - \u0160IOV - \u0161t\u00e1tny in\u0161tit\u00fat odborn\u00e9ho vzdel\u00e1vania","og_description":"N\u00e1rodn\u00fd projekt \u201eDu\u00e1lne vzdel\u00e1vanie a&nbsp;zv\u00fd\u0161enie atraktivity a&nbsp;kvality OVP\u201c zav\u0155\u0161ila z\u00e1vere\u010dn\u00e1 online konferencia, ktor\u00e1 sa zamerala na projekt ako celok, jeho uplatnenie a v\u00fdsledky v praxi. &nbsp;Z\u00e1vere\u010dn\u00e1 konferencia, ktor\u00fa 23.11.2021 sledovalo online viac ako dvesto \u00fa\u010dastn\u00edkov pribl\u00ed\u017eila hlavn\u00e9 \u00falohy a aktivity projektu, jeho v\u00fdsledky a&nbsp;v\u00fdstupy podporen\u00e9 tie\u017e pr\u00edkladmi dobrej praxe. Konkr\u00e9tne sa venovala t\u00e9mam pr\u00edpravy in\u0161truktorov, [&hellip;]","og_url":"https:\/\/archiv.siov.sk\/en\/zaverecna-konferencia-k-projektu-dualneho-vzdelavania\/","og_site_name":"\u0160IOV - \u0161t\u00e1tny in\u0161tit\u00fat odborn\u00e9ho vzdel\u00e1vania","article_publisher":"https:\/\/www.facebook.com\/Statnyinstitutodbornehovzdelavania","article_published_time":"2021-11-25T12:56:17+00:00","article_modified_time":"2021-11-25T13:17:27+00:00","og_image":[{"width":500,"height":397,"url":"https:\/\/archiv.siov.sk\/wp-content\/uploads\/2021\/11\/Dual_LogoRGB-e1637846239585.png","type":"image\/png"}],"author":"Katar\u00edna Kov\u00e1\u010dov\u00e1","twitter_card":"summary_large_image","twitter_misc":{"Written by":"Katar\u00edna Kov\u00e1\u010dov\u00e1","Estimated reading time":"2 minutes"},"schema":{"@context":"https:\/\/schema.org","@graph":[{"@type":"Article","@id":"https:\/\/archiv.siov.sk\/zaverecna-konferencia-k-projektu-dualneho-vzdelavania\/#article","isPartOf":{"@id":"https:\/\/archiv.siov.sk\/zaverecna-konferencia-k-projektu-dualneho-vzdelavania\/"},"author":{"name":"Katar\u00edna Kov\u00e1\u010dov\u00e1","@id":"https:\/\/archiv.siov.sk\/#\/schema\/person\/e42d633fbd958c6a726e8834d8965e6c"},"headline":"Z\u00e1vere\u010dn\u00e1 konferencia k projektu du\u00e1lneho vzdel\u00e1vania","datePublished":"2021-11-25T12:56:17+00:00","dateModified":"2021-11-25T13:17:27+00:00","mainEntityOfPage":{"@id":"https:\/\/archiv.siov.sk\/zaverecna-konferencia-k-projektu-dualneho-vzdelavania\/"},"wordCount":451,"publisher":{"@id":"https:\/\/archiv.siov.sk\/#organization"},"image":{"@id":"https:\/\/archiv.siov.sk\/zaverecna-konferencia-k-projektu-dualneho-vzdelavania\/#primaryimage"},"thumbnailUrl":"https:\/\/archiv.siov.sk\/wp-content\/uploads\/2021\/11\/Dual_LogoRGB-e1637846239585.png","articleSection":["Aktuality"],"inLanguage":"en-GB"},{"@type":"WebPage","@id":"https:\/\/archiv.siov.sk\/zaverecna-konferencia-k-projektu-dualneho-vzdelavania\/","url":"https:\/\/archiv.siov.sk\/zaverecna-konferencia-k-projektu-dualneho-vzdelavania\/","name":"Z\u00e1vere\u010dn\u00e1 konferencia k projektu du\u00e1lneho vzdel\u00e1vania - \u0160IOV - \u0161t\u00e1tny in\u0161tit\u00fat odborn\u00e9ho vzdel\u00e1vania","isPartOf":{"@id":"https:\/\/archiv.siov.sk\/#website"},"primaryImageOfPage":{"@id":"https:\/\/archiv.siov.sk\/zaverecna-konferencia-k-projektu-dualneho-vzdelavania\/#primaryimage"},"image":{"@id":"https:\/\/archiv.siov.sk\/zaverecna-konferencia-k-projektu-dualneho-vzdelavania\/#primaryimage"},"thumbnailUrl":"https:\/\/archiv.siov.sk\/wp-content\/uploads\/2021\/11\/Dual_LogoRGB-e1637846239585.png","datePublished":"2021-11-25T12:56:17+00:00","dateModified":"2021-11-25T13:17:27+00:00","breadcrumb":{"@id":"https:\/\/archiv.siov.sk\/zaverecna-konferencia-k-projektu-dualneho-vzdelavania\/#breadcrumb"},"inLanguage":"en-GB","potentialAction":[{"@type":"ReadAction","target":["https:\/\/archiv.siov.sk\/zaverecna-konferencia-k-projektu-dualneho-vzdelavania\/"]}]},{"@type":"ImageObject","inLanguage":"en-GB","@id":"https:\/\/archiv.siov.sk\/zaverecna-konferencia-k-projektu-dualneho-vzdelavania\/#primaryimage","url":"https:\/\/archiv.siov.sk\/wp-content\/uploads\/2021\/11\/Dual_LogoRGB-e1637846239585.png","contentUrl":"https:\/\/archiv.siov.sk\/wp-content\/uploads\/2021\/11\/Dual_LogoRGB-e1637846239585.png","width":500,"height":397},{"@type":"BreadcrumbList","@id":"https:\/\/archiv.siov.sk\/zaverecna-konferencia-k-projektu-dualneho-vzdelavania\/#breadcrumb","itemListElement":[{"@type":"ListItem","position":1,"name":"Home","item":"https:\/\/archiv.siov.sk\/"},{"@type":"ListItem","position":2,"name":"Z\u00e1vere\u010dn\u00e1 konferencia k projektu du\u00e1lneho vzdel\u00e1vania"}]},{"@type":"WebSite","@id":"https:\/\/archiv.siov.sk\/#website","url":"https:\/\/archiv.siov.sk\/","name":"\u0160IOV - \u0161t\u00e1tny in\u0161tit\u00fat odborn\u00e9ho vzdel\u00e1vania","description":"","publisher":{"@id":"https:\/\/archiv.siov.sk\/#organization"},"potentialAction":[{"@type":"SearchAction","target":{"@type":"EntryPoint","urlTemplate":"https:\/\/archiv.siov.sk\/?s={search_term_string}"},"query-input":{"@type":"PropertyValueSpecification","valueRequired":true,"valueName":"search_term_string"}}],"inLanguage":"en-GB"},{"@type":"Organization","@id":"https:\/\/archiv.siov.sk\/#organization","name":"\u0160IOV - \u0161t\u00e1tny in\u0161tit\u00fat odborn\u00e9ho vzdel\u00e1vania","url":"https:\/\/archiv.siov.sk\/","logo":{"@type":"ImageObject","inLanguage":"en-GB","@id":"https:\/\/archiv.siov.sk\/#\/schema\/logo\/image\/","url":"https:\/\/archiv.siov.sk\/wp-content\/uploads\/2024\/02\/logo-SIOV.png","contentUrl":"https:\/\/archiv.siov.sk\/wp-content\/uploads\/2024\/02\/logo-SIOV.png","width":431,"height":143,"caption":"\u0160IOV - \u0161t\u00e1tny in\u0161tit\u00fat odborn\u00e9ho vzdel\u00e1vania"},"image":{"@id":"https:\/\/archiv.siov.sk\/#\/schema\/logo\/image\/"},"sameAs":["https:\/\/www.facebook.com\/Statnyinstitutodbornehovzdelavania"]},{"@type":"Person","@id":"https:\/\/archiv.siov.sk\/#\/schema\/person\/e42d633fbd958c6a726e8834d8965e6c","name":"Katar\u00edna Kov\u00e1\u010dov\u00e1","url":"https:\/\/archiv.siov.sk\/en\/author\/katkakovacova\/"}]}},"_links":{"self":[{"href":"https:\/\/archiv.siov.sk\/en\/wp-json\/wp\/v2\/posts\/10203","targetHints":{"allow":["GET"]}}],"collection":[{"href":"https:\/\/archiv.siov.sk\/en\/wp-json\/wp\/v2\/posts"}],"about":[{"href":"https:\/\/archiv.siov.sk\/en\/wp-json\/wp\/v2\/types\/post"}],"author":[{"embeddable":true,"href":"https:\/\/archiv.siov.sk\/en\/wp-json\/wp\/v2\/users\/6"}],"replies":[{"embeddable":true,"href":"https:\/\/archiv.siov.sk\/en\/wp-json\/wp\/v2\/comments?post=10203"}],"version-history":[{"count":2,"href":"https:\/\/archiv.siov.sk\/en\/wp-json\/wp\/v2\/posts\/10203\/revisions"}],"predecessor-version":[{"id":10205,"href":"https:\/\/archiv.siov.sk\/en\/wp-json\/wp\/v2\/posts\/10203\/revisions\/10205"}],"wp:featuredmedia":[{"embeddable":true,"href":"https:\/\/archiv.siov.sk\/en\/wp-json\/wp\/v2\/media\/10208"}],"wp:attachment":[{"href":"https:\/\/archiv.siov.sk\/en\/wp-json\/wp\/v2\/media?parent=10203"}],"wp:term":[{"taxonomy":"category","embeddable":true,"href":"https:\/\/archiv.siov.sk\/en\/wp-json\/wp\/v2\/categories?post=10203"},{"taxonomy":"post_tag","embeddable":true,"href":"https:\/\/archiv.siov.sk\/en\/wp-json\/wp\/v2\/tags?post=10203"}],"curies":[{"name":"wp","href":"https:\/\/api.w.org\/{rel}","templated":true}]}}