{"id":10178,"date":"2021-11-19T11:12:48","date_gmt":"2021-11-19T10:12:48","guid":{"rendered":"https:\/\/archiv.siov.sk\/?p=10178"},"modified":"2021-11-19T11:12:48","modified_gmt":"2021-11-19T10:12:48","slug":"druhy-online-medzinarodny-veltrh-cvicnych-firiem-slovensko-2021-je-za-nami","status":"publish","type":"post","link":"https:\/\/archiv.siov.sk\/en\/druhy-online-medzinarodny-veltrh-cvicnych-firiem-slovensko-2021-je-za-nami\/","title":{"rendered":"Druh\u00fd online Medzin\u00e1rodn\u00fd ve\u013etrh cvi\u010dn\u00fdch firiem Slovensko 2021 je za nami"},"content":{"rendered":"<p style=\"text-align: justify;\">Medzin\u00e1rodn\u00fd ve\u013etrh cvi\u010dn\u00fdch firiem Slovensko 2021 zrealizoval 15. &#8211; 16. novembra 2021 \u0160t\u00e1tny in\u0161tit\u00fat odborn\u00e9ho vzdel\u00e1vania v \u010dase st\u00e1le pretrv\u00e1vaj\u00facej pand\u00e9mie COVID-19 online. Z\u00e1znam z&nbsp;<strong><a href=\"https:\/\/www.youtube.com\/watch?v=nDB6e6ofBnY\">prv\u00e9ho<\/a><\/strong> a&nbsp;<strong><a href=\"https:\/\/youtu.be\/x3Y9PUc8V0M\">druh\u00e9ho<\/a><\/strong> d\u0148a ve\u013etrhu n\u00e1jdete na <a href=\"https:\/\/www.youtube.com\/channel\/UC-rIyry_PiDVtvSgV9tAvGw\/videos\"><strong>YouTube<\/strong><\/a>.<\/p>\n<p style=\"text-align: justify;\">Tohtoro\u010dn\u00fd ve\u013etrh cvi\u010dn\u00fdch firiem ako aj s\u00fa\u0165a\u017e Skills Slovakia Mlad\u00fdch elektronikov sme p\u00f4vodne pripravovali prezen\u010dne. Zhor\u0161uj\u00faca sa pandemick\u00e1 situ\u00e1cia n\u00e1s v\u0161ak prin\u00fatila dva dni pred za\u010diatkom pripravi\u0165 ve\u013etrh online.<\/p>\n<p style=\"text-align: justify;\">Organiza\u010dn\u00fdm a odborn\u00fdm garantom bol \u0160t\u00e1tny in\u0161tit\u00fat odborn\u00e9ho vzdel\u00e1vania (\u0160IOV), odbor finan\u010dnej gramotnosti a Slovensk\u00e9 centrum cvi\u010dn\u00fdch firiem (SCCF). \u010eal\u0161\u00edmi spoluorganiz\u00e1tormi online ve\u013etrhu s\u00fa Ekonomick\u00e1 univerzita v Bratislave a vybran\u00e9 \u0161koly.<\/p>\n<p style=\"text-align: justify;\">Partnermi MVCF 2021, ktor\u00fdm srde\u010dne \u010fakujeme za podporu, boli Ekonomick\u00e1 univerzita v Bratislave, OVB Allfinanz Slovensko a. s., N\u00e1rodn\u00e1 banka Slovenska (NBS), Zdru\u017eenie podnikate\u013eov Slovenska (ZPS), Zdru\u017eenie mlad\u00fdch podnikate\u013eov Slovenska (ZMPS), Slovak Business Agency (SBA), Centrum fiktivn\u00edch firem (CEFIF) Praha, Metropolitn\u00ed univerzita Praha (MUP), Nad\u00e1cia VSE, PEN Worldwide a SEA agent\u00fara pre vzdelanie a&nbsp;vedu.<\/p>\n<p style=\"text-align: justify;\">Na Medzin\u00e1rodn\u00fd Online Ve\u013etrh Cvi\u010dn\u00fdch Firiem 2021 sa prihl\u00e1silo celkom 72 cvi\u010dn\u00fdch firiem, z toho 55 zo Slovenska, 17 zo zahrani\u010dia a to z Belgicka, Bulharska, \u010ciech, Rumunska a \u0160panielska.<\/p>\n<p style=\"text-align: justify;\">Po\u010das dvoch dn\u00ed ve\u013etrhu z\u00fa\u010dastnen\u00e9 cvi\u010dn\u00e9 firmy medzi sebou obchodovali cez e-shopy a takisto formou e-mailovej komunik\u00e1cie. Za obchody z ve\u013etrhu po\u010d\u00edtame v\u0161etky, ktor\u00e9 bud\u00fa zaplaten\u00e9 cez internetbanking do 26. novembra 2021.<\/p>\n<p style=\"text-align: justify;\">S\u00fa\u010das\u0165ou ve\u013etrhu boli, tak ako po minul\u00e9 roky, aj s\u00fa\u0165a\u017ee. Cvi\u010dn\u00e9 firmy s\u00fa\u0165a\u017eili od za\u010diatku \u0161kolsk\u00e9ho roka v kateg\u00f3ri\u00e1ch let\u00e1k, instagram post, web s&nbsp;e-shopom, elektronick\u00e1 prezent\u00e1cia a&nbsp;reklamn\u00fd \u0161ot.<\/p>\n<p style=\"text-align: justify;\">Ve\u013etrh cvi\u010dn\u00fdch firiem sme tento rok venovali t\u00e9me mlad\u00fdch \u00faspe\u0161n\u00fdch podnikate\u013eov a preto sme prv\u00fd de\u0148 do ve\u013etrhu zaradili prezent\u00e1cie re\u00e1lnych firiem ako napr\u00edklad \u201eBe Lenka &#8211; pr\u00edbeh zna\u010dky\u201c, ktor\u00fa predstavil Peter Brez\u00e1ni a t\u00e9me \u201eKe\u010f je pr\u00e1ca pote\u0161en\u00edm, tak je \u017eivot \u0161\u0165ast\u00edm\u201c, sa venovala L\u00edvia Pastorekov\u00e1. Viac o mlad\u00fdch \u00faspe\u0161n\u00fdch finan\u010dn\u00edkoch povedal Radek Maxa z Metropolitnej univerzity Praha.<\/p>\n<p style=\"text-align: justify;\">Podrobn\u00e9 vyhodnotenie a v\u00fdsledky s\u00fa\u0165a\u017e\u00ed n\u00e1jdete na <a href=\"http:\/\/www.sccf.sk\/medzinarodny-veltrh-cvicnych-firiem-2021-3a.html\">\u0160IOV Slovensk\u00e9 centrum cvi\u010dn\u00fdch firiem &#8211; Medzin\u00e1rodn\u00fd Ve\u013etrh Cvi\u010dn\u00fdch Firiem 2021 (sccf.sk)<\/a>\u200b<\/p>\n<p style=\"text-align: justify;\">Te\u0161\u00edme sa na V\u00e1s na Medzin\u00e1rodnom ve\u013etrhu cvi\u010dn\u00fdch firiem 2022 a v k\u00fatiku du\u0161e ver\u00edme, \u017ee sa uskuto\u010dn\u00ed prezen\u010dne.<\/p>","protected":false},"excerpt":{"rendered":"<p>Medzin\u00e1rodn\u00fd ve\u013etrh cvi\u010dn\u00fdch firiem Slovensko 2021 zrealizoval 15. &#8211; 16. novembra 2021 \u0160t\u00e1tny in\u0161tit\u00fat odborn\u00e9ho vzdel\u00e1vania v \u010dase st\u00e1le pretrv\u00e1vaj\u00facej pand\u00e9mie COVID-19 online. Z\u00e1znam z&nbsp;prv\u00e9ho a&nbsp;druh\u00e9ho d\u0148a ve\u013etrhu n\u00e1jdete na YouTube. Tohtoro\u010dn\u00fd ve\u013etrh cvi\u010dn\u00fdch firiem ako aj s\u00fa\u0165a\u017e Skills Slovakia Mlad\u00fdch elektronikov sme p\u00f4vodne pripravovali prezen\u010dne. Zhor\u0161uj\u00faca sa pandemick\u00e1 situ\u00e1cia n\u00e1s v\u0161ak prin\u00fatila dva dni [&hellip;]<\/p>\n","protected":false},"author":6,"featured_media":4826,"comment_status":"closed","ping_status":"closed","sticky":false,"template":"","format":"standard","meta":{"site-sidebar-layout":"default","site-content-layout":"default","ast-site-content-layout":"default","site-content-style":"default","site-sidebar-style":"default","ast-global-header-display":"","ast-banner-title-visibility":"","ast-main-header-display":"","ast-hfb-above-header-display":"","ast-hfb-below-header-display":"","ast-hfb-mobile-header-display":"","site-post-title":"","ast-breadcrumbs-content":"","ast-featured-img":"","footer-sml-layout":"","ast-disable-related-posts":"","theme-transparent-header-meta":"default","adv-header-id-meta":"","stick-header-meta":"","header-above-stick-meta":"","header-main-stick-meta":"","header-below-stick-meta":"","astra-migrate-meta-layouts":"default","ast-page-background-enabled":"default","ast-page-background-meta":{"desktop":{"background-color":"var(--ast-global-color-4)","background-image":"","background-repeat":"repeat","background-position":"center center","background-size":"auto","background-attachment":"scroll","background-type":"","background-media":"","overlay-type":"","overlay-color":"","overlay-opacity":"","overlay-gradient":""},"tablet":{"background-color":"","background-image":"","background-repeat":"repeat","background-position":"center center","background-size":"auto","background-attachment":"scroll","background-type":"","background-media":"","overlay-type":"","overlay-color":"","overlay-opacity":"","overlay-gradient":""},"mobile":{"background-color":"","background-image":"","background-repeat":"repeat","background-position":"center center","background-size":"auto","background-attachment":"scroll","background-type":"","background-media":"","overlay-type":"","overlay-color":"","overlay-opacity":"","overlay-gradient":""}},"ast-content-background-meta":{"desktop":{"background-color":"var(--ast-global-color-5)","background-image":"","background-repeat":"repeat","background-position":"center center","background-size":"auto","background-attachment":"scroll","background-type":"","background-media":"","overlay-type":"","overlay-color":"","overlay-opacity":"","overlay-gradient":""},"tablet":{"background-color":"var(--ast-global-color-5)","background-image":"","background-repeat":"repeat","background-position":"center center","background-size":"auto","background-attachment":"scroll","background-type":"","background-media":"","overlay-type":"","overlay-color":"","overlay-opacity":"","overlay-gradient":""},"mobile":{"background-color":"var(--ast-global-color-5)","background-image":"","background-repeat":"repeat","background-position":"center center","background-size":"auto","background-attachment":"scroll","background-type":"","background-media":"","overlay-type":"","overlay-color":"","overlay-opacity":"","overlay-gradient":""}},"footnotes":""},"categories":[1],"tags":[],"class_list":["post-10178","post","type-post","status-publish","format-standard","has-post-thumbnail","hentry","category-aktuality"],"yoast_head":"<!-- This site is optimized with the Yoast SEO plugin v27.5 - https:\/\/yoast.com\/product\/yoast-seo-wordpress\/ -->\n<title>Druh\u00fd online Medzin\u00e1rodn\u00fd ve\u013etrh cvi\u010dn\u00fdch firiem Slovensko 2021 je za nami - \u0160IOV - \u0161t\u00e1tny in\u0161tit\u00fat odborn\u00e9ho vzdel\u00e1vania<\/title>\n<meta name=\"robots\" content=\"index, follow, max-snippet:-1, max-image-preview:large, max-video-preview:-1\" \/>\n<link rel=\"canonical\" href=\"https:\/\/archiv.siov.sk\/en\/druhy-online-medzinarodny-veltrh-cvicnych-firiem-slovensko-2021-je-za-nami\/\" \/>\n<meta property=\"og:locale\" content=\"en_GB\" \/>\n<meta property=\"og:type\" content=\"article\" \/>\n<meta property=\"og:title\" content=\"Druh\u00fd online Medzin\u00e1rodn\u00fd ve\u013etrh cvi\u010dn\u00fdch firiem Slovensko 2021 je za nami - \u0160IOV - \u0161t\u00e1tny in\u0161tit\u00fat odborn\u00e9ho vzdel\u00e1vania\" \/>\n<meta property=\"og:description\" content=\"Medzin\u00e1rodn\u00fd ve\u013etrh cvi\u010dn\u00fdch firiem Slovensko 2021 zrealizoval 15. &#8211; 16. novembra 2021 \u0160t\u00e1tny in\u0161tit\u00fat odborn\u00e9ho vzdel\u00e1vania v \u010dase st\u00e1le pretrv\u00e1vaj\u00facej pand\u00e9mie COVID-19 online. Z\u00e1znam z&nbsp;prv\u00e9ho a&nbsp;druh\u00e9ho d\u0148a ve\u013etrhu n\u00e1jdete na YouTube. Tohtoro\u010dn\u00fd ve\u013etrh cvi\u010dn\u00fdch firiem ako aj s\u00fa\u0165a\u017e Skills Slovakia Mlad\u00fdch elektronikov sme p\u00f4vodne pripravovali prezen\u010dne. Zhor\u0161uj\u00faca sa pandemick\u00e1 situ\u00e1cia n\u00e1s v\u0161ak prin\u00fatila dva dni [&hellip;]\" \/>\n<meta property=\"og:url\" content=\"https:\/\/archiv.siov.sk\/en\/druhy-online-medzinarodny-veltrh-cvicnych-firiem-slovensko-2021-je-za-nami\/\" \/>\n<meta property=\"og:site_name\" content=\"\u0160IOV - \u0161t\u00e1tny in\u0161tit\u00fat odborn\u00e9ho vzdel\u00e1vania\" \/>\n<meta property=\"article:publisher\" content=\"https:\/\/www.facebook.com\/Statnyinstitutodbornehovzdelavania\" \/>\n<meta property=\"article:published_time\" content=\"2021-11-19T10:12:48+00:00\" \/>\n<meta property=\"og:image\" content=\"https:\/\/archiv.siov.sk\/wp-content\/uploads\/2020\/01\/SCCF_Logo_Farebne.jpg\" \/>\n\t<meta property=\"og:image:width\" content=\"781\" \/>\n\t<meta property=\"og:image:height\" content=\"299\" \/>\n\t<meta property=\"og:image:type\" content=\"image\/jpeg\" \/>\n<meta name=\"author\" content=\"Katar\u00edna Kov\u00e1\u010dov\u00e1\" \/>\n<meta name=\"twitter:card\" content=\"summary_large_image\" \/>\n<meta name=\"twitter:label1\" content=\"Written by\" \/>\n\t<meta name=\"twitter:data1\" content=\"Katar\u00edna Kov\u00e1\u010dov\u00e1\" \/>\n\t<meta name=\"twitter:label2\" content=\"Estimated reading time\" \/>\n\t<meta name=\"twitter:data2\" content=\"2 minutes\" \/>\n<script type=\"application\/ld+json\" class=\"yoast-schema-graph\">{\"@context\":\"https:\\\/\\\/schema.org\",\"@graph\":[{\"@type\":\"Article\",\"@id\":\"https:\\\/\\\/archiv.siov.sk\\\/druhy-online-medzinarodny-veltrh-cvicnych-firiem-slovensko-2021-je-za-nami\\\/#article\",\"isPartOf\":{\"@id\":\"https:\\\/\\\/archiv.siov.sk\\\/druhy-online-medzinarodny-veltrh-cvicnych-firiem-slovensko-2021-je-za-nami\\\/\"},\"author\":{\"name\":\"Katar\u00edna Kov\u00e1\u010dov\u00e1\",\"@id\":\"https:\\\/\\\/archiv.siov.sk\\\/#\\\/schema\\\/person\\\/e42d633fbd958c6a726e8834d8965e6c\"},\"headline\":\"Druh\u00fd online Medzin\u00e1rodn\u00fd ve\u013etrh cvi\u010dn\u00fdch firiem Slovensko 2021 je za nami\",\"datePublished\":\"2021-11-19T10:12:48+00:00\",\"mainEntityOfPage\":{\"@id\":\"https:\\\/\\\/archiv.siov.sk\\\/druhy-online-medzinarodny-veltrh-cvicnych-firiem-slovensko-2021-je-za-nami\\\/\"},\"wordCount\":480,\"publisher\":{\"@id\":\"https:\\\/\\\/archiv.siov.sk\\\/#organization\"},\"image\":{\"@id\":\"https:\\\/\\\/archiv.siov.sk\\\/druhy-online-medzinarodny-veltrh-cvicnych-firiem-slovensko-2021-je-za-nami\\\/#primaryimage\"},\"thumbnailUrl\":\"https:\\\/\\\/archiv.siov.sk\\\/wp-content\\\/uploads\\\/2020\\\/01\\\/SCCF_Logo_Farebne.jpg\",\"articleSection\":[\"Aktuality\"],\"inLanguage\":\"en-GB\"},{\"@type\":\"WebPage\",\"@id\":\"https:\\\/\\\/archiv.siov.sk\\\/druhy-online-medzinarodny-veltrh-cvicnych-firiem-slovensko-2021-je-za-nami\\\/\",\"url\":\"https:\\\/\\\/archiv.siov.sk\\\/druhy-online-medzinarodny-veltrh-cvicnych-firiem-slovensko-2021-je-za-nami\\\/\",\"name\":\"Druh\u00fd online Medzin\u00e1rodn\u00fd ve\u013etrh cvi\u010dn\u00fdch firiem Slovensko 2021 je za nami - \u0160IOV - \u0161t\u00e1tny in\u0161tit\u00fat odborn\u00e9ho vzdel\u00e1vania\",\"isPartOf\":{\"@id\":\"https:\\\/\\\/archiv.siov.sk\\\/#website\"},\"primaryImageOfPage\":{\"@id\":\"https:\\\/\\\/archiv.siov.sk\\\/druhy-online-medzinarodny-veltrh-cvicnych-firiem-slovensko-2021-je-za-nami\\\/#primaryimage\"},\"image\":{\"@id\":\"https:\\\/\\\/archiv.siov.sk\\\/druhy-online-medzinarodny-veltrh-cvicnych-firiem-slovensko-2021-je-za-nami\\\/#primaryimage\"},\"thumbnailUrl\":\"https:\\\/\\\/archiv.siov.sk\\\/wp-content\\\/uploads\\\/2020\\\/01\\\/SCCF_Logo_Farebne.jpg\",\"datePublished\":\"2021-11-19T10:12:48+00:00\",\"breadcrumb\":{\"@id\":\"https:\\\/\\\/archiv.siov.sk\\\/druhy-online-medzinarodny-veltrh-cvicnych-firiem-slovensko-2021-je-za-nami\\\/#breadcrumb\"},\"inLanguage\":\"en-GB\",\"potentialAction\":[{\"@type\":\"ReadAction\",\"target\":[\"https:\\\/\\\/archiv.siov.sk\\\/druhy-online-medzinarodny-veltrh-cvicnych-firiem-slovensko-2021-je-za-nami\\\/\"]}]},{\"@type\":\"ImageObject\",\"inLanguage\":\"en-GB\",\"@id\":\"https:\\\/\\\/archiv.siov.sk\\\/druhy-online-medzinarodny-veltrh-cvicnych-firiem-slovensko-2021-je-za-nami\\\/#primaryimage\",\"url\":\"https:\\\/\\\/archiv.siov.sk\\\/wp-content\\\/uploads\\\/2020\\\/01\\\/SCCF_Logo_Farebne.jpg\",\"contentUrl\":\"https:\\\/\\\/archiv.siov.sk\\\/wp-content\\\/uploads\\\/2020\\\/01\\\/SCCF_Logo_Farebne.jpg\",\"width\":781,\"height\":299},{\"@type\":\"BreadcrumbList\",\"@id\":\"https:\\\/\\\/archiv.siov.sk\\\/druhy-online-medzinarodny-veltrh-cvicnych-firiem-slovensko-2021-je-za-nami\\\/#breadcrumb\",\"itemListElement\":[{\"@type\":\"ListItem\",\"position\":1,\"name\":\"Home\",\"item\":\"https:\\\/\\\/archiv.siov.sk\\\/\"},{\"@type\":\"ListItem\",\"position\":2,\"name\":\"Druh\u00fd online Medzin\u00e1rodn\u00fd ve\u013etrh cvi\u010dn\u00fdch firiem Slovensko 2021 je za nami\"}]},{\"@type\":\"WebSite\",\"@id\":\"https:\\\/\\\/archiv.siov.sk\\\/#website\",\"url\":\"https:\\\/\\\/archiv.siov.sk\\\/\",\"name\":\"\u0160IOV - \u0161t\u00e1tny in\u0161tit\u00fat odborn\u00e9ho vzdel\u00e1vania\",\"description\":\"\",\"publisher\":{\"@id\":\"https:\\\/\\\/archiv.siov.sk\\\/#organization\"},\"potentialAction\":[{\"@type\":\"SearchAction\",\"target\":{\"@type\":\"EntryPoint\",\"urlTemplate\":\"https:\\\/\\\/archiv.siov.sk\\\/?s={search_term_string}\"},\"query-input\":{\"@type\":\"PropertyValueSpecification\",\"valueRequired\":true,\"valueName\":\"search_term_string\"}}],\"inLanguage\":\"en-GB\"},{\"@type\":\"Organization\",\"@id\":\"https:\\\/\\\/archiv.siov.sk\\\/#organization\",\"name\":\"\u0160IOV - \u0161t\u00e1tny in\u0161tit\u00fat odborn\u00e9ho vzdel\u00e1vania\",\"url\":\"https:\\\/\\\/archiv.siov.sk\\\/\",\"logo\":{\"@type\":\"ImageObject\",\"inLanguage\":\"en-GB\",\"@id\":\"https:\\\/\\\/archiv.siov.sk\\\/#\\\/schema\\\/logo\\\/image\\\/\",\"url\":\"https:\\\/\\\/archiv.siov.sk\\\/wp-content\\\/uploads\\\/2024\\\/02\\\/logo-SIOV.png\",\"contentUrl\":\"https:\\\/\\\/archiv.siov.sk\\\/wp-content\\\/uploads\\\/2024\\\/02\\\/logo-SIOV.png\",\"width\":431,\"height\":143,\"caption\":\"\u0160IOV - \u0161t\u00e1tny in\u0161tit\u00fat odborn\u00e9ho vzdel\u00e1vania\"},\"image\":{\"@id\":\"https:\\\/\\\/archiv.siov.sk\\\/#\\\/schema\\\/logo\\\/image\\\/\"},\"sameAs\":[\"https:\\\/\\\/www.facebook.com\\\/Statnyinstitutodbornehovzdelavania\"]},{\"@type\":\"Person\",\"@id\":\"https:\\\/\\\/archiv.siov.sk\\\/#\\\/schema\\\/person\\\/e42d633fbd958c6a726e8834d8965e6c\",\"name\":\"Katar\u00edna Kov\u00e1\u010dov\u00e1\",\"url\":\"https:\\\/\\\/archiv.siov.sk\\\/en\\\/author\\\/katkakovacova\\\/\"}]}<\/script>\n<!-- \/ Yoast SEO plugin. -->","yoast_head_json":{"title":"Druh\u00fd online Medzin\u00e1rodn\u00fd ve\u013etrh cvi\u010dn\u00fdch firiem Slovensko 2021 je za nami - \u0160IOV - \u0161t\u00e1tny in\u0161tit\u00fat odborn\u00e9ho vzdel\u00e1vania","robots":{"index":"index","follow":"follow","max-snippet":"max-snippet:-1","max-image-preview":"max-image-preview:large","max-video-preview":"max-video-preview:-1"},"canonical":"https:\/\/archiv.siov.sk\/en\/druhy-online-medzinarodny-veltrh-cvicnych-firiem-slovensko-2021-je-za-nami\/","og_locale":"en_GB","og_type":"article","og_title":"Druh\u00fd online Medzin\u00e1rodn\u00fd ve\u013etrh cvi\u010dn\u00fdch firiem Slovensko 2021 je za nami - \u0160IOV - \u0161t\u00e1tny in\u0161tit\u00fat odborn\u00e9ho vzdel\u00e1vania","og_description":"Medzin\u00e1rodn\u00fd ve\u013etrh cvi\u010dn\u00fdch firiem Slovensko 2021 zrealizoval 15. &#8211; 16. novembra 2021 \u0160t\u00e1tny in\u0161tit\u00fat odborn\u00e9ho vzdel\u00e1vania v \u010dase st\u00e1le pretrv\u00e1vaj\u00facej pand\u00e9mie COVID-19 online. Z\u00e1znam z&nbsp;prv\u00e9ho a&nbsp;druh\u00e9ho d\u0148a ve\u013etrhu n\u00e1jdete na YouTube. Tohtoro\u010dn\u00fd ve\u013etrh cvi\u010dn\u00fdch firiem ako aj s\u00fa\u0165a\u017e Skills Slovakia Mlad\u00fdch elektronikov sme p\u00f4vodne pripravovali prezen\u010dne. Zhor\u0161uj\u00faca sa pandemick\u00e1 situ\u00e1cia n\u00e1s v\u0161ak prin\u00fatila dva dni [&hellip;]","og_url":"https:\/\/archiv.siov.sk\/en\/druhy-online-medzinarodny-veltrh-cvicnych-firiem-slovensko-2021-je-za-nami\/","og_site_name":"\u0160IOV - \u0161t\u00e1tny in\u0161tit\u00fat odborn\u00e9ho vzdel\u00e1vania","article_publisher":"https:\/\/www.facebook.com\/Statnyinstitutodbornehovzdelavania","article_published_time":"2021-11-19T10:12:48+00:00","og_image":[{"width":781,"height":299,"url":"https:\/\/archiv.siov.sk\/wp-content\/uploads\/2020\/01\/SCCF_Logo_Farebne.jpg","type":"image\/jpeg"}],"author":"Katar\u00edna Kov\u00e1\u010dov\u00e1","twitter_card":"summary_large_image","twitter_misc":{"Written by":"Katar\u00edna Kov\u00e1\u010dov\u00e1","Estimated reading time":"2 minutes"},"schema":{"@context":"https:\/\/schema.org","@graph":[{"@type":"Article","@id":"https:\/\/archiv.siov.sk\/druhy-online-medzinarodny-veltrh-cvicnych-firiem-slovensko-2021-je-za-nami\/#article","isPartOf":{"@id":"https:\/\/archiv.siov.sk\/druhy-online-medzinarodny-veltrh-cvicnych-firiem-slovensko-2021-je-za-nami\/"},"author":{"name":"Katar\u00edna Kov\u00e1\u010dov\u00e1","@id":"https:\/\/archiv.siov.sk\/#\/schema\/person\/e42d633fbd958c6a726e8834d8965e6c"},"headline":"Druh\u00fd online Medzin\u00e1rodn\u00fd ve\u013etrh cvi\u010dn\u00fdch firiem Slovensko 2021 je za nami","datePublished":"2021-11-19T10:12:48+00:00","mainEntityOfPage":{"@id":"https:\/\/archiv.siov.sk\/druhy-online-medzinarodny-veltrh-cvicnych-firiem-slovensko-2021-je-za-nami\/"},"wordCount":480,"publisher":{"@id":"https:\/\/archiv.siov.sk\/#organization"},"image":{"@id":"https:\/\/archiv.siov.sk\/druhy-online-medzinarodny-veltrh-cvicnych-firiem-slovensko-2021-je-za-nami\/#primaryimage"},"thumbnailUrl":"https:\/\/archiv.siov.sk\/wp-content\/uploads\/2020\/01\/SCCF_Logo_Farebne.jpg","articleSection":["Aktuality"],"inLanguage":"en-GB"},{"@type":"WebPage","@id":"https:\/\/archiv.siov.sk\/druhy-online-medzinarodny-veltrh-cvicnych-firiem-slovensko-2021-je-za-nami\/","url":"https:\/\/archiv.siov.sk\/druhy-online-medzinarodny-veltrh-cvicnych-firiem-slovensko-2021-je-za-nami\/","name":"Druh\u00fd online Medzin\u00e1rodn\u00fd ve\u013etrh cvi\u010dn\u00fdch firiem Slovensko 2021 je za nami - \u0160IOV - \u0161t\u00e1tny in\u0161tit\u00fat odborn\u00e9ho vzdel\u00e1vania","isPartOf":{"@id":"https:\/\/archiv.siov.sk\/#website"},"primaryImageOfPage":{"@id":"https:\/\/archiv.siov.sk\/druhy-online-medzinarodny-veltrh-cvicnych-firiem-slovensko-2021-je-za-nami\/#primaryimage"},"image":{"@id":"https:\/\/archiv.siov.sk\/druhy-online-medzinarodny-veltrh-cvicnych-firiem-slovensko-2021-je-za-nami\/#primaryimage"},"thumbnailUrl":"https:\/\/archiv.siov.sk\/wp-content\/uploads\/2020\/01\/SCCF_Logo_Farebne.jpg","datePublished":"2021-11-19T10:12:48+00:00","breadcrumb":{"@id":"https:\/\/archiv.siov.sk\/druhy-online-medzinarodny-veltrh-cvicnych-firiem-slovensko-2021-je-za-nami\/#breadcrumb"},"inLanguage":"en-GB","potentialAction":[{"@type":"ReadAction","target":["https:\/\/archiv.siov.sk\/druhy-online-medzinarodny-veltrh-cvicnych-firiem-slovensko-2021-je-za-nami\/"]}]},{"@type":"ImageObject","inLanguage":"en-GB","@id":"https:\/\/archiv.siov.sk\/druhy-online-medzinarodny-veltrh-cvicnych-firiem-slovensko-2021-je-za-nami\/#primaryimage","url":"https:\/\/archiv.siov.sk\/wp-content\/uploads\/2020\/01\/SCCF_Logo_Farebne.jpg","contentUrl":"https:\/\/archiv.siov.sk\/wp-content\/uploads\/2020\/01\/SCCF_Logo_Farebne.jpg","width":781,"height":299},{"@type":"BreadcrumbList","@id":"https:\/\/archiv.siov.sk\/druhy-online-medzinarodny-veltrh-cvicnych-firiem-slovensko-2021-je-za-nami\/#breadcrumb","itemListElement":[{"@type":"ListItem","position":1,"name":"Home","item":"https:\/\/archiv.siov.sk\/"},{"@type":"ListItem","position":2,"name":"Druh\u00fd online Medzin\u00e1rodn\u00fd ve\u013etrh cvi\u010dn\u00fdch firiem Slovensko 2021 je za nami"}]},{"@type":"WebSite","@id":"https:\/\/archiv.siov.sk\/#website","url":"https:\/\/archiv.siov.sk\/","name":"\u0160IOV - \u0161t\u00e1tny in\u0161tit\u00fat odborn\u00e9ho vzdel\u00e1vania","description":"","publisher":{"@id":"https:\/\/archiv.siov.sk\/#organization"},"potentialAction":[{"@type":"SearchAction","target":{"@type":"EntryPoint","urlTemplate":"https:\/\/archiv.siov.sk\/?s={search_term_string}"},"query-input":{"@type":"PropertyValueSpecification","valueRequired":true,"valueName":"search_term_string"}}],"inLanguage":"en-GB"},{"@type":"Organization","@id":"https:\/\/archiv.siov.sk\/#organization","name":"\u0160IOV - \u0161t\u00e1tny in\u0161tit\u00fat odborn\u00e9ho vzdel\u00e1vania","url":"https:\/\/archiv.siov.sk\/","logo":{"@type":"ImageObject","inLanguage":"en-GB","@id":"https:\/\/archiv.siov.sk\/#\/schema\/logo\/image\/","url":"https:\/\/archiv.siov.sk\/wp-content\/uploads\/2024\/02\/logo-SIOV.png","contentUrl":"https:\/\/archiv.siov.sk\/wp-content\/uploads\/2024\/02\/logo-SIOV.png","width":431,"height":143,"caption":"\u0160IOV - \u0161t\u00e1tny in\u0161tit\u00fat odborn\u00e9ho vzdel\u00e1vania"},"image":{"@id":"https:\/\/archiv.siov.sk\/#\/schema\/logo\/image\/"},"sameAs":["https:\/\/www.facebook.com\/Statnyinstitutodbornehovzdelavania"]},{"@type":"Person","@id":"https:\/\/archiv.siov.sk\/#\/schema\/person\/e42d633fbd958c6a726e8834d8965e6c","name":"Katar\u00edna Kov\u00e1\u010dov\u00e1","url":"https:\/\/archiv.siov.sk\/en\/author\/katkakovacova\/"}]}},"_links":{"self":[{"href":"https:\/\/archiv.siov.sk\/en\/wp-json\/wp\/v2\/posts\/10178","targetHints":{"allow":["GET"]}}],"collection":[{"href":"https:\/\/archiv.siov.sk\/en\/wp-json\/wp\/v2\/posts"}],"about":[{"href":"https:\/\/archiv.siov.sk\/en\/wp-json\/wp\/v2\/types\/post"}],"author":[{"embeddable":true,"href":"https:\/\/archiv.siov.sk\/en\/wp-json\/wp\/v2\/users\/6"}],"replies":[{"embeddable":true,"href":"https:\/\/archiv.siov.sk\/en\/wp-json\/wp\/v2\/comments?post=10178"}],"version-history":[{"count":2,"href":"https:\/\/archiv.siov.sk\/en\/wp-json\/wp\/v2\/posts\/10178\/revisions"}],"predecessor-version":[{"id":10180,"href":"https:\/\/archiv.siov.sk\/en\/wp-json\/wp\/v2\/posts\/10178\/revisions\/10180"}],"wp:featuredmedia":[{"embeddable":true,"href":"https:\/\/archiv.siov.sk\/en\/wp-json\/wp\/v2\/media\/4826"}],"wp:attachment":[{"href":"https:\/\/archiv.siov.sk\/en\/wp-json\/wp\/v2\/media?parent=10178"}],"wp:term":[{"taxonomy":"category","embeddable":true,"href":"https:\/\/archiv.siov.sk\/en\/wp-json\/wp\/v2\/categories?post=10178"},{"taxonomy":"post_tag","embeddable":true,"href":"https:\/\/archiv.siov.sk\/en\/wp-json\/wp\/v2\/tags?post=10178"}],"curies":[{"name":"wp","href":"https:\/\/api.w.org\/{rel}","templated":true}]}}