{"id":10079,"date":"2021-11-05T10:20:58","date_gmt":"2021-11-05T09:20:58","guid":{"rendered":"https:\/\/archiv.siov.sk\/?p=10079"},"modified":"2021-11-05T10:20:58","modified_gmt":"2021-11-05T09:20:58","slug":"siov-a-epale-spoluorganizuju-tyzden-celozivotneho-ucenia-2021","status":"publish","type":"post","link":"https:\/\/archiv.siov.sk\/en\/siov-a-epale-spoluorganizuju-tyzden-celozivotneho-ucenia-2021\/","title":{"rendered":"\u0160IOV a EPALE spoluorganizuj\u00fa T\u00fd\u017ede\u0148 celo\u017eivotn\u00e9ho u\u010denia 2021"},"content":{"rendered":"<p style=\"text-align: justify;\">\u0160t\u00e1tny in\u0161tit\u00fat odborn\u00e9ho vzdel\u00e1vania (\u0160IOV)&nbsp; a EPALE Slovensko aj tento rok podporili T\u00fd\u017ede\u0148 celo\u017eivotn\u00e9ho u\u010denia, ktor\u00fd organizuje Asoci\u00e1cia in\u0161tit\u00faci\u00ed vzdel\u00e1vania dospel\u00fdch (AIVD) a pripravili nieko\u013eko vzdel\u00e1vac\u00edch podujat\u00ed zameran\u00fdch na profesion\u00e1lov v odbornom vzdel\u00e1van\u00ed i vzdel\u00e1van\u00ed dospel\u00fdch.<\/p>\n<p style=\"text-align: justify;\">T\u00fd\u017ede\u0148 celo\u017eivotn\u00e9ho u\u010denia upozor\u0148uje na v\u00fdznam celo\u017eivotn\u00e9ho u\u010denia sa a sna\u017e\u00ed sa t\u00fato my\u0161lienku pribl\u00ed\u017ei\u0165 \u0161irokej verejnosti. Z\u00e1ujemcovia m\u00f4\u017eu nav\u0161t\u00edvi\u0165 predn\u00e1\u0161ky, modelov\u00e9 hodiny, workshopy a diskusie na celom Slovensku. Jeho hlavn\u00fdm z\u00e1merom je prin\u00e1\u0161a\u0165 vzdel\u00e1vacie pr\u00edle\u017eitosti pre v\u0161etk\u00fdch a otv\u00e1ra\u0165 celospolo\u010densk\u00fa diskusiu o celo\u017eivotnom u\u010den\u00ed sa na Slovensku.<\/p>\n<p style=\"text-align: justify;\">S\u00fa\u010das\u0165ou programu T\u00fd\u017ed\u0148a celo\u017eivotn\u00e9ho u\u010denia je tradi\u010dne aj ude\u013eovanie<strong> cien Asoci\u00e1cie in\u0161tit\u00faci\u00ed vzdel\u00e1vania dospel\u00fdch<\/strong> v\u00fdnimo\u010dn\u00fdm osobnostiam, projektom a organiz\u00e1ci\u00e1m vo vzdel\u00e1van\u00ed dospel\u00fdch, ktor\u00fa v roku 2020 z\u00edskalo aj EPALE Slovensko.<\/p>\n<p style=\"text-align: justify;\">\u0160IOV v tomto roku &nbsp;pripravil s\u00e9riu workshopov zastre\u0161en\u00fdch pod n\u00e1zvom <strong>Online akad\u00e9mia &#8211; Iniciat\u00edvy Eur\u00f3pskej \u00fanie vo vzdel\u00e1van\u00ed, <\/strong>ktor\u00e9 bud\u00fa zameran\u00e9 na iniciat\u00edvy EPALE, EQAVET a&nbsp;EUROPASS:<\/p>\n<ol start=\"10\">\n<li>11. 2021 &#8211; <a href=\"https:\/\/tcu.sk\/program\/vzdelavanie-dospelych-epale-narodny-koordinator-europskeho-programu-vo-vd\">Vzdel\u00e1vanie dospel\u00fdch<\/a> (EPALE a&nbsp;Eur\u00f3psky program v&nbsp;oblasti vzdel\u00e1vania dospel\u00fdch)<\/li>\n<li>11. 2021 &#8211; <a href=\"https:\/\/tcu.sk\/program\/zabezpecovanie-kvality-vo-vzdelavani\">Kvalita vo vzdel\u00e1van\u00ed<\/a> (EQAVET)<\/li>\n<li>11. 2021 &#8211; <a href=\"https:\/\/tcu.sk\/program\/europass\">EUROPASS<\/a> &nbsp;<\/li>\n<\/ol>\n<p><strong>\u010co v\u0161etko pon\u00faka platforma EPALE a&nbsp;ako to m\u00f4\u017eete \u010falej vyu\u017ei\u0165 vo svojej pr\u00e1ci?<\/strong><\/p>\n<p><strong>Pre\u010do je dobre nap\u00edsan\u00fd EUROPASS \u017eivotopis optim\u00e1lnym n\u00e1strojom na z\u00edskanie pr\u00e1ce snov?<\/strong><\/p>\n<p><strong>Ako budova\u0165 kult\u00faru kvality vo svete vzdel\u00e1vania? <\/strong><\/p>\n<p><strong>\u010co nov\u00e9 v&nbsp;tejto oblasti v\u00e1m \u010doskoro pon\u00fakneme?<\/strong><\/p>\n<p style=\"text-align: justify;\">Nielen na tieto ot\u00e1zky sa budeme sna\u017ei\u0165 odpoveda\u0165 po\u010das online stretnut\u00ed, v\u017edy medzi 14:00 a 15:00 hod. Okrem nov\u00fdch inform\u00e1ci\u00ed m\u00f4\u017eete vyhra\u0165 zauj\u00edmav\u00e9 ceny \u2013 sta\u010d\u00ed sa zaregistrova\u0165 a&nbsp;zodpoveda\u0165 na ot\u00e1zky, ktor\u00e9 bud\u00fa uverejnen\u00e9 na <a href=\"https:\/\/www.facebook.com\/czvsr\">Celo\u017eivotn\u00e9 vzdel\u00e1vanie v SR | Facebook<\/a>&nbsp; <strong>od 8. 11. 2021.<\/strong><\/p>\n<p><strong><em>Celo\u017eivotn\u00e9 vzdel\u00e1vanie spo\u010d\u00edva aj v&nbsp;spozn\u00e1van\u00ed a&nbsp;vyu\u017e\u00edvan\u00ed dostupn\u00fdch zdrojov a&nbsp;n\u00e1strojov.<\/em><\/strong><\/p>\n<p>&nbsp;<\/p>\n<p>Kontakt:<\/p>\n<p>Mgr. Alena \u0160tef\u00e1nikov\u00e1<\/p>\n<p>Lifelong Learning Unit<\/p>\n<p>State Vocational Education Institute<\/p>\n<p>E-mail: <a href=\"mailto:alena.stefanikova@siov.sk\">alena.stefanikova@siov.sk<\/a><\/p>\n<p><a href=\"http:\/\/www.siov.sk\">www.siov.sk<\/a><\/p>\n<p>&nbsp; &nbsp; &nbsp; &nbsp; &nbsp; &nbsp; &nbsp; &nbsp; &nbsp; &nbsp; &nbsp; &nbsp; &nbsp; &nbsp; &nbsp; &nbsp; &nbsp; &nbsp; &nbsp; &nbsp; &nbsp; &nbsp; &nbsp; &nbsp;<img decoding=\"async\" class=\"alignnone  wp-image-10081\" src=\"https:\/\/archiv.siov.sk\/wp-content\/uploads\/2021\/11\/Epale-logo-185x300.png\" alt=\"\" width=\"65\" height=\"106\" srcset=\"https:\/\/archiv.siov.sk\/wp-content\/uploads\/2021\/11\/Epale-logo-185x300.png 185w, https:\/\/archiv.siov.sk\/wp-content\/uploads\/2021\/11\/Epale-logo.png 277w\" sizes=\"(max-width: 65px) 100vw, 65px\" \/>&nbsp; &nbsp; &nbsp; &nbsp; <img decoding=\"async\" class=\"alignnone  wp-image-10082\" src=\"https:\/\/archiv.siov.sk\/wp-content\/uploads\/2021\/11\/europass-logo-300x169.png\" alt=\"\" width=\"202\" height=\"114\" srcset=\"https:\/\/archiv.siov.sk\/wp-content\/uploads\/2021\/11\/europass-logo-300x169.png 300w, https:\/\/archiv.siov.sk\/wp-content\/uploads\/2021\/11\/europass-logo.png 661w\" sizes=\"(max-width: 202px) 100vw, 202px\" \/> <img decoding=\"async\" class=\"alignnone  wp-image-10083\" src=\"https:\/\/archiv.siov.sk\/wp-content\/uploads\/2021\/11\/eqavet-logo.jpg\" alt=\"\" width=\"153\" height=\"72\"><\/p>","protected":false},"excerpt":{"rendered":"<p>\u0160t\u00e1tny in\u0161tit\u00fat odborn\u00e9ho vzdel\u00e1vania (\u0160IOV)&nbsp; a EPALE Slovensko aj tento rok podporili T\u00fd\u017ede\u0148 celo\u017eivotn\u00e9ho u\u010denia, ktor\u00fd organizuje Asoci\u00e1cia in\u0161tit\u00faci\u00ed vzdel\u00e1vania dospel\u00fdch (AIVD) a pripravili nieko\u013eko vzdel\u00e1vac\u00edch podujat\u00ed zameran\u00fdch na profesion\u00e1lov v odbornom vzdel\u00e1van\u00ed i vzdel\u00e1van\u00ed dospel\u00fdch. T\u00fd\u017ede\u0148 celo\u017eivotn\u00e9ho u\u010denia upozor\u0148uje na v\u00fdznam celo\u017eivotn\u00e9ho u\u010denia sa a sna\u017e\u00ed sa t\u00fato my\u0161lienku pribl\u00ed\u017ei\u0165 \u0161irokej verejnosti. Z\u00e1ujemcovia m\u00f4\u017eu [&hellip;]<\/p>\n","protected":false},"author":6,"featured_media":9277,"comment_status":"closed","ping_status":"closed","sticky":false,"template":"","format":"standard","meta":{"site-sidebar-layout":"default","site-content-layout":"default","ast-site-content-layout":"default","site-content-style":"default","site-sidebar-style":"default","ast-global-header-display":"","ast-banner-title-visibility":"","ast-main-header-display":"","ast-hfb-above-header-display":"","ast-hfb-below-header-display":"","ast-hfb-mobile-header-display":"","site-post-title":"","ast-breadcrumbs-content":"","ast-featured-img":"","footer-sml-layout":"","ast-disable-related-posts":"","theme-transparent-header-meta":"default","adv-header-id-meta":"","stick-header-meta":"","header-above-stick-meta":"","header-main-stick-meta":"","header-below-stick-meta":"","astra-migrate-meta-layouts":"default","ast-page-background-enabled":"default","ast-page-background-meta":{"desktop":{"background-color":"var(--ast-global-color-4)","background-image":"","background-repeat":"repeat","background-position":"center center","background-size":"auto","background-attachment":"scroll","background-type":"","background-media":"","overlay-type":"","overlay-color":"","overlay-opacity":"","overlay-gradient":""},"tablet":{"background-color":"","background-image":"","background-repeat":"repeat","background-position":"center center","background-size":"auto","background-attachment":"scroll","background-type":"","background-media":"","overlay-type":"","overlay-color":"","overlay-opacity":"","overlay-gradient":""},"mobile":{"background-color":"","background-image":"","background-repeat":"repeat","background-position":"center center","background-size":"auto","background-attachment":"scroll","background-type":"","background-media":"","overlay-type":"","overlay-color":"","overlay-opacity":"","overlay-gradient":""}},"ast-content-background-meta":{"desktop":{"background-color":"var(--ast-global-color-5)","background-image":"","background-repeat":"repeat","background-position":"center center","background-size":"auto","background-attachment":"scroll","background-type":"","background-media":"","overlay-type":"","overlay-color":"","overlay-opacity":"","overlay-gradient":""},"tablet":{"background-color":"var(--ast-global-color-5)","background-image":"","background-repeat":"repeat","background-position":"center center","background-size":"auto","background-attachment":"scroll","background-type":"","background-media":"","overlay-type":"","overlay-color":"","overlay-opacity":"","overlay-gradient":""},"mobile":{"background-color":"var(--ast-global-color-5)","background-image":"","background-repeat":"repeat","background-position":"center center","background-size":"auto","background-attachment":"scroll","background-type":"","background-media":"","overlay-type":"","overlay-color":"","overlay-opacity":"","overlay-gradient":""}},"footnotes":""},"categories":[1],"tags":[],"class_list":["post-10079","post","type-post","status-publish","format-standard","has-post-thumbnail","hentry","category-aktuality"],"yoast_head":"<!-- This site is optimized with the Yoast SEO plugin v27.5 - https:\/\/yoast.com\/product\/yoast-seo-wordpress\/ -->\n<title>\u0160IOV a EPALE spoluorganizuj\u00fa T\u00fd\u017ede\u0148 celo\u017eivotn\u00e9ho u\u010denia 2021 - \u0160IOV - \u0161t\u00e1tny in\u0161tit\u00fat odborn\u00e9ho vzdel\u00e1vania<\/title>\n<meta name=\"robots\" content=\"index, follow, max-snippet:-1, max-image-preview:large, max-video-preview:-1\" \/>\n<link rel=\"canonical\" href=\"https:\/\/archiv.siov.sk\/en\/siov-a-epale-spoluorganizuju-tyzden-celozivotneho-ucenia-2021\/\" \/>\n<meta property=\"og:locale\" content=\"en_GB\" \/>\n<meta property=\"og:type\" content=\"article\" \/>\n<meta property=\"og:title\" content=\"\u0160IOV a EPALE spoluorganizuj\u00fa T\u00fd\u017ede\u0148 celo\u017eivotn\u00e9ho u\u010denia 2021 - \u0160IOV - \u0161t\u00e1tny in\u0161tit\u00fat odborn\u00e9ho vzdel\u00e1vania\" \/>\n<meta property=\"og:description\" content=\"\u0160t\u00e1tny in\u0161tit\u00fat odborn\u00e9ho vzdel\u00e1vania (\u0160IOV)&nbsp; a EPALE Slovensko aj tento rok podporili T\u00fd\u017ede\u0148 celo\u017eivotn\u00e9ho u\u010denia, ktor\u00fd organizuje Asoci\u00e1cia in\u0161tit\u00faci\u00ed vzdel\u00e1vania dospel\u00fdch (AIVD) a pripravili nieko\u013eko vzdel\u00e1vac\u00edch podujat\u00ed zameran\u00fdch na profesion\u00e1lov v odbornom vzdel\u00e1van\u00ed i vzdel\u00e1van\u00ed dospel\u00fdch. T\u00fd\u017ede\u0148 celo\u017eivotn\u00e9ho u\u010denia upozor\u0148uje na v\u00fdznam celo\u017eivotn\u00e9ho u\u010denia sa a sna\u017e\u00ed sa t\u00fato my\u0161lienku pribl\u00ed\u017ei\u0165 \u0161irokej verejnosti. Z\u00e1ujemcovia m\u00f4\u017eu [&hellip;]\" \/>\n<meta property=\"og:url\" content=\"https:\/\/archiv.siov.sk\/en\/siov-a-epale-spoluorganizuju-tyzden-celozivotneho-ucenia-2021\/\" \/>\n<meta property=\"og:site_name\" content=\"\u0160IOV - \u0161t\u00e1tny in\u0161tit\u00fat odborn\u00e9ho vzdel\u00e1vania\" \/>\n<meta property=\"article:publisher\" content=\"https:\/\/www.facebook.com\/Statnyinstitutodbornehovzdelavania\" \/>\n<meta property=\"article:published_time\" content=\"2021-11-05T09:20:58+00:00\" \/>\n<meta property=\"og:image\" content=\"https:\/\/archiv.siov.sk\/wp-content\/uploads\/2021\/08\/shutterstock_402030307-scaled.jpg\" \/>\n\t<meta property=\"og:image:width\" content=\"2560\" \/>\n\t<meta property=\"og:image:height\" content=\"1134\" \/>\n\t<meta property=\"og:image:type\" content=\"image\/jpeg\" \/>\n<meta name=\"author\" content=\"Katar\u00edna Kov\u00e1\u010dov\u00e1\" \/>\n<meta name=\"twitter:card\" content=\"summary_large_image\" \/>\n<meta name=\"twitter:label1\" content=\"Written by\" \/>\n\t<meta name=\"twitter:data1\" content=\"Katar\u00edna Kov\u00e1\u010dov\u00e1\" \/>\n\t<meta name=\"twitter:label2\" content=\"Estimated reading time\" \/>\n\t<meta name=\"twitter:data2\" content=\"2 minutes\" \/>\n<script type=\"application\/ld+json\" class=\"yoast-schema-graph\">{\"@context\":\"https:\\\/\\\/schema.org\",\"@graph\":[{\"@type\":\"Article\",\"@id\":\"https:\\\/\\\/archiv.siov.sk\\\/siov-a-epale-spoluorganizuju-tyzden-celozivotneho-ucenia-2021\\\/#article\",\"isPartOf\":{\"@id\":\"https:\\\/\\\/archiv.siov.sk\\\/siov-a-epale-spoluorganizuju-tyzden-celozivotneho-ucenia-2021\\\/\"},\"author\":{\"name\":\"Katar\u00edna Kov\u00e1\u010dov\u00e1\",\"@id\":\"https:\\\/\\\/archiv.siov.sk\\\/#\\\/schema\\\/person\\\/e42d633fbd958c6a726e8834d8965e6c\"},\"headline\":\"\u0160IOV a EPALE spoluorganizuj\u00fa T\u00fd\u017ede\u0148 celo\u017eivotn\u00e9ho u\u010denia 2021\",\"datePublished\":\"2021-11-05T09:20:58+00:00\",\"mainEntityOfPage\":{\"@id\":\"https:\\\/\\\/archiv.siov.sk\\\/siov-a-epale-spoluorganizuju-tyzden-celozivotneho-ucenia-2021\\\/\"},\"wordCount\":452,\"publisher\":{\"@id\":\"https:\\\/\\\/archiv.siov.sk\\\/#organization\"},\"image\":{\"@id\":\"https:\\\/\\\/archiv.siov.sk\\\/siov-a-epale-spoluorganizuju-tyzden-celozivotneho-ucenia-2021\\\/#primaryimage\"},\"thumbnailUrl\":\"https:\\\/\\\/archiv.siov.sk\\\/wp-content\\\/uploads\\\/2021\\\/08\\\/shutterstock_402030307-scaled.jpg\",\"articleSection\":[\"Aktuality\"],\"inLanguage\":\"en-GB\"},{\"@type\":\"WebPage\",\"@id\":\"https:\\\/\\\/archiv.siov.sk\\\/siov-a-epale-spoluorganizuju-tyzden-celozivotneho-ucenia-2021\\\/\",\"url\":\"https:\\\/\\\/archiv.siov.sk\\\/siov-a-epale-spoluorganizuju-tyzden-celozivotneho-ucenia-2021\\\/\",\"name\":\"\u0160IOV a EPALE spoluorganizuj\u00fa T\u00fd\u017ede\u0148 celo\u017eivotn\u00e9ho u\u010denia 2021 - \u0160IOV - \u0161t\u00e1tny in\u0161tit\u00fat odborn\u00e9ho vzdel\u00e1vania\",\"isPartOf\":{\"@id\":\"https:\\\/\\\/archiv.siov.sk\\\/#website\"},\"primaryImageOfPage\":{\"@id\":\"https:\\\/\\\/archiv.siov.sk\\\/siov-a-epale-spoluorganizuju-tyzden-celozivotneho-ucenia-2021\\\/#primaryimage\"},\"image\":{\"@id\":\"https:\\\/\\\/archiv.siov.sk\\\/siov-a-epale-spoluorganizuju-tyzden-celozivotneho-ucenia-2021\\\/#primaryimage\"},\"thumbnailUrl\":\"https:\\\/\\\/archiv.siov.sk\\\/wp-content\\\/uploads\\\/2021\\\/08\\\/shutterstock_402030307-scaled.jpg\",\"datePublished\":\"2021-11-05T09:20:58+00:00\",\"breadcrumb\":{\"@id\":\"https:\\\/\\\/archiv.siov.sk\\\/siov-a-epale-spoluorganizuju-tyzden-celozivotneho-ucenia-2021\\\/#breadcrumb\"},\"inLanguage\":\"en-GB\",\"potentialAction\":[{\"@type\":\"ReadAction\",\"target\":[\"https:\\\/\\\/archiv.siov.sk\\\/siov-a-epale-spoluorganizuju-tyzden-celozivotneho-ucenia-2021\\\/\"]}]},{\"@type\":\"ImageObject\",\"inLanguage\":\"en-GB\",\"@id\":\"https:\\\/\\\/archiv.siov.sk\\\/siov-a-epale-spoluorganizuju-tyzden-celozivotneho-ucenia-2021\\\/#primaryimage\",\"url\":\"https:\\\/\\\/archiv.siov.sk\\\/wp-content\\\/uploads\\\/2021\\\/08\\\/shutterstock_402030307-scaled.jpg\",\"contentUrl\":\"https:\\\/\\\/archiv.siov.sk\\\/wp-content\\\/uploads\\\/2021\\\/08\\\/shutterstock_402030307-scaled.jpg\",\"width\":2560,\"height\":1134},{\"@type\":\"BreadcrumbList\",\"@id\":\"https:\\\/\\\/archiv.siov.sk\\\/siov-a-epale-spoluorganizuju-tyzden-celozivotneho-ucenia-2021\\\/#breadcrumb\",\"itemListElement\":[{\"@type\":\"ListItem\",\"position\":1,\"name\":\"Home\",\"item\":\"https:\\\/\\\/archiv.siov.sk\\\/\"},{\"@type\":\"ListItem\",\"position\":2,\"name\":\"\u0160IOV a EPALE spoluorganizuj\u00fa T\u00fd\u017ede\u0148 celo\u017eivotn\u00e9ho u\u010denia 2021\"}]},{\"@type\":\"WebSite\",\"@id\":\"https:\\\/\\\/archiv.siov.sk\\\/#website\",\"url\":\"https:\\\/\\\/archiv.siov.sk\\\/\",\"name\":\"\u0160IOV - \u0161t\u00e1tny in\u0161tit\u00fat odborn\u00e9ho vzdel\u00e1vania\",\"description\":\"\",\"publisher\":{\"@id\":\"https:\\\/\\\/archiv.siov.sk\\\/#organization\"},\"potentialAction\":[{\"@type\":\"SearchAction\",\"target\":{\"@type\":\"EntryPoint\",\"urlTemplate\":\"https:\\\/\\\/archiv.siov.sk\\\/?s={search_term_string}\"},\"query-input\":{\"@type\":\"PropertyValueSpecification\",\"valueRequired\":true,\"valueName\":\"search_term_string\"}}],\"inLanguage\":\"en-GB\"},{\"@type\":\"Organization\",\"@id\":\"https:\\\/\\\/archiv.siov.sk\\\/#organization\",\"name\":\"\u0160IOV - \u0161t\u00e1tny in\u0161tit\u00fat odborn\u00e9ho vzdel\u00e1vania\",\"url\":\"https:\\\/\\\/archiv.siov.sk\\\/\",\"logo\":{\"@type\":\"ImageObject\",\"inLanguage\":\"en-GB\",\"@id\":\"https:\\\/\\\/archiv.siov.sk\\\/#\\\/schema\\\/logo\\\/image\\\/\",\"url\":\"https:\\\/\\\/archiv.siov.sk\\\/wp-content\\\/uploads\\\/2024\\\/02\\\/logo-SIOV.png\",\"contentUrl\":\"https:\\\/\\\/archiv.siov.sk\\\/wp-content\\\/uploads\\\/2024\\\/02\\\/logo-SIOV.png\",\"width\":431,\"height\":143,\"caption\":\"\u0160IOV - \u0161t\u00e1tny in\u0161tit\u00fat odborn\u00e9ho vzdel\u00e1vania\"},\"image\":{\"@id\":\"https:\\\/\\\/archiv.siov.sk\\\/#\\\/schema\\\/logo\\\/image\\\/\"},\"sameAs\":[\"https:\\\/\\\/www.facebook.com\\\/Statnyinstitutodbornehovzdelavania\"]},{\"@type\":\"Person\",\"@id\":\"https:\\\/\\\/archiv.siov.sk\\\/#\\\/schema\\\/person\\\/e42d633fbd958c6a726e8834d8965e6c\",\"name\":\"Katar\u00edna Kov\u00e1\u010dov\u00e1\",\"url\":\"https:\\\/\\\/archiv.siov.sk\\\/en\\\/author\\\/katkakovacova\\\/\"}]}<\/script>\n<!-- \/ Yoast SEO plugin. -->","yoast_head_json":{"title":"\u0160IOV a EPALE spoluorganizuj\u00fa T\u00fd\u017ede\u0148 celo\u017eivotn\u00e9ho u\u010denia 2021 - \u0160IOV - \u0161t\u00e1tny in\u0161tit\u00fat odborn\u00e9ho vzdel\u00e1vania","robots":{"index":"index","follow":"follow","max-snippet":"max-snippet:-1","max-image-preview":"max-image-preview:large","max-video-preview":"max-video-preview:-1"},"canonical":"https:\/\/archiv.siov.sk\/en\/siov-a-epale-spoluorganizuju-tyzden-celozivotneho-ucenia-2021\/","og_locale":"en_GB","og_type":"article","og_title":"\u0160IOV a EPALE spoluorganizuj\u00fa T\u00fd\u017ede\u0148 celo\u017eivotn\u00e9ho u\u010denia 2021 - \u0160IOV - \u0161t\u00e1tny in\u0161tit\u00fat odborn\u00e9ho vzdel\u00e1vania","og_description":"\u0160t\u00e1tny in\u0161tit\u00fat odborn\u00e9ho vzdel\u00e1vania (\u0160IOV)&nbsp; a EPALE Slovensko aj tento rok podporili T\u00fd\u017ede\u0148 celo\u017eivotn\u00e9ho u\u010denia, ktor\u00fd organizuje Asoci\u00e1cia in\u0161tit\u00faci\u00ed vzdel\u00e1vania dospel\u00fdch (AIVD) a pripravili nieko\u013eko vzdel\u00e1vac\u00edch podujat\u00ed zameran\u00fdch na profesion\u00e1lov v odbornom vzdel\u00e1van\u00ed i vzdel\u00e1van\u00ed dospel\u00fdch. T\u00fd\u017ede\u0148 celo\u017eivotn\u00e9ho u\u010denia upozor\u0148uje na v\u00fdznam celo\u017eivotn\u00e9ho u\u010denia sa a sna\u017e\u00ed sa t\u00fato my\u0161lienku pribl\u00ed\u017ei\u0165 \u0161irokej verejnosti. Z\u00e1ujemcovia m\u00f4\u017eu [&hellip;]","og_url":"https:\/\/archiv.siov.sk\/en\/siov-a-epale-spoluorganizuju-tyzden-celozivotneho-ucenia-2021\/","og_site_name":"\u0160IOV - \u0161t\u00e1tny in\u0161tit\u00fat odborn\u00e9ho vzdel\u00e1vania","article_publisher":"https:\/\/www.facebook.com\/Statnyinstitutodbornehovzdelavania","article_published_time":"2021-11-05T09:20:58+00:00","og_image":[{"width":2560,"height":1134,"url":"https:\/\/archiv.siov.sk\/wp-content\/uploads\/2021\/08\/shutterstock_402030307-scaled.jpg","type":"image\/jpeg"}],"author":"Katar\u00edna Kov\u00e1\u010dov\u00e1","twitter_card":"summary_large_image","twitter_misc":{"Written by":"Katar\u00edna Kov\u00e1\u010dov\u00e1","Estimated reading time":"2 minutes"},"schema":{"@context":"https:\/\/schema.org","@graph":[{"@type":"Article","@id":"https:\/\/archiv.siov.sk\/siov-a-epale-spoluorganizuju-tyzden-celozivotneho-ucenia-2021\/#article","isPartOf":{"@id":"https:\/\/archiv.siov.sk\/siov-a-epale-spoluorganizuju-tyzden-celozivotneho-ucenia-2021\/"},"author":{"name":"Katar\u00edna Kov\u00e1\u010dov\u00e1","@id":"https:\/\/archiv.siov.sk\/#\/schema\/person\/e42d633fbd958c6a726e8834d8965e6c"},"headline":"\u0160IOV a EPALE spoluorganizuj\u00fa T\u00fd\u017ede\u0148 celo\u017eivotn\u00e9ho u\u010denia 2021","datePublished":"2021-11-05T09:20:58+00:00","mainEntityOfPage":{"@id":"https:\/\/archiv.siov.sk\/siov-a-epale-spoluorganizuju-tyzden-celozivotneho-ucenia-2021\/"},"wordCount":452,"publisher":{"@id":"https:\/\/archiv.siov.sk\/#organization"},"image":{"@id":"https:\/\/archiv.siov.sk\/siov-a-epale-spoluorganizuju-tyzden-celozivotneho-ucenia-2021\/#primaryimage"},"thumbnailUrl":"https:\/\/archiv.siov.sk\/wp-content\/uploads\/2021\/08\/shutterstock_402030307-scaled.jpg","articleSection":["Aktuality"],"inLanguage":"en-GB"},{"@type":"WebPage","@id":"https:\/\/archiv.siov.sk\/siov-a-epale-spoluorganizuju-tyzden-celozivotneho-ucenia-2021\/","url":"https:\/\/archiv.siov.sk\/siov-a-epale-spoluorganizuju-tyzden-celozivotneho-ucenia-2021\/","name":"\u0160IOV a EPALE spoluorganizuj\u00fa T\u00fd\u017ede\u0148 celo\u017eivotn\u00e9ho u\u010denia 2021 - \u0160IOV - \u0161t\u00e1tny in\u0161tit\u00fat odborn\u00e9ho vzdel\u00e1vania","isPartOf":{"@id":"https:\/\/archiv.siov.sk\/#website"},"primaryImageOfPage":{"@id":"https:\/\/archiv.siov.sk\/siov-a-epale-spoluorganizuju-tyzden-celozivotneho-ucenia-2021\/#primaryimage"},"image":{"@id":"https:\/\/archiv.siov.sk\/siov-a-epale-spoluorganizuju-tyzden-celozivotneho-ucenia-2021\/#primaryimage"},"thumbnailUrl":"https:\/\/archiv.siov.sk\/wp-content\/uploads\/2021\/08\/shutterstock_402030307-scaled.jpg","datePublished":"2021-11-05T09:20:58+00:00","breadcrumb":{"@id":"https:\/\/archiv.siov.sk\/siov-a-epale-spoluorganizuju-tyzden-celozivotneho-ucenia-2021\/#breadcrumb"},"inLanguage":"en-GB","potentialAction":[{"@type":"ReadAction","target":["https:\/\/archiv.siov.sk\/siov-a-epale-spoluorganizuju-tyzden-celozivotneho-ucenia-2021\/"]}]},{"@type":"ImageObject","inLanguage":"en-GB","@id":"https:\/\/archiv.siov.sk\/siov-a-epale-spoluorganizuju-tyzden-celozivotneho-ucenia-2021\/#primaryimage","url":"https:\/\/archiv.siov.sk\/wp-content\/uploads\/2021\/08\/shutterstock_402030307-scaled.jpg","contentUrl":"https:\/\/archiv.siov.sk\/wp-content\/uploads\/2021\/08\/shutterstock_402030307-scaled.jpg","width":2560,"height":1134},{"@type":"BreadcrumbList","@id":"https:\/\/archiv.siov.sk\/siov-a-epale-spoluorganizuju-tyzden-celozivotneho-ucenia-2021\/#breadcrumb","itemListElement":[{"@type":"ListItem","position":1,"name":"Home","item":"https:\/\/archiv.siov.sk\/"},{"@type":"ListItem","position":2,"name":"\u0160IOV a EPALE spoluorganizuj\u00fa T\u00fd\u017ede\u0148 celo\u017eivotn\u00e9ho u\u010denia 2021"}]},{"@type":"WebSite","@id":"https:\/\/archiv.siov.sk\/#website","url":"https:\/\/archiv.siov.sk\/","name":"\u0160IOV - \u0161t\u00e1tny in\u0161tit\u00fat odborn\u00e9ho vzdel\u00e1vania","description":"","publisher":{"@id":"https:\/\/archiv.siov.sk\/#organization"},"potentialAction":[{"@type":"SearchAction","target":{"@type":"EntryPoint","urlTemplate":"https:\/\/archiv.siov.sk\/?s={search_term_string}"},"query-input":{"@type":"PropertyValueSpecification","valueRequired":true,"valueName":"search_term_string"}}],"inLanguage":"en-GB"},{"@type":"Organization","@id":"https:\/\/archiv.siov.sk\/#organization","name":"\u0160IOV - \u0161t\u00e1tny in\u0161tit\u00fat odborn\u00e9ho vzdel\u00e1vania","url":"https:\/\/archiv.siov.sk\/","logo":{"@type":"ImageObject","inLanguage":"en-GB","@id":"https:\/\/archiv.siov.sk\/#\/schema\/logo\/image\/","url":"https:\/\/archiv.siov.sk\/wp-content\/uploads\/2024\/02\/logo-SIOV.png","contentUrl":"https:\/\/archiv.siov.sk\/wp-content\/uploads\/2024\/02\/logo-SIOV.png","width":431,"height":143,"caption":"\u0160IOV - \u0161t\u00e1tny in\u0161tit\u00fat odborn\u00e9ho vzdel\u00e1vania"},"image":{"@id":"https:\/\/archiv.siov.sk\/#\/schema\/logo\/image\/"},"sameAs":["https:\/\/www.facebook.com\/Statnyinstitutodbornehovzdelavania"]},{"@type":"Person","@id":"https:\/\/archiv.siov.sk\/#\/schema\/person\/e42d633fbd958c6a726e8834d8965e6c","name":"Katar\u00edna Kov\u00e1\u010dov\u00e1","url":"https:\/\/archiv.siov.sk\/en\/author\/katkakovacova\/"}]}},"_links":{"self":[{"href":"https:\/\/archiv.siov.sk\/en\/wp-json\/wp\/v2\/posts\/10079","targetHints":{"allow":["GET"]}}],"collection":[{"href":"https:\/\/archiv.siov.sk\/en\/wp-json\/wp\/v2\/posts"}],"about":[{"href":"https:\/\/archiv.siov.sk\/en\/wp-json\/wp\/v2\/types\/post"}],"author":[{"embeddable":true,"href":"https:\/\/archiv.siov.sk\/en\/wp-json\/wp\/v2\/users\/6"}],"replies":[{"embeddable":true,"href":"https:\/\/archiv.siov.sk\/en\/wp-json\/wp\/v2\/comments?post=10079"}],"version-history":[{"count":2,"href":"https:\/\/archiv.siov.sk\/en\/wp-json\/wp\/v2\/posts\/10079\/revisions"}],"predecessor-version":[{"id":10084,"href":"https:\/\/archiv.siov.sk\/en\/wp-json\/wp\/v2\/posts\/10079\/revisions\/10084"}],"wp:featuredmedia":[{"embeddable":true,"href":"https:\/\/archiv.siov.sk\/en\/wp-json\/wp\/v2\/media\/9277"}],"wp:attachment":[{"href":"https:\/\/archiv.siov.sk\/en\/wp-json\/wp\/v2\/media?parent=10079"}],"wp:term":[{"taxonomy":"category","embeddable":true,"href":"https:\/\/archiv.siov.sk\/en\/wp-json\/wp\/v2\/categories?post=10079"},{"taxonomy":"post_tag","embeddable":true,"href":"https:\/\/archiv.siov.sk\/en\/wp-json\/wp\/v2\/tags?post=10079"}],"curies":[{"name":"wp","href":"https:\/\/api.w.org\/{rel}","templated":true}]}}