{"id":10071,"date":"2021-10-28T11:16:20","date_gmt":"2021-10-28T09:16:20","guid":{"rendered":"https:\/\/archiv.siov.sk\/?p=10071"},"modified":"2021-10-28T11:16:20","modified_gmt":"2021-10-28T09:16:20","slug":"novy-projekt-v-oblasti-cvicnych-firiem","status":"publish","type":"post","link":"https:\/\/archiv.siov.sk\/en\/novy-projekt-v-oblasti-cvicnych-firiem\/","title":{"rendered":"Nov\u00fd projekt v oblasti cvi\u010dn\u00fdch firiem"},"content":{"rendered":"<p style=\"text-align: justify;\">Prv\u00e9 medzin\u00e1rodn\u00e9 stretnutie v\u0161etk\u00fdch partnersk\u00fdch organiz\u00e1ci\u00ed <strong>projektu MESU<\/strong> zameran\u00e9ho na virtu\u00e1lne prostredie cvi\u010dn\u00fdch firiem v&nbsp;oblasti odborn\u00e9ho vzdel\u00e1vania sa uskuto\u010dnilo 20. a&nbsp;21. okt\u00f3bra na p\u00f4de \u0160t\u00e1tneho in\u0161tit\u00fatu odborn\u00e9ho vzdel\u00e1vania (\u0160IOV).<\/p>\n<p style=\"text-align: justify;\">\u0160t\u00e1tny in\u0161tit\u00fat odborn\u00e9ho vzdel\u00e1vania dlhodobo p\u00f4sob\u00ed v&nbsp;oblasti vzdel\u00e1vania prostredn\u00edctvom simula\u010dnej met\u00f3dy cvi\u010dn\u00fdch firiem a&nbsp;v tejto oblasti realizuje aj viacero medzin\u00e1rodn\u00fdch projektov. \u201eMoment\u00e1lne bol ukon\u010den\u00fd medzin\u00e1rodn\u00fd projekt CLIL IN VET, ktor\u00fd bol tie\u017e zameran\u00fd na cvi\u010dn\u00e9 firmy. Po jeho \u00faspe\u0161nej realiz\u00e1cii n\u00e1s oslovili tureck\u00ed partneri s&nbsp;t\u00fdm, \u010di by sme chceli v&nbsp;tejto spolupr\u00e1ci pokra\u010dova\u0165,\u201c pribl\u00ed\u017eil Ladislav \u0160atka zo \u0160t\u00e1tneho in\u0161tit\u00fatu odborn\u00e9ho vzdel\u00e1vania.<\/p>\n<p style=\"text-align: justify;\">V&nbsp;Turecku je o&nbsp;vzdel\u00e1vanie prostredn\u00edctvom \u0161kolsk\u00fdch cvi\u010dn\u00fdch firiem ve\u013ek\u00fd z\u00e1ujem. Na tento \u00fa\u010del pripravili tureck\u00ed partneri nov\u00fd projekt, akoby pokra\u010dovanie predch\u00e1dzaj\u00faceho projektu, ale s&nbsp;nov\u00fdm obsahom. \u201ePredstava je vytvori\u0165 webov\u00e9 a&nbsp;softv\u00e9rov\u00e9 prostredie, ktor\u00e9 bude sl\u00fa\u017ei\u0165 nielen im ako partnerom, ale aj potreb\u00e1m \u010fal\u0161\u00edch cvi\u010dn\u00fdch firiem v&nbsp;Turecku. V&nbsp;tomto procese prizvali k&nbsp;spolupr\u00e1ci n\u00e1s, Obchodn\u00fa akad\u00e9miu z&nbsp;Nitry a&nbsp;Stredn\u00fa odborn\u00fa \u0161kolu zo Slovinska z&nbsp;meste\u010dka Se\u017eana. V\u0161etci t\u00edto partneri boli \u00fa\u010dastn\u00edkmi aj predch\u00e1dzaj\u00faceho projektu,\u201c doplnil.<\/p>\n<p style=\"text-align: justify;\">\u0160t\u00e1tny in\u0161tit\u00fat odborn\u00e9ho vzdel\u00e1vania m\u00e1 pri tom plni\u0165 ve\u013emi d\u00f4le\u017eit\u00fa \u00falohu, poskytova\u0165 tureck\u00fdm partnerom t\u00fatorovanie a&nbsp;mentorovanie. Program prv\u00e9ho stretnutia bol zameran\u00fd na prezent\u00e1ciu toho, \u010do ostatn\u00ed partneri maj\u00fa k&nbsp;dispoz\u00edcii v&nbsp;oblasti softv\u00e9rov\u00e9ho a&nbsp;webov\u00e9ho vybavenia. \u0160IOV zastre\u0161uje cel\u00fa sie\u0165 stredn\u00fdch odborn\u00fdch \u0161k\u00f4l a&nbsp;cvi\u010dn\u00fdch firiem, to znamen\u00e1, \u017ee na\u0161e softv\u00e9rov\u00e9 a&nbsp;webov\u00e9 vybavenie je orientovan\u00e9 na cel\u00fa \u0161k\u00e1lu aktiv\u00edt ako n\u00e1rodn\u00e9ho centra. M\u00e1 nadstavbu, ktor\u00e1 sa nedot\u00fdka len jednej cvi\u010dnej firmy, ale celej siete.<\/p>\n<p style=\"text-align: justify;\">Na z\u00e1klade stretnutia a&nbsp;prezent\u00e1ci\u00ed pon\u00fakli \u00fa\u010dastn\u00edci tureck\u00e9mu partnerovi vyu\u017eitie t\u00fdchto n\u00e1strojov ako vzor. V \u010fal\u0161ej etape projektov\u00fdch pr\u00e1c si tureck\u00ed partneri na z\u00e1klade&nbsp; inform\u00e1ci\u00ed zo stretnutia spravia svoju predstavu o&nbsp;tom, o&nbsp;ak\u00fd typ softv\u00e9ru bud\u00fa ma\u0165 z\u00e1ujem, \u010di pre \u0161kolsk\u00fa cvi\u010dn\u00fa firmu ako tak\u00fa alebo bud\u00fa ma\u0165 do bud\u00facnosti amb\u00edciu sta\u0165 sa tureck\u00fdm centrom cvi\u010dn\u00fdch firiem. Stretnutie bolo ve\u013emi d\u00f4le\u017eit\u00e9, preto\u017ee objasnilo z\u00e1kladn\u00e9 veci, ktor\u00e9 s\u00fa v&nbsp;r\u00e1mci projektov\u00e9ho konzorcia k&nbsp;dispoz\u00edci\u00ed a&nbsp;stretlo sa s&nbsp;ve\u013ek\u00fdm ocenen\u00edm.<\/p>","protected":false},"excerpt":{"rendered":"<p>Prv\u00e9 medzin\u00e1rodn\u00e9 stretnutie v\u0161etk\u00fdch partnersk\u00fdch organiz\u00e1ci\u00ed projektu MESU zameran\u00e9ho na virtu\u00e1lne prostredie cvi\u010dn\u00fdch firiem v&nbsp;oblasti odborn\u00e9ho vzdel\u00e1vania sa uskuto\u010dnilo 20. a&nbsp;21. okt\u00f3bra na p\u00f4de \u0160t\u00e1tneho in\u0161tit\u00fatu odborn\u00e9ho vzdel\u00e1vania (\u0160IOV). \u0160t\u00e1tny in\u0161tit\u00fat odborn\u00e9ho vzdel\u00e1vania dlhodobo p\u00f4sob\u00ed v&nbsp;oblasti vzdel\u00e1vania prostredn\u00edctvom simula\u010dnej met\u00f3dy cvi\u010dn\u00fdch firiem a&nbsp;v tejto oblasti realizuje aj viacero medzin\u00e1rodn\u00fdch projektov. \u201eMoment\u00e1lne bol ukon\u010den\u00fd medzin\u00e1rodn\u00fd projekt [&hellip;]<\/p>\n","protected":false},"author":6,"featured_media":2380,"comment_status":"closed","ping_status":"closed","sticky":false,"template":"","format":"standard","meta":{"site-sidebar-layout":"default","site-content-layout":"default","ast-site-content-layout":"default","site-content-style":"default","site-sidebar-style":"default","ast-global-header-display":"","ast-banner-title-visibility":"","ast-main-header-display":"","ast-hfb-above-header-display":"","ast-hfb-below-header-display":"","ast-hfb-mobile-header-display":"","site-post-title":"","ast-breadcrumbs-content":"","ast-featured-img":"","footer-sml-layout":"","ast-disable-related-posts":"","theme-transparent-header-meta":"default","adv-header-id-meta":"","stick-header-meta":"","header-above-stick-meta":"","header-main-stick-meta":"","header-below-stick-meta":"","astra-migrate-meta-layouts":"default","ast-page-background-enabled":"default","ast-page-background-meta":{"desktop":{"background-color":"var(--ast-global-color-4)","background-image":"","background-repeat":"repeat","background-position":"center center","background-size":"auto","background-attachment":"scroll","background-type":"","background-media":"","overlay-type":"","overlay-color":"","overlay-opacity":"","overlay-gradient":""},"tablet":{"background-color":"","background-image":"","background-repeat":"repeat","background-position":"center center","background-size":"auto","background-attachment":"scroll","background-type":"","background-media":"","overlay-type":"","overlay-color":"","overlay-opacity":"","overlay-gradient":""},"mobile":{"background-color":"","background-image":"","background-repeat":"repeat","background-position":"center center","background-size":"auto","background-attachment":"scroll","background-type":"","background-media":"","overlay-type":"","overlay-color":"","overlay-opacity":"","overlay-gradient":""}},"ast-content-background-meta":{"desktop":{"background-color":"var(--ast-global-color-5)","background-image":"","background-repeat":"repeat","background-position":"center center","background-size":"auto","background-attachment":"scroll","background-type":"","background-media":"","overlay-type":"","overlay-color":"","overlay-opacity":"","overlay-gradient":""},"tablet":{"background-color":"var(--ast-global-color-5)","background-image":"","background-repeat":"repeat","background-position":"center center","background-size":"auto","background-attachment":"scroll","background-type":"","background-media":"","overlay-type":"","overlay-color":"","overlay-opacity":"","overlay-gradient":""},"mobile":{"background-color":"var(--ast-global-color-5)","background-image":"","background-repeat":"repeat","background-position":"center center","background-size":"auto","background-attachment":"scroll","background-type":"","background-media":"","overlay-type":"","overlay-color":"","overlay-opacity":"","overlay-gradient":""}},"footnotes":""},"categories":[1],"tags":[],"class_list":["post-10071","post","type-post","status-publish","format-standard","has-post-thumbnail","hentry","category-aktuality"],"yoast_head":"<!-- This site is optimized with the Yoast SEO plugin v27.5 - https:\/\/yoast.com\/product\/yoast-seo-wordpress\/ -->\n<title>Nov\u00fd projekt v oblasti cvi\u010dn\u00fdch firiem - \u0160IOV - \u0161t\u00e1tny in\u0161tit\u00fat odborn\u00e9ho vzdel\u00e1vania<\/title>\n<meta name=\"robots\" content=\"index, follow, max-snippet:-1, max-image-preview:large, max-video-preview:-1\" \/>\n<link rel=\"canonical\" href=\"https:\/\/archiv.siov.sk\/en\/novy-projekt-v-oblasti-cvicnych-firiem\/\" \/>\n<meta property=\"og:locale\" content=\"en_GB\" \/>\n<meta property=\"og:type\" content=\"article\" \/>\n<meta property=\"og:title\" content=\"Nov\u00fd projekt v oblasti cvi\u010dn\u00fdch firiem - \u0160IOV - \u0161t\u00e1tny in\u0161tit\u00fat odborn\u00e9ho vzdel\u00e1vania\" \/>\n<meta property=\"og:description\" content=\"Prv\u00e9 medzin\u00e1rodn\u00e9 stretnutie v\u0161etk\u00fdch partnersk\u00fdch organiz\u00e1ci\u00ed projektu MESU zameran\u00e9ho na virtu\u00e1lne prostredie cvi\u010dn\u00fdch firiem v&nbsp;oblasti odborn\u00e9ho vzdel\u00e1vania sa uskuto\u010dnilo 20. a&nbsp;21. okt\u00f3bra na p\u00f4de \u0160t\u00e1tneho in\u0161tit\u00fatu odborn\u00e9ho vzdel\u00e1vania (\u0160IOV). \u0160t\u00e1tny in\u0161tit\u00fat odborn\u00e9ho vzdel\u00e1vania dlhodobo p\u00f4sob\u00ed v&nbsp;oblasti vzdel\u00e1vania prostredn\u00edctvom simula\u010dnej met\u00f3dy cvi\u010dn\u00fdch firiem a&nbsp;v tejto oblasti realizuje aj viacero medzin\u00e1rodn\u00fdch projektov. \u201eMoment\u00e1lne bol ukon\u010den\u00fd medzin\u00e1rodn\u00fd projekt [&hellip;]\" \/>\n<meta property=\"og:url\" content=\"https:\/\/archiv.siov.sk\/en\/novy-projekt-v-oblasti-cvicnych-firiem\/\" \/>\n<meta property=\"og:site_name\" content=\"\u0160IOV - \u0161t\u00e1tny in\u0161tit\u00fat odborn\u00e9ho vzdel\u00e1vania\" \/>\n<meta property=\"article:publisher\" content=\"https:\/\/www.facebook.com\/Statnyinstitutodbornehovzdelavania\" \/>\n<meta property=\"article:published_time\" content=\"2021-10-28T09:16:20+00:00\" \/>\n<meta property=\"og:image\" content=\"https:\/\/archiv.siov.sk\/wp-content\/uploads\/2019\/02\/top_program.jpg\" \/>\n\t<meta property=\"og:image:width\" content=\"1100\" \/>\n\t<meta property=\"og:image:height\" content=\"445\" \/>\n\t<meta property=\"og:image:type\" content=\"image\/jpeg\" \/>\n<meta name=\"author\" content=\"Katar\u00edna Kov\u00e1\u010dov\u00e1\" \/>\n<meta name=\"twitter:card\" content=\"summary_large_image\" \/>\n<meta name=\"twitter:label1\" content=\"Written by\" \/>\n\t<meta name=\"twitter:data1\" content=\"Katar\u00edna Kov\u00e1\u010dov\u00e1\" \/>\n\t<meta name=\"twitter:label2\" content=\"Estimated reading time\" \/>\n\t<meta name=\"twitter:data2\" content=\"2 minutes\" \/>\n<script type=\"application\/ld+json\" class=\"yoast-schema-graph\">{\"@context\":\"https:\\\/\\\/schema.org\",\"@graph\":[{\"@type\":\"Article\",\"@id\":\"https:\\\/\\\/archiv.siov.sk\\\/novy-projekt-v-oblasti-cvicnych-firiem\\\/#article\",\"isPartOf\":{\"@id\":\"https:\\\/\\\/archiv.siov.sk\\\/novy-projekt-v-oblasti-cvicnych-firiem\\\/\"},\"author\":{\"name\":\"Katar\u00edna Kov\u00e1\u010dov\u00e1\",\"@id\":\"https:\\\/\\\/archiv.siov.sk\\\/#\\\/schema\\\/person\\\/e42d633fbd958c6a726e8834d8965e6c\"},\"headline\":\"Nov\u00fd projekt v oblasti cvi\u010dn\u00fdch firiem\",\"datePublished\":\"2021-10-28T09:16:20+00:00\",\"mainEntityOfPage\":{\"@id\":\"https:\\\/\\\/archiv.siov.sk\\\/novy-projekt-v-oblasti-cvicnych-firiem\\\/\"},\"wordCount\":503,\"publisher\":{\"@id\":\"https:\\\/\\\/archiv.siov.sk\\\/#organization\"},\"image\":{\"@id\":\"https:\\\/\\\/archiv.siov.sk\\\/novy-projekt-v-oblasti-cvicnych-firiem\\\/#primaryimage\"},\"thumbnailUrl\":\"https:\\\/\\\/archiv.siov.sk\\\/wp-content\\\/uploads\\\/2019\\\/02\\\/top_program.jpg\",\"articleSection\":[\"Aktuality\"],\"inLanguage\":\"en-GB\"},{\"@type\":\"WebPage\",\"@id\":\"https:\\\/\\\/archiv.siov.sk\\\/novy-projekt-v-oblasti-cvicnych-firiem\\\/\",\"url\":\"https:\\\/\\\/archiv.siov.sk\\\/novy-projekt-v-oblasti-cvicnych-firiem\\\/\",\"name\":\"Nov\u00fd projekt v oblasti cvi\u010dn\u00fdch firiem - \u0160IOV - \u0161t\u00e1tny in\u0161tit\u00fat odborn\u00e9ho vzdel\u00e1vania\",\"isPartOf\":{\"@id\":\"https:\\\/\\\/archiv.siov.sk\\\/#website\"},\"primaryImageOfPage\":{\"@id\":\"https:\\\/\\\/archiv.siov.sk\\\/novy-projekt-v-oblasti-cvicnych-firiem\\\/#primaryimage\"},\"image\":{\"@id\":\"https:\\\/\\\/archiv.siov.sk\\\/novy-projekt-v-oblasti-cvicnych-firiem\\\/#primaryimage\"},\"thumbnailUrl\":\"https:\\\/\\\/archiv.siov.sk\\\/wp-content\\\/uploads\\\/2019\\\/02\\\/top_program.jpg\",\"datePublished\":\"2021-10-28T09:16:20+00:00\",\"breadcrumb\":{\"@id\":\"https:\\\/\\\/archiv.siov.sk\\\/novy-projekt-v-oblasti-cvicnych-firiem\\\/#breadcrumb\"},\"inLanguage\":\"en-GB\",\"potentialAction\":[{\"@type\":\"ReadAction\",\"target\":[\"https:\\\/\\\/archiv.siov.sk\\\/novy-projekt-v-oblasti-cvicnych-firiem\\\/\"]}]},{\"@type\":\"ImageObject\",\"inLanguage\":\"en-GB\",\"@id\":\"https:\\\/\\\/archiv.siov.sk\\\/novy-projekt-v-oblasti-cvicnych-firiem\\\/#primaryimage\",\"url\":\"https:\\\/\\\/archiv.siov.sk\\\/wp-content\\\/uploads\\\/2019\\\/02\\\/top_program.jpg\",\"contentUrl\":\"https:\\\/\\\/archiv.siov.sk\\\/wp-content\\\/uploads\\\/2019\\\/02\\\/top_program.jpg\",\"width\":1100,\"height\":445,\"caption\":\"\u0160tudenti z cel\u00e9ho Slovenska si zmeraj\u00fa svoje technick\u00e9 zru\u010dnosti na s\u00fa\u0165a\u017ei ZENIT\"},{\"@type\":\"BreadcrumbList\",\"@id\":\"https:\\\/\\\/archiv.siov.sk\\\/novy-projekt-v-oblasti-cvicnych-firiem\\\/#breadcrumb\",\"itemListElement\":[{\"@type\":\"ListItem\",\"position\":1,\"name\":\"Home\",\"item\":\"https:\\\/\\\/archiv.siov.sk\\\/\"},{\"@type\":\"ListItem\",\"position\":2,\"name\":\"Nov\u00fd projekt v oblasti cvi\u010dn\u00fdch firiem\"}]},{\"@type\":\"WebSite\",\"@id\":\"https:\\\/\\\/archiv.siov.sk\\\/#website\",\"url\":\"https:\\\/\\\/archiv.siov.sk\\\/\",\"name\":\"\u0160IOV - \u0161t\u00e1tny in\u0161tit\u00fat odborn\u00e9ho vzdel\u00e1vania\",\"description\":\"\",\"publisher\":{\"@id\":\"https:\\\/\\\/archiv.siov.sk\\\/#organization\"},\"potentialAction\":[{\"@type\":\"SearchAction\",\"target\":{\"@type\":\"EntryPoint\",\"urlTemplate\":\"https:\\\/\\\/archiv.siov.sk\\\/?s={search_term_string}\"},\"query-input\":{\"@type\":\"PropertyValueSpecification\",\"valueRequired\":true,\"valueName\":\"search_term_string\"}}],\"inLanguage\":\"en-GB\"},{\"@type\":\"Organization\",\"@id\":\"https:\\\/\\\/archiv.siov.sk\\\/#organization\",\"name\":\"\u0160IOV - \u0161t\u00e1tny in\u0161tit\u00fat odborn\u00e9ho vzdel\u00e1vania\",\"url\":\"https:\\\/\\\/archiv.siov.sk\\\/\",\"logo\":{\"@type\":\"ImageObject\",\"inLanguage\":\"en-GB\",\"@id\":\"https:\\\/\\\/archiv.siov.sk\\\/#\\\/schema\\\/logo\\\/image\\\/\",\"url\":\"https:\\\/\\\/archiv.siov.sk\\\/wp-content\\\/uploads\\\/2024\\\/02\\\/logo-SIOV.png\",\"contentUrl\":\"https:\\\/\\\/archiv.siov.sk\\\/wp-content\\\/uploads\\\/2024\\\/02\\\/logo-SIOV.png\",\"width\":431,\"height\":143,\"caption\":\"\u0160IOV - \u0161t\u00e1tny in\u0161tit\u00fat odborn\u00e9ho vzdel\u00e1vania\"},\"image\":{\"@id\":\"https:\\\/\\\/archiv.siov.sk\\\/#\\\/schema\\\/logo\\\/image\\\/\"},\"sameAs\":[\"https:\\\/\\\/www.facebook.com\\\/Statnyinstitutodbornehovzdelavania\"]},{\"@type\":\"Person\",\"@id\":\"https:\\\/\\\/archiv.siov.sk\\\/#\\\/schema\\\/person\\\/e42d633fbd958c6a726e8834d8965e6c\",\"name\":\"Katar\u00edna Kov\u00e1\u010dov\u00e1\",\"url\":\"https:\\\/\\\/archiv.siov.sk\\\/en\\\/author\\\/katkakovacova\\\/\"}]}<\/script>\n<!-- \/ Yoast SEO plugin. -->","yoast_head_json":{"title":"Nov\u00fd projekt v oblasti cvi\u010dn\u00fdch firiem - \u0160IOV - \u0161t\u00e1tny in\u0161tit\u00fat odborn\u00e9ho vzdel\u00e1vania","robots":{"index":"index","follow":"follow","max-snippet":"max-snippet:-1","max-image-preview":"max-image-preview:large","max-video-preview":"max-video-preview:-1"},"canonical":"https:\/\/archiv.siov.sk\/en\/novy-projekt-v-oblasti-cvicnych-firiem\/","og_locale":"en_GB","og_type":"article","og_title":"Nov\u00fd projekt v oblasti cvi\u010dn\u00fdch firiem - \u0160IOV - \u0161t\u00e1tny in\u0161tit\u00fat odborn\u00e9ho vzdel\u00e1vania","og_description":"Prv\u00e9 medzin\u00e1rodn\u00e9 stretnutie v\u0161etk\u00fdch partnersk\u00fdch organiz\u00e1ci\u00ed projektu MESU zameran\u00e9ho na virtu\u00e1lne prostredie cvi\u010dn\u00fdch firiem v&nbsp;oblasti odborn\u00e9ho vzdel\u00e1vania sa uskuto\u010dnilo 20. a&nbsp;21. okt\u00f3bra na p\u00f4de \u0160t\u00e1tneho in\u0161tit\u00fatu odborn\u00e9ho vzdel\u00e1vania (\u0160IOV). \u0160t\u00e1tny in\u0161tit\u00fat odborn\u00e9ho vzdel\u00e1vania dlhodobo p\u00f4sob\u00ed v&nbsp;oblasti vzdel\u00e1vania prostredn\u00edctvom simula\u010dnej met\u00f3dy cvi\u010dn\u00fdch firiem a&nbsp;v tejto oblasti realizuje aj viacero medzin\u00e1rodn\u00fdch projektov. \u201eMoment\u00e1lne bol ukon\u010den\u00fd medzin\u00e1rodn\u00fd projekt [&hellip;]","og_url":"https:\/\/archiv.siov.sk\/en\/novy-projekt-v-oblasti-cvicnych-firiem\/","og_site_name":"\u0160IOV - \u0161t\u00e1tny in\u0161tit\u00fat odborn\u00e9ho vzdel\u00e1vania","article_publisher":"https:\/\/www.facebook.com\/Statnyinstitutodbornehovzdelavania","article_published_time":"2021-10-28T09:16:20+00:00","og_image":[{"width":1100,"height":445,"url":"https:\/\/archiv.siov.sk\/wp-content\/uploads\/2019\/02\/top_program.jpg","type":"image\/jpeg"}],"author":"Katar\u00edna Kov\u00e1\u010dov\u00e1","twitter_card":"summary_large_image","twitter_misc":{"Written by":"Katar\u00edna Kov\u00e1\u010dov\u00e1","Estimated reading time":"2 minutes"},"schema":{"@context":"https:\/\/schema.org","@graph":[{"@type":"Article","@id":"https:\/\/archiv.siov.sk\/novy-projekt-v-oblasti-cvicnych-firiem\/#article","isPartOf":{"@id":"https:\/\/archiv.siov.sk\/novy-projekt-v-oblasti-cvicnych-firiem\/"},"author":{"name":"Katar\u00edna Kov\u00e1\u010dov\u00e1","@id":"https:\/\/archiv.siov.sk\/#\/schema\/person\/e42d633fbd958c6a726e8834d8965e6c"},"headline":"Nov\u00fd projekt v oblasti cvi\u010dn\u00fdch firiem","datePublished":"2021-10-28T09:16:20+00:00","mainEntityOfPage":{"@id":"https:\/\/archiv.siov.sk\/novy-projekt-v-oblasti-cvicnych-firiem\/"},"wordCount":503,"publisher":{"@id":"https:\/\/archiv.siov.sk\/#organization"},"image":{"@id":"https:\/\/archiv.siov.sk\/novy-projekt-v-oblasti-cvicnych-firiem\/#primaryimage"},"thumbnailUrl":"https:\/\/archiv.siov.sk\/wp-content\/uploads\/2019\/02\/top_program.jpg","articleSection":["Aktuality"],"inLanguage":"en-GB"},{"@type":"WebPage","@id":"https:\/\/archiv.siov.sk\/novy-projekt-v-oblasti-cvicnych-firiem\/","url":"https:\/\/archiv.siov.sk\/novy-projekt-v-oblasti-cvicnych-firiem\/","name":"Nov\u00fd projekt v oblasti cvi\u010dn\u00fdch firiem - \u0160IOV - \u0161t\u00e1tny in\u0161tit\u00fat odborn\u00e9ho vzdel\u00e1vania","isPartOf":{"@id":"https:\/\/archiv.siov.sk\/#website"},"primaryImageOfPage":{"@id":"https:\/\/archiv.siov.sk\/novy-projekt-v-oblasti-cvicnych-firiem\/#primaryimage"},"image":{"@id":"https:\/\/archiv.siov.sk\/novy-projekt-v-oblasti-cvicnych-firiem\/#primaryimage"},"thumbnailUrl":"https:\/\/archiv.siov.sk\/wp-content\/uploads\/2019\/02\/top_program.jpg","datePublished":"2021-10-28T09:16:20+00:00","breadcrumb":{"@id":"https:\/\/archiv.siov.sk\/novy-projekt-v-oblasti-cvicnych-firiem\/#breadcrumb"},"inLanguage":"en-GB","potentialAction":[{"@type":"ReadAction","target":["https:\/\/archiv.siov.sk\/novy-projekt-v-oblasti-cvicnych-firiem\/"]}]},{"@type":"ImageObject","inLanguage":"en-GB","@id":"https:\/\/archiv.siov.sk\/novy-projekt-v-oblasti-cvicnych-firiem\/#primaryimage","url":"https:\/\/archiv.siov.sk\/wp-content\/uploads\/2019\/02\/top_program.jpg","contentUrl":"https:\/\/archiv.siov.sk\/wp-content\/uploads\/2019\/02\/top_program.jpg","width":1100,"height":445,"caption":"\u0160tudenti z cel\u00e9ho Slovenska si zmeraj\u00fa svoje technick\u00e9 zru\u010dnosti na s\u00fa\u0165a\u017ei ZENIT"},{"@type":"BreadcrumbList","@id":"https:\/\/archiv.siov.sk\/novy-projekt-v-oblasti-cvicnych-firiem\/#breadcrumb","itemListElement":[{"@type":"ListItem","position":1,"name":"Home","item":"https:\/\/archiv.siov.sk\/"},{"@type":"ListItem","position":2,"name":"Nov\u00fd projekt v oblasti cvi\u010dn\u00fdch firiem"}]},{"@type":"WebSite","@id":"https:\/\/archiv.siov.sk\/#website","url":"https:\/\/archiv.siov.sk\/","name":"\u0160IOV - \u0161t\u00e1tny in\u0161tit\u00fat odborn\u00e9ho vzdel\u00e1vania","description":"","publisher":{"@id":"https:\/\/archiv.siov.sk\/#organization"},"potentialAction":[{"@type":"SearchAction","target":{"@type":"EntryPoint","urlTemplate":"https:\/\/archiv.siov.sk\/?s={search_term_string}"},"query-input":{"@type":"PropertyValueSpecification","valueRequired":true,"valueName":"search_term_string"}}],"inLanguage":"en-GB"},{"@type":"Organization","@id":"https:\/\/archiv.siov.sk\/#organization","name":"\u0160IOV - \u0161t\u00e1tny in\u0161tit\u00fat odborn\u00e9ho vzdel\u00e1vania","url":"https:\/\/archiv.siov.sk\/","logo":{"@type":"ImageObject","inLanguage":"en-GB","@id":"https:\/\/archiv.siov.sk\/#\/schema\/logo\/image\/","url":"https:\/\/archiv.siov.sk\/wp-content\/uploads\/2024\/02\/logo-SIOV.png","contentUrl":"https:\/\/archiv.siov.sk\/wp-content\/uploads\/2024\/02\/logo-SIOV.png","width":431,"height":143,"caption":"\u0160IOV - \u0161t\u00e1tny in\u0161tit\u00fat odborn\u00e9ho vzdel\u00e1vania"},"image":{"@id":"https:\/\/archiv.siov.sk\/#\/schema\/logo\/image\/"},"sameAs":["https:\/\/www.facebook.com\/Statnyinstitutodbornehovzdelavania"]},{"@type":"Person","@id":"https:\/\/archiv.siov.sk\/#\/schema\/person\/e42d633fbd958c6a726e8834d8965e6c","name":"Katar\u00edna Kov\u00e1\u010dov\u00e1","url":"https:\/\/archiv.siov.sk\/en\/author\/katkakovacova\/"}]}},"_links":{"self":[{"href":"https:\/\/archiv.siov.sk\/en\/wp-json\/wp\/v2\/posts\/10071","targetHints":{"allow":["GET"]}}],"collection":[{"href":"https:\/\/archiv.siov.sk\/en\/wp-json\/wp\/v2\/posts"}],"about":[{"href":"https:\/\/archiv.siov.sk\/en\/wp-json\/wp\/v2\/types\/post"}],"author":[{"embeddable":true,"href":"https:\/\/archiv.siov.sk\/en\/wp-json\/wp\/v2\/users\/6"}],"replies":[{"embeddable":true,"href":"https:\/\/archiv.siov.sk\/en\/wp-json\/wp\/v2\/comments?post=10071"}],"version-history":[{"count":2,"href":"https:\/\/archiv.siov.sk\/en\/wp-json\/wp\/v2\/posts\/10071\/revisions"}],"predecessor-version":[{"id":10073,"href":"https:\/\/archiv.siov.sk\/en\/wp-json\/wp\/v2\/posts\/10071\/revisions\/10073"}],"wp:featuredmedia":[{"embeddable":true,"href":"https:\/\/archiv.siov.sk\/en\/wp-json\/wp\/v2\/media\/2380"}],"wp:attachment":[{"href":"https:\/\/archiv.siov.sk\/en\/wp-json\/wp\/v2\/media?parent=10071"}],"wp:term":[{"taxonomy":"category","embeddable":true,"href":"https:\/\/archiv.siov.sk\/en\/wp-json\/wp\/v2\/categories?post=10071"},{"taxonomy":"post_tag","embeddable":true,"href":"https:\/\/archiv.siov.sk\/en\/wp-json\/wp\/v2\/tags?post=10071"}],"curies":[{"name":"wp","href":"https:\/\/api.w.org\/{rel}","templated":true}]}}