{"id":10021,"date":"2021-10-25T15:13:26","date_gmt":"2021-10-25T13:13:26","guid":{"rendered":"https:\/\/archiv.siov.sk\/?p=10021"},"modified":"2021-10-25T15:13:26","modified_gmt":"2021-10-25T13:13:26","slug":"lingvakviz-uz-druhy-rok-uspesne-pomohol-slovakom-zlepsit-si-znalosti-v-cudzich-jazykoch","status":"publish","type":"post","link":"https:\/\/archiv.siov.sk\/en\/lingvakviz-uz-druhy-rok-uspesne-pomohol-slovakom-zlepsit-si-znalosti-v-cudzich-jazykoch\/","title":{"rendered":"LingvaKv\u00edz u\u017e druh\u00fd rok \u00faspe\u0161ne pomohol Slov\u00e1kom zlep\u0161i\u0165 si znalosti v cudz\u00edch jazykoch"},"content":{"rendered":"<p style=\"text-align: justify;\">Celoslovensk\u00fd vedomostn\u00fd online kv\u00edz zameran\u00fd na cudzie jazyky, <strong>LingvaKv\u00edz<\/strong>, bol pred p\u00e1r d\u0148ami ukon\u010den\u00fd. Konal sa pri pr\u00edle\u017eitosti Eur\u00f3pskeho d\u0148a jazykov, ktor\u00fd sa ka\u017edoro\u010dne oslavuje 26. septembra. S\u00fa\u010dasn\u00e1 celosvetov\u00e1 pand\u00e9mia podnietila minul\u00fd rok vznik tohto kv\u00edzu, ke\u010f\u017ee jeho hlavn\u00fd organiz\u00e1tor, ob\u010dianske zdru\u017eenie <u><a href=\"https:\/\/ikso.net\/sk\/\">Eduk\u00e1cia@Internet (E@I)<\/a><\/u>, mal p\u00f4vodne v pl\u00e1ne zorganizova\u0165 3. ro\u010dn\u00edk najv\u00e4\u010d\u0161ieho jazykov\u00e9ho festivalu na Slovensku, <strong>LingvaFest<\/strong>, ktor\u00fd bol v\u0161ak presunut\u00fd do bud\u00facna.<\/p>\n<p style=\"text-align: justify;\">LingvaKv\u00edz 2021 u\u017e druh\u00fd rok po sebe dok\u00e1zal, \u017ee cudzie jazyky sa m\u00f4\u017eu u\u010di\u0165 aj in\u00fdm, p\u00fatavej\u0161\u00edm sp\u00f4sobom. Od\u0161tartoval 24. septembra a prebiehal po cel\u00fd mesiac a\u017e do 23. okt\u00f3bra. \u00da\u010dastn\u00edci sa do\u0148 mohli zapoji\u0165 kedyko\u013evek a kdeko\u013evek a bezplatne si zlep\u0161ova\u0165 svoje znalosti v cudz\u00edch jazykoch, ako aj v\u0161eobecn\u00fd preh\u013ead o nich aj po\u010das obdobia pand\u00e9mie. Kv\u00edz bol hrate\u013en\u00fd na str\u00e1nke <u><a href=\"https:\/\/kviz.lingvafest.sk\/\">https:\/\/kviz.lingvafest.sk\/<\/a><\/u>, na ktorej je teraz mo\u017en\u00e9 pozrie\u0165 si zoznam 150 najlep\u0161\u00edch hr\u00e1\u010dov, ktor\u00ed od sponzorov s\u00fa\u0165a\u017ee vyhrali hodnotn\u00e9 ceny.<\/p>\n<p style=\"text-align: justify;\">Celkov\u00e1 n\u00e1v\u0161tevnos\u0165 kv\u00edzu bola pri druhom ro\u010dn\u00edku LingvaKv\u00edzu 2 093 \u013eud\u00ed. S\u00fa\u0165a\u017eiaci spolu odohrali 221 164 hier, pri\u010dom priemerne ka\u017ed\u00fd hr\u00e1\u010d odohral 106 hier. Za jeden mesiac str\u00e1vili v\u0161etci hr\u00e1\u010di neuverite\u013en\u00fdch 843 hod\u00edn hran\u00edm kv\u00edzu.<\/p>\n<p style=\"text-align: justify;\">Organiz\u00e1tori kv\u00edzu ako aj s\u00fa\u0165a\u017eiaci, ktor\u00ed sa do\u0148 zapojili, hodnotia tento ro\u010dn\u00edk ve\u013emi pozit\u00edvne. V\u0161eobecne si pochva\u013euj\u00fa kreativitu a p\u00fatavos\u0165 kv\u00edzu, ako aj eduka\u010dn\u00fd pr\u00ednos, ktor\u00fd pre nich tento kv\u00edz predstavoval. T\u00edm Eduk\u00e1cia@Internet je tie\u017e nad\u0161en\u00fd z pozit\u00edvnych ohlasov, v\u010faka ktor\u00fdm m\u00e1 motiv\u00e1ciu zorganizova\u0165 LingvaKv\u00edz, alebo priamo jazykov\u00fd festival LingvaFest op\u00e4\u0165 o rok pri pr\u00edle\u017eitosti Eur\u00f3pskeho d\u0148a jazykov.<\/p>\n<p>Spoluorganiz\u00e1tori LingvaKv\u00edzu:<\/p>\n<ul>\n<li>Ob\u010dianske zdru\u017eenie Eduk\u00e1cia@Internet (E@I)<\/li>\n<li>Zast\u00fapenie Eur\u00f3pskej komisie na Slovensku<\/li>\n<li>N\u00e1rodn\u00e1 podporn\u00e1 slu\u017eba EPALE Slovensko<\/li>\n<li>National Europass Centre Slovakia<\/li>\n<\/ul>\n<p>Odborn\u00fd garant:<\/p>\n<ul>\n<li>Jazykovedn\u00fd \u00fastav \u013dudov\u00edta \u0160t\u00fara SAV<\/li>\n<\/ul>\n<p>Z\u00e1\u0161titu nad LingvaKv\u00edzom prevzala:<\/p>\n<ul>\n<li>Slovensk\u00e1 komisia pre UNESCO<\/li>\n<\/ul>\n<p>Ambas\u00e1dorka LingvaKv\u00edzu:<\/p>\n<ul>\n<li>Adela Vinczeov\u00e1<\/li>\n<\/ul>","protected":false},"excerpt":{"rendered":"<p>Celoslovensk\u00fd vedomostn\u00fd online kv\u00edz zameran\u00fd na cudzie jazyky, LingvaKv\u00edz, bol pred p\u00e1r d\u0148ami ukon\u010den\u00fd. Konal sa pri pr\u00edle\u017eitosti Eur\u00f3pskeho d\u0148a jazykov, ktor\u00fd sa ka\u017edoro\u010dne oslavuje 26. septembra. S\u00fa\u010dasn\u00e1 celosvetov\u00e1 pand\u00e9mia podnietila minul\u00fd rok vznik tohto kv\u00edzu, ke\u010f\u017ee jeho hlavn\u00fd organiz\u00e1tor, ob\u010dianske zdru\u017eenie Eduk\u00e1cia@Internet (E@I), mal p\u00f4vodne v pl\u00e1ne zorganizova\u0165 3. ro\u010dn\u00edk najv\u00e4\u010d\u0161ieho jazykov\u00e9ho festivalu na [&hellip;]<\/p>\n","protected":false},"author":6,"featured_media":9723,"comment_status":"closed","ping_status":"closed","sticky":false,"template":"","format":"standard","meta":{"site-sidebar-layout":"default","site-content-layout":"default","ast-site-content-layout":"default","site-content-style":"default","site-sidebar-style":"default","ast-global-header-display":"","ast-banner-title-visibility":"","ast-main-header-display":"","ast-hfb-above-header-display":"","ast-hfb-below-header-display":"","ast-hfb-mobile-header-display":"","site-post-title":"","ast-breadcrumbs-content":"","ast-featured-img":"","footer-sml-layout":"","ast-disable-related-posts":"","theme-transparent-header-meta":"default","adv-header-id-meta":"","stick-header-meta":"","header-above-stick-meta":"","header-main-stick-meta":"","header-below-stick-meta":"","astra-migrate-meta-layouts":"default","ast-page-background-enabled":"default","ast-page-background-meta":{"desktop":{"background-color":"var(--ast-global-color-4)","background-image":"","background-repeat":"repeat","background-position":"center center","background-size":"auto","background-attachment":"scroll","background-type":"","background-media":"","overlay-type":"","overlay-color":"","overlay-opacity":"","overlay-gradient":""},"tablet":{"background-color":"","background-image":"","background-repeat":"repeat","background-position":"center center","background-size":"auto","background-attachment":"scroll","background-type":"","background-media":"","overlay-type":"","overlay-color":"","overlay-opacity":"","overlay-gradient":""},"mobile":{"background-color":"","background-image":"","background-repeat":"repeat","background-position":"center center","background-size":"auto","background-attachment":"scroll","background-type":"","background-media":"","overlay-type":"","overlay-color":"","overlay-opacity":"","overlay-gradient":""}},"ast-content-background-meta":{"desktop":{"background-color":"var(--ast-global-color-5)","background-image":"","background-repeat":"repeat","background-position":"center center","background-size":"auto","background-attachment":"scroll","background-type":"","background-media":"","overlay-type":"","overlay-color":"","overlay-opacity":"","overlay-gradient":""},"tablet":{"background-color":"var(--ast-global-color-5)","background-image":"","background-repeat":"repeat","background-position":"center center","background-size":"auto","background-attachment":"scroll","background-type":"","background-media":"","overlay-type":"","overlay-color":"","overlay-opacity":"","overlay-gradient":""},"mobile":{"background-color":"var(--ast-global-color-5)","background-image":"","background-repeat":"repeat","background-position":"center center","background-size":"auto","background-attachment":"scroll","background-type":"","background-media":"","overlay-type":"","overlay-color":"","overlay-opacity":"","overlay-gradient":""}},"footnotes":""},"categories":[1],"tags":[],"class_list":["post-10021","post","type-post","status-publish","format-standard","has-post-thumbnail","hentry","category-aktuality"],"yoast_head":"<!-- This site is optimized with the Yoast SEO plugin v27.5 - https:\/\/yoast.com\/product\/yoast-seo-wordpress\/ -->\n<title>LingvaKv\u00edz u\u017e druh\u00fd rok \u00faspe\u0161ne pomohol Slov\u00e1kom zlep\u0161i\u0165 si znalosti v cudz\u00edch jazykoch - \u0160IOV - \u0161t\u00e1tny in\u0161tit\u00fat odborn\u00e9ho vzdel\u00e1vania<\/title>\n<meta name=\"robots\" content=\"index, follow, max-snippet:-1, max-image-preview:large, max-video-preview:-1\" \/>\n<link rel=\"canonical\" href=\"https:\/\/archiv.siov.sk\/en\/lingvakviz-uz-druhy-rok-uspesne-pomohol-slovakom-zlepsit-si-znalosti-v-cudzich-jazykoch\/\" \/>\n<meta property=\"og:locale\" content=\"en_GB\" \/>\n<meta property=\"og:type\" content=\"article\" \/>\n<meta property=\"og:title\" content=\"LingvaKv\u00edz u\u017e druh\u00fd rok \u00faspe\u0161ne pomohol Slov\u00e1kom zlep\u0161i\u0165 si znalosti v cudz\u00edch jazykoch - \u0160IOV - \u0161t\u00e1tny in\u0161tit\u00fat odborn\u00e9ho vzdel\u00e1vania\" \/>\n<meta property=\"og:description\" content=\"Celoslovensk\u00fd vedomostn\u00fd online kv\u00edz zameran\u00fd na cudzie jazyky, LingvaKv\u00edz, bol pred p\u00e1r d\u0148ami ukon\u010den\u00fd. Konal sa pri pr\u00edle\u017eitosti Eur\u00f3pskeho d\u0148a jazykov, ktor\u00fd sa ka\u017edoro\u010dne oslavuje 26. septembra. S\u00fa\u010dasn\u00e1 celosvetov\u00e1 pand\u00e9mia podnietila minul\u00fd rok vznik tohto kv\u00edzu, ke\u010f\u017ee jeho hlavn\u00fd organiz\u00e1tor, ob\u010dianske zdru\u017eenie Eduk\u00e1cia@Internet (E@I), mal p\u00f4vodne v pl\u00e1ne zorganizova\u0165 3. ro\u010dn\u00edk najv\u00e4\u010d\u0161ieho jazykov\u00e9ho festivalu na [&hellip;]\" \/>\n<meta property=\"og:url\" content=\"https:\/\/archiv.siov.sk\/en\/lingvakviz-uz-druhy-rok-uspesne-pomohol-slovakom-zlepsit-si-znalosti-v-cudzich-jazykoch\/\" \/>\n<meta property=\"og:site_name\" content=\"\u0160IOV - \u0161t\u00e1tny in\u0161tit\u00fat odborn\u00e9ho vzdel\u00e1vania\" \/>\n<meta property=\"article:publisher\" content=\"https:\/\/www.facebook.com\/Statnyinstitutodbornehovzdelavania\" \/>\n<meta property=\"article:published_time\" content=\"2021-10-25T13:13:26+00:00\" \/>\n<meta property=\"og:image\" content=\"https:\/\/archiv.siov.sk\/wp-content\/uploads\/2021\/09\/Lingvakviz.png\" \/>\n\t<meta property=\"og:image:width\" content=\"401\" \/>\n\t<meta property=\"og:image:height\" content=\"361\" \/>\n\t<meta property=\"og:image:type\" content=\"image\/png\" \/>\n<meta name=\"author\" content=\"Katar\u00edna Kov\u00e1\u010dov\u00e1\" \/>\n<meta name=\"twitter:card\" content=\"summary_large_image\" \/>\n<meta name=\"twitter:label1\" content=\"Written by\" \/>\n\t<meta name=\"twitter:data1\" content=\"Katar\u00edna Kov\u00e1\u010dov\u00e1\" \/>\n\t<meta name=\"twitter:label2\" content=\"Estimated reading time\" \/>\n\t<meta name=\"twitter:data2\" content=\"2 minutes\" \/>\n<script type=\"application\/ld+json\" class=\"yoast-schema-graph\">{\"@context\":\"https:\\\/\\\/schema.org\",\"@graph\":[{\"@type\":\"Article\",\"@id\":\"https:\\\/\\\/archiv.siov.sk\\\/lingvakviz-uz-druhy-rok-uspesne-pomohol-slovakom-zlepsit-si-znalosti-v-cudzich-jazykoch\\\/#article\",\"isPartOf\":{\"@id\":\"https:\\\/\\\/archiv.siov.sk\\\/lingvakviz-uz-druhy-rok-uspesne-pomohol-slovakom-zlepsit-si-znalosti-v-cudzich-jazykoch\\\/\"},\"author\":{\"name\":\"Katar\u00edna Kov\u00e1\u010dov\u00e1\",\"@id\":\"https:\\\/\\\/archiv.siov.sk\\\/#\\\/schema\\\/person\\\/e42d633fbd958c6a726e8834d8965e6c\"},\"headline\":\"LingvaKv\u00edz u\u017e druh\u00fd rok \u00faspe\u0161ne pomohol Slov\u00e1kom zlep\u0161i\u0165 si znalosti v cudz\u00edch jazykoch\",\"datePublished\":\"2021-10-25T13:13:26+00:00\",\"mainEntityOfPage\":{\"@id\":\"https:\\\/\\\/archiv.siov.sk\\\/lingvakviz-uz-druhy-rok-uspesne-pomohol-slovakom-zlepsit-si-znalosti-v-cudzich-jazykoch\\\/\"},\"wordCount\":405,\"publisher\":{\"@id\":\"https:\\\/\\\/archiv.siov.sk\\\/#organization\"},\"image\":{\"@id\":\"https:\\\/\\\/archiv.siov.sk\\\/lingvakviz-uz-druhy-rok-uspesne-pomohol-slovakom-zlepsit-si-znalosti-v-cudzich-jazykoch\\\/#primaryimage\"},\"thumbnailUrl\":\"https:\\\/\\\/archiv.siov.sk\\\/wp-content\\\/uploads\\\/2021\\\/09\\\/Lingvakviz.png\",\"articleSection\":[\"Aktuality\"],\"inLanguage\":\"en-GB\"},{\"@type\":\"WebPage\",\"@id\":\"https:\\\/\\\/archiv.siov.sk\\\/lingvakviz-uz-druhy-rok-uspesne-pomohol-slovakom-zlepsit-si-znalosti-v-cudzich-jazykoch\\\/\",\"url\":\"https:\\\/\\\/archiv.siov.sk\\\/lingvakviz-uz-druhy-rok-uspesne-pomohol-slovakom-zlepsit-si-znalosti-v-cudzich-jazykoch\\\/\",\"name\":\"LingvaKv\u00edz u\u017e druh\u00fd rok \u00faspe\u0161ne pomohol Slov\u00e1kom zlep\u0161i\u0165 si znalosti v cudz\u00edch jazykoch - \u0160IOV - \u0161t\u00e1tny in\u0161tit\u00fat odborn\u00e9ho vzdel\u00e1vania\",\"isPartOf\":{\"@id\":\"https:\\\/\\\/archiv.siov.sk\\\/#website\"},\"primaryImageOfPage\":{\"@id\":\"https:\\\/\\\/archiv.siov.sk\\\/lingvakviz-uz-druhy-rok-uspesne-pomohol-slovakom-zlepsit-si-znalosti-v-cudzich-jazykoch\\\/#primaryimage\"},\"image\":{\"@id\":\"https:\\\/\\\/archiv.siov.sk\\\/lingvakviz-uz-druhy-rok-uspesne-pomohol-slovakom-zlepsit-si-znalosti-v-cudzich-jazykoch\\\/#primaryimage\"},\"thumbnailUrl\":\"https:\\\/\\\/archiv.siov.sk\\\/wp-content\\\/uploads\\\/2021\\\/09\\\/Lingvakviz.png\",\"datePublished\":\"2021-10-25T13:13:26+00:00\",\"breadcrumb\":{\"@id\":\"https:\\\/\\\/archiv.siov.sk\\\/lingvakviz-uz-druhy-rok-uspesne-pomohol-slovakom-zlepsit-si-znalosti-v-cudzich-jazykoch\\\/#breadcrumb\"},\"inLanguage\":\"en-GB\",\"potentialAction\":[{\"@type\":\"ReadAction\",\"target\":[\"https:\\\/\\\/archiv.siov.sk\\\/lingvakviz-uz-druhy-rok-uspesne-pomohol-slovakom-zlepsit-si-znalosti-v-cudzich-jazykoch\\\/\"]}]},{\"@type\":\"ImageObject\",\"inLanguage\":\"en-GB\",\"@id\":\"https:\\\/\\\/archiv.siov.sk\\\/lingvakviz-uz-druhy-rok-uspesne-pomohol-slovakom-zlepsit-si-znalosti-v-cudzich-jazykoch\\\/#primaryimage\",\"url\":\"https:\\\/\\\/archiv.siov.sk\\\/wp-content\\\/uploads\\\/2021\\\/09\\\/Lingvakviz.png\",\"contentUrl\":\"https:\\\/\\\/archiv.siov.sk\\\/wp-content\\\/uploads\\\/2021\\\/09\\\/Lingvakviz.png\",\"width\":401,\"height\":361},{\"@type\":\"BreadcrumbList\",\"@id\":\"https:\\\/\\\/archiv.siov.sk\\\/lingvakviz-uz-druhy-rok-uspesne-pomohol-slovakom-zlepsit-si-znalosti-v-cudzich-jazykoch\\\/#breadcrumb\",\"itemListElement\":[{\"@type\":\"ListItem\",\"position\":1,\"name\":\"Home\",\"item\":\"https:\\\/\\\/archiv.siov.sk\\\/\"},{\"@type\":\"ListItem\",\"position\":2,\"name\":\"LingvaKv\u00edz u\u017e druh\u00fd rok \u00faspe\u0161ne pomohol Slov\u00e1kom zlep\u0161i\u0165 si znalosti v cudz\u00edch jazykoch\"}]},{\"@type\":\"WebSite\",\"@id\":\"https:\\\/\\\/archiv.siov.sk\\\/#website\",\"url\":\"https:\\\/\\\/archiv.siov.sk\\\/\",\"name\":\"\u0160IOV - \u0161t\u00e1tny in\u0161tit\u00fat odborn\u00e9ho vzdel\u00e1vania\",\"description\":\"\",\"publisher\":{\"@id\":\"https:\\\/\\\/archiv.siov.sk\\\/#organization\"},\"potentialAction\":[{\"@type\":\"SearchAction\",\"target\":{\"@type\":\"EntryPoint\",\"urlTemplate\":\"https:\\\/\\\/archiv.siov.sk\\\/?s={search_term_string}\"},\"query-input\":{\"@type\":\"PropertyValueSpecification\",\"valueRequired\":true,\"valueName\":\"search_term_string\"}}],\"inLanguage\":\"en-GB\"},{\"@type\":\"Organization\",\"@id\":\"https:\\\/\\\/archiv.siov.sk\\\/#organization\",\"name\":\"\u0160IOV - \u0161t\u00e1tny in\u0161tit\u00fat odborn\u00e9ho vzdel\u00e1vania\",\"url\":\"https:\\\/\\\/archiv.siov.sk\\\/\",\"logo\":{\"@type\":\"ImageObject\",\"inLanguage\":\"en-GB\",\"@id\":\"https:\\\/\\\/archiv.siov.sk\\\/#\\\/schema\\\/logo\\\/image\\\/\",\"url\":\"https:\\\/\\\/archiv.siov.sk\\\/wp-content\\\/uploads\\\/2024\\\/02\\\/logo-SIOV.png\",\"contentUrl\":\"https:\\\/\\\/archiv.siov.sk\\\/wp-content\\\/uploads\\\/2024\\\/02\\\/logo-SIOV.png\",\"width\":431,\"height\":143,\"caption\":\"\u0160IOV - \u0161t\u00e1tny in\u0161tit\u00fat odborn\u00e9ho vzdel\u00e1vania\"},\"image\":{\"@id\":\"https:\\\/\\\/archiv.siov.sk\\\/#\\\/schema\\\/logo\\\/image\\\/\"},\"sameAs\":[\"https:\\\/\\\/www.facebook.com\\\/Statnyinstitutodbornehovzdelavania\"]},{\"@type\":\"Person\",\"@id\":\"https:\\\/\\\/archiv.siov.sk\\\/#\\\/schema\\\/person\\\/e42d633fbd958c6a726e8834d8965e6c\",\"name\":\"Katar\u00edna Kov\u00e1\u010dov\u00e1\",\"url\":\"https:\\\/\\\/archiv.siov.sk\\\/en\\\/author\\\/katkakovacova\\\/\"}]}<\/script>\n<!-- \/ Yoast SEO plugin. -->","yoast_head_json":{"title":"LingvaKv\u00edz u\u017e druh\u00fd rok \u00faspe\u0161ne pomohol Slov\u00e1kom zlep\u0161i\u0165 si znalosti v cudz\u00edch jazykoch - \u0160IOV - \u0161t\u00e1tny in\u0161tit\u00fat odborn\u00e9ho vzdel\u00e1vania","robots":{"index":"index","follow":"follow","max-snippet":"max-snippet:-1","max-image-preview":"max-image-preview:large","max-video-preview":"max-video-preview:-1"},"canonical":"https:\/\/archiv.siov.sk\/en\/lingvakviz-uz-druhy-rok-uspesne-pomohol-slovakom-zlepsit-si-znalosti-v-cudzich-jazykoch\/","og_locale":"en_GB","og_type":"article","og_title":"LingvaKv\u00edz u\u017e druh\u00fd rok \u00faspe\u0161ne pomohol Slov\u00e1kom zlep\u0161i\u0165 si znalosti v cudz\u00edch jazykoch - \u0160IOV - \u0161t\u00e1tny in\u0161tit\u00fat odborn\u00e9ho vzdel\u00e1vania","og_description":"Celoslovensk\u00fd vedomostn\u00fd online kv\u00edz zameran\u00fd na cudzie jazyky, LingvaKv\u00edz, bol pred p\u00e1r d\u0148ami ukon\u010den\u00fd. Konal sa pri pr\u00edle\u017eitosti Eur\u00f3pskeho d\u0148a jazykov, ktor\u00fd sa ka\u017edoro\u010dne oslavuje 26. septembra. S\u00fa\u010dasn\u00e1 celosvetov\u00e1 pand\u00e9mia podnietila minul\u00fd rok vznik tohto kv\u00edzu, ke\u010f\u017ee jeho hlavn\u00fd organiz\u00e1tor, ob\u010dianske zdru\u017eenie Eduk\u00e1cia@Internet (E@I), mal p\u00f4vodne v pl\u00e1ne zorganizova\u0165 3. ro\u010dn\u00edk najv\u00e4\u010d\u0161ieho jazykov\u00e9ho festivalu na [&hellip;]","og_url":"https:\/\/archiv.siov.sk\/en\/lingvakviz-uz-druhy-rok-uspesne-pomohol-slovakom-zlepsit-si-znalosti-v-cudzich-jazykoch\/","og_site_name":"\u0160IOV - \u0161t\u00e1tny in\u0161tit\u00fat odborn\u00e9ho vzdel\u00e1vania","article_publisher":"https:\/\/www.facebook.com\/Statnyinstitutodbornehovzdelavania","article_published_time":"2021-10-25T13:13:26+00:00","og_image":[{"width":401,"height":361,"url":"https:\/\/archiv.siov.sk\/wp-content\/uploads\/2021\/09\/Lingvakviz.png","type":"image\/png"}],"author":"Katar\u00edna Kov\u00e1\u010dov\u00e1","twitter_card":"summary_large_image","twitter_misc":{"Written by":"Katar\u00edna Kov\u00e1\u010dov\u00e1","Estimated reading time":"2 minutes"},"schema":{"@context":"https:\/\/schema.org","@graph":[{"@type":"Article","@id":"https:\/\/archiv.siov.sk\/lingvakviz-uz-druhy-rok-uspesne-pomohol-slovakom-zlepsit-si-znalosti-v-cudzich-jazykoch\/#article","isPartOf":{"@id":"https:\/\/archiv.siov.sk\/lingvakviz-uz-druhy-rok-uspesne-pomohol-slovakom-zlepsit-si-znalosti-v-cudzich-jazykoch\/"},"author":{"name":"Katar\u00edna Kov\u00e1\u010dov\u00e1","@id":"https:\/\/archiv.siov.sk\/#\/schema\/person\/e42d633fbd958c6a726e8834d8965e6c"},"headline":"LingvaKv\u00edz u\u017e druh\u00fd rok \u00faspe\u0161ne pomohol Slov\u00e1kom zlep\u0161i\u0165 si znalosti v cudz\u00edch jazykoch","datePublished":"2021-10-25T13:13:26+00:00","mainEntityOfPage":{"@id":"https:\/\/archiv.siov.sk\/lingvakviz-uz-druhy-rok-uspesne-pomohol-slovakom-zlepsit-si-znalosti-v-cudzich-jazykoch\/"},"wordCount":405,"publisher":{"@id":"https:\/\/archiv.siov.sk\/#organization"},"image":{"@id":"https:\/\/archiv.siov.sk\/lingvakviz-uz-druhy-rok-uspesne-pomohol-slovakom-zlepsit-si-znalosti-v-cudzich-jazykoch\/#primaryimage"},"thumbnailUrl":"https:\/\/archiv.siov.sk\/wp-content\/uploads\/2021\/09\/Lingvakviz.png","articleSection":["Aktuality"],"inLanguage":"en-GB"},{"@type":"WebPage","@id":"https:\/\/archiv.siov.sk\/lingvakviz-uz-druhy-rok-uspesne-pomohol-slovakom-zlepsit-si-znalosti-v-cudzich-jazykoch\/","url":"https:\/\/archiv.siov.sk\/lingvakviz-uz-druhy-rok-uspesne-pomohol-slovakom-zlepsit-si-znalosti-v-cudzich-jazykoch\/","name":"LingvaKv\u00edz u\u017e druh\u00fd rok \u00faspe\u0161ne pomohol Slov\u00e1kom zlep\u0161i\u0165 si znalosti v cudz\u00edch jazykoch - \u0160IOV - \u0161t\u00e1tny in\u0161tit\u00fat odborn\u00e9ho vzdel\u00e1vania","isPartOf":{"@id":"https:\/\/archiv.siov.sk\/#website"},"primaryImageOfPage":{"@id":"https:\/\/archiv.siov.sk\/lingvakviz-uz-druhy-rok-uspesne-pomohol-slovakom-zlepsit-si-znalosti-v-cudzich-jazykoch\/#primaryimage"},"image":{"@id":"https:\/\/archiv.siov.sk\/lingvakviz-uz-druhy-rok-uspesne-pomohol-slovakom-zlepsit-si-znalosti-v-cudzich-jazykoch\/#primaryimage"},"thumbnailUrl":"https:\/\/archiv.siov.sk\/wp-content\/uploads\/2021\/09\/Lingvakviz.png","datePublished":"2021-10-25T13:13:26+00:00","breadcrumb":{"@id":"https:\/\/archiv.siov.sk\/lingvakviz-uz-druhy-rok-uspesne-pomohol-slovakom-zlepsit-si-znalosti-v-cudzich-jazykoch\/#breadcrumb"},"inLanguage":"en-GB","potentialAction":[{"@type":"ReadAction","target":["https:\/\/archiv.siov.sk\/lingvakviz-uz-druhy-rok-uspesne-pomohol-slovakom-zlepsit-si-znalosti-v-cudzich-jazykoch\/"]}]},{"@type":"ImageObject","inLanguage":"en-GB","@id":"https:\/\/archiv.siov.sk\/lingvakviz-uz-druhy-rok-uspesne-pomohol-slovakom-zlepsit-si-znalosti-v-cudzich-jazykoch\/#primaryimage","url":"https:\/\/archiv.siov.sk\/wp-content\/uploads\/2021\/09\/Lingvakviz.png","contentUrl":"https:\/\/archiv.siov.sk\/wp-content\/uploads\/2021\/09\/Lingvakviz.png","width":401,"height":361},{"@type":"BreadcrumbList","@id":"https:\/\/archiv.siov.sk\/lingvakviz-uz-druhy-rok-uspesne-pomohol-slovakom-zlepsit-si-znalosti-v-cudzich-jazykoch\/#breadcrumb","itemListElement":[{"@type":"ListItem","position":1,"name":"Home","item":"https:\/\/archiv.siov.sk\/"},{"@type":"ListItem","position":2,"name":"LingvaKv\u00edz u\u017e druh\u00fd rok \u00faspe\u0161ne pomohol Slov\u00e1kom zlep\u0161i\u0165 si znalosti v cudz\u00edch jazykoch"}]},{"@type":"WebSite","@id":"https:\/\/archiv.siov.sk\/#website","url":"https:\/\/archiv.siov.sk\/","name":"\u0160IOV - \u0161t\u00e1tny in\u0161tit\u00fat odborn\u00e9ho vzdel\u00e1vania","description":"","publisher":{"@id":"https:\/\/archiv.siov.sk\/#organization"},"potentialAction":[{"@type":"SearchAction","target":{"@type":"EntryPoint","urlTemplate":"https:\/\/archiv.siov.sk\/?s={search_term_string}"},"query-input":{"@type":"PropertyValueSpecification","valueRequired":true,"valueName":"search_term_string"}}],"inLanguage":"en-GB"},{"@type":"Organization","@id":"https:\/\/archiv.siov.sk\/#organization","name":"\u0160IOV - \u0161t\u00e1tny in\u0161tit\u00fat odborn\u00e9ho vzdel\u00e1vania","url":"https:\/\/archiv.siov.sk\/","logo":{"@type":"ImageObject","inLanguage":"en-GB","@id":"https:\/\/archiv.siov.sk\/#\/schema\/logo\/image\/","url":"https:\/\/archiv.siov.sk\/wp-content\/uploads\/2024\/02\/logo-SIOV.png","contentUrl":"https:\/\/archiv.siov.sk\/wp-content\/uploads\/2024\/02\/logo-SIOV.png","width":431,"height":143,"caption":"\u0160IOV - \u0161t\u00e1tny in\u0161tit\u00fat odborn\u00e9ho vzdel\u00e1vania"},"image":{"@id":"https:\/\/archiv.siov.sk\/#\/schema\/logo\/image\/"},"sameAs":["https:\/\/www.facebook.com\/Statnyinstitutodbornehovzdelavania"]},{"@type":"Person","@id":"https:\/\/archiv.siov.sk\/#\/schema\/person\/e42d633fbd958c6a726e8834d8965e6c","name":"Katar\u00edna Kov\u00e1\u010dov\u00e1","url":"https:\/\/archiv.siov.sk\/en\/author\/katkakovacova\/"}]}},"_links":{"self":[{"href":"https:\/\/archiv.siov.sk\/en\/wp-json\/wp\/v2\/posts\/10021","targetHints":{"allow":["GET"]}}],"collection":[{"href":"https:\/\/archiv.siov.sk\/en\/wp-json\/wp\/v2\/posts"}],"about":[{"href":"https:\/\/archiv.siov.sk\/en\/wp-json\/wp\/v2\/types\/post"}],"author":[{"embeddable":true,"href":"https:\/\/archiv.siov.sk\/en\/wp-json\/wp\/v2\/users\/6"}],"replies":[{"embeddable":true,"href":"https:\/\/archiv.siov.sk\/en\/wp-json\/wp\/v2\/comments?post=10021"}],"version-history":[{"count":2,"href":"https:\/\/archiv.siov.sk\/en\/wp-json\/wp\/v2\/posts\/10021\/revisions"}],"predecessor-version":[{"id":10023,"href":"https:\/\/archiv.siov.sk\/en\/wp-json\/wp\/v2\/posts\/10021\/revisions\/10023"}],"wp:featuredmedia":[{"embeddable":true,"href":"https:\/\/archiv.siov.sk\/en\/wp-json\/wp\/v2\/media\/9723"}],"wp:attachment":[{"href":"https:\/\/archiv.siov.sk\/en\/wp-json\/wp\/v2\/media?parent=10021"}],"wp:term":[{"taxonomy":"category","embeddable":true,"href":"https:\/\/archiv.siov.sk\/en\/wp-json\/wp\/v2\/categories?post=10021"},{"taxonomy":"post_tag","embeddable":true,"href":"https:\/\/archiv.siov.sk\/en\/wp-json\/wp\/v2\/tags?post=10021"}],"curies":[{"name":"wp","href":"https:\/\/api.w.org\/{rel}","templated":true}]}}